{"id":190379,"date":"2018-06-08T15:07:05","date_gmt":"2018-06-08T15:07:05","guid":{"rendered":"https:\/\/www.meydan.tv\/article\/xaricdeki-cabalar-neye-goredir\/"},"modified":"2018-06-08T15:07:05","modified_gmt":"2018-06-08T15:07:05","slug":"xaricdeki-cabalar-neye-goredir","status":"publish","type":"post","link":"https:\/\/www.meydan.tv\/az\/article\/xaricdeki-cabalar-neye-goredir\/","title":{"rendered":"Xaricd\u0259ki \u00e7abalar n\u0259y\u0259 g\u00f6r\u0259dir?"},"content":{"rendered":"<figure class=\"wp-block-image size-large\">\n  <img decoding=\"async\" src=\"https:\/\/www.meydan.tv\/az\/siyasi-muhacirlerin-aksiyasi\/\" alt=\"Siyasi m\u00fchacirl\u0259rin aksiyas\u0131\" class=\"wp-image-104953\"\/><figcaption>\n    Siyasi m\u00fchacirl\u0259rin aksiyas\u0131<br \/>\n  <\/figcaption><\/figure>\n<p>\n  \u0130nsaf\u0259n, hakimiyy\u0259tin m\u0259lum n\u0259cab\u0259t v\u0259 k\u0259ram\u0259ti ucbat\u0131ndan ba\u015f\u0131n\u0131 v\u0259 ail\u0259sini g\u00f6t\u00fcr\u00fcb c\u0259lai-v\u0259t\u0259n olmu\u015f insanlar\u0131 he\u00e7 vaxt q\u0131namam\u0131\u015fam v\u0259 indi d\u0259 \u0259sla bel\u0259 bir fikrim yoxdur. Sad\u0259c\u0259 \u00f6z\u00fcm\u00fc ger\u00e7\u0259k\u00e7i d\u00fc\u015f\u00fcnc\u0259 sahibi sayd\u0131\u011f\u0131mdan xaricd\u0259 siyasi f\u0259aliyy\u0259t m\u0259s\u0259l\u0259si il\u0259 maraqlananlara, \u0259g\u0259r laz\u0131m bil\u0259rl\u0259rs\u0259, bel\u0259 bir sual \u00fcz\u0259rind\u0259 d\u00fc\u015f\u00fcnm\u0259yi m\u0259sl\u0259h\u0259t g\u00f6r\u0259rdim: xaric\u0259 m\u00fchacir\u0259t\u0259 getmi\u015f h\u0259mv\u0259t\u0259nl\u0259rimizin Az\u0259rbaycan daxilind\u0259 c\u0259r\u0259yan ed\u0259n siyasi hadis\u0259l\u0259r\u0259 t\u0259sir etm\u0259k imkanlar\u0131 varm\u0131? Varsa, bu t\u0259sirin n\u0259tic\u0259sind\u0259 hadis\u0259l\u0259r hans\u0131 s\u0259mt\u0259 d\u00f6n\u0259 bil\u0259r?\n<\/p>\n<p>\n  \u018fvv\u0259la, Az\u0259rbaycanda, bel\u0259 dem\u0259k m\u00fcmk\u00fcns\u0259, siyas\u0259t adlanan hadis\u0259 \u00f6lk\u0259 daxilind\u0259 vaqe olsa da, onun \u0259sas cizgil\u0259ri xaricd\u0259 m\u00fc\u0259yy\u0259nl\u0259\u015fir. Az\u0259rbaycan Respublikas\u0131n\u0131n iqtisadiyyat\u0131n\u0131n \u0259sas daya\u011f\u0131 olan karbohidrogen xammal\u0131n\u0131n qiym\u0259ti d\u00fcnya bazar\u0131nda m\u00fc\u0259yy\u0259nl\u0259\u015fir, onu istismar ed\u0259n \u015firk\u0259tl\u0259r xarici sahibkarlara m\u0259nsubdur v\u0259 \u00f6lk\u0259 daxilind\u0259 c\u0259r\u0259yan ed\u0259n hadis\u0259l\u0259rin d\u0259 gedi\u015fat\u0131na \u0259sas t\u0259siri h\u0259min bu xarici oyun\u00e7ular g\u00f6st\u0259rir. M\u00fcxt\u0259s\u0259r, BP bizim siyas\u0259td\u0259 daha m\u00fch\u00fcm oyun\u00e7udur, n\u0259inki qeydiyyatdan ke\u00e7mi\u015f v\u0259 ke\u00e7m\u0259mi\u015f b\u00fct\u00fcn partiyalar\u0131m\u0131z v\u0259 QHT-l\u0259rimiz. Burada sual yaran\u0131r: bizim xaricd\u0259ki h\u0259mv\u0259t\u0259nl\u0259rimizin BP-nin Az\u0259rbaycanda y\u00fcr\u00fctd\u00fcy\u00fc siyas\u0259t\u0259 t\u0259sir etm\u0259k imkan\u0131 varm\u0131? Onlar, \u00fcmumiyy\u0259tl\u0259, m\u0259s\u0259l\u0259nin bu t\u0259r\u0259fi bar\u0259d\u0259 d\u00fc\u015f\u00fcn\u00fcrl\u0259rmi?\n<\/p>\n<p>\n  N\u0259 q\u0259d\u0259r ac\u0131 da olsa, etiraf etm\u0259liyik ki, yox.\n<\/p>\n<p>\n  Saniy\u0259n, siyas\u0259t deyil\u0259n oyunda hans\u0131sa bir qayda olur. Az\u0259rbaycan hakimiyy\u0259tinin v\u0259 \u0259n\u0259n\u0259vi m\u00fcxalif\u0259tinin n\u0259cab\u0259ti v\u0259 k\u0259ram\u0259ti ucbat\u0131ndan bizim siyas\u0259td\u0259 he\u00e7 bir qayda yoxdur. Y\u0259ni siyas\u0259tl\u0259 m\u0259\u015f\u011ful olma\u011f\u0131 yenic\u0259 q\u0259rara alm\u0131\u015f \u015f\u0259xs v\u0259 ya \u015f\u0259xsl\u0259r toplusu ictimai-siyasi h\u0259yata q\u0259d\u0259m qoymaq ist\u0259dikd\u0259 (m\u0259s\u0259l\u0259n, REAL v\u0259 ya R\u0130FAH) r\u0259smi m\u0259nb\u0259l\u0259rd\u0259 oxuyurlar ki, m\u0259s\u0259l\u0259n, bizim siyas\u0259tin qaydalar\u0131 futboldan g\u00f6t\u00fcr\u00fcl\u00fcb. Y\u0259ni qap\u0131\u00e7\u0131dan ba\u015fqa ham\u0131 topu yaln\u0131z ayaq v\u0259 ba\u015fla vura bil\u0259r. B\u0259li, se\u00e7ki oyunu ba\u015flay\u0131r, bir d\u0259 g\u00f6r\u00fcrl\u0259r ki, YAP komandas\u0131 topu \u0259l il\u0259 g\u00f6t\u00fcr\u00fcb vurur qoltu\u011funa v\u0259 yollan\u0131r M\u0259rk\u0259zi Se\u00e7ki Komissiyas\u0131na, oradan 80-90 d\u0259n\u0259 da\u015fdan ke\u00e7\u0259n deputat mandat\u0131 al\u0131b gedir oturur Milli M\u0259clisd\u0259.\n<\/p>\n<p>\n  M\u00fcc\u0259rr\u0259d qanun a\u015fiqi gedir m\u0259hk\u0259m\u0259y\u0259 \u015fikay\u0259t etsin, burada ona bildirirl\u0259r ki, m\u0259hk\u0259m\u0259d\u0259 Konstitusiya deyil, tutal\u0131m, pe\u015f\u0259kar boks qaydalar\u0131 i\u015fl\u0259yir, \u00f6z\u00fc d\u0259 hakiml\u0259r hakimiyy\u0259t n\u00fcmay\u0259nd\u0259l\u0259rinin ard\u0131c\u0131l olaraq m\u00fcxalif\u0259tin pa\u00e7as\u0131na endirdiyi z\u0259rb\u0259l\u0259ri g\u00f6rm\u00fcrl\u0259r.\n<\/p>\n<p>\n  X\u00fclas\u0259, Az\u0259rbaycanda siyas\u0259t yoxdur, onun i\u00e7ibo\u015f m\u00fcq\u0259vvas\u0131 var.\n<\/p>\n<p>\n  Salis\u0259n, bu \u00fcr\u0259kbuland\u0131ran v\u0259 al\u00e7ald\u0131c\u0131 v\u0259ziyy\u0259t\u0259 etiraz ed\u0259nl\u0259ri hakimiyy\u0259t \u0259zir, \u0259zir, \u0259zilm\u0259y\u0259nd\u0259 v\u0259 s\u0131nmayanda \u015f\u0259rl\u0259yib satq\u0131n hakiml\u0259rin q\u0259rar\u0131 il\u0259 sal\u0131r qazamata. Odur ki, Az\u0259rbaycanda siyas\u0259t deyil\u0259n pe\u015f\u0259 il\u0259 m\u0259\u015f\u011ful olmaq \u00fc\u00e7\u00fcn g\u0259r\u0259k \u0259z\u0259l ba\u015fdan etiraf ed\u0259s\u0259n ki, hakimiyy\u0259tin oyunca\u011f\u0131san v\u0259 bir qar\u0131n \u00e7\u00f6r\u0259y\u0259 i\u015fl\u0259yirs\u0259n.\n<\/p>\n<p>\n  T\u0259bii ki, bir qar\u0131n \u00e7\u00f6r\u0259k burada t\u0259\u015fbihdir v\u0259 bu bir qar\u0131n \u00e7\u00f6r\u0259y\u0259 xeyli yeyil\u0259n, geyil\u0259n, da\u015f\u0131nan v\u0259 da\u015f\u0131nmaz m\u0259mulat daxildir.\n<\/p>\n<p>\n  Rabi\u0259n, bizim siyas\u0259td\u0259 v\u0259ziyy\u0259tin n\u0259z\u0259ri qavran\u0131lmas\u0131na b\u00f6y\u00fck ehtiyac var. Yad\u0131n\u0131za m\u00fchacir Marks\u0131n \u0130ngilt\u0259r\u0259d\u0259, m\u00fchacir Leninin \u0130sve\u00e7r\u0259d\u0259, m\u00fchacir R\u0259sulzad\u0259nin T\u00fcrkiy\u0259d\u0259 yazd\u0131qlar\u0131 elmi-publisistik \u0259s\u0259rl\u0259ri sal\u0131n. M\u0259hz n\u0259z\u0259ri yoxsullu\u011fun n\u0259tic\u0259sidir ki, m\u00fcxalif\u0259t \u00f6z\u00fcn\u00fc SSR\u0130-nin s\u00fcqutundan 30 il\u0259 yax\u0131n bir m\u00fcdd\u0259t ke\u00e7m\u0259sin\u0259 baxmayaraq, he\u00e7 yerd\u0259 m\u00f6vcud olmayan hans\u0131sa m\u00fcc\u0259rr\u0259d \u201cazad bazar iqtisadiyyat\u201d\u0131n\u0131n qurulmas\u0131 u\u011frunda \u00fclvi m\u00fcbariz\u0259 aparan siyasi q\u00fcvv\u0259 kimi t\u0259qdim edir. Bunun h\u0259yat\u0131m\u0131za t\u0259tbiqi is\u0259 b\u0259sit \u015f\u0259kild\u0259 bel\u0259 t\u0259rc\u00fcm\u0259 edilir v\u0259 tez-tez s\u0259sl\u0259ndirilir (bax, \u018fli K\u0259rimlinin \u201cM\u0259hsul\u201d stadionunda \u00e7\u0131x\u0131\u015flar\u0131na): \u201c\u00e7\u0259kilin, b\u0259sdir yediniz, indi d\u0259 hakimiyy\u0259ti verin biz\u0259, s\u00f6z veririk ki, biz yem\u0259y\u0259c\u0259yik\u201d. Burada da arif adamlar p\u0259sd\u0259n deyirl\u0259r ki, \u201cinanan da\u015fa d\u00f6ns\u00fcn\u201d. M\u00fcxt\u0259s\u0259r, daxild\u0259ki m\u00fcxalif\u0259t xadiml\u0259ri \u00f6lk\u0259d\u0259ki ger\u00e7\u0259k durumu n\u0259z\u0259ri c\u0259h\u0259td\u0259n t\u0259hlil edib topluma d\u00fczg\u00fcn yol g\u00f6st\u0259rm\u0259k iqtidar\u0131nda olmad\u0131qlar\u0131n\u0131 s\u00fcbut edibl\u0259r. G\u00f6r\u0259s\u0259n, bu v\u0259zif\u0259ni xaric\u0259 getmi\u015f az\u0259rbaycanl\u0131lar yerin\u0259 yetir\u0259 bil\u0259c\u0259kl\u0259rmi? B\u0259lk\u0259 onlar xarici akademik m\u00fchit\u0259 d\u00fc\u015f\u00fcb Q\u0259rbin t\u0259nqidi fikrinin t\u0259siri alt\u0131nda postsovet m\u0259kan\u0131n ger\u00e7\u0259kliyini f\u0259rqli bucaqdan qiym\u0259tl\u0259ndir\u0259 bil\u0259c\u0259kl\u0259r?\n<\/p>\n<p>\n  H\u0259l\u0259lik bel\u0259 bir c\u0259hd\u0259 rast g\u0259lm\u0259mi\u015fik. Xaricd\u0259ki m\u00fcxalif\u0259tin s\u0259sl\u0259ndirdiyi fikirl\u0259r olsa-olsa bizim \u00f6z daxilimizd\u0259 vaxtil\u0259 deyilmi\u015f fikirl\u0259rin t\u0259krar\u0131d\u0131r, sad\u0259c\u0259 m\u00fcxalif\u0259t marallar\u0131n\u0131n Heyd\u0259r \u018fliyevin m\u00fcdrik r\u0259hb\u0259rliyi alt\u0131nda ali d\u00f6vl\u0259t v\u0259zif\u0259l\u0259rin\u0259 do\u011fru m\u00fcz\u0259ff\u0259r y\u00fcr\u00fc\u015f\u00fc zaman\u0131 bu fikirl\u0259r \u0259yal\u0259t c\u0259ngav\u0259rl\u0259rin\u0259 c\u0259f\u0259ng g\u00f6r\u00fcn\u00fcrd\u00fcs\u0259, indi onlar\u0131n d\u00fczg\u00fcnl\u00fcy\u00fcn\u00fc tarix \u00f6z\u00fc t\u0259sdiql\u0259yir.\n<\/p>\n<p>\n  Xamis\u0259n, bizim xaricd\u0259ki h\u0259mv\u0259t\u0259nl\u0259rimizin f\u0259aliyy\u0259tin\u0259 n\u0259z\u0259r sald\u0131qda m\u0259lum olur ki, onlar\u0131n m\u00fctl\u0259q \u0259ks\u0259riyy\u0259ti yeni v\u0259t\u0259nl\u0259rinin qayda-qanununa uy\u011funla\u015fma\u011fa, bu yeni v\u0259t\u0259nd\u0259 \u00f6zl\u0259rin\u0259 rahat yuva qurma\u011fa \u00e7al\u0131\u015f\u0131rlar v\u0259 bu, \u0259slind\u0259, t\u0259qdir\u0259layiqdir. Bu az\u0259rbaycanl\u0131lar v\u0259t\u0259nl\u0259rini yada sald\u0131qda x\u0259yallar\u0131nda Novruz bayram\u0131, paxlava-\u015f\u0259k\u0259rbura v\u0259 b\u0259zil\u0259rind\u0259 \u201ctorbaatma\u201d oyunu canlan\u0131r. Ulu \u00f6nd\u0259rin v\u0259 ya m\u00fcxalif\u0259t xadiml\u0259rinin adlar\u0131 \u00e7\u0259kildikd\u0259 is\u0259 onlar \u00e7im\u00e7\u0259\u015fib \u201c\u0259l-h\u0259z\u0259r m\u0259nd\u0259n, h\u0259z\u0259r, eyl\u0259m\u0259yin d\u0259ng\u0259s\u0259r\u201d, deyirl\u0259r. \u00c7ox az hiss\u0259 ke\u00e7mi\u015f v\u0259t\u0259nl\u0259 \u0259laq\u0259ni bu v\u0259 ya dig\u0259r s\u0259b\u0259bd\u0259n k\u0259smir v\u0259 buradak\u0131 hadis\u0259l\u0259rl\u0259 maraqlan\u0131r. Bu zaman b\u0259lli olur ki, bu siyasi f\u0259al hiss\u0259 bizim \u0259n\u0259n\u0259vi m\u00fcxalif\u0259tin \u00fczvi bir par\u00e7as\u0131d\u0131r v\u0259 onun b\u00fct\u00fcn eybl\u0259ri, oldu\u011fu kimi, bu zatlar vasit\u0259sil\u0259 Avropan\u0131n m\u00fcxt\u0259lif \u00f6lk\u0259l\u0259rin\u0259 da\u015f\u0131n\u0131b. Orada da c\u0259bh\u0259\u00e7i m\u00fchacir musavat\u00e7\u0131 m\u00fchacirin \u0259tini didir, yaxud t\u0259rsin\u0259, orada da m\u00fcxalif\u0259tdaxili qaydas\u0131z d\u00f6y\u00fc\u015fl\u0259r gedir. B\u0259z\u0259n bizim bu siyas\u0259t\u00e7i m\u00fchacirl\u0259r bu \u0259caib m\u0259xluqat\u0131n onlardan n\u0259 ist\u0259diyini anlamayan Avropa qurumlar\u0131n\u0131 cahan\u015f\u00fcmul \u00e7\u0259ki\u015fm\u0259l\u0259r\u0259 c\u0259lb etm\u0259k ist\u0259yirl\u0259r.\n<\/p>\n<p>\n  Sadis\u0259n, Avropada insanlar\u0131n topla\u015fmaq azadl\u0131\u011f\u0131na h\u00f6rm\u0259t edildiyind\u0259n bizim m\u00fcxalif\u0259t\u00e7i m\u00fchacirl\u0259r sanki c\u0259nn\u0259t\u0259 d\u00fc\u015f\u00fcbl\u0259r v\u0259 el\u0259-hey piket v\u0259 azsayl\u0131 mitinql\u0259r ke\u00e7irirl\u0259r. Ke\u00e7irirl\u0259r v\u0259 \u015f\u0259kill\u0259ri \u0130nternetd\u0259 yerl\u0259\u015fdirib \u00f6y\u00fcn\u00fcrl\u0259r ki, AXC-nin t\u0259dbirind\u0259 Musavat\u0131n t\u0259dbirin\u0259 nisb\u0259t\u0259n \u00e7ox m\u00fchacir i\u015ftirak edib. Lap el\u0259 bizd\u0259ki kimi, M\u0259h\u0259mm\u0259d\u0259minin Novxan\u0131dak\u0131 heyk\u0259lin\u0259 \u0259klil qoymaq \u00fc\u00e7\u00fcn m\u00fcxt\u0259lif vaxtlarda iki f\u0259rqli d\u0259st\u0259 getdiyi kimi. Bu piket v\u0259 mitinql\u0259r avropal\u0131lar\u0131 \u0259sla maraqland\u0131rm\u0131r, lakin bizim hakimiyy\u0259t bundan m\u00f6hk\u0259m \u0259s\u0259bil\u0259\u015fir, \u00e7\u00fcnki onlar\u0131n r\u0259yin\u0259 g\u00f6r\u0259, az\u0259rbaycanl\u0131 n\u0259inki v\u0259t\u0259nind\u0259, h\u0259tta q\u00fcrb\u0259td\u0259 bel\u0259 azad topla\u015fmaq h\u00fcququndan istifad\u0259 etm\u0259m\u0259lidir.\n<\/p>\n<p>\n  Sabi\u0259n, bizim i\u015fl\u0259r Avropada ciddi maraq do\u011furmad\u0131\u011f\u0131na g\u00f6r\u0259 m\u00fcxalif\u0259t \u00f6z f\u0259aliyy\u0259tini k\u00f6\u00e7\u00fcr\u00fcr virtual al\u0259m\u0259. Bizim m\u00fchacirl\u0259r h\u0259m Az\u0259rbaycan bar\u0259d\u0259, h\u0259m d\u0259 Avropadak\u0131 hadis\u0259l\u0259r bar\u0259d\u0259 qiym\u0259tli fikirl\u0259rini d\u00fcnyaya elan edirl\u0259r.\n<\/p>\n<p>\n  Onlar bunu d\u0259rk etm\u0259s\u0259l\u0259r d\u0259, v\u0259ziyy\u0259td\u0259n hali adamlar g\u00f6r\u00fcrl\u0259r ki, bizim m\u00fchacirl\u0259rin \u0259ks\u0259riyy\u0259tinin siyasi bax\u0131\u015flar\u0131, ay\u0131b olmas\u0131n, cox m\u00fcrt\u0259cedir v\u0259 onlar siyasi c\u0259h\u0259td\u0259n Q\u0259rbin az b\u0259y\u0259nil\u0259n mill\u0259t\u00e7il\u0259rin\u0259 v\u0259 m\u00fchafiz\u0259karlar\u0131na yax\u0131nd\u0131r. G\u00f6r\u00fcrl\u0259r v\u0259 utan\u0131b s\u0259sl\u0259rini \u00e7\u0131xarm\u0131rlar ki, bunu bilm\u0259y\u0259n fir\u0259ngl\u0259r d\u0259 ay\u0131l\u0131b g\u00f6rm\u0259sinl\u0259r, sin\u0259l\u0259rind\u0259 hans\u0131 m\u0259l\u0259kl\u0259ri b\u0259sl\u0259yirl\u0259r.\n<\/p>\n<p>\n  Samin\u0259n, m\u00fchacir m\u00fcxalif\u0259t\u00e7il\u0259r, uzaqda olsalar da, ruh\u0259n mill\u0259timizd\u0259n ayr\u0131lmad\u0131qlar\u0131 kimi, bizim hakimiyy\u0259t d\u0259, yuxar\u0131larda \u0259yl\u0259\u015fdiyin\u0259 baxmayaraq, milli d\u0259y\u0259rl\u0259rd\u0259n he\u00e7 c\u00fcr ayr\u0131la bilmir. Buna g\u00f6r\u0259 d\u0259 h\u0259r iki milli d\u0259st\u0259, biri xaricd\u0259, ikincisi i\u00e7\u0259rid\u0259, olmaz\u0131n v\u0259 a\u011flas\u0131\u011fmaz biab\u0131r\u00e7\u0131l\u0131qlar t\u00f6r\u0259dib mill\u0259tin v\u0259 d\u00f6vl\u0259tin boyunu yer\u0259 soxurlar.\n<\/p>\n<p>\n  Soxurlar v\u0259 \u00f6z xo\u015fb\u0259xtlikl\u0259rind\u0259n, bunu he\u00e7 anlam\u0131rlar da. M\u0259s\u0259l\u0259n, bir \u201cm\u00fcxalif\u0259t\u00e7i\u201d \u0130nternetd\u0259ki c\u0259zas\u0131zl\u0131qdan sui-istifad\u0259 edib hakimiyy\u0259t n\u00fcmay\u0259nd\u0259l\u0259rin\u0259 k\u00fc\u00e7\u0259 s\u00f6y\u00fc\u015fl\u0259ri ya\u011fd\u0131r\u0131rsa, hakimiyy\u0259t d\u0259 gedib onun Az\u0259rbaycandak\u0131 qohum-\u0259qr\u0259bas\u0131n\u0131 tutub ba\u015flay\u0131r \u015f\u0259rl\u0259m\u0259y\u0259 v\u0259 incitm\u0259y\u0259. Y\u0259ni h\u0259r iki t\u0259r\u0259f s\u00fcbut edir ki, bir-birin\u0259 tayd\u0131r v\u0259 siyasi m\u00fcbariz\u0259d\u0259 a\u011fayanal\u0131q, com\u0259rdlik v\u0259 alic\u0259nabl\u0131qdan s\u00f6hb\u0259t bel\u0259 ged\u0259 bilm\u0259z.\n<\/p>\n<p>\n  H\u0259qiq\u0259t\u0259n, ortada milyardlar, arxada \u015fanl\u0131 tarixi \u0259n\u0259n\u0259l\u0259r oldu\u011fu halda, hans\u0131 m\u0259n\u0259vi d\u0259y\u0259rl\u0259rd\u0259n s\u00f6hb\u0259t ged\u0259 bil\u0259r?\n<\/p>\n<p>\n  Tasi\u0259n, mill\u0259tin m\u00fctl\u0259q \u0259ks\u0259riyy\u0259ti informasiya qaynaqlar\u0131 il\u0259 maraqlanm\u0131rsa, virtual al\u0259md\u0259ki vur-\u00e7atlas\u0131n\u0131n \u00f6lk\u0259daxili siyasi duruma t\u0259siri g\u00fccl\u0259 sezil\u0259c\u0259k. Siz\u0259 bu v\u0259ziyy\u0259ti s\u0259ciyy\u0259l\u0259ndir\u0259n bir r\u0259vay\u0259t n\u0259ql edim ki, d\u0259xi geni\u015f \u015f\u0259rh\u0259 ehtiyac qalmas\u0131n.\n<\/p>\n<p>\n  \u201c1930-cu ild\u0259 K\u0259lb\u0259c\u0259r rayon t\u0259hsil \u015f\u00f6b\u0259sin\u0259 dost m\u0259nb\u0259d\u0259n m\u0259lumat daxil olur ki, Bak\u0131 r\u0259hb\u0259rliyi \u0259n ucqar k\u0259nd yerl\u0259rind\u0259 t\u0259hsilin v\u0259ziyy\u0259tini \u00f6yr\u0259nm\u0259k \u00fc\u00e7\u00fcn K\u0259lb\u0259c\u0259rin \u0259n ucqar k\u0259nd m\u0259kt\u0259bin\u0259 q\u0259fil yoxlama g\u00f6nd\u0259rir. Rayon t\u0259hsil \u015f\u00f6b\u0259sinin m\u00fcdiri yax\u0131n adam\u0131na at verib tap\u015f\u0131r\u0131r ki, \u00e7aparaq \u00f6z\u00fcn\u00fc yetir o k\u0259nd\u0259, m\u00fc\u0259llim\u0259 de ki, yoxlamaya haz\u0131rla\u015fs\u0131n. Qo\u00e7aq tap\u015f\u0131r\u0131\u011f\u0131 yerin\u0259 yetirir.\n<\/p>\n<p>\n  Yoxlama atlar\u0131n belind\u0259 g\u0259lib \u00e7at\u0131r k\u0259nd\u0259, girir sinf\u0259. K\u0259nd m\u00fc\u0259llimi sand\u0131qdan son d\u0259f\u0259 on il \u0259vv\u0259l taxd\u0131\u011f\u0131 qalstuku \u00e7\u0131xar\u0131b ba\u011flay\u0131b boynuna v\u0259 \u015fagirdl\u0259rin\u0259 laz\u0131mi haz\u0131rl\u0131\u011f\u0131 ke\u00e7diyind\u0259n \u00f6z\u00fcnd\u0259n raz\u0131 halda \u0259ll\u0259rini qald\u0131r\u0131b dirijorlu\u011fa ba\u015flay\u0131r. U\u015faqlar xorla oxuyur:\n<\/p>\n<p>\n  Ya\u015fa, min ya\u015fa, Mustafa Kamal pa\u015fa&#8230;\n<\/p>\n<p>\n  V\u0259 sair\u0259 v\u0259 ilax\u0131ra. Mill\u0259timizin z\u0259man\u0259d\u0259n n\u0259 q\u0259d\u0259r gerid\u0259 qald\u0131\u011f\u0131n\u0131 bilm\u0259k ist\u0259yirsinizs\u0259, orta m\u0259kt\u0259b d\u0259rslikl\u0259rimizi, yaxud h\u00f6kum\u0259t v\u0259 \u0259n\u0259n\u0259vi m\u00fcxalif\u0259t q\u0259zetl\u0259rini a\u00e7\u0131b oxuyun. Onda m\u00fcbahis\u0259 ed\u0259 bil\u0259rsiniz. Kims\u0259 dey\u0259r ki, biz XX \u0259srin birinci yar\u0131s\u0131nday\u0131q, kims\u0259 dey\u0259r ki, xeyr, el\u0259 deyil, biz Cahiliyy\u0259 d\u00f6vr\u00fcn\u00fc ya\u015fay\u0131r\u0131q.\n<\/p>\n<p>\n  A\u015fir\u0259n, bu q\u00f6vm\u00fcn aras\u0131na h\u0259rd\u0259n bir Amerika v\u0259 Avropa dar-\u00fcl-f\u00fcnunlar\u0131n\u0131 bitirmi\u015f novcavanlar \u00e7a\u015f\u0131b g\u0259lib d\u00fc\u015f\u00fcr.\n<\/p>\n<p>\n  F\u0259q\u0259t h\u00f6kum\u0259timiz say\u0131ql\u0131\u011f\u0131n\u0131 \u0259ld\u0259n vermir, h\u0259min andaca bir \u015f\u0259r yap\u0131\u015fd\u0131r\u0131b \u00f6t\u00fcr\u00fcr onu i\u00e7\u0259ri. Bununla da mill\u0259tin v\u0259 \u00f6lk\u0259nin b\u00fct\u00fcn m\u00fc\u015fk\u00fcll\u0259ri \u00f6z h\u0259llini tap\u0131r.\n<\/p>\n<p>\n  Qald\u0131 bizim \u0259ziz v\u0259t\u0259nd\u0259n v\u0259 Qurtulu\u015f bayram\u0131n\u0131 qeyd etm\u0259kd\u0259n qurtulmu\u015f h\u0259mv\u0259t\u0259nl\u0259rimizin taleyin\u0259, onlar indi \u0259sla qibt\u0259edil\u0259si durumda deyill\u0259r. Lap el\u0259 Az\u0259rbaycan \u0259halisinin \u0259ks\u0259riyy\u0259ti kimi. Onlar\u0131n da, lap el\u0259 bizim kimi, \u00f6lk\u0259 daxilind\u0259 ba\u015f ver\u0259n hadis\u0259l\u0259r\u0259 t\u0259sir etm\u0259k \u00fc\u00e7\u00fcn z\u0259rr\u0259 q\u0259d\u0259r imkanlar\u0131 yoxdur v\u0259 m\u0259n onlar\u0131n f\u0259aliyy\u0259tind\u0259n guya t\u0259\u015fvi\u015f\u0259 d\u00fc\u015f\u00fcb repressiyalara \u0259l atan hakimiyy\u0259timizi he\u00e7 c\u00fcr anlaya bilmir\u0259m. M\u00fchacirl\u0259rimizin indiki c\u0259hdl\u0259ri v\u0259 f\u0259aliyy\u0259tl\u0259ri s\u0259m\u0259r\u0259siz olacaq, n\u0259 bizim, n\u0259 d\u0259 onlar\u0131n rifah\u0131n\u0131 \u0259sla yax\u015f\u0131la\u015fd\u0131rmayacaq.\n<\/p>\n<p>\n  Lakin onlar\u0131n balalar\u0131 v\u0259 n\u0259v\u0259l\u0259ri h\u0259qiq\u0259t\u0259n qanunun i\u015fl\u0259diyi m\u0259kanda azad, bizd\u0259n v\u0259 bizim indiki bayramlardan tam bix\u0259b\u0259r v\u0259 asud\u0259 ya\u015fayacaqlar.\n<\/p>\n<p>\n  <i><br \/>\n    Yaz\u0131 m\u00fc\u0259llifin fikirl\u0259rini \u0259ks etdirir v\u0259 Meydan TV-nin m\u00f6vqeyi il\u0259 \u00fcst-\u00fcst\u0259 d\u00fc\u015fm\u0259y\u0259 bil\u0259r.<br \/>\n  <\/i><\/p>\n","protected":false},"excerpt":{"rendered":"<p>\u0130nsaf\u0259n, hakimiyy\u0259tin m\u0259lum n\u0259cab\u0259t v\u0259 k\u0259ram\u0259ti ucbat\u0131ndan ba\u015f\u0131n\u0131 v\u0259 ail\u0259sini g\u00f6t\u00fcr\u00fcb c\u0259lai-v\u0259t\u0259n olmu\u015f insanlar\u0131 he\u00e7 vaxt q\u0131namam\u0131\u015fam v\u0259 indi d\u0259 \u0259sla bel\u0259 bir fikrim yoxdur<\/p>\n","protected":false},"author":11,"featured_media":104953,"comment_status":"closed","ping_status":"open","sticky":false,"template":"","format":"standard","meta":{"_acf_changed":false,"_sitemap_exclude":false,"_sitemap_priority":"","_sitemap_frequency":"","footnotes":""},"categories":[57],"tags":[],"class_list":["post-190379","post","type-post","status-publish","format-standard","has-post-thumbnail","hentry","category-menim-fikrimce","infinite-scroll-item","generate-columns","tablet-grid-50","mobile-grid-100","grid-parent","grid-33","no-featured-image-padding"],"acf":[],"yoast_head":"<!-- This site is optimized with the Yoast SEO plugin v27.4 - https:\/\/yoast.com\/product\/yoast-seo-wordpress\/ -->\n<title>Xaricd\u0259ki \u00e7abalar n\u0259y\u0259 g\u00f6r\u0259dir? - MEYDAN.TV<\/title>\n<meta name=\"robots\" content=\"index, follow, max-snippet:-1, max-image-preview:large, max-video-preview:-1\" \/>\n<link rel=\"canonical\" href=\"https:\/\/www.meydan.tv\/az\/article\/xaricdeki-cabalar-neye-goredir\/\" \/>\n<meta property=\"og:locale\" content=\"az_AZ\" \/>\n<meta property=\"og:type\" content=\"article\" \/>\n<meta property=\"og:title\" content=\"Xaricd\u0259ki \u00e7abalar n\u0259y\u0259 g\u00f6r\u0259dir? - MEYDAN.TV\" \/>\n<meta property=\"og:description\" content=\"\u0130nsaf\u0259n, hakimiyy\u0259tin m\u0259lum n\u0259cab\u0259t v\u0259 k\u0259ram\u0259ti ucbat\u0131ndan ba\u015f\u0131n\u0131 v\u0259 ail\u0259sini g\u00f6t\u00fcr\u00fcb c\u0259lai-v\u0259t\u0259n olmu\u015f insanlar\u0131 he\u00e7 vaxt q\u0131namam\u0131\u015fam v\u0259 indi d\u0259 \u0259sla bel\u0259 bir fikrim yoxdur\" \/>\n<meta property=\"og:url\" content=\"https:\/\/www.meydan.tv\/az\/article\/xaricdeki-cabalar-neye-goredir\/\" \/>\n<meta property=\"og:site_name\" content=\"MEYDAN.TV\" \/>\n<meta property=\"article:published_time\" content=\"2018-06-08T15:07:05+00:00\" \/>\n<meta property=\"og:image\" content=\"https:\/\/www.meydan.tv\/wp-content\/uploads\/41627.jpg\" \/>\n\t<meta property=\"og:image:width\" content=\"1140\" \/>\n\t<meta property=\"og:image:height\" content=\"500\" \/>\n\t<meta property=\"og:image:type\" content=\"image\/jpeg\" \/>\n<meta name=\"author\" content=\"user-manager\" \/>\n<meta name=\"twitter:card\" content=\"summary_large_image\" \/>\n<script type=\"application\/ld+json\" class=\"yoast-schema-graph\">{\"@context\":\"https:\\\/\\\/schema.org\",\"@graph\":[{\"@type\":\"Article\",\"@id\":\"https:\\\/\\\/www.meydan.tv\\\/az\\\/article\\\/xaricdeki-cabalar-neye-goredir\\\/#article\",\"isPartOf\":{\"@id\":\"https:\\\/\\\/www.meydan.tv\\\/az\\\/article\\\/xaricdeki-cabalar-neye-goredir\\\/\"},\"author\":{\"name\":\"user-manager\",\"@id\":\"https:\\\/\\\/www.meydan.tv\\\/az\\\/#\\\/schema\\\/person\\\/10d11eccf6da3662cf5fdab9806ea91a\"},\"headline\":\"Xaricd\u0259ki \u00e7abalar n\u0259y\u0259 g\u00f6r\u0259dir?\",\"datePublished\":\"2018-06-08T15:07:05+00:00\",\"mainEntityOfPage\":{\"@id\":\"https:\\\/\\\/www.meydan.tv\\\/az\\\/article\\\/xaricdeki-cabalar-neye-goredir\\\/\"},\"wordCount\":2394,\"publisher\":{\"@id\":\"https:\\\/\\\/www.meydan.tv\\\/az\\\/#organization\"},\"image\":{\"@id\":\"https:\\\/\\\/www.meydan.tv\\\/az\\\/article\\\/xaricdeki-cabalar-neye-goredir\\\/#primaryimage\"},\"thumbnailUrl\":\"https:\\\/\\\/www.meydan.tv\\\/wp-content\\\/uploads\\\/41627.jpg\",\"articleSection\":[\"M\u0259nim Fikrimc\u0259\"],\"inLanguage\":\"az\"},{\"@type\":\"WebPage\",\"@id\":\"https:\\\/\\\/www.meydan.tv\\\/az\\\/article\\\/xaricdeki-cabalar-neye-goredir\\\/\",\"url\":\"https:\\\/\\\/www.meydan.tv\\\/az\\\/article\\\/xaricdeki-cabalar-neye-goredir\\\/\",\"name\":\"Xaricd\u0259ki \u00e7abalar n\u0259y\u0259 g\u00f6r\u0259dir? - MEYDAN.TV\",\"isPartOf\":{\"@id\":\"https:\\\/\\\/www.meydan.tv\\\/az\\\/#website\"},\"primaryImageOfPage\":{\"@id\":\"https:\\\/\\\/www.meydan.tv\\\/az\\\/article\\\/xaricdeki-cabalar-neye-goredir\\\/#primaryimage\"},\"image\":{\"@id\":\"https:\\\/\\\/www.meydan.tv\\\/az\\\/article\\\/xaricdeki-cabalar-neye-goredir\\\/#primaryimage\"},\"thumbnailUrl\":\"https:\\\/\\\/www.meydan.tv\\\/wp-content\\\/uploads\\\/41627.jpg\",\"datePublished\":\"2018-06-08T15:07:05+00:00\",\"breadcrumb\":{\"@id\":\"https:\\\/\\\/www.meydan.tv\\\/az\\\/article\\\/xaricdeki-cabalar-neye-goredir\\\/#breadcrumb\"},\"inLanguage\":\"az\",\"potentialAction\":[{\"@type\":\"ReadAction\",\"target\":[\"https:\\\/\\\/www.meydan.tv\\\/az\\\/article\\\/xaricdeki-cabalar-neye-goredir\\\/\"]}]},{\"@type\":\"ImageObject\",\"inLanguage\":\"az\",\"@id\":\"https:\\\/\\\/www.meydan.tv\\\/az\\\/article\\\/xaricdeki-cabalar-neye-goredir\\\/#primaryimage\",\"url\":\"https:\\\/\\\/www.meydan.tv\\\/wp-content\\\/uploads\\\/41627.jpg\",\"contentUrl\":\"https:\\\/\\\/www.meydan.tv\\\/wp-content\\\/uploads\\\/41627.jpg\",\"width\":1140,\"height\":500,\"caption\":\"Source:\"},{\"@type\":\"BreadcrumbList\",\"@id\":\"https:\\\/\\\/www.meydan.tv\\\/az\\\/article\\\/xaricdeki-cabalar-neye-goredir\\\/#breadcrumb\",\"itemListElement\":[{\"@type\":\"ListItem\",\"position\":1,\"name\":\"Ana s\u0259hif\u0259\",\"item\":\"https:\\\/\\\/www.meydan.tv\\\/az\\\/\"},{\"@type\":\"ListItem\",\"position\":2,\"name\":\"M\u0259nim Fikrimc\u0259\",\"item\":\"https:\\\/\\\/www.meydan.tv\\\/az\\\/section\\\/menim-fikrimce\\\/\"},{\"@type\":\"ListItem\",\"position\":3,\"name\":\"Xaricd\u0259ki \u00e7abalar n\u0259y\u0259 g\u00f6r\u0259dir?\"}]},{\"@type\":\"WebSite\",\"@id\":\"https:\\\/\\\/www.meydan.tv\\\/az\\\/#website\",\"url\":\"https:\\\/\\\/www.meydan.tv\\\/az\\\/\",\"name\":\"MEYDAN.TV\",\"description\":\"Meydan TV Az\u0259rbaycan\u0131n media m\u0259kan\u0131ndak\u0131 alternativ s\u0259sidir\",\"publisher\":{\"@id\":\"https:\\\/\\\/www.meydan.tv\\\/az\\\/#organization\"},\"potentialAction\":[{\"@type\":\"SearchAction\",\"target\":{\"@type\":\"EntryPoint\",\"urlTemplate\":\"https:\\\/\\\/www.meydan.tv\\\/az\\\/?s={search_term_string}\"},\"query-input\":{\"@type\":\"PropertyValueSpecification\",\"valueRequired\":true,\"valueName\":\"search_term_string\"}}],\"inLanguage\":\"az\"},{\"@type\":\"Organization\",\"@id\":\"https:\\\/\\\/www.meydan.tv\\\/az\\\/#organization\",\"name\":\"Meydan TV\",\"url\":\"https:\\\/\\\/www.meydan.tv\\\/az\\\/\",\"logo\":{\"@type\":\"ImageObject\",\"inLanguage\":\"az\",\"@id\":\"https:\\\/\\\/www.meydan.tv\\\/az\\\/#\\\/schema\\\/logo\\\/image\\\/\",\"url\":\"https:\\\/\\\/www.meydan.tv\\\/wp-content\\\/uploads\\\/2021\\\/07\\\/meydan-logo.svg\",\"contentUrl\":\"https:\\\/\\\/www.meydan.tv\\\/wp-content\\\/uploads\\\/2021\\\/07\\\/meydan-logo.svg\",\"width\":195,\"height\":46,\"caption\":\"Meydan TV\"},\"image\":{\"@id\":\"https:\\\/\\\/www.meydan.tv\\\/az\\\/#\\\/schema\\\/logo\\\/image\\\/\"}},{\"@type\":\"Person\",\"@id\":\"https:\\\/\\\/www.meydan.tv\\\/az\\\/#\\\/schema\\\/person\\\/10d11eccf6da3662cf5fdab9806ea91a\",\"name\":\"user-manager\"}]}<\/script>\n<!-- \/ Yoast SEO plugin. -->","yoast_head_json":{"title":"Xaricd\u0259ki \u00e7abalar n\u0259y\u0259 g\u00f6r\u0259dir? - MEYDAN.TV","robots":{"index":"index","follow":"follow","max-snippet":"max-snippet:-1","max-image-preview":"max-image-preview:large","max-video-preview":"max-video-preview:-1"},"canonical":"https:\/\/www.meydan.tv\/az\/article\/xaricdeki-cabalar-neye-goredir\/","og_locale":"az_AZ","og_type":"article","og_title":"Xaricd\u0259ki \u00e7abalar n\u0259y\u0259 g\u00f6r\u0259dir? - MEYDAN.TV","og_description":"\u0130nsaf\u0259n, hakimiyy\u0259tin m\u0259lum n\u0259cab\u0259t v\u0259 k\u0259ram\u0259ti ucbat\u0131ndan ba\u015f\u0131n\u0131 v\u0259 ail\u0259sini g\u00f6t\u00fcr\u00fcb c\u0259lai-v\u0259t\u0259n olmu\u015f insanlar\u0131 he\u00e7 vaxt q\u0131namam\u0131\u015fam v\u0259 indi d\u0259 \u0259sla bel\u0259 bir fikrim yoxdur","og_url":"https:\/\/www.meydan.tv\/az\/article\/xaricdeki-cabalar-neye-goredir\/","og_site_name":"MEYDAN.TV","article_published_time":"2018-06-08T15:07:05+00:00","og_image":[{"width":1140,"height":500,"url":"https:\/\/www.meydan.tv\/wp-content\/uploads\/41627.jpg","type":"image\/jpeg"}],"author":"user-manager","twitter_card":"summary_large_image","schema":{"@context":"https:\/\/schema.org","@graph":[{"@type":"Article","@id":"https:\/\/www.meydan.tv\/az\/article\/xaricdeki-cabalar-neye-goredir\/#article","isPartOf":{"@id":"https:\/\/www.meydan.tv\/az\/article\/xaricdeki-cabalar-neye-goredir\/"},"author":{"name":"user-manager","@id":"https:\/\/www.meydan.tv\/az\/#\/schema\/person\/10d11eccf6da3662cf5fdab9806ea91a"},"headline":"Xaricd\u0259ki \u00e7abalar n\u0259y\u0259 g\u00f6r\u0259dir?","datePublished":"2018-06-08T15:07:05+00:00","mainEntityOfPage":{"@id":"https:\/\/www.meydan.tv\/az\/article\/xaricdeki-cabalar-neye-goredir\/"},"wordCount":2394,"publisher":{"@id":"https:\/\/www.meydan.tv\/az\/#organization"},"image":{"@id":"https:\/\/www.meydan.tv\/az\/article\/xaricdeki-cabalar-neye-goredir\/#primaryimage"},"thumbnailUrl":"https:\/\/www.meydan.tv\/wp-content\/uploads\/41627.jpg","articleSection":["M\u0259nim Fikrimc\u0259"],"inLanguage":"az"},{"@type":"WebPage","@id":"https:\/\/www.meydan.tv\/az\/article\/xaricdeki-cabalar-neye-goredir\/","url":"https:\/\/www.meydan.tv\/az\/article\/xaricdeki-cabalar-neye-goredir\/","name":"Xaricd\u0259ki \u00e7abalar n\u0259y\u0259 g\u00f6r\u0259dir? - MEYDAN.TV","isPartOf":{"@id":"https:\/\/www.meydan.tv\/az\/#website"},"primaryImageOfPage":{"@id":"https:\/\/www.meydan.tv\/az\/article\/xaricdeki-cabalar-neye-goredir\/#primaryimage"},"image":{"@id":"https:\/\/www.meydan.tv\/az\/article\/xaricdeki-cabalar-neye-goredir\/#primaryimage"},"thumbnailUrl":"https:\/\/www.meydan.tv\/wp-content\/uploads\/41627.jpg","datePublished":"2018-06-08T15:07:05+00:00","breadcrumb":{"@id":"https:\/\/www.meydan.tv\/az\/article\/xaricdeki-cabalar-neye-goredir\/#breadcrumb"},"inLanguage":"az","potentialAction":[{"@type":"ReadAction","target":["https:\/\/www.meydan.tv\/az\/article\/xaricdeki-cabalar-neye-goredir\/"]}]},{"@type":"ImageObject","inLanguage":"az","@id":"https:\/\/www.meydan.tv\/az\/article\/xaricdeki-cabalar-neye-goredir\/#primaryimage","url":"https:\/\/www.meydan.tv\/wp-content\/uploads\/41627.jpg","contentUrl":"https:\/\/www.meydan.tv\/wp-content\/uploads\/41627.jpg","width":1140,"height":500,"caption":"Source:"},{"@type":"BreadcrumbList","@id":"https:\/\/www.meydan.tv\/az\/article\/xaricdeki-cabalar-neye-goredir\/#breadcrumb","itemListElement":[{"@type":"ListItem","position":1,"name":"Ana s\u0259hif\u0259","item":"https:\/\/www.meydan.tv\/az\/"},{"@type":"ListItem","position":2,"name":"M\u0259nim Fikrimc\u0259","item":"https:\/\/www.meydan.tv\/az\/section\/menim-fikrimce\/"},{"@type":"ListItem","position":3,"name":"Xaricd\u0259ki \u00e7abalar n\u0259y\u0259 g\u00f6r\u0259dir?"}]},{"@type":"WebSite","@id":"https:\/\/www.meydan.tv\/az\/#website","url":"https:\/\/www.meydan.tv\/az\/","name":"MEYDAN.TV","description":"Meydan TV Az\u0259rbaycan\u0131n media m\u0259kan\u0131ndak\u0131 alternativ s\u0259sidir","publisher":{"@id":"https:\/\/www.meydan.tv\/az\/#organization"},"potentialAction":[{"@type":"SearchAction","target":{"@type":"EntryPoint","urlTemplate":"https:\/\/www.meydan.tv\/az\/?s={search_term_string}"},"query-input":{"@type":"PropertyValueSpecification","valueRequired":true,"valueName":"search_term_string"}}],"inLanguage":"az"},{"@type":"Organization","@id":"https:\/\/www.meydan.tv\/az\/#organization","name":"Meydan TV","url":"https:\/\/www.meydan.tv\/az\/","logo":{"@type":"ImageObject","inLanguage":"az","@id":"https:\/\/www.meydan.tv\/az\/#\/schema\/logo\/image\/","url":"https:\/\/www.meydan.tv\/wp-content\/uploads\/2021\/07\/meydan-logo.svg","contentUrl":"https:\/\/www.meydan.tv\/wp-content\/uploads\/2021\/07\/meydan-logo.svg","width":195,"height":46,"caption":"Meydan TV"},"image":{"@id":"https:\/\/www.meydan.tv\/az\/#\/schema\/logo\/image\/"}},{"@type":"Person","@id":"https:\/\/www.meydan.tv\/az\/#\/schema\/person\/10d11eccf6da3662cf5fdab9806ea91a","name":"user-manager"}]}},"_links":{"self":[{"href":"https:\/\/www.meydan.tv\/az\/wp-json\/wp\/v2\/posts\/190379","targetHints":{"allow":["GET"]}}],"collection":[{"href":"https:\/\/www.meydan.tv\/az\/wp-json\/wp\/v2\/posts"}],"about":[{"href":"https:\/\/www.meydan.tv\/az\/wp-json\/wp\/v2\/types\/post"}],"author":[{"embeddable":true,"href":"https:\/\/www.meydan.tv\/az\/wp-json\/wp\/v2\/users\/11"}],"replies":[{"embeddable":true,"href":"https:\/\/www.meydan.tv\/az\/wp-json\/wp\/v2\/comments?post=190379"}],"version-history":[{"count":0,"href":"https:\/\/www.meydan.tv\/az\/wp-json\/wp\/v2\/posts\/190379\/revisions"}],"wp:featuredmedia":[{"embeddable":true,"href":"https:\/\/www.meydan.tv\/az\/wp-json\/wp\/v2\/media\/104953"}],"wp:attachment":[{"href":"https:\/\/www.meydan.tv\/az\/wp-json\/wp\/v2\/media?parent=190379"}],"wp:term":[{"taxonomy":"category","embeddable":true,"href":"https:\/\/www.meydan.tv\/az\/wp-json\/wp\/v2\/categories?post=190379"},{"taxonomy":"post_tag","embeddable":true,"href":"https:\/\/www.meydan.tv\/az\/wp-json\/wp\/v2\/tags?post=190379"}],"curies":[{"name":"wp","href":"https:\/\/api.w.org\/{rel}","templated":true}]}}