{"id":190370,"date":"2018-06-07T20:59:53","date_gmt":"2018-06-07T20:59:53","guid":{"rendered":"https:\/\/www.meydan.tv\/article\/cumhuriyyetcilere-nifretin-sirri\/"},"modified":"2018-06-07T20:59:53","modified_gmt":"2018-06-07T20:59:53","slug":"cumhuriyyetcilere-nifretin-sirri","status":"publish","type":"post","link":"https:\/\/www.meydan.tv\/az\/article\/cumhuriyyetcilere-nifretin-sirri\/","title":{"rendered":"C\u00fcmhuriyy\u0259t\u00e7il\u0259r\u0259 nifr\u0259tin sirri"},"content":{"rendered":"<figure class=\"wp-block-image size-large\">\n  <img decoding=\"async\" src=\"https:\/\/www.meydan.tv\/az\/104938\/\" alt=\"\" class=\"wp-image-104938\"\/><figcaption><\/figcaption><\/figure>\n<p>\n  C\u00fcmhuriyy\u0259tin 100 illik yubileyinin co\u015fquyla qeyd olunmas\u0131 hakimiyy\u0259td\u0259 ciddi q\u0131c\u0131q yaratd\u0131. May\u0131n 28-d\u0259 \u201c\u0130\u00e7\u0259ri\u015f\u0259h\u0259r\u201d metrostansiyas\u0131ndan ba\u015flayan bayram y\u00fcr\u00fc\u015f\u00fcn\u0259 k\u00f6hn\u0259 BUM-a q\u0259d\u0259r d\u00f6z\u0259 bildil\u0259r. Bulvara ke\u00e7m\u0259k ist\u0259y\u0259n y\u00fcr\u00fc\u015f i\u015ftirak\u00e7\u0131lar\u0131n\u0131n qar\u015f\u0131s\u0131 burada k\u0259sildi, y\u00fcr\u00fc\u015f\u00fcn davam\u0131na bir \u015f\u0259rtl\u0259 raz\u0131l\u0131q verilirdi; bayraq v\u0259 \u015f\u0259kill\u0259r y\u0131\u011f\u0131\u015fd\u0131r\u0131ls\u0131n. Bunlar paytaxt\u0131n \u0259n gur yerind\u0259 &#8211; F\u0259vvar\u0259l\u0259r meydan\u0131 yax\u0131nl\u0131\u011f\u0131nda Az\u0259rbaycan\u0131n himninin oxunmas\u0131na, R\u0259sulzad\u0259nin v\u0259 silahda\u015flar\u0131n\u0131n ad\u0131n\u0131n s\u0259sl\u0259ndirilm\u0259sin\u0259, \u015f\u0259kill\u0259rinin qald\u0131r\u0131lmas\u0131na sad\u0259c\u0259 d\u00f6z\u0259 bilmirdil\u0259r. O s\u0259b\u0259bd\u0259n y\u00fcr\u00fc\u015f i\u015ftirak\u00e7\u0131lar\u0131 Bulvara burax\u0131lmad\u0131 v\u0259 aksiya, dem\u0259k olar, bununla da ba\u015fa \u00e7atd\u0131.\n<\/p>\n<p>\n  D\u00f6vl\u0259t s\u0259viyy\u0259sind\u0259 bayram elan olunan ild\u0259 bu m\u00fcnasib\u0259t, \u0259slind\u0259, anla\u015f\u0131land\u0131r. Uzun ill\u0259rdir hakimiyy\u0259ti m\u0259nims\u0259y\u0259nl\u0259r \u0259traflar\u0131nda onlara bel\u0259 bir t\u0259m\u0259nnas\u0131z sevgi b\u0259sl\u0259y\u0259n adamlar\u0131 yeti\u015fdir\u0259 bilm\u0259yib. Onlar n\u0259 ke\u00e7irdikl\u0259ri aksiyalarda, n\u0259 d\u0259 d\u00f6vl\u0259t t\u0259dbirl\u0259rind\u0259 himnimizi bel\u0259 co\u015fquyla oxuya, n\u0259inki oxuya, he\u00e7 m\u0131z\u0131ldaya da bilmir. \u00d6zl\u0259rind\u0259n \u201c\u00fcmumilli lider\u201d obraz\u0131 yarad\u0131blar, ancaq n\u0259 q\u0259d\u0259r resurslar\u0131m\u0131z, b\u00fcdc\u0259 v\u0259saitimiz o obraz\u0131n q\u0259lbl\u0259r\u0259 k\u00f6\u00e7\u00fcr\u00fclm\u0259sin\u0259 x\u0259rcl\u0259ns\u0259 d\u0259, al\u0131nm\u0131r, o sevgini g\u00f6rm\u00fcr\u00fck. Q\u0259bul etm\u0259dikl\u0259ri, imkan d\u00fc\u015fd\u00fckc\u0259 yamanlad\u0131qlar\u0131, satq\u0131n dam\u011fas\u0131 bel\u0259 vurduqlar\u0131 c\u00fcmhuriyy\u0259t\u00e7i babalar\u0131m\u0131zasa t\u0259m\u0259nnas\u0131z sevgi sonsuzdur. \u0130ll\u0259r, \u0259n s\u0259rt rejiml\u0259r bel\u0259 o sevgini \u00fcr\u0259kl\u0259rd\u0259n qopara bilm\u0259yib. \u0130st\u0259r 28 May y\u00fcr\u00fc\u015f\u00fc, ist\u0259rs\u0259 d\u0259 Novxan\u0131da M\u0259h\u0259mm\u0259d \u018fmin R\u0259sulzad\u0259nin heyk\u0259li \u00f6n\u00fcnd\u0259 ke\u00e7iril\u0259n t\u0259dbir zaman\u0131 i\u015ftirak\u00e7\u0131lar&#8230;\n<\/p>\n<p>\n  S\u0259n bizims\u0259n, bizims\u0259n<br \/>\n  <br \/>\n  Durduqca b\u0259d\u0259nd\u0259 can,<br \/>\n  <br \/>\n  Ya\u015fa, ya\u015fa, \u00e7ox ya\u015fa,<br \/>\n  <br \/>\n  Ey \u015fanl\u0131 Az\u0259rbaycan!\n<\/p>\n<p>\n  &#8230;s\u00f6zl\u0259rini b\u00f6y\u00fck sevgiyl\u0259, g\u00f6z ya\u015f\u0131 i\u00e7\u0259risind\u0259 s\u0259sl\u0259ndirirdil\u0259r.\n<\/p>\n<p>\n  Onlar\u0131 buna kims\u0259 m\u0259cbur etmirdi, kims\u0259 onlara M\u0259h\u0259mm\u0259d \u018fmin R\u0259sulzad\u0259ni sevm\u0259y\u0259 g\u00f6st\u0259ri\u015f vermirdi, h\u0259r \u015fey i\u00e7d\u0259n g\u0259ldiyind\u0259n t\u0259biiydi. El\u0259 ill\u0259rin s\u00f6nd\u00fcr\u0259, soldura bilm\u0259diyi bu sevgi hakimiyy\u0259ti q\u0131c\u0131qland\u0131rd\u0131, yeni repressiya dal\u011fas\u0131 ba\u015flatmas\u0131na s\u0259b\u0259b oldu. May\u0131n 29-dan b\u0259lli h\u0259bsl\u0259r ba\u015flad\u0131. Niy\u0259? Niy\u0259 hakimiyy\u0259t \u00f6z g\u00f6z\u00fcnd\u0259 tiri g\u00f6rm\u0259k ist\u0259mir? Niy\u0259 b\u00fct\u00fcn su\u00e7lular k\u0259narda, m\u00fcxalif d\u00fc\u015f\u00fcnc\u0259li adamlar\u0131n aras\u0131nda axtar\u0131l\u0131r?..\n<\/p>\n<p>\n  Aprelin 11-d\u0259 Az\u0259rbaycanda n\u00f6vb\u0259d\u0259nk\u0259nar prezident se\u00e7kisi ke\u00e7irilib v\u0259 \u0130lham \u018fliyev 4-c\u00fc yol \u00f6lk\u0259nin birinci postuna yiy\u0259l\u0259nib. \u018fdal\u0259tsiz dediyimiz d\u00fcnya bunu g\u00f6r\u00fcr v\u0259 d\u0259y\u0259rl\u0259ndirir. Se\u00e7kid\u0259n sonra \u0130lham \u018fliyevin ad\u0131na t\u0259brik m\u0259ktublar\u0131 g\u0259ldi&#8230; \u0130lk n\u00f6vb\u0259d\u0259, \u00f6lk\u0259si demokratik olmayan d\u00f6vl\u0259t ba\u015f\u00e7\u0131lar\u0131ndan. Bundan ba\u015fqa, \u00e7ox sayda t\u0259brik m\u0259ktubu m\u00fcxt\u0259lif \u015firk\u0259tl\u0259rd\u0259n (bu \u015firk\u0259tl\u0259rd\u0259n b\u0259zil\u0259ri bu v\u0259 ya ba\u015fqa \u015f\u0259kild\u0259 hakimiyy\u0259td\u0259kil\u0259rl\u0259 i\u015f birliyind\u0259dir), ke\u00e7mi\u015f d\u00f6vl\u0259t ba\u015f\u00e7\u0131lar\u0131ndan, daha \u00e7ox t\u0259brik m\u0259ktubu is\u0259 d\u00fcnyan\u0131n m\u00fcxt\u0259lif \u00f6lk\u0259l\u0259rind\u0259 ya\u015fayan az\u0259rbaycanl\u0131lardan<br \/>\n  <a href=\"https:\/\/www.president.az\/documents\/letters\" target=\"_blank\" rel=\"noopener\"><br \/>\n    g\u0259ldi<br \/>\n  <\/a><br \/>\n  .\n<\/p>\n<p>\n  \u018fslind\u0259, ba\u015fqa vaxt o m\u0259ktublar prezidentin sayt\u0131na yerl\u0259\u015fdirilm\u0259z, AzTV-l\u0259r onlar\u0131 b\u00fct\u00fcn g\u00fcn\u00fc tirajlamazd\u0131; normal \u00f6lk\u0259l\u0259rin d\u00f6vl\u0259t ba\u015f\u00e7\u0131lar\u0131 t\u0259brikl\u0259rini vaxt\u0131nda g\u00f6nd\u0259rs\u0259ydil\u0259r&#8230; Onlar \u00e7ox gec g\u00f6nd\u0259rdil\u0259r, d\u0259yirman\u0131n suyu sovulandan, d\u00fcnya az\u0259rbaycanl\u0131lar\u0131n\u0131n t\u0259brikl\u0259ri burda ya\u015fayan az\u0259rbaycanl\u0131lar\u0131n g\u00f6z\u00fcn\u00fc v\u0259 qula\u011f\u0131n\u0131 ya\u011f\u0131r el\u0259y\u0259nd\u0259n<br \/>\n  <a href=\"https:\/\/www.president.az\/documents\/letters\" target=\"_blank\" rel=\"noopener\"><br \/>\n    sonra.<br \/>\n  <\/a>\n<\/p>\n<p>\n  May\u0131n 22-d\u0259n ba\u015flayaraq yen\u0259 d\u0259 \u0130lham \u018fliyevin \u00fcnvan\u0131na t\u0259brikl\u0259r g\u0259lir, bu d\u0259f\u0259 C\u00fcmhuriyy\u0259tin 100 illiyi il\u0259 ba\u011fl\u0131. N\u0259d\u0259ns\u0259 o t\u0259brikl\u0259rin i\u00e7\u0259risind\u0259 d\u00fcnya az\u0259rbaycanl\u0131lar\u0131n\u0131n t\u0259brikl\u0259ri el\u0259 d\u0259 g\u00f6z\u0259 d\u0259ymir. Ancaq m\u0259ntiql\u0259 \u0259ksin\u0259 olmal\u0131yd\u0131, ax\u0131 h\u0259r bir az\u0259rbaycanl\u0131n\u0131n q\u00fcrurland\u0131\u011f\u0131 g\u00fcnd\u00fcr 28 May, bug\u00fcn\u0259 daha \u00e7ox t\u0259brik el\u0259 q\u00fcrb\u0259td\u0259 ya\u015fayanlardan g\u0259lm\u0259liydi. Ax\u0131 onlar h\u0259mi\u015f\u0259 \u201c\u00f6lm\u0259y\u0259 v\u0259t\u0259n yax\u015f\u0131&#8230;\u201d deyirl\u0259r. \u00d6lm\u0259k ist\u0259dikl\u0259ri v\u0259t\u0259nin \u0259n b\u00f6y\u00fck, \u0259n uca bayram\u0131d\u0131r 28 May. \u201c\u015e\u0259rqd\u0259 ilk demokratik c\u00fcmhuriyy\u0259ti bizim babalar\u0131m\u0131z qurdu\u201d deyib \u00f6y\u00fcnd\u00fckl\u0259ri g\u00fcnd\u00fcr 28 May. Hakimiyy\u0259tin t\u0259bli\u011fat ma\u015f\u0131n\u0131 da C\u00fcmhuriyy\u0259tin 100 illiyinin xaricd\u0259 t\u0259mt\u0259raqla ke\u00e7irildiyi bar\u0259d\u0259 informasiyalar yay\u0131rd\u0131. Bu bayram\u0131n Az\u0259rbaycandan daha \u00e7ox xaricd\u0259 ke\u00e7irildiyi g\u00f6r\u00fcnt\u00fcs\u00fc yarand\u0131 h\u0259min t\u0259bli\u011fatdan. Bu bax\u0131mdan orada ya\u015fayanlar says\u0131z-hesabs\u0131z t\u0259brik g\u00f6nd\u0259rm\u0259liydil\u0259r&#8230; Ancaq burda ba\u015fqa s\u0259b\u0259b d\u0259 ola bil\u0259r. M\u00fcmk\u00fcnd\u00fcr ki, o t\u0259brikl\u0259r g\u00f6nd\u0259rilib, Prezident Administrasiyas\u0131nda oturanlar onlar\u0131n \u00fcz\u0259 \u00e7\u0131xmas\u0131n\u0131, sayta qoyulmas\u0131n\u0131, t\u0259bli\u011f olunmas\u0131n\u0131 ist\u0259m\u0259yibl\u0259r.\n<\/p>\n<p>\n  22 mayda Respublika G\u00fcn\u00fc il\u0259 ba\u011fl\u0131 ilk t\u0259brik Qabon prezidentind\u0259n g\u0259ls\u0259 d\u0259, ikinci t\u0259brik B\u00f6y\u00fck Britaniya krali\u00e7as\u0131ndan g\u0259lib&#8230;\n<\/p>\n<p>\n  10 g\u00fcn \u0259rzind\u0259 &#8211; 22 may\u20132 iyun tarixl\u0259rind\u0259 Respublika G\u00fcn\u00fc il\u0259 ba\u011fl\u0131 \u201cpresident.az\u201d sayt\u0131nda 127 t\u0259brik yerl\u0259\u015fdirilib. T\u0259brikl\u0259rin 77-si d\u00f6vl\u0259t ba\u015f\u00e7\u0131s\u0131lar\u0131ndan g\u0259lib, yaln\u0131z 8 az\u0259rbaycanl\u0131 Respublika G\u00fcn\u00fc il\u0259 ba\u011fl\u0131 \u0130lham \u018fliyev\u0259 t\u0259brik g\u00f6nd\u0259rib.\n<\/p>\n<p>\n  Ba\u015fqa bir 10 g\u00fcn\u0259 baxaq. 11-21 aprel tarixl\u0259rind\u0259s\u0259 \u201cpresident.az\u201d sayt\u0131nda yerl\u0259\u015fdiril\u0259n, \u0130lham \u018fliyevin \u00fcnvan\u0131na g\u00f6nd\u0259ril\u0259n 243 t\u0259brikin 67-si d\u00fcnyan\u0131n m\u00fcxt\u0259lif yerl\u0259rind\u0259 ya\u015fayan, hans\u0131sa qurumda \u00e7al\u0131\u015fan az\u0259rbaycanl\u0131lardan g\u0259lib. Se\u00e7ki t\u0259brik\u00e7il\u0259ri aras\u0131nda m\u00fcxt\u0259lif \u00f6lk\u0259l\u0259rd\u0259ki \u015firk\u0259t v\u0259 icma ba\u015f\u00e7\u0131lar\u0131 da var. C\u0259mi 47 d\u00f6vl\u0259t ba\u015f\u00e7\u0131s\u0131 t\u0259brik g\u00f6nd\u0259rib. \u0130lk g\u00fcnl\u0259rd\u0259 t\u0259brik g\u00f6nd\u0259r\u0259nl\u0259rin \u00e7oxu Az\u0259rbaycan tipli rejim ba\u015f\u00e7\u0131lar\u0131ndand\u0131r. \u0130lk t\u0259briki el\u0259 aprelin 11-d\u0259 &#8211; se\u00e7ki g\u00fcn\u00fc T\u00fcrkiy\u0259nin Ba\u015f naziri Bin\u0259li Y\u0131ld\u0131r\u0131m g\u00f6nd\u0259rib. G\u00f6r\u00fcn\u00fcr, se\u00e7kinin n\u0259tic\u0259l\u0259ri ona qabaqcadan b\u0259lli olub&#8230;\n<\/p>\n<p>\n  B\u00fct\u00fcn bunlar bir ger\u00e7\u0259yi ortaya qoydu, \u00f6lk\u0259d\u0259 \u00e7ox bayramlar r\u0259sm\u0259n qeyd olunsa da, d\u00fcnya Az\u0259rbaycanda bir bayram tan\u0131y\u0131r; o da q\u00fcrur g\u00fcn\u00fcm\u00fcz olan 28 May \u2013 Respublika bayram\u0131m\u0131zd\u0131r.\n<\/p>\n<p>\n  Hakimiyy\u0259td\u0259 c\u00fcmhuriyy\u0259t\u00e7il\u0259r\u0259 qar\u015f\u0131 q\u0131c\u0131q yaradan s\u0259b\u0259bl\u0259rd\u0259n biri d\u0259 budur&#8230;\n<\/p>\n<p>\n  <b><br \/>\n    <i><br \/>\n      Yaz\u0131 m\u00fc\u0259llifin fikirl\u0259rini \u0259ks etdirir v\u0259 Meydan TV-nin m\u00f6vqeyi il\u0259 \u00fcst-\u00fcst\u0259 d\u00fc\u015fm\u0259y\u0259 bil\u0259r.<br \/>\n    <\/i><br \/>\n  <\/b><\/p>\n","protected":false},"excerpt":{"rendered":"<p>C\u00fcmhuriyy\u0259tin 100 illik yubileyinin co\u015fquyla qeyd olunmas\u0131 hakimiyy\u0259td\u0259 ciddi q\u0131c\u0131q yaratd\u0131<\/p>\n","protected":false},"author":11,"featured_media":104938,"comment_status":"closed","ping_status":"open","sticky":false,"template":"","format":"standard","meta":{"_acf_changed":false,"_sitemap_exclude":false,"_sitemap_priority":"","_sitemap_frequency":"","footnotes":""},"categories":[57],"tags":[],"class_list":["post-190370","post","type-post","status-publish","format-standard","has-post-thumbnail","hentry","category-menim-fikrimce","infinite-scroll-item","generate-columns","tablet-grid-50","mobile-grid-100","grid-parent","grid-33","no-featured-image-padding"],"acf":[],"yoast_head":"<!-- This site is optimized with the Yoast SEO plugin v27.4 - https:\/\/yoast.com\/product\/yoast-seo-wordpress\/ -->\n<title>C\u00fcmhuriyy\u0259t\u00e7il\u0259r\u0259 nifr\u0259tin sirri - MEYDAN.TV<\/title>\n<meta name=\"robots\" content=\"index, follow, max-snippet:-1, max-image-preview:large, max-video-preview:-1\" \/>\n<link rel=\"canonical\" href=\"https:\/\/www.meydan.tv\/az\/article\/cumhuriyyetcilere-nifretin-sirri\/\" \/>\n<meta property=\"og:locale\" content=\"az_AZ\" \/>\n<meta property=\"og:type\" content=\"article\" \/>\n<meta property=\"og:title\" content=\"C\u00fcmhuriyy\u0259t\u00e7il\u0259r\u0259 nifr\u0259tin sirri - MEYDAN.TV\" \/>\n<meta property=\"og:description\" content=\"C\u00fcmhuriyy\u0259tin 100 illik yubileyinin co\u015fquyla qeyd olunmas\u0131 hakimiyy\u0259td\u0259 ciddi q\u0131c\u0131q yaratd\u0131\" \/>\n<meta property=\"og:url\" content=\"https:\/\/www.meydan.tv\/az\/article\/cumhuriyyetcilere-nifretin-sirri\/\" \/>\n<meta property=\"og:site_name\" content=\"MEYDAN.TV\" \/>\n<meta property=\"article:published_time\" content=\"2018-06-07T20:59:53+00:00\" \/>\n<meta property=\"og:image\" content=\"https:\/\/www.meydan.tv\/wp-content\/uploads\/41620.png\" \/>\n\t<meta property=\"og:image:width\" content=\"1070\" \/>\n\t<meta property=\"og:image:height\" content=\"630\" \/>\n\t<meta property=\"og:image:type\" content=\"image\/png\" \/>\n<meta name=\"author\" content=\"user-manager\" \/>\n<meta name=\"twitter:card\" content=\"summary_large_image\" \/>\n<script type=\"application\/ld+json\" class=\"yoast-schema-graph\">{\"@context\":\"https:\\\/\\\/schema.org\",\"@graph\":[{\"@type\":\"Article\",\"@id\":\"https:\\\/\\\/www.meydan.tv\\\/az\\\/article\\\/cumhuriyyetcilere-nifretin-sirri\\\/#article\",\"isPartOf\":{\"@id\":\"https:\\\/\\\/www.meydan.tv\\\/az\\\/article\\\/cumhuriyyetcilere-nifretin-sirri\\\/\"},\"author\":{\"name\":\"user-manager\",\"@id\":\"https:\\\/\\\/www.meydan.tv\\\/az\\\/#\\\/schema\\\/person\\\/10d11eccf6da3662cf5fdab9806ea91a\"},\"headline\":\"C\u00fcmhuriyy\u0259t\u00e7il\u0259r\u0259 nifr\u0259tin sirri\",\"datePublished\":\"2018-06-07T20:59:53+00:00\",\"mainEntityOfPage\":{\"@id\":\"https:\\\/\\\/www.meydan.tv\\\/az\\\/article\\\/cumhuriyyetcilere-nifretin-sirri\\\/\"},\"wordCount\":1262,\"publisher\":{\"@id\":\"https:\\\/\\\/www.meydan.tv\\\/az\\\/#organization\"},\"image\":{\"@id\":\"https:\\\/\\\/www.meydan.tv\\\/az\\\/article\\\/cumhuriyyetcilere-nifretin-sirri\\\/#primaryimage\"},\"thumbnailUrl\":\"https:\\\/\\\/www.meydan.tv\\\/wp-content\\\/uploads\\\/41620.png\",\"articleSection\":[\"M\u0259nim Fikrimc\u0259\"],\"inLanguage\":\"az\"},{\"@type\":\"WebPage\",\"@id\":\"https:\\\/\\\/www.meydan.tv\\\/az\\\/article\\\/cumhuriyyetcilere-nifretin-sirri\\\/\",\"url\":\"https:\\\/\\\/www.meydan.tv\\\/az\\\/article\\\/cumhuriyyetcilere-nifretin-sirri\\\/\",\"name\":\"C\u00fcmhuriyy\u0259t\u00e7il\u0259r\u0259 nifr\u0259tin sirri - MEYDAN.TV\",\"isPartOf\":{\"@id\":\"https:\\\/\\\/www.meydan.tv\\\/az\\\/#website\"},\"primaryImageOfPage\":{\"@id\":\"https:\\\/\\\/www.meydan.tv\\\/az\\\/article\\\/cumhuriyyetcilere-nifretin-sirri\\\/#primaryimage\"},\"image\":{\"@id\":\"https:\\\/\\\/www.meydan.tv\\\/az\\\/article\\\/cumhuriyyetcilere-nifretin-sirri\\\/#primaryimage\"},\"thumbnailUrl\":\"https:\\\/\\\/www.meydan.tv\\\/wp-content\\\/uploads\\\/41620.png\",\"datePublished\":\"2018-06-07T20:59:53+00:00\",\"breadcrumb\":{\"@id\":\"https:\\\/\\\/www.meydan.tv\\\/az\\\/article\\\/cumhuriyyetcilere-nifretin-sirri\\\/#breadcrumb\"},\"inLanguage\":\"az\",\"potentialAction\":[{\"@type\":\"ReadAction\",\"target\":[\"https:\\\/\\\/www.meydan.tv\\\/az\\\/article\\\/cumhuriyyetcilere-nifretin-sirri\\\/\"]}]},{\"@type\":\"ImageObject\",\"inLanguage\":\"az\",\"@id\":\"https:\\\/\\\/www.meydan.tv\\\/az\\\/article\\\/cumhuriyyetcilere-nifretin-sirri\\\/#primaryimage\",\"url\":\"https:\\\/\\\/www.meydan.tv\\\/wp-content\\\/uploads\\\/41620.png\",\"contentUrl\":\"https:\\\/\\\/www.meydan.tv\\\/wp-content\\\/uploads\\\/41620.png\",\"width\":1070,\"height\":630,\"caption\":\"Source:\"},{\"@type\":\"BreadcrumbList\",\"@id\":\"https:\\\/\\\/www.meydan.tv\\\/az\\\/article\\\/cumhuriyyetcilere-nifretin-sirri\\\/#breadcrumb\",\"itemListElement\":[{\"@type\":\"ListItem\",\"position\":1,\"name\":\"Ana s\u0259hif\u0259\",\"item\":\"https:\\\/\\\/www.meydan.tv\\\/az\\\/\"},{\"@type\":\"ListItem\",\"position\":2,\"name\":\"M\u0259nim Fikrimc\u0259\",\"item\":\"https:\\\/\\\/www.meydan.tv\\\/az\\\/section\\\/menim-fikrimce\\\/\"},{\"@type\":\"ListItem\",\"position\":3,\"name\":\"C\u00fcmhuriyy\u0259t\u00e7il\u0259r\u0259 nifr\u0259tin sirri\"}]},{\"@type\":\"WebSite\",\"@id\":\"https:\\\/\\\/www.meydan.tv\\\/az\\\/#website\",\"url\":\"https:\\\/\\\/www.meydan.tv\\\/az\\\/\",\"name\":\"MEYDAN.TV\",\"description\":\"Meydan TV Az\u0259rbaycan\u0131n media m\u0259kan\u0131ndak\u0131 alternativ s\u0259sidir\",\"publisher\":{\"@id\":\"https:\\\/\\\/www.meydan.tv\\\/az\\\/#organization\"},\"potentialAction\":[{\"@type\":\"SearchAction\",\"target\":{\"@type\":\"EntryPoint\",\"urlTemplate\":\"https:\\\/\\\/www.meydan.tv\\\/az\\\/?s={search_term_string}\"},\"query-input\":{\"@type\":\"PropertyValueSpecification\",\"valueRequired\":true,\"valueName\":\"search_term_string\"}}],\"inLanguage\":\"az\"},{\"@type\":\"Organization\",\"@id\":\"https:\\\/\\\/www.meydan.tv\\\/az\\\/#organization\",\"name\":\"Meydan TV\",\"url\":\"https:\\\/\\\/www.meydan.tv\\\/az\\\/\",\"logo\":{\"@type\":\"ImageObject\",\"inLanguage\":\"az\",\"@id\":\"https:\\\/\\\/www.meydan.tv\\\/az\\\/#\\\/schema\\\/logo\\\/image\\\/\",\"url\":\"https:\\\/\\\/www.meydan.tv\\\/wp-content\\\/uploads\\\/2021\\\/07\\\/meydan-logo.svg\",\"contentUrl\":\"https:\\\/\\\/www.meydan.tv\\\/wp-content\\\/uploads\\\/2021\\\/07\\\/meydan-logo.svg\",\"width\":195,\"height\":46,\"caption\":\"Meydan TV\"},\"image\":{\"@id\":\"https:\\\/\\\/www.meydan.tv\\\/az\\\/#\\\/schema\\\/logo\\\/image\\\/\"}},{\"@type\":\"Person\",\"@id\":\"https:\\\/\\\/www.meydan.tv\\\/az\\\/#\\\/schema\\\/person\\\/10d11eccf6da3662cf5fdab9806ea91a\",\"name\":\"user-manager\"}]}<\/script>\n<!-- \/ Yoast SEO plugin. -->","yoast_head_json":{"title":"C\u00fcmhuriyy\u0259t\u00e7il\u0259r\u0259 nifr\u0259tin sirri - MEYDAN.TV","robots":{"index":"index","follow":"follow","max-snippet":"max-snippet:-1","max-image-preview":"max-image-preview:large","max-video-preview":"max-video-preview:-1"},"canonical":"https:\/\/www.meydan.tv\/az\/article\/cumhuriyyetcilere-nifretin-sirri\/","og_locale":"az_AZ","og_type":"article","og_title":"C\u00fcmhuriyy\u0259t\u00e7il\u0259r\u0259 nifr\u0259tin sirri - MEYDAN.TV","og_description":"C\u00fcmhuriyy\u0259tin 100 illik yubileyinin co\u015fquyla qeyd olunmas\u0131 hakimiyy\u0259td\u0259 ciddi q\u0131c\u0131q yaratd\u0131","og_url":"https:\/\/www.meydan.tv\/az\/article\/cumhuriyyetcilere-nifretin-sirri\/","og_site_name":"MEYDAN.TV","article_published_time":"2018-06-07T20:59:53+00:00","og_image":[{"width":1070,"height":630,"url":"https:\/\/www.meydan.tv\/wp-content\/uploads\/41620.png","type":"image\/png"}],"author":"user-manager","twitter_card":"summary_large_image","schema":{"@context":"https:\/\/schema.org","@graph":[{"@type":"Article","@id":"https:\/\/www.meydan.tv\/az\/article\/cumhuriyyetcilere-nifretin-sirri\/#article","isPartOf":{"@id":"https:\/\/www.meydan.tv\/az\/article\/cumhuriyyetcilere-nifretin-sirri\/"},"author":{"name":"user-manager","@id":"https:\/\/www.meydan.tv\/az\/#\/schema\/person\/10d11eccf6da3662cf5fdab9806ea91a"},"headline":"C\u00fcmhuriyy\u0259t\u00e7il\u0259r\u0259 nifr\u0259tin sirri","datePublished":"2018-06-07T20:59:53+00:00","mainEntityOfPage":{"@id":"https:\/\/www.meydan.tv\/az\/article\/cumhuriyyetcilere-nifretin-sirri\/"},"wordCount":1262,"publisher":{"@id":"https:\/\/www.meydan.tv\/az\/#organization"},"image":{"@id":"https:\/\/www.meydan.tv\/az\/article\/cumhuriyyetcilere-nifretin-sirri\/#primaryimage"},"thumbnailUrl":"https:\/\/www.meydan.tv\/wp-content\/uploads\/41620.png","articleSection":["M\u0259nim Fikrimc\u0259"],"inLanguage":"az"},{"@type":"WebPage","@id":"https:\/\/www.meydan.tv\/az\/article\/cumhuriyyetcilere-nifretin-sirri\/","url":"https:\/\/www.meydan.tv\/az\/article\/cumhuriyyetcilere-nifretin-sirri\/","name":"C\u00fcmhuriyy\u0259t\u00e7il\u0259r\u0259 nifr\u0259tin sirri - MEYDAN.TV","isPartOf":{"@id":"https:\/\/www.meydan.tv\/az\/#website"},"primaryImageOfPage":{"@id":"https:\/\/www.meydan.tv\/az\/article\/cumhuriyyetcilere-nifretin-sirri\/#primaryimage"},"image":{"@id":"https:\/\/www.meydan.tv\/az\/article\/cumhuriyyetcilere-nifretin-sirri\/#primaryimage"},"thumbnailUrl":"https:\/\/www.meydan.tv\/wp-content\/uploads\/41620.png","datePublished":"2018-06-07T20:59:53+00:00","breadcrumb":{"@id":"https:\/\/www.meydan.tv\/az\/article\/cumhuriyyetcilere-nifretin-sirri\/#breadcrumb"},"inLanguage":"az","potentialAction":[{"@type":"ReadAction","target":["https:\/\/www.meydan.tv\/az\/article\/cumhuriyyetcilere-nifretin-sirri\/"]}]},{"@type":"ImageObject","inLanguage":"az","@id":"https:\/\/www.meydan.tv\/az\/article\/cumhuriyyetcilere-nifretin-sirri\/#primaryimage","url":"https:\/\/www.meydan.tv\/wp-content\/uploads\/41620.png","contentUrl":"https:\/\/www.meydan.tv\/wp-content\/uploads\/41620.png","width":1070,"height":630,"caption":"Source:"},{"@type":"BreadcrumbList","@id":"https:\/\/www.meydan.tv\/az\/article\/cumhuriyyetcilere-nifretin-sirri\/#breadcrumb","itemListElement":[{"@type":"ListItem","position":1,"name":"Ana s\u0259hif\u0259","item":"https:\/\/www.meydan.tv\/az\/"},{"@type":"ListItem","position":2,"name":"M\u0259nim Fikrimc\u0259","item":"https:\/\/www.meydan.tv\/az\/section\/menim-fikrimce\/"},{"@type":"ListItem","position":3,"name":"C\u00fcmhuriyy\u0259t\u00e7il\u0259r\u0259 nifr\u0259tin sirri"}]},{"@type":"WebSite","@id":"https:\/\/www.meydan.tv\/az\/#website","url":"https:\/\/www.meydan.tv\/az\/","name":"MEYDAN.TV","description":"Meydan TV Az\u0259rbaycan\u0131n media m\u0259kan\u0131ndak\u0131 alternativ s\u0259sidir","publisher":{"@id":"https:\/\/www.meydan.tv\/az\/#organization"},"potentialAction":[{"@type":"SearchAction","target":{"@type":"EntryPoint","urlTemplate":"https:\/\/www.meydan.tv\/az\/?s={search_term_string}"},"query-input":{"@type":"PropertyValueSpecification","valueRequired":true,"valueName":"search_term_string"}}],"inLanguage":"az"},{"@type":"Organization","@id":"https:\/\/www.meydan.tv\/az\/#organization","name":"Meydan TV","url":"https:\/\/www.meydan.tv\/az\/","logo":{"@type":"ImageObject","inLanguage":"az","@id":"https:\/\/www.meydan.tv\/az\/#\/schema\/logo\/image\/","url":"https:\/\/www.meydan.tv\/wp-content\/uploads\/2021\/07\/meydan-logo.svg","contentUrl":"https:\/\/www.meydan.tv\/wp-content\/uploads\/2021\/07\/meydan-logo.svg","width":195,"height":46,"caption":"Meydan TV"},"image":{"@id":"https:\/\/www.meydan.tv\/az\/#\/schema\/logo\/image\/"}},{"@type":"Person","@id":"https:\/\/www.meydan.tv\/az\/#\/schema\/person\/10d11eccf6da3662cf5fdab9806ea91a","name":"user-manager"}]}},"_links":{"self":[{"href":"https:\/\/www.meydan.tv\/az\/wp-json\/wp\/v2\/posts\/190370","targetHints":{"allow":["GET"]}}],"collection":[{"href":"https:\/\/www.meydan.tv\/az\/wp-json\/wp\/v2\/posts"}],"about":[{"href":"https:\/\/www.meydan.tv\/az\/wp-json\/wp\/v2\/types\/post"}],"author":[{"embeddable":true,"href":"https:\/\/www.meydan.tv\/az\/wp-json\/wp\/v2\/users\/11"}],"replies":[{"embeddable":true,"href":"https:\/\/www.meydan.tv\/az\/wp-json\/wp\/v2\/comments?post=190370"}],"version-history":[{"count":0,"href":"https:\/\/www.meydan.tv\/az\/wp-json\/wp\/v2\/posts\/190370\/revisions"}],"wp:featuredmedia":[{"embeddable":true,"href":"https:\/\/www.meydan.tv\/az\/wp-json\/wp\/v2\/media\/104938"}],"wp:attachment":[{"href":"https:\/\/www.meydan.tv\/az\/wp-json\/wp\/v2\/media?parent=190370"}],"wp:term":[{"taxonomy":"category","embeddable":true,"href":"https:\/\/www.meydan.tv\/az\/wp-json\/wp\/v2\/categories?post=190370"},{"taxonomy":"post_tag","embeddable":true,"href":"https:\/\/www.meydan.tv\/az\/wp-json\/wp\/v2\/tags?post=190370"}],"curies":[{"name":"wp","href":"https:\/\/api.w.org\/{rel}","templated":true}]}}