{"id":190367,"date":"2018-06-07T19:55:40","date_gmt":"2018-06-07T19:55:40","guid":{"rendered":"https:\/\/www.meydan.tv\/article\/ipden-asili-xosbextlik\/"},"modified":"2018-06-07T19:55:40","modified_gmt":"2018-06-07T19:55:40","slug":"ipden-asili-xosbextlik","status":"publish","type":"post","link":"https:\/\/www.meydan.tv\/az\/article\/ipden-asili-xosbextlik\/","title":{"rendered":"\u0130pd\u0259n as\u0131l\u0131 xo\u015fb\u0259xtlik"},"content":{"rendered":"<figure class=\"wp-block-image size-large\">\n  <img decoding=\"async\" src=\"https:\/\/www.meydan.tv\/az\/nazli-agayeva-4\/\" alt=\"Nazl\u0131 A\u011fayeva\" class=\"wp-image-80491\"\/><figcaption>\n    Nazl\u0131 A\u011fayeva<br \/>\n  <\/figcaption><\/figure>\n<p>\n  Bir ip\u00fcst\u00fc paltar s\u0259r\u0259nd\u0259n sonra g\u00f6rd\u00fcm hava tutulub. Y\u0131\u011f\u0131\u015fd\u0131r\u0131b g\u00f6t\u00fcrm\u0259k ist\u0259yir\u0259m, amma d\u00fc\u015f\u00fcn\u00fcr\u0259m, bird\u0259n ya\u011f\u0131\u015f ya\u011fmasa, o q\u0259d\u0259r paltar\u0131 t\u0259krar yuxar\u0131dan d\u00fc\u015f\u00fcr\u00fcb s\u0259rm\u0259k var. G\u00f6t\u00fcrm\u0259s\u0259m d\u0259, kim bilir ne\u00e7\u0259 g\u00fcn\u0259 quruyacaq. Bel\u0259c\u0259 t\u0259r\u0259dd\u00fcdl\u0259 g\u00f6y\u0259 baxark\u0259n ba\u015f\u0131ma iri bir damc\u0131 d\u00fc\u015fd\u00fc. Allah s\u0259simi e\u015fidib m\u0259n\u0259 yol g\u00f6st\u0259rirdi. A\u011f\u0131r ya\u015f paltarlar\u0131 quca\u011f\u0131ma y\u0131\u011faraq nasaz pill\u0259k\u0259nl\u0259 birt\u0259h\u0259r yuxar\u0131 da\u015f\u0131d\u0131m.\n<\/p>\n<p>\n  Ax\u015fam\u00fcst\u00fc sell\u0259m\u0259 ya\u011f\u0131\u015f ya\u011fma\u011fa ba\u015flayanda sevindiyimd\u0259n q\u0259zada \u015fil-k\u00fct olmu\u015f sol aya\u011f\u0131m\u0131 da, b\u00fct\u00fcn b\u0259d\u0259nim \u00fc\u00e7\u00fcn real t\u0259hl\u00fck\u0259 olan \u00e7\u00fcr\u00fck pill\u0259k\u0259ni d\u0259 unutmu\u015fdum.\n<\/p>\n<p>\n  Pill\u0259k\u0259n demi\u015fk\u0259n, yerli h\u00f6kum\u0259tin m\u0259n\u0259 \u00f6t\u0259n il u\u00e7uq hamam\u0131n qal\u0131qlar\u0131ndan \u00f6z\u00fcm\u0259 daha etibarl\u0131 pill\u0259k\u0259n tikm\u0259y\u0259 icaz\u0259 verdiyi g\u00fcn d\u0259 \u00e7ox xo\u015fb\u0259xt idim. H\u0259r\u00e7\u0259nd sonra k\u00f6hn\u0259 hamam\u0131n mi\u015far da\u015flar\u0131ndan deyil, adi \u00e7ay da\u015flar\u0131ndan tikilmi\u015f oldu\u011fu ortaya \u00e7\u0131xd\u0131 v\u0259 icaz\u0259 istifad\u0259siz qald\u0131. Buna baxmayaraq, m\u0259n h\u0259l\u0259 d\u0259 o m\u00f6ht\u0259\u015f\u0259m g\u00fcn\u00fc q\u00fcrurla xat\u0131rlay\u0131ram.\n<\/p>\n<p>\n  Probleml\u0259rl\u0259 dolu bu \u00f6lk\u0259d\u0259 b\u0259nd\u0259nin allahdan v\u0259 pad\u015fahdan umaca\u011f\u0131 t\u0259xmin\u0259n bu ampuladad\u0131r. Y\u0259qin el\u0259 \u00f6z\u00fcm\u00fcz\u0259 r\u0259va g\u00f6rd\u00fckl\u0259rimiz \u00fcz\u00fcnd\u0259n bu g\u00fcnd\u0259yik. O halda sad\u0259c\u0259 manqurt bax\u0131\u015flarla da\u011f\u0131lan par\u00e7alar\u0131n\u0131 seyr ed\u0259c\u0259ks\u0259n&#8230;\n<\/p>\n<p>\n  ***\n<\/p>\n<p>\n  Bank kreditl\u0259ri \u00f6lk\u0259nin \u0259n populyar m\u00f6vzusudur. \u018fhali olumdan \u00f6l\u00fcm\u0259d\u0259k banklardan as\u0131l\u0131d\u0131r. Do\u011fum evind\u0259n \u00e7\u0131xmaq da kreditl\u0259dir, m\u0259rh\u0259l\u0259li yas \u00e7ad\u0131r\u0131n\u0131 qurmaq da. Hans\u0131 \u015f\u0259rtl\u0259rl\u0259 olur-olsun, ad\u0131n hans\u0131sa bank\u0131n faiz d\u0259ft\u0259rin\u0259 m\u0259hkumdur. \u018fslind\u0259 \u201chans\u0131 \u015f\u0259rtl\u0259r\u201d dey\u0259 bir \u015fey yoxdur, birm\u0259nal\u0131 bank\u0131n m\u0259nf\u0259\u0259tin\u0259 i\u015fl\u0259y\u0259n hiyl\u0259g\u0259r \u201cqanunlar\u201d var. O qanunlar\u0131 t\u0259nziml\u0259y\u0259n nizamnam\u0259l\u0259r, oxumadan imzalad\u0131\u011f\u0131m\u0131z m\u00fcqavil\u0259l\u0259r var ki, ist\u0259nil\u0259n zaman m\u00fc\u015ft\u0259rini haql\u0131 deyil, borclu \u00e7\u0131xarar. M\u0259s\u0259l\u0259n, bel\u0259&#8230;\n<\/p>\n<p>\n  &#8230;\u00d6lm\u0259-diril s\u00fcr\u00fcn\u0259n xalq\u0131n ail\u0259 dram\u0131 \u00fcst\u00fcn\u0259 q\u0259fil x\u0259st\u0259lik g\u0259l\u0259nd\u0259 \u0259sl faci\u0259y\u0259 \u00e7evrilir. O zaman \u0259m\u0259l\u0259 g\u0259l\u0259n a\u011f\u0131r fiziki-psixoloji, maddi-m\u0259n\u0259vi b\u00f6hran\u0131 ifad\u0259 etm\u0259y\u0259 s\u00f6z\u00fcn g\u00fcc\u00fc \u00e7atmaz. Bel\u0259 d\u0259h\u015f\u0259tli s\u0131naqdan yar\u0131mcan \u00e7\u0131xm\u0131\u015f bir ail\u0259 yax\u0131n\u0131m\u0131z var. Ail\u0259 ba\u015f\u00e7\u0131s\u0131n\u0131n bo\u011faz\u0131nda yaranm\u0131\u015f onkoloji probleml\u0259 paytaxt x\u0259st\u0259xanalar\u0131nda tam bir c\u0259h\u0259nn\u0259m ya\u015fay\u0131b, q\u0131tla\u011f\u0131 k\u0259silmi\u015f s\u0259ssiz adamla geri d\u00f6n\u00fcbl\u0259r.\n<\/p>\n<p>\n  B\u00fct\u00fcn \u00f6mr\u00fc \u00e7\u00f6ld\u0259-bay\u0131rda t\u0259s\u0259rr\u00fcfatla ke\u00e7mi\u015f ya\u015fl\u0131 adam\u0131n hal\u0131n\u0131 t\u0259s\u0259vv\u00fcr edirsizmi? Can\u0131 bo\u011faz\u0131nda \u00e7\u0131rp\u0131nan insan\u0131n \u00f6z\u00fcn\u00fc ifad\u0259 ed\u0259 bilm\u0259m\u0259si, daim m\u0259rk\u0259zind\u0259 olub q\u0259rar verdiyi ail\u0259vi m\u0259s\u0259l\u0259l\u0259r\u0259 lal-dinm\u0259z seyr\u00e7i olmaq \u0259zab\u0131&#8230;\n<\/p>\n<p>\n  Bu arada o\u011flanlar\u0131ndan birinin tan\u0131\u015f\u0131 zamin axtar\u0131rm\u0131\u015f. Uza\u011fa niy\u0259 getsinl\u0259r ki? He\u00e7 d\u00fc\u015f\u00fcnm\u0259d\u0259n onkoloji \u0259lili banka apar\u0131rlar. M\u0259nim tan\u0131d\u0131\u011f\u0131m \u0259liqabarl\u0131 halal adam mahiyy\u0259tini bilm\u0259diyi i\u015f\u0259 k\u00f6n\u00fcll\u00fc qol qoymazd\u0131. Amma art\u0131q s\u00f6hb\u0259t nitqi qurumu\u015f m\u00f6htac x\u0259st\u0259d\u0259n gedir.\n<\/p>\n<p>\n  B\u0259s bank? \u00d6t\u0259n il kredit m\u00fcraci\u0259timin m\u00fcqabilind\u0259 s\u0259n\u0259dl\u0259rim d\u00fczg\u00fcn ola-ola o q\u0259d\u0259r \u00e7\u0259k-\u00e7evir\u0259 sald\u0131lar ki, \u00e7\u0131xanda bir ovuc \u00fcr\u0259k d\u0259rman\u0131 il\u0259 birt\u0259h\u0259r \u00f6z\u00fcm\u00fc toxtatd\u0131m. M\u0259n c\u0259h\u0259nn\u0259m, g\u00f6st\u0259rdiyim zamini c\u00fcrb\u0259c\u00fcr axmaq sullarla nec\u0259 \u201ctest\u201d etmi\u015fdil\u0259rs\u0259, yaz\u0131q yumru\u011funu \u00e7\u0131rpmamaq \u00fc\u00e7\u00fcn \u0259ll\u0259rini bir-birin\u0259 kilidl\u0259mi\u015fdi.\n<\/p>\n<p>\n  Dan\u0131\u015fa bilm\u0259y\u0259n \u0259lil zaminl\u0259 bankda s\u00f6hb\u0259t nec\u0259 gedib? Sor\u011fu yaz\u0131l\u0131 \u015f\u0259kild\u0259 apar\u0131l\u0131bm\u0131? Xeyr v\u0259 \u0259sla! Sad\u0259c\u0259 bank\u0131n v\u0259 m\u00fc\u015ft\u0259rinin maraqlar\u0131 \u00fcst-\u00fcst\u0259 d\u00fc\u015f\u00fcb. \u201cZamin\u201d adland\u0131rd\u0131qlar\u0131 \u0259lil v\u0259t\u0259nda\u015fa h\u0259r iki t\u0259r\u0259f \u00fc\u00e7\u00fcn s\u0259rf\u0259li s\u0259n\u0259dl\u0259r imzalatd\u0131r\u0131l\u0131b. Y\u0259ni alanla ver\u0259n birl\u0259\u015fib olaydan bix\u0259b\u0259r qurban\u0131 \u201cyeyibl\u0259r\u201d. U\u011furlu \u0259m\u0259liyyat n\u0259tic\u0259sind\u0259 q\u0131sa m\u00fcdd\u0259td\u0259n sonra m\u00fc\u015ft\u0259rinin \u0259v\u0259zin\u0259 h\u0259r ay 103 manatl\u0131q faiz \u201czaminin\u201d pensiyas\u0131ndan tutulma\u011fa ba\u015flan\u0131b. H\u0259yat\u0131na sap-sa\u011flam davam ed\u0259n yeri-yurdu b\u0259lli m\u00fc\u015ft\u0259ri il\u0259 hesabla\u015fmaq bank\u0131n birba\u015fa s\u0259lahiyy\u0259tind\u0259dir.\n<\/p>\n<p>\n  Amma \u0259ld\u0259 h\u0259r iki t\u0259r\u0259fi qane ed\u0259n \u201cqanuni\u201d rahat \u00fcsul vark\u0259n i\u015fi \u00e7\u0259tin\u0259 salma\u011fa d\u0259ym\u0259z. \u0130ndi bildikmi, m\u0259hz \u00e7ar\u0259siz ah\u0131l adam\u0131n son \u00fcmidi niy\u0259 o \u00fcsulla qar\u0259t olunur?\n<\/p>\n<p>\n  Ona g\u00f6r\u0259 ki, \u00f6lk\u0259d\u0259 a\u015fa\u011f\u0131dan-yuxar\u0131ya \u0259lin\u0259 v\u0259zif\u0259 ke\u00e7\u0259n h\u0259r k\u0259s xalq\u0131n qan\u0131na susay\u0131r. M\u00fcxt\u0259lif t\u0259yinatl\u0131 vampirl\u0259r hakimiyy\u0259tin y\u00fcks\u0259k c\u0259zas\u0131zl\u0131q qorumas\u0131 alt\u0131nda h\u0259r f\u00fcrs\u0259td\u0259 bizi qar\u0131\u015fqa kimi \u0259zirl\u0259r. T\u0259bii prosesdir. \u00c7\u00fcnki ortada \u00f6z\u00fcn\u00fc xalq kimi yeti\u015fdirm\u0259kd\u0259n imtina ed\u0259n k\u00fctl\u0259 v\u0259 t\u0259nb\u0259l k\u00fctl\u0259nin bigan\u0259liyind\u0259n m\u0259har\u0259tl\u0259 istifad\u0259 ed\u0259n \u00e7oxn\u00f6vl\u00fc y\u0131rt\u0131c\u0131lar var.\n<\/p>\n<p>\n  M\u0259s\u0259l\u0259n, bizim \u201cinancl\u0131\u201d tan\u0131\u015f n\u0259y\u0259 des\u0259n and i\u00e7ibmi\u015f ki, \u00fc\u00e7 min manatl\u0131q krediti uza\u011f\u0131 \u00fc\u00e7 aya ba\u011flayacaq v\u0259 \u201czaminin\u201d he\u00e7 ruhu da incim\u0259y\u0259c\u0259k. Ruhu onsuz da incik adam\u0131n \u0259n b\u00f6y\u00fck t\u0259s\u0259llisi el\u0259 o \u0259lillik kart\u0131 idi&#8230;\n<\/p>\n<p>\n  L\u0259n\u0259t olsun, biz bu \u00f6lk\u0259d\u0259 yalandan i\u00e7il\u0259n n\u0259 boyda andlar g\u00f6rd\u00fck! X\u0259r\u00e7\u0259ng bunlardan ab\u0131rl\u0131 imi\u015f, \u0259n az\u0131ndan andla-v\u0259dl\u0259 aldatm\u0131r&#8230;\n<\/p>\n<p>\n  <i><br \/>\n    Yaz\u0131 m\u00fc\u0259llifin fikirl\u0259rini \u0259ks etdirir v\u0259 Meydan TV-nin m\u00f6vqeyi il\u0259 \u00fcst-\u00fcst\u0259 d\u00fc\u015fm\u0259y\u0259 bil\u0259r.<br \/>\n  <\/i><\/p>\n","protected":false},"excerpt":{"rendered":"<p>Bir ip\u00fcst\u00fc paltar s\u0259r\u0259nd\u0259n sonra g\u00f6rd\u00fcm hava tutulub<\/p>\n","protected":false},"author":11,"featured_media":80491,"comment_status":"closed","ping_status":"open","sticky":false,"template":"","format":"standard","meta":{"_acf_changed":false,"_sitemap_exclude":false,"_sitemap_priority":"","_sitemap_frequency":"","footnotes":""},"categories":[57],"tags":[],"class_list":["post-190367","post","type-post","status-publish","format-standard","has-post-thumbnail","hentry","category-menim-fikrimce","infinite-scroll-item","generate-columns","tablet-grid-50","mobile-grid-100","grid-parent","grid-33","no-featured-image-padding"],"acf":[],"yoast_head":"<!-- This site is optimized with the Yoast SEO plugin v27.4 - https:\/\/yoast.com\/product\/yoast-seo-wordpress\/ -->\n<title>\u0130pd\u0259n as\u0131l\u0131 xo\u015fb\u0259xtlik - MEYDAN.TV<\/title>\n<meta name=\"robots\" content=\"index, follow, max-snippet:-1, max-image-preview:large, max-video-preview:-1\" \/>\n<link rel=\"canonical\" href=\"https:\/\/www.meydan.tv\/az\/article\/ipden-asili-xosbextlik\/\" \/>\n<meta property=\"og:locale\" content=\"az_AZ\" \/>\n<meta property=\"og:type\" content=\"article\" \/>\n<meta property=\"og:title\" content=\"\u0130pd\u0259n as\u0131l\u0131 xo\u015fb\u0259xtlik - MEYDAN.TV\" \/>\n<meta property=\"og:description\" content=\"Bir ip\u00fcst\u00fc paltar s\u0259r\u0259nd\u0259n sonra g\u00f6rd\u00fcm hava tutulub\" \/>\n<meta property=\"og:url\" content=\"https:\/\/www.meydan.tv\/az\/article\/ipden-asili-xosbextlik\/\" \/>\n<meta property=\"og:site_name\" content=\"MEYDAN.TV\" \/>\n<meta property=\"article:published_time\" content=\"2018-06-07T19:55:40+00:00\" \/>\n<meta property=\"og:image\" content=\"https:\/\/www.meydan.tv\/wp-content\/uploads\/31405.jpg\" \/>\n\t<meta property=\"og:image:width\" content=\"1334\" \/>\n\t<meta property=\"og:image:height\" content=\"998\" \/>\n\t<meta property=\"og:image:type\" content=\"image\/jpeg\" \/>\n<meta name=\"author\" content=\"user-manager\" \/>\n<meta name=\"twitter:card\" content=\"summary_large_image\" \/>\n<script type=\"application\/ld+json\" class=\"yoast-schema-graph\">{\"@context\":\"https:\\\/\\\/schema.org\",\"@graph\":[{\"@type\":\"Article\",\"@id\":\"https:\\\/\\\/www.meydan.tv\\\/az\\\/article\\\/ipden-asili-xosbextlik\\\/#article\",\"isPartOf\":{\"@id\":\"https:\\\/\\\/www.meydan.tv\\\/az\\\/article\\\/ipden-asili-xosbextlik\\\/\"},\"author\":{\"name\":\"user-manager\",\"@id\":\"https:\\\/\\\/www.meydan.tv\\\/az\\\/#\\\/schema\\\/person\\\/10d11eccf6da3662cf5fdab9806ea91a\"},\"headline\":\"\u0130pd\u0259n as\u0131l\u0131 xo\u015fb\u0259xtlik\",\"datePublished\":\"2018-06-07T19:55:40+00:00\",\"mainEntityOfPage\":{\"@id\":\"https:\\\/\\\/www.meydan.tv\\\/az\\\/article\\\/ipden-asili-xosbextlik\\\/\"},\"wordCount\":1092,\"publisher\":{\"@id\":\"https:\\\/\\\/www.meydan.tv\\\/az\\\/#organization\"},\"image\":{\"@id\":\"https:\\\/\\\/www.meydan.tv\\\/az\\\/article\\\/ipden-asili-xosbextlik\\\/#primaryimage\"},\"thumbnailUrl\":\"https:\\\/\\\/www.meydan.tv\\\/wp-content\\\/uploads\\\/31405.jpg\",\"articleSection\":[\"M\u0259nim Fikrimc\u0259\"],\"inLanguage\":\"az\"},{\"@type\":\"WebPage\",\"@id\":\"https:\\\/\\\/www.meydan.tv\\\/az\\\/article\\\/ipden-asili-xosbextlik\\\/\",\"url\":\"https:\\\/\\\/www.meydan.tv\\\/az\\\/article\\\/ipden-asili-xosbextlik\\\/\",\"name\":\"\u0130pd\u0259n as\u0131l\u0131 xo\u015fb\u0259xtlik - MEYDAN.TV\",\"isPartOf\":{\"@id\":\"https:\\\/\\\/www.meydan.tv\\\/az\\\/#website\"},\"primaryImageOfPage\":{\"@id\":\"https:\\\/\\\/www.meydan.tv\\\/az\\\/article\\\/ipden-asili-xosbextlik\\\/#primaryimage\"},\"image\":{\"@id\":\"https:\\\/\\\/www.meydan.tv\\\/az\\\/article\\\/ipden-asili-xosbextlik\\\/#primaryimage\"},\"thumbnailUrl\":\"https:\\\/\\\/www.meydan.tv\\\/wp-content\\\/uploads\\\/31405.jpg\",\"datePublished\":\"2018-06-07T19:55:40+00:00\",\"breadcrumb\":{\"@id\":\"https:\\\/\\\/www.meydan.tv\\\/az\\\/article\\\/ipden-asili-xosbextlik\\\/#breadcrumb\"},\"inLanguage\":\"az\",\"potentialAction\":[{\"@type\":\"ReadAction\",\"target\":[\"https:\\\/\\\/www.meydan.tv\\\/az\\\/article\\\/ipden-asili-xosbextlik\\\/\"]}]},{\"@type\":\"ImageObject\",\"inLanguage\":\"az\",\"@id\":\"https:\\\/\\\/www.meydan.tv\\\/az\\\/article\\\/ipden-asili-xosbextlik\\\/#primaryimage\",\"url\":\"https:\\\/\\\/www.meydan.tv\\\/wp-content\\\/uploads\\\/31405.jpg\",\"contentUrl\":\"https:\\\/\\\/www.meydan.tv\\\/wp-content\\\/uploads\\\/31405.jpg\",\"width\":1334,\"height\":998,\"caption\":\"Source:\"},{\"@type\":\"BreadcrumbList\",\"@id\":\"https:\\\/\\\/www.meydan.tv\\\/az\\\/article\\\/ipden-asili-xosbextlik\\\/#breadcrumb\",\"itemListElement\":[{\"@type\":\"ListItem\",\"position\":1,\"name\":\"Ana s\u0259hif\u0259\",\"item\":\"https:\\\/\\\/www.meydan.tv\\\/az\\\/\"},{\"@type\":\"ListItem\",\"position\":2,\"name\":\"M\u0259nim Fikrimc\u0259\",\"item\":\"https:\\\/\\\/www.meydan.tv\\\/az\\\/section\\\/menim-fikrimce\\\/\"},{\"@type\":\"ListItem\",\"position\":3,\"name\":\"\u0130pd\u0259n as\u0131l\u0131 xo\u015fb\u0259xtlik\"}]},{\"@type\":\"WebSite\",\"@id\":\"https:\\\/\\\/www.meydan.tv\\\/az\\\/#website\",\"url\":\"https:\\\/\\\/www.meydan.tv\\\/az\\\/\",\"name\":\"MEYDAN.TV\",\"description\":\"Meydan TV Az\u0259rbaycan\u0131n media m\u0259kan\u0131ndak\u0131 alternativ s\u0259sidir\",\"publisher\":{\"@id\":\"https:\\\/\\\/www.meydan.tv\\\/az\\\/#organization\"},\"potentialAction\":[{\"@type\":\"SearchAction\",\"target\":{\"@type\":\"EntryPoint\",\"urlTemplate\":\"https:\\\/\\\/www.meydan.tv\\\/az\\\/?s={search_term_string}\"},\"query-input\":{\"@type\":\"PropertyValueSpecification\",\"valueRequired\":true,\"valueName\":\"search_term_string\"}}],\"inLanguage\":\"az\"},{\"@type\":\"Organization\",\"@id\":\"https:\\\/\\\/www.meydan.tv\\\/az\\\/#organization\",\"name\":\"Meydan TV\",\"url\":\"https:\\\/\\\/www.meydan.tv\\\/az\\\/\",\"logo\":{\"@type\":\"ImageObject\",\"inLanguage\":\"az\",\"@id\":\"https:\\\/\\\/www.meydan.tv\\\/az\\\/#\\\/schema\\\/logo\\\/image\\\/\",\"url\":\"https:\\\/\\\/www.meydan.tv\\\/wp-content\\\/uploads\\\/2021\\\/07\\\/meydan-logo.svg\",\"contentUrl\":\"https:\\\/\\\/www.meydan.tv\\\/wp-content\\\/uploads\\\/2021\\\/07\\\/meydan-logo.svg\",\"width\":195,\"height\":46,\"caption\":\"Meydan TV\"},\"image\":{\"@id\":\"https:\\\/\\\/www.meydan.tv\\\/az\\\/#\\\/schema\\\/logo\\\/image\\\/\"}},{\"@type\":\"Person\",\"@id\":\"https:\\\/\\\/www.meydan.tv\\\/az\\\/#\\\/schema\\\/person\\\/10d11eccf6da3662cf5fdab9806ea91a\",\"name\":\"user-manager\"}]}<\/script>\n<!-- \/ Yoast SEO plugin. -->","yoast_head_json":{"title":"\u0130pd\u0259n as\u0131l\u0131 xo\u015fb\u0259xtlik - MEYDAN.TV","robots":{"index":"index","follow":"follow","max-snippet":"max-snippet:-1","max-image-preview":"max-image-preview:large","max-video-preview":"max-video-preview:-1"},"canonical":"https:\/\/www.meydan.tv\/az\/article\/ipden-asili-xosbextlik\/","og_locale":"az_AZ","og_type":"article","og_title":"\u0130pd\u0259n as\u0131l\u0131 xo\u015fb\u0259xtlik - MEYDAN.TV","og_description":"Bir ip\u00fcst\u00fc paltar s\u0259r\u0259nd\u0259n sonra g\u00f6rd\u00fcm hava tutulub","og_url":"https:\/\/www.meydan.tv\/az\/article\/ipden-asili-xosbextlik\/","og_site_name":"MEYDAN.TV","article_published_time":"2018-06-07T19:55:40+00:00","og_image":[{"width":1334,"height":998,"url":"https:\/\/www.meydan.tv\/wp-content\/uploads\/31405.jpg","type":"image\/jpeg"}],"author":"user-manager","twitter_card":"summary_large_image","schema":{"@context":"https:\/\/schema.org","@graph":[{"@type":"Article","@id":"https:\/\/www.meydan.tv\/az\/article\/ipden-asili-xosbextlik\/#article","isPartOf":{"@id":"https:\/\/www.meydan.tv\/az\/article\/ipden-asili-xosbextlik\/"},"author":{"name":"user-manager","@id":"https:\/\/www.meydan.tv\/az\/#\/schema\/person\/10d11eccf6da3662cf5fdab9806ea91a"},"headline":"\u0130pd\u0259n as\u0131l\u0131 xo\u015fb\u0259xtlik","datePublished":"2018-06-07T19:55:40+00:00","mainEntityOfPage":{"@id":"https:\/\/www.meydan.tv\/az\/article\/ipden-asili-xosbextlik\/"},"wordCount":1092,"publisher":{"@id":"https:\/\/www.meydan.tv\/az\/#organization"},"image":{"@id":"https:\/\/www.meydan.tv\/az\/article\/ipden-asili-xosbextlik\/#primaryimage"},"thumbnailUrl":"https:\/\/www.meydan.tv\/wp-content\/uploads\/31405.jpg","articleSection":["M\u0259nim Fikrimc\u0259"],"inLanguage":"az"},{"@type":"WebPage","@id":"https:\/\/www.meydan.tv\/az\/article\/ipden-asili-xosbextlik\/","url":"https:\/\/www.meydan.tv\/az\/article\/ipden-asili-xosbextlik\/","name":"\u0130pd\u0259n as\u0131l\u0131 xo\u015fb\u0259xtlik - MEYDAN.TV","isPartOf":{"@id":"https:\/\/www.meydan.tv\/az\/#website"},"primaryImageOfPage":{"@id":"https:\/\/www.meydan.tv\/az\/article\/ipden-asili-xosbextlik\/#primaryimage"},"image":{"@id":"https:\/\/www.meydan.tv\/az\/article\/ipden-asili-xosbextlik\/#primaryimage"},"thumbnailUrl":"https:\/\/www.meydan.tv\/wp-content\/uploads\/31405.jpg","datePublished":"2018-06-07T19:55:40+00:00","breadcrumb":{"@id":"https:\/\/www.meydan.tv\/az\/article\/ipden-asili-xosbextlik\/#breadcrumb"},"inLanguage":"az","potentialAction":[{"@type":"ReadAction","target":["https:\/\/www.meydan.tv\/az\/article\/ipden-asili-xosbextlik\/"]}]},{"@type":"ImageObject","inLanguage":"az","@id":"https:\/\/www.meydan.tv\/az\/article\/ipden-asili-xosbextlik\/#primaryimage","url":"https:\/\/www.meydan.tv\/wp-content\/uploads\/31405.jpg","contentUrl":"https:\/\/www.meydan.tv\/wp-content\/uploads\/31405.jpg","width":1334,"height":998,"caption":"Source:"},{"@type":"BreadcrumbList","@id":"https:\/\/www.meydan.tv\/az\/article\/ipden-asili-xosbextlik\/#breadcrumb","itemListElement":[{"@type":"ListItem","position":1,"name":"Ana s\u0259hif\u0259","item":"https:\/\/www.meydan.tv\/az\/"},{"@type":"ListItem","position":2,"name":"M\u0259nim Fikrimc\u0259","item":"https:\/\/www.meydan.tv\/az\/section\/menim-fikrimce\/"},{"@type":"ListItem","position":3,"name":"\u0130pd\u0259n as\u0131l\u0131 xo\u015fb\u0259xtlik"}]},{"@type":"WebSite","@id":"https:\/\/www.meydan.tv\/az\/#website","url":"https:\/\/www.meydan.tv\/az\/","name":"MEYDAN.TV","description":"Meydan TV Az\u0259rbaycan\u0131n media m\u0259kan\u0131ndak\u0131 alternativ s\u0259sidir","publisher":{"@id":"https:\/\/www.meydan.tv\/az\/#organization"},"potentialAction":[{"@type":"SearchAction","target":{"@type":"EntryPoint","urlTemplate":"https:\/\/www.meydan.tv\/az\/?s={search_term_string}"},"query-input":{"@type":"PropertyValueSpecification","valueRequired":true,"valueName":"search_term_string"}}],"inLanguage":"az"},{"@type":"Organization","@id":"https:\/\/www.meydan.tv\/az\/#organization","name":"Meydan TV","url":"https:\/\/www.meydan.tv\/az\/","logo":{"@type":"ImageObject","inLanguage":"az","@id":"https:\/\/www.meydan.tv\/az\/#\/schema\/logo\/image\/","url":"https:\/\/www.meydan.tv\/wp-content\/uploads\/2021\/07\/meydan-logo.svg","contentUrl":"https:\/\/www.meydan.tv\/wp-content\/uploads\/2021\/07\/meydan-logo.svg","width":195,"height":46,"caption":"Meydan TV"},"image":{"@id":"https:\/\/www.meydan.tv\/az\/#\/schema\/logo\/image\/"}},{"@type":"Person","@id":"https:\/\/www.meydan.tv\/az\/#\/schema\/person\/10d11eccf6da3662cf5fdab9806ea91a","name":"user-manager"}]}},"_links":{"self":[{"href":"https:\/\/www.meydan.tv\/az\/wp-json\/wp\/v2\/posts\/190367","targetHints":{"allow":["GET"]}}],"collection":[{"href":"https:\/\/www.meydan.tv\/az\/wp-json\/wp\/v2\/posts"}],"about":[{"href":"https:\/\/www.meydan.tv\/az\/wp-json\/wp\/v2\/types\/post"}],"author":[{"embeddable":true,"href":"https:\/\/www.meydan.tv\/az\/wp-json\/wp\/v2\/users\/11"}],"replies":[{"embeddable":true,"href":"https:\/\/www.meydan.tv\/az\/wp-json\/wp\/v2\/comments?post=190367"}],"version-history":[{"count":0,"href":"https:\/\/www.meydan.tv\/az\/wp-json\/wp\/v2\/posts\/190367\/revisions"}],"wp:featuredmedia":[{"embeddable":true,"href":"https:\/\/www.meydan.tv\/az\/wp-json\/wp\/v2\/media\/80491"}],"wp:attachment":[{"href":"https:\/\/www.meydan.tv\/az\/wp-json\/wp\/v2\/media?parent=190367"}],"wp:term":[{"taxonomy":"category","embeddable":true,"href":"https:\/\/www.meydan.tv\/az\/wp-json\/wp\/v2\/categories?post=190367"},{"taxonomy":"post_tag","embeddable":true,"href":"https:\/\/www.meydan.tv\/az\/wp-json\/wp\/v2\/tags?post=190367"}],"curies":[{"name":"wp","href":"https:\/\/api.w.org\/{rel}","templated":true}]}}