{"id":190237,"date":"2018-05-30T19:43:40","date_gmt":"2018-05-30T19:43:40","guid":{"rendered":"https:\/\/www.meydan.tv\/article\/mfaxundovdan-baslayib-rustem-ibrahimbeyovadek-geldiyimiz-yanlis-yol\/"},"modified":"2018-05-30T19:43:40","modified_gmt":"2018-05-30T19:43:40","slug":"mfaxundovdan-baslayib-rustem-ibrahimbeyovadek-geldiyimiz-yanlis-yol","status":"publish","type":"post","link":"https:\/\/www.meydan.tv\/az\/article\/mfaxundovdan-baslayib-rustem-ibrahimbeyovadek-geldiyimiz-yanlis-yol\/","title":{"rendered":"M.F.Axundovdan ba\u015flay\u0131b R\u00fcst\u0259m \u0130brahimb\u0259yovad\u0259k g\u0259ldiyimiz yanl\u0131\u015f yol"},"content":{"rendered":"<figure class=\"wp-block-image size-large\">\n  <img decoding=\"async\" src=\"https:\/\/www.meydan.tv\/az\/rustem-ibrahimbeyov-2\/\" alt=\"R\u00fcst\u0259m \u0130brahimb\u0259yov\" class=\"wp-image-104475\"\/><figcaption>\n    R\u00fcst\u0259m \u0130brahimb\u0259yov<br \/>\n  <\/figcaption><\/figure>\n<p>\n  <b><br \/>\n    Birinci.<br \/>\n  <\/b><br \/>\n  R\u00fcst\u0259m \u0130brahimb\u0259yovun \u201cQafqaz \u00fc\u00e7l\u00fcy\u00fc\u201d filmi bu s\u00f6zl\u0259rl\u0259 ba\u015flan\u0131r: \u201c&#8230; \u0259razi bax\u0131m\u0131ndan Az\u0259rbaycanda yerl\u0259\u015f\u0259n Da\u011fl\u0131q Qaraba\u011f&#8230;\u201d (&#8230;\u0442\u0435\u0440\u0440\u0438\u0442\u043e\u0440\u0438\u0430\u043b\u044c\u043d\u043e \u043d\u0430\u0445\u043e\u0434\u044f\u0449\u0430\u044f\u0441\u044f \u0432 \u0410\u0437\u0435\u0440\u0431\u0430\u0439\u0434\u0436\u0430\u043d\u0435&#8230;). El\u0259 bil \u018fr\u0259bistan yar\u0131madas\u0131n\u0131n ne\u00e7\u0259 milyon ill\u0259rs\u0259 qabaq Afrika qit\u0259sin\u0259 yap\u0131\u015f\u0131q olmas\u0131ndan s\u00f6hb\u0259t gedir. Bel\u0259 diplomatik ikiba\u015fl\u0131l\u0131q n\u0259 \u00fc\u00e7\u00fcn laz\u0131m idi? Da\u011fl\u0131q Qaraba\u011f Az\u0259rbaycana t\u0259kc\u0259 co\u011frafi bax\u0131mdan yox, h\u0259m d\u0259 v\u0259 \u0259n ba\u015fl\u0131cas\u0131, tarixi, h\u00fcquqi v\u0259 m\u0259d\u0259niyy\u0259t bax\u0131m\u0131ndan aiddir.\n<\/p>\n<p>\n  <b><br \/>\n    \u0130kinci.<br \/>\n  <\/b><br \/>\n  Filmd\u0259 g\u00f6st\u0259rildiyin\u0259 g\u00f6r\u0259, az\u0259rbaycanl\u0131lar \u2013 \u00f6z\u00fc d\u0259 u\u015faqdan b\u00f6y\u00fcy\u0259 \u2013 erm\u0259nil\u0259r\u0259 nifr\u0259t edirl\u0259r. Bu, do\u011frudur, az\u0259rbaycanl\u0131lar erm\u0259nil\u0259r\u0259 nifr\u0259t edirl\u0259r. Ancaq filmd\u0259 bu nifr\u0259tin yaran\u0131\u015f s\u0259b\u0259bl\u0259ri bar\u0259sind\u0259 dan\u0131\u015fmaq bir yana dursun, buna he\u00e7 eyham da yoxdur. Bel\u0259 \u00e7\u0131x\u0131r ki, az\u0259rbaycanl\u0131lar erm\u0259nil\u0259r\u0259 s\u0259b\u0259bsiz (ba\u015fqa s\u00f6zl\u0259, haqs\u0131z!) yer\u0259, y\u0259ni \u00f6z psixolojik ill\u00fcziyalar\u0131 s\u0259b\u0259bind\u0259n nifr\u0259t edirl\u0259r. Bel\u0259 s\u0259b\u0259bsiz nifr\u0259tin (\u0259slind\u0259 qorxunun) ad\u0131 is\u0259 psixologiyada fobiya adlan\u0131r. Dem\u0259li, film az\u0259rbaycanl\u0131lar\u0131n erm\u0259nil\u0259r\u0259 qar\u015f\u0131 nifr\u0259tini g\u00f6st\u0259rib, nifr\u0259tin s\u0259b\u0259bin\u0259 toxunmamaqla az\u0259rbaycanl\u0131lar\u0131 \u201carmyanofob\u201d kimi t\u0259qdim etm\u0259y\u0259 \u00e7al\u0131\u015f\u0131r. Az\u0259rbaycanl\u0131lar\u0131n erm\u0259nil\u0259r\u0259 nifr\u0259ti do\u011frudanm\u0131 s\u0259b\u0259bsizdir?!\n<\/p>\n<p>\n  Erm\u0259nil\u0259r \u00f6z q\u0259dimlikl\u0259rin\u0259 inand\u0131qlar\u0131ndan \u00f6z tarixl\u0259rin\u0259 d\u0259 d\u00fc\u015fk\u00fcnd\u00fcrl\u0259r. Tarix is\u0259 z\u0259h\u0259rdir, kin z\u0259h\u0259ri. \u00d6z tarixini bilm\u0259k \u2013 bu z\u0259h\u0259rl\u0259 z\u0259h\u0259rl\u0259nm\u0259k dem\u0259kdir. \u00d6z tarixini bil\u0259nl\u0259r \u2013 ke\u00e7mi\u015fd\u0259ki dostlar\u0131n\u0131-d\u00fc\u015fm\u0259nl\u0259rini tan\u0131y\u0131b, bunu unutmay\u0131b, kin z\u0259h\u0259rini \u00fcr\u0259yind\u0259 saxlama\u011fa, \u00f6z tarixind\u0259n x\u0259b\u0259rsizl\u0259r is\u0259 k\u00f6rp\u0259 u\u015faq sad\u0259l\u00f6vhl\u00fcy\u00fc v\u0259 unutqanl\u0131\u011f\u0131yla xo\u015fb\u0259xt-xo\u015fb\u0259xt ya\u015fama\u011fa m\u0259hkumdurlar. Biz \u00e7ox sonralar anlad\u0131q ki, n\u0259rimann\u0259rimanovlar v\u0259 mirc\u0259f\u0259rba\u011f\u0131rovlar ancaq bol\u015fevik imi\u015fl\u0259rs\u0259, \u015faumyanlar v\u0259 mikoyanlar bol\u015fevik v\u0259 kommunist olmaqla yana\u015f\u0131, s\u0259n dem\u0259, erm\u0259nilikl\u0259rini d\u0259 unutmay\u0131bm\u0131\u015flar; biz erm\u0259nil\u0259rd\u0259n \u00f6z\u00fcm\u00fcz\u0259 kirv\u0259 tutanda, onlar Qaraba\u011f\u0131 bizd\u0259n qoparmaq \u00fc\u00e7\u00fcn Bak\u0131da Krunk t\u0259\u015fkilat\u0131na pul toplay\u0131rm\u0131\u015flar; biz \u015eaumyana h\u0259sr edil\u0259n \u015feirl\u0259ri d\u0259rs kitablar\u0131ndan \u0259zb\u0259rl\u0259y\u0259nd\u0259, erm\u0259ni tarix\u00e7isi 1942-ci ild\u0259 Bak\u0131da Da\u011fl\u0131q Qaraba\u011f\u0131 Artsax adland\u0131raraq, \u201cArtsax\u0131n \u0259r\u0259b i\u015f\u011fal\u00e7\u0131lar\u0131na qar\u015f\u0131 m\u00fcbariz\u0259si\u201d m\u00f6vzusunda monoqrafiyas\u0131n\u0131 \u00e7ap etdirirmi\u015f. Erm\u0259nil\u0259r az\u0259rbaycanl\u0131lardan daha q\u0259dim deyill\u0259r, daha yadda\u015fl\u0131d\u0131rlar. Q\u0131sas\u0131, bu nifr\u0259tin m\u0259n\u015f\u0259yi unutqan az\u0259rbaycanl\u0131lar yox, yadda\u015fl\u0131 erm\u0259nil\u0259rdir. Bu g\u00fcn\u00fcn \u00f6z\u00fcnd\u0259 d\u0259 erm\u0259nil\u0259rin biz\u0259 qar\u015f\u0131 kini bizimkind\u0259n daha dayan\u0131ql\u0131d\u0131r. \u00c7\u00fcnki bizim onlara qar\u015f\u0131 otuz ya\u015fl\u0131 kinimiz d\u0259rin tarixi dayaqdan \u2013 z\u0259h\u0259rd\u0259n m\u0259hrumdur. \u0130brahimb\u0259yovun filmi is\u0259 bizi erm\u0259niy\u0259 nifr\u0259t etm\u0259kd\u0259 su\u00e7land\u0131r\u0131r.\n<\/p>\n<p>\n  <b><br \/>\n    \u00dc\u00e7\u00fcnc\u00fc.<br \/>\n  <\/b><br \/>\n  R.\u0130brahimb\u0259yov film haqq\u0131nda video-m\u00fcsahib\u0259sind\u0259, son ill\u0259r haradansa peyda olan arqumenti t\u0259krarlay\u0131b, t\u0259xmin\u0259n bel\u0259 deyir: \u201cAz\u0259rbaycanl\u0131lar erm\u0259nil\u0259r\u0259 nifr\u0259t etm\u0259m\u0259lidirl\u0259r. \u018fks t\u0259qdird\u0259, erm\u0259nil\u0259r dey\u0259rl\u0259r ki, bax, g\u00f6r\u00fcrs\u00fcn\u00fcz, az\u0259rbaycanl\u0131lar biz\u0259 nifr\u0259t edirl\u0259r, ona g\u00f6r\u0259 d\u0259 biz Qaraba\u011f erm\u0259nil\u0259ri Az\u0259rbaycan\u0131n t\u0259rkibind\u0259 ya\u015faya bilm\u0259rik.\u201d Bir s\u00f6zl\u0259, Qaraba\u011f\u0131 geri qaytarma\u011f\u0131m\u0131z \u00fc\u00e7\u00fcn erm\u0259nil\u0259rl\u0259 bar\u0131\u015fma\u011fa haz\u0131r olmal\u0131y\u0131qm\u0131\u015f\u0131q. G\u00f6r\u0259s\u0259n, erm\u0259nil\u0259rd\u0259n d\u0259 t\u0259l\u0259b edilirmi biz az\u0259rbaycanl\u0131lara qar\u015f\u0131 ind\u0259n bel\u0259 nifr\u0259t etm\u0259sinl\u0259r v\u0259 bel\u0259c\u0259 bizim Erm\u0259nistandan qovulanlar\u0131m\u0131z da oraya qay\u0131da bilsinl\u0259r dey\u0259? Do\u011frudanm\u0131 m\u0259\u015fq ets\u0259k, \u00f6z\u00fcm\u00fcz\u00fc \u0259hlil\u0259\u015fdirs\u0259k v\u0259 yaxud m\u00f6c\u00fcz\u0259vi genetik m\u00fcdaxil\u0259 il\u0259 erm\u0259nil\u0259r\u0259 qar\u015f\u0131 ac\u0131ql\u0131 genl\u0259rimizi m\u0259hv ets\u0259k, erm\u0259nil\u0259r Qaraba\u011f\u0131 Az\u0259rbaycan\u0131n t\u0259rkibin\u0259 qaytarma\u011fa raz\u0131 olarlar?! Bu ki, d\u0259lilikdir. \u00dcmumiyy\u0259tl\u0259, \u00fcmumb\u0259\u015f\u0259ri fikir tarixind\u0259 (f\u0259ls\u0259f\u0259d\u0259, \u0259d\u0259biyyatda, dinl\u0259rd\u0259 v\u0259 s.), \u0259dal\u0259tsizlik t\u00f6r\u0259d\u0259n zal\u0131mdandanm\u0131 t\u0259l\u0259b edilir nifr\u0259tini soyut, kinini s\u00f6nd\u00fcr dey\u0259, yoxsa haqs\u0131zl\u0131\u011fa m\u0259ruz qalan, z\u0259r\u0259r\u00e7\u0259k\u0259n qurbandan?!<br \/>\n  <br \/>\n  R\u00fcst\u0259m \u0130brahimb\u0259yov \u00f6z xalq\u0131na, daha do\u011frusu, \u00f6z mill\u0259tin\u0259 qar\u015f\u0131 n\u0259 \u00fc\u00e7\u00fcn bel\u0259 m\u00f6vqed\u0259dir? \u0130brahimb\u0259yov t\u0259kdirmi, istisnad\u0131rm\u0131, satq\u0131nd\u0131rm\u0131? Yox, biryolluq yox! \u0130brahimb\u0259yov \u2013 t\u0259k, istisna, satq\u0131n deyildir, o, Mirz\u0259 F\u0259t\u0259li Axundovdan ba\u015flanan \u2013 el\u0259 bu s\u0259tirl\u0259rin m\u00fc\u0259llifinin \u00f6z\u00fcn\u00fc d\u0259 on-onbe\u015f il bundan qabaqk\u0131 bir s\u0131ra yaz\u0131lar\u0131nda h\u0259min m\u00f6vqeni tutma\u011fa s\u00fcr\u00fckl\u0259y\u0259n, indi is\u0259 utand\u0131ran \u2013 t\u0259qrib\u0259n iki y\u00fcz illik bir yolun yol\u00e7usudur. Bu yol \u2013 \u00f6z\u00fcn\u00fc inkar, \u00f6z\u00fcnd\u0259n iyr\u0259nm\u0259, \u00f6z\u00fcn\u00fc al\u00e7altma yoludur.\n<\/p>\n<p>\n  G\u00f6r\u0259s\u0259n, Sovet D\u00f6vl\u0259tind\u0259 70 il boyunca biz\u0259 n\u0259 \u00fc\u00e7\u00fcn ana dilimizi v\u0259 milliyy\u0259timizi qabardan mirz\u0259kaz\u0131mb\u0259yl\u0259r, \u0259lib\u0259yh\u00fcseynzad\u0259l\u0259r yox, \u00f6z mill\u0259tinin b\u00f6y\u00fckl\u00fcy\u00fcn\u0259 inanaraq bayraq qald\u0131r\u0131b, d\u00f6vl\u0259t quran r\u0259sulzad\u0259l\u0259r, xoyskil\u0259r, top\u00e7uba\u015fovlar yox, \u201cS\u0259n Hac\u0131 Qarasan!\u201d (M.F.Axundov); \u201cS\u0259n \u015eeyx N\u0259srullahsan, uzaqba\u015f\u0131 Kefli \u0130sg\u0259nd\u0259rs\u0259n s\u0259n!\u201d (C.M\u0259mm\u0259dquluzad\u0259); \u201cS\u0259n cin-\u015feytandan da qorxulu m\u00fcs\u0259lmansan!\u201d (M.\u018f.Sabir); \u201cS\u0259n bu tayda M\u0259\u015f\u0259di \u0130badsan, o tayda M\u0259\u015f\u0259di \u0130bad\u0131n hambal\u0131!\u201d (\u00dc.Hac\u0131b\u0259yov) dey\u0259nl\u0259rimiz tan\u0131d\u0131ld\u0131, \u00f6yr\u0259dildi?\n<\/p>\n<p>\n  Yeri g\u0259lmi\u015fk\u0259n, \u00dc.Hac\u0131b\u0259yov c\u0259nubi az\u0259rbaycanl\u0131 bac\u0131-qarda\u015flar\u0131m\u0131za qar\u015f\u0131 \u201cM\u0259\u015f\u0259di \u0130bad\u0131n hambal\u0131\u201d personaj\u0131yla ba\u011f\u0131\u015flan\u0131lmaz v\u0259 iyr\u0259nc bir zarafata yol verib. R.\u0130brahimb\u0259yovun s\u0259l\u0259fi \u00dc.Hac\u0131b\u0259yovdur. Hac\u0131b\u0259yovu dahi sayan az\u0259rbaycanl\u0131lar bir ne\u00e7\u0259 il sonra \u0130brahimb\u0259yovla da f\u0259xr ed\u0259c\u0259kl\u0259r. \u00c7\u00fcnki Axundovdan \u00fcz\u00fc bu yana yarad\u0131c\u0131l\u0131q, ziyal\u0131l\u0131q v\u0259 elitarl\u0131q modeli \u2013 \u00f6z mill\u0259tini al\u00e7altmaq, \u00f6z mill\u0259tini \u0259l\u0259 salmaq kimi ba\u015fa d\u00fc\u015f\u00fclm\u0259kd\u0259dir, t\u0259k-t\u00fck istisna \u015f\u0259xsl\u0259ri \u00e7\u0131xmaq \u015f\u0259rtil\u0259. Biz\u0259 \u201cTfu, sizin \u00fcz\u00fcn\u00fcz\u0259!\u201d dey\u0259n C.M\u0259mm\u0259dquluzad\u0259d\u0259n n\u0259yi pisdir R.\u0130brahimb\u0259yovun?! \u0130brahimb\u0259yov bu s\u0259b\u0259bd\u0259n rahatd\u0131r, deyir: \u201cBir g\u00fcn g\u0259l\u0259c\u0259k, bu filmim d\u0259 q\u0259bul edil\u0259c\u0259kdir\u201d.\n<\/p>\n<p>\n  Prezident \u0130lham \u018fliyev v\u0259 onun h\u0259yat yolda\u015f\u0131 Mehriban \u018fliyeva Az\u0259rbaycan xalq\u0131na m\u00fcnasib\u0259td\u0259 axundov\u00e7u m\u0259kt\u0259binin \u0259n parlaq m\u0259zunlar\u0131, bu yolun \u0259n tipik n\u00fcmay\u0259nd\u0259l\u0259ridirl\u0259r. D\u00fczd\u00fcr, onlar \u0259d\u0259bi-b\u0259dii \u0259s\u0259rl\u0259r yaratm\u0131rlar, ancaq xalqa qar\u015f\u0131 eyni m\u00fcnasib\u0259ti davran\u0131\u015flar\u0131yla g\u00f6st\u0259rirl\u0259r. Onlar\u0131n \u00f6z aralar\u0131nda bir-birl\u0259rin\u0259 dedikl\u0259rini (\u0259lb\u0259tt\u0259, rus dilind\u0259) \u2013 \u201cBu xalq qoyun kimi \u015feydir\u201d, \u201cBu xalqa yax\u015f\u0131l\u0131q yoxdur\u201d, \u201cBu xalq h\u0259mi\u015f\u0259 kitabdan, m\u0259d\u0259niyy\u0259td\u0259n uzaq qa\u00e7an xalq olub\u201d, \u201cBu xalq pax\u0131l xalqd\u0131r\u201d kimi s\u00f6zl\u0259ri \u2013 uzaqdan e\u015fid\u0259 bil\u0259n qulaqlar duyur. Bu s\u00f6zl\u0259rin hans\u0131n\u0131n alt\u0131na axundovlar, mirz\u0259c\u0259lill\u0259r, sabirl\u0259r, hac\u0131b\u0259yovlar qol \u00e7\u0259km\u0259zdi? \u0130lham-Mehriban c\u00fctl\u00fcy\u00fcn\u00fcn xalqa m\u00fcnasib\u0259tind\u0259n e\u015fidil\u0259n budur: \u201cSiz el\u0259 buna layiqsiniz\u201d. Bu m\u00fcnasib\u0259td\u0259 Axundovun \u201cE\u015f\u015f\u0259kd\u0259n t\u00f6r\u0259y\u0259nl\u0259r d\u0259 el\u0259 e\u015f\u015f\u0259k olacaqlar\u201d s\u00f6z\u00fcn\u00fcn t\u0259sdiqi duyulmurmu?!\n<\/p>\n<p>\n  Bu yax\u0131nlarda kims\u0259 \u0130lham \u018fliyev haqq\u0131nda bel\u0259 demi\u015fdi: \u201c\u0130lham \u018fliyev \u00f6z\u00fcn\u00fc d\u00f6vl\u0259tin yiy\u0259si kimi hiss el\u0259mir, el\u0259 bil o, i\u015f\u011fal etdiyi yad bir \u00f6lk\u0259d\u0259dir, xalqa qar\u015f\u0131 q\u0259ddar v\u0259 \u015f\u0259fq\u0259tsiz r\u0259ftar edir, s\u0259rv\u0259tl\u0259rini d\u0259 ya\u011fmalay\u0131b, havaya sovurur\u201d. B\u0259y\u0259m, axundovlar\u0131n, c\u0259lilm\u0259mm\u0259dquluzad\u0259l\u0259rin, sabirl\u0259rin, hac\u0131b\u0259yovlar\u0131n xalqa qar\u015f\u0131 \u0259d\u0259bi-b\u0259dii m\u00fcnasib\u0259ti el\u0259 bu c\u00fcr deyildimi?! Onlar\u0131n hans\u0131 biri \u00f6z \u0259s\u0259rind\u0259 rusu, fars\u0131, erm\u0259nini \u0259l\u0259 sal\u0131b g\u00fclm\u0259y\u0259 \u00fcr\u0259k el\u0259di? Onlar\u0131n hans\u0131 biri yaranm\u0131\u015f ac\u0131nacaql\u0131 v\u0259ziyy\u0259tin tarixi s\u0259b\u0259bl\u0259ri bar\u0259sind\u0259 ba\u015f s\u0131nd\u0131rd\u0131? Molla N\u0259sr\u0259ddin m\u0259\u015fhur l\u0259tif\u0259sind\u0259 dediyi kimi: \u201c\u018f\u015fi, q\u0259bah\u0259tin ham\u0131s\u0131 m\u0259nimdi?! O\u011frunun he\u00e7 g\u00fcnah\u0131 yoxdu?!\u201d\n<\/p>\n<p>\n  Bir s\u00f6zl\u0259, ilk bax\u0131\u015fda n\u0259 q\u0259d\u0259r paradoksal s\u0259sl\u0259ns\u0259 d\u0259, \u0130lham \u018fliyev v\u0259 onun xalq\u0131 idar\u0259etm\u0259 \u00fcsulu axundov\u00e7ulu\u011fun m\u0259hsuludur. G\u00fcn g\u0259l\u0259c\u0259k, \u00f6lk\u0259mizd\u0259 do\u011fru\u00e7u prezident se\u00e7kil\u0259ri ke\u00e7iril\u0259nd\u0259, debatlarda namiz\u0259dl\u0259r\u0259 veril\u0259n h\u0259lledici suallardan biri bel\u0259 olacaqd\u0131r: \u201cAxundovdan ba\u015flanan, C.M\u0259mm\u0259dquluzad\u0259, M.\u018f.Sabir, \u00dc.Hac\u0131b\u0259yov v\u0259 b. davam ed\u0259n \u0259n\u0259n\u0259y\u0259 sizin m\u00fcnasib\u0259tinizi \u00f6yr\u0259nm\u0259k maraql\u0131 olard\u0131. Sizc\u0259, bu m\u00fc\u0259llifl\u0259r obyektiv tarixi reall\u0131\u011f\u0131 yaz\u0131rd\u0131lar, yoxsa \u00f6z \u015f\u0259xsi b\u0259db\u0259xtlikl\u0259rinin ac\u0131\u011f\u0131n\u0131 xalqdan \u00e7\u0131x\u0131rd\u0131lar?\u201d\n<\/p>\n<p>\n  Axundovdan ba\u015flanan, maarif\u00e7ilik, realist \u0259d\u0259biyyat kimi adlar alt\u0131nda ta bu g\u00fcnk\u00fc g\u00fcnl\u0259r\u0259d\u0259k uzan\u0131b g\u0259l\u0259n bu yol \u2013 \u00f6z\u00fcnd\u0259n iyr\u0259nm\u0259k d\u0259r\u0259c\u0259sind\u0259 \u00f6z\u00fcn\u00fcinkar, \u00f6z\u00fcn\u00fc \u0259l\u0259 sal\u0131b g\u00fclm\u0259k, \u00f6z\u00fcn\u00fc ac\u0131-ac\u0131 al\u00e7altmaq yolu \u2013 \u00f6z tarixini v\u0259 \u00f6z kulturas\u0131n\u0131 tan\u0131mamaqdan yaranm\u0131\u015fd\u0131 v\u0259 bu yolun m\u00fcasir yol\u00e7ular\u0131 da \u00f6z tarixl\u0259rini v\u0259 kulturalar\u0131n\u0131 tan\u0131mad\u0131qlar\u0131 \u00fc\u00e7\u00fcn bu yolda add\u0131mlamaqda davam edirl\u0259r.\n<\/p>\n<p>\n  Az\u0259rbaycan \u2013 Qazaxda ba\u015flay\u0131b Astarada qurtaran \u0259razid\u0259 ya\u015fayan be\u015f-on milyonluq xalq dem\u0259k deyildir. Bu mill\u0259t y\u00fczl\u0259rl\u0259 tapmaca, l\u0259tif\u0259, minl\u0259rl\u0259 atalar s\u00f6zl\u0259ri, onlarla \u0259fsan\u0259 v\u0259 r\u0259vay\u0259tl\u0259r, be\u015fcildlik na\u011f\u0131l, be\u015fcildlik dastan, bayat\u0131lar, oyunlar, musiqil\u0259r, r\u0259qsl\u0259r v\u0259 b. yaradan mill\u0259tdir. Bu, b\u00f6y\u00fck bir sivilizasiya dem\u0259kdir. Yan-y\u00f6r\u0259mizd\u0259ki qon\u015fular\u0131m\u0131z bir q\u0131ra\u011fa dursun, m\u0259d\u0259ni Avropa xalqlar\u0131ndan hans\u0131n\u0131n bu boyda m\u0259d\u0259ni s\u0259rv\u0259ti var? \u00d6z\u00fc d\u0259 bunlar vaxtil\u0259 n\u0259h\u0259ng bir \u00f6lk\u0259nin K\u0259rk\u00fck, Mosul, \u018frbil, Diyarb\u0259kir, Sivas, \u018frzurum, D\u0259rb\u0259nd, Bor\u00e7al\u0131, Z\u0259ng\u0259zur, \u0130r\u0259van, H\u0259m\u0259dan, Urmu, T\u0259briz kimi \u015f\u0259h\u0259rl\u0259rind\u0259 yox, onun bapbalaca tik\u0259sind\u0259 \u2013 sovet Az\u0259rbaycan\u0131nda \u2013 apar\u0131lan alayar\u0131m\u00e7\u0131q folklorik siyah\u0131yaalman\u0131n m\u0259hsuludur. Bu mill\u0259t Qafqaz\u0131n v\u0259 \u0130ran\u0131n \u0259n q\u0259dim sakinidir. Bunu dil faktlar\u0131, bu s\u0131radan toponim, antroponim v\u0259 bu kimi adlar s\u00fcbut edir. \u00d6lk\u0259mizin v\u0259 mill\u0259timizin gizli tarixi \u2013 ana dilimizd\u0259dir.\n<\/p>\n<p>\n  Axundovla ba\u015flanan, R.\u0130brahimb\u0259yov, \u0130lham \u018fliyev, Mehriban \u018fliyeva kimi dayanacaqlara g\u0259lib \u00e7\u0131xan, elitarl\u0131\u011f\u0131, ziyal\u0131l\u0131\u011f\u0131, yarad\u0131c\u0131l\u0131\u011f\u0131 \u00f6z mill\u0259tin\u0259 yuxar\u0131dan a\u015fa\u011fa baxmaqda g\u00f6r\u0259n yol \u2013 ancaq \u00f6z tarixini, dilini, m\u0259d\u0259niyy\u0259tini \u00f6yr\u0259nm\u0259kl\u0259 d\u0259yi\u015f\u0259 bil\u0259r. Mill\u0259timiz \u00f6z\u00fcnd\u0259 g\u00fcc tap\u0131b, ondan iyr\u0259n\u0259n ziyal\u0131lar\u0131na cavab verm\u0259lidir. Ancaq bundan sonra \u201c\u0130lham \u018fliyevin idar\u0259etm\u0259 \u00fcsulu bu mill\u0259t\u0259 layiq deyildir\u201d dem\u0259y\u0259 haqq\u0131m\u0131z olacaqd\u0131r.\n<\/p>\n<p>\n  <i><br \/>\n    <b><br \/>\n      Yaz\u0131 m\u00fc\u0259llifin fikirl\u0259rini \u0259ks etdirir v\u0259 Meydan TV-nin m\u00f6vqeyi il\u0259 \u00fcst-\u00fcst\u0259 d\u00fc\u015fm\u0259y\u0259 bil\u0259r.<br \/>\n    <\/b><br \/>\n  <\/i><\/p>\n","protected":false},"excerpt":{"rendered":"<p>Filmd\u0259 g\u00f6st\u0259rildiyin\u0259 g\u00f6r\u0259, az\u0259rbaycanl\u0131lar \u2013 \u00f6z\u00fc d\u0259 u\u015faqdan b\u00f6y\u00fcy\u0259 \u2013 erm\u0259nil\u0259r\u0259 nifr\u0259t edirl\u0259r<\/p>\n","protected":false},"author":11,"featured_media":104475,"comment_status":"closed","ping_status":"open","sticky":false,"template":"","format":"standard","meta":{"_acf_changed":false,"_sitemap_exclude":false,"_sitemap_priority":"","_sitemap_frequency":"","footnotes":""},"categories":[57],"tags":[],"class_list":["post-190237","post","type-post","status-publish","format-standard","has-post-thumbnail","hentry","category-menim-fikrimce","infinite-scroll-item","generate-columns","tablet-grid-50","mobile-grid-100","grid-parent","grid-33","no-featured-image-padding"],"acf":[],"yoast_head":"<!-- This site is optimized with the Yoast SEO plugin v27.4 - https:\/\/yoast.com\/product\/yoast-seo-wordpress\/ -->\n<title>M.F.Axundovdan ba\u015flay\u0131b R\u00fcst\u0259m \u0130brahimb\u0259yovad\u0259k g\u0259ldiyimiz yanl\u0131\u015f yol - MEYDAN.TV<\/title>\n<meta name=\"robots\" content=\"index, follow, max-snippet:-1, max-image-preview:large, max-video-preview:-1\" \/>\n<link rel=\"canonical\" href=\"https:\/\/www.meydan.tv\/az\/article\/mfaxundovdan-baslayib-rustem-ibrahimbeyovadek-geldiyimiz-yanlis-yol\/\" \/>\n<meta property=\"og:locale\" content=\"az_AZ\" \/>\n<meta property=\"og:type\" content=\"article\" \/>\n<meta property=\"og:title\" content=\"M.F.Axundovdan ba\u015flay\u0131b R\u00fcst\u0259m \u0130brahimb\u0259yovad\u0259k g\u0259ldiyimiz yanl\u0131\u015f yol - MEYDAN.TV\" \/>\n<meta property=\"og:description\" content=\"Filmd\u0259 g\u00f6st\u0259rildiyin\u0259 g\u00f6r\u0259, az\u0259rbaycanl\u0131lar \u2013 \u00f6z\u00fc d\u0259 u\u015faqdan b\u00f6y\u00fcy\u0259 \u2013 erm\u0259nil\u0259r\u0259 nifr\u0259t edirl\u0259r\" \/>\n<meta property=\"og:url\" content=\"https:\/\/www.meydan.tv\/az\/article\/mfaxundovdan-baslayib-rustem-ibrahimbeyovadek-geldiyimiz-yanlis-yol\/\" \/>\n<meta property=\"og:site_name\" content=\"MEYDAN.TV\" \/>\n<meta property=\"article:published_time\" content=\"2018-05-30T19:43:40+00:00\" \/>\n<meta property=\"og:image\" content=\"https:\/\/www.meydan.tv\/wp-content\/uploads\/41458.png\" \/>\n\t<meta property=\"og:image:width\" content=\"911\" \/>\n\t<meta property=\"og:image:height\" content=\"487\" \/>\n\t<meta property=\"og:image:type\" content=\"image\/png\" \/>\n<meta name=\"author\" content=\"user-manager\" \/>\n<meta name=\"twitter:card\" content=\"summary_large_image\" \/>\n<script type=\"application\/ld+json\" class=\"yoast-schema-graph\">{\"@context\":\"https:\\\/\\\/schema.org\",\"@graph\":[{\"@type\":\"Article\",\"@id\":\"https:\\\/\\\/www.meydan.tv\\\/az\\\/article\\\/mfaxundovdan-baslayib-rustem-ibrahimbeyovadek-geldiyimiz-yanlis-yol\\\/#article\",\"isPartOf\":{\"@id\":\"https:\\\/\\\/www.meydan.tv\\\/az\\\/article\\\/mfaxundovdan-baslayib-rustem-ibrahimbeyovadek-geldiyimiz-yanlis-yol\\\/\"},\"author\":{\"name\":\"user-manager\",\"@id\":\"https:\\\/\\\/www.meydan.tv\\\/az\\\/#\\\/schema\\\/person\\\/10d11eccf6da3662cf5fdab9806ea91a\"},\"headline\":\"M.F.Axundovdan ba\u015flay\u0131b R\u00fcst\u0259m \u0130brahimb\u0259yovad\u0259k g\u0259ldiyimiz yanl\u0131\u015f yol\",\"datePublished\":\"2018-05-30T19:43:40+00:00\",\"mainEntityOfPage\":{\"@id\":\"https:\\\/\\\/www.meydan.tv\\\/az\\\/article\\\/mfaxundovdan-baslayib-rustem-ibrahimbeyovadek-geldiyimiz-yanlis-yol\\\/\"},\"wordCount\":2367,\"publisher\":{\"@id\":\"https:\\\/\\\/www.meydan.tv\\\/az\\\/#organization\"},\"image\":{\"@id\":\"https:\\\/\\\/www.meydan.tv\\\/az\\\/article\\\/mfaxundovdan-baslayib-rustem-ibrahimbeyovadek-geldiyimiz-yanlis-yol\\\/#primaryimage\"},\"thumbnailUrl\":\"https:\\\/\\\/www.meydan.tv\\\/wp-content\\\/uploads\\\/41458.png\",\"articleSection\":[\"M\u0259nim Fikrimc\u0259\"],\"inLanguage\":\"az\"},{\"@type\":\"WebPage\",\"@id\":\"https:\\\/\\\/www.meydan.tv\\\/az\\\/article\\\/mfaxundovdan-baslayib-rustem-ibrahimbeyovadek-geldiyimiz-yanlis-yol\\\/\",\"url\":\"https:\\\/\\\/www.meydan.tv\\\/az\\\/article\\\/mfaxundovdan-baslayib-rustem-ibrahimbeyovadek-geldiyimiz-yanlis-yol\\\/\",\"name\":\"M.F.Axundovdan ba\u015flay\u0131b R\u00fcst\u0259m \u0130brahimb\u0259yovad\u0259k g\u0259ldiyimiz yanl\u0131\u015f yol - MEYDAN.TV\",\"isPartOf\":{\"@id\":\"https:\\\/\\\/www.meydan.tv\\\/az\\\/#website\"},\"primaryImageOfPage\":{\"@id\":\"https:\\\/\\\/www.meydan.tv\\\/az\\\/article\\\/mfaxundovdan-baslayib-rustem-ibrahimbeyovadek-geldiyimiz-yanlis-yol\\\/#primaryimage\"},\"image\":{\"@id\":\"https:\\\/\\\/www.meydan.tv\\\/az\\\/article\\\/mfaxundovdan-baslayib-rustem-ibrahimbeyovadek-geldiyimiz-yanlis-yol\\\/#primaryimage\"},\"thumbnailUrl\":\"https:\\\/\\\/www.meydan.tv\\\/wp-content\\\/uploads\\\/41458.png\",\"datePublished\":\"2018-05-30T19:43:40+00:00\",\"breadcrumb\":{\"@id\":\"https:\\\/\\\/www.meydan.tv\\\/az\\\/article\\\/mfaxundovdan-baslayib-rustem-ibrahimbeyovadek-geldiyimiz-yanlis-yol\\\/#breadcrumb\"},\"inLanguage\":\"az\",\"potentialAction\":[{\"@type\":\"ReadAction\",\"target\":[\"https:\\\/\\\/www.meydan.tv\\\/az\\\/article\\\/mfaxundovdan-baslayib-rustem-ibrahimbeyovadek-geldiyimiz-yanlis-yol\\\/\"]}]},{\"@type\":\"ImageObject\",\"inLanguage\":\"az\",\"@id\":\"https:\\\/\\\/www.meydan.tv\\\/az\\\/article\\\/mfaxundovdan-baslayib-rustem-ibrahimbeyovadek-geldiyimiz-yanlis-yol\\\/#primaryimage\",\"url\":\"https:\\\/\\\/www.meydan.tv\\\/wp-content\\\/uploads\\\/41458.png\",\"contentUrl\":\"https:\\\/\\\/www.meydan.tv\\\/wp-content\\\/uploads\\\/41458.png\",\"width\":911,\"height\":487,\"caption\":\"Source:\"},{\"@type\":\"BreadcrumbList\",\"@id\":\"https:\\\/\\\/www.meydan.tv\\\/az\\\/article\\\/mfaxundovdan-baslayib-rustem-ibrahimbeyovadek-geldiyimiz-yanlis-yol\\\/#breadcrumb\",\"itemListElement\":[{\"@type\":\"ListItem\",\"position\":1,\"name\":\"Ana s\u0259hif\u0259\",\"item\":\"https:\\\/\\\/www.meydan.tv\\\/az\\\/\"},{\"@type\":\"ListItem\",\"position\":2,\"name\":\"M\u0259nim Fikrimc\u0259\",\"item\":\"https:\\\/\\\/www.meydan.tv\\\/az\\\/section\\\/menim-fikrimce\\\/\"},{\"@type\":\"ListItem\",\"position\":3,\"name\":\"M.F.Axundovdan ba\u015flay\u0131b R\u00fcst\u0259m \u0130brahimb\u0259yovad\u0259k g\u0259ldiyimiz yanl\u0131\u015f yol\"}]},{\"@type\":\"WebSite\",\"@id\":\"https:\\\/\\\/www.meydan.tv\\\/az\\\/#website\",\"url\":\"https:\\\/\\\/www.meydan.tv\\\/az\\\/\",\"name\":\"MEYDAN.TV\",\"description\":\"Meydan TV Az\u0259rbaycan\u0131n media m\u0259kan\u0131ndak\u0131 alternativ s\u0259sidir\",\"publisher\":{\"@id\":\"https:\\\/\\\/www.meydan.tv\\\/az\\\/#organization\"},\"potentialAction\":[{\"@type\":\"SearchAction\",\"target\":{\"@type\":\"EntryPoint\",\"urlTemplate\":\"https:\\\/\\\/www.meydan.tv\\\/az\\\/?s={search_term_string}\"},\"query-input\":{\"@type\":\"PropertyValueSpecification\",\"valueRequired\":true,\"valueName\":\"search_term_string\"}}],\"inLanguage\":\"az\"},{\"@type\":\"Organization\",\"@id\":\"https:\\\/\\\/www.meydan.tv\\\/az\\\/#organization\",\"name\":\"Meydan TV\",\"url\":\"https:\\\/\\\/www.meydan.tv\\\/az\\\/\",\"logo\":{\"@type\":\"ImageObject\",\"inLanguage\":\"az\",\"@id\":\"https:\\\/\\\/www.meydan.tv\\\/az\\\/#\\\/schema\\\/logo\\\/image\\\/\",\"url\":\"https:\\\/\\\/www.meydan.tv\\\/wp-content\\\/uploads\\\/2021\\\/07\\\/meydan-logo.svg\",\"contentUrl\":\"https:\\\/\\\/www.meydan.tv\\\/wp-content\\\/uploads\\\/2021\\\/07\\\/meydan-logo.svg\",\"width\":195,\"height\":46,\"caption\":\"Meydan TV\"},\"image\":{\"@id\":\"https:\\\/\\\/www.meydan.tv\\\/az\\\/#\\\/schema\\\/logo\\\/image\\\/\"}},{\"@type\":\"Person\",\"@id\":\"https:\\\/\\\/www.meydan.tv\\\/az\\\/#\\\/schema\\\/person\\\/10d11eccf6da3662cf5fdab9806ea91a\",\"name\":\"user-manager\"}]}<\/script>\n<!-- \/ Yoast SEO plugin. -->","yoast_head_json":{"title":"M.F.Axundovdan ba\u015flay\u0131b R\u00fcst\u0259m \u0130brahimb\u0259yovad\u0259k g\u0259ldiyimiz yanl\u0131\u015f yol - MEYDAN.TV","robots":{"index":"index","follow":"follow","max-snippet":"max-snippet:-1","max-image-preview":"max-image-preview:large","max-video-preview":"max-video-preview:-1"},"canonical":"https:\/\/www.meydan.tv\/az\/article\/mfaxundovdan-baslayib-rustem-ibrahimbeyovadek-geldiyimiz-yanlis-yol\/","og_locale":"az_AZ","og_type":"article","og_title":"M.F.Axundovdan ba\u015flay\u0131b R\u00fcst\u0259m \u0130brahimb\u0259yovad\u0259k g\u0259ldiyimiz yanl\u0131\u015f yol - MEYDAN.TV","og_description":"Filmd\u0259 g\u00f6st\u0259rildiyin\u0259 g\u00f6r\u0259, az\u0259rbaycanl\u0131lar \u2013 \u00f6z\u00fc d\u0259 u\u015faqdan b\u00f6y\u00fcy\u0259 \u2013 erm\u0259nil\u0259r\u0259 nifr\u0259t edirl\u0259r","og_url":"https:\/\/www.meydan.tv\/az\/article\/mfaxundovdan-baslayib-rustem-ibrahimbeyovadek-geldiyimiz-yanlis-yol\/","og_site_name":"MEYDAN.TV","article_published_time":"2018-05-30T19:43:40+00:00","og_image":[{"width":911,"height":487,"url":"https:\/\/www.meydan.tv\/wp-content\/uploads\/41458.png","type":"image\/png"}],"author":"user-manager","twitter_card":"summary_large_image","schema":{"@context":"https:\/\/schema.org","@graph":[{"@type":"Article","@id":"https:\/\/www.meydan.tv\/az\/article\/mfaxundovdan-baslayib-rustem-ibrahimbeyovadek-geldiyimiz-yanlis-yol\/#article","isPartOf":{"@id":"https:\/\/www.meydan.tv\/az\/article\/mfaxundovdan-baslayib-rustem-ibrahimbeyovadek-geldiyimiz-yanlis-yol\/"},"author":{"name":"user-manager","@id":"https:\/\/www.meydan.tv\/az\/#\/schema\/person\/10d11eccf6da3662cf5fdab9806ea91a"},"headline":"M.F.Axundovdan ba\u015flay\u0131b R\u00fcst\u0259m \u0130brahimb\u0259yovad\u0259k g\u0259ldiyimiz yanl\u0131\u015f yol","datePublished":"2018-05-30T19:43:40+00:00","mainEntityOfPage":{"@id":"https:\/\/www.meydan.tv\/az\/article\/mfaxundovdan-baslayib-rustem-ibrahimbeyovadek-geldiyimiz-yanlis-yol\/"},"wordCount":2367,"publisher":{"@id":"https:\/\/www.meydan.tv\/az\/#organization"},"image":{"@id":"https:\/\/www.meydan.tv\/az\/article\/mfaxundovdan-baslayib-rustem-ibrahimbeyovadek-geldiyimiz-yanlis-yol\/#primaryimage"},"thumbnailUrl":"https:\/\/www.meydan.tv\/wp-content\/uploads\/41458.png","articleSection":["M\u0259nim Fikrimc\u0259"],"inLanguage":"az"},{"@type":"WebPage","@id":"https:\/\/www.meydan.tv\/az\/article\/mfaxundovdan-baslayib-rustem-ibrahimbeyovadek-geldiyimiz-yanlis-yol\/","url":"https:\/\/www.meydan.tv\/az\/article\/mfaxundovdan-baslayib-rustem-ibrahimbeyovadek-geldiyimiz-yanlis-yol\/","name":"M.F.Axundovdan ba\u015flay\u0131b R\u00fcst\u0259m \u0130brahimb\u0259yovad\u0259k g\u0259ldiyimiz yanl\u0131\u015f yol - MEYDAN.TV","isPartOf":{"@id":"https:\/\/www.meydan.tv\/az\/#website"},"primaryImageOfPage":{"@id":"https:\/\/www.meydan.tv\/az\/article\/mfaxundovdan-baslayib-rustem-ibrahimbeyovadek-geldiyimiz-yanlis-yol\/#primaryimage"},"image":{"@id":"https:\/\/www.meydan.tv\/az\/article\/mfaxundovdan-baslayib-rustem-ibrahimbeyovadek-geldiyimiz-yanlis-yol\/#primaryimage"},"thumbnailUrl":"https:\/\/www.meydan.tv\/wp-content\/uploads\/41458.png","datePublished":"2018-05-30T19:43:40+00:00","breadcrumb":{"@id":"https:\/\/www.meydan.tv\/az\/article\/mfaxundovdan-baslayib-rustem-ibrahimbeyovadek-geldiyimiz-yanlis-yol\/#breadcrumb"},"inLanguage":"az","potentialAction":[{"@type":"ReadAction","target":["https:\/\/www.meydan.tv\/az\/article\/mfaxundovdan-baslayib-rustem-ibrahimbeyovadek-geldiyimiz-yanlis-yol\/"]}]},{"@type":"ImageObject","inLanguage":"az","@id":"https:\/\/www.meydan.tv\/az\/article\/mfaxundovdan-baslayib-rustem-ibrahimbeyovadek-geldiyimiz-yanlis-yol\/#primaryimage","url":"https:\/\/www.meydan.tv\/wp-content\/uploads\/41458.png","contentUrl":"https:\/\/www.meydan.tv\/wp-content\/uploads\/41458.png","width":911,"height":487,"caption":"Source:"},{"@type":"BreadcrumbList","@id":"https:\/\/www.meydan.tv\/az\/article\/mfaxundovdan-baslayib-rustem-ibrahimbeyovadek-geldiyimiz-yanlis-yol\/#breadcrumb","itemListElement":[{"@type":"ListItem","position":1,"name":"Ana s\u0259hif\u0259","item":"https:\/\/www.meydan.tv\/az\/"},{"@type":"ListItem","position":2,"name":"M\u0259nim Fikrimc\u0259","item":"https:\/\/www.meydan.tv\/az\/section\/menim-fikrimce\/"},{"@type":"ListItem","position":3,"name":"M.F.Axundovdan ba\u015flay\u0131b R\u00fcst\u0259m \u0130brahimb\u0259yovad\u0259k g\u0259ldiyimiz yanl\u0131\u015f yol"}]},{"@type":"WebSite","@id":"https:\/\/www.meydan.tv\/az\/#website","url":"https:\/\/www.meydan.tv\/az\/","name":"MEYDAN.TV","description":"Meydan TV Az\u0259rbaycan\u0131n media m\u0259kan\u0131ndak\u0131 alternativ s\u0259sidir","publisher":{"@id":"https:\/\/www.meydan.tv\/az\/#organization"},"potentialAction":[{"@type":"SearchAction","target":{"@type":"EntryPoint","urlTemplate":"https:\/\/www.meydan.tv\/az\/?s={search_term_string}"},"query-input":{"@type":"PropertyValueSpecification","valueRequired":true,"valueName":"search_term_string"}}],"inLanguage":"az"},{"@type":"Organization","@id":"https:\/\/www.meydan.tv\/az\/#organization","name":"Meydan TV","url":"https:\/\/www.meydan.tv\/az\/","logo":{"@type":"ImageObject","inLanguage":"az","@id":"https:\/\/www.meydan.tv\/az\/#\/schema\/logo\/image\/","url":"https:\/\/www.meydan.tv\/wp-content\/uploads\/2021\/07\/meydan-logo.svg","contentUrl":"https:\/\/www.meydan.tv\/wp-content\/uploads\/2021\/07\/meydan-logo.svg","width":195,"height":46,"caption":"Meydan TV"},"image":{"@id":"https:\/\/www.meydan.tv\/az\/#\/schema\/logo\/image\/"}},{"@type":"Person","@id":"https:\/\/www.meydan.tv\/az\/#\/schema\/person\/10d11eccf6da3662cf5fdab9806ea91a","name":"user-manager"}]}},"_links":{"self":[{"href":"https:\/\/www.meydan.tv\/az\/wp-json\/wp\/v2\/posts\/190237","targetHints":{"allow":["GET"]}}],"collection":[{"href":"https:\/\/www.meydan.tv\/az\/wp-json\/wp\/v2\/posts"}],"about":[{"href":"https:\/\/www.meydan.tv\/az\/wp-json\/wp\/v2\/types\/post"}],"author":[{"embeddable":true,"href":"https:\/\/www.meydan.tv\/az\/wp-json\/wp\/v2\/users\/11"}],"replies":[{"embeddable":true,"href":"https:\/\/www.meydan.tv\/az\/wp-json\/wp\/v2\/comments?post=190237"}],"version-history":[{"count":0,"href":"https:\/\/www.meydan.tv\/az\/wp-json\/wp\/v2\/posts\/190237\/revisions"}],"wp:featuredmedia":[{"embeddable":true,"href":"https:\/\/www.meydan.tv\/az\/wp-json\/wp\/v2\/media\/104475"}],"wp:attachment":[{"href":"https:\/\/www.meydan.tv\/az\/wp-json\/wp\/v2\/media?parent=190237"}],"wp:term":[{"taxonomy":"category","embeddable":true,"href":"https:\/\/www.meydan.tv\/az\/wp-json\/wp\/v2\/categories?post=190237"},{"taxonomy":"post_tag","embeddable":true,"href":"https:\/\/www.meydan.tv\/az\/wp-json\/wp\/v2\/tags?post=190237"}],"curies":[{"name":"wp","href":"https:\/\/api.w.org\/{rel}","templated":true}]}}