{"id":190236,"date":"2018-05-30T19:33:24","date_gmt":"2018-05-30T19:33:24","guid":{"rendered":"https:\/\/www.meydan.tv\/article\/qiz-qacirma-yoxsa-adam-ogurlugu\/"},"modified":"2018-05-30T19:33:24","modified_gmt":"2018-05-30T19:33:24","slug":"qiz-qacirma-yoxsa-adam-ogurlugu","status":"publish","type":"post","link":"https:\/\/www.meydan.tv\/az\/article\/qiz-qacirma-yoxsa-adam-ogurlugu\/","title":{"rendered":"Q\u0131z qa\u00e7\u0131rma, yoxsa adam o\u011furlu\u011fu?"},"content":{"rendered":"<p>\n  Milli M\u0259clisd\u0259 deputat i\u015fl\u0259y\u0259n Siyavu\u015f Novruzov t\u0259klif edib ki, q\u0131z qa\u00e7\u0131rma adam o\u011furlu\u011fu say\u0131lmas\u0131n. Bu \u0259m\u0259lin dekriminalla\u015fd\u0131r\u0131lmas\u0131, yoxsa daha az c\u0259zaya layiq bilinm\u0259si bar\u0259d\u0259 ayd\u0131n bir s\u00f6z dem\u0259yib, amma h\u00fcquqi c\u0259h\u0259td\u0259n savads\u0131z ifad\u0259 i\u015fl\u0259dib. Bildirib ki, \u00f6z raz\u0131l\u0131\u011f\u0131 il\u0259 qa\u00e7\u0131r\u0131lm\u0131\u015f q\u0131zlara g\u00f6r\u0259 adam o\u011furlu\u011fu cinay\u0259ti il\u0259 eyni c\u0259za verilm\u0259si d\u00fczg\u00fcn deyil. \u0130kinci i\u015f yeri kimi h\u00fcquq elml\u0259ri doktoru i\u015fl\u0259y\u0259n Siyavu\u015f m\u00fc\u0259llim bilmir ki, \u00f6z raz\u0131l\u0131\u011f\u0131 il\u0259 qa\u00e7ma\u011fa g\u00f6r\u0259 bizim Cinay\u0259t M\u0259c\u0259ll\u0259miz onsuz da c\u0259za n\u0259z\u0259rd\u0259 tutmur. H\u0259tta bu m\u0259s\u0259l\u0259 praktikada da o q\u0259d\u0259r i\u015fl\u0259yir ki, zorla qa\u00e7\u0131r\u0131lm\u0131\u015f q\u0131zlar\u0131 m\u0259cbur edirl\u0259r ki, \u00f6z raz\u0131l\u0131\u011f\u0131 il\u0259 qa\u00e7mas\u0131 il\u0259 ba\u011fl\u0131 \u0259riz\u0259 yazs\u0131n, n\u0259tic\u0259d\u0259 onun de-fakto v\u0259 g\u0259l\u0259c\u0259k \u0259ri cinay\u0259t m\u0259suliyy\u0259tind\u0259n azad olunsun.\n<\/p>\n<p>\n  Amma Siyavu\u015f b\u0259yin dediyi m\u0259s\u0259l\u0259ni Az\u0259rbaycan h\u00fcququ ya\u015fay\u0131b. 1960-c\u0131 il 8 dekabrda q\u0259bul olunmu\u015f Az\u0259rbaycan SSR Cinay\u0259t M\u0259c\u0259ll\u0259sinin 129-cu madd\u0259si \u201cQad\u0131n\u0131 evl\u0259nm\u0259k m\u0259qs\u0259dil\u0259 o\u011furlama\u201d adlan\u0131rd\u0131. Bu \u0259m\u0259l\u0259 g\u00f6r\u0259 3 il\u0259d\u0259k, a\u011f\u0131rla\u015fd\u0131r\u0131lm\u0131\u015f halda is\u0259 &#8211; eyni \u0259m\u0259l yetkinlik ya\u015f\u0131na \u00e7atmayana qar\u015f\u0131 t\u0259tbiq edildikd\u0259 5 il\u0259d\u0259k azadl\u0131qdan m\u0259hrumetm\u0259 c\u0259zas\u0131 n\u0259z\u0259rd\u0259 tutulmu\u015fdu. M\u00fcqayis\u0259 \u00fc\u00e7\u00fcn deyim ki, haz\u0131rda eyni \u0259m\u0259lin t\u00f6vsif olundu\u011fu 1999-cu il 30 dekabrda q\u0259bul edilmi\u015f Az\u0259rbaycan Respublikas\u0131 Cinay\u0259t M\u0259c\u0259ll\u0259sinin 144-c\u00fc \u2013 Adam o\u011furlu\u011fu madd\u0259sin\u0259 g\u00f6r\u0259 5-10 il, a\u011f\u0131rla\u015fd\u0131r\u0131c\u0131 hallarda 8-12 il, x\u00fcsusil\u0259 a\u011f\u0131rla\u015fd\u0131r\u0131c\u0131 halda is\u0259 10-15 il m\u00fcdd\u0259tin\u0259 azadl\u0131qdan m\u0259hrumetm\u0259 c\u0259zas\u0131 n\u0259z\u0259rd\u0259 tutulub.\n<\/p>\n<p>\n  G\u00f6rd\u00fcy\u00fcm\u00fcz kimi, adam o\u011furlu\u011fu SSR\u0130-nin \u201cq\u0131z qa\u00e7\u0131rtma\u201d cinay\u0259tind\u0259n daha a\u011f\u0131r cinay\u0259tmi\u015f. \u0130ndi q\u0131z qa\u00e7\u0131rtma \u0259m\u0259li adam o\u011furlu\u011fundan ayr\u0131lsa, daha y\u00fcng\u00fcl c\u0259za il\u0259 c\u0259zaland\u0131r\u0131lsa, bu, n\u0259 q\u0259d\u0259r \u0259dal\u0259tli olacaq? SSR\u0130 niy\u0259 bunu el\u0259mi\u015fdi? Y\u0259qin formal izah bel\u0259 olub ki, bu, xalq\u0131n ad\u0259t-\u0259n\u0259n\u0259sidir v\u0259 niyy\u0259t xo\u015fdur \u2013 ail\u0259 qurmaq. S\u0259sl\u0259ndirilm\u0259y\u0259n s\u0259b\u0259b is\u0259 bu idi ki, SSR\u0130-y\u0259 imperiyan\u0131n z\u0259bt edilmi\u015f yerli xalqlar\u0131n\u0131n ad\u0259t-\u0259n\u0259n\u0259l\u0259rin\u0259 h\u00f6rm\u0259t g\u00f6r\u00fcnt\u00fcs\u00fc yaratmaq v\u0259 \u0259halini art\u0131rmaq laz\u0131m idi.\n<\/p>\n<p>\n  B\u0259s h\u0259qiq\u0259t\u0259nmi q\u0131z qa\u00e7\u0131rtma adam o\u011furlu\u011fundan daha az ictimai-t\u0259hl\u00fck\u0259li \u0259m\u0259ldir? Adam o\u011furlu\u011funda niyy\u0259t ad\u0259t\u0259n tamah olur. O\u011furlay\u0131rlar, pul t\u0259l\u0259b edirl\u0259r, sonra ya burax\u0131rlar, ya da \u00f6ld\u00fcr\u00fcrl\u0259r. \u00d6ld\u00fcrs\u0259l\u0259r, bu zaman q\u0259sd\u0259n adam \u00f6ld\u00fcrm\u0259 cinay\u0259tinin d\u0259 t\u0259rkibi yaran\u0131r. Amma \u00f6ld\u00fcrm\u0259s\u0259l\u0259r v\u0259 dig\u0259r cinay\u0259t t\u00f6r\u0259tm\u0259s\u0259l\u0259r, m\u0259suliyy\u0259t tamamil\u0259 144-c\u00fc madd\u0259 il\u0259 \u0259hat\u0259 oluna bil\u0259r. Q\u0131z qa\u00e7\u0131rmada is\u0259 \u0259m\u0259lin obyektiv t\u0259r\u0259fi adam o\u011furlu\u011fu il\u0259 ox\u015fard\u0131r.\n<\/p>\n<p>\n  Subyektiv t\u0259r\u0259f is\u0259 f\u0259rqlidir. Niyy\u0259t qad\u0131n\u0131 zorlamaqd\u0131r. O q\u0259d\u0259r zorlamaqd\u0131r ki, qad\u0131n k\u00f6n\u00fcll\u00fc olaraq, m\u00fcqavim\u0259tsiz cinsi \u0259laq\u0259y\u0259 raz\u0131 olsun. O q\u0259d\u0259r raz\u0131 olsun ki, \u00f6mr\u00fcn\u00fcn sonuna kimi \u00f6z t\u0259cav\u00fcz\u00e7\u00fcs\u00fc il\u0259 ya\u015fas\u0131n, ondan u\u015faqlar do\u011fsun, ona h\u00f6rm\u0259t etsin, tabe olsun v\u0259 s.\n<\/p>\n<p>\n  G\u00f6r\u00fcnd\u00fcy\u00fc kimi, q\u0131z qa\u00e7\u0131rma cinay\u0259tind\u0259 bir ne\u00e7\u0259 cinay\u0259t \u0259m\u0259li ehtiva olunub \u2013 adam o\u011furlu\u011fu + zorlama + qanunsuz azadl\u0131qdan m\u0259hrum etm\u0259. B\u00fct\u00fcn bu \u0259m\u0259ll\u0259r is\u0259 \u00f6m\u00fcrboyu davam edir v\u0259 ya o q\u0259d\u0259r davam edir ki, qurban m\u00fcqavim\u0259ti dayand\u0131rs\u0131n v\u0259 taleyi il\u0259 bar\u0131\u015fs\u0131n. Bel\u0259likl\u0259, q\u0131z qa\u00e7\u0131rma \u0259m\u0259lini adam o\u011furlu\u011fu cinay\u0259tind\u0259n ay\u0131rmaq laz\u0131md\u0131r, ona ayr\u0131ca madd\u0259 h\u0259sr edilm\u0259lidir, amma bu, Siyavu\u015f b\u0259yin n\u0259z\u0259rd\u0259 tutdu\u011fu kimi daha y\u00fcng\u00fcl madd\u0259 olmal\u0131 deyil, daha a\u011f\u0131r, \u00f6z\u00fcnd\u0259 zorlama cinay\u0259ti d\u0259 daxil olmaqla bir ne\u00e7\u0259 cinay\u0259t \u0259m\u0259lin\u0259 g\u00f6r\u0259 veril\u0259n c\u0259zalar\u0131 c\u0259ml\u0259\u015fdir\u0259c\u0259k bir madd\u0259 olmal\u0131d\u0131r.\n<\/p>\n<p>\n  Haz\u0131rda is\u0259 q\u0131z qa\u00e7\u0131rma adam o\u011furlu\u011fu say\u0131l\u0131r. Bu \u0259m\u0259l ad\u0259t\u0259n qabaqcadan \u0259lbir olan bir qrup \u015f\u0259xs t\u0259r\u0259find\u0259n t\u00f6r\u0259dildiyin\u0259 g\u00f6r\u0259 144.2.3, b\u0259z\u0259n is\u0259 yetkinlik ya\u015f\u0131na \u00e7atmayan \u015f\u0259xs bar\u0259sind\u0259 t\u00f6r\u0259dildiyin\u0259 g\u00f6r\u0259 144.3-c\u00fc madd\u0259l\u0259rin t\u0259siri alt\u0131na d\u00fc\u015f\u00fcr, n\u0259tic\u0259d\u0259 m\u00fcvafiq olaraq, 8-12, 10-15 il m\u00fcdd\u0259tin\u0259 azadl\u0131qdan m\u0259hrumetm\u0259 il\u0259 c\u0259zaland\u0131r\u0131l\u0131r. Amma praktikada bu madd\u0259nin t\u0259tbiqind\u0259 probleml\u0259r var. \u00c7\u00fcnki cinay\u0259t i\u015find\u0259 olan t\u0259r\u0259fl\u0259r, el\u0259c\u0259 d\u0259 h\u00fcquq-m\u00fchafiz\u0259 orqanlar\u0131, m\u0259hk\u0259m\u0259 \u0259sas\u0259n patriarxal d\u00fc\u015f\u00fcnc\u0259y\u0259 malik insanlardan ibar\u0259t olur v\u0259 onlar \u00fc\u00e7\u00fcn z\u0259r\u0259r\u00e7\u0259kmi\u015f qad\u0131n\u0131n h\u00fcquqlar\u0131 o q\u0259d\u0259r d\u0259 maraql\u0131 deyil. Cinay\u0259ti t\u00f6r\u0259tmi\u015f \u015f\u0259xs(l\u0259r)\u0259 maraql\u0131d\u0131r ki, onlar \u201cbacar\u0131qs\u0131z\u201d adam kimi tan\u0131nmas\u0131nlar, el\u0259c\u0259 d\u0259 m\u0259suliyy\u0259t\u0259 c\u0259lb olunmadan ist\u0259kl\u0259rin\u0259 \u00e7ats\u0131nlar. Ona g\u00f6r\u0259 d\u0259 \u00e7al\u0131\u015f\u0131rlar ki, bu m\u0259s\u0259l\u0259ni \u201cqad\u0131n\u0131n \u00f6z ist\u0259yi il\u0259 qa\u00e7mas\u0131\u201d kimi r\u0259smil\u0259\u015fdirsinl\u0259r. Qad\u0131n\u0131n qohumlar\u0131 is\u0259, bir qayda olaraq, yaln\u0131z o halda q\u0131z\u0131 geri qaytarma\u011fa \u00e7al\u0131\u015f\u0131rlar ki, q\u0131z \u201ct\u0259miz\u201d olsun, y\u0259ni zorlanmas\u0131n.\n<\/p>\n<p>\n  Ona g\u00f6r\u0259 d\u0259 q\u0131z\u0131 qa\u00e7\u0131ran o\u011flan (g\u0259l\u0259c\u0259k potensial zorak\u0131 \u0259r) qa\u00e7\u0131rd\u0131\u011f\u0131 qad\u0131n\u0131 m\u00fcmk\u00fcn q\u0259d\u0259r tez zorlama\u011fa \u00e7al\u0131\u015f\u0131r. Bunun \u00fc\u00e7\u00fcn q\u0131z\u0131n c\u0259mi 1 gec\u0259ni o\u011flan\u0131n evind\u0259 ke\u00e7irm\u0259si ictimai fikir \u00fc\u00e7\u00fcn kifay\u0259tdir ki, q\u0131z\u0131 \u201cl\u0259k\u0259l\u0259nmi\u015f\u201d hesab etsin. B\u0259z\u0259n 1 gec\u0259 q\u0131z\u0131 evd\u0259 saxlaya bil\u0259c\u0259yin\u0259 inanmayan o\u011flan el\u0259 yoldaca (ma\u015f\u0131nda v\u0259 ya hans\u0131sa yol\u00fcst\u00fc m\u0259nt\u0259q\u0259d\u0259) qad\u0131n\u0131 zorlay\u0131r. Zorlama q\u0131z qa\u00e7\u0131rtma cinay\u0259ti \u00fc\u00e7\u00fcn h\u0259lledici and\u0131r. \u018fg\u0259r zorlama olubsa, i\u015fd\u0259 i\u015ftirak ed\u0259n \u015f\u0259xsl\u0259rin ad\u0259t\u0259n ham\u0131s\u0131n\u0131n m\u00fcnasib\u0259ti d\u0259yi\u015fir. O\u011flan qad\u0131n\u0131 art\u0131q \u00f6z xan\u0131m\u0131 hesab edir, ona qar\u015f\u0131 zorak\u0131l\u0131q t\u0259tbiq etm\u0259kd\u0259 \u00f6z\u00fcn\u00fc haql\u0131 say\u0131r. Q\u0131z\u0131n atas\u0131 (v\u0259 dig\u0259r ki\u015fi qohumlar\u0131, el\u0259c\u0259 d\u0259 anas\u0131) onun t\u0259cav\u00fcz\u00e7\u00fcs\u00fcn\u0259 \u0259r\u0259 getm\u0259sini ist\u0259yir v\u0259 cinay\u0259td\u0259n h\u00fcquq-m\u00fchafiz\u0259 orqanlar\u0131n\u0131n x\u0259b\u0259rinin olmamas\u0131na \u00e7al\u0131\u015f\u0131r. \u00c7\u00fcnki onlara \u201cl\u0259k\u0259l\u0259nmi\u015f\u201d q\u0131z laz\u0131m deyil. Q\u0131z\u0131n \u00f6z\u00fc is\u0259 \u201cl\u0259k\u0259l\u0259nmi\u015f\u201d v\u0259ziyy\u0259td\u0259 ist\u0259nm\u0259y\u0259n yer\u0259 &#8211; ata evin\u0259 qay\u0131tmaq, el aras\u0131nda biab\u0131r olmaq, bir daha \u0259r\u0259 getm\u0259m\u0259k taleyini ya\u015famamaq, \u201cbakir\u0259 olmayan subay\u201d kimi potensial seks obyekti statusunu qazanmamaq \u00fc\u00e7\u00fcn \u00e7ar-na\u00e7ar t\u0259cav\u00fcz\u00e7\u00fcs\u00fcn\u0259 \u0259r\u0259 getm\u0259y\u0259 raz\u0131la\u015f\u0131r.\n<\/p>\n<p>\n  Korrupsiyala\u015fm\u0131\u015f rejimd\u0259 is\u0259 h\u00fcquq-m\u00fchafiz\u0259 orqanlar\u0131na v\u0259 m\u0259hk\u0259my\u0259 maraql\u0131d\u0131r ki, qad\u0131n\u0131n h\u00fcquqlar\u0131n\u0131 qoruyan qanunvericilikl\u0259 qad\u0131n\u0131n h\u00fcquqlar\u0131n\u0131 pozma\u011fa meylli olan cinay\u0259t i\u015fi i\u015ftirak\u00e7\u0131lar\u0131 aras\u0131ndak\u0131 dilemmadan istifad\u0259 edib pul qazans\u0131nlar. Ona g\u00f6r\u0259 d\u0259 q\u0131z \u00f6z\u00fcn\u00fcn k\u00f6n\u00fcll\u00fc qa\u00e7mas\u0131 il\u0259 ba\u011fl\u0131 \u0259riz\u0259ni yazandan sonra da g\u0259r\u0259k t\u0259r\u0259fl\u0259r (q\u0131z evi v\u0259 o\u011flan evi) polis\u0259, prokurorlu\u011fa, hakim(l\u0259r)\u0259 \u00f6z statuslar\u0131na m\u00fcvafiq r\u00fc\u015fv\u0259t versinl\u0259r ki, \u201cs\u00f6hb\u0259t ba\u011flans\u0131n\u201d.<br \/>\n  <br \/>\n  Madd\u0259nin praktikas\u0131 ac\u0131nacaql\u0131 v\u0259ziyy\u0259td\u0259 oldu\u011funa g\u00f6r\u0259, q\u0131z qa\u00e7\u0131rma \u0259m\u0259linin daha a\u011f\u0131r c\u0259za il\u0259 c\u0259zaland\u0131r\u0131lmas\u0131 laz\u0131md\u0131r ki, m\u00fcvafiq sur\u0259td\u0259 buna g\u00f6r\u0259 t\u0259l\u0259b olunan r\u00fc\u015fv\u0259t d\u0259 artacaq v\u0259 n\u0259tic\u0259d\u0259 bu kimi \u0259m\u0259ll\u0259rin say\u0131 azalacaq. T\u0259\u0259ss\u00fcf ki, absurd Az\u0259rbaycan reall\u0131\u011f\u0131nda h\u00fcquq ancaq bel\u0259 i\u015fl\u0259yir.\n<\/p>\n<p>\n  <i><br \/>\n    <b><br \/>\n      Yaz\u0131 m\u00fc\u0259llifin fikirl\u0259rini \u0259ks etdirir v\u0259 Meydan TV-nin m\u00f6vqeyi il\u0259 \u00fcst-\u00fcst\u0259 d\u00fc\u015fm\u0259y\u0259 bil\u0259r.<br \/>\n    <\/b><br \/>\n  <\/i><\/p>\n","protected":false},"excerpt":{"rendered":"<p>Milli M\u0259clisd\u0259 deputat i\u015fl\u0259y\u0259n Siyavu\u015f Novruzov t\u0259klif edib ki, q\u0131z qa\u00e7\u0131rma adam o\u011furlu\u011fu say\u0131lmas\u0131n<\/p>\n","protected":false},"author":11,"featured_media":104472,"comment_status":"closed","ping_status":"open","sticky":false,"template":"","format":"standard","meta":{"_acf_changed":false,"_sitemap_exclude":false,"_sitemap_priority":"","_sitemap_frequency":"","footnotes":""},"categories":[57],"tags":[],"class_list":["post-190236","post","type-post","status-publish","format-standard","has-post-thumbnail","hentry","category-menim-fikrimce","infinite-scroll-item","generate-columns","tablet-grid-50","mobile-grid-100","grid-parent","grid-33","no-featured-image-padding"],"acf":[],"yoast_head":"<!-- This site is optimized with the Yoast SEO plugin v27.4 - https:\/\/yoast.com\/product\/yoast-seo-wordpress\/ -->\n<title>Q\u0131z qa\u00e7\u0131rma, yoxsa adam o\u011furlu\u011fu? - MEYDAN.TV<\/title>\n<meta name=\"robots\" content=\"index, follow, max-snippet:-1, max-image-preview:large, max-video-preview:-1\" \/>\n<link rel=\"canonical\" href=\"https:\/\/www.meydan.tv\/az\/article\/qiz-qacirma-yoxsa-adam-ogurlugu\/\" \/>\n<meta property=\"og:locale\" content=\"az_AZ\" \/>\n<meta property=\"og:type\" content=\"article\" \/>\n<meta property=\"og:title\" content=\"Q\u0131z qa\u00e7\u0131rma, yoxsa adam o\u011furlu\u011fu? - MEYDAN.TV\" \/>\n<meta property=\"og:description\" content=\"Milli M\u0259clisd\u0259 deputat i\u015fl\u0259y\u0259n Siyavu\u015f Novruzov t\u0259klif edib ki, q\u0131z qa\u00e7\u0131rma adam o\u011furlu\u011fu say\u0131lmas\u0131n\" \/>\n<meta property=\"og:url\" content=\"https:\/\/www.meydan.tv\/az\/article\/qiz-qacirma-yoxsa-adam-ogurlugu\/\" \/>\n<meta property=\"og:site_name\" content=\"MEYDAN.TV\" \/>\n<meta property=\"article:published_time\" content=\"2018-05-30T19:33:24+00:00\" \/>\n<meta property=\"og:image\" content=\"https:\/\/www.meydan.tv\/wp-content\/uploads\/41457-scaled.jpg\" \/>\n\t<meta property=\"og:image:width\" content=\"2560\" \/>\n\t<meta property=\"og:image:height\" content=\"1854\" \/>\n\t<meta property=\"og:image:type\" content=\"image\/jpeg\" \/>\n<meta name=\"author\" content=\"user-manager\" \/>\n<meta name=\"twitter:card\" content=\"summary_large_image\" \/>\n<script type=\"application\/ld+json\" class=\"yoast-schema-graph\">{\"@context\":\"https:\\\/\\\/schema.org\",\"@graph\":[{\"@type\":\"Article\",\"@id\":\"https:\\\/\\\/www.meydan.tv\\\/az\\\/article\\\/qiz-qacirma-yoxsa-adam-ogurlugu\\\/#article\",\"isPartOf\":{\"@id\":\"https:\\\/\\\/www.meydan.tv\\\/az\\\/article\\\/qiz-qacirma-yoxsa-adam-ogurlugu\\\/\"},\"author\":{\"name\":\"user-manager\",\"@id\":\"https:\\\/\\\/www.meydan.tv\\\/az\\\/#\\\/schema\\\/person\\\/10d11eccf6da3662cf5fdab9806ea91a\"},\"headline\":\"Q\u0131z qa\u00e7\u0131rma, yoxsa adam o\u011furlu\u011fu?\",\"datePublished\":\"2018-05-30T19:33:24+00:00\",\"mainEntityOfPage\":{\"@id\":\"https:\\\/\\\/www.meydan.tv\\\/az\\\/article\\\/qiz-qacirma-yoxsa-adam-ogurlugu\\\/\"},\"wordCount\":1523,\"publisher\":{\"@id\":\"https:\\\/\\\/www.meydan.tv\\\/az\\\/#organization\"},\"image\":{\"@id\":\"https:\\\/\\\/www.meydan.tv\\\/az\\\/article\\\/qiz-qacirma-yoxsa-adam-ogurlugu\\\/#primaryimage\"},\"thumbnailUrl\":\"https:\\\/\\\/www.meydan.tv\\\/wp-content\\\/uploads\\\/41457-scaled.jpg\",\"articleSection\":[\"M\u0259nim Fikrimc\u0259\"],\"inLanguage\":\"az\"},{\"@type\":\"WebPage\",\"@id\":\"https:\\\/\\\/www.meydan.tv\\\/az\\\/article\\\/qiz-qacirma-yoxsa-adam-ogurlugu\\\/\",\"url\":\"https:\\\/\\\/www.meydan.tv\\\/az\\\/article\\\/qiz-qacirma-yoxsa-adam-ogurlugu\\\/\",\"name\":\"Q\u0131z qa\u00e7\u0131rma, yoxsa adam o\u011furlu\u011fu? - MEYDAN.TV\",\"isPartOf\":{\"@id\":\"https:\\\/\\\/www.meydan.tv\\\/az\\\/#website\"},\"primaryImageOfPage\":{\"@id\":\"https:\\\/\\\/www.meydan.tv\\\/az\\\/article\\\/qiz-qacirma-yoxsa-adam-ogurlugu\\\/#primaryimage\"},\"image\":{\"@id\":\"https:\\\/\\\/www.meydan.tv\\\/az\\\/article\\\/qiz-qacirma-yoxsa-adam-ogurlugu\\\/#primaryimage\"},\"thumbnailUrl\":\"https:\\\/\\\/www.meydan.tv\\\/wp-content\\\/uploads\\\/41457-scaled.jpg\",\"datePublished\":\"2018-05-30T19:33:24+00:00\",\"breadcrumb\":{\"@id\":\"https:\\\/\\\/www.meydan.tv\\\/az\\\/article\\\/qiz-qacirma-yoxsa-adam-ogurlugu\\\/#breadcrumb\"},\"inLanguage\":\"az\",\"potentialAction\":[{\"@type\":\"ReadAction\",\"target\":[\"https:\\\/\\\/www.meydan.tv\\\/az\\\/article\\\/qiz-qacirma-yoxsa-adam-ogurlugu\\\/\"]}]},{\"@type\":\"ImageObject\",\"inLanguage\":\"az\",\"@id\":\"https:\\\/\\\/www.meydan.tv\\\/az\\\/article\\\/qiz-qacirma-yoxsa-adam-ogurlugu\\\/#primaryimage\",\"url\":\"https:\\\/\\\/www.meydan.tv\\\/wp-content\\\/uploads\\\/41457-scaled.jpg\",\"contentUrl\":\"https:\\\/\\\/www.meydan.tv\\\/wp-content\\\/uploads\\\/41457-scaled.jpg\",\"width\":2560,\"height\":1854,\"caption\":\"Source:\"},{\"@type\":\"BreadcrumbList\",\"@id\":\"https:\\\/\\\/www.meydan.tv\\\/az\\\/article\\\/qiz-qacirma-yoxsa-adam-ogurlugu\\\/#breadcrumb\",\"itemListElement\":[{\"@type\":\"ListItem\",\"position\":1,\"name\":\"Ana s\u0259hif\u0259\",\"item\":\"https:\\\/\\\/www.meydan.tv\\\/az\\\/\"},{\"@type\":\"ListItem\",\"position\":2,\"name\":\"M\u0259nim Fikrimc\u0259\",\"item\":\"https:\\\/\\\/www.meydan.tv\\\/az\\\/section\\\/menim-fikrimce\\\/\"},{\"@type\":\"ListItem\",\"position\":3,\"name\":\"Q\u0131z qa\u00e7\u0131rma, yoxsa adam o\u011furlu\u011fu?\"}]},{\"@type\":\"WebSite\",\"@id\":\"https:\\\/\\\/www.meydan.tv\\\/az\\\/#website\",\"url\":\"https:\\\/\\\/www.meydan.tv\\\/az\\\/\",\"name\":\"MEYDAN.TV\",\"description\":\"Meydan TV Az\u0259rbaycan\u0131n media m\u0259kan\u0131ndak\u0131 alternativ s\u0259sidir\",\"publisher\":{\"@id\":\"https:\\\/\\\/www.meydan.tv\\\/az\\\/#organization\"},\"potentialAction\":[{\"@type\":\"SearchAction\",\"target\":{\"@type\":\"EntryPoint\",\"urlTemplate\":\"https:\\\/\\\/www.meydan.tv\\\/az\\\/?s={search_term_string}\"},\"query-input\":{\"@type\":\"PropertyValueSpecification\",\"valueRequired\":true,\"valueName\":\"search_term_string\"}}],\"inLanguage\":\"az\"},{\"@type\":\"Organization\",\"@id\":\"https:\\\/\\\/www.meydan.tv\\\/az\\\/#organization\",\"name\":\"Meydan TV\",\"url\":\"https:\\\/\\\/www.meydan.tv\\\/az\\\/\",\"logo\":{\"@type\":\"ImageObject\",\"inLanguage\":\"az\",\"@id\":\"https:\\\/\\\/www.meydan.tv\\\/az\\\/#\\\/schema\\\/logo\\\/image\\\/\",\"url\":\"https:\\\/\\\/www.meydan.tv\\\/wp-content\\\/uploads\\\/2021\\\/07\\\/meydan-logo.svg\",\"contentUrl\":\"https:\\\/\\\/www.meydan.tv\\\/wp-content\\\/uploads\\\/2021\\\/07\\\/meydan-logo.svg\",\"width\":195,\"height\":46,\"caption\":\"Meydan TV\"},\"image\":{\"@id\":\"https:\\\/\\\/www.meydan.tv\\\/az\\\/#\\\/schema\\\/logo\\\/image\\\/\"}},{\"@type\":\"Person\",\"@id\":\"https:\\\/\\\/www.meydan.tv\\\/az\\\/#\\\/schema\\\/person\\\/10d11eccf6da3662cf5fdab9806ea91a\",\"name\":\"user-manager\"}]}<\/script>\n<!-- \/ Yoast SEO plugin. -->","yoast_head_json":{"title":"Q\u0131z qa\u00e7\u0131rma, yoxsa adam o\u011furlu\u011fu? - MEYDAN.TV","robots":{"index":"index","follow":"follow","max-snippet":"max-snippet:-1","max-image-preview":"max-image-preview:large","max-video-preview":"max-video-preview:-1"},"canonical":"https:\/\/www.meydan.tv\/az\/article\/qiz-qacirma-yoxsa-adam-ogurlugu\/","og_locale":"az_AZ","og_type":"article","og_title":"Q\u0131z qa\u00e7\u0131rma, yoxsa adam o\u011furlu\u011fu? - MEYDAN.TV","og_description":"Milli M\u0259clisd\u0259 deputat i\u015fl\u0259y\u0259n Siyavu\u015f Novruzov t\u0259klif edib ki, q\u0131z qa\u00e7\u0131rma adam o\u011furlu\u011fu say\u0131lmas\u0131n","og_url":"https:\/\/www.meydan.tv\/az\/article\/qiz-qacirma-yoxsa-adam-ogurlugu\/","og_site_name":"MEYDAN.TV","article_published_time":"2018-05-30T19:33:24+00:00","og_image":[{"width":2560,"height":1854,"url":"https:\/\/www.meydan.tv\/wp-content\/uploads\/41457-scaled.jpg","type":"image\/jpeg"}],"author":"user-manager","twitter_card":"summary_large_image","schema":{"@context":"https:\/\/schema.org","@graph":[{"@type":"Article","@id":"https:\/\/www.meydan.tv\/az\/article\/qiz-qacirma-yoxsa-adam-ogurlugu\/#article","isPartOf":{"@id":"https:\/\/www.meydan.tv\/az\/article\/qiz-qacirma-yoxsa-adam-ogurlugu\/"},"author":{"name":"user-manager","@id":"https:\/\/www.meydan.tv\/az\/#\/schema\/person\/10d11eccf6da3662cf5fdab9806ea91a"},"headline":"Q\u0131z qa\u00e7\u0131rma, yoxsa adam o\u011furlu\u011fu?","datePublished":"2018-05-30T19:33:24+00:00","mainEntityOfPage":{"@id":"https:\/\/www.meydan.tv\/az\/article\/qiz-qacirma-yoxsa-adam-ogurlugu\/"},"wordCount":1523,"publisher":{"@id":"https:\/\/www.meydan.tv\/az\/#organization"},"image":{"@id":"https:\/\/www.meydan.tv\/az\/article\/qiz-qacirma-yoxsa-adam-ogurlugu\/#primaryimage"},"thumbnailUrl":"https:\/\/www.meydan.tv\/wp-content\/uploads\/41457-scaled.jpg","articleSection":["M\u0259nim Fikrimc\u0259"],"inLanguage":"az"},{"@type":"WebPage","@id":"https:\/\/www.meydan.tv\/az\/article\/qiz-qacirma-yoxsa-adam-ogurlugu\/","url":"https:\/\/www.meydan.tv\/az\/article\/qiz-qacirma-yoxsa-adam-ogurlugu\/","name":"Q\u0131z qa\u00e7\u0131rma, yoxsa adam o\u011furlu\u011fu? - MEYDAN.TV","isPartOf":{"@id":"https:\/\/www.meydan.tv\/az\/#website"},"primaryImageOfPage":{"@id":"https:\/\/www.meydan.tv\/az\/article\/qiz-qacirma-yoxsa-adam-ogurlugu\/#primaryimage"},"image":{"@id":"https:\/\/www.meydan.tv\/az\/article\/qiz-qacirma-yoxsa-adam-ogurlugu\/#primaryimage"},"thumbnailUrl":"https:\/\/www.meydan.tv\/wp-content\/uploads\/41457-scaled.jpg","datePublished":"2018-05-30T19:33:24+00:00","breadcrumb":{"@id":"https:\/\/www.meydan.tv\/az\/article\/qiz-qacirma-yoxsa-adam-ogurlugu\/#breadcrumb"},"inLanguage":"az","potentialAction":[{"@type":"ReadAction","target":["https:\/\/www.meydan.tv\/az\/article\/qiz-qacirma-yoxsa-adam-ogurlugu\/"]}]},{"@type":"ImageObject","inLanguage":"az","@id":"https:\/\/www.meydan.tv\/az\/article\/qiz-qacirma-yoxsa-adam-ogurlugu\/#primaryimage","url":"https:\/\/www.meydan.tv\/wp-content\/uploads\/41457-scaled.jpg","contentUrl":"https:\/\/www.meydan.tv\/wp-content\/uploads\/41457-scaled.jpg","width":2560,"height":1854,"caption":"Source:"},{"@type":"BreadcrumbList","@id":"https:\/\/www.meydan.tv\/az\/article\/qiz-qacirma-yoxsa-adam-ogurlugu\/#breadcrumb","itemListElement":[{"@type":"ListItem","position":1,"name":"Ana s\u0259hif\u0259","item":"https:\/\/www.meydan.tv\/az\/"},{"@type":"ListItem","position":2,"name":"M\u0259nim Fikrimc\u0259","item":"https:\/\/www.meydan.tv\/az\/section\/menim-fikrimce\/"},{"@type":"ListItem","position":3,"name":"Q\u0131z qa\u00e7\u0131rma, yoxsa adam o\u011furlu\u011fu?"}]},{"@type":"WebSite","@id":"https:\/\/www.meydan.tv\/az\/#website","url":"https:\/\/www.meydan.tv\/az\/","name":"MEYDAN.TV","description":"Meydan TV Az\u0259rbaycan\u0131n media m\u0259kan\u0131ndak\u0131 alternativ s\u0259sidir","publisher":{"@id":"https:\/\/www.meydan.tv\/az\/#organization"},"potentialAction":[{"@type":"SearchAction","target":{"@type":"EntryPoint","urlTemplate":"https:\/\/www.meydan.tv\/az\/?s={search_term_string}"},"query-input":{"@type":"PropertyValueSpecification","valueRequired":true,"valueName":"search_term_string"}}],"inLanguage":"az"},{"@type":"Organization","@id":"https:\/\/www.meydan.tv\/az\/#organization","name":"Meydan TV","url":"https:\/\/www.meydan.tv\/az\/","logo":{"@type":"ImageObject","inLanguage":"az","@id":"https:\/\/www.meydan.tv\/az\/#\/schema\/logo\/image\/","url":"https:\/\/www.meydan.tv\/wp-content\/uploads\/2021\/07\/meydan-logo.svg","contentUrl":"https:\/\/www.meydan.tv\/wp-content\/uploads\/2021\/07\/meydan-logo.svg","width":195,"height":46,"caption":"Meydan TV"},"image":{"@id":"https:\/\/www.meydan.tv\/az\/#\/schema\/logo\/image\/"}},{"@type":"Person","@id":"https:\/\/www.meydan.tv\/az\/#\/schema\/person\/10d11eccf6da3662cf5fdab9806ea91a","name":"user-manager"}]}},"_links":{"self":[{"href":"https:\/\/www.meydan.tv\/az\/wp-json\/wp\/v2\/posts\/190236","targetHints":{"allow":["GET"]}}],"collection":[{"href":"https:\/\/www.meydan.tv\/az\/wp-json\/wp\/v2\/posts"}],"about":[{"href":"https:\/\/www.meydan.tv\/az\/wp-json\/wp\/v2\/types\/post"}],"author":[{"embeddable":true,"href":"https:\/\/www.meydan.tv\/az\/wp-json\/wp\/v2\/users\/11"}],"replies":[{"embeddable":true,"href":"https:\/\/www.meydan.tv\/az\/wp-json\/wp\/v2\/comments?post=190236"}],"version-history":[{"count":0,"href":"https:\/\/www.meydan.tv\/az\/wp-json\/wp\/v2\/posts\/190236\/revisions"}],"wp:featuredmedia":[{"embeddable":true,"href":"https:\/\/www.meydan.tv\/az\/wp-json\/wp\/v2\/media\/104472"}],"wp:attachment":[{"href":"https:\/\/www.meydan.tv\/az\/wp-json\/wp\/v2\/media?parent=190236"}],"wp:term":[{"taxonomy":"category","embeddable":true,"href":"https:\/\/www.meydan.tv\/az\/wp-json\/wp\/v2\/categories?post=190236"},{"taxonomy":"post_tag","embeddable":true,"href":"https:\/\/www.meydan.tv\/az\/wp-json\/wp\/v2\/tags?post=190236"}],"curies":[{"name":"wp","href":"https:\/\/api.w.org\/{rel}","templated":true}]}}