{"id":190235,"date":"2018-05-30T19:12:59","date_gmt":"2018-05-30T19:12:59","guid":{"rendered":"https:\/\/www.meydan.tv\/article\/tenqidden-inkara\/"},"modified":"2018-05-30T19:12:59","modified_gmt":"2018-05-30T19:12:59","slug":"tenqidden-inkara","status":"publish","type":"post","link":"https:\/\/www.meydan.tv\/az\/article\/tenqidden-inkara\/","title":{"rendered":"T\u0259nqidd\u0259n inkara"},"content":{"rendered":"<figure class=\"wp-block-image size-large\">\n  <img decoding=\"async\" src=\"https:\/\/www.meydan.tv\/az\/yalcin-imanov-4\/\" alt=\"Yal\u00e7\u0131n \u0130manov\" class=\"wp-image-100928\"\/><figcaption>\n    Yal\u00e7\u0131n \u0130manov<br \/>\n  <\/figcaption><\/figure>\n<p>\n  V\u0259killikd\u0259, \u00e7arpaz dindirm\u0259nin q\u0131z\u0131l bir qaydas\u0131 var: Cavab\u0131n\u0131 bilm\u0259diyin sual(lar)\u0131 verm\u0259! \u018fks halda, ald\u0131\u011f\u0131n, yaxud veril\u0259n cavablar\u0131n \u0259lind\u0259 \u00e7a\u015f-ba\u015f qalar, dindirm\u0259nin istiqam\u0259tini, gedi\u015fat\u0131n\u0131 v\u0259 h\u0259d\u0259fini itir\u0259 bil\u0259rs\u0259n.\n<\/p>\n<p>\n  Cavab\u0131n\u0131 bilm\u0259diyin suallar\u0131 verm\u0259m\u0259k \u00fc\u00e7\u00fcn is\u0259, cavab\u0131n\u0131 bildiyin suallar\u0131 (b\u00fct\u00f6vl\u00fckd\u0259 v\u0259kili oldu\u011fu i\u015fi) yax\u015f\u0131 \u00f6yr\u0259nm\u0259li, d\u0259qiq v\u0259 ard\u0131c\u0131ll\u0131qla s\u0131ralamal\u0131, sadalamal\u0131san.\n<\/p>\n<p>\n  Y\u0259ni, dindirm\u0259 suallar\u0131n\u0131n t\u0259rtibat\u0131 v\u0259 m\u00fcmk\u00fcn ehtimal\u0131 cavablar\u0131n \u0259vv\u0259lc\u0259d\u0259n diqq\u0259t\u0259 al\u0131nmas\u0131 u\u011furun yar\u0131s\u0131d\u0131r.\n<\/p>\n<p>\n  Siyas\u0259td\u0259 suallar, onlar\u0131n t\u0259qdimat\u0131 v\u0259 a\u011fla g\u0259l\u0259n cavablar\u0131 v\u0259killikd\u0259n tamam f\u0259rqlidir. Burda ver\u0259c\u0259yin sual\u0131n cavab\u0131n\u0131 bilm\u0259m\u0259k sual\u0131n qoyulu\u015funu, t\u0259rzini \u015f\u0259rtl\u0259ndirmir. Ancaq siyas\u0259td\u0259 d\u0259 v\u0259killikd\u0259 oldu\u011fu kimi, suallar m\u00fch\u00fcm \u0259hmiyy\u0259t k\u0259sb edir. \u018fn az\u0131 problemin aktualla\u015fd\u0131r\u0131lmas\u0131 v\u0259 ona m\u00fcnasib\u0259tin m\u00fc\u0259yy\u0259n edilm\u0259si bax\u0131m\u0131ndan.\n<\/p>\n<p>\n  \u0130ndi vacib olan sual budur: avtoritar rejiml\u0259rd\u0259 etiraz\u00e7\u0131 davran\u0131\u015f hans\u0131 formada t\u0259qdim edilm\u0259lidir? Etiraz\u00e7\u0131 m\u00fcnasib\u0259tin se\u00e7il\u0259n \u00fcsulu onun faydal\u0131l\u0131\u011f\u0131n\u0131 \u015f\u0259rtl\u0259ndirirmi?\n<\/p>\n<p>\n  A\u015fa\u011f\u0131da iki anlay\u0131\u015f\u0131n timsal\u0131nda bu suallara cavab arama\u011fa \u00e7al\u0131\u015faq.\n<\/p>\n<p>\n  ***\n<\/p>\n<p>\n  <b><br \/>\n    T\u0259nqid.<br \/>\n  <\/b>\n<\/p>\n<p>\n  Az\u0259rbaycan dilinin izahl\u0131 l\u00fc\u011f\u0259tind\u0259 t\u0259nqidin m\u0259nas\u0131 bel\u0259 verilir (M\u00f6vzuya uy\u011fun olan iki cavab versiyas\u0131 t\u0259qdim edilir):\n<\/p>\n<p>\n  1. Yax\u015f\u0131 c\u0259h\u0259tl\u0259rini \u00fcz\u0259 \u00e7\u0131xarmaq, n\u00f6qsanlar\u0131n\u0131 g\u00f6st\u0259rm\u0259k v\u0259 d\u00fcz\u0259ltm\u0259k m\u0259qs\u0259dil\u0259 m\u00fczakir\u0259, t\u0259hlil. Bir \u015fey haqq\u0131nda m\u0259nfi fikir, r\u0259y;<br \/>\n  <br \/>\n  2. Bir \u015feyin d\u00fczl\u00fcy\u00fcn\u00fcn, s\u0259hihliyinin elmi c\u0259h\u0259td\u0259n yoxlan\u0131lmas\u0131, t\u0259nqid olunmas\u0131.\n<\/p>\n<p>\n  G\u00f6r\u00fcnd\u00fcy\u00fc kimi, t\u0259nqidin \u0259n yax\u015f\u0131 halda t\u0259klif etdiyi, m\u00fczakir\u0259 v\u0259 t\u0259hlildir. M\u0259hz el\u0259 bu s\u0259b\u0259bd\u0259ndir ki, onill\u0259rdir hakimiyy\u0259t m\u0259nsublar\u0131n\u0131n \u201ckonstruktiv, h\u0259tta destruktiv t\u0259nqid\u0259 a\u00e7\u0131ql\u0131\u011f\u0131\u201d bar\u0259d\u0259 dilxo\u015fluqlar\u0131n\u0131 \u00e7ox tez-tez e\u015fitm\u0259k olur. Paradoksdur, deyilmi? Rejim, c\u0259sar\u0259tl\u0259 s\u0259ni onu t\u0259nqid etm\u0259y\u0259 d\u0259v\u0259t edir!\n<\/p>\n<p>\n  T\u0259nqid, h\u0259tta onun destruktiv formas\u0131 bel\u0259 qorxulu deyil, ba\u015fqa s\u00f6zl\u0259 des\u0259k z\u0259r\u0259rsizdir.\n<\/p>\n<p>\n  T\u0259nqid, birm\u0259nal\u0131 \u015f\u0259kild\u0259 avtoritar rejiml\u0259rin \u0259n i\u015fl\u0259k v\u0259 z\u0259ruri fon atributudur. Onun bunca stimulla\u015fd\u0131r\u0131lma\u011f\u0131n\u0131n s\u0259b\u0259bi d\u0259 el\u0259 budur. T\u0259nqid, t\u0259nqid etdiyi il\u0259 dinc yana\u015f\u0131 ya\u015fay\u0131r, onun uza\u011fa ged\u0259n m\u0259qs\u0259di v\u0259 niyy\u0259ti yoxdur. T\u0259nqidin son m\u0259nzili el\u0259 t\u0259nqiddir!\n<\/p>\n<p>\n  T\u0259nqid olan yerd\u0259 t\u0259rifin olmas\u0131 t\u0259biilikd\u0259n ba\u015fqa, h\u0259m d\u0259 vacib keyfiyy\u0259t \u0259lam\u0259tidir. \u018fks halda q\u0259r\u0259zli g\u00f6r\u00fcn\u0259, c\u0131\u011fal g\u00fcn\u00fcn\u0259 d\u00fc\u015f\u0259 bil\u0259rs\u0259n. T\u0259nqidl\u0259 t\u0259rif bir medal\u0131n iki \u00fcz\u00fcd\u00fcr, onlar \u00fczv\u00fc \u015f\u0259kild\u0259 bir-birini tamamlay\u0131r v\u0259 z\u0259ruri edir. Bir ne\u00e7\u0259 il \u0259vv\u0259l m\u00fcxalif \u015f\u0259xsl\u0259rin ara-s\u0131ra, amma \u00e7ox gur s\u0259sl\u0259n\u0259n \u201cAsan\u201d Xidm\u0259tl\u0259 ba\u011fl\u0131 t\u0259rifl\u0259rin\u0259 rast g\u0259lm\u0259k olurdu. \u015e\u0259xsiyy\u0259t, yaxud s\u00fcr\u00fcc\u00fcl\u00fck v\u0259siql\u0259rini \u00e7ox rahat v\u0259 \u0259n\u0259n\u0259vi b\u00fcrokratik mane\u0259l\u0259rl\u0259 \u00fczl\u0259\u015fm\u0259d\u0259n d\u0259yi\u015f\u0259n \u0259ksfikirlil\u0259r xo\u015fb\u0259xt eyforiyadan az qala u\u00e7urdular. Halbuki, el\u0259 \u201cAsan\u201d Xidm\u0259t-in \u00f6z\u00fc \u00e7\u0259tin idaretm\u0259nin, m\u0259i\u015f\u0259t korrupsiyas\u0131n\u0131n dolay\u0131 yolla t\u0259sdiqidir.\n<\/p>\n<p>\n  Halbuki, b\u00fct\u00fcn t\u0259m\u0259l d\u0259y\u0259rl\u0259rin (azad se\u00e7ki, m\u00fcst\u0259qil m\u0259hk\u0259m\u0259 hakimiyy\u0259ti, parlamentarizm, liberal iqtisadiyyat v\u0259 s. v\u0259 i.a.) faktiki l\u0259\u011fv edilib, sars\u0131d\u0131l\u0131b, yerind\u0259 zorba dinastiya rejiminin b\u0259rq\u0259rar edildiyi \u00f6lk\u0259d\u0259 \u201cAsan\u201d Xidm\u0259t u\u011furu ac\u0131 g\u00fcl\u00fc\u015f do\u011furur.\n<\/p>\n<p>\n  N\u0259tic\u0259 &#8211; t\u0259nqid kosmetikdir, aldad\u0131c\u0131 sublimasiyad\u0131r. O, vur-tut a\u011fr\u0131k\u0259sici iyn\u0259dir, o, k\u0259skin a\u011fr\u0131n\u0131n s\u0259bbini al\u0131r, ancaq m\u0259lh\u0259m deyil, ehtiyac duyulan is\u0259 m\u0259hz \u015f\u0259fad\u0131r, a\u011f\u0131r x\u0259st\u0259liyin kompleks m\u00fcalic\u0259sidir.\n<\/p>\n<p>\n  ***\n<\/p>\n<p>\n  <b><br \/>\n    \u0130nkar.<br \/>\n  <\/b>\n<\/p>\n<p>\n  Az\u0259rbaycan dilinin izahl\u0131 l\u00fc\u011f\u0259tind\u0259 bu s\u00f6z\u00fcn m\u0259nas\u0131 bel\u0259 verilir: Tan\u0131mama, r\u0259dd etm\u0259, q\u0259bul v\u0259 t\u0259sdiq etm\u0259m\u0259, danma. \u0130nkar etm\u0259k \u2013 bir \u015feyin varl\u0131\u011f\u0131n\u0131, do\u011frulu\u011funu v\u0259 s.-ni q\u0259bul v\u0259 t\u0259sdiq etm\u0259m\u0259k, r\u0259dd etm\u0259k v\u0259 danmaq.\n<\/p>\n<p>\n  \u0130nkar\u0131n birinci \u015f\u0259rti \u2013 tan\u0131mamaq v\u0259 q\u0259bul etm\u0259m\u0259kdir. O, q\u0259ti v\u0259 birm\u0259nal\u0131d\u0131r. O, t\u0259rifd\u0259n f\u0259rqli olaraq inkar etdiyi il\u0259 dinc yana\u015f\u0131 ya\u015faya bilmir, bilm\u0259z, onun mahiyy\u0259ti bunu m\u00fcmk\u00fcns\u00fcz edir. \u0130nkarla inkar edil\u0259nin birlikd\u0259liyi m\u00fcmk\u00fcn deyil, o, olanda bu, bu olanda is\u0259 o olmur.\n<\/p>\n<p>\n  \u0130nkar\u0131n danmas\u0131, q\u0259bul etm\u0259m\u0259si, onun daha art\u0131\u011f\u0131n\u0131, \u00e7oxunu ist\u0259m\u0259siyl\u0259 ba\u011fl\u0131d\u0131r, r\u0259dd etdiyini tamamil\u0259 d\u0259yi\u015fm\u0259k niyy\u0259til\u0259 \u0259laq\u0259lidir. \u0130nkar r\u0259dd etdiyinin yerind\u0259 \u00f6z b\u00f6y\u00fck t\u0259sdiqini ucald\u0131r. \u0130nkar\u0131n t\u0259sdiqi olmasayd\u0131, onun inkar\u0131n\u0131n da bir m\u0259nas\u0131 olmazd\u0131, inkar kor-koran\u0259 olsayd\u0131, hans\u0131sa \u0259h\u0259miyy\u0259ti qalmazd\u0131.\n<\/p>\n<p>\n  ***\n<\/p>\n<p>\n  <b><br \/>\n    N\u0259tic\u0259:<br \/>\n  <\/b><br \/>\n  t\u0259nqid inventard\u0131, inkar h\u0259r zaman m\u00fcasir. Birinci yolaver\u0259ndi, ikinci, yolyaradan. Birinci c\u0131\u011f\u0131rd\u0131, ikinci hara getdiyini g\u00f6st\u0259r\u0259n yerli-yataql\u0131 yol.<br \/>\n  <br \/>\n  Az\u0259rbaycan c\u0259miyy\u0259tind\u0259 ideoloji c\u0259hb\u0259l\u0259\u015fm\u0259nin v\u0259 yar\u0131\u015fman\u0131n olmad\u0131\u011f\u0131 bir \u015f\u0259raitd\u0259 inkar istinadgah kimi g\u00f6r\u00fcn\u00fcr!\n<\/p>\n<p>\n  Avtoritar rejiml\u0259ri inkar etm\u0259k laz\u0131md\u0131r, b\u00fcsb\u00fct\u00fcn, antixalq, antiinsani siyas\u0259tini, davran\u0131\u015flar\u0131n\u0131 \u0259g\u0259r varsa, iriliyind\u0259n-x\u0131rdal\u0131\u011f\u0131ndan as\u0131l\u0131 olmayaraq, b\u00fct\u00fcn u\u011furlar\u0131 il\u0259 bir yerd\u0259. Son t\u0259m\u0259l da\u015f\u0131ndan, ax\u0131r\u0131nc\u0131 mismar\u0131na kimi.\n<\/p>\n<p>\n  Bu, maksimalizm, yaxud neobol\u015fevizm deyil, avtoritar rejiml\u0259rd\u0259n xilas olub, yenil\u0259nm\u0259nin, t\u0259z\u0259l\u0259nm\u0259nin b\u0259lk\u0259 d\u0259 yegan\u0259 yoludur.\n<\/p>\n<p>\n  <i><br \/>\n    <b><br \/>\n      Yaz\u0131 m\u00fc\u0259llifin fikirl\u0259rini \u0259ks etdirir v\u0259 Meydan TV-nin m\u00f6vqeyi il\u0259 \u00fcst-\u00fcst\u0259 d\u00fc\u015fm\u0259y\u0259 bil\u0259r.<br \/>\n    <\/b><br \/>\n  <\/i>\n<\/p><\/p>\n","protected":false},"excerpt":{"rendered":"<p>V\u0259killikd\u0259, \u00e7arpaz dindirm\u0259nin q\u0131z\u0131l bir qaydas\u0131 var<\/p>\n","protected":false},"author":11,"featured_media":100928,"comment_status":"closed","ping_status":"open","sticky":false,"template":"","format":"standard","meta":{"_acf_changed":false,"_sitemap_exclude":false,"_sitemap_priority":"","_sitemap_frequency":"","footnotes":""},"categories":[57],"tags":[],"class_list":["post-190235","post","type-post","status-publish","format-standard","has-post-thumbnail","hentry","category-menim-fikrimce","infinite-scroll-item","generate-columns","tablet-grid-50","mobile-grid-100","grid-parent","grid-33","no-featured-image-padding"],"acf":[],"yoast_head":"<!-- This site is optimized with the Yoast SEO plugin v27.4 - https:\/\/yoast.com\/product\/yoast-seo-wordpress\/ -->\n<title>T\u0259nqidd\u0259n inkara - MEYDAN.TV<\/title>\n<meta name=\"robots\" content=\"index, follow, max-snippet:-1, max-image-preview:large, max-video-preview:-1\" \/>\n<link rel=\"canonical\" href=\"https:\/\/www.meydan.tv\/az\/article\/tenqidden-inkara\/\" \/>\n<meta property=\"og:locale\" content=\"az_AZ\" \/>\n<meta property=\"og:type\" content=\"article\" \/>\n<meta property=\"og:title\" content=\"T\u0259nqidd\u0259n inkara - MEYDAN.TV\" \/>\n<meta property=\"og:description\" content=\"V\u0259killikd\u0259, \u00e7arpaz dindirm\u0259nin q\u0131z\u0131l bir qaydas\u0131 var\" \/>\n<meta property=\"og:url\" content=\"https:\/\/www.meydan.tv\/az\/article\/tenqidden-inkara\/\" \/>\n<meta property=\"og:site_name\" content=\"MEYDAN.TV\" \/>\n<meta property=\"article:published_time\" content=\"2018-05-30T19:12:59+00:00\" \/>\n<meta property=\"og:image\" content=\"https:\/\/www.meydan.tv\/wp-content\/uploads\/39925.jpg\" \/>\n\t<meta property=\"og:image:width\" content=\"1023\" \/>\n\t<meta property=\"og:image:height\" content=\"575\" \/>\n\t<meta property=\"og:image:type\" content=\"image\/jpeg\" \/>\n<meta name=\"author\" content=\"user-manager\" \/>\n<meta name=\"twitter:card\" content=\"summary_large_image\" \/>\n<script type=\"application\/ld+json\" class=\"yoast-schema-graph\">{\"@context\":\"https:\\\/\\\/schema.org\",\"@graph\":[{\"@type\":\"Article\",\"@id\":\"https:\\\/\\\/www.meydan.tv\\\/az\\\/article\\\/tenqidden-inkara\\\/#article\",\"isPartOf\":{\"@id\":\"https:\\\/\\\/www.meydan.tv\\\/az\\\/article\\\/tenqidden-inkara\\\/\"},\"author\":{\"name\":\"user-manager\",\"@id\":\"https:\\\/\\\/www.meydan.tv\\\/az\\\/#\\\/schema\\\/person\\\/10d11eccf6da3662cf5fdab9806ea91a\"},\"headline\":\"T\u0259nqidd\u0259n inkara\",\"datePublished\":\"2018-05-30T19:12:59+00:00\",\"mainEntityOfPage\":{\"@id\":\"https:\\\/\\\/www.meydan.tv\\\/az\\\/article\\\/tenqidden-inkara\\\/\"},\"wordCount\":1064,\"publisher\":{\"@id\":\"https:\\\/\\\/www.meydan.tv\\\/az\\\/#organization\"},\"image\":{\"@id\":\"https:\\\/\\\/www.meydan.tv\\\/az\\\/article\\\/tenqidden-inkara\\\/#primaryimage\"},\"thumbnailUrl\":\"https:\\\/\\\/www.meydan.tv\\\/wp-content\\\/uploads\\\/39925.jpg\",\"articleSection\":[\"M\u0259nim Fikrimc\u0259\"],\"inLanguage\":\"az\"},{\"@type\":\"WebPage\",\"@id\":\"https:\\\/\\\/www.meydan.tv\\\/az\\\/article\\\/tenqidden-inkara\\\/\",\"url\":\"https:\\\/\\\/www.meydan.tv\\\/az\\\/article\\\/tenqidden-inkara\\\/\",\"name\":\"T\u0259nqidd\u0259n inkara - MEYDAN.TV\",\"isPartOf\":{\"@id\":\"https:\\\/\\\/www.meydan.tv\\\/az\\\/#website\"},\"primaryImageOfPage\":{\"@id\":\"https:\\\/\\\/www.meydan.tv\\\/az\\\/article\\\/tenqidden-inkara\\\/#primaryimage\"},\"image\":{\"@id\":\"https:\\\/\\\/www.meydan.tv\\\/az\\\/article\\\/tenqidden-inkara\\\/#primaryimage\"},\"thumbnailUrl\":\"https:\\\/\\\/www.meydan.tv\\\/wp-content\\\/uploads\\\/39925.jpg\",\"datePublished\":\"2018-05-30T19:12:59+00:00\",\"breadcrumb\":{\"@id\":\"https:\\\/\\\/www.meydan.tv\\\/az\\\/article\\\/tenqidden-inkara\\\/#breadcrumb\"},\"inLanguage\":\"az\",\"potentialAction\":[{\"@type\":\"ReadAction\",\"target\":[\"https:\\\/\\\/www.meydan.tv\\\/az\\\/article\\\/tenqidden-inkara\\\/\"]}]},{\"@type\":\"ImageObject\",\"inLanguage\":\"az\",\"@id\":\"https:\\\/\\\/www.meydan.tv\\\/az\\\/article\\\/tenqidden-inkara\\\/#primaryimage\",\"url\":\"https:\\\/\\\/www.meydan.tv\\\/wp-content\\\/uploads\\\/39925.jpg\",\"contentUrl\":\"https:\\\/\\\/www.meydan.tv\\\/wp-content\\\/uploads\\\/39925.jpg\",\"width\":1023,\"height\":575,\"caption\":\"Source:\"},{\"@type\":\"BreadcrumbList\",\"@id\":\"https:\\\/\\\/www.meydan.tv\\\/az\\\/article\\\/tenqidden-inkara\\\/#breadcrumb\",\"itemListElement\":[{\"@type\":\"ListItem\",\"position\":1,\"name\":\"Ana s\u0259hif\u0259\",\"item\":\"https:\\\/\\\/www.meydan.tv\\\/az\\\/\"},{\"@type\":\"ListItem\",\"position\":2,\"name\":\"M\u0259nim Fikrimc\u0259\",\"item\":\"https:\\\/\\\/www.meydan.tv\\\/az\\\/section\\\/menim-fikrimce\\\/\"},{\"@type\":\"ListItem\",\"position\":3,\"name\":\"T\u0259nqidd\u0259n inkara\"}]},{\"@type\":\"WebSite\",\"@id\":\"https:\\\/\\\/www.meydan.tv\\\/az\\\/#website\",\"url\":\"https:\\\/\\\/www.meydan.tv\\\/az\\\/\",\"name\":\"MEYDAN.TV\",\"description\":\"Meydan TV Az\u0259rbaycan\u0131n media m\u0259kan\u0131ndak\u0131 alternativ s\u0259sidir\",\"publisher\":{\"@id\":\"https:\\\/\\\/www.meydan.tv\\\/az\\\/#organization\"},\"potentialAction\":[{\"@type\":\"SearchAction\",\"target\":{\"@type\":\"EntryPoint\",\"urlTemplate\":\"https:\\\/\\\/www.meydan.tv\\\/az\\\/?s={search_term_string}\"},\"query-input\":{\"@type\":\"PropertyValueSpecification\",\"valueRequired\":true,\"valueName\":\"search_term_string\"}}],\"inLanguage\":\"az\"},{\"@type\":\"Organization\",\"@id\":\"https:\\\/\\\/www.meydan.tv\\\/az\\\/#organization\",\"name\":\"Meydan TV\",\"url\":\"https:\\\/\\\/www.meydan.tv\\\/az\\\/\",\"logo\":{\"@type\":\"ImageObject\",\"inLanguage\":\"az\",\"@id\":\"https:\\\/\\\/www.meydan.tv\\\/az\\\/#\\\/schema\\\/logo\\\/image\\\/\",\"url\":\"https:\\\/\\\/www.meydan.tv\\\/wp-content\\\/uploads\\\/2021\\\/07\\\/meydan-logo.svg\",\"contentUrl\":\"https:\\\/\\\/www.meydan.tv\\\/wp-content\\\/uploads\\\/2021\\\/07\\\/meydan-logo.svg\",\"width\":195,\"height\":46,\"caption\":\"Meydan TV\"},\"image\":{\"@id\":\"https:\\\/\\\/www.meydan.tv\\\/az\\\/#\\\/schema\\\/logo\\\/image\\\/\"}},{\"@type\":\"Person\",\"@id\":\"https:\\\/\\\/www.meydan.tv\\\/az\\\/#\\\/schema\\\/person\\\/10d11eccf6da3662cf5fdab9806ea91a\",\"name\":\"user-manager\"}]}<\/script>\n<!-- \/ Yoast SEO plugin. -->","yoast_head_json":{"title":"T\u0259nqidd\u0259n inkara - MEYDAN.TV","robots":{"index":"index","follow":"follow","max-snippet":"max-snippet:-1","max-image-preview":"max-image-preview:large","max-video-preview":"max-video-preview:-1"},"canonical":"https:\/\/www.meydan.tv\/az\/article\/tenqidden-inkara\/","og_locale":"az_AZ","og_type":"article","og_title":"T\u0259nqidd\u0259n inkara - MEYDAN.TV","og_description":"V\u0259killikd\u0259, \u00e7arpaz dindirm\u0259nin q\u0131z\u0131l bir qaydas\u0131 var","og_url":"https:\/\/www.meydan.tv\/az\/article\/tenqidden-inkara\/","og_site_name":"MEYDAN.TV","article_published_time":"2018-05-30T19:12:59+00:00","og_image":[{"width":1023,"height":575,"url":"https:\/\/www.meydan.tv\/wp-content\/uploads\/39925.jpg","type":"image\/jpeg"}],"author":"user-manager","twitter_card":"summary_large_image","schema":{"@context":"https:\/\/schema.org","@graph":[{"@type":"Article","@id":"https:\/\/www.meydan.tv\/az\/article\/tenqidden-inkara\/#article","isPartOf":{"@id":"https:\/\/www.meydan.tv\/az\/article\/tenqidden-inkara\/"},"author":{"name":"user-manager","@id":"https:\/\/www.meydan.tv\/az\/#\/schema\/person\/10d11eccf6da3662cf5fdab9806ea91a"},"headline":"T\u0259nqidd\u0259n inkara","datePublished":"2018-05-30T19:12:59+00:00","mainEntityOfPage":{"@id":"https:\/\/www.meydan.tv\/az\/article\/tenqidden-inkara\/"},"wordCount":1064,"publisher":{"@id":"https:\/\/www.meydan.tv\/az\/#organization"},"image":{"@id":"https:\/\/www.meydan.tv\/az\/article\/tenqidden-inkara\/#primaryimage"},"thumbnailUrl":"https:\/\/www.meydan.tv\/wp-content\/uploads\/39925.jpg","articleSection":["M\u0259nim Fikrimc\u0259"],"inLanguage":"az"},{"@type":"WebPage","@id":"https:\/\/www.meydan.tv\/az\/article\/tenqidden-inkara\/","url":"https:\/\/www.meydan.tv\/az\/article\/tenqidden-inkara\/","name":"T\u0259nqidd\u0259n inkara - MEYDAN.TV","isPartOf":{"@id":"https:\/\/www.meydan.tv\/az\/#website"},"primaryImageOfPage":{"@id":"https:\/\/www.meydan.tv\/az\/article\/tenqidden-inkara\/#primaryimage"},"image":{"@id":"https:\/\/www.meydan.tv\/az\/article\/tenqidden-inkara\/#primaryimage"},"thumbnailUrl":"https:\/\/www.meydan.tv\/wp-content\/uploads\/39925.jpg","datePublished":"2018-05-30T19:12:59+00:00","breadcrumb":{"@id":"https:\/\/www.meydan.tv\/az\/article\/tenqidden-inkara\/#breadcrumb"},"inLanguage":"az","potentialAction":[{"@type":"ReadAction","target":["https:\/\/www.meydan.tv\/az\/article\/tenqidden-inkara\/"]}]},{"@type":"ImageObject","inLanguage":"az","@id":"https:\/\/www.meydan.tv\/az\/article\/tenqidden-inkara\/#primaryimage","url":"https:\/\/www.meydan.tv\/wp-content\/uploads\/39925.jpg","contentUrl":"https:\/\/www.meydan.tv\/wp-content\/uploads\/39925.jpg","width":1023,"height":575,"caption":"Source:"},{"@type":"BreadcrumbList","@id":"https:\/\/www.meydan.tv\/az\/article\/tenqidden-inkara\/#breadcrumb","itemListElement":[{"@type":"ListItem","position":1,"name":"Ana s\u0259hif\u0259","item":"https:\/\/www.meydan.tv\/az\/"},{"@type":"ListItem","position":2,"name":"M\u0259nim Fikrimc\u0259","item":"https:\/\/www.meydan.tv\/az\/section\/menim-fikrimce\/"},{"@type":"ListItem","position":3,"name":"T\u0259nqidd\u0259n inkara"}]},{"@type":"WebSite","@id":"https:\/\/www.meydan.tv\/az\/#website","url":"https:\/\/www.meydan.tv\/az\/","name":"MEYDAN.TV","description":"Meydan TV Az\u0259rbaycan\u0131n media m\u0259kan\u0131ndak\u0131 alternativ s\u0259sidir","publisher":{"@id":"https:\/\/www.meydan.tv\/az\/#organization"},"potentialAction":[{"@type":"SearchAction","target":{"@type":"EntryPoint","urlTemplate":"https:\/\/www.meydan.tv\/az\/?s={search_term_string}"},"query-input":{"@type":"PropertyValueSpecification","valueRequired":true,"valueName":"search_term_string"}}],"inLanguage":"az"},{"@type":"Organization","@id":"https:\/\/www.meydan.tv\/az\/#organization","name":"Meydan TV","url":"https:\/\/www.meydan.tv\/az\/","logo":{"@type":"ImageObject","inLanguage":"az","@id":"https:\/\/www.meydan.tv\/az\/#\/schema\/logo\/image\/","url":"https:\/\/www.meydan.tv\/wp-content\/uploads\/2021\/07\/meydan-logo.svg","contentUrl":"https:\/\/www.meydan.tv\/wp-content\/uploads\/2021\/07\/meydan-logo.svg","width":195,"height":46,"caption":"Meydan TV"},"image":{"@id":"https:\/\/www.meydan.tv\/az\/#\/schema\/logo\/image\/"}},{"@type":"Person","@id":"https:\/\/www.meydan.tv\/az\/#\/schema\/person\/10d11eccf6da3662cf5fdab9806ea91a","name":"user-manager"}]}},"_links":{"self":[{"href":"https:\/\/www.meydan.tv\/az\/wp-json\/wp\/v2\/posts\/190235","targetHints":{"allow":["GET"]}}],"collection":[{"href":"https:\/\/www.meydan.tv\/az\/wp-json\/wp\/v2\/posts"}],"about":[{"href":"https:\/\/www.meydan.tv\/az\/wp-json\/wp\/v2\/types\/post"}],"author":[{"embeddable":true,"href":"https:\/\/www.meydan.tv\/az\/wp-json\/wp\/v2\/users\/11"}],"replies":[{"embeddable":true,"href":"https:\/\/www.meydan.tv\/az\/wp-json\/wp\/v2\/comments?post=190235"}],"version-history":[{"count":0,"href":"https:\/\/www.meydan.tv\/az\/wp-json\/wp\/v2\/posts\/190235\/revisions"}],"wp:featuredmedia":[{"embeddable":true,"href":"https:\/\/www.meydan.tv\/az\/wp-json\/wp\/v2\/media\/100928"}],"wp:attachment":[{"href":"https:\/\/www.meydan.tv\/az\/wp-json\/wp\/v2\/media?parent=190235"}],"wp:term":[{"taxonomy":"category","embeddable":true,"href":"https:\/\/www.meydan.tv\/az\/wp-json\/wp\/v2\/categories?post=190235"},{"taxonomy":"post_tag","embeddable":true,"href":"https:\/\/www.meydan.tv\/az\/wp-json\/wp\/v2\/tags?post=190235"}],"curies":[{"name":"wp","href":"https:\/\/api.w.org\/{rel}","templated":true}]}}