{"id":190228,"date":"2018-05-30T15:52:23","date_gmt":"2018-05-30T15:52:23","guid":{"rendered":"https:\/\/www.meydan.tv\/article\/ugursuzluga-ducar-olmus-muxalifet\/"},"modified":"2018-05-30T15:52:23","modified_gmt":"2018-05-30T15:52:23","slug":"ugursuzluga-ducar-olmus-muxalifet","status":"publish","type":"post","link":"https:\/\/www.meydan.tv\/az\/article\/ugursuzluga-ducar-olmus-muxalifet\/","title":{"rendered":"U\u011fursuzlu\u011fa d\u00fc\u00e7ar olmu\u015f m\u00fcxalif\u0259t"},"content":{"rendered":"<figure class=\"wp-block-image size-large\">\n  <img decoding=\"async\" src=\"https:\/\/www.meydan.tv\/az\/foto-turan-ia-17\/\" alt=\"foto Turan \u0130A\" class=\"wp-image-104436\"\/><figcaption>\n    foto Turan \u0130A<br \/>\n  <\/figcaption><\/figure>\n<p>\n  <i><br \/>\n    Erm\u0259ni izi haqq\u0131nda n\u00f6vb\u0259ti \u015fablon<br \/>\n  <\/i>\n<\/p>\n<p>\n  Az\u0259rbaycan Ba\u015f Prokurorlu\u011fu v\u0259 D\u0130N may\u0131n 26-da bir qrup \u015f\u0259xsin, o c\u00fcml\u0259d\u0259n Az\u0259rbaycan Xalq C\u0259bh\u0259si Partiyas\u0131n\u0131n (AXCP) f\u0259allar\u0131n\u0131n cinay\u0259tkarl\u0131q yolu il\u0259 \u0259ld\u0259 edilmi\u015f pul v\u0259saitinin leqalla\u015fd\u0131r\u0131lmas\u0131 ittiham\u0131 il\u0259 h\u0259bs edildiyini bildirib. B\u0259yanat m\u00fc\u0259llifl\u0259ri cinay\u0259tkar yolun n\u0259 oldu\u011funu a\u00e7\u0131qlam\u0131r.\n<\/p>\n<p>\n  Bu bar\u0259d\u0259 \u201cTuran\u201d informasiya agentliyinin analitik yaz\u0131s\u0131nda qeyd olunub.\n<\/p>\n<p>\n  Yaz\u0131da xat\u0131rlad\u0131l\u0131r ki, AXCP-y\u0259 v\u0259sait \u00f6t\u00fcr\u0259n \u0259sas \u015f\u0259xs kimi Rusiya v\u0259 Az\u0259rbaycan v\u0259t\u0259nda\u015f\u0131, 1992-93-c\u00fc ill\u0259rd\u0259 El\u00e7ib\u0259yin hakimiyy\u0259ti d\u00f6vr\u00fcnd\u0259 G\u0259d\u0259b\u0259y rayonunun icra ba\u015f\u00e7\u0131s\u0131 olan Saleh R\u00fcst\u0259mov g\u00f6st\u0259rilir.\n<\/p>\n<p>\n  \u0130stintaq\u0131n m\u0259lumat\u0131na g\u00f6r\u0259, m\u00fcxt\u0259lif ill\u0259rd\u0259 412 min dollar \u00f6l\u00e7\u00fcs\u00fcnd\u0259 v\u0259saiti alan \u0259sas \u015f\u0259xs AXCP s\u0259dri \u018fli K\u0259rimlidir.\n<\/p>\n<p>\n  Saleh R\u00fcst\u0259mov, Vidadi R\u00fcst\u0259mli, Aqil M\u0259h\u0259rr\u0259mov, Ruslan N\u0259sirov, Bab\u0259k H\u0259s\u0259nov, Eltac \u018flisoy CM-in 192.3.2 (qanunsuz sahibkarl\u0131q, b\u00f6y\u00fck \u00f6l\u00e7\u00fcd\u0259 g\u0259lir \u0259ld\u0259 etm\u0259kl\u0259 t\u00f6r\u0259dildikd\u0259), 193-1.3.1 (m\u00fct\u0259\u015f\u0259kkil qrupun t\u0259rkibind\u0259 cinay\u0259tkar yolla \u0259ld\u0259 edilmi\u015f pullar\u0131n leqalla\u015fd\u0131r\u0131lmas\u0131) v\u0259 193-1.3.2 (eyni \u0259m\u0259ll\u0259r b\u00f6y\u00fck \u00f6l\u00e7\u00fcd\u0259 t\u00f6r\u0259dildikd\u0259) madd\u0259l\u0259ri il\u0259 cinay\u0259t m\u0259suliyy\u0259tin\u0259 c\u0259lb edilib.\n<\/p>\n<p>\n  S.R\u00fcst\u0259mov v\u0259 V.R\u00fcst\u0259mli m\u00fcvafiq olaraq may\u0131n 8-d\u0259 v\u0259 10-da h\u0259bs edilib v\u0259 \u0259vv\u0259lc\u0259 qanunsuz narkotik d\u00f6vriyy\u0259sind\u0259 ittiham olunub.\n<\/p>\n<p>\n  \u018fli K\u0259rimli Ba\u015f Prokurorlu\u011fun v\u0259 D\u0130N-in m\u0259lumat\u0131nda s\u0259sl\u0259n\u0259n partiyan\u0131n \u00e7irkli pullar\u0131n yuyulmas\u0131 hesab\u0131na maliyy\u0259l\u0259\u015fdirilm\u0259si ittihamlar\u0131n\u0131 t\u0259kzib edib.\n<\/p>\n<p>\n  K\u0259rimli bildirib ki, Saleh R\u00fcst\u0259mov onu dostudur v\u0259 h\u0259qiq\u0259t\u0259n ona bir ne\u00e7\u0259 il \u0259rzind\u0259 \u00fcmumilikd\u0259 t\u0259xmin\u0259n 5 min dollar pul g\u00f6nd\u0259rib.\n<\/p>\n<p>\n  Demokratik Q\u00fcvv\u0259l\u0259rin Milli \u015euras\u0131n\u0131n s\u0259dri C\u0259mil H\u0259s\u0259nli bu m\u0259s\u0259l\u0259 il\u0259 ba\u011fl\u0131 b\u0259yanat\u0131nda bildirib ki, v\u0259sait siyasi m\u0259hbuslara v\u0259 onlar\u0131n ail\u0259l\u0259rin\u0259 d\u0259st\u0259k g\u00f6st\u0259rilm\u0259sin\u0259, v\u0259kil xidm\u0259tl\u0259rinin \u00f6d\u0259nilm\u0259sin\u0259 x\u0259rcl\u0259nib.\n<\/p>\n<p>\n  <i><br \/>\n    <b><br \/>\n      Siyasi \u0259saslar<br \/>\n    <\/b><br \/>\n  <\/i>\n<\/p>\n<p>\n  Analitik yaz\u0131da qeyd olunur ki, \u0259vv\u0259lki v\u0259 sonrak\u0131 hadis\u0259l\u0259r, Ba\u015f Prokurorlu\u011fun v\u0259 D\u0130N-in b\u0259yanatlar\u0131n\u0131n xarakteri may\u0131n 26-da elan edilmi\u015f cinay\u0259t i\u015finin siyasi motivli oldu\u011funu v\u0259 bar\u0131\u015fmaz siyasi t\u0259\u015fkilat kimi AXCP-ni m\u0259hv etm\u0259k m\u0259qs\u0259di g\u00fcd\u00fcr.\n<\/p>\n<p>\n  &#8220;Faktlar z\u0259ncirini t\u0259dqiq ed\u0259k.\n<\/p>\n<p>\n  <b><br \/>\n    1<br \/>\n  <\/b><br \/>\n  . Saleh R\u00fcst\u0259mov may\u0131n 8-d\u0259 h\u0259bs edilib v\u0259 indiy\u0259d\u0259k M\u00fct\u0259\u015f\u0259kkil Cinay\u0259tkarl\u0131\u011fa qar\u015f\u0131 M\u00fcbariz\u0259 Ba\u015f \u0130dar\u0259sind\u0259 saxlan\u0131l\u0131r, bu da qanunvericiliyin \u0259n kobud \u015f\u0259kild\u0259 pozulmas\u0131d\u0131r. O, t\u0259crid edilib, dindirm\u0259 onun ist\u0259diyi v\u0259kilin i\u015ftirak\u0131 olmadan ke\u00e7irilib. V\u0259kil d\u00f6vl\u0259t t\u0259r\u0259find\u0259n t\u0259yin edilib. \u0130fad\u0259l\u0259rin i\u015fg\u0259nc\u0259 alt\u0131nda al\u0131nd\u0131\u011f\u0131 bildirilir. R\u00fcst\u0259movun videom\u00fcraci\u0259tl\u0259ri ictimaiyy\u0259t\u0259 t\u0259qdim edilm\u0259yib, bu, onun fiziki s\u0259b\u0259bl\u0259rd\u0259n ictimaiyy\u0259t qar\u015f\u0131s\u0131na \u00e7\u0131xa bilm\u0259diyini g\u00f6st\u0259r\u0259 bil\u0259r. Ayd\u0131nd\u0131r ki, bu c\u00fcr ifad\u0259l\u0259r qanunun aliliyin\u0259 riay\u0259t olunan ist\u0259nil\u0259n \u00f6lk\u0259d\u0259 qanuni hesab oluna bilm\u0259z.\n<\/p>\n<p>\n  <b><br \/>\n    2.<br \/>\n  <\/b><br \/>\n  AXCP-ni v\u0259saitl\u0259rin yuyulmas\u0131nda v\u0259 qanunsuz maliyy\u0259l\u0259\u015fm\u0259kd\u0259 ittiham etm\u0259k c\u0259hdl\u0259ri m\u00fcnt\u0259z\u0259m olaraq edilib. 2012-ci ilin mart\u0131nda K\u0259rimlinin qayn\u0131 Elnur Seyidov maliyy\u0259 f\u0131r\u0131ldaqlar\u0131nda ittiham edil\u0259r\u0259k h\u0259bs edilib. 2017-ci ilin may\u0131nda AXCP s\u0259dr m\u00fcavini G\u00f6z\u0259l Bayraml\u0131 guya G\u00fcrc\u00fcstandan 10 min dollar g\u0259tirm\u0259k c\u0259hdin\u0259 g\u00f6r\u0259 h\u0259bs edilib. Eyni zamanda G\u00fcrc\u00fcstanda Lanseti klinikas\u0131n\u0131n t\u0259sis\u00e7isi F\u0259rman Ceyranl\u0131ya qar\u015f\u0131 cinay\u0259t i\u015fi a\u00e7\u0131l\u0131r. K\u0130V yaz\u0131rd\u0131 ki, h\u0259bsin \u0259sl s\u0259b\u0259bi guya onun AXCP-y\u0259 maliyy\u0259 yard\u0131m\u0131 g\u00f6st\u0259rm\u0259sidir.\n<\/p>\n<p>\n  <b><br \/>\n    3<br \/>\n  <\/b><br \/>\n  . 2016-c\u0131 ilin avqustunda AXCP s\u0259drinin k\u00f6m\u0259k\u00e7isi Faiq \u018fmirov v\u0259 partiya f\u0259al\u0131 Fuad \u018fhm\u0259dli h\u0259bs edilib. H\u0259min vaxt \u018fli K\u0259rimli d\u0259 h\u0259bsinin g\u00f6zl\u0259nildiyini bildirmi\u015fdi. H\u00f6kum\u0259ty\u00f6nl\u00fc K\u0130V-l\u0259r AXCP-ni Az\u0259rbaycanda &#8220;g\u00fcl\u0259n\u00e7il\u0259rin&#8221; n\u00fcv\u0259si adland\u0131r\u0131rd\u0131, baxmayaraq ki, d\u00f6vl\u0259t funksionerl\u0259ri, o c\u00fcml\u0259d\u0259n prezident administrasiyas\u0131 g\u00fcl\u0259n\u00e7il\u0259rl\u0259 i\u015fl\u0259yirdi. M\u00f6vcu iyulun 15-d\u0259 T\u00fcrkiy\u0259d\u0259 \u00e7evrili\u015f c\u0259hdind\u0259n v\u0259 iyulun 17-n\u0259 Az\u0259rbaycanda konstitusiyaya d\u0259yi\u015fiklikl\u0259r haqq\u0131nda referendum elan edilm\u0259sind\u0259n sonra ortaya \u00e7\u0131xd\u0131. Sonuncu fakt\u0131 AXCP-nin referendum zaman\u0131 z\u0259r\u0259rsizl\u0259\u015fdirilm\u0259si \u00fc\u00e7\u00fcn ona qar\u015f\u0131 h\u00fccuma ke\u00e7m\u0259kd\u0259 h\u0259lledici fakt adland\u0131rmaq olar.\n<\/p>\n<p>\n  <b><br \/>\n    4.<br \/>\n  <\/b><br \/>\n  2005-ci ild\u0259 parlament se\u00e7kil\u0259ri \u0259r\u0259f\u0259sind\u0259 AXCP funksioneri Ruslan B\u0259\u015firlinin i\u015fi a\u00e7\u0131l\u0131r, o, Az\u0259rbaycanda parlament se\u00e7kil\u0259rind\u0259 m\u00fcxalif\u0259ti d\u0259st\u0259kl\u0259m\u0259k \u00fc\u00e7\u00fcn Tbilisid\u0259 2,5 min dollar alark\u0259n h\u0259bs edilib\u201d.\n<\/p>\n<p>\n  <b><br \/>\n    <i><br \/>\n      Az\u0259rbaycan dueti<br \/>\n    <\/i><br \/>\n  <\/b>\n<\/p>\n<p>\n  Yaz\u0131da bildirilir ki, AXCP-y\u0259 qar\u015f\u0131 ittihamlar\u0131n siyasi s\u0259b\u0259bi oldu\u011funu may\u0131n 26-na bir ne\u00e7\u0259 g\u00fcn qala rejissor v\u0259 ssenari m\u00fc\u0259llifi R\u00fcst\u0259m \u0130brahimb\u0259yova qar\u015f\u0131 2015-ci ild\u0259 ekranlara \u00e7\u0131xm\u0131\u015f \u201cQafqaz triosu\u201d filmin\u0259 g\u00f6r\u0259 qarayaxma kampaniyas\u0131n\u0131n ba\u015flamas\u0131 fakt\u0131 da s\u00fcbut edir.\n<\/p>\n<p>\n  \u201cGuya bu filmd\u0259 az\u0259rbaycanl\u0131lar xo\u015fag\u0259lm\u0259z \u015f\u0259kild\u0259 t\u0259svir edilib. Rejissoru erm\u0259nip\u0259r\u0259stlikd\u0259 ittiham edibl\u0259r. \u0130brahimb\u0259yovu t\u0259nqid ed\u0259nl\u0259rin \u00e7oxu film\u0259 baxmay\u0131b. Erm\u0259nip\u0259r\u0259stlik hakimiyy\u0259tin r\u0259qibl\u0259rin\u0259 qar\u015f\u0131 h\u0259r d\u0259f\u0259 t\u0259tbiq etdiyi baya\u011f\u0131 kart\u0131d\u0131r.\n<\/p>\n<p>\n  G\u00f6r\u00fcnd\u00fcy\u00fc kimi, \u0130brahimb\u0259yovun i\u015fi K\u0259rimlinin i\u015finin m\u00fcq\u0259ddim\u0259si idi, buna kampaniyan\u0131n gedi\u015fat\u0131 d\u0259lal\u0259t edir:\n<\/p>\n<p>\n  <i><br \/>\n    1. Birinci m\u0259rh\u0259l\u0259d\u0259 \u0130brahimb\u0259yov d\u00f6vl\u0259t telekanallar\u0131nda ssenari m\u00fc\u0259llifi v\u0259 rejissor kimi obstruksiyaya m\u0259ruz qoyuldu.<br \/>\n  <\/i><br \/>\n  \n<\/p>\n<p>\n  <i><br \/>\n    2. Daha sonra onun 2013-c\u00fc il prezident se\u00e7kil\u0259ri \u0259r\u0259f\u0259sind\u0259 r\u0259hb\u0259rlik etdiyi Demokratik Q\u00fcvv\u0259l\u0259rin Milli \u015euras\u0131 il\u0259 \u0259laq\u0259l\u0259ri yada d\u00fc\u015f\u00fcb.<br \/>\n  <\/i><br \/>\n  \n<\/p>\n<p>\n  <i><br \/>\n    3. Kampaniyan\u0131n \u00fc\u00e7\u00fcnc\u00fc g\u00fcn\u00fcnd\u0259 \u0130brahimb\u0259yovun m\u00fcxalif\u0259tl\u0259 birba\u015fa \u0259laq\u0259l\u0259ri v\u0259 m\u00fcxalif\u0259tin onu m\u00fcdafi\u0259 etm\u0259k iqtidar\u0131nda v\u0259 arzusunda olmad\u0131\u011f\u0131 qeyd edilir.<br \/>\n  <\/i>\n<\/p>\n<p>\n  <b><br \/>\n    <i><br \/>\n      K\u0130V-in saxtakarl\u0131qlar\u0131<br \/>\n    <\/i><br \/>\n  <\/b>\n<\/p>\n<p>\n  Bu birl\u0259\u015fdirilmi\u015f i\u015fin saxtala\u015fd\u0131r\u0131ld\u0131\u011f\u0131n\u0131 h\u00f6kum\u0259t K\u0130V-l\u0259rinin v\u0259 h\u00f6kum\u0259ty\u00f6nl\u00fc K\u0130V-l\u0259rin birt\u0259r\u0259fli qaydada qarayaxma kampaniyas\u0131 aparmas\u0131 g\u00f6st\u0259rir. K\u0130V, teleradioyay\u0131m haqq\u0131nda qanuna zidd olaraq, qar\u015f\u0131 t\u0259r\u0259f\u0259 qanunla n\u0259z\u0259rd\u0259 tutulmu\u015f \u00e7\u0131x\u0131\u015f, auditoriya qar\u015f\u0131s\u0131nda \u00f6z m\u00f6vqeyini a\u00e7\u0131qlamaq h\u00fcququ verilmir. Bu da K\u0259rimlinin \u0259rm\u0259ni kontekstin\u0259 sal\u0131nm\u0131\u015f i\u015finin siyasi sifari\u015f oldu\u011funu s\u00fcbut edir.\n<\/p>\n<p>\n  Yaln\u0131z \u0130brahimb\u0259yovun v\u0259 K\u0259rimlinin i\u015fini birba\u015fa \u0259laq\u0259l\u0259ndirm\u0259k v\u0259 onu erm\u0259ni q\u00fcvv\u0259l\u0259rinin b\u00f6y\u00fck sui-q\u0259sdi kimi t\u0259qdim etm\u0259k qal\u0131r.\n<\/p>\n<p>\n  Rejimin r\u0259qibl\u0259rin\u0259 ictimai d\u0259st\u0259yi azaltmaq, obstruksiyaya m\u0259ruz qoyulan \u015f\u0259xsl\u0259rl\u0259 m\u00fcmk\u00fcn ictimai h\u0259mr\u0259ylik add\u0131mlar\u0131n\u0131n z\u0259r\u0259rsizl\u0259\u015fdirilm\u0259si \u00fc\u00e7\u00fcn erm\u0259ni izind\u0259n sxematik v\u0259 m\u00fcnt\u0259z\u0259m \u015f\u0259kild\u0259 istifad\u0259 olunur.\n<\/p>\n<p>\n  Amma qeyd etm\u0259k laz\u0131md\u0131r ki, rejimin uzun ill\u0259r boyunca opponentl\u0259rin z\u0259r\u0259rsizl\u0259\u015fdirilm\u0259si \u00fczr\u0259 t\u0259krarlad\u0131\u011f\u0131 \u015fablon auditoriya t\u0259r\u0259find\u0259n kifay\u0259t q\u0259d\u0259r t\u0259dqiq edilib v\u0259 m\u0259nims\u0259nilib. Bu m\u0259nada c\u0259miyy\u0259tin \u201chiyl\u0259g\u0259r m\u00fcxalif\u0259t v\u0259 erm\u0259niy\u00f6nl\u00fc rejissor\u201d aras\u0131nda \u0259lbirlik versiyas\u0131n\u0131 q\u0259bul ed\u0259c\u0259yini v\u0259 d\u0259st\u0259kl\u0259y\u0259c\u0259yini g\u00f6zl\u0259m\u0259y\u0259 d\u0259ym\u0259z\u201d.<\/p>\n","protected":false},"excerpt":{"rendered":"<p>Erm\u0259ni izi haqq\u0131nda n\u00f6vb\u0259ti \u015fablon<\/p>\n","protected":false},"author":11,"featured_media":104436,"comment_status":"closed","ping_status":"open","sticky":false,"template":"","format":"standard","meta":{"_acf_changed":false,"_sitemap_exclude":false,"_sitemap_priority":"","_sitemap_frequency":"","footnotes":""},"categories":[51],"tags":[],"class_list":["post-190228","post","type-post","status-publish","format-standard","has-post-thumbnail","hentry","category-analitika","infinite-scroll-item","generate-columns","tablet-grid-50","mobile-grid-100","grid-parent","grid-33","no-featured-image-padding"],"acf":[],"yoast_head":"<!-- This site is optimized with the Yoast SEO plugin v27.4 - https:\/\/yoast.com\/product\/yoast-seo-wordpress\/ -->\n<title>U\u011fursuzlu\u011fa d\u00fc\u00e7ar olmu\u015f m\u00fcxalif\u0259t - MEYDAN.TV<\/title>\n<meta name=\"robots\" content=\"index, follow, max-snippet:-1, max-image-preview:large, max-video-preview:-1\" \/>\n<link rel=\"canonical\" href=\"https:\/\/www.meydan.tv\/az\/article\/ugursuzluga-ducar-olmus-muxalifet\/\" \/>\n<meta property=\"og:locale\" content=\"az_AZ\" \/>\n<meta property=\"og:type\" content=\"article\" \/>\n<meta property=\"og:title\" content=\"U\u011fursuzlu\u011fa d\u00fc\u00e7ar olmu\u015f m\u00fcxalif\u0259t - MEYDAN.TV\" \/>\n<meta property=\"og:description\" content=\"Erm\u0259ni izi haqq\u0131nda n\u00f6vb\u0259ti \u015fablon\" \/>\n<meta property=\"og:url\" content=\"https:\/\/www.meydan.tv\/az\/article\/ugursuzluga-ducar-olmus-muxalifet\/\" \/>\n<meta property=\"og:site_name\" content=\"MEYDAN.TV\" \/>\n<meta property=\"article:published_time\" content=\"2018-05-30T15:52:23+00:00\" \/>\n<meta property=\"og:image\" content=\"https:\/\/www.meydan.tv\/wp-content\/uploads\/41448.jpg\" \/>\n\t<meta property=\"og:image:width\" content=\"800\" \/>\n\t<meta property=\"og:image:height\" content=\"503\" \/>\n\t<meta property=\"og:image:type\" content=\"image\/jpeg\" \/>\n<meta name=\"author\" content=\"user-manager\" \/>\n<meta name=\"twitter:card\" content=\"summary_large_image\" \/>\n<script type=\"application\/ld+json\" class=\"yoast-schema-graph\">{\"@context\":\"https:\\\/\\\/schema.org\",\"@graph\":[{\"@type\":\"Article\",\"@id\":\"https:\\\/\\\/www.meydan.tv\\\/az\\\/article\\\/ugursuzluga-ducar-olmus-muxalifet\\\/#article\",\"isPartOf\":{\"@id\":\"https:\\\/\\\/www.meydan.tv\\\/az\\\/article\\\/ugursuzluga-ducar-olmus-muxalifet\\\/\"},\"author\":{\"name\":\"user-manager\",\"@id\":\"https:\\\/\\\/www.meydan.tv\\\/az\\\/#\\\/schema\\\/person\\\/10d11eccf6da3662cf5fdab9806ea91a\"},\"headline\":\"U\u011fursuzlu\u011fa d\u00fc\u00e7ar olmu\u015f m\u00fcxalif\u0259t\",\"datePublished\":\"2018-05-30T15:52:23+00:00\",\"mainEntityOfPage\":{\"@id\":\"https:\\\/\\\/www.meydan.tv\\\/az\\\/article\\\/ugursuzluga-ducar-olmus-muxalifet\\\/\"},\"wordCount\":1378,\"publisher\":{\"@id\":\"https:\\\/\\\/www.meydan.tv\\\/az\\\/#organization\"},\"image\":{\"@id\":\"https:\\\/\\\/www.meydan.tv\\\/az\\\/article\\\/ugursuzluga-ducar-olmus-muxalifet\\\/#primaryimage\"},\"thumbnailUrl\":\"https:\\\/\\\/www.meydan.tv\\\/wp-content\\\/uploads\\\/41448.jpg\",\"articleSection\":[\"Analitika\"],\"inLanguage\":\"az\"},{\"@type\":\"WebPage\",\"@id\":\"https:\\\/\\\/www.meydan.tv\\\/az\\\/article\\\/ugursuzluga-ducar-olmus-muxalifet\\\/\",\"url\":\"https:\\\/\\\/www.meydan.tv\\\/az\\\/article\\\/ugursuzluga-ducar-olmus-muxalifet\\\/\",\"name\":\"U\u011fursuzlu\u011fa d\u00fc\u00e7ar olmu\u015f m\u00fcxalif\u0259t - MEYDAN.TV\",\"isPartOf\":{\"@id\":\"https:\\\/\\\/www.meydan.tv\\\/az\\\/#website\"},\"primaryImageOfPage\":{\"@id\":\"https:\\\/\\\/www.meydan.tv\\\/az\\\/article\\\/ugursuzluga-ducar-olmus-muxalifet\\\/#primaryimage\"},\"image\":{\"@id\":\"https:\\\/\\\/www.meydan.tv\\\/az\\\/article\\\/ugursuzluga-ducar-olmus-muxalifet\\\/#primaryimage\"},\"thumbnailUrl\":\"https:\\\/\\\/www.meydan.tv\\\/wp-content\\\/uploads\\\/41448.jpg\",\"datePublished\":\"2018-05-30T15:52:23+00:00\",\"breadcrumb\":{\"@id\":\"https:\\\/\\\/www.meydan.tv\\\/az\\\/article\\\/ugursuzluga-ducar-olmus-muxalifet\\\/#breadcrumb\"},\"inLanguage\":\"az\",\"potentialAction\":[{\"@type\":\"ReadAction\",\"target\":[\"https:\\\/\\\/www.meydan.tv\\\/az\\\/article\\\/ugursuzluga-ducar-olmus-muxalifet\\\/\"]}]},{\"@type\":\"ImageObject\",\"inLanguage\":\"az\",\"@id\":\"https:\\\/\\\/www.meydan.tv\\\/az\\\/article\\\/ugursuzluga-ducar-olmus-muxalifet\\\/#primaryimage\",\"url\":\"https:\\\/\\\/www.meydan.tv\\\/wp-content\\\/uploads\\\/41448.jpg\",\"contentUrl\":\"https:\\\/\\\/www.meydan.tv\\\/wp-content\\\/uploads\\\/41448.jpg\",\"width\":800,\"height\":503,\"caption\":\"Source:\"},{\"@type\":\"BreadcrumbList\",\"@id\":\"https:\\\/\\\/www.meydan.tv\\\/az\\\/article\\\/ugursuzluga-ducar-olmus-muxalifet\\\/#breadcrumb\",\"itemListElement\":[{\"@type\":\"ListItem\",\"position\":1,\"name\":\"Ana s\u0259hif\u0259\",\"item\":\"https:\\\/\\\/www.meydan.tv\\\/az\\\/\"},{\"@type\":\"ListItem\",\"position\":2,\"name\":\"Analitika\",\"item\":\"https:\\\/\\\/www.meydan.tv\\\/az\\\/section\\\/analitika\\\/\"},{\"@type\":\"ListItem\",\"position\":3,\"name\":\"U\u011fursuzlu\u011fa d\u00fc\u00e7ar olmu\u015f m\u00fcxalif\u0259t\"}]},{\"@type\":\"WebSite\",\"@id\":\"https:\\\/\\\/www.meydan.tv\\\/az\\\/#website\",\"url\":\"https:\\\/\\\/www.meydan.tv\\\/az\\\/\",\"name\":\"MEYDAN.TV\",\"description\":\"Meydan TV Az\u0259rbaycan\u0131n media m\u0259kan\u0131ndak\u0131 alternativ s\u0259sidir\",\"publisher\":{\"@id\":\"https:\\\/\\\/www.meydan.tv\\\/az\\\/#organization\"},\"potentialAction\":[{\"@type\":\"SearchAction\",\"target\":{\"@type\":\"EntryPoint\",\"urlTemplate\":\"https:\\\/\\\/www.meydan.tv\\\/az\\\/?s={search_term_string}\"},\"query-input\":{\"@type\":\"PropertyValueSpecification\",\"valueRequired\":true,\"valueName\":\"search_term_string\"}}],\"inLanguage\":\"az\"},{\"@type\":\"Organization\",\"@id\":\"https:\\\/\\\/www.meydan.tv\\\/az\\\/#organization\",\"name\":\"Meydan TV\",\"url\":\"https:\\\/\\\/www.meydan.tv\\\/az\\\/\",\"logo\":{\"@type\":\"ImageObject\",\"inLanguage\":\"az\",\"@id\":\"https:\\\/\\\/www.meydan.tv\\\/az\\\/#\\\/schema\\\/logo\\\/image\\\/\",\"url\":\"https:\\\/\\\/www.meydan.tv\\\/wp-content\\\/uploads\\\/2021\\\/07\\\/meydan-logo.svg\",\"contentUrl\":\"https:\\\/\\\/www.meydan.tv\\\/wp-content\\\/uploads\\\/2021\\\/07\\\/meydan-logo.svg\",\"width\":195,\"height\":46,\"caption\":\"Meydan TV\"},\"image\":{\"@id\":\"https:\\\/\\\/www.meydan.tv\\\/az\\\/#\\\/schema\\\/logo\\\/image\\\/\"}},{\"@type\":\"Person\",\"@id\":\"https:\\\/\\\/www.meydan.tv\\\/az\\\/#\\\/schema\\\/person\\\/10d11eccf6da3662cf5fdab9806ea91a\",\"name\":\"user-manager\"}]}<\/script>\n<!-- \/ Yoast SEO plugin. -->","yoast_head_json":{"title":"U\u011fursuzlu\u011fa d\u00fc\u00e7ar olmu\u015f m\u00fcxalif\u0259t - MEYDAN.TV","robots":{"index":"index","follow":"follow","max-snippet":"max-snippet:-1","max-image-preview":"max-image-preview:large","max-video-preview":"max-video-preview:-1"},"canonical":"https:\/\/www.meydan.tv\/az\/article\/ugursuzluga-ducar-olmus-muxalifet\/","og_locale":"az_AZ","og_type":"article","og_title":"U\u011fursuzlu\u011fa d\u00fc\u00e7ar olmu\u015f m\u00fcxalif\u0259t - MEYDAN.TV","og_description":"Erm\u0259ni izi haqq\u0131nda n\u00f6vb\u0259ti \u015fablon","og_url":"https:\/\/www.meydan.tv\/az\/article\/ugursuzluga-ducar-olmus-muxalifet\/","og_site_name":"MEYDAN.TV","article_published_time":"2018-05-30T15:52:23+00:00","og_image":[{"width":800,"height":503,"url":"https:\/\/www.meydan.tv\/wp-content\/uploads\/41448.jpg","type":"image\/jpeg"}],"author":"user-manager","twitter_card":"summary_large_image","schema":{"@context":"https:\/\/schema.org","@graph":[{"@type":"Article","@id":"https:\/\/www.meydan.tv\/az\/article\/ugursuzluga-ducar-olmus-muxalifet\/#article","isPartOf":{"@id":"https:\/\/www.meydan.tv\/az\/article\/ugursuzluga-ducar-olmus-muxalifet\/"},"author":{"name":"user-manager","@id":"https:\/\/www.meydan.tv\/az\/#\/schema\/person\/10d11eccf6da3662cf5fdab9806ea91a"},"headline":"U\u011fursuzlu\u011fa d\u00fc\u00e7ar olmu\u015f m\u00fcxalif\u0259t","datePublished":"2018-05-30T15:52:23+00:00","mainEntityOfPage":{"@id":"https:\/\/www.meydan.tv\/az\/article\/ugursuzluga-ducar-olmus-muxalifet\/"},"wordCount":1378,"publisher":{"@id":"https:\/\/www.meydan.tv\/az\/#organization"},"image":{"@id":"https:\/\/www.meydan.tv\/az\/article\/ugursuzluga-ducar-olmus-muxalifet\/#primaryimage"},"thumbnailUrl":"https:\/\/www.meydan.tv\/wp-content\/uploads\/41448.jpg","articleSection":["Analitika"],"inLanguage":"az"},{"@type":"WebPage","@id":"https:\/\/www.meydan.tv\/az\/article\/ugursuzluga-ducar-olmus-muxalifet\/","url":"https:\/\/www.meydan.tv\/az\/article\/ugursuzluga-ducar-olmus-muxalifet\/","name":"U\u011fursuzlu\u011fa d\u00fc\u00e7ar olmu\u015f m\u00fcxalif\u0259t - MEYDAN.TV","isPartOf":{"@id":"https:\/\/www.meydan.tv\/az\/#website"},"primaryImageOfPage":{"@id":"https:\/\/www.meydan.tv\/az\/article\/ugursuzluga-ducar-olmus-muxalifet\/#primaryimage"},"image":{"@id":"https:\/\/www.meydan.tv\/az\/article\/ugursuzluga-ducar-olmus-muxalifet\/#primaryimage"},"thumbnailUrl":"https:\/\/www.meydan.tv\/wp-content\/uploads\/41448.jpg","datePublished":"2018-05-30T15:52:23+00:00","breadcrumb":{"@id":"https:\/\/www.meydan.tv\/az\/article\/ugursuzluga-ducar-olmus-muxalifet\/#breadcrumb"},"inLanguage":"az","potentialAction":[{"@type":"ReadAction","target":["https:\/\/www.meydan.tv\/az\/article\/ugursuzluga-ducar-olmus-muxalifet\/"]}]},{"@type":"ImageObject","inLanguage":"az","@id":"https:\/\/www.meydan.tv\/az\/article\/ugursuzluga-ducar-olmus-muxalifet\/#primaryimage","url":"https:\/\/www.meydan.tv\/wp-content\/uploads\/41448.jpg","contentUrl":"https:\/\/www.meydan.tv\/wp-content\/uploads\/41448.jpg","width":800,"height":503,"caption":"Source:"},{"@type":"BreadcrumbList","@id":"https:\/\/www.meydan.tv\/az\/article\/ugursuzluga-ducar-olmus-muxalifet\/#breadcrumb","itemListElement":[{"@type":"ListItem","position":1,"name":"Ana s\u0259hif\u0259","item":"https:\/\/www.meydan.tv\/az\/"},{"@type":"ListItem","position":2,"name":"Analitika","item":"https:\/\/www.meydan.tv\/az\/section\/analitika\/"},{"@type":"ListItem","position":3,"name":"U\u011fursuzlu\u011fa d\u00fc\u00e7ar olmu\u015f m\u00fcxalif\u0259t"}]},{"@type":"WebSite","@id":"https:\/\/www.meydan.tv\/az\/#website","url":"https:\/\/www.meydan.tv\/az\/","name":"MEYDAN.TV","description":"Meydan TV Az\u0259rbaycan\u0131n media m\u0259kan\u0131ndak\u0131 alternativ s\u0259sidir","publisher":{"@id":"https:\/\/www.meydan.tv\/az\/#organization"},"potentialAction":[{"@type":"SearchAction","target":{"@type":"EntryPoint","urlTemplate":"https:\/\/www.meydan.tv\/az\/?s={search_term_string}"},"query-input":{"@type":"PropertyValueSpecification","valueRequired":true,"valueName":"search_term_string"}}],"inLanguage":"az"},{"@type":"Organization","@id":"https:\/\/www.meydan.tv\/az\/#organization","name":"Meydan TV","url":"https:\/\/www.meydan.tv\/az\/","logo":{"@type":"ImageObject","inLanguage":"az","@id":"https:\/\/www.meydan.tv\/az\/#\/schema\/logo\/image\/","url":"https:\/\/www.meydan.tv\/wp-content\/uploads\/2021\/07\/meydan-logo.svg","contentUrl":"https:\/\/www.meydan.tv\/wp-content\/uploads\/2021\/07\/meydan-logo.svg","width":195,"height":46,"caption":"Meydan TV"},"image":{"@id":"https:\/\/www.meydan.tv\/az\/#\/schema\/logo\/image\/"}},{"@type":"Person","@id":"https:\/\/www.meydan.tv\/az\/#\/schema\/person\/10d11eccf6da3662cf5fdab9806ea91a","name":"user-manager"}]}},"_links":{"self":[{"href":"https:\/\/www.meydan.tv\/az\/wp-json\/wp\/v2\/posts\/190228","targetHints":{"allow":["GET"]}}],"collection":[{"href":"https:\/\/www.meydan.tv\/az\/wp-json\/wp\/v2\/posts"}],"about":[{"href":"https:\/\/www.meydan.tv\/az\/wp-json\/wp\/v2\/types\/post"}],"author":[{"embeddable":true,"href":"https:\/\/www.meydan.tv\/az\/wp-json\/wp\/v2\/users\/11"}],"replies":[{"embeddable":true,"href":"https:\/\/www.meydan.tv\/az\/wp-json\/wp\/v2\/comments?post=190228"}],"version-history":[{"count":0,"href":"https:\/\/www.meydan.tv\/az\/wp-json\/wp\/v2\/posts\/190228\/revisions"}],"wp:featuredmedia":[{"embeddable":true,"href":"https:\/\/www.meydan.tv\/az\/wp-json\/wp\/v2\/media\/104436"}],"wp:attachment":[{"href":"https:\/\/www.meydan.tv\/az\/wp-json\/wp\/v2\/media?parent=190228"}],"wp:term":[{"taxonomy":"category","embeddable":true,"href":"https:\/\/www.meydan.tv\/az\/wp-json\/wp\/v2\/categories?post=190228"},{"taxonomy":"post_tag","embeddable":true,"href":"https:\/\/www.meydan.tv\/az\/wp-json\/wp\/v2\/tags?post=190228"}],"curies":[{"name":"wp","href":"https:\/\/api.w.org\/{rel}","templated":true}]}}