{"id":190219,"date":"2018-05-29T19:48:43","date_gmt":"2018-05-29T19:48:43","guid":{"rendered":"https:\/\/www.meydan.tv\/article\/usaqlarimizin-carpayisinda-barama-saxlayirlar\/"},"modified":"2018-05-29T19:48:43","modified_gmt":"2018-05-29T19:48:43","slug":"usaqlarimizin-carpayisinda-barama-saxlayirlar","status":"publish","type":"post","link":"https:\/\/www.meydan.tv\/az\/article\/usaqlarimizin-carpayisinda-barama-saxlayirlar\/","title":{"rendered":"&#8221;U\u015faqlar\u0131m\u0131z\u0131n \u00e7arpay\u0131s\u0131nda barama saxlay\u0131rlar&#8221;"},"content":{"rendered":"<figure class=\"wp-block-embed is-type-video is-provider-youtube wp-block-embed-youtube wp-embed-aspect-16-9 wp-has-aspect-ratio\">\n<div class=\"wp-block-embed__wrapper\">\n    <iframe\ttitle=\"\" width=\"1200\" height=\"675\" data-src=\"https:\/\/www.youtube.com\/embed\/ZBdR2d8w4I4\"\tframeborder=\"0\"\tallow=\"accelerometer; autoplay; clipboard-write; encrypted-media; gyroscope; picture-in-picture\" allowfullscreen src=\"data:image\/svg+xml;base64,PHN2ZyB3aWR0aD0iMSIgaGVpZ2h0PSIxIiB4bWxucz0iaHR0cDovL3d3dy53My5vcmcvMjAwMC9zdmciPjwvc3ZnPg==\" class=\"lazyload\" data-load-mode=\"1\"><\/iframe>\n  <\/div><figcaption><\/figcaption><\/figure>\n<p>\n  <i><br \/>\n    Direktor: \u201cXahi\u015f edir\u0259m, s\u0259s\u0259 salmay\u0131n\u201d<br \/>\n  <\/i>\n<\/p>\n<p>\n  Goranboy rayonunun Nizami k\u0259nd V\u00fcqar Quliyev ad\u0131na u\u015faq ba\u011f\u00e7as\u0131nda barama saxlan\u0131r.\n<\/p>\n<p>\n  Bu bar\u0259d\u0259 Meydan TV-y\u0259 ba\u011f\u00e7a u\u015faqlar\u0131n\u0131n valideynl\u0259ri m\u0259lumat verib. Onlar ba\u011f\u00e7an\u0131n b\u00fct\u00fcn otaqlar\u0131n\u0131n barama il\u0259 dolduruldu\u011funu s\u00f6yl\u0259yibl\u0259r:\n<\/p>\n<p>\n  \u201cK\u00f6rp\u0259 u\u015faqlar bundan \u0259ziyy\u0259t \u00e7\u0259kir. U\u015faqla bir dam\u0131n alt\u0131nda barama saxlayarlar? \u0130p\u0259k qurdlar\u0131 u\u015faqlar\u0131m\u0131z\u0131n yatd\u0131\u011f\u0131 \u00e7arpay\u0131lar\u0131n i\u00e7ind\u0259 saxlan\u0131r. Sonra da h\u0259min \u00e7arpay\u0131larda u\u015faq yat\u0131rdacaqlar\u201d.\n<\/p>\n<blockquote><p>\n  \u0130cra n\u00fcmay\u0259nd\u0259si: 100 faiz qura\u015fd\u0131rmad\u0131r\n<\/p><\/blockquote>\n<p>\n  Meydan TV m\u0259s\u0259l\u0259y\u0259 m\u00fcnasib\u0259t \u00f6yr\u0259nm\u0259k \u00fc\u00e7\u00fcn Nizami k\u0259ndinin icra n\u00fcmay\u0259nd\u0259si Elvin Musayevl\u0259 \u0259laq\u0259 saxlay\u0131b. O, valideynl\u0259rin yalan s\u00f6yl\u0259diyini, bel\u0259 bir hal\u0131n olmad\u0131\u011f\u0131n\u0131 s\u00f6yl\u0259yib:\n<\/p>\n<p>\n  \u201cH\u0259min ip\u0259k qurdlar\u0131 \u0259vv\u0259l qutuda, x\u0131rda v\u0259ziyy\u0259td\u0259 olur. B\u0259lk\u0259 h\u0259min vaxt\u0131 kims\u0259 ba\u011f\u00e7aya apar\u0131b. Ya da h\u0259min videolar ba\u015fqa yerl\u0259rd\u0259 \u00e7\u0259kilib, ancaq ba\u011f\u00e7a ad\u0131 il\u0259 siz\u0259 g\u00f6nd\u0259rilib. Siz\u0259 h\u0259min m\u0259lumat\u0131 kim g\u00f6nd\u0259rib? Ad\u0131n\u0131 ver\u0259 bil\u0259rsiniz? 100 faiz qura\u015fd\u0131rmad\u0131r. G\u00f6r\u00fcn\u00fcr, kims\u0259 q\u0259sd\u0259n edir. \u0130cra ba\u015f\u00e7\u0131s\u0131 dem\u0259z ax\u0131 gedin ba\u011f\u00e7ada el\u0259 bir i\u015f g\u00f6r\u00fcn\u201d.\n<\/p>\n<blockquote><p>\n  T\u0259kc\u0259, idman zal\u0131nda barama saxlan\u0131r\n<\/p><\/blockquote>\n<p>\n  Meydan TV-y\u0259 h\u0259m d\u0259 G\u00f6y\u00e7ayda Elnur Seyidov ad\u0131na Ula\u015fl\u0131 &#8211; \u015e\u0131xl\u0131 k\u0259ndi tam orta m\u0259kt\u0259bind\u0259 d\u0259 barama saxland\u0131\u011f\u0131 il\u0259 ba\u011fl\u0131 \u015fikay\u0259t g\u00f6nd\u0259rilib. Valideynl\u0259r bu haldan naraz\u0131 olduqlar\u0131n\u0131, m\u0259kt\u0259bd\u0259 t\u0259s\u0259rr\u00fcfatla m\u0259\u015f\u011ful olman\u0131 do\u011fru saymad\u0131qlar\u0131n\u0131 s\u00f6yl\u0259yibl\u0259r:\n<\/p>\n<p>\n  \u201cM\u0259kt\u0259bin idman zal\u0131 b\u00fct\u00fcnl\u00fckl\u0259 barama il\u0259 \u0259hat\u0259 olunub. Baraman\u0131 harada saxlamaq laz\u0131md\u0131r, orada saxlas\u0131nlar. M\u0259kt\u0259b barama saxlama yeri deyil\u201d, &#8211; \u015fikay\u0259t ed\u0259n valideynl\u0259r bel\u0259 deyirl\u0259r.\n<\/p>\n<p>\n  G\u00f6y\u00e7ay Elnur Seyidov ad\u0131na Ula\u015fl\u0131 &#8211; \u015e\u0131xl\u0131 k\u0259nd m\u0259kt\u0259bind\u0259n is\u0259 Meydan TV-y\u0259 bildiribl\u0259r ki, valideynl\u0259r nec\u0259 \u015fikay\u0259t ed\u0259 bil\u0259r, onlar m\u0259kt\u0259bd\u0259 olmay\u0131blar ax\u0131:\n<\/p>\n<p>\n  \u201cEl\u0259 bir \u015fey yoxdur. Kim n\u0259 m\u0259qs\u0259dl\u0259 bel\u0259 bir \u015fey \u00e7\u0259kir, at\u0131r, bilmir\u0259m. T\u0259kc\u0259, idman zal\u0131nda barama saxlan\u0131r. Ba\u015fqa sinifl\u0259rd\u0259 bel\u0259 hal m\u00f6vcud deyil. M\u0259n he\u00e7 bilmir\u0259m siz\u0259 n\u0259 cavab verim. \u0130dman zal\u0131 m\u0259kt\u0259bin binas\u0131ndan k\u0259nardad\u0131r. Onun sinif otaqlar\u0131na, m\u0259kt\u0259b\u0259 aidiyyat\u0131 yoxdur. Biz d\u0259 d\u00f6vl\u0259t\u0259 xidm\u0259t ed\u0259n, qullu\u011funda duran insanlar\u0131q. N\u0259 ehtiyac var, bunu \u015fi\u015firtm\u0259yin, b\u00f6y\u00fctm\u0259yim. B\u00fct\u00fcn k\u0259nd camaat\u0131 barama saxlay\u0131r. \u0130ndi m\u00fcv\u0259qq\u0259ti \u00e7\u0259tinlikdir, m\u0259kt\u0259bl\u0259r\u0259 verilib. G\u0259l\u0259n ild\u0259n insanlara paylanacaq. Bizim k\u0259ndd\u0259 yer olmad\u0131 dey\u0259, m\u00fcv\u0259qq\u0259ti raz\u0131la\u015fd\u0131q. T\u0259mizl\u0259n\u0259c\u0259k, ged\u0259c\u0259k. Bilmir\u0259m n\u0259 deyim. Xahi\u015f edir\u0259m, bizim m\u0259kt\u0259bin ad\u0131n\u0131 s\u0259s\u0259 salmay\u0131n\u201d.\n<\/p>\n<blockquote><p>\n  Prezident: D\u00f6vl\u0259t barama\u00e7\u0131l\u0131qla ba\u011fl\u0131 h\u0259r \u015feyi \u00f6z \u00fcz\u0259rin\u0259 g\u00f6t\u00fcr\u00fcb\n<\/p><\/blockquote>\n<p>\n  Az\u0259rbaycan Prezidenti \u0130lham \u018fliyev \u00e7\u0131x\u0131\u015flar\u0131n\u0131n birind\u0259 barama\u00e7\u0131l\u0131\u011f\u0131n Az\u0259rbaycanda geni\u015f v\u00fcs\u0259t ald\u0131\u011f\u0131n\u0131, fermer v\u0259 k\u0259ndlil\u0259r t\u0259r\u0259find\u0259n \u0259n \u00e7ox maraq g\u00f6st\u0259ril\u0259n sah\u0259 oldu\u011funu<br \/>\n  <a href=\"\/az\/article\/eliyevin-barama-siyaseti-mektebde-ipek-qurdu-saxlanilir\/\" target=\"_blank\" rel=\"noopener\"><br \/>\n    s\u00f6yl\u0259yib<br \/>\n  <\/a><br \/>\n  :\n<\/p>\n<p>\n  \u201cD\u00f6vl\u0259t barama\u00e7\u0131l\u0131qla ba\u011fl\u0131 h\u0259r \u015feyi \u00f6z \u00fcz\u0259rin\u0259 g\u00f6t\u00fcr\u00fcb. Bu g\u00fcn Az\u0259rbaycan\u0131n b\u00f6lg\u0259l\u0259rind\u0259 b\u00fct\u00fcn laz\u0131m olan infrastruktur layih\u0259l\u0259r icra edilir. Biz haz\u0131rda s\u00fcr\u0259tli inki\u015faf d\u00f6vr\u00fcn\u00fc ya\u015fay\u0131r\u0131q. Az\u0259rbaycan tarixind\u0259 he\u00e7 vaxt bel\u0259 q\u0131sa m\u00fcdd\u0259t \u0259rzind\u0259 bu q\u0259d\u0259r i\u015fl\u0259r g\u00f6r\u00fc\u015fm\u0259mi\u015fdi\u201d.\n<\/p>\n<p>\n  F\u00fczulinin Haram\u0131 adlanan b\u00f6lg\u0259sind\u0259 m\u0259cburi k\u00f6\u00e7k\u00fcnl\u0259r \u00fc\u00e7\u00fcn sal\u0131nan \u201cQay\u0131d\u0131\u015f\u201d q\u0259s\u0259b\u0259l\u0259rind\u0259ki m\u0259kt\u0259bl\u0259rin i\u00e7ind\u0259 d\u0259 ip\u0259k qurdu saxlan\u0131l\u0131rd\u0131. Meydan TV h\u0259min \u0259razid\u0259 olub, naraz\u0131 valideyn, m\u00fc\u0259lliml\u0259rl\u0259 dan\u0131\u015f\u0131b.\n<\/p>\n<p>\n  H\u0259min x\u0259b\u0259rd\u0259n sonra ad\u0131n\u0131n a\u00e7\u0131qlanmas\u0131n\u0131 ist\u0259m\u0259y\u0259n m\u0259nb\u0259 Meydan TV-y\u0259 Bak\u0131dan m\u0259kt\u0259bl\u0259r\u0259 yoxlama g\u0259ldiyini, ancaq direktorlar\u0131n h\u0259min \u015f\u0259xsl\u0259ri raz\u0131 \u015f\u0259kild\u0259 yola sald\u0131qlar\u0131n\u0131 s\u00f6yl\u0259mi\u015fdi. N\u0259 bug\u00fcnk\u00fc \u015fikay\u0259tl\u0259r, n\u0259 d\u0259 bir m\u00fcdd\u0259t \u00f6nc\u0259 F\u00fczuli m\u0259kt\u0259bl\u0259rind\u0259 barama saxlanmas\u0131 il\u0259 ba\u011fl\u0131 m\u0259s\u0259l\u0259y\u0259 T\u0259hsil Nazirliyind\u0259n cavab \u00f6yr\u0259nm\u0259k m\u00fcmk\u00fcn olub. T\u0259hsil Nazirliyinin s\u00f6z\u00e7\u00fcs\u00fc C\u0259sar\u0259t Valehov \u201cyaz\u0131l\u0131 sor\u011fu g\u00f6nd\u0259rin, cavablayaca\u011f\u0131q\u201d \u2013 des\u0259 d\u0259, g\u00f6nd\u0259ril\u0259n sor\u011fulara cavab verm\u0259yib.<\/p>\n","protected":false},"excerpt":{"rendered":"<p>Direktor: \u201cXahi\u015f edir\u0259m, s\u0259s\u0259 salmay\u0131n\u201d<\/p>\n","protected":false},"author":11,"featured_media":104379,"comment_status":"closed","ping_status":"open","sticky":false,"template":"","format":"standard","meta":{"_acf_changed":false,"_sitemap_exclude":false,"_sitemap_priority":"","_sitemap_frequency":"","footnotes":""},"categories":[63],"tags":[],"class_list":["post-190219","post","type-post","status-publish","format-standard","has-post-thumbnail","hentry","category-video-2","infinite-scroll-item","generate-columns","tablet-grid-50","mobile-grid-100","grid-parent","grid-33","no-featured-image-padding"],"acf":[],"yoast_head":"<!-- This site is optimized with the Yoast SEO plugin v27.5 - https:\/\/yoast.com\/product\/yoast-seo-wordpress\/ -->\n<title>&#039;&#039;U\u015faqlar\u0131m\u0131z\u0131n \u00e7arpay\u0131s\u0131nda barama saxlay\u0131rlar&#039;&#039; - MEYDAN.TV<\/title>\n<meta name=\"robots\" content=\"index, follow, max-snippet:-1, max-image-preview:large, max-video-preview:-1\" \/>\n<link rel=\"canonical\" href=\"https:\/\/www.meydan.tv\/az\/article\/usaqlarimizin-carpayisinda-barama-saxlayirlar\/\" \/>\n<meta property=\"og:locale\" content=\"az_AZ\" \/>\n<meta property=\"og:type\" content=\"article\" \/>\n<meta property=\"og:title\" content=\"&#039;&#039;U\u015faqlar\u0131m\u0131z\u0131n \u00e7arpay\u0131s\u0131nda barama saxlay\u0131rlar&#039;&#039; - MEYDAN.TV\" \/>\n<meta property=\"og:description\" content=\"Direktor: \u201cXahi\u015f edir\u0259m, s\u0259s\u0259 salmay\u0131n\u201d\" \/>\n<meta property=\"og:url\" content=\"https:\/\/www.meydan.tv\/az\/article\/usaqlarimizin-carpayisinda-barama-saxlayirlar\/\" \/>\n<meta property=\"og:site_name\" content=\"MEYDAN.TV\" \/>\n<meta property=\"article:published_time\" content=\"2018-05-29T19:48:43+00:00\" \/>\n<meta property=\"og:image\" content=\"https:\/\/www.meydan.tv\/wp-content\/uploads\/41434.png\" \/>\n\t<meta property=\"og:image:width\" content=\"810\" \/>\n\t<meta property=\"og:image:height\" content=\"450\" \/>\n\t<meta property=\"og:image:type\" content=\"image\/png\" \/>\n<meta name=\"author\" content=\"user-manager\" \/>\n<meta name=\"twitter:card\" content=\"summary_large_image\" \/>\n<script type=\"application\/ld+json\" class=\"yoast-schema-graph\">{\"@context\":\"https:\\\/\\\/schema.org\",\"@graph\":[{\"@type\":\"Article\",\"@id\":\"https:\\\/\\\/www.meydan.tv\\\/az\\\/article\\\/usaqlarimizin-carpayisinda-barama-saxlayirlar\\\/#article\",\"isPartOf\":{\"@id\":\"https:\\\/\\\/www.meydan.tv\\\/az\\\/article\\\/usaqlarimizin-carpayisinda-barama-saxlayirlar\\\/\"},\"author\":{\"name\":\"user-manager\",\"@id\":\"https:\\\/\\\/www.meydan.tv\\\/az\\\/#\\\/schema\\\/person\\\/10d11eccf6da3662cf5fdab9806ea91a\"},\"headline\":\"&#8221;U\u015faqlar\u0131m\u0131z\u0131n \u00e7arpay\u0131s\u0131nda barama saxlay\u0131rlar&#8221;\",\"datePublished\":\"2018-05-29T19:48:43+00:00\",\"mainEntityOfPage\":{\"@id\":\"https:\\\/\\\/www.meydan.tv\\\/az\\\/article\\\/usaqlarimizin-carpayisinda-barama-saxlayirlar\\\/\"},\"wordCount\":858,\"publisher\":{\"@id\":\"https:\\\/\\\/www.meydan.tv\\\/az\\\/#organization\"},\"image\":{\"@id\":\"https:\\\/\\\/www.meydan.tv\\\/az\\\/article\\\/usaqlarimizin-carpayisinda-barama-saxlayirlar\\\/#primaryimage\"},\"thumbnailUrl\":\"https:\\\/\\\/www.meydan.tv\\\/wp-content\\\/uploads\\\/41434.png\",\"articleSection\":[\"Video\"],\"inLanguage\":\"az\"},{\"@type\":\"WebPage\",\"@id\":\"https:\\\/\\\/www.meydan.tv\\\/az\\\/article\\\/usaqlarimizin-carpayisinda-barama-saxlayirlar\\\/\",\"url\":\"https:\\\/\\\/www.meydan.tv\\\/az\\\/article\\\/usaqlarimizin-carpayisinda-barama-saxlayirlar\\\/\",\"name\":\"''U\u015faqlar\u0131m\u0131z\u0131n \u00e7arpay\u0131s\u0131nda barama saxlay\u0131rlar'' - MEYDAN.TV\",\"isPartOf\":{\"@id\":\"https:\\\/\\\/www.meydan.tv\\\/az\\\/#website\"},\"primaryImageOfPage\":{\"@id\":\"https:\\\/\\\/www.meydan.tv\\\/az\\\/article\\\/usaqlarimizin-carpayisinda-barama-saxlayirlar\\\/#primaryimage\"},\"image\":{\"@id\":\"https:\\\/\\\/www.meydan.tv\\\/az\\\/article\\\/usaqlarimizin-carpayisinda-barama-saxlayirlar\\\/#primaryimage\"},\"thumbnailUrl\":\"https:\\\/\\\/www.meydan.tv\\\/wp-content\\\/uploads\\\/41434.png\",\"datePublished\":\"2018-05-29T19:48:43+00:00\",\"breadcrumb\":{\"@id\":\"https:\\\/\\\/www.meydan.tv\\\/az\\\/article\\\/usaqlarimizin-carpayisinda-barama-saxlayirlar\\\/#breadcrumb\"},\"inLanguage\":\"az\",\"potentialAction\":[{\"@type\":\"ReadAction\",\"target\":[\"https:\\\/\\\/www.meydan.tv\\\/az\\\/article\\\/usaqlarimizin-carpayisinda-barama-saxlayirlar\\\/\"]}]},{\"@type\":\"ImageObject\",\"inLanguage\":\"az\",\"@id\":\"https:\\\/\\\/www.meydan.tv\\\/az\\\/article\\\/usaqlarimizin-carpayisinda-barama-saxlayirlar\\\/#primaryimage\",\"url\":\"https:\\\/\\\/www.meydan.tv\\\/wp-content\\\/uploads\\\/41434.png\",\"contentUrl\":\"https:\\\/\\\/www.meydan.tv\\\/wp-content\\\/uploads\\\/41434.png\",\"width\":810,\"height\":450,\"caption\":\"Source:\"},{\"@type\":\"BreadcrumbList\",\"@id\":\"https:\\\/\\\/www.meydan.tv\\\/az\\\/article\\\/usaqlarimizin-carpayisinda-barama-saxlayirlar\\\/#breadcrumb\",\"itemListElement\":[{\"@type\":\"ListItem\",\"position\":1,\"name\":\"Ana s\u0259hif\u0259\",\"item\":\"https:\\\/\\\/www.meydan.tv\\\/az\\\/\"},{\"@type\":\"ListItem\",\"position\":2,\"name\":\"Video\",\"item\":\"https:\\\/\\\/www.meydan.tv\\\/az\\\/section\\\/video-2\\\/\"},{\"@type\":\"ListItem\",\"position\":3,\"name\":\"&#8221;U\u015faqlar\u0131m\u0131z\u0131n \u00e7arpay\u0131s\u0131nda barama saxlay\u0131rlar&#8221;\"}]},{\"@type\":\"WebSite\",\"@id\":\"https:\\\/\\\/www.meydan.tv\\\/az\\\/#website\",\"url\":\"https:\\\/\\\/www.meydan.tv\\\/az\\\/\",\"name\":\"MEYDAN.TV\",\"description\":\"Meydan TV Az\u0259rbaycan\u0131n media m\u0259kan\u0131ndak\u0131 alternativ s\u0259sidir\",\"publisher\":{\"@id\":\"https:\\\/\\\/www.meydan.tv\\\/az\\\/#organization\"},\"potentialAction\":[{\"@type\":\"SearchAction\",\"target\":{\"@type\":\"EntryPoint\",\"urlTemplate\":\"https:\\\/\\\/www.meydan.tv\\\/az\\\/?s={search_term_string}\"},\"query-input\":{\"@type\":\"PropertyValueSpecification\",\"valueRequired\":true,\"valueName\":\"search_term_string\"}}],\"inLanguage\":\"az\"},{\"@type\":\"Organization\",\"@id\":\"https:\\\/\\\/www.meydan.tv\\\/az\\\/#organization\",\"name\":\"Meydan TV\",\"url\":\"https:\\\/\\\/www.meydan.tv\\\/az\\\/\",\"logo\":{\"@type\":\"ImageObject\",\"inLanguage\":\"az\",\"@id\":\"https:\\\/\\\/www.meydan.tv\\\/az\\\/#\\\/schema\\\/logo\\\/image\\\/\",\"url\":\"https:\\\/\\\/www.meydan.tv\\\/wp-content\\\/uploads\\\/2021\\\/07\\\/meydan-logo.svg\",\"contentUrl\":\"https:\\\/\\\/www.meydan.tv\\\/wp-content\\\/uploads\\\/2021\\\/07\\\/meydan-logo.svg\",\"width\":195,\"height\":46,\"caption\":\"Meydan TV\"},\"image\":{\"@id\":\"https:\\\/\\\/www.meydan.tv\\\/az\\\/#\\\/schema\\\/logo\\\/image\\\/\"}},{\"@type\":\"Person\",\"@id\":\"https:\\\/\\\/www.meydan.tv\\\/az\\\/#\\\/schema\\\/person\\\/10d11eccf6da3662cf5fdab9806ea91a\",\"name\":\"user-manager\"}]}<\/script>\n<!-- \/ Yoast SEO plugin. -->","yoast_head_json":{"title":"''U\u015faqlar\u0131m\u0131z\u0131n \u00e7arpay\u0131s\u0131nda barama saxlay\u0131rlar'' - MEYDAN.TV","robots":{"index":"index","follow":"follow","max-snippet":"max-snippet:-1","max-image-preview":"max-image-preview:large","max-video-preview":"max-video-preview:-1"},"canonical":"https:\/\/www.meydan.tv\/az\/article\/usaqlarimizin-carpayisinda-barama-saxlayirlar\/","og_locale":"az_AZ","og_type":"article","og_title":"''U\u015faqlar\u0131m\u0131z\u0131n \u00e7arpay\u0131s\u0131nda barama saxlay\u0131rlar'' - MEYDAN.TV","og_description":"Direktor: \u201cXahi\u015f edir\u0259m, s\u0259s\u0259 salmay\u0131n\u201d","og_url":"https:\/\/www.meydan.tv\/az\/article\/usaqlarimizin-carpayisinda-barama-saxlayirlar\/","og_site_name":"MEYDAN.TV","article_published_time":"2018-05-29T19:48:43+00:00","og_image":[{"width":810,"height":450,"url":"https:\/\/www.meydan.tv\/wp-content\/uploads\/41434.png","type":"image\/png"}],"author":"user-manager","twitter_card":"summary_large_image","schema":{"@context":"https:\/\/schema.org","@graph":[{"@type":"Article","@id":"https:\/\/www.meydan.tv\/az\/article\/usaqlarimizin-carpayisinda-barama-saxlayirlar\/#article","isPartOf":{"@id":"https:\/\/www.meydan.tv\/az\/article\/usaqlarimizin-carpayisinda-barama-saxlayirlar\/"},"author":{"name":"user-manager","@id":"https:\/\/www.meydan.tv\/az\/#\/schema\/person\/10d11eccf6da3662cf5fdab9806ea91a"},"headline":"&#8221;U\u015faqlar\u0131m\u0131z\u0131n \u00e7arpay\u0131s\u0131nda barama saxlay\u0131rlar&#8221;","datePublished":"2018-05-29T19:48:43+00:00","mainEntityOfPage":{"@id":"https:\/\/www.meydan.tv\/az\/article\/usaqlarimizin-carpayisinda-barama-saxlayirlar\/"},"wordCount":858,"publisher":{"@id":"https:\/\/www.meydan.tv\/az\/#organization"},"image":{"@id":"https:\/\/www.meydan.tv\/az\/article\/usaqlarimizin-carpayisinda-barama-saxlayirlar\/#primaryimage"},"thumbnailUrl":"https:\/\/www.meydan.tv\/wp-content\/uploads\/41434.png","articleSection":["Video"],"inLanguage":"az"},{"@type":"WebPage","@id":"https:\/\/www.meydan.tv\/az\/article\/usaqlarimizin-carpayisinda-barama-saxlayirlar\/","url":"https:\/\/www.meydan.tv\/az\/article\/usaqlarimizin-carpayisinda-barama-saxlayirlar\/","name":"''U\u015faqlar\u0131m\u0131z\u0131n \u00e7arpay\u0131s\u0131nda barama saxlay\u0131rlar'' - MEYDAN.TV","isPartOf":{"@id":"https:\/\/www.meydan.tv\/az\/#website"},"primaryImageOfPage":{"@id":"https:\/\/www.meydan.tv\/az\/article\/usaqlarimizin-carpayisinda-barama-saxlayirlar\/#primaryimage"},"image":{"@id":"https:\/\/www.meydan.tv\/az\/article\/usaqlarimizin-carpayisinda-barama-saxlayirlar\/#primaryimage"},"thumbnailUrl":"https:\/\/www.meydan.tv\/wp-content\/uploads\/41434.png","datePublished":"2018-05-29T19:48:43+00:00","breadcrumb":{"@id":"https:\/\/www.meydan.tv\/az\/article\/usaqlarimizin-carpayisinda-barama-saxlayirlar\/#breadcrumb"},"inLanguage":"az","potentialAction":[{"@type":"ReadAction","target":["https:\/\/www.meydan.tv\/az\/article\/usaqlarimizin-carpayisinda-barama-saxlayirlar\/"]}]},{"@type":"ImageObject","inLanguage":"az","@id":"https:\/\/www.meydan.tv\/az\/article\/usaqlarimizin-carpayisinda-barama-saxlayirlar\/#primaryimage","url":"https:\/\/www.meydan.tv\/wp-content\/uploads\/41434.png","contentUrl":"https:\/\/www.meydan.tv\/wp-content\/uploads\/41434.png","width":810,"height":450,"caption":"Source:"},{"@type":"BreadcrumbList","@id":"https:\/\/www.meydan.tv\/az\/article\/usaqlarimizin-carpayisinda-barama-saxlayirlar\/#breadcrumb","itemListElement":[{"@type":"ListItem","position":1,"name":"Ana s\u0259hif\u0259","item":"https:\/\/www.meydan.tv\/az\/"},{"@type":"ListItem","position":2,"name":"Video","item":"https:\/\/www.meydan.tv\/az\/section\/video-2\/"},{"@type":"ListItem","position":3,"name":"&#8221;U\u015faqlar\u0131m\u0131z\u0131n \u00e7arpay\u0131s\u0131nda barama saxlay\u0131rlar&#8221;"}]},{"@type":"WebSite","@id":"https:\/\/www.meydan.tv\/az\/#website","url":"https:\/\/www.meydan.tv\/az\/","name":"MEYDAN.TV","description":"Meydan TV Az\u0259rbaycan\u0131n media m\u0259kan\u0131ndak\u0131 alternativ s\u0259sidir","publisher":{"@id":"https:\/\/www.meydan.tv\/az\/#organization"},"potentialAction":[{"@type":"SearchAction","target":{"@type":"EntryPoint","urlTemplate":"https:\/\/www.meydan.tv\/az\/?s={search_term_string}"},"query-input":{"@type":"PropertyValueSpecification","valueRequired":true,"valueName":"search_term_string"}}],"inLanguage":"az"},{"@type":"Organization","@id":"https:\/\/www.meydan.tv\/az\/#organization","name":"Meydan TV","url":"https:\/\/www.meydan.tv\/az\/","logo":{"@type":"ImageObject","inLanguage":"az","@id":"https:\/\/www.meydan.tv\/az\/#\/schema\/logo\/image\/","url":"https:\/\/www.meydan.tv\/wp-content\/uploads\/2021\/07\/meydan-logo.svg","contentUrl":"https:\/\/www.meydan.tv\/wp-content\/uploads\/2021\/07\/meydan-logo.svg","width":195,"height":46,"caption":"Meydan TV"},"image":{"@id":"https:\/\/www.meydan.tv\/az\/#\/schema\/logo\/image\/"}},{"@type":"Person","@id":"https:\/\/www.meydan.tv\/az\/#\/schema\/person\/10d11eccf6da3662cf5fdab9806ea91a","name":"user-manager"}]}},"_links":{"self":[{"href":"https:\/\/www.meydan.tv\/az\/wp-json\/wp\/v2\/posts\/190219","targetHints":{"allow":["GET"]}}],"collection":[{"href":"https:\/\/www.meydan.tv\/az\/wp-json\/wp\/v2\/posts"}],"about":[{"href":"https:\/\/www.meydan.tv\/az\/wp-json\/wp\/v2\/types\/post"}],"author":[{"embeddable":true,"href":"https:\/\/www.meydan.tv\/az\/wp-json\/wp\/v2\/users\/11"}],"replies":[{"embeddable":true,"href":"https:\/\/www.meydan.tv\/az\/wp-json\/wp\/v2\/comments?post=190219"}],"version-history":[{"count":0,"href":"https:\/\/www.meydan.tv\/az\/wp-json\/wp\/v2\/posts\/190219\/revisions"}],"wp:featuredmedia":[{"embeddable":true,"href":"https:\/\/www.meydan.tv\/az\/wp-json\/wp\/v2\/media\/104379"}],"wp:attachment":[{"href":"https:\/\/www.meydan.tv\/az\/wp-json\/wp\/v2\/media?parent=190219"}],"wp:term":[{"taxonomy":"category","embeddable":true,"href":"https:\/\/www.meydan.tv\/az\/wp-json\/wp\/v2\/categories?post=190219"},{"taxonomy":"post_tag","embeddable":true,"href":"https:\/\/www.meydan.tv\/az\/wp-json\/wp\/v2\/tags?post=190219"}],"curies":[{"name":"wp","href":"https:\/\/api.w.org\/{rel}","templated":true}]}}