{"id":190214,"date":"2018-05-29T17:08:30","date_gmt":"2018-05-29T17:08:30","guid":{"rendered":"https:\/\/www.meydan.tv\/article\/sunnetin-qanli-tarixi\/"},"modified":"2018-05-29T17:08:30","modified_gmt":"2018-05-29T17:08:30","slug":"sunnetin-qanli-tarixi","status":"publish","type":"post","link":"https:\/\/www.meydan.tv\/az\/article\/sunnetin-qanli-tarixi\/","title":{"rendered":"S\u00fcnn\u0259tin qanl\u0131 tarixi"},"content":{"rendered":"<figure class=\"wp-block-image size-large\">\n  <img decoding=\"async\" src=\"https:\/\/www.meydan.tv\/az\/sunnet-arxiv-foto\/\" alt=\"S\u00fcnn\u0259t, arxiv foto\" class=\"wp-image-104406\"\/><figcaption>\n    S\u00fcnn\u0259t, arxiv foto<br \/>\n  <\/figcaption><\/figure>\n<p>\n  <b><br \/>\n    Qanl\u0131 m\u0259rasiml\u0259r &#8211; I yaz\u0131<br \/>\n  <\/b>\n<\/p>\n<p>\n  Az\u0259rbaycan kulturas\u0131nda \u201cxeyir i\u015f\u201d adlanan iki x\u00fcsusi vazke\u00e7ilm\u0259z, h\u0259yati m\u0259zmun da\u015f\u0131yan m\u0259rasim var: \u201cki\u00e7ik toy\u201d v\u0259 \u201cb\u00f6y\u00fck toy\u201d.\n<\/p>\n<p>\n  Bu \u201cxeyir i\u015f\u201din ki\u00e7iyini \u2013 s\u00fcnn\u0259t kimi travmatik qanl\u0131 kultu toyla \u0259laq\u0259l\u0259ndirib ona \u201cki\u00e7ik toy\u201d ad\u0131 qoymaq t\u0259k biz\u0259 xas deyil. Bir \u00e7ox t\u00fcrk xalq\u0131nda da s\u00fcnn\u0259tin \u201ctoylu\u201d adland\u0131rmalar\u0131 var: m\u0259s\u0259l\u0259n, qazaxlarda \u201c\u00e7u\u00e7ak tuy\u201d, t\u00fcrkm\u0259nl\u0259rd\u0259 \u201cxatna toy\u201d, \u201cul toyu\u201d, \u201c\u00e7uk toyu\u201d, \u00f6zb\u0259kl\u0259rd\u0259 \u201coqil toyu\u201d, \u201cul toyu\u201d, \u201cki\u00e7kina toy\u201d v\u0259 s. deyirl\u0259r.\n<\/p>\n<p>\n  \u201cKi\u00e7ik toy\u201du olmam\u0131\u015f bir ki\u015fi xeyla\u011f\u0131na \u201cb\u00f6y\u00fck toy\u201d edilm\u0259si dem\u0259k olar ki, m\u00fcmk\u00fcns\u00fczd\u00fcr. Ba\u015fqa c\u00fcr des\u0259k, \u201cb\u00f6y\u00fck toy\u201da ged\u0259n yol \u201cki\u00e7ik toy\u201ddan ke\u00e7ir. \u201cKi\u00e7ik toy\u201d el\u0259 bir \u201cki\u015filik m\u0259kt\u0259b\u201di say\u0131l\u0131r ki, h\u0259min \u201cm\u0259kt\u0259b\u201din m\u0259zunu olmadan \u201cki\u015fi\u201d , \u201cb\u0259y\u201d, \u201c\u0259r\u201d, statusu qazanmaq olmaz.\n<\/p>\n<p>\n  \u201cKi\u00e7ik toy\u201dun q\u0259hr\u0259man\u0131 \u201cbalaca ki\u015fi\u201dd\u0259n, \u201cb\u00f6y\u00fck toy\u201dun q\u0259hr\u0259manlar\u0131 \u201ct\u0259z\u0259 b\u0259y\u201d v\u0259 \u201cg\u0259lin\u201dd\u0259n sonra, bu toylar\u0131n x\u00fcsusi f\u0259xri q\u0259hr\u0259manlar\u0131 da var: kirv\u0259 v\u0259 yeng\u0259. Onlar\u0131n \u0259sas ortaq n\u00f6qt\u0259si \u2013 qan \u015fahid\u00e7iliyidir.\n<\/p>\n<p>\n  \u201cKi\u00e7ik toy\u201ddak\u0131 \u015fahid\u0259 \u2013 kirv\u0259y\u0259 xeyli tabu y\u00fckl\u0259nib; \u201ckirv\u0259 q\u0131z\u0131 il\u0259 evl\u0259nilm\u0259z, \u201ckirv\u0259 dam\u0131n\u0131n \u00fcst\u00fcn\u0259 \u00e7\u0131xmaq olmaz\u201d v\u0259 s. S\u0259b\u0259b? \u201cKirv\u0259nin \u00fcst\u00fcn\u0259 qan t\u00f6k\u00fcl\u00fcb\u201d.\n<\/p>\n<p>\n  \u201cB\u00f6y\u00fck toy\u201ddak\u0131 \u015fahidin \u2013 yeng\u0259nin m\u0259suliyy\u0259ti daha a\u011f\u0131rd\u0131r. O, \u201ct\u00f6k\u00fcl\u0259n qan\u201da \u015fahidlik edir (R\u0259smi nikah m\u0259rasimind\u0259ki o biri iki \u015fahid sonralar ortaya \u00e7\u0131x\u0131b).\n<\/p>\n<p>\n  H\u0259r iki toyda qan v\u0259 qan\u0131 t\u0259msil ed\u0259n q\u0131rm\u0131z\u0131 r\u0259ngli n\u0259sn\u0259l\u0259r i\u015ftirak edir:\n<\/p>\n<p>\n  Yax\u0131n zamanlara kimi \u201cki\u00e7ik toy\u201dun s\u0259b\u0259bkar\u0131 olan balaca o\u011flana q\u0131rm\u0131z\u0131 r\u0259ngd\u0259 q\u0131z donu geyindir\u0259r, onun \u00fcz\u00fcn\u00fc v\u0259 \u00fcst\u00fcn\u00fc q\u0131rm\u0131z\u0131 par\u00e7a il\u0259 \u00f6rt\u0259rdil\u0259r.\n<\/p>\n<p>\n  Kirv\u0259nin quca\u011f\u0131ndak\u0131 yast\u0131\u011f\u0131n \u00fcst\u00fcn\u0259 q\u0131rm\u0131z\u0131 ip\u0259k par\u00e7a s\u0259rilirdi.\n<\/p>\n<p>\n  H\u0259min q\u0131rm\u0131z par\u00e7adan bir azca k\u0259sib u\u015fa\u011f\u0131n aln\u0131na ba\u011flan\u0131l\u0131rd\u0131.\n<\/p>\n<p>\n  S\u00fcnn\u0259tli u\u015faq balaca olard\u0131sa, onu q\u0131rm\u0131z\u0131 y\u00fcyr\u00fcy\u0259 qoyard\u0131lar.\n<\/p>\n<p>\n  \u201cB\u00f6y\u00fck toy\u201dda da q\u0131rm\u0131z\u0131 r\u0259ngin rolu b\u00f6y\u00fckd\u00fcr:\n<\/p>\n<p>\n  \u00c7ay\u0131n i\u00e7ki kimi meny\u00fcm\u00fcz\u0259 daxil olmas\u0131ndan sonra, el\u00e7ilikd\u0259 q\u0131z\u0131n \u201ch\u0259\u201dsi al\u0131nanda bunun t\u0259sdiqi kimi s\u00fcfr\u0259y\u0259 t\u00fcnd q\u0131rm\u0131z\u0131 \u015firin \u00e7ay g\u0259tirilir. \u018fvv\u0259ll\u0259r bunun \u0259v\u0259zin\u0259 q\u0131rm\u0131z\u0131 r\u0259ngd\u0259 g\u00fcl, ya da q\u0131rm\u0131z\u0131 reyhan \u015f\u0259rb\u0259ti olarm\u0131\u015f. H\u0259min \u015f\u0259rb\u0259t\u0259 e\u015fq \u015f\u0259rb\u0259ti d\u0259 deyilirmi\u015f (Divan \u0259d\u0259biyyat\u0131nda bu \u015f\u0259rb\u0259tin adam\u0131 s\u0259rxo\u015f etdiyi yaz\u0131l\u0131r. Ola bilsin ki, islamdan \u0259vv\u0259l bu i\u00e7ki q\u0131rm\u0131z\u0131 \u015f\u0259rab imi\u015f v\u0259 h\u0259rfi m\u0259nada s\u0259rxo\u015fedici imi\u015f).\n<\/p>\n<p>\n  A\u011f g\u0259linlik donu v\u0259 duva\u011f\u0131 d\u0259b\u0259 \u00e7evril\u0259n\u0259d\u0259k g\u0259linlik donu v\u0259 g\u0259linlik duva\u011f\u0131 da q\u0131rm\u0131z\u0131 r\u0259ngd\u0259 olub. \u0130ndi q\u0131rm\u0131z\u0131 r\u0259ng yaln\u0131z g\u0259linin belin\u0259 ba\u011flanan q\u0131rm\u0131z\u0131 ipd\u0259 qal\u0131b.\n<\/p>\n<p>\n  Qan\u0131 t\u0259msil ed\u0259n q\u0131rm\u0131z\u0131 x\u0131na il\u0259 g\u0259linin \u0259ll\u0259rinin, ayaqlar\u0131n\u0131n, d\u0131rnaqlar\u0131n\u0131n r\u0259ngl\u0259nm\u0259sinin, h\u0259m\u00e7inin g\u0259linin yanaqlar\u0131n\u0131n, dodaqlar\u0131n\u0131n q\u0131rm\u0131z\u0131 il\u0259 boyanmas\u0131n\u0131n kulturoloji k\u00f6kl\u0259ri d\u0259 eynidir. X\u0131na o q\u0259d\u0259r g\u0259r\u0259kli statusa malik say\u0131l\u0131rm\u0131\u015f ki, h\u0259tta toy qaba\u011f\u0131 bununla ba\u011fl\u0131 ayr\u0131ca \u201cx\u0131nayaxd\u0131\u201d m\u0259rasiml\u0259ri ke\u00e7irilirmi\u015f (Bu m\u0259rasim son ill\u0259rd\u0259 geri qay\u0131d\u0131b).\n<\/p>\n<p>\n  G\u0259lin xon\u00e7alar\u0131n\u0131n q\u0131rm\u0131z\u0131 olmas\u0131 da bu r\u0259ng\u0259 y\u00fckl\u0259n\u0259n m\u0259na il\u0259 ba\u011fl\u0131d\u0131r.\n<\/p>\n<p>\n  Bir zamanlar b\u0259yin h\u00fcnd\u00fcr bir yerd\u0259 dayan\u0131b g\u0259linin ba\u015f\u0131na atd\u0131\u011f\u0131 q\u0131rm\u0131z\u0131 alma, b\u0259yl\u0259 g\u0259linin aln\u0131na vurulan qurbanl\u0131q qoyunun qan\u0131 v\u0259 s. ortaq m\u0259zmuna malikdirl\u0259r.\n<\/p>\n<p>\n  \u201cQan\u201d \u2013 t\u0259kc\u0259 toy ad\u0131 veril\u0259n bu m\u0259rasiml\u0259rin, tabu oldu\u011funa g\u00f6r\u0259 haqq\u0131nda dan\u0131\u015f\u0131lmayan, ad\u0131 \u00e7\u0259kilm\u0259y\u0259n, qabard\u0131lmayan \u00fcns\u00fcr\u00fc deyil. H\u0259m d\u0259 bir \u00e7ox dini kult v\u0259 m\u0259rasim \u00fc\u00e7\u00fcn d\u0259 t\u00f6k\u00fclm\u0259si g\u0259r\u0259k\u0259ndir. M\u0259s\u0259l\u0259n, qurban bayram\u0131nda heyvan\u0131n qan\u0131 axs\u0131n dey\u0259 m\u00fctl\u0259q ba\u015f\u0131 k\u0259silm\u0259lidir, yoxsa o, haram say\u0131la bil\u0259r.\n<\/p>\n<p>\n  Yaxud, b\u0259zi m\u00fcq\u0259dd\u0259s dini personlar \u00fc\u00e7\u00fcn tutulan yaslarda b\u0259d\u0259nd\u0259n qan \u00e7\u0131xar\u0131lmal\u0131d\u0131r (M\u0259h\u0259rr\u0259mlik bunlardan biridir).\n<\/p>\n<p>\n  Bir zamanlar h\u0259tta adi yaslarda da \u00fcz c\u0131r\u0131lmal\u0131, M.F\u00fczulinin t\u0259biri il\u0259 des\u0259k, \u201cg\u00f6zd\u0259n qanl\u0131 su\u201d axmal\u0131 idi (\u201cQan a\u011flamaq\u201d ifad\u0259si bununla ba\u011fl\u0131d\u0131r).\n<\/p>\n<p>\n  Qan\u0131 t\u0259msil ed\u0259n q\u0131rm\u0131z\u0131 r\u0259ng \u015f\u0259nlik v\u0259 bayramlar\u0131n da r\u0259ngidir: q\u0131rm\u0131z\u0131 Novruz yumurta v\u0259 xon\u00e7alar\u0131, s\u0259m\u0259ninin belin\u0259 ba\u011flanan q\u0131rm\u0131z\u0131 ip, \u015f\u0259nlikl\u0259rd\u0259 veril\u0259n q\u0131rm\u0131z\u0131 g\u00fcl \u015f\u0259rb\u0259ti, ya da reyhandan haz\u0131rlanan q\u0131rm\u0131z\u0131 \u015f\u0259rb\u0259t v\u0259 s.\n<\/p>\n<p>\n  Habel\u0259 ya\u015fl\u0131 qad\u0131nlar\u0131n sa\u00e7lar\u0131n\u0131 x\u0131na il\u0259 q\u0131rm\u0131z\u0131 boyamaqlar\u0131, zah\u0131 qad\u0131nlara veril\u0259n q\u0131rm\u0131z\u0131 r\u0259ngli \u015f\u0259rb\u0259t, zah\u0131 qad\u0131n\u0131n \u00fcst\u00fcn\u00fcn q\u0131rm\u0131z\u0131 \u00f6rt\u00fc il\u0259 \u00f6rt\u00fclm\u0259si v\u0259 s. \u201cqan\u201d\u0131n mistik g\u00fcc\u00fc il\u0259 ba\u011fl\u0131d\u0131r.\n<\/p>\n<p>\n  Bir zamanlar q\u0259dim t\u00fcrk ell\u0259rind\u0259 andi\u00e7m\u0259 m\u0259rasiml\u0259ri ke\u00e7irilirmi\u015f. Bel\u0259 m\u0259rasiml\u0259rd\u0259 hans\u0131sa bir ba\u011fla\u015fman\u0131 ba\u011flamaq \u00fc\u00e7\u00fcn and i\u00e7\u0259nl\u0259r \u2013 bardaqlar\u0131na \u00f6z qanlar\u0131n\u0131 azac\u0131q dam\u0131zd\u0131r\u0131b i\u00e7\u0259rmi\u015fl\u0259r. \u201cAndi\u00e7m\u0259\u201d ifad\u0259si bu m\u0259rasimin izidir.\n<\/p>\n<p>\n  \u201cQan\u201d n\u0259 zamandan v\u0259 n\u0259 \u00fc\u00e7\u00fcn kulturoloji obyekt statusu qazand\u0131? Ritual v\u0259 simvolik m\u0259nalarda o, n\u0259yi ifad\u0259 edir? S\u00fcnn\u0259t d\u0259 daxil olmaqla m\u0259rasim v\u0259 kultlarda arxa planda qalan, ancaq onlar\u0131n \u0259sas motivl\u0259rind\u0259n biri olan qan\u0131n, ya da qan\u0131 t\u0259msil ed\u0259n q\u0131rm\u0131z\u0131 r\u0259ngin m\u0259nas\u0131 n\u0259dir? Bu suallara cavab verm\u0259d\u0259n s\u00fcnn\u0259t m\u0259rasimini izah etm\u0259k olmaz. G\u0259l\u0259n yaz\u0131m\u0131z bu haqda olacaqd\u0131r.\n<\/p>\n<p>\n  <i><br \/>\n    <b><br \/>\n      Yaz\u0131 m\u00fc\u0259llifin fikirl\u0259rini \u0259ks etdirir v\u0259 Meydan TV-nin m\u00f6vqeyi il\u0259 \u00fcst-\u00fcst\u0259 d\u00fc\u015fm\u0259y\u0259 bil\u0259r.<br \/>\n    <\/b><br \/>\n  <\/i><\/p>\n","protected":false},"excerpt":{"rendered":"<p>Qanl\u0131 m\u0259rasiml\u0259r &#8211; I yaz\u0131<\/p>\n","protected":false},"author":11,"featured_media":104406,"comment_status":"closed","ping_status":"open","sticky":false,"template":"","format":"standard","meta":{"_acf_changed":false,"_sitemap_exclude":false,"_sitemap_priority":"","_sitemap_frequency":"","footnotes":""},"categories":[57],"tags":[],"class_list":["post-190214","post","type-post","status-publish","format-standard","has-post-thumbnail","hentry","category-menim-fikrimce","infinite-scroll-item","generate-columns","tablet-grid-50","mobile-grid-100","grid-parent","grid-33","no-featured-image-padding"],"acf":[],"yoast_head":"<!-- This site is optimized with the Yoast SEO plugin v27.4 - https:\/\/yoast.com\/product\/yoast-seo-wordpress\/ -->\n<title>S\u00fcnn\u0259tin qanl\u0131 tarixi - MEYDAN.TV<\/title>\n<meta name=\"robots\" content=\"index, follow, max-snippet:-1, max-image-preview:large, max-video-preview:-1\" \/>\n<link rel=\"canonical\" href=\"https:\/\/www.meydan.tv\/az\/article\/sunnetin-qanli-tarixi\/\" \/>\n<meta property=\"og:locale\" content=\"az_AZ\" \/>\n<meta property=\"og:type\" content=\"article\" \/>\n<meta property=\"og:title\" content=\"S\u00fcnn\u0259tin qanl\u0131 tarixi - MEYDAN.TV\" \/>\n<meta property=\"og:description\" content=\"Qanl\u0131 m\u0259rasiml\u0259r - I yaz\u0131\" \/>\n<meta property=\"og:url\" content=\"https:\/\/www.meydan.tv\/az\/article\/sunnetin-qanli-tarixi\/\" \/>\n<meta property=\"og:site_name\" content=\"MEYDAN.TV\" \/>\n<meta property=\"article:published_time\" content=\"2018-05-29T17:08:30+00:00\" \/>\n<meta property=\"og:image\" content=\"https:\/\/www.meydan.tv\/wp-content\/uploads\/41431.png\" \/>\n\t<meta property=\"og:image:width\" content=\"862\" \/>\n\t<meta property=\"og:image:height\" content=\"535\" \/>\n\t<meta property=\"og:image:type\" content=\"image\/png\" \/>\n<meta name=\"author\" content=\"user-manager\" \/>\n<meta name=\"twitter:card\" content=\"summary_large_image\" \/>\n<script type=\"application\/ld+json\" class=\"yoast-schema-graph\">{\"@context\":\"https:\\\/\\\/schema.org\",\"@graph\":[{\"@type\":\"Article\",\"@id\":\"https:\\\/\\\/www.meydan.tv\\\/az\\\/article\\\/sunnetin-qanli-tarixi\\\/#article\",\"isPartOf\":{\"@id\":\"https:\\\/\\\/www.meydan.tv\\\/az\\\/article\\\/sunnetin-qanli-tarixi\\\/\"},\"author\":{\"name\":\"user-manager\",\"@id\":\"https:\\\/\\\/www.meydan.tv\\\/az\\\/#\\\/schema\\\/person\\\/10d11eccf6da3662cf5fdab9806ea91a\"},\"headline\":\"S\u00fcnn\u0259tin qanl\u0131 tarixi\",\"datePublished\":\"2018-05-29T17:08:30+00:00\",\"mainEntityOfPage\":{\"@id\":\"https:\\\/\\\/www.meydan.tv\\\/az\\\/article\\\/sunnetin-qanli-tarixi\\\/\"},\"wordCount\":1182,\"publisher\":{\"@id\":\"https:\\\/\\\/www.meydan.tv\\\/az\\\/#organization\"},\"image\":{\"@id\":\"https:\\\/\\\/www.meydan.tv\\\/az\\\/article\\\/sunnetin-qanli-tarixi\\\/#primaryimage\"},\"thumbnailUrl\":\"https:\\\/\\\/www.meydan.tv\\\/wp-content\\\/uploads\\\/41431.png\",\"articleSection\":[\"M\u0259nim Fikrimc\u0259\"],\"inLanguage\":\"az\"},{\"@type\":\"WebPage\",\"@id\":\"https:\\\/\\\/www.meydan.tv\\\/az\\\/article\\\/sunnetin-qanli-tarixi\\\/\",\"url\":\"https:\\\/\\\/www.meydan.tv\\\/az\\\/article\\\/sunnetin-qanli-tarixi\\\/\",\"name\":\"S\u00fcnn\u0259tin qanl\u0131 tarixi - MEYDAN.TV\",\"isPartOf\":{\"@id\":\"https:\\\/\\\/www.meydan.tv\\\/az\\\/#website\"},\"primaryImageOfPage\":{\"@id\":\"https:\\\/\\\/www.meydan.tv\\\/az\\\/article\\\/sunnetin-qanli-tarixi\\\/#primaryimage\"},\"image\":{\"@id\":\"https:\\\/\\\/www.meydan.tv\\\/az\\\/article\\\/sunnetin-qanli-tarixi\\\/#primaryimage\"},\"thumbnailUrl\":\"https:\\\/\\\/www.meydan.tv\\\/wp-content\\\/uploads\\\/41431.png\",\"datePublished\":\"2018-05-29T17:08:30+00:00\",\"breadcrumb\":{\"@id\":\"https:\\\/\\\/www.meydan.tv\\\/az\\\/article\\\/sunnetin-qanli-tarixi\\\/#breadcrumb\"},\"inLanguage\":\"az\",\"potentialAction\":[{\"@type\":\"ReadAction\",\"target\":[\"https:\\\/\\\/www.meydan.tv\\\/az\\\/article\\\/sunnetin-qanli-tarixi\\\/\"]}]},{\"@type\":\"ImageObject\",\"inLanguage\":\"az\",\"@id\":\"https:\\\/\\\/www.meydan.tv\\\/az\\\/article\\\/sunnetin-qanli-tarixi\\\/#primaryimage\",\"url\":\"https:\\\/\\\/www.meydan.tv\\\/wp-content\\\/uploads\\\/41431.png\",\"contentUrl\":\"https:\\\/\\\/www.meydan.tv\\\/wp-content\\\/uploads\\\/41431.png\",\"width\":862,\"height\":535,\"caption\":\"Source:\"},{\"@type\":\"BreadcrumbList\",\"@id\":\"https:\\\/\\\/www.meydan.tv\\\/az\\\/article\\\/sunnetin-qanli-tarixi\\\/#breadcrumb\",\"itemListElement\":[{\"@type\":\"ListItem\",\"position\":1,\"name\":\"Ana s\u0259hif\u0259\",\"item\":\"https:\\\/\\\/www.meydan.tv\\\/az\\\/\"},{\"@type\":\"ListItem\",\"position\":2,\"name\":\"M\u0259nim Fikrimc\u0259\",\"item\":\"https:\\\/\\\/www.meydan.tv\\\/az\\\/section\\\/menim-fikrimce\\\/\"},{\"@type\":\"ListItem\",\"position\":3,\"name\":\"S\u00fcnn\u0259tin qanl\u0131 tarixi\"}]},{\"@type\":\"WebSite\",\"@id\":\"https:\\\/\\\/www.meydan.tv\\\/az\\\/#website\",\"url\":\"https:\\\/\\\/www.meydan.tv\\\/az\\\/\",\"name\":\"MEYDAN.TV\",\"description\":\"Meydan TV Az\u0259rbaycan\u0131n media m\u0259kan\u0131ndak\u0131 alternativ s\u0259sidir\",\"publisher\":{\"@id\":\"https:\\\/\\\/www.meydan.tv\\\/az\\\/#organization\"},\"potentialAction\":[{\"@type\":\"SearchAction\",\"target\":{\"@type\":\"EntryPoint\",\"urlTemplate\":\"https:\\\/\\\/www.meydan.tv\\\/az\\\/?s={search_term_string}\"},\"query-input\":{\"@type\":\"PropertyValueSpecification\",\"valueRequired\":true,\"valueName\":\"search_term_string\"}}],\"inLanguage\":\"az\"},{\"@type\":\"Organization\",\"@id\":\"https:\\\/\\\/www.meydan.tv\\\/az\\\/#organization\",\"name\":\"Meydan TV\",\"url\":\"https:\\\/\\\/www.meydan.tv\\\/az\\\/\",\"logo\":{\"@type\":\"ImageObject\",\"inLanguage\":\"az\",\"@id\":\"https:\\\/\\\/www.meydan.tv\\\/az\\\/#\\\/schema\\\/logo\\\/image\\\/\",\"url\":\"https:\\\/\\\/www.meydan.tv\\\/wp-content\\\/uploads\\\/2021\\\/07\\\/meydan-logo.svg\",\"contentUrl\":\"https:\\\/\\\/www.meydan.tv\\\/wp-content\\\/uploads\\\/2021\\\/07\\\/meydan-logo.svg\",\"width\":195,\"height\":46,\"caption\":\"Meydan TV\"},\"image\":{\"@id\":\"https:\\\/\\\/www.meydan.tv\\\/az\\\/#\\\/schema\\\/logo\\\/image\\\/\"}},{\"@type\":\"Person\",\"@id\":\"https:\\\/\\\/www.meydan.tv\\\/az\\\/#\\\/schema\\\/person\\\/10d11eccf6da3662cf5fdab9806ea91a\",\"name\":\"user-manager\"}]}<\/script>\n<!-- \/ Yoast SEO plugin. -->","yoast_head_json":{"title":"S\u00fcnn\u0259tin qanl\u0131 tarixi - MEYDAN.TV","robots":{"index":"index","follow":"follow","max-snippet":"max-snippet:-1","max-image-preview":"max-image-preview:large","max-video-preview":"max-video-preview:-1"},"canonical":"https:\/\/www.meydan.tv\/az\/article\/sunnetin-qanli-tarixi\/","og_locale":"az_AZ","og_type":"article","og_title":"S\u00fcnn\u0259tin qanl\u0131 tarixi - MEYDAN.TV","og_description":"Qanl\u0131 m\u0259rasiml\u0259r - I yaz\u0131","og_url":"https:\/\/www.meydan.tv\/az\/article\/sunnetin-qanli-tarixi\/","og_site_name":"MEYDAN.TV","article_published_time":"2018-05-29T17:08:30+00:00","og_image":[{"width":862,"height":535,"url":"https:\/\/www.meydan.tv\/wp-content\/uploads\/41431.png","type":"image\/png"}],"author":"user-manager","twitter_card":"summary_large_image","schema":{"@context":"https:\/\/schema.org","@graph":[{"@type":"Article","@id":"https:\/\/www.meydan.tv\/az\/article\/sunnetin-qanli-tarixi\/#article","isPartOf":{"@id":"https:\/\/www.meydan.tv\/az\/article\/sunnetin-qanli-tarixi\/"},"author":{"name":"user-manager","@id":"https:\/\/www.meydan.tv\/az\/#\/schema\/person\/10d11eccf6da3662cf5fdab9806ea91a"},"headline":"S\u00fcnn\u0259tin qanl\u0131 tarixi","datePublished":"2018-05-29T17:08:30+00:00","mainEntityOfPage":{"@id":"https:\/\/www.meydan.tv\/az\/article\/sunnetin-qanli-tarixi\/"},"wordCount":1182,"publisher":{"@id":"https:\/\/www.meydan.tv\/az\/#organization"},"image":{"@id":"https:\/\/www.meydan.tv\/az\/article\/sunnetin-qanli-tarixi\/#primaryimage"},"thumbnailUrl":"https:\/\/www.meydan.tv\/wp-content\/uploads\/41431.png","articleSection":["M\u0259nim Fikrimc\u0259"],"inLanguage":"az"},{"@type":"WebPage","@id":"https:\/\/www.meydan.tv\/az\/article\/sunnetin-qanli-tarixi\/","url":"https:\/\/www.meydan.tv\/az\/article\/sunnetin-qanli-tarixi\/","name":"S\u00fcnn\u0259tin qanl\u0131 tarixi - MEYDAN.TV","isPartOf":{"@id":"https:\/\/www.meydan.tv\/az\/#website"},"primaryImageOfPage":{"@id":"https:\/\/www.meydan.tv\/az\/article\/sunnetin-qanli-tarixi\/#primaryimage"},"image":{"@id":"https:\/\/www.meydan.tv\/az\/article\/sunnetin-qanli-tarixi\/#primaryimage"},"thumbnailUrl":"https:\/\/www.meydan.tv\/wp-content\/uploads\/41431.png","datePublished":"2018-05-29T17:08:30+00:00","breadcrumb":{"@id":"https:\/\/www.meydan.tv\/az\/article\/sunnetin-qanli-tarixi\/#breadcrumb"},"inLanguage":"az","potentialAction":[{"@type":"ReadAction","target":["https:\/\/www.meydan.tv\/az\/article\/sunnetin-qanli-tarixi\/"]}]},{"@type":"ImageObject","inLanguage":"az","@id":"https:\/\/www.meydan.tv\/az\/article\/sunnetin-qanli-tarixi\/#primaryimage","url":"https:\/\/www.meydan.tv\/wp-content\/uploads\/41431.png","contentUrl":"https:\/\/www.meydan.tv\/wp-content\/uploads\/41431.png","width":862,"height":535,"caption":"Source:"},{"@type":"BreadcrumbList","@id":"https:\/\/www.meydan.tv\/az\/article\/sunnetin-qanli-tarixi\/#breadcrumb","itemListElement":[{"@type":"ListItem","position":1,"name":"Ana s\u0259hif\u0259","item":"https:\/\/www.meydan.tv\/az\/"},{"@type":"ListItem","position":2,"name":"M\u0259nim Fikrimc\u0259","item":"https:\/\/www.meydan.tv\/az\/section\/menim-fikrimce\/"},{"@type":"ListItem","position":3,"name":"S\u00fcnn\u0259tin qanl\u0131 tarixi"}]},{"@type":"WebSite","@id":"https:\/\/www.meydan.tv\/az\/#website","url":"https:\/\/www.meydan.tv\/az\/","name":"MEYDAN.TV","description":"Meydan TV Az\u0259rbaycan\u0131n media m\u0259kan\u0131ndak\u0131 alternativ s\u0259sidir","publisher":{"@id":"https:\/\/www.meydan.tv\/az\/#organization"},"potentialAction":[{"@type":"SearchAction","target":{"@type":"EntryPoint","urlTemplate":"https:\/\/www.meydan.tv\/az\/?s={search_term_string}"},"query-input":{"@type":"PropertyValueSpecification","valueRequired":true,"valueName":"search_term_string"}}],"inLanguage":"az"},{"@type":"Organization","@id":"https:\/\/www.meydan.tv\/az\/#organization","name":"Meydan TV","url":"https:\/\/www.meydan.tv\/az\/","logo":{"@type":"ImageObject","inLanguage":"az","@id":"https:\/\/www.meydan.tv\/az\/#\/schema\/logo\/image\/","url":"https:\/\/www.meydan.tv\/wp-content\/uploads\/2021\/07\/meydan-logo.svg","contentUrl":"https:\/\/www.meydan.tv\/wp-content\/uploads\/2021\/07\/meydan-logo.svg","width":195,"height":46,"caption":"Meydan TV"},"image":{"@id":"https:\/\/www.meydan.tv\/az\/#\/schema\/logo\/image\/"}},{"@type":"Person","@id":"https:\/\/www.meydan.tv\/az\/#\/schema\/person\/10d11eccf6da3662cf5fdab9806ea91a","name":"user-manager"}]}},"_links":{"self":[{"href":"https:\/\/www.meydan.tv\/az\/wp-json\/wp\/v2\/posts\/190214","targetHints":{"allow":["GET"]}}],"collection":[{"href":"https:\/\/www.meydan.tv\/az\/wp-json\/wp\/v2\/posts"}],"about":[{"href":"https:\/\/www.meydan.tv\/az\/wp-json\/wp\/v2\/types\/post"}],"author":[{"embeddable":true,"href":"https:\/\/www.meydan.tv\/az\/wp-json\/wp\/v2\/users\/11"}],"replies":[{"embeddable":true,"href":"https:\/\/www.meydan.tv\/az\/wp-json\/wp\/v2\/comments?post=190214"}],"version-history":[{"count":0,"href":"https:\/\/www.meydan.tv\/az\/wp-json\/wp\/v2\/posts\/190214\/revisions"}],"wp:featuredmedia":[{"embeddable":true,"href":"https:\/\/www.meydan.tv\/az\/wp-json\/wp\/v2\/media\/104406"}],"wp:attachment":[{"href":"https:\/\/www.meydan.tv\/az\/wp-json\/wp\/v2\/media?parent=190214"}],"wp:term":[{"taxonomy":"category","embeddable":true,"href":"https:\/\/www.meydan.tv\/az\/wp-json\/wp\/v2\/categories?post=190214"},{"taxonomy":"post_tag","embeddable":true,"href":"https:\/\/www.meydan.tv\/az\/wp-json\/wp\/v2\/tags?post=190214"}],"curies":[{"name":"wp","href":"https:\/\/api.w.org\/{rel}","templated":true}]}}