{"id":190167,"date":"2018-05-25T19:20:05","date_gmt":"2018-05-25T19:20:05","guid":{"rendered":"https:\/\/www.meydan.tv\/article\/3-il-sonraki-qafqaz-triosu\/"},"modified":"2018-05-25T19:20:05","modified_gmt":"2018-05-25T19:20:05","slug":"3-il-sonraki-qafqaz-triosu","status":"publish","type":"post","link":"https:\/\/www.meydan.tv\/az\/article\/3-il-sonraki-qafqaz-triosu\/","title":{"rendered":"3 il sonrak\u0131 &#8221;Qafqaz triosu&#8221;?"},"content":{"rendered":"<figure class=\"wp-block-image size-large\">\n  <img decoding=\"async\" src=\"https:\/\/www.meydan.tv\/az\/kavkazskoe-trio\/\" alt=\"\u041a\u0430\u0432\u043a\u0430\u0437\u0441\u043a\u043e\u0435 \u0442\u0440\u0438\u043e\" class=\"wp-image-104199\"\/><figcaption>\n    \u041a\u0430\u0432\u043a\u0430\u0437\u0441\u043a\u043e\u0435 \u0442\u0440\u0438\u043e<br \/>\n  <\/figcaption><\/figure>\n<p>\n  Ssenari m\u00fc\u0259llifliyi t\u0259qdimata ehtiyac\u0131 olmayan R\u00fcst\u0259m \u0130brahimb\u0259yova m\u0259xsus, h\u0259l\u0259 \u00fc\u00e7 il \u00f6nc\u0259 \u00e7\u0259kilmi\u015f v\u0259 ad\u0131ndan m\u0259lum oldu\u011fu milli m\u00fcnasib\u0259tl\u0259r m\u00f6vzusunda olan film &#8211; &#8220;Qafqaz triosu&#8221; son g\u00fcnl\u0259r \u00e7ox s\u0259s-k\u00fcy\u0259 s\u0259b\u0259b oldu.<\/p>\n<p>  \u00c7oxu bu \u0259s\u0259rd\u0259 &#8220;milli x\u0259yan\u0259t&#8221; a\u015fkar edib \u0130brahimb\u0259yovu t\u0259hqir\u0259 ke\u00e7di, ba\u015fqalar\u0131 sad\u0259c\u0259 &#8220;incim\u0259kl\u0259&#8221; kifay\u0259tl\u0259ndil\u0259r. Burada sad\u0259 sosial \u015f\u0259b\u0259k\u0259 isifad\u0259\u00e7il\u0259rind\u0259n tutmu\u015f kino\u015f\u00fcnas v\u0259 rejissor Ayaz Salayev\u0259 kimi geni\u015f spektrd\u0259 fikirl\u0259r vard\u0131, amma filmi m\u00fcdafi\u0259 ed\u0259nl\u0259ri v\u0259 onlar\u0131n arqumentl\u0259rini, do\u011frusu, g\u00f6rm\u0259dim ki, bu da t\u0259biidir: bizd\u0259 bu m\u00f6vzuda ist\u0259nil\u0259n fikir t\u0259xmini \u00f6l\u00fcl\u0259r haqda deyil\u0259n kimi olmal\u0131d\u0131r. Q\u0131sas\u0131, hans\u0131sa erm\u0259ni (kim v\u0259 n\u0259\u00e7i olmas\u0131ndan as\u0131l\u0131 olmayaraq) haqda &#8211; ya pis, ya da he\u00e7 n\u0259. Bunun c\u0259miyy\u0259t olaraq biz\u0259 n\u0259 kimi xeyri ola bil\u0259r, niy\u0259 bu m\u0259s\u0259l\u0259 d\u00f6vl\u0259tl\u0259rin qar\u015f\u0131durmas\u0131 kimi deyil, s\u0131rf etnik m\u00fcharib\u0259 kimi t\u0259fsir olunur &#8211; d\u0259qiq dey\u0259 bilm\u0259r\u0259m, amma bel\u0259 kulivasiya edilm\u0259kd\u0259dir.\n<\/p>\n<p>\n  Tamam, indi ke\u00e7\u0259k film\u0259, izl\u0259y\u0259rk\u0259n t\u0259\u0259ss\u00fcrat\u0131m deyirdi ki, buradak\u0131 personajlar v\u0259 s\u00fcjet x\u0259tti, ba\u015f ver\u0259n hadis\u0259l\u0259r h\u0259dd\u0259n art\u0131q s\u00fcnidir, yersizdir, b\u0259dii c\u0259h\u0259td\u0259n inand\u0131r\u0131c\u0131 deyil. Hans\u0131sa insan ba\u015fqas\u0131n\u0131 varis etm\u0259k ist\u0259rs\u0259, onun do\u011frum haqda \u015f\u0259had\u0259tnam\u0259sini ist\u0259m\u0259z, Moskvada iki g\u00fcnd\u0259n sonra deb\u00fct ed\u0259c\u0259k aktyor da he\u00e7 bir zaman bu \u015fans\u0131 bo\u015funa burax\u0131b ba\u015fqa yer\u0259 m\u0259nas\u0131z i\u015f \u00fc\u00e7\u00fcn getm\u0259z. Filmd\u0259 iqtidara m\u00fcxalif olan institut direktoru da ssenaristin \u00e7ox geni\u015f fantaziyas\u0131ndan x\u0259b\u0259r verir, oradak\u0131 ba\u015fqa s\u00f6hb\u0259tl\u0259r d\u0259 eyn\u0259n.\n<\/p>\n<p>\n  Aktyor oyunu haqda dan\u0131\u015fmaq \u0259b\u0259sdir, Stanislavskinin s\u00f6zl\u0259ri il\u0259 des\u0259k &#8211; inand\u0131rm\u0131r! \u018fs\u0259rin ba\u015f q\u0259hr\u0259man\u0131 (Yuri Stoyanov) \u0259sla erm\u0259ni ataya b\u0259nz\u0259mir, soyuqqanl\u0131l\u0131qla bioliji o\u011fluna basq\u0131 edir ki, Bak\u0131ya gedib h\u0259qiqi soyad\u0131 (A\u011fayants) olan do\u011fum haqda \u015f\u0259had\u0259tnam\u0259 g\u0259tirsin. Bak\u0131ya g\u0259l\u0259n Timurun (Sergey Quzeev) h\u0259yat yolda\u015f\u0131 il\u0259 olan s\u0259hn\u0259, sonra ail\u0259nin y\u0131\u011f\u0131\u015fmas\u0131 da s\u00fcniliyi il\u0259 g\u00f6z \u00e7\u0259kir. Sonrak\u0131 s\u00fcjet x\u0259tti, \u00fcmumiyy\u0259tl\u0259, m\u00fc\u0259mal\u0131 qal\u0131r, ba\u015f q\u0259hr\u0259manlardan biri Timur \u00f6z ba\u011flar\u0131ndaca yoxa \u00e7\u0131x\u0131r, sonra tama\u015fa\u00e7\u0131 onu ssenaristl\u0259 birg\u0259 su quyusunda &#8220;tap\u0131r&#8221;.\n<\/p>\n<p>\n  Timurun itm\u0259sini onun s\u0259n\u0259dl\u0259rini Tbilisid\u0259 g\u00f6zl\u0259y\u0259n atan\u0131n q\u0259z\u0259bi d\u0259 Stoyanovun varg\u00fcc\u00fc il\u0259 \u00e7al\u0131\u015fmas\u0131na r\u0259\u011fm\u0259n s\u00fcni v\u0259 inand\u0131r\u0131c\u0131 deyil. Ssenarid\u0259ki ba\u015fqa m\u0259ntiqsiz-y\u00f6ns\u00fcz x\u0259tl\u0259ri yazmaqla bitm\u0259z, sanki t\u0259cr\u00fcb\u0259li kinodramaturqun yox, \u00f6z\u00fcn\u00fc yenic\u0259 s\u0131namaq ist\u0259y\u0259n g\u0259nc bir yazar\u0131n q\u0259l\u0259mind\u0259n \u00e7\u0131x\u0131b.\n<\/p>\n<p>\n  Yeri g\u0259lmi\u015fk\u0259n, l\u00fctf\u0259n biri a\u011fsaqqala desin ki, q\u0131z\u0131 Fatma \u0130brahimb\u0259yovan\u0131 daha filml\u0259r\u0259 (&#8220;Kabusun g\u00f6zl\u0259ri il\u0259&#8221;, 2010; &#8220;Qafqaz triosu&#8221;, 2015) \u00e7\u0259kdirm\u0259sin, \u00e7ox g\u00f6z\u0259l bir xan\u0131m olsa da, aktrisa deyil, h\u0259qiq\u0259t\u0259n al\u0131nm\u0131r.\n<\/p>\n<p>\n  H\u0259r hans\u0131sa \u0259s\u0259rin b\u0259dii m\u0259zmunu haqda dan\u0131\u015fark\u0259n onu hans\u0131sa &#8220;milli ideologiya&#8221; h\u0259d\u0259find\u0259n qiym\u0259tl\u0259ndirm\u0259k m\u0259nas\u0131z i\u015fdir. Amma yen\u0259 d\u0259 ist\u0259nil\u0259n \u0259s\u0259rd\u0259 inand\u0131r\u0131c\u0131l\u0131q, h\u0259tta b\u0259dii realizm (x\u00fcsus\u0259n bu y\u00f6nl\u00fc \u0259s\u0259rl\u0259rd\u0259) olmal\u0131d\u0131r, \u00e7\u00fcnki ham\u0131ya m\u0259lumdur ki, erm\u0259ni\u0259silli m\u00fcxt\u0259lif \u00f6lk\u0259 v\u0259t\u0259nda\u015flar\u0131na Bak\u0131ya \u015f\u0259xsi i\u015fl\u0259ri \u00fc\u00e7\u00fcn g\u0259lm\u0259y\u0259 \u00e7\u0259tin ki, h\u0259tta MTN naziri icaz\u0259 ala bilsin &#8211; v\u0259zif\u0259lil\u0259rd\u0259n d\u0259 kims\u0259 bunu etm\u0259z, yaln\u0131z \u0259n y\u00fcks\u0259k m\u0259qalarda buna icaz\u0259 verilir v\u0259 o zaman da he\u00e7 bir m\u0259mur v\u0259 ya kims\u0259 s\u0259sini \u00e7\u0131xara bilm\u0259z.\n<\/p>\n<p>\n  \u0130ndi baxmay\u0131b, amma &#8220;inciy\u0259n&#8221; t\u0259b\u0259q\u0259 \u00fc\u00e7\u00fcn &#8211; filmin lap \u0259vv\u0259lind\u0259 Az\u0259rbaycan\u0131n i\u015f\u011fal edilmi\u015f \u0259razil\u0259rl\u0259 x\u0259rit\u0259si g\u00f6st\u0259rilir v\u0259 titrl\u0259rd\u0259 Da\u011fl\u0131q Qaraba\u011f\u0131n \u00f6lk\u0259miz\u0259 m\u0259xsuslu\u011fu deyilir. Personajlar\u0131n dialoqlar\u0131nda da bu var, ba\u015f q\u0259hr\u0259manlardan biri F\u0259rhad (\u0130nstitut direktoru) MTN naziri il\u0259 dialoqunda u\u015faql\u0131q dostu haqda dan\u0131\u015fark\u0259n &#8220;o Qaraba\u011fda separatizmi pisl\u0259y\u0259n erm\u0259nil\u0259rd\u0259n biridir&#8221;- deyir. Ba\u015fqa epizodda is\u0259 Bak\u0131ya g\u0259lmi\u015f u\u015faql\u0131q dostu, Edik A\u011fayants art\u0131q onun \u00f6z\u00fcn\u0259 &#8211; &#8220;\u0130ndi m\u0259ni d\u0259 sizin \u0259razil\u0259rin 20%-nin i\u015f\u011fal olunmas\u0131nda g\u00fcnahkar g\u00f6r\u0259c\u0259ks\u0259n?&#8221; &#8211; sual\u0131 il\u0259 m\u00fcraci\u0259t edir. T\u0259bii ki, bunlar filmin xarici auditoriyas\u0131 \u00fc\u00e7\u00fcn ssenarist t\u0259r\u0259find\u0259n x\u00fcsusi haz\u0131rlanm\u0131\u015f m\u0259lumatd\u0131r.\n<\/p>\n<p>\n  \u018fslind\u0259 niy\u0259 bu filmin m\u0259hz indi, filmin t\u0259qdimat\u0131ndan 3 il ke\u00e7\u0259nd\u0259n sonra Az\u0259rbaycan c\u0259miyy\u0259ti \u00fc\u00e7\u00fcn aktualla\u015fd\u0131\u011f\u0131 maraql\u0131d\u0131r &#8211; kims\u0259 bu haqda d\u00fc\u015f\u00fcn\u00fcbm\u00fc?\n<\/p>\n<p>\n  Nec\u0259 oldu ki, bu film 3 ild\u0259n sonra milli hissl\u0259rinizi t\u0259hqir etdi, xan\u0131mlar v\u0259 c\u0259nablar? Bizim c\u0259miyyy\u0259td\u0259 bel\u0259 hadis\u0259l\u0259r olub, \u018fkr\u0259m \u018fylisli olay\u0131nda da hadis\u0259l\u0259r\u0259 reaksiya roman\u0131n \u00e7ap\u0131ndan xeyli sonra ba\u015f vermi\u015fdi, xatirinizd\u0259dirmi? O zaman k\u00fctl\u0259l\u0259r\u0259 dirijor \u00e7ubu\u011funun i\u015far\u0259si haradan g\u0259lmi\u015fdi &#8211; m\u0259lumdur, g\u00f6r\u0259n indi d\u0259 eyni m\u0259rk\u0259zd\u0259n g\u0259lib o auftakt? \u0130st\u0259nil\u0259n halda, o zaman h\u0259tta Nax\u00e7\u0131vanda (!) k\u00fc\u00e7\u0259l\u0259r\u0259 \u00e7\u0131x\u0131b kitablar yand\u0131ran k\u00fctl\u0259nin \u015f\u00f6vq\u00fc, indi is\u0259 ad\u0259t\u0259n susma\u011fa \u00fcst\u00fcnl\u00fck ver\u0259n Salayevin bel\u0259 dil\u0259 g\u0259lm\u0259si i\u015far\u0259nin \u0259n yuxar\u0131 m\u0259qamlardan g\u0259ldiyini x\u0259b\u0259r verir.<\/p>\n<p>  Amma icaz\u0259li v\u0259 icaz\u0259siz &#8220;t\u0259hqir edilmi\u015fl\u0259r&#8221; v\u0259 &#8220;incikl\u0259r&#8221; d\u0259 bilm\u0259lidir ki, ist\u0259nil\u0259n s\u0259s-k\u00fcy v\u0259 h\u0259tta qara PR bel\u0259 haqq\u0131nda dan\u0131\u015f\u0131lan \u0259s\u0259r\u0259 m\u0259\u015fhurluq g\u0259tirir.\n<\/p>\n<p>\n  P.S. Do\u011frusu, bu film\u0259 g\u00f6r\u0259 3 il sonra \u0130brahimb\u0259yovu t\u0259hqir ed\u0259nl\u0259ri \u0259sla anlam\u0131ram, n\u0259 d\u0259 q\u0259bul edir\u0259m, amma s\u0259mimi deyim ki, ona \u00fcmid b\u0259sl\u0259yib 5 il \u0259vv\u0259l prezidentliy\u0259 namiz\u0259d ed\u0259nl\u0259ri he\u00e7 anlam\u0131ram, \u00e7ox ehtirasl\u0131 xalq\u0131q, n\u0259 is\u0259..\n<\/p>\n<\/p><\/p>\n","protected":false},"excerpt":{"rendered":"<p>\u00c7oxu bu \u0259s\u0259rd\u0259 &#8220;milli x\u0259yan\u0259t&#8221; a\u015fkar edib \u0130brahimb\u0259yovu t\u0259hqir\u0259 ke\u00e7di, ba\u015fqalar\u0131 sad\u0259c\u0259 &#8220;incim\u0259kl\u0259&#8221; kifay\u0259tl\u0259ndil\u0259r<\/p>\n","protected":false},"author":11,"featured_media":104199,"comment_status":"closed","ping_status":"open","sticky":false,"template":"","format":"standard","meta":{"_acf_changed":false,"_sitemap_exclude":false,"_sitemap_priority":"","_sitemap_frequency":"","footnotes":""},"categories":[57],"tags":[],"class_list":["post-190167","post","type-post","status-publish","format-standard","has-post-thumbnail","hentry","category-menim-fikrimce","infinite-scroll-item","generate-columns","tablet-grid-50","mobile-grid-100","grid-parent","grid-33","no-featured-image-padding"],"acf":[],"yoast_head":"<!-- This site is optimized with the Yoast SEO plugin v27.4 - https:\/\/yoast.com\/product\/yoast-seo-wordpress\/ -->\n<title>3 il sonrak\u0131 &#039;&#039;Qafqaz triosu&#039;&#039;? - MEYDAN.TV<\/title>\n<meta name=\"robots\" content=\"index, follow, max-snippet:-1, max-image-preview:large, max-video-preview:-1\" \/>\n<link rel=\"canonical\" href=\"https:\/\/www.meydan.tv\/az\/article\/3-il-sonraki-qafqaz-triosu\/\" \/>\n<meta property=\"og:locale\" content=\"az_AZ\" \/>\n<meta property=\"og:type\" content=\"article\" \/>\n<meta property=\"og:title\" content=\"3 il sonrak\u0131 &#039;&#039;Qafqaz triosu&#039;&#039;? - MEYDAN.TV\" \/>\n<meta property=\"og:description\" content=\"\u00c7oxu bu \u0259s\u0259rd\u0259 &quot;milli x\u0259yan\u0259t&quot; a\u015fkar edib \u0130brahimb\u0259yovu t\u0259hqir\u0259 ke\u00e7di, ba\u015fqalar\u0131 sad\u0259c\u0259 &quot;incim\u0259kl\u0259&quot; kifay\u0259tl\u0259ndil\u0259r\" \/>\n<meta property=\"og:url\" content=\"https:\/\/www.meydan.tv\/az\/article\/3-il-sonraki-qafqaz-triosu\/\" \/>\n<meta property=\"og:site_name\" content=\"MEYDAN.TV\" \/>\n<meta property=\"article:published_time\" content=\"2018-05-25T19:20:05+00:00\" \/>\n<meta property=\"og:image\" content=\"https:\/\/www.meydan.tv\/wp-content\/uploads\/41340.jpg\" \/>\n\t<meta property=\"og:image:width\" content=\"700\" \/>\n\t<meta property=\"og:image:height\" content=\"508\" \/>\n\t<meta property=\"og:image:type\" content=\"image\/jpeg\" \/>\n<meta name=\"author\" content=\"user-manager\" \/>\n<meta name=\"twitter:card\" content=\"summary_large_image\" \/>\n<script type=\"application\/ld+json\" class=\"yoast-schema-graph\">{\"@context\":\"https:\\\/\\\/schema.org\",\"@graph\":[{\"@type\":\"Article\",\"@id\":\"https:\\\/\\\/www.meydan.tv\\\/az\\\/article\\\/3-il-sonraki-qafqaz-triosu\\\/#article\",\"isPartOf\":{\"@id\":\"https:\\\/\\\/www.meydan.tv\\\/az\\\/article\\\/3-il-sonraki-qafqaz-triosu\\\/\"},\"author\":{\"name\":\"user-manager\",\"@id\":\"https:\\\/\\\/www.meydan.tv\\\/az\\\/#\\\/schema\\\/person\\\/10d11eccf6da3662cf5fdab9806ea91a\"},\"headline\":\"3 il sonrak\u0131 &#8221;Qafqaz triosu&#8221;?\",\"datePublished\":\"2018-05-25T19:20:05+00:00\",\"mainEntityOfPage\":{\"@id\":\"https:\\\/\\\/www.meydan.tv\\\/az\\\/article\\\/3-il-sonraki-qafqaz-triosu\\\/\"},\"wordCount\":1305,\"publisher\":{\"@id\":\"https:\\\/\\\/www.meydan.tv\\\/az\\\/#organization\"},\"image\":{\"@id\":\"https:\\\/\\\/www.meydan.tv\\\/az\\\/article\\\/3-il-sonraki-qafqaz-triosu\\\/#primaryimage\"},\"thumbnailUrl\":\"https:\\\/\\\/www.meydan.tv\\\/wp-content\\\/uploads\\\/41340.jpg\",\"articleSection\":[\"M\u0259nim Fikrimc\u0259\"],\"inLanguage\":\"az\"},{\"@type\":\"WebPage\",\"@id\":\"https:\\\/\\\/www.meydan.tv\\\/az\\\/article\\\/3-il-sonraki-qafqaz-triosu\\\/\",\"url\":\"https:\\\/\\\/www.meydan.tv\\\/az\\\/article\\\/3-il-sonraki-qafqaz-triosu\\\/\",\"name\":\"3 il sonrak\u0131 ''Qafqaz triosu''? - MEYDAN.TV\",\"isPartOf\":{\"@id\":\"https:\\\/\\\/www.meydan.tv\\\/az\\\/#website\"},\"primaryImageOfPage\":{\"@id\":\"https:\\\/\\\/www.meydan.tv\\\/az\\\/article\\\/3-il-sonraki-qafqaz-triosu\\\/#primaryimage\"},\"image\":{\"@id\":\"https:\\\/\\\/www.meydan.tv\\\/az\\\/article\\\/3-il-sonraki-qafqaz-triosu\\\/#primaryimage\"},\"thumbnailUrl\":\"https:\\\/\\\/www.meydan.tv\\\/wp-content\\\/uploads\\\/41340.jpg\",\"datePublished\":\"2018-05-25T19:20:05+00:00\",\"breadcrumb\":{\"@id\":\"https:\\\/\\\/www.meydan.tv\\\/az\\\/article\\\/3-il-sonraki-qafqaz-triosu\\\/#breadcrumb\"},\"inLanguage\":\"az\",\"potentialAction\":[{\"@type\":\"ReadAction\",\"target\":[\"https:\\\/\\\/www.meydan.tv\\\/az\\\/article\\\/3-il-sonraki-qafqaz-triosu\\\/\"]}]},{\"@type\":\"ImageObject\",\"inLanguage\":\"az\",\"@id\":\"https:\\\/\\\/www.meydan.tv\\\/az\\\/article\\\/3-il-sonraki-qafqaz-triosu\\\/#primaryimage\",\"url\":\"https:\\\/\\\/www.meydan.tv\\\/wp-content\\\/uploads\\\/41340.jpg\",\"contentUrl\":\"https:\\\/\\\/www.meydan.tv\\\/wp-content\\\/uploads\\\/41340.jpg\",\"width\":700,\"height\":508,\"caption\":\"Source:\"},{\"@type\":\"BreadcrumbList\",\"@id\":\"https:\\\/\\\/www.meydan.tv\\\/az\\\/article\\\/3-il-sonraki-qafqaz-triosu\\\/#breadcrumb\",\"itemListElement\":[{\"@type\":\"ListItem\",\"position\":1,\"name\":\"Ana s\u0259hif\u0259\",\"item\":\"https:\\\/\\\/www.meydan.tv\\\/az\\\/\"},{\"@type\":\"ListItem\",\"position\":2,\"name\":\"M\u0259nim Fikrimc\u0259\",\"item\":\"https:\\\/\\\/www.meydan.tv\\\/az\\\/section\\\/menim-fikrimce\\\/\"},{\"@type\":\"ListItem\",\"position\":3,\"name\":\"3 il sonrak\u0131 &#8221;Qafqaz triosu&#8221;?\"}]},{\"@type\":\"WebSite\",\"@id\":\"https:\\\/\\\/www.meydan.tv\\\/az\\\/#website\",\"url\":\"https:\\\/\\\/www.meydan.tv\\\/az\\\/\",\"name\":\"MEYDAN.TV\",\"description\":\"Meydan TV Az\u0259rbaycan\u0131n media m\u0259kan\u0131ndak\u0131 alternativ s\u0259sidir\",\"publisher\":{\"@id\":\"https:\\\/\\\/www.meydan.tv\\\/az\\\/#organization\"},\"potentialAction\":[{\"@type\":\"SearchAction\",\"target\":{\"@type\":\"EntryPoint\",\"urlTemplate\":\"https:\\\/\\\/www.meydan.tv\\\/az\\\/?s={search_term_string}\"},\"query-input\":{\"@type\":\"PropertyValueSpecification\",\"valueRequired\":true,\"valueName\":\"search_term_string\"}}],\"inLanguage\":\"az\"},{\"@type\":\"Organization\",\"@id\":\"https:\\\/\\\/www.meydan.tv\\\/az\\\/#organization\",\"name\":\"Meydan TV\",\"url\":\"https:\\\/\\\/www.meydan.tv\\\/az\\\/\",\"logo\":{\"@type\":\"ImageObject\",\"inLanguage\":\"az\",\"@id\":\"https:\\\/\\\/www.meydan.tv\\\/az\\\/#\\\/schema\\\/logo\\\/image\\\/\",\"url\":\"https:\\\/\\\/www.meydan.tv\\\/wp-content\\\/uploads\\\/2021\\\/07\\\/meydan-logo.svg\",\"contentUrl\":\"https:\\\/\\\/www.meydan.tv\\\/wp-content\\\/uploads\\\/2021\\\/07\\\/meydan-logo.svg\",\"width\":195,\"height\":46,\"caption\":\"Meydan TV\"},\"image\":{\"@id\":\"https:\\\/\\\/www.meydan.tv\\\/az\\\/#\\\/schema\\\/logo\\\/image\\\/\"}},{\"@type\":\"Person\",\"@id\":\"https:\\\/\\\/www.meydan.tv\\\/az\\\/#\\\/schema\\\/person\\\/10d11eccf6da3662cf5fdab9806ea91a\",\"name\":\"user-manager\"}]}<\/script>\n<!-- \/ Yoast SEO plugin. -->","yoast_head_json":{"title":"3 il sonrak\u0131 ''Qafqaz triosu''? - MEYDAN.TV","robots":{"index":"index","follow":"follow","max-snippet":"max-snippet:-1","max-image-preview":"max-image-preview:large","max-video-preview":"max-video-preview:-1"},"canonical":"https:\/\/www.meydan.tv\/az\/article\/3-il-sonraki-qafqaz-triosu\/","og_locale":"az_AZ","og_type":"article","og_title":"3 il sonrak\u0131 ''Qafqaz triosu''? - MEYDAN.TV","og_description":"\u00c7oxu bu \u0259s\u0259rd\u0259 \"milli x\u0259yan\u0259t\" a\u015fkar edib \u0130brahimb\u0259yovu t\u0259hqir\u0259 ke\u00e7di, ba\u015fqalar\u0131 sad\u0259c\u0259 \"incim\u0259kl\u0259\" kifay\u0259tl\u0259ndil\u0259r","og_url":"https:\/\/www.meydan.tv\/az\/article\/3-il-sonraki-qafqaz-triosu\/","og_site_name":"MEYDAN.TV","article_published_time":"2018-05-25T19:20:05+00:00","og_image":[{"width":700,"height":508,"url":"https:\/\/www.meydan.tv\/wp-content\/uploads\/41340.jpg","type":"image\/jpeg"}],"author":"user-manager","twitter_card":"summary_large_image","schema":{"@context":"https:\/\/schema.org","@graph":[{"@type":"Article","@id":"https:\/\/www.meydan.tv\/az\/article\/3-il-sonraki-qafqaz-triosu\/#article","isPartOf":{"@id":"https:\/\/www.meydan.tv\/az\/article\/3-il-sonraki-qafqaz-triosu\/"},"author":{"name":"user-manager","@id":"https:\/\/www.meydan.tv\/az\/#\/schema\/person\/10d11eccf6da3662cf5fdab9806ea91a"},"headline":"3 il sonrak\u0131 &#8221;Qafqaz triosu&#8221;?","datePublished":"2018-05-25T19:20:05+00:00","mainEntityOfPage":{"@id":"https:\/\/www.meydan.tv\/az\/article\/3-il-sonraki-qafqaz-triosu\/"},"wordCount":1305,"publisher":{"@id":"https:\/\/www.meydan.tv\/az\/#organization"},"image":{"@id":"https:\/\/www.meydan.tv\/az\/article\/3-il-sonraki-qafqaz-triosu\/#primaryimage"},"thumbnailUrl":"https:\/\/www.meydan.tv\/wp-content\/uploads\/41340.jpg","articleSection":["M\u0259nim Fikrimc\u0259"],"inLanguage":"az"},{"@type":"WebPage","@id":"https:\/\/www.meydan.tv\/az\/article\/3-il-sonraki-qafqaz-triosu\/","url":"https:\/\/www.meydan.tv\/az\/article\/3-il-sonraki-qafqaz-triosu\/","name":"3 il sonrak\u0131 ''Qafqaz triosu''? - MEYDAN.TV","isPartOf":{"@id":"https:\/\/www.meydan.tv\/az\/#website"},"primaryImageOfPage":{"@id":"https:\/\/www.meydan.tv\/az\/article\/3-il-sonraki-qafqaz-triosu\/#primaryimage"},"image":{"@id":"https:\/\/www.meydan.tv\/az\/article\/3-il-sonraki-qafqaz-triosu\/#primaryimage"},"thumbnailUrl":"https:\/\/www.meydan.tv\/wp-content\/uploads\/41340.jpg","datePublished":"2018-05-25T19:20:05+00:00","breadcrumb":{"@id":"https:\/\/www.meydan.tv\/az\/article\/3-il-sonraki-qafqaz-triosu\/#breadcrumb"},"inLanguage":"az","potentialAction":[{"@type":"ReadAction","target":["https:\/\/www.meydan.tv\/az\/article\/3-il-sonraki-qafqaz-triosu\/"]}]},{"@type":"ImageObject","inLanguage":"az","@id":"https:\/\/www.meydan.tv\/az\/article\/3-il-sonraki-qafqaz-triosu\/#primaryimage","url":"https:\/\/www.meydan.tv\/wp-content\/uploads\/41340.jpg","contentUrl":"https:\/\/www.meydan.tv\/wp-content\/uploads\/41340.jpg","width":700,"height":508,"caption":"Source:"},{"@type":"BreadcrumbList","@id":"https:\/\/www.meydan.tv\/az\/article\/3-il-sonraki-qafqaz-triosu\/#breadcrumb","itemListElement":[{"@type":"ListItem","position":1,"name":"Ana s\u0259hif\u0259","item":"https:\/\/www.meydan.tv\/az\/"},{"@type":"ListItem","position":2,"name":"M\u0259nim Fikrimc\u0259","item":"https:\/\/www.meydan.tv\/az\/section\/menim-fikrimce\/"},{"@type":"ListItem","position":3,"name":"3 il sonrak\u0131 &#8221;Qafqaz triosu&#8221;?"}]},{"@type":"WebSite","@id":"https:\/\/www.meydan.tv\/az\/#website","url":"https:\/\/www.meydan.tv\/az\/","name":"MEYDAN.TV","description":"Meydan TV Az\u0259rbaycan\u0131n media m\u0259kan\u0131ndak\u0131 alternativ s\u0259sidir","publisher":{"@id":"https:\/\/www.meydan.tv\/az\/#organization"},"potentialAction":[{"@type":"SearchAction","target":{"@type":"EntryPoint","urlTemplate":"https:\/\/www.meydan.tv\/az\/?s={search_term_string}"},"query-input":{"@type":"PropertyValueSpecification","valueRequired":true,"valueName":"search_term_string"}}],"inLanguage":"az"},{"@type":"Organization","@id":"https:\/\/www.meydan.tv\/az\/#organization","name":"Meydan TV","url":"https:\/\/www.meydan.tv\/az\/","logo":{"@type":"ImageObject","inLanguage":"az","@id":"https:\/\/www.meydan.tv\/az\/#\/schema\/logo\/image\/","url":"https:\/\/www.meydan.tv\/wp-content\/uploads\/2021\/07\/meydan-logo.svg","contentUrl":"https:\/\/www.meydan.tv\/wp-content\/uploads\/2021\/07\/meydan-logo.svg","width":195,"height":46,"caption":"Meydan TV"},"image":{"@id":"https:\/\/www.meydan.tv\/az\/#\/schema\/logo\/image\/"}},{"@type":"Person","@id":"https:\/\/www.meydan.tv\/az\/#\/schema\/person\/10d11eccf6da3662cf5fdab9806ea91a","name":"user-manager"}]}},"_links":{"self":[{"href":"https:\/\/www.meydan.tv\/az\/wp-json\/wp\/v2\/posts\/190167","targetHints":{"allow":["GET"]}}],"collection":[{"href":"https:\/\/www.meydan.tv\/az\/wp-json\/wp\/v2\/posts"}],"about":[{"href":"https:\/\/www.meydan.tv\/az\/wp-json\/wp\/v2\/types\/post"}],"author":[{"embeddable":true,"href":"https:\/\/www.meydan.tv\/az\/wp-json\/wp\/v2\/users\/11"}],"replies":[{"embeddable":true,"href":"https:\/\/www.meydan.tv\/az\/wp-json\/wp\/v2\/comments?post=190167"}],"version-history":[{"count":0,"href":"https:\/\/www.meydan.tv\/az\/wp-json\/wp\/v2\/posts\/190167\/revisions"}],"wp:featuredmedia":[{"embeddable":true,"href":"https:\/\/www.meydan.tv\/az\/wp-json\/wp\/v2\/media\/104199"}],"wp:attachment":[{"href":"https:\/\/www.meydan.tv\/az\/wp-json\/wp\/v2\/media?parent=190167"}],"wp:term":[{"taxonomy":"category","embeddable":true,"href":"https:\/\/www.meydan.tv\/az\/wp-json\/wp\/v2\/categories?post=190167"},{"taxonomy":"post_tag","embeddable":true,"href":"https:\/\/www.meydan.tv\/az\/wp-json\/wp\/v2\/tags?post=190167"}],"curies":[{"name":"wp","href":"https:\/\/api.w.org\/{rel}","templated":true}]}}