{"id":190155,"date":"2018-05-25T01:32:37","date_gmt":"2018-05-25T01:32:37","guid":{"rendered":"https:\/\/www.meydan.tv\/article\/zulmetde-bir-alatoran\/"},"modified":"2018-05-25T01:32:37","modified_gmt":"2018-05-25T01:32:37","slug":"zulmetde-bir-alatoran","status":"publish","type":"post","link":"https:\/\/www.meydan.tv\/az\/article\/zulmetde-bir-alatoran\/","title":{"rendered":"&#8221;Z\u00fclm\u0259td\u0259 bir Alatoran&#8221;"},"content":{"rendered":"<figure class=\"wp-block-image size-large\">\n  <img decoding=\"async\" src=\"https:\/\/www.meydan.tv\/az\/kitabin-uz-qapagi-4\/\" alt=\"Kitab\u0131n \u00fcz qapa\u011f\u0131\" class=\"wp-image-104184\"\/><figcaption>\n    Kitab\u0131n \u00fcz qapa\u011f\u0131<br \/>\n  <\/figcaption><\/figure>\n<p>\n  Rasim Qaracan\u0131n avtobioqrafik \u0259s\u0259ri \u201cZ\u00fclm\u0259td\u0259 bir Alatoran\u201d m\u0259n\u0259 \u00e7ox m\u00fcsb\u0259t t\u0259sir el\u0259di. Evimizd\u0259 p\u0259nc\u0259r\u0259nin yan\u0131nda dayan\u0131b h\u0259min kitab\u0131 oxudu\u011fum m\u00fcdd\u0259td\u0259 q\u0259lbimd\u0259 s\u0259b\u0259bini bilm\u0259diyim m\u00fc\u0259yy\u0259n s\u0131x\u0131nt\u0131lar vard\u0131. H\u0259, dey\u0259s\u0259n el\u0259 oxudu\u011fum s\u0259tirl\u0259rd\u0259ki melanxolik notlar da \u0259hval\u0131ma t\u0259sir etmi\u015fdi. Kitabda yaz\u0131lanlarla \u00f6z h\u0259yat\u0131m aras\u0131nda m\u00fc\u0259yy\u0259n paralell\u0259r apar\u0131rd\u0131m. Y\u0259qin ki, o s\u0131x\u0131nt\u0131n\u0131n qayna\u011f\u0131 m\u0259hz bu n\u00fcans idi.\n<\/p>\n<p>\n  Bu s\u0259tirl\u0259ri yazd\u0131qca bel\u0259 h\u0259min ovqat\u0131n c\u00fczi simptomlar\u0131n\u0131 yen\u0259 d\u0259 hiss edir\u0259m. Qeyd ed\u0259c\u0259yim \u015fey is\u0259 \u0259slind\u0259 pozitiv m\u0259s\u0259l\u0259 il\u0259 ba\u011fl\u0131d\u0131r.\n<\/p>\n<p>\n  Bel\u0259 ki, kefsiz halda kitab\u0131 oxudu\u011fum vaxt bir anda p\u0259nc\u0259r\u0259d\u0259n g\u00f6z\u00fcm\u0259 s\u0259rt v\u0259 iti i\u015f\u0131\u011f\u0131n d\u00fc\u015fd\u00fcy\u00fcn\u00fc hiss el\u0259dim. Bu, g\u00fcn\u0259\u015f \u015f\u00fcas\u0131 idi. O g\u00fcn \u0259slind\u0259 b\u00fct\u00fcn g\u00fcn\u00fc g\u00fcnorta vaxt\u0131 hava buludlu v\u0259 dumanl\u0131 idi. Ancaq anid\u0259n G\u00fcn\u0259\u015f peyda olmu\u015fdu.\n<\/p>\n<p>\n  H\u0259min \u015f\u00fca bizim binadan t\u0259xmin\u0259n 200 metr uzaql\u0131qda yerl\u0259\u015f\u0259n ba\u015fqa 9 m\u0259rt\u0259b\u0259li binan\u0131n p\u0259nc\u0259r\u0259sind\u0259n s\u00fcz\u00fcl\u00fcb g\u00f6zl\u0259rim\u0259 d\u00fc\u015fd\u00fc. P\u0259nc\u0259r\u0259 g\u00fczg\u00fc effekti vermi\u015fdi. Eyn\u0259n u\u015faql\u0131\u011f\u0131m\u0131zda oldu\u011fu kimi \u0259yl\u0259nm\u0259k \u00fc\u00e7\u00fcn bir-birimizin \u00fcz\u00fcn\u0259-g\u00f6z\u00fcn\u0259 g\u00fczg\u00fc il\u0259 i\u015f\u0131q tutdu\u011fumuz kimi. H\u0259min m\u0259qam m\u0259nd\u0259 pozitiv assosiasiya il\u0259 b\u0259rab\u0259r, h\u0259m d\u0259 \u00fcmid dolu ovqat yaratd\u0131.\n<\/p>\n<p>\n  G\u00fcn\u0259\u015fi, onun \u015f\u00fcalar\u0131n\u0131 \u00e7ox sevir\u0259m. O, m\u0259n\u0259 \u00fcmid verir v\u0259 g\u0259l\u0259c\u0259kl\u0259 ba\u011fl\u0131 xo\u015f \u015feyl\u0259r d\u00fc\u015f\u00fcnm\u0259yim\u0259 s\u0259b\u0259b olur.<br \/>\n  <br \/>\n  \u201cT\u0259sad\u00fcf\u0259n\u201d el\u0259 oxudu\u011fum s\u0259tirl\u0259rd\u0259 d\u0259 h\u0259r \u015feyin daha da yax\u015f\u0131 olmas\u0131 il\u0259 ba\u011fl\u0131 c\u00fcml\u0259l\u0259r\u0259 rast g\u0259ldim. \u018fhval\u0131m d\u00fcz\u0259ldi v\u0259 s\u0131x\u0131nt\u0131m aradan qalxd\u0131.\n<\/p>\n<p>\n  Kitab haqq\u0131nda \u00e7ox \u015fey yazmaq olar.\n<\/p>\n<p>\n  \u00dcmumiyy\u0259tl\u0259, memuar (xatir\u0259 \u0259d\u0259biyyat\u0131) janr\u0131n\u0131 sev\u0259n biri kimi qeyd etm\u0259liy\u0259m ki, bu kitab Az\u0259rbaycan \u0259d\u0259biyyat\u0131nda yer alm\u0131\u015f avtobioqrafik \u0259s\u0259rl\u0259r aras\u0131nda \u0259n yax\u015f\u0131lar\u0131ndan biridir.\n<\/p>\n<p>\n  Memuar v\u0259 avtobioqrafik \u0259s\u0259rl\u0259rd\u0259 sanki ayr\u0131 bir enerji olur. Bu c\u00fcr \u0259s\u0259rl\u0259ri oxuyark\u0259n \u00f6z\u00fcm\u00fc yaz\u0131\u00e7\u0131 il\u0259 bir n\u00f6v dialoqda olurmu\u015f kimi hiss edir\u0259m. \u00c7\u00fcnki dan\u0131\u015fan t\u0259kc\u0259 m\u00fc\u0259llif olmur. Onun m\u0259niml\u0259 payla\u015fd\u0131\u011f\u0131 informasiyalar\u0131 cavabs\u0131z qoymur, q\u0259bul etdiyim fikir v\u0259 hissl\u0259ri daxili dialoqa \u00e7evir\u0259 bilir\u0259m. Bu, h\u0259m d\u0259 m\u0259n\u0259 imkan verir ki, i\u00e7imd\u0259ki \u201cm\u0259n\u201dl\u0259 daha obyektiv \u00fcnsiyy\u0259td\u0259 ola bilim. Bel\u0259 hallarda axtard\u0131\u011f\u0131m suallar\u0131n cavab\u0131n\u0131 daha asan yolla ala bilir\u0259m.\n<\/p>\n<p>\n  T\u0259\u0259ss\u00fcf ki, bizd\u0259 yerli memuar v\u0259 avtobioqrafik \u0259s\u0259rl\u0259r azl\u0131q t\u0259\u015fkil edir. Buna g\u00f6r\u0259 Rasim b\u0259yin atd\u0131\u011f\u0131 add\u0131m\u0131 \u00e7ox t\u0259qdir edir\u0259m. Yazma\u011f\u0131 bacaran ictimai adamlar n\u0259d\u0259ns\u0259 bu m\u0259s\u0259l\u0259d\u0259 \u00e7ox passivdil\u0259r.\n<\/p>\n<p>\n  Bilmir\u0259m bu t\u0259nb\u0259llikdir, yoxsa proses\u0259 qeyri-ciddi yana\u015fmad\u0131r, ancaq birc\u0259 onu bilir\u0259m ki, bu passivlik bizim bu g\u00fcn\u00fcm\u00fcz\u0259 v\u0259 g\u0259l\u0259c\u0259yimiz\u0259 birba\u015fa m\u0259nfi t\u0259sir etm\u0259kd\u0259dir.\n<\/p>\n<p>\n  N\u00fcfuzu olan, bir az da olsa tan\u0131nan ictimai fiqurlar \u201cFacebook\u201dda status payla\u015fmaqla kifay\u0259tl\u0259nirl\u0259r. Bel\u0259 olan halda yax\u0131n tariximiz bar\u0259d\u0259 fikirl\u0259r yen\u0259 d\u0259 qeyri-m\u00fc\u0259yy\u0259n olaraq qalacaq. Ax\u0131 h\u0259min tarixin ciddi \u015f\u0259kild\u0259 ara\u015fd\u0131r\u0131lmas\u0131na ehtiyac var. Memuar v\u0259 avtobioqrafik \u0259s\u0259rl\u0259rin yaz\u0131lmas\u0131 is\u0259 dolay\u0131 v\u0259 h\u0259tta birba\u015fa da bu ara\u015fd\u0131rmalar \u00fc\u00e7\u00fcn \u0259la vasit\u0259dir. \u018fks t\u0259qdird\u0259 tarixi t\u0259hrif ed\u0259nl\u0259r bir \u00e7ox informasiya v\u0259 hadis\u0259ni biz\u0259 v\u0259 g\u0259l\u0259c\u0259k n\u0259sil\u0259 qeyri-obyektiv \u015f\u0259kild\u0259 \u00e7atd\u0131rma\u011fa davam ed\u0259c\u0259kl\u0259r.\n<\/p>\n<p>\n  Bir d\u0259f\u0259 siyasi t\u0259dbirl\u0259rd\u0259n birind\u0259 \u0259limi qald\u0131r\u0131b, REAL Partiyas\u0131n\u0131n s\u0259drinin siyasi m\u0259s\u0259l\u0259l\u0259r \u00fczr\u0259 katibi Az\u0259r Qas\u0131ml\u0131ya sual vermi\u015fdim: \u201cREAL-dan ya siz, ya da dig\u0259rl\u0259ri n\u0259 \u00fc\u00e7\u00fcn tarixi, avtobioqrafik \u0259s\u0259r yaz\u0131b \u00e7ap etmirsiniz? Sizin t\u0259bli\u011fat ma\u015f\u0131n\u0131n\u0131n\u0131z ancaq sosial \u015f\u0259b\u0259k\u0259l\u0259rdir.\u201d Az\u0259r b\u0259yin cavab\u0131 bel\u0259 oldu:\n<\/p>\n<p>\n  \u201cBiz siyas\u0259tl\u0259 m\u0259\u015f\u011ful oluruq. Siyas\u0259t\u00e7inin i\u015fi kitab yazmaq deyil!\u201d\n<\/p>\n<p>\n  Siyas\u0259t \u00fczr\u0259 f\u0259ls\u0259f\u0259 doktoru say\u0131lan adam\u0131n cavab\u0131, arqumenti bu q\u0259d\u0259rmi primitiv olar?! T\u0259\u0259ss\u00fcf ki, h\u0259min vaxt t\u0259dbird\u0259ki q\u0259l\u0259b\u0259liy\u0259 g\u00f6r\u0259 Az\u0259r b\u0259y\u0259 imkan tap\u0131b cavab ver\u0259 bilm\u0259dim. Adam y\u0259qin d\u00fcnyaca m\u0259\u015fhur siyas\u0259t\u00e7il\u0259rin yazd\u0131\u011f\u0131 kitablardan v\u0259 onlar\u0131n t\u0259sir g\u00fcc\u00fcnd\u0259n x\u0259b\u0259rsizdir. T\u0259kc\u0259 el\u0259 Britaniyan\u0131n Ba\u015f naziri olmu\u015f Uinston \u00c7\u00f6r\u00e7ilin tarixi v\u0259 bioqrafik xarakterini d\u0259 \u0259sas tutaraq ona \u0259d\u0259biyyat \u00fczr\u0259 verilmi\u015f Nobel m\u00fckafat\u0131n\u0131 xat\u0131rlatmaq kifay\u0259t ed\u0259r.\n<\/p>\n<p>\n  Ona g\u00f6r\u0259 d\u0259 Rasim Qaracan\u0131n 70-ci ill\u0259rd\u0259n g\u00fcn\u00fcm\u00fcz\u0259 q\u0259d\u0259r bir s\u0131ra tarixi faktlarla \u0259hat\u0259l\u0259nmi\u015f kitab\u0131 \u00e7ox d\u0259y\u0259rlidir.\n<\/p>\n<p>\n  Sovet d\u00f6vr\u00fcnd\u0259 \u00f6lk\u0259mizd\u0259 \u0259d\u0259biyyat sah\u0259sin\u0259 n\u0259zar\u0259t ed\u0259n \u015f\u0259xsl\u0259rin vicdans\u0131z \u0259m\u0259ll\u0259ri il\u0259 tan\u0131\u015f olduqca, \u00e7ox \u00fcz\u00fcld\u00fcm. Bir xalq\u0131n \u0259d\u0259bi v\u0259 m\u0259d\u0259ni inki\u015faf\u0131n\u0131n qar\u015f\u0131s\u0131n\u0131 k\u0259sm\u0259k \u201cterror\u201d \u0259m\u0259lidir. O vaxtk\u0131 \u201c\u0259d\u0259biyyat krall\u0131\u011f\u0131\u201dn\u0131n t\u00f6r\u0259tdikl\u0259ri m\u0259nfi \u0259m\u0259ll\u0259r bizi bir xalq olaraq \u00e7ox geri at\u0131b.\n<\/p>\n<p>\n  Kitab\u0131 oxuduqca, yaz\u0131\u00e7\u0131n\u0131n \u00e7\u0259kdiyi \u0259ziyy\u0259tl\u0259ri b\u00fct\u00fcn ruhumda hiss etdim. Bu a\u011fr\u0131lar t\u0259kc\u0259 etiraz\u00e7\u0131 bir \u015fairin a\u011fr\u0131lar\u0131 yox, h\u0259m d\u0259 b\u00fct\u00fcn bir xalq\u0131n a\u011fr\u0131lar\u0131 idi. B\u0259zi m\u0259qamlarda g\u00fcld\u00fcm, b\u0259zi yerl\u0259rd\u0259 g\u00f6zl\u0259rim ya\u015fard\u0131.\n<\/p>\n<p>\n  \u018fs\u0259rin dili, mesajlar\u0131 v\u0259 \u0259d\u0259bi \u00e7alarlar\u0131 bir-birin\u0259 h\u0259mah\u0259ng idi. Sevinir\u0259m ki, \u00f6lk\u0259mizd\u0259 Rasim Qaraca kimi i\u015f\u0131ql\u0131 v\u0259 l\u0259yaq\u0259tli insanlar var. \u00dcmid edir\u0259m, bu m\u0259ml\u0259k\u0259tin g\u00f6z\u0259llikl\u0259r\u0259 qovu\u015fmas\u0131 \u00fc\u00e7\u00fcn s\u0259mimi \u015f\u0259kild\u0259 \u00e7al\u0131\u015fmaq ist\u0259y\u0259nl\u0259r \u00f6zl\u0259rind\u0259 h\u0259v\u0259s tap\u0131b bel\u0259 avtobioqrafik \u0259s\u0259rl\u0259r yazma\u011fa ba\u015flayacaqlar.\n<\/p>\n<p>\n  Rasim b\u0259yin kitab\u0131n\u0131 \u0259ld\u0259 edib, oxuyanlar is\u0259 \u0259min\u0259m ki, h\u0259zz alacaqlar\u2026\n<\/p>\n<p>\n  <i><\/i><br \/>\n  <i><br \/>\n    Yaz\u0131 m\u00fc\u0259llifin fikirl\u0259rini \u0259ks etdirir v\u0259 Meydan TV-nin m\u00f6vqeyi il\u0259 \u00fcst-\u00fcst\u0259 d\u00fc\u015fm\u0259y\u0259 bil\u0259r.<br \/>\n  <\/i><\/p>\n","protected":false},"excerpt":{"rendered":"<p>Rasim Qaracan\u0131n avtobioqrafik \u0259s\u0259ri \u201cZ\u00fclm\u0259td\u0259 bir Alatoran\u201d m\u0259n\u0259 \u00e7ox m\u00fcsb\u0259t t\u0259sir el\u0259di<\/p>\n","protected":false},"author":11,"featured_media":104184,"comment_status":"closed","ping_status":"open","sticky":false,"template":"","format":"standard","meta":{"_acf_changed":false,"_sitemap_exclude":false,"_sitemap_priority":"","_sitemap_frequency":"","footnotes":""},"categories":[57],"tags":[],"class_list":["post-190155","post","type-post","status-publish","format-standard","has-post-thumbnail","hentry","category-menim-fikrimce","infinite-scroll-item","generate-columns","tablet-grid-50","mobile-grid-100","grid-parent","grid-33","no-featured-image-padding"],"acf":[],"yoast_head":"<!-- This site is optimized with the Yoast SEO plugin v27.4 - https:\/\/yoast.com\/product\/yoast-seo-wordpress\/ -->\n<title>&#039;&#039;Z\u00fclm\u0259td\u0259 bir Alatoran&#039;&#039; - MEYDAN.TV<\/title>\n<meta name=\"robots\" content=\"index, follow, max-snippet:-1, max-image-preview:large, max-video-preview:-1\" \/>\n<link rel=\"canonical\" href=\"https:\/\/www.meydan.tv\/az\/article\/zulmetde-bir-alatoran\/\" \/>\n<meta property=\"og:locale\" content=\"az_AZ\" \/>\n<meta property=\"og:type\" content=\"article\" \/>\n<meta property=\"og:title\" content=\"&#039;&#039;Z\u00fclm\u0259td\u0259 bir Alatoran&#039;&#039; - MEYDAN.TV\" \/>\n<meta property=\"og:description\" content=\"Rasim Qaracan\u0131n avtobioqrafik \u0259s\u0259ri \u201cZ\u00fclm\u0259td\u0259 bir Alatoran\u201d m\u0259n\u0259 \u00e7ox m\u00fcsb\u0259t t\u0259sir el\u0259di\" \/>\n<meta property=\"og:url\" content=\"https:\/\/www.meydan.tv\/az\/article\/zulmetde-bir-alatoran\/\" \/>\n<meta property=\"og:site_name\" content=\"MEYDAN.TV\" \/>\n<meta property=\"article:published_time\" content=\"2018-05-25T01:32:37+00:00\" \/>\n<meta property=\"og:image\" content=\"https:\/\/www.meydan.tv\/wp-content\/uploads\/41329.jpg\" \/>\n\t<meta property=\"og:image:width\" content=\"720\" \/>\n\t<meta property=\"og:image:height\" content=\"496\" \/>\n\t<meta property=\"og:image:type\" content=\"image\/jpeg\" \/>\n<meta name=\"author\" content=\"user-manager\" \/>\n<meta name=\"twitter:card\" content=\"summary_large_image\" \/>\n<script type=\"application\/ld+json\" class=\"yoast-schema-graph\">{\"@context\":\"https:\\\/\\\/schema.org\",\"@graph\":[{\"@type\":\"Article\",\"@id\":\"https:\\\/\\\/www.meydan.tv\\\/az\\\/article\\\/zulmetde-bir-alatoran\\\/#article\",\"isPartOf\":{\"@id\":\"https:\\\/\\\/www.meydan.tv\\\/az\\\/article\\\/zulmetde-bir-alatoran\\\/\"},\"author\":{\"name\":\"user-manager\",\"@id\":\"https:\\\/\\\/www.meydan.tv\\\/az\\\/#\\\/schema\\\/person\\\/10d11eccf6da3662cf5fdab9806ea91a\"},\"headline\":\"&#8221;Z\u00fclm\u0259td\u0259 bir Alatoran&#8221;\",\"datePublished\":\"2018-05-25T01:32:37+00:00\",\"mainEntityOfPage\":{\"@id\":\"https:\\\/\\\/www.meydan.tv\\\/az\\\/article\\\/zulmetde-bir-alatoran\\\/\"},\"wordCount\":1165,\"publisher\":{\"@id\":\"https:\\\/\\\/www.meydan.tv\\\/az\\\/#organization\"},\"image\":{\"@id\":\"https:\\\/\\\/www.meydan.tv\\\/az\\\/article\\\/zulmetde-bir-alatoran\\\/#primaryimage\"},\"thumbnailUrl\":\"https:\\\/\\\/www.meydan.tv\\\/wp-content\\\/uploads\\\/41329.jpg\",\"articleSection\":[\"M\u0259nim Fikrimc\u0259\"],\"inLanguage\":\"az\"},{\"@type\":\"WebPage\",\"@id\":\"https:\\\/\\\/www.meydan.tv\\\/az\\\/article\\\/zulmetde-bir-alatoran\\\/\",\"url\":\"https:\\\/\\\/www.meydan.tv\\\/az\\\/article\\\/zulmetde-bir-alatoran\\\/\",\"name\":\"''Z\u00fclm\u0259td\u0259 bir Alatoran'' - MEYDAN.TV\",\"isPartOf\":{\"@id\":\"https:\\\/\\\/www.meydan.tv\\\/az\\\/#website\"},\"primaryImageOfPage\":{\"@id\":\"https:\\\/\\\/www.meydan.tv\\\/az\\\/article\\\/zulmetde-bir-alatoran\\\/#primaryimage\"},\"image\":{\"@id\":\"https:\\\/\\\/www.meydan.tv\\\/az\\\/article\\\/zulmetde-bir-alatoran\\\/#primaryimage\"},\"thumbnailUrl\":\"https:\\\/\\\/www.meydan.tv\\\/wp-content\\\/uploads\\\/41329.jpg\",\"datePublished\":\"2018-05-25T01:32:37+00:00\",\"breadcrumb\":{\"@id\":\"https:\\\/\\\/www.meydan.tv\\\/az\\\/article\\\/zulmetde-bir-alatoran\\\/#breadcrumb\"},\"inLanguage\":\"az\",\"potentialAction\":[{\"@type\":\"ReadAction\",\"target\":[\"https:\\\/\\\/www.meydan.tv\\\/az\\\/article\\\/zulmetde-bir-alatoran\\\/\"]}]},{\"@type\":\"ImageObject\",\"inLanguage\":\"az\",\"@id\":\"https:\\\/\\\/www.meydan.tv\\\/az\\\/article\\\/zulmetde-bir-alatoran\\\/#primaryimage\",\"url\":\"https:\\\/\\\/www.meydan.tv\\\/wp-content\\\/uploads\\\/41329.jpg\",\"contentUrl\":\"https:\\\/\\\/www.meydan.tv\\\/wp-content\\\/uploads\\\/41329.jpg\",\"width\":720,\"height\":496,\"caption\":\"Source:\"},{\"@type\":\"BreadcrumbList\",\"@id\":\"https:\\\/\\\/www.meydan.tv\\\/az\\\/article\\\/zulmetde-bir-alatoran\\\/#breadcrumb\",\"itemListElement\":[{\"@type\":\"ListItem\",\"position\":1,\"name\":\"Ana s\u0259hif\u0259\",\"item\":\"https:\\\/\\\/www.meydan.tv\\\/az\\\/\"},{\"@type\":\"ListItem\",\"position\":2,\"name\":\"M\u0259nim Fikrimc\u0259\",\"item\":\"https:\\\/\\\/www.meydan.tv\\\/az\\\/section\\\/menim-fikrimce\\\/\"},{\"@type\":\"ListItem\",\"position\":3,\"name\":\"&#8221;Z\u00fclm\u0259td\u0259 bir Alatoran&#8221;\"}]},{\"@type\":\"WebSite\",\"@id\":\"https:\\\/\\\/www.meydan.tv\\\/az\\\/#website\",\"url\":\"https:\\\/\\\/www.meydan.tv\\\/az\\\/\",\"name\":\"MEYDAN.TV\",\"description\":\"Meydan TV Az\u0259rbaycan\u0131n media m\u0259kan\u0131ndak\u0131 alternativ s\u0259sidir\",\"publisher\":{\"@id\":\"https:\\\/\\\/www.meydan.tv\\\/az\\\/#organization\"},\"potentialAction\":[{\"@type\":\"SearchAction\",\"target\":{\"@type\":\"EntryPoint\",\"urlTemplate\":\"https:\\\/\\\/www.meydan.tv\\\/az\\\/?s={search_term_string}\"},\"query-input\":{\"@type\":\"PropertyValueSpecification\",\"valueRequired\":true,\"valueName\":\"search_term_string\"}}],\"inLanguage\":\"az\"},{\"@type\":\"Organization\",\"@id\":\"https:\\\/\\\/www.meydan.tv\\\/az\\\/#organization\",\"name\":\"Meydan TV\",\"url\":\"https:\\\/\\\/www.meydan.tv\\\/az\\\/\",\"logo\":{\"@type\":\"ImageObject\",\"inLanguage\":\"az\",\"@id\":\"https:\\\/\\\/www.meydan.tv\\\/az\\\/#\\\/schema\\\/logo\\\/image\\\/\",\"url\":\"https:\\\/\\\/www.meydan.tv\\\/wp-content\\\/uploads\\\/2021\\\/07\\\/meydan-logo.svg\",\"contentUrl\":\"https:\\\/\\\/www.meydan.tv\\\/wp-content\\\/uploads\\\/2021\\\/07\\\/meydan-logo.svg\",\"width\":195,\"height\":46,\"caption\":\"Meydan TV\"},\"image\":{\"@id\":\"https:\\\/\\\/www.meydan.tv\\\/az\\\/#\\\/schema\\\/logo\\\/image\\\/\"}},{\"@type\":\"Person\",\"@id\":\"https:\\\/\\\/www.meydan.tv\\\/az\\\/#\\\/schema\\\/person\\\/10d11eccf6da3662cf5fdab9806ea91a\",\"name\":\"user-manager\"}]}<\/script>\n<!-- \/ Yoast SEO plugin. -->","yoast_head_json":{"title":"''Z\u00fclm\u0259td\u0259 bir Alatoran'' - MEYDAN.TV","robots":{"index":"index","follow":"follow","max-snippet":"max-snippet:-1","max-image-preview":"max-image-preview:large","max-video-preview":"max-video-preview:-1"},"canonical":"https:\/\/www.meydan.tv\/az\/article\/zulmetde-bir-alatoran\/","og_locale":"az_AZ","og_type":"article","og_title":"''Z\u00fclm\u0259td\u0259 bir Alatoran'' - MEYDAN.TV","og_description":"Rasim Qaracan\u0131n avtobioqrafik \u0259s\u0259ri \u201cZ\u00fclm\u0259td\u0259 bir Alatoran\u201d m\u0259n\u0259 \u00e7ox m\u00fcsb\u0259t t\u0259sir el\u0259di","og_url":"https:\/\/www.meydan.tv\/az\/article\/zulmetde-bir-alatoran\/","og_site_name":"MEYDAN.TV","article_published_time":"2018-05-25T01:32:37+00:00","og_image":[{"width":720,"height":496,"url":"https:\/\/www.meydan.tv\/wp-content\/uploads\/41329.jpg","type":"image\/jpeg"}],"author":"user-manager","twitter_card":"summary_large_image","schema":{"@context":"https:\/\/schema.org","@graph":[{"@type":"Article","@id":"https:\/\/www.meydan.tv\/az\/article\/zulmetde-bir-alatoran\/#article","isPartOf":{"@id":"https:\/\/www.meydan.tv\/az\/article\/zulmetde-bir-alatoran\/"},"author":{"name":"user-manager","@id":"https:\/\/www.meydan.tv\/az\/#\/schema\/person\/10d11eccf6da3662cf5fdab9806ea91a"},"headline":"&#8221;Z\u00fclm\u0259td\u0259 bir Alatoran&#8221;","datePublished":"2018-05-25T01:32:37+00:00","mainEntityOfPage":{"@id":"https:\/\/www.meydan.tv\/az\/article\/zulmetde-bir-alatoran\/"},"wordCount":1165,"publisher":{"@id":"https:\/\/www.meydan.tv\/az\/#organization"},"image":{"@id":"https:\/\/www.meydan.tv\/az\/article\/zulmetde-bir-alatoran\/#primaryimage"},"thumbnailUrl":"https:\/\/www.meydan.tv\/wp-content\/uploads\/41329.jpg","articleSection":["M\u0259nim Fikrimc\u0259"],"inLanguage":"az"},{"@type":"WebPage","@id":"https:\/\/www.meydan.tv\/az\/article\/zulmetde-bir-alatoran\/","url":"https:\/\/www.meydan.tv\/az\/article\/zulmetde-bir-alatoran\/","name":"''Z\u00fclm\u0259td\u0259 bir Alatoran'' - MEYDAN.TV","isPartOf":{"@id":"https:\/\/www.meydan.tv\/az\/#website"},"primaryImageOfPage":{"@id":"https:\/\/www.meydan.tv\/az\/article\/zulmetde-bir-alatoran\/#primaryimage"},"image":{"@id":"https:\/\/www.meydan.tv\/az\/article\/zulmetde-bir-alatoran\/#primaryimage"},"thumbnailUrl":"https:\/\/www.meydan.tv\/wp-content\/uploads\/41329.jpg","datePublished":"2018-05-25T01:32:37+00:00","breadcrumb":{"@id":"https:\/\/www.meydan.tv\/az\/article\/zulmetde-bir-alatoran\/#breadcrumb"},"inLanguage":"az","potentialAction":[{"@type":"ReadAction","target":["https:\/\/www.meydan.tv\/az\/article\/zulmetde-bir-alatoran\/"]}]},{"@type":"ImageObject","inLanguage":"az","@id":"https:\/\/www.meydan.tv\/az\/article\/zulmetde-bir-alatoran\/#primaryimage","url":"https:\/\/www.meydan.tv\/wp-content\/uploads\/41329.jpg","contentUrl":"https:\/\/www.meydan.tv\/wp-content\/uploads\/41329.jpg","width":720,"height":496,"caption":"Source:"},{"@type":"BreadcrumbList","@id":"https:\/\/www.meydan.tv\/az\/article\/zulmetde-bir-alatoran\/#breadcrumb","itemListElement":[{"@type":"ListItem","position":1,"name":"Ana s\u0259hif\u0259","item":"https:\/\/www.meydan.tv\/az\/"},{"@type":"ListItem","position":2,"name":"M\u0259nim Fikrimc\u0259","item":"https:\/\/www.meydan.tv\/az\/section\/menim-fikrimce\/"},{"@type":"ListItem","position":3,"name":"&#8221;Z\u00fclm\u0259td\u0259 bir Alatoran&#8221;"}]},{"@type":"WebSite","@id":"https:\/\/www.meydan.tv\/az\/#website","url":"https:\/\/www.meydan.tv\/az\/","name":"MEYDAN.TV","description":"Meydan TV Az\u0259rbaycan\u0131n media m\u0259kan\u0131ndak\u0131 alternativ s\u0259sidir","publisher":{"@id":"https:\/\/www.meydan.tv\/az\/#organization"},"potentialAction":[{"@type":"SearchAction","target":{"@type":"EntryPoint","urlTemplate":"https:\/\/www.meydan.tv\/az\/?s={search_term_string}"},"query-input":{"@type":"PropertyValueSpecification","valueRequired":true,"valueName":"search_term_string"}}],"inLanguage":"az"},{"@type":"Organization","@id":"https:\/\/www.meydan.tv\/az\/#organization","name":"Meydan TV","url":"https:\/\/www.meydan.tv\/az\/","logo":{"@type":"ImageObject","inLanguage":"az","@id":"https:\/\/www.meydan.tv\/az\/#\/schema\/logo\/image\/","url":"https:\/\/www.meydan.tv\/wp-content\/uploads\/2021\/07\/meydan-logo.svg","contentUrl":"https:\/\/www.meydan.tv\/wp-content\/uploads\/2021\/07\/meydan-logo.svg","width":195,"height":46,"caption":"Meydan TV"},"image":{"@id":"https:\/\/www.meydan.tv\/az\/#\/schema\/logo\/image\/"}},{"@type":"Person","@id":"https:\/\/www.meydan.tv\/az\/#\/schema\/person\/10d11eccf6da3662cf5fdab9806ea91a","name":"user-manager"}]}},"_links":{"self":[{"href":"https:\/\/www.meydan.tv\/az\/wp-json\/wp\/v2\/posts\/190155","targetHints":{"allow":["GET"]}}],"collection":[{"href":"https:\/\/www.meydan.tv\/az\/wp-json\/wp\/v2\/posts"}],"about":[{"href":"https:\/\/www.meydan.tv\/az\/wp-json\/wp\/v2\/types\/post"}],"author":[{"embeddable":true,"href":"https:\/\/www.meydan.tv\/az\/wp-json\/wp\/v2\/users\/11"}],"replies":[{"embeddable":true,"href":"https:\/\/www.meydan.tv\/az\/wp-json\/wp\/v2\/comments?post=190155"}],"version-history":[{"count":0,"href":"https:\/\/www.meydan.tv\/az\/wp-json\/wp\/v2\/posts\/190155\/revisions"}],"wp:featuredmedia":[{"embeddable":true,"href":"https:\/\/www.meydan.tv\/az\/wp-json\/wp\/v2\/media\/104184"}],"wp:attachment":[{"href":"https:\/\/www.meydan.tv\/az\/wp-json\/wp\/v2\/media?parent=190155"}],"wp:term":[{"taxonomy":"category","embeddable":true,"href":"https:\/\/www.meydan.tv\/az\/wp-json\/wp\/v2\/categories?post=190155"},{"taxonomy":"post_tag","embeddable":true,"href":"https:\/\/www.meydan.tv\/az\/wp-json\/wp\/v2\/tags?post=190155"}],"curies":[{"name":"wp","href":"https:\/\/api.w.org\/{rel}","templated":true}]}}