{"id":190141,"date":"2018-05-24T15:27:03","date_gmt":"2018-05-24T15:27:03","guid":{"rendered":"https:\/\/www.meydan.tv\/article\/iqtisadcilar-200-manatliq-eskinas-barede-nagdli-hesablasmalar-artacaq\/"},"modified":"2018-05-24T15:27:03","modified_gmt":"2018-05-24T15:27:03","slug":"iqtisadcilar-200-manatliq-eskinas-barede-nagdli-hesablasmalar-artacaq","status":"publish","type":"post","link":"https:\/\/www.meydan.tv\/az\/article\/iqtisadcilar-200-manatliq-eskinas-barede-nagdli-hesablasmalar-artacaq\/","title":{"rendered":"\u0130qtisad\u00e7\u0131lar 200 manatl\u0131q \u0259skinas bar\u0259d\u0259: Na\u011fdl\u0131 hesabla\u015fmalar artacaq"},"content":{"rendered":"<figure class=\"wp-block-image size-large\">\n  <img decoding=\"async\" src=\"https:\/\/www.meydan.tv\/az\/104133\/\" alt=\"\" class=\"wp-image-104133\"\/><figcaption><\/figcaption><\/figure>\n<p>\n  <i><br \/>\n    Nazim B\u0259yd\u0259mirli: &#8221;Bu q\u0259rar, inflyasiyan\u0131n s\u00fcr\u0259tl\u0259nm\u0259sin\u0259 stimuldur&#8221;<br \/>\n  <\/i>\n<\/p>\n<p>\n  <br \/>\n  Az\u0259rbaycan M\u0259rk\u0259zi Bank\u0131 200 manat d\u0259y\u0259rind\u0259 yeni \u0259skinas\u0131 d\u00f6vriyy\u0259y\u0259 burax\u0131ld\u0131\u011fn\u0131 elan edib.\n<\/p>\n<p>\n  T\u0259qdimat m\u0259rasimind\u0259 M\u0259rk\u0259zi Bank\u0131n s\u0259dri Elman R\u00fcst\u0259mov qeyd edib ki, M\u0259rk\u0259zi Bank na\u011fd pul sferas\u0131nda m\u00fcasir \u00e7a\u011f\u0131r\u0131\u015flar\u0131 n\u0259z\u0259r\u0259 alaraq pul ni\u015fanlar\u0131n\u0131n m\u00fchafiz\u0259 sisteml\u0259rinin m\u00fcasirl\u0259\u015fm\u0259sini daim diqq\u0259t m\u0259rk\u0259zind\u0259 saxlay\u0131r.\n<\/p>\n<p>\n  \u201cSon dekadada \u00f6lk\u0259 iqtisadiyyat\u0131n\u0131n dinamik inki\u015faf\u0131n\u0131, d\u00f6vriyy\u0259d\u0259 olan na\u011fd pulun strukturunda ba\u015f ver\u0259n d\u0259yi\u015fiklikl\u0259ri n\u0259z\u0259r\u0259 alaraq el\u0259c\u0259 d\u0259 na\u011fd pul sferas\u0131nda s\u0259m\u0259r\u0259liliyin y\u00fcks\u0259ldilm\u0259sinin t\u0259min edilm\u0259si m\u0259qs\u0259dil\u0259 yeni 200 manatl\u0131q pul ni\u015fan\u0131n\u0131n t\u0259dav\u00fcl\u0259 burax\u0131lmas\u0131 bar\u0259d\u0259 q\u0259rar q\u0259bul edilib\u201d.\n<\/p>\n<figure class=\"wp-block-image size-large\">\n  <img decoding=\"async\" src=\"https:\/\/www.meydan.tv\/az\/elman-rustemov\/\" alt=\"Elman R\u00fcst\u0259mov\" class=\"wp-image-49845\"\/><figcaption>\n    Elman R\u00fcst\u0259mov<br \/>\n  <\/figcaption><\/figure>\n<p>\n  O bildirib ki, yeni pul ni\u015fan\u0131n\u0131n dizayn\u0131 haz\u0131rlanark\u0259n m\u00fcsabiq\u0259d\u0259 AB\u015e-\u0131n \u201cCrane Currency\u201d \u015firk\u0259ti t\u0259r\u0259find\u0259n t\u0259qdim olunan dizayn qalib se\u00e7ilib.\n<\/p>\n<p>\n  \u201cBu dizayna bir s\u0131ra \u015firk\u0259tl\u0259rin t\u0259qdim etdiyi m\u00fct\u0259r\u0259qqi m\u00fchafiz\u0259 sisteml\u0259ri inteqrasiya edilm\u0259kl\u0259 pul ni\u015fan\u0131 \u201cGiesecke+Devrient\u201d \u015firk\u0259tind\u0259 istehsal olunub\u201d.\n<\/p>\n<p>\n  \u0130qtisad\u00e7\u0131 V\u00fcqar Bayramov iri nominall\u0131 \u0259skinas\u0131n d\u00f6vriyy\u0259y\u0259 burax\u0131lmas\u0131n\u0131n m\u00fcsb\u0259t v\u0259 m\u0259nfi t\u0259r\u0259fl\u0259ri oldu\u011funu d\u00fc\u015f\u00fcn\u00fcr:\n<\/p>\n<p>\n  \u201cR\u0259smi a\u00e7\u0131qlamalara g\u00f6r\u0259, yeni \u0259skinaslar t\u0259dav\u00fcl prosesinin asanla\u015fmas\u0131na v\u0259 y\u0131\u011f\u0131mlar\u0131n optimalla\u015fd\u0131r\u0131lmas\u0131na s\u0259b\u0259b olacaq. Bunlarla yana\u015f\u0131, iri nominall\u0131 \u0259skinas\u0131n d\u00f6vriyy\u0259y\u0259 burax\u0131lmas\u0131n\u0131n bir s\u0131ra \u00e7at\u0131\u015fmamazl\u0131qlar\u0131 var. Ayd\u0131nd\u0131r ki, \u00f6lk\u0259miz bu m\u0259s\u0259l\u0259d\u0259 500 avro \u0259skinas\u0131 olan Avrozona il\u0259 m\u00fcqayis\u0259 oluna bilm\u0259z. \u00c7\u00fcnki Avropa Birliyind\u0259 orta ayl\u0131q \u0259m\u0259k haqq\u0131 biziml\u0259 m\u00fcqay\u0259s\u0259d\u0259 xeyili y\u00fcks\u0259kdir v\u0259 d\u00fcnyada y\u0131\u011f\u0131mlar\u0131n 24 faiz\u0259 yax\u0131n\u0131 m\u0259hz avro il\u0259 apar\u0131l\u0131r\u201d.\n<\/p>\n<p>\n  Ekspert qeyd edib ki, d\u00fcnyan\u0131n \u0259n g\u00fccl\u00fc iqtisadiyyat\u0131na malik olan AB\u015e-da d\u00f6vriyy\u0259d\u0259 olan \u0259n y\u00fcks\u0259k \u0259skinas 100 dollard\u0131r.\n<\/p>\n<figure class=\"wp-block-image size-large\">\n  <img decoding=\"async\" src=\"https:\/\/www.meydan.tv\/az\/vuqar-bayramov-2\/\" alt=\"V\u00fcqar Bayramov\" class=\"wp-image-95214\"\/><figcaption>\n    V\u00fcqar Bayramov<br \/>\n  <\/figcaption><\/figure>\n<p>\n  \u201cD\u00fcnyada valyuta ehtiyatlar\u0131n\u0131n 67 faizinin AB\u015e valyutas\u0131 il\u0259 saxlanmas\u0131na baxmayaraq, Federal Ehtiyatlar Sistemi \u0259skinaslar\u0131n \u00fcz\u0259rind\u0259 r\u0259q\u0259ml\u0259ri art\u0131rma\u011fa t\u0259l\u0259smir\u201d.\n<\/p>\n<p>\n  V.Bayramov 200 manatl\u0131q \u0259skinas\u0131n d\u00f6vriyy\u0259y\u0259 burax\u0131lmas\u0131 il\u0259 na\u011fd hesabla\u015fmalar\u0131n h\u0259cminin artaca\u011f\u0131n\u0131 g\u00f6zl\u0259yir.<br \/>\n  <br \/>\n  \u201cAz\u0259rbaycanda na\u011fds\u0131z hesabla\u015fmalar\u0131n stimulla\u015fd\u0131r\u0131lmas\u0131n\u0131n prioritet oldu\u011fu zamanda iri \u0259skinaslar\u0131n d\u00f6vriyy\u0259y\u0259 burax\u0131lmas\u0131 na\u011fdl\u0131 hesabla\u015fmalar\u0131n artmas\u0131na s\u0259b\u0259b olacaq. Bu add\u0131m pulun al\u0131c\u0131l\u0131q qabiliyy\u0259tinin azalmas\u0131na s\u0259b\u0259b ola bil\u0259r. D\u00f6vriyy\u0259d\u0259 y\u00fcks\u0259k nominall\u0131 \u0259skinaslar\u0131n olmas\u0131 h\u0259m psixoloji, h\u0259m d\u0259 iqtisadi bax\u0131mdan istehlak bazar\u0131na neqativ t\u0259sir g\u00f6st\u0259rir. Bu bax\u0131mdan, iri nominall\u0131 \u0259skinaslar inflyasiya yarad\u0131c\u0131 faktorlar\u0131 g\u00fccl\u0259ndir\u0259c\u0259k\u201d.\n<\/p>\n<p>\n  \u0130qtisad\u00e7\u0131-alim Nazim B\u0259yd\u0259mirli hesab edir ki, iri nominall\u0131 banknotlar\u0131n d\u00f6vriyy\u0259y\u0259 burax\u0131lmas\u0131 s\u0259hvdir, na\u011fds\u0131z \u00f6d\u0259ni\u015fl\u0259rin stimulla\u015fd\u0131r\u0131lmas\u0131na z\u0259rb\u0259dir v\u0259 \u201ck\u00f6lg\u0259 iqtisadiyat\u0131na\u201d k\u00f6m\u0259kdir.\n<\/p>\n<figure class=\"wp-block-image size-large\">\n  <img decoding=\"async\" src=\"https:\/\/www.meydan.tv\/az\/nazim-beydemirli-3\/\" alt=\"Nazim B\u0259yd\u0259mirli\" class=\"wp-image-102945\"\/><figcaption>\n    Nazim B\u0259yd\u0259mirli<br \/>\n  <\/figcaption><\/figure>\n<p>\n  Onun fikrinc\u0259, bu q\u0259rar korrupsiyan\u0131n daha da artmas\u0131na, inflyasiyan\u0131n s\u00fcr\u0259tl\u0259nm\u0259sin\u0259 stimuldur.\n<\/p>\n<p>\n  \u201cYegan\u0259 xeyri cibl\u0259rind\u0259 \u00e7ox pul g\u0259zdir\u0259nl\u0259r\u0259, yast\u0131q alt\u0131na pul y\u0131\u011fanlara, ora bura r\u00fc\u015fv\u0259t da\u015f\u0131yanlara, pul sayanlara iki d\u0259f\u0259 az h\u0259cmli vasit\u0259l\u0259r laz\u0131m olmas\u0131d\u0131r. \u018fslind\u0259, bu add\u0131m\u0131n yegan\u0259 s\u0259b\u0259bi M\u0259rk\u0259zi Bank\u0131n v\u0259 ya ba\u015fqa bir qurumun PR kompaniyas\u0131 aparmaq ist\u0259yinin realla\u015fd\u0131r\u0131lmas\u0131d\u0131r\u201d.\n<\/p>\n<p>\n  O, xat\u0131rlad\u0131b ki, \u00f6lk\u0259 prezidenti bir ne\u00e7\u0259 il \u0259vv\u0259l na\u011fds\u0131z \u00f6d\u0259ni\u015fl\u0259rin stimulla\u015fd\u0131r\u0131lmas\u0131 haqda s\u0259r\u0259ncam imzalam\u0131\u015fd\u0131.\n<\/p>\n<p>\n  \u201cS\u0259r\u0259ncamda M\u0259rk\u0259zi Bank da daxil olmaqla dig\u0259r nazirlikl\u0259r\u0259 na\u011fds\u0131z \u00f6d\u0259ni\u015fl\u0259ri stimulla\u015fd\u0131rmaq t\u0259l\u0259bi qoyulmu\u015fdu. Eyni zamanda, maarifl\u0259ndirm\u0259 v\u0259 inzibati i\u015fl\u0259rin tamamlanmas\u0131 vacib g\u00f6r\u00fcl\u00fcrd\u00fc. T\u0259\u0259ss\u00fcf ki, M\u0259rk\u0259zi Bank \u00f6z\u00fcn\u00fc g\u00f6st\u0259rm\u0259k \u00fc\u00e7\u00fcn bel\u0259 t\u0259dbirl\u0259r ke\u00e7irir, bu m\u0259nada 200 manat \u0259skinaslar\u0131n burax\u0131lmas\u0131 iqtisadiyyata z\u0259r\u0259rlidir. \u00c7\u00fcnki inflyasiyan\u0131, korrupsiyan\u0131 v\u0259 \u201ck\u00f6lg\u0259 iqtisadiyyat\u0131\u201dn\u0131 stimulla\u015fd\u0131r\u0131r\u201d.\n<\/p>\n<p>\n  Nazim B\u0259yd\u0259mirli bildirib ki, normal, iqtisadiyyat\u0131 oturu\u015fmu\u015f \u00f6lk\u0259l\u0259rd\u0259 na\u011fds\u0131z \u00f6d\u0259ni\u015fl\u0259rin stimulla\u015fd\u0131r\u0131lmas\u0131 y\u00f6n\u00fcnd\u0259 add\u0131mlar at\u0131l\u0131r.\n<\/p>\n<p>\n  \u201cY\u0259ni posterminallar qura\u015fd\u0131rmaqla, bank sektorunu geni\u015fl\u0259ndirm\u0259kl\u0259, na\u011fds\u0131z \u00f6d\u0259ni\u015fl\u0259r h\u0259m d\u0259 vergi qa\u00e7aq\u00e7\u0131l\u0131\u011f\u0131n\u0131n qar\u015f\u0131s\u0131n\u0131 alan amill\u0259rd\u0259ndir. H\u0259tta b\u0259zi \u00f6lk\u0259l\u0259rin xidm\u0259t d\u00f6vriyy\u0259sinin 95-98 faizi na\u011fds\u0131z \u00f6d\u0259ni\u015fl\u0259rdir\u201d.\n<\/p>\n<p>\n  \u0130qtisad\u00e7\u0131 Nem\u0259t \u018fliyev haz\u0131rk\u0131 \u015f\u0259raitd\u0259 200 manatl\u0131q \u0259skinas\u0131n m\u00fcsb\u0259t v\u0259 m\u0259nfi t\u0259sirl\u0259rind\u0259n dan\u0131\u015fma\u011f\u0131n \u00e7\u0259tin oldu\u011funu deyir:\n<\/p>\n<p>\n  \u201c\u00c7\u00fcnki pul ni\u015fan\u0131 m\u00fcbadil\u0259 vasit\u0259si kimi d\u00f6vriyy\u0259y\u0259 burax\u0131l\u0131r. Bu add\u0131m iqtisadiyyata stimul ver\u0259 bilm\u0259z. \u0130ndiki halda yeni \u0259skinaslara ehtiyac yox idi. Buna s\u0259rf olunacaq v\u0259saiti ba\u015fqa istiqam\u0259tl\u0259r\u0259 y\u00f6n\u0259ltm\u0259k daha m\u0259qs\u0259d\u0259uy\u011fun olard\u0131. Yeni \u0259skinas bar\u0259d\u0259 x\u0259b\u0259ri e\u015fid\u0259nd\u0259 Elman R\u00fcst\u0259movun Avropada haz\u0131rlanan pul \u0259skinaslar\u0131ndan qazanc \u0259ld\u0259 etm\u0259si yada d\u00fc\u015fd\u00fc, bu haqda media da informasiyalar yay\u0131ld\u0131 v\u0259 h\u0259tta Avstriya m\u0259hk\u0259m\u0259sind\u0259 ara\u015fdr\u0131malar getdi, amma sonradan m\u00fc\u0259yy\u0259n adamlara t\u0259zyiql\u0259r n\u0259tic\u0259sind\u0259 i\u015f qapad\u0131ld\u0131. G\u00f6r\u00fcn\u00fcr, korrupsiya maraqlar\u0131 daha g\u00fccl\u0259ndiyind\u0259n yeni \u0259skinaslar\u0131n d\u00f6vriyy\u0259y\u0259 burax\u0131lmas\u0131 h\u0259v\u0259sin\u0259 d\u00fc\u015f\u00fcbl\u0259r\u201d.\n<\/p>\n<figure class=\"wp-block-image size-large\">\n  <img decoding=\"async\" src=\"https:\/\/www.meydan.tv\/az\/nemet-eliyev-2\/\" alt=\"Nem\u0259t \u018fliyev\" class=\"wp-image-100976\"\/><figcaption>\n    Nem\u0259t \u018fliyev<br \/>\n  <\/figcaption><\/figure>\n<p>\n  Nem\u0259t \u018fliyev bildirib ki, yeni \u0259skinas x\u0259b\u0259ri insanlarda n\u00f6vb\u0259ti devalvasiya narahatl\u0131\u011f\u0131 do\u011furub. O, hesab edir ki, bu, m\u0259z\u0259nn\u0259nin inzibati vasit\u0259l\u0259rl\u0259 m\u00fc\u0259yy\u0259nl\u0259\u015fm\u0259sind\u0259n ir\u0259li g\u0259lir.\n<\/p>\n<p>\n  \u201cBaxmayaraq ki, xarici valyutaya t\u0259l\u0259bat xeyli d\u0259r\u0259c\u0259d\u0259 art\u0131b v\u0259 bu t\u0259l\u0259bat\u0131n artmas\u0131 fonunda t\u0259l\u0259b-t\u0259klif qaydalar\u0131 \u0259sas\u0131nda manat da d\u0259y\u0259rini itirm\u0259liydi. Sad\u0259c\u0259, M\u0259rk\u0259zi Bank inzibati resurslar hesab\u0131na manat\u0131 qoruyur. Halbuki, manat\u0131n devalvasiya t\u0259hl\u00fck\u0259si var, b\u0259lk\u0259 d\u0259 yeni \u0259skinas onun bir \u0259lam\u0259tdir. D\u00fczd\u00fcr, neftin qiym\u0259tinin artmas\u0131n\u0131 sual \u015f\u0259klind\u0259 qoyacaqs\u0131n\u0131z, amma bu qalxma milli valyutan\u0131 qorumaq d\u0259y\u0259rind\u0259 deyil\u201d.\n<\/p>\n<p>\n  \u0130qtisad\u00e7\u0131 qeyd edib ki, \u00f6t\u0259n ill\u0259 m\u00fcqayis\u0259d\u0259 neftin qiym\u0259ti t\u0259xmin\u0259n 2 d\u0259f\u0259d\u0259n \u00e7ox art\u0131b, amma Az\u0259rbaycan iqtisadiyyat\u0131nda d\u0259yi\u015fiklik, yaxud f\u0259rq hiss olunmur.\n<\/p>\n<p>\n  \u201cD\u00f6vl\u0259t Statikstika Komit\u0259si 3 ayl\u0131q d\u00f6vr \u00fc\u00e7\u00fcn \u00fcmumi daxili m\u0259hsulda 2 faizlik art\u0131m elan etmi\u015fdi. Amma yanvar-aprel aylar\u0131n\u0131n m\u0259lumatlar\u0131ndan b\u0259lli oldu ki, 1,2 faiz art\u0131b. Sual yaran\u0131r: neftin qiym\u0259tinin artmas\u0131 iqtisadi inki\u015fafda o nisb\u0259td\u0259 niy\u0259 m\u00fc\u015fahid\u0259 olunmur? Yaxud son 4 ayl\u0131q r\u0259smi statistikaya \u0259sas\u0259n, qida m\u0259hsullar\u0131n\u0131n istehsal\u0131nda azalma meydana \u00e7\u0131x\u0131b\u201d.\n<\/p>\n<p>\n  N.\u018fliyev deyib ki, h\u0259tta neftin qiym\u0259ti 100 dollar olsa da, indiki halda manat\u0131n m\u0259z\u0259nn\u0259sini sabit saxlamaq m\u00fcmk\u00fcn deyil.\n<\/p>\n<p>\n  \u201c\u00c7\u00fcnki qeyri-neft sektoru ist\u0259nil\u0259n \u015f\u0259kild\u0259 inki\u015faf etm\u0259yib v\u0259 manat\u0131n dayanaql\u0131\u011f\u0131n\u0131 t\u0259min ed\u0259n \u015f\u0259rtl\u0259r yoxdur. Ona g\u00f6r\u0259 d\u0259 bu qaydada manat\u0131n sabitliyini qoruyub saxlamaq arzuolunan da deyil v\u0259 bunu t\u0259l\u0259b-t\u0259klifin \u00f6hd\u0259sin\u0259 buraxmaq laz\u0131m idi. 200 manatl\u0131q \u0259skinas\u0131n d\u00f6vriyy\u0259y\u0259 burax\u0131lmas\u0131 narahatl\u0131q yarad\u0131r, ancaq xarici \u015f\u0259rtl\u0259r dikt\u0259 ed\u0259rs\u0259, bir gec\u0259d\u0259 2015-ci ilin dekabr\u0131 v\u0259 fevral\u0131ndak\u0131 olaylar t\u0259krarlana bil\u0259r\u201d.<\/p>\n","protected":false},"excerpt":{"rendered":"<p>Nazim B\u0259yd\u0259mirli: &#8221;Bu q\u0259rar, inflyasiyan\u0131n s\u00fcr\u0259tl\u0259nm\u0259sin\u0259 stimuldur&#8221;<\/p>\n","protected":false},"author":11,"featured_media":104133,"comment_status":"closed","ping_status":"open","sticky":false,"template":"","format":"standard","meta":{"_acf_changed":false,"_sitemap_exclude":false,"_sitemap_priority":"","_sitemap_frequency":"","footnotes":""},"categories":[51],"tags":[],"class_list":["post-190141","post","type-post","status-publish","format-standard","has-post-thumbnail","hentry","category-analitika","infinite-scroll-item","generate-columns","tablet-grid-50","mobile-grid-100","grid-parent","grid-33","no-featured-image-padding"],"acf":[],"yoast_head":"<!-- This site is optimized with the Yoast SEO plugin v27.4 - https:\/\/yoast.com\/product\/yoast-seo-wordpress\/ -->\n<title>\u0130qtisad\u00e7\u0131lar 200 manatl\u0131q \u0259skinas bar\u0259d\u0259: Na\u011fdl\u0131 hesabla\u015fmalar artacaq - MEYDAN.TV<\/title>\n<meta name=\"robots\" content=\"index, follow, max-snippet:-1, max-image-preview:large, max-video-preview:-1\" \/>\n<link rel=\"canonical\" href=\"https:\/\/www.meydan.tv\/az\/article\/iqtisadcilar-200-manatliq-eskinas-barede-nagdli-hesablasmalar-artacaq\/\" \/>\n<meta property=\"og:locale\" content=\"az_AZ\" \/>\n<meta property=\"og:type\" content=\"article\" \/>\n<meta property=\"og:title\" content=\"\u0130qtisad\u00e7\u0131lar 200 manatl\u0131q \u0259skinas bar\u0259d\u0259: Na\u011fdl\u0131 hesabla\u015fmalar artacaq - MEYDAN.TV\" \/>\n<meta property=\"og:description\" content=\"Nazim B\u0259yd\u0259mirli: &#039;&#039;Bu q\u0259rar, inflyasiyan\u0131n s\u00fcr\u0259tl\u0259nm\u0259sin\u0259 stimuldur&#039;&#039;\" \/>\n<meta property=\"og:url\" content=\"https:\/\/www.meydan.tv\/az\/article\/iqtisadcilar-200-manatliq-eskinas-barede-nagdli-hesablasmalar-artacaq\/\" \/>\n<meta property=\"og:site_name\" content=\"MEYDAN.TV\" \/>\n<meta property=\"article:published_time\" content=\"2018-05-24T15:27:03+00:00\" \/>\n<meta property=\"og:image\" content=\"https:\/\/www.meydan.tv\/wp-content\/uploads\/41311.jpg\" \/>\n\t<meta property=\"og:image:width\" content=\"1000\" \/>\n\t<meta property=\"og:image:height\" content=\"541\" \/>\n\t<meta property=\"og:image:type\" content=\"image\/jpeg\" \/>\n<meta name=\"author\" content=\"user-manager\" \/>\n<meta name=\"twitter:card\" content=\"summary_large_image\" \/>\n<script type=\"application\/ld+json\" class=\"yoast-schema-graph\">{\"@context\":\"https:\\\/\\\/schema.org\",\"@graph\":[{\"@type\":\"Article\",\"@id\":\"https:\\\/\\\/www.meydan.tv\\\/az\\\/article\\\/iqtisadcilar-200-manatliq-eskinas-barede-nagdli-hesablasmalar-artacaq\\\/#article\",\"isPartOf\":{\"@id\":\"https:\\\/\\\/www.meydan.tv\\\/az\\\/article\\\/iqtisadcilar-200-manatliq-eskinas-barede-nagdli-hesablasmalar-artacaq\\\/\"},\"author\":{\"name\":\"user-manager\",\"@id\":\"https:\\\/\\\/www.meydan.tv\\\/az\\\/#\\\/schema\\\/person\\\/10d11eccf6da3662cf5fdab9806ea91a\"},\"headline\":\"\u0130qtisad\u00e7\u0131lar 200 manatl\u0131q \u0259skinas bar\u0259d\u0259: Na\u011fdl\u0131 hesabla\u015fmalar artacaq\",\"datePublished\":\"2018-05-24T15:27:03+00:00\",\"mainEntityOfPage\":{\"@id\":\"https:\\\/\\\/www.meydan.tv\\\/az\\\/article\\\/iqtisadcilar-200-manatliq-eskinas-barede-nagdli-hesablasmalar-artacaq\\\/\"},\"wordCount\":1420,\"publisher\":{\"@id\":\"https:\\\/\\\/www.meydan.tv\\\/az\\\/#organization\"},\"image\":{\"@id\":\"https:\\\/\\\/www.meydan.tv\\\/az\\\/article\\\/iqtisadcilar-200-manatliq-eskinas-barede-nagdli-hesablasmalar-artacaq\\\/#primaryimage\"},\"thumbnailUrl\":\"https:\\\/\\\/www.meydan.tv\\\/wp-content\\\/uploads\\\/41311.jpg\",\"articleSection\":[\"Analitika\"],\"inLanguage\":\"az\"},{\"@type\":\"WebPage\",\"@id\":\"https:\\\/\\\/www.meydan.tv\\\/az\\\/article\\\/iqtisadcilar-200-manatliq-eskinas-barede-nagdli-hesablasmalar-artacaq\\\/\",\"url\":\"https:\\\/\\\/www.meydan.tv\\\/az\\\/article\\\/iqtisadcilar-200-manatliq-eskinas-barede-nagdli-hesablasmalar-artacaq\\\/\",\"name\":\"\u0130qtisad\u00e7\u0131lar 200 manatl\u0131q \u0259skinas bar\u0259d\u0259: Na\u011fdl\u0131 hesabla\u015fmalar artacaq - MEYDAN.TV\",\"isPartOf\":{\"@id\":\"https:\\\/\\\/www.meydan.tv\\\/az\\\/#website\"},\"primaryImageOfPage\":{\"@id\":\"https:\\\/\\\/www.meydan.tv\\\/az\\\/article\\\/iqtisadcilar-200-manatliq-eskinas-barede-nagdli-hesablasmalar-artacaq\\\/#primaryimage\"},\"image\":{\"@id\":\"https:\\\/\\\/www.meydan.tv\\\/az\\\/article\\\/iqtisadcilar-200-manatliq-eskinas-barede-nagdli-hesablasmalar-artacaq\\\/#primaryimage\"},\"thumbnailUrl\":\"https:\\\/\\\/www.meydan.tv\\\/wp-content\\\/uploads\\\/41311.jpg\",\"datePublished\":\"2018-05-24T15:27:03+00:00\",\"breadcrumb\":{\"@id\":\"https:\\\/\\\/www.meydan.tv\\\/az\\\/article\\\/iqtisadcilar-200-manatliq-eskinas-barede-nagdli-hesablasmalar-artacaq\\\/#breadcrumb\"},\"inLanguage\":\"az\",\"potentialAction\":[{\"@type\":\"ReadAction\",\"target\":[\"https:\\\/\\\/www.meydan.tv\\\/az\\\/article\\\/iqtisadcilar-200-manatliq-eskinas-barede-nagdli-hesablasmalar-artacaq\\\/\"]}]},{\"@type\":\"ImageObject\",\"inLanguage\":\"az\",\"@id\":\"https:\\\/\\\/www.meydan.tv\\\/az\\\/article\\\/iqtisadcilar-200-manatliq-eskinas-barede-nagdli-hesablasmalar-artacaq\\\/#primaryimage\",\"url\":\"https:\\\/\\\/www.meydan.tv\\\/wp-content\\\/uploads\\\/41311.jpg\",\"contentUrl\":\"https:\\\/\\\/www.meydan.tv\\\/wp-content\\\/uploads\\\/41311.jpg\",\"width\":1000,\"height\":541,\"caption\":\"Source:\"},{\"@type\":\"BreadcrumbList\",\"@id\":\"https:\\\/\\\/www.meydan.tv\\\/az\\\/article\\\/iqtisadcilar-200-manatliq-eskinas-barede-nagdli-hesablasmalar-artacaq\\\/#breadcrumb\",\"itemListElement\":[{\"@type\":\"ListItem\",\"position\":1,\"name\":\"Ana s\u0259hif\u0259\",\"item\":\"https:\\\/\\\/www.meydan.tv\\\/az\\\/\"},{\"@type\":\"ListItem\",\"position\":2,\"name\":\"Analitika\",\"item\":\"https:\\\/\\\/www.meydan.tv\\\/az\\\/section\\\/analitika\\\/\"},{\"@type\":\"ListItem\",\"position\":3,\"name\":\"\u0130qtisad\u00e7\u0131lar 200 manatl\u0131q \u0259skinas bar\u0259d\u0259: Na\u011fdl\u0131 hesabla\u015fmalar artacaq\"}]},{\"@type\":\"WebSite\",\"@id\":\"https:\\\/\\\/www.meydan.tv\\\/az\\\/#website\",\"url\":\"https:\\\/\\\/www.meydan.tv\\\/az\\\/\",\"name\":\"MEYDAN.TV\",\"description\":\"Meydan TV Az\u0259rbaycan\u0131n media m\u0259kan\u0131ndak\u0131 alternativ s\u0259sidir\",\"publisher\":{\"@id\":\"https:\\\/\\\/www.meydan.tv\\\/az\\\/#organization\"},\"potentialAction\":[{\"@type\":\"SearchAction\",\"target\":{\"@type\":\"EntryPoint\",\"urlTemplate\":\"https:\\\/\\\/www.meydan.tv\\\/az\\\/?s={search_term_string}\"},\"query-input\":{\"@type\":\"PropertyValueSpecification\",\"valueRequired\":true,\"valueName\":\"search_term_string\"}}],\"inLanguage\":\"az\"},{\"@type\":\"Organization\",\"@id\":\"https:\\\/\\\/www.meydan.tv\\\/az\\\/#organization\",\"name\":\"Meydan TV\",\"url\":\"https:\\\/\\\/www.meydan.tv\\\/az\\\/\",\"logo\":{\"@type\":\"ImageObject\",\"inLanguage\":\"az\",\"@id\":\"https:\\\/\\\/www.meydan.tv\\\/az\\\/#\\\/schema\\\/logo\\\/image\\\/\",\"url\":\"https:\\\/\\\/www.meydan.tv\\\/wp-content\\\/uploads\\\/2021\\\/07\\\/meydan-logo.svg\",\"contentUrl\":\"https:\\\/\\\/www.meydan.tv\\\/wp-content\\\/uploads\\\/2021\\\/07\\\/meydan-logo.svg\",\"width\":195,\"height\":46,\"caption\":\"Meydan TV\"},\"image\":{\"@id\":\"https:\\\/\\\/www.meydan.tv\\\/az\\\/#\\\/schema\\\/logo\\\/image\\\/\"}},{\"@type\":\"Person\",\"@id\":\"https:\\\/\\\/www.meydan.tv\\\/az\\\/#\\\/schema\\\/person\\\/10d11eccf6da3662cf5fdab9806ea91a\",\"name\":\"user-manager\"}]}<\/script>\n<!-- \/ Yoast SEO plugin. -->","yoast_head_json":{"title":"\u0130qtisad\u00e7\u0131lar 200 manatl\u0131q \u0259skinas bar\u0259d\u0259: Na\u011fdl\u0131 hesabla\u015fmalar artacaq - MEYDAN.TV","robots":{"index":"index","follow":"follow","max-snippet":"max-snippet:-1","max-image-preview":"max-image-preview:large","max-video-preview":"max-video-preview:-1"},"canonical":"https:\/\/www.meydan.tv\/az\/article\/iqtisadcilar-200-manatliq-eskinas-barede-nagdli-hesablasmalar-artacaq\/","og_locale":"az_AZ","og_type":"article","og_title":"\u0130qtisad\u00e7\u0131lar 200 manatl\u0131q \u0259skinas bar\u0259d\u0259: Na\u011fdl\u0131 hesabla\u015fmalar artacaq - MEYDAN.TV","og_description":"Nazim B\u0259yd\u0259mirli: ''Bu q\u0259rar, inflyasiyan\u0131n s\u00fcr\u0259tl\u0259nm\u0259sin\u0259 stimuldur''","og_url":"https:\/\/www.meydan.tv\/az\/article\/iqtisadcilar-200-manatliq-eskinas-barede-nagdli-hesablasmalar-artacaq\/","og_site_name":"MEYDAN.TV","article_published_time":"2018-05-24T15:27:03+00:00","og_image":[{"width":1000,"height":541,"url":"https:\/\/www.meydan.tv\/wp-content\/uploads\/41311.jpg","type":"image\/jpeg"}],"author":"user-manager","twitter_card":"summary_large_image","schema":{"@context":"https:\/\/schema.org","@graph":[{"@type":"Article","@id":"https:\/\/www.meydan.tv\/az\/article\/iqtisadcilar-200-manatliq-eskinas-barede-nagdli-hesablasmalar-artacaq\/#article","isPartOf":{"@id":"https:\/\/www.meydan.tv\/az\/article\/iqtisadcilar-200-manatliq-eskinas-barede-nagdli-hesablasmalar-artacaq\/"},"author":{"name":"user-manager","@id":"https:\/\/www.meydan.tv\/az\/#\/schema\/person\/10d11eccf6da3662cf5fdab9806ea91a"},"headline":"\u0130qtisad\u00e7\u0131lar 200 manatl\u0131q \u0259skinas bar\u0259d\u0259: Na\u011fdl\u0131 hesabla\u015fmalar artacaq","datePublished":"2018-05-24T15:27:03+00:00","mainEntityOfPage":{"@id":"https:\/\/www.meydan.tv\/az\/article\/iqtisadcilar-200-manatliq-eskinas-barede-nagdli-hesablasmalar-artacaq\/"},"wordCount":1420,"publisher":{"@id":"https:\/\/www.meydan.tv\/az\/#organization"},"image":{"@id":"https:\/\/www.meydan.tv\/az\/article\/iqtisadcilar-200-manatliq-eskinas-barede-nagdli-hesablasmalar-artacaq\/#primaryimage"},"thumbnailUrl":"https:\/\/www.meydan.tv\/wp-content\/uploads\/41311.jpg","articleSection":["Analitika"],"inLanguage":"az"},{"@type":"WebPage","@id":"https:\/\/www.meydan.tv\/az\/article\/iqtisadcilar-200-manatliq-eskinas-barede-nagdli-hesablasmalar-artacaq\/","url":"https:\/\/www.meydan.tv\/az\/article\/iqtisadcilar-200-manatliq-eskinas-barede-nagdli-hesablasmalar-artacaq\/","name":"\u0130qtisad\u00e7\u0131lar 200 manatl\u0131q \u0259skinas bar\u0259d\u0259: Na\u011fdl\u0131 hesabla\u015fmalar artacaq - MEYDAN.TV","isPartOf":{"@id":"https:\/\/www.meydan.tv\/az\/#website"},"primaryImageOfPage":{"@id":"https:\/\/www.meydan.tv\/az\/article\/iqtisadcilar-200-manatliq-eskinas-barede-nagdli-hesablasmalar-artacaq\/#primaryimage"},"image":{"@id":"https:\/\/www.meydan.tv\/az\/article\/iqtisadcilar-200-manatliq-eskinas-barede-nagdli-hesablasmalar-artacaq\/#primaryimage"},"thumbnailUrl":"https:\/\/www.meydan.tv\/wp-content\/uploads\/41311.jpg","datePublished":"2018-05-24T15:27:03+00:00","breadcrumb":{"@id":"https:\/\/www.meydan.tv\/az\/article\/iqtisadcilar-200-manatliq-eskinas-barede-nagdli-hesablasmalar-artacaq\/#breadcrumb"},"inLanguage":"az","potentialAction":[{"@type":"ReadAction","target":["https:\/\/www.meydan.tv\/az\/article\/iqtisadcilar-200-manatliq-eskinas-barede-nagdli-hesablasmalar-artacaq\/"]}]},{"@type":"ImageObject","inLanguage":"az","@id":"https:\/\/www.meydan.tv\/az\/article\/iqtisadcilar-200-manatliq-eskinas-barede-nagdli-hesablasmalar-artacaq\/#primaryimage","url":"https:\/\/www.meydan.tv\/wp-content\/uploads\/41311.jpg","contentUrl":"https:\/\/www.meydan.tv\/wp-content\/uploads\/41311.jpg","width":1000,"height":541,"caption":"Source:"},{"@type":"BreadcrumbList","@id":"https:\/\/www.meydan.tv\/az\/article\/iqtisadcilar-200-manatliq-eskinas-barede-nagdli-hesablasmalar-artacaq\/#breadcrumb","itemListElement":[{"@type":"ListItem","position":1,"name":"Ana s\u0259hif\u0259","item":"https:\/\/www.meydan.tv\/az\/"},{"@type":"ListItem","position":2,"name":"Analitika","item":"https:\/\/www.meydan.tv\/az\/section\/analitika\/"},{"@type":"ListItem","position":3,"name":"\u0130qtisad\u00e7\u0131lar 200 manatl\u0131q \u0259skinas bar\u0259d\u0259: Na\u011fdl\u0131 hesabla\u015fmalar artacaq"}]},{"@type":"WebSite","@id":"https:\/\/www.meydan.tv\/az\/#website","url":"https:\/\/www.meydan.tv\/az\/","name":"MEYDAN.TV","description":"Meydan TV Az\u0259rbaycan\u0131n media m\u0259kan\u0131ndak\u0131 alternativ s\u0259sidir","publisher":{"@id":"https:\/\/www.meydan.tv\/az\/#organization"},"potentialAction":[{"@type":"SearchAction","target":{"@type":"EntryPoint","urlTemplate":"https:\/\/www.meydan.tv\/az\/?s={search_term_string}"},"query-input":{"@type":"PropertyValueSpecification","valueRequired":true,"valueName":"search_term_string"}}],"inLanguage":"az"},{"@type":"Organization","@id":"https:\/\/www.meydan.tv\/az\/#organization","name":"Meydan TV","url":"https:\/\/www.meydan.tv\/az\/","logo":{"@type":"ImageObject","inLanguage":"az","@id":"https:\/\/www.meydan.tv\/az\/#\/schema\/logo\/image\/","url":"https:\/\/www.meydan.tv\/wp-content\/uploads\/2021\/07\/meydan-logo.svg","contentUrl":"https:\/\/www.meydan.tv\/wp-content\/uploads\/2021\/07\/meydan-logo.svg","width":195,"height":46,"caption":"Meydan TV"},"image":{"@id":"https:\/\/www.meydan.tv\/az\/#\/schema\/logo\/image\/"}},{"@type":"Person","@id":"https:\/\/www.meydan.tv\/az\/#\/schema\/person\/10d11eccf6da3662cf5fdab9806ea91a","name":"user-manager"}]}},"_links":{"self":[{"href":"https:\/\/www.meydan.tv\/az\/wp-json\/wp\/v2\/posts\/190141","targetHints":{"allow":["GET"]}}],"collection":[{"href":"https:\/\/www.meydan.tv\/az\/wp-json\/wp\/v2\/posts"}],"about":[{"href":"https:\/\/www.meydan.tv\/az\/wp-json\/wp\/v2\/types\/post"}],"author":[{"embeddable":true,"href":"https:\/\/www.meydan.tv\/az\/wp-json\/wp\/v2\/users\/11"}],"replies":[{"embeddable":true,"href":"https:\/\/www.meydan.tv\/az\/wp-json\/wp\/v2\/comments?post=190141"}],"version-history":[{"count":0,"href":"https:\/\/www.meydan.tv\/az\/wp-json\/wp\/v2\/posts\/190141\/revisions"}],"wp:featuredmedia":[{"embeddable":true,"href":"https:\/\/www.meydan.tv\/az\/wp-json\/wp\/v2\/media\/104133"}],"wp:attachment":[{"href":"https:\/\/www.meydan.tv\/az\/wp-json\/wp\/v2\/media?parent=190141"}],"wp:term":[{"taxonomy":"category","embeddable":true,"href":"https:\/\/www.meydan.tv\/az\/wp-json\/wp\/v2\/categories?post=190141"},{"taxonomy":"post_tag","embeddable":true,"href":"https:\/\/www.meydan.tv\/az\/wp-json\/wp\/v2\/tags?post=190141"}],"curies":[{"name":"wp","href":"https:\/\/api.w.org\/{rel}","templated":true}]}}