{"id":190132,"date":"2018-05-23T19:48:45","date_gmt":"2018-05-23T19:48:45","guid":{"rendered":"https:\/\/www.meydan.tv\/article\/abs-iran-munasibetlerinin-azerbaycana-tesiri-olacaqmi\/"},"modified":"2018-05-23T19:48:45","modified_gmt":"2018-05-23T19:48:45","slug":"abs-iran-munasibetlerinin-azerbaycana-tesiri-olacaqmi","status":"publish","type":"post","link":"https:\/\/www.meydan.tv\/az\/article\/abs-iran-munasibetlerinin-azerbaycana-tesiri-olacaqmi\/","title":{"rendered":"AB\u015e-\u0130ran m\u00fcnasib\u0259tl\u0259rinin Az\u0259rbaycana t\u0259siri olacaqm\u0131?"},"content":{"rendered":"<figure class=\"wp-block-image size-large\">\n  <img decoding=\"async\" src=\"https:\/\/www.meydan.tv\/az\/donald-tramp-2\/\" alt=\"Donald Tramp\" class=\"wp-image-104070\"\/><figcaption>\n    Donald Tramp<br \/>\n  <\/figcaption><\/figure>\n<p>\n  <i><br \/>\n    Ekspertl\u0259rin q\u0259na\u0259tinc\u0259, sanksiyalar Az\u0259rbaycandan da yan ke\u00e7m\u0259y\u0259c\u0259k<br \/>\n  <\/i>\n<\/p>\n<p>\n  AB\u015e prezidenti Donald Tramp may\u0131n 8-d\u0259 \u00f6lk\u0259sinin \u0130ranla atom m\u00fcqavil\u0259sind\u0259n \u00e7\u0131xd\u0131\u011f\u0131n\u0131 elan etdikd\u0259n sonra Az\u0259rbaycan\u0131n c\u0259nub qon\u015fusu \u0259traf\u0131nda yeni v\u0259ziyy\u0259t yaran\u0131b.\n<\/p>\n<p>\n  \u0130ran\u0131n n\u00fcv\u0259 proqram\u0131 il\u0259 ba\u011fl\u0131 m\u00fcqavil\u0259 2015-ci ild\u0259 ba\u011flan\u0131b v\u0259 n\u0259tic\u0259d\u0259 \u0130rana Q\u0259rb t\u0259r\u0259fd\u0259n qoyulan sanksiyalar aradan qald\u0131r\u0131l\u0131b.\n<\/p>\n<p>\n  Faktiki olaraq AB\u015e-\u0131n bu add\u0131m\u0131n\u0131 yaln\u0131z \u0130srail d\u0259st\u0259kl\u0259yib.\n<\/p>\n<p>\n  H\u0259m Avropa \u0130ttifaq\u0131 bir qurum olaraq, h\u0259m d\u0259 ittifaqda apar\u0131c\u0131 rollara malik \u00f6lk\u0259l\u0259rd\u0259n Fransa, Almaniya, B\u00f6y\u00fck Britaniya AB\u015e-\u0131n bu add\u0131m\u0131ndan t\u0259ss\u00fcfl\u0259ndikl\u0259rini bildirib, \u0130rana qar\u015f\u0131 yenid\u0259n t\u0259tbiq olunan sanksiyalara qo\u015fulmayacaqlar\u0131n\u0131 b\u0259yan edibl\u0259r.\n<\/p>\n<p>\n  Fransa r\u0259smil\u0259ri dig\u0259rl\u0259rind\u0259n daha ir\u0259li ged\u0259r\u0259k, AB\u015e prezidenti v\u0259 onun administrasiyas\u0131n\u0131n \u0130rana qar\u015f\u0131 siyas\u0259tini k\u0259skin t\u0259nqid edibl\u0259r.\n<\/p>\n<p>\n  AB\u015e-\u0131n yeni sanksiyalar\u0131na \u0259sas\u0259n, \u0130ranla \u0259m\u0259kda\u015fl\u0131q ed\u0259n \u015firk\u0259tl\u0259rin AB\u015e-da f\u0259aliyy\u0259ti m\u0259hdudla\u015fd\u0131r\u0131lacaq v\u0259 onlar\u0131n amerikanl\u0131 t\u0259r\u0259fda\u015flar\u0131 m\u00fcqavil\u0259l\u0259rin\u0259 xitam verm\u0259li olacaqlar. Avropan\u0131 t\u0259msil ed\u0259n \u015firk\u0259tl\u0259r \u00f6z \u00f6lk\u0259l\u0259rinin qanunlar\u0131n\u0131 pozmasalar da, AB\u015e qanunvericiliyi il\u0259 \u00fczb\u0259\u00fcz qalacaqlar v\u0259 faktiki olaraq AB\u015e v\u0259 \u0130ran bazar\u0131 aras\u0131nda se\u00e7im etm\u0259li olacaqlar.\n<\/p>\n<p>\n  Bu q\u0259rar\u0131n Az\u0259rbaycana da m\u00fcmk\u00fcn t\u0259sirl\u0259ri m\u00fczakir\u0259 predmetidir. Bel\u0259 ki, \u0130rana qar\u015f\u0131 sanksiyalar aradan qald\u0131r\u0131ld\u0131qdan sonra bu \u00f6lk\u0259 il\u0259 ikit\u0259r\u0259fli m\u00fcnasib\u0259tl\u0259rd\u0259 inki\u015faf hiss edildi, t\u0259r\u0259fl\u0259r iki \u00f6lk\u0259ni birl\u0259\u015fdir\u0259n bir s\u0131ra layih\u0259l\u0259r, o c\u00fcml\u0259d\u0259n d\u0259miryolu layih\u0259si bar\u0259d\u0259 m\u00fczakir\u0259l\u0259r apard\u0131lar.\n<\/p>\n<p>\n  Deputat Rasim Musab\u0259yov Meydan TV-y\u0259 deyib ki, Az\u0259rbaycan \u0259vv\u0259ll\u0259r d\u0259 \u0130ran \u0130slam Respublikas\u0131 il\u0259 m\u00fcnasib\u0259tl\u0259ri ikit\u0259r\u0259fli \u0259saslar \u00fcz\u0259rind\u0259 qurub:\n<\/p>\n<p>\n  \u201cDollarla m\u00fcbadil\u0259 \u0130ran \u00fc\u00e7\u00fcn ba\u011fl\u0131 oldu\u011fu halda Az\u0259rbaycan avro il\u0259 ticari m\u00fcbadil\u0259ni h\u0259yata ke\u00e7ir\u0259 bil\u0259r\u201d.\n<\/p>\n<figure class=\"wp-block-image size-large\">\n  <img decoding=\"async\" src=\"https:\/\/www.meydan.tv\/az\/rasim-musabeyov\/\" alt=\"Rasim Musab\u0259yov\" class=\"wp-image-104076\"\/><figcaption>\n    Rasim Musab\u0259yov<br \/>\n  <\/figcaption><\/figure>\n<p>\n  Ancaq deputat hesab edir ki, \u0130rana qar\u015f\u0131 sanksiyalar s\u0259rtl\u0259\u015fdiyi halda Bak\u0131 il\u0259 ikit\u0259r\u0259fli \u0259laq\u0259l\u0259r\u0259 d\u0259 m\u0259nfi t\u0259sirl\u0259rini g\u00f6st\u0259r\u0259c\u0259k:\n<\/p>\n<p>\n  \u201cAz\u0259rbaycan\u0131n maraqlar\u0131na faydas\u0131 olan yerd\u0259 m\u00fc\u0259yy\u0259n layih\u0259l\u0259ri h\u0259yata ke\u00e7irm\u0259k laz\u0131md\u0131r\u201d.\n<\/p>\n<p>\n  Avropada siyasi m\u00fchacir h\u0259yat\u0131 ya\u015fayan Rauf Mirq\u0259dirov is\u0259 deyir ki, Q\u0259rb \u00f6lk\u0259l\u0259rinin \u201calt\u0131l\u0131q\u201ddan \u00e7\u0131xmamas\u0131 v\u0259 Rusiyan\u0131n sanksiyalar\u0131 icra etm\u0259m\u0259si tamamil\u0259 f\u0259rqli m\u0259s\u0259l\u0259l\u0259rdir:\n<\/p>\n<p>\n  \u201cAvropa Birliyi \u00f6lk\u0259l\u0259ri raz\u0131la\u015fman\u0131 pozmaya bil\u0259r v\u0259 raz\u0131la\u015fmada n\u0259z\u0259rd\u0259 tutulan m\u00fcdd\u0259alar\u0131n yerin\u0259 yetirilm\u0259sini ist\u0259y\u0259r. M\u00fcdd\u0259alar da Tehran\u0131n n\u00fcv\u0259 proqram\u0131ndan imtina etm\u0259si v\u0259 bunun \u0259v\u0259zind\u0259 qoyulan sanksiyalar\u0131n b\u00f6y\u00fck hiss\u0259sinin g\u00f6t\u00fcr\u00fclm\u0259sind\u0259n ibar\u0259tdir. Amerika prezidenti Tramp\u0131n q\u0259rarlar\u0131na g\u0259linc\u0259, Avropa Birliyi \u00f6lk\u0259l\u0259ri v\u0259 Az\u0259rbaycan da daxil olmaqla bir s\u0131ra d\u00f6vl\u0259tl\u0259r \u00f6zl\u0259rinin ist\u0259yind\u0259n as\u0131l\u0131 olmayaraq Va\u015finqtonun sanksiyalar\u0131na riay\u0259t etm\u0259k m\u0259cburiyy\u0259tind\u0259 qal\u0131rlar. \u00c7\u00fcnki AB\u015e sanksiyalar\u0131 yaln\u0131z \u0130rana qar\u015f\u0131 yox, \u0259sas\u0259n vacib d\u00f6vl\u0259tl\u0259r\u0259 v\u0259 \u015firk\u0259tl\u0259r\u0259 qar\u015f\u0131 y\u00f6n\u0259ldir. Ona g\u00f6r\u0259 bir \u00e7ox halda ayr\u0131-ayr\u0131 d\u00f6vl\u0259tl\u0259rin se\u00e7im imkan\u0131 qalm\u0131r\u201d.\n<\/p>\n<figure class=\"wp-block-image size-large\">\n  <img decoding=\"async\" src=\"https:\/\/www.meydan.tv\/az\/rauf-mirqedirov-foto-sosial-sebeke\/\" alt=\"Rauf Mirq\u0259dirov foto sosial \u015f\u0259b\u0259k\u0259\" class=\"wp-image-71921\"\/><figcaption>\n    Rauf Mirq\u0259dirov foto sosial \u015f\u0259b\u0259k\u0259<br \/>\n  <\/figcaption><\/figure>\n<p>\n  Rauf Mirq\u0259dirov deyir ki, AB\u015e-\u0131n sanksiyalar\u0131na h\u0259d\u0259f olmaq d\u00fcnyan\u0131n inki\u015faf etmi\u015f \u00f6lk\u0259l\u0259ri il\u0259 iqtisadi-maliyy\u0259 \u0259laq\u0259l\u0259rini z\u0259rb\u0259 alt\u0131na qoymaqd\u0131r:\n<\/p>\n<p>\n  \u201cOna g\u00f6r\u0259 Az\u0259rbaycan s\u00f6zd\u0259 Va\u015finqtonun sanksiyalar\u0131n\u0131n \u0259leyhin\u0259 \u00e7\u0131xacaq, amma konkret iqtisadi \u0259m\u0259kda\u015fl\u0131\u011fa g\u0259l\u0259nd\u0259, sanksiyalar\u0131 n\u0259z\u0259r\u0259 almal\u0131 olacaq. \u00c7\u00fcnki sanksiyalar Bak\u0131-Va\u015finqton m\u00fcnasib\u0259tl\u0259rin\u0259 t\u0259sir etmir, bu, h\u0259m d\u0259 Avropa Birliyi il\u0259 Az\u0259rbaycan m\u00fcnasib\u0259tl\u0259rin\u0259 d\u0259 t\u0259sir ed\u0259c\u0259k. Eyni zamanda, Az\u0259rbaycana investisiya qoya bil\u0259c\u0259k b\u00fct\u00fcn \u00f6lk\u0259l\u0259rl\u0259 m\u00fcnasib\u0259tl\u0259rin\u0259 t\u0259sir g\u00f6st\u0259r\u0259 bil\u0259r. M\u0259s\u0259l\u0259 ondad\u0131r ki, Az\u0259rbaycan \u00f6z s\u0259rh\u0259dl\u0259rind\u0259 qaynar n\u00f6qt\u0259nin olmas\u0131n\u0131 ist\u0259mir v\u0259 ba\u015fqa \u0259laq\u0259l\u0259r, t\u0259hdidl\u0259r, maraqlar da var. Bu m\u0259nada Bak\u0131 \u00fc\u00e7\u00fcn arzuolunan m\u0259nz\u0259r\u0259 deyil\u201d.\n<\/p>\n<p>\n  B\u00f6y\u00fck Qurulu\u015f Partiyas\u0131n\u0131n ba\u015fqan\u0131, deputat Fazil Mustafa hesab edir ki, Az\u0259rbaycan iki d\u00f6vl\u0259tin qar\u015f\u0131durmas\u0131na qar\u0131\u015fmamal\u0131, \u00f6z qon\u015fular\u0131 il\u0259 m\u00fcnasib\u0259ti normal saxlamal\u0131d\u0131r.\n<\/p>\n<figure class=\"wp-block-image size-large\">\n  <img decoding=\"async\" src=\"https:\/\/www.meydan.tv\/az\/fazil-mustafa-5\/\" alt=\"Fazil Mustafa\" class=\"wp-image-103707\"\/><figcaption>\n    Fazil Mustafa<br \/>\n  <\/figcaption><\/figure>\n<p>\n  Onun fikrinc\u0259, Az\u0259rbaycan\u0131n Va\u015finqtonun Tehrana qar\u015f\u0131 sanksiyalarda i\u015ftirak\u0131n\u0131n m\u0259nas\u0131 yoxdur v\u0259 h\u0259r hans\u0131 i\u015ftirak \u00f6lk\u0259nin ziyan\u0131nad\u0131r:\n<\/p>\n<p>\n  \u201cH\u0259tta se\u00e7im imkan\u0131 olanda da bit\u0259r\u0259f qalma\u011f\u0131m\u0131z bizim xeyrimiz\u0259dir\u201d.<\/p>\n","protected":false},"excerpt":{"rendered":"<p>Ekspertl\u0259rin q\u0259na\u0259tinc\u0259, sanksiyalar Az\u0259rbaycandan da yan ke\u00e7m\u0259y\u0259c\u0259k<\/p>\n","protected":false},"author":11,"featured_media":104070,"comment_status":"closed","ping_status":"open","sticky":false,"template":"","format":"standard","meta":{"_acf_changed":false,"_sitemap_exclude":false,"_sitemap_priority":"","_sitemap_frequency":"","footnotes":""},"categories":[51],"tags":[],"class_list":["post-190132","post","type-post","status-publish","format-standard","has-post-thumbnail","hentry","category-analitika","infinite-scroll-item","generate-columns","tablet-grid-50","mobile-grid-100","grid-parent","grid-33","no-featured-image-padding"],"acf":[],"yoast_head":"<!-- This site is optimized with the Yoast SEO plugin v27.4 - https:\/\/yoast.com\/product\/yoast-seo-wordpress\/ -->\n<title>AB\u015e-\u0130ran m\u00fcnasib\u0259tl\u0259rinin Az\u0259rbaycana t\u0259siri olacaqm\u0131? - MEYDAN.TV<\/title>\n<meta name=\"robots\" content=\"index, follow, max-snippet:-1, max-image-preview:large, max-video-preview:-1\" \/>\n<link rel=\"canonical\" href=\"https:\/\/www.meydan.tv\/az\/article\/abs-iran-munasibetlerinin-azerbaycana-tesiri-olacaqmi\/\" \/>\n<meta property=\"og:locale\" content=\"az_AZ\" \/>\n<meta property=\"og:type\" content=\"article\" \/>\n<meta property=\"og:title\" content=\"AB\u015e-\u0130ran m\u00fcnasib\u0259tl\u0259rinin Az\u0259rbaycana t\u0259siri olacaqm\u0131? - MEYDAN.TV\" \/>\n<meta property=\"og:description\" content=\"Ekspertl\u0259rin q\u0259na\u0259tinc\u0259, sanksiyalar Az\u0259rbaycandan da yan ke\u00e7m\u0259y\u0259c\u0259k\" \/>\n<meta property=\"og:url\" content=\"https:\/\/www.meydan.tv\/az\/article\/abs-iran-munasibetlerinin-azerbaycana-tesiri-olacaqmi\/\" \/>\n<meta property=\"og:site_name\" content=\"MEYDAN.TV\" \/>\n<meta property=\"article:published_time\" content=\"2018-05-23T19:48:45+00:00\" \/>\n<meta property=\"og:image\" content=\"https:\/\/www.meydan.tv\/wp-content\/uploads\/41289.jpg\" \/>\n\t<meta property=\"og:image:width\" content=\"1280\" \/>\n\t<meta property=\"og:image:height\" content=\"720\" \/>\n\t<meta property=\"og:image:type\" content=\"image\/jpeg\" \/>\n<meta name=\"author\" content=\"user-manager\" \/>\n<meta name=\"twitter:card\" content=\"summary_large_image\" \/>\n<script type=\"application\/ld+json\" class=\"yoast-schema-graph\">{\"@context\":\"https:\\\/\\\/schema.org\",\"@graph\":[{\"@type\":\"Article\",\"@id\":\"https:\\\/\\\/www.meydan.tv\\\/az\\\/article\\\/abs-iran-munasibetlerinin-azerbaycana-tesiri-olacaqmi\\\/#article\",\"isPartOf\":{\"@id\":\"https:\\\/\\\/www.meydan.tv\\\/az\\\/article\\\/abs-iran-munasibetlerinin-azerbaycana-tesiri-olacaqmi\\\/\"},\"author\":{\"name\":\"user-manager\",\"@id\":\"https:\\\/\\\/www.meydan.tv\\\/az\\\/#\\\/schema\\\/person\\\/10d11eccf6da3662cf5fdab9806ea91a\"},\"headline\":\"AB\u015e-\u0130ran m\u00fcnasib\u0259tl\u0259rinin Az\u0259rbaycana t\u0259siri olacaqm\u0131?\",\"datePublished\":\"2018-05-23T19:48:45+00:00\",\"mainEntityOfPage\":{\"@id\":\"https:\\\/\\\/www.meydan.tv\\\/az\\\/article\\\/abs-iran-munasibetlerinin-azerbaycana-tesiri-olacaqmi\\\/\"},\"wordCount\":905,\"publisher\":{\"@id\":\"https:\\\/\\\/www.meydan.tv\\\/az\\\/#organization\"},\"image\":{\"@id\":\"https:\\\/\\\/www.meydan.tv\\\/az\\\/article\\\/abs-iran-munasibetlerinin-azerbaycana-tesiri-olacaqmi\\\/#primaryimage\"},\"thumbnailUrl\":\"https:\\\/\\\/www.meydan.tv\\\/wp-content\\\/uploads\\\/41289.jpg\",\"articleSection\":[\"Analitika\"],\"inLanguage\":\"az\"},{\"@type\":\"WebPage\",\"@id\":\"https:\\\/\\\/www.meydan.tv\\\/az\\\/article\\\/abs-iran-munasibetlerinin-azerbaycana-tesiri-olacaqmi\\\/\",\"url\":\"https:\\\/\\\/www.meydan.tv\\\/az\\\/article\\\/abs-iran-munasibetlerinin-azerbaycana-tesiri-olacaqmi\\\/\",\"name\":\"AB\u015e-\u0130ran m\u00fcnasib\u0259tl\u0259rinin Az\u0259rbaycana t\u0259siri olacaqm\u0131? - MEYDAN.TV\",\"isPartOf\":{\"@id\":\"https:\\\/\\\/www.meydan.tv\\\/az\\\/#website\"},\"primaryImageOfPage\":{\"@id\":\"https:\\\/\\\/www.meydan.tv\\\/az\\\/article\\\/abs-iran-munasibetlerinin-azerbaycana-tesiri-olacaqmi\\\/#primaryimage\"},\"image\":{\"@id\":\"https:\\\/\\\/www.meydan.tv\\\/az\\\/article\\\/abs-iran-munasibetlerinin-azerbaycana-tesiri-olacaqmi\\\/#primaryimage\"},\"thumbnailUrl\":\"https:\\\/\\\/www.meydan.tv\\\/wp-content\\\/uploads\\\/41289.jpg\",\"datePublished\":\"2018-05-23T19:48:45+00:00\",\"breadcrumb\":{\"@id\":\"https:\\\/\\\/www.meydan.tv\\\/az\\\/article\\\/abs-iran-munasibetlerinin-azerbaycana-tesiri-olacaqmi\\\/#breadcrumb\"},\"inLanguage\":\"az\",\"potentialAction\":[{\"@type\":\"ReadAction\",\"target\":[\"https:\\\/\\\/www.meydan.tv\\\/az\\\/article\\\/abs-iran-munasibetlerinin-azerbaycana-tesiri-olacaqmi\\\/\"]}]},{\"@type\":\"ImageObject\",\"inLanguage\":\"az\",\"@id\":\"https:\\\/\\\/www.meydan.tv\\\/az\\\/article\\\/abs-iran-munasibetlerinin-azerbaycana-tesiri-olacaqmi\\\/#primaryimage\",\"url\":\"https:\\\/\\\/www.meydan.tv\\\/wp-content\\\/uploads\\\/41289.jpg\",\"contentUrl\":\"https:\\\/\\\/www.meydan.tv\\\/wp-content\\\/uploads\\\/41289.jpg\",\"width\":1280,\"height\":720,\"caption\":\"Source:\"},{\"@type\":\"BreadcrumbList\",\"@id\":\"https:\\\/\\\/www.meydan.tv\\\/az\\\/article\\\/abs-iran-munasibetlerinin-azerbaycana-tesiri-olacaqmi\\\/#breadcrumb\",\"itemListElement\":[{\"@type\":\"ListItem\",\"position\":1,\"name\":\"Ana s\u0259hif\u0259\",\"item\":\"https:\\\/\\\/www.meydan.tv\\\/az\\\/\"},{\"@type\":\"ListItem\",\"position\":2,\"name\":\"Analitika\",\"item\":\"https:\\\/\\\/www.meydan.tv\\\/az\\\/section\\\/analitika\\\/\"},{\"@type\":\"ListItem\",\"position\":3,\"name\":\"AB\u015e-\u0130ran m\u00fcnasib\u0259tl\u0259rinin Az\u0259rbaycana t\u0259siri olacaqm\u0131?\"}]},{\"@type\":\"WebSite\",\"@id\":\"https:\\\/\\\/www.meydan.tv\\\/az\\\/#website\",\"url\":\"https:\\\/\\\/www.meydan.tv\\\/az\\\/\",\"name\":\"MEYDAN.TV\",\"description\":\"Meydan TV Az\u0259rbaycan\u0131n media m\u0259kan\u0131ndak\u0131 alternativ s\u0259sidir\",\"publisher\":{\"@id\":\"https:\\\/\\\/www.meydan.tv\\\/az\\\/#organization\"},\"potentialAction\":[{\"@type\":\"SearchAction\",\"target\":{\"@type\":\"EntryPoint\",\"urlTemplate\":\"https:\\\/\\\/www.meydan.tv\\\/az\\\/?s={search_term_string}\"},\"query-input\":{\"@type\":\"PropertyValueSpecification\",\"valueRequired\":true,\"valueName\":\"search_term_string\"}}],\"inLanguage\":\"az\"},{\"@type\":\"Organization\",\"@id\":\"https:\\\/\\\/www.meydan.tv\\\/az\\\/#organization\",\"name\":\"Meydan TV\",\"url\":\"https:\\\/\\\/www.meydan.tv\\\/az\\\/\",\"logo\":{\"@type\":\"ImageObject\",\"inLanguage\":\"az\",\"@id\":\"https:\\\/\\\/www.meydan.tv\\\/az\\\/#\\\/schema\\\/logo\\\/image\\\/\",\"url\":\"https:\\\/\\\/www.meydan.tv\\\/wp-content\\\/uploads\\\/2021\\\/07\\\/meydan-logo.svg\",\"contentUrl\":\"https:\\\/\\\/www.meydan.tv\\\/wp-content\\\/uploads\\\/2021\\\/07\\\/meydan-logo.svg\",\"width\":195,\"height\":46,\"caption\":\"Meydan TV\"},\"image\":{\"@id\":\"https:\\\/\\\/www.meydan.tv\\\/az\\\/#\\\/schema\\\/logo\\\/image\\\/\"}},{\"@type\":\"Person\",\"@id\":\"https:\\\/\\\/www.meydan.tv\\\/az\\\/#\\\/schema\\\/person\\\/10d11eccf6da3662cf5fdab9806ea91a\",\"name\":\"user-manager\"}]}<\/script>\n<!-- \/ Yoast SEO plugin. -->","yoast_head_json":{"title":"AB\u015e-\u0130ran m\u00fcnasib\u0259tl\u0259rinin Az\u0259rbaycana t\u0259siri olacaqm\u0131? - MEYDAN.TV","robots":{"index":"index","follow":"follow","max-snippet":"max-snippet:-1","max-image-preview":"max-image-preview:large","max-video-preview":"max-video-preview:-1"},"canonical":"https:\/\/www.meydan.tv\/az\/article\/abs-iran-munasibetlerinin-azerbaycana-tesiri-olacaqmi\/","og_locale":"az_AZ","og_type":"article","og_title":"AB\u015e-\u0130ran m\u00fcnasib\u0259tl\u0259rinin Az\u0259rbaycana t\u0259siri olacaqm\u0131? - MEYDAN.TV","og_description":"Ekspertl\u0259rin q\u0259na\u0259tinc\u0259, sanksiyalar Az\u0259rbaycandan da yan ke\u00e7m\u0259y\u0259c\u0259k","og_url":"https:\/\/www.meydan.tv\/az\/article\/abs-iran-munasibetlerinin-azerbaycana-tesiri-olacaqmi\/","og_site_name":"MEYDAN.TV","article_published_time":"2018-05-23T19:48:45+00:00","og_image":[{"width":1280,"height":720,"url":"https:\/\/www.meydan.tv\/wp-content\/uploads\/41289.jpg","type":"image\/jpeg"}],"author":"user-manager","twitter_card":"summary_large_image","schema":{"@context":"https:\/\/schema.org","@graph":[{"@type":"Article","@id":"https:\/\/www.meydan.tv\/az\/article\/abs-iran-munasibetlerinin-azerbaycana-tesiri-olacaqmi\/#article","isPartOf":{"@id":"https:\/\/www.meydan.tv\/az\/article\/abs-iran-munasibetlerinin-azerbaycana-tesiri-olacaqmi\/"},"author":{"name":"user-manager","@id":"https:\/\/www.meydan.tv\/az\/#\/schema\/person\/10d11eccf6da3662cf5fdab9806ea91a"},"headline":"AB\u015e-\u0130ran m\u00fcnasib\u0259tl\u0259rinin Az\u0259rbaycana t\u0259siri olacaqm\u0131?","datePublished":"2018-05-23T19:48:45+00:00","mainEntityOfPage":{"@id":"https:\/\/www.meydan.tv\/az\/article\/abs-iran-munasibetlerinin-azerbaycana-tesiri-olacaqmi\/"},"wordCount":905,"publisher":{"@id":"https:\/\/www.meydan.tv\/az\/#organization"},"image":{"@id":"https:\/\/www.meydan.tv\/az\/article\/abs-iran-munasibetlerinin-azerbaycana-tesiri-olacaqmi\/#primaryimage"},"thumbnailUrl":"https:\/\/www.meydan.tv\/wp-content\/uploads\/41289.jpg","articleSection":["Analitika"],"inLanguage":"az"},{"@type":"WebPage","@id":"https:\/\/www.meydan.tv\/az\/article\/abs-iran-munasibetlerinin-azerbaycana-tesiri-olacaqmi\/","url":"https:\/\/www.meydan.tv\/az\/article\/abs-iran-munasibetlerinin-azerbaycana-tesiri-olacaqmi\/","name":"AB\u015e-\u0130ran m\u00fcnasib\u0259tl\u0259rinin Az\u0259rbaycana t\u0259siri olacaqm\u0131? - MEYDAN.TV","isPartOf":{"@id":"https:\/\/www.meydan.tv\/az\/#website"},"primaryImageOfPage":{"@id":"https:\/\/www.meydan.tv\/az\/article\/abs-iran-munasibetlerinin-azerbaycana-tesiri-olacaqmi\/#primaryimage"},"image":{"@id":"https:\/\/www.meydan.tv\/az\/article\/abs-iran-munasibetlerinin-azerbaycana-tesiri-olacaqmi\/#primaryimage"},"thumbnailUrl":"https:\/\/www.meydan.tv\/wp-content\/uploads\/41289.jpg","datePublished":"2018-05-23T19:48:45+00:00","breadcrumb":{"@id":"https:\/\/www.meydan.tv\/az\/article\/abs-iran-munasibetlerinin-azerbaycana-tesiri-olacaqmi\/#breadcrumb"},"inLanguage":"az","potentialAction":[{"@type":"ReadAction","target":["https:\/\/www.meydan.tv\/az\/article\/abs-iran-munasibetlerinin-azerbaycana-tesiri-olacaqmi\/"]}]},{"@type":"ImageObject","inLanguage":"az","@id":"https:\/\/www.meydan.tv\/az\/article\/abs-iran-munasibetlerinin-azerbaycana-tesiri-olacaqmi\/#primaryimage","url":"https:\/\/www.meydan.tv\/wp-content\/uploads\/41289.jpg","contentUrl":"https:\/\/www.meydan.tv\/wp-content\/uploads\/41289.jpg","width":1280,"height":720,"caption":"Source:"},{"@type":"BreadcrumbList","@id":"https:\/\/www.meydan.tv\/az\/article\/abs-iran-munasibetlerinin-azerbaycana-tesiri-olacaqmi\/#breadcrumb","itemListElement":[{"@type":"ListItem","position":1,"name":"Ana s\u0259hif\u0259","item":"https:\/\/www.meydan.tv\/az\/"},{"@type":"ListItem","position":2,"name":"Analitika","item":"https:\/\/www.meydan.tv\/az\/section\/analitika\/"},{"@type":"ListItem","position":3,"name":"AB\u015e-\u0130ran m\u00fcnasib\u0259tl\u0259rinin Az\u0259rbaycana t\u0259siri olacaqm\u0131?"}]},{"@type":"WebSite","@id":"https:\/\/www.meydan.tv\/az\/#website","url":"https:\/\/www.meydan.tv\/az\/","name":"MEYDAN.TV","description":"Meydan TV Az\u0259rbaycan\u0131n media m\u0259kan\u0131ndak\u0131 alternativ s\u0259sidir","publisher":{"@id":"https:\/\/www.meydan.tv\/az\/#organization"},"potentialAction":[{"@type":"SearchAction","target":{"@type":"EntryPoint","urlTemplate":"https:\/\/www.meydan.tv\/az\/?s={search_term_string}"},"query-input":{"@type":"PropertyValueSpecification","valueRequired":true,"valueName":"search_term_string"}}],"inLanguage":"az"},{"@type":"Organization","@id":"https:\/\/www.meydan.tv\/az\/#organization","name":"Meydan TV","url":"https:\/\/www.meydan.tv\/az\/","logo":{"@type":"ImageObject","inLanguage":"az","@id":"https:\/\/www.meydan.tv\/az\/#\/schema\/logo\/image\/","url":"https:\/\/www.meydan.tv\/wp-content\/uploads\/2021\/07\/meydan-logo.svg","contentUrl":"https:\/\/www.meydan.tv\/wp-content\/uploads\/2021\/07\/meydan-logo.svg","width":195,"height":46,"caption":"Meydan TV"},"image":{"@id":"https:\/\/www.meydan.tv\/az\/#\/schema\/logo\/image\/"}},{"@type":"Person","@id":"https:\/\/www.meydan.tv\/az\/#\/schema\/person\/10d11eccf6da3662cf5fdab9806ea91a","name":"user-manager"}]}},"_links":{"self":[{"href":"https:\/\/www.meydan.tv\/az\/wp-json\/wp\/v2\/posts\/190132","targetHints":{"allow":["GET"]}}],"collection":[{"href":"https:\/\/www.meydan.tv\/az\/wp-json\/wp\/v2\/posts"}],"about":[{"href":"https:\/\/www.meydan.tv\/az\/wp-json\/wp\/v2\/types\/post"}],"author":[{"embeddable":true,"href":"https:\/\/www.meydan.tv\/az\/wp-json\/wp\/v2\/users\/11"}],"replies":[{"embeddable":true,"href":"https:\/\/www.meydan.tv\/az\/wp-json\/wp\/v2\/comments?post=190132"}],"version-history":[{"count":0,"href":"https:\/\/www.meydan.tv\/az\/wp-json\/wp\/v2\/posts\/190132\/revisions"}],"wp:featuredmedia":[{"embeddable":true,"href":"https:\/\/www.meydan.tv\/az\/wp-json\/wp\/v2\/media\/104070"}],"wp:attachment":[{"href":"https:\/\/www.meydan.tv\/az\/wp-json\/wp\/v2\/media?parent=190132"}],"wp:term":[{"taxonomy":"category","embeddable":true,"href":"https:\/\/www.meydan.tv\/az\/wp-json\/wp\/v2\/categories?post=190132"},{"taxonomy":"post_tag","embeddable":true,"href":"https:\/\/www.meydan.tv\/az\/wp-json\/wp\/v2\/tags?post=190132"}],"curies":[{"name":"wp","href":"https:\/\/api.w.org\/{rel}","templated":true}]}}