{"id":190124,"date":"2018-05-23T17:40:00","date_gmt":"2018-05-23T17:40:00","guid":{"rendered":"https:\/\/www.meydan.tv\/article\/rusiyadan-yan-kecen-qaz-kemeri-rusiya-gunu-ise-salinacaq\/"},"modified":"2018-05-23T17:40:00","modified_gmt":"2018-05-23T17:40:00","slug":"rusiyadan-yan-kecen-qaz-kemeri-rusiya-gunu-ise-salinacaq","status":"publish","type":"post","link":"https:\/\/www.meydan.tv\/az\/article\/rusiyadan-yan-kecen-qaz-kemeri-rusiya-gunu-ise-salinacaq\/","title":{"rendered":"Rusiyadan yan ke\u00e7\u0259n qaz k\u0259m\u0259ri Rusiya G\u00fcn\u00fc i\u015f\u0259 sal\u0131nacaq"},"content":{"rendered":"<figure class=\"wp-block-image size-large\">\n  <img decoding=\"async\" src=\"https:\/\/www.meydan.tv\/az\/104058\/\" alt=\"\" class=\"wp-image-104058\"\/><figcaption><\/figcaption><\/figure>\n<p>\n  <i><br \/>\n    TANAP-\u0131n Rusiyada \u0259dav\u0259t do\u011furmas\u0131n\u0131n s\u0259b\u0259bl\u0259ri<br \/>\n  <\/i>\n<\/p>\n<p>\n  2018-ci il iyunun 12-d\u0259 Az\u0259rbaycandan ba\u015flay\u0131b Erm\u0259nistandan yan ke\u00e7\u0259r\u0259k b\u00fct\u00fcn G\u00fcrc\u00fcstan v\u0259 T\u00fcrkiy\u0259 \u00fcz\u0259rind\u0259n c\u0259nub-\u015f\u0259rqi Avropaya \u00e7atacaq yeni qaz t\u0259chizat\u0131 x\u0259ttinin a\u00e7\u0131l\u0131\u015f\u0131 olacaq. Bunu T\u00fcrkiy\u0259nin energetika v\u0259 t\u0259bii s\u0259rv\u0259tl\u0259r naziri Berat Albayrak elan edib. Qaz k\u0259m\u0259rinin i\u015f\u0259 sal\u0131nmas\u0131 m\u0259rasimind\u0259 T\u00fcrkiy\u0259 v\u0259 Az\u0259rbaycan prezidentl\u0259ri R\u0259c\u0259b Tayyib \u018frdo\u011fan v\u0259 \u0130lham \u018fliyev, habel\u0259 dig\u0259r d\u00f6vl\u0259tl\u0259rin ba\u015f\u00e7\u0131 v\u0259 nazirl\u0259ri i\u015ftirak ed\u0259c\u0259kl\u0259r.\n<\/p>\n<p>\n  \u201cTransanadolu\u201d qaz k\u0259m\u0259rini (TANAP) \u0259vv\u0259lc\u0259 2018-c\u0131 ilin iyul ay\u0131nda a\u00e7maq planla\u015fd\u0131r\u0131l\u0131rd\u0131. Sonradan bu tarix iyunun 19-na ke\u00e7irildi. Amma daha sonra g\u00f6zl\u0259nilm\u0259d\u0259n T\u00fcrkiy\u0259 v\u0259 Az\u0259rbaycan prezidentl\u0259ri qaz k\u0259m\u0259rinin burax\u0131l\u0131\u015f m\u0259rasimini Rusiya G\u00fcn\u00fcnd\u0259 ke\u00e7irm\u0259k bar\u0259d\u0259 raz\u0131l\u0131\u011fa g\u0259ldil\u0259r, sanki bir h\u0259ft\u0259 g\u00f6zl\u0259m\u0259k olmazd\u0131, onsuz da bu, iyunun 19-na planla\u015fd\u0131r\u0131lm\u0131\u015fd\u0131. Deyirl\u0259r ki, \u00fc\u00e7\u00fcnc\u00fc tarix ona g\u00f6r\u0259 t\u0259yin olundu ki, T\u00fcrkiy\u0259d\u0259 iyunun 24-d\u0259 n\u00f6vb\u0259d\u0259nk\u0259nar prezident v\u0259 parlament se\u00e7kil\u0259ri ke\u00e7iril\u0259c\u0259k. Amma niy\u0259 m\u0259hz 12-si, Rusiya G\u00fcn\u00fc? Bu, Rusiya jurnalistl\u0259rind\u0259 sual do\u011furub.\n<\/p>\n<p>\n  Moskvada deyirl\u0259r ki, g\u00fcc\u00fc nisb\u0259t\u0259n az oldu\u011fundan, TANAP Rusiyan\u0131n &#8220;T\u00fcrk ax\u0131n\u0131&#8221;na alternativ ola bilm\u0259z. Lakin g\u0259lin qaz n\u0259qlin\u0259 aid b\u0259yan edilmi\u015f r\u0259q\u0259ml\u0259r\u0259 baxaq. \u018fvv\u0259lc\u0259 uzunlu\u011fu 1850 kilometr olan \u201cTransanadolu\u201d qaz k\u0259m\u0259ri il\u0259 ild\u0259 16 mlrd. kubmetr Az\u0259rbaycan mavi yanaca\u011f\u0131 da\u015f\u0131nacaq. Ehtimal olunur ki, bunun, t\u0259qrib\u0259n, 6 mlrd. kubmetri T\u00fcrkiy\u0259y\u0259, qalan\u0131 is\u0259 Avropaya \u00e7atacaq. Ehtiyac yaransa, trafikin g\u00fcc\u00fc ild\u0259 31 mlrd. kubmetr\u0259 \u00e7atd\u0131r\u0131la bil\u0259r.\n<\/p>\n<p>\n  Rusiyan\u0131n &#8220;Qazprom&#8221; \u015firk\u0259tinin \u00e7\u0259kdiyi &#8220;T\u00fcrk ax\u0131n\u0131&#8221; h\u0259r\u0259si il\u0259 ild\u0259 15,75 mlrd. kubmetr qaz n\u0259ql edil\u0259c\u0259k iki x\u0259td\u0259n ibar\u0259t olacaq. Onlardan biri haz\u0131rd\u0131r v\u0259 T\u00fcrkiy\u0259nin qaza olan t\u0259l\u0259bat\u0131n\u0131n od\u0259nilm\u0259sin\u0259 xidm\u0259t ed\u0259c\u0259k. Moskva v\u0259 Ankara Avropan\u0131n c\u0259nubuna catd\u0131r\u0131lacaq ikinci x\u0259ttin tranzit mar\u015frutu \u00fczr\u0259 m\u00fczakir\u0259l\u0259r apar\u0131r. Y\u0259ni iyunun 12-d\u0259n ba\u015flayaraq TANAP-la &#8220;T\u00fcrk ax\u0131n\u0131&#8221;n\u0131n f\u0259aliyy\u0259t g\u00f6st\u0259r\u0259n bir borusu il\u0259 m\u00fcqayis\u0259d\u0259 daha \u00e7ox qaz ixrac edil\u0259c\u0259k. \u0130kinci x\u0259tt h\u0259l\u0259 yoxdur, onun haqq\u0131nda yaln\u0131z dan\u0131\u015f\u0131rlar. \u018fg\u0259r onlar\u0131n i\u015fl\u0259ri yax\u015f\u0131 gets\u0259, g\u0259l\u0259c\u0259kd\u0259 &#8220;T\u00fcrk ax\u0131n\u0131&#8221; TANAP-dan t\u0259xmin\u0259n 2 d\u0259f\u0259 g\u00fccl\u00fc olacaq. Rusiyaya daha \u00e7ox t\u0259skinlik ver\u0259n Bak\u0131n\u0131n &#8220;\u00f6z borusuna&#8221; dolduracaq Az\u0259rbaycan qaz\u0131 ehtiyatlar\u0131n\u0131n azalmas\u0131 bar\u0259d\u0259ki proqnozlard\u0131r.\n<\/p>\n<p>\n  &#8220;T\u00fcrk ax\u0131n\u0131&#8221;n\u0131n T\u00fcrkiy\u0259 v\u0259 Avropa \u00fc\u00e7\u00fcn \u0259h\u0259miyy\u0259tini art\u0131rmaq \u00fc\u00e7\u00fcn Moskvada s\u0259hv\u0259n v\u0259 ya bil\u0259r\u0259kd\u0259n TANAP-\u0131n r\u0259qab\u0259t qabiliyy\u0259tini azald\u0131rlar. Az\u0259rbaycan 2006-c\u0131 ild\u0259 X\u0259z\u0259r d\u0259nizind\u0259 k\u0259\u015ff edilmi\u015f &#8220;\u015eah-D\u0259niz&#8221; yata\u011f\u0131n\u0131n imkanlar\u0131na \u0259mindir. Layih\u0259nin s\u0259hmdarlar\u0131 bunlard\u0131r: BP \u015firk\u0259ti (Britaniya, s\u0259hml\u0259rin 29%-i), T\u00fcrkiye Petrolleri Sc (T\u00fcrkiy\u0259, 19%), SOCAR (Az\u0259rbaycan, 17%), Petronas (Malayziya, 15%), &#8220;Lukoyl&#8221; (Rusiya, 10%) v\u0259 NICO (\u0130ran, 10%).\n<\/p>\n<p>\n  &#8220;\u015eah-D\u0259niz&#8221;in birinci n\u00f6vb\u0259sinin g\u00fcc\u00fc ild\u0259 8 mlrd. kubmetr h\u0259cmind\u0259 qiym\u0259tl\u0259ndirilir. \u0130kinci n\u00f6vb\u0259 bu il i\u015f\u0259 sal\u0131nacaq, onda, Bak\u0131n\u0131n hesablamalar\u0131na g\u00f6r\u0259, yataqda illik qaz hasilat\u0131 25 mlrd. kubmetr\u0259 catacaq. Bundan ba\u015fqa, yeni imkanlar yarana bil\u0259r, \u00e7\u00fcnki X\u0259z\u0259rin Az\u0259rbaycan sektorunun perspektivli yataqlar\u0131nda k\u0259\u015ffiyyat i\u015fl\u0259ri apar\u0131l\u0131r. Ehtiyatlar\u0131 350 mlrd. kubmetr qaz v\u0259 45 mln. ton kondensat t\u0259\u015fkil ed\u0259n &#8220;Ab\u015feron&#8221; yata\u011f\u0131nda qaz hasilat\u0131 2020-ci ild\u0259 ba\u015flanacaq.\n<\/p>\n<p>\n  &#8220;\u00dcmid&#8221; yata\u011f\u0131n\u0131n ehtiyatlar\u0131 200 mlrd. kubmetr qaz v\u0259 30 mln. ton kondensat, &#8220;Bab\u0259k&#8221; strukturunun resurslar\u0131 400 mlrd. kubmetr qaz v\u0259 80 mln. ton kondensat h\u0259cmind\u0259 qiym\u0259tl\u0259ndirilir. &#8220;Qaraba\u011f&#8221; yata\u011f\u0131nda qaz ehtiyatlar\u0131 28 mlrd. kubmetr t\u0259\u015fkil edir.\n<\/p>\n<p>\n  \u201c\u018fg\u0259r \u0130ran v\u0259 T\u00fcrkm\u0259nistan bu layih\u0259y\u0259 qo\u015fulsa, TANAP-\u0131n ona daxil oldu\u011fu &#8220;C\u0259nub qaz d\u0259hlizinin&#8221; Avropa \u00fc\u00e7\u00fcn \u0259h\u0259miyy\u0259ti daha da arta bil\u0259r\u201d, &#8211; dey\u0259 Rusiyan\u0131n RT TV-holdinqi qeyd edir. \u0130randa k\u0259\u015ff olunmu\u015f qaz ehtiyatlar\u0131 t\u0259xmin\u0259n 34 trln. kubmetr, T\u00fcrkm\u0259nistanda is\u0259 t\u0259xmin\u0259n 10 trln. kubmetr t\u0259\u015fkil edir. ARDN\u015e-nin ke\u00e7mi\u015f prezidenti, m\u0259rhum nazir Natiq \u018fliyev deyirdi ki, Bak\u0131 v\u0259 Ankara tikil\u0259n qaz magistral\u0131ndan \u0130raq, \u0130srail v\u0259 Kiprd\u0259n qaz\u0131n tranziti \u00fc\u00e7\u00fcn istifad\u0259 etm\u0259y\u0259 haz\u0131rd\u0131r.\n<\/p>\n<p>\n  Ayd\u0131nd\u0131r ki, Az\u0259rbaycan uydurmur, o, TANAP-\u0131 doldurmaq \u00fc\u00e7\u00fcn qaz tapacaq. 2016-c\u0131 ild\u0259 Az\u0259rbaycan prezidenti \u0130lham \u018fliyev b\u0259yan etmi\u015fdi ki, &#8220;C\u0259nub qaz d\u0259hlizi&#8221; \u00fczr\u0259 T\u00fcrkiy\u0259 vasit\u0259sil\u0259 n\u0259ql edilm\u0259si n\u0259z\u0259rd\u0259 tutulmu\u015f b\u00fct\u00fcn qaz art\u0131q sat\u0131l\u0131b. O, &#8220;Rusiya bu g\u00fcn&#8221; B\u0130A-n\u0131n ba\u015f direktoru Dmitri Kiselyova m\u00fcsahib\u0259sind\u0259 deyirdi: &#8220;TANAP il\u0259 he\u00e7 bir dig\u0259r regional enerji layih\u0259l\u0259ri, sad\u0259c\u0259, obyektiv sur\u0259td\u0259 r\u0259qab\u0259t apara bilm\u0259z, \u00e7\u00fcnki biz art\u0131q qaz\u0131 satm\u0131\u015f\u0131q&#8221;. \u0130lham \u018fliyev qeyd etmi\u015fdi ki, &#8220;Biz 2018-ci ild\u0259n ba\u015flanacaq v\u0259 2020-2021-ci ill\u0259rd\u0259 \u0259n y\u00fcks\u0259k h\u0259cm\u0259 \u00e7atacaq qaz hasilat\u0131n\u0131n art\u0131r\u0131lmas\u0131 \u00fczr\u0259 m\u00fcqavil\u0259l\u0259ri imzalam\u0131\u015f\u0131q&#8221;.\n<\/p>\n<p>\n  F\u0259q\u0259t TANAP-\u0131n Avropa bazar\u0131 \u00fc\u00e7\u00fcn \u00e7ox b\u00f6y\u00fck \u0259h\u0259miyy\u0259t k\u0259sb etm\u0259si haqda r\u0259smi Bak\u0131 m\u0259tbuat\u0131nda int\u0259has\u0131z sur\u0259td\u0259 yay\u0131lan m\u0259lumatlar ger\u00e7\u0259klikl\u0259rl\u0259 t\u0259sdiq olunmur, \u00e7\u00fcnki Avropa \u018flc\u0259zair, Norve\u00e7 v\u0259 Rusiyadan ald\u0131\u011f\u0131 qazla tam t\u0259min olunub. \u018fslind\u0259 Az\u0259rbaycan qaz\u0131 Avropa Birliyini qaz t\u0259dar\u00fckl\u0259rinin diversifikasiyas\u0131 bax\u0131m\u0131ndan maraqland\u0131r\u0131r, \u00e7\u00fcnki bu, onu ad\u0131 \u00e7\u0259kil\u0259n \u00fc\u00e7 \u00f6lk\u0259d\u0259n, x\u00fcsusil\u0259 Putin Rusiyas\u0131ndan as\u0131l\u0131 olmama\u011fa imkan ver\u0259c\u0259k. Bunu Avropa Komissiyas\u0131n\u0131n vitse-prezidenti Maro\u015f \u015eef\u00e7ovi\u00e7 ba\u015fqa, diplomatik ifad\u0259l\u0259rl\u0259 izah edib. Moskvan\u0131n Az\u0259rbaycana qar\u015f\u0131 gizli \u0259dav\u0259t b\u0259sl\u0259m\u0259sinin s\u0259b\u0259bini Avropan\u0131n art\u0131q qaz t\u0259dar\u00fck\u00fcn\u00fc t\u0259min ed\u0259r\u0259k, Rusiyadan yanacaq al\u0131nmas\u0131n\u0131 azaltmaq v\u0259 ya h\u0259tta Putinl\u0259, onun siyasi m\u0259qs\u0259dl\u0259rind\u0259n as\u0131l\u0131 olmamaq \u00fc\u00e7\u00fcn, ticar\u0259t aparmaqdan imtina etm\u0259k niyy\u0259tind\u0259 axtarmaq laz\u0131md\u0131r. Bu, eyni zamanda, qaz t\u0259dar\u00fck\u00e7\u00fcl\u0259ri aras\u0131nda r\u0259qab\u0259ti g\u00fccl\u0259ndir\u0259r\u0259k, Avropada qaz\u0131n qiym\u0259tini a\u015fa\u011f\u0131 salma\u011fa imkan ver\u0259c\u0259k.\n<\/p>\n<p>\n  \u0130ndi Rusiyan\u0131n \u201cLenta.ru\u201d sayt\u0131nda bu ilin may ay\u0131n\u0131n 21-d\u0259 d\u0259rc olunmu\u015f a\u00e7\u0131q -ayd\u0131n antiAz\u0259rbaycan ruhlu iki hiss\u0259d\u0259n ibar\u0259t &#8220;Arxadan sanc\u0131lan \u015fi\u015f. Rusiyadan yan ke\u00e7\u0259n qaz k\u0259m\u0259rini Rusiya G\u00fcn\u00fc i\u015f\u0259 salacaqlar. T\u00fcrkiy\u0259 v\u0259 Az\u0259rbaycana t\u0259\u015f\u0259kk\u00fcrl\u0259r&#8221; adl\u0131 m\u0259qal\u0259nin tarix\u00e7\u0259si ayd\u0131n olur.\n<\/p>\n<p>\n  Yeri g\u0259lmi\u015fk\u0259n, qeyd ed\u0259k ki, TANAP sahibl\u0259ri s\u0131ras\u0131nda Rusiya yoxdur. TANAP s\u0259hml\u0259rinin n\u0259zar\u0259t paketi (51%) Az\u0259rbaycan D\u00f6vl\u0259t Neft \u015eirk\u0259tin\u0259 (SOCAR) m\u0259xsusdur. Qalan paylar: &#8220;Botas&#8221; \u015firk\u0259ti (T\u00fcrkiy\u0259, 30%), BP (B\u00f6y\u00fck Britaniya, 12%) SOCAR Turkey Enerji (7%). Layih\u0259nin d\u0259y\u0259ri 8 mlrd. dollara yax\u0131nd\u0131r.<\/p>\n","protected":false},"excerpt":{"rendered":"<p>TANAP-\u0131n Rusiyada \u0259dav\u0259t do\u011furmas\u0131n\u0131n s\u0259b\u0259bl\u0259ri<\/p>\n","protected":false},"author":11,"featured_media":104058,"comment_status":"closed","ping_status":"open","sticky":false,"template":"","format":"standard","meta":{"_acf_changed":false,"_sitemap_exclude":false,"_sitemap_priority":"","_sitemap_frequency":"","footnotes":""},"categories":[51],"tags":[],"class_list":["post-190124","post","type-post","status-publish","format-standard","has-post-thumbnail","hentry","category-analitika","infinite-scroll-item","generate-columns","tablet-grid-50","mobile-grid-100","grid-parent","grid-33","no-featured-image-padding"],"acf":[],"yoast_head":"<!-- This site is optimized with the Yoast SEO plugin v27.4 - https:\/\/yoast.com\/product\/yoast-seo-wordpress\/ -->\n<title>Rusiyadan yan ke\u00e7\u0259n qaz k\u0259m\u0259ri Rusiya G\u00fcn\u00fc i\u015f\u0259 sal\u0131nacaq - MEYDAN.TV<\/title>\n<meta name=\"robots\" content=\"index, follow, max-snippet:-1, max-image-preview:large, max-video-preview:-1\" \/>\n<link rel=\"canonical\" href=\"https:\/\/www.meydan.tv\/az\/article\/rusiyadan-yan-kecen-qaz-kemeri-rusiya-gunu-ise-salinacaq\/\" \/>\n<meta property=\"og:locale\" content=\"az_AZ\" \/>\n<meta property=\"og:type\" content=\"article\" \/>\n<meta property=\"og:title\" content=\"Rusiyadan yan ke\u00e7\u0259n qaz k\u0259m\u0259ri Rusiya G\u00fcn\u00fc i\u015f\u0259 sal\u0131nacaq - MEYDAN.TV\" \/>\n<meta property=\"og:description\" content=\"TANAP-\u0131n Rusiyada \u0259dav\u0259t do\u011furmas\u0131n\u0131n s\u0259b\u0259bl\u0259ri\" \/>\n<meta property=\"og:url\" content=\"https:\/\/www.meydan.tv\/az\/article\/rusiyadan-yan-kecen-qaz-kemeri-rusiya-gunu-ise-salinacaq\/\" \/>\n<meta property=\"og:site_name\" content=\"MEYDAN.TV\" \/>\n<meta property=\"article:published_time\" content=\"2018-05-23T17:40:00+00:00\" \/>\n<meta property=\"og:image\" content=\"https:\/\/www.meydan.tv\/wp-content\/uploads\/41282.jpg\" \/>\n\t<meta property=\"og:image:width\" content=\"800\" \/>\n\t<meta property=\"og:image:height\" content=\"448\" \/>\n\t<meta property=\"og:image:type\" content=\"image\/jpeg\" \/>\n<meta name=\"author\" content=\"user-manager\" \/>\n<meta name=\"twitter:card\" content=\"summary_large_image\" \/>\n<script type=\"application\/ld+json\" class=\"yoast-schema-graph\">{\"@context\":\"https:\\\/\\\/schema.org\",\"@graph\":[{\"@type\":\"Article\",\"@id\":\"https:\\\/\\\/www.meydan.tv\\\/az\\\/article\\\/rusiyadan-yan-kecen-qaz-kemeri-rusiya-gunu-ise-salinacaq\\\/#article\",\"isPartOf\":{\"@id\":\"https:\\\/\\\/www.meydan.tv\\\/az\\\/article\\\/rusiyadan-yan-kecen-qaz-kemeri-rusiya-gunu-ise-salinacaq\\\/\"},\"author\":{\"name\":\"user-manager\",\"@id\":\"https:\\\/\\\/www.meydan.tv\\\/az\\\/#\\\/schema\\\/person\\\/10d11eccf6da3662cf5fdab9806ea91a\"},\"headline\":\"Rusiyadan yan ke\u00e7\u0259n qaz k\u0259m\u0259ri Rusiya G\u00fcn\u00fc i\u015f\u0259 sal\u0131nacaq\",\"datePublished\":\"2018-05-23T17:40:00+00:00\",\"mainEntityOfPage\":{\"@id\":\"https:\\\/\\\/www.meydan.tv\\\/az\\\/article\\\/rusiyadan-yan-kecen-qaz-kemeri-rusiya-gunu-ise-salinacaq\\\/\"},\"wordCount\":1300,\"publisher\":{\"@id\":\"https:\\\/\\\/www.meydan.tv\\\/az\\\/#organization\"},\"image\":{\"@id\":\"https:\\\/\\\/www.meydan.tv\\\/az\\\/article\\\/rusiyadan-yan-kecen-qaz-kemeri-rusiya-gunu-ise-salinacaq\\\/#primaryimage\"},\"thumbnailUrl\":\"https:\\\/\\\/www.meydan.tv\\\/wp-content\\\/uploads\\\/41282.jpg\",\"articleSection\":[\"Analitika\"],\"inLanguage\":\"az\"},{\"@type\":\"WebPage\",\"@id\":\"https:\\\/\\\/www.meydan.tv\\\/az\\\/article\\\/rusiyadan-yan-kecen-qaz-kemeri-rusiya-gunu-ise-salinacaq\\\/\",\"url\":\"https:\\\/\\\/www.meydan.tv\\\/az\\\/article\\\/rusiyadan-yan-kecen-qaz-kemeri-rusiya-gunu-ise-salinacaq\\\/\",\"name\":\"Rusiyadan yan ke\u00e7\u0259n qaz k\u0259m\u0259ri Rusiya G\u00fcn\u00fc i\u015f\u0259 sal\u0131nacaq - MEYDAN.TV\",\"isPartOf\":{\"@id\":\"https:\\\/\\\/www.meydan.tv\\\/az\\\/#website\"},\"primaryImageOfPage\":{\"@id\":\"https:\\\/\\\/www.meydan.tv\\\/az\\\/article\\\/rusiyadan-yan-kecen-qaz-kemeri-rusiya-gunu-ise-salinacaq\\\/#primaryimage\"},\"image\":{\"@id\":\"https:\\\/\\\/www.meydan.tv\\\/az\\\/article\\\/rusiyadan-yan-kecen-qaz-kemeri-rusiya-gunu-ise-salinacaq\\\/#primaryimage\"},\"thumbnailUrl\":\"https:\\\/\\\/www.meydan.tv\\\/wp-content\\\/uploads\\\/41282.jpg\",\"datePublished\":\"2018-05-23T17:40:00+00:00\",\"breadcrumb\":{\"@id\":\"https:\\\/\\\/www.meydan.tv\\\/az\\\/article\\\/rusiyadan-yan-kecen-qaz-kemeri-rusiya-gunu-ise-salinacaq\\\/#breadcrumb\"},\"inLanguage\":\"az\",\"potentialAction\":[{\"@type\":\"ReadAction\",\"target\":[\"https:\\\/\\\/www.meydan.tv\\\/az\\\/article\\\/rusiyadan-yan-kecen-qaz-kemeri-rusiya-gunu-ise-salinacaq\\\/\"]}]},{\"@type\":\"ImageObject\",\"inLanguage\":\"az\",\"@id\":\"https:\\\/\\\/www.meydan.tv\\\/az\\\/article\\\/rusiyadan-yan-kecen-qaz-kemeri-rusiya-gunu-ise-salinacaq\\\/#primaryimage\",\"url\":\"https:\\\/\\\/www.meydan.tv\\\/wp-content\\\/uploads\\\/41282.jpg\",\"contentUrl\":\"https:\\\/\\\/www.meydan.tv\\\/wp-content\\\/uploads\\\/41282.jpg\",\"width\":800,\"height\":448,\"caption\":\"Source:\"},{\"@type\":\"BreadcrumbList\",\"@id\":\"https:\\\/\\\/www.meydan.tv\\\/az\\\/article\\\/rusiyadan-yan-kecen-qaz-kemeri-rusiya-gunu-ise-salinacaq\\\/#breadcrumb\",\"itemListElement\":[{\"@type\":\"ListItem\",\"position\":1,\"name\":\"Ana s\u0259hif\u0259\",\"item\":\"https:\\\/\\\/www.meydan.tv\\\/az\\\/\"},{\"@type\":\"ListItem\",\"position\":2,\"name\":\"Analitika\",\"item\":\"https:\\\/\\\/www.meydan.tv\\\/az\\\/section\\\/analitika\\\/\"},{\"@type\":\"ListItem\",\"position\":3,\"name\":\"Rusiyadan yan ke\u00e7\u0259n qaz k\u0259m\u0259ri Rusiya G\u00fcn\u00fc i\u015f\u0259 sal\u0131nacaq\"}]},{\"@type\":\"WebSite\",\"@id\":\"https:\\\/\\\/www.meydan.tv\\\/az\\\/#website\",\"url\":\"https:\\\/\\\/www.meydan.tv\\\/az\\\/\",\"name\":\"MEYDAN.TV\",\"description\":\"Meydan TV Az\u0259rbaycan\u0131n media m\u0259kan\u0131ndak\u0131 alternativ s\u0259sidir\",\"publisher\":{\"@id\":\"https:\\\/\\\/www.meydan.tv\\\/az\\\/#organization\"},\"potentialAction\":[{\"@type\":\"SearchAction\",\"target\":{\"@type\":\"EntryPoint\",\"urlTemplate\":\"https:\\\/\\\/www.meydan.tv\\\/az\\\/?s={search_term_string}\"},\"query-input\":{\"@type\":\"PropertyValueSpecification\",\"valueRequired\":true,\"valueName\":\"search_term_string\"}}],\"inLanguage\":\"az\"},{\"@type\":\"Organization\",\"@id\":\"https:\\\/\\\/www.meydan.tv\\\/az\\\/#organization\",\"name\":\"Meydan TV\",\"url\":\"https:\\\/\\\/www.meydan.tv\\\/az\\\/\",\"logo\":{\"@type\":\"ImageObject\",\"inLanguage\":\"az\",\"@id\":\"https:\\\/\\\/www.meydan.tv\\\/az\\\/#\\\/schema\\\/logo\\\/image\\\/\",\"url\":\"https:\\\/\\\/www.meydan.tv\\\/wp-content\\\/uploads\\\/2021\\\/07\\\/meydan-logo.svg\",\"contentUrl\":\"https:\\\/\\\/www.meydan.tv\\\/wp-content\\\/uploads\\\/2021\\\/07\\\/meydan-logo.svg\",\"width\":195,\"height\":46,\"caption\":\"Meydan TV\"},\"image\":{\"@id\":\"https:\\\/\\\/www.meydan.tv\\\/az\\\/#\\\/schema\\\/logo\\\/image\\\/\"}},{\"@type\":\"Person\",\"@id\":\"https:\\\/\\\/www.meydan.tv\\\/az\\\/#\\\/schema\\\/person\\\/10d11eccf6da3662cf5fdab9806ea91a\",\"name\":\"user-manager\"}]}<\/script>\n<!-- \/ Yoast SEO plugin. -->","yoast_head_json":{"title":"Rusiyadan yan ke\u00e7\u0259n qaz k\u0259m\u0259ri Rusiya G\u00fcn\u00fc i\u015f\u0259 sal\u0131nacaq - MEYDAN.TV","robots":{"index":"index","follow":"follow","max-snippet":"max-snippet:-1","max-image-preview":"max-image-preview:large","max-video-preview":"max-video-preview:-1"},"canonical":"https:\/\/www.meydan.tv\/az\/article\/rusiyadan-yan-kecen-qaz-kemeri-rusiya-gunu-ise-salinacaq\/","og_locale":"az_AZ","og_type":"article","og_title":"Rusiyadan yan ke\u00e7\u0259n qaz k\u0259m\u0259ri Rusiya G\u00fcn\u00fc i\u015f\u0259 sal\u0131nacaq - MEYDAN.TV","og_description":"TANAP-\u0131n Rusiyada \u0259dav\u0259t do\u011furmas\u0131n\u0131n s\u0259b\u0259bl\u0259ri","og_url":"https:\/\/www.meydan.tv\/az\/article\/rusiyadan-yan-kecen-qaz-kemeri-rusiya-gunu-ise-salinacaq\/","og_site_name":"MEYDAN.TV","article_published_time":"2018-05-23T17:40:00+00:00","og_image":[{"width":800,"height":448,"url":"https:\/\/www.meydan.tv\/wp-content\/uploads\/41282.jpg","type":"image\/jpeg"}],"author":"user-manager","twitter_card":"summary_large_image","schema":{"@context":"https:\/\/schema.org","@graph":[{"@type":"Article","@id":"https:\/\/www.meydan.tv\/az\/article\/rusiyadan-yan-kecen-qaz-kemeri-rusiya-gunu-ise-salinacaq\/#article","isPartOf":{"@id":"https:\/\/www.meydan.tv\/az\/article\/rusiyadan-yan-kecen-qaz-kemeri-rusiya-gunu-ise-salinacaq\/"},"author":{"name":"user-manager","@id":"https:\/\/www.meydan.tv\/az\/#\/schema\/person\/10d11eccf6da3662cf5fdab9806ea91a"},"headline":"Rusiyadan yan ke\u00e7\u0259n qaz k\u0259m\u0259ri Rusiya G\u00fcn\u00fc i\u015f\u0259 sal\u0131nacaq","datePublished":"2018-05-23T17:40:00+00:00","mainEntityOfPage":{"@id":"https:\/\/www.meydan.tv\/az\/article\/rusiyadan-yan-kecen-qaz-kemeri-rusiya-gunu-ise-salinacaq\/"},"wordCount":1300,"publisher":{"@id":"https:\/\/www.meydan.tv\/az\/#organization"},"image":{"@id":"https:\/\/www.meydan.tv\/az\/article\/rusiyadan-yan-kecen-qaz-kemeri-rusiya-gunu-ise-salinacaq\/#primaryimage"},"thumbnailUrl":"https:\/\/www.meydan.tv\/wp-content\/uploads\/41282.jpg","articleSection":["Analitika"],"inLanguage":"az"},{"@type":"WebPage","@id":"https:\/\/www.meydan.tv\/az\/article\/rusiyadan-yan-kecen-qaz-kemeri-rusiya-gunu-ise-salinacaq\/","url":"https:\/\/www.meydan.tv\/az\/article\/rusiyadan-yan-kecen-qaz-kemeri-rusiya-gunu-ise-salinacaq\/","name":"Rusiyadan yan ke\u00e7\u0259n qaz k\u0259m\u0259ri Rusiya G\u00fcn\u00fc i\u015f\u0259 sal\u0131nacaq - MEYDAN.TV","isPartOf":{"@id":"https:\/\/www.meydan.tv\/az\/#website"},"primaryImageOfPage":{"@id":"https:\/\/www.meydan.tv\/az\/article\/rusiyadan-yan-kecen-qaz-kemeri-rusiya-gunu-ise-salinacaq\/#primaryimage"},"image":{"@id":"https:\/\/www.meydan.tv\/az\/article\/rusiyadan-yan-kecen-qaz-kemeri-rusiya-gunu-ise-salinacaq\/#primaryimage"},"thumbnailUrl":"https:\/\/www.meydan.tv\/wp-content\/uploads\/41282.jpg","datePublished":"2018-05-23T17:40:00+00:00","breadcrumb":{"@id":"https:\/\/www.meydan.tv\/az\/article\/rusiyadan-yan-kecen-qaz-kemeri-rusiya-gunu-ise-salinacaq\/#breadcrumb"},"inLanguage":"az","potentialAction":[{"@type":"ReadAction","target":["https:\/\/www.meydan.tv\/az\/article\/rusiyadan-yan-kecen-qaz-kemeri-rusiya-gunu-ise-salinacaq\/"]}]},{"@type":"ImageObject","inLanguage":"az","@id":"https:\/\/www.meydan.tv\/az\/article\/rusiyadan-yan-kecen-qaz-kemeri-rusiya-gunu-ise-salinacaq\/#primaryimage","url":"https:\/\/www.meydan.tv\/wp-content\/uploads\/41282.jpg","contentUrl":"https:\/\/www.meydan.tv\/wp-content\/uploads\/41282.jpg","width":800,"height":448,"caption":"Source:"},{"@type":"BreadcrumbList","@id":"https:\/\/www.meydan.tv\/az\/article\/rusiyadan-yan-kecen-qaz-kemeri-rusiya-gunu-ise-salinacaq\/#breadcrumb","itemListElement":[{"@type":"ListItem","position":1,"name":"Ana s\u0259hif\u0259","item":"https:\/\/www.meydan.tv\/az\/"},{"@type":"ListItem","position":2,"name":"Analitika","item":"https:\/\/www.meydan.tv\/az\/section\/analitika\/"},{"@type":"ListItem","position":3,"name":"Rusiyadan yan ke\u00e7\u0259n qaz k\u0259m\u0259ri Rusiya G\u00fcn\u00fc i\u015f\u0259 sal\u0131nacaq"}]},{"@type":"WebSite","@id":"https:\/\/www.meydan.tv\/az\/#website","url":"https:\/\/www.meydan.tv\/az\/","name":"MEYDAN.TV","description":"Meydan TV Az\u0259rbaycan\u0131n media m\u0259kan\u0131ndak\u0131 alternativ s\u0259sidir","publisher":{"@id":"https:\/\/www.meydan.tv\/az\/#organization"},"potentialAction":[{"@type":"SearchAction","target":{"@type":"EntryPoint","urlTemplate":"https:\/\/www.meydan.tv\/az\/?s={search_term_string}"},"query-input":{"@type":"PropertyValueSpecification","valueRequired":true,"valueName":"search_term_string"}}],"inLanguage":"az"},{"@type":"Organization","@id":"https:\/\/www.meydan.tv\/az\/#organization","name":"Meydan TV","url":"https:\/\/www.meydan.tv\/az\/","logo":{"@type":"ImageObject","inLanguage":"az","@id":"https:\/\/www.meydan.tv\/az\/#\/schema\/logo\/image\/","url":"https:\/\/www.meydan.tv\/wp-content\/uploads\/2021\/07\/meydan-logo.svg","contentUrl":"https:\/\/www.meydan.tv\/wp-content\/uploads\/2021\/07\/meydan-logo.svg","width":195,"height":46,"caption":"Meydan TV"},"image":{"@id":"https:\/\/www.meydan.tv\/az\/#\/schema\/logo\/image\/"}},{"@type":"Person","@id":"https:\/\/www.meydan.tv\/az\/#\/schema\/person\/10d11eccf6da3662cf5fdab9806ea91a","name":"user-manager"}]}},"_links":{"self":[{"href":"https:\/\/www.meydan.tv\/az\/wp-json\/wp\/v2\/posts\/190124","targetHints":{"allow":["GET"]}}],"collection":[{"href":"https:\/\/www.meydan.tv\/az\/wp-json\/wp\/v2\/posts"}],"about":[{"href":"https:\/\/www.meydan.tv\/az\/wp-json\/wp\/v2\/types\/post"}],"author":[{"embeddable":true,"href":"https:\/\/www.meydan.tv\/az\/wp-json\/wp\/v2\/users\/11"}],"replies":[{"embeddable":true,"href":"https:\/\/www.meydan.tv\/az\/wp-json\/wp\/v2\/comments?post=190124"}],"version-history":[{"count":0,"href":"https:\/\/www.meydan.tv\/az\/wp-json\/wp\/v2\/posts\/190124\/revisions"}],"wp:featuredmedia":[{"embeddable":true,"href":"https:\/\/www.meydan.tv\/az\/wp-json\/wp\/v2\/media\/104058"}],"wp:attachment":[{"href":"https:\/\/www.meydan.tv\/az\/wp-json\/wp\/v2\/media?parent=190124"}],"wp:term":[{"taxonomy":"category","embeddable":true,"href":"https:\/\/www.meydan.tv\/az\/wp-json\/wp\/v2\/categories?post=190124"},{"taxonomy":"post_tag","embeddable":true,"href":"https:\/\/www.meydan.tv\/az\/wp-json\/wp\/v2\/tags?post=190124"}],"curies":[{"name":"wp","href":"https:\/\/api.w.org\/{rel}","templated":true}]}}