{"id":190078,"date":"2018-05-21T17:36:40","date_gmt":"2018-05-21T17:36:40","guid":{"rendered":"https:\/\/www.meydan.tv\/article\/pasinyandan-yeni-nefes\/"},"modified":"2018-05-21T17:36:40","modified_gmt":"2018-05-21T17:36:40","slug":"pasinyandan-yeni-nefes","status":"publish","type":"post","link":"https:\/\/www.meydan.tv\/az\/article\/pasinyandan-yeni-nefes\/","title":{"rendered":"Pa\u015finyandan &#8221;yeni&#8221; n\u0259f\u0259s"},"content":{"rendered":"<p>\n  Qon\u015fu \u00f6lk\u0259d\u0259 ba\u015f ver\u0259nl\u0259rl\u0259 maraqlananlar aras\u0131nda Qaraba\u011f m\u00fcnaqi\u015f\u0259sinin dinc h\u0259llin\u0259 b\u0259sl\u0259n\u0259n \u00fcmidl\u0259rin n\u00f6vb\u0259ti d\u0259f\u0259 pu\u00e7a \u00e7\u0131xd\u0131\u011f\u0131n\u0131 anlayanlar, y\u0259qin ki, az deyil. Erm\u0259nistan\u0131n yeni lideri bir ne\u00e7\u0259 siyasi add\u0131m\u0131 v\u0259 b\u0259yanat\u0131 il\u0259 s\u00fcbut etdi ki, \u201cvelvet inqilab\u201d h\u0259l\u0259lik sad\u0259c\u0259 hakim z\u00fcmr\u0259 daxilind\u0259 yerd\u0259yi\u015fm\u0259dir v\u0259 Qaraba\u011f m\u00fcnaqi\u015f\u0259si il\u0259 ba\u011fl\u0131 siyasi gedi\u015fatda he\u00e7 bir m\u00fcsb\u0259t yenilik g\u00f6zl\u0259m\u0259y\u0259 \u0259sas yoxdur.\n<\/p>\n<p>\n  Birincisi, Pa\u015finyan Ba\u015f nazir se\u00e7ilm\u0259zd\u0259n \u0259vv\u0259l rus medias\u0131nda \u0259m\u0259lli a\u011fla\u015fma ba\u015flanm\u0131\u015fd\u0131: Ay aman, n\u00f6vb\u0259ti Maydan! Erm\u0259nistan Ukrayna yolu il\u0259 Q\u0259rb\u0259 gedir! Satd\u0131 bizi erm\u0259nil\u0259r! Haram olsun onlara bizim duz-\u00e7\u00f6r\u0259k! Onlar\u0131 biz adam el\u0259mi\u015fik! Biz onlar\u0131 qara\u00e7\u0131 qism\u0259tind\u0259n xilas edib g\u0259tirib \u00f6z torpaqlar\u0131m\u0131zda m\u0259skunla\u015fd\u0131rm\u0131\u015f\u0131q! Biz onlara d\u00f6vl\u0259t qurmu\u015fuq! Biz onlar\u0131 q\u0131r\u0131lmaqdan qorumu\u015fuq! Biz olmasayd\u0131q, onlar haradayd\u0131?\n<\/p>\n<p>\n  \u0130\u015f o yer\u0259 \u00e7atd\u0131 ki, \u201cQazprom\u201dun vitse-prezidenti Mixail Leontyev \u201cKomsomolskaya pravda\u201d radiosunda elan etdi: \u201cQoy erm\u0259nil\u0259r c\u0259h\u0259nn\u0259m olsunlar!\u201d (rusca bel\u0259 s\u0259sl\u0259nirdi: \u201c\u043f\u0443\u0441\u0442\u044c \u043a\u0430\u0442\u044f\u0442\u0441\u044f \u043a\u043e\u043b\u0431\u0430\u0441\u043a\u043e\u0439\u00bb). T\u0259bii ki, erm\u0259nil\u0259r onu \u201cYoutube\u201d-da s\u00f6ym\u0259y\u0259 v\u0259 h\u0259tta \u00f6l\u00fcml\u0259 h\u0259d\u0259l\u0259m\u0259y\u0259 ba\u015flad\u0131lar.\n<\/p>\n<p>\n  B\u00fct\u00fcn bu dilxo\u015fluqlar Pa\u015finyana Ba\u015f nazir se\u00e7ilm\u0259y\u0259 mane olmad\u0131. Lakin bir var v\u0259zif\u0259y\u0259 se\u00e7il\u0259s\u0259n, bir d\u0259 var v\u0259zif\u0259d\u0259 qalasan. Erm\u0259nistanda ham\u0131 g\u00f6z\u0259l bilir ki, bu \u00f6lk\u0259d\u0259 ali m\u0259qamda qalmaq \u00fc\u00e7\u00fcn g\u0259r\u0259k Moskvadan icaz\u0259n olsun. \u0130caz\u0259ni is\u0259 yaln\u0131z t\u0259rbiy\u0259li v\u0259 s\u00f6z\u0259baxan u\u015faqlara verirl\u0259r.\n<\/p>\n<p>\n  Pa\u015finyan Moskvaya s\u00fcbut etdi ki, o, \u0259sl s\u00f6z\u0259baxan adamd\u0131r. Bunun \u00fc\u00e7\u00fcn, o, Qaraba\u011f m\u00fcnaqi\u015f\u0259si q\u0259f\u0259sind\u0259n \u00e7\u0131xmayaca\u011f\u0131n\u0131 g\u00f6st\u0259rdi. N\u0259 etdi? \u0130lk s\u0259f\u0259rini Xank\u0259ndin\u0259 etdi, orada Erm\u0259nistanda sabiq \u0130kinci katib rolunu ifa ed\u0259n Bako Saakyanla g\u00f6r\u00fc\u015fd\u00fc v\u0259 Qaraba\u011f erm\u0259nil\u0259rin\u0259 dedi ki, m\u00f6hk\u0259m durun!\n<\/p>\n<p>\n  Sonra elan etdi ki, ondan \u0259vv\u0259lki erm\u0259ni r\u0259hb\u0259rl\u0259ri z\u0259if i\u015fl\u0259yibl\u0259r, Qaraba\u011f erm\u0259nil\u0259rinin \u00f6z m\u00fcq\u0259dd\u0259rat\u0131n\u0131 t\u0259yin etm\u0259k h\u00fcququnu Az\u0259rbaycana tan\u0131td\u0131ra bilm\u0259yibl\u0259r. Y\u0259ni bu i\u015fi m\u0259n g\u00f6r\u0259 bil\u0259r\u0259m v\u0259 g\u00f6r\u0259c\u0259y\u0259m!\n<\/p>\n<p>\n  Sonra dedi ki, Da\u011fl\u0131q Qaraba\u011f Respublikas\u0131n\u0131n s\u00fclh dan\u0131\u015f\u0131qlar\u0131ndan k\u0259narda qalmas\u0131 \u0259dal\u0259tsizlikdir v\u0259 DQR dan\u0131\u015f\u0131q t\u0259r\u0259fi olmal\u0131d\u0131r.\n<\/p>\n<p>\n  Daha sonra dedi ki, Rusiya Az\u0259rbaycana silah sat\u0131\u015f\u0131n\u0131 dayand\u0131rmal\u0131d\u0131r v\u0259 o, Nikol Pa\u015finyan, artsaxl\u0131lar il\u0259 birlikd\u0259 he\u00e7 vaxt Az\u0259rbaycan\u0131n h\u0259rbi ritorikas\u0131ndan \u00e7\u0259kinm\u0259y\u0259c\u0259k!\n<\/p>\n<p>\n  Y\u0259ni Rusiyaya ismar\u0131c g\u00f6nd\u0259rdi ki, ay\u0259, qorxmay\u0131n, m\u0259n el\u0259 h\u0259min sizin \u0259l erm\u0259nil\u0259rind\u0259n\u0259m, n\u0259 des\u0259niz, ed\u0259c\u0259y\u0259m, deyirsiz otur Qaraba\u011f m\u00fcnaqi\u015f\u0259si q\u0259f\u0259sind\u0259, oturaca\u011fam da, c\u0131nq\u0131r\u0131m da \u00e7\u0131xmayacaq!\n<\/p>\n<p>\n  Bel\u0259likl\u0259, Moskvaya t\u0259l\u0259b olunan i\u015far\u0259l\u0259ri ver\u0259nd\u0259n sonra Erm\u0259nistan\u0131n yeni lideri yolland\u0131 So\u00e7iy\u0259, Avrasiya \u0130ttifaq\u0131n\u0131n zirv\u0259 g\u00f6r\u00fc\u015f\u00fcn\u0259. Orada onu xeyli m\u0259mnun Putin v\u0259 dig\u0259r siyasi canavarlar g\u00f6zl\u0259yirdi. \u0130lk bax\u0131\u015fdan g\u00f6r\u00fcnd\u00fc ki, Pa\u015finyan onlardan biridir v\u0259 \u00fcmumiyy\u0259tl\u0259, canlara d\u0259y\u0259n o\u011fland\u0131r.\n<\/p>\n<p>\n  Yerevanda camaat daha at\u0131l\u0131b-d\u00fc\u015fm\u00fcr, k\u00fc\u00e7\u0259l\u0259rd\u0259 r\u0259qs d\u0259 etmir. Xalq q\u0259l\u0259b\u0259 \u00e7ald\u0131, liderini hakimiyy\u0259t\u0259 g\u0259tirdi, indi lider xalq \u00fc\u00e7\u00fcn i\u015fl\u0259y\u0259c\u0259k. C\u0259miyy\u0259t q\u00fcrur v\u0259 iftixar hissl\u0259rinin b\u00f6y\u00fckl\u00fcy\u00fcnd\u0259n h\u0259l\u0259 d\u0259 \u00f6z\u00fcn\u0259 g\u0259l\u0259 bilmir. Y\u0259ni bunu biz ed\u0259 bildik? Mill\u0259ti 20 il minmi\u015f Qaraba\u011f klan\u0131n\u0131 a\u015f\u0131ra bildik?\n<\/p>\n<p>\n  B\u0259li, tarixi q\u0259l\u0259b\u0259dir. \u015eu\u015fan\u0131n t\u00fcrkl\u0259rd\u0259n azad edilm\u0259sind\u0259n sonra erm\u0259ni xalq\u0131n\u0131n m\u00fcasir tarixind\u0259 ikinci \u0259n parlaq q\u0259l\u0259b\u0259dir. Qoy t\u00fcrkl\u0259r bax\u0131b pax\u0131ll\u0131qdan yan\u0131b-yax\u0131ls\u0131nlar! Bax\u0131n a, yana-yana qal\u0131n a! G\u00f6r\u00fcn \u201cvelvet inqilab\u201d nec\u0259 olar! Bax\u0131n g\u00f6r\u00fcn Putin Pa\u015finyanla nec\u0259 mehriban v\u0259 sevinc\u0259k g\u00f6r\u00fc\u015f\u00fcr!\n<\/p>\n<p>\n  Moskvada daha h\u0259y\u0259can z\u0259ngl\u0259rini \u00e7alm\u0131rlar, Erm\u0259nistan\u0131n Ukrayna yolu il\u0259 ged\u0259c\u0259yind\u0259n qorxmurlar. Mixail Leontyev Nikol Pa\u015finyana m\u0259ktub yaz\u0131b s\u0259rt ifad\u0259l\u0259rin\u0259 g\u00f6r\u0259 \u00fczr ist\u0259di, dedi ki, m\u0259n el\u0259 bilirdim s\u0259n Erm\u0259nistan\u0131 Qaraba\u011f q\u0259f\u0259sind\u0259n \u00e7\u0131xarmaq ist\u0259yirs\u0259n, ona g\u00f6r\u0259 \u0259s\u0259bil\u0259\u015fmi\u015fdim. Ba\u011f\u0131\u015fla, \u201ckusura baxma\u201d!\n<\/p>\n<p>\n  Amma Moskvada Erm\u0259nistan m\u00fczakir\u0259l\u0259ri davam edir. Bir t\u0259r\u0259fd\u0259n bax\u0131b g\u00f6r\u00fcrl\u0259r ki, Nikol Pa\u015finyan Erm\u0259nistan\u0131n indiy\u0259d\u0259k qo\u015fuldu\u011fu h\u0259rbi-siyasi-iqtisadi birlik v\u0259 m\u00fcqavil\u0259l\u0259r\u0259 sadiq qalaca\u011f\u0131na s\u00f6z verir. O biri t\u0259r\u0259fd\u0259n bax\u0131b g\u00f6r\u00fcrl\u0259r ki, Pa\u015finyan\u0131n t\u0259z\u0259 h\u00f6kum\u0259tind\u0259 \u0259ks\u0259r nazirl\u0259r Q\u0259rb t\u0259hsili g\u00f6rm\u00fc\u015f v\u0259 Q\u0259rb t\u0259\u015fkilat v\u0259 \u015firk\u0259tl\u0259rind\u0259 i\u015fl\u0259mi\u015f adamlard\u0131r. Bir t\u0259r\u0259fd\u0259n inanmaq ist\u0259yirl\u0259r ki, h\u0259r \u015fey \u0259lad\u0131r, o biri t\u0259r\u0259fd\u0259n gizli \u015f\u00fcbh\u0259l\u0259r inam\u0131 g\u0259mirib a\u011fl\u0131 \u00e7a\u015fd\u0131r\u0131r.\n<\/p>\n<p>\n  Rusiya n\u0259 etm\u0259li? \u018fliqoynunda Yerevandak\u0131 yeni-yeni d\u0259yi\u015fiklikl\u0259ri g\u00f6zl\u0259m\u0259li, yoxsa el\u0259 indid\u0259n bu h\u00f6kum\u0259ti y\u0131xmal\u0131? Y\u0131xmaq asand\u0131r, sad\u0259c\u0259 b\u0259sdir ki, Bak\u0131ya z\u0259ng edib desinl\u0259r: \u201cQaraba\u011f m\u0259s\u0259l\u0259si daha bizlik deyil\u201d.\n<\/p>\n<p>\n  El\u0259 h\u0259min andaca Moskvan\u0131n qorxusundan de\u015fikd\u0259n \u00e7\u0131xmayan m\u00fcharib\u0259 si\u00e7an\u0131 de\u015fikd\u0259n \u00e7\u0131x\u0131b ora-bura qa\u00e7ma\u011fa, quyru\u011fu il\u0259 saxta s\u00fclh\u00fc v\u0259 qay\u0131rma t\u0259hl\u00fck\u0259sizliyi da\u011f\u0131tma\u011fa ba\u015flayacaq. Kifay\u0259tdir ki, Az\u0259rbaycan i\u015f\u011fal olunmu\u015f \u0259razisinin yar\u0131s\u0131n\u0131 azad etsin, Yerevanda camaat k\u00fc\u00e7\u0259l\u0259r\u0259 t\u00f6k\u00fcl\u00fcb \u201cPa\u015finyan, itil!\u201d q\u0131\u015fq\u0131racaq.\n<\/p>\n<p>\n  Zira Artsax m\u0259s\u0259l\u0259si erm\u0259ni t\u0259f\u0259kk\u00fcr\u00fcnd\u0259 soyq\u0131r\u0131mdan sonra ikinci yeri tutur.\n<\/p>\n<p>\n  O biri t\u0259r\u0259fd\u0259n, ba\u015f vermi\u015f d\u0259yi\u015fikliyin \u0259h\u0259miyy\u0259tini azaltmaq m\u00fcmk\u00fcn deyil. Pa\u015finyan\u0131n h\u0259r\u0259kat\u0131 Qaraba\u011f mafiyas\u0131n\u0131n \u0259lind\u0259n hakimiyy\u0259ti \u0259m\u0259li olaraq al\u0131b. Yeni h\u00f6kum\u0259td\u0259 Respublika\u00e7\u0131lar Partiyas\u0131ndan, dem\u0259k olar ki, he\u00e7 k\u0259s yoxdur. Yeni nazirl\u0259r, xalqa s\u00f6z verildiyi kimi, korrupsiyan\u0131n k\u00f6k\u00fcn\u00fc k\u0259sm\u0259kl\u0259 v\u0259 insanlara i\u015fl\u0259yib-qazanmaq azadl\u0131\u011f\u0131n\u0131 t\u0259min etm\u0259kl\u0259 m\u0259\u015f\u011ful olacaqlar.\n<\/p>\n<p>\n  Saaka\u015fvilinin G\u00fcrc\u00fcstanda yaratd\u0131\u011f\u0131 m\u00f6c\u00fcz\u0259 ba\u015fqa postsovet xalqlar\u0131nda h\u0259s\u0259d v\u0259 \u00fcmid do\u011furur, ham\u0131 \u00fcmid edir ki, \u201cg\u00fcn g\u0259l\u0259r, biz d\u0259 \u00f6z har\u0131n o\u011frular\u0131m\u0131z\u0131n qula\u011f\u0131ndan tutub dartar, haqq-hesab t\u0259l\u0259b ed\u0259rik\u201d.\n<\/p>\n<p>\n  Bu Saaka\u015fvili m\u00f6c\u00fcz\u0259sinin sirri q\u0259liz deyil, sad\u0259c\u0259 siyasi irad\u0259 t\u0259l\u0259b olunmal\u0131d\u0131r, korrupsiyan\u0131n cilovlanmas\u0131 v\u0259 m\u0259hvi texnologiyas\u0131 \u00e7oxdan b\u0259llidir.\n<\/p>\n<p>\n  Kifay\u0259tdir ki, ham\u0131 bilsin: xalq\u0131n ham\u0131s\u0131n\u0131n barmaq il\u0259 g\u00f6st\u0259rdiyi b\u0259lli v\u0259 m\u0259\u015fhur o\u011frunu ba\u015fda birinci \u015f\u0259xs olmaqla d\u00f6vl\u0259t cihaz\u0131 m\u00fcdafi\u0259 etm\u0259y\u0259c\u0259k!\n<\/p>\n<p>\n  Yax\u015f\u0131, g\u00f6t\u00fcr\u0259k ki, Pa\u015finyan v\u0259 komandas\u0131 Erm\u0259nistanda hakim z\u00fcmr\u0259nin korrupsiyas\u0131n\u0131n qar\u015f\u0131s\u0131n\u0131 ala bildi, indi b\u00fcdc\u0259d\u0259n o\u011furlanan v\u0259 qa\u00e7\u0131r\u0131lan pullar sad\u0259 camaata \u00e7atd\u0131 v\u0259 h\u0259l\u0259 Serj Sarkisyan\u0131n hakimiyy\u0259ti d\u00f6vr\u00fcnd\u0259 orta ayl\u0131q maa\u015f\u0131 \u0130lham \u018fliyev Az\u0259rbaycan\u0131n\u0131n v\u0259t\u0259nda\u015flar\u0131n\u0131n orta ayl\u0131q maa\u015f\u0131ndan art\u0131q olan erm\u0259ninin maa\u015flar\u0131 bir az da artd\u0131.\n<\/p>\n<p>\n  Sonra n\u0259? G\u00f6t\u00fcr\u0259k ki, g\u00f6mr\u00fck m\u0259murlar\u0131n\u0131n z\u0259li kimi \u0259rbablardan sorduqlar\u0131 v\u0259sait d\u0259 \u015f\u0259xsi cibl\u0259r\u0259 deyil, biznesin inki\u015faf\u0131na y\u00f6n\u0259ldi, n\u0259tic\u0259d\u0259 Erm\u0259nistan\u0131n iqtisadi inki\u015faf\u0131 daha da s\u00fcr\u0259tl\u0259ndi.\n<\/p>\n<p>\n  Daha n\u0259? G\u00f6t\u00fcr\u0259k ki, Erm\u0259nistan\u0131n beyn\u0259lxalq al\u0259md\u0259 h\u00f6rm\u0259ti bir az da art\u0131b Az\u0259rbaycan\u0131n k\u00fcr\u00fc diplomatiyas\u0131, of\u015for siyah\u0131lar\u0131 v\u0259 siyasi m\u0259hbuslar say\u0259sind\u0259 manat\u0131n m\u0259z\u0259nn\u0259si s\u0259viyy\u0259sin\u0259 d\u00fc\u015fm\u00fc\u015f h\u00f6rm\u0259tini bir t\u0259rtib d\u0259 \u00fcst\u0259l\u0259di.\n<\/p>\n<p>\n  Sonra n\u0259? He\u00e7 n\u0259. Can\u0131m siz\u0259 n\u0259 desin ki, can\u0131n\u0131z rahat olsun?\n<\/p>\n<p>\n  \u018f\u015fi, fikir verm\u0259yin, dilxor olmay\u0131n, gedin kitab ma\u011fazas\u0131na, Heyd\u0259r \u018fliyevin, \u0130lham \u018fliyevin, Ramiz Mehdiyevin d\u00fcrl\u00fc-d\u00fcrl\u00fc kitablar\u0131ndan al\u0131n, qay\u0131d\u0131n eviniz\u0259, qar\u015f\u0131n\u0131za p\u00fcrr\u0259ngi bir st\u0259kan \u00e7ay qayun, qurtum-qurtum i\u00e7\u0259-i\u00e7\u0259 varaq-varaq oxuyun, oxuyun, oxuyun, bir d\u0259 g\u00f6r\u0259c\u0259ksiniz ki, \u015firin yuxuya dalm\u0131s\u0131n\u0131z v\u0259 h\u0259min \u015firin yuxuda Az\u0259rbaycan\u0131n c\u0259mi m\u00fc\u015fk\u00fcll\u0259ri \u201cfilfilo!\u201d h\u0259llini tap\u0131b.\n<\/p>\n<p>\n  Xo\u015f am\u0259din. Salamat qal\u0131n. R\u0259hm\u0259tlik Murtuz \u018fl\u0259sk\u0259rov frans\u0131z m\u00fcharib\u0259 veteranlar\u0131na demi\u015fk\u0259n, \u201cAufiderzeyn\u201d.\n<\/p>\n<p>\n  <i><br \/>\n    <b><br \/>\n      Yaz\u0131 m\u00fc\u0259llifin fikirl\u0259rini \u0259ks etdirir v\u0259 Meydan TV-nin m\u00f6vqeyi il\u0259 \u00fcst-\u00fcst\u0259 d\u00fc\u015fm\u0259y\u0259 bil\u0259r.<br \/>\n    <\/b><br \/>\n  <\/i>\n<\/p><\/p>\n","protected":false},"excerpt":{"rendered":"<p>Qon\u015fu \u00f6lk\u0259d\u0259 ba\u015f ver\u0259nl\u0259rl\u0259 maraqlananlar aras\u0131nda Qaraba\u011f m\u00fcnaqi\u015f\u0259sinin dinc h\u0259llin\u0259 b\u0259sl\u0259n\u0259n \u00fcmidl\u0259rin n\u00f6vb\u0259ti d\u0259f\u0259 pu\u00e7a \u00e7\u0131xd\u0131\u011f\u0131n\u0131 anlayanlar, y\u0259qin ki, az deyil<\/p>\n","protected":false},"author":11,"featured_media":103536,"comment_status":"closed","ping_status":"open","sticky":false,"template":"","format":"standard","meta":{"_acf_changed":false,"_sitemap_exclude":false,"_sitemap_priority":"","_sitemap_frequency":"","footnotes":""},"categories":[57],"tags":[],"class_list":["post-190078","post","type-post","status-publish","format-standard","has-post-thumbnail","hentry","category-menim-fikrimce","infinite-scroll-item","generate-columns","tablet-grid-50","mobile-grid-100","grid-parent","grid-33","no-featured-image-padding"],"acf":[],"yoast_head":"<!-- This site is optimized with the Yoast SEO plugin v27.4 - https:\/\/yoast.com\/product\/yoast-seo-wordpress\/ -->\n<title>Pa\u015finyandan &#039;&#039;yeni&#039;&#039; n\u0259f\u0259s - MEYDAN.TV<\/title>\n<meta name=\"robots\" content=\"index, follow, max-snippet:-1, max-image-preview:large, max-video-preview:-1\" \/>\n<link rel=\"canonical\" href=\"https:\/\/www.meydan.tv\/az\/article\/pasinyandan-yeni-nefes\/\" \/>\n<meta property=\"og:locale\" content=\"az_AZ\" \/>\n<meta property=\"og:type\" content=\"article\" \/>\n<meta property=\"og:title\" content=\"Pa\u015finyandan &#039;&#039;yeni&#039;&#039; n\u0259f\u0259s - MEYDAN.TV\" \/>\n<meta property=\"og:description\" content=\"Qon\u015fu \u00f6lk\u0259d\u0259 ba\u015f ver\u0259nl\u0259rl\u0259 maraqlananlar aras\u0131nda Qaraba\u011f m\u00fcnaqi\u015f\u0259sinin dinc h\u0259llin\u0259 b\u0259sl\u0259n\u0259n \u00fcmidl\u0259rin n\u00f6vb\u0259ti d\u0259f\u0259 pu\u00e7a \u00e7\u0131xd\u0131\u011f\u0131n\u0131 anlayanlar, y\u0259qin ki, az deyil\" \/>\n<meta property=\"og:url\" content=\"https:\/\/www.meydan.tv\/az\/article\/pasinyandan-yeni-nefes\/\" \/>\n<meta property=\"og:site_name\" content=\"MEYDAN.TV\" \/>\n<meta property=\"article:published_time\" content=\"2018-05-21T17:36:40+00:00\" \/>\n<meta property=\"og:image\" content=\"https:\/\/www.meydan.tv\/wp-content\/uploads\/41069.jpg\" \/>\n\t<meta property=\"og:image:width\" content=\"1200\" \/>\n\t<meta property=\"og:image:height\" content=\"800\" \/>\n\t<meta property=\"og:image:type\" content=\"image\/jpeg\" \/>\n<meta name=\"author\" content=\"user-manager\" \/>\n<meta name=\"twitter:card\" content=\"summary_large_image\" \/>\n<script type=\"application\/ld+json\" class=\"yoast-schema-graph\">{\"@context\":\"https:\\\/\\\/schema.org\",\"@graph\":[{\"@type\":\"Article\",\"@id\":\"https:\\\/\\\/www.meydan.tv\\\/az\\\/article\\\/pasinyandan-yeni-nefes\\\/#article\",\"isPartOf\":{\"@id\":\"https:\\\/\\\/www.meydan.tv\\\/az\\\/article\\\/pasinyandan-yeni-nefes\\\/\"},\"author\":{\"name\":\"user-manager\",\"@id\":\"https:\\\/\\\/www.meydan.tv\\\/az\\\/#\\\/schema\\\/person\\\/10d11eccf6da3662cf5fdab9806ea91a\"},\"headline\":\"Pa\u015finyandan &#8221;yeni&#8221; n\u0259f\u0259s\",\"datePublished\":\"2018-05-21T17:36:40+00:00\",\"mainEntityOfPage\":{\"@id\":\"https:\\\/\\\/www.meydan.tv\\\/az\\\/article\\\/pasinyandan-yeni-nefes\\\/\"},\"wordCount\":1888,\"publisher\":{\"@id\":\"https:\\\/\\\/www.meydan.tv\\\/az\\\/#organization\"},\"image\":{\"@id\":\"https:\\\/\\\/www.meydan.tv\\\/az\\\/article\\\/pasinyandan-yeni-nefes\\\/#primaryimage\"},\"thumbnailUrl\":\"https:\\\/\\\/www.meydan.tv\\\/wp-content\\\/uploads\\\/41069-e1650394969125.jpg\",\"articleSection\":[\"M\u0259nim Fikrimc\u0259\"],\"inLanguage\":\"az\"},{\"@type\":\"WebPage\",\"@id\":\"https:\\\/\\\/www.meydan.tv\\\/az\\\/article\\\/pasinyandan-yeni-nefes\\\/\",\"url\":\"https:\\\/\\\/www.meydan.tv\\\/az\\\/article\\\/pasinyandan-yeni-nefes\\\/\",\"name\":\"Pa\u015finyandan ''yeni'' n\u0259f\u0259s - MEYDAN.TV\",\"isPartOf\":{\"@id\":\"https:\\\/\\\/www.meydan.tv\\\/az\\\/#website\"},\"primaryImageOfPage\":{\"@id\":\"https:\\\/\\\/www.meydan.tv\\\/az\\\/article\\\/pasinyandan-yeni-nefes\\\/#primaryimage\"},\"image\":{\"@id\":\"https:\\\/\\\/www.meydan.tv\\\/az\\\/article\\\/pasinyandan-yeni-nefes\\\/#primaryimage\"},\"thumbnailUrl\":\"https:\\\/\\\/www.meydan.tv\\\/wp-content\\\/uploads\\\/41069-e1650394969125.jpg\",\"datePublished\":\"2018-05-21T17:36:40+00:00\",\"breadcrumb\":{\"@id\":\"https:\\\/\\\/www.meydan.tv\\\/az\\\/article\\\/pasinyandan-yeni-nefes\\\/#breadcrumb\"},\"inLanguage\":\"az\",\"potentialAction\":[{\"@type\":\"ReadAction\",\"target\":[\"https:\\\/\\\/www.meydan.tv\\\/az\\\/article\\\/pasinyandan-yeni-nefes\\\/\"]}]},{\"@type\":\"ImageObject\",\"inLanguage\":\"az\",\"@id\":\"https:\\\/\\\/www.meydan.tv\\\/az\\\/article\\\/pasinyandan-yeni-nefes\\\/#primaryimage\",\"url\":\"https:\\\/\\\/www.meydan.tv\\\/wp-content\\\/uploads\\\/41069-e1650394969125.jpg\",\"contentUrl\":\"https:\\\/\\\/www.meydan.tv\\\/wp-content\\\/uploads\\\/41069-e1650394969125.jpg\",\"width\":1200,\"height\":657,\"caption\":\"Foto: \\\"kremlin.ru\\\"\"},{\"@type\":\"BreadcrumbList\",\"@id\":\"https:\\\/\\\/www.meydan.tv\\\/az\\\/article\\\/pasinyandan-yeni-nefes\\\/#breadcrumb\",\"itemListElement\":[{\"@type\":\"ListItem\",\"position\":1,\"name\":\"Ana s\u0259hif\u0259\",\"item\":\"https:\\\/\\\/www.meydan.tv\\\/az\\\/\"},{\"@type\":\"ListItem\",\"position\":2,\"name\":\"M\u0259nim Fikrimc\u0259\",\"item\":\"https:\\\/\\\/www.meydan.tv\\\/az\\\/section\\\/menim-fikrimce\\\/\"},{\"@type\":\"ListItem\",\"position\":3,\"name\":\"Pa\u015finyandan &#8221;yeni&#8221; n\u0259f\u0259s\"}]},{\"@type\":\"WebSite\",\"@id\":\"https:\\\/\\\/www.meydan.tv\\\/az\\\/#website\",\"url\":\"https:\\\/\\\/www.meydan.tv\\\/az\\\/\",\"name\":\"MEYDAN.TV\",\"description\":\"Meydan TV Az\u0259rbaycan\u0131n media m\u0259kan\u0131ndak\u0131 alternativ s\u0259sidir\",\"publisher\":{\"@id\":\"https:\\\/\\\/www.meydan.tv\\\/az\\\/#organization\"},\"potentialAction\":[{\"@type\":\"SearchAction\",\"target\":{\"@type\":\"EntryPoint\",\"urlTemplate\":\"https:\\\/\\\/www.meydan.tv\\\/az\\\/?s={search_term_string}\"},\"query-input\":{\"@type\":\"PropertyValueSpecification\",\"valueRequired\":true,\"valueName\":\"search_term_string\"}}],\"inLanguage\":\"az\"},{\"@type\":\"Organization\",\"@id\":\"https:\\\/\\\/www.meydan.tv\\\/az\\\/#organization\",\"name\":\"Meydan TV\",\"url\":\"https:\\\/\\\/www.meydan.tv\\\/az\\\/\",\"logo\":{\"@type\":\"ImageObject\",\"inLanguage\":\"az\",\"@id\":\"https:\\\/\\\/www.meydan.tv\\\/az\\\/#\\\/schema\\\/logo\\\/image\\\/\",\"url\":\"https:\\\/\\\/www.meydan.tv\\\/wp-content\\\/uploads\\\/2021\\\/07\\\/meydan-logo.svg\",\"contentUrl\":\"https:\\\/\\\/www.meydan.tv\\\/wp-content\\\/uploads\\\/2021\\\/07\\\/meydan-logo.svg\",\"width\":195,\"height\":46,\"caption\":\"Meydan TV\"},\"image\":{\"@id\":\"https:\\\/\\\/www.meydan.tv\\\/az\\\/#\\\/schema\\\/logo\\\/image\\\/\"}},{\"@type\":\"Person\",\"@id\":\"https:\\\/\\\/www.meydan.tv\\\/az\\\/#\\\/schema\\\/person\\\/10d11eccf6da3662cf5fdab9806ea91a\",\"name\":\"user-manager\"}]}<\/script>\n<!-- \/ Yoast SEO plugin. -->","yoast_head_json":{"title":"Pa\u015finyandan ''yeni'' n\u0259f\u0259s - MEYDAN.TV","robots":{"index":"index","follow":"follow","max-snippet":"max-snippet:-1","max-image-preview":"max-image-preview:large","max-video-preview":"max-video-preview:-1"},"canonical":"https:\/\/www.meydan.tv\/az\/article\/pasinyandan-yeni-nefes\/","og_locale":"az_AZ","og_type":"article","og_title":"Pa\u015finyandan ''yeni'' n\u0259f\u0259s - MEYDAN.TV","og_description":"Qon\u015fu \u00f6lk\u0259d\u0259 ba\u015f ver\u0259nl\u0259rl\u0259 maraqlananlar aras\u0131nda Qaraba\u011f m\u00fcnaqi\u015f\u0259sinin dinc h\u0259llin\u0259 b\u0259sl\u0259n\u0259n \u00fcmidl\u0259rin n\u00f6vb\u0259ti d\u0259f\u0259 pu\u00e7a \u00e7\u0131xd\u0131\u011f\u0131n\u0131 anlayanlar, y\u0259qin ki, az deyil","og_url":"https:\/\/www.meydan.tv\/az\/article\/pasinyandan-yeni-nefes\/","og_site_name":"MEYDAN.TV","article_published_time":"2018-05-21T17:36:40+00:00","og_image":[{"width":1200,"height":800,"url":"https:\/\/www.meydan.tv\/wp-content\/uploads\/41069.jpg","type":"image\/jpeg"}],"author":"user-manager","twitter_card":"summary_large_image","schema":{"@context":"https:\/\/schema.org","@graph":[{"@type":"Article","@id":"https:\/\/www.meydan.tv\/az\/article\/pasinyandan-yeni-nefes\/#article","isPartOf":{"@id":"https:\/\/www.meydan.tv\/az\/article\/pasinyandan-yeni-nefes\/"},"author":{"name":"user-manager","@id":"https:\/\/www.meydan.tv\/az\/#\/schema\/person\/10d11eccf6da3662cf5fdab9806ea91a"},"headline":"Pa\u015finyandan &#8221;yeni&#8221; n\u0259f\u0259s","datePublished":"2018-05-21T17:36:40+00:00","mainEntityOfPage":{"@id":"https:\/\/www.meydan.tv\/az\/article\/pasinyandan-yeni-nefes\/"},"wordCount":1888,"publisher":{"@id":"https:\/\/www.meydan.tv\/az\/#organization"},"image":{"@id":"https:\/\/www.meydan.tv\/az\/article\/pasinyandan-yeni-nefes\/#primaryimage"},"thumbnailUrl":"https:\/\/www.meydan.tv\/wp-content\/uploads\/41069-e1650394969125.jpg","articleSection":["M\u0259nim Fikrimc\u0259"],"inLanguage":"az"},{"@type":"WebPage","@id":"https:\/\/www.meydan.tv\/az\/article\/pasinyandan-yeni-nefes\/","url":"https:\/\/www.meydan.tv\/az\/article\/pasinyandan-yeni-nefes\/","name":"Pa\u015finyandan ''yeni'' n\u0259f\u0259s - MEYDAN.TV","isPartOf":{"@id":"https:\/\/www.meydan.tv\/az\/#website"},"primaryImageOfPage":{"@id":"https:\/\/www.meydan.tv\/az\/article\/pasinyandan-yeni-nefes\/#primaryimage"},"image":{"@id":"https:\/\/www.meydan.tv\/az\/article\/pasinyandan-yeni-nefes\/#primaryimage"},"thumbnailUrl":"https:\/\/www.meydan.tv\/wp-content\/uploads\/41069-e1650394969125.jpg","datePublished":"2018-05-21T17:36:40+00:00","breadcrumb":{"@id":"https:\/\/www.meydan.tv\/az\/article\/pasinyandan-yeni-nefes\/#breadcrumb"},"inLanguage":"az","potentialAction":[{"@type":"ReadAction","target":["https:\/\/www.meydan.tv\/az\/article\/pasinyandan-yeni-nefes\/"]}]},{"@type":"ImageObject","inLanguage":"az","@id":"https:\/\/www.meydan.tv\/az\/article\/pasinyandan-yeni-nefes\/#primaryimage","url":"https:\/\/www.meydan.tv\/wp-content\/uploads\/41069-e1650394969125.jpg","contentUrl":"https:\/\/www.meydan.tv\/wp-content\/uploads\/41069-e1650394969125.jpg","width":1200,"height":657,"caption":"Foto: \"kremlin.ru\""},{"@type":"BreadcrumbList","@id":"https:\/\/www.meydan.tv\/az\/article\/pasinyandan-yeni-nefes\/#breadcrumb","itemListElement":[{"@type":"ListItem","position":1,"name":"Ana s\u0259hif\u0259","item":"https:\/\/www.meydan.tv\/az\/"},{"@type":"ListItem","position":2,"name":"M\u0259nim Fikrimc\u0259","item":"https:\/\/www.meydan.tv\/az\/section\/menim-fikrimce\/"},{"@type":"ListItem","position":3,"name":"Pa\u015finyandan &#8221;yeni&#8221; n\u0259f\u0259s"}]},{"@type":"WebSite","@id":"https:\/\/www.meydan.tv\/az\/#website","url":"https:\/\/www.meydan.tv\/az\/","name":"MEYDAN.TV","description":"Meydan TV Az\u0259rbaycan\u0131n media m\u0259kan\u0131ndak\u0131 alternativ s\u0259sidir","publisher":{"@id":"https:\/\/www.meydan.tv\/az\/#organization"},"potentialAction":[{"@type":"SearchAction","target":{"@type":"EntryPoint","urlTemplate":"https:\/\/www.meydan.tv\/az\/?s={search_term_string}"},"query-input":{"@type":"PropertyValueSpecification","valueRequired":true,"valueName":"search_term_string"}}],"inLanguage":"az"},{"@type":"Organization","@id":"https:\/\/www.meydan.tv\/az\/#organization","name":"Meydan TV","url":"https:\/\/www.meydan.tv\/az\/","logo":{"@type":"ImageObject","inLanguage":"az","@id":"https:\/\/www.meydan.tv\/az\/#\/schema\/logo\/image\/","url":"https:\/\/www.meydan.tv\/wp-content\/uploads\/2021\/07\/meydan-logo.svg","contentUrl":"https:\/\/www.meydan.tv\/wp-content\/uploads\/2021\/07\/meydan-logo.svg","width":195,"height":46,"caption":"Meydan TV"},"image":{"@id":"https:\/\/www.meydan.tv\/az\/#\/schema\/logo\/image\/"}},{"@type":"Person","@id":"https:\/\/www.meydan.tv\/az\/#\/schema\/person\/10d11eccf6da3662cf5fdab9806ea91a","name":"user-manager"}]}},"_links":{"self":[{"href":"https:\/\/www.meydan.tv\/az\/wp-json\/wp\/v2\/posts\/190078","targetHints":{"allow":["GET"]}}],"collection":[{"href":"https:\/\/www.meydan.tv\/az\/wp-json\/wp\/v2\/posts"}],"about":[{"href":"https:\/\/www.meydan.tv\/az\/wp-json\/wp\/v2\/types\/post"}],"author":[{"embeddable":true,"href":"https:\/\/www.meydan.tv\/az\/wp-json\/wp\/v2\/users\/11"}],"replies":[{"embeddable":true,"href":"https:\/\/www.meydan.tv\/az\/wp-json\/wp\/v2\/comments?post=190078"}],"version-history":[{"count":0,"href":"https:\/\/www.meydan.tv\/az\/wp-json\/wp\/v2\/posts\/190078\/revisions"}],"wp:featuredmedia":[{"embeddable":true,"href":"https:\/\/www.meydan.tv\/az\/wp-json\/wp\/v2\/media\/103536"}],"wp:attachment":[{"href":"https:\/\/www.meydan.tv\/az\/wp-json\/wp\/v2\/media?parent=190078"}],"wp:term":[{"taxonomy":"category","embeddable":true,"href":"https:\/\/www.meydan.tv\/az\/wp-json\/wp\/v2\/categories?post=190078"},{"taxonomy":"post_tag","embeddable":true,"href":"https:\/\/www.meydan.tv\/az\/wp-json\/wp\/v2\/tags?post=190078"}],"curies":[{"name":"wp","href":"https:\/\/api.w.org\/{rel}","templated":true}]}}