{"id":190063,"date":"2018-05-19T15:02:40","date_gmt":"2018-05-19T15:02:40","guid":{"rendered":"https:\/\/www.meydan.tv\/article\/55-milyona-basa-gelen-sefer\/"},"modified":"2018-05-19T15:02:40","modified_gmt":"2018-05-19T15:02:40","slug":"55-milyona-basa-gelen-sefer","status":"publish","type":"post","link":"https:\/\/www.meydan.tv\/az\/article\/55-milyona-basa-gelen-sefer\/","title":{"rendered":"55 milyona ba\u015fa g\u0259l\u0259n s\u0259f\u0259r"},"content":{"rendered":"<figure class=\"wp-block-image size-large\">\n  <img decoding=\"async\" src=\"https:\/\/www.meydan.tv\/az\/ilham-eliyev-ve-vasif-talibov-naxcivanda\/\" alt=\"\u0130lham \u018fliyev v\u0259 Vasif Tal\u0131bov Nax\u00e7\u0131vanda\" class=\"wp-image-103845\"\/><figcaption>\n    \u0130lham \u018fliyev v\u0259 Vasif Tal\u0131bov Nax\u00e7\u0131vanda<br \/>\n  <\/figcaption><\/figure>\n<p>\n  <i><br \/>\n    H\u0259l\u0259 bunun bir \u0259t\u0259k yol x\u0259rci d\u0259 var<br \/>\n  <\/i>\n<\/p>\n<p>\n  Az\u0259rbaycan prezidenti \u0130lham \u018fliyev May\u0131n 16-da Nax\u00e7\u0131vana gedib.\n<\/p>\n<p>\n  \u018fn\u0259n\u0259vi qar\u015f\u0131lanma m\u0259rasimi olub. Sonra \u0259n\u0259n\u0259vi g\u00fclqoyma, Heyd\u0259r \u018fliyevin Nax\u00e7\u0131vandak\u0131 abid\u0259si ziyar\u0259t olunub. \u018fn\u0259n\u0259vi olaraq Nax\u00e7\u0131van Ali M\u0259clisinin s\u0259dri Vasif Tal\u0131bov abid\u0259nin \u0259traf\u0131nda apar\u0131lan abadl\u0131q v\u0259 yenid\u0259nqurma i\u015fl\u0259ri bar\u0259d\u0259 m\u0259lumat<br \/>\n  <a href=\"http:\/\/www.nakhchivan.az\/portal-1\/news\/may-2018\/news7.html\" target=\"_blank\" rel=\"noopener\"><br \/>\n    verib.<br \/>\n  <\/a>\n<\/p>\n<p>\n  \u018fn\u0259n\u0259vi olaraq da \u0130lham \u018fliyev Nax\u00e7\u0131vandan qay\u0131td\u0131qdan sonra bir s\u0131ra s\u0259r\u0259ncamlar imzalay\u0131b. D\u00fc\u015f\u00fcn\u00fcr\u0259m ki, d\u00fcnyan\u0131n he\u00e7 bir yerind\u0259 bu sayaq siyas\u0259t yoxdur. Prezident hans\u0131 rayona s\u0259f\u0259r edirs\u0259, oradan qay\u0131td\u0131qdan sonra h\u0259min rayonun ya \u201csosial iqtisadi inki\u015faf\u0131na\u201d y\u00f6n\u0259lik, ya yol \u00e7\u0259kili\u015fi, ya da hans\u0131sa m\u00fc\u0259ssis\u0259nin tikintisi il\u0259 ba\u011fl\u0131 s\u0259r\u0259ncam imzalay\u0131r. Niy\u0259? Bu \u00f6lk\u0259nin Nazirl\u0259r Kabineti yoxdur? Bu \u00f6lk\u0259d\u0259, regionlarda tikil\u0259c\u0259k obyektl\u0259r, \u00e7\u0259kil\u0259c\u0259k yollarla ba\u011fl\u0131 plan yoxdurmu?\n<\/p>\n<p>\n  Niy\u0259 probleml\u0259r \u00f6lk\u0259 prezidenti rayonlara ged\u0259nd\u0259n sonra b\u0259lli olur? \u018fslind\u0259, bel\u0259 deyil. Bu, prezidentin saxta t\u0259bli\u011fat\u0131na y\u00f6n\u0259lik apar\u0131lan siyas\u0259tdir. Yol infrastrukturu il\u0259 ba\u011fl\u0131 h\u0259r il b\u00fcdc\u0259d\u0259n v\u0259sait ayr\u0131l\u0131r. \u015e\u00fcbh\u0259siz ki, bu ay\u0131rma il\u0259 ba\u011fl\u0131 qabaqcadan ara\u015fd\u0131rma apar\u0131l\u0131r, \u00f6lk\u0259nin \u00e7\u0259kil\u0259c\u0259k, t\u0259mir olunacaq yollar\u0131 bar\u0259d\u0259 informasiya toplan\u0131r, sonra da q\u0259rar verilir.\n<\/p>\n<p>\n  Nazirl\u0259r Kabinetinin s\u0259lahiyy\u0259tind\u0259 olan pulla ba\u011fl\u0131 s\u0259r\u0259ncam\u0131 niy\u0259 prezident verm\u0259lidir? Ba\u015f nazirin s\u0259r\u0259ncam\u0131yla yolun \u0259yri, ya da standartlara uy\u011fun olmayan \u015f\u0259kild\u0259 \u00e7\u0259kil\u0259c\u0259yi qorxusu var, b\u0259lk\u0259&#8230;\n<\/p>\n<p>\n  M\u0259qs\u0259d prezidentin t\u0259bli\u011fat\u0131d\u0131r, onun i\u015fl\u0259diyi g\u00f6r\u00fcnt\u00fcs\u00fcn\u00fc yaratmaqd\u0131r. O olmasa yol \u00e7\u0259kilm\u0259z, o olmasa x\u0259st\u0259xana tikilm\u0259z, o olmasa su, qaz \u00e7\u0259kilm\u0259z&#8230;\n<\/p>\n<p>\n  \u201cAz\u0259rbaycan Respublikas\u0131n\u0131n 2017-ci il d\u00f6vl\u0259t b\u00fcdc\u0259sinin d\u00f6vl\u0259t \u0259sasl\u0131 v\u0259sait qoyulu\u015fu x\u0259rcl\u0259rinin b\u00f6lg\u00fcs\u00fcnd\u0259 avtomobil yollar\u0131n\u0131n tikintisi v\u0259 yenid\u0259n qurulmas\u0131 \u00fc\u00e7\u00fcn n\u0259z\u0259rd\u0259 tutulmu\u015f&#8230;\u201d v\u0259saitd\u0259n, 10 milyon filan i\u015f \u00fc\u00e7\u00fcn ayr\u0131ls\u0131n. Bu v\u0259sait n\u0259z\u0259rd\u0259 tutulub, qoy onun hara x\u0259rcl\u0259nm\u0259sini aidiyy\u0259ti qurumlar h\u0259ll etsin. Daha bunu da t\u0259bli\u011fat vasit\u0259sin\u0259 \u00e7evirm\u0259k, g\u00fcnl\u0259rl\u0259 telekanallarda, q\u0259zetl\u0259rd\u0259, saytlarda reklam etm\u0259k niy\u0259?..\n<\/p>\n<p>\n  Qay\u0131daq Nax\u00e7\u0131vana. D\u00f6vl\u0259t b\u00fcdc\u0259sind\u0259n h\u0259r il Nax\u00e7\u0131vana b\u00f6y\u00fck dotasiya ayr\u0131l\u0131r. M\u0259s\u0259l\u0259n, 2018-ci ild\u0259 bu dotasiyan\u0131n m\u0259bl\u0259\u011fi 281 milyon 900 min manatd\u0131r. O v\u0259saitin n\u0259 q\u0259d\u0259r \u0259sasl\u0131 olub-olmamas\u0131n\u0131 iqtisad\u00e7\u0131lar dart\u0131\u015fa bil\u0259r, ancaq bir s\u0259f\u0259r sonras\u0131 bir regiona bird\u0259n-bir\u0259 55 milyon manat ayr\u0131lmas\u0131 b\u00fcdc\u0259 talan\u00e7\u0131l\u0131\u011f\u0131 deyilmi? \u00dcst\u0259lik, bu v\u0259saitin 10 milyon manat\u0131 \u201csosial-iqtisadi inki\u015faf\u201d \u00fc\u00e7\u00fcn ayr\u0131l\u0131b, h\u0259m d\u0259 prezidentin ehtiyat fondundan; el\u0259 bel\u0259c\u0259, \u015f\u0259xsi v\u0259sait kimi&#8230;\n<\/p>\n<p>\n  Sosial iqtisadi inki\u015faf dedikd\u0259 is\u0259 ilk yada d\u00fc\u015f\u0259n regionlarda Heyd\u0259r \u018fliyevin heyk\u0259li, bu heyk\u0259ll\u0259r \u0259traf\u0131nda apar\u0131lan \u201cabadl\u0131q v\u0259 yenid\u0259nqurma\u201d i\u015fl\u0259ridir&#8230;\n<\/p>\n<p>\n  Bir ne\u00e7\u0259 n\u00fcmun\u0259y\u0259 baxaq:\n<\/p>\n<p>\n  2017-ci il yanvar\u0131n 11-d\u0259 d\u0259 \u0130lham \u018fliyev Nax\u00e7\u0131vana s\u0259f\u0259r etmi\u015fdi v\u0259 h\u0259min s\u0259f\u0259r d\u0259 Heyd\u0259r \u018fliyevin heyk\u0259lini ziyar\u0259tl\u0259 ba\u015flam\u0131\u015fd\u0131 v\u0259 h\u0259min ziyar\u0259t zaman\u0131 da Vasif Tal\u0131bov \u201cabid\u0259nin \u0259traf\u0131nda apar\u0131lan abadl\u0131q v\u0259 yenid\u0259nqurma i\u015fl\u0259ri bar\u0259d\u0259\u201d m\u0259lumat<br \/>\n  <a href=\"http:\/\/www.nakhchivan.az\/portal-1\/news\/yanvar-2017\/news12.html\" target=\"_blank\" rel=\"noopener\"><br \/>\n    vermi\u015fdi.<br \/>\n  <\/a>\n<\/p>\n<p>\n  2015-ci il dekabr\u0131n 1-d\u0259 d\u0259 \u0130lham \u018fliyev Nax\u00e7\u0131vanda olub v\u0259 yen\u0259 Heyd\u0259r \u018fliyevin heyk\u0259lini ziyar\u0259t edib, Vasif Tal\u0131bov da \u0259n\u0259n\u0259y\u0259 uy\u011fun olaraq \u201cabid\u0259nin \u0259traf\u0131nda apar\u0131lan abadl\u0131q v\u0259 yenid\u0259nqurma i\u015fl\u0259ri bar\u0259d\u0259\u201d prezident\u0259 m\u0259lumat<br \/>\n  <a href=\"http:\/\/www.nakhchivan.az\/portal-1\/news\/dekabr-2015\/news1.html\" target=\"_blank\" rel=\"noopener\"><br \/>\n    verib.<br \/>\n  <\/a>\n<\/p>\n<p>\n  2014-c\u00fc il aprelin 7-d\u0259 \u0130lham \u018fliyev Nax\u00e7\u0131vanda s\u0259f\u0259rd\u0259 olub. Heyd\u0259r \u018fliyevin Nax\u00e7\u0131van \u015f\u0259h\u0259rinin m\u0259rk\u0259zind\u0259ki heyk\u0259lini ziyar\u0259t edib, abid\u0259nin \u00f6n\u00fcn\u0259 g\u00fcl qoyub. Vasif Tal\u0131bov da \u00f6z n\u00f6vb\u0259sind\u0259 \u201cabid\u0259nin \u0259traf\u0131nda apar\u0131lan abadl\u0131q v\u0259 yenid\u0259nqurma i\u015fl\u0259ri bar\u0259d\u0259\u201d prezident\u0259 m\u0259lumat<br \/>\n  <a href=\"http:\/\/www.nakhchivan.az\/portal-1\/news\/aprel-2014\/news3.html\" target=\"_blank\" rel=\"noopener\"><br \/>\n    verib.<br \/>\n  <\/a>\n<\/p>\n<p>\n  Maraql\u0131d\u0131r ki, 2012-ci il may\u0131n 30-da \u0130lham \u018fliyevin Nax\u00e7\u0131van s\u0259f\u0259rind\u0259 \u0259n\u0259n\u0259d\u0259n k\u0259nara\u00e7\u0131xmalar olub. \u018fn\u0259n\u0259vi olaraq Heyd\u0259r \u018fliyevin abid\u0259si ziyar\u0259t olunsa da, \u201cabid\u0259nin \u0259traf\u0131nda apar\u0131lan abadl\u0131q v\u0259 yenid\u0259nqurma i\u015fl\u0259ri bar\u0259d\u0259\u201d he\u00e7 bir m\u0259lumat<br \/>\n  <a href=\"http:\/\/www.nakhchivan.az\/portal-1\/news\/iyun-2012\/news1.html\" target=\"_blank\" rel=\"noopener\"><br \/>\n    verilm\u0259yib<br \/>\n  <\/a><br \/>\n  .\n<\/p>\n<p>\n  Bundan qabaqk\u0131 ill\u0259rd\u0259 d\u0259 bu \u0259n\u0259n\u0259 olub. Bir heyk\u0259l \u0259traf\u0131nda n\u0259 q\u0259d\u0259r \u201cabadl\u0131q v\u0259 yenid\u0259nqurma\u201d i\u015fl\u0259ri apar\u0131la bil\u0259r. Eyni yerd\u0259 eyni i\u015fi ill\u0259rl\u0259 davam etdirm\u0259k v\u0259 bunu \u201csosial-iqtisadi inki\u015faf\u201d adland\u0131rmaq bezdirici deyil?\n<\/p>\n<p>\n  Adam icra ba\u015f\u00e7\u0131lar\u0131n\u0131n \u201cabadl\u0131q v\u0259 yenid\u0259nqurma\u201d fantaziyas\u0131na heyranl\u0131\u011f\u0131n\u0131 gizl\u0259d\u0259 bilmir; el\u0259 \u0130lham \u018fliyevin icra ba\u015f\u00e7\u0131s\u0131 se\u00e7imin\u0259 d\u0259&#8230;<\/p>\n<p>  P.S. \u0130lham \u018fliyev YAP-\u0131n 50 otaql\u0131 yeni inzibati binas\u0131n\u0131n a\u00e7\u0131l\u0131\u015f\u0131n\u0131 bildir\u0259n q\u0131rm\u0131z\u0131 lenti k\u0259sib. Y\u0259qin bu binan\u0131n tikintisi d\u0259 \u201csosial-iqtisadi inki\u015faf\u201d ad\u0131na yaz\u0131lacaq&#8230;<\/p>\n","protected":false},"excerpt":{"rendered":"<p>H\u0259l\u0259 bunun bir \u0259t\u0259k yol x\u0259rci d\u0259 var<\/p>\n","protected":false},"author":11,"featured_media":103845,"comment_status":"closed","ping_status":"open","sticky":false,"template":"","format":"standard","meta":{"_acf_changed":false,"_sitemap_exclude":false,"_sitemap_priority":"","_sitemap_frequency":"","footnotes":""},"categories":[51],"tags":[],"class_list":["post-190063","post","type-post","status-publish","format-standard","has-post-thumbnail","hentry","category-analitika","infinite-scroll-item","generate-columns","tablet-grid-50","mobile-grid-100","grid-parent","grid-33","no-featured-image-padding"],"acf":[],"yoast_head":"<!-- This site is optimized with the Yoast SEO plugin v27.4 - https:\/\/yoast.com\/product\/yoast-seo-wordpress\/ -->\n<title>55 milyona ba\u015fa g\u0259l\u0259n s\u0259f\u0259r - MEYDAN.TV<\/title>\n<meta name=\"robots\" content=\"index, follow, max-snippet:-1, max-image-preview:large, max-video-preview:-1\" \/>\n<link rel=\"canonical\" href=\"https:\/\/www.meydan.tv\/az\/article\/55-milyona-basa-gelen-sefer\/\" \/>\n<meta property=\"og:locale\" content=\"az_AZ\" \/>\n<meta property=\"og:type\" content=\"article\" \/>\n<meta property=\"og:title\" content=\"55 milyona ba\u015fa g\u0259l\u0259n s\u0259f\u0259r - MEYDAN.TV\" \/>\n<meta property=\"og:description\" content=\"H\u0259l\u0259 bunun bir \u0259t\u0259k yol x\u0259rci d\u0259 var\" \/>\n<meta property=\"og:url\" content=\"https:\/\/www.meydan.tv\/az\/article\/55-milyona-basa-gelen-sefer\/\" \/>\n<meta property=\"og:site_name\" content=\"MEYDAN.TV\" \/>\n<meta property=\"article:published_time\" content=\"2018-05-19T15:02:40+00:00\" \/>\n<meta property=\"og:image\" content=\"https:\/\/www.meydan.tv\/wp-content\/uploads\/41187.jpg\" \/>\n\t<meta property=\"og:image:width\" content=\"1836\" \/>\n\t<meta property=\"og:image:height\" content=\"1292\" \/>\n\t<meta property=\"og:image:type\" content=\"image\/jpeg\" \/>\n<meta name=\"author\" content=\"user-manager\" \/>\n<meta name=\"twitter:card\" content=\"summary_large_image\" \/>\n<script type=\"application\/ld+json\" class=\"yoast-schema-graph\">{\"@context\":\"https:\\\/\\\/schema.org\",\"@graph\":[{\"@type\":\"Article\",\"@id\":\"https:\\\/\\\/www.meydan.tv\\\/az\\\/article\\\/55-milyona-basa-gelen-sefer\\\/#article\",\"isPartOf\":{\"@id\":\"https:\\\/\\\/www.meydan.tv\\\/az\\\/article\\\/55-milyona-basa-gelen-sefer\\\/\"},\"author\":{\"name\":\"user-manager\",\"@id\":\"https:\\\/\\\/www.meydan.tv\\\/az\\\/#\\\/schema\\\/person\\\/10d11eccf6da3662cf5fdab9806ea91a\"},\"headline\":\"55 milyona ba\u015fa g\u0259l\u0259n s\u0259f\u0259r\",\"datePublished\":\"2018-05-19T15:02:40+00:00\",\"mainEntityOfPage\":{\"@id\":\"https:\\\/\\\/www.meydan.tv\\\/az\\\/article\\\/55-milyona-basa-gelen-sefer\\\/\"},\"wordCount\":942,\"publisher\":{\"@id\":\"https:\\\/\\\/www.meydan.tv\\\/az\\\/#organization\"},\"image\":{\"@id\":\"https:\\\/\\\/www.meydan.tv\\\/az\\\/article\\\/55-milyona-basa-gelen-sefer\\\/#primaryimage\"},\"thumbnailUrl\":\"https:\\\/\\\/www.meydan.tv\\\/wp-content\\\/uploads\\\/41187.jpg\",\"articleSection\":[\"Analitika\"],\"inLanguage\":\"az\"},{\"@type\":\"WebPage\",\"@id\":\"https:\\\/\\\/www.meydan.tv\\\/az\\\/article\\\/55-milyona-basa-gelen-sefer\\\/\",\"url\":\"https:\\\/\\\/www.meydan.tv\\\/az\\\/article\\\/55-milyona-basa-gelen-sefer\\\/\",\"name\":\"55 milyona ba\u015fa g\u0259l\u0259n s\u0259f\u0259r - MEYDAN.TV\",\"isPartOf\":{\"@id\":\"https:\\\/\\\/www.meydan.tv\\\/az\\\/#website\"},\"primaryImageOfPage\":{\"@id\":\"https:\\\/\\\/www.meydan.tv\\\/az\\\/article\\\/55-milyona-basa-gelen-sefer\\\/#primaryimage\"},\"image\":{\"@id\":\"https:\\\/\\\/www.meydan.tv\\\/az\\\/article\\\/55-milyona-basa-gelen-sefer\\\/#primaryimage\"},\"thumbnailUrl\":\"https:\\\/\\\/www.meydan.tv\\\/wp-content\\\/uploads\\\/41187.jpg\",\"datePublished\":\"2018-05-19T15:02:40+00:00\",\"breadcrumb\":{\"@id\":\"https:\\\/\\\/www.meydan.tv\\\/az\\\/article\\\/55-milyona-basa-gelen-sefer\\\/#breadcrumb\"},\"inLanguage\":\"az\",\"potentialAction\":[{\"@type\":\"ReadAction\",\"target\":[\"https:\\\/\\\/www.meydan.tv\\\/az\\\/article\\\/55-milyona-basa-gelen-sefer\\\/\"]}]},{\"@type\":\"ImageObject\",\"inLanguage\":\"az\",\"@id\":\"https:\\\/\\\/www.meydan.tv\\\/az\\\/article\\\/55-milyona-basa-gelen-sefer\\\/#primaryimage\",\"url\":\"https:\\\/\\\/www.meydan.tv\\\/wp-content\\\/uploads\\\/41187.jpg\",\"contentUrl\":\"https:\\\/\\\/www.meydan.tv\\\/wp-content\\\/uploads\\\/41187.jpg\",\"width\":1836,\"height\":1292,\"caption\":\"Source:\"},{\"@type\":\"BreadcrumbList\",\"@id\":\"https:\\\/\\\/www.meydan.tv\\\/az\\\/article\\\/55-milyona-basa-gelen-sefer\\\/#breadcrumb\",\"itemListElement\":[{\"@type\":\"ListItem\",\"position\":1,\"name\":\"Ana s\u0259hif\u0259\",\"item\":\"https:\\\/\\\/www.meydan.tv\\\/az\\\/\"},{\"@type\":\"ListItem\",\"position\":2,\"name\":\"Analitika\",\"item\":\"https:\\\/\\\/www.meydan.tv\\\/az\\\/section\\\/analitika\\\/\"},{\"@type\":\"ListItem\",\"position\":3,\"name\":\"55 milyona ba\u015fa g\u0259l\u0259n s\u0259f\u0259r\"}]},{\"@type\":\"WebSite\",\"@id\":\"https:\\\/\\\/www.meydan.tv\\\/az\\\/#website\",\"url\":\"https:\\\/\\\/www.meydan.tv\\\/az\\\/\",\"name\":\"MEYDAN.TV\",\"description\":\"Meydan TV Az\u0259rbaycan\u0131n media m\u0259kan\u0131ndak\u0131 alternativ s\u0259sidir\",\"publisher\":{\"@id\":\"https:\\\/\\\/www.meydan.tv\\\/az\\\/#organization\"},\"potentialAction\":[{\"@type\":\"SearchAction\",\"target\":{\"@type\":\"EntryPoint\",\"urlTemplate\":\"https:\\\/\\\/www.meydan.tv\\\/az\\\/?s={search_term_string}\"},\"query-input\":{\"@type\":\"PropertyValueSpecification\",\"valueRequired\":true,\"valueName\":\"search_term_string\"}}],\"inLanguage\":\"az\"},{\"@type\":\"Organization\",\"@id\":\"https:\\\/\\\/www.meydan.tv\\\/az\\\/#organization\",\"name\":\"Meydan TV\",\"url\":\"https:\\\/\\\/www.meydan.tv\\\/az\\\/\",\"logo\":{\"@type\":\"ImageObject\",\"inLanguage\":\"az\",\"@id\":\"https:\\\/\\\/www.meydan.tv\\\/az\\\/#\\\/schema\\\/logo\\\/image\\\/\",\"url\":\"https:\\\/\\\/www.meydan.tv\\\/wp-content\\\/uploads\\\/2021\\\/07\\\/meydan-logo.svg\",\"contentUrl\":\"https:\\\/\\\/www.meydan.tv\\\/wp-content\\\/uploads\\\/2021\\\/07\\\/meydan-logo.svg\",\"width\":195,\"height\":46,\"caption\":\"Meydan TV\"},\"image\":{\"@id\":\"https:\\\/\\\/www.meydan.tv\\\/az\\\/#\\\/schema\\\/logo\\\/image\\\/\"}},{\"@type\":\"Person\",\"@id\":\"https:\\\/\\\/www.meydan.tv\\\/az\\\/#\\\/schema\\\/person\\\/10d11eccf6da3662cf5fdab9806ea91a\",\"name\":\"user-manager\"}]}<\/script>\n<!-- \/ Yoast SEO plugin. -->","yoast_head_json":{"title":"55 milyona ba\u015fa g\u0259l\u0259n s\u0259f\u0259r - MEYDAN.TV","robots":{"index":"index","follow":"follow","max-snippet":"max-snippet:-1","max-image-preview":"max-image-preview:large","max-video-preview":"max-video-preview:-1"},"canonical":"https:\/\/www.meydan.tv\/az\/article\/55-milyona-basa-gelen-sefer\/","og_locale":"az_AZ","og_type":"article","og_title":"55 milyona ba\u015fa g\u0259l\u0259n s\u0259f\u0259r - MEYDAN.TV","og_description":"H\u0259l\u0259 bunun bir \u0259t\u0259k yol x\u0259rci d\u0259 var","og_url":"https:\/\/www.meydan.tv\/az\/article\/55-milyona-basa-gelen-sefer\/","og_site_name":"MEYDAN.TV","article_published_time":"2018-05-19T15:02:40+00:00","og_image":[{"width":1836,"height":1292,"url":"https:\/\/www.meydan.tv\/wp-content\/uploads\/41187.jpg","type":"image\/jpeg"}],"author":"user-manager","twitter_card":"summary_large_image","schema":{"@context":"https:\/\/schema.org","@graph":[{"@type":"Article","@id":"https:\/\/www.meydan.tv\/az\/article\/55-milyona-basa-gelen-sefer\/#article","isPartOf":{"@id":"https:\/\/www.meydan.tv\/az\/article\/55-milyona-basa-gelen-sefer\/"},"author":{"name":"user-manager","@id":"https:\/\/www.meydan.tv\/az\/#\/schema\/person\/10d11eccf6da3662cf5fdab9806ea91a"},"headline":"55 milyona ba\u015fa g\u0259l\u0259n s\u0259f\u0259r","datePublished":"2018-05-19T15:02:40+00:00","mainEntityOfPage":{"@id":"https:\/\/www.meydan.tv\/az\/article\/55-milyona-basa-gelen-sefer\/"},"wordCount":942,"publisher":{"@id":"https:\/\/www.meydan.tv\/az\/#organization"},"image":{"@id":"https:\/\/www.meydan.tv\/az\/article\/55-milyona-basa-gelen-sefer\/#primaryimage"},"thumbnailUrl":"https:\/\/www.meydan.tv\/wp-content\/uploads\/41187.jpg","articleSection":["Analitika"],"inLanguage":"az"},{"@type":"WebPage","@id":"https:\/\/www.meydan.tv\/az\/article\/55-milyona-basa-gelen-sefer\/","url":"https:\/\/www.meydan.tv\/az\/article\/55-milyona-basa-gelen-sefer\/","name":"55 milyona ba\u015fa g\u0259l\u0259n s\u0259f\u0259r - MEYDAN.TV","isPartOf":{"@id":"https:\/\/www.meydan.tv\/az\/#website"},"primaryImageOfPage":{"@id":"https:\/\/www.meydan.tv\/az\/article\/55-milyona-basa-gelen-sefer\/#primaryimage"},"image":{"@id":"https:\/\/www.meydan.tv\/az\/article\/55-milyona-basa-gelen-sefer\/#primaryimage"},"thumbnailUrl":"https:\/\/www.meydan.tv\/wp-content\/uploads\/41187.jpg","datePublished":"2018-05-19T15:02:40+00:00","breadcrumb":{"@id":"https:\/\/www.meydan.tv\/az\/article\/55-milyona-basa-gelen-sefer\/#breadcrumb"},"inLanguage":"az","potentialAction":[{"@type":"ReadAction","target":["https:\/\/www.meydan.tv\/az\/article\/55-milyona-basa-gelen-sefer\/"]}]},{"@type":"ImageObject","inLanguage":"az","@id":"https:\/\/www.meydan.tv\/az\/article\/55-milyona-basa-gelen-sefer\/#primaryimage","url":"https:\/\/www.meydan.tv\/wp-content\/uploads\/41187.jpg","contentUrl":"https:\/\/www.meydan.tv\/wp-content\/uploads\/41187.jpg","width":1836,"height":1292,"caption":"Source:"},{"@type":"BreadcrumbList","@id":"https:\/\/www.meydan.tv\/az\/article\/55-milyona-basa-gelen-sefer\/#breadcrumb","itemListElement":[{"@type":"ListItem","position":1,"name":"Ana s\u0259hif\u0259","item":"https:\/\/www.meydan.tv\/az\/"},{"@type":"ListItem","position":2,"name":"Analitika","item":"https:\/\/www.meydan.tv\/az\/section\/analitika\/"},{"@type":"ListItem","position":3,"name":"55 milyona ba\u015fa g\u0259l\u0259n s\u0259f\u0259r"}]},{"@type":"WebSite","@id":"https:\/\/www.meydan.tv\/az\/#website","url":"https:\/\/www.meydan.tv\/az\/","name":"MEYDAN.TV","description":"Meydan TV Az\u0259rbaycan\u0131n media m\u0259kan\u0131ndak\u0131 alternativ s\u0259sidir","publisher":{"@id":"https:\/\/www.meydan.tv\/az\/#organization"},"potentialAction":[{"@type":"SearchAction","target":{"@type":"EntryPoint","urlTemplate":"https:\/\/www.meydan.tv\/az\/?s={search_term_string}"},"query-input":{"@type":"PropertyValueSpecification","valueRequired":true,"valueName":"search_term_string"}}],"inLanguage":"az"},{"@type":"Organization","@id":"https:\/\/www.meydan.tv\/az\/#organization","name":"Meydan TV","url":"https:\/\/www.meydan.tv\/az\/","logo":{"@type":"ImageObject","inLanguage":"az","@id":"https:\/\/www.meydan.tv\/az\/#\/schema\/logo\/image\/","url":"https:\/\/www.meydan.tv\/wp-content\/uploads\/2021\/07\/meydan-logo.svg","contentUrl":"https:\/\/www.meydan.tv\/wp-content\/uploads\/2021\/07\/meydan-logo.svg","width":195,"height":46,"caption":"Meydan TV"},"image":{"@id":"https:\/\/www.meydan.tv\/az\/#\/schema\/logo\/image\/"}},{"@type":"Person","@id":"https:\/\/www.meydan.tv\/az\/#\/schema\/person\/10d11eccf6da3662cf5fdab9806ea91a","name":"user-manager"}]}},"_links":{"self":[{"href":"https:\/\/www.meydan.tv\/az\/wp-json\/wp\/v2\/posts\/190063","targetHints":{"allow":["GET"]}}],"collection":[{"href":"https:\/\/www.meydan.tv\/az\/wp-json\/wp\/v2\/posts"}],"about":[{"href":"https:\/\/www.meydan.tv\/az\/wp-json\/wp\/v2\/types\/post"}],"author":[{"embeddable":true,"href":"https:\/\/www.meydan.tv\/az\/wp-json\/wp\/v2\/users\/11"}],"replies":[{"embeddable":true,"href":"https:\/\/www.meydan.tv\/az\/wp-json\/wp\/v2\/comments?post=190063"}],"version-history":[{"count":0,"href":"https:\/\/www.meydan.tv\/az\/wp-json\/wp\/v2\/posts\/190063\/revisions"}],"wp:featuredmedia":[{"embeddable":true,"href":"https:\/\/www.meydan.tv\/az\/wp-json\/wp\/v2\/media\/103845"}],"wp:attachment":[{"href":"https:\/\/www.meydan.tv\/az\/wp-json\/wp\/v2\/media?parent=190063"}],"wp:term":[{"taxonomy":"category","embeddable":true,"href":"https:\/\/www.meydan.tv\/az\/wp-json\/wp\/v2\/categories?post=190063"},{"taxonomy":"post_tag","embeddable":true,"href":"https:\/\/www.meydan.tv\/az\/wp-json\/wp\/v2\/tags?post=190063"}],"curies":[{"name":"wp","href":"https:\/\/api.w.org\/{rel}","templated":true}]}}