{"id":190060,"date":"2018-05-19T01:43:09","date_gmt":"2018-05-19T01:43:09","guid":{"rendered":"https:\/\/www.meydan.tv\/article\/alpinistler-tapildi-kime-tesekkur-etmeli\/"},"modified":"2018-05-19T01:43:09","modified_gmt":"2018-05-19T01:43:09","slug":"alpinistler-tapildi-kime-tesekkur-etmeli","status":"publish","type":"post","link":"https:\/\/www.meydan.tv\/az\/article\/alpinistler-tapildi-kime-tesekkur-etmeli\/","title":{"rendered":"Alpinistl\u0259r tap\u0131ld\u0131. Kim\u0259 t\u0259\u015f\u0259kk\u00fcr etm\u0259li?"},"content":{"rendered":"<figure class=\"wp-block-image size-large\">\n  <img decoding=\"async\" src=\"https:\/\/www.meydan.tv\/az\/namin-bunyatzadenin-defn-merasimi\/\" alt=\"Namin B\u00fcnyatzad\u0259nin d\u0259fn m\u0259rasimi\" class=\"wp-image-103839\"\/><figcaption>\n    Namin B\u00fcnyatzad\u0259nin d\u0259fn m\u0259rasimi<br \/>\n  <\/figcaption><\/figure>\n<p>\n  Be\u015f ay davam ed\u0259n u\u011fursuz axtar\u0131\u015flardan sonra, n\u0259hay\u0259t, \u00fc\u00e7 alpinistin &#8211; Namin B\u00fcnyadzad\u0259, Babur H\u00fcseynov v\u0259 F\u0259rid\u0259 C\u0259bray\u0131lzad\u0259nin c\u0259s\u0259dl\u0259ri tap\u0131ld\u0131.\n<\/p>\n<p>\n  F\u00f6vq\u0259lad\u0259 Hallar, Ekologiya v\u0259 T\u0259bii S\u0259rv\u0259tl\u0259r nazirlikl\u0259rinin \u0259m\u0259kda\u015flar\u0131ndan ibar\u0259t x\u00fcsusi qrup onlar\u0131 Quba rayonunda 2500 metrd\u0259n \u00e7ox y\u00fcks\u0259klikd\u0259 Tufanda\u011f\u0131n \u0259t\u0259yind\u0259 \u00e7ad\u0131rda tap\u0131b. H\u0259lak olan alpinistl\u0259rin c\u0259s\u0259dl\u0259ri art\u0131q paytaxta g\u0259tirilib v\u0259 torpa\u011fa tap\u015f\u0131r\u0131l\u0131b. Ancaq indiy\u0259d\u0259k ekspertizan\u0131n n\u0259tic\u0259l\u0259ri a\u00e7\u0131qlanmay\u0131b. Bel\u0259 ki, ekspertiza b\u0259zi suallara ayd\u0131nl\u0131q g\u0259tirm\u0259lidir: alpinistl\u0259r n\u0259d\u0259n v\u0259 hans\u0131 \u015f\u0259raitd\u0259 h\u0259lak olublar, qar u\u00e7qununa d\u00fc\u015f\u00fcbl\u0259r, soyuqdan yoxsa acl\u0131qdan \u00f6l\u00fcbl\u0259r, yolu az\u0131blar? \u018fg\u0259r alpinistl\u0259r ikinci variant n\u0259tic\u0259sind\u0259 h\u0259lak olublarsa, bu o dem\u0259kdir ki, onlara k\u00f6m\u0259k ed\u0259n olmay\u0131b.\n<\/p>\n<p>\n  Axtar\u0131\u015fa dekabr\u0131n 27-d\u0259 ba\u015flan\u0131l\u0131b, alpinistl\u0259rl\u0259 rabit\u0259 k\u0259sildikd\u0259n sonra. Ancaq axtar\u0131\u015f u\u011fursuz olub, baxmayaraq ki, r\u0259smi qurumlar\u0131n m\u0259lumat\u0131na g\u00f6r\u0259, F\u00f6vq\u0259lad\u0259 Hallar, Ekologiya v\u0259 T\u0259bii S\u0259rv\u0259tl\u0259r nazirlikl\u0259rinin, \u018frazil\u0259rin Minalardan T\u0259mizl\u0259nm\u0259si Agentliyinin \u0259n yax\u015f\u0131 q\u00fcvv\u0259 v\u0259 texnikas\u0131, h\u0259tta xarici m\u00fct\u0259x\u0259ssisl\u0259r c\u0259lb edilmi\u015fdi. Sonradan axtar\u0131\u015fa k\u00f6n\u00fcll\u00fcl\u0259r qo\u015fuldu, itkin d\u00fc\u015f\u0259n alpinistl\u0259rin dostlar\u0131, tan\u0131\u015flar\u0131, h\u0259tta onlar\u0131n \u00f6zl\u0259ri kimi yar\u0131mpe\u015f\u0259karlar.\n<\/p>\n<p>\n  G\u00fcnl\u0259r ke\u00e7irdi, ancaq n\u0259tic\u0259 yox idi. Pis hava \u015f\u0259raiti v\u0259ziyy\u0259ti \u00e7\u0259tinl\u0259\u015fdirirdi. Onlar\u0131 n\u0259 sa\u011f, n\u0259 d\u0259 meyidini tapmaq m\u00fcmk\u00fcn olmad\u0131. K\u00f6n\u00fcll\u00fcl\u0259r axtar\u0131\u015fa c\u0259lb edilmi\u015f r\u0259smi qurumlar\u0131 ittiham etdil\u0259r, qurumlar is\u0259 bir-birini laz\u0131mi texnikan\u0131n, t\u0259\u015fkilat\u00e7\u0131l\u0131\u011f\u0131n, s\u0259yl\u0259rin olmamas\u0131nda g\u00fcnahland\u0131rd\u0131. \u018fsas\u0259n k\u00f6n\u00fcll\u00fcl\u0259r FHN Quba regional \u015f\u00f6b\u0259sinin r\u0259isini onlara i\u015fl\u0259m\u0259y\u0259 mane olmaqda ittiham edirdil\u0259r: &#8220;O ist\u0259mir ki, itkin d\u00fc\u015f\u0259nl\u0259ri kims\u0259 ba\u015fqas\u0131 taps\u0131n. Bundan \u0259lav\u0259, daha \u00e7ox pul m\u0259nims\u0259m\u0259k \u00fc\u00e7\u00fcn axtar\u0131\u015f\u0131 yubad\u0131r&#8221;, &#8211; &#8220;Gilavar&#8221; Alpinist Klubunun \u00fczvl\u0259ri bildirirdil\u0259r. Qeyd ed\u0259k ki, h\u0259lak olan alpinistl\u0259r d\u0259 h\u0259min klubun \u00fczvl\u0259ri idi.\n<\/p>\n<p>\n  Rusiyada itkin d\u00fc\u015f\u0259n alpinistl\u0259rin axtar\u0131\u015f\u0131 il\u0259 FHN-in y\u00fcks\u0259k da\u011fl\u0131q \u0259razid\u0259 axtar\u0131\u015f-xilasetm\u0259 d\u0259st\u0259l\u0259ri m\u0259\u015f\u011ful olur. Dem\u0259k laz\u0131md\u0131r ki, \u00f6z i\u015fl\u0259rini yax\u015f\u0131 yerin\u0259 yetirirl\u0259r. M\u0259s\u0259l\u0259n, bu ilin yanvar\u0131nda rusiyal\u0131 xilasedicil\u0259r Elbrusda itkin d\u00fc\u015fm\u00fc\u015f belaruslular\u0131 tapm\u0131\u015fd\u0131lar. H\u0259m d\u0259 iki g\u00fcn\u00fcn i\u015find\u0259 sa\u011f v\u0259ziyy\u0259td\u0259 tapd\u0131lar. Maraql\u0131d\u0131r ki, Az\u0259rbaycan\u0131n axtar\u0131\u015f d\u0259st\u0259l\u0259ri itkin d\u00fc\u015f\u0259n alpinistl\u0259ri d\u00fczg\u00fcn istiqam\u0259td\u0259 axtarsalar da tapa bilm\u0259yibl\u0259r. Ancaq indi m\u0259lum olur ki, onlar d\u00f6rd metrlik qar\u0131n alt\u0131nda qal\u0131blar. Ancaq bu, m\u00fcasir x\u00fcsusi texnika \u00fc\u00e7\u00fcn son h\u0259dd deyil, o, u\u00e7qunun alt\u0131nda da a\u015fkar etm\u0259lidir. \u018fg\u0259r alpinistl\u0259r sa\u011f qalsayd\u0131lar, istiy\u0259 reaksiya ver\u0259n aparatlar onlar\u0131 a\u015fkar etm\u0259liydi, \u0259g\u0259r r\u0259smi oqranlar\u0131n dedikl\u0259ri kimi qar u\u00e7qununun alt\u0131nda qalm\u0131\u015fd\u0131larsa x\u00fcsusi u\u00e7qun texnikas\u0131ndan istifad\u0259 olunmal\u0131yd\u0131. Alpinistl\u0259ri fevral\u0131n 2-d\u0259 RECCO x\u00fcsusi qur\u011fusunun k\u00f6m\u0259yil\u0259 axtarma\u011fa ba\u015flad\u0131lar. Aparat\u0131 k\u00f6n\u00fcll\u00fc axtar\u0131\u015f qrupunun \u00fczvl\u0259ri g\u0259tirmi\u015fdil\u0259r. Bu qur\u011fu sim n\u00f6mr\u0259 \u00e7ipind\u0259n siqnal \u00e7\u0259k\u0259r\u0259k h\u0259tta tamamil\u0259 s\u00f6nm\u00fc\u015f mobil qur\u011funu a\u015fkar etm\u0259y\u0259 imkan verir. Ancaq o zaman axtar\u0131\u015flar d\u00fczg\u00fcn istiqam\u0259td\u0259 apar\u0131lmad\u0131, axtar\u0131\u015f\u0131n apar\u0131lmal\u0131 oldu\u011fu yerd\u0259 is\u0259 bu aparatdan n\u0259d\u0259ns\u0259 istifad\u0259 edilm\u0259di. Axtar\u0131\u015fda i\u015ftirak ed\u0259n k\u00f6n\u00fcll\u00fcl\u0259rin s\u00f6zl\u0259rin\u0259 g\u00f6r\u0259, b\u00fct\u00fcn texnikadan ancaq uzun d\u0259mir \u00e7ubuqlar v\u0259 dronlar c\u0259lb edilib ki, bu da indiki \u015f\u0259raitd\u0259 faydas\u0131z olub. Axtar\u0131\u015fa Mi-17 vertolyotu c\u0259lb edilib. Ancaq o da \u00f6l\u00e7\u00fcs\u00fcn\u0259 g\u00f6r\u0259 i\u015fin \u00f6hd\u0259sind\u0259n g\u0259l\u0259 bilm\u0259yib. Bel\u0259 ki, da\u011f yamaclar\u0131nda daha manevrli u\u00e7u\u015f texnikas\u0131 laz\u0131md\u0131r.\n<\/p>\n<p>\n  \u018flb\u0259tt\u0259, bel\u0259 v\u0259ziyy\u0259td\u0259 yaz\u0131n g\u0259li\u015fini v\u0259 qar\u0131n \u0259rim\u0259sini g\u00f6zl\u0259m\u0259kd\u0259n ba\u015fqa bir \u015fey qalmam\u0131\u015fd\u0131. B\u0259zi resurslarda h\u0259tta bel\u0259 fikirl\u0259r d\u0259 s\u00f6yl\u0259nilirdi v\u0259 \u00f6z\u00fcn\u00fc do\u011frultdu.\n<\/p>\n<p>\n  May g\u00fcn\u0259\u015fi qar\u0131 \u0259ritdi, axtar\u0131\u015flar asanla\u015fd\u0131 v\u0259 be\u015f ay \u00f6nc\u0259 itkin d\u00fc\u015f\u0259n alpinistl\u0259r, n\u0259hay\u0259t, tap\u0131ld\u0131. R\u0259smi m\u0259lumata g\u00f6r\u0259, onlar\u0131 FHN \u0259m\u0259kda\u015flar\u0131 a\u015fkar edibl\u0259r. Dem\u0259li, axtar\u0131\u015f i\u015fi yerin\u0259 yetirilib, \u0259m\u0259liyyat\u0131n u\u011furla ba\u015fa \u00e7atmas\u0131 bar\u0259d\u0259 raport verm\u0259k olar. Ancaq bir m\u0259s\u0259l\u0259 ayd\u0131n olmur, buna g\u00f6r\u0259 kim\u0259 t\u0259\u015f\u0259kk\u00fcr etm\u0259k laz\u0131md\u0131r: aylarla n\u0259tic\u0259siz i\u015fl\u0259y\u0259n qurumlara yoxsa G\u00fcn\u0259\u015f\u0259?\n<\/p>\n<p>\n  <a href=\"http:\/\/www.turan.az\/ext\/news\/2018\/5\/free\/Want%20to%20Say\/az\/72197.htm\"><br \/>\n    Turan IA<br \/>\n  <\/a><\/p>\n","protected":false},"excerpt":{"rendered":"<p>Namin B\u00fcnyatzad\u0259nin d\u0259fn m\u0259rasimi Be\u015f ay davam ed\u0259n u\u011fursuz axtar\u0131\u015flardan &#8230; <\/p>\n<p class=\"read-more-container\"><a title=\"Alpinistl\u0259r tap\u0131ld\u0131. Kim\u0259 t\u0259\u015f\u0259kk\u00fcr etm\u0259li?\" class=\"read-more button\" href=\"https:\/\/www.meydan.tv\/az\/article\/alpinistler-tapildi-kime-tesekkur-etmeli\/#more-190060\" aria-label=\"Read more about Alpinistl\u0259r tap\u0131ld\u0131. Kim\u0259 t\u0259\u015f\u0259kk\u00fcr etm\u0259li?\">Davam\u0131<\/a><\/p>\n","protected":false},"author":11,"featured_media":103839,"comment_status":"closed","ping_status":"open","sticky":false,"template":"","format":"standard","meta":{"_acf_changed":false,"_sitemap_exclude":false,"_sitemap_priority":"","_sitemap_frequency":"","footnotes":""},"categories":[51],"tags":[],"class_list":["post-190060","post","type-post","status-publish","format-standard","has-post-thumbnail","hentry","category-analitika","infinite-scroll-item","generate-columns","tablet-grid-50","mobile-grid-100","grid-parent","grid-33","no-featured-image-padding"],"acf":[],"yoast_head":"<!-- This site is optimized with the Yoast SEO plugin v27.4 - https:\/\/yoast.com\/product\/yoast-seo-wordpress\/ -->\n<title>Alpinistl\u0259r tap\u0131ld\u0131. Kim\u0259 t\u0259\u015f\u0259kk\u00fcr etm\u0259li? - MEYDAN.TV<\/title>\n<meta name=\"robots\" content=\"index, follow, max-snippet:-1, max-image-preview:large, max-video-preview:-1\" \/>\n<link rel=\"canonical\" href=\"https:\/\/www.meydan.tv\/az\/article\/alpinistler-tapildi-kime-tesekkur-etmeli\/\" \/>\n<meta property=\"og:locale\" content=\"az_AZ\" \/>\n<meta property=\"og:type\" content=\"article\" \/>\n<meta property=\"og:title\" content=\"Alpinistl\u0259r tap\u0131ld\u0131. Kim\u0259 t\u0259\u015f\u0259kk\u00fcr etm\u0259li? - MEYDAN.TV\" \/>\n<meta property=\"og:description\" content=\"Namin B\u00fcnyatzad\u0259nin d\u0259fn m\u0259rasimi Be\u015f ay davam ed\u0259n u\u011fursuz axtar\u0131\u015flardan ... Davam\u0131\" \/>\n<meta property=\"og:url\" content=\"https:\/\/www.meydan.tv\/az\/article\/alpinistler-tapildi-kime-tesekkur-etmeli\/\" \/>\n<meta property=\"og:site_name\" content=\"MEYDAN.TV\" \/>\n<meta property=\"article:published_time\" content=\"2018-05-19T01:43:09+00:00\" \/>\n<meta property=\"og:image\" content=\"https:\/\/www.meydan.tv\/wp-content\/uploads\/41188.jpg\" \/>\n\t<meta property=\"og:image:width\" content=\"807\" \/>\n\t<meta property=\"og:image:height\" content=\"483\" \/>\n\t<meta property=\"og:image:type\" content=\"image\/jpeg\" \/>\n<meta name=\"author\" content=\"user-manager\" \/>\n<meta name=\"twitter:card\" content=\"summary_large_image\" \/>\n<script type=\"application\/ld+json\" class=\"yoast-schema-graph\">{\"@context\":\"https:\\\/\\\/schema.org\",\"@graph\":[{\"@type\":\"Article\",\"@id\":\"https:\\\/\\\/www.meydan.tv\\\/az\\\/article\\\/alpinistler-tapildi-kime-tesekkur-etmeli\\\/#article\",\"isPartOf\":{\"@id\":\"https:\\\/\\\/www.meydan.tv\\\/az\\\/article\\\/alpinistler-tapildi-kime-tesekkur-etmeli\\\/\"},\"author\":{\"name\":\"user-manager\",\"@id\":\"https:\\\/\\\/www.meydan.tv\\\/az\\\/#\\\/schema\\\/person\\\/10d11eccf6da3662cf5fdab9806ea91a\"},\"headline\":\"Alpinistl\u0259r tap\u0131ld\u0131. Kim\u0259 t\u0259\u015f\u0259kk\u00fcr etm\u0259li?\",\"datePublished\":\"2018-05-19T01:43:09+00:00\",\"mainEntityOfPage\":{\"@id\":\"https:\\\/\\\/www.meydan.tv\\\/az\\\/article\\\/alpinistler-tapildi-kime-tesekkur-etmeli\\\/\"},\"wordCount\":907,\"publisher\":{\"@id\":\"https:\\\/\\\/www.meydan.tv\\\/az\\\/#organization\"},\"image\":{\"@id\":\"https:\\\/\\\/www.meydan.tv\\\/az\\\/article\\\/alpinistler-tapildi-kime-tesekkur-etmeli\\\/#primaryimage\"},\"thumbnailUrl\":\"https:\\\/\\\/www.meydan.tv\\\/wp-content\\\/uploads\\\/41188.jpg\",\"articleSection\":[\"Analitika\"],\"inLanguage\":\"az\"},{\"@type\":\"WebPage\",\"@id\":\"https:\\\/\\\/www.meydan.tv\\\/az\\\/article\\\/alpinistler-tapildi-kime-tesekkur-etmeli\\\/\",\"url\":\"https:\\\/\\\/www.meydan.tv\\\/az\\\/article\\\/alpinistler-tapildi-kime-tesekkur-etmeli\\\/\",\"name\":\"Alpinistl\u0259r tap\u0131ld\u0131. Kim\u0259 t\u0259\u015f\u0259kk\u00fcr etm\u0259li? - MEYDAN.TV\",\"isPartOf\":{\"@id\":\"https:\\\/\\\/www.meydan.tv\\\/az\\\/#website\"},\"primaryImageOfPage\":{\"@id\":\"https:\\\/\\\/www.meydan.tv\\\/az\\\/article\\\/alpinistler-tapildi-kime-tesekkur-etmeli\\\/#primaryimage\"},\"image\":{\"@id\":\"https:\\\/\\\/www.meydan.tv\\\/az\\\/article\\\/alpinistler-tapildi-kime-tesekkur-etmeli\\\/#primaryimage\"},\"thumbnailUrl\":\"https:\\\/\\\/www.meydan.tv\\\/wp-content\\\/uploads\\\/41188.jpg\",\"datePublished\":\"2018-05-19T01:43:09+00:00\",\"breadcrumb\":{\"@id\":\"https:\\\/\\\/www.meydan.tv\\\/az\\\/article\\\/alpinistler-tapildi-kime-tesekkur-etmeli\\\/#breadcrumb\"},\"inLanguage\":\"az\",\"potentialAction\":[{\"@type\":\"ReadAction\",\"target\":[\"https:\\\/\\\/www.meydan.tv\\\/az\\\/article\\\/alpinistler-tapildi-kime-tesekkur-etmeli\\\/\"]}]},{\"@type\":\"ImageObject\",\"inLanguage\":\"az\",\"@id\":\"https:\\\/\\\/www.meydan.tv\\\/az\\\/article\\\/alpinistler-tapildi-kime-tesekkur-etmeli\\\/#primaryimage\",\"url\":\"https:\\\/\\\/www.meydan.tv\\\/wp-content\\\/uploads\\\/41188.jpg\",\"contentUrl\":\"https:\\\/\\\/www.meydan.tv\\\/wp-content\\\/uploads\\\/41188.jpg\",\"width\":807,\"height\":483,\"caption\":\"Source:\"},{\"@type\":\"BreadcrumbList\",\"@id\":\"https:\\\/\\\/www.meydan.tv\\\/az\\\/article\\\/alpinistler-tapildi-kime-tesekkur-etmeli\\\/#breadcrumb\",\"itemListElement\":[{\"@type\":\"ListItem\",\"position\":1,\"name\":\"Ana s\u0259hif\u0259\",\"item\":\"https:\\\/\\\/www.meydan.tv\\\/az\\\/\"},{\"@type\":\"ListItem\",\"position\":2,\"name\":\"Analitika\",\"item\":\"https:\\\/\\\/www.meydan.tv\\\/az\\\/section\\\/analitika\\\/\"},{\"@type\":\"ListItem\",\"position\":3,\"name\":\"Alpinistl\u0259r tap\u0131ld\u0131. Kim\u0259 t\u0259\u015f\u0259kk\u00fcr etm\u0259li?\"}]},{\"@type\":\"WebSite\",\"@id\":\"https:\\\/\\\/www.meydan.tv\\\/az\\\/#website\",\"url\":\"https:\\\/\\\/www.meydan.tv\\\/az\\\/\",\"name\":\"MEYDAN.TV\",\"description\":\"Meydan TV Az\u0259rbaycan\u0131n media m\u0259kan\u0131ndak\u0131 alternativ s\u0259sidir\",\"publisher\":{\"@id\":\"https:\\\/\\\/www.meydan.tv\\\/az\\\/#organization\"},\"potentialAction\":[{\"@type\":\"SearchAction\",\"target\":{\"@type\":\"EntryPoint\",\"urlTemplate\":\"https:\\\/\\\/www.meydan.tv\\\/az\\\/?s={search_term_string}\"},\"query-input\":{\"@type\":\"PropertyValueSpecification\",\"valueRequired\":true,\"valueName\":\"search_term_string\"}}],\"inLanguage\":\"az\"},{\"@type\":\"Organization\",\"@id\":\"https:\\\/\\\/www.meydan.tv\\\/az\\\/#organization\",\"name\":\"Meydan TV\",\"url\":\"https:\\\/\\\/www.meydan.tv\\\/az\\\/\",\"logo\":{\"@type\":\"ImageObject\",\"inLanguage\":\"az\",\"@id\":\"https:\\\/\\\/www.meydan.tv\\\/az\\\/#\\\/schema\\\/logo\\\/image\\\/\",\"url\":\"https:\\\/\\\/www.meydan.tv\\\/wp-content\\\/uploads\\\/2021\\\/07\\\/meydan-logo.svg\",\"contentUrl\":\"https:\\\/\\\/www.meydan.tv\\\/wp-content\\\/uploads\\\/2021\\\/07\\\/meydan-logo.svg\",\"width\":195,\"height\":46,\"caption\":\"Meydan TV\"},\"image\":{\"@id\":\"https:\\\/\\\/www.meydan.tv\\\/az\\\/#\\\/schema\\\/logo\\\/image\\\/\"}},{\"@type\":\"Person\",\"@id\":\"https:\\\/\\\/www.meydan.tv\\\/az\\\/#\\\/schema\\\/person\\\/10d11eccf6da3662cf5fdab9806ea91a\",\"name\":\"user-manager\"}]}<\/script>\n<!-- \/ Yoast SEO plugin. -->","yoast_head_json":{"title":"Alpinistl\u0259r tap\u0131ld\u0131. Kim\u0259 t\u0259\u015f\u0259kk\u00fcr etm\u0259li? - MEYDAN.TV","robots":{"index":"index","follow":"follow","max-snippet":"max-snippet:-1","max-image-preview":"max-image-preview:large","max-video-preview":"max-video-preview:-1"},"canonical":"https:\/\/www.meydan.tv\/az\/article\/alpinistler-tapildi-kime-tesekkur-etmeli\/","og_locale":"az_AZ","og_type":"article","og_title":"Alpinistl\u0259r tap\u0131ld\u0131. Kim\u0259 t\u0259\u015f\u0259kk\u00fcr etm\u0259li? - MEYDAN.TV","og_description":"Namin B\u00fcnyatzad\u0259nin d\u0259fn m\u0259rasimi Be\u015f ay davam ed\u0259n u\u011fursuz axtar\u0131\u015flardan ... Davam\u0131","og_url":"https:\/\/www.meydan.tv\/az\/article\/alpinistler-tapildi-kime-tesekkur-etmeli\/","og_site_name":"MEYDAN.TV","article_published_time":"2018-05-19T01:43:09+00:00","og_image":[{"width":807,"height":483,"url":"https:\/\/www.meydan.tv\/wp-content\/uploads\/41188.jpg","type":"image\/jpeg"}],"author":"user-manager","twitter_card":"summary_large_image","schema":{"@context":"https:\/\/schema.org","@graph":[{"@type":"Article","@id":"https:\/\/www.meydan.tv\/az\/article\/alpinistler-tapildi-kime-tesekkur-etmeli\/#article","isPartOf":{"@id":"https:\/\/www.meydan.tv\/az\/article\/alpinistler-tapildi-kime-tesekkur-etmeli\/"},"author":{"name":"user-manager","@id":"https:\/\/www.meydan.tv\/az\/#\/schema\/person\/10d11eccf6da3662cf5fdab9806ea91a"},"headline":"Alpinistl\u0259r tap\u0131ld\u0131. Kim\u0259 t\u0259\u015f\u0259kk\u00fcr etm\u0259li?","datePublished":"2018-05-19T01:43:09+00:00","mainEntityOfPage":{"@id":"https:\/\/www.meydan.tv\/az\/article\/alpinistler-tapildi-kime-tesekkur-etmeli\/"},"wordCount":907,"publisher":{"@id":"https:\/\/www.meydan.tv\/az\/#organization"},"image":{"@id":"https:\/\/www.meydan.tv\/az\/article\/alpinistler-tapildi-kime-tesekkur-etmeli\/#primaryimage"},"thumbnailUrl":"https:\/\/www.meydan.tv\/wp-content\/uploads\/41188.jpg","articleSection":["Analitika"],"inLanguage":"az"},{"@type":"WebPage","@id":"https:\/\/www.meydan.tv\/az\/article\/alpinistler-tapildi-kime-tesekkur-etmeli\/","url":"https:\/\/www.meydan.tv\/az\/article\/alpinistler-tapildi-kime-tesekkur-etmeli\/","name":"Alpinistl\u0259r tap\u0131ld\u0131. Kim\u0259 t\u0259\u015f\u0259kk\u00fcr etm\u0259li? - MEYDAN.TV","isPartOf":{"@id":"https:\/\/www.meydan.tv\/az\/#website"},"primaryImageOfPage":{"@id":"https:\/\/www.meydan.tv\/az\/article\/alpinistler-tapildi-kime-tesekkur-etmeli\/#primaryimage"},"image":{"@id":"https:\/\/www.meydan.tv\/az\/article\/alpinistler-tapildi-kime-tesekkur-etmeli\/#primaryimage"},"thumbnailUrl":"https:\/\/www.meydan.tv\/wp-content\/uploads\/41188.jpg","datePublished":"2018-05-19T01:43:09+00:00","breadcrumb":{"@id":"https:\/\/www.meydan.tv\/az\/article\/alpinistler-tapildi-kime-tesekkur-etmeli\/#breadcrumb"},"inLanguage":"az","potentialAction":[{"@type":"ReadAction","target":["https:\/\/www.meydan.tv\/az\/article\/alpinistler-tapildi-kime-tesekkur-etmeli\/"]}]},{"@type":"ImageObject","inLanguage":"az","@id":"https:\/\/www.meydan.tv\/az\/article\/alpinistler-tapildi-kime-tesekkur-etmeli\/#primaryimage","url":"https:\/\/www.meydan.tv\/wp-content\/uploads\/41188.jpg","contentUrl":"https:\/\/www.meydan.tv\/wp-content\/uploads\/41188.jpg","width":807,"height":483,"caption":"Source:"},{"@type":"BreadcrumbList","@id":"https:\/\/www.meydan.tv\/az\/article\/alpinistler-tapildi-kime-tesekkur-etmeli\/#breadcrumb","itemListElement":[{"@type":"ListItem","position":1,"name":"Ana s\u0259hif\u0259","item":"https:\/\/www.meydan.tv\/az\/"},{"@type":"ListItem","position":2,"name":"Analitika","item":"https:\/\/www.meydan.tv\/az\/section\/analitika\/"},{"@type":"ListItem","position":3,"name":"Alpinistl\u0259r tap\u0131ld\u0131. Kim\u0259 t\u0259\u015f\u0259kk\u00fcr etm\u0259li?"}]},{"@type":"WebSite","@id":"https:\/\/www.meydan.tv\/az\/#website","url":"https:\/\/www.meydan.tv\/az\/","name":"MEYDAN.TV","description":"Meydan TV Az\u0259rbaycan\u0131n media m\u0259kan\u0131ndak\u0131 alternativ s\u0259sidir","publisher":{"@id":"https:\/\/www.meydan.tv\/az\/#organization"},"potentialAction":[{"@type":"SearchAction","target":{"@type":"EntryPoint","urlTemplate":"https:\/\/www.meydan.tv\/az\/?s={search_term_string}"},"query-input":{"@type":"PropertyValueSpecification","valueRequired":true,"valueName":"search_term_string"}}],"inLanguage":"az"},{"@type":"Organization","@id":"https:\/\/www.meydan.tv\/az\/#organization","name":"Meydan TV","url":"https:\/\/www.meydan.tv\/az\/","logo":{"@type":"ImageObject","inLanguage":"az","@id":"https:\/\/www.meydan.tv\/az\/#\/schema\/logo\/image\/","url":"https:\/\/www.meydan.tv\/wp-content\/uploads\/2021\/07\/meydan-logo.svg","contentUrl":"https:\/\/www.meydan.tv\/wp-content\/uploads\/2021\/07\/meydan-logo.svg","width":195,"height":46,"caption":"Meydan TV"},"image":{"@id":"https:\/\/www.meydan.tv\/az\/#\/schema\/logo\/image\/"}},{"@type":"Person","@id":"https:\/\/www.meydan.tv\/az\/#\/schema\/person\/10d11eccf6da3662cf5fdab9806ea91a","name":"user-manager"}]}},"_links":{"self":[{"href":"https:\/\/www.meydan.tv\/az\/wp-json\/wp\/v2\/posts\/190060","targetHints":{"allow":["GET"]}}],"collection":[{"href":"https:\/\/www.meydan.tv\/az\/wp-json\/wp\/v2\/posts"}],"about":[{"href":"https:\/\/www.meydan.tv\/az\/wp-json\/wp\/v2\/types\/post"}],"author":[{"embeddable":true,"href":"https:\/\/www.meydan.tv\/az\/wp-json\/wp\/v2\/users\/11"}],"replies":[{"embeddable":true,"href":"https:\/\/www.meydan.tv\/az\/wp-json\/wp\/v2\/comments?post=190060"}],"version-history":[{"count":0,"href":"https:\/\/www.meydan.tv\/az\/wp-json\/wp\/v2\/posts\/190060\/revisions"}],"wp:featuredmedia":[{"embeddable":true,"href":"https:\/\/www.meydan.tv\/az\/wp-json\/wp\/v2\/media\/103839"}],"wp:attachment":[{"href":"https:\/\/www.meydan.tv\/az\/wp-json\/wp\/v2\/media?parent=190060"}],"wp:term":[{"taxonomy":"category","embeddable":true,"href":"https:\/\/www.meydan.tv\/az\/wp-json\/wp\/v2\/categories?post=190060"},{"taxonomy":"post_tag","embeddable":true,"href":"https:\/\/www.meydan.tv\/az\/wp-json\/wp\/v2\/tags?post=190060"}],"curies":[{"name":"wp","href":"https:\/\/api.w.org\/{rel}","templated":true}]}}