{"id":190015,"date":"2018-05-16T22:09:40","date_gmt":"2018-05-16T22:09:40","guid":{"rendered":"https:\/\/www.meydan.tv\/article\/azerbaycan-sosiologiyasi\/"},"modified":"2018-05-16T22:09:40","modified_gmt":"2018-05-16T22:09:40","slug":"azerbaycan-sosiologiyasi","status":"publish","type":"post","link":"https:\/\/www.meydan.tv\/az\/article\/azerbaycan-sosiologiyasi\/","title":{"rendered":"Az\u0259rbaycan sosiologiyas\u0131"},"content":{"rendered":"<p>\n  T\u0259xmin\u0259n 15 il \u00f6nc\u0259 \u0259lim\u0259 maraql\u0131 bir tarixi monoqrafiya ke\u00e7mi\u015fdi. Ad\u0131n\u0131 v\u0259 m\u00fc\u0259llifini unutmu\u015fam, lakin XIX \u0259srin m\u00fc\u0259yy\u0259n d\u00f6vr\u00fcnd\u0259 (\u00e7ar Rusiyas\u0131n\u0131n i\u015f\u011fal\u0131ndan sonra) Az\u0259rbaycan\u0131n k\u0259nd t\u0259s\u0259rr\u00fcfat\u0131ndan b\u0259hs edirdi. Maraql\u0131 m\u0259lumatlar vard\u0131.\n<\/p>\n<p>\n  Rusiya h\u00f6kum\u0259tinin k\u0259ndlil\u0259ri b\u0259zi yeni bitkil\u0259rin bec\u0259rilm\u0259sin\u0259 (m\u0259s\u0259l\u0259n, pamb\u0131q) h\u0259v\u0259sl\u0259ndirm\u0259sinin ilk n\u0259tic\u0259l\u0259ri haqq\u0131nda m\u0259lumatlara rast g\u0259linirdi. \u018fn\u0259n\u0259vi sah\u0259l\u0259rd\u0259n hans\u0131n\u0131n t\u0259n\u0259zz\u00fcl, hans\u0131n\u0131n is\u0259 \u00e7i\u00e7\u0259kl\u0259nm\u0259 d\u00f6vr\u00fcn\u00fc ya\u015famas\u0131ndan b\u0259hs edilirdi.\n<\/p>\n<p>\n  Az\u0259rbaycan k\u0259ndinin \u00e7ox l\u0259ng \u015f\u0259kild\u0259 d\u0259 olsa feodal m\u00fcnasib\u0259tl\u0259rd\u0259n uzaqla\u015f\u0131b, kapitalist m\u00fcnasib\u0259tl\u0259rin\u0259 y\u00f6n\u0259lm\u0259si t\u0259svir olunurdu.\n<\/p>\n<p>\n  \u018fs\u0259r ciddi \u0259m\u0259yin m\u0259hsulu idi. Lakin daha ciddi \u0259m\u0259k kitabda istinad olunan m\u0259nb\u0259l\u0259rin haz\u0131rlanmas\u0131 zaman\u0131 s\u0259rf edilmi\u015fdi. H\u0259l\u0259 \u00e7ar vaxt\u0131 haz\u0131rlanm\u0131\u015f bu m\u0259nb\u0259l\u0259rd\u0259ki statistik g\u00f6st\u0259ricil\u0259rin d\u0259qiqliyi, h\u0259rt\u0259r\u0259fliliyi heyr\u0259tamiz idi. O zaman oxuduqca fikirl\u0259\u015firdim ki, g\u0259l\u0259c\u0259kd\u0259 bizim saxta r\u0259q\u0259ml\u0259rl\u0259 \u00fczl\u0259\u015f\u0259n t\u0259dqiqat\u00e7\u0131lar hans\u0131 hissl\u0259r ke\u00e7ir\u0259c\u0259kl\u0259r, v\u0259ziyy\u0259td\u0259n nec\u0259 \u00e7\u0131xacaqlar?\n<\/p>\n<p>\n  M\u0259s\u0259l\u0259n, bir ara m\u0259tbuatda, sosial \u015f\u0259b\u0259k\u0259l\u0259rd\u0259 bizim g\u00f6mr\u00fck m\u0259lumatlar\u0131n\u0131n xarici \u00f6lk\u0259 m\u0259lumatlar\u0131 il\u0259 uy\u011funsuzlu\u011fu tez-tez yer al\u0131rd\u0131. Tutal\u0131m, T\u00fcrkiy\u0259 g\u00f6mr\u00fck idar\u0259sinin sayt\u0131nda g\u00f6st\u0259rilirdi ki, filan d\u00f6vr \u0259rzind\u0259 Az\u0259rbaycana 2 milyard dollarl\u0131q (r\u0259q\u0259m \u015f\u0259rtidir) ixrac olub. Az\u0259rbaycan g\u00f6mr\u00fcy\u00fcnd\u0259 is\u0259 T\u00fcrkiy\u0259d\u0259n idxal 1 milyard g\u00f6st\u0259rilirdi. Ba\u015fqa \u00f6lk\u0259l\u0259rl\u0259 ixrac-idxal \u0259m\u0259liyyatlar\u0131 da eyni aqib\u0259tl\u0259 \u00fczl\u0259\u015firdi.\n<\/p>\n<p>\n  Bel\u0259 bir uy\u011funsuzlu\u011fun Az\u0259rbaycan\u0131n ticar\u0259t \u0259laq\u0259l\u0259rini, iqtisadiyyat\u0131n\u0131, el\u0259c\u0259 d\u0259 qon\u015fu \u00f6lk\u0259l\u0259rl\u0259 siyasi v\u0259 iqtisadi m\u00fcnasib\u0259tl\u0259rini ara\u015fd\u0131racaq g\u0259l\u0259c\u0259k t\u0259dqiqat\u00e7\u0131lar \u00fc\u00e7\u00fcn hans\u0131 probleml\u0259rini yaradaca\u011f\u0131n\u0131 t\u0259s\u0259vv\u00fcr edirsinizmi? \u0130ki d\u0259f\u0259 azald\u0131lm\u0131\u015f r\u0259q\u0259ml\u0259rl\u0259 tan\u0131\u015f olan t\u0259dqiqat\u00e7\u0131 bunu daxili istehsal\u0131n g\u00fccl\u00fc olmas\u0131 il\u0259 izah ed\u0259 bil\u0259r. Lakin ara\u015fd\u0131randa g\u00f6r\u0259c\u0259k ki, daxili istehsal da can \u00fcstd\u0259 olub. Evd\u0259 istehsal olunmay\u0131b, \u00e7\u00f6ld\u0259n g\u0259lm\u0259yib, b\u0259s \u0259hali nec\u0259 t\u0259min olunub?\n<\/p>\n<p>\n  Daha ayd\u0131n t\u0259s\u0259vv\u00fcr etm\u0259k \u00fc\u00e7\u00fcn \u00e7ox b\u0259sit n\u00fcmun\u0259 g\u00f6st\u0259r\u0259c\u0259m. Tutal\u0131m, sahibkar Az\u0259rbaycana \u015falvar idxal edir. G\u00f6mr\u00fck Komit\u0259sind\u0259 is\u0259 ona t\u0259klif edirl\u0259r ki, \u015falvar\u0131n r\u00fcsumu \u00e7oxdur, g\u0259tirdiyin mal\u0131n r\u00fcsumu daha az olan k\u00f6yn\u0259k oldu\u011funu yazaq, aradak\u0131 pulu biz\u0259 ver\u0259c\u0259ks\u0259n. Bu, ill\u0259rl\u0259 bel\u0259 davam edir.\n<\/p>\n<p>\n  G\u0259l\u0259c\u0259k t\u0259dqiqat\u00e7\u0131 bu ill\u0259r \u0259rzind\u0259 Az\u0259rbaycana he\u00e7 vaxt \u015falvar idxal olunmad\u0131\u011f\u0131n\u0131 g\u00f6r\u00fcb daxili istehsalla maraqlanacaq. Bu zaman da m\u0259lum olacaq ki, he\u00e7 yerd\u0259 \u015falvar istehsal olunmurmu\u015f. B\u0259s camaat n\u0259 geyinib? T\u0259krar edir\u0259m, bu, b\u0259sit n\u00fcmun\u0259dir. Ba\u015fqa qeyri-\u0259rzaq v\u0259 \u0259rzaq m\u0259mulat\u0131 da ola bil\u0259r. N\u0259 idxal var, n\u0259 yerli istehsal, yaln\u0131z t\u0259dqiqat\u00e7\u0131n\u0131n h\u0259ll ed\u0259 bilm\u0259y\u0259c\u0259yi t\u0259nlik var.\n<\/p>\n<p>\n  Neftin qiym\u0259tinin d\u00fc\u015fm\u0259si v\u0259 b\u00fcdc\u0259 daxilolmalar\u0131n\u0131n azalmas\u0131 bir \u00e7ox sah\u0259d\u0259 oldu\u011fu kimi g\u00f6mr\u00fckd\u0259 d\u0259 m\u0259nims\u0259m\u0259l\u0259ri azaltma\u011fa, maliyy\u0259ni \u015f\u0259xsi cibl\u0259r\u0259 deyil, b\u00fcdc\u0259y\u0259 y\u00f6n\u0259ltm\u0259y\u0259 vadar etdi. Bu zaman da n\u00f6vb\u0259ti konfuz ba\u015f verdi. \u0130qisadi t\u0259n\u0259zz\u00fcl v\u0259 \u0259halinin al\u0131c\u0131l\u0131q qabiliyy\u0259tinin a\u015fa\u011f\u0131 d\u00fc\u015fm\u0259si \u00fcz\u00fcnd\u0259n idxal-ixrac d\u00f6vriyy\u0259si xeyli azalm\u0131\u015fd\u0131, amma g\u00f6mr\u00fckd\u0259n b\u00fcdc\u0259y\u0259 daxil olan v\u0259sait \u00e7oxalm\u0131\u015fd\u0131. Yaz\u0131q g\u0259l\u0259c\u0259k t\u0259dqiqat\u00e7\u0131 bunu \u00f6z\u00fc nec\u0259 anlas\u0131n, \u00fcst\u0259lik oxucusuna nec\u0259 izah etsin?\n<\/p>\n<p>\n  Onu da deyim ki, yax\u0131n tariximizd\u0259 bel\u0259 hallarla ilk d\u0259f\u0259 deyil ki, rastla\u015f\u0131r\u0131q. Sovet d\u00f6vr\u00fcnd\u0259ki &#8220;pripiska&#8221; siyas\u0259ti d\u0259 ortaya eyni a\u011flas\u0131\u011fmaz r\u0259q\u0259ml\u0259r qoyurdu. M\u0259s\u0259l\u0259n, L\u0259nk\u0259randa sovxoz direktorlar\u0131 ka\u011f\u0131z \u00fcz\u0259rind\u0259 pomidor plan\u0131n\u0131 doldururdular, bu m\u00fcnasib\u0259tl\u0259 i\u015f\u00e7il\u0259r\u0259 m\u00fckafat yaz\u0131l\u0131rd\u0131. Lakin m\u00fckafat i\u015f\u00e7il\u0259r\u0259 verilmirdi.\n<\/p>\n<p>\n  Sovxoz direktorlar\u0131 o pulu pomidor \u0259v\u0259zin\u0259 konserv kombinat\u0131n\u0131n m\u00fcdirin\u0259 apar\u0131rd\u0131lar. M\u00f6vcud olmayan pomidordan ka\u011f\u0131z \u00fcz\u0259rind\u0259 tomat istehsal olunurdu. Kombinat m\u00fcdiri tomat \u0259v\u0259zin\u0259 h\u0259min pulu &#8220;raypo&#8221; v\u0259 &#8220;sme\u015ftorq&#8221; deyil\u0259n ticar\u0259t t\u0259\u015fkilatlar\u0131na g\u00f6nd\u0259rirdi, oradan &#8220;tomat&#8221; L\u0259nk\u0259ran ma\u011fazalar\u0131na g\u00f6nd\u0259rilirdi v\u0259 &#8220;sat\u0131l\u0131rd\u0131&#8221;.\n<\/p>\n<p>\n  H\u0259r m\u0259rh\u0259l\u0259d\u0259 pulun bir hiss\u0259si m\u0259nims\u0259nilirdi, \u00fcst\u0259lik h\u0259r t\u0259\u015fkilat\u0131n plan\u0131 dolurdu. Bu maxinasiyada i\u015ftirak ed\u0259nl\u0259rin \u00e7oxu d\u00f6vl\u0259tin t\u0259\u015f\u0259kk\u00fcr\u00fcn\u0259, f\u0259xri f\u0259rman\u0131na, sovxoz direktorlar\u0131 is\u0259 orden-medal\u0131na layiq g\u00f6r\u00fcl\u00fcrd\u00fcl\u0259r. T\u0259bii, rayon r\u0259hb\u0259rl\u0259ri d\u0259 yaddan \u00e7\u0131xm\u0131rd\u0131. Ham\u0131 raz\u0131 idi.\n<\/p>\n<p>\n  He\u00e7 k\u0259s fikirl\u0259\u015fmirdi ki, b\u0259lli sayda \u0259halisi olan rayonda bu q\u0259d\u0259r tomat (deyil\u0259n\u0259 g\u00f6r\u0259, h\u0259r adama h\u0259r g\u00fcn 3 kq tomat d\u00fc\u015f\u00fcrm\u00fc\u015f) nec\u0259 istehlak oluna bil\u0259r? Guya 1 milyon ton y\u0131\u011fd\u0131\u011f\u0131m\u0131z pamb\u0131qdan g\u00f6r\u0259s\u0259n n\u0259 q\u0259d\u0259r v\u0259 hans\u0131 m\u0259hsullar ka\u011f\u0131z \u00fcz\u0259rind\u0259 istehsal olunub v\u0259 sat\u0131l\u0131b? B\u0259lk\u0259 d\u0259 statistikaya g\u00f6r\u0259 o vaxt h\u0259r Az\u0259rbaycan sakininin 50 k\u00f6yn\u0259yi, 30 \u015falvar\u0131, 15 kostyumu varm\u0131\u015f. Lakin m\u0259n aptekd\u0259 bel\u0259 pamb\u0131\u011f\u0131n defisit oldu\u011funu xat\u0131rlay\u0131ram.\n<\/p>\n<p>\n  Qay\u0131daq indiki d\u00f6vr\u0259. 15 il \u00f6nc\u0259 oxudu\u011fum kitab\u0131 bu g\u00fcn xat\u0131rlama\u011f\u0131m t\u0259sad\u00fcfi deyil. Bu yax\u0131nlarda internetd\u0259 qurdalananda qar\u015f\u0131ma sosiologiya v\u0259 psixologiyaya dair b\u0259zi materiallar \u00e7\u0131xd\u0131. Bu materiallarda b\u0259zi r\u0259y sor\u011fular\u0131, insanlar \u00fcz\u0259rind\u0259 ke\u00e7iril\u0259n t\u0259dqiqatlar, t\u0259cr\u00fcb\u0259l\u0259r t\u0259svir edilir, n\u0259tic\u0259l\u0259ri a\u00e7\u0131qlan\u0131r v\u0259 izah olunurdu.\n<\/p>\n<p>\n  \u0130st\u0259r-ist\u0259m\u0259z yen\u0259 d\u0259 Az\u0259rbaycanla analogiya apard\u0131m v\u0259 bizd\u0259 h\u0259m sosiologiya, h\u0259m d\u0259 psixologiya il\u0259 m\u0259\u015f\u011ful olman\u0131n n\u0259 q\u0259d\u0259r \u00e7\u0259tin oldu\u011funu d\u0259rk etdim. M\u0259s\u0259l\u0259n, g\u00f6t\u00fcr\u0259k r\u0259y sor\u011fular\u0131n\u0131. H\u0259r iki elm sah\u0259si \u00fc\u00e7\u00fcn vacib t\u0259dqiqat al\u0259tl\u0259rind\u0259n biridir.\n<\/p>\n<p>\n  Lakin bizim \u00f6lk\u0259d\u0259 sor\u011fu ke\u00e7irm\u0259yin n\u0259 q\u0259d\u0259r \u00e7\u0259tin oldu\u011funu ham\u0131 bilir. \u0130nsanlar h\u0259tta anonim sor\u011fulardan bel\u0259 \u00e7\u0259kinir, \u00f6zl\u0259rin\u0259 problem yaranaca\u011f\u0131n\u0131 ehtimal edirl\u0259r. \u00c7ox az m\u00f6vzular var ki, respondentl\u0259r \u00e7\u0259kinm\u0259d\u0259n i\u015ftiraka raz\u0131 olsunlar, \u0259n \u0259sas\u0131 da, suallara s\u0259mimi cavab versinl\u0259r. B\u0259z\u0259n m\u00f6vzunun t\u0259hl\u00fck\u0259sizliyi d\u0259 buna t\u0259minat vermir.\n<\/p>\n<p>\n  M\u0259s\u0259l\u0259n, bir d\u0259f\u0259 hans\u0131sa internet televiziyas\u0131 14 fevral Sevgilil\u0259r g\u00fcn\u00fc m\u00fcnasib\u0259til\u0259 sor\u011fu ke\u00e7irirdi. Bir ya\u015fl\u0131 ki\u015fiy\u0259 yax\u0131nla\u015fd\u0131lar, ki\u015fi, ilk n\u00f6vb\u0259d\u0259, hans\u0131 telekanal oldu\u011fu il\u0259 maraqland\u0131. Bu zaman t\u0259sad\u00fcf\u0259n orada olan v\u0259 xalq aras\u0131nda &#8220;itoynadan&#8221; kimi s\u0259ciyy\u0259l\u0259ndiril\u0259n tip\u0259 malik cavan o\u011flan &#8220;AzTV&#8221; dedi. Bunu e\u015fid\u0259n ki\u015fi sevgilil\u0259ri d\u0259, Valentini d\u0259 yaddan \u00e7\u0131xar\u0131b d\u00f6vl\u0259t ba\u015f\u00e7\u0131s\u0131ndan raz\u0131l\u0131q etm\u0259y\u0259 ba\u015flad\u0131.\n<\/p>\n<p>\n  Materiallar\u0131n birind\u0259 yara\u015f\u0131ql\u0131 zahiri g\u00f6r\u00fcn\u00fc\u015f\u00fcn \u00fcst\u00fcnl\u00fckl\u0259rind\u0259n dan\u0131\u015f\u0131l\u0131rd\u0131. \u0130ddia olunurdu ki, cazib\u0259darl\u0131q h\u0259yat\u0131n m\u00fcxt\u0259lif sah\u0259l\u0259rind\u0259 insana \u00fcst\u00fcnl\u00fckl\u0259r yarad\u0131r &#8211; ticar\u0259td\u0259n tutmu\u015f i\u015f yerind\u0259 daha y\u00fcks\u0259k maa\u015f alma\u011fa q\u0259d\u0259r. Siyas\u0259td\u0259, se\u00e7kil\u0259rd\u0259 qazan\u0131lan \u00fcst\u00fcnl\u00fck d\u0259 \u00f6z yerind\u0259. Sadalanan xeyli sah\u0259l\u0259r vard\u0131, h\u0259r biri \u00fczr\u0259 Az\u0259rbaycanla analogiya aparmaq olard\u0131. Lakin bir m\u0259qam diqq\u0259timi x\u00fcsusi \u00e7\u0259kdi.\n<\/p>\n<p>\n  \u0130ddia olunurdu ki, h\u0259tta m\u00fctt\u0259him k\u00fcrs\u00fcs\u00fcnd\u0259 \u0259yl\u0259\u015f\u0259n insan\u0131n yara\u015f\u0131ql\u0131 olmas\u0131 onun haqq\u0131nda \u00e7\u0131xar\u0131lacaq q\u0259rara t\u0259sir ed\u0259 bil\u0259r. Adam g\u00fcnahkar hesab olunmaya bil\u0259r, olunsa bel\u0259 yara\u015f\u0131ql\u0131 olmayanlarla m\u00fcqayis\u0259d\u0259 daha y\u00fcng\u00fcl c\u0259za alar. X\u00fcsus\u0259n z\u0259r\u0259r\u00e7\u0259k\u0259nl\u0259 m\u00fcqayis\u0259 daha yara\u015f\u0131ql\u0131 olmas\u0131 m\u00fctt\u0259himin i\u015fin\u0259 yaray\u0131r.\n<\/p>\n<p>\n  H\u0259tta t\u0259nb\u0259llik etm\u0259yib bir eksperiment d\u0259 apar\u0131blar, \u00f6z\u00fc d\u0259 bir ne\u00e7\u0259 m\u0259hk\u0259m\u0259d\u0259. Zahiri g\u00f6r\u00fcn\u00fc\u015f\u00fc yara\u015f\u0131ql\u0131 olan v\u0259 olmayan iki n\u0259f\u0259r se\u00e7ibl\u0259r. T\u0259cr\u00fcb\u0259l\u0259rin yar\u0131s\u0131nda yara\u015f\u0131ql\u0131 m\u00fctt\u0259him olub, yara\u015f\u0131qs\u0131z is\u0259 z\u0259r\u0259r\u00e7\u0259k\u0259n. Dig\u0259r yar\u0131s\u0131nda status d\u0259yi\u015fdirilib. M\u0259lum olub ki, eyni i\u015fin bax\u0131lmas\u0131 zaman\u0131 m\u00fctt\u0259him yara\u015f\u0131ql\u0131 olduqda \u0259ks halla m\u00fcqayis\u0259d\u0259 hakiml\u0259r iki d\u0259f\u0259 daha y\u00fcng\u00fcl c\u0259rim\u0259 c\u0259zas\u0131 k\u0259sibl\u0259r.\n<\/p>\n<p>\n  Bax, indi, bu iddian\u0131 Az\u0259rbaycan reall\u0131\u011f\u0131na t\u0259tbiq edin, o eksperimenti bizim m\u0259hk\u0259m\u0259l\u0259rd\u0259 ke\u00e7irin. B\u00fct\u00fcn sosioloji v\u0259 psixoloji qaydalar alt-\u00fcst olmasa, biz bir \u015fey bilmirik. \u018fg\u0259r hakiml\u0259 raz\u0131l\u0131\u011fa g\u0259linibs\u0259, lap neandertal da olsan m\u00fcmk\u00fcn olan \u0259n y\u00fcng\u00fcl h\u00f6kml\u0259 \u00fczl\u0259\u015f\u0259c\u0259ks\u0259n.\n<\/p>\n<p>\n  Yox, hakimi raz\u0131 salmaq \u00fc\u00e7\u00fcn imkanlar\u0131 yoxdursa, m\u00fctt\u0259him Alen Delon, Ri\u00e7ard Qir, Burak \u00d6z\u00e7ivit d\u0259 olsa bir i\u015f\u0259 yaramayacaq, maksimuma yax\u0131n c\u0259za alacaq. H\u0259l\u0259 siyasi s\u0259b\u0259bl\u0259rd\u0259n h\u0259bs olunmusansa, lap \u015earliz Teron, Yeva Mendes d\u0259 olma\u011f\u0131 xeyri yoxdur.\n<\/p>\n<p>\n  Ba\u015fqa bir materialda rastla\u015fd\u0131\u011f\u0131m yenilik deyildi, \u0259vv\u0259ll\u0259r d\u0259 oxumu\u015fdum, siyasi treninql\u0259rd\u0259 d\u0259f\u0259l\u0259rl\u0259 e\u015fitdiyimiz m\u0259s\u0259l\u0259 idi. \u0130ddia olunur ki, publik siyasi \u00e7\u0131x\u0131\u015flar zaman\u0131 jestikulyasiya dil\u0259 g\u0259tirdiyin fikirl\u0259rd\u0259n daha art\u0131q \u00f6n\u0259m k\u0259sb edir. \u018fl-qol h\u0259r\u0259k\u0259tl\u0259rini bacar\u0131qla ed\u0259n siyas\u0259t\u00e7inin u\u011fur qazanmas\u0131, se\u00e7kil\u0259rd\u0259 qalib g\u0259lm\u0259si ehtimal\u0131 dig\u0259rl\u0259rin\u0259 nisb\u0259t\u0259n daha \u00e7oxdur.\n<\/p>\n<p>\n  Amma Az\u0259rbaycanda ill\u0259rl\u0259 a\u011fz\u0131na su al\u0131b oturan deputatlar\u0131n, 15 ild\u0259 15 k\u0259lm\u0259 t\u0259l\u0259ff\u00fcz etm\u0259y\u0259nl\u0259rin h\u0259r d\u0259f\u0259 se\u00e7kid\u0259n qalib \u00e7\u0131xmas\u0131n\u0131 hans\u0131 sosiologiya il\u0259 izah etm\u0259k olar? Yad\u0131mdad\u0131r, 2010-cu il parlament se\u00e7kil\u0259ri zaman\u0131 bir dair\u0259d\u0259 (orada m\u00fcxalif\u0259tin namiz\u0259di qeyd\u0259 al\u0131nmam\u0131\u015fd\u0131, bir iqtidar namiz\u0259di idi, dig\u0259rl\u0259ri d\u0259 surroqat) namiz\u0259dl\u0259r kollektiv \u0259riz\u0259 yaz\u0131b televiziya \u00e7\u0131x\u0131\u015f\u0131ndan imtina etmi\u015fdil\u0259r. Se\u00e7ki kimi vacib hadis\u0259 zaman\u0131 televiziya \u00e7\u0131x\u0131\u015f\u0131 kimi \u0259lahidd\u0259 vacib al\u0259td\u0259n imtina fakt\u0131n\u0131 \u0259cn\u0259bi sosioloqa nec\u0259 izah etm\u0259k olar?\n<\/p>\n<p>\n  H\u0259l\u0259 bizd\u0259 el\u0259 hallar var ki, bel\u0259si il\u0259 Avropa, Amerika sosioloqlar\u0131 he\u00e7 vaxt rastla\u015fmay\u0131b v\u0259 rastla\u015fmayacaqlar. M\u0259s\u0259l\u0259n, bir d\u00f6vl\u0259t idar\u0259sind\u0259 i\u015fl\u0259y\u0259nl\u0259rin b\u00f6y\u00fck hiss\u0259sinin h\u0259tta bir regiondan deyil, bir k\u0259ndd\u0259n olmas\u0131n\u0131 onlar nec\u0259 izah ed\u0259 bil\u0259rl\u0259r? V\u0259 ya psixoloqlar d\u00f6vl\u0259tin iki d\u0259f\u0259 avtomobil zavodu a\u00e7\u0131b u\u011fursuzlu\u011fa d\u00fc\u00e7ar olmas\u0131ndan sonra \u00fc\u00e7\u00fcnc\u00fcs\u00fcn\u00fc a\u00e7ma\u011f\u0131 planla\u015fd\u0131rmas\u0131n\u0131 nec\u0259 \u0259sasland\u0131rarlar?\n<\/p>\n<p>\n  \u00c7\u0259tin suallard\u0131r. Halbuki s\u0259sl\u0259ndir\u0259 bil\u0259c\u0259kl\u0259rimizin \u00e7ox ki\u00e7ik bir hiss\u0259sidir. Cavab\u0131nda is\u0259 yaln\u0131z tan\u0131nm\u0131\u015f rus \u015fairi Fyodr T\u00fct\u00e7evin Rusiya haqq\u0131nda dediyi m\u0259\u015fhur misralar\u0131 bir q\u0259d\u0259r d\u0259yi\u015fib &#8220;Elml\u0259 Az\u0259rbaycan\u0131 anlamaq olmaz&#8230; Ona yaln\u0131z inanmaq olar&#8221; s\u00f6yl\u0259m\u0259k m\u00fcmk\u00fcnd\u00fcr.\n<\/p>\n<p>\n  <i><br \/>\n    <b><br \/>\n      Yaz\u0131 m\u00fc\u0259llifin fikirl\u0259rini \u0259ks etdirir v\u0259 Meydan TV-nin m\u00f6vqeyi il\u0259 \u00fcst-\u00fcst\u0259 d\u00fc\u015fm\u0259y\u0259 bil\u0259r.<br \/>\n    <\/b><br \/>\n  <\/i><\/p>\n","protected":false},"excerpt":{"rendered":"<p>T\u0259xmin\u0259n 15 il \u00f6nc\u0259 \u0259lim\u0259 maraql\u0131 bir tarixi monoqrafiya ke\u00e7mi\u015fdi<\/p>\n","protected":false},"author":11,"featured_media":79633,"comment_status":"closed","ping_status":"open","sticky":false,"template":"","format":"standard","meta":{"_acf_changed":false,"_sitemap_exclude":false,"_sitemap_priority":"","_sitemap_frequency":"","footnotes":""},"categories":[57],"tags":[],"class_list":["post-190015","post","type-post","status-publish","format-standard","has-post-thumbnail","hentry","category-menim-fikrimce","infinite-scroll-item","generate-columns","tablet-grid-50","mobile-grid-100","grid-parent","grid-33","no-featured-image-padding"],"acf":[],"yoast_head":"<!-- This site is optimized with the Yoast SEO plugin v27.4 - https:\/\/yoast.com\/product\/yoast-seo-wordpress\/ -->\n<title>Az\u0259rbaycan sosiologiyas\u0131 - MEYDAN.TV<\/title>\n<meta name=\"robots\" content=\"index, follow, max-snippet:-1, max-image-preview:large, max-video-preview:-1\" \/>\n<link rel=\"canonical\" href=\"https:\/\/www.meydan.tv\/az\/article\/azerbaycan-sosiologiyasi\/\" \/>\n<meta property=\"og:locale\" content=\"az_AZ\" \/>\n<meta property=\"og:type\" content=\"article\" \/>\n<meta property=\"og:title\" content=\"Az\u0259rbaycan sosiologiyas\u0131 - MEYDAN.TV\" \/>\n<meta property=\"og:description\" content=\"T\u0259xmin\u0259n 15 il \u00f6nc\u0259 \u0259lim\u0259 maraql\u0131 bir tarixi monoqrafiya ke\u00e7mi\u015fdi\" \/>\n<meta property=\"og:url\" content=\"https:\/\/www.meydan.tv\/az\/article\/azerbaycan-sosiologiyasi\/\" \/>\n<meta property=\"og:site_name\" content=\"MEYDAN.TV\" \/>\n<meta property=\"article:published_time\" content=\"2018-05-16T22:09:40+00:00\" \/>\n<meta property=\"og:image\" content=\"https:\/\/www.meydan.tv\/wp-content\/uploads\/31027-1095x821.png\" \/>\n\t<meta property=\"og:image:width\" content=\"1095\" \/>\n\t<meta property=\"og:image:height\" content=\"821\" \/>\n\t<meta property=\"og:image:type\" content=\"image\/png\" \/>\n<meta name=\"author\" content=\"user-manager\" \/>\n<meta name=\"twitter:card\" content=\"summary_large_image\" \/>\n<script type=\"application\/ld+json\" class=\"yoast-schema-graph\">{\"@context\":\"https:\\\/\\\/schema.org\",\"@graph\":[{\"@type\":\"Article\",\"@id\":\"https:\\\/\\\/www.meydan.tv\\\/az\\\/article\\\/azerbaycan-sosiologiyasi\\\/#article\",\"isPartOf\":{\"@id\":\"https:\\\/\\\/www.meydan.tv\\\/az\\\/article\\\/azerbaycan-sosiologiyasi\\\/\"},\"author\":{\"name\":\"user-manager\",\"@id\":\"https:\\\/\\\/www.meydan.tv\\\/az\\\/#\\\/schema\\\/person\\\/10d11eccf6da3662cf5fdab9806ea91a\"},\"headline\":\"Az\u0259rbaycan sosiologiyas\u0131\",\"datePublished\":\"2018-05-16T22:09:40+00:00\",\"mainEntityOfPage\":{\"@id\":\"https:\\\/\\\/www.meydan.tv\\\/az\\\/article\\\/azerbaycan-sosiologiyasi\\\/\"},\"wordCount\":2077,\"publisher\":{\"@id\":\"https:\\\/\\\/www.meydan.tv\\\/az\\\/#organization\"},\"image\":{\"@id\":\"https:\\\/\\\/www.meydan.tv\\\/az\\\/article\\\/azerbaycan-sosiologiyasi\\\/#primaryimage\"},\"thumbnailUrl\":\"https:\\\/\\\/www.meydan.tv\\\/wp-content\\\/uploads\\\/31027.png\",\"articleSection\":[\"M\u0259nim Fikrimc\u0259\"],\"inLanguage\":\"az\"},{\"@type\":\"WebPage\",\"@id\":\"https:\\\/\\\/www.meydan.tv\\\/az\\\/article\\\/azerbaycan-sosiologiyasi\\\/\",\"url\":\"https:\\\/\\\/www.meydan.tv\\\/az\\\/article\\\/azerbaycan-sosiologiyasi\\\/\",\"name\":\"Az\u0259rbaycan sosiologiyas\u0131 - MEYDAN.TV\",\"isPartOf\":{\"@id\":\"https:\\\/\\\/www.meydan.tv\\\/az\\\/#website\"},\"primaryImageOfPage\":{\"@id\":\"https:\\\/\\\/www.meydan.tv\\\/az\\\/article\\\/azerbaycan-sosiologiyasi\\\/#primaryimage\"},\"image\":{\"@id\":\"https:\\\/\\\/www.meydan.tv\\\/az\\\/article\\\/azerbaycan-sosiologiyasi\\\/#primaryimage\"},\"thumbnailUrl\":\"https:\\\/\\\/www.meydan.tv\\\/wp-content\\\/uploads\\\/31027.png\",\"datePublished\":\"2018-05-16T22:09:40+00:00\",\"breadcrumb\":{\"@id\":\"https:\\\/\\\/www.meydan.tv\\\/az\\\/article\\\/azerbaycan-sosiologiyasi\\\/#breadcrumb\"},\"inLanguage\":\"az\",\"potentialAction\":[{\"@type\":\"ReadAction\",\"target\":[\"https:\\\/\\\/www.meydan.tv\\\/az\\\/article\\\/azerbaycan-sosiologiyasi\\\/\"]}]},{\"@type\":\"ImageObject\",\"inLanguage\":\"az\",\"@id\":\"https:\\\/\\\/www.meydan.tv\\\/az\\\/article\\\/azerbaycan-sosiologiyasi\\\/#primaryimage\",\"url\":\"https:\\\/\\\/www.meydan.tv\\\/wp-content\\\/uploads\\\/31027.png\",\"contentUrl\":\"https:\\\/\\\/www.meydan.tv\\\/wp-content\\\/uploads\\\/31027.png\",\"width\":2732,\"height\":2048,\"caption\":\"Source:\"},{\"@type\":\"BreadcrumbList\",\"@id\":\"https:\\\/\\\/www.meydan.tv\\\/az\\\/article\\\/azerbaycan-sosiologiyasi\\\/#breadcrumb\",\"itemListElement\":[{\"@type\":\"ListItem\",\"position\":1,\"name\":\"Ana s\u0259hif\u0259\",\"item\":\"https:\\\/\\\/www.meydan.tv\\\/az\\\/\"},{\"@type\":\"ListItem\",\"position\":2,\"name\":\"M\u0259nim Fikrimc\u0259\",\"item\":\"https:\\\/\\\/www.meydan.tv\\\/az\\\/section\\\/menim-fikrimce\\\/\"},{\"@type\":\"ListItem\",\"position\":3,\"name\":\"Az\u0259rbaycan sosiologiyas\u0131\"}]},{\"@type\":\"WebSite\",\"@id\":\"https:\\\/\\\/www.meydan.tv\\\/az\\\/#website\",\"url\":\"https:\\\/\\\/www.meydan.tv\\\/az\\\/\",\"name\":\"MEYDAN.TV\",\"description\":\"Meydan TV Az\u0259rbaycan\u0131n media m\u0259kan\u0131ndak\u0131 alternativ s\u0259sidir\",\"publisher\":{\"@id\":\"https:\\\/\\\/www.meydan.tv\\\/az\\\/#organization\"},\"potentialAction\":[{\"@type\":\"SearchAction\",\"target\":{\"@type\":\"EntryPoint\",\"urlTemplate\":\"https:\\\/\\\/www.meydan.tv\\\/az\\\/?s={search_term_string}\"},\"query-input\":{\"@type\":\"PropertyValueSpecification\",\"valueRequired\":true,\"valueName\":\"search_term_string\"}}],\"inLanguage\":\"az\"},{\"@type\":\"Organization\",\"@id\":\"https:\\\/\\\/www.meydan.tv\\\/az\\\/#organization\",\"name\":\"Meydan TV\",\"url\":\"https:\\\/\\\/www.meydan.tv\\\/az\\\/\",\"logo\":{\"@type\":\"ImageObject\",\"inLanguage\":\"az\",\"@id\":\"https:\\\/\\\/www.meydan.tv\\\/az\\\/#\\\/schema\\\/logo\\\/image\\\/\",\"url\":\"https:\\\/\\\/www.meydan.tv\\\/wp-content\\\/uploads\\\/2021\\\/07\\\/meydan-logo.svg\",\"contentUrl\":\"https:\\\/\\\/www.meydan.tv\\\/wp-content\\\/uploads\\\/2021\\\/07\\\/meydan-logo.svg\",\"width\":195,\"height\":46,\"caption\":\"Meydan TV\"},\"image\":{\"@id\":\"https:\\\/\\\/www.meydan.tv\\\/az\\\/#\\\/schema\\\/logo\\\/image\\\/\"}},{\"@type\":\"Person\",\"@id\":\"https:\\\/\\\/www.meydan.tv\\\/az\\\/#\\\/schema\\\/person\\\/10d11eccf6da3662cf5fdab9806ea91a\",\"name\":\"user-manager\"}]}<\/script>\n<!-- \/ Yoast SEO plugin. -->","yoast_head_json":{"title":"Az\u0259rbaycan sosiologiyas\u0131 - MEYDAN.TV","robots":{"index":"index","follow":"follow","max-snippet":"max-snippet:-1","max-image-preview":"max-image-preview:large","max-video-preview":"max-video-preview:-1"},"canonical":"https:\/\/www.meydan.tv\/az\/article\/azerbaycan-sosiologiyasi\/","og_locale":"az_AZ","og_type":"article","og_title":"Az\u0259rbaycan sosiologiyas\u0131 - MEYDAN.TV","og_description":"T\u0259xmin\u0259n 15 il \u00f6nc\u0259 \u0259lim\u0259 maraql\u0131 bir tarixi monoqrafiya ke\u00e7mi\u015fdi","og_url":"https:\/\/www.meydan.tv\/az\/article\/azerbaycan-sosiologiyasi\/","og_site_name":"MEYDAN.TV","article_published_time":"2018-05-16T22:09:40+00:00","og_image":[{"width":1095,"height":821,"url":"https:\/\/www.meydan.tv\/wp-content\/uploads\/31027-1095x821.png","type":"image\/png"}],"author":"user-manager","twitter_card":"summary_large_image","schema":{"@context":"https:\/\/schema.org","@graph":[{"@type":"Article","@id":"https:\/\/www.meydan.tv\/az\/article\/azerbaycan-sosiologiyasi\/#article","isPartOf":{"@id":"https:\/\/www.meydan.tv\/az\/article\/azerbaycan-sosiologiyasi\/"},"author":{"name":"user-manager","@id":"https:\/\/www.meydan.tv\/az\/#\/schema\/person\/10d11eccf6da3662cf5fdab9806ea91a"},"headline":"Az\u0259rbaycan sosiologiyas\u0131","datePublished":"2018-05-16T22:09:40+00:00","mainEntityOfPage":{"@id":"https:\/\/www.meydan.tv\/az\/article\/azerbaycan-sosiologiyasi\/"},"wordCount":2077,"publisher":{"@id":"https:\/\/www.meydan.tv\/az\/#organization"},"image":{"@id":"https:\/\/www.meydan.tv\/az\/article\/azerbaycan-sosiologiyasi\/#primaryimage"},"thumbnailUrl":"https:\/\/www.meydan.tv\/wp-content\/uploads\/31027.png","articleSection":["M\u0259nim Fikrimc\u0259"],"inLanguage":"az"},{"@type":"WebPage","@id":"https:\/\/www.meydan.tv\/az\/article\/azerbaycan-sosiologiyasi\/","url":"https:\/\/www.meydan.tv\/az\/article\/azerbaycan-sosiologiyasi\/","name":"Az\u0259rbaycan sosiologiyas\u0131 - MEYDAN.TV","isPartOf":{"@id":"https:\/\/www.meydan.tv\/az\/#website"},"primaryImageOfPage":{"@id":"https:\/\/www.meydan.tv\/az\/article\/azerbaycan-sosiologiyasi\/#primaryimage"},"image":{"@id":"https:\/\/www.meydan.tv\/az\/article\/azerbaycan-sosiologiyasi\/#primaryimage"},"thumbnailUrl":"https:\/\/www.meydan.tv\/wp-content\/uploads\/31027.png","datePublished":"2018-05-16T22:09:40+00:00","breadcrumb":{"@id":"https:\/\/www.meydan.tv\/az\/article\/azerbaycan-sosiologiyasi\/#breadcrumb"},"inLanguage":"az","potentialAction":[{"@type":"ReadAction","target":["https:\/\/www.meydan.tv\/az\/article\/azerbaycan-sosiologiyasi\/"]}]},{"@type":"ImageObject","inLanguage":"az","@id":"https:\/\/www.meydan.tv\/az\/article\/azerbaycan-sosiologiyasi\/#primaryimage","url":"https:\/\/www.meydan.tv\/wp-content\/uploads\/31027.png","contentUrl":"https:\/\/www.meydan.tv\/wp-content\/uploads\/31027.png","width":2732,"height":2048,"caption":"Source:"},{"@type":"BreadcrumbList","@id":"https:\/\/www.meydan.tv\/az\/article\/azerbaycan-sosiologiyasi\/#breadcrumb","itemListElement":[{"@type":"ListItem","position":1,"name":"Ana s\u0259hif\u0259","item":"https:\/\/www.meydan.tv\/az\/"},{"@type":"ListItem","position":2,"name":"M\u0259nim Fikrimc\u0259","item":"https:\/\/www.meydan.tv\/az\/section\/menim-fikrimce\/"},{"@type":"ListItem","position":3,"name":"Az\u0259rbaycan sosiologiyas\u0131"}]},{"@type":"WebSite","@id":"https:\/\/www.meydan.tv\/az\/#website","url":"https:\/\/www.meydan.tv\/az\/","name":"MEYDAN.TV","description":"Meydan TV Az\u0259rbaycan\u0131n media m\u0259kan\u0131ndak\u0131 alternativ s\u0259sidir","publisher":{"@id":"https:\/\/www.meydan.tv\/az\/#organization"},"potentialAction":[{"@type":"SearchAction","target":{"@type":"EntryPoint","urlTemplate":"https:\/\/www.meydan.tv\/az\/?s={search_term_string}"},"query-input":{"@type":"PropertyValueSpecification","valueRequired":true,"valueName":"search_term_string"}}],"inLanguage":"az"},{"@type":"Organization","@id":"https:\/\/www.meydan.tv\/az\/#organization","name":"Meydan TV","url":"https:\/\/www.meydan.tv\/az\/","logo":{"@type":"ImageObject","inLanguage":"az","@id":"https:\/\/www.meydan.tv\/az\/#\/schema\/logo\/image\/","url":"https:\/\/www.meydan.tv\/wp-content\/uploads\/2021\/07\/meydan-logo.svg","contentUrl":"https:\/\/www.meydan.tv\/wp-content\/uploads\/2021\/07\/meydan-logo.svg","width":195,"height":46,"caption":"Meydan TV"},"image":{"@id":"https:\/\/www.meydan.tv\/az\/#\/schema\/logo\/image\/"}},{"@type":"Person","@id":"https:\/\/www.meydan.tv\/az\/#\/schema\/person\/10d11eccf6da3662cf5fdab9806ea91a","name":"user-manager"}]}},"_links":{"self":[{"href":"https:\/\/www.meydan.tv\/az\/wp-json\/wp\/v2\/posts\/190015","targetHints":{"allow":["GET"]}}],"collection":[{"href":"https:\/\/www.meydan.tv\/az\/wp-json\/wp\/v2\/posts"}],"about":[{"href":"https:\/\/www.meydan.tv\/az\/wp-json\/wp\/v2\/types\/post"}],"author":[{"embeddable":true,"href":"https:\/\/www.meydan.tv\/az\/wp-json\/wp\/v2\/users\/11"}],"replies":[{"embeddable":true,"href":"https:\/\/www.meydan.tv\/az\/wp-json\/wp\/v2\/comments?post=190015"}],"version-history":[{"count":0,"href":"https:\/\/www.meydan.tv\/az\/wp-json\/wp\/v2\/posts\/190015\/revisions"}],"wp:featuredmedia":[{"embeddable":true,"href":"https:\/\/www.meydan.tv\/az\/wp-json\/wp\/v2\/media\/79633"}],"wp:attachment":[{"href":"https:\/\/www.meydan.tv\/az\/wp-json\/wp\/v2\/media?parent=190015"}],"wp:term":[{"taxonomy":"category","embeddable":true,"href":"https:\/\/www.meydan.tv\/az\/wp-json\/wp\/v2\/categories?post=190015"},{"taxonomy":"post_tag","embeddable":true,"href":"https:\/\/www.meydan.tv\/az\/wp-json\/wp\/v2\/tags?post=190015"}],"curies":[{"name":"wp","href":"https:\/\/api.w.org\/{rel}","templated":true}]}}