{"id":190014,"date":"2018-05-16T21:51:19","date_gmt":"2018-05-16T21:51:19","guid":{"rendered":"https:\/\/www.meydan.tv\/article\/baslica-sebeb\/"},"modified":"2018-05-16T21:51:19","modified_gmt":"2018-05-16T21:51:19","slug":"baslica-sebeb","status":"publish","type":"post","link":"https:\/\/www.meydan.tv\/az\/article\/baslica-sebeb\/","title":{"rendered":"Ba\u015fl\u0131ca s\u0259b\u0259b"},"content":{"rendered":"<p>\n  Bug\u00fcnl\u0259rd\u0259 virtual al\u0259md\u0259 balaca bir f\u0131rt\u0131na qopmu\u015fdu. \u018fn\u0259n\u0259vi m\u00fcxalif\u0259t Va\u015finqtonda Az\u0259rbaycanla ba\u011fl\u0131 dinl\u0259m\u0259l\u0259rd\u0259 onun bar\u0259sind\u0259 \u201cmarginal\u201d t\u0259rifinin i\u015fl\u0259dilm\u0259sin\u0259 qar\u015f\u0131 \u00f6z q\u0259z\u0259bli irad\u0131n\u0131 bildirmi\u015fdi.\n<\/p>\n<p>\n  M\u0259ni maraqland\u0131rm\u0131r, bu t\u0259dbird\u0259 \u0259n\u0259n\u0259vi m\u00fcxalif\u0259t bar\u0259sind\u0259 bu s\u00f6z\u00fc kim deyib, ona cavab olaraq \u0259n\u0259n\u0259vi m\u00fcxalif\u0259t liderl\u0259ri v\u0259 ya s\u00f6z\u00e7\u00fcl\u0259ri n\u0259 deyibl\u0259r. Bunun he\u00e7 bir m\u0259nas\u0131 yoxdur. M\u0259na ondad\u0131r ki, c\u0259miyy\u0259timizd\u0259 f\u0259rqli fikirl\u0259rin s\u0259sl\u0259ndirilm\u0259sin\u0259 d\u00f6z\u00fcm, qanacaql\u0131 yana\u015fma m\u0259d\u0259niyy\u0259ti yoxdur v\u0259 bu, V\u0259t\u0259nimizin, xalq\u0131m\u0131z\u0131n b\u00fct\u00fcn b\u0259lalar\u0131n\u0131n ba\u015fl\u0131ca s\u0259b\u0259bidir!\n<\/p>\n<p>\n  Yax\u015f\u0131, t\u0259s\u0259vv\u00fcr edin ki, AB\u015e Konqresinin Helsinki Komissiyas\u0131n\u0131n t\u0259\u015fkil etdiyi dinl\u0259m\u0259l\u0259r\u0259 d\u0259v\u0259t olunmu\u015f ekspert, y\u0259ni i\u015fi bil\u0259n m\u00fct\u0259x\u0259ssis, \u00f6lk\u0259d\u0259 hakimiyy\u0259tin t\u00f6r\u0259tdiyi b\u0259d \u0259m\u0259ll\u0259rin sadalanmas\u0131ndan sonra kimin is\u0259 \u201cYax\u015f\u0131, bu Az\u0259rbaycan adlanan \u00f6lk\u0259d\u0259 hakimiyy\u0259tin bu b\u0259d \u0259m\u0259ll\u0259rinin qar\u015f\u0131s\u0131n\u0131 ala bil\u0259c\u0259k bir m\u00fcxalif\u0259t yoxdurmu\u201d sual\u0131na \u201cB\u0259li, vard\u0131r, \u00e7ox g\u00fccl\u00fc v\u0259 m\u00fct\u0259\u015f\u0259kkil, \u00e7ox a\u011f\u0131ll\u0131 v\u0259 q\u00fcdr\u0259tli m\u00fcxalif\u0259t var, lakin bu m\u00fcxalif\u0259t sad\u0259c\u0259 hakimiyy\u0259tin bu b\u0259d \u0259m\u0259ll\u0259rinin qar\u015f\u0131s\u0131n\u0131 almaq ist\u0259mir. G\u00fcc\u00fc var, lakin \u00f6z\u00fc bu g\u00fcc\u00fc i\u015f\u0259 salmaq ist\u0259mir\u201d \u2013 des\u0259ydi, onda yax\u015f\u0131m\u0131 olard\u0131? Y\u0259ni AB\u015e siyasil\u0259rinin bizim bu g\u00f6z\u0259l-g\u00f6y\u00e7\u0259k \u0259n\u0259n\u0259vi m\u00fcxalif\u0259t bar\u0259sind\u0259 r\u0259yi yax\u015f\u0131l\u0131\u011fa do\u011fru d\u0259yi\u015f\u0259c\u0259kdimi?\n<\/p>\n<p>\n  B\u0259lk\u0259 d\u0259 daha xeyirlisi o oldu ki, dedil\u0259r:\n<\/p>\n<p>\n  \u201cAz\u0259rbaycan \u0259n\u0259n\u0259vi m\u00fcxalif\u0259ti marginal q\u00fcvv\u0259dir, g\u00fcc\u00fc-taq\u0259ti qalmay\u0131b, \u0259hali il\u0259 i\u015fl\u0259m\u0259y\u0259 qoymurlar, i\u015fl\u0259y\u0259 bilmir, \u00e7\u00fcnki hakimiyy\u0259t ona g\u00fcn verib i\u015f\u0131q vermir, durmadan \u0259zir v\u0259 qovur\u201d.\n<\/p>\n<p>\n  F\u0259q\u0259t m\u0259ni \u0259n\u0259n\u0259vi m\u00fcxalif\u0259t \u00fc\u00e7\u00fcn \u0259n\u0259n\u0259vi olan bu olayda ba\u015fqa m\u0259tl\u0259b d\u00fc\u015f\u00fcnd\u00fcrd\u00fc. Aya, g\u00f6r\u0259s\u0259n b\u0259yl\u0259r anlay\u0131rlarm\u0131 ki, onlar\u0131n d\u00fc\u015fd\u00fcy\u00fc indiki a\u011f\u0131r v\u0259ziyy\u0259tin ba\u015fl\u0131ca s\u0259b\u0259bi onlar\u0131n f\u0259rqli v\u0259 t\u0259nqidi fikr\u0259 \u0259n\u0259n\u0259vi m\u00fcnasib\u0259tidir? Ax\u0131 bu il AXC-nin t\u0259sis konfrans\u0131n\u0131n 30 illiyidir v\u0259 1989-cu ilin iyul ay\u0131n\u0131n 16-da ba\u015f vermi\u015f hadis\u0259ni yen\u0259 \u0259n\u0259n\u0259vi hap-gopla qeyd ets\u0259l\u0259r, o zaman siyasi hoqqabazlar\u0131n xalqa qurduqlar\u0131 t\u0259l\u0259l\u0259ri etiraf etm\u0259s\u0259l\u0259r, d\u00fc\u015fd\u00fckl\u0259ri u\u00e7urumdan \u00e7\u0131xmaq macal\u0131n\u0131 bilm\u0259rr\u0259 itir\u0259c\u0259kl\u0259r.\n<\/p>\n<p>\n  M\u0259n AXC-ni t\u0259\u015fkilatland\u0131rma\u011fa ba\u015flam\u0131\u015f v\u0259 onu ilk t\u0259rk etmi\u015f insanam. S\u0259b\u0259b? F\u0259rqli fikr\u0259 qanacaqs\u0131z m\u00fcnasib\u0259t!\n<\/p>\n<p>\n  Adam q\u0259l\u0259t edirdi bir fikir bildirsin. \u018fg\u0259r bu fikir \u00f6mr\u00fcnd\u0259 orta m\u0259kt\u0259b d\u0259rsliyind\u0259n savay\u0131 he\u00e7 bir kitab\u0131 a\u00e7mam\u0131\u015f v\u0259 \u018fb\u00fclf\u0259z \u018fliyevin t\u00fcrk\u00e7\u00fcl\u00fcy\u00fcn parlaq g\u0259l\u0259c\u0259yi bar\u0259d\u0259 ilhamverici m\u00fchazir\u0259l\u0259rind\u0259n savay\u0131 he\u00e7 n\u0259 e\u015fitm\u0259mi\u015f t\u0259z\u0259 b\u0259yin h\u0259ssas k\u00f6nl\u00fcn\u0259 yatm\u0131rd\u0131sa, i\u015f\u0259 elmi v\u0259 m\u0259ntiqi d\u0259lill\u0259r deyil, \u015f\u0259xsiyy\u0259tin t\u0259hqiri, ail\u0259 v\u0259 etnik m\u0259nsubiyy\u0259tin al\u00e7ald\u0131lmas\u0131 d\u00fc\u015f\u00fcrd\u00fc. B\u0259li, h\u0259min andaca bu k\u00fctl\u0259 toparlan\u0131b yumruq kimi birl\u0259\u015firdi v\u0259 f\u0259rqli fikir sahibin\u0259 h\u00fccum edirdi.\n<\/p>\n<p>\n  M\u0259n, b\u00f6yl\u0259 r\u0259ftar v\u0259 t\u0259rbiy\u0259 sahibl\u0259ri il\u0259 bir yerd\u0259 ola bilm\u0259zdim v\u0259 t\u0259m\u0259lini qoydu\u011fum t\u0259\u015fkilat\u0131 t\u0259rk etdim. T\u0259rk etdim v\u0259 t\u0259\u0259ss\u00fcfl\u0259 fikirl\u0259\u015fdim ki, g\u00f6r\u00fcn\u00fcr, bu t\u0259\u015fkilat\u0131n da aqib\u0259ti Kompartiya kimi olacaq, zira Sov.\u0130KP r\u0259hb\u0259rl\u0259ri d\u0259 f\u0259rqli fikir sahibl\u0259rini dinl\u0259m\u0259k \u0259v\u0259zin\u0259, onlarla m\u00fckalim\u0259 aparmaq \u0259v\u0259zin\u0259, onlar\u0131n a\u011fz\u0131n\u0131 yummaq, onlar\u0131 \u0259zib he\u00e7 etm\u0259kl\u0259 m\u0259\u015f\u011ful idil\u0259r.\n<\/p>\n<p>\n  H\u0259min ild\u0259, 1989-cu ild\u0259, bir cox v\u0259t\u0259np\u0259rv\u0259r, \u0259sla antikommunist olmayan insan \u2013h\u00fcquq\u015f\u00fcnas, iqtisad\u00e7\u0131, filosof, sosioloq, \u0259dib v\u0259 sair\u0259 &#8211; Az\u0259rbaycan\u0131n kommunist r\u0259hb\u0259rl\u0259rin\u0259 deyirdil\u0259r ki, Qaraba\u011f\u0131 m\u00fcdafi\u0259 etm\u0259k \u00fc\u00e7\u00fcn m\u0259rk\u0259zd\u0259n as\u0131l\u0131l\u0131\u011f\u0131 azald\u0131n, q\u0259tiyy\u0259tli siyasi m\u00f6vqe tutun, SSR\u0130 Konstitusiyas\u0131n\u0131n t\u0259min etdiyi h\u00fcquqlar\u0131n\u0131zdan istifad\u0259 edin, b\u0259sdir k\u00f6l\u0259 kimi Moskvaya ba\u015f \u0259ydiniz. Cavab olaraq a\u011fz\u0131m\u0131z\u0131 yumma\u011fa \u00e7al\u0131\u015f\u0131rd\u0131lar.\n<\/p>\n<p>\n  Deyirdik ki, ki\u00e7ik sahibkarl\u0131\u011fa y\u00fcng\u00fcl s\u0259nayed\u0259, k\u0259nd t\u0259s\u0259rr\u00fcfat\u0131nda, ia\u015f\u0259, ticar\u0259t v\u0259 m\u0259i\u015f\u0259t xidm\u0259ti sah\u0259l\u0259rind\u0259 imkan yarad\u0131n.\n<\/p>\n<p>\n  Deyirdil\u0259r ki, olmaz!\n<\/p>\n<p>\n  Deyirdik ki, f\u0259rqli d\u00fc\u015f\u00fcn\u0259n adamlar\u0131 tutmay\u0131n, qovmay\u0131n, onlarla dan\u0131\u015f\u0131n. Deyirdil\u0259r ki, \u201cSusun\u201d!\n<\/p>\n<p>\n  Ax\u0131r\u0131 n\u0259 oldu? Ger\u00e7\u0259klikl\u0259, h\u0259yatla t\u0259masdan qa\u00e7an AKP at\u0131ld\u0131 tarixin zibilliyin\u0259, \u00f6zl\u0259rind\u0259n raz\u0131 g\u0259z\u0259n kommunist r\u0259hb\u0259rl\u0259ri hakimiyy\u0259t\u0259 \u201c\u0259lvida\u201d dem\u0259li oldular.\n<\/p>\n<p>\n  F\u0259rqli fikr\u0259 qar\u015f\u0131 d\u00f6z\u00fcms\u00fczl\u00fck, \u015f\u0259raiti v\u0259 tarixin gedi\u015fini anlamamaq x\u0259st\u0259liyi d\u0259rhal AXC-d\u0259 \u00f6z\u00fcn\u00fc milli, sa\u011falmaz x\u0259st\u0259lik kimi b\u00fcruz\u0259 verdi.\n<\/p>\n<p>\n  \u201cA qarda\u015f, s\u0259nin Nizamnam\u0259 v\u0259 M\u0259ramnam\u0259nd\u0259 yaz\u0131lmay\u0131b ki, zorak\u0131l\u0131\u011fa \u0259l atasan, raykomlara h\u00fccum ed\u0259s\u0259n, katibl\u0259ri a\u015f\u0131rasan. N\u0259d\u0259ns\u0259 naraz\u0131san, g\u00f6zl\u0259, se\u00e7kid\u0259 xalqdan s\u0259s alarsan, hakimiyy\u0259t\u0259 g\u0259lib qanuni \u00fcsullarla v\u0259ziyy\u0259ti d\u0259yi\u015f\u0259rs\u0259n\u201d. Bunu m\u0259ni-bi\u00e7ar\u0259 deyirdim. \u018fv\u0259zind\u0259 ba\u011f\u0131ran b\u0259yl\u0259rd\u0259n v\u0259 hayq\u0131ran xan\u0131mlardan n\u0259 e\u015fidirdim? \u201c Kommunistl\u0259r\u0259 sat\u0131lm\u0131san! KQB agentis\u0259n!\u201d V\u0259 sair\u0259 v\u0259 ilax\u0131ra.\n<\/p>\n<p>\n  \u201cBa\u015f\u0131n\u0131za d\u00f6n\u00fcm, biz\u0259 ordunun \u00fcst\u00fcn\u0259 getm\u0259k laz\u0131m deyil. Ordu, \u0259g\u0259r siyasi r\u0259hb\u0259rlikd\u0259n \u0259mr alsa, xalq\u0131 mil\u00e7\u0259k kimi q\u0131rar\u201d. Bunu m\u0259ni-bi\u00e7ar\u0259 1990-c\u0131 ilin yanvar\u0131n 7-d\u0259 deyirdim. \u018fv\u0259zind\u0259 n\u0259 e\u015fidirdim? \u201cQorxaq! Ordu g\u0259lm\u0259z! 1989-cu il 9 aprel Tiflis hadis\u0259sind\u0259n sonra ordu xalqa g\u00fcll\u0259 atmaz!\u201d\n<\/p>\n<p>\n  Ordu g\u0259ldi, xalq\u0131 q\u0131rd\u0131. AXC-nin d\u0259 beli q\u0131r\u0131ld\u0131, hakimiyy\u0259t\u0259 m\u00fcz\u0259ff\u0259r y\u00fcr\u00fc\u015f ed\u0259n xalq h\u0259r\u0259kat\u0131 marginalla\u015f\u0131b AKP marallar\u0131ndan parlamentd\u0259 zor-b\u0259la 8 faiz yer ala bildi.\n<\/p>\n<p>\n  Tarix el\u0259 g\u0259tirdi ki, SSR\u0130 \u00e7\u00f6kd\u00fc, yerin\u0259 MDB yarand\u0131. M\u00fct\u0259llibov MDB s\u0259n\u0259dl\u0259rini imzalad\u0131. AXC b\u0259yl\u0259ri \u015fiv\u0259n qopard\u0131lar: \u201cM\u00fct\u0259llibov bizi yeni imperiyaya sald\u0131!\u201d M\u0259ni-bi\u00e7ar\u0259 dedim ki, \u201cMDB yeni imperiya deyil, sabiq sovet respublikalar\u0131n\u0131n t\u0259bii iqtisadi, h\u00fcquqi, h\u0259rbi v\u0259 insani \u0259laq\u0259l\u0259rini t\u0259nziml\u0259y\u0259n beyn\u0259lxalq t\u0259\u015fkilatd\u0131r\u201d. \u018fv\u0259zind\u0259 n\u0259 e\u015fitdim? \u201cB\u0259s ondan n\u0259 g\u00f6zl\u0259yirdiniz? Bu adam \u00f6mr\u00fc boyu Rusiyaya i\u015fl\u0259yib!\u201d\n<\/p>\n<p>\n  1991-ci ilin pay\u0131z\u0131nda AXC b\u0259yl\u0259ri az\u0259rbaycanl\u0131 pe\u015f\u0259kar h\u0259rb\u00e7il\u0259r\u0259 h\u00fccum \u00e7\u0259kib onlar\u0131 m\u00fcdafi\u0259 nazirinin kabinetind\u0259n bir-bir \u00e7\u00f6l\u0259 at\u0131rd\u0131lar. M\u0259ni-bi\u00e7ar\u0259 n\u0259 deyirdim? \u201cV\u0259t\u0259n torpa\u011f\u0131nda m\u00fcharib\u0259 gedir. Hakimiyy\u0259ti m\u0259ngirl\u0259m\u0259k xatirin\u0259 ordu quruculu\u011funa mane olmaq v\u0259t\u0259n\u0259 x\u0259yan\u0259tdir, etm\u0259yin bunu!\u201d \u018fv\u0259zind\u0259 n\u0259 e\u015fidirdim? \u201cBu adam M\u00fct\u0259llibova i\u015fl\u0259yir, onun adam\u0131d\u0131r!\u201d\n<\/p>\n<p>\n  M\u00fct\u0259llibov z\u0259ifl\u0259di, AXC-y\u0259 bir daha koalision h\u00f6kum\u0259t t\u0259klifi verdi. Dedim:\u201d Y\u0131xmay\u0131n onu! Heyd\u0259r \u018fliyevin yolunda q\u0131rm\u0131z\u0131 i\u015f\u0131qd\u0131r! Y\u0131xsan\u0131z, DTK general\u0131 g\u0259lib xalq\u0131n anas\u0131n\u0131 a\u011fladacaq!\u201d B\u0259yl\u0259r dedi: \u201c\u00d6z\u00fcm\u00fcz olaca\u011f\u0131q!\u201d Soru\u015fdum: \u201cHans\u0131 ba\u015fla?\u201d Q\u0259z\u0259bl\u0259 q\u0131\u015fq\u0131rd\u0131lar: \u201cB\u0259sdir bizi t\u0259hqir etdin!\u201d\n<\/p>\n<p>\n  Qaraba\u011f\u0131 verib Bak\u0131n\u0131 g\u00f6t\u00fcrd\u00fcl\u0259r. Sonra \u201cmilli-azadl\u0131q m\u00fcbariz\u0259si\u201dnin h\u0259qiqi lideri g\u0259ldi, \u00f6z \u015fill\u0259vuranlar\u0131na layiq olduqlar\u0131 yeri g\u00f6st\u0259rdi. Kim bu yer\u0259 raz\u0131d\u0131r, parlamentd\u0259 oturub xalq\u0131n mal\u0131n\u0131 nu\u015f edir, kim raz\u0131 deyils\u0259, h\u0259yatdan v\u0259 siyas\u0259td\u0259n d\u0131\u015far\u0131dad\u0131r.\n<\/p>\n<p>\n  \u0130ndi bunu Va\u015finqtonda, Konqresin \u0130nsan Haqlar\u0131 Komissiyas\u0131ndak\u0131 dinl\u0259m\u0259l\u0259rd\u0259 kims\u0259 dilin\u0259 g\u0259tiribs\u0259 v\u0259 deyibs\u0259 ki, \u201cAz\u0259rbaycan\u0131n \u0259n\u0259n\u0259vi m\u00fcxalif\u0259ti marginal t\u0259zah\u00fcrd\u00fcr\u201d, n\u0259 ed\u0259k? Dey\u0259k ki, xeyr, bel\u0259 deyil?\n<\/p>\n<p>\n  Prezident se\u00e7kil\u0259rind\u0259 namiz\u0259d ir\u0259li s\u00fcr\u0259 bilm\u0259y\u0259n, se\u00e7ki gedi\u015fin\u0259 ciddi n\u0259zar\u0259t mexanizmi qura bilm\u0259y\u0259n, maliyy\u0259 v\u0259saitind\u0259n m\u0259hrum, t\u0259\u015fkilat\u0131 strukturlar\u0131 da\u011f\u0131d\u0131lm\u0131\u015f, \u0259n \u0259sas\u0131 is\u0259, ger\u00e7\u0259kliyi d\u00fczg\u00fcn qiym\u0259tl\u0259ndirib d\u00fcr\u00fcst q\u0259rar verm\u0259k \u00fc\u00e7\u00fcn t\u0259l\u0259b olunan z\u0259ka qabiliyy\u0259tind\u0259n m\u0259hrum siyasi quruma n\u0259 ad versinl\u0259r?\n<\/p>\n<p>\n  Bu, m\u00fcsib\u0259tdirmi? Yox. \u00d6lk\u0259d\u0259 marginal olan v\u0259 ya olmayan qurumlar ola bil\u0259r. N\u0259 olsun ki, Az\u0259rbaycanda \u0259n\u0259n\u0259vi m\u00fcxalif\u0259t marginald\u0131r. M\u00fcsib\u0259tin \u0259sas s\u0259b\u0259bi, ba\u015fl\u0131ca s\u0259b\u0259bi odur ki, onu bu marginall\u0131\u011fa g\u0259tirmi\u015f m\u0259r\u0259z hakimiyy\u0259tin d\u0259 il\u0131yin\u0259 v\u0259 beynin\u0259 i\u015fl\u0259yib, h\u0259qiq\u0259ti g\u00f6rm\u0259k ist\u0259mir, s\u00f6z e\u015fitmir v\u0259 he\u00e7 n\u0259 anlam\u0131r!\n<\/p>\n<p>\n  <i><br \/>\n    <b><br \/>\n      Yaz\u0131 m\u00fc\u0259llifin fikirl\u0259rini \u0259ks etdirir v\u0259 Meydan TV-nin m\u00f6vqeyi il\u0259 \u00fcst-\u00fcst\u0259 d\u00fc\u015fm\u0259y\u0259 bil\u0259r.<br \/>\n    <\/b><br \/>\n  <\/i><\/p>\n","protected":false},"excerpt":{"rendered":"<p>Bug\u00fcnl\u0259rd\u0259 virtual al\u0259md\u0259 balaca bir f\u0131rt\u0131na qopmu\u015fdu<\/p>\n","protected":false},"author":11,"featured_media":103671,"comment_status":"closed","ping_status":"open","sticky":false,"template":"","format":"standard","meta":{"_acf_changed":false,"_sitemap_exclude":false,"_sitemap_priority":"","_sitemap_frequency":"","footnotes":""},"categories":[57],"tags":[],"class_list":["post-190014","post","type-post","status-publish","format-standard","has-post-thumbnail","hentry","category-menim-fikrimce","infinite-scroll-item","generate-columns","tablet-grid-50","mobile-grid-100","grid-parent","grid-33","no-featured-image-padding"],"acf":[],"yoast_head":"<!-- This site is optimized with the Yoast SEO plugin v27.4 - https:\/\/yoast.com\/product\/yoast-seo-wordpress\/ -->\n<title>Ba\u015fl\u0131ca s\u0259b\u0259b - MEYDAN.TV<\/title>\n<meta name=\"robots\" content=\"index, follow, max-snippet:-1, max-image-preview:large, max-video-preview:-1\" \/>\n<link rel=\"canonical\" href=\"https:\/\/www.meydan.tv\/az\/article\/baslica-sebeb\/\" \/>\n<meta property=\"og:locale\" content=\"az_AZ\" \/>\n<meta property=\"og:type\" content=\"article\" \/>\n<meta property=\"og:title\" content=\"Ba\u015fl\u0131ca s\u0259b\u0259b - MEYDAN.TV\" \/>\n<meta property=\"og:description\" content=\"Bug\u00fcnl\u0259rd\u0259 virtual al\u0259md\u0259 balaca bir f\u0131rt\u0131na qopmu\u015fdu\" \/>\n<meta property=\"og:url\" content=\"https:\/\/www.meydan.tv\/az\/article\/baslica-sebeb\/\" \/>\n<meta property=\"og:site_name\" content=\"MEYDAN.TV\" \/>\n<meta property=\"article:published_time\" content=\"2018-05-16T21:51:19+00:00\" \/>\n<meta property=\"og:image\" content=\"https:\/\/www.meydan.tv\/wp-content\/uploads\/41115.png\" \/>\n\t<meta property=\"og:image:width\" content=\"1203\" \/>\n\t<meta property=\"og:image:height\" content=\"646\" \/>\n\t<meta property=\"og:image:type\" content=\"image\/png\" \/>\n<meta name=\"author\" content=\"user-manager\" \/>\n<meta name=\"twitter:card\" content=\"summary_large_image\" \/>\n<script type=\"application\/ld+json\" class=\"yoast-schema-graph\">{\"@context\":\"https:\\\/\\\/schema.org\",\"@graph\":[{\"@type\":\"Article\",\"@id\":\"https:\\\/\\\/www.meydan.tv\\\/az\\\/article\\\/baslica-sebeb\\\/#article\",\"isPartOf\":{\"@id\":\"https:\\\/\\\/www.meydan.tv\\\/az\\\/article\\\/baslica-sebeb\\\/\"},\"author\":{\"name\":\"user-manager\",\"@id\":\"https:\\\/\\\/www.meydan.tv\\\/az\\\/#\\\/schema\\\/person\\\/10d11eccf6da3662cf5fdab9806ea91a\"},\"headline\":\"Ba\u015fl\u0131ca s\u0259b\u0259b\",\"datePublished\":\"2018-05-16T21:51:19+00:00\",\"mainEntityOfPage\":{\"@id\":\"https:\\\/\\\/www.meydan.tv\\\/az\\\/article\\\/baslica-sebeb\\\/\"},\"wordCount\":1660,\"publisher\":{\"@id\":\"https:\\\/\\\/www.meydan.tv\\\/az\\\/#organization\"},\"image\":{\"@id\":\"https:\\\/\\\/www.meydan.tv\\\/az\\\/article\\\/baslica-sebeb\\\/#primaryimage\"},\"thumbnailUrl\":\"https:\\\/\\\/www.meydan.tv\\\/wp-content\\\/uploads\\\/41115.png\",\"articleSection\":[\"M\u0259nim Fikrimc\u0259\"],\"inLanguage\":\"az\"},{\"@type\":\"WebPage\",\"@id\":\"https:\\\/\\\/www.meydan.tv\\\/az\\\/article\\\/baslica-sebeb\\\/\",\"url\":\"https:\\\/\\\/www.meydan.tv\\\/az\\\/article\\\/baslica-sebeb\\\/\",\"name\":\"Ba\u015fl\u0131ca s\u0259b\u0259b - MEYDAN.TV\",\"isPartOf\":{\"@id\":\"https:\\\/\\\/www.meydan.tv\\\/az\\\/#website\"},\"primaryImageOfPage\":{\"@id\":\"https:\\\/\\\/www.meydan.tv\\\/az\\\/article\\\/baslica-sebeb\\\/#primaryimage\"},\"image\":{\"@id\":\"https:\\\/\\\/www.meydan.tv\\\/az\\\/article\\\/baslica-sebeb\\\/#primaryimage\"},\"thumbnailUrl\":\"https:\\\/\\\/www.meydan.tv\\\/wp-content\\\/uploads\\\/41115.png\",\"datePublished\":\"2018-05-16T21:51:19+00:00\",\"breadcrumb\":{\"@id\":\"https:\\\/\\\/www.meydan.tv\\\/az\\\/article\\\/baslica-sebeb\\\/#breadcrumb\"},\"inLanguage\":\"az\",\"potentialAction\":[{\"@type\":\"ReadAction\",\"target\":[\"https:\\\/\\\/www.meydan.tv\\\/az\\\/article\\\/baslica-sebeb\\\/\"]}]},{\"@type\":\"ImageObject\",\"inLanguage\":\"az\",\"@id\":\"https:\\\/\\\/www.meydan.tv\\\/az\\\/article\\\/baslica-sebeb\\\/#primaryimage\",\"url\":\"https:\\\/\\\/www.meydan.tv\\\/wp-content\\\/uploads\\\/41115.png\",\"contentUrl\":\"https:\\\/\\\/www.meydan.tv\\\/wp-content\\\/uploads\\\/41115.png\",\"width\":1203,\"height\":646,\"caption\":\"Foto: arxiv\"},{\"@type\":\"BreadcrumbList\",\"@id\":\"https:\\\/\\\/www.meydan.tv\\\/az\\\/article\\\/baslica-sebeb\\\/#breadcrumb\",\"itemListElement\":[{\"@type\":\"ListItem\",\"position\":1,\"name\":\"Ana s\u0259hif\u0259\",\"item\":\"https:\\\/\\\/www.meydan.tv\\\/az\\\/\"},{\"@type\":\"ListItem\",\"position\":2,\"name\":\"M\u0259nim Fikrimc\u0259\",\"item\":\"https:\\\/\\\/www.meydan.tv\\\/az\\\/section\\\/menim-fikrimce\\\/\"},{\"@type\":\"ListItem\",\"position\":3,\"name\":\"Ba\u015fl\u0131ca s\u0259b\u0259b\"}]},{\"@type\":\"WebSite\",\"@id\":\"https:\\\/\\\/www.meydan.tv\\\/az\\\/#website\",\"url\":\"https:\\\/\\\/www.meydan.tv\\\/az\\\/\",\"name\":\"MEYDAN.TV\",\"description\":\"Meydan TV Az\u0259rbaycan\u0131n media m\u0259kan\u0131ndak\u0131 alternativ s\u0259sidir\",\"publisher\":{\"@id\":\"https:\\\/\\\/www.meydan.tv\\\/az\\\/#organization\"},\"potentialAction\":[{\"@type\":\"SearchAction\",\"target\":{\"@type\":\"EntryPoint\",\"urlTemplate\":\"https:\\\/\\\/www.meydan.tv\\\/az\\\/?s={search_term_string}\"},\"query-input\":{\"@type\":\"PropertyValueSpecification\",\"valueRequired\":true,\"valueName\":\"search_term_string\"}}],\"inLanguage\":\"az\"},{\"@type\":\"Organization\",\"@id\":\"https:\\\/\\\/www.meydan.tv\\\/az\\\/#organization\",\"name\":\"Meydan TV\",\"url\":\"https:\\\/\\\/www.meydan.tv\\\/az\\\/\",\"logo\":{\"@type\":\"ImageObject\",\"inLanguage\":\"az\",\"@id\":\"https:\\\/\\\/www.meydan.tv\\\/az\\\/#\\\/schema\\\/logo\\\/image\\\/\",\"url\":\"https:\\\/\\\/www.meydan.tv\\\/wp-content\\\/uploads\\\/2021\\\/07\\\/meydan-logo.svg\",\"contentUrl\":\"https:\\\/\\\/www.meydan.tv\\\/wp-content\\\/uploads\\\/2021\\\/07\\\/meydan-logo.svg\",\"width\":195,\"height\":46,\"caption\":\"Meydan TV\"},\"image\":{\"@id\":\"https:\\\/\\\/www.meydan.tv\\\/az\\\/#\\\/schema\\\/logo\\\/image\\\/\"}},{\"@type\":\"Person\",\"@id\":\"https:\\\/\\\/www.meydan.tv\\\/az\\\/#\\\/schema\\\/person\\\/10d11eccf6da3662cf5fdab9806ea91a\",\"name\":\"user-manager\"}]}<\/script>\n<!-- \/ Yoast SEO plugin. -->","yoast_head_json":{"title":"Ba\u015fl\u0131ca s\u0259b\u0259b - MEYDAN.TV","robots":{"index":"index","follow":"follow","max-snippet":"max-snippet:-1","max-image-preview":"max-image-preview:large","max-video-preview":"max-video-preview:-1"},"canonical":"https:\/\/www.meydan.tv\/az\/article\/baslica-sebeb\/","og_locale":"az_AZ","og_type":"article","og_title":"Ba\u015fl\u0131ca s\u0259b\u0259b - MEYDAN.TV","og_description":"Bug\u00fcnl\u0259rd\u0259 virtual al\u0259md\u0259 balaca bir f\u0131rt\u0131na qopmu\u015fdu","og_url":"https:\/\/www.meydan.tv\/az\/article\/baslica-sebeb\/","og_site_name":"MEYDAN.TV","article_published_time":"2018-05-16T21:51:19+00:00","og_image":[{"width":1203,"height":646,"url":"https:\/\/www.meydan.tv\/wp-content\/uploads\/41115.png","type":"image\/png"}],"author":"user-manager","twitter_card":"summary_large_image","schema":{"@context":"https:\/\/schema.org","@graph":[{"@type":"Article","@id":"https:\/\/www.meydan.tv\/az\/article\/baslica-sebeb\/#article","isPartOf":{"@id":"https:\/\/www.meydan.tv\/az\/article\/baslica-sebeb\/"},"author":{"name":"user-manager","@id":"https:\/\/www.meydan.tv\/az\/#\/schema\/person\/10d11eccf6da3662cf5fdab9806ea91a"},"headline":"Ba\u015fl\u0131ca s\u0259b\u0259b","datePublished":"2018-05-16T21:51:19+00:00","mainEntityOfPage":{"@id":"https:\/\/www.meydan.tv\/az\/article\/baslica-sebeb\/"},"wordCount":1660,"publisher":{"@id":"https:\/\/www.meydan.tv\/az\/#organization"},"image":{"@id":"https:\/\/www.meydan.tv\/az\/article\/baslica-sebeb\/#primaryimage"},"thumbnailUrl":"https:\/\/www.meydan.tv\/wp-content\/uploads\/41115.png","articleSection":["M\u0259nim Fikrimc\u0259"],"inLanguage":"az"},{"@type":"WebPage","@id":"https:\/\/www.meydan.tv\/az\/article\/baslica-sebeb\/","url":"https:\/\/www.meydan.tv\/az\/article\/baslica-sebeb\/","name":"Ba\u015fl\u0131ca s\u0259b\u0259b - MEYDAN.TV","isPartOf":{"@id":"https:\/\/www.meydan.tv\/az\/#website"},"primaryImageOfPage":{"@id":"https:\/\/www.meydan.tv\/az\/article\/baslica-sebeb\/#primaryimage"},"image":{"@id":"https:\/\/www.meydan.tv\/az\/article\/baslica-sebeb\/#primaryimage"},"thumbnailUrl":"https:\/\/www.meydan.tv\/wp-content\/uploads\/41115.png","datePublished":"2018-05-16T21:51:19+00:00","breadcrumb":{"@id":"https:\/\/www.meydan.tv\/az\/article\/baslica-sebeb\/#breadcrumb"},"inLanguage":"az","potentialAction":[{"@type":"ReadAction","target":["https:\/\/www.meydan.tv\/az\/article\/baslica-sebeb\/"]}]},{"@type":"ImageObject","inLanguage":"az","@id":"https:\/\/www.meydan.tv\/az\/article\/baslica-sebeb\/#primaryimage","url":"https:\/\/www.meydan.tv\/wp-content\/uploads\/41115.png","contentUrl":"https:\/\/www.meydan.tv\/wp-content\/uploads\/41115.png","width":1203,"height":646,"caption":"Foto: arxiv"},{"@type":"BreadcrumbList","@id":"https:\/\/www.meydan.tv\/az\/article\/baslica-sebeb\/#breadcrumb","itemListElement":[{"@type":"ListItem","position":1,"name":"Ana s\u0259hif\u0259","item":"https:\/\/www.meydan.tv\/az\/"},{"@type":"ListItem","position":2,"name":"M\u0259nim Fikrimc\u0259","item":"https:\/\/www.meydan.tv\/az\/section\/menim-fikrimce\/"},{"@type":"ListItem","position":3,"name":"Ba\u015fl\u0131ca s\u0259b\u0259b"}]},{"@type":"WebSite","@id":"https:\/\/www.meydan.tv\/az\/#website","url":"https:\/\/www.meydan.tv\/az\/","name":"MEYDAN.TV","description":"Meydan TV Az\u0259rbaycan\u0131n media m\u0259kan\u0131ndak\u0131 alternativ s\u0259sidir","publisher":{"@id":"https:\/\/www.meydan.tv\/az\/#organization"},"potentialAction":[{"@type":"SearchAction","target":{"@type":"EntryPoint","urlTemplate":"https:\/\/www.meydan.tv\/az\/?s={search_term_string}"},"query-input":{"@type":"PropertyValueSpecification","valueRequired":true,"valueName":"search_term_string"}}],"inLanguage":"az"},{"@type":"Organization","@id":"https:\/\/www.meydan.tv\/az\/#organization","name":"Meydan TV","url":"https:\/\/www.meydan.tv\/az\/","logo":{"@type":"ImageObject","inLanguage":"az","@id":"https:\/\/www.meydan.tv\/az\/#\/schema\/logo\/image\/","url":"https:\/\/www.meydan.tv\/wp-content\/uploads\/2021\/07\/meydan-logo.svg","contentUrl":"https:\/\/www.meydan.tv\/wp-content\/uploads\/2021\/07\/meydan-logo.svg","width":195,"height":46,"caption":"Meydan TV"},"image":{"@id":"https:\/\/www.meydan.tv\/az\/#\/schema\/logo\/image\/"}},{"@type":"Person","@id":"https:\/\/www.meydan.tv\/az\/#\/schema\/person\/10d11eccf6da3662cf5fdab9806ea91a","name":"user-manager"}]}},"_links":{"self":[{"href":"https:\/\/www.meydan.tv\/az\/wp-json\/wp\/v2\/posts\/190014","targetHints":{"allow":["GET"]}}],"collection":[{"href":"https:\/\/www.meydan.tv\/az\/wp-json\/wp\/v2\/posts"}],"about":[{"href":"https:\/\/www.meydan.tv\/az\/wp-json\/wp\/v2\/types\/post"}],"author":[{"embeddable":true,"href":"https:\/\/www.meydan.tv\/az\/wp-json\/wp\/v2\/users\/11"}],"replies":[{"embeddable":true,"href":"https:\/\/www.meydan.tv\/az\/wp-json\/wp\/v2\/comments?post=190014"}],"version-history":[{"count":0,"href":"https:\/\/www.meydan.tv\/az\/wp-json\/wp\/v2\/posts\/190014\/revisions"}],"wp:featuredmedia":[{"embeddable":true,"href":"https:\/\/www.meydan.tv\/az\/wp-json\/wp\/v2\/media\/103671"}],"wp:attachment":[{"href":"https:\/\/www.meydan.tv\/az\/wp-json\/wp\/v2\/media?parent=190014"}],"wp:term":[{"taxonomy":"category","embeddable":true,"href":"https:\/\/www.meydan.tv\/az\/wp-json\/wp\/v2\/categories?post=190014"},{"taxonomy":"post_tag","embeddable":true,"href":"https:\/\/www.meydan.tv\/az\/wp-json\/wp\/v2\/tags?post=190014"}],"curies":[{"name":"wp","href":"https:\/\/api.w.org\/{rel}","templated":true}]}}