{"id":189996,"date":"2018-05-16T02:05:25","date_gmt":"2018-05-16T02:05:25","guid":{"rendered":"https:\/\/www.meydan.tv\/article\/dovlet-sifarisi-usaq-dogmaq\/"},"modified":"2018-05-16T02:05:25","modified_gmt":"2018-05-16T02:05:25","slug":"dovlet-sifarisi-usaq-dogmaq","status":"publish","type":"post","link":"https:\/\/www.meydan.tv\/az\/article\/dovlet-sifarisi-usaq-dogmaq\/","title":{"rendered":"D\u00f6vl\u0259t sifari\u015fi: U\u015faq do\u011fmaq&#8230;"},"content":{"rendered":"<p>\n  Bizim bir deputatxana var, ora adamlar\u0131 (mandat verdikl\u0259rini) z\u0259rg\u0259r d\u0259qiqliyi il\u0259 se\u00e7ib y\u0131\u011f\u0131blar. \u00c7oxunun az ya\u015f\u0131 da yoxdur. Uzun ill\u0259rdir ya eyni dair\u0259d\u0259n, ya da arada yerini d\u0259yi\u015fm\u0259kl\u0259 mandat\u0131n\u0131 al\u0131r(Salman b\u0259y demi\u015fk\u0259n, puluna minn\u0259t). B\u0259zil\u0259ri onlara mill\u0259t v\u0259kili d\u0259 deyir. Ancaq bu ada yara\u015fan bir mill\u0259t v\u0259kili bel\u0259 orda yoxdur. El\u0259 yax\u015f\u0131s\u0131 deputatd\u0131r. Bu deputatlar\u0131n da \u0259n yax\u015f\u0131 c\u0259h\u0259ti dan\u0131\u015fmamalar\u0131d\u0131r. Susurlar, s\u0259s verm\u0259k g\u0259r\u0259k olanda, iclasda i\u015ftirak ed\u0259nd\u0259 ya \u00f6zl\u0259ri, iclasda olmayanda qon\u015fu kreslonu bron ed\u0259n deputat yolda\u015flar\u0131 onlar\u0131n \u0259v\u0259zin\u0259 d\u00fcym\u0259ni bas\u0131r. El\u0259 onlar kimi, ancaq onlardan bir q\u0259d\u0259r b\u00f6y\u00fck kreslonu m\u0259nims\u0259y\u0259n s\u0259drl\u0259ri Oqtay \u018fs\u0259dov da bel\u0259 hallara g\u00f6z yumur, \u00fcz\u0259 vurmur, t\u0259ki yet\u0259rsay olsun, Prezident Administrasiyas\u0131ndan g\u00f6nd\u0259ril\u0259n qanun layih\u0259si problemsiz ke\u00e7sin&#8230;\n<\/p>\n<p>\n  Deputatlardan se\u00e7icil\u0259r d\u0259 raz\u0131d\u0131r, ancaq s\u0259s g\u0259r\u0259k olanda onlar\u0131 narahat edirl\u0259r, ba\u015fqa vaxt g\u00f6z\u0259 d\u0259ymirl\u0259r. D\u00fczd\u00fcr, qabaqlar Milli M\u0259clisin qar\u015f\u0131s\u0131na se\u00e7icil\u0259r g\u0259lib n\u0259l\u0259ris\u0259 t\u0259l\u0259b etm\u0259k ist\u0259yirdil\u0259r, polisin k\u00f6m\u0259yi il\u0259 bu problem, dem\u0259k olar, yoluna qoyulub, \u015fikay\u0259t\u00e7il\u0259r daha oralarda g\u00f6r\u00fcnm\u00fcr. Deputatlar da se\u00e7ici yan\u0131na ya se\u00e7ildiyi \u0259razid\u0259 ciddi hadis\u0259 olanda, ya da \u015f\u0259hid g\u0259l\u0259nd\u0259 gedir. Qalan vaxtlarda h\u0259r\u0259 \u00f6z biznesinin dal\u0131ndad\u0131. \u015e\u00fck\u00fcr, maa\u015flar\u0131 da art\u0131b&#8230;\n<\/p>\n<p>\n  Bizim deputatlar\u0131n bir problemi var, o da dan\u0131\u015fmaqlar\u0131d\u0131. Dan\u0131\u015fanda s\u00f6z\u00fcn dal\u0131n\u0131-qaba\u011f\u0131n\u0131 g\u0259tir\u0259 bilmir, \u201cxoruz\u201d burax\u0131r, bu da Milli M\u0259clisin ad\u0131na yaz\u0131l\u0131r. H\u0259l\u0259 bir m\u00fcdd\u0259t qabaq s\u0259drl\u0259ri Oqtay \u018fs\u0259dov bununla ba\u011fl\u0131 \u0259n stajl\u0131 deputatlardan olan Had\u0131 R\u0259c\u0259bliy\u0259 irad da tutmu\u015fdu. \u0130caz\u0259siz dan\u0131\u015fmama\u011f\u0131 m\u0259sl\u0259h\u0259t bilmi\u015fdi. Adam bir ne\u00e7\u0259 ay tap\u015f\u0131r\u0131\u011fa \u0259m\u0259l ets\u0259 d\u0259, sonradan yen\u0259 hiss\u0259 qap\u0131l\u0131b dan\u0131\u015fm\u0131\u015fd\u0131 v\u0259 yen\u0259 probleml\u0259r yaratm\u0131\u015fd\u0131. Bu xasiyy\u0259t Siyavu\u015f Novruzovda da var, adam susanda daha g\u00f6z\u0259l g\u00f6r\u00fcn\u00fcr. M\u0259s\u0259l\u0259n, 28 dekabr 2007-ci ild\u0259 \u201cT\u0259hsil haqq\u0131nda\u201d qanunun m\u00fczakir\u0259si zaman\u0131 Siyavu\u015f Novruzov da \u00e7\u0131x\u0131\u015f etmi\u015fdi. G\u00f6r\u00fcn n\u0259l\u0259r<br \/>\n  <a href=\"http:\/\/www.meclis.gov.az\/?\/az\/stenoqram\/126\" target=\"_blank\" rel=\"noopener\"><br \/>\n    demi\u015fdi:<br \/>\n  <\/a>\n<\/p>\n<p>\n  \u201cN\u0259 q\u0259d\u0259r doktor, professor, elml\u0259r namiz\u0259di olar? Bir ilin i\u00e7\u0259risind\u0259 700\u2013800\u2013900 elmi ad alan olur. M\u0259nim yad\u0131ma d\u00fc\u015f\u00fcr, bir vaxtlar Meksika ordusunda \u0259sg\u0259rd\u0259n \u00e7ox zabit var idi. H\u0259min v\u0259ziyy\u0259t\u0259 g\u0259lib \u00e7\u0131xm\u0131\u015f\u0131q. \u0130ndi bizd\u0259 d\u0259 t\u0259l\u0259b\u0259d\u0259n \u00e7ox, elml\u0259r namiz\u0259di var. H\u0259r birinin d\u0259 verdiyi t\u0259hsilin s\u0259viyy\u0259sin\u0259 bax\u0131n&#8230;\u201d\n<\/p>\n<p>\n  Ancaq bu \u00e7\u0131x\u0131\u015f\u0131ndan sonra, g\u00f6r\u00fcn\u00fcr, reall\u0131q, zaman\u0131n diqt\u0259si i\u015fini g\u00f6r\u00fcb; Siyavu\u015f Novruzov da o biri h\u0259mkarlar\u0131 kimi elmi ad dal\u0131nca qa\u00e7\u0131b. Q\u0131sa zaman k\u0259siyind\u0259 h\u00fcquq \u00fczr\u0259 f\u0259ls\u0259f\u0259 doktoru adlna layiq g\u00f6r\u00fcl\u00fcb&#8230;\n<\/p>\n<p>\n  D\u00fcn\u0259n parlamentin, yox, yax\u015f\u0131s\u0131 el\u0259 deputatxanad\u0131r, iclas\u0131nda ba\u015fqa bir elm adam\u0131, siyasi elml\u0259r doktoru, Az\u0259rbaycan M\u00fc\u0259lliml\u0259r \u0130nstitutunun 2015-ci il\u0259 q\u0259d\u0259r rektoru olan, h\u0259m d\u0259 deputat Aqiy\u0259 Nax\u00e7\u0131vanl\u0131 Milli M\u0259clisin Ail\u0259, qad\u0131n v\u0259 u\u015faq komit\u0259sinin iclas\u0131nda yeni haz\u0131rlanan \u201cU\u015faqlar\u0131n z\u0259r\u0259rli informasiyadan qorunmas\u0131 haqq\u0131nda\u201d qanun layih\u0259sinin m\u00fczakir\u0259si zaman\u0131 komit\u0259 s\u0259dri kimi \u00e7\u0131x\u0131\u015f edib: \u201cHaz\u0131rda bo\u015fananlar\u0131n say\u0131 art\u0131b. Rahatl\u0131qla bo\u015fan\u0131rlar, ail\u0259 da\u011f\u0131l\u0131r. \u00c7\u00fcnki ictimai q\u0131naq yoxdur. Toydan iki ay \u00f6nc\u0259 r\u0259qs\u0259 gedirl\u0259r. R\u0259qs\u0259 getm\u0259kd\u0259ns\u0259, a\u011fsaqqal\u0131n, a\u011fbir\u00e7\u0259yin yan\u0131na getsinl\u0259r, ail\u0259 nec\u0259 olur, onu \u00f6yr\u0259nsinl\u0259r. Ail\u0259l\u0259rd\u0259 d\u00f6z\u00fcml\u00fcl\u00fck yoxdur\u201d.\n<\/p>\n<p>\n  Sonra y\u0259qin \u00f6z\u00fc d\u0259 bilm\u0259d\u0259n t\u0259hsil m\u0259s\u0259l\u0259sin\u0259 toxunub:\n<\/p>\n<p>\n  \u201cBurada t\u0259hsilin d\u0259 rolu var. Qad\u0131nlar komit\u0259y\u0259 m\u00fcraci\u0259t edirl\u0259r, dinl\u0259y\u0259nd\u0259, g\u00f6r\u00fcrs\u0259n ki, bunun savad\u0131 yoxdur. Sual verirs\u0259n ki, nec\u0259 ail\u0259 qurmusan? Deyir, valideynl\u0259rin raz\u0131l\u0131\u011f\u0131 il\u0259 olub. Deyir\u0259m, b\u0259s ail\u0259 qurdu\u011fun \u015f\u0259xs qon\u015fun olubsa, \u0259vv\u0259lc\u0259d\u0259n onun nec\u0259 birisi oldu\u011funu bilmirdin? Ail\u0259 qurmaq, sonradan da\u011f\u0131tmaq o q\u0259d\u0259r sad\u0259l\u0259\u015fib ki&#8230; Deyir\u0259m ki, ilk g\u00fcnd\u0259n d\u00f6y\u00fclm\u00fcs\u0259ns\u0259, s\u00f6y\u00fclm\u00fcs\u0259ns\u0259, niy\u0259 \u00fc\u00e7 u\u015faq d\u00fcnyaya g\u0259tirmis\u0259n? Deyir ki, u\u015faqlar\u0131 siz g\u00f6t\u00fcr\u00fcn saxlay\u0131n. U\u015faqlara d\u00f6vl\u0259tin baxmas\u0131n\u0131 t\u0259l\u0259b edir. D\u00f6vl\u0259t sifari\u015f vermi\u015fdi ki, \u00fc\u00e7 u\u015faq d\u00fcnyaya g\u0259tir\u0259s\u0259n?\u201d\n<\/p>\n<p>\n  Aqiy\u0259 Nax\u00e7\u0131vanl\u0131 2005-ci ild\u0259n 2015-ci il\u0259 q\u0259d\u0259r Az\u0259rbaycan M\u00fc\u0259lliml\u0259r \u0130nstitutunun rektoru olub. U\u015faqlar\u0131n t\u0259rbiy\u0259sin\u0259 birba\u015fa sorumlu olan m\u00fc\u0259lliml\u0259r yeti\u015fdirib. \u00d6lk\u0259nin \u0259n r\u00fc\u015fv\u0259txor institutlar\u0131ndan olan bu t\u0259hsil oca\u011f\u0131ndan \u00e7\u0131xanlar\u0131n t\u0259hsil verm\u0259dikl\u0259rinin ac\u0131s\u0131yla is\u0259 indi qar\u015f\u0131la\u015f\u0131b&#8230; Yeri g\u0259lmi\u015fk\u0259n, adam 1950-ci ild\u0259 O\u011fuzda do\u011fulsa da, \u00f6z\u00fcn\u0259 Nax\u00e7\u0131vanl\u0131 soyad\u0131 g\u00f6t\u00fcr\u00fcb. Alim ki alim&#8230;\n<\/p>\n<p>\n  \u0130ndi 68 ya\u015f\u0131ndad\u0131r, y\u0259ni a\u011fbir\u00e7\u0259k vaxt\u0131d\u0131r, ancaq Milli M\u0259clisd\u0259 \u00e7\u0131x\u0131\u015f\u0131nda a\u011fbir\u00e7\u0259k kimi yox, t\u0259hsiili biri kimi yox, alim kimi yox, m\u00fc\u0259lliml\u0259r yeti\u015fdir\u0259n bir instituta 10 il r\u0259hb\u0259rlik ed\u0259n biri kimi yox, bazar adamlar\u0131, lap el\u0259 icra ba\u015f\u00e7\u0131lar\u0131 kimi dan\u0131\u015f\u0131r: \u201c&#8230;D\u00f6vl\u0259t sifari\u015f vermi\u015fdi ki, \u00fc\u00e7 u\u015faq d\u00fcnyaya g\u0259tir\u0259s\u0259n?\u201d<br \/>\n  <br \/>\n  Sonra da g\u0259ncl\u0259r\u0259 toy \u00f6nc\u0259si r\u0259qs\u0259 yox, a\u011fbir\u00e7\u0259k yan\u0131na getm\u0259yi m\u0259sl\u0259h\u0259t bilir&#8230; Kimin yan\u0131na getsinl\u0259r?!.\n<\/p>\n<p>\n  H\u0259m d\u0259 unudur ki, prezident \u0130lham \u018fliyev u\u015faqpulunu art\u0131r\u0131b 35 manata qald\u0131r\u0131b, bunu d\u00f6vl\u0259t sifari\u015fi d\u0259 saymaq olar!\n<\/p>\n<p>\n  <i><br \/>\n    <b><br \/>\n      Yaz\u0131 m\u00fc\u0259llifin fikirl\u0259rini \u0259ks etdirir v\u0259 Meydan TV-nin m\u00f6vqeyi il\u0259 \u00fcst-\u00fcst\u0259 d\u00fc\u015fm\u0259y\u0259 bil\u0259r.<br \/>\n    <\/b><br \/>\n  <\/i><\/p>\n","protected":false},"excerpt":{"rendered":"<p>Bizim bir deputatxana var, ora adamlar\u0131 (mandat verdikl\u0259rini) z\u0259rg\u0259r d\u0259qiqliyi il\u0259 se\u00e7ib y\u0131\u011f\u0131blar<\/p>\n","protected":false},"author":11,"featured_media":103302,"comment_status":"closed","ping_status":"open","sticky":false,"template":"","format":"standard","meta":{"_acf_changed":false,"_sitemap_exclude":false,"_sitemap_priority":"","_sitemap_frequency":"","footnotes":""},"categories":[57],"tags":[],"class_list":["post-189996","post","type-post","status-publish","format-standard","has-post-thumbnail","hentry","category-menim-fikrimce","infinite-scroll-item","generate-columns","tablet-grid-50","mobile-grid-100","grid-parent","grid-33","no-featured-image-padding"],"acf":[],"yoast_head":"<!-- This site is optimized with the Yoast SEO plugin v27.4 - https:\/\/yoast.com\/product\/yoast-seo-wordpress\/ -->\n<title>D\u00f6vl\u0259t sifari\u015fi: U\u015faq do\u011fmaq... - MEYDAN.TV<\/title>\n<meta name=\"robots\" content=\"index, follow, max-snippet:-1, max-image-preview:large, max-video-preview:-1\" \/>\n<link rel=\"canonical\" href=\"https:\/\/www.meydan.tv\/az\/article\/dovlet-sifarisi-usaq-dogmaq\/\" \/>\n<meta property=\"og:locale\" content=\"az_AZ\" \/>\n<meta property=\"og:type\" content=\"article\" \/>\n<meta property=\"og:title\" content=\"D\u00f6vl\u0259t sifari\u015fi: U\u015faq do\u011fmaq... - MEYDAN.TV\" \/>\n<meta property=\"og:description\" content=\"Bizim bir deputatxana var, ora adamlar\u0131 (mandat verdikl\u0259rini) z\u0259rg\u0259r d\u0259qiqliyi il\u0259 se\u00e7ib y\u0131\u011f\u0131blar\" \/>\n<meta property=\"og:url\" content=\"https:\/\/www.meydan.tv\/az\/article\/dovlet-sifarisi-usaq-dogmaq\/\" \/>\n<meta property=\"og:site_name\" content=\"MEYDAN.TV\" \/>\n<meta property=\"article:published_time\" content=\"2018-05-16T02:05:25+00:00\" \/>\n<meta property=\"og:image\" content=\"https:\/\/www.meydan.tv\/wp-content\/uploads\/41102-scaled.jpg\" \/>\n\t<meta property=\"og:image:width\" content=\"2560\" \/>\n\t<meta property=\"og:image:height\" content=\"1705\" \/>\n\t<meta property=\"og:image:type\" content=\"image\/jpeg\" \/>\n<meta name=\"author\" content=\"user-manager\" \/>\n<meta name=\"twitter:card\" content=\"summary_large_image\" \/>\n<script type=\"application\/ld+json\" class=\"yoast-schema-graph\">{\"@context\":\"https:\\\/\\\/schema.org\",\"@graph\":[{\"@type\":\"Article\",\"@id\":\"https:\\\/\\\/www.meydan.tv\\\/az\\\/article\\\/dovlet-sifarisi-usaq-dogmaq\\\/#article\",\"isPartOf\":{\"@id\":\"https:\\\/\\\/www.meydan.tv\\\/az\\\/article\\\/dovlet-sifarisi-usaq-dogmaq\\\/\"},\"author\":{\"name\":\"user-manager\",\"@id\":\"https:\\\/\\\/www.meydan.tv\\\/az\\\/#\\\/schema\\\/person\\\/10d11eccf6da3662cf5fdab9806ea91a\"},\"headline\":\"D\u00f6vl\u0259t sifari\u015fi: U\u015faq do\u011fmaq&#8230;\",\"datePublished\":\"2018-05-16T02:05:25+00:00\",\"mainEntityOfPage\":{\"@id\":\"https:\\\/\\\/www.meydan.tv\\\/az\\\/article\\\/dovlet-sifarisi-usaq-dogmaq\\\/\"},\"wordCount\":1096,\"publisher\":{\"@id\":\"https:\\\/\\\/www.meydan.tv\\\/az\\\/#organization\"},\"image\":{\"@id\":\"https:\\\/\\\/www.meydan.tv\\\/az\\\/article\\\/dovlet-sifarisi-usaq-dogmaq\\\/#primaryimage\"},\"thumbnailUrl\":\"https:\\\/\\\/www.meydan.tv\\\/wp-content\\\/uploads\\\/41102-scaled.jpg\",\"articleSection\":[\"M\u0259nim Fikrimc\u0259\"],\"inLanguage\":\"az\"},{\"@type\":\"WebPage\",\"@id\":\"https:\\\/\\\/www.meydan.tv\\\/az\\\/article\\\/dovlet-sifarisi-usaq-dogmaq\\\/\",\"url\":\"https:\\\/\\\/www.meydan.tv\\\/az\\\/article\\\/dovlet-sifarisi-usaq-dogmaq\\\/\",\"name\":\"D\u00f6vl\u0259t sifari\u015fi: U\u015faq do\u011fmaq... - MEYDAN.TV\",\"isPartOf\":{\"@id\":\"https:\\\/\\\/www.meydan.tv\\\/az\\\/#website\"},\"primaryImageOfPage\":{\"@id\":\"https:\\\/\\\/www.meydan.tv\\\/az\\\/article\\\/dovlet-sifarisi-usaq-dogmaq\\\/#primaryimage\"},\"image\":{\"@id\":\"https:\\\/\\\/www.meydan.tv\\\/az\\\/article\\\/dovlet-sifarisi-usaq-dogmaq\\\/#primaryimage\"},\"thumbnailUrl\":\"https:\\\/\\\/www.meydan.tv\\\/wp-content\\\/uploads\\\/41102-scaled.jpg\",\"datePublished\":\"2018-05-16T02:05:25+00:00\",\"breadcrumb\":{\"@id\":\"https:\\\/\\\/www.meydan.tv\\\/az\\\/article\\\/dovlet-sifarisi-usaq-dogmaq\\\/#breadcrumb\"},\"inLanguage\":\"az\",\"potentialAction\":[{\"@type\":\"ReadAction\",\"target\":[\"https:\\\/\\\/www.meydan.tv\\\/az\\\/article\\\/dovlet-sifarisi-usaq-dogmaq\\\/\"]}]},{\"@type\":\"ImageObject\",\"inLanguage\":\"az\",\"@id\":\"https:\\\/\\\/www.meydan.tv\\\/az\\\/article\\\/dovlet-sifarisi-usaq-dogmaq\\\/#primaryimage\",\"url\":\"https:\\\/\\\/www.meydan.tv\\\/wp-content\\\/uploads\\\/41102-scaled.jpg\",\"contentUrl\":\"https:\\\/\\\/www.meydan.tv\\\/wp-content\\\/uploads\\\/41102-scaled.jpg\",\"width\":2560,\"height\":1705,\"caption\":\"Source:\"},{\"@type\":\"BreadcrumbList\",\"@id\":\"https:\\\/\\\/www.meydan.tv\\\/az\\\/article\\\/dovlet-sifarisi-usaq-dogmaq\\\/#breadcrumb\",\"itemListElement\":[{\"@type\":\"ListItem\",\"position\":1,\"name\":\"Ana s\u0259hif\u0259\",\"item\":\"https:\\\/\\\/www.meydan.tv\\\/az\\\/\"},{\"@type\":\"ListItem\",\"position\":2,\"name\":\"M\u0259nim Fikrimc\u0259\",\"item\":\"https:\\\/\\\/www.meydan.tv\\\/az\\\/section\\\/menim-fikrimce\\\/\"},{\"@type\":\"ListItem\",\"position\":3,\"name\":\"D\u00f6vl\u0259t sifari\u015fi: U\u015faq do\u011fmaq&#8230;\"}]},{\"@type\":\"WebSite\",\"@id\":\"https:\\\/\\\/www.meydan.tv\\\/az\\\/#website\",\"url\":\"https:\\\/\\\/www.meydan.tv\\\/az\\\/\",\"name\":\"MEYDAN.TV\",\"description\":\"Meydan TV Az\u0259rbaycan\u0131n media m\u0259kan\u0131ndak\u0131 alternativ s\u0259sidir\",\"publisher\":{\"@id\":\"https:\\\/\\\/www.meydan.tv\\\/az\\\/#organization\"},\"potentialAction\":[{\"@type\":\"SearchAction\",\"target\":{\"@type\":\"EntryPoint\",\"urlTemplate\":\"https:\\\/\\\/www.meydan.tv\\\/az\\\/?s={search_term_string}\"},\"query-input\":{\"@type\":\"PropertyValueSpecification\",\"valueRequired\":true,\"valueName\":\"search_term_string\"}}],\"inLanguage\":\"az\"},{\"@type\":\"Organization\",\"@id\":\"https:\\\/\\\/www.meydan.tv\\\/az\\\/#organization\",\"name\":\"Meydan TV\",\"url\":\"https:\\\/\\\/www.meydan.tv\\\/az\\\/\",\"logo\":{\"@type\":\"ImageObject\",\"inLanguage\":\"az\",\"@id\":\"https:\\\/\\\/www.meydan.tv\\\/az\\\/#\\\/schema\\\/logo\\\/image\\\/\",\"url\":\"https:\\\/\\\/www.meydan.tv\\\/wp-content\\\/uploads\\\/2021\\\/07\\\/meydan-logo.svg\",\"contentUrl\":\"https:\\\/\\\/www.meydan.tv\\\/wp-content\\\/uploads\\\/2021\\\/07\\\/meydan-logo.svg\",\"width\":195,\"height\":46,\"caption\":\"Meydan TV\"},\"image\":{\"@id\":\"https:\\\/\\\/www.meydan.tv\\\/az\\\/#\\\/schema\\\/logo\\\/image\\\/\"}},{\"@type\":\"Person\",\"@id\":\"https:\\\/\\\/www.meydan.tv\\\/az\\\/#\\\/schema\\\/person\\\/10d11eccf6da3662cf5fdab9806ea91a\",\"name\":\"user-manager\"}]}<\/script>\n<!-- \/ Yoast SEO plugin. -->","yoast_head_json":{"title":"D\u00f6vl\u0259t sifari\u015fi: U\u015faq do\u011fmaq... - MEYDAN.TV","robots":{"index":"index","follow":"follow","max-snippet":"max-snippet:-1","max-image-preview":"max-image-preview:large","max-video-preview":"max-video-preview:-1"},"canonical":"https:\/\/www.meydan.tv\/az\/article\/dovlet-sifarisi-usaq-dogmaq\/","og_locale":"az_AZ","og_type":"article","og_title":"D\u00f6vl\u0259t sifari\u015fi: U\u015faq do\u011fmaq... - MEYDAN.TV","og_description":"Bizim bir deputatxana var, ora adamlar\u0131 (mandat verdikl\u0259rini) z\u0259rg\u0259r d\u0259qiqliyi il\u0259 se\u00e7ib y\u0131\u011f\u0131blar","og_url":"https:\/\/www.meydan.tv\/az\/article\/dovlet-sifarisi-usaq-dogmaq\/","og_site_name":"MEYDAN.TV","article_published_time":"2018-05-16T02:05:25+00:00","og_image":[{"width":2560,"height":1705,"url":"https:\/\/www.meydan.tv\/wp-content\/uploads\/41102-scaled.jpg","type":"image\/jpeg"}],"author":"user-manager","twitter_card":"summary_large_image","schema":{"@context":"https:\/\/schema.org","@graph":[{"@type":"Article","@id":"https:\/\/www.meydan.tv\/az\/article\/dovlet-sifarisi-usaq-dogmaq\/#article","isPartOf":{"@id":"https:\/\/www.meydan.tv\/az\/article\/dovlet-sifarisi-usaq-dogmaq\/"},"author":{"name":"user-manager","@id":"https:\/\/www.meydan.tv\/az\/#\/schema\/person\/10d11eccf6da3662cf5fdab9806ea91a"},"headline":"D\u00f6vl\u0259t sifari\u015fi: U\u015faq do\u011fmaq&#8230;","datePublished":"2018-05-16T02:05:25+00:00","mainEntityOfPage":{"@id":"https:\/\/www.meydan.tv\/az\/article\/dovlet-sifarisi-usaq-dogmaq\/"},"wordCount":1096,"publisher":{"@id":"https:\/\/www.meydan.tv\/az\/#organization"},"image":{"@id":"https:\/\/www.meydan.tv\/az\/article\/dovlet-sifarisi-usaq-dogmaq\/#primaryimage"},"thumbnailUrl":"https:\/\/www.meydan.tv\/wp-content\/uploads\/41102-scaled.jpg","articleSection":["M\u0259nim Fikrimc\u0259"],"inLanguage":"az"},{"@type":"WebPage","@id":"https:\/\/www.meydan.tv\/az\/article\/dovlet-sifarisi-usaq-dogmaq\/","url":"https:\/\/www.meydan.tv\/az\/article\/dovlet-sifarisi-usaq-dogmaq\/","name":"D\u00f6vl\u0259t sifari\u015fi: U\u015faq do\u011fmaq... - MEYDAN.TV","isPartOf":{"@id":"https:\/\/www.meydan.tv\/az\/#website"},"primaryImageOfPage":{"@id":"https:\/\/www.meydan.tv\/az\/article\/dovlet-sifarisi-usaq-dogmaq\/#primaryimage"},"image":{"@id":"https:\/\/www.meydan.tv\/az\/article\/dovlet-sifarisi-usaq-dogmaq\/#primaryimage"},"thumbnailUrl":"https:\/\/www.meydan.tv\/wp-content\/uploads\/41102-scaled.jpg","datePublished":"2018-05-16T02:05:25+00:00","breadcrumb":{"@id":"https:\/\/www.meydan.tv\/az\/article\/dovlet-sifarisi-usaq-dogmaq\/#breadcrumb"},"inLanguage":"az","potentialAction":[{"@type":"ReadAction","target":["https:\/\/www.meydan.tv\/az\/article\/dovlet-sifarisi-usaq-dogmaq\/"]}]},{"@type":"ImageObject","inLanguage":"az","@id":"https:\/\/www.meydan.tv\/az\/article\/dovlet-sifarisi-usaq-dogmaq\/#primaryimage","url":"https:\/\/www.meydan.tv\/wp-content\/uploads\/41102-scaled.jpg","contentUrl":"https:\/\/www.meydan.tv\/wp-content\/uploads\/41102-scaled.jpg","width":2560,"height":1705,"caption":"Source:"},{"@type":"BreadcrumbList","@id":"https:\/\/www.meydan.tv\/az\/article\/dovlet-sifarisi-usaq-dogmaq\/#breadcrumb","itemListElement":[{"@type":"ListItem","position":1,"name":"Ana s\u0259hif\u0259","item":"https:\/\/www.meydan.tv\/az\/"},{"@type":"ListItem","position":2,"name":"M\u0259nim Fikrimc\u0259","item":"https:\/\/www.meydan.tv\/az\/section\/menim-fikrimce\/"},{"@type":"ListItem","position":3,"name":"D\u00f6vl\u0259t sifari\u015fi: U\u015faq do\u011fmaq&#8230;"}]},{"@type":"WebSite","@id":"https:\/\/www.meydan.tv\/az\/#website","url":"https:\/\/www.meydan.tv\/az\/","name":"MEYDAN.TV","description":"Meydan TV Az\u0259rbaycan\u0131n media m\u0259kan\u0131ndak\u0131 alternativ s\u0259sidir","publisher":{"@id":"https:\/\/www.meydan.tv\/az\/#organization"},"potentialAction":[{"@type":"SearchAction","target":{"@type":"EntryPoint","urlTemplate":"https:\/\/www.meydan.tv\/az\/?s={search_term_string}"},"query-input":{"@type":"PropertyValueSpecification","valueRequired":true,"valueName":"search_term_string"}}],"inLanguage":"az"},{"@type":"Organization","@id":"https:\/\/www.meydan.tv\/az\/#organization","name":"Meydan TV","url":"https:\/\/www.meydan.tv\/az\/","logo":{"@type":"ImageObject","inLanguage":"az","@id":"https:\/\/www.meydan.tv\/az\/#\/schema\/logo\/image\/","url":"https:\/\/www.meydan.tv\/wp-content\/uploads\/2021\/07\/meydan-logo.svg","contentUrl":"https:\/\/www.meydan.tv\/wp-content\/uploads\/2021\/07\/meydan-logo.svg","width":195,"height":46,"caption":"Meydan TV"},"image":{"@id":"https:\/\/www.meydan.tv\/az\/#\/schema\/logo\/image\/"}},{"@type":"Person","@id":"https:\/\/www.meydan.tv\/az\/#\/schema\/person\/10d11eccf6da3662cf5fdab9806ea91a","name":"user-manager"}]}},"_links":{"self":[{"href":"https:\/\/www.meydan.tv\/az\/wp-json\/wp\/v2\/posts\/189996","targetHints":{"allow":["GET"]}}],"collection":[{"href":"https:\/\/www.meydan.tv\/az\/wp-json\/wp\/v2\/posts"}],"about":[{"href":"https:\/\/www.meydan.tv\/az\/wp-json\/wp\/v2\/types\/post"}],"author":[{"embeddable":true,"href":"https:\/\/www.meydan.tv\/az\/wp-json\/wp\/v2\/users\/11"}],"replies":[{"embeddable":true,"href":"https:\/\/www.meydan.tv\/az\/wp-json\/wp\/v2\/comments?post=189996"}],"version-history":[{"count":0,"href":"https:\/\/www.meydan.tv\/az\/wp-json\/wp\/v2\/posts\/189996\/revisions"}],"wp:featuredmedia":[{"embeddable":true,"href":"https:\/\/www.meydan.tv\/az\/wp-json\/wp\/v2\/media\/103302"}],"wp:attachment":[{"href":"https:\/\/www.meydan.tv\/az\/wp-json\/wp\/v2\/media?parent=189996"}],"wp:term":[{"taxonomy":"category","embeddable":true,"href":"https:\/\/www.meydan.tv\/az\/wp-json\/wp\/v2\/categories?post=189996"},{"taxonomy":"post_tag","embeddable":true,"href":"https:\/\/www.meydan.tv\/az\/wp-json\/wp\/v2\/tags?post=189996"}],"curies":[{"name":"wp","href":"https:\/\/api.w.org\/{rel}","templated":true}]}}