{"id":189987,"date":"2018-05-15T20:19:36","date_gmt":"2018-05-15T20:19:36","guid":{"rendered":"https:\/\/www.meydan.tv\/article\/eliyevin-barama-siyaseti-mektebde-ipek-qurdu-saxlanilir\/"},"modified":"2018-05-15T20:19:36","modified_gmt":"2018-05-15T20:19:36","slug":"eliyevin-barama-siyaseti-mektebde-ipek-qurdu-saxlanilir","status":"publish","type":"post","link":"https:\/\/www.meydan.tv\/az\/article\/eliyevin-barama-siyaseti-mektebde-ipek-qurdu-saxlanilir\/","title":{"rendered":"\u018fliyevin barama siyas\u0259ti: M\u0259kt\u0259bd\u0259 ip\u0259k qurdu saxlan\u0131l\u0131r"},"content":{"rendered":"<figure class=\"wp-block-embed is-type-video is-provider-youtube wp-block-embed-youtube wp-embed-aspect-16-9 wp-has-aspect-ratio\">\n<div class=\"wp-block-embed__wrapper\">\n    <iframe\ttitle=\"\" width=\"1200\" height=\"675\" data-src=\"https:\/\/www.youtube.com\/embed\/DimD19viT_I\"\tframeborder=\"0\"\tallow=\"accelerometer; autoplay; clipboard-write; encrypted-media; gyroscope; picture-in-picture\" allowfullscreen src=\"data:image\/svg+xml;base64,PHN2ZyB3aWR0aD0iMSIgaGVpZ2h0PSIxIiB4bWxucz0iaHR0cDovL3d3dy53My5vcmcvMjAwMC9zdmciPjwvc3ZnPg==\" class=\"lazyload\" data-load-mode=\"1\"><\/iframe>\n  <\/div><figcaption><\/figcaption><\/figure>\n<p>\n  <i><br \/>\n    \u201cM\u0259kt\u0259b direktorlar\u0131na, ba\u011f\u00e7a m\u00fcdir\u0259l\u0259rin\u0259 m\u0259cbur barama saxlatd\u0131r\u0131rlar\u201d<br \/>\n  <\/i>\n<\/p>\n<p>\n  F\u00fczulinin Haram\u0131 adlanan b\u00f6lg\u0259sind\u0259 m\u0259cburi k\u00f6\u00e7k\u00fcnl\u0259r \u00fc\u00e7\u00fcn sal\u0131nan \u201cQay\u0131d\u0131\u015f\u201d q\u0259s\u0259b\u0259l\u0259rind\u0259ki m\u0259kt\u0259bl\u0259rin i\u00e7ind\u0259 ip\u0259k qurdu saxlay\u0131rlar. Meydan TV \u0259m\u0259kda\u015f\u0131 h\u0259min q\u0259s\u0259b\u0259l\u0259rd\u0259 olub, sakinl\u0259rl\u0259 dan\u0131\u015f\u0131b.\n<\/p>\n<p>\n  Valideynl\u0259r yaranm\u0131\u015f durumdan \u015fikay\u0259t\u00e7idirl\u0259r. Deyirl\u0259r, kims\u0259 m\u0259kt\u0259b direktorlar\u0131, ba\u011f\u00e7a m\u00fcdir\u0259l\u0259rin\u0259 bunu m\u0259cbur edib, c\u0259zas\u0131n\u0131 is\u0259 onlar\u0131n u\u015faqlar\u0131 \u00e7\u0259kir.<br \/>\n  <br \/>\n  \u201cO g\u00fcn q\u0131z m\u0259kt\u0259bd\u0259n g\u0259lib. G\u00f6r\u00fcr\u0259m dayanmadan qa\u015f\u0131n\u0131r. B\u0259d\u0259ni q\u0131pq\u0131rm\u0131z\u0131 idi. Can\u0131na bir\u0259 d\u00fc\u015fm\u00fc\u015fd\u00fc. O q\u0259d\u0259r yarpa\u011f\u0131 sinif otaqlar\u0131na t\u00f6k\u0259nd\u0259 n\u0259 g\u00f6zl\u0259yirdil\u0259r? A\u011faclar\u0131n \u00fcst\u00fc c\u00fcc\u00fcl\u0259rl\u0259 doludur\u201d \u2013 deyir, S\u0259id\u0259 \u018fliyeva (ad \u015f\u0259rtidir).\n<\/p>\n<blockquote><p>\n  D\u0259rs ke\u00e7m\u0259y\u0259 yer qalmay\u0131b\n<\/p><\/blockquote>\n<p>\n  \u201cQay\u0131d\u0131\u015f\u201d m\u0259kt\u0259bl\u0259rinin birind\u0259 d\u0259rs dey\u0259n, ad\u0131n\u0131n a\u00e7\u0131qlanmas\u0131n\u0131 ist\u0259m\u0259y\u0259n m\u00fc\u0259llim\u0259 is\u0259 deyir ki, 15 g\u00fcnd\u0259n \u00e7oxdur m\u0259kt\u0259bl\u0259ri iki n\u00f6vb\u0259 sistemin\u0259 ke\u00e7ib.\n<\/p>\n<p>\n  S\u0259b\u0259b is\u0259 sinif otaqlar\u0131n\u0131n \u0259ks\u0259riyy\u0259tind\u0259 ip\u0259k qurdlar\u0131n\u0131n saxlanmas\u0131d\u0131r.\n<\/p>\n<p>\n  \u201cD\u0259rs ke\u00e7m\u0259y\u0259 yer qalmay\u0131b. Buna g\u00f6r\u0259 d\u0259rsl\u0259r n\u00f6vb\u0259li sistem\u0259 ke\u00e7irilib. D\u00fczd\u00fcr, deyirl\u0259r, barama pey\u011f\u0259mb\u0259r qurdudur, t\u0259mizdir. Daha dem\u0259yibl\u0259r ki, k\u00f6rp\u0259 u\u015faqlarla bir binada saxlanmal\u0131d\u0131r. \u0130st\u0259nil\u0259r halda m\u0259kt\u0259bd\u0259n pis qoxu g\u0259lir, havas\u0131 a\u011f\u0131rd\u0131r. \u00dcst\u0259lik, qurdlar laz\u0131m\u0131 qaydada saxlanm\u0131r. Yad\u0131mdad\u0131r, m\u0259n u\u015faq olanda qon\u015fular\u0131m\u0131z saxlay\u0131rd\u0131. Qurdlar\u0131 ikim\u0259rt\u0259b\u0259li r\u0259fl\u0259r\u0259 qoyurdular. R\u0259fin aras\u0131 setkalarla ba\u011flan\u0131rd\u0131. N\u0259tic\u0259d\u0259 yuxar\u0131da olan qurdlar\u0131n ifrazatlar\u0131 a\u015fa\u011f\u0131ya t\u00f6k\u00fcl\u00fcrd\u00fc. \u0130ndi ham\u0131s\u0131n\u0131 s\u0259ribl\u0259r d\u00f6\u015f\u0259m\u0259l\u0259r\u0259. \u0130frazatlar\u0131n\u0131n i\u00e7ind\u0259 qal\u0131rlar\u201d.\n<\/p>\n<blockquote><p>\n  M\u0259kt\u0259bd\u0259 is\u0259 iyd\u0259n-qoxudan durmaq m\u00fcmk\u00fcn deyil\n<\/p><\/blockquote>\n<p>\n  M\u00fc\u0259llim\u0259 deyir ki, bu c\u00fcr saxlaman\u0131n onsuz da he\u00e7 bir faydas\u0131 olmayacaq:\n<\/p>\n<p>\n  \u201cOnda niy\u0259 bizi z\u00fclm\u0259 sal\u0131rlar? H\u00f6kum\u0259t barama\u00e7\u0131l\u0131\u011f\u0131 inki\u015faf etdirm\u0259k ist\u0259yir. \u0130cra ba\u015f\u00e7\u0131lar\u0131ndan plan ist\u0259yir. Onlar da t\u0259hsil \u015f\u00f6b\u0259l\u0259rin\u0259 deyir. T\u0259hsil \u015f\u00f6b\u0259l\u0259rinin d\u0259 g\u00fcc\u00fc m\u0259kt\u0259b direktorlar\u0131na \u00e7at\u0131r. Onlar da v\u0259ziyy\u0259td\u0259n \u00e7\u0131x\u0131\u015f yolunu bunda g\u00f6r\u00fcbl\u0259r. \u018fslind\u0259 onlar\u0131 da q\u0131namal\u0131 deyil. O boyda ev-e\u015fikl\u0259ri yoxdur ax\u0131. \u00c7ar\u0259ni m\u0259kt\u0259b binas\u0131nda tap\u0131blar. Hans\u0131sa bir sah\u0259ni bu c\u00fcr inki\u015faf etdirm\u0259zl\u0259r. M\u0259cburuq 2 n\u00f6vb\u0259 i\u015fl\u0259y\u0259k. U\u015faqlar g\u00fcn\u00fcn isti vaxt\u0131 durub m\u0259kt\u0259b\u0259 g\u0259lirl\u0259r. M\u0259kt\u0259bd\u0259 is\u0259 iyd\u0259n-qoxudan durmaq m\u00fcmk\u00fcn deyil\u201d.\n<\/p>\n<blockquote><p>\n  Bir ba\u011f\u00e7ada ki, h\u0259m u\u015faq, h\u0259m qurd saxlana\n<\/p><\/blockquote>\n<p>\n  Sakinl\u0259rd\u0259n biri deyir ki, h\u0259l\u0259 m\u0259kt\u0259b i\u015fin \u0259n y\u00fcng\u00fcl formas\u0131d\u0131r. Ba\u011f\u00e7alara k\u00f6rp\u0259l\u0259r gedir. Ora da g\u0259tirib qurd t\u00f6k\u00fcbl\u0259r:\n<\/p>\n<p>\n  \u201cK\u00f6rp\u0259 u\u015faqlard\u0131r. Bird\u0259n g\u00f6t\u00fcr\u00fcb a\u011fz\u0131na atar. Qurdlar\u0131n qar\u015f\u0131s\u0131na g\u0259tirib yarpaq t\u00f6k\u00fcrl\u0259r, allergik t\u0259siri olar. Bunlar n\u0259 d\u00fc\u015f\u00fcn\u00fcrl\u0259r? H\u00f6kum\u0259t barama\u00e7\u0131l\u0131\u011f\u0131 bizim u\u015faqlar\u0131m\u0131z\u0131n sa\u011flaml\u0131\u011f\u0131 bahas\u0131na inki\u015faf etdirm\u0259k ist\u0259yir? N\u0259 deyim, bu c\u00fcr i\u015f he\u00e7 bir d\u00f6vl\u0259t\u0259 xeyir g\u0259tirm\u0259z. Bir ba\u011f\u00e7ada ki, h\u0259m u\u015faq, h\u0259m qurd saxlana. Bir m\u0259kt\u0259bd\u0259 ki, bir sinifd\u0259 d\u0259rs ged\u0259, dig\u0259rind\u0259 qurd yeti\u015fdiril\u0259. Onlar\u0131n n\u0259z\u0259rind\u0259ki inki\u015faf y\u0259qin ki budur\u201d.\n<\/p>\n<blockquote><p>\n  Bilmirs\u0259n ba\u011f\u00e7ad\u0131r, m\u0259kt\u0259bdir, yoxsa, t\u00f6vl\u0259\n<\/p><\/blockquote>\n<p>\n  M\u00fc\u0259llim\u0259 h\u0259m m\u00fc\u0259lliml\u0259rin, h\u0259m d\u0259 valideynl\u0259rin bundan naraz\u0131 olduqlar\u0131n\u0131 deyir:\n<\/p>\n<p>\n  \u201cM\u0259kt\u0259bin m\u0259kt\u0259b, ba\u011f\u00e7an\u0131n ba\u011f\u00e7a yeri var. Bizd\u0259 \u00e7ox \u015feyi oldu\u011fu kimi bunu da s\u0259hv sal\u0131rlar. Bilmirs\u0259n ba\u011f\u00e7ad\u0131r, m\u0259kt\u0259bdir, m\u0259d\u0259niyy\u0259t saray\u0131d\u0131r, kitabxanad\u0131r, yoxsa, t\u00f6vl\u0259. Bu boyda q\u0259s\u0259b\u0259l\u0259r sal\u0131b veribl\u0259r camaata. Bir normal bina qoymay\u0131blar qala. Ham\u0131s\u0131na g\u0259tirib qurd t\u00f6k\u00fcbl\u0259r. \u00c7ox g\u00fclm\u0259li durumdur\u201d.\n<\/p>\n<p>\n  Meydan TV \u0259m\u0259kda\u015f\u0131 m\u0259kt\u0259bl\u0259rd\u0259n birind\u0259 olub, d\u0259hliz\u0259 t\u00f6k\u00fcl\u0259n qurdlar\u0131 g\u00f6r\u00fcb. Lakin onun \u00e7\u0259kili\u015f aparmas\u0131na mane olublar, sinif otaqlar\u0131na buraxmay\u0131blar.\n<\/p>\n<p>\n  F\u00fczuli Rayon \u0130cra Hakimiyy\u0259tind\u0259n Meydan TV-y\u0259 deyibl\u0259r ki, deyil\u0259nl\u0259r yaland\u0131r, bel\u0259 hal ola bilm\u0259z. Rayonun T\u0259hsil \u015e\u00f6b\u0259sind\u0259n d\u0259 fakt\u0131 t\u0259kzib edibl\u0259r.\n<\/p>\n<p>\n  T\u0259hsil Nazirliyinin s\u00f6z\u00e7\u00fcs\u00fc C\u0259sar\u0259t Valehov is\u0259 yaz\u0131l\u0131 sor\u011fu g\u00f6nd\u0259rm\u0259yi t\u0259l\u0259b etdi. T\u0259hsil Nazirliyin\u0259 sor\u011fu g\u00f6nd\u0259rildi. Qurumun cavab\u0131 i\u015f\u0131qland\u0131r\u0131lacaq.\n<\/p><\/p>\n","protected":false},"excerpt":{"rendered":"<p>\u201cM\u0259kt\u0259b direktorlar\u0131na, ba\u011f\u00e7a m\u00fcdir\u0259l\u0259rin\u0259 m\u0259cbur barama saxlatd\u0131r\u0131rlar\u201d<\/p>\n","protected":false},"author":11,"featured_media":103605,"comment_status":"closed","ping_status":"open","sticky":false,"template":"","format":"standard","meta":{"_acf_changed":false,"_sitemap_exclude":false,"_sitemap_priority":"","_sitemap_frequency":"","footnotes":""},"categories":[63],"tags":[],"class_list":["post-189987","post","type-post","status-publish","format-standard","has-post-thumbnail","hentry","category-video-2","infinite-scroll-item","generate-columns","tablet-grid-50","mobile-grid-100","grid-parent","grid-33","no-featured-image-padding"],"acf":[],"yoast_head":"<!-- This site is optimized with the Yoast SEO plugin v27.4 - https:\/\/yoast.com\/product\/yoast-seo-wordpress\/ -->\n<title>\u018fliyevin barama siyas\u0259ti: M\u0259kt\u0259bd\u0259 ip\u0259k qurdu saxlan\u0131l\u0131r - MEYDAN.TV<\/title>\n<meta name=\"robots\" content=\"index, follow, max-snippet:-1, max-image-preview:large, max-video-preview:-1\" \/>\n<link rel=\"canonical\" href=\"https:\/\/www.meydan.tv\/az\/article\/eliyevin-barama-siyaseti-mektebde-ipek-qurdu-saxlanilir\/\" \/>\n<meta property=\"og:locale\" content=\"az_AZ\" \/>\n<meta property=\"og:type\" content=\"article\" \/>\n<meta property=\"og:title\" content=\"\u018fliyevin barama siyas\u0259ti: M\u0259kt\u0259bd\u0259 ip\u0259k qurdu saxlan\u0131l\u0131r - MEYDAN.TV\" \/>\n<meta property=\"og:description\" content=\"\u201cM\u0259kt\u0259b direktorlar\u0131na, ba\u011f\u00e7a m\u00fcdir\u0259l\u0259rin\u0259 m\u0259cbur barama saxlatd\u0131r\u0131rlar\u201d\" \/>\n<meta property=\"og:url\" content=\"https:\/\/www.meydan.tv\/az\/article\/eliyevin-barama-siyaseti-mektebde-ipek-qurdu-saxlanilir\/\" \/>\n<meta property=\"og:site_name\" content=\"MEYDAN.TV\" \/>\n<meta property=\"article:published_time\" content=\"2018-05-15T20:19:36+00:00\" \/>\n<meta property=\"og:image\" content=\"https:\/\/www.meydan.tv\/wp-content\/uploads\/41093.png\" \/>\n\t<meta property=\"og:image:width\" content=\"958\" \/>\n\t<meta property=\"og:image:height\" content=\"540\" \/>\n\t<meta property=\"og:image:type\" content=\"image\/png\" \/>\n<meta name=\"author\" content=\"user-manager\" \/>\n<meta name=\"twitter:card\" content=\"summary_large_image\" \/>\n<script type=\"application\/ld+json\" class=\"yoast-schema-graph\">{\"@context\":\"https:\\\/\\\/schema.org\",\"@graph\":[{\"@type\":\"Article\",\"@id\":\"https:\\\/\\\/www.meydan.tv\\\/az\\\/article\\\/eliyevin-barama-siyaseti-mektebde-ipek-qurdu-saxlanilir\\\/#article\",\"isPartOf\":{\"@id\":\"https:\\\/\\\/www.meydan.tv\\\/az\\\/article\\\/eliyevin-barama-siyaseti-mektebde-ipek-qurdu-saxlanilir\\\/\"},\"author\":{\"name\":\"user-manager\",\"@id\":\"https:\\\/\\\/www.meydan.tv\\\/az\\\/#\\\/schema\\\/person\\\/10d11eccf6da3662cf5fdab9806ea91a\"},\"headline\":\"\u018fliyevin barama siyas\u0259ti: M\u0259kt\u0259bd\u0259 ip\u0259k qurdu saxlan\u0131l\u0131r\",\"datePublished\":\"2018-05-15T20:19:36+00:00\",\"mainEntityOfPage\":{\"@id\":\"https:\\\/\\\/www.meydan.tv\\\/az\\\/article\\\/eliyevin-barama-siyaseti-mektebde-ipek-qurdu-saxlanilir\\\/\"},\"wordCount\":905,\"publisher\":{\"@id\":\"https:\\\/\\\/www.meydan.tv\\\/az\\\/#organization\"},\"image\":{\"@id\":\"https:\\\/\\\/www.meydan.tv\\\/az\\\/article\\\/eliyevin-barama-siyaseti-mektebde-ipek-qurdu-saxlanilir\\\/#primaryimage\"},\"thumbnailUrl\":\"https:\\\/\\\/www.meydan.tv\\\/wp-content\\\/uploads\\\/41093.png\",\"articleSection\":[\"Video\"],\"inLanguage\":\"az\"},{\"@type\":\"WebPage\",\"@id\":\"https:\\\/\\\/www.meydan.tv\\\/az\\\/article\\\/eliyevin-barama-siyaseti-mektebde-ipek-qurdu-saxlanilir\\\/\",\"url\":\"https:\\\/\\\/www.meydan.tv\\\/az\\\/article\\\/eliyevin-barama-siyaseti-mektebde-ipek-qurdu-saxlanilir\\\/\",\"name\":\"\u018fliyevin barama siyas\u0259ti: M\u0259kt\u0259bd\u0259 ip\u0259k qurdu saxlan\u0131l\u0131r - MEYDAN.TV\",\"isPartOf\":{\"@id\":\"https:\\\/\\\/www.meydan.tv\\\/az\\\/#website\"},\"primaryImageOfPage\":{\"@id\":\"https:\\\/\\\/www.meydan.tv\\\/az\\\/article\\\/eliyevin-barama-siyaseti-mektebde-ipek-qurdu-saxlanilir\\\/#primaryimage\"},\"image\":{\"@id\":\"https:\\\/\\\/www.meydan.tv\\\/az\\\/article\\\/eliyevin-barama-siyaseti-mektebde-ipek-qurdu-saxlanilir\\\/#primaryimage\"},\"thumbnailUrl\":\"https:\\\/\\\/www.meydan.tv\\\/wp-content\\\/uploads\\\/41093.png\",\"datePublished\":\"2018-05-15T20:19:36+00:00\",\"breadcrumb\":{\"@id\":\"https:\\\/\\\/www.meydan.tv\\\/az\\\/article\\\/eliyevin-barama-siyaseti-mektebde-ipek-qurdu-saxlanilir\\\/#breadcrumb\"},\"inLanguage\":\"az\",\"potentialAction\":[{\"@type\":\"ReadAction\",\"target\":[\"https:\\\/\\\/www.meydan.tv\\\/az\\\/article\\\/eliyevin-barama-siyaseti-mektebde-ipek-qurdu-saxlanilir\\\/\"]}]},{\"@type\":\"ImageObject\",\"inLanguage\":\"az\",\"@id\":\"https:\\\/\\\/www.meydan.tv\\\/az\\\/article\\\/eliyevin-barama-siyaseti-mektebde-ipek-qurdu-saxlanilir\\\/#primaryimage\",\"url\":\"https:\\\/\\\/www.meydan.tv\\\/wp-content\\\/uploads\\\/41093.png\",\"contentUrl\":\"https:\\\/\\\/www.meydan.tv\\\/wp-content\\\/uploads\\\/41093.png\",\"width\":958,\"height\":540,\"caption\":\"Source:\"},{\"@type\":\"BreadcrumbList\",\"@id\":\"https:\\\/\\\/www.meydan.tv\\\/az\\\/article\\\/eliyevin-barama-siyaseti-mektebde-ipek-qurdu-saxlanilir\\\/#breadcrumb\",\"itemListElement\":[{\"@type\":\"ListItem\",\"position\":1,\"name\":\"Ana s\u0259hif\u0259\",\"item\":\"https:\\\/\\\/www.meydan.tv\\\/az\\\/\"},{\"@type\":\"ListItem\",\"position\":2,\"name\":\"Video\",\"item\":\"https:\\\/\\\/www.meydan.tv\\\/az\\\/section\\\/video-2\\\/\"},{\"@type\":\"ListItem\",\"position\":3,\"name\":\"\u018fliyevin barama siyas\u0259ti: M\u0259kt\u0259bd\u0259 ip\u0259k qurdu saxlan\u0131l\u0131r\"}]},{\"@type\":\"WebSite\",\"@id\":\"https:\\\/\\\/www.meydan.tv\\\/az\\\/#website\",\"url\":\"https:\\\/\\\/www.meydan.tv\\\/az\\\/\",\"name\":\"MEYDAN.TV\",\"description\":\"Meydan TV Az\u0259rbaycan\u0131n media m\u0259kan\u0131ndak\u0131 alternativ s\u0259sidir\",\"publisher\":{\"@id\":\"https:\\\/\\\/www.meydan.tv\\\/az\\\/#organization\"},\"potentialAction\":[{\"@type\":\"SearchAction\",\"target\":{\"@type\":\"EntryPoint\",\"urlTemplate\":\"https:\\\/\\\/www.meydan.tv\\\/az\\\/?s={search_term_string}\"},\"query-input\":{\"@type\":\"PropertyValueSpecification\",\"valueRequired\":true,\"valueName\":\"search_term_string\"}}],\"inLanguage\":\"az\"},{\"@type\":\"Organization\",\"@id\":\"https:\\\/\\\/www.meydan.tv\\\/az\\\/#organization\",\"name\":\"Meydan TV\",\"url\":\"https:\\\/\\\/www.meydan.tv\\\/az\\\/\",\"logo\":{\"@type\":\"ImageObject\",\"inLanguage\":\"az\",\"@id\":\"https:\\\/\\\/www.meydan.tv\\\/az\\\/#\\\/schema\\\/logo\\\/image\\\/\",\"url\":\"https:\\\/\\\/www.meydan.tv\\\/wp-content\\\/uploads\\\/2021\\\/07\\\/meydan-logo.svg\",\"contentUrl\":\"https:\\\/\\\/www.meydan.tv\\\/wp-content\\\/uploads\\\/2021\\\/07\\\/meydan-logo.svg\",\"width\":195,\"height\":46,\"caption\":\"Meydan TV\"},\"image\":{\"@id\":\"https:\\\/\\\/www.meydan.tv\\\/az\\\/#\\\/schema\\\/logo\\\/image\\\/\"}},{\"@type\":\"Person\",\"@id\":\"https:\\\/\\\/www.meydan.tv\\\/az\\\/#\\\/schema\\\/person\\\/10d11eccf6da3662cf5fdab9806ea91a\",\"name\":\"user-manager\"}]}<\/script>\n<!-- \/ Yoast SEO plugin. -->","yoast_head_json":{"title":"\u018fliyevin barama siyas\u0259ti: M\u0259kt\u0259bd\u0259 ip\u0259k qurdu saxlan\u0131l\u0131r - MEYDAN.TV","robots":{"index":"index","follow":"follow","max-snippet":"max-snippet:-1","max-image-preview":"max-image-preview:large","max-video-preview":"max-video-preview:-1"},"canonical":"https:\/\/www.meydan.tv\/az\/article\/eliyevin-barama-siyaseti-mektebde-ipek-qurdu-saxlanilir\/","og_locale":"az_AZ","og_type":"article","og_title":"\u018fliyevin barama siyas\u0259ti: M\u0259kt\u0259bd\u0259 ip\u0259k qurdu saxlan\u0131l\u0131r - MEYDAN.TV","og_description":"\u201cM\u0259kt\u0259b direktorlar\u0131na, ba\u011f\u00e7a m\u00fcdir\u0259l\u0259rin\u0259 m\u0259cbur barama saxlatd\u0131r\u0131rlar\u201d","og_url":"https:\/\/www.meydan.tv\/az\/article\/eliyevin-barama-siyaseti-mektebde-ipek-qurdu-saxlanilir\/","og_site_name":"MEYDAN.TV","article_published_time":"2018-05-15T20:19:36+00:00","og_image":[{"width":958,"height":540,"url":"https:\/\/www.meydan.tv\/wp-content\/uploads\/41093.png","type":"image\/png"}],"author":"user-manager","twitter_card":"summary_large_image","schema":{"@context":"https:\/\/schema.org","@graph":[{"@type":"Article","@id":"https:\/\/www.meydan.tv\/az\/article\/eliyevin-barama-siyaseti-mektebde-ipek-qurdu-saxlanilir\/#article","isPartOf":{"@id":"https:\/\/www.meydan.tv\/az\/article\/eliyevin-barama-siyaseti-mektebde-ipek-qurdu-saxlanilir\/"},"author":{"name":"user-manager","@id":"https:\/\/www.meydan.tv\/az\/#\/schema\/person\/10d11eccf6da3662cf5fdab9806ea91a"},"headline":"\u018fliyevin barama siyas\u0259ti: M\u0259kt\u0259bd\u0259 ip\u0259k qurdu saxlan\u0131l\u0131r","datePublished":"2018-05-15T20:19:36+00:00","mainEntityOfPage":{"@id":"https:\/\/www.meydan.tv\/az\/article\/eliyevin-barama-siyaseti-mektebde-ipek-qurdu-saxlanilir\/"},"wordCount":905,"publisher":{"@id":"https:\/\/www.meydan.tv\/az\/#organization"},"image":{"@id":"https:\/\/www.meydan.tv\/az\/article\/eliyevin-barama-siyaseti-mektebde-ipek-qurdu-saxlanilir\/#primaryimage"},"thumbnailUrl":"https:\/\/www.meydan.tv\/wp-content\/uploads\/41093.png","articleSection":["Video"],"inLanguage":"az"},{"@type":"WebPage","@id":"https:\/\/www.meydan.tv\/az\/article\/eliyevin-barama-siyaseti-mektebde-ipek-qurdu-saxlanilir\/","url":"https:\/\/www.meydan.tv\/az\/article\/eliyevin-barama-siyaseti-mektebde-ipek-qurdu-saxlanilir\/","name":"\u018fliyevin barama siyas\u0259ti: M\u0259kt\u0259bd\u0259 ip\u0259k qurdu saxlan\u0131l\u0131r - MEYDAN.TV","isPartOf":{"@id":"https:\/\/www.meydan.tv\/az\/#website"},"primaryImageOfPage":{"@id":"https:\/\/www.meydan.tv\/az\/article\/eliyevin-barama-siyaseti-mektebde-ipek-qurdu-saxlanilir\/#primaryimage"},"image":{"@id":"https:\/\/www.meydan.tv\/az\/article\/eliyevin-barama-siyaseti-mektebde-ipek-qurdu-saxlanilir\/#primaryimage"},"thumbnailUrl":"https:\/\/www.meydan.tv\/wp-content\/uploads\/41093.png","datePublished":"2018-05-15T20:19:36+00:00","breadcrumb":{"@id":"https:\/\/www.meydan.tv\/az\/article\/eliyevin-barama-siyaseti-mektebde-ipek-qurdu-saxlanilir\/#breadcrumb"},"inLanguage":"az","potentialAction":[{"@type":"ReadAction","target":["https:\/\/www.meydan.tv\/az\/article\/eliyevin-barama-siyaseti-mektebde-ipek-qurdu-saxlanilir\/"]}]},{"@type":"ImageObject","inLanguage":"az","@id":"https:\/\/www.meydan.tv\/az\/article\/eliyevin-barama-siyaseti-mektebde-ipek-qurdu-saxlanilir\/#primaryimage","url":"https:\/\/www.meydan.tv\/wp-content\/uploads\/41093.png","contentUrl":"https:\/\/www.meydan.tv\/wp-content\/uploads\/41093.png","width":958,"height":540,"caption":"Source:"},{"@type":"BreadcrumbList","@id":"https:\/\/www.meydan.tv\/az\/article\/eliyevin-barama-siyaseti-mektebde-ipek-qurdu-saxlanilir\/#breadcrumb","itemListElement":[{"@type":"ListItem","position":1,"name":"Ana s\u0259hif\u0259","item":"https:\/\/www.meydan.tv\/az\/"},{"@type":"ListItem","position":2,"name":"Video","item":"https:\/\/www.meydan.tv\/az\/section\/video-2\/"},{"@type":"ListItem","position":3,"name":"\u018fliyevin barama siyas\u0259ti: M\u0259kt\u0259bd\u0259 ip\u0259k qurdu saxlan\u0131l\u0131r"}]},{"@type":"WebSite","@id":"https:\/\/www.meydan.tv\/az\/#website","url":"https:\/\/www.meydan.tv\/az\/","name":"MEYDAN.TV","description":"Meydan TV Az\u0259rbaycan\u0131n media m\u0259kan\u0131ndak\u0131 alternativ s\u0259sidir","publisher":{"@id":"https:\/\/www.meydan.tv\/az\/#organization"},"potentialAction":[{"@type":"SearchAction","target":{"@type":"EntryPoint","urlTemplate":"https:\/\/www.meydan.tv\/az\/?s={search_term_string}"},"query-input":{"@type":"PropertyValueSpecification","valueRequired":true,"valueName":"search_term_string"}}],"inLanguage":"az"},{"@type":"Organization","@id":"https:\/\/www.meydan.tv\/az\/#organization","name":"Meydan TV","url":"https:\/\/www.meydan.tv\/az\/","logo":{"@type":"ImageObject","inLanguage":"az","@id":"https:\/\/www.meydan.tv\/az\/#\/schema\/logo\/image\/","url":"https:\/\/www.meydan.tv\/wp-content\/uploads\/2021\/07\/meydan-logo.svg","contentUrl":"https:\/\/www.meydan.tv\/wp-content\/uploads\/2021\/07\/meydan-logo.svg","width":195,"height":46,"caption":"Meydan TV"},"image":{"@id":"https:\/\/www.meydan.tv\/az\/#\/schema\/logo\/image\/"}},{"@type":"Person","@id":"https:\/\/www.meydan.tv\/az\/#\/schema\/person\/10d11eccf6da3662cf5fdab9806ea91a","name":"user-manager"}]}},"_links":{"self":[{"href":"https:\/\/www.meydan.tv\/az\/wp-json\/wp\/v2\/posts\/189987","targetHints":{"allow":["GET"]}}],"collection":[{"href":"https:\/\/www.meydan.tv\/az\/wp-json\/wp\/v2\/posts"}],"about":[{"href":"https:\/\/www.meydan.tv\/az\/wp-json\/wp\/v2\/types\/post"}],"author":[{"embeddable":true,"href":"https:\/\/www.meydan.tv\/az\/wp-json\/wp\/v2\/users\/11"}],"replies":[{"embeddable":true,"href":"https:\/\/www.meydan.tv\/az\/wp-json\/wp\/v2\/comments?post=189987"}],"version-history":[{"count":0,"href":"https:\/\/www.meydan.tv\/az\/wp-json\/wp\/v2\/posts\/189987\/revisions"}],"wp:featuredmedia":[{"embeddable":true,"href":"https:\/\/www.meydan.tv\/az\/wp-json\/wp\/v2\/media\/103605"}],"wp:attachment":[{"href":"https:\/\/www.meydan.tv\/az\/wp-json\/wp\/v2\/media?parent=189987"}],"wp:term":[{"taxonomy":"category","embeddable":true,"href":"https:\/\/www.meydan.tv\/az\/wp-json\/wp\/v2\/categories?post=189987"},{"taxonomy":"post_tag","embeddable":true,"href":"https:\/\/www.meydan.tv\/az\/wp-json\/wp\/v2\/tags?post=189987"}],"curies":[{"name":"wp","href":"https:\/\/api.w.org\/{rel}","templated":true}]}}