{"id":189985,"date":"2018-05-15T18:42:31","date_gmt":"2018-05-15T18:42:31","guid":{"rendered":"https:\/\/www.meydan.tv\/article\/ermenistanin-yarimislahatcisi-nikol-pasinyan\/"},"modified":"2018-05-15T18:42:31","modified_gmt":"2018-05-15T18:42:31","slug":"ermenistanin-yarimislahatcisi-nikol-pasinyan","status":"publish","type":"post","link":"https:\/\/www.meydan.tv\/az\/article\/ermenistanin-yarimislahatcisi-nikol-pasinyan\/","title":{"rendered":"Erm\u0259nistan\u0131n yar\u0131mislahat\u00e7\u0131s\u0131 &#8211; Nikol Pa\u015finyan"},"content":{"rendered":"<figure class=\"wp-block-image size-large\">\n  <img decoding=\"async\" src=\"https:\/\/www.meydan.tv\/az\/nikol-pasinyan-4\/\" alt=\"Nikol Pa\u015finyan\" class=\"wp-image-103590\"\/><figcaption>\n    Nikol Pa\u015finyan<br \/>\n  <\/figcaption><\/figure>\n<p>\n  <i><br \/>\n    Korrupsiyaya bula\u015fmayan, t\u0259cr\u00fcb\u0259siz ba\u015f nazir<br \/>\n  <\/i>\n<\/p>\n<p>\n  2018-ci ilin may\u0131nda Erm\u0259nistanda son etiraz h\u0259r\u0259kat\u0131 tam u\u011furla ba\u015fa \u00e7atd\u0131. \u00d6lk\u0259nin \u0259vv\u0259lki r\u0259hb\u0259ri Serj Sarkisyan istefa verdi. Onu etiraz h\u0259r\u0259kat\u0131n\u0131n lideri Nikol Pa\u015finyan \u0259v\u0259z etdi.\n<\/p>\n<p>\n  \u00c7ox g\u00fcman ki, 1998-ci ild\u0259n \u00f6lk\u0259ni idar\u0259 ed\u0259n Qaraba\u011f klan\u0131 da \u00f6z m\u00f6vqel\u0259rini t\u0259hvil ver\u0259c\u0259k. Yeni q\u00fcvv\u0259l\u0259r b\u00f6lg\u00fcs\u00fc \u00f6z\u00fcn\u00fc saxlaya bils\u0259, bu hadis\u0259l\u0259rin fundamental n\u0259tic\u0259si o olacaq ki, \u0259g\u0259r \u0259vv\u0259ll\u0259r Erm\u0259nistan\u0131n taleyini Qaraba\u011f erm\u0259nil\u0259ri h\u0259ll edirdis\u0259, indi Erm\u0259nistan erm\u0259nil\u0259ri h\u0259ll ed\u0259c\u0259kl\u0259r.\n<\/p>\n<p>\n  M\u0259lum oldu\u011fu kimi, qaraba\u011fl\u0131lar Az\u0259rbaycandan ayr\u0131lmaqdan ba\u015fqa he\u00e7 n\u0259 e\u015fitm\u0259k ist\u0259mirl\u0259r, h\u0259tta bunun \u00fc\u00e7\u00fcn \u0259n d\u0259h\u015f\u0259tli \u0259v\u0259zl\u0259r \u00f6d\u0259s\u0259l\u0259r bel\u0259. Ancaq Erm\u0259nistan v\u0259t\u0259nda\u015flar\u0131n\u0131n \u00e7oxu m\u00fcharib\u0259nin perspektivsiz oldu\u011funu ba\u015fa d\u00fc\u015f\u00fcr v\u0259 \u00f6z \u00f6vladlar\u0131n\u0131n g\u0259l\u0259c\u0259k taleyi \u00fc\u00e7\u00fcn narahatd\u0131r.\n<\/p>\n<p>\n  \u0130ndi d\u0259 n\u00f6vb\u0259 ekspertl\u0259rindir: Nikol Pa\u015finyan kimdir? N\u0259 etm\u0259k fikrind\u0259dir? N\u0259l\u0259ri ed\u0259 bil\u0259c\u0259k? Bu suallar\u0131n cavablar\u0131n\u0131 axtar\u0131b tapmaqla m\u0259\u015f\u011fuldurlar.\n<\/p>\n<p>\n  Qeyd olundu\u011fu kimi, N.Pa\u015finyan\n<\/p>\n<p>\n  <b><br \/>\n    <i><br \/>\n      &#8211; uzun ill\u0259rdir ki, hakimiyy\u0259tl\u0259 m\u00fcbariz\u0259 apar\u0131r, korrupsiyaya bula\u015fmay\u0131b;<br \/>\n    <\/i><br \/>\n  <\/b>\n<\/p>\n<p>\n  <b><br \/>\n    <i><br \/>\n      &#8211; Q\u0259rb t\u0259r\u0259fdar\u0131d\u0131r;<br \/>\n    <\/i><br \/>\n  <\/b>\n<\/p>\n<p>\n  <b><br \/>\n    <i><br \/>\n      &#8211; siyas\u0259td\u0259 t\u0259cr\u00fcb\u0259sizdir v\u0259 he\u00e7 bir inzibati t\u0259cr\u00fcb\u0259si yoxdur;<br \/>\n    <\/i><br \/>\n  <\/b>\n<\/p>\n<p>\n  <b><br \/>\n    <i><br \/>\n      &#8211; populizmd\u0259n, h\u0259tta \u015fovinizmd\u0259n uzaq deyil<br \/>\n    <\/i><br \/>\n  <\/b>\n<\/p>\n<p>\n  Ancaq g\u0259lin, Pa\u015finyan\u0131n yuxar\u0131da sadalanan x\u00fcsusiyy\u0259tl\u0259rini v\u0259 ictimaiyy\u0259t\u0259 a\u00e7\u0131qlad\u0131\u011f\u0131 h\u0259d\u0259fl\u0259ri n\u0259z\u0259rd\u0259n ke\u00e7ir\u0259k.\n<\/p>\n<p>\n  Nikol Pa\u015finyan korrupsiyaya u\u011fram\u0131\u015f deyil, amma t\u0259cr\u00fcb\u0259sizdir. Hans\u0131 variant\u0131n daha yax\u015f\u0131 oldu\u011fu h\u0259l\u0259 s\u00fcbuta yetirilm\u0259yib.\n<\/p>\n<p>\n  Parlamentd\u0259 \u00f6z t\u0259yinat\u0131ndan \u00f6nc\u0259ki \u00e7\u0131x\u0131\u015f\u0131nda bildirib ki, bundan sonra se\u00e7kil\u0259r, insan h\u00fcquqlar\u0131, m\u0259hk\u0259m\u0259l\u0259r, biznes\u0259 m\u00fcnasib\u0259t &#8211; h\u0259r \u015fey vicdanla olacaq!\n<\/p>\n<p>\n  O, he\u00e7 kimd\u0259n intiqam alma\u011fa haz\u0131rla\u015fm\u0131r. \u00d6lk\u0259nin yeni h\u00f6kum\u0259ti milli bar\u0131\u015f h\u00f6kum\u0259ti olacaq.\n<\/p>\n<p>\n  Rusiya il\u0259 \u0259laq\u0259l\u0259ri k\u0259sm\u0259k niyy\u0259tind\u0259 deyil. &#8220;\u018fg\u0259r xalq bunu ist\u0259yirs\u0259..&#8221; (bu s\u00f6zl\u0259r\u0259 diqq\u0259t yetirm\u0259k laz\u0131md\u0131r &#8211; guya \u00f6z\u00fc o q\u0259d\u0259r d\u0259 ist\u0259mir, ancaq madam ki, xalq ist\u0259yir, n\u0259 etm\u0259k olar), Erm\u0259nistan bundan sonra KTMT-nin v\u0259 Avrasiya \u0130qtisadi Birliyinin \u00fczv\u00fc olaraq qalacaq. Ancaq bu \u00fczvl\u00fcy\u00fc s\u0259m\u0259r\u0259li etm\u0259k laz\u0131md\u0131r. Eyni zamanda AB\u015e v\u0259 A\u0130 il\u0259 \u0259m\u0259kda\u015fl\u0131\u011f\u0131 inki\u015faf etdirm\u0259k laz\u0131md\u0131r (m\u00fc\u015fahid\u0259\u00e7il\u0259r bildirirl\u0259r ki, Pa\u015finyan frans\u0131z diasporuna meyll\u0259nir).\n<\/p>\n<p>\n  Q\u0131sas\u0131, h\u0259r \u015fey d\u00fczg\u00fcn v\u0259 yeni formada olacaq, t\u0259kc\u0259 Qaraba\u011f \u0259vv\u0259lki kimi qalacaq!\n<\/p>\n<p>\n  &#8220;Qaraba\u011f\u0131n m\u00fcst\u0259qilliyinin d\u00fcnya s\u0259viyy\u0259sind\u0259 tan\u0131nmas\u0131na, sonra is\u0259 Erm\u0259nistanla birl\u0259\u015fdirilm\u0259sin\u0259 nail olmaq laz\u0131md\u0131r&#8221;. &#8220;Bundan \u00f6tr\u00fc Az\u0259rbaycan\u0131n daha b\u00f6y\u00fck \u015f\u0259h\u0259rini tutmaq laz\u0131md\u0131r ki, onu yola g\u0259tirm\u0259k m\u00fcmk\u00fcn olsun&#8221;.\n<\/p>\n<p>\n  &#8220;Bizim \u0259sg\u0259rl\u0259ri yax\u015f\u0131 yedirtm\u0259k laz\u0131md\u0131r&#8221;, ba\u015fqa s\u00f6zl\u0259 des\u0259k, h\u0259rbi x\u0259rcl\u0259ri art\u0131rmaq laz\u0131md\u0131r&#8221;.\n<\/p>\n<p>\n  &#8220;1915-ci il erm\u0259ni soyq\u0131r\u0131m\u0131n\u0131n beyn\u0259lxalq s\u0259viyy\u0259d\u0259 tan\u0131nmas\u0131n\u0131 t\u0259l\u0259b etm\u0259y\u0259 davam etm\u0259k laz\u0131md\u0131r&#8221;.\n<\/p>\n<p>\n  Pa\u015finyan &#8220;Arsax respublikas\u0131 v\u0259 diaspor il\u0259 birlikd\u0259 yeni Erm\u0259nistan quracaq&#8221;.\n<\/p>\n<p>\n  Bu m\u0259qs\u0259dl\u0259rin realla\u015fmas\u0131 m\u00fcmk\u00fcnd\u00fcrm\u00fc? Xarici siyas\u0259t \u00fczr\u0259 eyni kursu y\u00fcr\u00fctm\u0259kl\u0259 \u00f6lk\u0259nin daxili i\u015fl\u0259ri il\u0259 ba\u011fl\u0131 islahatlar aparmaq olarm\u0131? Ekspertl\u0259rin \u00e7oxu bunun m\u00fcmk\u00fcn olmad\u0131\u011f\u0131n\u0131 bildirir.\n<\/p>\n<p>\n  Pa\u015finyan\u0131 yar\u0131mislahat\u00e7\u0131 adland\u0131rmaq daha d\u00fczg\u00fcn olard\u0131. \u018fg\u0259r Pa\u015finyan\u0131n Erm\u0259nistan\u0131 Az\u0259rbaycanla sava\u015fa davam ed\u0259c\u0259ks\u0259 v\u0259 buna g\u00f6r\u0259 ona Rusiyan\u0131n k\u00f6m\u0259yi laz\u0131m olacaqsa \u0259vv\u0259l oldu\u011fu kimi, bu, ona \u00f6z m\u00fcst\u0259qilliyi v\u0259 inki\u015faf\u0131 bahas\u0131na ba\u015fa g\u0259l\u0259c\u0259k.\n<\/p>\n<p>\n  Bundan \u0259lav\u0259, Pa\u015finyan \u00f6z siyasi f\u0259aliyy\u0259tinin ba\u015flan\u011f\u0131c\u0131nda Rusiya il\u0259 \u0259laq\u0259l\u0259r\u0259 yenid\u0259n bax\u0131lmas\u0131n\u0131n v\u0259 Q\u0259rbl\u0259 \u0259m\u0259kda\u015fl\u0131\u011f\u0131n m\u00f6hk\u0259ml\u0259ndirilm\u0259sinin vacibliyini bildirib. Ancaq Pa\u015finyana k\u00fct\u0259vi d\u0259st\u0259k ver\u0259n erm\u0259ni ictimaiyy\u0259ti bunu ist\u0259mir. \u0130ctimaiyy\u0259t Qaraba\u011f u\u011frunda sava\u015fma\u011fa davam etm\u0259k ist\u0259yir.\n<\/p>\n<p>\n  V\u0259 Pa\u015finyan geri \u00e7\u0259kilm\u0259li olacaq: &#8220;\u018fg\u0259r xalq bunu ist\u0259yirs\u0259&#8230;&#8221;, &#8211; Pa\u015finyan b\u0259yan edir, &#8220;biz Rusiyan\u0131n r\u0259hb\u0259rlik etdiyi h\u0259rbi v\u0259 g\u00f6mr\u00fck ittifaq\u0131n\u0131n \u00fczv\u00fc olaraq qalaca\u011f\u0131q v\u0259 bel\u0259likl\u0259, Qaraba\u011f m\u00fcharib\u0259sind\u0259 Moskvan\u0131n d\u0259st\u0259yind\u0259n istifad\u0259 ed\u0259c\u0259yik&#8230;\n<\/p>\n<p>\n  Bu m\u0259qamda biz yenid\u0259n K\u00f6hn\u0259 Erm\u0259nistan\u0131 g\u00f6r\u00fcr\u00fck &#8211; \u00f6z m\u00fcst\u0259snal\u0131\u011f\u0131, \u0259trafdak\u0131lar\u0131n d\u00fc\u015fm\u0259n, \u00f6z\u00fcn\u00fcn g\u00fcnahs\u0131z olmas\u0131, tarix boyunca haqq etm\u0259diyi b\u0259db\u0259xtliy\u0259 d\u00fc\u00e7ar olmas\u0131 haqda mifl\u0259rl\u0259 ya\u015fayan \u00f6lk\u0259ni g\u00f6r\u00fcr\u00fck.\n<\/p>\n<p>\n  Dem\u0259k olar ki, Nikol Pa\u015finyan K\u00f6hn\u0259 Erm\u0259nistan\u0131n m\u00f6c\u00fcz\u0259y\u0259 olan son \u00fcmididir.\n<\/p>\n<p>\n  \u00c7ox g\u00fcman ki, onun b\u0259yan etdiyi kurs reall\u0131qla toqqu\u015faraq u\u011fursuzlu\u011fa d\u00fc\u00e7ar olacaq. Ola bilsin ki, ancaq bundan sonra erm\u0259ni ictimaiyy\u0259ti, n\u0259hay\u0259t, mifd\u0259n \u0259l \u00e7\u0259k\u0259c\u0259k v\u0259 biz o zaman Yeni Erm\u0259nistan\u0131 g\u00f6r\u0259c\u0259yik.<\/p>\n","protected":false},"excerpt":{"rendered":"<p>Korrupsiyaya bula\u015fmayan, t\u0259cr\u00fcb\u0259siz ba\u015f nazir<\/p>\n","protected":false},"author":11,"featured_media":103590,"comment_status":"closed","ping_status":"open","sticky":false,"template":"","format":"standard","meta":{"_acf_changed":false,"_sitemap_exclude":false,"_sitemap_priority":"","_sitemap_frequency":"","footnotes":""},"categories":[51],"tags":[],"class_list":["post-189985","post","type-post","status-publish","format-standard","has-post-thumbnail","hentry","category-analitika","infinite-scroll-item","generate-columns","tablet-grid-50","mobile-grid-100","grid-parent","grid-33","no-featured-image-padding"],"acf":[],"yoast_head":"<!-- This site is optimized with the Yoast SEO plugin v27.4 - https:\/\/yoast.com\/product\/yoast-seo-wordpress\/ -->\n<title>Erm\u0259nistan\u0131n yar\u0131mislahat\u00e7\u0131s\u0131 - Nikol Pa\u015finyan - MEYDAN.TV<\/title>\n<meta name=\"robots\" content=\"index, follow, max-snippet:-1, max-image-preview:large, max-video-preview:-1\" \/>\n<link rel=\"canonical\" href=\"https:\/\/www.meydan.tv\/az\/article\/ermenistanin-yarimislahatcisi-nikol-pasinyan\/\" \/>\n<meta property=\"og:locale\" content=\"az_AZ\" \/>\n<meta property=\"og:type\" content=\"article\" \/>\n<meta property=\"og:title\" content=\"Erm\u0259nistan\u0131n yar\u0131mislahat\u00e7\u0131s\u0131 - Nikol Pa\u015finyan - MEYDAN.TV\" \/>\n<meta property=\"og:description\" content=\"Korrupsiyaya bula\u015fmayan, t\u0259cr\u00fcb\u0259siz ba\u015f nazir\" \/>\n<meta property=\"og:url\" content=\"https:\/\/www.meydan.tv\/az\/article\/ermenistanin-yarimislahatcisi-nikol-pasinyan\/\" \/>\n<meta property=\"og:site_name\" content=\"MEYDAN.TV\" \/>\n<meta property=\"article:published_time\" content=\"2018-05-15T18:42:31+00:00\" \/>\n<meta property=\"og:image\" content=\"https:\/\/www.meydan.tv\/wp-content\/uploads\/41090.jpg\" \/>\n\t<meta property=\"og:image:width\" content=\"800\" \/>\n\t<meta property=\"og:image:height\" content=\"451\" \/>\n\t<meta property=\"og:image:type\" content=\"image\/jpeg\" \/>\n<meta name=\"author\" content=\"user-manager\" \/>\n<meta name=\"twitter:card\" content=\"summary_large_image\" \/>\n<script type=\"application\/ld+json\" class=\"yoast-schema-graph\">{\"@context\":\"https:\\\/\\\/schema.org\",\"@graph\":[{\"@type\":\"Article\",\"@id\":\"https:\\\/\\\/www.meydan.tv\\\/az\\\/article\\\/ermenistanin-yarimislahatcisi-nikol-pasinyan\\\/#article\",\"isPartOf\":{\"@id\":\"https:\\\/\\\/www.meydan.tv\\\/az\\\/article\\\/ermenistanin-yarimislahatcisi-nikol-pasinyan\\\/\"},\"author\":{\"name\":\"user-manager\",\"@id\":\"https:\\\/\\\/www.meydan.tv\\\/az\\\/#\\\/schema\\\/person\\\/10d11eccf6da3662cf5fdab9806ea91a\"},\"headline\":\"Erm\u0259nistan\u0131n yar\u0131mislahat\u00e7\u0131s\u0131 &#8211; Nikol Pa\u015finyan\",\"datePublished\":\"2018-05-15T18:42:31+00:00\",\"mainEntityOfPage\":{\"@id\":\"https:\\\/\\\/www.meydan.tv\\\/az\\\/article\\\/ermenistanin-yarimislahatcisi-nikol-pasinyan\\\/\"},\"wordCount\":997,\"publisher\":{\"@id\":\"https:\\\/\\\/www.meydan.tv\\\/az\\\/#organization\"},\"image\":{\"@id\":\"https:\\\/\\\/www.meydan.tv\\\/az\\\/article\\\/ermenistanin-yarimislahatcisi-nikol-pasinyan\\\/#primaryimage\"},\"thumbnailUrl\":\"https:\\\/\\\/www.meydan.tv\\\/wp-content\\\/uploads\\\/41090.jpg\",\"articleSection\":[\"Analitika\"],\"inLanguage\":\"az\"},{\"@type\":\"WebPage\",\"@id\":\"https:\\\/\\\/www.meydan.tv\\\/az\\\/article\\\/ermenistanin-yarimislahatcisi-nikol-pasinyan\\\/\",\"url\":\"https:\\\/\\\/www.meydan.tv\\\/az\\\/article\\\/ermenistanin-yarimislahatcisi-nikol-pasinyan\\\/\",\"name\":\"Erm\u0259nistan\u0131n yar\u0131mislahat\u00e7\u0131s\u0131 - Nikol Pa\u015finyan - MEYDAN.TV\",\"isPartOf\":{\"@id\":\"https:\\\/\\\/www.meydan.tv\\\/az\\\/#website\"},\"primaryImageOfPage\":{\"@id\":\"https:\\\/\\\/www.meydan.tv\\\/az\\\/article\\\/ermenistanin-yarimislahatcisi-nikol-pasinyan\\\/#primaryimage\"},\"image\":{\"@id\":\"https:\\\/\\\/www.meydan.tv\\\/az\\\/article\\\/ermenistanin-yarimislahatcisi-nikol-pasinyan\\\/#primaryimage\"},\"thumbnailUrl\":\"https:\\\/\\\/www.meydan.tv\\\/wp-content\\\/uploads\\\/41090.jpg\",\"datePublished\":\"2018-05-15T18:42:31+00:00\",\"breadcrumb\":{\"@id\":\"https:\\\/\\\/www.meydan.tv\\\/az\\\/article\\\/ermenistanin-yarimislahatcisi-nikol-pasinyan\\\/#breadcrumb\"},\"inLanguage\":\"az\",\"potentialAction\":[{\"@type\":\"ReadAction\",\"target\":[\"https:\\\/\\\/www.meydan.tv\\\/az\\\/article\\\/ermenistanin-yarimislahatcisi-nikol-pasinyan\\\/\"]}]},{\"@type\":\"ImageObject\",\"inLanguage\":\"az\",\"@id\":\"https:\\\/\\\/www.meydan.tv\\\/az\\\/article\\\/ermenistanin-yarimislahatcisi-nikol-pasinyan\\\/#primaryimage\",\"url\":\"https:\\\/\\\/www.meydan.tv\\\/wp-content\\\/uploads\\\/41090.jpg\",\"contentUrl\":\"https:\\\/\\\/www.meydan.tv\\\/wp-content\\\/uploads\\\/41090.jpg\",\"width\":800,\"height\":451,\"caption\":\"Source:\"},{\"@type\":\"BreadcrumbList\",\"@id\":\"https:\\\/\\\/www.meydan.tv\\\/az\\\/article\\\/ermenistanin-yarimislahatcisi-nikol-pasinyan\\\/#breadcrumb\",\"itemListElement\":[{\"@type\":\"ListItem\",\"position\":1,\"name\":\"Ana s\u0259hif\u0259\",\"item\":\"https:\\\/\\\/www.meydan.tv\\\/az\\\/\"},{\"@type\":\"ListItem\",\"position\":2,\"name\":\"Analitika\",\"item\":\"https:\\\/\\\/www.meydan.tv\\\/az\\\/section\\\/analitika\\\/\"},{\"@type\":\"ListItem\",\"position\":3,\"name\":\"Erm\u0259nistan\u0131n yar\u0131mislahat\u00e7\u0131s\u0131 &#8211; Nikol Pa\u015finyan\"}]},{\"@type\":\"WebSite\",\"@id\":\"https:\\\/\\\/www.meydan.tv\\\/az\\\/#website\",\"url\":\"https:\\\/\\\/www.meydan.tv\\\/az\\\/\",\"name\":\"MEYDAN.TV\",\"description\":\"Meydan TV Az\u0259rbaycan\u0131n media m\u0259kan\u0131ndak\u0131 alternativ s\u0259sidir\",\"publisher\":{\"@id\":\"https:\\\/\\\/www.meydan.tv\\\/az\\\/#organization\"},\"potentialAction\":[{\"@type\":\"SearchAction\",\"target\":{\"@type\":\"EntryPoint\",\"urlTemplate\":\"https:\\\/\\\/www.meydan.tv\\\/az\\\/?s={search_term_string}\"},\"query-input\":{\"@type\":\"PropertyValueSpecification\",\"valueRequired\":true,\"valueName\":\"search_term_string\"}}],\"inLanguage\":\"az\"},{\"@type\":\"Organization\",\"@id\":\"https:\\\/\\\/www.meydan.tv\\\/az\\\/#organization\",\"name\":\"Meydan TV\",\"url\":\"https:\\\/\\\/www.meydan.tv\\\/az\\\/\",\"logo\":{\"@type\":\"ImageObject\",\"inLanguage\":\"az\",\"@id\":\"https:\\\/\\\/www.meydan.tv\\\/az\\\/#\\\/schema\\\/logo\\\/image\\\/\",\"url\":\"https:\\\/\\\/www.meydan.tv\\\/wp-content\\\/uploads\\\/2021\\\/07\\\/meydan-logo.svg\",\"contentUrl\":\"https:\\\/\\\/www.meydan.tv\\\/wp-content\\\/uploads\\\/2021\\\/07\\\/meydan-logo.svg\",\"width\":195,\"height\":46,\"caption\":\"Meydan TV\"},\"image\":{\"@id\":\"https:\\\/\\\/www.meydan.tv\\\/az\\\/#\\\/schema\\\/logo\\\/image\\\/\"}},{\"@type\":\"Person\",\"@id\":\"https:\\\/\\\/www.meydan.tv\\\/az\\\/#\\\/schema\\\/person\\\/10d11eccf6da3662cf5fdab9806ea91a\",\"name\":\"user-manager\"}]}<\/script>\n<!-- \/ Yoast SEO plugin. -->","yoast_head_json":{"title":"Erm\u0259nistan\u0131n yar\u0131mislahat\u00e7\u0131s\u0131 - Nikol Pa\u015finyan - MEYDAN.TV","robots":{"index":"index","follow":"follow","max-snippet":"max-snippet:-1","max-image-preview":"max-image-preview:large","max-video-preview":"max-video-preview:-1"},"canonical":"https:\/\/www.meydan.tv\/az\/article\/ermenistanin-yarimislahatcisi-nikol-pasinyan\/","og_locale":"az_AZ","og_type":"article","og_title":"Erm\u0259nistan\u0131n yar\u0131mislahat\u00e7\u0131s\u0131 - Nikol Pa\u015finyan - MEYDAN.TV","og_description":"Korrupsiyaya bula\u015fmayan, t\u0259cr\u00fcb\u0259siz ba\u015f nazir","og_url":"https:\/\/www.meydan.tv\/az\/article\/ermenistanin-yarimislahatcisi-nikol-pasinyan\/","og_site_name":"MEYDAN.TV","article_published_time":"2018-05-15T18:42:31+00:00","og_image":[{"width":800,"height":451,"url":"https:\/\/www.meydan.tv\/wp-content\/uploads\/41090.jpg","type":"image\/jpeg"}],"author":"user-manager","twitter_card":"summary_large_image","schema":{"@context":"https:\/\/schema.org","@graph":[{"@type":"Article","@id":"https:\/\/www.meydan.tv\/az\/article\/ermenistanin-yarimislahatcisi-nikol-pasinyan\/#article","isPartOf":{"@id":"https:\/\/www.meydan.tv\/az\/article\/ermenistanin-yarimislahatcisi-nikol-pasinyan\/"},"author":{"name":"user-manager","@id":"https:\/\/www.meydan.tv\/az\/#\/schema\/person\/10d11eccf6da3662cf5fdab9806ea91a"},"headline":"Erm\u0259nistan\u0131n yar\u0131mislahat\u00e7\u0131s\u0131 &#8211; Nikol Pa\u015finyan","datePublished":"2018-05-15T18:42:31+00:00","mainEntityOfPage":{"@id":"https:\/\/www.meydan.tv\/az\/article\/ermenistanin-yarimislahatcisi-nikol-pasinyan\/"},"wordCount":997,"publisher":{"@id":"https:\/\/www.meydan.tv\/az\/#organization"},"image":{"@id":"https:\/\/www.meydan.tv\/az\/article\/ermenistanin-yarimislahatcisi-nikol-pasinyan\/#primaryimage"},"thumbnailUrl":"https:\/\/www.meydan.tv\/wp-content\/uploads\/41090.jpg","articleSection":["Analitika"],"inLanguage":"az"},{"@type":"WebPage","@id":"https:\/\/www.meydan.tv\/az\/article\/ermenistanin-yarimislahatcisi-nikol-pasinyan\/","url":"https:\/\/www.meydan.tv\/az\/article\/ermenistanin-yarimislahatcisi-nikol-pasinyan\/","name":"Erm\u0259nistan\u0131n yar\u0131mislahat\u00e7\u0131s\u0131 - Nikol Pa\u015finyan - MEYDAN.TV","isPartOf":{"@id":"https:\/\/www.meydan.tv\/az\/#website"},"primaryImageOfPage":{"@id":"https:\/\/www.meydan.tv\/az\/article\/ermenistanin-yarimislahatcisi-nikol-pasinyan\/#primaryimage"},"image":{"@id":"https:\/\/www.meydan.tv\/az\/article\/ermenistanin-yarimislahatcisi-nikol-pasinyan\/#primaryimage"},"thumbnailUrl":"https:\/\/www.meydan.tv\/wp-content\/uploads\/41090.jpg","datePublished":"2018-05-15T18:42:31+00:00","breadcrumb":{"@id":"https:\/\/www.meydan.tv\/az\/article\/ermenistanin-yarimislahatcisi-nikol-pasinyan\/#breadcrumb"},"inLanguage":"az","potentialAction":[{"@type":"ReadAction","target":["https:\/\/www.meydan.tv\/az\/article\/ermenistanin-yarimislahatcisi-nikol-pasinyan\/"]}]},{"@type":"ImageObject","inLanguage":"az","@id":"https:\/\/www.meydan.tv\/az\/article\/ermenistanin-yarimislahatcisi-nikol-pasinyan\/#primaryimage","url":"https:\/\/www.meydan.tv\/wp-content\/uploads\/41090.jpg","contentUrl":"https:\/\/www.meydan.tv\/wp-content\/uploads\/41090.jpg","width":800,"height":451,"caption":"Source:"},{"@type":"BreadcrumbList","@id":"https:\/\/www.meydan.tv\/az\/article\/ermenistanin-yarimislahatcisi-nikol-pasinyan\/#breadcrumb","itemListElement":[{"@type":"ListItem","position":1,"name":"Ana s\u0259hif\u0259","item":"https:\/\/www.meydan.tv\/az\/"},{"@type":"ListItem","position":2,"name":"Analitika","item":"https:\/\/www.meydan.tv\/az\/section\/analitika\/"},{"@type":"ListItem","position":3,"name":"Erm\u0259nistan\u0131n yar\u0131mislahat\u00e7\u0131s\u0131 &#8211; Nikol Pa\u015finyan"}]},{"@type":"WebSite","@id":"https:\/\/www.meydan.tv\/az\/#website","url":"https:\/\/www.meydan.tv\/az\/","name":"MEYDAN.TV","description":"Meydan TV Az\u0259rbaycan\u0131n media m\u0259kan\u0131ndak\u0131 alternativ s\u0259sidir","publisher":{"@id":"https:\/\/www.meydan.tv\/az\/#organization"},"potentialAction":[{"@type":"SearchAction","target":{"@type":"EntryPoint","urlTemplate":"https:\/\/www.meydan.tv\/az\/?s={search_term_string}"},"query-input":{"@type":"PropertyValueSpecification","valueRequired":true,"valueName":"search_term_string"}}],"inLanguage":"az"},{"@type":"Organization","@id":"https:\/\/www.meydan.tv\/az\/#organization","name":"Meydan TV","url":"https:\/\/www.meydan.tv\/az\/","logo":{"@type":"ImageObject","inLanguage":"az","@id":"https:\/\/www.meydan.tv\/az\/#\/schema\/logo\/image\/","url":"https:\/\/www.meydan.tv\/wp-content\/uploads\/2021\/07\/meydan-logo.svg","contentUrl":"https:\/\/www.meydan.tv\/wp-content\/uploads\/2021\/07\/meydan-logo.svg","width":195,"height":46,"caption":"Meydan TV"},"image":{"@id":"https:\/\/www.meydan.tv\/az\/#\/schema\/logo\/image\/"}},{"@type":"Person","@id":"https:\/\/www.meydan.tv\/az\/#\/schema\/person\/10d11eccf6da3662cf5fdab9806ea91a","name":"user-manager"}]}},"_links":{"self":[{"href":"https:\/\/www.meydan.tv\/az\/wp-json\/wp\/v2\/posts\/189985","targetHints":{"allow":["GET"]}}],"collection":[{"href":"https:\/\/www.meydan.tv\/az\/wp-json\/wp\/v2\/posts"}],"about":[{"href":"https:\/\/www.meydan.tv\/az\/wp-json\/wp\/v2\/types\/post"}],"author":[{"embeddable":true,"href":"https:\/\/www.meydan.tv\/az\/wp-json\/wp\/v2\/users\/11"}],"replies":[{"embeddable":true,"href":"https:\/\/www.meydan.tv\/az\/wp-json\/wp\/v2\/comments?post=189985"}],"version-history":[{"count":0,"href":"https:\/\/www.meydan.tv\/az\/wp-json\/wp\/v2\/posts\/189985\/revisions"}],"wp:featuredmedia":[{"embeddable":true,"href":"https:\/\/www.meydan.tv\/az\/wp-json\/wp\/v2\/media\/103590"}],"wp:attachment":[{"href":"https:\/\/www.meydan.tv\/az\/wp-json\/wp\/v2\/media?parent=189985"}],"wp:term":[{"taxonomy":"category","embeddable":true,"href":"https:\/\/www.meydan.tv\/az\/wp-json\/wp\/v2\/categories?post=189985"},{"taxonomy":"post_tag","embeddable":true,"href":"https:\/\/www.meydan.tv\/az\/wp-json\/wp\/v2\/tags?post=189985"}],"curies":[{"name":"wp","href":"https:\/\/api.w.org\/{rel}","templated":true}]}}