{"id":189921,"date":"2018-05-10T16:58:01","date_gmt":"2018-05-10T16:58:01","guid":{"rendered":"https:\/\/www.meydan.tv\/article\/merhemetmi-heqaretmi\/"},"modified":"2018-05-10T16:58:01","modified_gmt":"2018-05-10T16:58:01","slug":"merhemetmi-heqaretmi","status":"publish","type":"post","link":"https:\/\/www.meydan.tv\/az\/article\/merhemetmi-heqaretmi\/","title":{"rendered":"M\u0259rh\u0259m\u0259tmi, h\u0259qar\u0259tmi?"},"content":{"rendered":"<figure class=\"wp-block-image size-large\">\n  <img decoding=\"async\" src=\"https:\/\/www.meydan.tv\/az\/orxan-adigozel-3\/\" alt=\"Orxan Ad\u0131g\u00f6z\u0259l\" class=\"wp-image-95247\"\/><figcaption>\n    Orxan Ad\u0131g\u00f6z\u0259l<br \/>\n  <\/figcaption><\/figure>\n<p>\n  Sosial \u015f\u0259b\u0259k\u0259l\u0259rin g\u00fcc\u00fc, t\u0259siri \u00e7ox b\u00f6y\u00fckd\u00fcr. \u0130ctimai r\u0259y\u0259 t\u0259sir g\u00f6st\u0259r\u0259 bildiyind\u0259n bir \u00e7ox problemin h\u0259llind\u0259 d\u0259 yard\u0131m\u00e7\u0131 olur. B\u0259z\u0259n hans\u0131sa ha\u015ftaq (h\u0259r hans\u0131 m\u00f6vzuya uy\u011fun qrupla\u015fma) alt\u0131nda problem ictimail\u0259\u015fdirilir, b\u0259z\u0259ns\u0259 bu, problemi f\u0259rqli istiqam\u0259t\u0259 apar\u0131r. Bu bar\u0259d\u0259 bir q\u0259d\u0259r sonra&#8230;\n<\/p>\n<p>\n  \u018fslind\u0259 \u0259lilliyi olan \u015f\u0259xsl\u0259r\u0259 m\u00fcnasib\u0259td\u0259n dan\u0131\u015fmaq ist\u0259yir\u0259m. \u00d6nc\u0259 deyim ki, xalq\u0131m\u0131z \u0259lilliyi olan \u015f\u0259xsl\u0259r\u0259 qar\u015f\u0131 a\u015f\u0131r\u0131 d\u0259r\u0259c\u0259d\u0259 m\u0259rh\u0259m\u0259tl\u0259 yana\u015f\u0131r. Bu m\u0259rh\u0259m\u0259tin dozas\u0131 h\u0259rd\u0259n o q\u0259d\u0259r \u00e7ox olur ki, onu q\u0259bul etm\u0259k \u00e7\u0259tinl\u0259\u015fir. D\u0259f\u0259l\u0259rl\u0259 k\u00f6m\u0259k ist\u0259m\u0259diyim halda istifad\u0259 etdiyim \u0259lil arabas\u0131n\u0131n qulplar\u0131ndan tutub \u201cqaqa, nec\u0259 k\u00f6m\u0259k laz\u0131md\u0131r s\u0259n\u0259?\u201d, \u201cHara aparmaq, hara qald\u0131rmaq laz\u0131md\u0131r, de, el\u0259yim?\u201d m\u00fcnasib\u0259ti il\u0259 qar\u015f\u0131la\u015fm\u0131\u015fam. \u018flb\u0259tt\u0259, \u0259lil arabas\u0131 istifad\u0259\u00e7isi \u00fc\u00e7\u00fcn \u00e7\u0259tin infrastrukturu olan \u015f\u0259h\u0259rd\u0259 ya\u015fayan biri kimi h\u0259min m\u0259rh\u0259m\u0259t \u0259lveri\u015fli n\u00fcans say\u0131l\u0131r, ancaq i\u015fin \u201c\u0259mma\u201ds\u0131 var. H\u0259min \u0259mma is\u0259 budur ki, xalq\u0131n b\u00f6y\u00fck \u00e7oxlu\u011fu \u0259lilliyi olan insana m\u0259rh\u0259m\u0259tl\u0259 v\u0259 s\u0259xav\u0259tl\u0259 yana\u015fsa da, dig\u0259r t\u0259r\u0259fd\u0259n d\u0259 ona yaz\u0131q v\u0259 b\u0259db\u0259xt kimi bax\u0131r. Bir insana bu c\u00fcr yana\u015fma, qar\u015f\u0131ndak\u0131n\u0131 a\u015fa\u011f\u0131lama\u011f\u0131n\u0131n g\u00f6st\u0259ricisi say\u0131l\u0131r.\n<\/p>\n<p>\n  Ziddiyy\u0259t\u0259 bax.\n<\/p>\n<p>\n  Ziddiyy\u0259t bununla kifay\u0259tl\u0259nmir. Bu c\u00fcr m\u0259rh\u0259m\u0259tl\u0259 yana\u015fd\u0131qlar\u0131 h\u0259ssas qrup \u00fczvl\u0259rinin fiziki v\u0259ziyy\u0259tini bir-birl\u0259rini t\u0259hqir etm\u0259k ist\u0259y\u0259rk\u0259n bel\u0259 istifad\u0259 edirl\u0259r: \u201ckorsan?\u201d, \u201ckar\u0131n biri kar\u201d, \u201c\u015fik\u0259st qalm\u0131\u015f\u201d v\u0259 s. \u018fslind\u0259 bu c\u00fcr terminl\u0259rin \u00f6z\u00fc t\u0259hqirsiz i\u015fl\u0259dildikd\u0259 bel\u0259 qeyri-etik say\u0131l\u0131r. D\u00fczg\u00fcn ifad\u0259l\u0259r is\u0259 h\u0259tta Az\u0259rbaycan h\u00f6kum\u0259tinin BMT-d\u0259 \u0259lilliyi olan insanlarla ba\u011fl\u0131 ratifikasiya etdiyi konvensiyalarda bel\u0259 m\u00fc\u0259yy\u0259n olunub.\n<\/p>\n<p>\n  Terminoloji s\u0259hvl\u0259r\u0259 haql\u0131 irad tutanda da k\u00fctl\u0259 aqressivl\u0259\u015fir ki, \u0259\u015fi, n\u0259 f\u0259rqi var e? \u018fsas alaca\u011f\u0131n m\u00fcavinat v\u0259 sahib oldu\u011fun \u015f\u0259raitin yax\u015f\u0131 olma\u011f\u0131d\u0131r.<br \/>\n  <br \/>\n  \u0130lahi, bu insanlar nec\u0259 d\u0259 \u201cqay\u011f\u0131ke\u015f\u201d imi\u015fl\u0259r.\n<\/p>\n<p>\n  D\u0259h\u015f\u0259tlisi odur ki, h\u0259tta h\u0259min ictimai r\u0259y\u0259 t\u0259sir ed\u0259nl\u0259r d\u0259 daxil, bir \u00e7ox f\u0259al adam da \u0259lilliyi olan insanlara qar\u015f\u0131 bu c\u00fcr m\u00fcnasib\u0259t b\u0259sl\u0259m\u0259kd\u0259dil\u0259r.<br \/>\n  <br \/>\n  T\u0259z\u0259likc\u0259 \u201cFacebook\u201dda \u2018\u2019#h\u0259ssasyana\u015faq\u2018\u2019 ha\u015ftaq\u0131 il\u0259 trend\u0259 \u00e7evirilmi\u015f payla\u015f\u0131mlara rast g\u0259ldim. H\u0259min payla\u015f\u0131mlardan misal olaraq ver\u0259c\u0259yim bir c\u00fcml\u0259y\u0259 diqq\u0259t edin:\n<\/p>\n<p>\n  \u201cXahi\u015f edir\u0259m #h\u0259ssasyana\u015faq, koro\u011flu yox, atas\u0131 g\u00f6rm\u0259 m\u0259hdudiyy\u0259tli o\u011flu\u201d v\u0259 c\u00fcml\u0259nin arxas\u0131 il\u0259 g\u00fclm\u0259k i\u015far\u0259si. V\u0259ssalam! K\u00fctl\u0259 q\u0131r\u0131ld\u0131 g\u00fclm\u0259kd\u0259n.\n<\/p>\n<p>\n  Bilirsiniz bu trend nec\u0259 yarand\u0131? Sosial \u015f\u0259b\u0259k\u0259l\u0259rd\u0259 payla\u015f\u0131lan postlarda kims\u0259 yanl\u0131\u015f olaraq \u201ckar\u201d, \u201ckor\u201d, \u201cfiziki q\u00fcsurlu\u201d kimi terminl\u0259rd\u0259n istifad\u0259 ed\u0259rk\u0259n, \u0259lilliyi olan dostlar, ya do\u011furdan da, bu bar\u0259d\u0259 m\u0259lumatl\u0131 \u015f\u0259xsl\u0259r h\u0259min postlara \u015f\u0259rh yaz\u0131r, h\u0259ssasl\u0131q g\u00f6st\u0259rm\u0259yi v\u0259 d\u00fczg\u00fcn terminl\u0259rd\u0259n istifad\u0259 etm\u0259yi xahi\u015f edir. Bel\u0259 olan halda t\u0259nqid\u0259 d\u00f6z\u00fcms\u00fcz adamlar da h\u0259min haql\u0131 iradlara aqressiv reaksiya verirl\u0259r. Onlar d\u00fc\u015f\u00fcn\u00fcrl\u0259r ki, bu irad onlar\u0131n \u015f\u0259xsin\u0259 \u00fcnvanlan\u0131b. Guya bu adamlar s\u0259hv buraxa bilm\u0259z. H\u0259min iradlar\u0131 yazanlar da, \u201cs\u0259hv tutanlard\u0131r\u201d. Eqoya bax\u0131n.\n<\/p>\n<p>\n  Sosial sah\u0259d\u0259 i\u015fl\u0259y\u0259n bir q\u0131z\u0131n ox\u015far payla\u015f\u0131m\u0131n\u0131 g\u00f6r\u00fcb, ona yaz\u0131b, xahi\u015f etmi\u015fdim ki, payla\u015f\u0131m\u0131ndak\u0131 terminl\u0259ri redakt\u0259 edib d\u00fcz\u0259ltsin. Pah! T\u00fcrkl\u0259r demi\u015fk\u0259n, q\u0131z \u201c\u00e7\u0131ld\u0131rd\u0131\u201d. B\u00fct\u00fcn \u0259s\u0259bini m\u0259n\u0259 t\u00f6kd\u00fc v\u0259 yazd\u0131: \u201cM\u0259n o c\u00fcr u\u015faqlarla i\u015fl\u0259yir\u0259m, onlar\u0131n qeydin\u0259 qal\u0131ram. Bu \u015feyi m\u0259n\u0259 \u00f6yr\u0259d\u0259c\u0259ks\u0259n?\u201d Bax, bu c\u00fcr eqosu y\u00fcks\u0259k, kinli \u015f\u0259xsl\u0259r bo\u015f-bekar\u00e7\u0131l\u0131qdan bel\u0259 ha\u015ftaq yarad\u0131b, \u0259lilliyi olan insanlarla \u0259yl\u0259nirl\u0259r.\n<\/p>\n<p>\n  H\u0259, yad\u0131ma d\u00fc\u015fm\u00fc\u015fk\u0259n, onu da yaz\u0131m ki, sosial \u015f\u0259b\u0259k\u0259l\u0259rd\u0259 \u00e7ox m\u0259\u015fhur olan B\u0259xtiyar Hac\u0131yevin Metropoliten \u0130dar\u0259sinin r\u0259hb\u0259rliyin\u0259 r\u0259smi m\u0259ktubunu payla\u015fd\u0131\u011f\u0131n\u0131 g\u00f6rd\u00fcm. B\u0259xtiyar m\u0259ktubunda stansiyalarda s\u0259sl\u0259n\u0259n \u201ch\u00f6rm\u0259tli bak\u0131l\u0131lar v\u0259 \u015f\u0259h\u0259rimizin qonaqlar\u0131\u201d ifad\u0259sinin onda \u201cx\u00fcsusi narahatl\u0131q\u201d do\u011furdu\u011funu qeyd ed\u0259r\u0259k, h\u0259min ifad\u0259ni \u201ch\u00f6rm\u0259tli s\u0259rni\u015finl\u0259r\u201d s\u00f6zl\u0259ri il\u0259 \u0259v\u0259z olunmas\u0131n\u0131 ist\u0259yirdi. B\u0259xtiyar\u0131n bu add\u0131m\u0131n\u0131 t\u0259qdir edir\u0259m. Bir v\u0259t\u0259nda\u015f kimi \u00f6z\u00fcnd\u0259 v\u0259 \u0259ks\u0259r adamlarda narahatl\u0131q, q\u0131c\u0131q yaradan, ictimai xitab \u015f\u0259kilind\u0259 olan terminl\u0259r\u0259 real reaksiya ver\u0259r\u0259k, onun d\u0259yi\u015fdirilm\u0259sin\u0259 nail olmaq ist\u0259yir. Onun m\u00fcsb\u0259t nailiyy\u0259tl\u0259r\u0259 \u00e7atmaq potensial\u0131 geni\u015fdir. Bel\u0259 f\u0259all\u0131q v\u0259 v\u0259t\u0259nda\u015f m\u00f6vqeyi s\u0259rgil\u0259y\u0259nl\u0259ri g\u00f6rm\u0259k \u00e7ox g\u00f6z\u0259ldir.\n<\/p>\n<p>\n  B\u0259s, B\u0259xtiyar n\u0259 \u00fc\u00e7\u00fcn metroda \u0259lilliyi olan insanlar\u0131n istifad\u0259 imkanlar\u0131n\u0131n m\u0259hdudla\u015fd\u0131r\u0131lmas\u0131 v\u0259 stansiyalardak\u0131 \u0259lveri\u015fsiz infrastruktur bar\u0259d\u0259 d\u0259 Metropoliten r\u0259hb\u0259rliyin\u0259 m\u0259ktub yazm\u0131r? H\u0259m d\u0259 burda birba\u015fa v\u0259t\u0259nda\u015flar\u0131n a\u015fkar v\u0259 kobud \u015f\u0259kild\u0259 h\u00fcquqlar\u0131 pozulur. \u0130ctimai n\u0259qliyyatdan istifad\u0259 h\u00fcququnun pozulmas\u0131, y\u0259ni he\u00e7 bir \u201cx\u00fcsusi narahatl\u0131q\u201d do\u011furmur? M\u0259g\u0259r bu hal h\u0259min yanl\u0131\u015f xitabdan daha az narahatl\u0131q yarad\u0131r?\n<\/p>\n<p>\n  \u018flb\u0259tt\u0259, B\u0259xtiyar dey\u0259 bil\u0259r ki, onun bel\u0259 \u00f6hd\u0259liyi yoxdur. Bel\u0259 olan halda da bo\u011faz\u0131ndan yap\u0131\u015f\u0131b h\u0259ssasl\u0131q g\u00f6st\u0259rm\u0259si \u00fc\u00e7\u00fcn n\u0259s\u0259 t\u0259l\u0259b etm\u0259y\u0259 d\u0259 bizim haqq\u0131m\u0131z yoxdur. Ax\u0131 t\u0259kc\u0259 B\u0259xtiyar yox, onun kimi ictimai r\u0259y\u0259 dolay\u0131 v\u0259 birba\u015fa yollarla t\u0259sir etm\u0259 g\u00fcc\u00fcnd\u0259 olan \u0259ks\u0259r f\u0259allar, ictimai \u015f\u0259xsl\u0259r d\u0259 \u0259lilliyi olan insanlar\u0131n probleml\u0259rin\u0259 qar\u015f\u0131 laqeyd m\u00f6vqe n\u00fcmayi\u015f etdirirl\u0259r. Bir \u00e7oxuna \u015f\u0259xs\u0259n \u00f6z\u00fcm yaz\u0131b, onlar\u0131 t\u0259\u015f\u0259bb\u00fcskarl\u0131\u011fa s\u0259sl\u0259mi\u015f\u0259m. S\u0259s g\u0259lm\u0259yib&#8230;\n<\/p>\n<p>\n  Bel\u0259 hal xalq olaraq \u201cyaram\u0131z\u0131\u201ddaha da irinli edir.\n<\/p>\n<p>\n  \u201c\u00d6lk\u0259d\u0259 o q\u0259d\u0259r problem var ki, bunun \u201cd\u0259rdin\u0259\u201d bax\u201d tipli istehzal\u0131 \u015f\u0259rhl\u0259ri az g\u00f6rm\u0259mi\u015f\u0259m. Bunlar m\u0259n\u0259 \u00e7ox pis t\u0259sir edir. S\u00f6hb\u0259t Az\u0259rbaycan v\u0259t\u0259nda\u015f\u0131ndan gedir e. Niy\u0259 bu q\u0259d\u0259r d\u00fc\u015f\u00fcrs\u00fcn\u00fcz ki? T\u0259bii ki, probleml\u0259r xirtd\u0259y\u0259c\u0259ndir. M\u0259n bunu danm\u0131ram v\u0259 onlarla m\u00fcbariz\u0259 d\u0259 aparmaqdayam.\n<\/p>\n<p>\n  Sad\u0259c\u0259 fiziki imkanlar\u0131 m\u0259hdud \u015f\u0259xsl\u0259r\u0259 m\u00fctl\u0259q k\u0259nardan d\u0259st\u0259k olmal\u0131d\u0131r. Bu, \u00e7ox t\u0259bii v\u0259 z\u0259ruri hald\u0131r. \u00c7\u00fcnki \u0259lilliyi olan adamlar bu \u00f6lk\u0259d\u0259 on qat \u0259ziyy\u0259t \u00e7\u0259kirl\u0259r. \u0130nki\u015faf yolunu tutmu\u015f \u00f6lk\u0259l\u0259rin d\u0259 t\u0259cr\u00fcb\u0259sind\u0259 bu hal var. \u018flilliyi olmayan adamlar fiziki m\u0259hdudiyy\u0259ti olan v\u0259t\u0259nda\u015flara h\u0259r\u0259k\u0259t etm\u0259k v\u0259 f\u0259all\u0131q \u00fc\u00e7\u00fcn \u201cc\u0131\u011f\u0131r\u201d a\u00e7\u0131rlar.\n<\/p>\n<p>\n  He\u00e7 birimiz \u0259lillikd\u0259n si\u011fortal\u0131 deyilik. \u00dcmumi maraqlar v\u0259 inki\u015faf namin\u0259 \u0259rk ed\u0259r\u0259k bu s\u0259tirl\u0259ri yazd\u0131m. M\u0259qs\u0259dim kimd\u0259s\u0259 s\u0259hv tutmaq deyildi. Daha \u00f6z\u00fcn\u00fcz bilin, h\u0259ssas v\u0259 ya aqressiv yana\u015fmaq sizlikdir&#8230;\n<\/p>\n<p>\n  <i><br \/>\n    <b><br \/>\n      Yaz\u0131 m\u00fc\u0259llifin fikirl\u0259rini \u0259ks etdirir v\u0259 Meydan TV-nin m\u00f6vqeyi il\u0259 \u00fcst-\u00fcst\u0259 d\u00fc\u015fm\u0259y\u0259 bil\u0259r.<br \/>\n    <\/b><br \/>\n  <\/i><\/p>\n","protected":false},"excerpt":{"rendered":"<p>Sosial \u015f\u0259b\u0259k\u0259l\u0259rin g\u00fcc\u00fc, t\u0259siri \u00e7ox b\u00f6y\u00fckd\u00fcr<\/p>\n","protected":false},"author":11,"featured_media":95247,"comment_status":"closed","ping_status":"open","sticky":false,"template":"","format":"standard","meta":{"_acf_changed":false,"_sitemap_exclude":false,"_sitemap_priority":"","_sitemap_frequency":"","footnotes":""},"categories":[57],"tags":[],"class_list":["post-189921","post","type-post","status-publish","format-standard","has-post-thumbnail","hentry","category-menim-fikrimce","infinite-scroll-item","generate-columns","tablet-grid-50","mobile-grid-100","grid-parent","grid-33","no-featured-image-padding"],"acf":[],"yoast_head":"<!-- This site is optimized with the Yoast SEO plugin v27.4 - https:\/\/yoast.com\/product\/yoast-seo-wordpress\/ -->\n<title>M\u0259rh\u0259m\u0259tmi, h\u0259qar\u0259tmi? - MEYDAN.TV<\/title>\n<meta name=\"robots\" content=\"index, follow, max-snippet:-1, max-image-preview:large, max-video-preview:-1\" \/>\n<link rel=\"canonical\" href=\"https:\/\/www.meydan.tv\/az\/article\/merhemetmi-heqaretmi\/\" \/>\n<meta property=\"og:locale\" content=\"az_AZ\" \/>\n<meta property=\"og:type\" content=\"article\" \/>\n<meta property=\"og:title\" content=\"M\u0259rh\u0259m\u0259tmi, h\u0259qar\u0259tmi? - MEYDAN.TV\" \/>\n<meta property=\"og:description\" content=\"Sosial \u015f\u0259b\u0259k\u0259l\u0259rin g\u00fcc\u00fc, t\u0259siri \u00e7ox b\u00f6y\u00fckd\u00fcr\" \/>\n<meta property=\"og:url\" content=\"https:\/\/www.meydan.tv\/az\/article\/merhemetmi-heqaretmi\/\" \/>\n<meta property=\"og:site_name\" content=\"MEYDAN.TV\" \/>\n<meta property=\"article:published_time\" content=\"2018-05-10T16:58:01+00:00\" \/>\n<meta property=\"og:image\" content=\"https:\/\/www.meydan.tv\/wp-content\/uploads\/37636.jpg\" \/>\n\t<meta property=\"og:image:width\" content=\"2048\" \/>\n\t<meta property=\"og:image:height\" content=\"1365\" \/>\n\t<meta property=\"og:image:type\" content=\"image\/jpeg\" \/>\n<meta name=\"author\" content=\"user-manager\" \/>\n<meta name=\"twitter:card\" content=\"summary_large_image\" \/>\n<script type=\"application\/ld+json\" class=\"yoast-schema-graph\">{\"@context\":\"https:\\\/\\\/schema.org\",\"@graph\":[{\"@type\":\"Article\",\"@id\":\"https:\\\/\\\/www.meydan.tv\\\/az\\\/article\\\/merhemetmi-heqaretmi\\\/#article\",\"isPartOf\":{\"@id\":\"https:\\\/\\\/www.meydan.tv\\\/az\\\/article\\\/merhemetmi-heqaretmi\\\/\"},\"author\":{\"name\":\"user-manager\",\"@id\":\"https:\\\/\\\/www.meydan.tv\\\/az\\\/#\\\/schema\\\/person\\\/10d11eccf6da3662cf5fdab9806ea91a\"},\"headline\":\"M\u0259rh\u0259m\u0259tmi, h\u0259qar\u0259tmi?\",\"datePublished\":\"2018-05-10T16:58:01+00:00\",\"mainEntityOfPage\":{\"@id\":\"https:\\\/\\\/www.meydan.tv\\\/az\\\/article\\\/merhemetmi-heqaretmi\\\/\"},\"wordCount\":1380,\"publisher\":{\"@id\":\"https:\\\/\\\/www.meydan.tv\\\/az\\\/#organization\"},\"image\":{\"@id\":\"https:\\\/\\\/www.meydan.tv\\\/az\\\/article\\\/merhemetmi-heqaretmi\\\/#primaryimage\"},\"thumbnailUrl\":\"https:\\\/\\\/www.meydan.tv\\\/wp-content\\\/uploads\\\/37636.jpg\",\"articleSection\":[\"M\u0259nim Fikrimc\u0259\"],\"inLanguage\":\"az\"},{\"@type\":\"WebPage\",\"@id\":\"https:\\\/\\\/www.meydan.tv\\\/az\\\/article\\\/merhemetmi-heqaretmi\\\/\",\"url\":\"https:\\\/\\\/www.meydan.tv\\\/az\\\/article\\\/merhemetmi-heqaretmi\\\/\",\"name\":\"M\u0259rh\u0259m\u0259tmi, h\u0259qar\u0259tmi? - MEYDAN.TV\",\"isPartOf\":{\"@id\":\"https:\\\/\\\/www.meydan.tv\\\/az\\\/#website\"},\"primaryImageOfPage\":{\"@id\":\"https:\\\/\\\/www.meydan.tv\\\/az\\\/article\\\/merhemetmi-heqaretmi\\\/#primaryimage\"},\"image\":{\"@id\":\"https:\\\/\\\/www.meydan.tv\\\/az\\\/article\\\/merhemetmi-heqaretmi\\\/#primaryimage\"},\"thumbnailUrl\":\"https:\\\/\\\/www.meydan.tv\\\/wp-content\\\/uploads\\\/37636.jpg\",\"datePublished\":\"2018-05-10T16:58:01+00:00\",\"breadcrumb\":{\"@id\":\"https:\\\/\\\/www.meydan.tv\\\/az\\\/article\\\/merhemetmi-heqaretmi\\\/#breadcrumb\"},\"inLanguage\":\"az\",\"potentialAction\":[{\"@type\":\"ReadAction\",\"target\":[\"https:\\\/\\\/www.meydan.tv\\\/az\\\/article\\\/merhemetmi-heqaretmi\\\/\"]}]},{\"@type\":\"ImageObject\",\"inLanguage\":\"az\",\"@id\":\"https:\\\/\\\/www.meydan.tv\\\/az\\\/article\\\/merhemetmi-heqaretmi\\\/#primaryimage\",\"url\":\"https:\\\/\\\/www.meydan.tv\\\/wp-content\\\/uploads\\\/37636.jpg\",\"contentUrl\":\"https:\\\/\\\/www.meydan.tv\\\/wp-content\\\/uploads\\\/37636.jpg\",\"width\":2048,\"height\":1365,\"caption\":\"Source:\"},{\"@type\":\"BreadcrumbList\",\"@id\":\"https:\\\/\\\/www.meydan.tv\\\/az\\\/article\\\/merhemetmi-heqaretmi\\\/#breadcrumb\",\"itemListElement\":[{\"@type\":\"ListItem\",\"position\":1,\"name\":\"Ana s\u0259hif\u0259\",\"item\":\"https:\\\/\\\/www.meydan.tv\\\/az\\\/\"},{\"@type\":\"ListItem\",\"position\":2,\"name\":\"M\u0259nim Fikrimc\u0259\",\"item\":\"https:\\\/\\\/www.meydan.tv\\\/az\\\/section\\\/menim-fikrimce\\\/\"},{\"@type\":\"ListItem\",\"position\":3,\"name\":\"M\u0259rh\u0259m\u0259tmi, h\u0259qar\u0259tmi?\"}]},{\"@type\":\"WebSite\",\"@id\":\"https:\\\/\\\/www.meydan.tv\\\/az\\\/#website\",\"url\":\"https:\\\/\\\/www.meydan.tv\\\/az\\\/\",\"name\":\"MEYDAN.TV\",\"description\":\"Meydan TV Az\u0259rbaycan\u0131n media m\u0259kan\u0131ndak\u0131 alternativ s\u0259sidir\",\"publisher\":{\"@id\":\"https:\\\/\\\/www.meydan.tv\\\/az\\\/#organization\"},\"potentialAction\":[{\"@type\":\"SearchAction\",\"target\":{\"@type\":\"EntryPoint\",\"urlTemplate\":\"https:\\\/\\\/www.meydan.tv\\\/az\\\/?s={search_term_string}\"},\"query-input\":{\"@type\":\"PropertyValueSpecification\",\"valueRequired\":true,\"valueName\":\"search_term_string\"}}],\"inLanguage\":\"az\"},{\"@type\":\"Organization\",\"@id\":\"https:\\\/\\\/www.meydan.tv\\\/az\\\/#organization\",\"name\":\"Meydan TV\",\"url\":\"https:\\\/\\\/www.meydan.tv\\\/az\\\/\",\"logo\":{\"@type\":\"ImageObject\",\"inLanguage\":\"az\",\"@id\":\"https:\\\/\\\/www.meydan.tv\\\/az\\\/#\\\/schema\\\/logo\\\/image\\\/\",\"url\":\"https:\\\/\\\/www.meydan.tv\\\/wp-content\\\/uploads\\\/2021\\\/07\\\/meydan-logo.svg\",\"contentUrl\":\"https:\\\/\\\/www.meydan.tv\\\/wp-content\\\/uploads\\\/2021\\\/07\\\/meydan-logo.svg\",\"width\":195,\"height\":46,\"caption\":\"Meydan TV\"},\"image\":{\"@id\":\"https:\\\/\\\/www.meydan.tv\\\/az\\\/#\\\/schema\\\/logo\\\/image\\\/\"}},{\"@type\":\"Person\",\"@id\":\"https:\\\/\\\/www.meydan.tv\\\/az\\\/#\\\/schema\\\/person\\\/10d11eccf6da3662cf5fdab9806ea91a\",\"name\":\"user-manager\"}]}<\/script>\n<!-- \/ Yoast SEO plugin. -->","yoast_head_json":{"title":"M\u0259rh\u0259m\u0259tmi, h\u0259qar\u0259tmi? - MEYDAN.TV","robots":{"index":"index","follow":"follow","max-snippet":"max-snippet:-1","max-image-preview":"max-image-preview:large","max-video-preview":"max-video-preview:-1"},"canonical":"https:\/\/www.meydan.tv\/az\/article\/merhemetmi-heqaretmi\/","og_locale":"az_AZ","og_type":"article","og_title":"M\u0259rh\u0259m\u0259tmi, h\u0259qar\u0259tmi? - MEYDAN.TV","og_description":"Sosial \u015f\u0259b\u0259k\u0259l\u0259rin g\u00fcc\u00fc, t\u0259siri \u00e7ox b\u00f6y\u00fckd\u00fcr","og_url":"https:\/\/www.meydan.tv\/az\/article\/merhemetmi-heqaretmi\/","og_site_name":"MEYDAN.TV","article_published_time":"2018-05-10T16:58:01+00:00","og_image":[{"width":2048,"height":1365,"url":"https:\/\/www.meydan.tv\/wp-content\/uploads\/37636.jpg","type":"image\/jpeg"}],"author":"user-manager","twitter_card":"summary_large_image","schema":{"@context":"https:\/\/schema.org","@graph":[{"@type":"Article","@id":"https:\/\/www.meydan.tv\/az\/article\/merhemetmi-heqaretmi\/#article","isPartOf":{"@id":"https:\/\/www.meydan.tv\/az\/article\/merhemetmi-heqaretmi\/"},"author":{"name":"user-manager","@id":"https:\/\/www.meydan.tv\/az\/#\/schema\/person\/10d11eccf6da3662cf5fdab9806ea91a"},"headline":"M\u0259rh\u0259m\u0259tmi, h\u0259qar\u0259tmi?","datePublished":"2018-05-10T16:58:01+00:00","mainEntityOfPage":{"@id":"https:\/\/www.meydan.tv\/az\/article\/merhemetmi-heqaretmi\/"},"wordCount":1380,"publisher":{"@id":"https:\/\/www.meydan.tv\/az\/#organization"},"image":{"@id":"https:\/\/www.meydan.tv\/az\/article\/merhemetmi-heqaretmi\/#primaryimage"},"thumbnailUrl":"https:\/\/www.meydan.tv\/wp-content\/uploads\/37636.jpg","articleSection":["M\u0259nim Fikrimc\u0259"],"inLanguage":"az"},{"@type":"WebPage","@id":"https:\/\/www.meydan.tv\/az\/article\/merhemetmi-heqaretmi\/","url":"https:\/\/www.meydan.tv\/az\/article\/merhemetmi-heqaretmi\/","name":"M\u0259rh\u0259m\u0259tmi, h\u0259qar\u0259tmi? - MEYDAN.TV","isPartOf":{"@id":"https:\/\/www.meydan.tv\/az\/#website"},"primaryImageOfPage":{"@id":"https:\/\/www.meydan.tv\/az\/article\/merhemetmi-heqaretmi\/#primaryimage"},"image":{"@id":"https:\/\/www.meydan.tv\/az\/article\/merhemetmi-heqaretmi\/#primaryimage"},"thumbnailUrl":"https:\/\/www.meydan.tv\/wp-content\/uploads\/37636.jpg","datePublished":"2018-05-10T16:58:01+00:00","breadcrumb":{"@id":"https:\/\/www.meydan.tv\/az\/article\/merhemetmi-heqaretmi\/#breadcrumb"},"inLanguage":"az","potentialAction":[{"@type":"ReadAction","target":["https:\/\/www.meydan.tv\/az\/article\/merhemetmi-heqaretmi\/"]}]},{"@type":"ImageObject","inLanguage":"az","@id":"https:\/\/www.meydan.tv\/az\/article\/merhemetmi-heqaretmi\/#primaryimage","url":"https:\/\/www.meydan.tv\/wp-content\/uploads\/37636.jpg","contentUrl":"https:\/\/www.meydan.tv\/wp-content\/uploads\/37636.jpg","width":2048,"height":1365,"caption":"Source:"},{"@type":"BreadcrumbList","@id":"https:\/\/www.meydan.tv\/az\/article\/merhemetmi-heqaretmi\/#breadcrumb","itemListElement":[{"@type":"ListItem","position":1,"name":"Ana s\u0259hif\u0259","item":"https:\/\/www.meydan.tv\/az\/"},{"@type":"ListItem","position":2,"name":"M\u0259nim Fikrimc\u0259","item":"https:\/\/www.meydan.tv\/az\/section\/menim-fikrimce\/"},{"@type":"ListItem","position":3,"name":"M\u0259rh\u0259m\u0259tmi, h\u0259qar\u0259tmi?"}]},{"@type":"WebSite","@id":"https:\/\/www.meydan.tv\/az\/#website","url":"https:\/\/www.meydan.tv\/az\/","name":"MEYDAN.TV","description":"Meydan TV Az\u0259rbaycan\u0131n media m\u0259kan\u0131ndak\u0131 alternativ s\u0259sidir","publisher":{"@id":"https:\/\/www.meydan.tv\/az\/#organization"},"potentialAction":[{"@type":"SearchAction","target":{"@type":"EntryPoint","urlTemplate":"https:\/\/www.meydan.tv\/az\/?s={search_term_string}"},"query-input":{"@type":"PropertyValueSpecification","valueRequired":true,"valueName":"search_term_string"}}],"inLanguage":"az"},{"@type":"Organization","@id":"https:\/\/www.meydan.tv\/az\/#organization","name":"Meydan TV","url":"https:\/\/www.meydan.tv\/az\/","logo":{"@type":"ImageObject","inLanguage":"az","@id":"https:\/\/www.meydan.tv\/az\/#\/schema\/logo\/image\/","url":"https:\/\/www.meydan.tv\/wp-content\/uploads\/2021\/07\/meydan-logo.svg","contentUrl":"https:\/\/www.meydan.tv\/wp-content\/uploads\/2021\/07\/meydan-logo.svg","width":195,"height":46,"caption":"Meydan TV"},"image":{"@id":"https:\/\/www.meydan.tv\/az\/#\/schema\/logo\/image\/"}},{"@type":"Person","@id":"https:\/\/www.meydan.tv\/az\/#\/schema\/person\/10d11eccf6da3662cf5fdab9806ea91a","name":"user-manager"}]}},"_links":{"self":[{"href":"https:\/\/www.meydan.tv\/az\/wp-json\/wp\/v2\/posts\/189921","targetHints":{"allow":["GET"]}}],"collection":[{"href":"https:\/\/www.meydan.tv\/az\/wp-json\/wp\/v2\/posts"}],"about":[{"href":"https:\/\/www.meydan.tv\/az\/wp-json\/wp\/v2\/types\/post"}],"author":[{"embeddable":true,"href":"https:\/\/www.meydan.tv\/az\/wp-json\/wp\/v2\/users\/11"}],"replies":[{"embeddable":true,"href":"https:\/\/www.meydan.tv\/az\/wp-json\/wp\/v2\/comments?post=189921"}],"version-history":[{"count":0,"href":"https:\/\/www.meydan.tv\/az\/wp-json\/wp\/v2\/posts\/189921\/revisions"}],"wp:featuredmedia":[{"embeddable":true,"href":"https:\/\/www.meydan.tv\/az\/wp-json\/wp\/v2\/media\/95247"}],"wp:attachment":[{"href":"https:\/\/www.meydan.tv\/az\/wp-json\/wp\/v2\/media?parent=189921"}],"wp:term":[{"taxonomy":"category","embeddable":true,"href":"https:\/\/www.meydan.tv\/az\/wp-json\/wp\/v2\/categories?post=189921"},{"taxonomy":"post_tag","embeddable":true,"href":"https:\/\/www.meydan.tv\/az\/wp-json\/wp\/v2\/tags?post=189921"}],"curies":[{"name":"wp","href":"https:\/\/api.w.org\/{rel}","templated":true}]}}