{"id":189919,"date":"2018-05-10T16:53:31","date_gmt":"2018-05-10T16:53:31","guid":{"rendered":"https:\/\/www.meydan.tv\/article\/sekkiz-illik-qaz-yolu-iki-milyardin-yuz-yolu\/"},"modified":"2018-05-10T16:53:31","modified_gmt":"2018-05-10T16:53:31","slug":"sekkiz-illik-qaz-yolu-iki-milyardin-yuz-yolu","status":"publish","type":"post","link":"https:\/\/www.meydan.tv\/az\/article\/sekkiz-illik-qaz-yolu-iki-milyardin-yuz-yolu\/","title":{"rendered":"S\u0259kkiz illik qaz yolu, iki milyard\u0131n y\u00fcz yolu\u2026"},"content":{"rendered":"<p>\n  Ke\u00e7mi\u015f redaktorlar\u0131mdan biri daim yerli q\u0259zetl\u0259ri izl\u0259m\u0259yi t\u00f6vsiy\u0259 etmi\u015fdi. S\u00f6z\u00fcn \u0259sl m\u0259nas\u0131nda \u201cyerli hakimiyy\u0259tin \u201corqan\u0131\u201dna \u00e7evrilmi\u015f m\u0259ddah rayon q\u0259zeti kim\u0259 n\u0259 ver\u0259c\u0259k?\u201d &#8211; dey\u0259 biz heyr\u0259tl\u0259n\u0259nd\u0259 g\u00fcl\u00fcms\u0259di:\n<\/p>\n<p>\n  \u2013 Kim\u0259 n\u0259 ver\u0259c\u0259k, m\u0259ni maraqland\u0131rm\u0131r. Siz\u0259 m\u0259lumat ver\u0259c\u0259k v\u0259 o m\u0259lumatlar i\u015finiz\u0259 yarayacaq.\n<\/p>\n<p>\n  O vaxtdan \u0259lim\u0259 ke\u00e7\u0259n yerli q\u0259zetl\u0259ri kitab dolab\u0131n\u0131n bir k\u00fcnc\u00fcn\u0259 at\u0131rd\u0131m. Bug\u00fcnl\u0259rd\u0259 t\u0259sad\u00fcf\u0259n h\u0259min q\u0259zetl\u0259rd\u0259n birin\u0259 g\u00f6z atanda redaktorumun n\u0259 q\u0259d\u0259r haql\u0131 oldu\u011funu anlad\u0131m.\n<\/p>\n<p>\n  G\u0259ncliyimd\u0259 \u0259m\u0259kda\u015f\u0131 oldu\u011fum q\u0259zetin bu say\u0131 f\u00f6vq\u0259lnazirin \u201cQ\u0259b\u0259l\u0259 II Beyn\u0259lxalq Musiqi Festival\u0131\u201dna h\u0259sr olunmu\u015fdu. He\u00e7 n\u0259 demirik, olsun. Adam b\u00fct\u00f6vl\u00fckd\u0259 rayona \u015f\u0259xsi m\u00fclkiyy\u0259ti kimi bax\u0131r. Musiqi festival\u0131 da ke\u00e7ird\u0259r, atom s\u0131na\u011f\u0131 da. Can\u0131m\u0131z da, mal\u0131m\u0131z da, h\u0259tta z\u00f6vq\u00fcm\u00fcz d\u0259 onun \u0259hval-ruhiyy\u0259sin\u0259 hesablan\u0131b. H\u0259r k\u0259s d\u0259 hal\u0131ndan m\u0259mnun g\u00f6r\u00fcn\u00fcr.\n<\/p>\n<p>\n  \u018flimd\u0259ki q\u0259zet d\u0259 h\u0259m\u00e7inin q\u0259zetlikd\u0259n \u00e7\u0131x\u0131b \u0259zik-\u00fcz\u00fck ka\u011f\u0131z par\u00e7as\u0131 kimi \u00f6lk\u0259 \u201cqaymaqlar\u0131n\u0131n\u201d ayaqlar\u0131na el\u0259 m\u0259mnuniyy\u0259tl\u0259 d\u00f6\u015f\u0259nib ki, ba\u015fqalar\u0131 sanki festivala tum \u00e7\u0131rtlama\u011fa g\u0259libl\u0259rmi\u015f. S\u0259n\u0259t\u0259 d\u0259xli olmayan yersiz t\u0259rif, p\u0259r\u0259sti\u015f dolu c\u00fcml\u0259l\u0259rd\u0259n \u00fcr\u0259yim buland\u0131. \u015eablon v\u0259r\u0259ql\u0259ri izl\u0259m\u0259kd\u0259n s\u0131x\u0131l\u0131b q\u0259zeti yerin\u0259 qoymaq ist\u0259y\u0259nd\u0259 bird\u0259n hans\u0131sa k\u00fcncd\u0259 k\u0259ndimizin ad\u0131n\u0131 g\u00f6r\u00fcb t\u0259\u0259cc\u00fcbl\u0259nd\u00fcm. T\u0259mt\u0259raql\u0131 festival ortam\u0131nda m\u0259nim yetim k\u0259ndimin n\u0259 i\u015fi vard\u0131?\n<\/p>\n<p>\n  Dem\u0259 bir ne\u00e7\u0259 \u0259traf k\u0259ndl\u0259 b\u0259rab\u0259r bizim k\u0259ndimiz\u0259 d\u0259 qaz \u00e7\u0259kili\u015fin\u0259 ba\u015flan\u0131bm\u0131\u015f. Balaca yaz\u0131da \u00e7\u0259kili\u015fin ilin ax\u0131r\u0131na q\u0259d\u0259r ba\u015fa \u00e7ataca\u011f\u0131 bar\u0259d\u0259 m\u0259lumat verilirdi. H\u0259r\u00e7\u0259nd qazla\u015fas\u0131 k\u0259ndl\u0259rin aras\u0131nda bac\u0131mgilin k\u0259ndini g\u00f6r\u00fcb daha \u00e7ox sevindim. H\u0259\u015ftad\u0131 haqlam\u0131\u015f bac\u0131m\u0131n v\u0259 h\u0259yat yolda\u015f\u0131n\u0131n pensiyas\u0131n\u0131 aylarla y\u0131\u011f\u0131b h\u0259r il min manata yax\u0131n oduna pul verirl\u0259r. \u00dcst\u0259lik odun-ocaqla \u0259ll\u0259\u015fm\u0259k evind\u0259 yataq x\u0259st\u0259si olan beli b\u00fck\u00fclm\u00fc\u015f ya\u015fl\u0131 adam\u0131n \u0259ziyy\u0259tini xeyli art\u0131r\u0131r.\n<\/p>\n<p>\n  Oxudu\u011fum x\u0259b\u0259ri d\u0259rhal bac\u0131mla payla\u015f\u0131b onu da sevindirm\u0259k ist\u0259dim. Yaz\u0131\u011f\u0131n i\u015fi n\u0259 q\u0259d\u0259r y\u00fcng\u00fcll\u0259\u015f\u0259c\u0259kdi! \u201cQazl\u0131 q\u0259zeti\u201d sev\u0259-sev\u0259 g\u00f6t\u00fcr\u00fcb m\u00fcjd\u0259 verm\u0259k \u00fc\u00e7\u00fcn bac\u0131ma z\u0259ng vuranda g\u00f6z\u00fcm\u0259 s\u0259hif\u0259nin yuxar\u0131s\u0131ndak\u0131 tarix sata\u015fd\u0131: 2010-cu il, 29 avqust!\n<\/p>\n<p>\n  T\u0259krar oxudum. Ondan b\u0259ri s\u0259kkiz d\u0259f\u0259 ilin sonu \u00e7at\u0131b ax\u0131&#8230; Bac\u0131m\u0131n s\u0259sini e\u015fid\u0259n kimi \u00e7a\u015fd\u0131\u011f\u0131mdan \u201cqaza g\u00f6r\u0259 z\u0259ng etmi\u015fdim\u201d- dey\u0259r\u0259k \u00f6z\u00fcm\u00fc daha axmaq v\u0259ziyy\u0259t\u0259 sald\u0131m. Yanar qazla ba\u011fl\u0131 x\u0259yallar\u0131 \u00e7oxdan k\u00fcl\u0259 d\u00f6nm\u00fc\u015f bac\u0131m yax\u015f\u0131 ki, m\u0259ni yanl\u0131\u015f anlay\u0131b hals\u0131z-hals\u0131z dill\u0259ndi:\n<\/p>\n<p>\n  \u2013 Bizd\u0259 qaz qalmad\u0131 ki. Bilirs\u0259n, qaz quruda \u0259m\u0259l\u0259 g\u0259lm\u0259z, dilsiz-a\u011f\u0131zs\u0131z canl\u0131n\u0131 sudan m\u0259hrum saxlamaq da g\u00fcnahd\u0131r. K\u0259ndin arx\u0131n\u0131 k\u0259sib b\u00f6y\u00fckl\u0259rin sah\u0259l\u0259rin\u0259 veribl\u0259r. \u0130\u00e7m\u0259y\u0259 suyu g\u00fcc-b\u0259la il\u0259 tap\u0131r\u0131q. U\u015faqlar m\u0259n evd\u0259 olmayanda qazlar\u0131 suyu h\u0259l\u0259 k\u0259silm\u0259mi\u015f k\u0259ndl\u0259rin birin\u0259 d\u0259y\u0259r-d\u0259ym\u0259zin\u0259 sat\u0131blar.\n<\/p>\n<p>\n  S\u0259nin qaz\u0131n da onlar\u0131n aras\u0131nda gedib. Odunumuz qurtar\u0131b, indi m\u0259n \u00e7ay qaynatmaq, x\u00f6r\u0259k bi\u015firm\u0259k \u00fc\u00e7\u00fcn ba\u011fa \u00e7\u0131rp\u0131 y\u0131\u011fma\u011fa gedir\u0259m.\n<\/p>\n<p>\n  Odsuz-susuz bac\u0131m\u0131n b\u00fck\u00fclm\u00fc\u015f belind\u0259ki \u00e7\u0131rp\u0131 oca\u011f\u0131n\u0131 el\u0259 bil \u00fcr\u0259yimd\u0259 qalay\u0131rd\u0131lar. Bir g\u00fcn t\u00fcst\u00fcm t\u0259p\u0259md\u0259n \u00e7\u0131xa-\u00e7\u0131xa ana \u0259v\u0259zim c\u0259fake\u015f qad\u0131n\u0131 \u201ccan!\u201d deyib \u0259zizl\u0259m\u0259k ist\u0259dim. Amma qorxdum\u2026 Qorxdum bac\u0131m bu d\u0259f\u0259 cavab ver\u0259 ki, can\u0131m\u0131z\u0131 k\u0259sib d\u00f6rdqat deputat F\u0259ttah Heyd\u0259rova yap\u0131\u015fd\u0131r\u0131blar. Be\u015finci, alt\u0131nc\u0131, yeddinci v\u0259 sairinci d\u0259f\u0259 Q\u0259b\u0259l\u0259d\u0259n mandat\u0131n\u0131 daha q\u0131vraq als\u0131n dey\u0259\u2026\u201d\n<\/p>\n<p>\n  Bitdimi? Bitm\u0259di, bitm\u0259z. Ab\u0131rs\u0131zl\u0131q, haqs\u0131zl\u0131q, zorak\u0131l\u0131q, \u0259dal\u0259tsizlik, daha n\u0259 bilim n\u0259 q\u0259d\u0259r \u201csizlik\u201dl\u0259r biz ist\u0259m\u0259d\u0259n bitm\u0259z. \u0130st\u0259y\u0259 bils\u0259k, h\u0259r \u015fey f\u0259rqli olar. \u018fn az\u0131ndan \u201canaloqsuz inki\u015faf \u00f6lk\u0259sind\u0259\u201d n\u0259n\u0259l\u0259r bell\u0259rind\u0259 \u00e7\u0131rp\u0131 da\u015f\u0131mazlar. B\u0259lk\u0259 ist\u0259m\u0259yi s\u0131nayaq? Bundan \u00f6tr\u00fc ki, \u201cBaksovet\u201din icaz\u0259si laz\u0131m deyil&#8230;\n<\/p>\n<p>\n  Yaz\u0131n\u0131 g\u00fcnd\u0259lik h\u0259yat\u0131m\u0131z\u0131n reall\u0131qlar\u0131ndan y\u0131\u011fcam bir h\u0259yat hekay\u0259ti il\u0259 bitirm\u0259k ist\u0259dim.\n<\/p>\n<p>\n  ***\n<\/p>\n<p>\n  K\u00f6rp\u0259sinin s\u00fcd pulunu alma\u011fa ged\u0259n kas\u0131b ata Sosial M\u00fcdafi\u0259 \u0130dar\u0259sind\u0259 klassik mane\u0259l\u0259rl\u0259 qar\u015f\u0131la\u015f\u0131r: \u201cAd\u0131na n\u0259s\u0259 var, s\u0259n\u0259 d\u00fc\u015fm\u00fcr!\u201d<br \/>\n  <br \/>\n  Adam s\u00fcdl\u0259 ba\u011fl\u0131 h\u0259min \u00f6d\u0259ni\u015fin analara aid oldu\u011funu izah etm\u0259y\u0259 \u00e7al\u0131\u015f\u0131r. Sosial m\u00fcdafi\u0259\u00e7il\u0259r t\u0259slim olmay\u0131b gender b\u0259rab\u0259rliyin\u0259 q\u0259d\u0259r gedib \u00e7\u0131x\u0131rlar. N\u0259hay\u0259t, s\u00fclhm\u0259raml\u0131 bir \u0259m\u0259kda\u015f y\u00fcz manatl\u0131q i\u015fi yar\u0131l\u0131\u011f\u0131na boynuna g\u00f6t\u00fcr\u00fcr. \u018fll\u0259rin\u0259 \u00e7atas\u0131 \u0259lli manat\u0131n art\u0131q yar\u0131s\u0131n\u0131 yola-riz\u0259, s\u0259n\u0259d-s\u00fcn\u0259d\u0259 x\u0259rcl\u0259mi\u015f ata soru\u015fur:\n<\/p>\n<p>\n  \u2013 \u0130ndi deyirsiniz u\u015fa\u011f\u0131 bir g\u00fcn anas\u0131, bir g\u00fcn siz \u0259mizdir\u0259c\u0259ksiniz?\n<\/p>\n<p>\n  P.s. Bu arada ged\u0259nin dal\u0131nca dan\u0131\u015fm\u0131ram. M\u0259n sad\u0259c\u0259 S\u0259lim M\u00fcsl\u00fcmovun iki milyard\u0131ndak\u0131 y\u00fcz manat\u0131n yerini \u00e7oxdan bilir\u0259m. Y\u0259ni, s\u00fcdpulusuz b\u00f6y\u00fcy\u0259n o u\u015faq art\u0131q m\u0259kt\u0259blidir, bir ne\u00e7\u0259 ild\u0259n sonra is\u0259 v\u0259t\u0259ni qoruma\u011fa c\u0259bh\u0259 b\u00f6lg\u0259sin\u0259 yollanacaq\u2026\n<\/p>\n<p>\n  <i><br \/>\n    <b><br \/>\n      Yaz\u0131 m\u00fc\u0259llifin fikirl\u0259rini \u0259ks etdirir v\u0259 Meydan TV-nin m\u00f6vqeyi il\u0259 \u00fcst-\u00fcst\u0259 d\u00fc\u015fm\u0259y\u0259 bil\u0259r.<br \/>\n    <\/b><br \/>\n  <\/i><\/p>\n","protected":false},"excerpt":{"rendered":"<p>Ke\u00e7mi\u015f redaktorlar\u0131mdan biri daim yerli q\u0259zetl\u0259ri izl\u0259m\u0259yi t\u00f6vsiy\u0259 etmi\u015fdi<\/p>\n","protected":false},"author":11,"featured_media":80491,"comment_status":"closed","ping_status":"open","sticky":false,"template":"","format":"standard","meta":{"_acf_changed":false,"_sitemap_exclude":false,"_sitemap_priority":"","_sitemap_frequency":"","footnotes":""},"categories":[57],"tags":[],"class_list":["post-189919","post","type-post","status-publish","format-standard","has-post-thumbnail","hentry","category-menim-fikrimce","infinite-scroll-item","generate-columns","tablet-grid-50","mobile-grid-100","grid-parent","grid-33","no-featured-image-padding"],"acf":[],"yoast_head":"<!-- This site is optimized with the Yoast SEO plugin v27.4 - https:\/\/yoast.com\/product\/yoast-seo-wordpress\/ -->\n<title>S\u0259kkiz illik qaz yolu, iki milyard\u0131n y\u00fcz yolu\u2026 - MEYDAN.TV<\/title>\n<meta name=\"robots\" content=\"index, follow, max-snippet:-1, max-image-preview:large, max-video-preview:-1\" \/>\n<link rel=\"canonical\" href=\"https:\/\/www.meydan.tv\/az\/article\/sekkiz-illik-qaz-yolu-iki-milyardin-yuz-yolu\/\" \/>\n<meta property=\"og:locale\" content=\"az_AZ\" \/>\n<meta property=\"og:type\" content=\"article\" \/>\n<meta property=\"og:title\" content=\"S\u0259kkiz illik qaz yolu, iki milyard\u0131n y\u00fcz yolu\u2026 - MEYDAN.TV\" \/>\n<meta property=\"og:description\" content=\"Ke\u00e7mi\u015f redaktorlar\u0131mdan biri daim yerli q\u0259zetl\u0259ri izl\u0259m\u0259yi t\u00f6vsiy\u0259 etmi\u015fdi\" \/>\n<meta property=\"og:url\" content=\"https:\/\/www.meydan.tv\/az\/article\/sekkiz-illik-qaz-yolu-iki-milyardin-yuz-yolu\/\" \/>\n<meta property=\"og:site_name\" content=\"MEYDAN.TV\" \/>\n<meta property=\"article:published_time\" content=\"2018-05-10T16:53:31+00:00\" \/>\n<meta property=\"og:image\" content=\"https:\/\/www.meydan.tv\/wp-content\/uploads\/31405.jpg\" \/>\n\t<meta property=\"og:image:width\" content=\"1334\" \/>\n\t<meta property=\"og:image:height\" content=\"998\" \/>\n\t<meta property=\"og:image:type\" content=\"image\/jpeg\" \/>\n<meta name=\"author\" content=\"user-manager\" \/>\n<meta name=\"twitter:card\" content=\"summary_large_image\" \/>\n<script type=\"application\/ld+json\" class=\"yoast-schema-graph\">{\"@context\":\"https:\\\/\\\/schema.org\",\"@graph\":[{\"@type\":\"Article\",\"@id\":\"https:\\\/\\\/www.meydan.tv\\\/az\\\/article\\\/sekkiz-illik-qaz-yolu-iki-milyardin-yuz-yolu\\\/#article\",\"isPartOf\":{\"@id\":\"https:\\\/\\\/www.meydan.tv\\\/az\\\/article\\\/sekkiz-illik-qaz-yolu-iki-milyardin-yuz-yolu\\\/\"},\"author\":{\"name\":\"user-manager\",\"@id\":\"https:\\\/\\\/www.meydan.tv\\\/az\\\/#\\\/schema\\\/person\\\/10d11eccf6da3662cf5fdab9806ea91a\"},\"headline\":\"S\u0259kkiz illik qaz yolu, iki milyard\u0131n y\u00fcz yolu\u2026\",\"datePublished\":\"2018-05-10T16:53:31+00:00\",\"mainEntityOfPage\":{\"@id\":\"https:\\\/\\\/www.meydan.tv\\\/az\\\/article\\\/sekkiz-illik-qaz-yolu-iki-milyardin-yuz-yolu\\\/\"},\"wordCount\":1108,\"publisher\":{\"@id\":\"https:\\\/\\\/www.meydan.tv\\\/az\\\/#organization\"},\"image\":{\"@id\":\"https:\\\/\\\/www.meydan.tv\\\/az\\\/article\\\/sekkiz-illik-qaz-yolu-iki-milyardin-yuz-yolu\\\/#primaryimage\"},\"thumbnailUrl\":\"https:\\\/\\\/www.meydan.tv\\\/wp-content\\\/uploads\\\/31405.jpg\",\"articleSection\":[\"M\u0259nim Fikrimc\u0259\"],\"inLanguage\":\"az\"},{\"@type\":\"WebPage\",\"@id\":\"https:\\\/\\\/www.meydan.tv\\\/az\\\/article\\\/sekkiz-illik-qaz-yolu-iki-milyardin-yuz-yolu\\\/\",\"url\":\"https:\\\/\\\/www.meydan.tv\\\/az\\\/article\\\/sekkiz-illik-qaz-yolu-iki-milyardin-yuz-yolu\\\/\",\"name\":\"S\u0259kkiz illik qaz yolu, iki milyard\u0131n y\u00fcz yolu\u2026 - MEYDAN.TV\",\"isPartOf\":{\"@id\":\"https:\\\/\\\/www.meydan.tv\\\/az\\\/#website\"},\"primaryImageOfPage\":{\"@id\":\"https:\\\/\\\/www.meydan.tv\\\/az\\\/article\\\/sekkiz-illik-qaz-yolu-iki-milyardin-yuz-yolu\\\/#primaryimage\"},\"image\":{\"@id\":\"https:\\\/\\\/www.meydan.tv\\\/az\\\/article\\\/sekkiz-illik-qaz-yolu-iki-milyardin-yuz-yolu\\\/#primaryimage\"},\"thumbnailUrl\":\"https:\\\/\\\/www.meydan.tv\\\/wp-content\\\/uploads\\\/31405.jpg\",\"datePublished\":\"2018-05-10T16:53:31+00:00\",\"breadcrumb\":{\"@id\":\"https:\\\/\\\/www.meydan.tv\\\/az\\\/article\\\/sekkiz-illik-qaz-yolu-iki-milyardin-yuz-yolu\\\/#breadcrumb\"},\"inLanguage\":\"az\",\"potentialAction\":[{\"@type\":\"ReadAction\",\"target\":[\"https:\\\/\\\/www.meydan.tv\\\/az\\\/article\\\/sekkiz-illik-qaz-yolu-iki-milyardin-yuz-yolu\\\/\"]}]},{\"@type\":\"ImageObject\",\"inLanguage\":\"az\",\"@id\":\"https:\\\/\\\/www.meydan.tv\\\/az\\\/article\\\/sekkiz-illik-qaz-yolu-iki-milyardin-yuz-yolu\\\/#primaryimage\",\"url\":\"https:\\\/\\\/www.meydan.tv\\\/wp-content\\\/uploads\\\/31405.jpg\",\"contentUrl\":\"https:\\\/\\\/www.meydan.tv\\\/wp-content\\\/uploads\\\/31405.jpg\",\"width\":1334,\"height\":998,\"caption\":\"Source:\"},{\"@type\":\"BreadcrumbList\",\"@id\":\"https:\\\/\\\/www.meydan.tv\\\/az\\\/article\\\/sekkiz-illik-qaz-yolu-iki-milyardin-yuz-yolu\\\/#breadcrumb\",\"itemListElement\":[{\"@type\":\"ListItem\",\"position\":1,\"name\":\"Ana s\u0259hif\u0259\",\"item\":\"https:\\\/\\\/www.meydan.tv\\\/az\\\/\"},{\"@type\":\"ListItem\",\"position\":2,\"name\":\"M\u0259nim Fikrimc\u0259\",\"item\":\"https:\\\/\\\/www.meydan.tv\\\/az\\\/section\\\/menim-fikrimce\\\/\"},{\"@type\":\"ListItem\",\"position\":3,\"name\":\"S\u0259kkiz illik qaz yolu, iki milyard\u0131n y\u00fcz yolu\u2026\"}]},{\"@type\":\"WebSite\",\"@id\":\"https:\\\/\\\/www.meydan.tv\\\/az\\\/#website\",\"url\":\"https:\\\/\\\/www.meydan.tv\\\/az\\\/\",\"name\":\"MEYDAN.TV\",\"description\":\"Meydan TV Az\u0259rbaycan\u0131n media m\u0259kan\u0131ndak\u0131 alternativ s\u0259sidir\",\"publisher\":{\"@id\":\"https:\\\/\\\/www.meydan.tv\\\/az\\\/#organization\"},\"potentialAction\":[{\"@type\":\"SearchAction\",\"target\":{\"@type\":\"EntryPoint\",\"urlTemplate\":\"https:\\\/\\\/www.meydan.tv\\\/az\\\/?s={search_term_string}\"},\"query-input\":{\"@type\":\"PropertyValueSpecification\",\"valueRequired\":true,\"valueName\":\"search_term_string\"}}],\"inLanguage\":\"az\"},{\"@type\":\"Organization\",\"@id\":\"https:\\\/\\\/www.meydan.tv\\\/az\\\/#organization\",\"name\":\"Meydan TV\",\"url\":\"https:\\\/\\\/www.meydan.tv\\\/az\\\/\",\"logo\":{\"@type\":\"ImageObject\",\"inLanguage\":\"az\",\"@id\":\"https:\\\/\\\/www.meydan.tv\\\/az\\\/#\\\/schema\\\/logo\\\/image\\\/\",\"url\":\"https:\\\/\\\/www.meydan.tv\\\/wp-content\\\/uploads\\\/2021\\\/07\\\/meydan-logo.svg\",\"contentUrl\":\"https:\\\/\\\/www.meydan.tv\\\/wp-content\\\/uploads\\\/2021\\\/07\\\/meydan-logo.svg\",\"width\":195,\"height\":46,\"caption\":\"Meydan TV\"},\"image\":{\"@id\":\"https:\\\/\\\/www.meydan.tv\\\/az\\\/#\\\/schema\\\/logo\\\/image\\\/\"}},{\"@type\":\"Person\",\"@id\":\"https:\\\/\\\/www.meydan.tv\\\/az\\\/#\\\/schema\\\/person\\\/10d11eccf6da3662cf5fdab9806ea91a\",\"name\":\"user-manager\"}]}<\/script>\n<!-- \/ Yoast SEO plugin. -->","yoast_head_json":{"title":"S\u0259kkiz illik qaz yolu, iki milyard\u0131n y\u00fcz yolu\u2026 - MEYDAN.TV","robots":{"index":"index","follow":"follow","max-snippet":"max-snippet:-1","max-image-preview":"max-image-preview:large","max-video-preview":"max-video-preview:-1"},"canonical":"https:\/\/www.meydan.tv\/az\/article\/sekkiz-illik-qaz-yolu-iki-milyardin-yuz-yolu\/","og_locale":"az_AZ","og_type":"article","og_title":"S\u0259kkiz illik qaz yolu, iki milyard\u0131n y\u00fcz yolu\u2026 - MEYDAN.TV","og_description":"Ke\u00e7mi\u015f redaktorlar\u0131mdan biri daim yerli q\u0259zetl\u0259ri izl\u0259m\u0259yi t\u00f6vsiy\u0259 etmi\u015fdi","og_url":"https:\/\/www.meydan.tv\/az\/article\/sekkiz-illik-qaz-yolu-iki-milyardin-yuz-yolu\/","og_site_name":"MEYDAN.TV","article_published_time":"2018-05-10T16:53:31+00:00","og_image":[{"width":1334,"height":998,"url":"https:\/\/www.meydan.tv\/wp-content\/uploads\/31405.jpg","type":"image\/jpeg"}],"author":"user-manager","twitter_card":"summary_large_image","schema":{"@context":"https:\/\/schema.org","@graph":[{"@type":"Article","@id":"https:\/\/www.meydan.tv\/az\/article\/sekkiz-illik-qaz-yolu-iki-milyardin-yuz-yolu\/#article","isPartOf":{"@id":"https:\/\/www.meydan.tv\/az\/article\/sekkiz-illik-qaz-yolu-iki-milyardin-yuz-yolu\/"},"author":{"name":"user-manager","@id":"https:\/\/www.meydan.tv\/az\/#\/schema\/person\/10d11eccf6da3662cf5fdab9806ea91a"},"headline":"S\u0259kkiz illik qaz yolu, iki milyard\u0131n y\u00fcz yolu\u2026","datePublished":"2018-05-10T16:53:31+00:00","mainEntityOfPage":{"@id":"https:\/\/www.meydan.tv\/az\/article\/sekkiz-illik-qaz-yolu-iki-milyardin-yuz-yolu\/"},"wordCount":1108,"publisher":{"@id":"https:\/\/www.meydan.tv\/az\/#organization"},"image":{"@id":"https:\/\/www.meydan.tv\/az\/article\/sekkiz-illik-qaz-yolu-iki-milyardin-yuz-yolu\/#primaryimage"},"thumbnailUrl":"https:\/\/www.meydan.tv\/wp-content\/uploads\/31405.jpg","articleSection":["M\u0259nim Fikrimc\u0259"],"inLanguage":"az"},{"@type":"WebPage","@id":"https:\/\/www.meydan.tv\/az\/article\/sekkiz-illik-qaz-yolu-iki-milyardin-yuz-yolu\/","url":"https:\/\/www.meydan.tv\/az\/article\/sekkiz-illik-qaz-yolu-iki-milyardin-yuz-yolu\/","name":"S\u0259kkiz illik qaz yolu, iki milyard\u0131n y\u00fcz yolu\u2026 - MEYDAN.TV","isPartOf":{"@id":"https:\/\/www.meydan.tv\/az\/#website"},"primaryImageOfPage":{"@id":"https:\/\/www.meydan.tv\/az\/article\/sekkiz-illik-qaz-yolu-iki-milyardin-yuz-yolu\/#primaryimage"},"image":{"@id":"https:\/\/www.meydan.tv\/az\/article\/sekkiz-illik-qaz-yolu-iki-milyardin-yuz-yolu\/#primaryimage"},"thumbnailUrl":"https:\/\/www.meydan.tv\/wp-content\/uploads\/31405.jpg","datePublished":"2018-05-10T16:53:31+00:00","breadcrumb":{"@id":"https:\/\/www.meydan.tv\/az\/article\/sekkiz-illik-qaz-yolu-iki-milyardin-yuz-yolu\/#breadcrumb"},"inLanguage":"az","potentialAction":[{"@type":"ReadAction","target":["https:\/\/www.meydan.tv\/az\/article\/sekkiz-illik-qaz-yolu-iki-milyardin-yuz-yolu\/"]}]},{"@type":"ImageObject","inLanguage":"az","@id":"https:\/\/www.meydan.tv\/az\/article\/sekkiz-illik-qaz-yolu-iki-milyardin-yuz-yolu\/#primaryimage","url":"https:\/\/www.meydan.tv\/wp-content\/uploads\/31405.jpg","contentUrl":"https:\/\/www.meydan.tv\/wp-content\/uploads\/31405.jpg","width":1334,"height":998,"caption":"Source:"},{"@type":"BreadcrumbList","@id":"https:\/\/www.meydan.tv\/az\/article\/sekkiz-illik-qaz-yolu-iki-milyardin-yuz-yolu\/#breadcrumb","itemListElement":[{"@type":"ListItem","position":1,"name":"Ana s\u0259hif\u0259","item":"https:\/\/www.meydan.tv\/az\/"},{"@type":"ListItem","position":2,"name":"M\u0259nim Fikrimc\u0259","item":"https:\/\/www.meydan.tv\/az\/section\/menim-fikrimce\/"},{"@type":"ListItem","position":3,"name":"S\u0259kkiz illik qaz yolu, iki milyard\u0131n y\u00fcz yolu\u2026"}]},{"@type":"WebSite","@id":"https:\/\/www.meydan.tv\/az\/#website","url":"https:\/\/www.meydan.tv\/az\/","name":"MEYDAN.TV","description":"Meydan TV Az\u0259rbaycan\u0131n media m\u0259kan\u0131ndak\u0131 alternativ s\u0259sidir","publisher":{"@id":"https:\/\/www.meydan.tv\/az\/#organization"},"potentialAction":[{"@type":"SearchAction","target":{"@type":"EntryPoint","urlTemplate":"https:\/\/www.meydan.tv\/az\/?s={search_term_string}"},"query-input":{"@type":"PropertyValueSpecification","valueRequired":true,"valueName":"search_term_string"}}],"inLanguage":"az"},{"@type":"Organization","@id":"https:\/\/www.meydan.tv\/az\/#organization","name":"Meydan TV","url":"https:\/\/www.meydan.tv\/az\/","logo":{"@type":"ImageObject","inLanguage":"az","@id":"https:\/\/www.meydan.tv\/az\/#\/schema\/logo\/image\/","url":"https:\/\/www.meydan.tv\/wp-content\/uploads\/2021\/07\/meydan-logo.svg","contentUrl":"https:\/\/www.meydan.tv\/wp-content\/uploads\/2021\/07\/meydan-logo.svg","width":195,"height":46,"caption":"Meydan TV"},"image":{"@id":"https:\/\/www.meydan.tv\/az\/#\/schema\/logo\/image\/"}},{"@type":"Person","@id":"https:\/\/www.meydan.tv\/az\/#\/schema\/person\/10d11eccf6da3662cf5fdab9806ea91a","name":"user-manager"}]}},"_links":{"self":[{"href":"https:\/\/www.meydan.tv\/az\/wp-json\/wp\/v2\/posts\/189919","targetHints":{"allow":["GET"]}}],"collection":[{"href":"https:\/\/www.meydan.tv\/az\/wp-json\/wp\/v2\/posts"}],"about":[{"href":"https:\/\/www.meydan.tv\/az\/wp-json\/wp\/v2\/types\/post"}],"author":[{"embeddable":true,"href":"https:\/\/www.meydan.tv\/az\/wp-json\/wp\/v2\/users\/11"}],"replies":[{"embeddable":true,"href":"https:\/\/www.meydan.tv\/az\/wp-json\/wp\/v2\/comments?post=189919"}],"version-history":[{"count":0,"href":"https:\/\/www.meydan.tv\/az\/wp-json\/wp\/v2\/posts\/189919\/revisions"}],"wp:featuredmedia":[{"embeddable":true,"href":"https:\/\/www.meydan.tv\/az\/wp-json\/wp\/v2\/media\/80491"}],"wp:attachment":[{"href":"https:\/\/www.meydan.tv\/az\/wp-json\/wp\/v2\/media?parent=189919"}],"wp:term":[{"taxonomy":"category","embeddable":true,"href":"https:\/\/www.meydan.tv\/az\/wp-json\/wp\/v2\/categories?post=189919"},{"taxonomy":"post_tag","embeddable":true,"href":"https:\/\/www.meydan.tv\/az\/wp-json\/wp\/v2\/tags?post=189919"}],"curies":[{"name":"wp","href":"https:\/\/api.w.org\/{rel}","templated":true}]}}