{"id":189908,"date":"2018-05-09T17:09:15","date_gmt":"2018-05-09T17:09:15","guid":{"rendered":"https:\/\/www.meydan.tv\/article\/melum-ve-namelum-azer-tagiyev\/"},"modified":"2018-05-09T17:09:15","modified_gmt":"2018-05-09T17:09:15","slug":"melum-ve-namelum-azer-tagiyev","status":"publish","type":"post","link":"https:\/\/www.meydan.tv\/az\/article\/melum-ve-namelum-azer-tagiyev\/","title":{"rendered":"M\u0259lum v\u0259 nam\u0259lum Az\u0259r Ta\u011f\u0131yev&#8230;"},"content":{"rendered":"<figure class=\"wp-block-image size-large\">\n  <img decoding=\"async\" src=\"https:\/\/www.meydan.tv\/az\/yalcin-imanov-4\/\" alt=\"Yal\u00e7\u0131n \u0130manov\" class=\"wp-image-100928\"\/><figcaption>\n    Yal\u00e7\u0131n \u0130manov<br \/>\n  <\/figcaption><\/figure>\n<p>\n  \u201c\u00d6l\u0259n haqda ya yax\u015f\u0131 dan\u0131\u015farlar, ya da he\u00e7 n\u0259\u201d. Lat\u0131nlar\u0131n bu q\u0259dim deyimi \u00e7oxdan \u00f6z \u0259h\u0259miyy\u0259tini itirib. Az\u0259rbaycan g\u00fcnd\u0259minin bol \u00f6l\u00fcml\u00fc g\u00fcnl\u0259rind\u0259 tarix s\u0259br v\u0259 inadla h\u0259r k\u0259si, o c\u00fcml\u0259d\u0259n \u00f6l\u0259nl\u0259ri yerb\u0259yer edir. \u00d6l\u00fcm el\u0259 bir q\u0259liz m\u0259s\u0259l\u0259dir ki, onun ba\u015f verm\u0259si il\u0259 insan\u0131n d\u0259rhal \u0259sl, h\u0259qiqi qiym\u0259ti, d\u0259y\u0259ri ortaya \u00e7\u0131x\u0131r.\n<\/p>\n<p>\n  ***\n<\/p>\n<p>\n  \u018flimin alt\u0131nda t\u0259sad\u00fcf\u0259n rast\u0131ma \u00e7\u0131xm\u0131\u015f, onun 92-ci ild\u0259 \u201cFemida\u201d q\u0259zetin\u0259 verdiyi bir m\u00fcsahib\u0259si var. M\u00fcsahib\u0259d\u0259 bu g\u00fcn d\u0259 v\u0259killiyin aktual olan probleml\u0259ri sadalan\u0131r. Bir ne\u00e7\u0259 sitat: \u201cBu sah\u0259d\u0259 k\u00f6kl\u00fc islahatlar apar\u0131lmal\u0131d\u0131r. M\u00fcdafi\u0259 institutu d\u00f6vl\u0259tin hakimiyy\u0259t v\u0259 idar\u0259 orqanlar\u0131n\u0131n tabeliyind\u0259n \u00e7\u0131xar\u0131lmal\u0131d\u0131r&#8230;\u201d; \u201cn\u0259 q\u0259d\u0259r ki v\u0259killiyin m\u00fcst\u0259qilliyi t\u0259min olunmay\u0131b, he\u00e7 bir m\u00fcdafi\u0259d\u0259n s\u00f6hb\u0259t ged\u0259 bilm\u0259z\u201d; \u201cd\u00f6vl\u0259tin demokratikliyinin \u015f\u0259rtl\u0259rind\u0259n biri d\u0259 m\u00fcst\u0259qil m\u0259hk\u0259m\u0259 hakimiyy\u0259ti il\u0259 yana\u015f\u0131 g\u00fccl\u00fc v\u0259killik institutunun olmas\u0131d\u0131r\u201d; \u201cM\u0259n inanm\u0131ram ki, respublikada el\u0259 bir ikinci orqan tap\u0131ls\u0131n ki, V\u0259kill\u0259r Kollegiyas\u0131 q\u0259d\u0259r h\u00fcquqs\u00fcz olsun\u201d; \u201c V\u0259kill\u0259r Kollegiyas\u0131 yaln\u0131z o halda \u00f6z qar\u015f\u0131s\u0131nda duran v\u0259zif\u0259l\u0259ri yerin\u0259 yetir\u0259 bil\u0259r ki, o, tamamil\u0259 m\u00fcst\u0259qil olsun\u201d; \u201cbu g\u00fcn m\u00fcdafi\u0259\u00e7il\u0259r, x\u00fcsusil\u0259 istintaq v\u0259 t\u0259hqiqat zaman\u0131 dem\u0259k olar ki, formal f\u0259aliyy\u0259t g\u00f6st\u0259rir\u201d; \u201cdemokratik d\u00f6vl\u0259td\u0259 v\u0259killik d\u0259, m\u0259hk\u0259m\u0259l\u0259r kimi qanuna tabe olmal\u0131 v\u0259 h\u0259r c\u00fcr t\u0259sir vasit\u0259l\u0259rind\u0259n k\u0259nar olmal\u0131d\u0131r\u201d. Kifay\u0259t deyilmi? B\u0259s sonra n\u0259 ba\u015f verdi? Niy\u0259 bel\u0259 odlu-alovlu dan\u0131\u015fan, Az\u0259rbaycan v\u0259killiyinin \u0259b\u0259di probeml\u0259rini c\u0259sar\u0259tl\u0259 v\u0259 d\u0259qiql\u0259 sadalayan bu adam n\u0259inki o probleml\u0259rin h\u0259lli istiqam\u0259tind\u0259 n\u0259l\u0259rs\u0259 ed\u0259 bildi, \u0259ksin\u0259 \u00f6z\u00fc v\u0259killiyin inki\u015faf\u0131nda b\u00f6y\u00fck probleml\u0259r yaratd\u0131, \u0259ng\u0259l\u0259 \u00e7evrildi? Do\u011frudanm\u0131, h\u0259r \u015feyi m\u00fcsahib\u0259nin verildiyi ill\u0259rin izafi demokratiyas\u0131n\u0131n aya\u011f\u0131na yazaq?\n<\/p>\n<p>\n  ***\n<\/p>\n<p>\n  Onu son d\u0259f\u0259 2017-ci ilin g\u00fcn\u0259\u015fli sentyabr ay\u0131nda, indi d\u0259qiq xat\u0131rlamad\u0131\u011f\u0131m g\u00fcnl\u0259rin birind\u0259 g\u00f6rd\u00fcm. V\u0259kill\u0259r Kollegiyas\u0131n\u0131n dar d\u0259hlizind\u0259 x\u0259st\u0259liyin \u00fcz\u00fcb \u0259ld\u0259n sald\u0131\u011f\u0131, i\u015f\u0131\u011f\u0131 \u00f6l\u0259zimi\u015f g\u00f6zl\u0259rini istiqam\u0259tini tutma\u011f\u0131n o q\u0259d\u0259r d\u0259 asan olmad\u0131\u011f\u0131 d\u0259rin bo\u015flu\u011fa dikib, qeyri-m\u00fc\u0259yy\u0259n \u015f\u0259kild\u0259 susqun dayanm\u0131\u015fd\u0131. Adam\u0131n g\u00f6r\u00fcn\u00fc\u015f\u00fcnd\u0259n \u00e7ox, bu g\u00f6r\u00fcn\u00fc\u015f\u00fcn yaratd\u0131\u011f\u0131 a\u011f\u0131r, tutqun t\u0259\u0259ss\u00fcrat yadda\u015f\u0131mda qal\u0131b. Kollegiyan\u0131n \u015f\u0259h\u0259rin m\u0259rk\u0259zind\u0259ki &#8211; S\u0259m\u0259d Vur\u011fun k\u00fc\u00e7\u0259sind\u0259ki k\u00f6hn\u0259, t\u0259mirsiz, k\u0259sif r\u00fctub\u0259t, bir az da miskinlik qoxuyan auras\u0131 bu t\u0259\u0259ss\u00fcrat\u0131 daha da k\u0259skinl\u0259\u015fdirirdi.\n<\/p>\n<p>\n  ***\n<\/p>\n<figure class=\"wp-block-image size-large\">\n  <img decoding=\"async\" src=\"https:\/\/www.meydan.tv\/az\/azer-tagiyev\/\" alt=\"Az\u0259r Ta\u011f\u0131yev\" class=\"wp-image-103362\"\/><figcaption>\n    Az\u0259r Ta\u011f\u0131yev<br \/>\n  <\/figcaption><\/figure>\n<p>\n  O, korrupsioneriydimi? Yox! Yad\u0131ma g\u0259lir, kollegiyaya s\u0259n\u0259d ver\u0259nd\u0259, namiz\u0259dl\u0259rd\u0259n t\u0259l\u0259b olunan yegan\u0259 \u015feyi &#8211; 50-60 q\u0259piklik sad\u0259 ka\u011f\u0131z qovlu\u011fu deyin\u0259-deyin\u0259 al\u0131b aparm\u0131\u015fd\u0131q. Onun t\u0259mt\u0259raqdan uzaq, tutdu\u011fu posta \u0259caib d\u0259r\u0259c\u0259d\u0259 uy\u011fun g\u0259lm\u0259y\u0259n s\u0259dr ota\u011f\u0131 vard\u0131. O, oynay\u0131rd\u0131m\u0131? Yox! O, az sonra kollegiyadan xaric ed\u0259c\u0259yi ya\u015fl\u0131 v\u0259kil\u0259 \u201cne\u00e7\u0259 d\u0259f\u0259 telefonuna z\u0259ng el\u0259mi\u015f\u0259m, ad g\u00fcn\u00fcn\u00fc t\u0259brik el\u0259m\u0259k ist\u0259yirdim\u201d dey\u0259c\u0259k q\u0259d\u0259r \u201c\u0259xlaq\u201d sahibi deyildi. O, siyasi sifari\u015fl\u0259r\u0259 \u00f6z m\u0259xsusi \u0259lav\u0259l\u0259rini el\u0259mirdi. N\u0259ydis\u0259 oydu. Riyakar deyildi. H\u0259tta bir az c\u0259sar\u0259t el\u0259yib dem\u0259k ist\u0259yir\u0259m, \u00f6z\u00fcn\u0259 t\u0259hl\u00fck\u0259 yaranmayana q\u0259d\u0259r m\u00fcdafi\u0259 etm\u0259y\u0259 c\u0259hd g\u00f6st\u0259rirdi. \u00c7ox nadir qar\u015f\u0131la\u015fmalar\u0131m\u0131zda k\u0259skin m\u00fcbahis\u0259l\u0259rimiz olmu\u015fdu. B\u0259z\u0259n qeyri-adekvat reaksiya verirdi, bir s\u0131ra hallarda m\u00f6vzunu he\u00e7 d\u0259xli olmayan istiqam\u0259t\u0259 dart\u0131b apar\u0131rd\u0131. O, v\u0259killikl\u0259 ba\u011fl\u0131 probleml\u0259ri e\u015fitm\u0259k bel\u0259 ist\u0259mirdi, onlar\u0131 e\u015fid\u0259nd\u0259 \u0259s\u0259bl\u0259\u015firdi, \u00f6z\u00fcnd\u0259n \u00e7\u0131x\u0131rd\u0131, bu probleml\u0259ri yola verm\u0259yi, h\u0259min probleml\u0259rl\u0259 \u201cdinc yana\u015f\u0131 ya\u015fama\u011f\u0131\u201d t\u0259klif edirdi. Adam yan\u0131b-yax\u0131l\u0131rd\u0131, h\u00f6vs\u0259l\u0259si daral\u0131rd\u0131. Amma daha \u00e7ox diqq\u0259t yetiril\u0259si m\u0259s\u0259l\u0259, niyy\u0259tiydi ki, bu da \u015f\u0259r deyildi. Onun q\u0131rm\u0131z\u0131 s\u0259rh\u0259di &#8211; \u00f6z\u00fcyd\u00fc. Onun \u00f6z\u00fcn\u0259 problem yarananda, yaxud bu problem t\u0259hl\u00fck\u0259si real olanda b\u00fct\u00fcn d\u0259y\u0259rl\u0259r \u00f6z m\u0259nas\u0131n\u0131, \u0259h\u0259miyy\u0259tini itirirdi.\n<\/p>\n<p>\n  ***\n<\/p>\n<p>\n  Onun r\u0259hb\u0259rlik etdiyi kollegiya v\u0259killiyin indiki, real, a\u011f\u0131r b\u00f6hranl\u0131 v\u0259ziyy\u0259tin\u0259 adekvat idi v\u0259 y\u0259qin ki, bunun bel\u0259 oldu\u011funu \u00f6z\u00fc d\u0259 yax\u015f\u0131 anlay\u0131rd\u0131. \u00c7ox g\u00fcman ki, el\u0259 bu s\u0259b\u0259bd\u0259niydi ki, o, x\u0131rda, \u0259h\u0259miyy\u0259tsiz m\u0259s\u0259l\u0259l\u0259r\u0259 fikir vermirdi. Kiml\u0259r\u0259s\u0259 a\u011f\u0131z a\u00e7\u0131b, yax\u015f\u0131, t\u0259mirli, b\u00f6y\u00fck v\u0259 i\u015f\u0131ql\u0131 ofis\u0259 k\u00f6\u00e7m\u0259k olard\u0131, etmirdi. Saat hesab\u0131na veril\u0259n t\u0259hqir dolu q\u0259pik-quru\u015fun m\u0259bl\u0259\u011fini bir ne\u00e7\u0259 manat da art\u0131rmaq olard\u0131, t\u0259\u015f\u0259bb\u00fcs g\u00f6st\u0259rmirdi. V\u0259kill\u0259r\u0259 mantiya da\u015f\u0131td\u0131r\u0131b, b\u00fct\u00fcn m\u0259hk\u0259m\u0259 iclaslar\u0131nda x\u00fcsusi geyimd\u0259 olma\u011f\u0131 \u0259mr ed\u0259 bil\u0259rdi, g\u00f6z yumurdu! \u00c7\u00fcnki v\u0259killiyin probleml\u0259ri bunlar \u2013 b\u00f6y\u00fck v\u0259 i\u015f\u0131ql\u0131 ofis, saat hesab\u0131n\u0131n bir ne\u00e7\u0259 manat art\u0131r\u0131lmas\u0131, m\u0259hk\u0259m\u0259 iclas\u0131nda mantiya geyinm\u0259k v\u0259 s. v\u0259 i.a. deyildi! O yerd\u0259 ki, \u0259sas m\u0259s\u0259l\u0259d\u0259n yap\u0131\u015fa bilmirs\u0259n, ciddi probleml\u0259ri h\u0259ll etm\u0259k imkan\u0131ndan v\u0259 iqtidar\u0131ndan m\u0259hrumsan, onda s\u0131ra say\u0131nda, 50-ci, 100-c\u00fc olan m\u0259s\u0259l\u0259l\u0259r\u0259 ba\u015f qo\u015fma\u011f\u0131n n\u0259 m\u0259nas\u0131?! O, x\u0131rda-xuru\u015f m\u0259s\u0259l\u0259l\u0259r\u0259 b\u0259z\u0259k-d\u00fcz\u0259k verib \u201cv\u0259killiyin inki\u015faf\u0131\u201d kimi ictimai menyuya s\u0131ram\u0131r, g\u00f6r\u00fcnt\u00fc yaratm\u0131rd\u0131. Onun oturdu\u011fu, sad\u0259 ota\u011f\u0131ndan indiki d\u0259bd\u0259b\u0259nin aldad\u0131b gizl\u0259tdiyi Az\u0259rbaycan v\u0259killiyinin el\u0259 bu otaq kimi, t\u0259mt\u0259raqdan uzaq, k\u00f6m\u0259ksiz, h\u00fcquqsuz, nec\u0259 dey\u0259rl\u0259r, \u0259sl simas\u0131 g\u00f6r\u00fcn\u00fcr\u00fcd\u00fc.\n<\/p>\n<p>\n  B\u0259lk\u0259 d\u0259 o \u0259n ciddi m\u0259s\u0259l\u0259l\u0259rd\u0259 (v\u0259killiyin m\u00fcst\u0259qilliyi, g\u00fccl\u00fc v\u0259killik, h\u0259r c\u00fcr k\u0259nar t\u0259sirl\u0259rd\u0259n azad olma v\u0259 s.) d\u0259h\u015f\u0259tli d\u0259r\u0259c\u0259d\u0259 s\u0131n\u0131b, s\u0131nd\u0131r\u0131l\u0131b, m\u0259\u011flub olmu\u015fdu v\u0259 bu m\u0259\u011flubiyy\u0259t onu miskin d\u0259r\u0259c\u0259d\u0259 qorxudub, sars\u0131d\u0131b, bar\u0131\u015fd\u0131rm\u0131\u015f, \u0259b\u0259di sakitl\u0259\u015fdirmi\u015fdi.\n<\/p>\n<figure class=\"wp-block-image size-large\">\n  <img decoding=\"async\" src=\"https:\/\/www.meydan.tv\/az\/103365\/\" alt=\"\" class=\"wp-image-103365\"\/><figcaption><\/figcaption><\/figure>\n<p>\n  ***\n<\/p>\n<p>\n  O, \u00f6z\u00fcn\u00fcn d\u0259 aktiv i\u015ftirak etdiyi \u0259n son n\u0259tic\u0259d\u0259 &#8211; Az\u0259rbaycan v\u0259killik tarixinin \u0259n qara, t\u0259hkim\u00e7i d\u00f6vr\u00fcnd\u0259 s\u0259dr olmad\u0131. Amma bu, onun m\u0259suliyy\u0259tini bir balaca da olsun azald\u0131rm\u0131? Yox! O, \u00e7ox uzaq 74-d\u0259n v\u0259killiyin i\u00e7ind\u0259yidi, yax\u0131n 95-d\u0259n kollegiyan\u0131n s\u0259driydi. \u00dcst-\u00fcst\u0259 hesablayanda dopdolu 44 il edir! H\u0259yat\u0131n \u0259h\u0259miyy\u0259tli hiss\u0259sini, Allah\u0131n verdiyi \u00f6mr\u00fcn 44 ilini bir i\u015f\u0259, pe\u015f\u0259y\u0259 h\u0259sr ed\u0259s\u0259n, o da bel\u0259! O, ikinci, \u00fc\u00e7\u00fcnc\u00fc plan adam\u0131yd\u0131, onun sirli v\u0259 m\u00fcr\u0259kk\u0259b, ziddiyy\u0259tli q\u0259lbind\u0259ki t\u0259b\u0259dd\u00fclatlar birinc plana uy\u011fun g\u0259lmirdi. Onun 92-d\u0259 s\u0259mimi q\u0259lbd\u0259n inan\u0131b, c\u0259sar\u0259t v\u0259 \u0259minlik\u0259 b\u0259hs el\u0259diyi d\u0259y\u0259rl\u0259rd\u0259n \u00fcz d\u00f6nd\u0259rm\u0259si, onun bir az fa\u011f\u0131r, bir az da q\u00fcss\u0259li transformas\u0131yas\u0131n\u0131 yaratd\u0131.\n<\/p>\n<p>\n  Az\u0259r Cabir o\u011flu Ta\u011f\u0131yevin h\u0259yat kompozisiyas\u0131n\u0131n, x\u00fcsusi bir t\u0259f\u0259rr\u00fcat\u0131 olmayan \u00f6m\u00fcr t\u0259hkiy\u0259sinin sol\u011fun ana x\u0259tti d\u0259 el\u0259 buydu&#8230;\n<\/p>\n<p>\n  \u00d6t\u0259n ilin g\u00fcn\u0259\u015fli sentyabr g\u00fcnl\u0259rinin birind\u0259 V\u0259kill\u0259r Kollegiyas\u0131n\u0131n S\u0259m\u0259d Vur\u011fun 48 \u00fcnvan\u0131ndak\u0131 dar d\u0259hlizind\u0259 rast g\u0259ldiyim, d\u0259rin bo\u015flu\u011fa dikilmi\u015f, i\u015f\u0131\u011f\u0131 \u00f6l\u0259zimi\u015f g\u00f6zl\u0259r, yax\u0131nla\u015fan a\u015fkar \u00f6l\u00fcm qorxusundan avaz\u0131m\u0131z \u00fcz, donuq sima niy\u0259s\u0259 g\u00f6zl\u0259rimin \u00f6n\u00fcnd\u0259n getmir&#8230;\n<\/p>\n<p>\n  <i><br \/>\n    <b><br \/>\n      Yaz\u0131 m\u00fc\u0259llifin fikirl\u0259rini \u0259ks etdirir v\u0259 Meydan TV-nin m\u00f6vqeyi il\u0259 \u00fcst-\u00fcst\u0259 d\u00fc\u015fm\u0259y\u0259 bil\u0259r.<br \/>\n    <\/b><br \/>\n  <\/i>\n<\/p><\/p>\n","protected":false},"excerpt":{"rendered":"<p>\u201c\u00d6l\u0259n haqda ya yax\u015f\u0131 dan\u0131\u015farlar, ya da he\u00e7 n\u0259\u201d. Lat\u0131nlar\u0131n bu q\u0259dim deyimi \u00e7oxdan \u00f6z \u0259h\u0259miyy\u0259tini itirib<\/p>\n","protected":false},"author":11,"featured_media":100928,"comment_status":"closed","ping_status":"open","sticky":false,"template":"","format":"standard","meta":{"_acf_changed":false,"_sitemap_exclude":false,"_sitemap_priority":"","_sitemap_frequency":"","footnotes":""},"categories":[57],"tags":[],"class_list":["post-189908","post","type-post","status-publish","format-standard","has-post-thumbnail","hentry","category-menim-fikrimce","infinite-scroll-item","generate-columns","tablet-grid-50","mobile-grid-100","grid-parent","grid-33","no-featured-image-padding"],"acf":[],"yoast_head":"<!-- This site is optimized with the Yoast SEO plugin v27.4 - https:\/\/yoast.com\/product\/yoast-seo-wordpress\/ -->\n<title>M\u0259lum v\u0259 nam\u0259lum Az\u0259r Ta\u011f\u0131yev... - MEYDAN.TV<\/title>\n<meta name=\"robots\" content=\"index, follow, max-snippet:-1, max-image-preview:large, max-video-preview:-1\" \/>\n<link rel=\"canonical\" href=\"https:\/\/www.meydan.tv\/az\/article\/melum-ve-namelum-azer-tagiyev\/\" \/>\n<meta property=\"og:locale\" content=\"az_AZ\" \/>\n<meta property=\"og:type\" content=\"article\" \/>\n<meta property=\"og:title\" content=\"M\u0259lum v\u0259 nam\u0259lum Az\u0259r Ta\u011f\u0131yev... - MEYDAN.TV\" \/>\n<meta property=\"og:description\" content=\"\u201c\u00d6l\u0259n haqda ya yax\u015f\u0131 dan\u0131\u015farlar, ya da he\u00e7 n\u0259\u201d. Lat\u0131nlar\u0131n bu q\u0259dim deyimi \u00e7oxdan \u00f6z \u0259h\u0259miyy\u0259tini itirib\" \/>\n<meta property=\"og:url\" content=\"https:\/\/www.meydan.tv\/az\/article\/melum-ve-namelum-azer-tagiyev\/\" \/>\n<meta property=\"og:site_name\" content=\"MEYDAN.TV\" \/>\n<meta property=\"article:published_time\" content=\"2018-05-09T17:09:15+00:00\" \/>\n<meta property=\"og:image\" content=\"https:\/\/www.meydan.tv\/wp-content\/uploads\/39925.jpg\" \/>\n\t<meta property=\"og:image:width\" content=\"1023\" \/>\n\t<meta property=\"og:image:height\" content=\"575\" \/>\n\t<meta property=\"og:image:type\" content=\"image\/jpeg\" \/>\n<meta name=\"author\" content=\"user-manager\" \/>\n<meta name=\"twitter:card\" content=\"summary_large_image\" \/>\n<script type=\"application\/ld+json\" class=\"yoast-schema-graph\">{\"@context\":\"https:\\\/\\\/schema.org\",\"@graph\":[{\"@type\":\"Article\",\"@id\":\"https:\\\/\\\/www.meydan.tv\\\/az\\\/article\\\/melum-ve-namelum-azer-tagiyev\\\/#article\",\"isPartOf\":{\"@id\":\"https:\\\/\\\/www.meydan.tv\\\/az\\\/article\\\/melum-ve-namelum-azer-tagiyev\\\/\"},\"author\":{\"name\":\"user-manager\",\"@id\":\"https:\\\/\\\/www.meydan.tv\\\/az\\\/#\\\/schema\\\/person\\\/10d11eccf6da3662cf5fdab9806ea91a\"},\"headline\":\"M\u0259lum v\u0259 nam\u0259lum Az\u0259r Ta\u011f\u0131yev&#8230;\",\"datePublished\":\"2018-05-09T17:09:15+00:00\",\"mainEntityOfPage\":{\"@id\":\"https:\\\/\\\/www.meydan.tv\\\/az\\\/article\\\/melum-ve-namelum-azer-tagiyev\\\/\"},\"wordCount\":1501,\"publisher\":{\"@id\":\"https:\\\/\\\/www.meydan.tv\\\/az\\\/#organization\"},\"image\":{\"@id\":\"https:\\\/\\\/www.meydan.tv\\\/az\\\/article\\\/melum-ve-namelum-azer-tagiyev\\\/#primaryimage\"},\"thumbnailUrl\":\"https:\\\/\\\/www.meydan.tv\\\/wp-content\\\/uploads\\\/39925.jpg\",\"articleSection\":[\"M\u0259nim Fikrimc\u0259\"],\"inLanguage\":\"az\"},{\"@type\":\"WebPage\",\"@id\":\"https:\\\/\\\/www.meydan.tv\\\/az\\\/article\\\/melum-ve-namelum-azer-tagiyev\\\/\",\"url\":\"https:\\\/\\\/www.meydan.tv\\\/az\\\/article\\\/melum-ve-namelum-azer-tagiyev\\\/\",\"name\":\"M\u0259lum v\u0259 nam\u0259lum Az\u0259r Ta\u011f\u0131yev... - MEYDAN.TV\",\"isPartOf\":{\"@id\":\"https:\\\/\\\/www.meydan.tv\\\/az\\\/#website\"},\"primaryImageOfPage\":{\"@id\":\"https:\\\/\\\/www.meydan.tv\\\/az\\\/article\\\/melum-ve-namelum-azer-tagiyev\\\/#primaryimage\"},\"image\":{\"@id\":\"https:\\\/\\\/www.meydan.tv\\\/az\\\/article\\\/melum-ve-namelum-azer-tagiyev\\\/#primaryimage\"},\"thumbnailUrl\":\"https:\\\/\\\/www.meydan.tv\\\/wp-content\\\/uploads\\\/39925.jpg\",\"datePublished\":\"2018-05-09T17:09:15+00:00\",\"breadcrumb\":{\"@id\":\"https:\\\/\\\/www.meydan.tv\\\/az\\\/article\\\/melum-ve-namelum-azer-tagiyev\\\/#breadcrumb\"},\"inLanguage\":\"az\",\"potentialAction\":[{\"@type\":\"ReadAction\",\"target\":[\"https:\\\/\\\/www.meydan.tv\\\/az\\\/article\\\/melum-ve-namelum-azer-tagiyev\\\/\"]}]},{\"@type\":\"ImageObject\",\"inLanguage\":\"az\",\"@id\":\"https:\\\/\\\/www.meydan.tv\\\/az\\\/article\\\/melum-ve-namelum-azer-tagiyev\\\/#primaryimage\",\"url\":\"https:\\\/\\\/www.meydan.tv\\\/wp-content\\\/uploads\\\/39925.jpg\",\"contentUrl\":\"https:\\\/\\\/www.meydan.tv\\\/wp-content\\\/uploads\\\/39925.jpg\",\"width\":1023,\"height\":575,\"caption\":\"Source:\"},{\"@type\":\"BreadcrumbList\",\"@id\":\"https:\\\/\\\/www.meydan.tv\\\/az\\\/article\\\/melum-ve-namelum-azer-tagiyev\\\/#breadcrumb\",\"itemListElement\":[{\"@type\":\"ListItem\",\"position\":1,\"name\":\"Ana s\u0259hif\u0259\",\"item\":\"https:\\\/\\\/www.meydan.tv\\\/az\\\/\"},{\"@type\":\"ListItem\",\"position\":2,\"name\":\"M\u0259nim Fikrimc\u0259\",\"item\":\"https:\\\/\\\/www.meydan.tv\\\/az\\\/section\\\/menim-fikrimce\\\/\"},{\"@type\":\"ListItem\",\"position\":3,\"name\":\"M\u0259lum v\u0259 nam\u0259lum Az\u0259r Ta\u011f\u0131yev&#8230;\"}]},{\"@type\":\"WebSite\",\"@id\":\"https:\\\/\\\/www.meydan.tv\\\/az\\\/#website\",\"url\":\"https:\\\/\\\/www.meydan.tv\\\/az\\\/\",\"name\":\"MEYDAN.TV\",\"description\":\"Meydan TV Az\u0259rbaycan\u0131n media m\u0259kan\u0131ndak\u0131 alternativ s\u0259sidir\",\"publisher\":{\"@id\":\"https:\\\/\\\/www.meydan.tv\\\/az\\\/#organization\"},\"potentialAction\":[{\"@type\":\"SearchAction\",\"target\":{\"@type\":\"EntryPoint\",\"urlTemplate\":\"https:\\\/\\\/www.meydan.tv\\\/az\\\/?s={search_term_string}\"},\"query-input\":{\"@type\":\"PropertyValueSpecification\",\"valueRequired\":true,\"valueName\":\"search_term_string\"}}],\"inLanguage\":\"az\"},{\"@type\":\"Organization\",\"@id\":\"https:\\\/\\\/www.meydan.tv\\\/az\\\/#organization\",\"name\":\"Meydan TV\",\"url\":\"https:\\\/\\\/www.meydan.tv\\\/az\\\/\",\"logo\":{\"@type\":\"ImageObject\",\"inLanguage\":\"az\",\"@id\":\"https:\\\/\\\/www.meydan.tv\\\/az\\\/#\\\/schema\\\/logo\\\/image\\\/\",\"url\":\"https:\\\/\\\/www.meydan.tv\\\/wp-content\\\/uploads\\\/2021\\\/07\\\/meydan-logo.svg\",\"contentUrl\":\"https:\\\/\\\/www.meydan.tv\\\/wp-content\\\/uploads\\\/2021\\\/07\\\/meydan-logo.svg\",\"width\":195,\"height\":46,\"caption\":\"Meydan TV\"},\"image\":{\"@id\":\"https:\\\/\\\/www.meydan.tv\\\/az\\\/#\\\/schema\\\/logo\\\/image\\\/\"}},{\"@type\":\"Person\",\"@id\":\"https:\\\/\\\/www.meydan.tv\\\/az\\\/#\\\/schema\\\/person\\\/10d11eccf6da3662cf5fdab9806ea91a\",\"name\":\"user-manager\"}]}<\/script>\n<!-- \/ Yoast SEO plugin. -->","yoast_head_json":{"title":"M\u0259lum v\u0259 nam\u0259lum Az\u0259r Ta\u011f\u0131yev... - MEYDAN.TV","robots":{"index":"index","follow":"follow","max-snippet":"max-snippet:-1","max-image-preview":"max-image-preview:large","max-video-preview":"max-video-preview:-1"},"canonical":"https:\/\/www.meydan.tv\/az\/article\/melum-ve-namelum-azer-tagiyev\/","og_locale":"az_AZ","og_type":"article","og_title":"M\u0259lum v\u0259 nam\u0259lum Az\u0259r Ta\u011f\u0131yev... - MEYDAN.TV","og_description":"\u201c\u00d6l\u0259n haqda ya yax\u015f\u0131 dan\u0131\u015farlar, ya da he\u00e7 n\u0259\u201d. Lat\u0131nlar\u0131n bu q\u0259dim deyimi \u00e7oxdan \u00f6z \u0259h\u0259miyy\u0259tini itirib","og_url":"https:\/\/www.meydan.tv\/az\/article\/melum-ve-namelum-azer-tagiyev\/","og_site_name":"MEYDAN.TV","article_published_time":"2018-05-09T17:09:15+00:00","og_image":[{"width":1023,"height":575,"url":"https:\/\/www.meydan.tv\/wp-content\/uploads\/39925.jpg","type":"image\/jpeg"}],"author":"user-manager","twitter_card":"summary_large_image","schema":{"@context":"https:\/\/schema.org","@graph":[{"@type":"Article","@id":"https:\/\/www.meydan.tv\/az\/article\/melum-ve-namelum-azer-tagiyev\/#article","isPartOf":{"@id":"https:\/\/www.meydan.tv\/az\/article\/melum-ve-namelum-azer-tagiyev\/"},"author":{"name":"user-manager","@id":"https:\/\/www.meydan.tv\/az\/#\/schema\/person\/10d11eccf6da3662cf5fdab9806ea91a"},"headline":"M\u0259lum v\u0259 nam\u0259lum Az\u0259r Ta\u011f\u0131yev&#8230;","datePublished":"2018-05-09T17:09:15+00:00","mainEntityOfPage":{"@id":"https:\/\/www.meydan.tv\/az\/article\/melum-ve-namelum-azer-tagiyev\/"},"wordCount":1501,"publisher":{"@id":"https:\/\/www.meydan.tv\/az\/#organization"},"image":{"@id":"https:\/\/www.meydan.tv\/az\/article\/melum-ve-namelum-azer-tagiyev\/#primaryimage"},"thumbnailUrl":"https:\/\/www.meydan.tv\/wp-content\/uploads\/39925.jpg","articleSection":["M\u0259nim Fikrimc\u0259"],"inLanguage":"az"},{"@type":"WebPage","@id":"https:\/\/www.meydan.tv\/az\/article\/melum-ve-namelum-azer-tagiyev\/","url":"https:\/\/www.meydan.tv\/az\/article\/melum-ve-namelum-azer-tagiyev\/","name":"M\u0259lum v\u0259 nam\u0259lum Az\u0259r Ta\u011f\u0131yev... - MEYDAN.TV","isPartOf":{"@id":"https:\/\/www.meydan.tv\/az\/#website"},"primaryImageOfPage":{"@id":"https:\/\/www.meydan.tv\/az\/article\/melum-ve-namelum-azer-tagiyev\/#primaryimage"},"image":{"@id":"https:\/\/www.meydan.tv\/az\/article\/melum-ve-namelum-azer-tagiyev\/#primaryimage"},"thumbnailUrl":"https:\/\/www.meydan.tv\/wp-content\/uploads\/39925.jpg","datePublished":"2018-05-09T17:09:15+00:00","breadcrumb":{"@id":"https:\/\/www.meydan.tv\/az\/article\/melum-ve-namelum-azer-tagiyev\/#breadcrumb"},"inLanguage":"az","potentialAction":[{"@type":"ReadAction","target":["https:\/\/www.meydan.tv\/az\/article\/melum-ve-namelum-azer-tagiyev\/"]}]},{"@type":"ImageObject","inLanguage":"az","@id":"https:\/\/www.meydan.tv\/az\/article\/melum-ve-namelum-azer-tagiyev\/#primaryimage","url":"https:\/\/www.meydan.tv\/wp-content\/uploads\/39925.jpg","contentUrl":"https:\/\/www.meydan.tv\/wp-content\/uploads\/39925.jpg","width":1023,"height":575,"caption":"Source:"},{"@type":"BreadcrumbList","@id":"https:\/\/www.meydan.tv\/az\/article\/melum-ve-namelum-azer-tagiyev\/#breadcrumb","itemListElement":[{"@type":"ListItem","position":1,"name":"Ana s\u0259hif\u0259","item":"https:\/\/www.meydan.tv\/az\/"},{"@type":"ListItem","position":2,"name":"M\u0259nim Fikrimc\u0259","item":"https:\/\/www.meydan.tv\/az\/section\/menim-fikrimce\/"},{"@type":"ListItem","position":3,"name":"M\u0259lum v\u0259 nam\u0259lum Az\u0259r Ta\u011f\u0131yev&#8230;"}]},{"@type":"WebSite","@id":"https:\/\/www.meydan.tv\/az\/#website","url":"https:\/\/www.meydan.tv\/az\/","name":"MEYDAN.TV","description":"Meydan TV Az\u0259rbaycan\u0131n media m\u0259kan\u0131ndak\u0131 alternativ s\u0259sidir","publisher":{"@id":"https:\/\/www.meydan.tv\/az\/#organization"},"potentialAction":[{"@type":"SearchAction","target":{"@type":"EntryPoint","urlTemplate":"https:\/\/www.meydan.tv\/az\/?s={search_term_string}"},"query-input":{"@type":"PropertyValueSpecification","valueRequired":true,"valueName":"search_term_string"}}],"inLanguage":"az"},{"@type":"Organization","@id":"https:\/\/www.meydan.tv\/az\/#organization","name":"Meydan TV","url":"https:\/\/www.meydan.tv\/az\/","logo":{"@type":"ImageObject","inLanguage":"az","@id":"https:\/\/www.meydan.tv\/az\/#\/schema\/logo\/image\/","url":"https:\/\/www.meydan.tv\/wp-content\/uploads\/2021\/07\/meydan-logo.svg","contentUrl":"https:\/\/www.meydan.tv\/wp-content\/uploads\/2021\/07\/meydan-logo.svg","width":195,"height":46,"caption":"Meydan TV"},"image":{"@id":"https:\/\/www.meydan.tv\/az\/#\/schema\/logo\/image\/"}},{"@type":"Person","@id":"https:\/\/www.meydan.tv\/az\/#\/schema\/person\/10d11eccf6da3662cf5fdab9806ea91a","name":"user-manager"}]}},"_links":{"self":[{"href":"https:\/\/www.meydan.tv\/az\/wp-json\/wp\/v2\/posts\/189908","targetHints":{"allow":["GET"]}}],"collection":[{"href":"https:\/\/www.meydan.tv\/az\/wp-json\/wp\/v2\/posts"}],"about":[{"href":"https:\/\/www.meydan.tv\/az\/wp-json\/wp\/v2\/types\/post"}],"author":[{"embeddable":true,"href":"https:\/\/www.meydan.tv\/az\/wp-json\/wp\/v2\/users\/11"}],"replies":[{"embeddable":true,"href":"https:\/\/www.meydan.tv\/az\/wp-json\/wp\/v2\/comments?post=189908"}],"version-history":[{"count":0,"href":"https:\/\/www.meydan.tv\/az\/wp-json\/wp\/v2\/posts\/189908\/revisions"}],"wp:featuredmedia":[{"embeddable":true,"href":"https:\/\/www.meydan.tv\/az\/wp-json\/wp\/v2\/media\/100928"}],"wp:attachment":[{"href":"https:\/\/www.meydan.tv\/az\/wp-json\/wp\/v2\/media?parent=189908"}],"wp:term":[{"taxonomy":"category","embeddable":true,"href":"https:\/\/www.meydan.tv\/az\/wp-json\/wp\/v2\/categories?post=189908"},{"taxonomy":"post_tag","embeddable":true,"href":"https:\/\/www.meydan.tv\/az\/wp-json\/wp\/v2\/tags?post=189908"}],"curies":[{"name":"wp","href":"https:\/\/api.w.org\/{rel}","templated":true}]}}