{"id":189871,"date":"2018-05-07T19:34:07","date_gmt":"2018-05-07T19:34:07","guid":{"rendered":"https:\/\/www.meydan.tv\/article\/leyaqetli-insan-haqqinda-rekviyem\/"},"modified":"2018-05-07T19:34:07","modified_gmt":"2018-05-07T19:34:07","slug":"leyaqetli-insan-haqqinda-rekviyem","status":"publish","type":"post","link":"https:\/\/www.meydan.tv\/az\/article\/leyaqetli-insan-haqqinda-rekviyem\/","title":{"rendered":"L\u0259yaq\u0259tli insan haqq\u0131nda rekviyem"},"content":{"rendered":"<figure class=\"wp-block-image size-large\">\n  <img decoding=\"async\" src=\"https:\/\/www.meydan.tv\/az\/fuad-poladov\/\" alt=\"Fuad Poladov\" class=\"wp-image-103197\"\/><figcaption>\n    Fuad Poladov<br \/>\n  <\/figcaption><\/figure>\n<p>\n  <i><br \/>\n    Fuad Poladov \u00f6ld\u00fc&#8230;<br \/>\n  <\/i>\n<\/p>\n<p>\n  Bu birinci c\u00fcml\u0259nin \u00fcst\u00fcnd\u0259 \u00e7ox d\u00fc\u015f\u00fcnd\u00fcm. Q\u0259lbimd\u0259 uzun ill\u0259r yax\u0131n \u00fcnsiyy\u0259td\u0259 olmaq xo\u015fb\u0259xtliyini ya\u015fad\u0131\u011f\u0131m, \u0259n l\u0259yaq\u0259tli insanlardan birinin h\u0259yatdan getm\u0259sinin yaratd\u0131\u011f\u0131 bo\u015fluq var\u0131yd\u0131. Yaz\u0131\u00e7\u0131 Faz\u0131l \u0130sg\u0259nd\u0259rin g\u00f6z\u0259l bir fikri var:\n<\/p>\n<p>\n  &#8220;L\u0259yaq\u0259tlilik q\u0259hr\u0259manl\u0131\u011f\u0131 n\u0259z\u0259rd\u0259 tutmur, o, \u0259clafl\u0131\u011fa qat\u0131lmama\u011f\u0131 n\u0259z\u0259rd\u0259 tutur&#8221;.\n<\/p>\n<p>\n  Bu ifad\u0259, \u00f6z \u00f6lk\u0259sinin xarizmatik v\u0259t\u0259nda\u015f\u0131 olan Fuad Poladovun \u015f\u0259xsiyy\u0259tini \u00e7ox d\u0259qiq t\u0259svir edir. O, z\u00fclm\u0259tin h\u00f6kmranl\u0131q etdiyi \u00e7a\u011fda\u015f Az\u0259rbaycanda ham\u0131ya s\u00fcbut etdi ki, h\u0259tta bel\u0259 bir \u015f\u0259raitd\u0259 d\u0259 insan l\u0259yaq\u0259tl\u0259 ya\u015faya bil\u0259r.\n<\/p>\n<p>\n  Bu v\u0259 ya dig\u0259r \u00f6lk\u0259l\u0259rd\u0259 ged\u0259n ictimai-siyasi prosesl\u0259r\u0131 ba\u015fa d\u00fc\u015fm\u0259k \u00fc\u00e7\u00fcn sosial \u015f\u0259b\u0259k\u0259l\u0259r v\u0259 \u0259halinin oradak\u0131 f\u0259all\u0131\u011f\u0131 yax\u015f\u0131 materiald\u0131r. Fuad Poladovun v\u0259fat\u0131 g\u00fcn\u00fc internetin Az\u0259rbaycan seqmentinin tamamil\u0259 bu k\u0259d\u0259rli hadis\u0259y\u0259 y\u00f6n\u0259lm\u0259si buna \u0259yani s\u00fcbutdur. \u00d6zl\u0259rinin siyasi bax\u0131\u015flar\u0131ndan as\u0131l\u0131 olmayaraq, Az\u0259rbaycan c\u0259miyy\u0259tinin b\u00fct\u00fcn t\u0259msil\u00e7il\u0259ri bu b\u00f6y\u00fck aktyor v\u0259 v\u0259t\u0259nda\u015f haqq\u0131nda birm\u0259nal\u0131 \u015f\u0259kild\u0259 h\u00f6rm\u0259tl\u0259 fikir bildirirdil\u0259r.\n<\/p>\n<p>\n  M\u0259nim yadda\u015f\u0131mda bu, birinci hadis\u0259ydi. Yalan\u0131n b\u00fct\u00fcn c\u0259miyy\u0259t \u00fc\u00e7\u00fcn h\u0259yat normas\u0131na \u00e7evrildiyi v\u0259 Az\u0259rbaycan\u0131n hakimiyy\u0259t sisteminin b\u00fct\u00fcn tribunalar\u0131ndan k\u00f6r\u00fckl\u0259ndiyi, buna g\u00f6r\u0259 d\u0259 m\u0259n\u0259vi d\u0259y\u0259rl\u0259rin add\u0131mba\u015f\u0131 a\u015f\u0131nd\u0131\u011f\u0131 bel\u0259 bir \u00e7\u0259tin zamanda, onun \u015f\u0259r\u0259f v\u0259 l\u0259yaq\u0259tini qoruma\u011f\u0131 bacard\u0131\u011f\u0131 x\u00fcsusi qeyd olunurdu.<br \/>\n  <br \/>\n  Son ill\u0259rd\u0259 \u0259d\u0259bi yarad\u0131c\u0131 insanlar\u0131n, sonradan F\u0259xri Xiyabanda d\u0259fn olunmalar\u0131 \u00fc\u00e7\u00fcn \u00f6z vicdanlar\u0131 il\u0259 nec\u0259 alver etdikl\u0259rini yax\u015f\u0131 xat\u0131rlay\u0131r\u0131q. \u00c7\u00fcnki bu insanlar \u00fc\u00e7\u00fcn forma m\u0259zmundan daha \u00f6n\u0259mlidir. Yeri g\u0259lmi\u015fk\u0259n, indi h\u0259yatda olanlardan bir \u00e7oxu bu g\u00fcn d\u0259, bunu etm\u0259kd\u0259dirl\u0259r v\u0259 bu, lakmus ka\u011f\u0131z\u0131 kimi h\u0259r \u015feyi ay\u0131rd ed\u0259n sosial \u015f\u0259b\u0259k\u0259l\u0259rd\u0259n k\u0259narda qalm\u0131r.\n<\/p>\n<p>\n  B\u0259\u015f\u0259riyy\u0259tin b\u00fct\u00fcn tarixi yarad\u0131c\u0131 v\u0259 da\u011f\u0131d\u0131c\u0131 insanlar\u0131n m\u00fcbariz\u0259sind\u0259n ibar\u0259tdir. \u018fg\u0259r min il \u0259vv\u0259l, lap el\u0259 orta \u0259srl\u0259rd\u0259 \u00e7oxu o d\u00f6vr\u00fcn qanunlar\u0131 il\u0259 \u00f6zl\u0259rin\u0259 b\u0259ra\u0259t qazand\u0131r\u0131rd\u0131sa, \u00e7a\u011fda\u015f \u015f\u0259raitd\u0259 bel\u0259 i\u015f\u0131ql\u0131 v\u0259 l\u0259yaq\u0259tli h\u0259yat ya\u015fam\u0131\u015f Fuad Poladov d\u00fcnyan\u0131n s\u00fctunlar\u0131ndan olan Qurucu adam\u0131n \u0259yani n\u00fcmun\u0259sidir.\n<\/p>\n<p>\n  M\u0259n Az\u0259rbaycandan AB\u015e-a m\u00fchacir\u0259t etm\u0259k haqq\u0131nda q\u0259rar q\u0259bul ed\u0259nd\u0259, o, \u015f\u0259xs\u0259n vidala\u015fd\u0131\u011f\u0131m t\u0259k-t\u00fck adamlardan biriydi. \u00c7oxlu sayda insan\u0131n onu alq\u0131\u015flarla son m\u0259nzil\u0259 yola sald\u0131\u011f\u0131 evinin yan\u0131ndak\u0131 s\u00f6hb\u0259timizi tez-tez xat\u0131rlay\u0131ram. M\u0259n onun m\u00fcxt\u0259lif \u015fairl\u0259rin, o c\u00fcml\u0259d\u0259n \u00d6m\u0259r X\u0259yyam\u0131n \u015feirl\u0259rini nec\u0259 d\u0259 t\u0259sirli dem\u0259sini \u00e7ox b\u0259y\u0259nirdim. Vida zaman\u0131 \u00d6m\u0259r X\u0259yyamdan dediyi v\u0259 indi onun q\u0259bir\u00fcst\u00fc da\u015f\u0131 \u00fc\u00e7\u00fcn g\u00f6z\u0259l epiqraf ola bil\u0259c\u0259k r\u00fcbaini d\u0259 yax\u015f\u0131 xat\u0131rlay\u0131ram:\n<\/p>\n<p>\n  \u201cBu h\u0259yatda m\u00fcdrik ya\u015famaq \u00fc\u00e7\u00fcn g\u0259r\u0259k insan kamil ola.<br \/>\n  <br \/>\n  \u0130ki vacib qaydan\u0131 \u00f6nc\u0259 yad\u0131nda saxla:<br \/>\n  <br \/>\n  H\u0259r n\u0259 g\u0259ldi yem\u0259kd\u0259n, yax\u015f\u0131d\u0131r insan ac qala,<br \/>\n  <br \/>\n  Kiml\u0259 g\u0259ldi olmaqdansa, \u00f6m\u00fcrl\u00fck t\u0259nha ola\u201d.<\/p>\n","protected":false},"excerpt":{"rendered":"<p>Fuad Poladov \u00f6ld\u00fc&#8230;<\/p>\n","protected":false},"author":11,"featured_media":103197,"comment_status":"closed","ping_status":"open","sticky":false,"template":"","format":"standard","meta":{"_acf_changed":false,"_sitemap_exclude":false,"_sitemap_priority":"","_sitemap_frequency":"","footnotes":""},"categories":[57],"tags":[],"class_list":["post-189871","post","type-post","status-publish","format-standard","has-post-thumbnail","hentry","category-menim-fikrimce","infinite-scroll-item","generate-columns","tablet-grid-50","mobile-grid-100","grid-parent","grid-33","no-featured-image-padding"],"acf":[],"yoast_head":"<!-- This site is optimized with the Yoast SEO plugin v27.4 - https:\/\/yoast.com\/product\/yoast-seo-wordpress\/ -->\n<title>L\u0259yaq\u0259tli insan haqq\u0131nda rekviyem - MEYDAN.TV<\/title>\n<meta name=\"robots\" content=\"index, follow, max-snippet:-1, max-image-preview:large, max-video-preview:-1\" \/>\n<link rel=\"canonical\" href=\"https:\/\/www.meydan.tv\/az\/article\/leyaqetli-insan-haqqinda-rekviyem\/\" \/>\n<meta property=\"og:locale\" content=\"az_AZ\" \/>\n<meta property=\"og:type\" content=\"article\" \/>\n<meta property=\"og:title\" content=\"L\u0259yaq\u0259tli insan haqq\u0131nda rekviyem - MEYDAN.TV\" \/>\n<meta property=\"og:description\" content=\"Fuad Poladov \u00f6ld\u00fc...\" \/>\n<meta property=\"og:url\" content=\"https:\/\/www.meydan.tv\/az\/article\/leyaqetli-insan-haqqinda-rekviyem\/\" \/>\n<meta property=\"og:site_name\" content=\"MEYDAN.TV\" \/>\n<meta property=\"article:published_time\" content=\"2018-05-07T19:34:07+00:00\" \/>\n<meta property=\"og:image\" content=\"https:\/\/www.meydan.tv\/wp-content\/uploads\/40935.jpg\" \/>\n\t<meta property=\"og:image:width\" content=\"1000\" \/>\n\t<meta property=\"og:image:height\" content=\"541\" \/>\n\t<meta property=\"og:image:type\" content=\"image\/jpeg\" \/>\n<meta name=\"author\" content=\"user-manager\" \/>\n<meta name=\"twitter:card\" content=\"summary_large_image\" \/>\n<script type=\"application\/ld+json\" class=\"yoast-schema-graph\">{\"@context\":\"https:\\\/\\\/schema.org\",\"@graph\":[{\"@type\":\"Article\",\"@id\":\"https:\\\/\\\/www.meydan.tv\\\/az\\\/article\\\/leyaqetli-insan-haqqinda-rekviyem\\\/#article\",\"isPartOf\":{\"@id\":\"https:\\\/\\\/www.meydan.tv\\\/az\\\/article\\\/leyaqetli-insan-haqqinda-rekviyem\\\/\"},\"author\":{\"name\":\"user-manager\",\"@id\":\"https:\\\/\\\/www.meydan.tv\\\/az\\\/#\\\/schema\\\/person\\\/10d11eccf6da3662cf5fdab9806ea91a\"},\"headline\":\"L\u0259yaq\u0259tli insan haqq\u0131nda rekviyem\",\"datePublished\":\"2018-05-07T19:34:07+00:00\",\"mainEntityOfPage\":{\"@id\":\"https:\\\/\\\/www.meydan.tv\\\/az\\\/article\\\/leyaqetli-insan-haqqinda-rekviyem\\\/\"},\"wordCount\":622,\"publisher\":{\"@id\":\"https:\\\/\\\/www.meydan.tv\\\/az\\\/#organization\"},\"image\":{\"@id\":\"https:\\\/\\\/www.meydan.tv\\\/az\\\/article\\\/leyaqetli-insan-haqqinda-rekviyem\\\/#primaryimage\"},\"thumbnailUrl\":\"https:\\\/\\\/www.meydan.tv\\\/wp-content\\\/uploads\\\/40935.jpg\",\"articleSection\":[\"M\u0259nim Fikrimc\u0259\"],\"inLanguage\":\"az\"},{\"@type\":\"WebPage\",\"@id\":\"https:\\\/\\\/www.meydan.tv\\\/az\\\/article\\\/leyaqetli-insan-haqqinda-rekviyem\\\/\",\"url\":\"https:\\\/\\\/www.meydan.tv\\\/az\\\/article\\\/leyaqetli-insan-haqqinda-rekviyem\\\/\",\"name\":\"L\u0259yaq\u0259tli insan haqq\u0131nda rekviyem - MEYDAN.TV\",\"isPartOf\":{\"@id\":\"https:\\\/\\\/www.meydan.tv\\\/az\\\/#website\"},\"primaryImageOfPage\":{\"@id\":\"https:\\\/\\\/www.meydan.tv\\\/az\\\/article\\\/leyaqetli-insan-haqqinda-rekviyem\\\/#primaryimage\"},\"image\":{\"@id\":\"https:\\\/\\\/www.meydan.tv\\\/az\\\/article\\\/leyaqetli-insan-haqqinda-rekviyem\\\/#primaryimage\"},\"thumbnailUrl\":\"https:\\\/\\\/www.meydan.tv\\\/wp-content\\\/uploads\\\/40935.jpg\",\"datePublished\":\"2018-05-07T19:34:07+00:00\",\"breadcrumb\":{\"@id\":\"https:\\\/\\\/www.meydan.tv\\\/az\\\/article\\\/leyaqetli-insan-haqqinda-rekviyem\\\/#breadcrumb\"},\"inLanguage\":\"az\",\"potentialAction\":[{\"@type\":\"ReadAction\",\"target\":[\"https:\\\/\\\/www.meydan.tv\\\/az\\\/article\\\/leyaqetli-insan-haqqinda-rekviyem\\\/\"]}]},{\"@type\":\"ImageObject\",\"inLanguage\":\"az\",\"@id\":\"https:\\\/\\\/www.meydan.tv\\\/az\\\/article\\\/leyaqetli-insan-haqqinda-rekviyem\\\/#primaryimage\",\"url\":\"https:\\\/\\\/www.meydan.tv\\\/wp-content\\\/uploads\\\/40935.jpg\",\"contentUrl\":\"https:\\\/\\\/www.meydan.tv\\\/wp-content\\\/uploads\\\/40935.jpg\",\"width\":1000,\"height\":541,\"caption\":\"Source:\"},{\"@type\":\"BreadcrumbList\",\"@id\":\"https:\\\/\\\/www.meydan.tv\\\/az\\\/article\\\/leyaqetli-insan-haqqinda-rekviyem\\\/#breadcrumb\",\"itemListElement\":[{\"@type\":\"ListItem\",\"position\":1,\"name\":\"Ana s\u0259hif\u0259\",\"item\":\"https:\\\/\\\/www.meydan.tv\\\/az\\\/\"},{\"@type\":\"ListItem\",\"position\":2,\"name\":\"M\u0259nim Fikrimc\u0259\",\"item\":\"https:\\\/\\\/www.meydan.tv\\\/az\\\/section\\\/menim-fikrimce\\\/\"},{\"@type\":\"ListItem\",\"position\":3,\"name\":\"L\u0259yaq\u0259tli insan haqq\u0131nda rekviyem\"}]},{\"@type\":\"WebSite\",\"@id\":\"https:\\\/\\\/www.meydan.tv\\\/az\\\/#website\",\"url\":\"https:\\\/\\\/www.meydan.tv\\\/az\\\/\",\"name\":\"MEYDAN.TV\",\"description\":\"Meydan TV Az\u0259rbaycan\u0131n media m\u0259kan\u0131ndak\u0131 alternativ s\u0259sidir\",\"publisher\":{\"@id\":\"https:\\\/\\\/www.meydan.tv\\\/az\\\/#organization\"},\"potentialAction\":[{\"@type\":\"SearchAction\",\"target\":{\"@type\":\"EntryPoint\",\"urlTemplate\":\"https:\\\/\\\/www.meydan.tv\\\/az\\\/?s={search_term_string}\"},\"query-input\":{\"@type\":\"PropertyValueSpecification\",\"valueRequired\":true,\"valueName\":\"search_term_string\"}}],\"inLanguage\":\"az\"},{\"@type\":\"Organization\",\"@id\":\"https:\\\/\\\/www.meydan.tv\\\/az\\\/#organization\",\"name\":\"Meydan TV\",\"url\":\"https:\\\/\\\/www.meydan.tv\\\/az\\\/\",\"logo\":{\"@type\":\"ImageObject\",\"inLanguage\":\"az\",\"@id\":\"https:\\\/\\\/www.meydan.tv\\\/az\\\/#\\\/schema\\\/logo\\\/image\\\/\",\"url\":\"https:\\\/\\\/www.meydan.tv\\\/wp-content\\\/uploads\\\/2021\\\/07\\\/meydan-logo.svg\",\"contentUrl\":\"https:\\\/\\\/www.meydan.tv\\\/wp-content\\\/uploads\\\/2021\\\/07\\\/meydan-logo.svg\",\"width\":195,\"height\":46,\"caption\":\"Meydan TV\"},\"image\":{\"@id\":\"https:\\\/\\\/www.meydan.tv\\\/az\\\/#\\\/schema\\\/logo\\\/image\\\/\"}},{\"@type\":\"Person\",\"@id\":\"https:\\\/\\\/www.meydan.tv\\\/az\\\/#\\\/schema\\\/person\\\/10d11eccf6da3662cf5fdab9806ea91a\",\"name\":\"user-manager\"}]}<\/script>\n<!-- \/ Yoast SEO plugin. -->","yoast_head_json":{"title":"L\u0259yaq\u0259tli insan haqq\u0131nda rekviyem - MEYDAN.TV","robots":{"index":"index","follow":"follow","max-snippet":"max-snippet:-1","max-image-preview":"max-image-preview:large","max-video-preview":"max-video-preview:-1"},"canonical":"https:\/\/www.meydan.tv\/az\/article\/leyaqetli-insan-haqqinda-rekviyem\/","og_locale":"az_AZ","og_type":"article","og_title":"L\u0259yaq\u0259tli insan haqq\u0131nda rekviyem - MEYDAN.TV","og_description":"Fuad Poladov \u00f6ld\u00fc...","og_url":"https:\/\/www.meydan.tv\/az\/article\/leyaqetli-insan-haqqinda-rekviyem\/","og_site_name":"MEYDAN.TV","article_published_time":"2018-05-07T19:34:07+00:00","og_image":[{"width":1000,"height":541,"url":"https:\/\/www.meydan.tv\/wp-content\/uploads\/40935.jpg","type":"image\/jpeg"}],"author":"user-manager","twitter_card":"summary_large_image","schema":{"@context":"https:\/\/schema.org","@graph":[{"@type":"Article","@id":"https:\/\/www.meydan.tv\/az\/article\/leyaqetli-insan-haqqinda-rekviyem\/#article","isPartOf":{"@id":"https:\/\/www.meydan.tv\/az\/article\/leyaqetli-insan-haqqinda-rekviyem\/"},"author":{"name":"user-manager","@id":"https:\/\/www.meydan.tv\/az\/#\/schema\/person\/10d11eccf6da3662cf5fdab9806ea91a"},"headline":"L\u0259yaq\u0259tli insan haqq\u0131nda rekviyem","datePublished":"2018-05-07T19:34:07+00:00","mainEntityOfPage":{"@id":"https:\/\/www.meydan.tv\/az\/article\/leyaqetli-insan-haqqinda-rekviyem\/"},"wordCount":622,"publisher":{"@id":"https:\/\/www.meydan.tv\/az\/#organization"},"image":{"@id":"https:\/\/www.meydan.tv\/az\/article\/leyaqetli-insan-haqqinda-rekviyem\/#primaryimage"},"thumbnailUrl":"https:\/\/www.meydan.tv\/wp-content\/uploads\/40935.jpg","articleSection":["M\u0259nim Fikrimc\u0259"],"inLanguage":"az"},{"@type":"WebPage","@id":"https:\/\/www.meydan.tv\/az\/article\/leyaqetli-insan-haqqinda-rekviyem\/","url":"https:\/\/www.meydan.tv\/az\/article\/leyaqetli-insan-haqqinda-rekviyem\/","name":"L\u0259yaq\u0259tli insan haqq\u0131nda rekviyem - MEYDAN.TV","isPartOf":{"@id":"https:\/\/www.meydan.tv\/az\/#website"},"primaryImageOfPage":{"@id":"https:\/\/www.meydan.tv\/az\/article\/leyaqetli-insan-haqqinda-rekviyem\/#primaryimage"},"image":{"@id":"https:\/\/www.meydan.tv\/az\/article\/leyaqetli-insan-haqqinda-rekviyem\/#primaryimage"},"thumbnailUrl":"https:\/\/www.meydan.tv\/wp-content\/uploads\/40935.jpg","datePublished":"2018-05-07T19:34:07+00:00","breadcrumb":{"@id":"https:\/\/www.meydan.tv\/az\/article\/leyaqetli-insan-haqqinda-rekviyem\/#breadcrumb"},"inLanguage":"az","potentialAction":[{"@type":"ReadAction","target":["https:\/\/www.meydan.tv\/az\/article\/leyaqetli-insan-haqqinda-rekviyem\/"]}]},{"@type":"ImageObject","inLanguage":"az","@id":"https:\/\/www.meydan.tv\/az\/article\/leyaqetli-insan-haqqinda-rekviyem\/#primaryimage","url":"https:\/\/www.meydan.tv\/wp-content\/uploads\/40935.jpg","contentUrl":"https:\/\/www.meydan.tv\/wp-content\/uploads\/40935.jpg","width":1000,"height":541,"caption":"Source:"},{"@type":"BreadcrumbList","@id":"https:\/\/www.meydan.tv\/az\/article\/leyaqetli-insan-haqqinda-rekviyem\/#breadcrumb","itemListElement":[{"@type":"ListItem","position":1,"name":"Ana s\u0259hif\u0259","item":"https:\/\/www.meydan.tv\/az\/"},{"@type":"ListItem","position":2,"name":"M\u0259nim Fikrimc\u0259","item":"https:\/\/www.meydan.tv\/az\/section\/menim-fikrimce\/"},{"@type":"ListItem","position":3,"name":"L\u0259yaq\u0259tli insan haqq\u0131nda rekviyem"}]},{"@type":"WebSite","@id":"https:\/\/www.meydan.tv\/az\/#website","url":"https:\/\/www.meydan.tv\/az\/","name":"MEYDAN.TV","description":"Meydan TV Az\u0259rbaycan\u0131n media m\u0259kan\u0131ndak\u0131 alternativ s\u0259sidir","publisher":{"@id":"https:\/\/www.meydan.tv\/az\/#organization"},"potentialAction":[{"@type":"SearchAction","target":{"@type":"EntryPoint","urlTemplate":"https:\/\/www.meydan.tv\/az\/?s={search_term_string}"},"query-input":{"@type":"PropertyValueSpecification","valueRequired":true,"valueName":"search_term_string"}}],"inLanguage":"az"},{"@type":"Organization","@id":"https:\/\/www.meydan.tv\/az\/#organization","name":"Meydan TV","url":"https:\/\/www.meydan.tv\/az\/","logo":{"@type":"ImageObject","inLanguage":"az","@id":"https:\/\/www.meydan.tv\/az\/#\/schema\/logo\/image\/","url":"https:\/\/www.meydan.tv\/wp-content\/uploads\/2021\/07\/meydan-logo.svg","contentUrl":"https:\/\/www.meydan.tv\/wp-content\/uploads\/2021\/07\/meydan-logo.svg","width":195,"height":46,"caption":"Meydan TV"},"image":{"@id":"https:\/\/www.meydan.tv\/az\/#\/schema\/logo\/image\/"}},{"@type":"Person","@id":"https:\/\/www.meydan.tv\/az\/#\/schema\/person\/10d11eccf6da3662cf5fdab9806ea91a","name":"user-manager"}]}},"_links":{"self":[{"href":"https:\/\/www.meydan.tv\/az\/wp-json\/wp\/v2\/posts\/189871","targetHints":{"allow":["GET"]}}],"collection":[{"href":"https:\/\/www.meydan.tv\/az\/wp-json\/wp\/v2\/posts"}],"about":[{"href":"https:\/\/www.meydan.tv\/az\/wp-json\/wp\/v2\/types\/post"}],"author":[{"embeddable":true,"href":"https:\/\/www.meydan.tv\/az\/wp-json\/wp\/v2\/users\/11"}],"replies":[{"embeddable":true,"href":"https:\/\/www.meydan.tv\/az\/wp-json\/wp\/v2\/comments?post=189871"}],"version-history":[{"count":0,"href":"https:\/\/www.meydan.tv\/az\/wp-json\/wp\/v2\/posts\/189871\/revisions"}],"wp:featuredmedia":[{"embeddable":true,"href":"https:\/\/www.meydan.tv\/az\/wp-json\/wp\/v2\/media\/103197"}],"wp:attachment":[{"href":"https:\/\/www.meydan.tv\/az\/wp-json\/wp\/v2\/media?parent=189871"}],"wp:term":[{"taxonomy":"category","embeddable":true,"href":"https:\/\/www.meydan.tv\/az\/wp-json\/wp\/v2\/categories?post=189871"},{"taxonomy":"post_tag","embeddable":true,"href":"https:\/\/www.meydan.tv\/az\/wp-json\/wp\/v2\/tags?post=189871"}],"curies":[{"name":"wp","href":"https:\/\/api.w.org\/{rel}","templated":true}]}}