{"id":189786,"date":"2018-05-01T16:53:48","date_gmt":"2018-05-01T16:53:48","guid":{"rendered":"https:\/\/www.meydan.tv\/article\/tarixin-icra-olunan-ve-texire-salinan-hokmleri\/"},"modified":"2018-05-01T16:53:48","modified_gmt":"2018-05-01T16:53:48","slug":"tarixin-icra-olunan-ve-texire-salinan-hokmleri","status":"publish","type":"post","link":"https:\/\/www.meydan.tv\/az\/article\/tarixin-icra-olunan-ve-texire-salinan-hokmleri\/","title":{"rendered":"Tarixin icra olunan v\u0259 t\u0259xir\u0259 sal\u0131nan h\u00f6kml\u0259ri"},"content":{"rendered":"<figure class=\"wp-block-image size-large\">\n  <img decoding=\"async\" src=\"https:\/\/www.meydan.tv\/az\/pasinyan-meydanda\/\" alt=\"Pa\u015finyan meydanda\" class=\"wp-image-102999\"\/><figcaption>\n    Pa\u015finyan meydanda<br \/>\n  <\/figcaption><\/figure>\n<p>\n  Aprel ay\u0131nda sosial \u015f\u0259b\u0259k\u0259l\u0259rd\u0259 v\u0259 m\u0259tbuatda m\u00fczakir\u0259 olunan aktual m\u00f6vzular\u0131ndan biri d\u0259 Erm\u0259nistanda ba\u015f ver\u0259n m\u00fcxalif\u0259tin \u201cm\u0259xm\u0259ri inqilab\u201d adland\u0131rd\u0131\u011f\u0131 hadis\u0259l\u0259r oldu.\n<\/p>\n<p>\n  On g\u00fcn davam ed\u0259n inqilabi proses aprelin 22-23-d\u0259 \u00f6z\u00fcnun kuliminasiya s\u0259viyy\u0259sin\u0259 \u00e7atd\u0131, \u015f\u0259h\u0259rin m\u0259rk\u0259zin\u0259 y\u0131\u011f\u0131\u015fan y\u00fczminl\u0259rl\u0259 v\u0259t\u0259nda\u015f m\u00fcxalif\u0259t\u0259 d\u0259st\u0259k n\u00fcmayi\u015f etdirdi, ordu n\u00fcmay\u0259nd\u0259l\u0259ri n\u00fcmayi\u015f\u00e7il\u0259rin t\u0259r\u0259fin\u0259 ke\u00e7di, on il \u00f6lk\u0259nin prezidenti olmu\u015f, Ba\u015f nazir kimi \u00f6lk\u0259y\u0259 r\u0259hb\u0259rliyi \u0259lind\u0259 saxlamaq \u00fc\u00e7\u00fcn konstitusiya islahat\u0131 ke\u00e7ir\u0259n, 17 apreld\u0259 parlamentd\u0259 Ba\u015f nazir se\u00e7il\u0259n Serj Sarkisyan istefa verm\u0259y\u0259 m\u0259cbur oldu.\n<\/p>\n<p>\n  S.Sarkisyan istefa m\u00fcraci\u0259tind\u0259 rejimin mahiyy\u0259tini v\u0259 iflas\u0131n\u0131 ifad\u0259 ed\u0259n fikirl\u0259ri bel\u0259 s\u0259sl\u0259ndirdi: \u201cNikol Pa\u015finyan haql\u0131 idi, m\u0259n s\u0259hv el\u0259mi\u015f\u0259m&#8230;\u201d.\n<\/p>\n<p>\n  S.Sarkisyan t\u0259kc\u0259 \u00f6z\u00fcn\u00fcn s\u0259hvini deyil, dolay\u0131s\u0131 il\u0259 cinay\u0259tkarl\u0131\u011f\u0131n\u0131 da etiraf etdi. Qaraba\u011f kartind\u0259n istifad\u0259 edib Erm\u0259nistanda hakimiyy\u0259t\u0259 g\u0259l\u0259n v\u0259 bu kartdan istifad\u0259 edib Az\u0259rbaycan xalq\u0131na qar\u015f\u0131 da cinay\u0259tl\u0259r t\u00f6r\u0259tmi\u015f S.Sarkisyan\u0131n v\u0259 onun klan\u0131n\u0131n uzun ill\u0259r davam ed\u0259n manupilasiya imkanlar\u0131 t\u00fck\u0259nmi\u015f oldu. S.Sarkisyan v\u0259 onun klan\u0131n\u0131n Az\u0259rbaycan xalq\u0131na qar\u015f\u0131 b\u0259\u015f\u0259ri cinay\u0259tl\u0259r\u0259 yol verm\u0259si m\u0259lumdur.\n<\/p>\n<p>\n  Onun \u201cNikol Pa\u015fiyan haql\u0131 idi\u201d etiraf\u0131 da t\u0259sad\u00fcf\u00fc deyil. Sarkisyan etiraf etdi ki, onun apard\u0131\u011f\u0131 siyas\u0259t inki\u015faf prosesinin m\u0259ntiqin\u0259 ziddir, avtoritar rejimin \u00f6lk\u0259y\u0259 g\u0259tirdiyi korrupsiya, i\u015fsizlik, yoxsulluq, emiqrasiya v\u0259 s. k\u00fctl\u0259vi naraz\u0131l\u0131qlar toplanaraq \u00f6lk\u0259d\u0259 vulkan p\u00fcsk\u00fcrm\u0259sin\u0259 \u00e7evrildi, rejim q\u0131sa m\u00fcdd\u0259td\u0259, on g\u00fcn\u0259 s\u00fcqut etdi. \u018fslind\u0259, avtoritar rejiml\u0259r eyni taleyi ya\u015fay\u0131rlar &#8211; \u0259m\u0259l\u0259 g\u0259lir, inki\u015faf edir, kuliminasiya n\u00f6qt\u0259sin\u0259 \u00e7at\u0131r v\u0259 zahir\u0259n \u0259n g\u00fccl\u00fc vaxt\u0131nda da\u011f\u0131l\u0131r.\n<\/p>\n<p>\n  Avtoritar rejiml\u0259rin da\u011f\u0131lmas\u0131 d\u00fcnyada ged\u0259n qlobal demokratik prosesl\u0259rl\u0259 d\u0259 ba\u011fl\u0131d\u0131r. Haz\u0131rda d\u00fcnyada demokratiyan\u0131n yeni dal\u011fas\u0131 ba\u015flay\u0131b. Bu proses obyektiv v\u0259 qar\u015f\u0131s\u0131 al\u0131nmazd\u0131r. N\u0259tic\u0259d\u0259 demokratik d\u00fc\u015f\u0259rg\u0259nin areal\u0131 geni\u015fl\u0259nir, avtoritar rejiml\u0259r s\u00fcquta u\u011fray\u0131rlar. D\u00fcnyadak\u0131 prosesl\u0259r qlobal xarakter da\u015f\u0131d\u0131\u011f\u0131ndan \u00f6lk\u0259l\u0259rd\u0259 ba\u015f ver\u0259n hadis\u0259l\u0259r d\u00fcny\u0259vi demokratik prosesl\u0259rin t\u0259rkib hiss\u0259si kimi \u00e7\u0131x\u0131\u015f edir.\n<\/p>\n<p>\n  Qloballa\u015fma v\u0259 inteqrasiya, demokratiya v\u0259 insan haqlar\u0131n\u0131n t\u0259minat\u0131, elmi-texniki inki\u015faf, insan kapital\u0131n\u0131n v\u0259 informasiya texnologiyalar\u0131 vasit\u0259l\u0259rinin b\u00fct\u00fcn prosesl\u0259rd\u0259 h\u0259lledici faktlara \u00e7evrilm\u0259si d\u00fcny\u0259vi prosesl\u0259rin \u0259sas tendensiya v\u0259 vektorlar\u0131d\u0131r. \u00d6lk\u0259nin inki\u015faf\u0131 v\u0259 \u0259halisinin h\u0259yat s\u0259viyy\u0259si h\u0259min tendensiyaya uy\u011fun siyas\u0259t apar\u0131lmas\u0131ndan asl\u0131d\u0131r, bu is\u0259 yaln\u0131z demokratik rejiml\u0259rd\u0259 realla\u015f\u0131r. Yaln\u0131z demokratik rejim insanlara azadl\u0131q verir v\u0259 onun potensial\u0131n\u0131n realla\u015fmas\u0131na \u015f\u0259rait yarad\u0131r, demokratiyan\u0131n d\u00fcnyavi xaraker almas\u0131n\u0131n g\u00fcc\u00fc d\u0259 bundad\u0131r.\n<\/p>\n<p>\n  Avtoritar rejiml\u0259r inki\u015faf\u0131n m\u0259ntiqin\u0259 uy\u011fun deyil. \u0130nki\u015faf\u0131n vektorlar\u0131 v\u0259 tendensiyalar\u0131 bu rejimi q\u0259bul etmir.\n<\/p>\n<p>\n  Ona g\u00f6r\u0259 d\u0259 tarix avtoritar rejiml\u0259rin m\u0259hv olmas\u0131 \u00fc\u00e7\u00fcn h\u00f6km \u00e7\u0131xar\u0131b. Lakin n\u0259z\u0259r\u0259 almaq laz\u0131md\u0131r ki, tarixin h\u00f6km\u00fc avtomatik icra olunmur. Tarix h\u0259r k\u0259s\u0259 se\u00e7im azadl\u0131\u011f\u0131 verir. \u0130nsanlar demokratiyan\u0131, azadl\u0131\u011f\u0131 s\u0259mimiyy\u0259tl\u0259, israrla ist\u0259m\u0259lidirl\u0259r. \u018fks halda tarix h\u00f6km\u00fcn icras\u0131n\u0131 t\u0259xir\u0259 sal\u0131r. Erm\u0259nistanda insanlar bunu ist\u0259dil\u0259r. V\u0259 h\u00f6km q\u0131sa m\u00fcdd\u0259td\u0259 icra olundu. Mitinq i\u015ftirak\u00e7\u0131lar\u0131ndan biri jurnalist\u0259 m\u00fcsahib\u0259sind\u0259 insanlar\u0131n ist\u0259k v\u0259 t\u0259l\u0259bl\u0259rini bel\u0259 ifad\u0259 etdi:\n<\/p>\n<p>\n  \u201cBiz azad v\u0259 inki\u015faf etmi\u015f \u00f6lk\u0259d\u0259 ya\u015famaq ist\u0259yirik\u201d.\n<\/p>\n<p>\n  <i><br \/>\n    <b><br \/>\n      Yaz\u0131 m\u00fc\u0259llifin fikirl\u0259rini \u0259ks etdirir v\u0259 Meydan TV-nin m\u00f6vqeyi il\u0259 \u00fcst-\u00fcst\u0259 d\u00fc\u015fm\u0259y\u0259 bil\u0259r.<br \/>\n    <\/b><br \/>\n  <\/i><\/p>\n","protected":false},"excerpt":{"rendered":"<p>Aprel ay\u0131nda sosial \u015f\u0259b\u0259k\u0259l\u0259rd\u0259 v\u0259 m\u0259tbuatda m\u00fczakir\u0259 olunan aktual m\u00f6vzular\u0131ndan biri d\u0259 Erm\u0259nistanda ba\u015f ver\u0259n m\u00fcxalif\u0259tin \u201cm\u0259xm\u0259ri inqilab\u201d adland\u0131rd\u0131\u011f\u0131 hadis\u0259l\u0259r oldu<\/p>\n","protected":false},"author":11,"featured_media":102999,"comment_status":"closed","ping_status":"open","sticky":false,"template":"","format":"standard","meta":{"_acf_changed":false,"_sitemap_exclude":false,"_sitemap_priority":"","_sitemap_frequency":"","footnotes":""},"categories":[57],"tags":[],"class_list":["post-189786","post","type-post","status-publish","format-standard","has-post-thumbnail","hentry","category-menim-fikrimce","infinite-scroll-item","generate-columns","tablet-grid-50","mobile-grid-100","grid-parent","grid-33","no-featured-image-padding"],"acf":[],"yoast_head":"<!-- This site is optimized with the Yoast SEO plugin v27.4 - https:\/\/yoast.com\/product\/yoast-seo-wordpress\/ -->\n<title>Tarixin icra olunan v\u0259 t\u0259xir\u0259 sal\u0131nan h\u00f6kml\u0259ri - MEYDAN.TV<\/title>\n<meta name=\"robots\" content=\"index, follow, max-snippet:-1, max-image-preview:large, max-video-preview:-1\" \/>\n<link rel=\"canonical\" href=\"https:\/\/www.meydan.tv\/az\/article\/tarixin-icra-olunan-ve-texire-salinan-hokmleri\/\" \/>\n<meta property=\"og:locale\" content=\"az_AZ\" \/>\n<meta property=\"og:type\" content=\"article\" \/>\n<meta property=\"og:title\" content=\"Tarixin icra olunan v\u0259 t\u0259xir\u0259 sal\u0131nan h\u00f6kml\u0259ri - MEYDAN.TV\" \/>\n<meta property=\"og:description\" content=\"Aprel ay\u0131nda sosial \u015f\u0259b\u0259k\u0259l\u0259rd\u0259 v\u0259 m\u0259tbuatda m\u00fczakir\u0259 olunan aktual m\u00f6vzular\u0131ndan biri d\u0259 Erm\u0259nistanda ba\u015f ver\u0259n m\u00fcxalif\u0259tin \u201cm\u0259xm\u0259ri inqilab\u201d adland\u0131rd\u0131\u011f\u0131 hadis\u0259l\u0259r oldu\" \/>\n<meta property=\"og:url\" content=\"https:\/\/www.meydan.tv\/az\/article\/tarixin-icra-olunan-ve-texire-salinan-hokmleri\/\" \/>\n<meta property=\"og:site_name\" content=\"MEYDAN.TV\" \/>\n<meta property=\"article:published_time\" content=\"2018-05-01T16:53:48+00:00\" \/>\n<meta property=\"og:image\" content=\"https:\/\/www.meydan.tv\/wp-content\/uploads\/40853.jpg\" \/>\n\t<meta property=\"og:image:width\" content=\"1200\" \/>\n\t<meta property=\"og:image:height\" content=\"675\" \/>\n\t<meta property=\"og:image:type\" content=\"image\/jpeg\" \/>\n<meta name=\"author\" content=\"user-manager\" \/>\n<meta name=\"twitter:card\" content=\"summary_large_image\" \/>\n<script type=\"application\/ld+json\" class=\"yoast-schema-graph\">{\"@context\":\"https:\\\/\\\/schema.org\",\"@graph\":[{\"@type\":\"Article\",\"@id\":\"https:\\\/\\\/www.meydan.tv\\\/az\\\/article\\\/tarixin-icra-olunan-ve-texire-salinan-hokmleri\\\/#article\",\"isPartOf\":{\"@id\":\"https:\\\/\\\/www.meydan.tv\\\/az\\\/article\\\/tarixin-icra-olunan-ve-texire-salinan-hokmleri\\\/\"},\"author\":{\"name\":\"user-manager\",\"@id\":\"https:\\\/\\\/www.meydan.tv\\\/az\\\/#\\\/schema\\\/person\\\/10d11eccf6da3662cf5fdab9806ea91a\"},\"headline\":\"Tarixin icra olunan v\u0259 t\u0259xir\u0259 sal\u0131nan h\u00f6kml\u0259ri\",\"datePublished\":\"2018-05-01T16:53:48+00:00\",\"mainEntityOfPage\":{\"@id\":\"https:\\\/\\\/www.meydan.tv\\\/az\\\/article\\\/tarixin-icra-olunan-ve-texire-salinan-hokmleri\\\/\"},\"wordCount\":723,\"publisher\":{\"@id\":\"https:\\\/\\\/www.meydan.tv\\\/az\\\/#organization\"},\"image\":{\"@id\":\"https:\\\/\\\/www.meydan.tv\\\/az\\\/article\\\/tarixin-icra-olunan-ve-texire-salinan-hokmleri\\\/#primaryimage\"},\"thumbnailUrl\":\"https:\\\/\\\/www.meydan.tv\\\/wp-content\\\/uploads\\\/40853.jpg\",\"articleSection\":[\"M\u0259nim Fikrimc\u0259\"],\"inLanguage\":\"az\"},{\"@type\":\"WebPage\",\"@id\":\"https:\\\/\\\/www.meydan.tv\\\/az\\\/article\\\/tarixin-icra-olunan-ve-texire-salinan-hokmleri\\\/\",\"url\":\"https:\\\/\\\/www.meydan.tv\\\/az\\\/article\\\/tarixin-icra-olunan-ve-texire-salinan-hokmleri\\\/\",\"name\":\"Tarixin icra olunan v\u0259 t\u0259xir\u0259 sal\u0131nan h\u00f6kml\u0259ri - MEYDAN.TV\",\"isPartOf\":{\"@id\":\"https:\\\/\\\/www.meydan.tv\\\/az\\\/#website\"},\"primaryImageOfPage\":{\"@id\":\"https:\\\/\\\/www.meydan.tv\\\/az\\\/article\\\/tarixin-icra-olunan-ve-texire-salinan-hokmleri\\\/#primaryimage\"},\"image\":{\"@id\":\"https:\\\/\\\/www.meydan.tv\\\/az\\\/article\\\/tarixin-icra-olunan-ve-texire-salinan-hokmleri\\\/#primaryimage\"},\"thumbnailUrl\":\"https:\\\/\\\/www.meydan.tv\\\/wp-content\\\/uploads\\\/40853.jpg\",\"datePublished\":\"2018-05-01T16:53:48+00:00\",\"breadcrumb\":{\"@id\":\"https:\\\/\\\/www.meydan.tv\\\/az\\\/article\\\/tarixin-icra-olunan-ve-texire-salinan-hokmleri\\\/#breadcrumb\"},\"inLanguage\":\"az\",\"potentialAction\":[{\"@type\":\"ReadAction\",\"target\":[\"https:\\\/\\\/www.meydan.tv\\\/az\\\/article\\\/tarixin-icra-olunan-ve-texire-salinan-hokmleri\\\/\"]}]},{\"@type\":\"ImageObject\",\"inLanguage\":\"az\",\"@id\":\"https:\\\/\\\/www.meydan.tv\\\/az\\\/article\\\/tarixin-icra-olunan-ve-texire-salinan-hokmleri\\\/#primaryimage\",\"url\":\"https:\\\/\\\/www.meydan.tv\\\/wp-content\\\/uploads\\\/40853.jpg\",\"contentUrl\":\"https:\\\/\\\/www.meydan.tv\\\/wp-content\\\/uploads\\\/40853.jpg\",\"width\":1200,\"height\":675,\"caption\":\"Source:\"},{\"@type\":\"BreadcrumbList\",\"@id\":\"https:\\\/\\\/www.meydan.tv\\\/az\\\/article\\\/tarixin-icra-olunan-ve-texire-salinan-hokmleri\\\/#breadcrumb\",\"itemListElement\":[{\"@type\":\"ListItem\",\"position\":1,\"name\":\"Ana s\u0259hif\u0259\",\"item\":\"https:\\\/\\\/www.meydan.tv\\\/az\\\/\"},{\"@type\":\"ListItem\",\"position\":2,\"name\":\"M\u0259nim Fikrimc\u0259\",\"item\":\"https:\\\/\\\/www.meydan.tv\\\/az\\\/section\\\/menim-fikrimce\\\/\"},{\"@type\":\"ListItem\",\"position\":3,\"name\":\"Tarixin icra olunan v\u0259 t\u0259xir\u0259 sal\u0131nan h\u00f6kml\u0259ri\"}]},{\"@type\":\"WebSite\",\"@id\":\"https:\\\/\\\/www.meydan.tv\\\/az\\\/#website\",\"url\":\"https:\\\/\\\/www.meydan.tv\\\/az\\\/\",\"name\":\"MEYDAN.TV\",\"description\":\"Meydan TV Az\u0259rbaycan\u0131n media m\u0259kan\u0131ndak\u0131 alternativ s\u0259sidir\",\"publisher\":{\"@id\":\"https:\\\/\\\/www.meydan.tv\\\/az\\\/#organization\"},\"potentialAction\":[{\"@type\":\"SearchAction\",\"target\":{\"@type\":\"EntryPoint\",\"urlTemplate\":\"https:\\\/\\\/www.meydan.tv\\\/az\\\/?s={search_term_string}\"},\"query-input\":{\"@type\":\"PropertyValueSpecification\",\"valueRequired\":true,\"valueName\":\"search_term_string\"}}],\"inLanguage\":\"az\"},{\"@type\":\"Organization\",\"@id\":\"https:\\\/\\\/www.meydan.tv\\\/az\\\/#organization\",\"name\":\"Meydan TV\",\"url\":\"https:\\\/\\\/www.meydan.tv\\\/az\\\/\",\"logo\":{\"@type\":\"ImageObject\",\"inLanguage\":\"az\",\"@id\":\"https:\\\/\\\/www.meydan.tv\\\/az\\\/#\\\/schema\\\/logo\\\/image\\\/\",\"url\":\"https:\\\/\\\/www.meydan.tv\\\/wp-content\\\/uploads\\\/2021\\\/07\\\/meydan-logo.svg\",\"contentUrl\":\"https:\\\/\\\/www.meydan.tv\\\/wp-content\\\/uploads\\\/2021\\\/07\\\/meydan-logo.svg\",\"width\":195,\"height\":46,\"caption\":\"Meydan TV\"},\"image\":{\"@id\":\"https:\\\/\\\/www.meydan.tv\\\/az\\\/#\\\/schema\\\/logo\\\/image\\\/\"}},{\"@type\":\"Person\",\"@id\":\"https:\\\/\\\/www.meydan.tv\\\/az\\\/#\\\/schema\\\/person\\\/10d11eccf6da3662cf5fdab9806ea91a\",\"name\":\"user-manager\"}]}<\/script>\n<!-- \/ Yoast SEO plugin. -->","yoast_head_json":{"title":"Tarixin icra olunan v\u0259 t\u0259xir\u0259 sal\u0131nan h\u00f6kml\u0259ri - MEYDAN.TV","robots":{"index":"index","follow":"follow","max-snippet":"max-snippet:-1","max-image-preview":"max-image-preview:large","max-video-preview":"max-video-preview:-1"},"canonical":"https:\/\/www.meydan.tv\/az\/article\/tarixin-icra-olunan-ve-texire-salinan-hokmleri\/","og_locale":"az_AZ","og_type":"article","og_title":"Tarixin icra olunan v\u0259 t\u0259xir\u0259 sal\u0131nan h\u00f6kml\u0259ri - MEYDAN.TV","og_description":"Aprel ay\u0131nda sosial \u015f\u0259b\u0259k\u0259l\u0259rd\u0259 v\u0259 m\u0259tbuatda m\u00fczakir\u0259 olunan aktual m\u00f6vzular\u0131ndan biri d\u0259 Erm\u0259nistanda ba\u015f ver\u0259n m\u00fcxalif\u0259tin \u201cm\u0259xm\u0259ri inqilab\u201d adland\u0131rd\u0131\u011f\u0131 hadis\u0259l\u0259r oldu","og_url":"https:\/\/www.meydan.tv\/az\/article\/tarixin-icra-olunan-ve-texire-salinan-hokmleri\/","og_site_name":"MEYDAN.TV","article_published_time":"2018-05-01T16:53:48+00:00","og_image":[{"width":1200,"height":675,"url":"https:\/\/www.meydan.tv\/wp-content\/uploads\/40853.jpg","type":"image\/jpeg"}],"author":"user-manager","twitter_card":"summary_large_image","schema":{"@context":"https:\/\/schema.org","@graph":[{"@type":"Article","@id":"https:\/\/www.meydan.tv\/az\/article\/tarixin-icra-olunan-ve-texire-salinan-hokmleri\/#article","isPartOf":{"@id":"https:\/\/www.meydan.tv\/az\/article\/tarixin-icra-olunan-ve-texire-salinan-hokmleri\/"},"author":{"name":"user-manager","@id":"https:\/\/www.meydan.tv\/az\/#\/schema\/person\/10d11eccf6da3662cf5fdab9806ea91a"},"headline":"Tarixin icra olunan v\u0259 t\u0259xir\u0259 sal\u0131nan h\u00f6kml\u0259ri","datePublished":"2018-05-01T16:53:48+00:00","mainEntityOfPage":{"@id":"https:\/\/www.meydan.tv\/az\/article\/tarixin-icra-olunan-ve-texire-salinan-hokmleri\/"},"wordCount":723,"publisher":{"@id":"https:\/\/www.meydan.tv\/az\/#organization"},"image":{"@id":"https:\/\/www.meydan.tv\/az\/article\/tarixin-icra-olunan-ve-texire-salinan-hokmleri\/#primaryimage"},"thumbnailUrl":"https:\/\/www.meydan.tv\/wp-content\/uploads\/40853.jpg","articleSection":["M\u0259nim Fikrimc\u0259"],"inLanguage":"az"},{"@type":"WebPage","@id":"https:\/\/www.meydan.tv\/az\/article\/tarixin-icra-olunan-ve-texire-salinan-hokmleri\/","url":"https:\/\/www.meydan.tv\/az\/article\/tarixin-icra-olunan-ve-texire-salinan-hokmleri\/","name":"Tarixin icra olunan v\u0259 t\u0259xir\u0259 sal\u0131nan h\u00f6kml\u0259ri - MEYDAN.TV","isPartOf":{"@id":"https:\/\/www.meydan.tv\/az\/#website"},"primaryImageOfPage":{"@id":"https:\/\/www.meydan.tv\/az\/article\/tarixin-icra-olunan-ve-texire-salinan-hokmleri\/#primaryimage"},"image":{"@id":"https:\/\/www.meydan.tv\/az\/article\/tarixin-icra-olunan-ve-texire-salinan-hokmleri\/#primaryimage"},"thumbnailUrl":"https:\/\/www.meydan.tv\/wp-content\/uploads\/40853.jpg","datePublished":"2018-05-01T16:53:48+00:00","breadcrumb":{"@id":"https:\/\/www.meydan.tv\/az\/article\/tarixin-icra-olunan-ve-texire-salinan-hokmleri\/#breadcrumb"},"inLanguage":"az","potentialAction":[{"@type":"ReadAction","target":["https:\/\/www.meydan.tv\/az\/article\/tarixin-icra-olunan-ve-texire-salinan-hokmleri\/"]}]},{"@type":"ImageObject","inLanguage":"az","@id":"https:\/\/www.meydan.tv\/az\/article\/tarixin-icra-olunan-ve-texire-salinan-hokmleri\/#primaryimage","url":"https:\/\/www.meydan.tv\/wp-content\/uploads\/40853.jpg","contentUrl":"https:\/\/www.meydan.tv\/wp-content\/uploads\/40853.jpg","width":1200,"height":675,"caption":"Source:"},{"@type":"BreadcrumbList","@id":"https:\/\/www.meydan.tv\/az\/article\/tarixin-icra-olunan-ve-texire-salinan-hokmleri\/#breadcrumb","itemListElement":[{"@type":"ListItem","position":1,"name":"Ana s\u0259hif\u0259","item":"https:\/\/www.meydan.tv\/az\/"},{"@type":"ListItem","position":2,"name":"M\u0259nim Fikrimc\u0259","item":"https:\/\/www.meydan.tv\/az\/section\/menim-fikrimce\/"},{"@type":"ListItem","position":3,"name":"Tarixin icra olunan v\u0259 t\u0259xir\u0259 sal\u0131nan h\u00f6kml\u0259ri"}]},{"@type":"WebSite","@id":"https:\/\/www.meydan.tv\/az\/#website","url":"https:\/\/www.meydan.tv\/az\/","name":"MEYDAN.TV","description":"Meydan TV Az\u0259rbaycan\u0131n media m\u0259kan\u0131ndak\u0131 alternativ s\u0259sidir","publisher":{"@id":"https:\/\/www.meydan.tv\/az\/#organization"},"potentialAction":[{"@type":"SearchAction","target":{"@type":"EntryPoint","urlTemplate":"https:\/\/www.meydan.tv\/az\/?s={search_term_string}"},"query-input":{"@type":"PropertyValueSpecification","valueRequired":true,"valueName":"search_term_string"}}],"inLanguage":"az"},{"@type":"Organization","@id":"https:\/\/www.meydan.tv\/az\/#organization","name":"Meydan TV","url":"https:\/\/www.meydan.tv\/az\/","logo":{"@type":"ImageObject","inLanguage":"az","@id":"https:\/\/www.meydan.tv\/az\/#\/schema\/logo\/image\/","url":"https:\/\/www.meydan.tv\/wp-content\/uploads\/2021\/07\/meydan-logo.svg","contentUrl":"https:\/\/www.meydan.tv\/wp-content\/uploads\/2021\/07\/meydan-logo.svg","width":195,"height":46,"caption":"Meydan TV"},"image":{"@id":"https:\/\/www.meydan.tv\/az\/#\/schema\/logo\/image\/"}},{"@type":"Person","@id":"https:\/\/www.meydan.tv\/az\/#\/schema\/person\/10d11eccf6da3662cf5fdab9806ea91a","name":"user-manager"}]}},"_links":{"self":[{"href":"https:\/\/www.meydan.tv\/az\/wp-json\/wp\/v2\/posts\/189786","targetHints":{"allow":["GET"]}}],"collection":[{"href":"https:\/\/www.meydan.tv\/az\/wp-json\/wp\/v2\/posts"}],"about":[{"href":"https:\/\/www.meydan.tv\/az\/wp-json\/wp\/v2\/types\/post"}],"author":[{"embeddable":true,"href":"https:\/\/www.meydan.tv\/az\/wp-json\/wp\/v2\/users\/11"}],"replies":[{"embeddable":true,"href":"https:\/\/www.meydan.tv\/az\/wp-json\/wp\/v2\/comments?post=189786"}],"version-history":[{"count":0,"href":"https:\/\/www.meydan.tv\/az\/wp-json\/wp\/v2\/posts\/189786\/revisions"}],"wp:featuredmedia":[{"embeddable":true,"href":"https:\/\/www.meydan.tv\/az\/wp-json\/wp\/v2\/media\/102999"}],"wp:attachment":[{"href":"https:\/\/www.meydan.tv\/az\/wp-json\/wp\/v2\/media?parent=189786"}],"wp:term":[{"taxonomy":"category","embeddable":true,"href":"https:\/\/www.meydan.tv\/az\/wp-json\/wp\/v2\/categories?post=189786"},{"taxonomy":"post_tag","embeddable":true,"href":"https:\/\/www.meydan.tv\/az\/wp-json\/wp\/v2\/tags?post=189786"}],"curies":[{"name":"wp","href":"https:\/\/api.w.org\/{rel}","templated":true}]}}