{"id":189780,"date":"2018-05-01T01:53:08","date_gmt":"2018-05-01T01:53:08","guid":{"rendered":"https:\/\/www.meydan.tv\/article\/pasinyan-hakimiyyete-gelerse-sarkisyandan-mulayim-movqe-tutmayacaq\/"},"modified":"2018-05-01T01:53:08","modified_gmt":"2018-05-01T01:53:08","slug":"pasinyan-hakimiyyete-gelerse-sarkisyandan-mulayim-movqe-tutmayacaq","status":"publish","type":"post","link":"https:\/\/www.meydan.tv\/az\/article\/pasinyan-hakimiyyete-gelerse-sarkisyandan-mulayim-movqe-tutmayacaq\/","title":{"rendered":"&#8221;Pa\u015finyan hakimiyy\u0259t\u0259 g\u0259l\u0259rs\u0259, Sarkisyandan m\u00fclayim m\u00f6vqe tutmayacaq&#8221;"},"content":{"rendered":"<figure class=\"wp-block-image size-large\">\n  <img decoding=\"async\" src=\"https:\/\/www.meydan.tv\/az\/eli-sariqli-olan-sexs-pasinyan\/\" alt=\"\u018fli sar\u0131ql\u0131 olan \u015f\u0259xs &#8211; Pa\u015finyan\" class=\"wp-image-102420\"\/><figcaption>\n    \u018fli sar\u0131ql\u0131 olan \u015f\u0259xs &#8211; Pa\u015finyan<br \/>\n  <\/figcaption><\/figure>\n<p>\n  <i><br \/>\n    Rauf Mirq\u0259dirov: &#8221;Yax\u0131n zamanlarda Qaraba\u011f probleminin h\u0259llind\u0259 ciddi g\u00f6zl\u0259ntil\u0259r olmamal\u0131d\u0131r&#8221;<br \/>\n  <\/i>\n<\/p>\n<p>\n  Erm\u0259nistanda may\u0131n 1-d\u0259 Ba\u015f nazir postuna se\u00e7kil\u0259r ke\u00e7iril\u0259c\u0259k.\n<\/p>\n<p>\n  Aprelin 16-dan Erm\u0259nistanda ke\u00e7iril\u0259n aksiyan\u0131n lideri, deputat Nikol Pa\u015finyan Erm\u0259nistanda Ba\u015f nazir postuna t\u0259k namiz\u0259ddir.\n<\/p>\n<p>\n  Ba\u015f naziri v\u0259zif\u0259sin\u0259 namiz\u0259dl\u0259rin ir\u0259li s\u00fcr\u00fclm\u0259si m\u00fcdd\u0259ti aprelin 30-da saat 18:00-da yekunla\u015f\u0131b.\n<\/p>\n<p>\n  M\u00fchacir\u0259td\u0259 ya\u015fayan siyasi icmal\u00e7\u0131 Rauf Mirq\u0259dirov hesab edir ki, Nikol Pa\u015finyan yegan\u0259 namiz\u0259d olsa da, s\u0259s \u00e7oxlu\u011fu qazanmas\u0131 vacibdir:\n<\/p>\n<p>\n  \u201cErm\u0259nistan parlamentind\u0259 olan 105 deputat\u0131n yar\u0131s\u0131n\u0131n s\u0259sini qazanmal\u0131d\u0131r, 50+1. Ba\u015fqa namiz\u0259din olmamas\u0131 parlamentin yar\u0131s\u0131n\u0131n ona s\u0259s ver\u0259c\u0259yini indid\u0259n s\u00f6yl\u0259m\u0259y\u0259 \u0259sas vermir. Parlamentd\u0259 ciddi q\u00fcvv\u0259l\u0259r\u0259 n\u0259zar\u0259t ed\u0259n ke\u00e7mi\u015f prezidentin Robert Ko\u00e7aryan art\u0131q bu c\u00fcr Ba\u015f nazir se\u00e7kisin\u0259 etiraz\u0131n\u0131 bildirib. \u0130kinci, bu se\u00e7kid\u0259 Rusiyan\u0131n m\u00f6vqeyi n\u0259z\u0259r\u0259 al\u0131nacaq\u201d.\n<\/p>\n<p>\n  Rauf Mirq\u0259dirovun s\u00f6zl\u0259rin\u0259 g\u00f6r\u0259, Pa\u015finyan Ba\u015f nazir se\u00e7ils\u0259, bu, o dem\u0259kdir ki, elitadaxili m\u00fcbariz\u0259d\u0259 ham\u0131 ham\u0131ya qar\u015f\u0131 prinsipi h\u0259yata ke\u00e7irildi:\n<\/p>\n<p>\n  \u201c\u201c\u00c7i\u00e7\u0259kl\u0259n\u0259n Erm\u0259nistan\u201d Partiyas\u0131 bildirmi\u015fdi ki, xalq h\u0259r\u0259kat\u0131n\u0131 d\u0259st\u0259kl\u0259s\u0259l\u0259r d\u0259, bu, Pa\u015finyana s\u0259s verilm\u0259si dem\u0259k deyil. Birinci m\u0259rh\u0259l\u0259d\u0259 Ba\u015f nazirin m\u00fcavini Karapetyan Sarkisyana qar\u015f\u0131 oynay\u0131rd\u0131sa, ikinci m\u0259rh\u0259l\u0259d\u0259 Tsarukyan Karapetyana qar\u015f\u0131 oynad\u0131. \u00d6lk\u0259daxili q\u00fcvv\u0259l\u0259r nisb\u0259ti bel\u0259dir. \u00d6lk\u0259 xaricind\u0259 q\u00fcvv\u0259l\u0259r nisb\u0259tin\u0259 g\u0259linc\u0259, Moskvan\u0131n raz\u0131l\u0131\u011f\u0131 olmadan haz\u0131rk\u0131 \u015f\u0259raitd\u0259 Erm\u0259nistanda hakimiyy\u0259t d\u0259yi\u015fikliyi qeyri-m\u00fcmk\u00fcnd\u00fcr. D\u00fczd\u00fcr, Pa\u015finyan hakimiyy\u0259t\u0259 g\u0259l\u0259rs\u0259, Rusiyaya qar\u015f\u0131 loyal siyas\u0259t yerid\u0259c\u0259yini v\u0259d edir. 30 aprel mitinqind\u0259 d\u0259 \u201cRusiya-Erm\u0259nistan dostlu\u011fu \u0259b\u0259didir\u201d \u015f\u00fcar\u0131 vard\u0131. Pa\u015finyan bilir ki, Rusiyan\u0131n d\u0259st\u0259yi olmadan hakimiyy\u0259t\u0259 g\u0259lm\u0259k m\u00fcmk\u00fcn deyil, g\u0259ls\u0259 bel\u0259, duru\u015f g\u0259tirm\u0259k m\u00fcmk\u00fcns\u00fczd\u00fcr. B\u0259li, Pa\u015finyan may\u0131n 1-d\u0259 Ba\u015f nazir se\u00e7il\u0259 bil\u0259r. M\u0259s\u0259l\u0259 ondad\u0131r ki, g\u00fccl\u00fc fiqurlar bir-birinq\u0259 qar\u015f\u0131 olanda, z\u0259if fiqurun qalib g\u0259lm\u0259si ehtimal\u0131 m\u00fcmk\u00fcnd\u00fcr, \u00f6z\u00fc d\u0259 bu xalq h\u0259r\u0259kat\u0131n\u0131n dal\u011fas\u0131nda ba\u015f verir\u201d.\n<\/p>\n<p>\n  Amma Rauf Mirq\u0259dirov Pa\u015finyan\u0131n hakimiyy\u0259t\u0259 g\u0259l\u0259nd\u0259n sonra xarici v\u0259 daxili siyas\u0259td\u0259 ciddi d\u0259yi\u015fiklikl\u0259r\u0259 ged\u0259c\u0259yini g\u00f6zl\u0259mir:\n<\/p>\n<p>\n  \u201cFaktiki olaraq, Pa\u015finyan\u0131n b\u00fct\u00fcn m\u00fcbariz\u0259si n\u0259tic\u0259 etibar\u0131 il\u0259 \u201chakimiyy\u0259ti m\u0259n\u0259 verin, m\u0259n xalq\u0131n namiz\u0259diy\u0259m\u201d iddias\u0131na qurban getdi. M\u0259s\u0259l\u0259 ondad\u0131r ki, postsovet m\u0259kan\u0131nda demokratiya \u015f\u00fcarlar\u0131 il\u0259 hakimiyy\u0259t\u0259 g\u0259l\u0259nl\u0259rin he\u00e7 d\u0259 ham\u0131s\u0131 demokratiya da\u015f\u0131y\u0131c\u0131lar\u0131 olmay\u0131b. Ona g\u00f6r\u0259 Pa\u015finyan\u0131n hakimiyy\u0259t\u0259 g\u0259l\u0259c\u0259yi t\u0259qdird\u0259 parlament se\u00e7kil\u0259rini saxtala\u015fd\u0131rmayaca\u011f\u0131na he\u00e7 kim t\u0259minat ver\u0259 bilm\u0259z. \u018fslind\u0259, parlament se\u00e7kil\u0259ri il\u0259 ba\u015f vermi\u015f hakimiyy\u0259t \u00e7evrili\u015fin\u0259 h\u00fcquqi don geyindirilir. Bu, demokratiyan\u0131n t\u0259nt\u0259n\u0259si olmayacaq. Postsovet m\u0259kan\u0131nda demokratiyan\u0131n t\u0259nt\u0259n\u0259sin\u0259 \u00e7al\u0131\u015fan lider Yu\u015f\u015fenko olub, yaln\u0131z o, Ukraynada se\u00e7kil\u0259ri \u00f6z xeyrin\u0259 saxtala\u015fd\u0131rma\u011fa c\u0259hd etm\u0259di v\u0259 5 faiz s\u0259sl\u0259 postunu t\u0259hvil verdi\u201d.\n<\/p>\n<figure class=\"wp-block-image size-large\">\n  <img decoding=\"async\" src=\"https:\/\/www.meydan.tv\/az\/rauf-mirqedirov-foto-sosial-sebeke\/\" alt=\"Rauf Mirq\u0259dirov foto sosial \u015f\u0259b\u0259k\u0259\" class=\"wp-image-71921\"\/><figcaption>\n    Rauf Mirq\u0259dirov foto sosial \u015f\u0259b\u0259k\u0259<br \/>\n  <\/figcaption><\/figure>\n<p>\n  Siyasi icmal\u00e7\u0131 bildirib ki, Pa\u015finyan Ba\u015f nazir se\u00e7il\u0259rs\u0259, Qaraba\u011f problemind\u0259 ciddi d\u00f6n\u00fc\u015f olmayacaq:\n<\/p>\n<p>\n  \u201cBirinci, Pa\u015finyan\u0131n Ba\u015f nazir se\u00e7ilm\u0259si il\u0259 dan\u0131\u015f\u0131qlarda taym-aut g\u00f6t\u00fcr\u00fcl\u00fcr. \u00c7\u00fcnki yeni hakimiyy\u0259t dan\u0131\u015f\u0131qlar prosesinin cari v\u0259ziyy\u0259ti haqda m\u0259lumat almal\u0131d\u0131r, bu is\u0259 vaxt t\u0259l\u0259b edir. \u0130kinci, Pa\u015finyan xalq h\u0259r\u0259kat\u0131n\u0131n dal\u011fas\u0131nda g\u0259lir, k\u00fctl\u0259 d\u0259 siyas\u0259t\u00e7il\u0259rd\u0259n daha populist olur. Xat\u0131rlay\u0131rs\u0131n\u0131zsa, 90-c\u0131 ill\u0259rd\u0259 bel\u0259 d\u00fc\u015f\u00fcnc\u0259 vard\u0131 ki, xalq h\u0259r\u0259kat\u0131 hakimiyy\u0259t\u0259 g\u0259l\u0259rs\u0259, b\u00fct\u00fcn probleml\u0259r tezlikl\u0259 h\u0259llini tapacaq. K\u00fctl\u0259 bu c\u00fcr \u00fcmummilli m\u0259s\u0259l\u0259l\u0259rd\u0259 daha populist v\u0259 radikal olur. Siyas\u0259t\u00e7il\u0259r d\u0259 bir \u00e7ox halda bu populizmin v\u0259 radikalizmin \u0259srin\u0259 \u00e7evrilir, k\u00fctl\u0259 \u00f6z irad\u0259sini siyas\u0259t\u00e7il\u0259r\u0259 dikt\u0259 edir. Onlar da hakimiyy\u0259td\u0259 qalmaq \u00fc\u00e7\u00fcn k\u00fctl\u0259nin irad\u0259sini n\u0259z\u0259r\u0259 al\u0131rlar. Pa\u015finyan prinsipc\u0259, bu radikalizmin v\u0259 populizmin m\u0259hsuludur. Ona g\u00f6r\u0259 Pa\u015finyan hakimiyy\u0259t\u0259 g\u0259l\u0259rs\u0259, Sarkisyandan m\u00fclayim m\u00f6vqe tutmayacaq, \u0259n az\u0131 ilk d\u00f6vrl\u0259rd\u0259. Da\u011fl\u0131q Qaraba\u011f haqda b\u0259yanatlar\u0131 da m\u0259lumdur. Bu bax\u0131mdan yax\u0131n zamanlarda Qaraba\u011f probleminin h\u0259llind\u0259 ciddi g\u00f6zl\u0259ntil\u0259r olmamal\u0131d\u0131r\u201d.\n<\/p>\n<p>\n  Aprelin 16-da Erm\u0259nistanda ke\u00e7mi\u015f president Serj Sarkisyan\u0131n Ba\u015f nazir olmas\u0131na etiraz aksiyas\u0131 ba\u015flan\u0131b. N\u0259tic\u0259d\u0259 Ba\u015f nazir se\u00e7il\u0259n S.Sarkisyan istefa verib. Aksiyaya liderlik ed\u0259n deputat-jurnalist Nikol Pa\u015finyan Ba\u015f nazir olmaq iddias\u0131ndad\u0131r. O, haz\u0131rda bu posta yegan\u0259 namiz\u0259ddir.<\/p>\n","protected":false},"excerpt":{"rendered":"<p>Rauf Mirq\u0259dirov: &#8221;Yax\u0131n zamanlarda Qaraba\u011f probleminin h\u0259llind\u0259 ciddi g\u00f6zl\u0259ntil\u0259r olmamal\u0131d\u0131r&#8221;<\/p>\n","protected":false},"author":11,"featured_media":102420,"comment_status":"closed","ping_status":"open","sticky":false,"template":"","format":"standard","meta":{"_acf_changed":false,"_sitemap_exclude":false,"_sitemap_priority":"","_sitemap_frequency":"","footnotes":""},"categories":[51],"tags":[],"class_list":["post-189780","post","type-post","status-publish","format-standard","has-post-thumbnail","hentry","category-analitika","infinite-scroll-item","generate-columns","tablet-grid-50","mobile-grid-100","grid-parent","grid-33","no-featured-image-padding"],"acf":[],"yoast_head":"<!-- This site is optimized with the Yoast SEO plugin v27.4 - https:\/\/yoast.com\/product\/yoast-seo-wordpress\/ -->\n<title>&#039;&#039;Pa\u015finyan hakimiyy\u0259t\u0259 g\u0259l\u0259rs\u0259, Sarkisyandan m\u00fclayim m\u00f6vqe tutmayacaq&#039;&#039; - MEYDAN.TV<\/title>\n<meta name=\"robots\" content=\"index, follow, max-snippet:-1, max-image-preview:large, max-video-preview:-1\" \/>\n<link rel=\"canonical\" href=\"https:\/\/www.meydan.tv\/az\/article\/pasinyan-hakimiyyete-gelerse-sarkisyandan-mulayim-movqe-tutmayacaq\/\" \/>\n<meta property=\"og:locale\" content=\"az_AZ\" \/>\n<meta property=\"og:type\" content=\"article\" \/>\n<meta property=\"og:title\" content=\"&#039;&#039;Pa\u015finyan hakimiyy\u0259t\u0259 g\u0259l\u0259rs\u0259, Sarkisyandan m\u00fclayim m\u00f6vqe tutmayacaq&#039;&#039; - MEYDAN.TV\" \/>\n<meta property=\"og:description\" content=\"Rauf Mirq\u0259dirov: &#039;&#039;Yax\u0131n zamanlarda Qaraba\u011f probleminin h\u0259llind\u0259 ciddi g\u00f6zl\u0259ntil\u0259r olmamal\u0131d\u0131r&#039;&#039;\" \/>\n<meta property=\"og:url\" content=\"https:\/\/www.meydan.tv\/az\/article\/pasinyan-hakimiyyete-gelerse-sarkisyandan-mulayim-movqe-tutmayacaq\/\" \/>\n<meta property=\"og:site_name\" content=\"MEYDAN.TV\" \/>\n<meta property=\"article:published_time\" content=\"2018-05-01T01:53:08+00:00\" \/>\n<meta property=\"og:image\" content=\"https:\/\/www.meydan.tv\/wp-content\/uploads\/40588.jpg\" \/>\n\t<meta property=\"og:image:width\" content=\"1597\" \/>\n\t<meta property=\"og:image:height\" content=\"898\" \/>\n\t<meta property=\"og:image:type\" content=\"image\/jpeg\" \/>\n<meta name=\"author\" content=\"user-manager\" \/>\n<meta name=\"twitter:card\" content=\"summary_large_image\" \/>\n<script type=\"application\/ld+json\" class=\"yoast-schema-graph\">{\"@context\":\"https:\\\/\\\/schema.org\",\"@graph\":[{\"@type\":\"Article\",\"@id\":\"https:\\\/\\\/www.meydan.tv\\\/az\\\/article\\\/pasinyan-hakimiyyete-gelerse-sarkisyandan-mulayim-movqe-tutmayacaq\\\/#article\",\"isPartOf\":{\"@id\":\"https:\\\/\\\/www.meydan.tv\\\/az\\\/article\\\/pasinyan-hakimiyyete-gelerse-sarkisyandan-mulayim-movqe-tutmayacaq\\\/\"},\"author\":{\"name\":\"user-manager\",\"@id\":\"https:\\\/\\\/www.meydan.tv\\\/az\\\/#\\\/schema\\\/person\\\/10d11eccf6da3662cf5fdab9806ea91a\"},\"headline\":\"&#8221;Pa\u015finyan hakimiyy\u0259t\u0259 g\u0259l\u0259rs\u0259, Sarkisyandan m\u00fclayim m\u00f6vqe tutmayacaq&#8221;\",\"datePublished\":\"2018-05-01T01:53:08+00:00\",\"mainEntityOfPage\":{\"@id\":\"https:\\\/\\\/www.meydan.tv\\\/az\\\/article\\\/pasinyan-hakimiyyete-gelerse-sarkisyandan-mulayim-movqe-tutmayacaq\\\/\"},\"wordCount\":925,\"publisher\":{\"@id\":\"https:\\\/\\\/www.meydan.tv\\\/az\\\/#organization\"},\"image\":{\"@id\":\"https:\\\/\\\/www.meydan.tv\\\/az\\\/article\\\/pasinyan-hakimiyyete-gelerse-sarkisyandan-mulayim-movqe-tutmayacaq\\\/#primaryimage\"},\"thumbnailUrl\":\"https:\\\/\\\/www.meydan.tv\\\/wp-content\\\/uploads\\\/40588.jpg\",\"articleSection\":[\"Analitika\"],\"inLanguage\":\"az\"},{\"@type\":\"WebPage\",\"@id\":\"https:\\\/\\\/www.meydan.tv\\\/az\\\/article\\\/pasinyan-hakimiyyete-gelerse-sarkisyandan-mulayim-movqe-tutmayacaq\\\/\",\"url\":\"https:\\\/\\\/www.meydan.tv\\\/az\\\/article\\\/pasinyan-hakimiyyete-gelerse-sarkisyandan-mulayim-movqe-tutmayacaq\\\/\",\"name\":\"''Pa\u015finyan hakimiyy\u0259t\u0259 g\u0259l\u0259rs\u0259, Sarkisyandan m\u00fclayim m\u00f6vqe tutmayacaq'' - MEYDAN.TV\",\"isPartOf\":{\"@id\":\"https:\\\/\\\/www.meydan.tv\\\/az\\\/#website\"},\"primaryImageOfPage\":{\"@id\":\"https:\\\/\\\/www.meydan.tv\\\/az\\\/article\\\/pasinyan-hakimiyyete-gelerse-sarkisyandan-mulayim-movqe-tutmayacaq\\\/#primaryimage\"},\"image\":{\"@id\":\"https:\\\/\\\/www.meydan.tv\\\/az\\\/article\\\/pasinyan-hakimiyyete-gelerse-sarkisyandan-mulayim-movqe-tutmayacaq\\\/#primaryimage\"},\"thumbnailUrl\":\"https:\\\/\\\/www.meydan.tv\\\/wp-content\\\/uploads\\\/40588.jpg\",\"datePublished\":\"2018-05-01T01:53:08+00:00\",\"breadcrumb\":{\"@id\":\"https:\\\/\\\/www.meydan.tv\\\/az\\\/article\\\/pasinyan-hakimiyyete-gelerse-sarkisyandan-mulayim-movqe-tutmayacaq\\\/#breadcrumb\"},\"inLanguage\":\"az\",\"potentialAction\":[{\"@type\":\"ReadAction\",\"target\":[\"https:\\\/\\\/www.meydan.tv\\\/az\\\/article\\\/pasinyan-hakimiyyete-gelerse-sarkisyandan-mulayim-movqe-tutmayacaq\\\/\"]}]},{\"@type\":\"ImageObject\",\"inLanguage\":\"az\",\"@id\":\"https:\\\/\\\/www.meydan.tv\\\/az\\\/article\\\/pasinyan-hakimiyyete-gelerse-sarkisyandan-mulayim-movqe-tutmayacaq\\\/#primaryimage\",\"url\":\"https:\\\/\\\/www.meydan.tv\\\/wp-content\\\/uploads\\\/40588.jpg\",\"contentUrl\":\"https:\\\/\\\/www.meydan.tv\\\/wp-content\\\/uploads\\\/40588.jpg\",\"width\":1597,\"height\":898,\"caption\":\"Source:\"},{\"@type\":\"BreadcrumbList\",\"@id\":\"https:\\\/\\\/www.meydan.tv\\\/az\\\/article\\\/pasinyan-hakimiyyete-gelerse-sarkisyandan-mulayim-movqe-tutmayacaq\\\/#breadcrumb\",\"itemListElement\":[{\"@type\":\"ListItem\",\"position\":1,\"name\":\"Ana s\u0259hif\u0259\",\"item\":\"https:\\\/\\\/www.meydan.tv\\\/az\\\/\"},{\"@type\":\"ListItem\",\"position\":2,\"name\":\"Analitika\",\"item\":\"https:\\\/\\\/www.meydan.tv\\\/az\\\/section\\\/analitika\\\/\"},{\"@type\":\"ListItem\",\"position\":3,\"name\":\"&#8221;Pa\u015finyan hakimiyy\u0259t\u0259 g\u0259l\u0259rs\u0259, Sarkisyandan m\u00fclayim m\u00f6vqe tutmayacaq&#8221;\"}]},{\"@type\":\"WebSite\",\"@id\":\"https:\\\/\\\/www.meydan.tv\\\/az\\\/#website\",\"url\":\"https:\\\/\\\/www.meydan.tv\\\/az\\\/\",\"name\":\"MEYDAN.TV\",\"description\":\"Meydan TV Az\u0259rbaycan\u0131n media m\u0259kan\u0131ndak\u0131 alternativ s\u0259sidir\",\"publisher\":{\"@id\":\"https:\\\/\\\/www.meydan.tv\\\/az\\\/#organization\"},\"potentialAction\":[{\"@type\":\"SearchAction\",\"target\":{\"@type\":\"EntryPoint\",\"urlTemplate\":\"https:\\\/\\\/www.meydan.tv\\\/az\\\/?s={search_term_string}\"},\"query-input\":{\"@type\":\"PropertyValueSpecification\",\"valueRequired\":true,\"valueName\":\"search_term_string\"}}],\"inLanguage\":\"az\"},{\"@type\":\"Organization\",\"@id\":\"https:\\\/\\\/www.meydan.tv\\\/az\\\/#organization\",\"name\":\"Meydan TV\",\"url\":\"https:\\\/\\\/www.meydan.tv\\\/az\\\/\",\"logo\":{\"@type\":\"ImageObject\",\"inLanguage\":\"az\",\"@id\":\"https:\\\/\\\/www.meydan.tv\\\/az\\\/#\\\/schema\\\/logo\\\/image\\\/\",\"url\":\"https:\\\/\\\/www.meydan.tv\\\/wp-content\\\/uploads\\\/2021\\\/07\\\/meydan-logo.svg\",\"contentUrl\":\"https:\\\/\\\/www.meydan.tv\\\/wp-content\\\/uploads\\\/2021\\\/07\\\/meydan-logo.svg\",\"width\":195,\"height\":46,\"caption\":\"Meydan TV\"},\"image\":{\"@id\":\"https:\\\/\\\/www.meydan.tv\\\/az\\\/#\\\/schema\\\/logo\\\/image\\\/\"}},{\"@type\":\"Person\",\"@id\":\"https:\\\/\\\/www.meydan.tv\\\/az\\\/#\\\/schema\\\/person\\\/10d11eccf6da3662cf5fdab9806ea91a\",\"name\":\"user-manager\"}]}<\/script>\n<!-- \/ Yoast SEO plugin. -->","yoast_head_json":{"title":"''Pa\u015finyan hakimiyy\u0259t\u0259 g\u0259l\u0259rs\u0259, Sarkisyandan m\u00fclayim m\u00f6vqe tutmayacaq'' - MEYDAN.TV","robots":{"index":"index","follow":"follow","max-snippet":"max-snippet:-1","max-image-preview":"max-image-preview:large","max-video-preview":"max-video-preview:-1"},"canonical":"https:\/\/www.meydan.tv\/az\/article\/pasinyan-hakimiyyete-gelerse-sarkisyandan-mulayim-movqe-tutmayacaq\/","og_locale":"az_AZ","og_type":"article","og_title":"''Pa\u015finyan hakimiyy\u0259t\u0259 g\u0259l\u0259rs\u0259, Sarkisyandan m\u00fclayim m\u00f6vqe tutmayacaq'' - MEYDAN.TV","og_description":"Rauf Mirq\u0259dirov: ''Yax\u0131n zamanlarda Qaraba\u011f probleminin h\u0259llind\u0259 ciddi g\u00f6zl\u0259ntil\u0259r olmamal\u0131d\u0131r''","og_url":"https:\/\/www.meydan.tv\/az\/article\/pasinyan-hakimiyyete-gelerse-sarkisyandan-mulayim-movqe-tutmayacaq\/","og_site_name":"MEYDAN.TV","article_published_time":"2018-05-01T01:53:08+00:00","og_image":[{"width":1597,"height":898,"url":"https:\/\/www.meydan.tv\/wp-content\/uploads\/40588.jpg","type":"image\/jpeg"}],"author":"user-manager","twitter_card":"summary_large_image","schema":{"@context":"https:\/\/schema.org","@graph":[{"@type":"Article","@id":"https:\/\/www.meydan.tv\/az\/article\/pasinyan-hakimiyyete-gelerse-sarkisyandan-mulayim-movqe-tutmayacaq\/#article","isPartOf":{"@id":"https:\/\/www.meydan.tv\/az\/article\/pasinyan-hakimiyyete-gelerse-sarkisyandan-mulayim-movqe-tutmayacaq\/"},"author":{"name":"user-manager","@id":"https:\/\/www.meydan.tv\/az\/#\/schema\/person\/10d11eccf6da3662cf5fdab9806ea91a"},"headline":"&#8221;Pa\u015finyan hakimiyy\u0259t\u0259 g\u0259l\u0259rs\u0259, Sarkisyandan m\u00fclayim m\u00f6vqe tutmayacaq&#8221;","datePublished":"2018-05-01T01:53:08+00:00","mainEntityOfPage":{"@id":"https:\/\/www.meydan.tv\/az\/article\/pasinyan-hakimiyyete-gelerse-sarkisyandan-mulayim-movqe-tutmayacaq\/"},"wordCount":925,"publisher":{"@id":"https:\/\/www.meydan.tv\/az\/#organization"},"image":{"@id":"https:\/\/www.meydan.tv\/az\/article\/pasinyan-hakimiyyete-gelerse-sarkisyandan-mulayim-movqe-tutmayacaq\/#primaryimage"},"thumbnailUrl":"https:\/\/www.meydan.tv\/wp-content\/uploads\/40588.jpg","articleSection":["Analitika"],"inLanguage":"az"},{"@type":"WebPage","@id":"https:\/\/www.meydan.tv\/az\/article\/pasinyan-hakimiyyete-gelerse-sarkisyandan-mulayim-movqe-tutmayacaq\/","url":"https:\/\/www.meydan.tv\/az\/article\/pasinyan-hakimiyyete-gelerse-sarkisyandan-mulayim-movqe-tutmayacaq\/","name":"''Pa\u015finyan hakimiyy\u0259t\u0259 g\u0259l\u0259rs\u0259, Sarkisyandan m\u00fclayim m\u00f6vqe tutmayacaq'' - MEYDAN.TV","isPartOf":{"@id":"https:\/\/www.meydan.tv\/az\/#website"},"primaryImageOfPage":{"@id":"https:\/\/www.meydan.tv\/az\/article\/pasinyan-hakimiyyete-gelerse-sarkisyandan-mulayim-movqe-tutmayacaq\/#primaryimage"},"image":{"@id":"https:\/\/www.meydan.tv\/az\/article\/pasinyan-hakimiyyete-gelerse-sarkisyandan-mulayim-movqe-tutmayacaq\/#primaryimage"},"thumbnailUrl":"https:\/\/www.meydan.tv\/wp-content\/uploads\/40588.jpg","datePublished":"2018-05-01T01:53:08+00:00","breadcrumb":{"@id":"https:\/\/www.meydan.tv\/az\/article\/pasinyan-hakimiyyete-gelerse-sarkisyandan-mulayim-movqe-tutmayacaq\/#breadcrumb"},"inLanguage":"az","potentialAction":[{"@type":"ReadAction","target":["https:\/\/www.meydan.tv\/az\/article\/pasinyan-hakimiyyete-gelerse-sarkisyandan-mulayim-movqe-tutmayacaq\/"]}]},{"@type":"ImageObject","inLanguage":"az","@id":"https:\/\/www.meydan.tv\/az\/article\/pasinyan-hakimiyyete-gelerse-sarkisyandan-mulayim-movqe-tutmayacaq\/#primaryimage","url":"https:\/\/www.meydan.tv\/wp-content\/uploads\/40588.jpg","contentUrl":"https:\/\/www.meydan.tv\/wp-content\/uploads\/40588.jpg","width":1597,"height":898,"caption":"Source:"},{"@type":"BreadcrumbList","@id":"https:\/\/www.meydan.tv\/az\/article\/pasinyan-hakimiyyete-gelerse-sarkisyandan-mulayim-movqe-tutmayacaq\/#breadcrumb","itemListElement":[{"@type":"ListItem","position":1,"name":"Ana s\u0259hif\u0259","item":"https:\/\/www.meydan.tv\/az\/"},{"@type":"ListItem","position":2,"name":"Analitika","item":"https:\/\/www.meydan.tv\/az\/section\/analitika\/"},{"@type":"ListItem","position":3,"name":"&#8221;Pa\u015finyan hakimiyy\u0259t\u0259 g\u0259l\u0259rs\u0259, Sarkisyandan m\u00fclayim m\u00f6vqe tutmayacaq&#8221;"}]},{"@type":"WebSite","@id":"https:\/\/www.meydan.tv\/az\/#website","url":"https:\/\/www.meydan.tv\/az\/","name":"MEYDAN.TV","description":"Meydan TV Az\u0259rbaycan\u0131n media m\u0259kan\u0131ndak\u0131 alternativ s\u0259sidir","publisher":{"@id":"https:\/\/www.meydan.tv\/az\/#organization"},"potentialAction":[{"@type":"SearchAction","target":{"@type":"EntryPoint","urlTemplate":"https:\/\/www.meydan.tv\/az\/?s={search_term_string}"},"query-input":{"@type":"PropertyValueSpecification","valueRequired":true,"valueName":"search_term_string"}}],"inLanguage":"az"},{"@type":"Organization","@id":"https:\/\/www.meydan.tv\/az\/#organization","name":"Meydan TV","url":"https:\/\/www.meydan.tv\/az\/","logo":{"@type":"ImageObject","inLanguage":"az","@id":"https:\/\/www.meydan.tv\/az\/#\/schema\/logo\/image\/","url":"https:\/\/www.meydan.tv\/wp-content\/uploads\/2021\/07\/meydan-logo.svg","contentUrl":"https:\/\/www.meydan.tv\/wp-content\/uploads\/2021\/07\/meydan-logo.svg","width":195,"height":46,"caption":"Meydan TV"},"image":{"@id":"https:\/\/www.meydan.tv\/az\/#\/schema\/logo\/image\/"}},{"@type":"Person","@id":"https:\/\/www.meydan.tv\/az\/#\/schema\/person\/10d11eccf6da3662cf5fdab9806ea91a","name":"user-manager"}]}},"_links":{"self":[{"href":"https:\/\/www.meydan.tv\/az\/wp-json\/wp\/v2\/posts\/189780","targetHints":{"allow":["GET"]}}],"collection":[{"href":"https:\/\/www.meydan.tv\/az\/wp-json\/wp\/v2\/posts"}],"about":[{"href":"https:\/\/www.meydan.tv\/az\/wp-json\/wp\/v2\/types\/post"}],"author":[{"embeddable":true,"href":"https:\/\/www.meydan.tv\/az\/wp-json\/wp\/v2\/users\/11"}],"replies":[{"embeddable":true,"href":"https:\/\/www.meydan.tv\/az\/wp-json\/wp\/v2\/comments?post=189780"}],"version-history":[{"count":0,"href":"https:\/\/www.meydan.tv\/az\/wp-json\/wp\/v2\/posts\/189780\/revisions"}],"wp:featuredmedia":[{"embeddable":true,"href":"https:\/\/www.meydan.tv\/az\/wp-json\/wp\/v2\/media\/102420"}],"wp:attachment":[{"href":"https:\/\/www.meydan.tv\/az\/wp-json\/wp\/v2\/media?parent=189780"}],"wp:term":[{"taxonomy":"category","embeddable":true,"href":"https:\/\/www.meydan.tv\/az\/wp-json\/wp\/v2\/categories?post=189780"},{"taxonomy":"post_tag","embeddable":true,"href":"https:\/\/www.meydan.tv\/az\/wp-json\/wp\/v2\/tags?post=189780"}],"curies":[{"name":"wp","href":"https:\/\/api.w.org\/{rel}","templated":true}]}}