{"id":189747,"date":"2018-04-27T19:53:32","date_gmt":"2018-04-27T19:53:32","guid":{"rendered":"https:\/\/www.meydan.tv\/article\/tramp-ilham-eliyeve-emekdasliq-ezminde-oldugunu-bildirib\/"},"modified":"2018-04-27T19:53:32","modified_gmt":"2018-04-27T19:53:32","slug":"tramp-ilham-eliyeve-emekdasliq-ezminde-oldugunu-bildirib","status":"publish","type":"post","link":"https:\/\/www.meydan.tv\/az\/article\/tramp-ilham-eliyeve-emekdasliq-ezminde-oldugunu-bildirib\/","title":{"rendered":"Tramp \u0130lham \u018fliyev\u0259 \u0259m\u0259kda\u015fl\u0131q \u0259zmind\u0259 oldu\u011funu bildirib"},"content":{"rendered":"<figure class=\"wp-block-image size-large\">\n  <img decoding=\"async\" src=\"https:\/\/www.meydan.tv\/az\/ilham-eliyev-ve-donald-tramp\/\" alt=\"\u0130lham \u018fliyev v\u0259 Donald Tramp\" class=\"wp-image-102870\"\/><figcaption>\n    \u0130lham \u018fliyev v\u0259 Donald Tramp<br \/>\n  <\/figcaption><\/figure>\n<p>\n  <i><br \/>\n    Rauf Mirq\u0259dirov: &#8221;Demokratiya AB\u015e-\u0131n xarici siyas\u0259t prioritetl\u0259rind\u0259 birinci deyil&#8221;<br \/>\n  <\/i>\n<\/p>\n<p>\n  AB\u015e prezidenti Donald Tramp Az\u0259rbaycan Prezidenti \u0130lham \u018fliyev\u0259 m\u0259ktub g\u00f6nd\u0259rib.\n<\/p>\n<p>\n  M\u0259ktubda D.Trapm Amerika v\u0259 Az\u0259rbaycan xalqlar\u0131 \u00fc\u00e7\u00fcn qar\u015f\u0131l\u0131ql\u0131 maraq do\u011furan bir \u00e7ox sah\u0259l\u0259rd\u0259 birg\u0259 i\u015fl\u0259m\u0259k \u0259zmind\u0259 oldu\u011funu b\u0259yan edib.\n<\/p>\n<p>\n  \u201cBiz Sizinl\u0259 birlikd\u0259 terror\u00e7ulu\u011fun m\u0259\u011flub edilm\u0259sind\u0259, yeni i\u015f yerl\u0259rinin yarad\u0131lmas\u0131nda v\u0259 Avropan\u0131n enerji t\u0259hl\u00fck\u0259sizliyinin yax\u015f\u0131la\u015fd\u0131r\u0131lmas\u0131nda t\u0259r\u0259qqi \u0259ld\u0259 ed\u0259 bil\u0259rik. Korrupsiyaya qar\u015f\u0131 m\u00fcbariz\u0259d\u0259 v\u0259 Da\u011fl\u0131q Qaraba\u011f m\u00fcnaqi\u015f\u0259sinin s\u00fclh yolu il\u0259 h\u0259llind\u0259 ir\u0259lil\u0259yi\u015f bu s\u0259yl\u0259r\u0259 t\u00f6hf\u0259 ver\u0259c\u0259kdir\u201d.\n<\/p>\n<p>\n  Bununla bel\u0259 AB\u015e prezidenti \u00f6z m\u0259ktubunda demokratiya v\u0259 insan haqlar\u0131 sah\u0259sin\u0259 \u00fcmumiyy\u0259tl\u0259 toxunmay\u0131b.\n<\/p>\n<p>\n  AB\u015e-da m\u00fchacir h\u0259yat\u0131 ya\u015fayan siyasi icmal\u00e7\u0131 \u018fr\u0259stun Oruclu prezident Tramp\u0131n m\u0259ktubunu \u201ckitay\u0259t q\u0259d\u0259r standart\u201d adland\u0131r\u0131b.\n<\/p>\n<p>\n  O, xat\u0131rlad\u0131b ki, 2013-c\u00fc ild\u0259 Barak Obama da ox\u015far m\u0259zmunlu m\u0259ktub g\u00f6nd\u0259rmi\u015fdi. Ke\u00e7mi\u015f prezidentin d\u0259 m\u0259ktubunda da t\u0259brik s\u00f6z\u00fc yox idi, amma demokratiya v\u0259 insan haqlar\u0131 m\u0259s\u0259l\u0259l\u0259ri vur\u011fulanm\u0131\u015fd\u0131.\n<\/p>\n<p>\n  \u018fr\u0259stun Oruclu deyir ki, Tramp kimi prezidentd\u0259n demokratiya v\u0259 insan haqlar\u0131 ummaq absurddur.\n<\/p>\n<p>\n  \u201cAncaq h\u0259ssas yumoru olan insanlar Trampdan demokratiya v\u0259 insan haqlar\u0131n\u0131n m\u00fcdafi\u0259sini g\u00f6zl\u0259y\u0259 bil\u0259r. Amerika c\u0259miyy\u0259tinin m\u00fctl\u0259q \u0259ks\u0259riyy\u0259ti onun b\u0259yanatlar\u0131n\u0131 irq\u00e7ilik kimi d\u0259y\u0259rl\u0259ndirir. Bel\u0259 bir adam h\u0259r h\u0259ft\u0259 \u00f6lk\u0259nin tan\u0131nm\u0131\u015f simalar\u0131 il\u0259 \u015f\u0259xsi dava apar\u0131r, s\u0259b\u0259b onu t\u0259nqid etm\u0259l\u0259ridir\u201d.\n<\/p>\n<figure class=\"wp-block-image size-large\">\n  <img decoding=\"async\" src=\"https:\/\/www.meydan.tv\/az\/erestun-oruclu-3\/\" alt=\"\u018fr\u0259stun Oruclu\" class=\"wp-image-63507\"\/><figcaption>\n    \u018fr\u0259stun Oruclu<br \/>\n  <\/figcaption><\/figure>\n<p>\n  Onun s\u00f6zl\u0259rin\u0259 g\u00f6r\u0259, m\u0259ktubda \u0259m\u0259kda\u015fl\u0131qla ba\u011fl\u0131 c\u00fcml\u0259l\u0259r standart s\u0259ciyy\u0259 da\u015f\u0131y\u0131r. M\u0259ktubda yeni b\u0259nd Da\u011fl\u0131q Qaraba\u011fla ba\u011fl\u0131d\u0131r, Barak Obaman\u0131n 2013-c\u00fc il se\u00e7kil\u0259rl\u0259 ba\u011fl\u0131 yazd\u0131\u011f\u0131 m\u0259ktubla m\u00fcqayis\u0259d\u0259 Tramp Da\u011fl\u0131q Qaraba\u011f m\u00fcnaqi\u015f\u0259si bar\u0259d\u0259 m\u00fcnasib\u0259t ifad\u0259 edir.\n<\/p>\n<p>\n  Siyasi icmal\u00e7\u0131 bildirib ki, d\u00fcnyada demokratik, insan haqlar\u0131 d\u0259y\u0259rl\u0259rinin a\u015f\u0131nmas\u0131 gedir:\n<\/p>\n<p>\n  \u201cM\u0259nz\u0259r\u0259y\u0259 bax\u0131n, AT\u018fT-in M\u00fc\u015fahid\u0259 Missiyas\u0131, Avropa \u015euras\u0131 n\u00fcmay\u0259nd\u0259l\u0259ri 11 aprel n\u00f6vb\u0259d\u0259nk\u0259nar se\u00e7kil\u0259ri \u00e7ox m\u0259nfi qiym\u0259tl\u0259ndirir, ard\u0131nca Almaniya kansleri Merkel, Avropa \u015euras\u0131n\u0131n ba\u015f katib Yaqland \u018fliyevi t\u0259brik edir. Aprelin 26-da is\u0259 A\u015e PA-da Britaniya, Fransa v\u0259 \u0130sve\u00e7d\u0259n t\u0259qa\u00fcdd\u0259 olan hakiml\u0259rinin Az\u0259rbaycanla ba\u011fl\u0131 haz\u0131rlad\u0131\u011f\u0131 219 s\u0259hif\u0259lik hesabat q\u0259bul olunur. B\u00fct\u00fcn bunlar qlobal miqyasda insan h\u00fcquq v\u0259 azadl\u0131qlar\u0131, demokratiya d\u0259y\u0259rl\u0259rinin \u00e7ox s\u00fcr\u0259tl\u0259 a\u015f\u0131nmas\u0131 v\u0259 m\u00fcbadil\u0259, spekulyasiya predmetin\u0259 \u00e7evrilm\u0259si dem\u0259kdir, bu, \u00e7ox t\u0259hl\u00fck\u0259lidir. Q\u0259rb d\u00f6vl\u0259tl\u0259rinin iqtisadi maraqlar\u0131 var, onlar\u0131 Az\u0259rbaycanda demokratiyan\u0131n olub-olmamas\u0131 narahat etmir, 25 ildir bunu g\u00f6r\u00fcr\u00fck, \u00f6z\u00fcm\u00fcz\u00fc aldatmayaq. Sabah ba\u015fqa bir adam prezident olsa, eyni m\u0259zmunlu m\u0259ktublar yaz\u0131lacaq v\u0259 \u0259m\u0259kda\u015fl\u0131q qurulacaq\u201d.\n<\/p>\n<p>\n  Onun fikrinc\u0259, Az\u0259rbaycanda demokratiyan\u0131n inki\u015faf etm\u0259m\u0259sinin s\u0259b\u0259bl\u0259rind\u0259n biri d\u0259 b\u00f6y\u00fck demokratik d\u00f6vl\u0259tl\u0259rin xalq\u0131n demokratik c\u0259miyy\u0259t qurmaq c\u0259hdl\u0259rin\u0259 laqeyd, bir s\u0131ra hallarda is\u0259 pozucu t\u0259siri olmas\u0131d\u0131r:\n<\/p>\n<p>\n  \u201cOnlar Az\u0259rbaycanda demokratik d\u00f6vl\u0259tin olmas\u0131n\u0131 ist\u0259m\u0259yibl\u0259r. \u00c7\u00fcnki demokratik d\u00f6vl\u0259t olanda, istila\u00e7\u0131 \u015f\u0259rtl\u0259ri il\u0259 neft-qaz m\u00fcqavil\u0259l\u0259rini q\u0259bul etdirm\u0259k m\u00fcmk\u00fcns\u00fczd\u00fcr. B\u00f6y\u00fck d\u00f6vl\u0259tl\u0259r\u0259 S\u0259udiyy\u0259 \u018fr\u0259bistan\u0131, T\u00fcrkm\u0259nistan, Az\u0259rbaycan kimi avtoritar-monarxik d\u00f6vl\u0259tl\u0259r s\u0259rf edir. \u00c7\u00fcnki apar\u0131c\u0131 d\u00f6vl\u0259tl\u0259rin Az\u0259rbaycan kimi \u00f6lk\u0259l\u0259r\u0259 siyas\u0259ti korporasiyalar\u0131n maraqlar\u0131 \u00fcz\u0259rind\u0259 qurulub\u201d.\n<\/p>\n<p>\n  Harvard m\u0259zunu B\u0259xtiyar Hac\u0131yev hesab edir ki, Tramp\u0131n m\u0259ktubu kifay\u0259t q\u0259d\u0259r diplomatik haz\u0131rlan\u0131b.\n<\/p>\n<figure class=\"wp-block-image size-large\">\n  <img decoding=\"async\" src=\"https:\/\/www.meydan.tv\/az\/bextiyar-haciyev\/\" alt=\"B\u0259xtiyar Hac\u0131yev\" class=\"wp-image-54831\"\/><figcaption>\n    B\u0259xtiyar Hac\u0131yev<br \/>\n  <\/figcaption><\/figure>\n<p>\n  \u201cM\u0259ktubda insan haqlar\u0131 v\u0259 demokratiya ifad\u0259l\u0259ri olmasa da, t\u0259brik d\u0259 yoxdur. Sad\u0259c\u0259, m\u0259ktub iki d\u00f6vl\u0259t aras\u0131nda \u0259vv\u0259lki m\u00fcnasib\u0259tl\u0259rin davam etdirilm\u0259si \u00fc\u00e7\u00fcn yaz\u0131l\u0131b\u201d.\n<\/p>\n<p>\n  B.Hac\u0131yev bildirib ki, Amerikan\u0131n Az\u0259rbaycanda maraqlar\u0131n\u0131 anlamaq olar, t\u0259hl\u00fck\u0259sizlik, enerji m\u0259s\u0259l\u0259l\u0259ri n\u0259z\u0259r\u0259 al\u0131nsa, balansla\u015fd\u0131r\u0131b t\u0259brik ifad\u0259si yaz\u0131lmadan \u00fcmumi bir m\u0259ktub g\u00f6nd\u0259ribl\u0259r. Sad\u0259c\u0259, bu m\u0259ktubda insan h\u00fcquqlar\u0131 v\u0259 azadl\u0131qlar\u0131 m\u0259s\u0259l\u0259si yoxdur.\n<\/p>\n<p>\n  M\u00fchacir\u0259td\u0259 ya\u015fayan siyasi icmal\u00e7\u0131 Rauf Mirq\u0259dirovun s\u00f6zl\u0259rin\u0259 g\u00f6r\u0259, Tramp demokratiya v\u0259 insan haqlar\u0131n\u0131 o halda yada sal\u0131r ki, h\u0259min d\u00f6vl\u0259tl\u0259rd\u0259 Va\u015finqtonun probleml\u0259ri var.\n<\/p>\n<p>\n  \u201cM\u0259s\u0259l\u0259n, \u015eimali Koreya, Rusiya, Kuba, Venesuala v\u0259 ba\u015fqa \u00f6lk\u0259l\u0259rin adlar\u0131n\u0131 \u00e7\u0259km\u0259k olar. Az\u0259rbaycanda is\u0259 AB\u015e-\u0131n ciddi probleml\u0259ri yoxdur. D\u00fczd\u00fcr, Tramp\u0131n m\u0259ktubunda korrupsiyaya toxunulur, \u0259slind\u0259, korrupsiyaya qar\u015f\u0131 m\u00fcbariz\u0259 insan haqlar\u0131 il\u0259 ba\u011fl\u0131d\u0131r. Demokratiyan\u0131n, ictimai instiutlar\u0131n z\u0259if oldu\u011fu, insan haqlar\u0131n\u0131n tapdand\u0131\u011f\u0131 d\u00f6vl\u0259tl\u0259rd\u0259 korrupsiya g\u00fccl\u00fc olur\u201d.\n<\/p>\n<p>\n  Dig\u0259r t\u0259r\u0259fd\u0259n o xat\u0131rlad\u0131b ki, Tramp m\u00fcs\u0259lman d\u00f6vl\u0259t ba\u015f\u00e7\u0131lar\u0131 il\u0259 g\u00f6r\u00fc\u015f\u00fcnd\u0259 \u201cm\u0259n siz\u0259 d\u0259rs dem\u0259k yox, \u0259m\u0259kda\u015fl\u0131q etm\u0259k ist\u0259yir\u0259m\u201d demi\u015fdi.\n<\/p>\n<figure class=\"wp-block-image size-large\">\n  <img decoding=\"async\" src=\"https:\/\/www.meydan.tv\/az\/rauf-mirqedirov-2\/\" alt=\"Rauf Mirq\u0259dirov\" class=\"wp-image-50606\"\/><figcaption>\n    Rauf Mirq\u0259dirov<br \/>\n  <\/figcaption><\/figure>\n<p>\n  \u201cBunun t\u0259rc\u00fcm\u0259si odur ki, insan haqlar\u0131 v\u0259 demokratiya haqda d\u0259rs olmayacaq, \u0259sas m\u0259s\u0259l\u0259 \u0259m\u0259kda\u015fl\u0131qd\u0131r. Demokratiya AB\u015e-\u0131n xarici siyas\u0259t prioritetl\u0259rind\u0259 birinci deyil. \u00c7ox nadir hallarda maraqlarla m\u00fcqayis\u0259d\u0259 d\u0259y\u0259rl\u0259r\u0259 \u00fcst\u00fcnl\u00fck veribl\u0259r. Tramp hakimiyy\u0259t\u0259 g\u0259l\u0259nd\u0259 d\u0259 demokratiya v\u0259 insan haqlar\u0131n\u0131n maraqlar\u0131 aras\u0131nda omad\u0131\u011f\u0131n\u0131 demi\u015fdi. Bu m\u0259nada AB\u015e prezidentinin m\u0259ktubunda yeni bir \u015fey yoxdur. Amma bu o dem\u0259k deyil ki, Va\u015finqtonla Bak\u0131 m\u00fcnasib\u0259tl\u0259rind\u0259 insan haqlar\u0131 v\u0259 demokratiya yoxdur. R\u0259smi b\u0259yanatlarda t\u0259hl\u00fck\u0259sizlik v\u0259 enerji, \u00fc\u00e7\u00fcnc\u00fc demokratiya g\u0259lir. Tramp AB\u015e prezidenti olsa da, hakimi m\u00fctl\u0259q deyil v\u0259 bu \u00f6lk\u0259nin xarici siyas\u0259ti bir \u015f\u0259xs\u0259 ba\u011fl\u0131 deyil. Tramp m\u0259ktubu il\u0259 xarici siyas\u0259ti d\u0259yi\u015fdir\u0259 bilm\u0259z, Rusiya il\u0259 m\u00fcnasib\u0259tl\u0259rd\u0259 bu g\u00f6r\u00fcnd\u00fc\u201d.\n<\/p>\n<p>\n  Rauf Mirq\u0259dirov bildirib ki, Az\u0259rbaycanda hakimiyy\u0259t d\u0259yi\u015fikliyi g\u00fcnd\u0259md\u0259 olmad\u0131\u011f\u0131ndan d\u00f6vl\u0259tl\u0259raras\u0131 m\u00fcnasib\u0259tl\u0259rd\u0259 \u0259lav\u0259 q\u0131c\u0131q do\u011furmaq he\u00e7 kim\u0259 s\u0259rf etmir.\n<\/p>\n<p>\n  \u201c\u018fg\u0259r Moskva v\u0259 Va\u015finqtonda ist\u0259k olsayd\u0131, hakimiyy\u0259t d\u0259yi\u015fikliyi situasiyas\u0131n\u0131 yaratmaq m\u00fcmk\u00fcn idi. \u0130ndiki qlobal m\u00fcr\u0259kk\u0259b \u015f\u0259raitd\u0259 b\u00f6y\u00fck g\u00fccl\u0259r bunda maraql\u0131 deyill\u0259r. Sad\u0259c\u0259, real hakimiyy\u0259tl\u0259 i\u015fl\u0259m\u0259k apar\u0131c\u0131 d\u00f6vl\u0259tl\u0259rin maraqlar\u0131ndad\u0131r, \u00e7\u00fcnki hakimiyy\u0259t onlar\u0131n enerji, t\u0259hl\u00fck\u0259szilik maraqlar\u0131na problem yaratm\u0131r. Bax\u0131n, se\u00e7ki haqda r\u0259yl\u0259rini verdil\u0259r v\u0259 Avropa \u015euras\u0131 26 apreld\u0259 korrupsiya il\u0259 ba\u011fl\u0131 hesabat\u0131n\u0131 q\u0259bul etdi, bunlar tarix \u00fc\u00e7\u00fcn qald\u0131. Zaman\u0131 \u00e7atanda, istifad\u0259 ed\u0259c\u0259kl\u0259r\u201d.<\/p>\n","protected":false},"excerpt":{"rendered":"<p>Rauf Mirq\u0259dirov: &#8221;Demokratiya AB\u015e-\u0131n xarici siyas\u0259t prioritetl\u0259rind\u0259 birinci deyil&#8221;<\/p>\n","protected":false},"author":11,"featured_media":102870,"comment_status":"closed","ping_status":"open","sticky":false,"template":"","format":"standard","meta":{"_acf_changed":false,"_sitemap_exclude":false,"_sitemap_priority":"","_sitemap_frequency":"","footnotes":""},"categories":[51],"tags":[],"class_list":["post-189747","post","type-post","status-publish","format-standard","has-post-thumbnail","hentry","category-analitika","infinite-scroll-item","generate-columns","tablet-grid-50","mobile-grid-100","grid-parent","grid-33","no-featured-image-padding"],"acf":[],"yoast_head":"<!-- This site is optimized with the Yoast SEO plugin v27.4 - https:\/\/yoast.com\/product\/yoast-seo-wordpress\/ -->\n<title>Tramp \u0130lham \u018fliyev\u0259 \u0259m\u0259kda\u015fl\u0131q \u0259zmind\u0259 oldu\u011funu bildirib - MEYDAN.TV<\/title>\n<meta name=\"robots\" content=\"index, follow, max-snippet:-1, max-image-preview:large, max-video-preview:-1\" \/>\n<link rel=\"canonical\" href=\"https:\/\/www.meydan.tv\/az\/article\/tramp-ilham-eliyeve-emekdasliq-ezminde-oldugunu-bildirib\/\" \/>\n<meta property=\"og:locale\" content=\"az_AZ\" \/>\n<meta property=\"og:type\" content=\"article\" \/>\n<meta property=\"og:title\" content=\"Tramp \u0130lham \u018fliyev\u0259 \u0259m\u0259kda\u015fl\u0131q \u0259zmind\u0259 oldu\u011funu bildirib - MEYDAN.TV\" \/>\n<meta property=\"og:description\" content=\"Rauf Mirq\u0259dirov: &#039;&#039;Demokratiya AB\u015e-\u0131n xarici siyas\u0259t prioritetl\u0259rind\u0259 birinci deyil&#039;&#039;\" \/>\n<meta property=\"og:url\" content=\"https:\/\/www.meydan.tv\/az\/article\/tramp-ilham-eliyeve-emekdasliq-ezminde-oldugunu-bildirib\/\" \/>\n<meta property=\"og:site_name\" content=\"MEYDAN.TV\" \/>\n<meta property=\"article:published_time\" content=\"2018-04-27T19:53:32+00:00\" \/>\n<meta property=\"og:image\" content=\"https:\/\/www.meydan.tv\/wp-content\/uploads\/40798.jpg\" \/>\n\t<meta property=\"og:image:width\" content=\"850\" \/>\n\t<meta property=\"og:image:height\" content=\"450\" \/>\n\t<meta property=\"og:image:type\" content=\"image\/jpeg\" \/>\n<meta name=\"author\" content=\"user-manager\" \/>\n<meta name=\"twitter:card\" content=\"summary_large_image\" \/>\n<script type=\"application\/ld+json\" class=\"yoast-schema-graph\">{\"@context\":\"https:\\\/\\\/schema.org\",\"@graph\":[{\"@type\":\"Article\",\"@id\":\"https:\\\/\\\/www.meydan.tv\\\/az\\\/article\\\/tramp-ilham-eliyeve-emekdasliq-ezminde-oldugunu-bildirib\\\/#article\",\"isPartOf\":{\"@id\":\"https:\\\/\\\/www.meydan.tv\\\/az\\\/article\\\/tramp-ilham-eliyeve-emekdasliq-ezminde-oldugunu-bildirib\\\/\"},\"author\":{\"name\":\"user-manager\",\"@id\":\"https:\\\/\\\/www.meydan.tv\\\/az\\\/#\\\/schema\\\/person\\\/10d11eccf6da3662cf5fdab9806ea91a\"},\"headline\":\"Tramp \u0130lham \u018fliyev\u0259 \u0259m\u0259kda\u015fl\u0131q \u0259zmind\u0259 oldu\u011funu bildirib\",\"datePublished\":\"2018-04-27T19:53:32+00:00\",\"mainEntityOfPage\":{\"@id\":\"https:\\\/\\\/www.meydan.tv\\\/az\\\/article\\\/tramp-ilham-eliyeve-emekdasliq-ezminde-oldugunu-bildirib\\\/\"},\"wordCount\":1285,\"publisher\":{\"@id\":\"https:\\\/\\\/www.meydan.tv\\\/az\\\/#organization\"},\"image\":{\"@id\":\"https:\\\/\\\/www.meydan.tv\\\/az\\\/article\\\/tramp-ilham-eliyeve-emekdasliq-ezminde-oldugunu-bildirib\\\/#primaryimage\"},\"thumbnailUrl\":\"https:\\\/\\\/www.meydan.tv\\\/wp-content\\\/uploads\\\/40798.jpg\",\"articleSection\":[\"Analitika\"],\"inLanguage\":\"az\"},{\"@type\":\"WebPage\",\"@id\":\"https:\\\/\\\/www.meydan.tv\\\/az\\\/article\\\/tramp-ilham-eliyeve-emekdasliq-ezminde-oldugunu-bildirib\\\/\",\"url\":\"https:\\\/\\\/www.meydan.tv\\\/az\\\/article\\\/tramp-ilham-eliyeve-emekdasliq-ezminde-oldugunu-bildirib\\\/\",\"name\":\"Tramp \u0130lham \u018fliyev\u0259 \u0259m\u0259kda\u015fl\u0131q \u0259zmind\u0259 oldu\u011funu bildirib - MEYDAN.TV\",\"isPartOf\":{\"@id\":\"https:\\\/\\\/www.meydan.tv\\\/az\\\/#website\"},\"primaryImageOfPage\":{\"@id\":\"https:\\\/\\\/www.meydan.tv\\\/az\\\/article\\\/tramp-ilham-eliyeve-emekdasliq-ezminde-oldugunu-bildirib\\\/#primaryimage\"},\"image\":{\"@id\":\"https:\\\/\\\/www.meydan.tv\\\/az\\\/article\\\/tramp-ilham-eliyeve-emekdasliq-ezminde-oldugunu-bildirib\\\/#primaryimage\"},\"thumbnailUrl\":\"https:\\\/\\\/www.meydan.tv\\\/wp-content\\\/uploads\\\/40798.jpg\",\"datePublished\":\"2018-04-27T19:53:32+00:00\",\"breadcrumb\":{\"@id\":\"https:\\\/\\\/www.meydan.tv\\\/az\\\/article\\\/tramp-ilham-eliyeve-emekdasliq-ezminde-oldugunu-bildirib\\\/#breadcrumb\"},\"inLanguage\":\"az\",\"potentialAction\":[{\"@type\":\"ReadAction\",\"target\":[\"https:\\\/\\\/www.meydan.tv\\\/az\\\/article\\\/tramp-ilham-eliyeve-emekdasliq-ezminde-oldugunu-bildirib\\\/\"]}]},{\"@type\":\"ImageObject\",\"inLanguage\":\"az\",\"@id\":\"https:\\\/\\\/www.meydan.tv\\\/az\\\/article\\\/tramp-ilham-eliyeve-emekdasliq-ezminde-oldugunu-bildirib\\\/#primaryimage\",\"url\":\"https:\\\/\\\/www.meydan.tv\\\/wp-content\\\/uploads\\\/40798.jpg\",\"contentUrl\":\"https:\\\/\\\/www.meydan.tv\\\/wp-content\\\/uploads\\\/40798.jpg\",\"width\":850,\"height\":450,\"caption\":\"Source:\"},{\"@type\":\"BreadcrumbList\",\"@id\":\"https:\\\/\\\/www.meydan.tv\\\/az\\\/article\\\/tramp-ilham-eliyeve-emekdasliq-ezminde-oldugunu-bildirib\\\/#breadcrumb\",\"itemListElement\":[{\"@type\":\"ListItem\",\"position\":1,\"name\":\"Ana s\u0259hif\u0259\",\"item\":\"https:\\\/\\\/www.meydan.tv\\\/az\\\/\"},{\"@type\":\"ListItem\",\"position\":2,\"name\":\"Analitika\",\"item\":\"https:\\\/\\\/www.meydan.tv\\\/az\\\/section\\\/analitika\\\/\"},{\"@type\":\"ListItem\",\"position\":3,\"name\":\"Tramp \u0130lham \u018fliyev\u0259 \u0259m\u0259kda\u015fl\u0131q \u0259zmind\u0259 oldu\u011funu bildirib\"}]},{\"@type\":\"WebSite\",\"@id\":\"https:\\\/\\\/www.meydan.tv\\\/az\\\/#website\",\"url\":\"https:\\\/\\\/www.meydan.tv\\\/az\\\/\",\"name\":\"MEYDAN.TV\",\"description\":\"Meydan TV Az\u0259rbaycan\u0131n media m\u0259kan\u0131ndak\u0131 alternativ s\u0259sidir\",\"publisher\":{\"@id\":\"https:\\\/\\\/www.meydan.tv\\\/az\\\/#organization\"},\"potentialAction\":[{\"@type\":\"SearchAction\",\"target\":{\"@type\":\"EntryPoint\",\"urlTemplate\":\"https:\\\/\\\/www.meydan.tv\\\/az\\\/?s={search_term_string}\"},\"query-input\":{\"@type\":\"PropertyValueSpecification\",\"valueRequired\":true,\"valueName\":\"search_term_string\"}}],\"inLanguage\":\"az\"},{\"@type\":\"Organization\",\"@id\":\"https:\\\/\\\/www.meydan.tv\\\/az\\\/#organization\",\"name\":\"Meydan TV\",\"url\":\"https:\\\/\\\/www.meydan.tv\\\/az\\\/\",\"logo\":{\"@type\":\"ImageObject\",\"inLanguage\":\"az\",\"@id\":\"https:\\\/\\\/www.meydan.tv\\\/az\\\/#\\\/schema\\\/logo\\\/image\\\/\",\"url\":\"https:\\\/\\\/www.meydan.tv\\\/wp-content\\\/uploads\\\/2021\\\/07\\\/meydan-logo.svg\",\"contentUrl\":\"https:\\\/\\\/www.meydan.tv\\\/wp-content\\\/uploads\\\/2021\\\/07\\\/meydan-logo.svg\",\"width\":195,\"height\":46,\"caption\":\"Meydan TV\"},\"image\":{\"@id\":\"https:\\\/\\\/www.meydan.tv\\\/az\\\/#\\\/schema\\\/logo\\\/image\\\/\"}},{\"@type\":\"Person\",\"@id\":\"https:\\\/\\\/www.meydan.tv\\\/az\\\/#\\\/schema\\\/person\\\/10d11eccf6da3662cf5fdab9806ea91a\",\"name\":\"user-manager\"}]}<\/script>\n<!-- \/ Yoast SEO plugin. -->","yoast_head_json":{"title":"Tramp \u0130lham \u018fliyev\u0259 \u0259m\u0259kda\u015fl\u0131q \u0259zmind\u0259 oldu\u011funu bildirib - MEYDAN.TV","robots":{"index":"index","follow":"follow","max-snippet":"max-snippet:-1","max-image-preview":"max-image-preview:large","max-video-preview":"max-video-preview:-1"},"canonical":"https:\/\/www.meydan.tv\/az\/article\/tramp-ilham-eliyeve-emekdasliq-ezminde-oldugunu-bildirib\/","og_locale":"az_AZ","og_type":"article","og_title":"Tramp \u0130lham \u018fliyev\u0259 \u0259m\u0259kda\u015fl\u0131q \u0259zmind\u0259 oldu\u011funu bildirib - MEYDAN.TV","og_description":"Rauf Mirq\u0259dirov: ''Demokratiya AB\u015e-\u0131n xarici siyas\u0259t prioritetl\u0259rind\u0259 birinci deyil''","og_url":"https:\/\/www.meydan.tv\/az\/article\/tramp-ilham-eliyeve-emekdasliq-ezminde-oldugunu-bildirib\/","og_site_name":"MEYDAN.TV","article_published_time":"2018-04-27T19:53:32+00:00","og_image":[{"width":850,"height":450,"url":"https:\/\/www.meydan.tv\/wp-content\/uploads\/40798.jpg","type":"image\/jpeg"}],"author":"user-manager","twitter_card":"summary_large_image","schema":{"@context":"https:\/\/schema.org","@graph":[{"@type":"Article","@id":"https:\/\/www.meydan.tv\/az\/article\/tramp-ilham-eliyeve-emekdasliq-ezminde-oldugunu-bildirib\/#article","isPartOf":{"@id":"https:\/\/www.meydan.tv\/az\/article\/tramp-ilham-eliyeve-emekdasliq-ezminde-oldugunu-bildirib\/"},"author":{"name":"user-manager","@id":"https:\/\/www.meydan.tv\/az\/#\/schema\/person\/10d11eccf6da3662cf5fdab9806ea91a"},"headline":"Tramp \u0130lham \u018fliyev\u0259 \u0259m\u0259kda\u015fl\u0131q \u0259zmind\u0259 oldu\u011funu bildirib","datePublished":"2018-04-27T19:53:32+00:00","mainEntityOfPage":{"@id":"https:\/\/www.meydan.tv\/az\/article\/tramp-ilham-eliyeve-emekdasliq-ezminde-oldugunu-bildirib\/"},"wordCount":1285,"publisher":{"@id":"https:\/\/www.meydan.tv\/az\/#organization"},"image":{"@id":"https:\/\/www.meydan.tv\/az\/article\/tramp-ilham-eliyeve-emekdasliq-ezminde-oldugunu-bildirib\/#primaryimage"},"thumbnailUrl":"https:\/\/www.meydan.tv\/wp-content\/uploads\/40798.jpg","articleSection":["Analitika"],"inLanguage":"az"},{"@type":"WebPage","@id":"https:\/\/www.meydan.tv\/az\/article\/tramp-ilham-eliyeve-emekdasliq-ezminde-oldugunu-bildirib\/","url":"https:\/\/www.meydan.tv\/az\/article\/tramp-ilham-eliyeve-emekdasliq-ezminde-oldugunu-bildirib\/","name":"Tramp \u0130lham \u018fliyev\u0259 \u0259m\u0259kda\u015fl\u0131q \u0259zmind\u0259 oldu\u011funu bildirib - MEYDAN.TV","isPartOf":{"@id":"https:\/\/www.meydan.tv\/az\/#website"},"primaryImageOfPage":{"@id":"https:\/\/www.meydan.tv\/az\/article\/tramp-ilham-eliyeve-emekdasliq-ezminde-oldugunu-bildirib\/#primaryimage"},"image":{"@id":"https:\/\/www.meydan.tv\/az\/article\/tramp-ilham-eliyeve-emekdasliq-ezminde-oldugunu-bildirib\/#primaryimage"},"thumbnailUrl":"https:\/\/www.meydan.tv\/wp-content\/uploads\/40798.jpg","datePublished":"2018-04-27T19:53:32+00:00","breadcrumb":{"@id":"https:\/\/www.meydan.tv\/az\/article\/tramp-ilham-eliyeve-emekdasliq-ezminde-oldugunu-bildirib\/#breadcrumb"},"inLanguage":"az","potentialAction":[{"@type":"ReadAction","target":["https:\/\/www.meydan.tv\/az\/article\/tramp-ilham-eliyeve-emekdasliq-ezminde-oldugunu-bildirib\/"]}]},{"@type":"ImageObject","inLanguage":"az","@id":"https:\/\/www.meydan.tv\/az\/article\/tramp-ilham-eliyeve-emekdasliq-ezminde-oldugunu-bildirib\/#primaryimage","url":"https:\/\/www.meydan.tv\/wp-content\/uploads\/40798.jpg","contentUrl":"https:\/\/www.meydan.tv\/wp-content\/uploads\/40798.jpg","width":850,"height":450,"caption":"Source:"},{"@type":"BreadcrumbList","@id":"https:\/\/www.meydan.tv\/az\/article\/tramp-ilham-eliyeve-emekdasliq-ezminde-oldugunu-bildirib\/#breadcrumb","itemListElement":[{"@type":"ListItem","position":1,"name":"Ana s\u0259hif\u0259","item":"https:\/\/www.meydan.tv\/az\/"},{"@type":"ListItem","position":2,"name":"Analitika","item":"https:\/\/www.meydan.tv\/az\/section\/analitika\/"},{"@type":"ListItem","position":3,"name":"Tramp \u0130lham \u018fliyev\u0259 \u0259m\u0259kda\u015fl\u0131q \u0259zmind\u0259 oldu\u011funu bildirib"}]},{"@type":"WebSite","@id":"https:\/\/www.meydan.tv\/az\/#website","url":"https:\/\/www.meydan.tv\/az\/","name":"MEYDAN.TV","description":"Meydan TV Az\u0259rbaycan\u0131n media m\u0259kan\u0131ndak\u0131 alternativ s\u0259sidir","publisher":{"@id":"https:\/\/www.meydan.tv\/az\/#organization"},"potentialAction":[{"@type":"SearchAction","target":{"@type":"EntryPoint","urlTemplate":"https:\/\/www.meydan.tv\/az\/?s={search_term_string}"},"query-input":{"@type":"PropertyValueSpecification","valueRequired":true,"valueName":"search_term_string"}}],"inLanguage":"az"},{"@type":"Organization","@id":"https:\/\/www.meydan.tv\/az\/#organization","name":"Meydan TV","url":"https:\/\/www.meydan.tv\/az\/","logo":{"@type":"ImageObject","inLanguage":"az","@id":"https:\/\/www.meydan.tv\/az\/#\/schema\/logo\/image\/","url":"https:\/\/www.meydan.tv\/wp-content\/uploads\/2021\/07\/meydan-logo.svg","contentUrl":"https:\/\/www.meydan.tv\/wp-content\/uploads\/2021\/07\/meydan-logo.svg","width":195,"height":46,"caption":"Meydan TV"},"image":{"@id":"https:\/\/www.meydan.tv\/az\/#\/schema\/logo\/image\/"}},{"@type":"Person","@id":"https:\/\/www.meydan.tv\/az\/#\/schema\/person\/10d11eccf6da3662cf5fdab9806ea91a","name":"user-manager"}]}},"_links":{"self":[{"href":"https:\/\/www.meydan.tv\/az\/wp-json\/wp\/v2\/posts\/189747","targetHints":{"allow":["GET"]}}],"collection":[{"href":"https:\/\/www.meydan.tv\/az\/wp-json\/wp\/v2\/posts"}],"about":[{"href":"https:\/\/www.meydan.tv\/az\/wp-json\/wp\/v2\/types\/post"}],"author":[{"embeddable":true,"href":"https:\/\/www.meydan.tv\/az\/wp-json\/wp\/v2\/users\/11"}],"replies":[{"embeddable":true,"href":"https:\/\/www.meydan.tv\/az\/wp-json\/wp\/v2\/comments?post=189747"}],"version-history":[{"count":0,"href":"https:\/\/www.meydan.tv\/az\/wp-json\/wp\/v2\/posts\/189747\/revisions"}],"wp:featuredmedia":[{"embeddable":true,"href":"https:\/\/www.meydan.tv\/az\/wp-json\/wp\/v2\/media\/102870"}],"wp:attachment":[{"href":"https:\/\/www.meydan.tv\/az\/wp-json\/wp\/v2\/media?parent=189747"}],"wp:term":[{"taxonomy":"category","embeddable":true,"href":"https:\/\/www.meydan.tv\/az\/wp-json\/wp\/v2\/categories?post=189747"},{"taxonomy":"post_tag","embeddable":true,"href":"https:\/\/www.meydan.tv\/az\/wp-json\/wp\/v2\/tags?post=189747"}],"curies":[{"name":"wp","href":"https:\/\/api.w.org\/{rel}","templated":true}]}}