{"id":189742,"date":"2018-04-27T15:26:02","date_gmt":"2018-04-27T15:26:02","guid":{"rendered":"https:\/\/www.meydan.tv\/article\/issizler-ve-isaxtaranlarla-bagli-yeni-qanun-ne-deyir\/"},"modified":"2018-04-27T15:26:02","modified_gmt":"2018-04-27T15:26:02","slug":"issizler-ve-isaxtaranlarla-bagli-yeni-qanun-ne-deyir","status":"publish","type":"post","link":"https:\/\/www.meydan.tv\/az\/article\/issizler-ve-isaxtaranlarla-bagli-yeni-qanun-ne-deyir\/","title":{"rendered":"\u0130\u015fsizl\u0259r v\u0259 i\u015faxtaranlarla ba\u011fl\u0131 yeni qanun n\u0259 deyir?"},"content":{"rendered":"<figure class=\"wp-block-image size-large\">\n  <img decoding=\"async\" src=\"https:\/\/www.meydan.tv\/az\/milli-meclis\/\" alt=\"Milli M\u0259clis\" class=\"wp-image-95372\"\/><figcaption>\n    Milli M\u0259clis<br \/>\n  <\/figcaption><\/figure>\n<p>\n  <i><br \/>\n    R\u00f6v\u015f\u0259n A\u011fayev: &#8221;Qanunvericilikd\u0259 l\u0259yaq\u0259tli m\u0259\u015f\u011fulluq anlay\u0131\u015f\u0131 yoxdur&#8221;<br \/>\n  <\/i>\n<\/p>\n<p>\n  Sona \u00e7atan h\u0259ft\u0259d\u0259 Milli M\u0259clisd\u0259 \u018fm\u0259k v\u0259 sosial siyas\u0259t komit\u0259sinin s\u0259dri Hadi R\u0259c\u0259blinin t\u0259qdim etdiyi \u201cM\u0259\u015f\u011fulluq haqq\u0131nda\u201d qanun layih\u0259si diqq\u0259td\u0259n k\u0259nar qald\u0131.\n<\/p>\n<p>\n  5 f\u0259sil, 34 madd\u0259d\u0259n ibar\u0259t qanun layih\u0259sind\u0259 i\u015faxtaran v\u0259 i\u015fsiz \u015f\u0259xsl\u0259rin m\u00fcvafiq icra hakimiyy\u0259ti orqan\u0131nda qeydiyyata al\u0131nmas\u0131 qaydas\u0131 tamamil\u0259 yenid\u0259n m\u00fc\u0259yy\u0259n edilib.\n<\/p>\n<p>\n  Bildirilib ki, qeydiyyata al\u0131nma prosedurunun elektron qeydiyyat \u00fcz\u0259rind\u0259 h\u0259yata ke\u00e7irilm\u0259si n\u0259z\u0259rd\u0259 tutulur. \u0130\u015fsiz \u015f\u0259xsl\u0259rin \u00f6z\u00fcn\u0259m\u0259\u015f\u011fullu\u011funun t\u0259\u015fkili zaman\u0131 \u00fcnvanl\u0131 d\u00f6vl\u0259t sosial yard\u0131m\u0131 alan \u015f\u0259xsl\u0259r\u0259, \u0259lill\u0259r\u0259 v\u0259 sa\u011flaml\u0131q imkanlar\u0131 m\u0259hdud 18 ya\u015f\u0131nad\u0259k u\u015faqlara, bir ild\u0259n art\u0131q i\u015fsiz kimi qeydiyyatda olanlara, pensiya ya\u015f\u0131na iki ild\u0259n az qalan \u015f\u0259xsl\u0259r\u0259, c\u0259za\u00e7\u0259km\u0259 yerl\u0259rind\u0259n azad edilmi\u015f i\u015fsiz \u015f\u0259xsl\u0259r\u0259 \u00fcst\u00fcnl\u00fck veril\u0259c\u0259k.\n<\/p>\n<p>\n  \u0130lk d\u0259f\u0259 olaraq i\u015faxtaran v\u0259 i\u015fsiz \u015f\u0259xsl\u0259r\u0259 \u0259vv\u0259lc\u0259 vakansiya bank\u0131ndan m\u00fcnasib i\u015fin onlar t\u0259r\u0259find\u0259n se\u00e7ilm\u0259si h\u00fcququ verilir. Onlar bu h\u00fcquqdan istifad\u0259 etm\u0259dikd\u0259 is\u0259 bu, sistem t\u0259r\u0259find\u0259n edilir. M\u00fcnasib i\u015f t\u0259klifi \u00fczr\u0259 m\u00fcdd\u0259t is\u0259 11 g\u00fcnd\u0259n 5 g\u00fcn\u0259 endirilir.\n<\/p>\n<p>\n  Layih\u0259d\u0259 aktiv m\u0259\u015f\u011fulluq t\u0259dbirl\u0259rind\u0259n biri hesab olunan v\u0259 haz\u0131rda t\u0259tbiqin\u0259 \u00f6n\u0259m veril\u0259n \u00f6z\u00fcn\u0259 m\u0259\u015f\u011fullu\u011fa dair yeni madd\u0259 daxil edilib. \u00c7\u00fcnki haz\u0131rda qanunda bu t\u0259dbiri t\u0259nziml\u0259y\u0259n m\u00fcvafiq madd\u0259 yoxdur. Yeni madd\u0259 il\u0259 \u00f6z\u00fcn\u0259 m\u0259\u015f\u011fulluq t\u0259dbirl\u0259rinin m\u0259rh\u0259l\u0259l\u0259ri v\u0259 m\u00fcdd\u0259tl\u0259ri monitorinq, \u0259mlaklar\u0131n qaytar\u0131lmas\u0131 v\u0259 s. prosedurlar m\u00fc\u0259yy\u0259n edilib. Layih\u0259y\u0259 \u0259sas\u0259n, m\u00fclkiyy\u0259tind\u0259 k\u0259nd t\u0259s\u0259rr\u00fcfat\u0131na yararl\u0131 torpaq pay\u0131 olub, dig\u0259r m\u0259\u015f\u011fullu\u011fu olmayan \u015f\u0259xsl\u0259r d\u0259, m\u00fcvafiq \u015f\u0259xsl\u0259rin \u00fcmumi say\u0131n\u0131n 50 faizind\u0259n \u00e7ox olmamaq \u015f\u0259rtil\u0259, \u00f6z\u00fcn\u0259m\u0259\u015f\u011fullu\u011fa c\u0259lb edilirl\u0259r.\n<\/p>\n<p>\n  Layih\u0259d\u0259 i\u015faxtaran v\u0259 i\u015fsiz \u015f\u0259xsl\u0259rin sosial t\u0259minatlar\u0131na \u0259lav\u0259l\u0259r edilib, pe\u015f\u0259 haz\u0131rl\u0131\u011f\u0131 d\u00f6vr\u00fcnd\u0259 i\u015fsiz \u015f\u0259xs\u0259 m\u00fcvafiq icra hakimiyy\u0259ti orqan\u0131n\u0131n m\u00fc\u0259yy\u0259n etdiyi minimum ayl\u0131q \u0259m\u0259khaqq\u0131 m\u0259bl\u0259\u011find\u0259 t\u0259qa\u00fcd veril\u0259c\u0259yi n\u0259z\u0259rd\u0259 tutulub. Bu m\u0259bl\u0259\u011f haz\u0131rk\u0131 m\u0259bl\u0259\u011fd\u0259n (75 manat) 1.7 d\u0259f\u0259 \u00e7oxdur.\n<\/p>\n<p>\n  Layih\u0259 il\u0259 ba\u011fl\u0131 \u00e7\u0131x\u0131\u015f ed\u0259n \u0259m\u0259k v\u0259 \u0259halinin sosial m\u00fcdafi\u0259 nazirinin m\u00fcavini \u0130dris \u0130sayev deyib ki, qanun q\u0259bul olunarsa, d\u00f6vl\u0259t hans\u0131 i\u015f yerin\u0259 g\u00f6nd\u0259r\u0259c\u0259ks\u0259, \u0259m\u0259k haqq\u0131n\u0131n 50 faizini qar\u015f\u0131layacaq:\n<\/p>\n<p>\n  \u201cBu qanun layih\u0259si \u0259vv\u0259lkind\u0259n \u0259h\u0259miyy\u0259tli d\u0259r\u0259c\u0259 f\u0259rqlidir. \u018fg\u0259r qanun q\u0259bul olunarsa, i\u015f axtaranlar t\u0259minat v\u0259 sosial m\u0259s\u0259l\u0259l\u0259ri h\u0259ll etm\u0259k imkan\u0131 \u0259ld\u0259 ed\u0259c\u0259k\u201d.\n<\/p>\n<p>\n  Layih\u0259nin birinci oxunu\u015fda q\u0259bul edildiyi bildirilib.\n<\/p>\n<blockquote><p>\n  S\u0259n\u0259dd\u0259 texniki yenilikl\u0259r daha \u00e7oxdur, n\u0259inki m\u0259zmun v\u0259 f\u0259ls\u0259fi\n<\/p><\/blockquote>\n<p>\n  Meydan TV layih\u0259 il\u0259 ba\u011fl\u0131 iqtisad\u00e7\u0131 R\u00f6v\u015f\u0259n A\u011fayev\u0259 sor\u011fu g\u00f6nd\u0259rib.\n<\/p>\n<p>\n  R\u00f6v\u015f\u0259n A\u011fayev layih\u0259ni \u0259vv\u0259lki s\u0259n\u0259dl\u0259 m\u00fcqayis\u0259 etm\u0259kl\u0259 b\u0259rab\u0259r Beyn\u0259lxalq \u018fm\u0259k T\u0259\u015fkilat\u0131n\u0131n v\u0259 bir s\u0131ra \u00f6lk\u0259l\u0259rin m\u0259\u015f\u011fulluq bar\u0259d\u0259 s\u0259n\u0259dl\u0259rin\u0259 d\u0259 n\u0259z\u0259r yetirdiyini deyib.\n<\/p>\n<p>\n  \u201c\u018fg\u0259r k\u00f6hn\u0259 qanundan imtina olunub yenisi t\u0259qdim edilirs\u0259, qanunun f\u0259ls\u0259f\u0259si tamam d\u0259yi\u015fm\u0259lidir v\u0259 qanunun qar\u015f\u0131s\u0131na qoydu\u011fu m\u0259qs\u0259dl\u0259rd\u0259 fundamental d\u0259yi\u015fiklikl\u0259r olmal\u0131d\u0131r. Amma qanunun f\u0259ls\u0259f\u0259si d\u0259yi\u015fmirs\u0259, k\u00f6hn\u0259 qanuna d\u0259yi\u015fiklikl\u0259rl\u0259 d\u0259 s\u0259n\u0259di yenil\u0259m\u0259k m\u00fcmk\u00fcnd\u00fcr. Beyn\u0259lxalq \u018fm\u0259k T\u0259\u015fkilat\u0131n\u0131n l\u0259yaq\u0259tli i\u015f yeri, m\u0259\u015f\u011fulluq termini var, s\u00f6hb\u0259t v\u0259t\u0259nda\u015f\u0131n sa\u011flaml\u0131\u011f\u0131na z\u0259r\u0259r vurmayan, eyni zamanda, l\u0259yaq\u0259tli h\u0259yat \u015f\u0259raiti qurmaq \u00fc\u00e7\u00fcn maddi imkanlar yaradan, \u0259m\u0259khaqq\u0131 t\u0259min ed\u0259n i\u015f yerl\u0259rind\u0259n gedir. T\u0259\u0259ss\u00fcf ki, n\u0259 \u0259vv\u0259lki, n\u0259 d\u0259 indiki qanunvericilikd\u0259 l\u0259yaq\u0259tli m\u0259\u015f\u011fulluq anlay\u0131\u015f\u0131 yoxdur. H\u00f6kum\u0259t t\u0259kc\u0259 m\u0259\u015f\u011fullu\u011fu yox, l\u0259yaq\u0259tli m\u0259\u015f\u011fullu\u011fu t\u0259min etm\u0259yi h\u0259d\u0259f g\u00f6t\u00fcrm\u0259lidir. T\u0259qdim olunan s\u0259n\u0259dd\u0259 texniki yenilikl\u0259r daha \u00e7oxdur, n\u0259inki m\u0259zmun v\u0259 f\u0259ls\u0259fi. Teniki yenilik odur ki, i\u015fsizlik v\u0259 m\u0259\u015f\u011fulluqla ba\u011fl\u0131 bir \u00e7ox m\u0259s\u0259l\u0259 elektron xidm\u0259t hal\u0131na ke\u00e7ib. M\u0259s\u0259l\u0259n, i\u015fsizl\u0259r elektron \u015f\u0259kild\u0259 m\u00fcraci\u0259t ed\u0259c\u0259k, \u0259vv\u0259lki kimi idar\u0259y\u0259 g\u0259lib \u0259riz\u0259 verm\u0259y\u0259c\u0259k. Yaxud h\u0259r bir m\u00fc\u0259ssis\u0259nin i\u015f\u00e7il\u0259ri haqda elektron baza olacaq. \u0130kinci yenilik anlay\u0131\u015flar hiss\u0259sinin geni\u015fl\u0259nm\u0259sidir, \u0259vv\u0259lki qanunda 9 anlay\u0131\u015f oldu\u011fu halda bu d\u0259f\u0259 24 anlay\u0131\u015f daxil edilib. Amma bunlar\u0131n bir \u00e7oxu yeni deyil, sosial m\u00fcdafi\u0259y\u0259 ehtiyac\u0131 olan \u015f\u0259xsl\u0259r hiss\u0259si \u0259vv\u0259lki qanunda a\u00e7\u0131lmam\u0131\u015fd\u0131, bu d\u0259f\u0259 geni\u015f yer verilib. K\u00f6hn\u0259 qanunda qeyri-formal, \u00f6z\u00fcn\u00fcm\u0259\u015f\u011fulluq anlay\u0131\u015flar\u0131 yox idi, halbuki, vacib m\u0259qamlard\u0131r, yeni qanuna sal\u0131blar. Ba\u015fqa bir vacib m\u0259qam \u0259m\u0259k yarmarkalar\u0131 haqdad\u0131r, q\u00fcvv\u0259d\u0259 olan qanunda bu bar\u0259d\u0259 he\u00e7 bir m\u00fcdd\u0259a yoxdur, art\u0131q bu d\u0259f\u0259 \u0259m\u0259k yarmarkalar\u0131n\u0131n t\u0259\u015fkili haqda m\u00fcdd\u0259a daxil edilib. \u00dcmum\u0259n g\u00f6t\u00fcrd\u00fckd\u0259 texniki bax\u0131mdan yeni qanunda xeyli m\u0259s\u0259l\u0259l\u0259r \u0259ksini tap\u0131b\u201d.\n<\/p>\n<blockquote><p>\n  Qanunda i\u015fsizliyin obyektiv \u00f6l\u00e7\u00fclm\u0259sinin meyarlar\u0131, prinsipl\u0259ri m\u00fctl\u0259q \u0259ksini tapmal\u0131yd\u0131\n<\/p><\/blockquote>\n<p>\n  \u0130qtisad\u00e7\u0131 bildirib ki, \u0259g\u0259r qanun, normativ akt s\u0259m\u0259r\u0259li siyas\u0259t\u0259 effektiv t\u0259minat vermirs\u0259, m\u00fcsb\u0259t qiym\u0259tl\u0259ndiril\u0259 bilm\u0259z:\n<\/p>\n<figure class=\"wp-block-image size-large\">\n  <img decoding=\"async\" src=\"https:\/\/www.meydan.tv\/az\/rovsen-agayev-6\/\" alt=\"R\u00f6v\u015f\u0259n A\u011fayev\" class=\"wp-image-100149\"\/><figcaption>\n    R\u00f6v\u015f\u0259n A\u011fayev<br \/>\n  <\/figcaption><\/figure>\n<p>\n  \u201cBirinci, h\u00f6kum\u0259t l\u0259yaq\u0259tli i\u015f yeri yox, \u00e7oxlu i\u015f yeri a\u00e7mas\u0131 t\u0259bli\u011fat\u0131n\u0131 apar\u0131r. Amma i\u015f yerl\u0259rinin \u00e7oxunun Beyn\u0259lxalq \u018fm\u0259k T\u0259\u015fkilat\u0131n\u0131n l\u0259yaq\u0259tli m\u0259\u015f\u011fulluq standart\u0131na uy\u011fun g\u0259lm\u0259si haqda dan\u0131\u015f\u0131lm\u0131r. \u018fg\u0259r t\u0259qdim olunan qanunda bu h\u0259d\u0259f g\u00f6t\u00fcr\u00fcls\u0259ydi, yeni bax\u0131\u015f kimi qiym\u0259tl\u0259ndiril\u0259rdi. \u0130kinci, i\u015fsizl\u0259rin u\u00e7otu, haz\u0131rda i\u015fsizliyin miqyas\u0131 h\u00f6kum\u0259tin elan etdiyind\u0259n xeyli \u00e7oxdur. R\u0259q\u0259m dem\u0259k \u00e7\u0259tin olsa da, t\u0259hlill\u0259r v\u0259 iqtisadi g\u00f6st\u0259ricil\u0259rin m\u00fcqayis\u0259si potensial i\u015f\u00e7i q\u00fcvv\u0259sinin \u00f6lk\u0259y\u0259 \u00f6z t\u00f6hf\u0259sini verm\u0259diyi ortal\u0131\u011fa \u00e7\u0131x\u0131r. Sual yaran\u0131r, yeni qanunvericilik i\u015fsizliyin obyektivlik \u00f6l\u00e7\u00fclm\u0259sin\u0259 t\u0259sir g\u00f6st\u0259r\u0259c\u0259kmi? Qanunda i\u015fsizliyin obyektiv \u00f6l\u00e7\u00fclm\u0259sinin meyarlar\u0131, prinsipl\u0259ri m\u00fctl\u0259q \u0259ksini tapmal\u0131yd\u0131. T\u0259\u0259ss\u00fcf ki, yeni qanunda bu bar\u0259d\u0259 he\u00e7 n\u0259 yoxdur\u201d.\n<\/p>\n<blockquote><p>\n  Torpaq minimum \u0259m\u0259khaqq\u0131 s\u0259viyy\u0259sind\u0259 qazanc vermirs\u0259, insan nec\u0259 m\u0259\u015f\u011ful say\u0131la bil\u0259r?!\n<\/p><\/blockquote>\n<p>\n  \u0130qtisad\u00e7\u0131 xat\u0131rlad\u0131b ki, 1996-c\u0131 il \u201cTorpaq islahat\u0131 haqq\u0131nda\u201d qanunun t\u0259l\u0259bin\u0259 \u0259sas\u0259n pay alan 1,3 milyondan \u00e7ox insan q\u00fcvv\u0259d\u0259 olan qanuna \u0259sas\u0259n i\u015fsiz say\u0131la bilm\u0259z. Y\u0259ni kimins\u0259 ad\u0131nda torpaq pay\u0131 varsa, art\u0131q, o, m\u0259\u015f\u011ful say\u0131l\u0131r:\n<\/p>\n<p>\n  \u201cM\u0259s\u0259l\u0259 ondad\u0131r ki, 10 sot torpaq v\u0259 1 hektar alan insan da var, c\u0259nub regionlar\u0131nda 4 n\u0259f\u0259rd\u0259n ibar\u0259t bir ail\u0259y\u0259 yar\u0131m hektar torpaq d\u00fc\u015f\u00fcb. \u015eimal regionlar\u0131nda is\u0259 adamba\u015f\u0131na 1 hektar torpaq d\u00fc\u015f\u00fcb, bu da 5 n\u0259f\u0259rlik ail\u0259y\u0259 5 hektar dem\u0259kdir. Y\u0259ni birin 10-a nisb\u0259tind\u0259 torpaqlar\u0131n h\u0259cmind\u0259 f\u0259rq var. Sual yaran\u0131r; yar\u0131m hektar torpa\u011f\u0131 olan 5 n\u0259f\u0259r ail\u0259y\u0259 h\u00f6kum\u0259tin t\u0259klifi n\u0259dir ki, onlar\u0131n adamba\u015f\u0131na qazanclar\u0131 minimum \u0259m\u0259khaqq\u0131 s\u0259viyy\u0259sind\u0259 olsun? Yar\u0131m hektarda tax\u0131l \u0259k\u0259c\u0259k, tax\u0131l\u0131n Az\u0259rbaycan reall\u0131\u011f\u0131nda \u0259n ideal m\u0259hsuldarl\u0131\u011f\u0131 4 tondur, bunun bir hektar\u0131n\u0131n x\u0259rci \u0259n az\u0131 400 manatd\u0131r v\u0259 yar\u0131m hektardan 2 ton tax\u0131l \u0259ld\u0259 etm\u0259k m\u00fcmk\u00fcnd\u00fcr. Bazar qiym\u0259ti il\u0259 bu, 600 manatd\u0131r, 200 manat\u0131 x\u0259rcl\u0259r\u0259 \u00e7\u0131xanda yerd\u0259 400 manat qal\u0131r, 5 n\u0259f\u0259rlik ail\u0259nin adamba\u015f\u0131na 80 manat dem\u0259kdir v\u0259 bunu 12 aya adamba\u015f\u0131na b\u00f6l\u0259nd\u0259 8 manat d\u00fc\u015f\u00fcr. Yaxud yar\u0131m hektarda bostan m\u0259hsullar\u0131 \u0259ksinl\u0259r, \u0259n yax\u015f\u0131 halda 1000-1200 manat qazanc g\u00f6t\u00fcr\u0259 bil\u0259r, onun da x\u0259rcl\u0259rini \u00e7\u0131xanda 700-800 manat qal\u0131r. Bel\u0259likl\u0259, bunu 5 n\u0259f\u0259rlik ail\u0259y\u0259 b\u00f6l\u0259nd\u0259 aya 16-17 manat d\u00fc\u015f\u00fcr. G\u0259r\u0259k, yeni qanunu haz\u0131rlayan m\u00fct\u0259x\u0259ssisl\u0259r bu m\u0259s\u0259l\u0259l\u0259r\u0259 x\u00fcsusi diqq\u0259t yetirsin. S\u00f6hb\u0259t ondan gedir ki, torpaq minimum \u0259m\u0259khaqq\u0131 s\u0259viyy\u0259sind\u0259 qazanc vermirs\u0259, insan nec\u0259 m\u0259\u015f\u011ful say\u0131la bil\u0259r?! \u00dcmumiyy\u0259tl\u0259, normal \u00f6lk\u0259l\u0259rin k\u0259nd t\u0259s\u0259srr\u00fcfat\u0131nda i\u015fsizlikl\u0259, qeyri-k\u0259nd t\u0259s\u0259rr\u00fcfat\u0131nda m\u0259\u015f\u011fulluq bir-birind\u0259n ayr\u0131l\u0131r. \u00c7\u00fcnki k\u0259nd t\u0259s\u0259rr\u00fcfat\u0131 m\u00f6vs\u00fcm\u00fc f\u0259aliyy\u0259tdir, insanlar ilin 3-4 ay\u0131n\u0131 i\u015fl\u0259yir. Tax\u0131l \u0259k\u0259nl\u0259r oktyabrda s\u0259pin\u0259 ba\u015flay\u0131r, iyulda ba\u015fa \u00e7atd\u0131r\u0131r. Ona g\u00f6r\u0259 i\u015fsizliyin miqyas\u0131 qeyri-k\u0259nd t\u0259s\u0259rr\u00fcfat\u0131 sektoru \u00fczr\u0259 elan olunur. Yeni qanunvericiliy\u0259 bu m\u0259s\u0259l\u0259nin daxil edilm\u0259si ona g\u00f6r\u0259 vacibdir ki, obyektiv m\u0259\u015f\u011fulluq siyas\u0259ti i\u015fl\u0259nsin, h\u00f6kum\u0259t i\u015fsizlik g\u00f6st\u0259ricisin\u0259 siyasi bir g\u00f6st\u0259rici kimi yana\u015fmad\u0131\u011f\u0131n\u0131 v\u0259 real miqyas\u0131 bilm\u0259k ist\u0259diyini n\u00fcmayi\u015f etdirsin. Bel\u0259likl\u0259, yeni qanunda m\u0259\u015f\u011fulluq v\u0259 i\u015fsizlik sah\u0259sind\u0259 probleml\u0259r\u0259 d\u00fczg\u00fcn diaqnostika qoymaq t\u0259\u015f\u0259bb\u00fcs\u00fc g\u00f6r\u00fcnm\u00fcr\u201d.\n<\/p>\n<blockquote><p>\n  S\u0259n\u0259dd\u0259 m\u00fcnasib i\u015f yeri anlay\u0131\u015f\u0131 manimulyasiya imkan\u0131 yarad\u0131r\n<\/p><\/blockquote>\n<p>\n  R\u00f6v\u015f\u0259n A\u011fayev deyib ki, m\u00fcnasib i\u015f yeri anlay\u0131\u015f\u0131 var, i\u015f\u00e7inin sa\u011flaml\u0131\u011f\u0131na t\u0259hl\u00fck\u0259 t\u00f6r\u0259tm\u0259y\u0259n v\u0259 n\u0259qliyyatla gedi\u015f-g\u0259li\u015fi \u0259lveri\u015fli olan i\u015f yeri:\n<\/p>\n<figure class=\"wp-block-image size-large\">\n  <img decoding=\"async\" src=\"https:\/\/www.meydan.tv\/az\/102840\/\" alt=\"\" class=\"wp-image-102840\"\/><figcaption><\/figcaption><\/figure>\n<p>\n  \u201cM\u00fc\u0259yy\u0259n kateqoriya insanlara m\u00fcnasib i\u015f yeri t\u0259klif olunmursa, onlar avtomatik i\u015fsiz statusu al\u0131r. Qanunda bu anlay\u0131\u015f d\u00fczg\u00fcn interpretasiya olunmayanda, manimulyasiya imkan\u0131 yarad\u0131r. Q\u00fcvv\u0259d\u0259 olan v\u0259 t\u0259qdim olunan layih\u0259y\u0259 g\u00f6r\u0259, m\u00fcvafiq icra hakimiyy\u0259ti m\u00fcnasib i\u015f yeri dedikd\u0259 v\u0259t\u0259nda\u015f\u0131n g\u00fcn \u0259rzind\u0259 i\u015f yerin\u0259 gedib-g\u0259lm\u0259y\u0259 vaxt s\u0259rf etdiyini \u00f6z\u00fc m\u00fc\u0259yy\u0259nl\u0259\u015fdir\u0259c\u0259k. Normal \u00f6lk\u0259l\u0259r bu m\u0259s\u0259l\u0259ni icra hakimiyy\u0259tinin \u00fcz\u0259rin\u0259 buraxm\u0131r, qanunla m\u00fc\u0259yy\u0259nl\u0259\u015fdirir. Baltik respublikalar\u0131nda 3 saat insanlar \u00fc\u00e7\u00fcn m\u00fcnasib say\u0131l\u0131r. 8 ya\u015f\u0131na q\u0259d\u0259r u\u015fa\u011f\u0131 olan analara is\u0259 2 saat m\u00fc\u0259yy\u0259nl\u0259\u015fib. \u018fg\u0259r 3 saatdan \u00e7ox vaxt s\u0259rf edibs\u0259, art\u0131q m\u00fcnasib i\u015f yeri say\u0131lm\u0131r\u201d.\n<\/p>\n<p>\n  R\u00f6v\u015f\u0259n A\u011fayev \u0259m\u0259k v\u0259 \u0259halinin sosial m\u00fcdafi\u0259 nazirinin m\u00fcavini \u0130dris \u0130sayevin \u201cqanun q\u0259bul olunarsa, d\u00f6vl\u0259t hans\u0131 i\u015f yerin\u0259 g\u00f6nd\u0259r\u0259c\u0259ks\u0259, \u0259m\u0259k haqq\u0131n\u0131n 50 faizini qar\u015f\u0131layacaq. Bu qanun layih\u0259si \u0259vv\u0259lkind\u0259n \u0259h\u0259miyy\u0259tli d\u0259r\u0259c\u0259 f\u0259rqlidir\u201d fikrini bel\u0259 \u015f\u0259rh edir:\n<\/p>\n<p>\n  \u201cT\u0259qdim olunan qanunda yenilikl\u0259rd\u0259n biri d\u0259 sosial i\u015f yeri anlay\u0131\u015f\u0131d\u0131r. S\u0259n\u0259din 1.19 madd\u0259sin\u0259 g\u00f6r\u0259 azt\u0259minatl\u0131lar, m\u0259cburi k\u00f6\u00e7k\u00fcnl\u0259ri, \u015f\u0259hid ail\u0259l\u0259rini, 18 ya\u015f\u0131na q\u0259d\u0259r fiziki imkan\u0131 m\u0259hdud olan \u015f\u0259xsl\u0259ri m\u00fc\u0259ssis\u0259 i\u015f\u0259 g\u00f6t\u00fcr\u0259rs\u0259, onun orta ayl\u0131q \u0259m\u0259khaqq\u0131ndan \u00e7ox olmayan maa\u015f\u0131n\u0131n 50 faizini bir m\u00fcdd\u0259t d\u00f6vl\u0259t \u00f6d\u0259y\u0259c\u0259k. Ayr\u0131-ayr\u0131 \u00f6lk\u0259l\u0259rd\u0259 buna i\u015f yerl\u0259rinin subsidiyala\u015fmas\u0131 deyilir. Baltik \u00f6lk\u0259l\u0259rini misal \u00e7\u0259km\u0259k olar, b\u0259zi respublikalarda 3 ya\u015fa q\u0259d\u0259r u\u015fa\u011f\u0131 olan, amma i\u015fl\u0259m\u0259k ehtiyac\u0131 olan analar da daxildir. D\u00f6vl\u0259t m\u00fc\u0259ssis\u0259l\u0259r\u0259 sosial i\u015f yerl\u0259ri a\u00e7ma\u011f\u0131 t\u0259klif edir v\u0259 maa\u015f\u0131 bir m\u00fcdd\u0259t \u00f6z\u00fc verir. O bax\u0131mdan normald\u0131r\u201d.<\/p>\n","protected":false},"excerpt":{"rendered":"<p>R\u00f6v\u015f\u0259n A\u011fayev: &#8221;Qanunvericilikd\u0259 l\u0259yaq\u0259tli m\u0259\u015f\u011fulluq anlay\u0131\u015f\u0131 yoxdur&#8221;<\/p>\n","protected":false},"author":11,"featured_media":95372,"comment_status":"closed","ping_status":"open","sticky":false,"template":"","format":"standard","meta":{"_acf_changed":false,"_sitemap_exclude":false,"_sitemap_priority":"","_sitemap_frequency":"","footnotes":""},"categories":[51],"tags":[],"class_list":["post-189742","post","type-post","status-publish","format-standard","has-post-thumbnail","hentry","category-analitika","infinite-scroll-item","generate-columns","tablet-grid-50","mobile-grid-100","grid-parent","grid-33","no-featured-image-padding"],"acf":[],"yoast_head":"<!-- This site is optimized with the Yoast SEO plugin v27.4 - https:\/\/yoast.com\/product\/yoast-seo-wordpress\/ -->\n<title>\u0130\u015fsizl\u0259r v\u0259 i\u015faxtaranlarla ba\u011fl\u0131 yeni qanun n\u0259 deyir? - MEYDAN.TV<\/title>\n<meta name=\"robots\" content=\"index, follow, max-snippet:-1, max-image-preview:large, max-video-preview:-1\" \/>\n<link rel=\"canonical\" href=\"https:\/\/www.meydan.tv\/az\/article\/issizler-ve-isaxtaranlarla-bagli-yeni-qanun-ne-deyir\/\" \/>\n<meta property=\"og:locale\" content=\"az_AZ\" \/>\n<meta property=\"og:type\" content=\"article\" \/>\n<meta property=\"og:title\" content=\"\u0130\u015fsizl\u0259r v\u0259 i\u015faxtaranlarla ba\u011fl\u0131 yeni qanun n\u0259 deyir? - MEYDAN.TV\" \/>\n<meta property=\"og:description\" content=\"R\u00f6v\u015f\u0259n A\u011fayev: &#039;&#039;Qanunvericilikd\u0259 l\u0259yaq\u0259tli m\u0259\u015f\u011fulluq anlay\u0131\u015f\u0131 yoxdur&#039;&#039;\" \/>\n<meta property=\"og:url\" content=\"https:\/\/www.meydan.tv\/az\/article\/issizler-ve-isaxtaranlarla-bagli-yeni-qanun-ne-deyir\/\" \/>\n<meta property=\"og:site_name\" content=\"MEYDAN.TV\" \/>\n<meta property=\"article:published_time\" content=\"2018-04-27T15:26:02+00:00\" \/>\n<meta property=\"og:image\" content=\"https:\/\/www.meydan.tv\/wp-content\/uploads\/37682.jpg\" \/>\n\t<meta property=\"og:image:width\" content=\"1000\" \/>\n\t<meta property=\"og:image:height\" content=\"541\" \/>\n\t<meta property=\"og:image:type\" content=\"image\/jpeg\" \/>\n<meta name=\"author\" content=\"user-manager\" \/>\n<meta name=\"twitter:card\" content=\"summary_large_image\" \/>\n<script type=\"application\/ld+json\" class=\"yoast-schema-graph\">{\"@context\":\"https:\\\/\\\/schema.org\",\"@graph\":[{\"@type\":\"Article\",\"@id\":\"https:\\\/\\\/www.meydan.tv\\\/az\\\/article\\\/issizler-ve-isaxtaranlarla-bagli-yeni-qanun-ne-deyir\\\/#article\",\"isPartOf\":{\"@id\":\"https:\\\/\\\/www.meydan.tv\\\/az\\\/article\\\/issizler-ve-isaxtaranlarla-bagli-yeni-qanun-ne-deyir\\\/\"},\"author\":{\"name\":\"user-manager\",\"@id\":\"https:\\\/\\\/www.meydan.tv\\\/az\\\/#\\\/schema\\\/person\\\/10d11eccf6da3662cf5fdab9806ea91a\"},\"headline\":\"\u0130\u015fsizl\u0259r v\u0259 i\u015faxtaranlarla ba\u011fl\u0131 yeni qanun n\u0259 deyir?\",\"datePublished\":\"2018-04-27T15:26:02+00:00\",\"mainEntityOfPage\":{\"@id\":\"https:\\\/\\\/www.meydan.tv\\\/az\\\/article\\\/issizler-ve-isaxtaranlarla-bagli-yeni-qanun-ne-deyir\\\/\"},\"wordCount\":2128,\"publisher\":{\"@id\":\"https:\\\/\\\/www.meydan.tv\\\/az\\\/#organization\"},\"image\":{\"@id\":\"https:\\\/\\\/www.meydan.tv\\\/az\\\/article\\\/issizler-ve-isaxtaranlarla-bagli-yeni-qanun-ne-deyir\\\/#primaryimage\"},\"thumbnailUrl\":\"https:\\\/\\\/www.meydan.tv\\\/wp-content\\\/uploads\\\/37682.jpg\",\"articleSection\":[\"Analitika\"],\"inLanguage\":\"az\"},{\"@type\":\"WebPage\",\"@id\":\"https:\\\/\\\/www.meydan.tv\\\/az\\\/article\\\/issizler-ve-isaxtaranlarla-bagli-yeni-qanun-ne-deyir\\\/\",\"url\":\"https:\\\/\\\/www.meydan.tv\\\/az\\\/article\\\/issizler-ve-isaxtaranlarla-bagli-yeni-qanun-ne-deyir\\\/\",\"name\":\"\u0130\u015fsizl\u0259r v\u0259 i\u015faxtaranlarla ba\u011fl\u0131 yeni qanun n\u0259 deyir? - MEYDAN.TV\",\"isPartOf\":{\"@id\":\"https:\\\/\\\/www.meydan.tv\\\/az\\\/#website\"},\"primaryImageOfPage\":{\"@id\":\"https:\\\/\\\/www.meydan.tv\\\/az\\\/article\\\/issizler-ve-isaxtaranlarla-bagli-yeni-qanun-ne-deyir\\\/#primaryimage\"},\"image\":{\"@id\":\"https:\\\/\\\/www.meydan.tv\\\/az\\\/article\\\/issizler-ve-isaxtaranlarla-bagli-yeni-qanun-ne-deyir\\\/#primaryimage\"},\"thumbnailUrl\":\"https:\\\/\\\/www.meydan.tv\\\/wp-content\\\/uploads\\\/37682.jpg\",\"datePublished\":\"2018-04-27T15:26:02+00:00\",\"breadcrumb\":{\"@id\":\"https:\\\/\\\/www.meydan.tv\\\/az\\\/article\\\/issizler-ve-isaxtaranlarla-bagli-yeni-qanun-ne-deyir\\\/#breadcrumb\"},\"inLanguage\":\"az\",\"potentialAction\":[{\"@type\":\"ReadAction\",\"target\":[\"https:\\\/\\\/www.meydan.tv\\\/az\\\/article\\\/issizler-ve-isaxtaranlarla-bagli-yeni-qanun-ne-deyir\\\/\"]}]},{\"@type\":\"ImageObject\",\"inLanguage\":\"az\",\"@id\":\"https:\\\/\\\/www.meydan.tv\\\/az\\\/article\\\/issizler-ve-isaxtaranlarla-bagli-yeni-qanun-ne-deyir\\\/#primaryimage\",\"url\":\"https:\\\/\\\/www.meydan.tv\\\/wp-content\\\/uploads\\\/37682.jpg\",\"contentUrl\":\"https:\\\/\\\/www.meydan.tv\\\/wp-content\\\/uploads\\\/37682.jpg\",\"width\":1000,\"height\":541,\"caption\":\"Milli M\u0259clis\"},{\"@type\":\"BreadcrumbList\",\"@id\":\"https:\\\/\\\/www.meydan.tv\\\/az\\\/article\\\/issizler-ve-isaxtaranlarla-bagli-yeni-qanun-ne-deyir\\\/#breadcrumb\",\"itemListElement\":[{\"@type\":\"ListItem\",\"position\":1,\"name\":\"Ana s\u0259hif\u0259\",\"item\":\"https:\\\/\\\/www.meydan.tv\\\/az\\\/\"},{\"@type\":\"ListItem\",\"position\":2,\"name\":\"Analitika\",\"item\":\"https:\\\/\\\/www.meydan.tv\\\/az\\\/section\\\/analitika\\\/\"},{\"@type\":\"ListItem\",\"position\":3,\"name\":\"\u0130\u015fsizl\u0259r v\u0259 i\u015faxtaranlarla ba\u011fl\u0131 yeni qanun n\u0259 deyir?\"}]},{\"@type\":\"WebSite\",\"@id\":\"https:\\\/\\\/www.meydan.tv\\\/az\\\/#website\",\"url\":\"https:\\\/\\\/www.meydan.tv\\\/az\\\/\",\"name\":\"MEYDAN.TV\",\"description\":\"Meydan TV Az\u0259rbaycan\u0131n media m\u0259kan\u0131ndak\u0131 alternativ s\u0259sidir\",\"publisher\":{\"@id\":\"https:\\\/\\\/www.meydan.tv\\\/az\\\/#organization\"},\"potentialAction\":[{\"@type\":\"SearchAction\",\"target\":{\"@type\":\"EntryPoint\",\"urlTemplate\":\"https:\\\/\\\/www.meydan.tv\\\/az\\\/?s={search_term_string}\"},\"query-input\":{\"@type\":\"PropertyValueSpecification\",\"valueRequired\":true,\"valueName\":\"search_term_string\"}}],\"inLanguage\":\"az\"},{\"@type\":\"Organization\",\"@id\":\"https:\\\/\\\/www.meydan.tv\\\/az\\\/#organization\",\"name\":\"Meydan TV\",\"url\":\"https:\\\/\\\/www.meydan.tv\\\/az\\\/\",\"logo\":{\"@type\":\"ImageObject\",\"inLanguage\":\"az\",\"@id\":\"https:\\\/\\\/www.meydan.tv\\\/az\\\/#\\\/schema\\\/logo\\\/image\\\/\",\"url\":\"https:\\\/\\\/www.meydan.tv\\\/wp-content\\\/uploads\\\/2021\\\/07\\\/meydan-logo.svg\",\"contentUrl\":\"https:\\\/\\\/www.meydan.tv\\\/wp-content\\\/uploads\\\/2021\\\/07\\\/meydan-logo.svg\",\"width\":195,\"height\":46,\"caption\":\"Meydan TV\"},\"image\":{\"@id\":\"https:\\\/\\\/www.meydan.tv\\\/az\\\/#\\\/schema\\\/logo\\\/image\\\/\"}},{\"@type\":\"Person\",\"@id\":\"https:\\\/\\\/www.meydan.tv\\\/az\\\/#\\\/schema\\\/person\\\/10d11eccf6da3662cf5fdab9806ea91a\",\"name\":\"user-manager\"}]}<\/script>\n<!-- \/ Yoast SEO plugin. -->","yoast_head_json":{"title":"\u0130\u015fsizl\u0259r v\u0259 i\u015faxtaranlarla ba\u011fl\u0131 yeni qanun n\u0259 deyir? - MEYDAN.TV","robots":{"index":"index","follow":"follow","max-snippet":"max-snippet:-1","max-image-preview":"max-image-preview:large","max-video-preview":"max-video-preview:-1"},"canonical":"https:\/\/www.meydan.tv\/az\/article\/issizler-ve-isaxtaranlarla-bagli-yeni-qanun-ne-deyir\/","og_locale":"az_AZ","og_type":"article","og_title":"\u0130\u015fsizl\u0259r v\u0259 i\u015faxtaranlarla ba\u011fl\u0131 yeni qanun n\u0259 deyir? - MEYDAN.TV","og_description":"R\u00f6v\u015f\u0259n A\u011fayev: ''Qanunvericilikd\u0259 l\u0259yaq\u0259tli m\u0259\u015f\u011fulluq anlay\u0131\u015f\u0131 yoxdur''","og_url":"https:\/\/www.meydan.tv\/az\/article\/issizler-ve-isaxtaranlarla-bagli-yeni-qanun-ne-deyir\/","og_site_name":"MEYDAN.TV","article_published_time":"2018-04-27T15:26:02+00:00","og_image":[{"width":1000,"height":541,"url":"https:\/\/www.meydan.tv\/wp-content\/uploads\/37682.jpg","type":"image\/jpeg"}],"author":"user-manager","twitter_card":"summary_large_image","schema":{"@context":"https:\/\/schema.org","@graph":[{"@type":"Article","@id":"https:\/\/www.meydan.tv\/az\/article\/issizler-ve-isaxtaranlarla-bagli-yeni-qanun-ne-deyir\/#article","isPartOf":{"@id":"https:\/\/www.meydan.tv\/az\/article\/issizler-ve-isaxtaranlarla-bagli-yeni-qanun-ne-deyir\/"},"author":{"name":"user-manager","@id":"https:\/\/www.meydan.tv\/az\/#\/schema\/person\/10d11eccf6da3662cf5fdab9806ea91a"},"headline":"\u0130\u015fsizl\u0259r v\u0259 i\u015faxtaranlarla ba\u011fl\u0131 yeni qanun n\u0259 deyir?","datePublished":"2018-04-27T15:26:02+00:00","mainEntityOfPage":{"@id":"https:\/\/www.meydan.tv\/az\/article\/issizler-ve-isaxtaranlarla-bagli-yeni-qanun-ne-deyir\/"},"wordCount":2128,"publisher":{"@id":"https:\/\/www.meydan.tv\/az\/#organization"},"image":{"@id":"https:\/\/www.meydan.tv\/az\/article\/issizler-ve-isaxtaranlarla-bagli-yeni-qanun-ne-deyir\/#primaryimage"},"thumbnailUrl":"https:\/\/www.meydan.tv\/wp-content\/uploads\/37682.jpg","articleSection":["Analitika"],"inLanguage":"az"},{"@type":"WebPage","@id":"https:\/\/www.meydan.tv\/az\/article\/issizler-ve-isaxtaranlarla-bagli-yeni-qanun-ne-deyir\/","url":"https:\/\/www.meydan.tv\/az\/article\/issizler-ve-isaxtaranlarla-bagli-yeni-qanun-ne-deyir\/","name":"\u0130\u015fsizl\u0259r v\u0259 i\u015faxtaranlarla ba\u011fl\u0131 yeni qanun n\u0259 deyir? - MEYDAN.TV","isPartOf":{"@id":"https:\/\/www.meydan.tv\/az\/#website"},"primaryImageOfPage":{"@id":"https:\/\/www.meydan.tv\/az\/article\/issizler-ve-isaxtaranlarla-bagli-yeni-qanun-ne-deyir\/#primaryimage"},"image":{"@id":"https:\/\/www.meydan.tv\/az\/article\/issizler-ve-isaxtaranlarla-bagli-yeni-qanun-ne-deyir\/#primaryimage"},"thumbnailUrl":"https:\/\/www.meydan.tv\/wp-content\/uploads\/37682.jpg","datePublished":"2018-04-27T15:26:02+00:00","breadcrumb":{"@id":"https:\/\/www.meydan.tv\/az\/article\/issizler-ve-isaxtaranlarla-bagli-yeni-qanun-ne-deyir\/#breadcrumb"},"inLanguage":"az","potentialAction":[{"@type":"ReadAction","target":["https:\/\/www.meydan.tv\/az\/article\/issizler-ve-isaxtaranlarla-bagli-yeni-qanun-ne-deyir\/"]}]},{"@type":"ImageObject","inLanguage":"az","@id":"https:\/\/www.meydan.tv\/az\/article\/issizler-ve-isaxtaranlarla-bagli-yeni-qanun-ne-deyir\/#primaryimage","url":"https:\/\/www.meydan.tv\/wp-content\/uploads\/37682.jpg","contentUrl":"https:\/\/www.meydan.tv\/wp-content\/uploads\/37682.jpg","width":1000,"height":541,"caption":"Milli M\u0259clis"},{"@type":"BreadcrumbList","@id":"https:\/\/www.meydan.tv\/az\/article\/issizler-ve-isaxtaranlarla-bagli-yeni-qanun-ne-deyir\/#breadcrumb","itemListElement":[{"@type":"ListItem","position":1,"name":"Ana s\u0259hif\u0259","item":"https:\/\/www.meydan.tv\/az\/"},{"@type":"ListItem","position":2,"name":"Analitika","item":"https:\/\/www.meydan.tv\/az\/section\/analitika\/"},{"@type":"ListItem","position":3,"name":"\u0130\u015fsizl\u0259r v\u0259 i\u015faxtaranlarla ba\u011fl\u0131 yeni qanun n\u0259 deyir?"}]},{"@type":"WebSite","@id":"https:\/\/www.meydan.tv\/az\/#website","url":"https:\/\/www.meydan.tv\/az\/","name":"MEYDAN.TV","description":"Meydan TV Az\u0259rbaycan\u0131n media m\u0259kan\u0131ndak\u0131 alternativ s\u0259sidir","publisher":{"@id":"https:\/\/www.meydan.tv\/az\/#organization"},"potentialAction":[{"@type":"SearchAction","target":{"@type":"EntryPoint","urlTemplate":"https:\/\/www.meydan.tv\/az\/?s={search_term_string}"},"query-input":{"@type":"PropertyValueSpecification","valueRequired":true,"valueName":"search_term_string"}}],"inLanguage":"az"},{"@type":"Organization","@id":"https:\/\/www.meydan.tv\/az\/#organization","name":"Meydan TV","url":"https:\/\/www.meydan.tv\/az\/","logo":{"@type":"ImageObject","inLanguage":"az","@id":"https:\/\/www.meydan.tv\/az\/#\/schema\/logo\/image\/","url":"https:\/\/www.meydan.tv\/wp-content\/uploads\/2021\/07\/meydan-logo.svg","contentUrl":"https:\/\/www.meydan.tv\/wp-content\/uploads\/2021\/07\/meydan-logo.svg","width":195,"height":46,"caption":"Meydan TV"},"image":{"@id":"https:\/\/www.meydan.tv\/az\/#\/schema\/logo\/image\/"}},{"@type":"Person","@id":"https:\/\/www.meydan.tv\/az\/#\/schema\/person\/10d11eccf6da3662cf5fdab9806ea91a","name":"user-manager"}]}},"_links":{"self":[{"href":"https:\/\/www.meydan.tv\/az\/wp-json\/wp\/v2\/posts\/189742","targetHints":{"allow":["GET"]}}],"collection":[{"href":"https:\/\/www.meydan.tv\/az\/wp-json\/wp\/v2\/posts"}],"about":[{"href":"https:\/\/www.meydan.tv\/az\/wp-json\/wp\/v2\/types\/post"}],"author":[{"embeddable":true,"href":"https:\/\/www.meydan.tv\/az\/wp-json\/wp\/v2\/users\/11"}],"replies":[{"embeddable":true,"href":"https:\/\/www.meydan.tv\/az\/wp-json\/wp\/v2\/comments?post=189742"}],"version-history":[{"count":0,"href":"https:\/\/www.meydan.tv\/az\/wp-json\/wp\/v2\/posts\/189742\/revisions"}],"wp:featuredmedia":[{"embeddable":true,"href":"https:\/\/www.meydan.tv\/az\/wp-json\/wp\/v2\/media\/95372"}],"wp:attachment":[{"href":"https:\/\/www.meydan.tv\/az\/wp-json\/wp\/v2\/media?parent=189742"}],"wp:term":[{"taxonomy":"category","embeddable":true,"href":"https:\/\/www.meydan.tv\/az\/wp-json\/wp\/v2\/categories?post=189742"},{"taxonomy":"post_tag","embeddable":true,"href":"https:\/\/www.meydan.tv\/az\/wp-json\/wp\/v2\/tags?post=189742"}],"curies":[{"name":"wp","href":"https:\/\/api.w.org\/{rel}","templated":true}]}}