{"id":189712,"date":"2018-04-25T21:46:22","date_gmt":"2018-04-25T21:46:22","guid":{"rendered":"https:\/\/www.meydan.tv\/article\/ramiz-mehdiyevin-teqdimatlar-gunu\/"},"modified":"2018-04-25T21:46:22","modified_gmt":"2018-04-25T21:46:22","slug":"ramiz-mehdiyevin-teqdimatlar-gunu","status":"publish","type":"post","link":"https:\/\/www.meydan.tv\/az\/article\/ramiz-mehdiyevin-teqdimatlar-gunu\/","title":{"rendered":"Ramiz Mehdiyevin t\u0259qdimatlar g\u00fcn\u00fc"},"content":{"rendered":"<figure class=\"wp-block-image size-large\">\n  <img decoding=\"async\" src=\"https:\/\/www.meydan.tv\/az\/ramiz-mehdiyev-4\/\" alt=\"Ramiz Mehdiyev\" class=\"wp-image-102770\"\/><figcaption>\n    Ramiz Mehdiyev<br \/>\n  <\/figcaption><\/figure>\n<p>\n  <i><br \/>\n    Yoxsa Ramiz m\u00fc\u0259llim d\u0259 \u201cy\u0131x\u0131lana balta \u00e7almaq\u201d prinsipiyl\u0259 i\u015fl\u0259m\u0259y\u0259 ba\u015flay\u0131b?<br \/>\n  <\/i><\/p>\n<p>  B\u00fct\u00fcn g\u00f6zl\u0259ntil\u0259rin, yay\u0131lan x\u0259b\u0259rl\u0259rin \u0259ksin\u0259 olaraq Ramiz Mehdiyev yerind\u0259 qald\u0131. N\u00f6vb\u0259d\u0259nk\u0259nar prezident se\u00e7kisind\u0259n sonra, h\u0259l\u0259 qalib g\u0259lib-g\u0259lm\u0259diyi d\u0259qiq bilinm\u0259diyi g\u00fcnl\u0259rd\u0259 \u0130lham \u018fliyev n\u00f6vb\u0259d\u0259nk\u0259nar s\u0259r\u0259ncamla Ramiz Mehdiyev\u0259 80 illik yubileyi m\u00fcnasib\u0259til\u0259 \u201c\u015e\u00f6hr\u0259t\u201d ordeni d\u0259 verdi. Bir \u00e7oxu bu ordeni \u201cboz kardinal\u201da t\u0259qa\u00fcd h\u0259diyy\u0259si kimi d\u0259y\u0259rl\u0259ndirdi. B\u0259zil\u0259ri d\u00fc\u015f\u00fcn\u00fcrd\u00fc ki, se\u00e7kid\u0259n sonra formala\u015fd\u0131r\u0131lacaq komandada Ramiz Mehdiyev post tutmayacaq. Bu \u00f6d\u00fcl d\u0259 onun k\u00f6nl\u00fcn\u00fc xo\u015f etm\u0259k \u00fc\u00e7\u00fcn h\u0259diyy\u0259 edilib. Administrasiya r\u0259hb\u0259ri postu Pa\u015fayevl\u0259r\u0259 yax\u0131n \u015f\u0259xsl\u0259rd\u0259n birin\u0259 veril\u0259c\u0259k. Ancaq se\u00e7kid\u0259n sonra yeni komanda, dem\u0259k olar, tam formala\u015fd\u0131r\u0131l\u0131b v\u0259 Mehdiyev h\u0259l\u0259 d\u0259 yerind\u0259dir. \u00dcst\u0259lik, bu d\u0259f\u0259 t\u0259nqidi m\u00f6vqeyi il\u0259 g\u00fcnd\u0259m\u0259 g\u0259lib.\n<\/p>\n<p>\n  \u00d6lk\u0259nin r\u00fc\u015fv\u0259t, korrupsiya bataql\u0131\u011f\u0131na yuvarlanmas\u0131n\u0131n ba\u015fl\u0131ca s\u0259b\u0259bkarlar\u0131ndan biri olaraq (1993-c\u00fc ild\u0259n \u00fcz\u00fc b\u0259ri kadrlar\u0131n se\u00e7ilib yerl\u0259\u015fdirilm\u0259sind\u0259, deputat mandat\u0131 alverind\u0259 onun s\u00f6z sahibi oldu\u011fu d\u0259f\u0259l\u0259rl\u0259 vur\u011fulan\u0131b. El\u015fad Abdullayev-G\u00fcl\u0259r \u018fhm\u0259dova olay\u0131nda pulla dolu diplomat\u0131n \u201cotvyorka\u201d il\u0259 a\u00e7\u0131lmas\u0131 m\u0259s\u0259l\u0259si v\u0259 s.) onun bu g\u00fcn kiml\u0259ris\u0259 bunda ittiham etm\u0259si maraq do\u011furmaya bilm\u0259z.\n<\/p>\n<p>\n  D\u00fcn\u0259n Diasporla \u0130\u015f \u00fczr\u0259 D\u00f6vl\u0259t Komit\u0259sinin yeni s\u0259drini kollektiv\u0259 Ramiz Mehdiyev t\u0259qdim edib. Yay\u0131lan informasiyalarda bildirilir ki, art\u0131q ke\u00e7mi\u015f s\u0259dr say\u0131lan Nazim \u0130brahimov da d\u00fcn\u0259n komit\u0259d\u0259 olub v\u0259 kollektivl\u0259 sa\u011folla\u015f\u0131b. Ancaq o, kollektivl\u0259 Ramiz m\u00fc\u0259llim ora g\u0259lm\u0259zd\u0259n qabaq g\u00f6r\u00fc\u015f\u00fcb. Saytlarda yay\u0131lan fotolarda Nazim \u0130brahimovun kollektivl\u0259 s\u0259mimi ayr\u0131lmas\u0131 \u0259ksini tap\u0131b. B\u00f6y\u00fck bir kollektiv \u00e7ox xo\u015f ovqatda Nazim m\u00fc\u0259lliml\u0259 \u015f\u0259kil \u00e7\u0259kdirib. Bu \u015f\u0259kill\u0259rd\u0259 ke\u00e7mi\u015f s\u0259dr\u0259 simpatiya a\u00e7\u0131q-a\u015fkar duyulur.\n<\/p>\n<p>\n  Ramiz Mehdiyevin deputat Fuad Muradovu kollektiv\u0259 t\u0259qdim etdiyi bar\u0259d\u0259 yay\u0131lan x\u0259b\u0259rl\u0259rd\u0259 payla\u015f\u0131lan \u015f\u0259kild\u0259 is\u0259 kollektiv ad\u0131na 18-20 n\u0259f\u0259r var. H\u0259min t\u0259qdimatda Ramiz Mehdiyev deputat kimi hans\u0131sa f\u0259aliyy\u0259ti il\u0259 yadda qalmayan Fuad Muradovu kollektiv\u0259 t\u0259rifl\u0259yib: \u201cG\u0259nc v\u0259 perspektivli kadr olan Fuad Muradovun Diasporla \u0130\u015f \u00fczr\u0259 D\u00f6vl\u0259t Komit\u0259sin\u0259 s\u0259dr t\u0259yin olunmas\u0131 b\u00f6y\u00fck \u0259h\u0259miyy\u0259t k\u0259sb edir\u201d. Niy\u0259, hans\u0131 s\u0259b\u0259b\u0259 t\u0259rifl\u0259yib? Bunu zaman g\u00f6st\u0259r\u0259c\u0259k&#8230;\n<\/p>\n<p>\n  Yeni s\u0259dri g\u00f6yl\u0259r\u0259 qald\u0131ran PA r\u0259hb\u0259ri \u0259v\u0259zind\u0259 ke\u00e7mi\u015f s\u0259dri korrupsiyada, d\u00f6vl\u0259tin ay\u0131rd\u0131\u011f\u0131 pullar\u0131 m\u0259nums\u0259m\u0259kd\u0259 ittiham edib: \u201c&#8230;Nazim \u0130brahimovun r\u0259hb\u0259rliyi d\u00f6vr\u00fcnd\u0259 n\u0259 G\u00fcrc\u00fcstanda, n\u0259 Avropa \u00f6lk\u0259l\u0259rind\u0259, n\u0259 d\u0259 Orta Asiya \u00f6lk\u0259l\u0259rind\u0259 ya\u015fayan az\u0259rbaycanl\u0131larla he\u00e7 bir i\u015f g\u00f6r\u00fclm\u0259yib. D\u00fczd\u00fcr, Komit\u0259d\u0259 m\u00fc\u0259yy\u0259n beyn\u0259lxalq t\u0259dbirl\u0259r ke\u00e7irilib, amma konkret i\u015fl\u0259r g\u00f6r\u00fclm\u0259yib. M\u00fc\u0259yy\u0259n t\u0259dbirl\u0259rin h\u0259yata ke\u00e7irilm\u0259sind\u0259 d\u00f6vl\u0259t t\u0259r\u0259find\u0259n ayr\u0131lan maliyy\u0259 yard\u0131mlar\u0131 da \u00f6z \u00fcnvan\u0131na \u00e7atmay\u0131b\u201d.\n<\/p>\n<p>\n  Nazim \u0130brahimov bu posta 2008-ci ilin noyabr\u0131nda g\u0259tirilib. H\u0259min vaxt N.\u0130brahimovu kollektiv\u0259 kimin t\u0259qdim etdiyini xat\u0131rlam\u0131ram. Ancaq onda \u0130brahimov qarda\u015flar\u0131n\u0131n ham\u0131s\u0131n\u0131n ulduzunun parlayan vaxt\u0131yd\u0131. B\u00f6y\u00fck bir biznes imperiyas\u0131 yaratm\u0131\u015fd\u0131lar. Son ill\u0259rd\u0259 bu qarda\u015flarla ba\u011fl\u0131 hakimiyy\u0259tin probleml\u0259ri yaran\u0131b. Ta\u011f\u0131 \u0130brahimovun ATV-si \u0259ll\u0259rind\u0259n al\u0131n\u0131b, Hac\u0131 \u0130brahimin biznesin\u0259 \u0259l qoyulub, o biri qarda\u015flar da art\u0131q g\u00f6r\u00fcnm\u00fcr. Sonuncu z\u0259rb\u0259 Diaspor s\u0259drin\u0259 vuruldu. Maraql\u0131d\u0131r, 2008-d\u0259n b\u0259ri ke\u00e7\u0259n 10 ild\u0259 n\u0259d\u0259n Nazim \u0130brahimovun korrupsioner oldu\u011fu, d\u00f6vl\u0259t \u0259mlak\u0131n\u0131 m\u0259nims\u0259diyi bar\u0259d\u0259 kims\u0259 bir s\u00f6z dem\u0259yib, o s\u0131radan Ramiz Mehdiyev? \u00d6lk\u0259d\u0259 b\u00fct\u00fcn sah\u0259l\u0259r\u0259 n\u0259zar\u0259t ed\u0259n Ramiz m\u00fc\u0259llim, do\u011frudanm\u0131, bu \u201ckorrupsionerin\u201d \u0259m\u0259ll\u0259rind\u0259n indi x\u0259b\u0259r tutub? Korrupsiyaya qar\u015f\u0131 m\u00fcbariz\u0259 aparanlar hara bax\u0131b? \u0130llik hesabatlar\u0131nda korrupsiya il\u0259 m\u00fcbariz\u0259d\u0259 m\u00fc\u0259llimd\u0259n, ba\u011f\u00e7a t\u0259rbiy\u0259\u00e7isind\u0259n, M\u0130S m\u00fcdirind\u0259n uza\u011fa getm\u0259y\u0259n bu qurum n\u0259d\u0259n \u201c\u00f6z \u00fcnvan\u0131na \u00e7atmayan maliyy\u0259 yard\u0131m\u0131n\u0131\u201d g\u00f6rm\u0259yib?\n<\/p>\n<p>\n  B\u0259s Hesablama Palatas\u0131 yoxlamalar\u0131 nec\u0259 apar\u0131b? Niy\u0259 m\u0259nims\u0259m\u0259l\u0259ri ortaya \u00e7\u0131xara bilm\u0259yib? Prezident Administrasiyas\u0131 r\u0259hb\u0259rinin bu mesaj\u0131ndan sonra he\u00e7 onlar\u0131 sor\u011fulayan olacaqm\u0131?\n<\/p>\n<p>\n  Ramiz Mehdiyev i\u015ftirak etdiyi ba\u015fqa bir t\u0259qdimatda da, D\u00f6vl\u0259t Miqrasiya Xidm\u0259tinin yeni r\u0259hb\u0259ri V\u00fcsal H\u00fcseynovu (yeri g\u0259lmi\u015fk\u0259n, o, 2011-ci ild\u0259n Ramiz Mehdiyevin Administrasiyas\u0131nda i\u015fl\u0259yib \u2013 R.H.) kollektiv\u0259 t\u0259qdim ed\u0259rk\u0259n, ged\u0259nin dal\u0131nca dan\u0131\u015f\u0131b. Yoxsa Ramiz m\u00fc\u0259llim d\u0259 \u201cy\u0131x\u0131lana balta \u00e7almaq\u201d prinsipiyl\u0259 i\u015fl\u0259m\u0259y\u0259 ba\u015flay\u0131b? Yay\u0131lan x\u0259b\u0259rd\u0259 Prezident Administrasiyas\u0131n\u0131n r\u0259hb\u0259ri Ramiz Mehdiyevin D\u00f6vl\u0259t Miqrasiya Xidm\u0259tinin ke\u00e7mi\u015f r\u0259hb\u0259rini korrupsiyada ittiham etdiyi bildirilir. O, bir az da q\u0259z\u0259bli dan\u0131\u015f\u0131b v\u0259 buna son qoyulmas\u0131n\u0131 t\u0259l\u0259b edib: \u201cAz\u0259rbaycan prezidenti hesab edir ki, korrupsiyaya son qoymaq laz\u0131md\u0131r v\u0259 xidm\u0259t \u015f\u0259ffaf i\u015fl\u0259m\u0259lidir. D\u00f6vl\u0259t Miqrasiya Xidm\u0259ti Az\u0259rbaycan\u0131n qap\u0131s\u0131d\u0131r. \u018fg\u0259r D\u00f6vl\u0259t Miqrasiya Xidm\u0259ti Az\u0259rbaycana h\u00f6rm\u0259t qazand\u0131rm\u0131rsa, bel\u0259 bir qurum Az\u0259rbaycan \u00fc\u00e7\u00fcn laz\u0131ms\u0131zd\u0131r&#8221;. Bilm\u0259y\u0259nl\u0259r \u00fc\u00e7\u00fcn dey\u0259k ki, Ramiz Mehdiyevin o\u011flu Teymur Mehdiyev 2011-2014-c\u00fc ill\u0259rd\u0259 bu \u201claz\u0131ms\u0131z qurumda\u201d r\u0259isin 1-ci m\u00fcavini olub. O s\u0259b\u0259bd\u0259n Ramiz m\u00fc\u0259llimin D\u00f6vl\u0259t Miqrasiya Xidm\u0259tind\u0259 ba\u015f ver\u0259nl\u0259rd\u0259n indi x\u0259b\u0259r tutmas\u0131na kims\u0259ni inand\u0131rmaq m\u00fcmk\u00fcn deyil. B\u0259s bu q\u0259d\u0259r susmaqda m\u0259qs\u0259d n\u0259 olub? Ax\u0131 cinay\u0259ti bilib susmaq \u00f6z\u00fc cinay\u0259t say\u0131l\u0131r. B\u0259lk\u0259, bu if\u015fada ba\u015fqa s\u0259b\u0259bl\u0259r var&#8230;\n<\/p>\n<p>\n  Ancaq \u0259n maraql\u0131s\u0131 Ramiz Mehdiyevin yeni \u201cQa\u00e7q\u0131nkom\u201d s\u0259drini kollektiv\u0259 t\u0259qdim ed\u0259rk\u0259n korrupsiyadan, r\u00fc\u015fv\u0259txorluqdan dan\u0131\u015fmamas\u0131d\u0131r. Az\u0259rbaycanda \u0259n korrupsioner qurumlardan say\u0131lan Qa\u00e7q\u0131nlar\u0131n v\u0259 M\u0259cburi K\u00f6\u00e7k\u00fcnl\u0259rin \u0130\u015fl\u0259ri \u00fczr\u0259 D\u00f6vl\u0259t Komit\u0259sin\u0259 20 il\u0259 yax\u0131n m\u00fcdd\u0259td\u0259 r\u0259hb\u0259rlik ed\u0259n \u018fli H\u0259s\u0259nov haqq\u0131nda onun susmas\u0131d\u0131r. \u018fli H\u0259s\u0259nov \u00f6z\u00fc \u00e7\u0131x\u0131\u015flar\u0131n\u0131n birind\u0259 demi\u015fdi ki, son 20 ild\u0259 qa\u00e7q\u0131n v\u0259 m\u0259cburi k\u00f6\u00e7k\u00fcnl\u0259rin sosial probleml\u0259rinin h\u0259llin\u0259 4.3 milyard manat v\u0259sait s\u0259rf olunub. Az m\u0259bl\u0259\u011f deyil, Ramiz m\u00fc\u0259llim!\n<\/p>\n<p>\n  P.S.G\u00f6r\u0259s\u0259n D\u00f6vl\u0259t G\u00f6mr\u00fck Komit\u0259si s\u0259drinin t\u0259qdimat\u0131na gets\u0259ydi, Ramiz Mehdiyev n\u0259d\u0259n dan\u0131\u015facaqd\u0131?!\u201d<\/p>\n","protected":false},"excerpt":{"rendered":"<p>Yoxsa Ramiz m\u00fc\u0259llim d\u0259 \u201cy\u0131x\u0131lana balta \u00e7almaq\u201d prinsipiyl\u0259 i\u015fl\u0259m\u0259y\u0259 ba\u015flay\u0131b?<\/p>\n","protected":false},"author":11,"featured_media":102770,"comment_status":"closed","ping_status":"open","sticky":false,"template":"","format":"standard","meta":{"_acf_changed":false,"_sitemap_exclude":false,"_sitemap_priority":"","_sitemap_frequency":"","footnotes":""},"categories":[51],"tags":[],"class_list":["post-189712","post","type-post","status-publish","format-standard","has-post-thumbnail","hentry","category-analitika","infinite-scroll-item","generate-columns","tablet-grid-50","mobile-grid-100","grid-parent","grid-33","no-featured-image-padding"],"acf":[],"yoast_head":"<!-- This site is optimized with the Yoast SEO plugin v27.4 - https:\/\/yoast.com\/product\/yoast-seo-wordpress\/ -->\n<title>Ramiz Mehdiyevin t\u0259qdimatlar g\u00fcn\u00fc - MEYDAN.TV<\/title>\n<meta name=\"robots\" content=\"index, follow, max-snippet:-1, max-image-preview:large, max-video-preview:-1\" \/>\n<link rel=\"canonical\" href=\"https:\/\/www.meydan.tv\/az\/article\/ramiz-mehdiyevin-teqdimatlar-gunu\/\" \/>\n<meta property=\"og:locale\" content=\"az_AZ\" \/>\n<meta property=\"og:type\" content=\"article\" \/>\n<meta property=\"og:title\" content=\"Ramiz Mehdiyevin t\u0259qdimatlar g\u00fcn\u00fc - MEYDAN.TV\" \/>\n<meta property=\"og:description\" content=\"Yoxsa Ramiz m\u00fc\u0259llim d\u0259 \u201cy\u0131x\u0131lana balta \u00e7almaq\u201d prinsipiyl\u0259 i\u015fl\u0259m\u0259y\u0259 ba\u015flay\u0131b?\" \/>\n<meta property=\"og:url\" content=\"https:\/\/www.meydan.tv\/az\/article\/ramiz-mehdiyevin-teqdimatlar-gunu\/\" \/>\n<meta property=\"og:site_name\" content=\"MEYDAN.TV\" \/>\n<meta property=\"article:published_time\" content=\"2018-04-25T21:46:22+00:00\" \/>\n<meta property=\"og:image\" content=\"https:\/\/www.meydan.tv\/wp-content\/uploads\/40748.png\" \/>\n\t<meta property=\"og:image:width\" content=\"771\" \/>\n\t<meta property=\"og:image:height\" content=\"470\" \/>\n\t<meta property=\"og:image:type\" content=\"image\/png\" \/>\n<meta name=\"author\" content=\"user-manager\" \/>\n<meta name=\"twitter:card\" content=\"summary_large_image\" \/>\n<script type=\"application\/ld+json\" class=\"yoast-schema-graph\">{\"@context\":\"https:\\\/\\\/schema.org\",\"@graph\":[{\"@type\":\"Article\",\"@id\":\"https:\\\/\\\/www.meydan.tv\\\/az\\\/article\\\/ramiz-mehdiyevin-teqdimatlar-gunu\\\/#article\",\"isPartOf\":{\"@id\":\"https:\\\/\\\/www.meydan.tv\\\/az\\\/article\\\/ramiz-mehdiyevin-teqdimatlar-gunu\\\/\"},\"author\":{\"name\":\"user-manager\",\"@id\":\"https:\\\/\\\/www.meydan.tv\\\/az\\\/#\\\/schema\\\/person\\\/10d11eccf6da3662cf5fdab9806ea91a\"},\"headline\":\"Ramiz Mehdiyevin t\u0259qdimatlar g\u00fcn\u00fc\",\"datePublished\":\"2018-04-25T21:46:22+00:00\",\"mainEntityOfPage\":{\"@id\":\"https:\\\/\\\/www.meydan.tv\\\/az\\\/article\\\/ramiz-mehdiyevin-teqdimatlar-gunu\\\/\"},\"wordCount\":1266,\"publisher\":{\"@id\":\"https:\\\/\\\/www.meydan.tv\\\/az\\\/#organization\"},\"image\":{\"@id\":\"https:\\\/\\\/www.meydan.tv\\\/az\\\/article\\\/ramiz-mehdiyevin-teqdimatlar-gunu\\\/#primaryimage\"},\"thumbnailUrl\":\"https:\\\/\\\/www.meydan.tv\\\/wp-content\\\/uploads\\\/40748.png\",\"articleSection\":[\"Analitika\"],\"inLanguage\":\"az\"},{\"@type\":\"WebPage\",\"@id\":\"https:\\\/\\\/www.meydan.tv\\\/az\\\/article\\\/ramiz-mehdiyevin-teqdimatlar-gunu\\\/\",\"url\":\"https:\\\/\\\/www.meydan.tv\\\/az\\\/article\\\/ramiz-mehdiyevin-teqdimatlar-gunu\\\/\",\"name\":\"Ramiz Mehdiyevin t\u0259qdimatlar g\u00fcn\u00fc - MEYDAN.TV\",\"isPartOf\":{\"@id\":\"https:\\\/\\\/www.meydan.tv\\\/az\\\/#website\"},\"primaryImageOfPage\":{\"@id\":\"https:\\\/\\\/www.meydan.tv\\\/az\\\/article\\\/ramiz-mehdiyevin-teqdimatlar-gunu\\\/#primaryimage\"},\"image\":{\"@id\":\"https:\\\/\\\/www.meydan.tv\\\/az\\\/article\\\/ramiz-mehdiyevin-teqdimatlar-gunu\\\/#primaryimage\"},\"thumbnailUrl\":\"https:\\\/\\\/www.meydan.tv\\\/wp-content\\\/uploads\\\/40748.png\",\"datePublished\":\"2018-04-25T21:46:22+00:00\",\"breadcrumb\":{\"@id\":\"https:\\\/\\\/www.meydan.tv\\\/az\\\/article\\\/ramiz-mehdiyevin-teqdimatlar-gunu\\\/#breadcrumb\"},\"inLanguage\":\"az\",\"potentialAction\":[{\"@type\":\"ReadAction\",\"target\":[\"https:\\\/\\\/www.meydan.tv\\\/az\\\/article\\\/ramiz-mehdiyevin-teqdimatlar-gunu\\\/\"]}]},{\"@type\":\"ImageObject\",\"inLanguage\":\"az\",\"@id\":\"https:\\\/\\\/www.meydan.tv\\\/az\\\/article\\\/ramiz-mehdiyevin-teqdimatlar-gunu\\\/#primaryimage\",\"url\":\"https:\\\/\\\/www.meydan.tv\\\/wp-content\\\/uploads\\\/40748.png\",\"contentUrl\":\"https:\\\/\\\/www.meydan.tv\\\/wp-content\\\/uploads\\\/40748.png\",\"width\":771,\"height\":470,\"caption\":\"Source:\"},{\"@type\":\"BreadcrumbList\",\"@id\":\"https:\\\/\\\/www.meydan.tv\\\/az\\\/article\\\/ramiz-mehdiyevin-teqdimatlar-gunu\\\/#breadcrumb\",\"itemListElement\":[{\"@type\":\"ListItem\",\"position\":1,\"name\":\"Ana s\u0259hif\u0259\",\"item\":\"https:\\\/\\\/www.meydan.tv\\\/az\\\/\"},{\"@type\":\"ListItem\",\"position\":2,\"name\":\"Analitika\",\"item\":\"https:\\\/\\\/www.meydan.tv\\\/az\\\/section\\\/analitika\\\/\"},{\"@type\":\"ListItem\",\"position\":3,\"name\":\"Ramiz Mehdiyevin t\u0259qdimatlar g\u00fcn\u00fc\"}]},{\"@type\":\"WebSite\",\"@id\":\"https:\\\/\\\/www.meydan.tv\\\/az\\\/#website\",\"url\":\"https:\\\/\\\/www.meydan.tv\\\/az\\\/\",\"name\":\"MEYDAN.TV\",\"description\":\"Meydan TV Az\u0259rbaycan\u0131n media m\u0259kan\u0131ndak\u0131 alternativ s\u0259sidir\",\"publisher\":{\"@id\":\"https:\\\/\\\/www.meydan.tv\\\/az\\\/#organization\"},\"potentialAction\":[{\"@type\":\"SearchAction\",\"target\":{\"@type\":\"EntryPoint\",\"urlTemplate\":\"https:\\\/\\\/www.meydan.tv\\\/az\\\/?s={search_term_string}\"},\"query-input\":{\"@type\":\"PropertyValueSpecification\",\"valueRequired\":true,\"valueName\":\"search_term_string\"}}],\"inLanguage\":\"az\"},{\"@type\":\"Organization\",\"@id\":\"https:\\\/\\\/www.meydan.tv\\\/az\\\/#organization\",\"name\":\"Meydan TV\",\"url\":\"https:\\\/\\\/www.meydan.tv\\\/az\\\/\",\"logo\":{\"@type\":\"ImageObject\",\"inLanguage\":\"az\",\"@id\":\"https:\\\/\\\/www.meydan.tv\\\/az\\\/#\\\/schema\\\/logo\\\/image\\\/\",\"url\":\"https:\\\/\\\/www.meydan.tv\\\/wp-content\\\/uploads\\\/2021\\\/07\\\/meydan-logo.svg\",\"contentUrl\":\"https:\\\/\\\/www.meydan.tv\\\/wp-content\\\/uploads\\\/2021\\\/07\\\/meydan-logo.svg\",\"width\":195,\"height\":46,\"caption\":\"Meydan TV\"},\"image\":{\"@id\":\"https:\\\/\\\/www.meydan.tv\\\/az\\\/#\\\/schema\\\/logo\\\/image\\\/\"}},{\"@type\":\"Person\",\"@id\":\"https:\\\/\\\/www.meydan.tv\\\/az\\\/#\\\/schema\\\/person\\\/10d11eccf6da3662cf5fdab9806ea91a\",\"name\":\"user-manager\"}]}<\/script>\n<!-- \/ Yoast SEO plugin. -->","yoast_head_json":{"title":"Ramiz Mehdiyevin t\u0259qdimatlar g\u00fcn\u00fc - MEYDAN.TV","robots":{"index":"index","follow":"follow","max-snippet":"max-snippet:-1","max-image-preview":"max-image-preview:large","max-video-preview":"max-video-preview:-1"},"canonical":"https:\/\/www.meydan.tv\/az\/article\/ramiz-mehdiyevin-teqdimatlar-gunu\/","og_locale":"az_AZ","og_type":"article","og_title":"Ramiz Mehdiyevin t\u0259qdimatlar g\u00fcn\u00fc - MEYDAN.TV","og_description":"Yoxsa Ramiz m\u00fc\u0259llim d\u0259 \u201cy\u0131x\u0131lana balta \u00e7almaq\u201d prinsipiyl\u0259 i\u015fl\u0259m\u0259y\u0259 ba\u015flay\u0131b?","og_url":"https:\/\/www.meydan.tv\/az\/article\/ramiz-mehdiyevin-teqdimatlar-gunu\/","og_site_name":"MEYDAN.TV","article_published_time":"2018-04-25T21:46:22+00:00","og_image":[{"width":771,"height":470,"url":"https:\/\/www.meydan.tv\/wp-content\/uploads\/40748.png","type":"image\/png"}],"author":"user-manager","twitter_card":"summary_large_image","schema":{"@context":"https:\/\/schema.org","@graph":[{"@type":"Article","@id":"https:\/\/www.meydan.tv\/az\/article\/ramiz-mehdiyevin-teqdimatlar-gunu\/#article","isPartOf":{"@id":"https:\/\/www.meydan.tv\/az\/article\/ramiz-mehdiyevin-teqdimatlar-gunu\/"},"author":{"name":"user-manager","@id":"https:\/\/www.meydan.tv\/az\/#\/schema\/person\/10d11eccf6da3662cf5fdab9806ea91a"},"headline":"Ramiz Mehdiyevin t\u0259qdimatlar g\u00fcn\u00fc","datePublished":"2018-04-25T21:46:22+00:00","mainEntityOfPage":{"@id":"https:\/\/www.meydan.tv\/az\/article\/ramiz-mehdiyevin-teqdimatlar-gunu\/"},"wordCount":1266,"publisher":{"@id":"https:\/\/www.meydan.tv\/az\/#organization"},"image":{"@id":"https:\/\/www.meydan.tv\/az\/article\/ramiz-mehdiyevin-teqdimatlar-gunu\/#primaryimage"},"thumbnailUrl":"https:\/\/www.meydan.tv\/wp-content\/uploads\/40748.png","articleSection":["Analitika"],"inLanguage":"az"},{"@type":"WebPage","@id":"https:\/\/www.meydan.tv\/az\/article\/ramiz-mehdiyevin-teqdimatlar-gunu\/","url":"https:\/\/www.meydan.tv\/az\/article\/ramiz-mehdiyevin-teqdimatlar-gunu\/","name":"Ramiz Mehdiyevin t\u0259qdimatlar g\u00fcn\u00fc - MEYDAN.TV","isPartOf":{"@id":"https:\/\/www.meydan.tv\/az\/#website"},"primaryImageOfPage":{"@id":"https:\/\/www.meydan.tv\/az\/article\/ramiz-mehdiyevin-teqdimatlar-gunu\/#primaryimage"},"image":{"@id":"https:\/\/www.meydan.tv\/az\/article\/ramiz-mehdiyevin-teqdimatlar-gunu\/#primaryimage"},"thumbnailUrl":"https:\/\/www.meydan.tv\/wp-content\/uploads\/40748.png","datePublished":"2018-04-25T21:46:22+00:00","breadcrumb":{"@id":"https:\/\/www.meydan.tv\/az\/article\/ramiz-mehdiyevin-teqdimatlar-gunu\/#breadcrumb"},"inLanguage":"az","potentialAction":[{"@type":"ReadAction","target":["https:\/\/www.meydan.tv\/az\/article\/ramiz-mehdiyevin-teqdimatlar-gunu\/"]}]},{"@type":"ImageObject","inLanguage":"az","@id":"https:\/\/www.meydan.tv\/az\/article\/ramiz-mehdiyevin-teqdimatlar-gunu\/#primaryimage","url":"https:\/\/www.meydan.tv\/wp-content\/uploads\/40748.png","contentUrl":"https:\/\/www.meydan.tv\/wp-content\/uploads\/40748.png","width":771,"height":470,"caption":"Source:"},{"@type":"BreadcrumbList","@id":"https:\/\/www.meydan.tv\/az\/article\/ramiz-mehdiyevin-teqdimatlar-gunu\/#breadcrumb","itemListElement":[{"@type":"ListItem","position":1,"name":"Ana s\u0259hif\u0259","item":"https:\/\/www.meydan.tv\/az\/"},{"@type":"ListItem","position":2,"name":"Analitika","item":"https:\/\/www.meydan.tv\/az\/section\/analitika\/"},{"@type":"ListItem","position":3,"name":"Ramiz Mehdiyevin t\u0259qdimatlar g\u00fcn\u00fc"}]},{"@type":"WebSite","@id":"https:\/\/www.meydan.tv\/az\/#website","url":"https:\/\/www.meydan.tv\/az\/","name":"MEYDAN.TV","description":"Meydan TV Az\u0259rbaycan\u0131n media m\u0259kan\u0131ndak\u0131 alternativ s\u0259sidir","publisher":{"@id":"https:\/\/www.meydan.tv\/az\/#organization"},"potentialAction":[{"@type":"SearchAction","target":{"@type":"EntryPoint","urlTemplate":"https:\/\/www.meydan.tv\/az\/?s={search_term_string}"},"query-input":{"@type":"PropertyValueSpecification","valueRequired":true,"valueName":"search_term_string"}}],"inLanguage":"az"},{"@type":"Organization","@id":"https:\/\/www.meydan.tv\/az\/#organization","name":"Meydan TV","url":"https:\/\/www.meydan.tv\/az\/","logo":{"@type":"ImageObject","inLanguage":"az","@id":"https:\/\/www.meydan.tv\/az\/#\/schema\/logo\/image\/","url":"https:\/\/www.meydan.tv\/wp-content\/uploads\/2021\/07\/meydan-logo.svg","contentUrl":"https:\/\/www.meydan.tv\/wp-content\/uploads\/2021\/07\/meydan-logo.svg","width":195,"height":46,"caption":"Meydan TV"},"image":{"@id":"https:\/\/www.meydan.tv\/az\/#\/schema\/logo\/image\/"}},{"@type":"Person","@id":"https:\/\/www.meydan.tv\/az\/#\/schema\/person\/10d11eccf6da3662cf5fdab9806ea91a","name":"user-manager"}]}},"_links":{"self":[{"href":"https:\/\/www.meydan.tv\/az\/wp-json\/wp\/v2\/posts\/189712","targetHints":{"allow":["GET"]}}],"collection":[{"href":"https:\/\/www.meydan.tv\/az\/wp-json\/wp\/v2\/posts"}],"about":[{"href":"https:\/\/www.meydan.tv\/az\/wp-json\/wp\/v2\/types\/post"}],"author":[{"embeddable":true,"href":"https:\/\/www.meydan.tv\/az\/wp-json\/wp\/v2\/users\/11"}],"replies":[{"embeddable":true,"href":"https:\/\/www.meydan.tv\/az\/wp-json\/wp\/v2\/comments?post=189712"}],"version-history":[{"count":0,"href":"https:\/\/www.meydan.tv\/az\/wp-json\/wp\/v2\/posts\/189712\/revisions"}],"wp:featuredmedia":[{"embeddable":true,"href":"https:\/\/www.meydan.tv\/az\/wp-json\/wp\/v2\/media\/102770"}],"wp:attachment":[{"href":"https:\/\/www.meydan.tv\/az\/wp-json\/wp\/v2\/media?parent=189712"}],"wp:term":[{"taxonomy":"category","embeddable":true,"href":"https:\/\/www.meydan.tv\/az\/wp-json\/wp\/v2\/categories?post=189712"},{"taxonomy":"post_tag","embeddable":true,"href":"https:\/\/www.meydan.tv\/az\/wp-json\/wp\/v2\/tags?post=189712"}],"curies":[{"name":"wp","href":"https:\/\/api.w.org\/{rel}","templated":true}]}}