{"id":189695,"date":"2018-04-24T18:23:47","date_gmt":"2018-04-24T18:23:47","guid":{"rendered":"https:\/\/www.meydan.tv\/article\/avropa-surasinin-hesabatinda-seslenen-faktlar-huquqi-qiymetini-alacaqmi\/"},"modified":"2018-04-24T18:23:47","modified_gmt":"2018-04-24T18:23:47","slug":"avropa-surasinin-hesabatinda-seslenen-faktlar-huquqi-qiymetini-alacaqmi","status":"publish","type":"post","link":"https:\/\/www.meydan.tv\/az\/article\/avropa-surasinin-hesabatinda-seslenen-faktlar-huquqi-qiymetini-alacaqmi\/","title":{"rendered":"Avropa \u015euras\u0131n\u0131n hesabat\u0131nda s\u0259sl\u0259n\u0259n faktlar h\u00fcquqi qiym\u0259tini alacaqm\u0131?"},"content":{"rendered":"<figure class=\"wp-block-image size-large\">\n  <img decoding=\"async\" src=\"https:\/\/www.meydan.tv\/az\/ataxan-ebilov\/\" alt=\"Ataxan \u018fbilov\" class=\"wp-image-82396\"\/><figcaption>\n    Ataxan \u018fbilov<br \/>\n  <\/figcaption><\/figure>\n<p>\n  <i><br \/>\n    Bu cinay\u0259tl\u0259rin h\u0259r bir epizodu ayr\u0131ca istintaq edilm\u0259li v\u0259 h\u00fcquqi qiym\u0259tini almal\u0131d\u0131r<br \/>\n  <\/i>\n<\/p>\n<p>\n  Avropa \u015euras\u0131n\u0131n \u201cA\u015ePA-da korrupsiya ittihamlar\u0131 haqq\u0131nda\u201d hesabat\u0131 s\u0131radan bir s\u0259n\u0259d deyil. \u0130lk n\u00f6vb\u0259d\u0259, bu hesabat\u0131n h\u00fcquqi statusu diqq\u0259t\u00e7\u0259ki\u00e7idir. Hesabat Avropa \u015euras\u0131n\u0131n s\u0259n\u0259didir. Avropa \u015euras\u0131 bir h\u00f6k\u00fcm\u0259tl\u0259raras\u0131 t\u0259\u015fkilatd\u0131r v\u0259 bu da h\u0259min hesabat\u0131n normativ olmas\u0131 dem\u0259kdir. H\u00fcquqi s\u0259n\u0259d statusunda olan bel\u0259 bir hesabat\u0131n h\u0259r c\u00fcml\u0259si m\u0259suliyy\u0259t yarad\u0131r v\u0259 bu real n\u0259tic\u0259l\u0259rl\u0259 m\u00fc\u015fayi\u0259t olunmal\u0131d\u0131r. Hesabatda s\u0259sl\u0259ndiril\u0259n h\u0259r bir fakt h\u00fcquqi qiym\u0259tini almal\u0131d\u0131r. S\u00f6hb\u0259t, ilk n\u00f6vb\u0259d\u0259, konkret cinay\u0259t \u0259m\u0259ll\u0259rind\u0259n gedir.\n<\/p>\n<p>\n  Hesabatda sadalan cinay\u0259tl\u0259ri qrupla\u015fd\u0131rmaq da vacib m\u0259s\u0259l\u0259l\u0259rd\u0259n biridir. Tutaq ki, h\u0259diyy\u0259 verm\u0259k, xal\u00e7a v\u0259 zin\u0259t \u0259\u015fyalar\u0131 ba\u011f\u0131\u015flamaqla intim xidm\u0259t t\u0259\u015fkili cinay\u0259t h\u00fcququna g\u00f6r\u0259 m\u00fcxt\u0259lif forma v\u0259 m\u0259zmunda olan cinay\u0259tl\u0259rdir. \u0130kinci halda tutaq ki, insan alverind\u0259n s\u00f6hb\u0259t gedir. \u018flb\u0259tt\u0259, cinay\u0259t cinay\u0259tdir, onu qurupla\u015fd\u0131rmaqla he\u00e7 d\u0259 tutaq ki, h\u0259diyy\u0259 verm\u0259nin ictimai m\u00fcnasib\u0259tl\u0259r\u0259 vurdu\u011fu ziyan\u0131 azaltmaq fikrind\u0259 deyilik. Amma h\u0259r bir cinay\u0259tin bir ictimai-t\u0259hl\u00fck\u0259lilik d\u0259r\u0259c\u0259si var v\u0259 insan alveri ictimai t\u0259hl\u00fck\u0259lilik d\u0259r\u0259c\u0259sin\u0259 g\u00f6r\u0259 daha a\u011f\u0131r cinay\u0259tdir.\n<\/p>\n<p>\n  Az\u0259rbaycanda xaricd\u0259n g\u0259l\u0259n ictimai-siyasi xadiml\u0259rin, x\u00fcsus\u0259n Az\u0259rbaycanda ba\u015f ver\u0259nl\u0259rin monitorinqini aparmaq \u00fc\u00e7\u00fcn bu \u00f6lk\u0259y\u0259 t\u0259\u015frif buyuranlar\u0131 \u0259l\u0259 almaq v\u0259 h\u0259tta onlara intim xidm\u0259t t\u0259\u015fkil etm\u0259k yeni m\u0259s\u0259l\u0259 deyil. \u018fg\u0259r yad\u0131n\u0131za g\u0259lirs\u0259, ill\u0259r \u00f6nc\u0259 Rusiyadan g\u0259l\u0259n jurnalistl\u0259r qrupu da, onlara g\u00f6r\u0259nl\u0259ri yazmamaq \u00fc\u00e7\u00fcn m\u00fcxt\u0259lif \u0259yl\u0259nc\u0259l\u0259rin, o c\u00fcml\u0259d\u0259n intim xidm\u0259tin t\u0259\u015fkilind\u0259n yazm\u0131\u015fd\u0131lar.\n<\/p>\n<p>\n  Az\u0259rbaycana g\u0259l\u0259n beyn\u0259xlaq m\u00fc\u015fahid\u0259\u00e7il\u0259r obyektivliyi dem\u0259sinl\u0259r dey\u0259, uzun m\u00fcdd\u0259tdir onlar \u0259l\u0259 al\u0131n\u0131r, intim xidm\u0259tl\u0259r t\u0259\u015fkil edilir, sonralar h\u0259tta onlar\u0131 \u015fantaj etm\u0259k m\u0259qs\u0259dil\u0259 bel\u0259 s\u0259hn\u0259l\u0259r gizlin olaraq video lent\u0259 al\u0131n\u0131r v\u0259 s. M\u0259n son c\u00fcml\u0259ni indiki zamanda yazd\u0131m. Y\u0259ni b\u00fct\u00fcn bunlar bu g\u00fcn d\u0259 davam edir. Bu, bir cinay\u0259tkar \u015f\u0259b\u0259k\u0259nin \u00fczun m\u00fcdd\u0259t m\u00fct\u0259madi olaraq t\u00f6r\u0259tdikl\u0259ri cinay\u0259tl\u0259rdir. Bu cinay\u0259tl\u0259rin h\u0259r bir epizodu ayr\u0131ca istintaq edilm\u0259li v\u0259 h\u00fcquqi qiym\u0259tini almal\u0131d\u0131r&#8230;\n<\/p>\n<p>\n  Avropa \u015euras\u0131n\u0131 ciddi \u015f\u0259kild\u0259 q\u0131namaqda davam etm\u0259liyik. Bu hesabat\u0131n prezident se\u00e7kil\u0259rin\u0259 q\u0259d\u0259r deyil, ondan sonra a\u00e7\u0131qlamas\u0131 da h\u0259l\u0259 d\u0259 Avropa \u015euras\u0131nda b\u0259zi dair\u0259l\u0259rin Az\u0259rbaycandak\u0131 avtoritar rejim\u0259 d\u0259st\u0259k verm\u0259sil\u0259 ba\u011fl\u0131 m\u00fc\u0259yy\u0259n \u015f\u00fcbh\u0259l\u0259ri ortaya qoyur. Ona da \u015f\u00fcbh\u0259 etmir\u0259m ki, Az\u0259rbaycanda bu hesabatda \u0259ksini tapan he\u00e7 bir fakt h\u00fcquqi qiym\u0259tini almayacaq.\n<\/p>\n<p>\n  Bu i\u015fd\u0259 ad\u0131 hallanan v\u0259 sadalanan cinay\u0259tl\u0259r\u0259 \u0259li bula\u015fan Avropa \u015euras\u0131n\u0131n t\u0259msil\u00e7il\u0259ri nec\u0259, cinay\u0259t m\u0259suliyy\u0259tin\u0259 c\u0259lb edil\u0259c\u0259kl\u0259rmi? Bax\u0131n, bu da sual olaraq qal\u0131r. T\u0259\u0259ss\u00fcf ki. Avropa \u015euras\u0131 da h\u0259l\u0259 ki, dan\u0131\u015f\u0131r. Ortada h\u0259l\u0259 ki, hans\u0131sa Avropa \u015euras\u0131 t\u0259msil\u00e7isinin cinay\u0259t m\u0259suliyy\u0259tin\u0259 c\u0259lb edilm\u0259si v\u0259 cinay\u0259t c\u0259zas\u0131 almas\u0131yla ba\u011fl\u0131 da he\u00e7 bir fakt yoxdur.<\/p>\n","protected":false},"excerpt":{"rendered":"<p>Bu cinay\u0259tl\u0259rin h\u0259r bir epizodu ayr\u0131ca istintaq edilm\u0259li v\u0259 h\u00fcquqi qiym\u0259tini almal\u0131d\u0131r<\/p>\n","protected":false},"author":11,"featured_media":82396,"comment_status":"closed","ping_status":"open","sticky":false,"template":"","format":"standard","meta":{"_acf_changed":false,"_sitemap_exclude":false,"_sitemap_priority":"","_sitemap_frequency":"","footnotes":""},"categories":[51],"tags":[],"class_list":["post-189695","post","type-post","status-publish","format-standard","has-post-thumbnail","hentry","category-analitika","infinite-scroll-item","generate-columns","tablet-grid-50","mobile-grid-100","grid-parent","grid-33","no-featured-image-padding"],"acf":[],"yoast_head":"<!-- This site is optimized with the Yoast SEO plugin v27.4 - https:\/\/yoast.com\/product\/yoast-seo-wordpress\/ -->\n<title>Avropa \u015euras\u0131n\u0131n hesabat\u0131nda s\u0259sl\u0259n\u0259n faktlar h\u00fcquqi qiym\u0259tini alacaqm\u0131? - MEYDAN.TV<\/title>\n<meta name=\"robots\" content=\"index, follow, max-snippet:-1, max-image-preview:large, max-video-preview:-1\" \/>\n<link rel=\"canonical\" href=\"https:\/\/www.meydan.tv\/az\/article\/avropa-surasinin-hesabatinda-seslenen-faktlar-huquqi-qiymetini-alacaqmi\/\" \/>\n<meta property=\"og:locale\" content=\"az_AZ\" \/>\n<meta property=\"og:type\" content=\"article\" \/>\n<meta property=\"og:title\" content=\"Avropa \u015euras\u0131n\u0131n hesabat\u0131nda s\u0259sl\u0259n\u0259n faktlar h\u00fcquqi qiym\u0259tini alacaqm\u0131? - MEYDAN.TV\" \/>\n<meta property=\"og:description\" content=\"Bu cinay\u0259tl\u0259rin h\u0259r bir epizodu ayr\u0131ca istintaq edilm\u0259li v\u0259 h\u00fcquqi qiym\u0259tini almal\u0131d\u0131r\" \/>\n<meta property=\"og:url\" content=\"https:\/\/www.meydan.tv\/az\/article\/avropa-surasinin-hesabatinda-seslenen-faktlar-huquqi-qiymetini-alacaqmi\/\" \/>\n<meta property=\"og:site_name\" content=\"MEYDAN.TV\" \/>\n<meta property=\"article:published_time\" content=\"2018-04-24T18:23:47+00:00\" \/>\n<meta property=\"og:image\" content=\"https:\/\/www.meydan.tv\/wp-content\/uploads\/32289.jpg\" \/>\n\t<meta property=\"og:image:width\" content=\"810\" \/>\n\t<meta property=\"og:image:height\" content=\"450\" \/>\n\t<meta property=\"og:image:type\" content=\"image\/jpeg\" \/>\n<meta name=\"author\" content=\"user-manager\" \/>\n<meta name=\"twitter:card\" content=\"summary_large_image\" \/>\n<script type=\"application\/ld+json\" class=\"yoast-schema-graph\">{\"@context\":\"https:\\\/\\\/schema.org\",\"@graph\":[{\"@type\":\"Article\",\"@id\":\"https:\\\/\\\/www.meydan.tv\\\/az\\\/article\\\/avropa-surasinin-hesabatinda-seslenen-faktlar-huquqi-qiymetini-alacaqmi\\\/#article\",\"isPartOf\":{\"@id\":\"https:\\\/\\\/www.meydan.tv\\\/az\\\/article\\\/avropa-surasinin-hesabatinda-seslenen-faktlar-huquqi-qiymetini-alacaqmi\\\/\"},\"author\":{\"name\":\"user-manager\",\"@id\":\"https:\\\/\\\/www.meydan.tv\\\/az\\\/#\\\/schema\\\/person\\\/10d11eccf6da3662cf5fdab9806ea91a\"},\"headline\":\"Avropa \u015euras\u0131n\u0131n hesabat\u0131nda s\u0259sl\u0259n\u0259n faktlar h\u00fcquqi qiym\u0259tini alacaqm\u0131?\",\"datePublished\":\"2018-04-24T18:23:47+00:00\",\"mainEntityOfPage\":{\"@id\":\"https:\\\/\\\/www.meydan.tv\\\/az\\\/article\\\/avropa-surasinin-hesabatinda-seslenen-faktlar-huquqi-qiymetini-alacaqmi\\\/\"},\"wordCount\":670,\"publisher\":{\"@id\":\"https:\\\/\\\/www.meydan.tv\\\/az\\\/#organization\"},\"image\":{\"@id\":\"https:\\\/\\\/www.meydan.tv\\\/az\\\/article\\\/avropa-surasinin-hesabatinda-seslenen-faktlar-huquqi-qiymetini-alacaqmi\\\/#primaryimage\"},\"thumbnailUrl\":\"https:\\\/\\\/www.meydan.tv\\\/wp-content\\\/uploads\\\/32289.jpg\",\"articleSection\":[\"Analitika\"],\"inLanguage\":\"az\"},{\"@type\":\"WebPage\",\"@id\":\"https:\\\/\\\/www.meydan.tv\\\/az\\\/article\\\/avropa-surasinin-hesabatinda-seslenen-faktlar-huquqi-qiymetini-alacaqmi\\\/\",\"url\":\"https:\\\/\\\/www.meydan.tv\\\/az\\\/article\\\/avropa-surasinin-hesabatinda-seslenen-faktlar-huquqi-qiymetini-alacaqmi\\\/\",\"name\":\"Avropa \u015euras\u0131n\u0131n hesabat\u0131nda s\u0259sl\u0259n\u0259n faktlar h\u00fcquqi qiym\u0259tini alacaqm\u0131? - MEYDAN.TV\",\"isPartOf\":{\"@id\":\"https:\\\/\\\/www.meydan.tv\\\/az\\\/#website\"},\"primaryImageOfPage\":{\"@id\":\"https:\\\/\\\/www.meydan.tv\\\/az\\\/article\\\/avropa-surasinin-hesabatinda-seslenen-faktlar-huquqi-qiymetini-alacaqmi\\\/#primaryimage\"},\"image\":{\"@id\":\"https:\\\/\\\/www.meydan.tv\\\/az\\\/article\\\/avropa-surasinin-hesabatinda-seslenen-faktlar-huquqi-qiymetini-alacaqmi\\\/#primaryimage\"},\"thumbnailUrl\":\"https:\\\/\\\/www.meydan.tv\\\/wp-content\\\/uploads\\\/32289.jpg\",\"datePublished\":\"2018-04-24T18:23:47+00:00\",\"breadcrumb\":{\"@id\":\"https:\\\/\\\/www.meydan.tv\\\/az\\\/article\\\/avropa-surasinin-hesabatinda-seslenen-faktlar-huquqi-qiymetini-alacaqmi\\\/#breadcrumb\"},\"inLanguage\":\"az\",\"potentialAction\":[{\"@type\":\"ReadAction\",\"target\":[\"https:\\\/\\\/www.meydan.tv\\\/az\\\/article\\\/avropa-surasinin-hesabatinda-seslenen-faktlar-huquqi-qiymetini-alacaqmi\\\/\"]}]},{\"@type\":\"ImageObject\",\"inLanguage\":\"az\",\"@id\":\"https:\\\/\\\/www.meydan.tv\\\/az\\\/article\\\/avropa-surasinin-hesabatinda-seslenen-faktlar-huquqi-qiymetini-alacaqmi\\\/#primaryimage\",\"url\":\"https:\\\/\\\/www.meydan.tv\\\/wp-content\\\/uploads\\\/32289.jpg\",\"contentUrl\":\"https:\\\/\\\/www.meydan.tv\\\/wp-content\\\/uploads\\\/32289.jpg\",\"width\":810,\"height\":450,\"caption\":\"Foto: A.\u018fbilovun \u015f\u0259xsi arxivind\u0259n\"},{\"@type\":\"BreadcrumbList\",\"@id\":\"https:\\\/\\\/www.meydan.tv\\\/az\\\/article\\\/avropa-surasinin-hesabatinda-seslenen-faktlar-huquqi-qiymetini-alacaqmi\\\/#breadcrumb\",\"itemListElement\":[{\"@type\":\"ListItem\",\"position\":1,\"name\":\"Ana s\u0259hif\u0259\",\"item\":\"https:\\\/\\\/www.meydan.tv\\\/az\\\/\"},{\"@type\":\"ListItem\",\"position\":2,\"name\":\"Analitika\",\"item\":\"https:\\\/\\\/www.meydan.tv\\\/az\\\/section\\\/analitika\\\/\"},{\"@type\":\"ListItem\",\"position\":3,\"name\":\"Avropa \u015euras\u0131n\u0131n hesabat\u0131nda s\u0259sl\u0259n\u0259n faktlar h\u00fcquqi qiym\u0259tini alacaqm\u0131?\"}]},{\"@type\":\"WebSite\",\"@id\":\"https:\\\/\\\/www.meydan.tv\\\/az\\\/#website\",\"url\":\"https:\\\/\\\/www.meydan.tv\\\/az\\\/\",\"name\":\"MEYDAN.TV\",\"description\":\"Meydan TV Az\u0259rbaycan\u0131n media m\u0259kan\u0131ndak\u0131 alternativ s\u0259sidir\",\"publisher\":{\"@id\":\"https:\\\/\\\/www.meydan.tv\\\/az\\\/#organization\"},\"potentialAction\":[{\"@type\":\"SearchAction\",\"target\":{\"@type\":\"EntryPoint\",\"urlTemplate\":\"https:\\\/\\\/www.meydan.tv\\\/az\\\/?s={search_term_string}\"},\"query-input\":{\"@type\":\"PropertyValueSpecification\",\"valueRequired\":true,\"valueName\":\"search_term_string\"}}],\"inLanguage\":\"az\"},{\"@type\":\"Organization\",\"@id\":\"https:\\\/\\\/www.meydan.tv\\\/az\\\/#organization\",\"name\":\"Meydan TV\",\"url\":\"https:\\\/\\\/www.meydan.tv\\\/az\\\/\",\"logo\":{\"@type\":\"ImageObject\",\"inLanguage\":\"az\",\"@id\":\"https:\\\/\\\/www.meydan.tv\\\/az\\\/#\\\/schema\\\/logo\\\/image\\\/\",\"url\":\"https:\\\/\\\/www.meydan.tv\\\/wp-content\\\/uploads\\\/2021\\\/07\\\/meydan-logo.svg\",\"contentUrl\":\"https:\\\/\\\/www.meydan.tv\\\/wp-content\\\/uploads\\\/2021\\\/07\\\/meydan-logo.svg\",\"width\":195,\"height\":46,\"caption\":\"Meydan TV\"},\"image\":{\"@id\":\"https:\\\/\\\/www.meydan.tv\\\/az\\\/#\\\/schema\\\/logo\\\/image\\\/\"}},{\"@type\":\"Person\",\"@id\":\"https:\\\/\\\/www.meydan.tv\\\/az\\\/#\\\/schema\\\/person\\\/10d11eccf6da3662cf5fdab9806ea91a\",\"name\":\"user-manager\"}]}<\/script>\n<!-- \/ Yoast SEO plugin. -->","yoast_head_json":{"title":"Avropa \u015euras\u0131n\u0131n hesabat\u0131nda s\u0259sl\u0259n\u0259n faktlar h\u00fcquqi qiym\u0259tini alacaqm\u0131? - MEYDAN.TV","robots":{"index":"index","follow":"follow","max-snippet":"max-snippet:-1","max-image-preview":"max-image-preview:large","max-video-preview":"max-video-preview:-1"},"canonical":"https:\/\/www.meydan.tv\/az\/article\/avropa-surasinin-hesabatinda-seslenen-faktlar-huquqi-qiymetini-alacaqmi\/","og_locale":"az_AZ","og_type":"article","og_title":"Avropa \u015euras\u0131n\u0131n hesabat\u0131nda s\u0259sl\u0259n\u0259n faktlar h\u00fcquqi qiym\u0259tini alacaqm\u0131? - MEYDAN.TV","og_description":"Bu cinay\u0259tl\u0259rin h\u0259r bir epizodu ayr\u0131ca istintaq edilm\u0259li v\u0259 h\u00fcquqi qiym\u0259tini almal\u0131d\u0131r","og_url":"https:\/\/www.meydan.tv\/az\/article\/avropa-surasinin-hesabatinda-seslenen-faktlar-huquqi-qiymetini-alacaqmi\/","og_site_name":"MEYDAN.TV","article_published_time":"2018-04-24T18:23:47+00:00","og_image":[{"width":810,"height":450,"url":"https:\/\/www.meydan.tv\/wp-content\/uploads\/32289.jpg","type":"image\/jpeg"}],"author":"user-manager","twitter_card":"summary_large_image","schema":{"@context":"https:\/\/schema.org","@graph":[{"@type":"Article","@id":"https:\/\/www.meydan.tv\/az\/article\/avropa-surasinin-hesabatinda-seslenen-faktlar-huquqi-qiymetini-alacaqmi\/#article","isPartOf":{"@id":"https:\/\/www.meydan.tv\/az\/article\/avropa-surasinin-hesabatinda-seslenen-faktlar-huquqi-qiymetini-alacaqmi\/"},"author":{"name":"user-manager","@id":"https:\/\/www.meydan.tv\/az\/#\/schema\/person\/10d11eccf6da3662cf5fdab9806ea91a"},"headline":"Avropa \u015euras\u0131n\u0131n hesabat\u0131nda s\u0259sl\u0259n\u0259n faktlar h\u00fcquqi qiym\u0259tini alacaqm\u0131?","datePublished":"2018-04-24T18:23:47+00:00","mainEntityOfPage":{"@id":"https:\/\/www.meydan.tv\/az\/article\/avropa-surasinin-hesabatinda-seslenen-faktlar-huquqi-qiymetini-alacaqmi\/"},"wordCount":670,"publisher":{"@id":"https:\/\/www.meydan.tv\/az\/#organization"},"image":{"@id":"https:\/\/www.meydan.tv\/az\/article\/avropa-surasinin-hesabatinda-seslenen-faktlar-huquqi-qiymetini-alacaqmi\/#primaryimage"},"thumbnailUrl":"https:\/\/www.meydan.tv\/wp-content\/uploads\/32289.jpg","articleSection":["Analitika"],"inLanguage":"az"},{"@type":"WebPage","@id":"https:\/\/www.meydan.tv\/az\/article\/avropa-surasinin-hesabatinda-seslenen-faktlar-huquqi-qiymetini-alacaqmi\/","url":"https:\/\/www.meydan.tv\/az\/article\/avropa-surasinin-hesabatinda-seslenen-faktlar-huquqi-qiymetini-alacaqmi\/","name":"Avropa \u015euras\u0131n\u0131n hesabat\u0131nda s\u0259sl\u0259n\u0259n faktlar h\u00fcquqi qiym\u0259tini alacaqm\u0131? - MEYDAN.TV","isPartOf":{"@id":"https:\/\/www.meydan.tv\/az\/#website"},"primaryImageOfPage":{"@id":"https:\/\/www.meydan.tv\/az\/article\/avropa-surasinin-hesabatinda-seslenen-faktlar-huquqi-qiymetini-alacaqmi\/#primaryimage"},"image":{"@id":"https:\/\/www.meydan.tv\/az\/article\/avropa-surasinin-hesabatinda-seslenen-faktlar-huquqi-qiymetini-alacaqmi\/#primaryimage"},"thumbnailUrl":"https:\/\/www.meydan.tv\/wp-content\/uploads\/32289.jpg","datePublished":"2018-04-24T18:23:47+00:00","breadcrumb":{"@id":"https:\/\/www.meydan.tv\/az\/article\/avropa-surasinin-hesabatinda-seslenen-faktlar-huquqi-qiymetini-alacaqmi\/#breadcrumb"},"inLanguage":"az","potentialAction":[{"@type":"ReadAction","target":["https:\/\/www.meydan.tv\/az\/article\/avropa-surasinin-hesabatinda-seslenen-faktlar-huquqi-qiymetini-alacaqmi\/"]}]},{"@type":"ImageObject","inLanguage":"az","@id":"https:\/\/www.meydan.tv\/az\/article\/avropa-surasinin-hesabatinda-seslenen-faktlar-huquqi-qiymetini-alacaqmi\/#primaryimage","url":"https:\/\/www.meydan.tv\/wp-content\/uploads\/32289.jpg","contentUrl":"https:\/\/www.meydan.tv\/wp-content\/uploads\/32289.jpg","width":810,"height":450,"caption":"Foto: A.\u018fbilovun \u015f\u0259xsi arxivind\u0259n"},{"@type":"BreadcrumbList","@id":"https:\/\/www.meydan.tv\/az\/article\/avropa-surasinin-hesabatinda-seslenen-faktlar-huquqi-qiymetini-alacaqmi\/#breadcrumb","itemListElement":[{"@type":"ListItem","position":1,"name":"Ana s\u0259hif\u0259","item":"https:\/\/www.meydan.tv\/az\/"},{"@type":"ListItem","position":2,"name":"Analitika","item":"https:\/\/www.meydan.tv\/az\/section\/analitika\/"},{"@type":"ListItem","position":3,"name":"Avropa \u015euras\u0131n\u0131n hesabat\u0131nda s\u0259sl\u0259n\u0259n faktlar h\u00fcquqi qiym\u0259tini alacaqm\u0131?"}]},{"@type":"WebSite","@id":"https:\/\/www.meydan.tv\/az\/#website","url":"https:\/\/www.meydan.tv\/az\/","name":"MEYDAN.TV","description":"Meydan TV Az\u0259rbaycan\u0131n media m\u0259kan\u0131ndak\u0131 alternativ s\u0259sidir","publisher":{"@id":"https:\/\/www.meydan.tv\/az\/#organization"},"potentialAction":[{"@type":"SearchAction","target":{"@type":"EntryPoint","urlTemplate":"https:\/\/www.meydan.tv\/az\/?s={search_term_string}"},"query-input":{"@type":"PropertyValueSpecification","valueRequired":true,"valueName":"search_term_string"}}],"inLanguage":"az"},{"@type":"Organization","@id":"https:\/\/www.meydan.tv\/az\/#organization","name":"Meydan TV","url":"https:\/\/www.meydan.tv\/az\/","logo":{"@type":"ImageObject","inLanguage":"az","@id":"https:\/\/www.meydan.tv\/az\/#\/schema\/logo\/image\/","url":"https:\/\/www.meydan.tv\/wp-content\/uploads\/2021\/07\/meydan-logo.svg","contentUrl":"https:\/\/www.meydan.tv\/wp-content\/uploads\/2021\/07\/meydan-logo.svg","width":195,"height":46,"caption":"Meydan TV"},"image":{"@id":"https:\/\/www.meydan.tv\/az\/#\/schema\/logo\/image\/"}},{"@type":"Person","@id":"https:\/\/www.meydan.tv\/az\/#\/schema\/person\/10d11eccf6da3662cf5fdab9806ea91a","name":"user-manager"}]}},"_links":{"self":[{"href":"https:\/\/www.meydan.tv\/az\/wp-json\/wp\/v2\/posts\/189695","targetHints":{"allow":["GET"]}}],"collection":[{"href":"https:\/\/www.meydan.tv\/az\/wp-json\/wp\/v2\/posts"}],"about":[{"href":"https:\/\/www.meydan.tv\/az\/wp-json\/wp\/v2\/types\/post"}],"author":[{"embeddable":true,"href":"https:\/\/www.meydan.tv\/az\/wp-json\/wp\/v2\/users\/11"}],"replies":[{"embeddable":true,"href":"https:\/\/www.meydan.tv\/az\/wp-json\/wp\/v2\/comments?post=189695"}],"version-history":[{"count":0,"href":"https:\/\/www.meydan.tv\/az\/wp-json\/wp\/v2\/posts\/189695\/revisions"}],"wp:featuredmedia":[{"embeddable":true,"href":"https:\/\/www.meydan.tv\/az\/wp-json\/wp\/v2\/media\/82396"}],"wp:attachment":[{"href":"https:\/\/www.meydan.tv\/az\/wp-json\/wp\/v2\/media?parent=189695"}],"wp:term":[{"taxonomy":"category","embeddable":true,"href":"https:\/\/www.meydan.tv\/az\/wp-json\/wp\/v2\/categories?post=189695"},{"taxonomy":"post_tag","embeddable":true,"href":"https:\/\/www.meydan.tv\/az\/wp-json\/wp\/v2\/tags?post=189695"}],"curies":[{"name":"wp","href":"https:\/\/api.w.org\/{rel}","templated":true}]}}