{"id":189691,"date":"2018-04-24T17:04:03","date_gmt":"2018-04-24T17:04:03","guid":{"rendered":"https:\/\/www.meydan.tv\/article\/nariskinin-qefil-baki-seferi-suallar-dogurub\/"},"modified":"2018-04-24T17:04:03","modified_gmt":"2018-04-24T17:04:03","slug":"nariskinin-qefil-baki-seferi-suallar-dogurub","status":"publish","type":"post","link":"https:\/\/www.meydan.tv\/az\/article\/nariskinin-qefil-baki-seferi-suallar-dogurub\/","title":{"rendered":"Nar\u0131\u015fkinin q\u0259fil Bak\u0131 s\u0259f\u0259ri suallar do\u011furub"},"content":{"rendered":"<figure class=\"wp-block-image size-large\">\n  <img decoding=\"async\" src=\"https:\/\/www.meydan.tv\/az\/foto-azertac-20\/\" alt=\"foto Az\u0259rtac\" class=\"wp-image-102709\"\/><figcaption>\n    foto Az\u0259rtac<br \/>\n  <\/figcaption><\/figure>\n<p>\n  <i><br \/>\n    &#8221;O, Bak\u0131dan hans\u0131sa \u00e7\u0259r\u00e7iv\u0259d\u0259 Erm\u0259nistana ya m\u00fcdaxil\u0259ni, ya da m\u00fcdaxil\u0259 etm\u0259m\u0259yi xahi\u015f ed\u0259c\u0259k&#8221;<br \/>\n  <\/i>\n<\/p>\n<p>\n  Aprelin 24-d\u0259 Rusiya Federasiyas\u0131 Xarici K\u0259\u015ffiyyat Xidm\u0259tinin direktoru Sergey Nar\u0131\u015fkin Bak\u0131ya g\u0259lib v\u0259 Az\u0259rbaycan Prezidenti \u0130lham \u018fliyevl\u0259 g\u00f6r\u00fc\u015f ke\u00e7irib.<br \/>\n  <br \/>\n  Bu s\u0259f\u0259r, Erm\u0259nistanda bir h\u0259ft\u0259 davam ed\u0259n etiraz aksiyalar\u0131n\u0131n n\u0259tic\u0259si olaraq \u00f6lk\u0259nin ba\u015f naziri Serj Sarkisyan istefas\u0131ndan bir g\u00fcn sonra ba\u015f tutub.\n<\/p>\n<p>\n  R\u0259smi m\u0259lumata g\u00f6r\u0259, s\u00f6hb\u0259t zaman\u0131 Az\u0259rbaycan-Rusiya strateji t\u0259r\u0259fda\u015fl\u0131q m\u00fcnasib\u0259tl\u0259rinin u\u011furla inki\u015faf etdiyi qeyd olunub, \u0259laq\u0259l\u0259rin perspektivl\u0259ri \u0259traf\u0131nda fikir m\u00fcbadil\u0259si apar\u0131l\u0131b. Qeyd edilib ki, b\u00fct\u00fcn sah\u0259l\u0259rd\u0259 oldu\u011fu kimi, t\u0259hl\u00fck\u0259sizlik sah\u0259sind\u0259 d\u0259 \u0259m\u0259kda\u015fl\u0131q u\u011furla davam edir.\n<\/p>\n<p>\n  \u201cO, \u0130lham \u018fliyevi prezident se\u00e7kil\u0259rind\u0259 inaml\u0131 q\u0259l\u0259b\u0259 qazanmas\u0131 m\u00fcnasib\u0259til\u0259 t\u0259brik etdi, bunu Az\u0259rbaycan xalq\u0131n\u0131n b\u00f6y\u00fck etimad\u0131 kimi d\u0259y\u0259rl\u0259ndir\u0259r\u0259k se\u00e7kil\u0259rin n\u0259tic\u0259l\u0259rini h\u0259m d\u0259 Az\u0259rbaycan xalq\u0131n\u0131n q\u0259l\u0259b\u0259si kimi qiym\u0259tl\u0259ndirdi. T\u0259brikl\u0259r\u0259 g\u00f6r\u0259 minn\u0259tdarl\u0131\u011f\u0131n\u0131 bildir\u0259n Prezident \u0130lham \u018fliyev h\u0259m Az\u0259rbaycanda, h\u0259m d\u0259 Rusiyada ke\u00e7iril\u0259n son prezident se\u00e7kil\u0259rin\u0259 toxunaraq qeyd etdi ki, b\u00fct\u00fcn bunlar Rusiya v\u0259 Az\u0259rbaycan r\u0259hb\u0259rliyi t\u0259r\u0259find\u0259n h\u0259yata ke\u00e7iril\u0259n siyas\u0259t\u0259 xalqlar\u0131m\u0131z\u0131n verdiyi d\u0259st\u0259yin n\u00fcmayi\u015fidir\u201d.\n<\/p>\n<figure class=\"wp-block-image size-large\">\n  <img decoding=\"async\" src=\"https:\/\/www.meydan.tv\/az\/hikmet-hacizade-8\/\" alt=\"Hikm\u0259t Hac\u0131zad\u0259\" class=\"wp-image-77169\"\/><figcaption>\n    Hikm\u0259t Hac\u0131zad\u0259<br \/>\n  <\/figcaption><\/figure>\n<p>\n  Az\u0259rbaycan\u0131n Rusiyada 1992-93-c\u00fc ill\u0259rd\u0259 s\u0259firi olmu\u015f Hikm\u0259t Hac\u0131zad\u0259 Meydan TV-y\u0259 deyib ki, Nar\u0131\u015fkinin s\u0259f\u0259rinin \u0259vv\u0259lc\u0259d\u0259n d\u0259 planla\u015fd\u0131r\u0131ld\u0131\u011f\u0131n\u0131 d\u00fc\u015f\u00fcnm\u0259k olar. G\u00f6r\u00fc\u015fd\u0259 regional t\u0259hl\u00fck\u0259sizlik m\u0259s\u0259l\u0259l\u0259ri m\u00fczakir\u0259 olunubsa, dem\u0259li, Erm\u0259nistdandak\u0131 23 aprel olaylar\u0131, Sarkisyan\u0131n istefas\u0131 v\u0259 x\u00fcsusil\u0259 Da\u011fl\u0131q Qaraba\u011fla ba\u011fl\u0131 s\u00f6hb\u0259t edibl\u0259r. Amma r\u0259smi informasiya \u0259hat\u0259li olmad\u0131\u011f\u0131ndan yaln\u0131z ehtimallarla dan\u0131\u015fmaq olar.\n<\/p>\n<p>\n  Siyasi icmal\u00e7\u0131 \u0130lqar V\u0259lizad\u0259 Sergey Nar\u0131\u015fkinin Bak\u0131 s\u0259f\u0259ri il\u0259 Yerevandak\u0131 hadis\u0259l\u0259rl\u0259 birba\u015fa \u0259laq\u0259 g\u00f6rm\u00fcr:\n<\/p>\n<p>\n  \u201cS\u0259f\u0259rin hadis\u0259l\u0259rl\u0259 \u00fcst-\u00fcst\u0259 d\u00fc\u015fm\u0259si \u015f\u0259ksizdir, amma Nar\u0131\u015fkinin Bak\u0131 s\u0259f\u0259rini daha geni\u015f siyasi kontekstd\u0259 izah etm\u0259k olar. M\u0259s\u0259l\u0259n, NATO y\u00fcks\u0259k \u00e7inlisi il\u0259 Rusiya ba\u015f q\u0259rargah r\u0259isi bir ne\u00e7\u0259 g\u00fcn \u0259vv\u0259l Bak\u0131da g\u00f6r\u00fc\u015f\u00fcb:\n<\/p>\n<figure class=\"wp-block-image size-large\">\n  <img decoding=\"async\" src=\"https:\/\/www.meydan.tv\/az\/ilqar-velizade-7\/\" alt=\"\u0130lqar V\u0259lizad\u0259\" class=\"wp-image-63278\"\/><figcaption>\n    \u0130lqar V\u0259lizad\u0259<br \/>\n  <\/figcaption><\/figure>\n<p>\n  \u201cRusiya v\u0259 q\u0259rbin t\u0259hl\u00fck\u0259sizlik m\u00fczakir\u0259l\u0259rini Bak\u0131da m\u00fct\u0259madi ke\u00e7irm\u0259si adi hal al\u0131b. M\u0259nc\u0259, t\u0259hl\u00fck\u0259sizlik m\u0259s\u0259l\u0259si daha \u00e7ox diqq\u0259t \u00e7\u0259klir, n\u0259inki Erm\u0259nistandak\u0131 hadis\u0259l\u0259r. Onsuz da Erm\u0259nistanda Rusiyan\u0131n kifay\u0259t q\u0259d\u0259r dayaqlar\u0131 var, ona g\u00f6r\u0259 s\u0259f\u0259rin ordak\u0131 hadis\u0259l\u0259rl\u0259 birba\u015fa ba\u011fl\u0131l\u0131\u011f\u0131n\u0131 g\u00f6rm\u00fcr\u0259m\u201d.\n<\/p>\n<p>\n  M\u00fchacir\u0259td\u0259 ya\u015fayan siyasi m\u00fchacir Rauf Mirq\u0259dirov xat\u0131rlad\u0131b ki, 11 aprel n\u00f6vb\u0259d\u0259nk\u0259nar se\u00e7kil\u0259rind\u0259n f\u0259rqli olaraq Rusiya r\u0259smil\u0259ri \u0259vv\u0259lki ill\u0259rd\u0259 se\u00e7ki \u0259r\u0259f\u0259si Bak\u0131ya g\u0259lib hakimiyy\u0259t\u0259 d\u0259st\u0259kl\u0259rini n\u00fcmayi\u015f etdirirdil\u0259r. Bu ilki se\u00e7kil\u0259rd\u0259 hakimiyy\u0259t \u00fc\u00e7\u00fcn t\u0259hl\u00fck\u0259li bir \u015fey olmad\u0131 v\u0259 n\u0259tic\u0259l\u0259rl\u0259 ba\u011fl\u0131 ciddi etiraz yaranmad\u0131\u011f\u0131ndan hakimiyy\u0259t \u00f6z\u00fcn\u00fc kifay\u0259t q\u0259d\u0259r rahat hiss edir. Ona g\u00f6r\u0259 Sergey Nar\u0131\u015fkinin s\u0259f\u0259ri Az\u0259rbaycandak\u0131 daxili v\u0259ziyy\u0259tl\u0259 ba\u011fl\u0131 ola bilm\u0259z. Yeni h\u00f6kum\u0259t formala\u015fd\u0131\u011f\u0131ndan r\u0259smi Bak\u0131n\u0131n xarici siyasi f\u0259all\u0131\u011f\u0131 o q\u0259d\u0259r d\u0259 y\u00fcks\u0259k deyil v\u0259 beyn\u0259lxalq al\u0259md\u0259 d\u0259 Az\u0259rbaycandan ciddi as\u0131l\u0131 olan hadis\u0259 d\u0259 ba\u015f vermir. Bu m\u0259nada Nar\u0131\u015fkinin Bak\u0131 s\u0259f\u0259rini Erm\u0259nistandak\u0131 hadis\u0259l\u0259rl\u0259 \u0259laq\u0259l\u0259ndirm\u0259k m\u00fcmk\u00fcnd\u00fcr.\n<\/p>\n<p>\n  Rauf Mirq\u0259dirovun s\u00f6zl\u0259rin\u0259 g\u00f6r\u0259, R\u0259smi Bak\u0131 Erm\u0259nistandak\u0131 hadis\u0259l\u0259rl\u0259 ba\u011fl\u0131 h\u0259l\u0259lik praqmatik v\u0259 rasional davran\u0131r, y\u0259ni v\u0259ziyy\u0259td\u0259n istifad\u0259 etmir.\n<\/p>\n<p>\n  O xat\u0131rlad\u0131b ki, \u0259vv\u0259ll\u0259r h\u0259r iki respublikada daxili durum g\u0259rginl\u0259\u015f\u0259nd\u0259, operativ olaraq m\u00fcnaqi\u015f\u0259 zonas\u0131nda da toqqu\u015fmalar olurdu:\n<\/p>\n<p>\n  \u201cBu bax\u0131mdan \u201cTuran\u201d \u0130nformasiya Agentliyinin direktoru Mehman \u018fliyevl\u0259 raz\u0131la\u015fmaq olar ki, Az\u0259rbaycan bu d\u0259f\u0259 Sarkisyan\u0131n xilas olunmas\u0131nda yard\u0131m\u00e7\u0131 olmad\u0131. C\u0259bh\u0259 x\u0259ttind\u0259 ciddi toqqu\u015fmalar olsayd\u0131, Erm\u0259nistan c\u0259miyy\u0259ti monolitl\u0259\u015f\u0259r v\u0259 daxili qar\u015f\u0131durmalar\u0131 arxa plana ke\u00e7ir\u0259rdi. N\u0259d\u0259ns\u0259, Az\u0259rbaycan hakimiyy\u0259ti \u00fc\u00e7\u00fcn Sarkisyan m\u0259qbul t\u0259r\u0259f m\u00fcqabili deyil. Amma s\u0259b\u0259bini d\u0259qiq dem\u0259k olmur\u201d.\n<\/p>\n<p>\n  Dig\u0259r t\u0259r\u0259fd\u0259n ekspertin fikrinc\u0259, xarici oyun\u00e7ular \u00fc\u00e7\u00fcn bel\u0259 variant maraql\u0131 ola bil\u0259r:\n<\/p>\n<p>\n  \u201cM\u0259s\u0259l\u0259 ondad\u0131r ki, aprelin 16-dan Erm\u0259nistanda ba\u015flayan etiraz h\u0259rakat\u0131n\u0131n liderl\u0259ri ikinci d\u0259r\u0259c\u0259li idi, \u0259n\u0259n\u0259vi liderl\u0259r b\u0259yanatlar vers\u0259l\u0259r d\u0259, meydanda deyildil\u0259r. M\u0259s\u0259l\u0259n, Karen D\u0259mir\u00e7iyan\u0131n v\u0259 Vazgen Sarqsyan Ko\u00e7aryan hakimiyy\u0259tin\u0259 qar\u015f\u0131 m\u00fcxalif\u0259td\u0259 olmu\u015fdular, onlar\u0131 1999-cu ild\u0259 parlamentd\u0259 \u00f6ld\u00fcr\u0259nd\u0259n sonra, birincisinin o\u011flu, ikincisinin qarda\u015f\u0131 m\u00fcxalif\u0259t\u00e7i oldular. Eyni zamanda, sabiq prezident Petrosyan \u0259n\u0259n\u0259vi m\u00fcxalif\u0259t liderl\u0259rind\u0259n idi. \u0130kinci plan m\u00fcxalif\u0259t liderl\u0259ri Pa\u015finyan v\u0259 S\u0259lifyan\u0131n onlardan f\u0259rqi o idi ki, Qaraba\u011fdan deyill\u0259r\u201d.\n<\/p>\n<figure class=\"wp-block-image size-large\">\n  <img decoding=\"async\" src=\"https:\/\/www.meydan.tv\/az\/rauf-mirqedirov-2\/\" alt=\"Rauf Mirq\u0259dirov\" class=\"wp-image-50606\"\/><figcaption>\n    Rauf Mirq\u0259dirov<br \/>\n  <\/figcaption><\/figure>\n<p>\n  R.Mirq\u0259dirov qeyd edib ki, parlamentd\u0259ki 9 n\u0259f\u0259rd\u0259n ibar\u0259t \u201cYelk\u201d (\u00c7\u0131x\u0131\u015f) blokunun t\u0259msil\u00e7il\u0259ri Pa\u015finyan Yerevanda, S\u0259lifyan is\u0259 \u0130randa do\u011fulub, ikisi d\u0259 h\u0259bsxana h\u0259yat\u0131 ke\u00e7ib:\n<\/p>\n<p>\n  &#8221;Amma iqtisadi-siyasi resurslara malik deyill\u0259r\u201d.\n<\/p>\n<p>\n  O hesab edir ki, bu prosesd\u0259 maraql\u0131 bir fiqur var:\n<\/p>\n<p>\n  \u201cQaraba\u011fda do\u011fulan v\u0259 2012-ci il\u0259 q\u0259d\u0259r Yerevan\u0131n meri olan Karen Karapetyan, haz\u0131rda ba\u015f nazirin v\u0259zif\u0259sini icra edir. Karapetyan mer v\u0259zif\u0259sind\u0259n istefa ver\u0259nd\u0259n sonra Rusiyan\u0131n \u201cQazprom\u201d \u015firk\u0259tind\u0259 y\u00fcks\u0259k v\u0259zif\u0259l\u0259rd\u0259 \u00e7al\u0131\u015f\u0131b. 2016-c\u0131 ild\u0259 yenid\u0259n ba\u015f nazirliy\u0259 g\u0259tirils\u0259 d\u0259, istefaya getm\u0259y\u0259 m\u0259cbur etdil\u0259r, \u00e7\u00fcnki Sarkisyan ba\u015f nazir olmal\u0131yd\u0131. Haz\u0131rda parlamentd\u0259 meydandak\u0131lar\u0131n etirazlar\u0131n s\u0259sini 9 n\u0259f\u0259rlik \u201cYerk\u201d bloku t\u0259msil edir v\u0259 onlar q\u0259rarlar\u0131n q\u0259buluna ciddi t\u0259sir g\u00f6st\u0259r\u0259 bilmirl\u0259r. \u018fg\u0259r \u00e7oxluqda olan Da\u015fnaks\u00fctun v\u0259 Respublika\u00e7\u0131lar ortaq m\u0259xr\u0259c\u0259 g\u0259lib g\u00fcc strukturlar\u0131 vasit\u0259sil\u0259 hadis\u0259l\u0259ri n\u0259zar\u0259t alt\u0131na alsalar, etiraz\u00e7\u0131lar\u0131n yeni se\u00e7ki t\u0259l\u0259bini yerin\u0259 yetirm\u0259y\u0259 bil\u0259rl\u0259r. Bu bax\u0131mdan Sergey Nar\u0131\u015fkinin Bak\u0131 s\u0259f\u0259ri maraql\u0131d\u0131r. Y\u0259ni Az\u0259rbaycan\u0131n qar\u0131\u015fmay\u0131b Erm\u0259nistandak\u0131 hadis\u0259l\u0259ri \u00f6z axar\u0131na buraxmas\u0131 t\u0259sirdir. Az\u0259rbaycan yaln\u0131z h\u0259rbi \u0259m\u0259liyyatlara ba\u015flamaqla, m\u00fcdaxil\u0259 ed\u0259 bil\u0259r v\u0259 bu da, erm\u0259ni c\u0259miyy\u0259tini bir araya g\u0259tir\u0259r. Bel\u0259 olanda, Nar\u0131\u015fkin Bak\u0131dan hans\u0131sa \u00e7\u0259r\u00e7iv\u0259d\u0259 ya m\u00fcdaxil\u0259ni, ya da m\u00fcdaxil\u0259 etm\u0259m\u0259yi xahi\u015f ed\u0259c\u0259k\u201d.<\/p>\n","protected":false},"excerpt":{"rendered":"<p>&#8221;O, Bak\u0131dan hans\u0131sa \u00e7\u0259r\u00e7iv\u0259d\u0259 Erm\u0259nistana ya m\u00fcdaxil\u0259ni, ya da m\u00fcdaxil\u0259 etm\u0259m\u0259yi xahi\u015f ed\u0259c\u0259k&#8221;<\/p>\n","protected":false},"author":11,"featured_media":102709,"comment_status":"closed","ping_status":"open","sticky":false,"template":"","format":"standard","meta":{"_acf_changed":false,"_sitemap_exclude":false,"_sitemap_priority":"","_sitemap_frequency":"","footnotes":""},"categories":[51],"tags":[],"class_list":["post-189691","post","type-post","status-publish","format-standard","has-post-thumbnail","hentry","category-analitika","infinite-scroll-item","generate-columns","tablet-grid-50","mobile-grid-100","grid-parent","grid-33","no-featured-image-padding"],"acf":[],"yoast_head":"<!-- This site is optimized with the Yoast SEO plugin v27.4 - https:\/\/yoast.com\/product\/yoast-seo-wordpress\/ -->\n<title>Nar\u0131\u015fkinin q\u0259fil Bak\u0131 s\u0259f\u0259ri suallar do\u011furub - MEYDAN.TV<\/title>\n<meta name=\"robots\" content=\"index, follow, max-snippet:-1, max-image-preview:large, max-video-preview:-1\" \/>\n<link rel=\"canonical\" href=\"https:\/\/www.meydan.tv\/az\/article\/nariskinin-qefil-baki-seferi-suallar-dogurub\/\" \/>\n<meta property=\"og:locale\" content=\"az_AZ\" \/>\n<meta property=\"og:type\" content=\"article\" \/>\n<meta property=\"og:title\" content=\"Nar\u0131\u015fkinin q\u0259fil Bak\u0131 s\u0259f\u0259ri suallar do\u011furub - MEYDAN.TV\" \/>\n<meta property=\"og:description\" content=\"&#039;&#039;O, Bak\u0131dan hans\u0131sa \u00e7\u0259r\u00e7iv\u0259d\u0259 Erm\u0259nistana ya m\u00fcdaxil\u0259ni, ya da m\u00fcdaxil\u0259 etm\u0259m\u0259yi xahi\u015f ed\u0259c\u0259k&#039;&#039;\" \/>\n<meta property=\"og:url\" content=\"https:\/\/www.meydan.tv\/az\/article\/nariskinin-qefil-baki-seferi-suallar-dogurub\/\" \/>\n<meta property=\"og:site_name\" content=\"MEYDAN.TV\" \/>\n<meta property=\"article:published_time\" content=\"2018-04-24T17:04:03+00:00\" \/>\n<meta property=\"og:image\" content=\"https:\/\/www.meydan.tv\/wp-content\/uploads\/40728.jpg\" \/>\n\t<meta property=\"og:image:width\" content=\"1000\" \/>\n\t<meta property=\"og:image:height\" content=\"653\" \/>\n\t<meta property=\"og:image:type\" content=\"image\/jpeg\" \/>\n<meta name=\"author\" content=\"user-manager\" \/>\n<meta name=\"twitter:card\" content=\"summary_large_image\" \/>\n<script type=\"application\/ld+json\" class=\"yoast-schema-graph\">{\"@context\":\"https:\\\/\\\/schema.org\",\"@graph\":[{\"@type\":\"Article\",\"@id\":\"https:\\\/\\\/www.meydan.tv\\\/az\\\/article\\\/nariskinin-qefil-baki-seferi-suallar-dogurub\\\/#article\",\"isPartOf\":{\"@id\":\"https:\\\/\\\/www.meydan.tv\\\/az\\\/article\\\/nariskinin-qefil-baki-seferi-suallar-dogurub\\\/\"},\"author\":{\"name\":\"user-manager\",\"@id\":\"https:\\\/\\\/www.meydan.tv\\\/az\\\/#\\\/schema\\\/person\\\/10d11eccf6da3662cf5fdab9806ea91a\"},\"headline\":\"Nar\u0131\u015fkinin q\u0259fil Bak\u0131 s\u0259f\u0259ri suallar do\u011furub\",\"datePublished\":\"2018-04-24T17:04:03+00:00\",\"mainEntityOfPage\":{\"@id\":\"https:\\\/\\\/www.meydan.tv\\\/az\\\/article\\\/nariskinin-qefil-baki-seferi-suallar-dogurub\\\/\"},\"wordCount\":1292,\"publisher\":{\"@id\":\"https:\\\/\\\/www.meydan.tv\\\/az\\\/#organization\"},\"image\":{\"@id\":\"https:\\\/\\\/www.meydan.tv\\\/az\\\/article\\\/nariskinin-qefil-baki-seferi-suallar-dogurub\\\/#primaryimage\"},\"thumbnailUrl\":\"https:\\\/\\\/www.meydan.tv\\\/wp-content\\\/uploads\\\/40728.jpg\",\"articleSection\":[\"Analitika\"],\"inLanguage\":\"az\"},{\"@type\":\"WebPage\",\"@id\":\"https:\\\/\\\/www.meydan.tv\\\/az\\\/article\\\/nariskinin-qefil-baki-seferi-suallar-dogurub\\\/\",\"url\":\"https:\\\/\\\/www.meydan.tv\\\/az\\\/article\\\/nariskinin-qefil-baki-seferi-suallar-dogurub\\\/\",\"name\":\"Nar\u0131\u015fkinin q\u0259fil Bak\u0131 s\u0259f\u0259ri suallar do\u011furub - MEYDAN.TV\",\"isPartOf\":{\"@id\":\"https:\\\/\\\/www.meydan.tv\\\/az\\\/#website\"},\"primaryImageOfPage\":{\"@id\":\"https:\\\/\\\/www.meydan.tv\\\/az\\\/article\\\/nariskinin-qefil-baki-seferi-suallar-dogurub\\\/#primaryimage\"},\"image\":{\"@id\":\"https:\\\/\\\/www.meydan.tv\\\/az\\\/article\\\/nariskinin-qefil-baki-seferi-suallar-dogurub\\\/#primaryimage\"},\"thumbnailUrl\":\"https:\\\/\\\/www.meydan.tv\\\/wp-content\\\/uploads\\\/40728.jpg\",\"datePublished\":\"2018-04-24T17:04:03+00:00\",\"breadcrumb\":{\"@id\":\"https:\\\/\\\/www.meydan.tv\\\/az\\\/article\\\/nariskinin-qefil-baki-seferi-suallar-dogurub\\\/#breadcrumb\"},\"inLanguage\":\"az\",\"potentialAction\":[{\"@type\":\"ReadAction\",\"target\":[\"https:\\\/\\\/www.meydan.tv\\\/az\\\/article\\\/nariskinin-qefil-baki-seferi-suallar-dogurub\\\/\"]}]},{\"@type\":\"ImageObject\",\"inLanguage\":\"az\",\"@id\":\"https:\\\/\\\/www.meydan.tv\\\/az\\\/article\\\/nariskinin-qefil-baki-seferi-suallar-dogurub\\\/#primaryimage\",\"url\":\"https:\\\/\\\/www.meydan.tv\\\/wp-content\\\/uploads\\\/40728.jpg\",\"contentUrl\":\"https:\\\/\\\/www.meydan.tv\\\/wp-content\\\/uploads\\\/40728.jpg\",\"width\":1000,\"height\":653,\"caption\":\"Source:\"},{\"@type\":\"BreadcrumbList\",\"@id\":\"https:\\\/\\\/www.meydan.tv\\\/az\\\/article\\\/nariskinin-qefil-baki-seferi-suallar-dogurub\\\/#breadcrumb\",\"itemListElement\":[{\"@type\":\"ListItem\",\"position\":1,\"name\":\"Ana s\u0259hif\u0259\",\"item\":\"https:\\\/\\\/www.meydan.tv\\\/az\\\/\"},{\"@type\":\"ListItem\",\"position\":2,\"name\":\"Analitika\",\"item\":\"https:\\\/\\\/www.meydan.tv\\\/az\\\/section\\\/analitika\\\/\"},{\"@type\":\"ListItem\",\"position\":3,\"name\":\"Nar\u0131\u015fkinin q\u0259fil Bak\u0131 s\u0259f\u0259ri suallar do\u011furub\"}]},{\"@type\":\"WebSite\",\"@id\":\"https:\\\/\\\/www.meydan.tv\\\/az\\\/#website\",\"url\":\"https:\\\/\\\/www.meydan.tv\\\/az\\\/\",\"name\":\"MEYDAN.TV\",\"description\":\"Meydan TV Az\u0259rbaycan\u0131n media m\u0259kan\u0131ndak\u0131 alternativ s\u0259sidir\",\"publisher\":{\"@id\":\"https:\\\/\\\/www.meydan.tv\\\/az\\\/#organization\"},\"potentialAction\":[{\"@type\":\"SearchAction\",\"target\":{\"@type\":\"EntryPoint\",\"urlTemplate\":\"https:\\\/\\\/www.meydan.tv\\\/az\\\/?s={search_term_string}\"},\"query-input\":{\"@type\":\"PropertyValueSpecification\",\"valueRequired\":true,\"valueName\":\"search_term_string\"}}],\"inLanguage\":\"az\"},{\"@type\":\"Organization\",\"@id\":\"https:\\\/\\\/www.meydan.tv\\\/az\\\/#organization\",\"name\":\"Meydan TV\",\"url\":\"https:\\\/\\\/www.meydan.tv\\\/az\\\/\",\"logo\":{\"@type\":\"ImageObject\",\"inLanguage\":\"az\",\"@id\":\"https:\\\/\\\/www.meydan.tv\\\/az\\\/#\\\/schema\\\/logo\\\/image\\\/\",\"url\":\"https:\\\/\\\/www.meydan.tv\\\/wp-content\\\/uploads\\\/2021\\\/07\\\/meydan-logo.svg\",\"contentUrl\":\"https:\\\/\\\/www.meydan.tv\\\/wp-content\\\/uploads\\\/2021\\\/07\\\/meydan-logo.svg\",\"width\":195,\"height\":46,\"caption\":\"Meydan TV\"},\"image\":{\"@id\":\"https:\\\/\\\/www.meydan.tv\\\/az\\\/#\\\/schema\\\/logo\\\/image\\\/\"}},{\"@type\":\"Person\",\"@id\":\"https:\\\/\\\/www.meydan.tv\\\/az\\\/#\\\/schema\\\/person\\\/10d11eccf6da3662cf5fdab9806ea91a\",\"name\":\"user-manager\"}]}<\/script>\n<!-- \/ Yoast SEO plugin. -->","yoast_head_json":{"title":"Nar\u0131\u015fkinin q\u0259fil Bak\u0131 s\u0259f\u0259ri suallar do\u011furub - MEYDAN.TV","robots":{"index":"index","follow":"follow","max-snippet":"max-snippet:-1","max-image-preview":"max-image-preview:large","max-video-preview":"max-video-preview:-1"},"canonical":"https:\/\/www.meydan.tv\/az\/article\/nariskinin-qefil-baki-seferi-suallar-dogurub\/","og_locale":"az_AZ","og_type":"article","og_title":"Nar\u0131\u015fkinin q\u0259fil Bak\u0131 s\u0259f\u0259ri suallar do\u011furub - MEYDAN.TV","og_description":"''O, Bak\u0131dan hans\u0131sa \u00e7\u0259r\u00e7iv\u0259d\u0259 Erm\u0259nistana ya m\u00fcdaxil\u0259ni, ya da m\u00fcdaxil\u0259 etm\u0259m\u0259yi xahi\u015f ed\u0259c\u0259k''","og_url":"https:\/\/www.meydan.tv\/az\/article\/nariskinin-qefil-baki-seferi-suallar-dogurub\/","og_site_name":"MEYDAN.TV","article_published_time":"2018-04-24T17:04:03+00:00","og_image":[{"width":1000,"height":653,"url":"https:\/\/www.meydan.tv\/wp-content\/uploads\/40728.jpg","type":"image\/jpeg"}],"author":"user-manager","twitter_card":"summary_large_image","schema":{"@context":"https:\/\/schema.org","@graph":[{"@type":"Article","@id":"https:\/\/www.meydan.tv\/az\/article\/nariskinin-qefil-baki-seferi-suallar-dogurub\/#article","isPartOf":{"@id":"https:\/\/www.meydan.tv\/az\/article\/nariskinin-qefil-baki-seferi-suallar-dogurub\/"},"author":{"name":"user-manager","@id":"https:\/\/www.meydan.tv\/az\/#\/schema\/person\/10d11eccf6da3662cf5fdab9806ea91a"},"headline":"Nar\u0131\u015fkinin q\u0259fil Bak\u0131 s\u0259f\u0259ri suallar do\u011furub","datePublished":"2018-04-24T17:04:03+00:00","mainEntityOfPage":{"@id":"https:\/\/www.meydan.tv\/az\/article\/nariskinin-qefil-baki-seferi-suallar-dogurub\/"},"wordCount":1292,"publisher":{"@id":"https:\/\/www.meydan.tv\/az\/#organization"},"image":{"@id":"https:\/\/www.meydan.tv\/az\/article\/nariskinin-qefil-baki-seferi-suallar-dogurub\/#primaryimage"},"thumbnailUrl":"https:\/\/www.meydan.tv\/wp-content\/uploads\/40728.jpg","articleSection":["Analitika"],"inLanguage":"az"},{"@type":"WebPage","@id":"https:\/\/www.meydan.tv\/az\/article\/nariskinin-qefil-baki-seferi-suallar-dogurub\/","url":"https:\/\/www.meydan.tv\/az\/article\/nariskinin-qefil-baki-seferi-suallar-dogurub\/","name":"Nar\u0131\u015fkinin q\u0259fil Bak\u0131 s\u0259f\u0259ri suallar do\u011furub - MEYDAN.TV","isPartOf":{"@id":"https:\/\/www.meydan.tv\/az\/#website"},"primaryImageOfPage":{"@id":"https:\/\/www.meydan.tv\/az\/article\/nariskinin-qefil-baki-seferi-suallar-dogurub\/#primaryimage"},"image":{"@id":"https:\/\/www.meydan.tv\/az\/article\/nariskinin-qefil-baki-seferi-suallar-dogurub\/#primaryimage"},"thumbnailUrl":"https:\/\/www.meydan.tv\/wp-content\/uploads\/40728.jpg","datePublished":"2018-04-24T17:04:03+00:00","breadcrumb":{"@id":"https:\/\/www.meydan.tv\/az\/article\/nariskinin-qefil-baki-seferi-suallar-dogurub\/#breadcrumb"},"inLanguage":"az","potentialAction":[{"@type":"ReadAction","target":["https:\/\/www.meydan.tv\/az\/article\/nariskinin-qefil-baki-seferi-suallar-dogurub\/"]}]},{"@type":"ImageObject","inLanguage":"az","@id":"https:\/\/www.meydan.tv\/az\/article\/nariskinin-qefil-baki-seferi-suallar-dogurub\/#primaryimage","url":"https:\/\/www.meydan.tv\/wp-content\/uploads\/40728.jpg","contentUrl":"https:\/\/www.meydan.tv\/wp-content\/uploads\/40728.jpg","width":1000,"height":653,"caption":"Source:"},{"@type":"BreadcrumbList","@id":"https:\/\/www.meydan.tv\/az\/article\/nariskinin-qefil-baki-seferi-suallar-dogurub\/#breadcrumb","itemListElement":[{"@type":"ListItem","position":1,"name":"Ana s\u0259hif\u0259","item":"https:\/\/www.meydan.tv\/az\/"},{"@type":"ListItem","position":2,"name":"Analitika","item":"https:\/\/www.meydan.tv\/az\/section\/analitika\/"},{"@type":"ListItem","position":3,"name":"Nar\u0131\u015fkinin q\u0259fil Bak\u0131 s\u0259f\u0259ri suallar do\u011furub"}]},{"@type":"WebSite","@id":"https:\/\/www.meydan.tv\/az\/#website","url":"https:\/\/www.meydan.tv\/az\/","name":"MEYDAN.TV","description":"Meydan TV Az\u0259rbaycan\u0131n media m\u0259kan\u0131ndak\u0131 alternativ s\u0259sidir","publisher":{"@id":"https:\/\/www.meydan.tv\/az\/#organization"},"potentialAction":[{"@type":"SearchAction","target":{"@type":"EntryPoint","urlTemplate":"https:\/\/www.meydan.tv\/az\/?s={search_term_string}"},"query-input":{"@type":"PropertyValueSpecification","valueRequired":true,"valueName":"search_term_string"}}],"inLanguage":"az"},{"@type":"Organization","@id":"https:\/\/www.meydan.tv\/az\/#organization","name":"Meydan TV","url":"https:\/\/www.meydan.tv\/az\/","logo":{"@type":"ImageObject","inLanguage":"az","@id":"https:\/\/www.meydan.tv\/az\/#\/schema\/logo\/image\/","url":"https:\/\/www.meydan.tv\/wp-content\/uploads\/2021\/07\/meydan-logo.svg","contentUrl":"https:\/\/www.meydan.tv\/wp-content\/uploads\/2021\/07\/meydan-logo.svg","width":195,"height":46,"caption":"Meydan TV"},"image":{"@id":"https:\/\/www.meydan.tv\/az\/#\/schema\/logo\/image\/"}},{"@type":"Person","@id":"https:\/\/www.meydan.tv\/az\/#\/schema\/person\/10d11eccf6da3662cf5fdab9806ea91a","name":"user-manager"}]}},"_links":{"self":[{"href":"https:\/\/www.meydan.tv\/az\/wp-json\/wp\/v2\/posts\/189691","targetHints":{"allow":["GET"]}}],"collection":[{"href":"https:\/\/www.meydan.tv\/az\/wp-json\/wp\/v2\/posts"}],"about":[{"href":"https:\/\/www.meydan.tv\/az\/wp-json\/wp\/v2\/types\/post"}],"author":[{"embeddable":true,"href":"https:\/\/www.meydan.tv\/az\/wp-json\/wp\/v2\/users\/11"}],"replies":[{"embeddable":true,"href":"https:\/\/www.meydan.tv\/az\/wp-json\/wp\/v2\/comments?post=189691"}],"version-history":[{"count":0,"href":"https:\/\/www.meydan.tv\/az\/wp-json\/wp\/v2\/posts\/189691\/revisions"}],"wp:featuredmedia":[{"embeddable":true,"href":"https:\/\/www.meydan.tv\/az\/wp-json\/wp\/v2\/media\/102709"}],"wp:attachment":[{"href":"https:\/\/www.meydan.tv\/az\/wp-json\/wp\/v2\/media?parent=189691"}],"wp:term":[{"taxonomy":"category","embeddable":true,"href":"https:\/\/www.meydan.tv\/az\/wp-json\/wp\/v2\/categories?post=189691"},{"taxonomy":"post_tag","embeddable":true,"href":"https:\/\/www.meydan.tv\/az\/wp-json\/wp\/v2\/tags?post=189691"}],"curies":[{"name":"wp","href":"https:\/\/api.w.org\/{rel}","templated":true}]}}