{"id":189669,"date":"2018-04-23T16:25:10","date_gmt":"2018-04-23T16:25:10","guid":{"rendered":"https:\/\/www.meydan.tv\/article\/kitabi-sirincayla-baglanan-amerika\/"},"modified":"2018-04-23T16:25:10","modified_gmt":"2018-04-23T16:25:10","slug":"kitabi-sirincayla-baglanan-amerika","status":"publish","type":"post","link":"https:\/\/www.meydan.tv\/az\/article\/kitabi-sirincayla-baglanan-amerika\/","title":{"rendered":"Kitab\u0131 \u015firin\u00e7ayla ba\u011flanan Amerika&#8230;"},"content":{"rendered":"<p>\n  Bu \u00f6lk\u0259d\u0259 yegan\u0259 se\u00e7ici v\u0259 t\u0259sdiqedici q\u00fcvv\u0259 hakimiyy\u0259tdir. H\u0259r \u015fey\u0259 q\u0259rar ver\u0259n d\u0259 odur. Prosesd\u0259 bizim sad\u0259c\u0259 say\u0131m\u0131zdan, faizimizd\u0259n istifad\u0259 olunur. Se\u00e7ilmi\u015fl\u0259rin harda n\u0259 il\u0259 m\u0259\u015f\u011ful olmalar\u0131n\u0131n f\u0259r\u0259hi v\u0259 yaxud x\u0259cal\u0259ti biz\u0259 d\u00fc\u015fm\u00fcr. M\u0259s\u0259l\u0259n, son g\u00fcnl\u0259r ad\u0131 hallanan ah\u0131l deputat prezident se\u00e7kisinin m\u00fcr\u0259kk\u0259bi qurumam\u0131\u015f turizm Qusar\u0131nda n\u0259 g\u0259zirdi, bu, bizi maraqland\u0131rmaz. Bizim d\u0259 hans\u0131 c\u0259h\u0259nn\u0259md\u0259 bir loxma \u00e7\u00f6r\u0259k sava\u015f\u0131 aparma\u011f\u0131m\u0131z c\u0259mi deputatlar\u0131n vecin\u0259 deyil. Sad\u0259c\u0259 c\u0259h\u0259nn\u0259min t\u0259\u015fkilind\u0259 i\u015ftirak edirl\u0259r, v\u0259ssalam.\n<\/p>\n<p>\n  H\u0259tta xalq\u0131n \u00e7ox az hiss\u0259sinin t\u0259msil olundu\u011fu c\u00fczi m\u00fcavin\u0259tl\u0259rin k\u0259silm\u0259sin\u0259 q\u0259d\u0259r q\u0259ddarla\u015fan deputat v\u0259 m\u0259mur d\u0259st\u0259si Az\u0259rbaycan v\u0259t\u0259nda\u015f\u0131n\u0131n t\u0259s\u0259vv\u00fcr\u00fcn\u0259 s\u0131\u011f\u0131\u015fmayan y\u00fcks\u0259k m\u0259vacib al\u0131r. V\u0259zif\u0259, kredit, layih\u0259 v\u0259 ist\u0259nil\u0259n f\u0259aliyy\u0259t sah\u0259l\u0259rind\u0259ki i\u015fg\u00fczar alver \u0259laq\u0259l\u0259rind\u0259n pay g\u00f6t\u00fcr\u00fcrl\u0259r. H\u0259m d\u0259 b\u00fct\u00fcn bunlar\u0131 h\u0259r birimizin saxtala\u015fd\u0131r\u0131lm\u0131\u015f s\u0259si, o\u011furlanm\u0131\u015f haqq\u0131na g\u00f6r\u0259 \u0259ld\u0259 ed\u0259r\u0259k \u0259v\u0259zind\u0259 h\u0259r birimiz\u0259 q\u0259nim k\u0259silirl\u0259r. Niy\u0259? \u00c7\u00fcnki, hardan, hans\u0131 yollarla bu na\u011f\u0131llar-qo\u011fallar al\u0259min\u0259 g\u0259ldikl\u0259rinin \u015fahidi oldu\u011fumuzu unuda bilmirl\u0259r. Bu \u201cy\u00fcks\u0259k\u201d al\u0259m\u0259 qovu\u015fmaq \u00fc\u00e7\u00fcn a\u015fa\u011f\u0131la\u015fd\u0131qlar\u0131 h\u0259r \u015feyin q\u0259z\u0259bini, kinini, nifr\u0259tini biz\u0259 y\u00fckl\u0259yirl\u0259r. H\u0259r \u015fey\u0259 r\u0259\u011fm\u0259n bizim onlar kimi olmad\u0131\u011f\u0131m\u0131z\u0131 h\u0259zm ed\u0259 bilmirl\u0259r. \u00d6zl\u0259rinin bizim kimi olmaq \u015fanslar\u0131 is\u0259 \u0259vv\u0259ld\u0259n yox idi.\n<\/p>\n<p>\n  Az\u0259rbaycan xalq\u0131n\u0131n m\u0259\u015fhur \u201cbunlar yeyib-doyublar\u201d aforizmin\u0259 g\u00f6r\u0259 yox, \u0259traf m\u00fchitin korlanmamas\u0131 \u00fc\u00e7\u00fcn bu tipl\u0259rin oturduqlar\u0131 yerd\u0259 qalmalar\u0131 m\u00fcnasib deyilmi? D\u0259rimizi kimin hans\u0131 k\u00fcrs\u00fcd\u0259n soyma\u011f\u0131n\u0131n n\u0259 \u00f6n\u0259mi var ki? D\u00fcym\u0259l\u0259ri eyni m\u0259rk\u0259zd\u0259n bas\u0131ld\u0131qdan sonra&#8230;\n<\/p>\n<p>\n  H\u0259r k\u0259s\u0259 m\u0259lum \u015feyl\u0259ri sadalamaqla \u201cAmerika k\u0259\u015ff etm\u0259k\u201d ist\u0259m\u0259zdim. Di g\u0259l ki, ba\u015fqa m\u00f6vzulara gir\u0259 d\u0259 bilmir\u0259m. Bildiyim yaln\u0131z \u00fcmidl\u0259ri kif ba\u011flam\u0131\u015f v\u0259t\u0259nda\u015fa g\u00f6r\u0259 \u0259n maraql\u0131 v\u0259 t\u0259z\u0259 \u015feyin ke\u00e7mi\u015f olmas\u0131d\u0131r.\n<\/p>\n<p>\n  ***\n<\/p>\n<p>\n  Yerli q\u0259zetin g\u0259nc m\u00fcxbiri olaraq anamla allah bilir, ne\u00e7\u0259nci kiray\u0259d\u0259 ya\u015fay\u0131rd\u0131q. (b\u00f6y\u00fckl\u0259r\u0259 ciddi toxunan h\u0259r yaz\u0131dan sonra bir b\u0259han\u0259 il\u0259 bizi evd\u0259n qovurdular). N\u00f6vb\u0259ti m\u0259kan\u0131m\u0131zda t\u0259z\u0259 vaxtlar\u0131m\u0131zd\u0131. Q\u0259fil imkanl\u0131 bir qonaq g\u0259l\u0259si oldu. Anama min d\u0259f\u0259 yalvarm\u0131\u015fd\u0131m ki, h\u0259r adam\u0131n qaba\u011f\u0131na olub-olmayan h\u0259r n\u0259 varla \u00e7\u0131xmayaq. M\u0259s\u0259l\u0259n, durumumuzu bilm\u0259yini ist\u0259m\u0259diyim m\u0259saf\u0259li k\u0259sl\u0259ri \u00e7ayla yola ver\u0259k. Q\u0259fil qona\u011f\u0131m\u0131z\u0131n da bel\u0259 istisnalara aid oldu\u011funu m\u0259tb\u0259xd\u0259 qurdalanan anama i\u015far\u0259t verdim. M\u0259mur-professoru yegan\u0259 ota\u011f\u0131m\u0131zda yerl\u0259\u015fdirib \u201cev sahibliyi\u201d v\u0259zif\u0259min icras\u0131na ba\u015flad\u0131m. O da \u00f6z n\u00f6vb\u0259sind\u0259 standart hal-\u0259hval b\u00f6lm\u0259sini bitirib c\u0259fake\u015f hakimiyy\u0259tin \u00f6lk\u0259d\u0259 yaratd\u0131\u011f\u0131 g\u00f6z\u0259l ab-havadan dan\u0131\u015fd\u0131. Getm\u0259k m\u0259qam\u0131nda professor \u201cel \u00fc\u00e7\u00fcn a\u011flayan kor olar\u201dla ba\u015flayan yekun n\u0259sih\u0259t m\u0259rh\u0259l\u0259sin\u0259 ke\u00e7di. He\u00e7 olmasa anama g\u00f6r\u0259 \u00f6z\u00fcm\u0259 g\u00fcn a\u011flamal\u0131 oldu\u011fum bar\u0259d\u0259 ibr\u0259tamiz sitatlar g\u0259tir\u0259nd\u0259 m\u0259n, n\u0259hay\u0259t, d\u00f6z\u0259 bilm\u0259yib: \u201c\u015f\u00fck\u00fcr, g\u00fcn\u00fcm\u00fcz\u0259-g\u00fczaran\u0131m\u0131za n\u0259 olub ki?\u201d dey\u0259 adam\u0131n cavab\u0131n\u0131 verdim.\n<\/p>\n<p>\n  H\u0259min soyuq vida anlar\u0131nda bird\u0259n anam \u0259lind\u0259 podnos lay qap\u0131dan i\u00e7\u0259ri ke\u00e7ib \u015firin-\u015firin qona\u011fa s\u0259sl\u0259ndi:\n<\/p>\n<p>\n  \u2013 A o\u011ful, yola \u00e7\u0131x\u0131rsan, q\u0131z da i\u015fd\u0259n g\u0259lib, bir qism\u0259t \u00e7\u00f6r\u0259k k\u0259sm\u0259mi\u015f d\u00fcnyas\u0131nda buraxmaram.\n<\/p>\n<p>\n  M\u0259n\u0259 m\u0259h\u0259l qoymadan g\u0259tirdiyi \u00e7\u00f6r\u0259yi, ya\u011f\u0131-\u015foru, \u015f\u0259k\u0259r tozunu s\u00fcfr\u0259y\u0259 d\u00fczd\u00fc. Qonaq v\u0259ziyy\u0259ti anlay\u0131b s\u00fcni t\u0259vaz\u00f6karl\u0131q etdi:\n<\/p>\n<p>\n  \u2013 Vallah, ana, havaxtd\u0131 bu \u015firin\u00e7ay\u0131 can\u0131m \u00e7\u0259kir, guya ziyan olar dey\u0259 evd\u0259 qoymurlar. \u0130ndi say\u0259nizd\u0259 doyunca \u0259v\u0259zini \u00e7\u0131xaram.\n<\/p>\n<p>\n  Anam\u0131n menyusu il\u0259 \u201cnahar ed\u0259n\u201d qonaq \u201cC\u0130P\u201din\u0259 oturub getdi. Onu yola sal\u0131b b\u0259zi inc\u0259 m\u0259tl\u0259bl\u0259ri yenid\u0259n x\u0131rdalama\u011fa haz\u0131rla\u015f\u0131rd\u0131m ki, anam qap\u0131da m\u0259ni qabaqlad\u0131:\n<\/p>\n<p>\n  \u2013 Bax, g\u00f6rd\u00fcn, a bala, nec\u0259 i\u015ftahla yedi? Tamarz\u0131ym\u0131\u015f anas\u0131 \u00f6lm\u00fc\u015f&#8230; Yoxsa ki s\u0259n gec\u0259-g\u00fcnd\u00fcz h\u0259r \u015feyin \u00e7\u00fcr\u00fcy\u00fcn\u0259 gedib \u00f6z\u00fcn demi\u015f, \u201cAmerka a\u00e7ma\u011fa\u201d ba\u015flay\u0131rsan.\n<\/p>\n<p>\n  O vaxtdan anama a\u00e7d\u0131\u011f\u0131m Amerika kitab\u0131n\u0131 ba\u011flay\u0131b \u00f6z\u00fcm\u00fc onun t\u0259bii m\u0259ntiqin\u0259 t\u0259hvil verdim. A\u011fz\u0131m\u0131z \u015firin olsun&#8230;\n<\/p>\n<p>\n  <i><br \/>\n    <b><br \/>\n      Yaz\u0131 m\u00fc\u0259llifin fikirl\u0259rini \u0259ks etdirir v\u0259 Meydan TV-nin m\u00f6vqeyi il\u0259 \u00fcst-\u00fcst\u0259 d\u00fc\u015fm\u0259y\u0259 bil\u0259r.<br \/>\n    <\/b><br \/>\n  <\/i><\/p>\n","protected":false},"excerpt":{"rendered":"<p>Bu \u00f6lk\u0259d\u0259 yegan\u0259 se\u00e7ici v\u0259 t\u0259sdiqedici q\u00fcvv\u0259 hakimiyy\u0259tdir<\/p>\n","protected":false},"author":11,"featured_media":80491,"comment_status":"closed","ping_status":"open","sticky":false,"template":"","format":"standard","meta":{"_acf_changed":false,"_sitemap_exclude":false,"_sitemap_priority":"","_sitemap_frequency":"","footnotes":""},"categories":[57],"tags":[],"class_list":["post-189669","post","type-post","status-publish","format-standard","has-post-thumbnail","hentry","category-menim-fikrimce","infinite-scroll-item","generate-columns","tablet-grid-50","mobile-grid-100","grid-parent","grid-33","no-featured-image-padding"],"acf":[],"yoast_head":"<!-- This site is optimized with the Yoast SEO plugin v27.4 - https:\/\/yoast.com\/product\/yoast-seo-wordpress\/ -->\n<title>Kitab\u0131 \u015firin\u00e7ayla ba\u011flanan Amerika... - MEYDAN.TV<\/title>\n<meta name=\"robots\" content=\"index, follow, max-snippet:-1, max-image-preview:large, max-video-preview:-1\" \/>\n<link rel=\"canonical\" href=\"https:\/\/www.meydan.tv\/az\/article\/kitabi-sirincayla-baglanan-amerika\/\" \/>\n<meta property=\"og:locale\" content=\"az_AZ\" \/>\n<meta property=\"og:type\" content=\"article\" \/>\n<meta property=\"og:title\" content=\"Kitab\u0131 \u015firin\u00e7ayla ba\u011flanan Amerika... - MEYDAN.TV\" \/>\n<meta property=\"og:description\" content=\"Bu \u00f6lk\u0259d\u0259 yegan\u0259 se\u00e7ici v\u0259 t\u0259sdiqedici q\u00fcvv\u0259 hakimiyy\u0259tdir\" \/>\n<meta property=\"og:url\" content=\"https:\/\/www.meydan.tv\/az\/article\/kitabi-sirincayla-baglanan-amerika\/\" \/>\n<meta property=\"og:site_name\" content=\"MEYDAN.TV\" \/>\n<meta property=\"article:published_time\" content=\"2018-04-23T16:25:10+00:00\" \/>\n<meta property=\"og:image\" content=\"https:\/\/www.meydan.tv\/wp-content\/uploads\/31405.jpg\" \/>\n\t<meta property=\"og:image:width\" content=\"1334\" \/>\n\t<meta property=\"og:image:height\" content=\"998\" \/>\n\t<meta property=\"og:image:type\" content=\"image\/jpeg\" \/>\n<meta name=\"author\" content=\"user-manager\" \/>\n<meta name=\"twitter:card\" content=\"summary_large_image\" \/>\n<script type=\"application\/ld+json\" class=\"yoast-schema-graph\">{\"@context\":\"https:\\\/\\\/schema.org\",\"@graph\":[{\"@type\":\"Article\",\"@id\":\"https:\\\/\\\/www.meydan.tv\\\/az\\\/article\\\/kitabi-sirincayla-baglanan-amerika\\\/#article\",\"isPartOf\":{\"@id\":\"https:\\\/\\\/www.meydan.tv\\\/az\\\/article\\\/kitabi-sirincayla-baglanan-amerika\\\/\"},\"author\":{\"name\":\"user-manager\",\"@id\":\"https:\\\/\\\/www.meydan.tv\\\/az\\\/#\\\/schema\\\/person\\\/10d11eccf6da3662cf5fdab9806ea91a\"},\"headline\":\"Kitab\u0131 \u015firin\u00e7ayla ba\u011flanan Amerika&#8230;\",\"datePublished\":\"2018-04-23T16:25:10+00:00\",\"mainEntityOfPage\":{\"@id\":\"https:\\\/\\\/www.meydan.tv\\\/az\\\/article\\\/kitabi-sirincayla-baglanan-amerika\\\/\"},\"wordCount\":908,\"publisher\":{\"@id\":\"https:\\\/\\\/www.meydan.tv\\\/az\\\/#organization\"},\"image\":{\"@id\":\"https:\\\/\\\/www.meydan.tv\\\/az\\\/article\\\/kitabi-sirincayla-baglanan-amerika\\\/#primaryimage\"},\"thumbnailUrl\":\"https:\\\/\\\/www.meydan.tv\\\/wp-content\\\/uploads\\\/31405.jpg\",\"articleSection\":[\"M\u0259nim Fikrimc\u0259\"],\"inLanguage\":\"az\"},{\"@type\":\"WebPage\",\"@id\":\"https:\\\/\\\/www.meydan.tv\\\/az\\\/article\\\/kitabi-sirincayla-baglanan-amerika\\\/\",\"url\":\"https:\\\/\\\/www.meydan.tv\\\/az\\\/article\\\/kitabi-sirincayla-baglanan-amerika\\\/\",\"name\":\"Kitab\u0131 \u015firin\u00e7ayla ba\u011flanan Amerika... - MEYDAN.TV\",\"isPartOf\":{\"@id\":\"https:\\\/\\\/www.meydan.tv\\\/az\\\/#website\"},\"primaryImageOfPage\":{\"@id\":\"https:\\\/\\\/www.meydan.tv\\\/az\\\/article\\\/kitabi-sirincayla-baglanan-amerika\\\/#primaryimage\"},\"image\":{\"@id\":\"https:\\\/\\\/www.meydan.tv\\\/az\\\/article\\\/kitabi-sirincayla-baglanan-amerika\\\/#primaryimage\"},\"thumbnailUrl\":\"https:\\\/\\\/www.meydan.tv\\\/wp-content\\\/uploads\\\/31405.jpg\",\"datePublished\":\"2018-04-23T16:25:10+00:00\",\"breadcrumb\":{\"@id\":\"https:\\\/\\\/www.meydan.tv\\\/az\\\/article\\\/kitabi-sirincayla-baglanan-amerika\\\/#breadcrumb\"},\"inLanguage\":\"az\",\"potentialAction\":[{\"@type\":\"ReadAction\",\"target\":[\"https:\\\/\\\/www.meydan.tv\\\/az\\\/article\\\/kitabi-sirincayla-baglanan-amerika\\\/\"]}]},{\"@type\":\"ImageObject\",\"inLanguage\":\"az\",\"@id\":\"https:\\\/\\\/www.meydan.tv\\\/az\\\/article\\\/kitabi-sirincayla-baglanan-amerika\\\/#primaryimage\",\"url\":\"https:\\\/\\\/www.meydan.tv\\\/wp-content\\\/uploads\\\/31405.jpg\",\"contentUrl\":\"https:\\\/\\\/www.meydan.tv\\\/wp-content\\\/uploads\\\/31405.jpg\",\"width\":1334,\"height\":998,\"caption\":\"Source:\"},{\"@type\":\"BreadcrumbList\",\"@id\":\"https:\\\/\\\/www.meydan.tv\\\/az\\\/article\\\/kitabi-sirincayla-baglanan-amerika\\\/#breadcrumb\",\"itemListElement\":[{\"@type\":\"ListItem\",\"position\":1,\"name\":\"Ana s\u0259hif\u0259\",\"item\":\"https:\\\/\\\/www.meydan.tv\\\/az\\\/\"},{\"@type\":\"ListItem\",\"position\":2,\"name\":\"M\u0259nim Fikrimc\u0259\",\"item\":\"https:\\\/\\\/www.meydan.tv\\\/az\\\/section\\\/menim-fikrimce\\\/\"},{\"@type\":\"ListItem\",\"position\":3,\"name\":\"Kitab\u0131 \u015firin\u00e7ayla ba\u011flanan Amerika&#8230;\"}]},{\"@type\":\"WebSite\",\"@id\":\"https:\\\/\\\/www.meydan.tv\\\/az\\\/#website\",\"url\":\"https:\\\/\\\/www.meydan.tv\\\/az\\\/\",\"name\":\"MEYDAN.TV\",\"description\":\"Meydan TV Az\u0259rbaycan\u0131n media m\u0259kan\u0131ndak\u0131 alternativ s\u0259sidir\",\"publisher\":{\"@id\":\"https:\\\/\\\/www.meydan.tv\\\/az\\\/#organization\"},\"potentialAction\":[{\"@type\":\"SearchAction\",\"target\":{\"@type\":\"EntryPoint\",\"urlTemplate\":\"https:\\\/\\\/www.meydan.tv\\\/az\\\/?s={search_term_string}\"},\"query-input\":{\"@type\":\"PropertyValueSpecification\",\"valueRequired\":true,\"valueName\":\"search_term_string\"}}],\"inLanguage\":\"az\"},{\"@type\":\"Organization\",\"@id\":\"https:\\\/\\\/www.meydan.tv\\\/az\\\/#organization\",\"name\":\"Meydan TV\",\"url\":\"https:\\\/\\\/www.meydan.tv\\\/az\\\/\",\"logo\":{\"@type\":\"ImageObject\",\"inLanguage\":\"az\",\"@id\":\"https:\\\/\\\/www.meydan.tv\\\/az\\\/#\\\/schema\\\/logo\\\/image\\\/\",\"url\":\"https:\\\/\\\/www.meydan.tv\\\/wp-content\\\/uploads\\\/2021\\\/07\\\/meydan-logo.svg\",\"contentUrl\":\"https:\\\/\\\/www.meydan.tv\\\/wp-content\\\/uploads\\\/2021\\\/07\\\/meydan-logo.svg\",\"width\":195,\"height\":46,\"caption\":\"Meydan TV\"},\"image\":{\"@id\":\"https:\\\/\\\/www.meydan.tv\\\/az\\\/#\\\/schema\\\/logo\\\/image\\\/\"}},{\"@type\":\"Person\",\"@id\":\"https:\\\/\\\/www.meydan.tv\\\/az\\\/#\\\/schema\\\/person\\\/10d11eccf6da3662cf5fdab9806ea91a\",\"name\":\"user-manager\"}]}<\/script>\n<!-- \/ Yoast SEO plugin. -->","yoast_head_json":{"title":"Kitab\u0131 \u015firin\u00e7ayla ba\u011flanan Amerika... - MEYDAN.TV","robots":{"index":"index","follow":"follow","max-snippet":"max-snippet:-1","max-image-preview":"max-image-preview:large","max-video-preview":"max-video-preview:-1"},"canonical":"https:\/\/www.meydan.tv\/az\/article\/kitabi-sirincayla-baglanan-amerika\/","og_locale":"az_AZ","og_type":"article","og_title":"Kitab\u0131 \u015firin\u00e7ayla ba\u011flanan Amerika... - MEYDAN.TV","og_description":"Bu \u00f6lk\u0259d\u0259 yegan\u0259 se\u00e7ici v\u0259 t\u0259sdiqedici q\u00fcvv\u0259 hakimiyy\u0259tdir","og_url":"https:\/\/www.meydan.tv\/az\/article\/kitabi-sirincayla-baglanan-amerika\/","og_site_name":"MEYDAN.TV","article_published_time":"2018-04-23T16:25:10+00:00","og_image":[{"width":1334,"height":998,"url":"https:\/\/www.meydan.tv\/wp-content\/uploads\/31405.jpg","type":"image\/jpeg"}],"author":"user-manager","twitter_card":"summary_large_image","schema":{"@context":"https:\/\/schema.org","@graph":[{"@type":"Article","@id":"https:\/\/www.meydan.tv\/az\/article\/kitabi-sirincayla-baglanan-amerika\/#article","isPartOf":{"@id":"https:\/\/www.meydan.tv\/az\/article\/kitabi-sirincayla-baglanan-amerika\/"},"author":{"name":"user-manager","@id":"https:\/\/www.meydan.tv\/az\/#\/schema\/person\/10d11eccf6da3662cf5fdab9806ea91a"},"headline":"Kitab\u0131 \u015firin\u00e7ayla ba\u011flanan Amerika&#8230;","datePublished":"2018-04-23T16:25:10+00:00","mainEntityOfPage":{"@id":"https:\/\/www.meydan.tv\/az\/article\/kitabi-sirincayla-baglanan-amerika\/"},"wordCount":908,"publisher":{"@id":"https:\/\/www.meydan.tv\/az\/#organization"},"image":{"@id":"https:\/\/www.meydan.tv\/az\/article\/kitabi-sirincayla-baglanan-amerika\/#primaryimage"},"thumbnailUrl":"https:\/\/www.meydan.tv\/wp-content\/uploads\/31405.jpg","articleSection":["M\u0259nim Fikrimc\u0259"],"inLanguage":"az"},{"@type":"WebPage","@id":"https:\/\/www.meydan.tv\/az\/article\/kitabi-sirincayla-baglanan-amerika\/","url":"https:\/\/www.meydan.tv\/az\/article\/kitabi-sirincayla-baglanan-amerika\/","name":"Kitab\u0131 \u015firin\u00e7ayla ba\u011flanan Amerika... - MEYDAN.TV","isPartOf":{"@id":"https:\/\/www.meydan.tv\/az\/#website"},"primaryImageOfPage":{"@id":"https:\/\/www.meydan.tv\/az\/article\/kitabi-sirincayla-baglanan-amerika\/#primaryimage"},"image":{"@id":"https:\/\/www.meydan.tv\/az\/article\/kitabi-sirincayla-baglanan-amerika\/#primaryimage"},"thumbnailUrl":"https:\/\/www.meydan.tv\/wp-content\/uploads\/31405.jpg","datePublished":"2018-04-23T16:25:10+00:00","breadcrumb":{"@id":"https:\/\/www.meydan.tv\/az\/article\/kitabi-sirincayla-baglanan-amerika\/#breadcrumb"},"inLanguage":"az","potentialAction":[{"@type":"ReadAction","target":["https:\/\/www.meydan.tv\/az\/article\/kitabi-sirincayla-baglanan-amerika\/"]}]},{"@type":"ImageObject","inLanguage":"az","@id":"https:\/\/www.meydan.tv\/az\/article\/kitabi-sirincayla-baglanan-amerika\/#primaryimage","url":"https:\/\/www.meydan.tv\/wp-content\/uploads\/31405.jpg","contentUrl":"https:\/\/www.meydan.tv\/wp-content\/uploads\/31405.jpg","width":1334,"height":998,"caption":"Source:"},{"@type":"BreadcrumbList","@id":"https:\/\/www.meydan.tv\/az\/article\/kitabi-sirincayla-baglanan-amerika\/#breadcrumb","itemListElement":[{"@type":"ListItem","position":1,"name":"Ana s\u0259hif\u0259","item":"https:\/\/www.meydan.tv\/az\/"},{"@type":"ListItem","position":2,"name":"M\u0259nim Fikrimc\u0259","item":"https:\/\/www.meydan.tv\/az\/section\/menim-fikrimce\/"},{"@type":"ListItem","position":3,"name":"Kitab\u0131 \u015firin\u00e7ayla ba\u011flanan Amerika&#8230;"}]},{"@type":"WebSite","@id":"https:\/\/www.meydan.tv\/az\/#website","url":"https:\/\/www.meydan.tv\/az\/","name":"MEYDAN.TV","description":"Meydan TV Az\u0259rbaycan\u0131n media m\u0259kan\u0131ndak\u0131 alternativ s\u0259sidir","publisher":{"@id":"https:\/\/www.meydan.tv\/az\/#organization"},"potentialAction":[{"@type":"SearchAction","target":{"@type":"EntryPoint","urlTemplate":"https:\/\/www.meydan.tv\/az\/?s={search_term_string}"},"query-input":{"@type":"PropertyValueSpecification","valueRequired":true,"valueName":"search_term_string"}}],"inLanguage":"az"},{"@type":"Organization","@id":"https:\/\/www.meydan.tv\/az\/#organization","name":"Meydan TV","url":"https:\/\/www.meydan.tv\/az\/","logo":{"@type":"ImageObject","inLanguage":"az","@id":"https:\/\/www.meydan.tv\/az\/#\/schema\/logo\/image\/","url":"https:\/\/www.meydan.tv\/wp-content\/uploads\/2021\/07\/meydan-logo.svg","contentUrl":"https:\/\/www.meydan.tv\/wp-content\/uploads\/2021\/07\/meydan-logo.svg","width":195,"height":46,"caption":"Meydan TV"},"image":{"@id":"https:\/\/www.meydan.tv\/az\/#\/schema\/logo\/image\/"}},{"@type":"Person","@id":"https:\/\/www.meydan.tv\/az\/#\/schema\/person\/10d11eccf6da3662cf5fdab9806ea91a","name":"user-manager"}]}},"_links":{"self":[{"href":"https:\/\/www.meydan.tv\/az\/wp-json\/wp\/v2\/posts\/189669","targetHints":{"allow":["GET"]}}],"collection":[{"href":"https:\/\/www.meydan.tv\/az\/wp-json\/wp\/v2\/posts"}],"about":[{"href":"https:\/\/www.meydan.tv\/az\/wp-json\/wp\/v2\/types\/post"}],"author":[{"embeddable":true,"href":"https:\/\/www.meydan.tv\/az\/wp-json\/wp\/v2\/users\/11"}],"replies":[{"embeddable":true,"href":"https:\/\/www.meydan.tv\/az\/wp-json\/wp\/v2\/comments?post=189669"}],"version-history":[{"count":0,"href":"https:\/\/www.meydan.tv\/az\/wp-json\/wp\/v2\/posts\/189669\/revisions"}],"wp:featuredmedia":[{"embeddable":true,"href":"https:\/\/www.meydan.tv\/az\/wp-json\/wp\/v2\/media\/80491"}],"wp:attachment":[{"href":"https:\/\/www.meydan.tv\/az\/wp-json\/wp\/v2\/media?parent=189669"}],"wp:term":[{"taxonomy":"category","embeddable":true,"href":"https:\/\/www.meydan.tv\/az\/wp-json\/wp\/v2\/categories?post=189669"},{"taxonomy":"post_tag","embeddable":true,"href":"https:\/\/www.meydan.tv\/az\/wp-json\/wp\/v2\/tags?post=189669"}],"curies":[{"name":"wp","href":"https:\/\/api.w.org\/{rel}","templated":true}]}}