{"id":189665,"date":"2018-04-23T13:17:43","date_gmt":"2018-04-23T13:17:43","guid":{"rendered":"https:\/\/www.meydan.tv\/article\/qubad-ibadoglu-prezidentin-islahatlar-aparmaga-siyasi-iradesi-catmir\/"},"modified":"2018-04-23T13:17:43","modified_gmt":"2018-04-23T13:17:43","slug":"qubad-ibadoglu-prezidentin-islahatlar-aparmaga-siyasi-iradesi-catmir","status":"publish","type":"post","link":"https:\/\/www.meydan.tv\/az\/article\/qubad-ibadoglu-prezidentin-islahatlar-aparmaga-siyasi-iradesi-catmir\/","title":{"rendered":"Qubad \u0130bado\u011flu: Prezidentin islahatlar aparma\u011fa siyasi irad\u0259si \u00e7atm\u0131r"},"content":{"rendered":"<figure class=\"wp-block-image size-large\">\n  <img decoding=\"async\" src=\"https:\/\/www.meydan.tv\/az\/ilham-eliyev-57\/\" alt=\"\u0130lham \u018fliyev\" class=\"wp-image-102585\"\/><figcaption>\n    \u0130lham \u018fliyev<br \/>\n  <\/figcaption><\/figure>\n<p>\n  <i><br \/>\n    Rauf Mirq\u0259dirov: Novruz M\u0259mm\u0259dovun ba\u015f nazir t\u0259yin olunmas\u0131 bu v\u0259zif\u0259nin z\u0259ruri olmamas\u0131n\u0131n g\u00f6st\u0259ricisidir<br \/>\n  <\/i>\n<\/p>\n<p>\n  Aprelin 21-d\u0259 Milli M\u0259clisin iclas\u0131nda prezidentin t\u0259qdimat\u0131 il\u0259 Novruz M\u0259mm\u0259dov Ba\u015f nazir v\u0259zif\u0259sin\u0259 t\u0259yin edilib.\n<\/p>\n<p>\n  G\u00fcn\u00fcn ikinci yar\u0131s\u0131nda \u0130lham \u018fliyevin q\u0259rar\u0131 il\u0259 Nazirl\u0259r Kabinetinin yeni \u00fczvl\u0259ri t\u0259yin olunub.\n<\/p>\n<p>\n  Yeni kabinetd\u0259 Ba\u015f nazirin m\u00fcavini Abid \u015e\u0259rifov, \u018fm\u0259k v\u0259 \u0259halinin sosial m\u00fcdafi\u0259si naziri S\u0259lim M\u00fcsl\u00fcmov, k\u0259nd t\u0259s\u0259rr\u00fcfat\u0131 naziri Heyd\u0259r \u018fs\u0259dov \u0259vv\u0259lki v\u0259zif\u0259l\u0259rini itiribl\u0259r. S\u0259lim M\u00fcsl\u00fcmovu iqtisadiyyat nazirinin m\u00fcavini Sahil Babayev, Heyd\u0259r \u018fs\u0259dovu \u0130nam K\u0259rimov \u0259v\u0259z edib. \u0130nam K\u0259rimov d\u00fcn\u0259n\u0259 q\u0259d\u0259r Az\u0259rbaycan Prezidenti yan\u0131nda V\u0259t\u0259nda\u015flara Xidm\u0259t v\u0259 Sosial \u0130nnovasiyalar \u00fczr\u0259 D\u00f6vl\u0259t Agentliyinin (ASAN Xidm\u0259t) s\u0259dri i\u015fl\u0259yib. Ba\u015f nazirin m\u00fcavini \u018fli H\u0259s\u0259nov da art\u0131q Qa\u00e7q\u0131n v\u0259 M\u0259cburi K\u00f6\u00e7k\u00fcnl\u0259rin \u0130\u015fi \u00fczr\u0259 D\u00f6vl\u0259t Komit\u0259sinin s\u0259dri deyil. Bu posta deputat R\u00f6v\u015f\u0259n Rzayev t\u0259yin olunub. Bundan ba\u015fqa, D\u00f6vl\u0259t Sat\u0131nalma v\u0259 Arxitektura Komit\u0259sinin s\u0259dri v\u0259zif\u0259sin\u0259 M\u0259nzil \u0130n\u015faat\u0131 D\u00f6vl\u0259t Agentliyinin \u0130dar\u0259 Hey\u0259tinin r\u0259hb\u0259ri olmu\u015f Samir Nuriyev t\u0259yin edilib. Bak\u0131 \u015f\u0259h\u0259r \u0130cra Hakimiyy\u0259tinin ba\u015f\u00e7\u0131s\u0131 Hac\u0131bala Abutal\u0131bov is\u0259 Ba\u015f nazirin m\u00fcavini olub.\n<\/p>\n<p>\n  Siyasi icmal\u00e7\u0131 Z\u0259rd\u00fc\u015ft \u018flizad\u0259 deyir ki, Novruz M\u0259mm\u0259dovun Ba\u015f nazir t\u0259yin olunaca\u011f\u0131n\u0131 g\u00f6zl\u0259mirmi\u015f.\n<\/p>\n<figure class=\"wp-block-image size-large\">\n  <img decoding=\"async\" src=\"https:\/\/www.meydan.tv\/az\/novruz-memmedov-2\/\" alt=\"Novruz M\u0259mm\u0259dov\" class=\"wp-image-102615\"\/><figcaption>\n    Novruz M\u0259mm\u0259dov<br \/>\n  <\/figcaption><\/figure>\n<p>\n  Ancaq Novruz M\u0259mm\u0259dov tipind\u0259 adam\u0131n Ba\u015f nazir t\u0259yin olunaca\u011f\u0131n\u0131 g\u00f6zl\u0259yirmi\u015f.\n<\/p>\n<blockquote><p>\n  \u018fn m\u00fcsb\u0259t c\u0259h\u0259ti siyasi iddias\u0131n\u0131n yoxlu\u011fu v\u0259 z\u0259if irad\u0259sinin olmas\u0131d\u0131r\n<\/p><\/blockquote>\n<p>\n  Z\u0259rd\u00fc\u015ft \u018flizad\u0259 deyir ki, Novruz M\u0259mm\u0259dov Az\u0259rbaycan siyas\u0259tind\u0259 he\u00e7 kimdir:\n<\/p>\n<p>\n  \u201cBu adam Prezident Administrasiyas\u0131nda t\u0259rc\u00fcm\u0259 i\u015fl\u0259ri il\u0259 m\u0259\u015f\u011ful olurdu v\u0259 t\u0259dric\u0259n \u015f\u00f6b\u0259 m\u00fcdiri v\u0259zif\u0259sin\u0259 y\u00fcks\u0259lib. Onun n\u0259 iqtisadi sah\u0259d\u0259, n\u0259 ictimai sah\u0259d\u0259 biliyi var, h\u0259tta xarici siyas\u0259ti d\u0259 d\u0259rind\u0259n bilmir. \u018fn m\u00fcsb\u0259t c\u0259h\u0259ti siyasi iddias\u0131n\u0131n yoxlu\u011fu v\u0259 z\u0259if irad\u0259sinin olmas\u0131d\u0131r. Bu meyarlara g\u00f6r\u0259 d\u0259 onu Ba\u015f nazir t\u0259yin etdil\u0259r.\n<\/p>\n<p>\n  Bu tip adamlar \u018fliyevl\u0259rin hakimiyy\u0259ti zaman\u0131 Ba\u015f nazir v\u0259zif\u0259sin\u0259 ideal namiz\u0259ddirl\u0259r. Bax\u0131n, 22 il\u0259 yax\u0131n Ba\u015f nazir olan R\u0259sizad\u0259nin siyasi irad\u0259si olmay\u0131b v\u0259 m\u00fch\u00fcm i\u015fl\u0259r\u0259 d\u0259 m\u00fcdaxil\u0259 etmirdi. Ona g\u00f6r\u0259 bir g\u0259ncin \u00f6mr\u00fc q\u0259d\u0259r Ba\u015f nazir saxlad\u0131lar. \u0130ndi d\u0259 \u0130lham \u018fliyev prezident oldu\u011fu q\u0259d\u0259r Novruz M\u0259mm\u0259dov da Ba\u015f nazir kimi qalacaq v\u0259 \u00f6z\u00fc he\u00e7 bir q\u0259rar q\u0259bul etm\u0259y\u0259c\u0259k. Onunla Hac\u0131bala Abutal\u0131bov aras\u0131nda he\u00e7 bir f\u0259rq yoxdur\u201d.\n<\/p>\n<figure class=\"wp-block-image size-large\">\n  <img decoding=\"async\" src=\"https:\/\/www.meydan.tv\/az\/zerdust-elizade-8\/\" alt=\"Z\u0259rd\u00fc\u015ft \u018flizad\u0259\" class=\"wp-image-55989\"\/><figcaption>\n    Z\u0259rd\u00fc\u015ft \u018flizad\u0259<br \/>\n  <\/figcaption><\/figure>\n<p>\n  Z\u0259rd\u00fc\u015ft \u018flizad\u0259 Nazirl\u0259r Kabinetinin yeni t\u0259rkibi bar\u0259d\u0259 dedi ki, El\u00e7in \u018ff\u0259ndiyevin, S\u0259lim M\u00fcsl\u00fcmovun, \u0130sm\u0259t, Abbasovun, Heyd\u0259r \u018fs\u0259dovun yerin\u0259 t\u0259yin olunanlar istefaya g\u00f6nd\u0259rilmi\u015fl\u0259rd\u0259n f\u0259rql\u0259nmirl\u0259r:\n<\/p>\n<p>\n  \u201cYeni m\u0259murlar da \u0259vv\u0259lkil\u0259r kimi \u201cl\u0259bbeyk\u201d dey\u0259n adamlard\u0131r. Bu adamlar d\u00f6vl\u0259t aparat\u0131n\u0131n vintl\u0259ridir\u201d.\n<\/p>\n<p>\n  <b><br \/>\n    <i><br \/>\n      Qubad \u0130bado\u011flu: T\u0259yinat islahatlarla ba\u011fl\u0131 g\u00f6zl\u0259ntil\u0259rin d\u0259fnidir<br \/>\n    <\/i><br \/>\n  <\/b>\n<\/p>\n<p>\n  \u0130qtisad\u00e7\u0131 Qubad \u0130bado\u011flu yeni Ba\u015f naziri \u201cFacebook\u201d s\u0259hif\u0259sind\u0259 xarakteriz\u0259 ed\u0259rk\u0259n bildirib ki, Novruz M\u0259mm\u0259dovun Artur R\u0259sizad\u0259d\u0259n ba\u015fl\u0131ca f\u0259rqi Az\u0259rbaycan dilind\u0259 yax\u015f\u0131 dan\u0131\u015fmas\u0131 v\u0259 12 ya\u015f cavan olmas\u0131d\u0131r.\n<\/p>\n<p>\n  Qubad \u0130bado\u011flu bildirib ki, hakimiyy\u0259tdaxilind\u0259 qrupla\u015fmalar\u0131 n\u0259z\u0259r\u0259 alsaq, Novruz M\u0259mm\u0259dov ke\u00e7id d\u00f6vr\u00fcn\u00fcn Ba\u015f naziri ola bil\u0259r:\n<\/p>\n<p>\n  \u201cG\u00f6r\u00fcn\u00fcr, Artur m\u00fc\u0259llim getm\u0259y\u0259 f\u00fcrs\u0259t axtar\u0131rm\u0131\u015f, Novruz M\u0259mm\u0259dovu da ona g\u00f6r\u0259 t\u0259yin edibl\u0259r ki, Ba\u015f nazir v\u0259zif\u0259si bo\u015f qalmas\u0131n. Qruplar aras\u0131ndak\u0131 m\u00fcbariz\u0259nin qalibi onu bir m\u00fcdd\u0259td\u0259n sonra ba\u015fqas\u0131 il\u0259 \u0259v\u0259zl\u0259y\u0259 d\u0259 bil\u0259r\u201d.\n<\/p>\n<figure class=\"wp-block-image size-large\">\n  <img decoding=\"async\" src=\"https:\/\/www.meydan.tv\/az\/qubad-ibadoglu-3\/\" alt=\"Qubad \u0130bado\u011flu\" class=\"wp-image-62858\"\/><figcaption>\n    Qubad \u0130bado\u011flu<br \/>\n  <\/figcaption><\/figure>\n<p>\n  Amma iqtisad\u00e7\u0131 bu t\u0259yinat\u0131 u\u011fursuz hesab edir:\n<\/p>\n<p>\n  \u201cBu t\u0259yinat\u0131 h\u0259m d\u0259 \u0259vv\u0259lki iqtisadi siyas\u0259tin davam ed\u0259c\u0259yinin b\u0259yan edilm\u0259si kimi qiym\u0259tl\u0259ndirir\u0259m. 21 aprel s\u0259r\u0259ncam\u0131 il\u0259 d\u00f6vl\u0259t ba\u015f\u00e7\u0131s\u0131 Nazirl\u0259r Kabinetinin \u0259h\u0259miyy\u0259tini daha da a\u015fa\u011f\u0131 sald\u0131 v\u0259 Ba\u015f nazir postunun h\u0259mi\u015f\u0259 nominal olaca\u011f\u0131na f\u0259rman verdi. Prezident bu t\u0259yinatla bir daha g\u00f6st\u0259rdi ki, \u00f6lk\u0259d\u0259 islahatlar aparma\u011fa, \u00e7evik v\u0259 i\u015fl\u0259k h\u00f6kum\u0259t qurma\u011fa siyasi irad\u0259si \u00e7atm\u0131r. T\u0259yinat islahatlarla ba\u011fl\u0131 g\u00f6zl\u0259ntil\u0259rin d\u0259fnidir. \u0130slahat\u00e7\u0131 Ba\u015f nazir \u00f6lk\u0259d\u0259ki d\u0259yi\u015fiklikl\u0259r proqram\u0131na malik v\u0259 onun apar\u0131lmas\u0131n\u0131n m\u0259suliyy\u0259tini \u00fcz\u0259rin\u0259 g\u00f6t\u00fcr\u0259 bil\u0259n proqressiv v\u0259 m\u00fcst\u0259qil \u015f\u0259xs olmal\u0131d\u0131r. Novruz M\u0259mm\u0259dov islahat aparmaq \u00fc\u00e7\u00fcn n\u0259 t\u0259\u015fkilati qabiliyy\u0259t\u0259, n\u0259 t\u0259s\u0259rr\u00fcfat\u00e7\u0131l\u0131q bacar\u0131\u011f\u0131na, n\u0259 d\u0259 ki, pe\u015f\u0259kar iqtisadi bilikl\u0259r\u0259 malik deyil\u201d.\n<\/p>\n<blockquote><p>\n  Kremlin raz\u0131l\u0131\u011f\u0131 olmadan g\u00fcc nazirlikl\u0259rinin \u0259v\u0259zl\u0259nm\u0259si g\u00f6zl\u0259nilmirdi\n<\/p><\/blockquote>\n<p>\n  Qubad \u0130bado\u011flu Nazirl\u0259r Kabinetinin yeni t\u0259rkibi bar\u0259d\u0259 deyib ki, ilk siyah\u0131 \u00fczr\u0259 t\u0259sdiq olunan nazirlikl\u0259rl\u0259 v\u0259 d\u00f6vl\u0259t komit\u0259l\u0259rinin r\u0259hb\u0259rl\u0259rinin t\u0259yinat\u0131 il\u0259 ba\u011fl\u0131 qruplar aras\u0131nda fikir ayr\u0131l\u0131\u011f\u0131 olmay\u0131b:\n<\/p>\n<p>\n  \u201cOnlar aras\u0131nda yer alan g\u00fcc nazirlikl\u0259rin\u0259 g\u0259linc\u0259, Kremlin raz\u0131l\u0131\u011f\u0131 olmadan onsuz da onlar\u0131n \u0259v\u0259zl\u0259nm\u0259si g\u00f6zl\u0259nilmirdi. S\u0259hiyy\u0259, t\u0259hsil, g\u0259ncl\u0259r v\u0259 idman, m\u0259d\u0259niyy\u0259t, ekologiya v\u0259 t\u0259bii s\u0259rv\u0259tl\u0259r nazirl\u0259rinin 1-ci vitse-prezidentin n\u0259zar\u0259tind\u0259 oldu\u011funu n\u0259z\u0259r\u0259 alsaq, onlar\u0131n t\u0259yinat\u0131nda da yeni isiml\u0259rl\u0259 rastla\u015fmaq m\u00fcmk\u00fcnd\u00fcr\u201d.\n<\/p>\n<blockquote><p>\n  Haz\u0131rda oliqarx m\u0259murlar\u0131n menecerl\u0259rl\u0259 \u0259v\u0259z olunmas\u0131 prosesi gedir\n<\/p><\/blockquote>\n<p>\n  M\u00fchacir\u0259td\u0259 ya\u015fayan siyasi icmal\u00e7\u0131 Rauf Mirq\u0259dirov 2016-c\u0131 il referendumundan sonra Ba\u015f nazirin formal bir v\u0259zif\u0259 oldu\u011funu xat\u0131rlad\u0131b, l\u0259\u011fv edilm\u0259li oldu\u011funu bildirib:\n<\/p>\n<p>\n  \u201c\u00c7\u00fcnki Birinci vitse-prezident postu t\u0259sis olunandan sonra Ba\u015f nazir\u0259 ehtiyac yox idi\u201d.\n<\/p>\n<p>\n  Rauf Mirq\u0259dirov deyir ki, Az\u0259rbaycan\u0131n son 30 illik tarixind\u0259 Ba\u015f nazir v\u0259zif\u0259sind\u0259 qeyri-adi insanlar olub, amma \u0259n pe\u015f\u0259kar\u0131 Ayaz M\u00fct\u0259llibov idi:\n<\/p>\n<p>\n  \u201cDig\u0259rl\u0259ri qeyri-adilikl\u0259ri il\u0259 f\u0259rql\u0259nib. B\u0259lk\u0259 Artur R\u0259sizad\u0259 pe\u015f\u0259kar idi, amma bunu he\u00e7 kim bilmirdi. \u00c7\u00fcnki ictimaiyy\u0259t onun ba\u015f nazir kimi n\u0259 i\u015f g\u00f6rm\u0259sind\u0259n x\u0259b\u0259rsiz idi.\n<\/p>\n<figure class=\"wp-block-image size-large\">\n  <img decoding=\"async\" src=\"https:\/\/www.meydan.tv\/az\/rauf-mirqedirov-2\/\" alt=\"Rauf Mirq\u0259dirov\" class=\"wp-image-50606\"\/><figcaption>\n    Rauf Mirq\u0259dirov<br \/>\n  <\/figcaption><\/figure>\n<p>\n  Ba\u015f nazir Nazirl\u0259r Kabinetinin iqtisadi m\u0259s\u0259l\u0259l\u0259r \u00fczr\u0259 koordinatorudur, amma 22 il\u0259 yax\u0131n Ba\u015f nazir olan Artur R\u0259sizad\u0259nin iqtisadi bax\u0131\u015flar\u0131 haqda m\u0259lumat\u0131m yoxdur v\u0259 o, \u0259ks\u0259r vaxtlarda parlamentd\u0259 hesabat zaman\u0131 \u00f6z\u00fc d\u0259 dan\u0131\u015fm\u0131rd\u0131. Artur R\u0259sizad\u0259nin m\u0259nim yad\u0131mda qalan iqtisadi a\u00e7\u0131qlamalar\u0131ndan biri t\u0259r\u0259v\u0259z m\u0259hsullar\u0131n\u0131n qiym\u0259tinin qalxd\u0131\u011f\u0131 zaman \u201cduzlu xiyar yeyin\u201d m\u0259sl\u0259h\u0259ti idi\u201d.\n<\/p>\n<p>\n  Yeni Ba\u015f nazir Novruz M\u0259mm\u0259dovun AM\u0130P M\u0259rk\u0259zi \u015euras\u0131n\u0131n \u00fczv\u00fc oldu\u011funu xat\u0131rladan Rauf Mirq\u0259dirov bildirib ki, o, iqtisadiyyatla \u0259laq\u0259li insan deyil:\n<\/p>\n<p>\n  \u201cO, frans\u0131z dili m\u00fc\u0259llimi olub. Bu m\u0259nada Novruz M\u0259mm\u0259dovun Ba\u015f nazir t\u0259yin olunmas\u0131 bir q\u0259d\u0259r t\u0259\u0259cc\u00fcb do\u011furur v\u0259 bu v\u0259zif\u0259nin z\u0259ruri olmamas\u0131n\u0131n g\u00f6st\u0259ricisidir. Y\u0259ni Ba\u015f nazir v\u0259zif\u0259si var v\u0259 bu v\u0259zif\u0259y\u0259 az konfliktli, az q\u0131c\u0131q do\u011furacaq kimis\u0259 t\u0259yin etm\u0259k laz\u0131m idi. G\u00fcman ki, Novruz M\u0259mm\u0259dov bu amill\u0259r\u0259 g\u00f6r\u0259 t\u0259yin olunub\u201d.\n<\/p>\n<p>\n  Nazirl\u0259r Kabinetinin yeni t\u0259rkibin\u0259 g\u0259linc\u0259, siyasi icmal\u00e7\u0131n\u0131n s\u00f6zl\u0259rin\u0259 g\u00f6r\u0259, haz\u0131rda oliqarxlar m\u0259murlar\u0131n menecerl\u0259rl\u0259 \u0259v\u0259z olunmas\u0131 prosesi gedir:\n<\/p>\n<p>\n  \u201cArt\u0131q oliqarxlardan imtina prosesi ba\u015flay\u0131b v\u0259, bu, h\u0259m b\u00fct\u00fcn iqtisadiyyat\u0131n bir \u0259ld\u0259 c\u0259ml\u0259\u015fm\u0259si il\u0259 n\u0259tic\u0259l\u0259n\u0259c\u0259k, h\u0259m d\u0259 hakimiyy\u0259t \u00fc\u00e7\u00fcn daxili t\u0259hl\u00fck\u0259ni azaldacaq. M\u0259s\u0259l\u0259 ondad\u0131r ki, oliqarxlar yax\u015f\u0131 g\u00fcn\u00fcn dostudurlar, pis g\u00fcn\u00fcn yox. Amma yeni g\u0259nc nazirl\u0259rin nec\u0259 menecer olmas\u0131 bar\u0259d\u0259 indid\u0259n fikir s\u00f6yl\u0259m\u0259k \u00e7\u0259tindir\u201d.\n<\/p>\n<blockquote><p>\n  Az\u0259rbaycanda Ba\u015f nazir olacaq \u0259n sonuncu adam Novruz M\u0259mm\u0259dov idi, onu da t\u0259yin etdil\u0259r\n<\/p><\/blockquote>\n<p>\n  ReAL \u00fczv\u00fc Az\u0259r Qas\u0131ml\u0131 da Novruz M\u0259mm\u0259dovun Ba\u015f nazir t\u0259yinat\u0131n\u0131 \u00f6z\u00fc \u00fc\u00e7\u00fcn s\u00fcrpriz say\u0131b:\n<\/p>\n<p>\n  \u201cOnsuz da n\u0259yins\u0259 d\u0259yi\u015f\u0259c\u0259yi il\u0259 ba\u011fl\u0131 g\u00f6zl\u0259ntim yox idi. Ya Artur R\u0259sizad\u0259nin qalaca\u011f\u0131n\u0131, ya da onun tipind\u0259 adam\u0131n Ba\u015f nazir olaca\u011f\u0131n\u0131 d\u00fc\u015f\u00fcn\u00fcrd\u00fcm. Y\u0259ni iddias\u0131 v\u0259 irad\u0259si olmayan \u015f\u0259xsin ba\u015f nazir olaca\u011f\u0131 m\u0259lum idi. Amma Novruz M\u0259mm\u0259dovun ad\u0131 he\u00e7 a\u011fl\u0131ma g\u0259lm\u0259mi\u015fdi\u201d.\n<\/p>\n<figure class=\"wp-block-image size-large\">\n  <img decoding=\"async\" src=\"https:\/\/www.meydan.tv\/az\/azer-qasimli-4\/\" alt=\"Az\u0259r Qas\u0131ml\u0131\" class=\"wp-image-98818\"\/><figcaption>\n    Az\u0259r Qas\u0131ml\u0131<br \/>\n  <\/figcaption><\/figure>\n<p>\n  Az\u0259r Qas\u0131ml\u0131 hesab edir ki, prezidentin 21 aprel s\u0259r\u0259ncam\u0131 prinsipc\u0259 he\u00e7 n\u0259yi d\u0259yi\u015fm\u0259di:\n<\/p>\n<p>\n  &#8221;Birinci, Novruz M\u0259mm\u0259dov v\u0259 yeni kabinet t\u0259rkibi Az\u0259rbaycan iqtisadiyyat\u0131nda he\u00e7 n\u0259 ed\u0259 bilm\u0259y\u0259c\u0259k. \u00dcmumiyy\u0259tl\u0259, Az\u0259rbaycanda Ba\u015f nazir olacaq \u0259n sonuncu adam Novruz M\u0259mm\u0259dov idi, onu da t\u0259yin etdil\u0259r. \u0130kinci, Nazirl\u0259r Kabinetind\u0259ki odioz nazirl\u0259r v\u0259 klan \u00fczvl\u0259ri yerind\u0259dirs\u0259, hans\u0131 prinsipial d\u0259yi\u015fiklikd\u0259n dan\u0131\u015fmaq olar?! G\u00fcc nazirlikl\u0259rind\u0259 d\u0259yi\u015fiklik olmad\u0131sa, hakimiyy\u0259tdaxili konfiqurasiya da d\u0259yi\u015fm\u0259di. Amma bununla bel\u0259, Hac\u0131bala Abutal\u0131bovun Bak\u0131 \u015f\u0259h\u0259r icra ba\u015f\u00e7\u0131l\u0131\u011f\u0131ndan uzaqla\u015fd\u0131r\u0131lmas\u0131 s\u00fcrpriz idi. \u00c7\u00fcnki Abutal\u0131bov da z\u0259if irad\u0259si v\u0259 iddias\u0131z adamd\u0131r. Halbuki, paytaxt icra ba\u015f\u00e7\u0131s\u0131 \u00e7ox \u00f6n\u0259mli v\u0259zif\u0259dir v\u0259 haz\u0131rda \u0259n \u00e7ox maraq bu v\u0259zif\u0259y\u0259 y\u00f6n\u0259lib. Ona g\u00f6r\u0259 Abutal\u0131bov kimi adam\u0131 orda 18 il saxlad\u0131lar. Onun Ba\u015f nazirin m\u00fcavini t\u0259yin olunmas\u0131 g\u00f6st\u0259rdi ki, hakimiyy\u0259tin m\u00fct\u0259x\u0259ssisl\u0259r\u0259 v\u0259 g\u0259ncl\u0259r\u0259 ehtiyac\u0131 yoxdur\u201d.<\/p>\n","protected":false},"excerpt":{"rendered":"<p>Rauf Mirq\u0259dirov: Novruz M\u0259mm\u0259dovun ba\u015f nazir t\u0259yin olunmas\u0131 bu v\u0259zif\u0259nin z\u0259ruri olmamas\u0131n\u0131n g\u00f6st\u0259ricisidir<\/p>\n","protected":false},"author":11,"featured_media":102585,"comment_status":"closed","ping_status":"open","sticky":false,"template":"","format":"standard","meta":{"_acf_changed":false,"_sitemap_exclude":false,"_sitemap_priority":"","_sitemap_frequency":"","footnotes":""},"categories":[51],"tags":[],"class_list":["post-189665","post","type-post","status-publish","format-standard","has-post-thumbnail","hentry","category-analitika","infinite-scroll-item","generate-columns","tablet-grid-50","mobile-grid-100","grid-parent","grid-33","no-featured-image-padding"],"acf":[],"yoast_head":"<!-- This site is optimized with the Yoast SEO plugin v27.4 - https:\/\/yoast.com\/product\/yoast-seo-wordpress\/ -->\n<title>Qubad \u0130bado\u011flu: Prezidentin islahatlar aparma\u011fa siyasi irad\u0259si \u00e7atm\u0131r - MEYDAN.TV<\/title>\n<meta name=\"robots\" content=\"index, follow, max-snippet:-1, max-image-preview:large, max-video-preview:-1\" \/>\n<link rel=\"canonical\" href=\"https:\/\/www.meydan.tv\/az\/article\/qubad-ibadoglu-prezidentin-islahatlar-aparmaga-siyasi-iradesi-catmir\/\" \/>\n<meta property=\"og:locale\" content=\"az_AZ\" \/>\n<meta property=\"og:type\" content=\"article\" \/>\n<meta property=\"og:title\" content=\"Qubad \u0130bado\u011flu: Prezidentin islahatlar aparma\u011fa siyasi irad\u0259si \u00e7atm\u0131r - MEYDAN.TV\" \/>\n<meta property=\"og:description\" content=\"Rauf Mirq\u0259dirov: Novruz M\u0259mm\u0259dovun ba\u015f nazir t\u0259yin olunmas\u0131 bu v\u0259zif\u0259nin z\u0259ruri olmamas\u0131n\u0131n g\u00f6st\u0259ricisidir\" \/>\n<meta property=\"og:url\" content=\"https:\/\/www.meydan.tv\/az\/article\/qubad-ibadoglu-prezidentin-islahatlar-aparmaga-siyasi-iradesi-catmir\/\" \/>\n<meta property=\"og:site_name\" content=\"MEYDAN.TV\" \/>\n<meta property=\"article:published_time\" content=\"2018-04-23T13:17:43+00:00\" \/>\n<meta property=\"og:image\" content=\"https:\/\/www.meydan.tv\/wp-content\/uploads\/40675.jpg\" \/>\n\t<meta property=\"og:image:width\" content=\"750\" \/>\n\t<meta property=\"og:image:height\" content=\"511\" \/>\n\t<meta property=\"og:image:type\" content=\"image\/jpeg\" \/>\n<meta name=\"author\" content=\"user-manager\" \/>\n<meta name=\"twitter:card\" content=\"summary_large_image\" \/>\n<script type=\"application\/ld+json\" class=\"yoast-schema-graph\">{\"@context\":\"https:\\\/\\\/schema.org\",\"@graph\":[{\"@type\":\"Article\",\"@id\":\"https:\\\/\\\/www.meydan.tv\\\/az\\\/article\\\/qubad-ibadoglu-prezidentin-islahatlar-aparmaga-siyasi-iradesi-catmir\\\/#article\",\"isPartOf\":{\"@id\":\"https:\\\/\\\/www.meydan.tv\\\/az\\\/article\\\/qubad-ibadoglu-prezidentin-islahatlar-aparmaga-siyasi-iradesi-catmir\\\/\"},\"author\":{\"name\":\"user-manager\",\"@id\":\"https:\\\/\\\/www.meydan.tv\\\/az\\\/#\\\/schema\\\/person\\\/10d11eccf6da3662cf5fdab9806ea91a\"},\"headline\":\"Qubad \u0130bado\u011flu: Prezidentin islahatlar aparma\u011fa siyasi irad\u0259si \u00e7atm\u0131r\",\"datePublished\":\"2018-04-23T13:17:43+00:00\",\"mainEntityOfPage\":{\"@id\":\"https:\\\/\\\/www.meydan.tv\\\/az\\\/article\\\/qubad-ibadoglu-prezidentin-islahatlar-aparmaga-siyasi-iradesi-catmir\\\/\"},\"wordCount\":1805,\"publisher\":{\"@id\":\"https:\\\/\\\/www.meydan.tv\\\/az\\\/#organization\"},\"image\":{\"@id\":\"https:\\\/\\\/www.meydan.tv\\\/az\\\/article\\\/qubad-ibadoglu-prezidentin-islahatlar-aparmaga-siyasi-iradesi-catmir\\\/#primaryimage\"},\"thumbnailUrl\":\"https:\\\/\\\/www.meydan.tv\\\/wp-content\\\/uploads\\\/40675.jpg\",\"articleSection\":[\"Analitika\"],\"inLanguage\":\"az\"},{\"@type\":\"WebPage\",\"@id\":\"https:\\\/\\\/www.meydan.tv\\\/az\\\/article\\\/qubad-ibadoglu-prezidentin-islahatlar-aparmaga-siyasi-iradesi-catmir\\\/\",\"url\":\"https:\\\/\\\/www.meydan.tv\\\/az\\\/article\\\/qubad-ibadoglu-prezidentin-islahatlar-aparmaga-siyasi-iradesi-catmir\\\/\",\"name\":\"Qubad \u0130bado\u011flu: Prezidentin islahatlar aparma\u011fa siyasi irad\u0259si \u00e7atm\u0131r - MEYDAN.TV\",\"isPartOf\":{\"@id\":\"https:\\\/\\\/www.meydan.tv\\\/az\\\/#website\"},\"primaryImageOfPage\":{\"@id\":\"https:\\\/\\\/www.meydan.tv\\\/az\\\/article\\\/qubad-ibadoglu-prezidentin-islahatlar-aparmaga-siyasi-iradesi-catmir\\\/#primaryimage\"},\"image\":{\"@id\":\"https:\\\/\\\/www.meydan.tv\\\/az\\\/article\\\/qubad-ibadoglu-prezidentin-islahatlar-aparmaga-siyasi-iradesi-catmir\\\/#primaryimage\"},\"thumbnailUrl\":\"https:\\\/\\\/www.meydan.tv\\\/wp-content\\\/uploads\\\/40675.jpg\",\"datePublished\":\"2018-04-23T13:17:43+00:00\",\"breadcrumb\":{\"@id\":\"https:\\\/\\\/www.meydan.tv\\\/az\\\/article\\\/qubad-ibadoglu-prezidentin-islahatlar-aparmaga-siyasi-iradesi-catmir\\\/#breadcrumb\"},\"inLanguage\":\"az\",\"potentialAction\":[{\"@type\":\"ReadAction\",\"target\":[\"https:\\\/\\\/www.meydan.tv\\\/az\\\/article\\\/qubad-ibadoglu-prezidentin-islahatlar-aparmaga-siyasi-iradesi-catmir\\\/\"]}]},{\"@type\":\"ImageObject\",\"inLanguage\":\"az\",\"@id\":\"https:\\\/\\\/www.meydan.tv\\\/az\\\/article\\\/qubad-ibadoglu-prezidentin-islahatlar-aparmaga-siyasi-iradesi-catmir\\\/#primaryimage\",\"url\":\"https:\\\/\\\/www.meydan.tv\\\/wp-content\\\/uploads\\\/40675.jpg\",\"contentUrl\":\"https:\\\/\\\/www.meydan.tv\\\/wp-content\\\/uploads\\\/40675.jpg\",\"width\":750,\"height\":511,\"caption\":\"Source:\"},{\"@type\":\"BreadcrumbList\",\"@id\":\"https:\\\/\\\/www.meydan.tv\\\/az\\\/article\\\/qubad-ibadoglu-prezidentin-islahatlar-aparmaga-siyasi-iradesi-catmir\\\/#breadcrumb\",\"itemListElement\":[{\"@type\":\"ListItem\",\"position\":1,\"name\":\"Ana s\u0259hif\u0259\",\"item\":\"https:\\\/\\\/www.meydan.tv\\\/az\\\/\"},{\"@type\":\"ListItem\",\"position\":2,\"name\":\"Analitika\",\"item\":\"https:\\\/\\\/www.meydan.tv\\\/az\\\/section\\\/analitika\\\/\"},{\"@type\":\"ListItem\",\"position\":3,\"name\":\"Qubad \u0130bado\u011flu: Prezidentin islahatlar aparma\u011fa siyasi irad\u0259si \u00e7atm\u0131r\"}]},{\"@type\":\"WebSite\",\"@id\":\"https:\\\/\\\/www.meydan.tv\\\/az\\\/#website\",\"url\":\"https:\\\/\\\/www.meydan.tv\\\/az\\\/\",\"name\":\"MEYDAN.TV\",\"description\":\"Meydan TV Az\u0259rbaycan\u0131n media m\u0259kan\u0131ndak\u0131 alternativ s\u0259sidir\",\"publisher\":{\"@id\":\"https:\\\/\\\/www.meydan.tv\\\/az\\\/#organization\"},\"potentialAction\":[{\"@type\":\"SearchAction\",\"target\":{\"@type\":\"EntryPoint\",\"urlTemplate\":\"https:\\\/\\\/www.meydan.tv\\\/az\\\/?s={search_term_string}\"},\"query-input\":{\"@type\":\"PropertyValueSpecification\",\"valueRequired\":true,\"valueName\":\"search_term_string\"}}],\"inLanguage\":\"az\"},{\"@type\":\"Organization\",\"@id\":\"https:\\\/\\\/www.meydan.tv\\\/az\\\/#organization\",\"name\":\"Meydan TV\",\"url\":\"https:\\\/\\\/www.meydan.tv\\\/az\\\/\",\"logo\":{\"@type\":\"ImageObject\",\"inLanguage\":\"az\",\"@id\":\"https:\\\/\\\/www.meydan.tv\\\/az\\\/#\\\/schema\\\/logo\\\/image\\\/\",\"url\":\"https:\\\/\\\/www.meydan.tv\\\/wp-content\\\/uploads\\\/2021\\\/07\\\/meydan-logo.svg\",\"contentUrl\":\"https:\\\/\\\/www.meydan.tv\\\/wp-content\\\/uploads\\\/2021\\\/07\\\/meydan-logo.svg\",\"width\":195,\"height\":46,\"caption\":\"Meydan TV\"},\"image\":{\"@id\":\"https:\\\/\\\/www.meydan.tv\\\/az\\\/#\\\/schema\\\/logo\\\/image\\\/\"}},{\"@type\":\"Person\",\"@id\":\"https:\\\/\\\/www.meydan.tv\\\/az\\\/#\\\/schema\\\/person\\\/10d11eccf6da3662cf5fdab9806ea91a\",\"name\":\"user-manager\"}]}<\/script>\n<!-- \/ Yoast SEO plugin. -->","yoast_head_json":{"title":"Qubad \u0130bado\u011flu: Prezidentin islahatlar aparma\u011fa siyasi irad\u0259si \u00e7atm\u0131r - MEYDAN.TV","robots":{"index":"index","follow":"follow","max-snippet":"max-snippet:-1","max-image-preview":"max-image-preview:large","max-video-preview":"max-video-preview:-1"},"canonical":"https:\/\/www.meydan.tv\/az\/article\/qubad-ibadoglu-prezidentin-islahatlar-aparmaga-siyasi-iradesi-catmir\/","og_locale":"az_AZ","og_type":"article","og_title":"Qubad \u0130bado\u011flu: Prezidentin islahatlar aparma\u011fa siyasi irad\u0259si \u00e7atm\u0131r - MEYDAN.TV","og_description":"Rauf Mirq\u0259dirov: Novruz M\u0259mm\u0259dovun ba\u015f nazir t\u0259yin olunmas\u0131 bu v\u0259zif\u0259nin z\u0259ruri olmamas\u0131n\u0131n g\u00f6st\u0259ricisidir","og_url":"https:\/\/www.meydan.tv\/az\/article\/qubad-ibadoglu-prezidentin-islahatlar-aparmaga-siyasi-iradesi-catmir\/","og_site_name":"MEYDAN.TV","article_published_time":"2018-04-23T13:17:43+00:00","og_image":[{"width":750,"height":511,"url":"https:\/\/www.meydan.tv\/wp-content\/uploads\/40675.jpg","type":"image\/jpeg"}],"author":"user-manager","twitter_card":"summary_large_image","schema":{"@context":"https:\/\/schema.org","@graph":[{"@type":"Article","@id":"https:\/\/www.meydan.tv\/az\/article\/qubad-ibadoglu-prezidentin-islahatlar-aparmaga-siyasi-iradesi-catmir\/#article","isPartOf":{"@id":"https:\/\/www.meydan.tv\/az\/article\/qubad-ibadoglu-prezidentin-islahatlar-aparmaga-siyasi-iradesi-catmir\/"},"author":{"name":"user-manager","@id":"https:\/\/www.meydan.tv\/az\/#\/schema\/person\/10d11eccf6da3662cf5fdab9806ea91a"},"headline":"Qubad \u0130bado\u011flu: Prezidentin islahatlar aparma\u011fa siyasi irad\u0259si \u00e7atm\u0131r","datePublished":"2018-04-23T13:17:43+00:00","mainEntityOfPage":{"@id":"https:\/\/www.meydan.tv\/az\/article\/qubad-ibadoglu-prezidentin-islahatlar-aparmaga-siyasi-iradesi-catmir\/"},"wordCount":1805,"publisher":{"@id":"https:\/\/www.meydan.tv\/az\/#organization"},"image":{"@id":"https:\/\/www.meydan.tv\/az\/article\/qubad-ibadoglu-prezidentin-islahatlar-aparmaga-siyasi-iradesi-catmir\/#primaryimage"},"thumbnailUrl":"https:\/\/www.meydan.tv\/wp-content\/uploads\/40675.jpg","articleSection":["Analitika"],"inLanguage":"az"},{"@type":"WebPage","@id":"https:\/\/www.meydan.tv\/az\/article\/qubad-ibadoglu-prezidentin-islahatlar-aparmaga-siyasi-iradesi-catmir\/","url":"https:\/\/www.meydan.tv\/az\/article\/qubad-ibadoglu-prezidentin-islahatlar-aparmaga-siyasi-iradesi-catmir\/","name":"Qubad \u0130bado\u011flu: Prezidentin islahatlar aparma\u011fa siyasi irad\u0259si \u00e7atm\u0131r - MEYDAN.TV","isPartOf":{"@id":"https:\/\/www.meydan.tv\/az\/#website"},"primaryImageOfPage":{"@id":"https:\/\/www.meydan.tv\/az\/article\/qubad-ibadoglu-prezidentin-islahatlar-aparmaga-siyasi-iradesi-catmir\/#primaryimage"},"image":{"@id":"https:\/\/www.meydan.tv\/az\/article\/qubad-ibadoglu-prezidentin-islahatlar-aparmaga-siyasi-iradesi-catmir\/#primaryimage"},"thumbnailUrl":"https:\/\/www.meydan.tv\/wp-content\/uploads\/40675.jpg","datePublished":"2018-04-23T13:17:43+00:00","breadcrumb":{"@id":"https:\/\/www.meydan.tv\/az\/article\/qubad-ibadoglu-prezidentin-islahatlar-aparmaga-siyasi-iradesi-catmir\/#breadcrumb"},"inLanguage":"az","potentialAction":[{"@type":"ReadAction","target":["https:\/\/www.meydan.tv\/az\/article\/qubad-ibadoglu-prezidentin-islahatlar-aparmaga-siyasi-iradesi-catmir\/"]}]},{"@type":"ImageObject","inLanguage":"az","@id":"https:\/\/www.meydan.tv\/az\/article\/qubad-ibadoglu-prezidentin-islahatlar-aparmaga-siyasi-iradesi-catmir\/#primaryimage","url":"https:\/\/www.meydan.tv\/wp-content\/uploads\/40675.jpg","contentUrl":"https:\/\/www.meydan.tv\/wp-content\/uploads\/40675.jpg","width":750,"height":511,"caption":"Source:"},{"@type":"BreadcrumbList","@id":"https:\/\/www.meydan.tv\/az\/article\/qubad-ibadoglu-prezidentin-islahatlar-aparmaga-siyasi-iradesi-catmir\/#breadcrumb","itemListElement":[{"@type":"ListItem","position":1,"name":"Ana s\u0259hif\u0259","item":"https:\/\/www.meydan.tv\/az\/"},{"@type":"ListItem","position":2,"name":"Analitika","item":"https:\/\/www.meydan.tv\/az\/section\/analitika\/"},{"@type":"ListItem","position":3,"name":"Qubad \u0130bado\u011flu: Prezidentin islahatlar aparma\u011fa siyasi irad\u0259si \u00e7atm\u0131r"}]},{"@type":"WebSite","@id":"https:\/\/www.meydan.tv\/az\/#website","url":"https:\/\/www.meydan.tv\/az\/","name":"MEYDAN.TV","description":"Meydan TV Az\u0259rbaycan\u0131n media m\u0259kan\u0131ndak\u0131 alternativ s\u0259sidir","publisher":{"@id":"https:\/\/www.meydan.tv\/az\/#organization"},"potentialAction":[{"@type":"SearchAction","target":{"@type":"EntryPoint","urlTemplate":"https:\/\/www.meydan.tv\/az\/?s={search_term_string}"},"query-input":{"@type":"PropertyValueSpecification","valueRequired":true,"valueName":"search_term_string"}}],"inLanguage":"az"},{"@type":"Organization","@id":"https:\/\/www.meydan.tv\/az\/#organization","name":"Meydan TV","url":"https:\/\/www.meydan.tv\/az\/","logo":{"@type":"ImageObject","inLanguage":"az","@id":"https:\/\/www.meydan.tv\/az\/#\/schema\/logo\/image\/","url":"https:\/\/www.meydan.tv\/wp-content\/uploads\/2021\/07\/meydan-logo.svg","contentUrl":"https:\/\/www.meydan.tv\/wp-content\/uploads\/2021\/07\/meydan-logo.svg","width":195,"height":46,"caption":"Meydan TV"},"image":{"@id":"https:\/\/www.meydan.tv\/az\/#\/schema\/logo\/image\/"}},{"@type":"Person","@id":"https:\/\/www.meydan.tv\/az\/#\/schema\/person\/10d11eccf6da3662cf5fdab9806ea91a","name":"user-manager"}]}},"_links":{"self":[{"href":"https:\/\/www.meydan.tv\/az\/wp-json\/wp\/v2\/posts\/189665","targetHints":{"allow":["GET"]}}],"collection":[{"href":"https:\/\/www.meydan.tv\/az\/wp-json\/wp\/v2\/posts"}],"about":[{"href":"https:\/\/www.meydan.tv\/az\/wp-json\/wp\/v2\/types\/post"}],"author":[{"embeddable":true,"href":"https:\/\/www.meydan.tv\/az\/wp-json\/wp\/v2\/users\/11"}],"replies":[{"embeddable":true,"href":"https:\/\/www.meydan.tv\/az\/wp-json\/wp\/v2\/comments?post=189665"}],"version-history":[{"count":0,"href":"https:\/\/www.meydan.tv\/az\/wp-json\/wp\/v2\/posts\/189665\/revisions"}],"wp:featuredmedia":[{"embeddable":true,"href":"https:\/\/www.meydan.tv\/az\/wp-json\/wp\/v2\/media\/102585"}],"wp:attachment":[{"href":"https:\/\/www.meydan.tv\/az\/wp-json\/wp\/v2\/media?parent=189665"}],"wp:term":[{"taxonomy":"category","embeddable":true,"href":"https:\/\/www.meydan.tv\/az\/wp-json\/wp\/v2\/categories?post=189665"},{"taxonomy":"post_tag","embeddable":true,"href":"https:\/\/www.meydan.tv\/az\/wp-json\/wp\/v2\/tags?post=189665"}],"curies":[{"name":"wp","href":"https:\/\/api.w.org\/{rel}","templated":true}]}}