{"id":189661,"date":"2018-04-22T15:02:47","date_gmt":"2018-04-22T15:02:47","guid":{"rendered":"https:\/\/www.meydan.tv\/article\/novruz-memmedovun-teyinati\/"},"modified":"2018-04-22T15:02:47","modified_gmt":"2018-04-22T15:02:47","slug":"novruz-memmedovun-teyinati","status":"publish","type":"post","link":"https:\/\/www.meydan.tv\/az\/article\/novruz-memmedovun-teyinati\/","title":{"rendered":"Novruz M\u0259mm\u0259dovun t\u0259yinat\u0131"},"content":{"rendered":"<figure class=\"wp-block-image size-large\">\n  <img decoding=\"async\" src=\"https:\/\/www.meydan.tv\/az\/novruz-memmedov\/\" alt=\"Novruz M\u0259mm\u0259dov\" class=\"wp-image-55980\"\/><figcaption>\n    Novruz M\u0259mm\u0259dov<br \/>\n  <\/figcaption><\/figure>\n<figure class=\"wp-block-image size-large\">\n  <img decoding=\"async\" src=\"https:\/\/www.meydan.tv\/az\/novruz-memmedov\/\" alt=\"Novruz M\u0259mm\u0259dov\" class=\"wp-image-55980\"\/><figcaption>\n    Novruz M\u0259mm\u0259dov<br \/>\n  <\/figcaption><\/figure>\n<p>\n  Aprelin 21-d\u0259 Az\u0259rbaycan parlamenti 71 ya\u015fl\u0131 Novruz M\u0259mm\u0259dovun ba\u015f nazir postuna t\u0259yin edilm\u0259si il\u0259 ba\u011fl\u0131 respublika prezidentinin t\u0259qdimat\u0131n\u0131 t\u0259sdiql\u0259yib. O, bu postda 83 ya\u015fl\u0131 Artur R\u0259sizad\u0259ni \u0259v\u0259zl\u0259yib.\n<\/p>\n<p>\n  H\u00f6kum\u0259t ba\u015f\u00e7\u0131s\u0131n\u0131n haz\u0131rk\u0131 t\u0259msil\u00e7ilik statusunu v\u0259 N.M\u0259mm\u0259dovun \u015f\u0259xsiyy\u0259tini ehtiva ed\u0259n bu prosedur g\u00f6st\u0259rir ki, ali hakimiyy\u0259tin t\u0259hl\u00fck\u0259sizliyi v\u0259 dayan\u0131ql\u0131\u011f\u0131 m\u0259s\u0259l\u0259si iqtisadiyyata nisb\u0259t\u0259n prioritetdir.\n<\/p>\n<p>\n  2002-ci ild\u0259n b\u0259ri d\u00f6vl\u0259t sistemind\u0259 ba\u015f nazir v\u0259zif\u0259si prezidentd\u0259n sonra ikinci v\u0259zif\u0259 idi ki, prezidentin i\u015f qabiliyy\u0259ti olmad\u0131qda \u00f6lk\u0259nin idar\u0259 olunmas\u0131n\u0131 t\u0259min etsin.\n<\/p>\n<p>\n  B\u00fct\u00fcn bu ill\u0259rd\u0259 Artur R\u0259sizad\u0259 bu v\u0259zif\u0259ni m\u00fcv\u0259ff\u0259qiyy\u0259tl\u0259 tutub v\u0259 2003-c\u00fc ild\u0259 hakimiyy\u0259tin \u018fliyevd\u0259n (b\u00f6y\u00fck) \u018fliyev\u0259 (ki\u00e7ik) \u00f6t\u00fcr\u00fclm\u0259sind\u0259 f\u0259rql\u0259nib.\n<\/p>\n<p>\n  2016-c\u0131 ild\u0259 prezident \u0130lham \u018fliyev referendum yolu il\u0259 birinci vitse-prezident postunu yaratmaqla varislik m\u0259s\u0259l\u0259sini m\u00f6hk\u0259ml\u0259ndirdi v\u0259 bu posta \u00f6z h\u0259yat yolda\u015f\u0131 Mehriban \u018fliyevan\u0131 t\u0259yin etdi.\n<\/p>\n<p>\n  H\u0259l\u0259 iki vitse-prezident v\u0259zif\u0259si vakant olaraq qal\u0131r. Ancaq yen\u0259 d\u0259 ba\u015f nazir icra hakimiyy\u0259ti ierarxiyas\u0131nda \u00fc\u00e7\u00fcnc\u00fc \u015f\u0259xsdir.\n<\/p>\n<p>\n  T\u0259hl\u00fck\u0259sizlik m\u0259s\u0259l\u0259sinin \u00f6z prioritetliyini saxlamas\u0131ndan is\u0259 o fakt x\u0259b\u0259r verir ki, N.M\u0259mm\u0259dov iqtisadiyyatda \u00f6n\u0259mli fiqur deyil v\u0259 q\u0259rarlar\u0131n q\u0259bulunda tam olaraq i\u015ftirak ed\u0259 bilm\u0259z, h\u0259m\u00e7inin hakimiyy\u0259tdaxili qrupla\u015fmalar\u0131n m\u00fcbariz\u0259sind\u0259 diqq\u0259ti \u00e7\u0259km\u0259yib, m\u00fcst\u0259sna olaraq prezidentin beyn\u0259lxalq m\u0259s\u0259l\u0259l\u0259r \u00fczr\u0259 k\u00f6m\u0259k\u00e7isi rolunu icra edib.\n<\/p>\n<p>\n  Y\u0259ni, ba\u015f nazir k\u00fcrs\u00fcs\u00fcn\u0259 m\u0259hz bel\u0259 adam laz\u0131md\u0131r &#8211; liderliy\u0259 iddias\u0131 olmayan, sadiq v\u0259 fors-major durumda laz\u0131mi q\u0259rar q\u0259bul etm\u0259yi bacaran.\n<\/p>\n<p>\n  G\u00f6r\u00fcnd\u00fcy\u00fc kimi, \u0130lham \u018fliyev iqtisadiyyat\u0131n prezident hakimiyy\u0259ti t\u0259r\u0259find\u0259n idar\u0259 edilm\u0259si \u00fczr\u0259 m\u00f6vcud sistemi saxlayacaq, proses\u0259 birinci vitse-prezidenti d\u0259 c\u0259lb etm\u0259kl\u0259 bir q\u0259d\u0259r geni\u015fl\u0259ndir\u0259c\u0259k. Bel\u0259 ki, \u00f6t\u0259n ilin fevral\u0131nda t\u0259yinatdan sonra sosial-iqtisadi blokun idar\u0259 olunmas\u0131 \u00fczr\u0259 s\u0259lahiyy\u0259tl\u0259rin bir hiss\u0259si ona h\u0259val\u0259 edilib.\n<\/p>\n<p>\n  \u00d6t\u0259n il Turan proqnozla\u015fd\u0131rm\u0131\u015fd\u0131 ki, birinci vitse-prezident sistemd\u0259 institusional islahatlardan sonra v\u0259 2016-c\u0131 ild\u0259 q\u0259bul edilmi\u015f islahatlara dair yol x\u0259rit\u0259si \u00e7\u0259r\u00e7iv\u0259sind\u0259 bu istiqam\u0259td\u0259 f\u0259alla\u015fa bil\u0259r.\n<\/p>\n<p>\n  11 aprel se\u00e7kil\u0259rind\u0259n sonra ba\u015flayan institusional v\u0259 kadr d\u0259yi\u015fiklikl\u0259ri bel\u0259 s\u00f6yl\u0259m\u0259y\u0259 \u0259sas verir ki, t\u0259hl\u00fck\u0259sizlik m\u0259s\u0259l\u0259sinin prioritet olmas\u0131 il\u0259 yana\u015f\u0131 h\u0259r halda iqtisadi islahatlar da \u00f6n plana \u00e7\u0131xacaq.<\/p>\n","protected":false},"excerpt":{"rendered":"<p>Novruz M\u0259mm\u0259dov Novruz M\u0259mm\u0259dov Aprelin 21-d\u0259 Az\u0259rbaycan parlamenti 71 ya\u015fl\u0131 &#8230; <\/p>\n<p class=\"read-more-container\"><a title=\"Novruz M\u0259mm\u0259dovun t\u0259yinat\u0131\" class=\"read-more button\" href=\"https:\/\/www.meydan.tv\/az\/article\/novruz-memmedovun-teyinati\/#more-189661\" aria-label=\"Read more about Novruz M\u0259mm\u0259dovun t\u0259yinat\u0131\">Davam\u0131<\/a><\/p>\n","protected":false},"author":11,"featured_media":55980,"comment_status":"closed","ping_status":"open","sticky":false,"template":"","format":"standard","meta":{"_acf_changed":false,"_sitemap_exclude":false,"_sitemap_priority":"","_sitemap_frequency":"","footnotes":""},"categories":[51],"tags":[],"class_list":["post-189661","post","type-post","status-publish","format-standard","has-post-thumbnail","hentry","category-analitika","infinite-scroll-item","generate-columns","tablet-grid-50","mobile-grid-100","grid-parent","grid-33","no-featured-image-padding"],"acf":[],"yoast_head":"<!-- This site is optimized with the Yoast SEO plugin v27.4 - https:\/\/yoast.com\/product\/yoast-seo-wordpress\/ -->\n<title>Novruz M\u0259mm\u0259dovun t\u0259yinat\u0131 - MEYDAN.TV<\/title>\n<meta name=\"robots\" content=\"index, follow, max-snippet:-1, max-image-preview:large, max-video-preview:-1\" \/>\n<link rel=\"canonical\" href=\"https:\/\/www.meydan.tv\/az\/article\/novruz-memmedovun-teyinati\/\" \/>\n<meta property=\"og:locale\" content=\"az_AZ\" \/>\n<meta property=\"og:type\" content=\"article\" \/>\n<meta property=\"og:title\" content=\"Novruz M\u0259mm\u0259dovun t\u0259yinat\u0131 - MEYDAN.TV\" \/>\n<meta property=\"og:description\" content=\"Novruz M\u0259mm\u0259dov Novruz M\u0259mm\u0259dov Aprelin 21-d\u0259 Az\u0259rbaycan parlamenti 71 ya\u015fl\u0131 ... Davam\u0131\" \/>\n<meta property=\"og:url\" content=\"https:\/\/www.meydan.tv\/az\/article\/novruz-memmedovun-teyinati\/\" \/>\n<meta property=\"og:site_name\" content=\"MEYDAN.TV\" \/>\n<meta property=\"article:published_time\" content=\"2018-04-22T15:02:47+00:00\" \/>\n<meta property=\"og:image\" content=\"https:\/\/www.meydan.tv\/wp-content\/uploads\/21159.jpg\" \/>\n\t<meta property=\"og:image:width\" content=\"578\" \/>\n\t<meta property=\"og:image:height\" content=\"400\" \/>\n\t<meta property=\"og:image:type\" content=\"image\/jpeg\" \/>\n<meta name=\"author\" content=\"user-manager\" \/>\n<meta name=\"twitter:card\" content=\"summary_large_image\" \/>\n<script type=\"application\/ld+json\" class=\"yoast-schema-graph\">{\"@context\":\"https:\\\/\\\/schema.org\",\"@graph\":[{\"@type\":\"Article\",\"@id\":\"https:\\\/\\\/www.meydan.tv\\\/az\\\/article\\\/novruz-memmedovun-teyinati\\\/#article\",\"isPartOf\":{\"@id\":\"https:\\\/\\\/www.meydan.tv\\\/az\\\/article\\\/novruz-memmedovun-teyinati\\\/\"},\"author\":{\"name\":\"user-manager\",\"@id\":\"https:\\\/\\\/www.meydan.tv\\\/az\\\/#\\\/schema\\\/person\\\/10d11eccf6da3662cf5fdab9806ea91a\"},\"headline\":\"Novruz M\u0259mm\u0259dovun t\u0259yinat\u0131\",\"datePublished\":\"2018-04-22T15:02:47+00:00\",\"mainEntityOfPage\":{\"@id\":\"https:\\\/\\\/www.meydan.tv\\\/az\\\/article\\\/novruz-memmedovun-teyinati\\\/\"},\"wordCount\":492,\"publisher\":{\"@id\":\"https:\\\/\\\/www.meydan.tv\\\/az\\\/#organization\"},\"image\":{\"@id\":\"https:\\\/\\\/www.meydan.tv\\\/az\\\/article\\\/novruz-memmedovun-teyinati\\\/#primaryimage\"},\"thumbnailUrl\":\"https:\\\/\\\/www.meydan.tv\\\/wp-content\\\/uploads\\\/21159.jpg\",\"articleSection\":[\"Analitika\"],\"inLanguage\":\"az\"},{\"@type\":\"WebPage\",\"@id\":\"https:\\\/\\\/www.meydan.tv\\\/az\\\/article\\\/novruz-memmedovun-teyinati\\\/\",\"url\":\"https:\\\/\\\/www.meydan.tv\\\/az\\\/article\\\/novruz-memmedovun-teyinati\\\/\",\"name\":\"Novruz M\u0259mm\u0259dovun t\u0259yinat\u0131 - MEYDAN.TV\",\"isPartOf\":{\"@id\":\"https:\\\/\\\/www.meydan.tv\\\/az\\\/#website\"},\"primaryImageOfPage\":{\"@id\":\"https:\\\/\\\/www.meydan.tv\\\/az\\\/article\\\/novruz-memmedovun-teyinati\\\/#primaryimage\"},\"image\":{\"@id\":\"https:\\\/\\\/www.meydan.tv\\\/az\\\/article\\\/novruz-memmedovun-teyinati\\\/#primaryimage\"},\"thumbnailUrl\":\"https:\\\/\\\/www.meydan.tv\\\/wp-content\\\/uploads\\\/21159.jpg\",\"datePublished\":\"2018-04-22T15:02:47+00:00\",\"breadcrumb\":{\"@id\":\"https:\\\/\\\/www.meydan.tv\\\/az\\\/article\\\/novruz-memmedovun-teyinati\\\/#breadcrumb\"},\"inLanguage\":\"az\",\"potentialAction\":[{\"@type\":\"ReadAction\",\"target\":[\"https:\\\/\\\/www.meydan.tv\\\/az\\\/article\\\/novruz-memmedovun-teyinati\\\/\"]}]},{\"@type\":\"ImageObject\",\"inLanguage\":\"az\",\"@id\":\"https:\\\/\\\/www.meydan.tv\\\/az\\\/article\\\/novruz-memmedovun-teyinati\\\/#primaryimage\",\"url\":\"https:\\\/\\\/www.meydan.tv\\\/wp-content\\\/uploads\\\/21159.jpg\",\"contentUrl\":\"https:\\\/\\\/www.meydan.tv\\\/wp-content\\\/uploads\\\/21159.jpg\",\"width\":578,\"height\":400,\"caption\":\"Foto: Meydan TV\"},{\"@type\":\"BreadcrumbList\",\"@id\":\"https:\\\/\\\/www.meydan.tv\\\/az\\\/article\\\/novruz-memmedovun-teyinati\\\/#breadcrumb\",\"itemListElement\":[{\"@type\":\"ListItem\",\"position\":1,\"name\":\"Ana s\u0259hif\u0259\",\"item\":\"https:\\\/\\\/www.meydan.tv\\\/az\\\/\"},{\"@type\":\"ListItem\",\"position\":2,\"name\":\"Analitika\",\"item\":\"https:\\\/\\\/www.meydan.tv\\\/az\\\/section\\\/analitika\\\/\"},{\"@type\":\"ListItem\",\"position\":3,\"name\":\"Novruz M\u0259mm\u0259dovun t\u0259yinat\u0131\"}]},{\"@type\":\"WebSite\",\"@id\":\"https:\\\/\\\/www.meydan.tv\\\/az\\\/#website\",\"url\":\"https:\\\/\\\/www.meydan.tv\\\/az\\\/\",\"name\":\"MEYDAN.TV\",\"description\":\"Meydan TV Az\u0259rbaycan\u0131n media m\u0259kan\u0131ndak\u0131 alternativ s\u0259sidir\",\"publisher\":{\"@id\":\"https:\\\/\\\/www.meydan.tv\\\/az\\\/#organization\"},\"potentialAction\":[{\"@type\":\"SearchAction\",\"target\":{\"@type\":\"EntryPoint\",\"urlTemplate\":\"https:\\\/\\\/www.meydan.tv\\\/az\\\/?s={search_term_string}\"},\"query-input\":{\"@type\":\"PropertyValueSpecification\",\"valueRequired\":true,\"valueName\":\"search_term_string\"}}],\"inLanguage\":\"az\"},{\"@type\":\"Organization\",\"@id\":\"https:\\\/\\\/www.meydan.tv\\\/az\\\/#organization\",\"name\":\"Meydan TV\",\"url\":\"https:\\\/\\\/www.meydan.tv\\\/az\\\/\",\"logo\":{\"@type\":\"ImageObject\",\"inLanguage\":\"az\",\"@id\":\"https:\\\/\\\/www.meydan.tv\\\/az\\\/#\\\/schema\\\/logo\\\/image\\\/\",\"url\":\"https:\\\/\\\/www.meydan.tv\\\/wp-content\\\/uploads\\\/2021\\\/07\\\/meydan-logo.svg\",\"contentUrl\":\"https:\\\/\\\/www.meydan.tv\\\/wp-content\\\/uploads\\\/2021\\\/07\\\/meydan-logo.svg\",\"width\":195,\"height\":46,\"caption\":\"Meydan TV\"},\"image\":{\"@id\":\"https:\\\/\\\/www.meydan.tv\\\/az\\\/#\\\/schema\\\/logo\\\/image\\\/\"}},{\"@type\":\"Person\",\"@id\":\"https:\\\/\\\/www.meydan.tv\\\/az\\\/#\\\/schema\\\/person\\\/10d11eccf6da3662cf5fdab9806ea91a\",\"name\":\"user-manager\"}]}<\/script>\n<!-- \/ Yoast SEO plugin. -->","yoast_head_json":{"title":"Novruz M\u0259mm\u0259dovun t\u0259yinat\u0131 - MEYDAN.TV","robots":{"index":"index","follow":"follow","max-snippet":"max-snippet:-1","max-image-preview":"max-image-preview:large","max-video-preview":"max-video-preview:-1"},"canonical":"https:\/\/www.meydan.tv\/az\/article\/novruz-memmedovun-teyinati\/","og_locale":"az_AZ","og_type":"article","og_title":"Novruz M\u0259mm\u0259dovun t\u0259yinat\u0131 - MEYDAN.TV","og_description":"Novruz M\u0259mm\u0259dov Novruz M\u0259mm\u0259dov Aprelin 21-d\u0259 Az\u0259rbaycan parlamenti 71 ya\u015fl\u0131 ... Davam\u0131","og_url":"https:\/\/www.meydan.tv\/az\/article\/novruz-memmedovun-teyinati\/","og_site_name":"MEYDAN.TV","article_published_time":"2018-04-22T15:02:47+00:00","og_image":[{"width":578,"height":400,"url":"https:\/\/www.meydan.tv\/wp-content\/uploads\/21159.jpg","type":"image\/jpeg"}],"author":"user-manager","twitter_card":"summary_large_image","schema":{"@context":"https:\/\/schema.org","@graph":[{"@type":"Article","@id":"https:\/\/www.meydan.tv\/az\/article\/novruz-memmedovun-teyinati\/#article","isPartOf":{"@id":"https:\/\/www.meydan.tv\/az\/article\/novruz-memmedovun-teyinati\/"},"author":{"name":"user-manager","@id":"https:\/\/www.meydan.tv\/az\/#\/schema\/person\/10d11eccf6da3662cf5fdab9806ea91a"},"headline":"Novruz M\u0259mm\u0259dovun t\u0259yinat\u0131","datePublished":"2018-04-22T15:02:47+00:00","mainEntityOfPage":{"@id":"https:\/\/www.meydan.tv\/az\/article\/novruz-memmedovun-teyinati\/"},"wordCount":492,"publisher":{"@id":"https:\/\/www.meydan.tv\/az\/#organization"},"image":{"@id":"https:\/\/www.meydan.tv\/az\/article\/novruz-memmedovun-teyinati\/#primaryimage"},"thumbnailUrl":"https:\/\/www.meydan.tv\/wp-content\/uploads\/21159.jpg","articleSection":["Analitika"],"inLanguage":"az"},{"@type":"WebPage","@id":"https:\/\/www.meydan.tv\/az\/article\/novruz-memmedovun-teyinati\/","url":"https:\/\/www.meydan.tv\/az\/article\/novruz-memmedovun-teyinati\/","name":"Novruz M\u0259mm\u0259dovun t\u0259yinat\u0131 - MEYDAN.TV","isPartOf":{"@id":"https:\/\/www.meydan.tv\/az\/#website"},"primaryImageOfPage":{"@id":"https:\/\/www.meydan.tv\/az\/article\/novruz-memmedovun-teyinati\/#primaryimage"},"image":{"@id":"https:\/\/www.meydan.tv\/az\/article\/novruz-memmedovun-teyinati\/#primaryimage"},"thumbnailUrl":"https:\/\/www.meydan.tv\/wp-content\/uploads\/21159.jpg","datePublished":"2018-04-22T15:02:47+00:00","breadcrumb":{"@id":"https:\/\/www.meydan.tv\/az\/article\/novruz-memmedovun-teyinati\/#breadcrumb"},"inLanguage":"az","potentialAction":[{"@type":"ReadAction","target":["https:\/\/www.meydan.tv\/az\/article\/novruz-memmedovun-teyinati\/"]}]},{"@type":"ImageObject","inLanguage":"az","@id":"https:\/\/www.meydan.tv\/az\/article\/novruz-memmedovun-teyinati\/#primaryimage","url":"https:\/\/www.meydan.tv\/wp-content\/uploads\/21159.jpg","contentUrl":"https:\/\/www.meydan.tv\/wp-content\/uploads\/21159.jpg","width":578,"height":400,"caption":"Foto: Meydan TV"},{"@type":"BreadcrumbList","@id":"https:\/\/www.meydan.tv\/az\/article\/novruz-memmedovun-teyinati\/#breadcrumb","itemListElement":[{"@type":"ListItem","position":1,"name":"Ana s\u0259hif\u0259","item":"https:\/\/www.meydan.tv\/az\/"},{"@type":"ListItem","position":2,"name":"Analitika","item":"https:\/\/www.meydan.tv\/az\/section\/analitika\/"},{"@type":"ListItem","position":3,"name":"Novruz M\u0259mm\u0259dovun t\u0259yinat\u0131"}]},{"@type":"WebSite","@id":"https:\/\/www.meydan.tv\/az\/#website","url":"https:\/\/www.meydan.tv\/az\/","name":"MEYDAN.TV","description":"Meydan TV Az\u0259rbaycan\u0131n media m\u0259kan\u0131ndak\u0131 alternativ s\u0259sidir","publisher":{"@id":"https:\/\/www.meydan.tv\/az\/#organization"},"potentialAction":[{"@type":"SearchAction","target":{"@type":"EntryPoint","urlTemplate":"https:\/\/www.meydan.tv\/az\/?s={search_term_string}"},"query-input":{"@type":"PropertyValueSpecification","valueRequired":true,"valueName":"search_term_string"}}],"inLanguage":"az"},{"@type":"Organization","@id":"https:\/\/www.meydan.tv\/az\/#organization","name":"Meydan TV","url":"https:\/\/www.meydan.tv\/az\/","logo":{"@type":"ImageObject","inLanguage":"az","@id":"https:\/\/www.meydan.tv\/az\/#\/schema\/logo\/image\/","url":"https:\/\/www.meydan.tv\/wp-content\/uploads\/2021\/07\/meydan-logo.svg","contentUrl":"https:\/\/www.meydan.tv\/wp-content\/uploads\/2021\/07\/meydan-logo.svg","width":195,"height":46,"caption":"Meydan TV"},"image":{"@id":"https:\/\/www.meydan.tv\/az\/#\/schema\/logo\/image\/"}},{"@type":"Person","@id":"https:\/\/www.meydan.tv\/az\/#\/schema\/person\/10d11eccf6da3662cf5fdab9806ea91a","name":"user-manager"}]}},"_links":{"self":[{"href":"https:\/\/www.meydan.tv\/az\/wp-json\/wp\/v2\/posts\/189661","targetHints":{"allow":["GET"]}}],"collection":[{"href":"https:\/\/www.meydan.tv\/az\/wp-json\/wp\/v2\/posts"}],"about":[{"href":"https:\/\/www.meydan.tv\/az\/wp-json\/wp\/v2\/types\/post"}],"author":[{"embeddable":true,"href":"https:\/\/www.meydan.tv\/az\/wp-json\/wp\/v2\/users\/11"}],"replies":[{"embeddable":true,"href":"https:\/\/www.meydan.tv\/az\/wp-json\/wp\/v2\/comments?post=189661"}],"version-history":[{"count":0,"href":"https:\/\/www.meydan.tv\/az\/wp-json\/wp\/v2\/posts\/189661\/revisions"}],"wp:featuredmedia":[{"embeddable":true,"href":"https:\/\/www.meydan.tv\/az\/wp-json\/wp\/v2\/media\/55980"}],"wp:attachment":[{"href":"https:\/\/www.meydan.tv\/az\/wp-json\/wp\/v2\/media?parent=189661"}],"wp:term":[{"taxonomy":"category","embeddable":true,"href":"https:\/\/www.meydan.tv\/az\/wp-json\/wp\/v2\/categories?post=189661"},{"taxonomy":"post_tag","embeddable":true,"href":"https:\/\/www.meydan.tv\/az\/wp-json\/wp\/v2\/tags?post=189661"}],"curies":[{"name":"wp","href":"https:\/\/api.w.org\/{rel}","templated":true}]}}