{"id":189660,"date":"2018-04-22T00:25:21","date_gmt":"2018-04-22T00:25:21","guid":{"rendered":"https:\/\/www.meydan.tv\/article\/avropa-mehkemesi-iki-huquqsunasla-bagli-qerarinda-hansi-senedlere-istinad-edib\/"},"modified":"2018-04-22T00:25:21","modified_gmt":"2018-04-22T00:25:21","slug":"avropa-mehkemesi-iki-huquqsunasla-bagli-qerarinda-hansi-senedlere-istinad-edib","status":"publish","type":"post","link":"https:\/\/www.meydan.tv\/az\/article\/avropa-mehkemesi-iki-huquqsunasla-bagli-qerarinda-hansi-senedlere-istinad-edib\/","title":{"rendered":"Avropa M\u0259hk\u0259m\u0259si iki h\u00fcquq\u015f\u00fcnasla ba\u011fl\u0131 q\u0259rar\u0131nda hans\u0131 s\u0259n\u0259dl\u0259r\u0259 istinad edib?"},"content":{"rendered":"<figure class=\"wp-block-image size-large\">\n  <img decoding=\"async\" src=\"https:\/\/www.meydan.tv\/az\/intiqam-eliyev-8\/\" alt=\"\u0130ntiqam \u018fliyev\" class=\"wp-image-102627\"\/><figcaption>\n    \u0130ntiqam \u018fliyev<br \/>\n  <\/figcaption><\/figure>\n<p>\n  <i><br \/>\n    V\u0259kill\u0259r Kollegiyas\u0131 R\u0259yas\u0259t Hey\u0259sinin h\u0259min iclaslar\u0131n\u0131n stenoqramlar\u0131 Meydan TV-d\u0259<br \/>\n  <\/i>\n<\/p>\n<p>\n  Avropa \u0130nsan H\u00fcquqlar\u0131 M\u0259hk\u0259m\u0259si aprelin 19-da \u018fnna\u011f\u0131 Hac\u0131b\u0259yli v\u0259 \u0130ntiqam \u018fliyevin V\u0259kill\u0259r Kollegiyas\u0131na (VK) q\u0259buldan imtina il\u0259 ba\u011fl\u0131 \u015fikay\u0259tl\u0259ri \u00fczr\u0259 q\u0259rar q\u0259bul edib. Avropa M\u0259hk\u0259m\u0259si h\u0259r iki h\u00fcquq\u015f\u00fcnas\u0131n VK-ya q\u0259bulundan imtinan\u0131n onlar\u0131n bax\u0131\u015flar\u0131 il\u0259 ba\u011fl\u0131 oldu\u011fu q\u0259na\u0259tin\u0259 g\u0259l\u0259r\u0259k, Avropa Konvensiyas\u0131n\u0131n 10-cu madd\u0259sinin (ifad\u0259 azadl\u0131\u011f\u0131) pozuntusunu tan\u0131y\u0131b. H\u0259m\u00e7inin M\u0259hk\u0259m\u0259 \u0130.\u018fliyevin 2014-c\u00fc ild\u0259 h\u0259bs olunmas\u0131 zaman\u0131 onun ofisind\u0259n v\u0259 ya\u015fad\u0131\u011f\u0131 m\u0259nzild\u0259n Avropa M\u0259hk\u0259m\u0259sind\u0259 apard\u0131\u011f\u0131 i\u015fl\u0259rl\u0259 ba\u011fl\u0131 b\u00fct\u00fcn dosyel\u0259rin, o c\u00fcml\u0259d\u0259n h\u0259r iki \u015fikay\u0259tl\u0259 ba\u011fl\u0131 s\u0259n\u0259dl\u0259rin g\u00f6t\u00fcr\u00fclm\u0259sini v\u0259 bu g\u00fcn\u0259 q\u0259d\u0259r qaytar\u0131lmamas\u0131n\u0131 Strasburqa f\u0259rdi \u015fikay\u0259t h\u00fcququna mane\u00e7ilik kimi qiym\u0259tl\u0259ndirib v\u0259 bu q\u0259na\u0259t\u0259 g\u0259lib ki, h\u00f6kum\u0259t h\u0259m\u00e7inin Konvensiyan\u0131n 34-c\u00fc madd\u0259si \u00fczr\u0259 \u00f6hd\u0259likl\u0259rini yerin\u0259 yetirm\u0259yib. \u0130ntiqam \u018fliyev bu i\u015fd\u0259 \u0259riz\u0259\u00e7i olmaqla yana\u015f\u0131, h\u0259m d\u0259 h\u0259r iki i\u015fl\u0259 ba\u011fl\u0131 h\u0259m yerli m\u0259hk\u0259m\u0259l\u0259rd\u0259, h\u0259m d\u0259 AM-d\u0259 h\u00fcquqi t\u0259m\u00e7il\u00e7iliyiyi h\u0259yata ke\u00e7irib. \u0130\u015fl\u0259r ayr\u0131-ayr\u0131l\u0131qda apar\u0131lsa da, sonradan AM onlar\u0131 bir icraatda birl\u0259\u015fdirib.\n<\/p>\n<p>\n  Q\u0259rar\u0131n yenic\u0259 q\u0259bul edilm\u0259sin\u0259 baxmayaraq, art\u0131q h\u0259m yerli, h\u0259m d\u0259 beyn\u0259lxalq ekspertl\u0259r onun v\u0259killik, ifad\u0259 azadl\u0131\u011f\u0131 il\u0259 ba\u011fl\u0131 \u00e7ox maraql\u0131 bir presedent oldu\u011funu vur\u011fulay\u0131rlar.\n<\/p>\n<p>\n  \u0130\u015fin mahiyy\u0259ti il\u0259 ba\u011fl\u0131 q\u0131sa xat\u0131rladaq ki, yerli v\u0259 beyn\u0259lxalq t\u0259\u015fkilatlar\u0131n apard\u0131\u011f\u0131 m\u00fcbariz\u0259nin n\u0259tic\u0259si kimi \u201cV\u0259kill\u0259r v\u0259 v\u0259killik f\u0259aliyy\u0259ti haqq\u0131nda\u201d Qanuna 3 iyun 2005-ci ild\u0259 edil\u0259n d\u0259yi\u015fikliy\u0259 \u0259sas\u0259n, h\u0259min qanunun q\u00fcvv\u0259y\u0259 minm\u0259sin\u0259 q\u0259d\u0259r h\u00fcquq xidm\u0259tl\u0259rinin g\u00f6st\u0259rilm\u0259si \u00fc\u00e7\u00fcn lisenziyas\u0131 olan h\u00fcquq\u015f\u00fcnaslar ixtisas imtahan\u0131 verm\u0259d\u0259n VK-n\u0131n \u00fczvl\u00fcy\u00fcn\u0259 q\u0259bul olunmal\u0131 idil\u0259r. Bu i\u015fd\u0259ki \u0259riz\u0259\u00e7il\u0259r d\u0259 lisenziyal\u0131 h\u00fcquq\u015f\u00fcnaslar idil\u0259r.\n<\/p>\n<p>\n  2005-ci ilin noyabr ay\u0131ndan ba\u015flayaraq lisenziyal\u0131 h\u00fcquq\u015f\u00fcnaslar\u0131n VK-ya \u00fczvl\u00fcy\u00fcn\u00fcn r\u0259smil\u0259\u015fdirilm\u0259si prosesin\u0259 start verilib. B\u00fct\u00fcn bu kateqoriya \u015f\u0259xsl\u0259rin v\u0259kil statusunu tan\u0131yan VK-n\u0131n R\u0259yas\u0259t Hey\u0259ti \u0259riz\u0259\u00e7il\u0259r\u0259 yox cavab\u0131 verib.\n<\/p>\n<p>\n  \u0130lk olaraq VK-n\u0131n R\u0259yas\u0259t Hey\u0259ti 19 noyabr 2005-ci ild\u0259 \u0130ntiqam \u018fliyev\u0259 Kollegiyaya q\u0259buldan r\u0259dd cavab\u0131 verilib.\n<\/p>\n<p>\n  \u018fsas kimi ad\u0131\u00e7\u0259kil\u0259n h\u00fcquq\u015f\u00fcnaslar\u0131n mediada, m\u00fcxt\u0259lif t\u0259dbirl\u0259rd\u0259 t\u0259nqidi fikirl\u0259ri, yerli v\u0259 beyn\u0259lxalq m\u0259hk\u0259m\u0259l\u0259rd\u0259 VK-ya qar\u015f\u0131 i\u015f qald\u0131rmalar\u0131 olub. Avropa M\u0259hk\u0259m\u0259sinin D\u00f6vl\u0259ti c\u0259zaland\u0131rd\u0131\u011f\u0131 q\u0259rar\u0131nda qeyd oluna toplant\u0131da i\u015ftirak ed\u0259n VK R\u0259yas\u0259t Hey\u0259tinin \u00fczvl\u0259ri aras\u0131nda o vaxt v\u0259 ya haz\u0131rda Bak\u0131 Apelyasiya M\u0259hk\u0259m\u0259sinin, MSK-n\u0131n, M\u0259hk\u0259m\u0259-H\u00fcquq \u015euras\u0131n\u0131n \u00fczv\u00fc olan \u015f\u0259xsl\u0259r d\u0259 var.\n<\/p>\n<p>\n  H\u00fcquq\u015f\u00fcnaslar bu i\u015fl\u0259 ba\u011fl\u0131 Konstitusiya M\u0259hk\u0259m\u0259si d\u0259 daxil olmaqla b\u00fct\u00fcn m\u0259hk\u0259m\u0259 sistemini bir ne\u00e7\u0259 d\u0259f\u0259 d\u00f6vr\u0259 vurublar v\u0259 h\u0259r d\u0259f\u0259 r\u0259dd cavab\u0131 al\u0131blar. 2008-ci ild\u0259 is\u0259 Avropa M\u0259hk\u0259m\u0259sin\u0259 \u00fcz tutublar. Strasburq bu i\u015f\u0259 d\u00fcz 10 ild\u0259n sonra bax\u0131b q\u0259rar verib.\n<\/p>\n<p>\n  Avropa M\u0259hk\u0259m\u0259sinin bu i\u015fl\u0259 ba\u011fl\u0131 istinad etdiyi \u0259sas s\u0259n\u0259dl\u0259r \u0259riz\u0259\u00e7il\u0259rin VK R\u0259yas\u0259t Hey\u0259tinin h\u00fcquq\u015f\u00fcnaslar\u0131n bu quruma q\u0259bulu m\u0259s\u0259l\u0259sin\u0259 baxan toplant\u0131s\u0131n\u0131n stenoqramlar\u0131d\u0131r. AM-in q\u0259rar\u0131nda h\u0259min s\u0259n\u0259din bir hiss\u0259si t\u0259qdim olunsa da (adlar tam g\u00f6st\u0259rilm\u0259m\u0259kl\u0259), Meydan TV h\u0259r iki y\u0131\u011f\u0131nca\u011f\u0131n stenoqram\u0131n\u0131 \u0259ld\u0259 edib. Onlar\u0131 tam h\u0259cmd\u0259 oxuculara t\u0259qdim olunur\n<\/p>\n<p>\n  \u201cV\u0259kill\u0259r Kollegiyas\u0131n\u0131n R\u0259yas\u0259t Hey\u0259tinin s\u0259dri Az\u0259r Ta\u011f\u0131yev \u0130ntiqam \u018fliyev bar\u0259d\u0259 m\u0259lumatlar\u0131 elan etdikd\u0259n sonra suallar \u00fc\u00e7\u00fcn s\u00f6z\u00fc R\u0259yas\u0259t Hey\u0259tinin \u00fczvl\u0259rin\u0259 verir.\n<\/p>\n<p>\n  \u0130kram \u015eirinov (VK RH-nin \u00fczv\u00fc): \u0130ntiqam m\u00fc\u0259llim, siz V\u0259kill\u0259r Kollegiyas\u0131na qar\u015f\u0131 m\u0259hk\u0259m\u0259l\u0259rd\u0259 i\u015f qald\u0131rm\u0131s\u0131n\u0131z. Kollegiyan\u0131n \u00fczv\u00fc olduqdan sonra h\u0259min \u015fikay\u0259tl\u0259rd\u0259n imtina ed\u0259c\u0259ksinizmi?\n<\/p>\n<p>\n  \u0130ntiqam \u018fliyev: Ba\u015fqalar\u0131n\u0131 bilmir\u0259m, \u015f\u0259xs\u0259n m\u0259nim V\u0259kill\u0259r Kollegiyas\u0131na v\u0259 \u018fdliyy\u0259 Nazirliyin\u0259 qar\u015f\u0131 qald\u0131rd\u0131\u011f\u0131m iddialardan imtina etm\u0259k fikrim yoxdur. T\u0259\u0259ss\u00fcf ki, adlar\u0131 \u00e7\u0259kil\u0259n qurumlar\u0131n m\u0259hk\u0259m\u0259l\u0259r\u0259 t\u0259zyiql\u0259ri n\u0259tic\u0259sind\u0259 h\u0259min \u015fikay\u0259tl\u0259r\u0259 qanunsuz olaraq bug\u00fcn\u0259 q\u0259d\u0259r bax\u0131lmay\u0131b. M\u0259n yen\u0259 d\u0259 o fikird\u0259 qal\u0131ram ki, VK-n\u0131n t\u0259sis y\u0131\u011f\u0131nca\u011f\u0131 kobud qanun pozuntular\u0131 v\u0259 antidemokratik \u015f\u0259raitd\u0259 ke\u00e7irilib, lisenziyal\u0131 h\u00fcquq\u015f\u00fcnaslar\u0131n, v\u0259kill\u0259rin h\u00fcquqlar\u0131 pozulub v\u0259 bu, m\u00fcvafiq h\u00fcquqi qiym\u0259tini almal\u0131d\u0131r. M\u0259n bu g\u00fcn d\u0259 hesab edir\u0259m ki, Az\u0259r Ta\u011f\u0131yevin bir m\u0259ktubu \u0259sas\u0131nda \u00abV\u0259kill\u0259r Kollegiyas\u0131na qar\u015f\u0131 m\u0259hk\u0259m\u0259d\u0259 iddia qald\u0131rmaq olmaz!\u00bb \u2013 dey\u0259n m\u0259hk\u0259m\u0259l\u0259r sifari\u015fl\u0259 q\u0259rar q\u0259bul edibl\u0259r v\u0259 h\u0259min q\u0259rarlar l\u0259\u011fv olunmal\u0131d\u0131r. Yeri g\u0259lmi\u015fk\u0259n, onu da n\u0259z\u0259riniz\u0259 \u00e7atd\u0131r\u0131m ki, Az\u0259rbaycan m\u0259hk\u0259m\u0259l\u0259rinin h\u0259min biab\u0131r\u00e7\u0131 q\u0259rarlar\u0131ndan biz Avropa M\u0259hk\u0259m\u0259sin\u0259 art\u0131q bir ne\u00e7\u0259 \u015fikay\u0259t g\u00f6nd\u0259rmi\u015fik. Onlar\u0131n arxas\u0131nda da ax\u0131ra q\u0259d\u0259r dayanmaq v\u0259 \u015fikay\u0259tl\u0259rin\u0259 m\u0259hk\u0259m\u0259d\u0259 bax\u0131lmas\u0131n\u0131 h\u00fcquq\u015f\u00fcnaslara, v\u0259kill\u0259r\u0259 qada\u011fan ed\u0259n d\u00f6vl\u0259tin c\u0259zaland\u0131r\u0131lmas\u0131na nail olmaq fikrind\u0259yik.\n<\/p>\n<p>\n  \u0130kram \u015eirinov: Siz m\u0259tbuatdak\u0131 yaz\u0131lar\u0131n\u0131zda bildirirsiniz ki, Az\u0259rbaycandak\u0131 m\u0259hk\u0259m\u0259l\u0259rin bu g\u00fcn ac\u0131nacaql\u0131 v\u0259ziyy\u0259td\u0259 olmas\u0131n\u0131n \u0259sas s\u0259b\u0259bl\u0259rind\u0259n biri d\u0259 v\u0259killikdir. Bu fikr\u0259 m\u00fcnasib\u0259tinizi bilm\u0259k ist\u0259rdik.\n<\/p>\n<p>\n  \u0130ntiqam \u018fliyev: M\u0259n indi d\u0259 o fikird\u0259y\u0259m. Hesab edir\u0259m ki, Az\u0259rbaycanda qanun\u00e7ulu\u011fun, insan h\u00fcquqlar\u0131n\u0131n indiki ac\u0131nacaql\u0131 v\u0259ziyy\u0259tinin \u0259sas s\u0259b\u0259bl\u0259rind\u0259n biri d\u0259 \u00f6lk\u0259d\u0259 m\u00fcst\u0259qil m\u0259hk\u0259m\u0259 hakimiyy\u0259tinin v\u0259 m\u00fcst\u0259qil v\u0259killiyin olmamas\u0131d\u0131r. M\u0259hk\u0259m\u0259l\u0259r d\u0259, V\u0259kill\u0259r Kollegiyas\u0131 da hakimiyy\u0259tin tam t\u0259siri v\u0259 n\u0259zar\u0259ti alt\u0131ndad\u0131r. M\u0259ni bir h\u00fcquq\u015f\u00fcnas v\u0259 v\u0259kil kimi bu, \u00e7ox narahat edir. Bundan sonra da onlar\u0131n m\u00fcst\u0259qil olmalar\u0131 u\u011frunda m\u00fcbariz\u0259d\u0259 f\u0259al i\u015ftirak etm\u0259k fikrind\u0259y\u0259m.\n<\/p>\n<p>\n  M\u0259lumat \u00fc\u00e7\u00fcn n\u0259z\u0259riniz\u0259 \u00e7atd\u0131r\u0131m ki, bir ne\u00e7\u0259 g\u00fcn bundan qabaq AT\u018fT-in Tbilisid\u0259 v\u0259killik m\u00f6vzusunda t\u0259\u015fkil etdiyi b\u00f6y\u00fck bir beyn\u0259lxalq konfransda da bildirmi\u015f\u0259m ki, ictimai birlik olan V\u0259kill\u0259r Kollegiyas\u0131 Az\u0259rbaycanda faktiki olaraq nazirlik kimi idar\u0259 olunur. Bu qurumda h\u0259r hans\u0131 demokratik idar\u0259\u00e7ilikd\u0259n s\u00f6hb\u0259t bel\u0259 ged\u0259 bilm\u0259z.\n<\/p>\n<p>\n  \u015e\u0259fay\u0259t H\u0259s\u0259nov (RH \u00fczv\u00fc): \u0130ntiqam m\u00fc\u0259llim do\u011fru deyir, amma h\u0259min t\u0259dbird\u0259 V\u0259kill\u0259r Kollegiyas\u0131n\u0131n n\u00fcmay\u0259nd\u0259si R\u0259na xan\u0131m onun bu \u00e7\u0131x\u0131\u015f\u0131na etiraz bildir\u0259n \u00e7\u0131x\u0131\u015f etdi.\n<\/p>\n<p>\n  \u0130ntiqam \u018fliyev: Bir balaca d\u0259qiql\u0259\u015fdirm\u0259 apar\u0131m. V\u0259kill\u0259r Kollegiyas\u0131n\u0131n n\u00fcmay\u0259nd\u0259l\u0259ri t\u0259dbird\u0259 \u00e7\u0131x\u0131\u015f edib dedil\u0259r ki, Az\u0259rbaycanda v\u0259killiyin inki\u015faf\u0131 \u00fc\u00e7\u00fcn h\u0259r c\u00fcr \u015f\u0259rait yarad\u0131l\u0131b, v\u0259killiy\u0259 d\u00f6vl\u0259t qay\u011f\u0131s\u0131 var, \u00f6lk\u0259 prezidenti f\u0259rman verib ki, Kollegiyaya bina, ma\u015f\u0131n, v\u0259kill\u0259r\u0259 paltar verilsin. Biz d\u0259 \u00e7\u0131x\u0131\u015f edib dedik ki, bu, \u00e7ox anormal bir \u015feydir ki, hakimiyy\u0259t v\u0259kill\u0259r\u0259 bu c\u00fcr h\u0259diyy\u0259l\u0259r verir: bel\u0259 \u015feyl\u0259rin arxas\u0131nda n\u0259l\u0259rin dayand\u0131\u011f\u0131n\u0131 izah etm\u0259y\u0259 ehtiyac yoxdur. Hakimiyy\u0259t \u00f6lk\u0259d\u0259 v\u0259killik f\u0259aliyy\u0259tini h\u0259yata ke\u00e7irm\u0259k \u00fc\u00e7\u00fcn normal m\u00fchit yaratmal\u0131d\u0131r ki, v\u0259kill\u0259r b\u00fct\u00fcn d\u00fcnyada oldu\u011fu kimi, yax\u015f\u0131 qazans\u0131nlar, h\u0259min f\u0259rmanda g\u00f6st\u0259ril\u0259n \u015feyl\u0259ri \u00f6zl\u0259ri als\u0131nlar, h\u0259l\u0259 d\u00f6vl\u0259t\u0259 d\u0259 xeyir versinl\u0259r.\n<\/p>\n<p>\n  \u0130kram \u015eirinov: Siz bu g\u00fcn d\u0259 hesab edirsiniz ki, V\u0259kill\u0259r Kollegiyas\u0131 ictimai birlikdir?\n<\/p>\n<p>\n  \u0130ntiqam \u018fliyev: Siz \u0259g\u0259r hesab edirsinizs\u0259 v\u0259 m\u0259nd\u0259n d\u0259 bu cavab\u0131 e\u015fitm\u0259k ist\u0259yirsinizs\u0259 ki, Az\u0259r Ta\u011f\u0131yevin dediyi kimi, V\u0259kill\u0259r Kollegiyas\u0131 ictimai birlik deyil, konstitusion orqand\u0131r, s\u0259hv edirsiniz. V\u0259kill\u0259r Kollegiyas\u0131 m\u0259hz ictimai birlikdir \u2013 v\u0259kill\u0259rin pe\u015f\u0259 birliyidir!\n<\/p>\n<p>\n  Az\u0259r Ta\u011f\u0131yev (RH-nin s\u0259dri): Sizin r\u0259hb\u0259rlik etdiyiniz t\u0259\u015fkilat \u2013 H\u00fcquq Maarif\u00e7iliyi C\u0259miyy\u0259ti d\u0259 ictimai birlikdir. \u0130ctimai birliyiniz ola-ola, niy\u0259 V\u0259kill\u0259r Kollegiyas\u0131na da \u00fczv olma\u011fa can at\u0131rs\u0131n\u0131z?\n<\/p>\n<p>\n  \u0130ntiqam \u018fliyev: Siz hans\u0131 qurumlara \u00fczv olma\u011f\u0131mla ba\u011fl\u0131 b\u0259lk\u0259 m\u0259n\u0259 g\u00f6st\u0259ri\u015f d\u0259 ver\u0259siniz?! M\u0259nim ist\u0259nil\u0259n ictimai birlik yaratmaq v\u0259 ya m\u00f6vcud olan ictimai birliy\u0259 \u00fczv olmaq haqq\u0131m var. V\u0259 h\u0259min birlikl\u0259r\u0259 daxil olanda, he\u00e7 k\u0259sl\u0259 m\u0259sl\u0259h\u0259tl\u0259\u015fm\u0259k fikrim yoxdur.\n<\/p>\n<p>\n  V\u0259kill\u0259r Kollegiyas\u0131na \u00fczvl\u00fcy\u0259 g\u0259ldikd\u0259 is\u0259 Az\u0259rbaycan qanunvericiliyi v\u0259killik f\u0259aliyy\u0259ti il\u0259 m\u0259\u015f\u011ful olmaq ist\u0259y\u0259n h\u00fcquq\u015f\u00fcnaslar\u0131n bu quruma m\u0259cburi \u00fczvl\u00fcy\u00fcn\u00fc m\u00fc\u0259yy\u0259n edir. Bu g\u00fcn \u00f6lk\u0259d\u0259 bu f\u0259aliyy\u0259tl\u0259 m\u0259\u015f\u011ful olmaq ist\u0259y\u0259nl\u0259ri \u00f6z s\u0131ralar\u0131nda birl\u0259\u015fdir\u0259n bir t\u0259\u015fkilat var v\u0259 v\u0259killikl\u0259 m\u0259\u015f\u011ful olmaq ist\u0259y\u0259nl\u0259r ora \u00fczv olmal\u0131d\u0131r. \u018fg\u0259r qanunvericilik ba\u015fqa bir v\u0259kill\u0259r kollegiyas\u0131n\u0131n yarad\u0131lmas\u0131na yol vers\u0259ydi, biz bura g\u0259lm\u0259zdik.\n<\/p>\n<p>\n  Akif \u018fhm\u0259dov (RH \u00fczv\u00fc): M\u0259nim \u0130ntiqam m\u00fc\u0259llim\u0259 bir insan v\u0259 h\u00fcquq\u015f\u00fcnas kimi b\u00f6y\u00fck h\u00f6rm\u0259tim var. Amma o, m\u0259tbuatda v\u0259 \u00abH\u00fcquq q\u0259zeti\u00bbnd\u0259 (\u0130.\u018fliyev bu q\u0259zetin t\u0259sis\u00e7isi v\u0259 ba\u015f redaktoru olub \u2013 Meydan TV) V\u0259kill\u0259r Kollegiyas\u0131n\u0131n \u00fczvl\u0259rini t\u0259hqir ed\u0259n yaz\u0131lar d\u0259rc edib.\n<\/p>\n<p>\n  \u0130ntiqam \u018fliyev: M\u0259n kimi t\u0259hqir etmi\u015f\u0259m?!\n<\/p>\n<p>\n  Akif \u018fhm\u0259dov: Siz yaz\u0131lar\u0131n\u0131zda V\u0259kill\u0259r Kollegiyas\u0131n\u0131 t\u0259hqir etmi\u015finiz. Siz yaz\u0131rs\u0131n\u0131z ki, v\u0259kill\u0259r vasit\u0259\u00e7ilikl\u0259 m\u0259\u015f\u011fuldurlar.\n<\/p>\n<p>\n  \u0130ntiqam \u018fliyev: \u018fvv\u0259la, V\u0259kill\u0259r Kollegiyas\u0131n\u0131n r\u0259hb\u0259rliyi bu qurumu c\u0131l\u0131z, qapal\u0131 v\u0259 idar\u0259 olunan bir t\u0259\u015fkilat s\u0259viyy\u0259sin\u0259 endirm\u0259kl\u0259, t\u0259\u015fkilat\u0131n qap\u0131lar\u0131n\u0131 qanunsuz olaraq h\u00fcquq\u015f\u00fcnaslar\u0131n \u00fcz\u00fcn\u0259 ba\u011flamaqla, t\u0259\u015fkilatda yaltaql\u0131q v\u0259 qorxu m\u00fchiti yaratmaqla ne\u00e7\u0259 ill\u0259rdir ki, bizl\u0259ri t\u0259hqir edir. \u0130kincisi, m\u0259n indi d\u0259 o fikird\u0259y\u0259m ki, v\u0259kill\u0259rin b\u00f6y\u00fck bir hiss\u0259si vasit\u0259\u00e7ilikl\u0259 m\u0259\u015f\u011fuldur. Bu g\u00fcn Kollegiyada xeyli adam var ki, orderini 20-50 min manata (o vaxt\u0131n pulu \u2013 Meydan TV) sat\u0131b ist\u0259nil\u0259n s\u0259n\u0259d\u0259 qol atma\u011fa haz\u0131rd\u0131r.\n<\/p>\n<p>\n  Az\u0259r Ta\u011f\u0131yev: Siz m\u0259hk\u0259m\u0259l\u0259rd\u0259 V\u0259kill\u0259r Kollegiyas\u0131na qar\u015f\u0131 qald\u0131rd\u0131\u011f\u0131n\u0131z iddialar\u0131 bundan sonra da m\u00fcdafi\u0259 ed\u0259c\u0259yinizi bildirm\u0259kl\u0259, bel\u0259 \u00e7\u0131x\u0131r ki, m\u00f6vcud V\u0259kill\u0259r Kollegiyas\u0131n\u0131n qanuniliyini tan\u0131m\u0131rs\u0131n\u0131z?!\n<\/p>\n<p>\n  \u0130ntiqam \u018fliyev: \u018fvv\u0259la, m\u0259n v\u0259 h\u0259mkarlar\u0131m V\u0259kill\u0259r Kollegiyas\u0131n\u0131n qanuniliyi m\u0259s\u0259l\u0259sini yox, kobud qanun pozuntular\u0131 il\u0259 ke\u00e7iril\u0259n t\u0259sis y\u0131\u011f\u0131nca\u011f\u0131n\u0131n etibars\u0131zl\u0131\u011f\u0131 m\u0259s\u0259l\u0259sini m\u0259hk\u0259m\u0259l\u0259r qar\u015f\u0131s\u0131nda qald\u0131rm\u0131\u015f\u0131q. \u00d6z\u00fc d\u0259 bu iddialar bizim VK-n\u0131n \u00fczv\u00fc kimi statusumuzun qanunvericilik s\u0259viyy\u0259sind\u0259 d\u0259yi\u015fiklikl\u0259r yolu il\u0259 tan\u0131nmas\u0131na q\u0259d\u0259r qald\u0131r\u0131l\u0131b. H\u0259mkarlar\u0131m\u0131n ad\u0131ndan dan\u0131\u015fmaq ist\u0259mir\u0259m, \u015f\u0259xs\u0259n m\u0259n bu prosesl\u0259ri ax\u0131r\u0131na q\u0259d\u0259r \u00e7atd\u0131rmaq fikrind\u0259y\u0259m. O c\u00fcml\u0259d\u0259n V\u0259kill\u0259r Kollegiyas\u0131ndan qanunsuz olaraq \u00e7\u0131xar\u0131lm\u0131\u015f h\u0259mkarlar\u0131m\u0131z\u0131n Kollegiyaya qar\u015f\u0131 verdikl\u0259ri \u015fikay\u0259tl\u0259rd\u0259 onlara d\u0259st\u0259k olaca\u011f\u0131m\u0131 bilm\u0259yinizi ist\u0259rdim.\n<\/p>\n<p>\n  Sizin burada m\u0259n\u0259 bel\u0259 m\u0259zmunda suallar verm\u0259y\u0259, m\u0259nim bax\u0131\u015flar\u0131m\u0131 m\u00fczakir\u0259y\u0259 \u00e7\u0131xarma\u011fa he\u00e7 bir haqq\u0131n\u0131z yoxdur! Sizl\u0259r h\u00f6kum\u0259tin sifari\u015fi il\u0259 Kollegiyan\u0131n t\u0259sis y\u0131\u011f\u0131nca\u011f\u0131na bizi qanunsuz olaraq buraxmad\u0131qdan sonra bu \u00f6zba\u015f\u0131nal\u0131\u011fa qar\u015f\u0131 uzun s\u00fcr\u0259n m\u00fcbariz\u0259mizin v\u0259 beyn\u0259lxalq t\u0259\u015fkilatlar\u0131n t\u0259zyiql\u0259rinin n\u0259tic\u0259si olaraq qanunvericilik Kollegiyan\u0131n \u00fczv\u00fc kimi bizim haqq\u0131m\u0131z\u0131 art\u0131q tan\u0131y\u0131b. Sizin v\u0259zif\u0259niz sad\u0259c\u0259 olaraq bu haqq\u0131 r\u0259smil\u0259\u015fdirm\u0259kdir.\n<\/p>\n<p>\n  Ona g\u00f6r\u0259 d\u0259, m\u0259n sizin bu suallar\u0131n\u0131z\u0131n he\u00e7 birin\u0259 cavab verm\u0259y\u0259 bil\u0259rdim. Amma m\u0259n b\u00fct\u00fcn suallar\u0131n\u0131za cavab ver\u0259c\u0259y\u0259m. \u018fg\u0259r sizl\u0259r fikirl\u0259\u015firsinizs\u0259 ki, Kollegiyaya \u00fczv q\u0259bul etm\u0259y\u0259c\u0259yiniz qorxusu m\u0259ni d\u00fc\u015f\u00fcnd\u00fckl\u0259rimi dem\u0259kd\u0259n \u00e7\u0259kindir\u0259 bil\u0259r, b\u0259rk yan\u0131l\u0131rs\u0131n\u0131z. H\u0259l\u0259 bir \u015fey d\u0259 n\u0259z\u0259riniz\u0259 \u00e7atd\u0131rmaq ist\u0259rdim: V\u0259kill\u0259r Kollegiyas\u0131na \u00fczv olduqdan sonra bel\u0259 bir t\u0259klifl\u0259 \u00e7\u0131x\u0131\u015f etm\u0259k fikrind\u0259y\u0259m ki, Kollegiyan\u0131n \u00fczvl\u0259rinin n\u00f6vb\u0259d\u0259nk\u0259nar y\u0131\u011f\u0131nca\u011f\u0131 \u00e7a\u011f\u0131r\u0131ls\u0131n v\u0259 demokratik \u015f\u0259raitd\u0259 onun normal nizamnam\u0259si q\u0259bul edilsin, se\u00e7kili orqanlar\u0131 formala\u015fd\u0131r\u0131ls\u0131n.\n<\/p>\n<p>\n  Az\u0259r Ta\u011f\u0131yev: Siz V\u0259kill\u0259r Kollegiyas\u0131na \u00fczv olmaq ist\u0259yirsiniz, amma ona qar\u015f\u0131 i\u015f qald\u0131r\u0131rs\u0131n\u0131z?!\n<\/p>\n<p>\n  \u0130ntiqam \u018fliyev: N\u0259dir b\u0259y\u0259m, V\u0259kill\u0259r Kollegiyas\u0131na qar\u015f\u0131 i\u015f qald\u0131rmaq olmaz?! Sizin qanununuzda v\u0259kill\u0259rin Kollegiyaya qar\u015f\u0131 \u015fikay\u0259t verm\u0259k h\u00fcququ n\u0259z\u0259rd\u0259 tutulub.\n<\/p>\n<p>\n  Az\u0259r Ta\u011f\u0131yev: Siz h\u0259l\u0259 v\u0259kil deyilsiniz.\n<\/p>\n<p>\n  \u0130ntiqam \u018fliyev: M\u0259n 15 ildir v\u0259killik el\u0259yir\u0259m v\u0259 d\u00f6vl\u0259t d\u0259 m\u0259n\u0259 lisenziya verib. Bir d\u0259 ki, m\u0259nim v\u0259kil olub-olmama\u011f\u0131m\u0131n n\u0259 f\u0259rqi var?! Siz ax\u0131 v\u0259kill\u0259rsiz, v\u0259kil nec\u0259 bu c\u00fcr dan\u0131\u015fa bil\u0259r?! \u0130st\u0259nil\u0259n adam\u0131n ist\u0259nil\u0259n quruma, o c\u00fcml\u0259d\u0259n V\u0259kill\u0259r Kollegiyas\u0131na qar\u015f\u0131 m\u0259hk\u0259m\u0259d\u0259 i\u015f qald\u0131rmaq haqq\u0131 var!\n<\/p>\n<p>\n  Az\u0259r Ta\u011f\u0131yev: Hesab edir\u0259m ki, R\u0259yas\u0259t Hey\u0259ti s\u0259sverm\u0259 yolu il\u0259 m\u00fcnasib\u0259tini bildirm\u0259lidir.\n<\/p>\n<p>\n  \u0130ntiqam \u018fliyev: M\u0259n bu g\u00fcn d\u0259 hesab edir\u0259m ki, bir qrup adam\u0131n monopoliyas\u0131nda olan V\u0259kill\u0259r Kollegiyas\u0131nda antidemokratik bir m\u00fchit var. M\u0259n bunu d\u00fcn\u0259n d\u0259 deyirdim, bu g\u00fcn d\u0259 deyir\u0259m. M\u0259ni VK-ya q\u0259bul ets\u0259niz d\u0259 dey\u0259c\u0259y\u0259m, q\u0259bul etm\u0259siniz d\u0259.\n<\/p>\n<p>\n  \u0130kram \u015eirinov: \u0130ntiqam \u018fliyev m\u00f6vcud V\u0259kill\u0259r Kollegiyas\u0131na qar\u015f\u0131 bu c\u00fcr m\u00f6vqe tutdu\u011fu halda onu Kollegiyaya \u00fczv q\u0259bul etm\u0259k olmaz.\n<\/p>\n<p>\n  \u0130ntiqam \u018fliyev: \u018fg\u0259r siz m\u0259ni V\u0259kill\u0259r Kollegiyas\u0131n\u0131n v\u0259 onun r\u0259hb\u0259rliyinin f\u0259aliyy\u0259ti il\u0259 ba\u011fl\u0131 t\u0259nqidi fikirl\u0259rim\u0259 g\u00f6r\u0259 Kollegiyaya \u00fczv q\u0259bul etm\u0259kd\u0259n imtina ets\u0259niz, bu q\u0259rar n\u0259 q\u0259d\u0259r biab\u0131r\u00e7\u0131 olsa da, m\u0259n\u0259 t\u0259\u0259cc\u00fcbl\u00fc g\u00f6r\u00fcnm\u0259z. Biz sifari\u015fl\u0259 i\u015fl\u0259y\u0259n qurumlar\u0131n v\u0259 \u015f\u0259xsl\u0259rin bu c\u00fcr q\u0259rarlar\u0131na art\u0131q \u00f6yr\u0259nmi\u015fik. Amma m\u0259ni bir \u015fey maraqland\u0131r\u0131r ki, qanun m\u0259nim Kollegiyan\u0131n \u00fczv\u00fc kimi statusumu tan\u0131d\u0131\u011f\u0131 halda, siz q\u0259rar\u0131n\u0131zda bu quruma q\u0259bul etm\u0259kd\u0259n imtinan\u0131z\u0131 nec\u0259 \u0259sasland\u0131racaqs\u0131n\u0131z?! N\u0259 yazacaqs\u0131n\u0131z orada: yanacaqs\u0131z ki, bax\u0131\u015flar\u0131 xo\u015fumuza g\u0259lmir?! Bir \u015fey\u0259 \u0259min ola bil\u0259rsiniz ki, bu \u00f6zba\u015f\u0131nal\u0131qlara g\u00f6r\u0259 cavab ver\u0259c\u0259yiniz g\u00fcn m\u00fctl\u0259q g\u0259l\u0259c\u0259k.\n<\/p>\n<p>\n  Az\u0259r Ta\u011f\u0131yev: Kim \u0130ntiqam \u018fliyevin V\u0259kill\u0259r Kollegiyas\u0131na q\u0259bulundan imtina olunmas\u0131 bar\u0259d\u0259 q\u0259rar\u0131n lehin\u0259dir, xahi\u015f edir\u0259m, s\u0259s versin.\n<\/p>\n<p>\n  V\u0259kill\u0259r Kollegiyas\u0131n\u0131n R\u0259yas\u0259t Hey\u0259tinin \u00fczvl\u0259rinin s\u0259s yekdilliyi il\u0259 \u0130ntiqam \u018fliyevin V\u0259kill\u0259r Kollegiyas\u0131na \u00fczv q\u0259bul edilm\u0259sind\u0259n imtina edilir\u201d.\n<\/p>\n<p>\n  V\u0259kill\u0259r Kollegiyas\u0131 R\u0259yas\u0259t Hey\u0259tinin 2006-c\u0131 ilin yanvar\u0131n 26-da ke\u00e7iril\u0259n iclas\u0131nda is\u0259 \u018fnna\u011f\u0131 Hac\u0131b\u0259ylinin bu quruma \u00fczvl\u00fcy\u00fcnd\u0259n imtina olunub. A\u015fa\u011f\u0131da h\u0259min toplant\u0131n\u0131n da stenoqram\u0131 t\u0259qdim edilir:\n<\/p>\n<p>\n  \u201c\u0130kram \u015eirinov: \u018fnna\u011f\u0131 m\u00fc\u0259llim, Siz V\u0259kill\u0259r Kollegiyas\u0131n\u0131n t\u0259sis konfrans\u0131n\u0131n etibars\u0131z hesab edilm\u0259si bar\u0259d\u0259 m\u0259hk\u0259m\u0259d\u0259 iddia qald\u0131rm\u0131\u015f h\u00fcquq\u015f\u00fcnaslardan birisiniz. Bu bar\u0259d\u0259 n\u0259 dey\u0259 bil\u0259rsiniz?\n<\/p>\n<p>\n  \u018fnna\u011f\u0131 Hac\u0131b\u0259yli: G\u00fcman edir\u0259m ki, m\u00f6vqeyim R\u0259yas\u0259t Hey\u0259tinin \u00fczvl\u0259rin\u0259 b\u0259llidir. \u0130ndi d\u0259 o fikird\u0259y\u0259m ki, V\u0259kill\u0259r Kollegiyas\u0131n\u0131n t\u0259sis y\u0131\u011f\u0131nca\u011f\u0131 ke\u00e7iril\u0259rk\u0259n qanunvericiliyin t\u0259l\u0259bl\u0259ri kobud \u015f\u0259kild\u0259 pozulub, o s\u0131radan VK-n\u0131n t\u0259sis\u00e7isi olmaq h\u00fcququ olan \u015f\u0259xsl\u0259rin bir \u00e7oxu qanunsuz olaraq t\u0259sis y\u0131\u011f\u0131nca\u011f\u0131na burax\u0131lmay\u0131b.\n<\/p>\n<p>\n  Az\u0259r Ta\u011f\u0131yev: \u018fnna\u011f\u0131 m\u00fc\u0259llim, fikriniz ayd\u0131nd\u0131r. Xahi\u015f edir\u0259m, bay\u0131rda g\u00f6zl\u0259yin, biz m\u00fczakir\u0259 aparmaq ist\u0259yirik.\n<\/p>\n<p>\n  Akif \u018fhm\u0259dov: Bir d\u0259qiq\u0259 dayan\u0131n, m\u0259nim sual\u0131m var.\n<\/p>\n<p>\n  \u018fnna\u011f\u0131 Hac\u0131b\u0259yli: Buyurun.<\/p>\n<p>  R\u0259yas\u0259t Hey\u0259tinin \u00fczv\u00fc: Bel\u0259 \u00e7\u0131x\u0131r ki, Siz bu qurumu qanunsuz hesab edirsiniz. Onda n\u0259y\u0259 g\u00f6r\u0259 bu t\u0259\u015fkilata \u00fczv olmaq ist\u0259yirsiniz.\n<\/p>\n<p>\n  \u018fnna\u011f\u0131 Hac\u0131b\u0259yli: M\u0259nim V\u0259kill\u0259r Kollegiyas\u0131n\u0131n t\u0259sis y\u0131\u011f\u0131nca\u011f\u0131 bar\u0259d\u0259 n\u0259 d\u00fc\u015f\u00fcnd\u00fcy\u00fcmd\u0259n as\u0131l\u0131 olmayaraq, onun yarad\u0131lmas\u0131 v\u0259 f\u0259aliyy\u0259ti faktd\u0131r. T\u0259\u0259ss\u00fcf ki, Az\u0259rbaycan qanunvericiliyi yaln\u0131z bir kollegiyan\u0131n yarad\u0131lmas\u0131na icaz\u0259 verir. M\u0259n is\u0259 v\u0259killik f\u0259aliyy\u0259ti il\u0259 m\u0259\u015f\u011ful olmaq ist\u0259yir\u0259m. Ona g\u00f6r\u0259 d\u0259 bu Kollegiyaya daxil olmaq \u00fc\u00e7\u00fcn \u0259riz\u0259 vermi\u015f\u0259m.\n<\/p>\n<p>\n  Az\u0259r Ta\u011f\u0131yev: H\u0259r \u015fey ayd\u0131nd\u0131r. Xahi\u015f edir\u0259m, g\u00f6zl\u0259yin, q\u0259rar q\u0259bul ed\u0259k\u201d.\n<\/p>\n<p>\n  AM-in bu q\u0259rar\u0131 v\u0259killikl\u0259 ba\u011fl\u0131 Az\u0259rbaycandan getmi\u015f \u00e7oxsayl\u0131 \u015fikay\u0259tl\u0259r \u00fczr\u0259 ilk q\u0259rard\u0131r. Bundan \u00f6nc\u0259 bu quruma qar\u015f\u0131 VK-dan \u00e7\u0131xar\u0131lm\u0131\u015f v\u0259 ya ora q\u0259buldan imtina olunmu\u015f bir ne\u00e7\u0259 v\u0259kilin \u2013 Namiz\u0259d S\u0259f\u0259rovun, L\u0259tif\u0259 \u018fliyevan\u0131n, Qurban M\u0259mm\u0259dovun \u015fikay\u0259tl\u0259rini AM q\u0259buledilm\u0259y\u0259n saym\u0131\u015fd\u0131. AM-in \u0130.\u018fliyev v\u0259 \u018f.Hac\u0131b\u0259yli il\u0259 ba\u011fl\u0131 q\u0259rar\u0131 h\u0259m d\u0259 ona g\u00f6r\u0259 \u00f6n\u0259mli say\u0131l\u0131r ki, VK-dan \u00e7\u0131xar\u0131lm\u0131\u015f daha bir ne\u00e7\u0259 v\u0259kilin \u2013 Xalid Ba\u011f\u0131rovun, \u018flaif H\u0259s\u0259novun, El\u00e7in Namazovun, Yal\u00e7\u0131n \u0130manovun v\u0259 ba\u015fqalar\u0131n\u0131n i\u015fl\u0259ri ya AM-d\u0259dir, ya da ora ged\u0259n yoldad\u0131r. Bu \u015f\u0259xsl\u0259rin VK-dan \u00e7xar\u0131lmas\u0131 il\u0259 ba\u011fl\u0131 m\u0259s\u0259l\u0259 VK-n\u0131n R\u0259yas\u0259t Hey\u0259tind\u0259 m\u00fczakir\u0259 olunan zaman t\u0259xmin\u0259n eyni arqumentl\u0259r s\u0259sl\u0259ndirilib.<\/p>\n","protected":false},"excerpt":{"rendered":"<p>V\u0259kill\u0259r Kollegiyas\u0131 R\u0259yas\u0259t Hey\u0259sinin h\u0259min iclaslar\u0131n\u0131n stenoqramlar\u0131 Meydan TV-d\u0259<\/p>\n","protected":false},"author":11,"featured_media":102627,"comment_status":"closed","ping_status":"open","sticky":false,"template":"","format":"standard","meta":{"_acf_changed":false,"_sitemap_exclude":false,"_sitemap_priority":"","_sitemap_frequency":"","footnotes":""},"categories":[51],"tags":[],"class_list":["post-189660","post","type-post","status-publish","format-standard","has-post-thumbnail","hentry","category-analitika","infinite-scroll-item","generate-columns","tablet-grid-50","mobile-grid-100","grid-parent","grid-33","no-featured-image-padding"],"acf":[],"yoast_head":"<!-- This site is optimized with the Yoast SEO plugin v27.4 - https:\/\/yoast.com\/product\/yoast-seo-wordpress\/ -->\n<title>Avropa M\u0259hk\u0259m\u0259si iki h\u00fcquq\u015f\u00fcnasla ba\u011fl\u0131 q\u0259rar\u0131nda hans\u0131 s\u0259n\u0259dl\u0259r\u0259 istinad edib? - MEYDAN.TV<\/title>\n<meta name=\"robots\" content=\"index, follow, max-snippet:-1, max-image-preview:large, max-video-preview:-1\" \/>\n<link rel=\"canonical\" href=\"https:\/\/www.meydan.tv\/az\/article\/avropa-mehkemesi-iki-huquqsunasla-bagli-qerarinda-hansi-senedlere-istinad-edib\/\" \/>\n<meta property=\"og:locale\" content=\"az_AZ\" \/>\n<meta property=\"og:type\" content=\"article\" \/>\n<meta property=\"og:title\" content=\"Avropa M\u0259hk\u0259m\u0259si iki h\u00fcquq\u015f\u00fcnasla ba\u011fl\u0131 q\u0259rar\u0131nda hans\u0131 s\u0259n\u0259dl\u0259r\u0259 istinad edib? - MEYDAN.TV\" \/>\n<meta property=\"og:description\" content=\"V\u0259kill\u0259r Kollegiyas\u0131 R\u0259yas\u0259t Hey\u0259sinin h\u0259min iclaslar\u0131n\u0131n stenoqramlar\u0131 Meydan TV-d\u0259\" \/>\n<meta property=\"og:url\" content=\"https:\/\/www.meydan.tv\/az\/article\/avropa-mehkemesi-iki-huquqsunasla-bagli-qerarinda-hansi-senedlere-istinad-edib\/\" \/>\n<meta property=\"og:site_name\" content=\"MEYDAN.TV\" \/>\n<meta property=\"article:published_time\" content=\"2018-04-22T00:25:21+00:00\" \/>\n<meta property=\"og:image\" content=\"https:\/\/www.meydan.tv\/wp-content\/uploads\/40686.jpg\" \/>\n\t<meta property=\"og:image:width\" content=\"1023\" \/>\n\t<meta property=\"og:image:height\" content=\"575\" \/>\n\t<meta property=\"og:image:type\" content=\"image\/jpeg\" \/>\n<meta name=\"author\" content=\"user-manager\" \/>\n<meta name=\"twitter:card\" content=\"summary_large_image\" \/>\n<script type=\"application\/ld+json\" class=\"yoast-schema-graph\">{\"@context\":\"https:\\\/\\\/schema.org\",\"@graph\":[{\"@type\":\"Article\",\"@id\":\"https:\\\/\\\/www.meydan.tv\\\/az\\\/article\\\/avropa-mehkemesi-iki-huquqsunasla-bagli-qerarinda-hansi-senedlere-istinad-edib\\\/#article\",\"isPartOf\":{\"@id\":\"https:\\\/\\\/www.meydan.tv\\\/az\\\/article\\\/avropa-mehkemesi-iki-huquqsunasla-bagli-qerarinda-hansi-senedlere-istinad-edib\\\/\"},\"author\":{\"name\":\"user-manager\",\"@id\":\"https:\\\/\\\/www.meydan.tv\\\/az\\\/#\\\/schema\\\/person\\\/10d11eccf6da3662cf5fdab9806ea91a\"},\"headline\":\"Avropa M\u0259hk\u0259m\u0259si iki h\u00fcquq\u015f\u00fcnasla ba\u011fl\u0131 q\u0259rar\u0131nda hans\u0131 s\u0259n\u0259dl\u0259r\u0259 istinad edib?\",\"datePublished\":\"2018-04-22T00:25:21+00:00\",\"mainEntityOfPage\":{\"@id\":\"https:\\\/\\\/www.meydan.tv\\\/az\\\/article\\\/avropa-mehkemesi-iki-huquqsunasla-bagli-qerarinda-hansi-senedlere-istinad-edib\\\/\"},\"wordCount\":3410,\"publisher\":{\"@id\":\"https:\\\/\\\/www.meydan.tv\\\/az\\\/#organization\"},\"image\":{\"@id\":\"https:\\\/\\\/www.meydan.tv\\\/az\\\/article\\\/avropa-mehkemesi-iki-huquqsunasla-bagli-qerarinda-hansi-senedlere-istinad-edib\\\/#primaryimage\"},\"thumbnailUrl\":\"https:\\\/\\\/www.meydan.tv\\\/wp-content\\\/uploads\\\/40686.jpg\",\"articleSection\":[\"Analitika\"],\"inLanguage\":\"az\"},{\"@type\":\"WebPage\",\"@id\":\"https:\\\/\\\/www.meydan.tv\\\/az\\\/article\\\/avropa-mehkemesi-iki-huquqsunasla-bagli-qerarinda-hansi-senedlere-istinad-edib\\\/\",\"url\":\"https:\\\/\\\/www.meydan.tv\\\/az\\\/article\\\/avropa-mehkemesi-iki-huquqsunasla-bagli-qerarinda-hansi-senedlere-istinad-edib\\\/\",\"name\":\"Avropa M\u0259hk\u0259m\u0259si iki h\u00fcquq\u015f\u00fcnasla ba\u011fl\u0131 q\u0259rar\u0131nda hans\u0131 s\u0259n\u0259dl\u0259r\u0259 istinad edib? - MEYDAN.TV\",\"isPartOf\":{\"@id\":\"https:\\\/\\\/www.meydan.tv\\\/az\\\/#website\"},\"primaryImageOfPage\":{\"@id\":\"https:\\\/\\\/www.meydan.tv\\\/az\\\/article\\\/avropa-mehkemesi-iki-huquqsunasla-bagli-qerarinda-hansi-senedlere-istinad-edib\\\/#primaryimage\"},\"image\":{\"@id\":\"https:\\\/\\\/www.meydan.tv\\\/az\\\/article\\\/avropa-mehkemesi-iki-huquqsunasla-bagli-qerarinda-hansi-senedlere-istinad-edib\\\/#primaryimage\"},\"thumbnailUrl\":\"https:\\\/\\\/www.meydan.tv\\\/wp-content\\\/uploads\\\/40686.jpg\",\"datePublished\":\"2018-04-22T00:25:21+00:00\",\"breadcrumb\":{\"@id\":\"https:\\\/\\\/www.meydan.tv\\\/az\\\/article\\\/avropa-mehkemesi-iki-huquqsunasla-bagli-qerarinda-hansi-senedlere-istinad-edib\\\/#breadcrumb\"},\"inLanguage\":\"az\",\"potentialAction\":[{\"@type\":\"ReadAction\",\"target\":[\"https:\\\/\\\/www.meydan.tv\\\/az\\\/article\\\/avropa-mehkemesi-iki-huquqsunasla-bagli-qerarinda-hansi-senedlere-istinad-edib\\\/\"]}]},{\"@type\":\"ImageObject\",\"inLanguage\":\"az\",\"@id\":\"https:\\\/\\\/www.meydan.tv\\\/az\\\/article\\\/avropa-mehkemesi-iki-huquqsunasla-bagli-qerarinda-hansi-senedlere-istinad-edib\\\/#primaryimage\",\"url\":\"https:\\\/\\\/www.meydan.tv\\\/wp-content\\\/uploads\\\/40686.jpg\",\"contentUrl\":\"https:\\\/\\\/www.meydan.tv\\\/wp-content\\\/uploads\\\/40686.jpg\",\"width\":1023,\"height\":575,\"caption\":\"Foto: arxiv\"},{\"@type\":\"BreadcrumbList\",\"@id\":\"https:\\\/\\\/www.meydan.tv\\\/az\\\/article\\\/avropa-mehkemesi-iki-huquqsunasla-bagli-qerarinda-hansi-senedlere-istinad-edib\\\/#breadcrumb\",\"itemListElement\":[{\"@type\":\"ListItem\",\"position\":1,\"name\":\"Ana s\u0259hif\u0259\",\"item\":\"https:\\\/\\\/www.meydan.tv\\\/az\\\/\"},{\"@type\":\"ListItem\",\"position\":2,\"name\":\"Analitika\",\"item\":\"https:\\\/\\\/www.meydan.tv\\\/az\\\/section\\\/analitika\\\/\"},{\"@type\":\"ListItem\",\"position\":3,\"name\":\"Avropa M\u0259hk\u0259m\u0259si iki h\u00fcquq\u015f\u00fcnasla ba\u011fl\u0131 q\u0259rar\u0131nda hans\u0131 s\u0259n\u0259dl\u0259r\u0259 istinad edib?\"}]},{\"@type\":\"WebSite\",\"@id\":\"https:\\\/\\\/www.meydan.tv\\\/az\\\/#website\",\"url\":\"https:\\\/\\\/www.meydan.tv\\\/az\\\/\",\"name\":\"MEYDAN.TV\",\"description\":\"Meydan TV Az\u0259rbaycan\u0131n media m\u0259kan\u0131ndak\u0131 alternativ s\u0259sidir\",\"publisher\":{\"@id\":\"https:\\\/\\\/www.meydan.tv\\\/az\\\/#organization\"},\"potentialAction\":[{\"@type\":\"SearchAction\",\"target\":{\"@type\":\"EntryPoint\",\"urlTemplate\":\"https:\\\/\\\/www.meydan.tv\\\/az\\\/?s={search_term_string}\"},\"query-input\":{\"@type\":\"PropertyValueSpecification\",\"valueRequired\":true,\"valueName\":\"search_term_string\"}}],\"inLanguage\":\"az\"},{\"@type\":\"Organization\",\"@id\":\"https:\\\/\\\/www.meydan.tv\\\/az\\\/#organization\",\"name\":\"Meydan TV\",\"url\":\"https:\\\/\\\/www.meydan.tv\\\/az\\\/\",\"logo\":{\"@type\":\"ImageObject\",\"inLanguage\":\"az\",\"@id\":\"https:\\\/\\\/www.meydan.tv\\\/az\\\/#\\\/schema\\\/logo\\\/image\\\/\",\"url\":\"https:\\\/\\\/www.meydan.tv\\\/wp-content\\\/uploads\\\/2021\\\/07\\\/meydan-logo.svg\",\"contentUrl\":\"https:\\\/\\\/www.meydan.tv\\\/wp-content\\\/uploads\\\/2021\\\/07\\\/meydan-logo.svg\",\"width\":195,\"height\":46,\"caption\":\"Meydan TV\"},\"image\":{\"@id\":\"https:\\\/\\\/www.meydan.tv\\\/az\\\/#\\\/schema\\\/logo\\\/image\\\/\"}},{\"@type\":\"Person\",\"@id\":\"https:\\\/\\\/www.meydan.tv\\\/az\\\/#\\\/schema\\\/person\\\/10d11eccf6da3662cf5fdab9806ea91a\",\"name\":\"user-manager\"}]}<\/script>\n<!-- \/ Yoast SEO plugin. -->","yoast_head_json":{"title":"Avropa M\u0259hk\u0259m\u0259si iki h\u00fcquq\u015f\u00fcnasla ba\u011fl\u0131 q\u0259rar\u0131nda hans\u0131 s\u0259n\u0259dl\u0259r\u0259 istinad edib? - MEYDAN.TV","robots":{"index":"index","follow":"follow","max-snippet":"max-snippet:-1","max-image-preview":"max-image-preview:large","max-video-preview":"max-video-preview:-1"},"canonical":"https:\/\/www.meydan.tv\/az\/article\/avropa-mehkemesi-iki-huquqsunasla-bagli-qerarinda-hansi-senedlere-istinad-edib\/","og_locale":"az_AZ","og_type":"article","og_title":"Avropa M\u0259hk\u0259m\u0259si iki h\u00fcquq\u015f\u00fcnasla ba\u011fl\u0131 q\u0259rar\u0131nda hans\u0131 s\u0259n\u0259dl\u0259r\u0259 istinad edib? - MEYDAN.TV","og_description":"V\u0259kill\u0259r Kollegiyas\u0131 R\u0259yas\u0259t Hey\u0259sinin h\u0259min iclaslar\u0131n\u0131n stenoqramlar\u0131 Meydan TV-d\u0259","og_url":"https:\/\/www.meydan.tv\/az\/article\/avropa-mehkemesi-iki-huquqsunasla-bagli-qerarinda-hansi-senedlere-istinad-edib\/","og_site_name":"MEYDAN.TV","article_published_time":"2018-04-22T00:25:21+00:00","og_image":[{"width":1023,"height":575,"url":"https:\/\/www.meydan.tv\/wp-content\/uploads\/40686.jpg","type":"image\/jpeg"}],"author":"user-manager","twitter_card":"summary_large_image","schema":{"@context":"https:\/\/schema.org","@graph":[{"@type":"Article","@id":"https:\/\/www.meydan.tv\/az\/article\/avropa-mehkemesi-iki-huquqsunasla-bagli-qerarinda-hansi-senedlere-istinad-edib\/#article","isPartOf":{"@id":"https:\/\/www.meydan.tv\/az\/article\/avropa-mehkemesi-iki-huquqsunasla-bagli-qerarinda-hansi-senedlere-istinad-edib\/"},"author":{"name":"user-manager","@id":"https:\/\/www.meydan.tv\/az\/#\/schema\/person\/10d11eccf6da3662cf5fdab9806ea91a"},"headline":"Avropa M\u0259hk\u0259m\u0259si iki h\u00fcquq\u015f\u00fcnasla ba\u011fl\u0131 q\u0259rar\u0131nda hans\u0131 s\u0259n\u0259dl\u0259r\u0259 istinad edib?","datePublished":"2018-04-22T00:25:21+00:00","mainEntityOfPage":{"@id":"https:\/\/www.meydan.tv\/az\/article\/avropa-mehkemesi-iki-huquqsunasla-bagli-qerarinda-hansi-senedlere-istinad-edib\/"},"wordCount":3410,"publisher":{"@id":"https:\/\/www.meydan.tv\/az\/#organization"},"image":{"@id":"https:\/\/www.meydan.tv\/az\/article\/avropa-mehkemesi-iki-huquqsunasla-bagli-qerarinda-hansi-senedlere-istinad-edib\/#primaryimage"},"thumbnailUrl":"https:\/\/www.meydan.tv\/wp-content\/uploads\/40686.jpg","articleSection":["Analitika"],"inLanguage":"az"},{"@type":"WebPage","@id":"https:\/\/www.meydan.tv\/az\/article\/avropa-mehkemesi-iki-huquqsunasla-bagli-qerarinda-hansi-senedlere-istinad-edib\/","url":"https:\/\/www.meydan.tv\/az\/article\/avropa-mehkemesi-iki-huquqsunasla-bagli-qerarinda-hansi-senedlere-istinad-edib\/","name":"Avropa M\u0259hk\u0259m\u0259si iki h\u00fcquq\u015f\u00fcnasla ba\u011fl\u0131 q\u0259rar\u0131nda hans\u0131 s\u0259n\u0259dl\u0259r\u0259 istinad edib? - MEYDAN.TV","isPartOf":{"@id":"https:\/\/www.meydan.tv\/az\/#website"},"primaryImageOfPage":{"@id":"https:\/\/www.meydan.tv\/az\/article\/avropa-mehkemesi-iki-huquqsunasla-bagli-qerarinda-hansi-senedlere-istinad-edib\/#primaryimage"},"image":{"@id":"https:\/\/www.meydan.tv\/az\/article\/avropa-mehkemesi-iki-huquqsunasla-bagli-qerarinda-hansi-senedlere-istinad-edib\/#primaryimage"},"thumbnailUrl":"https:\/\/www.meydan.tv\/wp-content\/uploads\/40686.jpg","datePublished":"2018-04-22T00:25:21+00:00","breadcrumb":{"@id":"https:\/\/www.meydan.tv\/az\/article\/avropa-mehkemesi-iki-huquqsunasla-bagli-qerarinda-hansi-senedlere-istinad-edib\/#breadcrumb"},"inLanguage":"az","potentialAction":[{"@type":"ReadAction","target":["https:\/\/www.meydan.tv\/az\/article\/avropa-mehkemesi-iki-huquqsunasla-bagli-qerarinda-hansi-senedlere-istinad-edib\/"]}]},{"@type":"ImageObject","inLanguage":"az","@id":"https:\/\/www.meydan.tv\/az\/article\/avropa-mehkemesi-iki-huquqsunasla-bagli-qerarinda-hansi-senedlere-istinad-edib\/#primaryimage","url":"https:\/\/www.meydan.tv\/wp-content\/uploads\/40686.jpg","contentUrl":"https:\/\/www.meydan.tv\/wp-content\/uploads\/40686.jpg","width":1023,"height":575,"caption":"Foto: arxiv"},{"@type":"BreadcrumbList","@id":"https:\/\/www.meydan.tv\/az\/article\/avropa-mehkemesi-iki-huquqsunasla-bagli-qerarinda-hansi-senedlere-istinad-edib\/#breadcrumb","itemListElement":[{"@type":"ListItem","position":1,"name":"Ana s\u0259hif\u0259","item":"https:\/\/www.meydan.tv\/az\/"},{"@type":"ListItem","position":2,"name":"Analitika","item":"https:\/\/www.meydan.tv\/az\/section\/analitika\/"},{"@type":"ListItem","position":3,"name":"Avropa M\u0259hk\u0259m\u0259si iki h\u00fcquq\u015f\u00fcnasla ba\u011fl\u0131 q\u0259rar\u0131nda hans\u0131 s\u0259n\u0259dl\u0259r\u0259 istinad edib?"}]},{"@type":"WebSite","@id":"https:\/\/www.meydan.tv\/az\/#website","url":"https:\/\/www.meydan.tv\/az\/","name":"MEYDAN.TV","description":"Meydan TV Az\u0259rbaycan\u0131n media m\u0259kan\u0131ndak\u0131 alternativ s\u0259sidir","publisher":{"@id":"https:\/\/www.meydan.tv\/az\/#organization"},"potentialAction":[{"@type":"SearchAction","target":{"@type":"EntryPoint","urlTemplate":"https:\/\/www.meydan.tv\/az\/?s={search_term_string}"},"query-input":{"@type":"PropertyValueSpecification","valueRequired":true,"valueName":"search_term_string"}}],"inLanguage":"az"},{"@type":"Organization","@id":"https:\/\/www.meydan.tv\/az\/#organization","name":"Meydan TV","url":"https:\/\/www.meydan.tv\/az\/","logo":{"@type":"ImageObject","inLanguage":"az","@id":"https:\/\/www.meydan.tv\/az\/#\/schema\/logo\/image\/","url":"https:\/\/www.meydan.tv\/wp-content\/uploads\/2021\/07\/meydan-logo.svg","contentUrl":"https:\/\/www.meydan.tv\/wp-content\/uploads\/2021\/07\/meydan-logo.svg","width":195,"height":46,"caption":"Meydan TV"},"image":{"@id":"https:\/\/www.meydan.tv\/az\/#\/schema\/logo\/image\/"}},{"@type":"Person","@id":"https:\/\/www.meydan.tv\/az\/#\/schema\/person\/10d11eccf6da3662cf5fdab9806ea91a","name":"user-manager"}]}},"_links":{"self":[{"href":"https:\/\/www.meydan.tv\/az\/wp-json\/wp\/v2\/posts\/189660","targetHints":{"allow":["GET"]}}],"collection":[{"href":"https:\/\/www.meydan.tv\/az\/wp-json\/wp\/v2\/posts"}],"about":[{"href":"https:\/\/www.meydan.tv\/az\/wp-json\/wp\/v2\/types\/post"}],"author":[{"embeddable":true,"href":"https:\/\/www.meydan.tv\/az\/wp-json\/wp\/v2\/users\/11"}],"replies":[{"embeddable":true,"href":"https:\/\/www.meydan.tv\/az\/wp-json\/wp\/v2\/comments?post=189660"}],"version-history":[{"count":0,"href":"https:\/\/www.meydan.tv\/az\/wp-json\/wp\/v2\/posts\/189660\/revisions"}],"wp:featuredmedia":[{"embeddable":true,"href":"https:\/\/www.meydan.tv\/az\/wp-json\/wp\/v2\/media\/102627"}],"wp:attachment":[{"href":"https:\/\/www.meydan.tv\/az\/wp-json\/wp\/v2\/media?parent=189660"}],"wp:term":[{"taxonomy":"category","embeddable":true,"href":"https:\/\/www.meydan.tv\/az\/wp-json\/wp\/v2\/categories?post=189660"},{"taxonomy":"post_tag","embeddable":true,"href":"https:\/\/www.meydan.tv\/az\/wp-json\/wp\/v2\/tags?post=189660"}],"curies":[{"name":"wp","href":"https:\/\/api.w.org\/{rel}","templated":true}]}}