{"id":189648,"date":"2018-04-20T21:59:24","date_gmt":"2018-04-20T21:59:24","guid":{"rendered":"https:\/\/www.meydan.tv\/article\/and-icirem\/"},"modified":"2018-04-20T21:59:24","modified_gmt":"2018-04-20T21:59:24","slug":"and-icirem","status":"publish","type":"post","link":"https:\/\/www.meydan.tv\/az\/article\/and-icirem\/","title":{"rendered":"And i\u00e7ir\u0259m!"},"content":{"rendered":"<p>\n  Prezident \u0130lham \u018fliyev n\u00f6vb\u0259ti parlaq q\u0259l\u0259b\u0259sind\u0259n sonra andi\u00e7m\u0259 m\u0259rasimind\u0259 \u0259lini Qurani-K\u0259rim\u0259 bas\u0131b and i\u00e7di ki, xalq\u0131m\u0131z\u0131n milli-m\u0259n\u0259vi d\u0259y\u0259rl\u0259rin\u0259 sadiq qalacaq, onlar\u0131 qoruyacaq v\u0259 h\u0259tta inki\u015faf etdir\u0259c\u0259k.\n<\/p>\n<p>\n  Sizin h\u0259qir b\u0259nd\u0259niz bu x\u0259b\u0259ri oxuyandan sonra sars\u0131ld\u0131 v\u0259 d\u0259rin fikirl\u0259r\u0259 q\u0259rq oldu.\n<\/p>\n<p>\n  M\u0259n son otuz ildir el\u0259-hey yaz\u0131ram ki, mill\u0259timizin \u0259n\u0259n\u0259vi milli-\u0259xlaqi d\u0259y\u0259rl\u0259ri kifl\u0259nib, \u00fcfun\u0259t iyi verir v\u0259 \u0259halimizi artan s\u00fcr\u0259tl\u0259 d\u0259rin bir girdaba s\u00fcr\u00fckl\u0259yir.\n<\/p>\n<p>\n  T\u0259bii ki, m\u0259n bu fikirl\u0259ri \u00f6z\u00fcm icad etm\u0259mi\u015f\u0259m, onlar\u0131 m\u0259n\u0259 oxudu\u011fum kitablar t\u0259lqin edib. He\u00e7 vaxt unutmuram ki, Mirz\u0259 F\u0259t\u0259li Axundzad\u0259, H\u0259s\u0259n b\u0259y Z\u0259rdabi, Mirz\u0259 \u018fl\u0259kb\u0259r Sabir, Mirz\u0259 C\u0259lil M\u0259mm\u0259dquluzad\u0259, \u00dczeyir b\u0259y Hac\u0131b\u0259yov, C\u0259f\u0259r Cabbarl\u0131 v\u0259 xeyli mill\u0259t f\u0259daisi \u00fczl\u0259rini camaata tutub, el\u0259-hey bu m\u0259\u015fum \u201cmilli\u201d d\u0259y\u0259rl\u0259rl\u0259 \u00fcz\u00fcl\u00fc\u015fm\u0259y\u0259 \u00e7a\u011f\u0131rard\u0131lar.\n<\/p>\n<p>\n  \u00c7a\u011f\u0131rard\u0131lar, h\u0259yatlar\u0131n\u0131 bu \u00e7a\u011f\u0131r\u0131\u015flara h\u0259sr ed\u0259rdil\u0259r. Onlar\u0131n b\u0259zil\u0259ri insanlar\u0131n bu \u00e7a\u011f\u0131r\u0131\u015flara bigan\u0259l\u0259yind\u0259n \u0259s\u0259bil\u0259\u015f\u0259rdi. Birisi is\u0259 h\u0259tta qeyzl\u0259nib sonda \u00e7ar\u0259sizlikd\u0259n \u201cTfu sizin \u00fcz\u00fcn\u00fcz\u0259!\u201d &#8211; \u00e7\u0131\u011f\u0131rm\u0131\u015fd\u0131.\n<\/p>\n<p>\n  Buradan da m\u00fcst\u0259qil Az\u0259rbaycan\u0131n \u0259n ali m\u0259qam sahibi n\u0259inki bu yar\u0131tmaz, k\u00f6hn\u0259lmi\u015f, mill\u0259ti b\u0259dnam v\u0259 r\u00fcsvay ed\u0259n \u0259n\u0259n\u0259l\u0259ri islah ed\u0259c\u0259yin\u0259 s\u00f6z vermir, \u0259ksin\u0259, and i\u00e7ir ki, onlar\u0131 qoruyacaq v\u0259 onlara sadiq qalacaq.\n<\/p>\n<p>\n  Evimiz y\u0131x\u0131ld\u0131, daha do\u011frusu, y\u0131x\u0131lmas\u0131 s\u00fcr\u0259tl\u0259ndi.\n<\/p>\n<p>\n  Kim dey\u0259 bil\u0259r ki, prezident c\u0259nablar\u0131 hans\u0131 m\u00fcsb\u0259t d\u0259y\u0259rl\u0259ri qoruyacaq? M\u0259n g\u00f6r\u00fcr\u0259m ki, ist\u0259nil\u0259n m\u00fcsb\u0259t d\u0259y\u0259ri qoruyan m\u0259rd insan ya m\u0259hb\u0259sd\u0259dir, ya c\u0259lai-v\u0259t\u0259n olub, ya da h\u0259yat\u0131n t\u0259kind\u0259 birt\u0259h\u0259r \u00f6l\u00fcm-z\u00fcl\u00fcml\u0259 zind\u0259ganl\u0131\u011f\u0131n\u0131 edir.\n<\/p>\n<p>\n  \u018fg\u0259r \u00f6lk\u0259nin hal\u0259ti f\u0259rqlidirs\u0259, bil\u0259n desin. Minn\u0259tdar olar\u0131q. Vicdanl\u0131 m\u0259mur, hakim, nazir, s\u0259rv\u0259tini qanunu pozmadan qazanm\u0131\u015f \u0259rbab bar\u0259d\u0259 hekay\u0259tl\u0259r\u0259 t\u0259\u015fn\u0259y\u0259m.\n<\/p>\n<p>\n  Qeyri-elmi fantastik hekay\u0259l\u0259rl\u0259 ba\u015f a\u011fr\u0131tmamaq xahi\u015fi n\u0259z\u0259rd\u0259n qa\u00e7\u0131r\u0131lmamal\u0131d\u0131r.\n<\/p>\n<p>\n  F\u0259q\u0259t, m\u0259n d\u0259 bildiyimi dey\u0259c\u0259y\u0259m. Y\u0259ni \u0259traf\u0131ma, c\u0259miyy\u0259timin \u0259hval\u0131na bax\u0131b, d\u00f6vl\u0259timizd\u0259 b\u0259y\u0259nil\u0259n-d\u0259st\u0259kl\u0259n\u0259n d\u0259y\u0259rl\u0259ri g\u00f6r\u00fcb, bu d\u0259y\u0259rl\u0259rin \u0259t\u0259yind\u0259n tutub rifah hal\u0131n\u0131 durmadan yax\u015f\u0131la\u015fd\u0131ran v\u0259t\u0259nda\u015flar\u0131m\u0131z\u0131n taleyind\u0259n ibr\u0259t g\u00f6t\u00fcr\u00fcb, \u201cyeni az\u0259rbaycanl\u0131\u201dlar\u0131n u\u011fur hekay\u0259tl\u0259rin\u0259 tama\u015fa q\u0131l\u0131b g\u00f6rd\u00fcy\u00fcm\u00fc yazaca\u011fam. Onda bilin\u0259c\u0259k ki, prezident zati-alil\u0259ri hans\u0131 d\u0259y\u0259rl\u0259r\u0259 d\u0259st\u0259k ver\u0259c\u0259k.\n<\/p>\n<p>\n  Siz d\u0259 bu d\u0259y\u0259rl\u0259rl\u0259 tan\u0131\u015f olub anlayacaqs\u0131n\u0131z ki, m\u0259ni-bi\u00e7ar\u0259 n\u0259 \u00fc\u00e7\u00fcn \u0259hvali-p\u0259ri\u015fan oluram.\n<\/p>\n<p>\n  C\u0259miyy\u0259timizd\u0259 birinci v\u0259 \u0259n \u00e7ox dan\u0131\u015f\u0131lan d\u0259y\u0259r milli qeyr\u0259tdir. M\u0259tbuat ondan yaz\u0131r. TV ondan dan\u0131\u015f\u0131r. Toyda sa\u011fl\u0131q ondan deyir. Mitinql\u0259rd\u0259 onu tez-tez xat\u0131rlay\u0131rlar.\n<\/p>\n<p>\n  Onun n\u0259m\u0259n\u0259 oldu\u011funu anlayan q\u0259rib insan bizim h\u0259yat\u0131m\u0131za az\u0131 d\u0259rin heyr\u0259tl\u0259 tama\u015fa ed\u0259r. V\u0259t\u0259n torpa\u011f\u0131 i\u015f\u011fal alt\u0131nda, mill\u0259t toy-bayram edir, el\u0259 kefl\u0259 ya\u015fay\u0131r ki, guya s\u00f6hb\u0259t Qaraba\u011fdan deyil, Tasmaniya adas\u0131ndan gedir. \u018fn ac\u0131nacaql\u0131 hal is\u0259 odur ki, b\u00fct\u00fcn bu milli \u015fadyanal\u0131\u011f\u0131 c\u0259nab prezidentin ba\u015f\u00e7\u0131l\u0131q etdiyi hakimiyy\u0259t artan x\u0259tl\u0259 \u00f6z\u00fc t\u0259\u015fkil edir. Mill\u0259tin arams\u0131z sevinm\u0259si v\u0259 bayram \u0259hvali-ruhiyy\u0259sind\u0259 ger\u00e7\u0259kliyi unutmas\u0131 d\u00f6vl\u0259t siyas\u0259tinin bir n\u00f6mr\u0259li h\u0259d\u0259fidir v\u0259 \u015f\u00fcbh\u0259siz ki, g\u0259l\u0259n yeddi ild\u0259 mill\u0259t Qaraba\u011f\u0131n \u0259v\u0259zin\u0259 xeyli yeni-yeni \u00e7e\u015fidd\u0259 bayramlar qeyd ed\u0259c\u0259k. Konsertl\u0259r, yubileyl\u0259r, idman q\u0259l\u0259b\u0259l\u0259ri, erm\u0259nini s\u00f6y\u0259n v\u0259 \u00f6z\u00fcm\u00fcz\u00fc t\u0259rifl\u0259y\u0259n sonsuz tok-\u015foular, sa\u011fl\u0131qlar, nitql\u0259r, m\u0259dhiyy\u0259 m\u0259tnl\u0259ri v\u0259 sair v\u0259 ilax\u0131r. Olacaq! Prezident and i\u00e7dis\u0259, ed\u0259c\u0259k!\n<\/p>\n<p>\n  \u0130kinci milli d\u0259y\u0259r r\u00fc\u015fv\u0259tdir. Y\u0259ni buraya reketi d\u0259, o\u011furlu\u011fu da, qar\u0259ti d\u0259, d\u0259l\u0259duzlu\u011fu, \u015f\u0259rl\u0259m\u0259ni, sifari\u015fli m\u0259hk\u0259m\u0259 q\u0259rarlar\u0131n\u0131 v\u0259 yalan\u0131 da \u0259lav\u0259 ets\u0259k, al\u0131nar kompleks milli d\u0259y\u0259r.\n<\/p>\n<p>\n  \u018fhali bu kompleks milli d\u0259y\u0259rin i\u00e7\u0259risind\u0259 \u00e7ox rahat uyuyub yat\u0131r, sanki Yer k\u00fcr\u0259sind\u0259 XXI \u0259sr deyil, iks-iks bir \u0259sridir. He\u00e7 k\u0259si insanlar\u0131n ara s\u00f6hb\u0259tl\u0259rind\u0259 r\u00fc\u015fv\u0259txorlu\u011fu k\u0259skin t\u0259nqid etm\u0259si aldatmas\u0131n. Bizim insanlar r\u00fc\u015fv\u0259ti \u00fcmum\u0259n ikrah do\u011furan bir d\u0259y\u0259r kimi t\u0259nqid etmirl\u0259r, onlar r\u00fc\u015fv\u0259ti \u015f\u0259xs\u0259n onlara m\u00fcy\u0259ss\u0259r olmad\u0131\u011f\u0131na g\u00f6r\u0259 pisl\u0259yirl\u0259r. He\u00e7 vaxt v\u0259 \u0259sla \u015f\u00fcbh\u0259 etm\u0259yin, \u0259g\u0259r bizim insan\u0131m\u0131z r\u00fc\u015fv\u0259t almaq kimi m\u00fcq\u0259dd\u0259s bir imkan\u0131 t\u0259min ed\u0259n bir m\u0259qama \u00e7atsa, z\u0259rr\u0259 q\u0259d\u0259r t\u0259r\u0259dd\u00fcd etm\u0259d\u0259n \u015fir\u00fc-n\u0259r kimi bu i\u015f\u0259 giri\u015f\u0259c\u0259k.\n<\/p>\n<p>\n  T\u0259bii, \u201cbal\u0131q ba\u015fdan iyl\u0259n\u0259r\u201d deyimin\u0259 uy\u011fun \u0259min ola bil\u0259rik ki, bu kompleks milli d\u0259y\u0259rin hamisi v\u0259 ke\u015fik\u00e7isi hakimiyy\u0259tdir v\u0259 prezident m\u00f6vcud qurulu\u015fun sabit daya\u011f\u0131 olan bu ali d\u0259y\u0259ri sona q\u0259d\u0259r qoruyacaq. Az\u0131 onu g\u00f6z b\u0259b\u0259yi kimi qoruyan v\u00fccudlar\u0131 tap\u0131b-se\u00e7ib \u0259n ali m\u0259qamlara t\u0259yin ed\u0259c\u0259k.\n<\/p>\n<p>\n  \u00dc\u00e7\u00fcnc\u00fc milli d\u0259y\u0259r c\u0259hal\u0259tdir ki, bunun ucbat\u0131ndan bayaq sadalad\u0131\u011f\u0131m siyah\u0131dak\u0131 nurlu insanlar\u0131n \u00e7oxu vaxt\u0131ndan \u0259vv\u0259l \u00e7\u0259rl\u0259yib \u0259c\u0259ll\u0259rini tap\u0131blar. Bu d\u0259y\u0259rin sahibi n\u0259inki t\u0259kc\u0259 bizik, xeyr ha, bu c\u0259mi m\u00fcs\u0259lmanlar\u0131 yumruq kimi birl\u0259\u015fdir\u0259n d\u0259y\u0259rdir ki, bunun say\u0259sind\u0259 m\u00fcs\u0259lman al\u0259mi kim ist\u0259yir at\u0131n\u0131 \u00e7apd\u0131\u011f\u0131 c\u0131d\u0131r meydan\u0131na \u00e7evrilib. S\u00f6z yox ki, bizim m\u00fcs\u0259lman prezidentimiz bu \u00fcmumm\u00fcs\u0259lman d\u0259y\u0259rin hifz edilm\u0259sind\u0259 s\u0259yl\u0259rini \u0259sirg\u0259m\u0259y\u0259c\u0259kdir, zira bu d\u0259y\u0259r yuxar\u0131 ba\u015fda \u0259yl\u0259\u015f\u0259nl\u0259r\u0259, S\u0259udiyy\u0259 m\u0259likind\u0259n tutmu\u015f c\u0131qq\u0131l\u0131 \u0259\u015f-\u015e\u0259rc\u0259 \u0259mirin\u0259 q\u0259d\u0259r, \u00e7ox s\u0259rf\u0259lidir.\n<\/p>\n<p>\n  D\u00f6rd\u00fcnc\u00fc milli d\u0259y\u0259r qorxaql\u0131qd\u0131r ki, onun m\u00f6vcudlu\u011funu h\u0259r bir ger\u00e7\u0259k x\u0259rit\u0259miz\u0259 baxan, h\u0259r bir se\u00e7ki kampaniyas\u0131n\u0131 izl\u0259y\u0259n, h\u0259r bir ist\u0259nil\u0259n m\u0259hk\u0259m\u0259 iclas\u0131na baxan t\u0259sdiql\u0259y\u0259r.\n<\/p>\n<p>\n  Bu qorxu d\u0259y\u0259ri il\u0259 \u0259hali idar\u0259 olunur, x\u0259mir kimi yo\u011frulur v\u0259 odun kimi do\u011fran\u0131r. Bu d\u0259y\u0259rin ke\u015fiyind\u0259 duran d\u00f6vl\u0259tin c\u0259br al\u0259tinin n\u0259 \u0259yl\u0259ci var, n\u0259 d\u0259 ki, yanaca\u011f\u0131 qurtar\u0131r.\n<\/p>\n<p>\n  Be\u015finci milli d\u0259y\u0259r gopa alud\u0259\u00e7ilikdir. Gop dey\u0259nd\u0259 yaln\u0131z m\u00fcbali\u011f\u0259li k\u0259lamlar\u0131 deyil, daha geni\u015f, d\u00f6vl\u0259t siyas\u0259ti s\u0259viyy\u0259sin\u0259 qald\u0131r\u0131lm\u0131\u015f yana\u015fma, d\u00fc\u015f\u00fcnc\u0259 t\u0259rzi v\u0259 q\u0259libl\u0259ri n\u0259z\u0259rd\u0259 tuturuq. Ki, sovet vaxt\u0131 bunu pripiskalarda v\u0259 qar\u015f\u0131l\u0131ql\u0131 planlarda, milli-azadl\u0131q m\u00fccadil\u0259si zaman\u0131nda \u0130ran\u0131n, \u00c7inin v\u0259 Hindistan\u0131n da\u011f\u0131d\u0131lmas\u0131nda, indi is\u0259 analoqu olmayan iqtisadi-ictimai inki\u015fafda v\u0259 xalq\u0131n hakimiyy\u0259t\u0259 h\u0259dsiz m\u0259h\u0259bb\u0259tind\u0259 m\u00fc\u015fahid\u0259 edirik. Bu d\u0259y\u0259rin qorunmas\u0131nda v\u0259 t\u0259kmill\u0259\u015fdirilm\u0259sind\u0259 maraql\u0131 olan, ilk n\u00f6vb\u0259d\u0259, hakimiyy\u0259timizdir v\u0259 s\u00f6z yox ki, onun g\u0259l\u0259n yeddi il \u0259rzind\u0259 \u00e7i\u00e7\u0259kl\u0259n\u0259c\u0259yi \u015f\u00fcbh\u0259sizdir.\n<\/p>\n<p>\n  Alt\u0131nc\u0131 d\u0259y\u0259r m\u0259suliyy\u0259tsizlikdir ki, bu d\u0259y\u0259r\u0259 ehtiram\u0131n ucbat\u0131ndan he\u00e7 bir milli m\u0259\u011flubiyy\u0259tin h\u0259qiqi k\u00f6k\u00fc a\u00e7\u0131lmay\u0131b, he\u00e7 bir ibr\u0259t g\u00f6t\u00fcr\u00fclm\u0259yib v\u0259 g\u0259l\u0259c\u0259k f\u0259lak\u0259tl\u0259rin m\u00f6hk\u0259m t\u0259m\u0259li qoyulub. Bu d\u0259y\u0259ri ellikc\u0259, iqtidarl\u0131-m\u00fcxalif\u0259tli qoruyaca\u011f\u0131q, zira kim bu d\u0259y\u0259r\u0259 k\u0259c baxsa, bizim milli siyas\u0259t meydan\u0131n\u0131 t\u0259rk etm\u0259li olacaq.\n<\/p>\n<p>\n  Yeddinci d\u0259y\u0259r h\u0259qiq\u0259td\u0259n qorxu v\u0259 il\u011f\u0131mlara sevgidir ki, bunun say\u0259sind\u0259 d\u00f6vl\u0259timiz d\u0259, c\u0259miyy\u0259timiz d\u0259 bir m\u0259\u011flubiyy\u0259td\u0259n dig\u0259rin\u0259 gedirik v\u0259 b\u00fct\u00fcn bunlar\u0131 tarixi q\u0259l\u0259b\u0259 kimi t\u0259qdim edirik. Bizim indi milli bayram kimi t\u0259qdim etdiyimiz h\u0259r bir \u015fanl\u0131 hadis\u0259, onu soyuq a\u011f\u0131lla v\u0259 m\u0259ntiql\u0259 t\u0259hlil ets\u0259k, \u0259slind\u0259 mill\u0259t\u0259 b\u00f6y\u00fck b\u0259lalar g\u0259tirmi\u015f, yuxar\u0131lar\u0131n \u00e7\u0259kdiyi x\u0259bis n\u0259q\u015f\u0259l\u0259rin v\u0259 a\u015fa\u011f\u0131dak\u0131lar\u0131n c\u0259hal\u0259tinin do\u011furdu\u011fu milli m\u0259\u011flubiyy\u0259tl\u0259rdir. Lakin hakimiyy\u0259t bu hadis\u0259l\u0259rd\u0259n camaat\u0131 tovlamaq v\u0259 onu h\u0259qiq\u0259td\u0259n yay\u0131nd\u0131rmaq \u00fc\u00e7\u00fcn istifad\u0259 edir dey\u0259 xalq onlar\u0131 bayram etm\u0259y\u0259 m\u0259hkumdur.\n<\/p>\n<p>\n  Biz \u0259yri g\u00fczg\u00fcl\u0259r al\u0259mind\u0259 ya\u015fay\u0131r\u0131q. Bu al\u0259md\u0259 m\u0259\u011flubiyy\u0259ti q\u0259l\u0259b\u0259, itkini qazanc, h\u0259qar\u0259ti q\u00fcrur, r\u0259zal\u0259ti a\u011fayanal\u0131q kimi t\u0259qdim edirl\u0259r.\n<\/p>\n<p>\n  Lakin h\u0259tta bizim bu \u0259yri d\u00fcnyada hans\u0131sa d\u00fczg\u00fcn meyarlar\u0131n m\u00f6vcudu\u011funa ehtiyac duyulur. T\u0259sad\u00fcfi deyil ki, se\u00e7ki r\u0259qab\u0259ti \u015f\u0259b\u0259d\u0259sind\u0259n sonra q\u0259l\u0259b\u0259 qazanm\u0131\u015f \u0130lham \u018fliyev ona r\u0259qib t\u0259yin edilmi\u015f \u015f\u0259xsl\u0259rin m\u0259zmunsuz v\u0259 bivec ifa\u00e7\u0131l\u0131q bacar\u0131\u011f\u0131na ab\u0131r donu geydirm\u0259k z\u0259rur\u0259ti hiss etdi v\u0259 q\u0259rib\u0259 bir c\u00fcml\u0259 i\u015fl\u0259tdi: \u201c\u00c7\u0131x\u0131\u015flar\u0131nda m\u0259ni k\u0259skin t\u0259nqid etmi\u015f r\u0259qibl\u0259rim\u0259 minn\u0259tdaram\u201d.\n<\/p>\n<p>\n  G\u00f6r\u00fcn\u00fcr, bu k\u0259lam\u0131 da milli d\u0259y\u0259r siyah\u0131s\u0131na \u0259lav\u0259 etm\u0259k laz\u0131md\u0131r.\n<\/p>\n<p>\n  <i><br \/>\n    <b><br \/>\n      Yaz\u0131 m\u00fc\u0259llifin fikirl\u0259rini \u0259ks etdirir v\u0259 Meydan TV-nin m\u00f6vqeyi il\u0259 \u00fcst-\u00fcst\u0259 d\u00fc\u015fm\u0259y\u0259 bil\u0259r.<br \/>\n    <\/b><br \/>\n  <\/i>\n<\/p><\/p>\n","protected":false},"excerpt":{"rendered":"<p>M\u0259n son otuz ildir el\u0259-hey yaz\u0131ram ki, mill\u0259timizin \u0259n\u0259n\u0259vi milli-\u0259xlaqi d\u0259y\u0259rl\u0259ri kifl\u0259nib, \u00fcfun\u0259t iyi verir v\u0259 \u0259halimizi artan s\u00fcr\u0259tl\u0259 d\u0259rin bir girdaba s\u00fcr\u00fckl\u0259yir<\/p>\n","protected":false},"author":11,"featured_media":102607,"comment_status":"closed","ping_status":"open","sticky":false,"template":"","format":"standard","meta":{"_acf_changed":false,"_sitemap_exclude":false,"_sitemap_priority":"","_sitemap_frequency":"","footnotes":""},"categories":[57],"tags":[],"class_list":["post-189648","post","type-post","status-publish","format-standard","has-post-thumbnail","hentry","category-menim-fikrimce","infinite-scroll-item","generate-columns","tablet-grid-50","mobile-grid-100","grid-parent","grid-33","no-featured-image-padding"],"acf":[],"yoast_head":"<!-- This site is optimized with the Yoast SEO plugin v27.4 - https:\/\/yoast.com\/product\/yoast-seo-wordpress\/ -->\n<title>And i\u00e7ir\u0259m! - MEYDAN.TV<\/title>\n<meta name=\"robots\" content=\"index, follow, max-snippet:-1, max-image-preview:large, max-video-preview:-1\" \/>\n<link rel=\"canonical\" href=\"https:\/\/www.meydan.tv\/az\/article\/and-icirem\/\" \/>\n<meta property=\"og:locale\" content=\"az_AZ\" \/>\n<meta property=\"og:type\" content=\"article\" \/>\n<meta property=\"og:title\" content=\"And i\u00e7ir\u0259m! - MEYDAN.TV\" \/>\n<meta property=\"og:description\" content=\"M\u0259n son otuz ildir el\u0259-hey yaz\u0131ram ki, mill\u0259timizin \u0259n\u0259n\u0259vi milli-\u0259xlaqi d\u0259y\u0259rl\u0259ri kifl\u0259nib, \u00fcfun\u0259t iyi verir v\u0259 \u0259halimizi artan s\u00fcr\u0259tl\u0259 d\u0259rin bir girdaba s\u00fcr\u00fckl\u0259yir\" \/>\n<meta property=\"og:url\" content=\"https:\/\/www.meydan.tv\/az\/article\/and-icirem\/\" \/>\n<meta property=\"og:site_name\" content=\"MEYDAN.TV\" \/>\n<meta property=\"article:published_time\" content=\"2018-04-20T21:59:24+00:00\" \/>\n<meta property=\"og:image\" content=\"https:\/\/www.meydan.tv\/wp-content\/uploads\/40680.jpg\" \/>\n\t<meta property=\"og:image:width\" content=\"1811\" \/>\n\t<meta property=\"og:image:height\" content=\"1292\" \/>\n\t<meta property=\"og:image:type\" content=\"image\/jpeg\" \/>\n<meta name=\"author\" content=\"user-manager\" \/>\n<meta name=\"twitter:card\" content=\"summary_large_image\" \/>\n<script type=\"application\/ld+json\" class=\"yoast-schema-graph\">{\"@context\":\"https:\\\/\\\/schema.org\",\"@graph\":[{\"@type\":\"Article\",\"@id\":\"https:\\\/\\\/www.meydan.tv\\\/az\\\/article\\\/and-icirem\\\/#article\",\"isPartOf\":{\"@id\":\"https:\\\/\\\/www.meydan.tv\\\/az\\\/article\\\/and-icirem\\\/\"},\"author\":{\"name\":\"user-manager\",\"@id\":\"https:\\\/\\\/www.meydan.tv\\\/az\\\/#\\\/schema\\\/person\\\/10d11eccf6da3662cf5fdab9806ea91a\"},\"headline\":\"And i\u00e7ir\u0259m!\",\"datePublished\":\"2018-04-20T21:59:24+00:00\",\"mainEntityOfPage\":{\"@id\":\"https:\\\/\\\/www.meydan.tv\\\/az\\\/article\\\/and-icirem\\\/\"},\"wordCount\":1808,\"publisher\":{\"@id\":\"https:\\\/\\\/www.meydan.tv\\\/az\\\/#organization\"},\"image\":{\"@id\":\"https:\\\/\\\/www.meydan.tv\\\/az\\\/article\\\/and-icirem\\\/#primaryimage\"},\"thumbnailUrl\":\"https:\\\/\\\/www.meydan.tv\\\/wp-content\\\/uploads\\\/40680.jpg\",\"articleSection\":[\"M\u0259nim Fikrimc\u0259\"],\"inLanguage\":\"az\"},{\"@type\":\"WebPage\",\"@id\":\"https:\\\/\\\/www.meydan.tv\\\/az\\\/article\\\/and-icirem\\\/\",\"url\":\"https:\\\/\\\/www.meydan.tv\\\/az\\\/article\\\/and-icirem\\\/\",\"name\":\"And i\u00e7ir\u0259m! - MEYDAN.TV\",\"isPartOf\":{\"@id\":\"https:\\\/\\\/www.meydan.tv\\\/az\\\/#website\"},\"primaryImageOfPage\":{\"@id\":\"https:\\\/\\\/www.meydan.tv\\\/az\\\/article\\\/and-icirem\\\/#primaryimage\"},\"image\":{\"@id\":\"https:\\\/\\\/www.meydan.tv\\\/az\\\/article\\\/and-icirem\\\/#primaryimage\"},\"thumbnailUrl\":\"https:\\\/\\\/www.meydan.tv\\\/wp-content\\\/uploads\\\/40680.jpg\",\"datePublished\":\"2018-04-20T21:59:24+00:00\",\"breadcrumb\":{\"@id\":\"https:\\\/\\\/www.meydan.tv\\\/az\\\/article\\\/and-icirem\\\/#breadcrumb\"},\"inLanguage\":\"az\",\"potentialAction\":[{\"@type\":\"ReadAction\",\"target\":[\"https:\\\/\\\/www.meydan.tv\\\/az\\\/article\\\/and-icirem\\\/\"]}]},{\"@type\":\"ImageObject\",\"inLanguage\":\"az\",\"@id\":\"https:\\\/\\\/www.meydan.tv\\\/az\\\/article\\\/and-icirem\\\/#primaryimage\",\"url\":\"https:\\\/\\\/www.meydan.tv\\\/wp-content\\\/uploads\\\/40680.jpg\",\"contentUrl\":\"https:\\\/\\\/www.meydan.tv\\\/wp-content\\\/uploads\\\/40680.jpg\",\"width\":1811,\"height\":1292,\"caption\":\"Source:\"},{\"@type\":\"BreadcrumbList\",\"@id\":\"https:\\\/\\\/www.meydan.tv\\\/az\\\/article\\\/and-icirem\\\/#breadcrumb\",\"itemListElement\":[{\"@type\":\"ListItem\",\"position\":1,\"name\":\"Ana s\u0259hif\u0259\",\"item\":\"https:\\\/\\\/www.meydan.tv\\\/az\\\/\"},{\"@type\":\"ListItem\",\"position\":2,\"name\":\"M\u0259nim Fikrimc\u0259\",\"item\":\"https:\\\/\\\/www.meydan.tv\\\/az\\\/section\\\/menim-fikrimce\\\/\"},{\"@type\":\"ListItem\",\"position\":3,\"name\":\"And i\u00e7ir\u0259m!\"}]},{\"@type\":\"WebSite\",\"@id\":\"https:\\\/\\\/www.meydan.tv\\\/az\\\/#website\",\"url\":\"https:\\\/\\\/www.meydan.tv\\\/az\\\/\",\"name\":\"MEYDAN.TV\",\"description\":\"Meydan TV Az\u0259rbaycan\u0131n media m\u0259kan\u0131ndak\u0131 alternativ s\u0259sidir\",\"publisher\":{\"@id\":\"https:\\\/\\\/www.meydan.tv\\\/az\\\/#organization\"},\"potentialAction\":[{\"@type\":\"SearchAction\",\"target\":{\"@type\":\"EntryPoint\",\"urlTemplate\":\"https:\\\/\\\/www.meydan.tv\\\/az\\\/?s={search_term_string}\"},\"query-input\":{\"@type\":\"PropertyValueSpecification\",\"valueRequired\":true,\"valueName\":\"search_term_string\"}}],\"inLanguage\":\"az\"},{\"@type\":\"Organization\",\"@id\":\"https:\\\/\\\/www.meydan.tv\\\/az\\\/#organization\",\"name\":\"Meydan TV\",\"url\":\"https:\\\/\\\/www.meydan.tv\\\/az\\\/\",\"logo\":{\"@type\":\"ImageObject\",\"inLanguage\":\"az\",\"@id\":\"https:\\\/\\\/www.meydan.tv\\\/az\\\/#\\\/schema\\\/logo\\\/image\\\/\",\"url\":\"https:\\\/\\\/www.meydan.tv\\\/wp-content\\\/uploads\\\/2021\\\/07\\\/meydan-logo.svg\",\"contentUrl\":\"https:\\\/\\\/www.meydan.tv\\\/wp-content\\\/uploads\\\/2021\\\/07\\\/meydan-logo.svg\",\"width\":195,\"height\":46,\"caption\":\"Meydan TV\"},\"image\":{\"@id\":\"https:\\\/\\\/www.meydan.tv\\\/az\\\/#\\\/schema\\\/logo\\\/image\\\/\"}},{\"@type\":\"Person\",\"@id\":\"https:\\\/\\\/www.meydan.tv\\\/az\\\/#\\\/schema\\\/person\\\/10d11eccf6da3662cf5fdab9806ea91a\",\"name\":\"user-manager\"}]}<\/script>\n<!-- \/ Yoast SEO plugin. -->","yoast_head_json":{"title":"And i\u00e7ir\u0259m! - MEYDAN.TV","robots":{"index":"index","follow":"follow","max-snippet":"max-snippet:-1","max-image-preview":"max-image-preview:large","max-video-preview":"max-video-preview:-1"},"canonical":"https:\/\/www.meydan.tv\/az\/article\/and-icirem\/","og_locale":"az_AZ","og_type":"article","og_title":"And i\u00e7ir\u0259m! - MEYDAN.TV","og_description":"M\u0259n son otuz ildir el\u0259-hey yaz\u0131ram ki, mill\u0259timizin \u0259n\u0259n\u0259vi milli-\u0259xlaqi d\u0259y\u0259rl\u0259ri kifl\u0259nib, \u00fcfun\u0259t iyi verir v\u0259 \u0259halimizi artan s\u00fcr\u0259tl\u0259 d\u0259rin bir girdaba s\u00fcr\u00fckl\u0259yir","og_url":"https:\/\/www.meydan.tv\/az\/article\/and-icirem\/","og_site_name":"MEYDAN.TV","article_published_time":"2018-04-20T21:59:24+00:00","og_image":[{"width":1811,"height":1292,"url":"https:\/\/www.meydan.tv\/wp-content\/uploads\/40680.jpg","type":"image\/jpeg"}],"author":"user-manager","twitter_card":"summary_large_image","schema":{"@context":"https:\/\/schema.org","@graph":[{"@type":"Article","@id":"https:\/\/www.meydan.tv\/az\/article\/and-icirem\/#article","isPartOf":{"@id":"https:\/\/www.meydan.tv\/az\/article\/and-icirem\/"},"author":{"name":"user-manager","@id":"https:\/\/www.meydan.tv\/az\/#\/schema\/person\/10d11eccf6da3662cf5fdab9806ea91a"},"headline":"And i\u00e7ir\u0259m!","datePublished":"2018-04-20T21:59:24+00:00","mainEntityOfPage":{"@id":"https:\/\/www.meydan.tv\/az\/article\/and-icirem\/"},"wordCount":1808,"publisher":{"@id":"https:\/\/www.meydan.tv\/az\/#organization"},"image":{"@id":"https:\/\/www.meydan.tv\/az\/article\/and-icirem\/#primaryimage"},"thumbnailUrl":"https:\/\/www.meydan.tv\/wp-content\/uploads\/40680.jpg","articleSection":["M\u0259nim Fikrimc\u0259"],"inLanguage":"az"},{"@type":"WebPage","@id":"https:\/\/www.meydan.tv\/az\/article\/and-icirem\/","url":"https:\/\/www.meydan.tv\/az\/article\/and-icirem\/","name":"And i\u00e7ir\u0259m! - MEYDAN.TV","isPartOf":{"@id":"https:\/\/www.meydan.tv\/az\/#website"},"primaryImageOfPage":{"@id":"https:\/\/www.meydan.tv\/az\/article\/and-icirem\/#primaryimage"},"image":{"@id":"https:\/\/www.meydan.tv\/az\/article\/and-icirem\/#primaryimage"},"thumbnailUrl":"https:\/\/www.meydan.tv\/wp-content\/uploads\/40680.jpg","datePublished":"2018-04-20T21:59:24+00:00","breadcrumb":{"@id":"https:\/\/www.meydan.tv\/az\/article\/and-icirem\/#breadcrumb"},"inLanguage":"az","potentialAction":[{"@type":"ReadAction","target":["https:\/\/www.meydan.tv\/az\/article\/and-icirem\/"]}]},{"@type":"ImageObject","inLanguage":"az","@id":"https:\/\/www.meydan.tv\/az\/article\/and-icirem\/#primaryimage","url":"https:\/\/www.meydan.tv\/wp-content\/uploads\/40680.jpg","contentUrl":"https:\/\/www.meydan.tv\/wp-content\/uploads\/40680.jpg","width":1811,"height":1292,"caption":"Source:"},{"@type":"BreadcrumbList","@id":"https:\/\/www.meydan.tv\/az\/article\/and-icirem\/#breadcrumb","itemListElement":[{"@type":"ListItem","position":1,"name":"Ana s\u0259hif\u0259","item":"https:\/\/www.meydan.tv\/az\/"},{"@type":"ListItem","position":2,"name":"M\u0259nim Fikrimc\u0259","item":"https:\/\/www.meydan.tv\/az\/section\/menim-fikrimce\/"},{"@type":"ListItem","position":3,"name":"And i\u00e7ir\u0259m!"}]},{"@type":"WebSite","@id":"https:\/\/www.meydan.tv\/az\/#website","url":"https:\/\/www.meydan.tv\/az\/","name":"MEYDAN.TV","description":"Meydan TV Az\u0259rbaycan\u0131n media m\u0259kan\u0131ndak\u0131 alternativ s\u0259sidir","publisher":{"@id":"https:\/\/www.meydan.tv\/az\/#organization"},"potentialAction":[{"@type":"SearchAction","target":{"@type":"EntryPoint","urlTemplate":"https:\/\/www.meydan.tv\/az\/?s={search_term_string}"},"query-input":{"@type":"PropertyValueSpecification","valueRequired":true,"valueName":"search_term_string"}}],"inLanguage":"az"},{"@type":"Organization","@id":"https:\/\/www.meydan.tv\/az\/#organization","name":"Meydan TV","url":"https:\/\/www.meydan.tv\/az\/","logo":{"@type":"ImageObject","inLanguage":"az","@id":"https:\/\/www.meydan.tv\/az\/#\/schema\/logo\/image\/","url":"https:\/\/www.meydan.tv\/wp-content\/uploads\/2021\/07\/meydan-logo.svg","contentUrl":"https:\/\/www.meydan.tv\/wp-content\/uploads\/2021\/07\/meydan-logo.svg","width":195,"height":46,"caption":"Meydan TV"},"image":{"@id":"https:\/\/www.meydan.tv\/az\/#\/schema\/logo\/image\/"}},{"@type":"Person","@id":"https:\/\/www.meydan.tv\/az\/#\/schema\/person\/10d11eccf6da3662cf5fdab9806ea91a","name":"user-manager"}]}},"_links":{"self":[{"href":"https:\/\/www.meydan.tv\/az\/wp-json\/wp\/v2\/posts\/189648","targetHints":{"allow":["GET"]}}],"collection":[{"href":"https:\/\/www.meydan.tv\/az\/wp-json\/wp\/v2\/posts"}],"about":[{"href":"https:\/\/www.meydan.tv\/az\/wp-json\/wp\/v2\/types\/post"}],"author":[{"embeddable":true,"href":"https:\/\/www.meydan.tv\/az\/wp-json\/wp\/v2\/users\/11"}],"replies":[{"embeddable":true,"href":"https:\/\/www.meydan.tv\/az\/wp-json\/wp\/v2\/comments?post=189648"}],"version-history":[{"count":0,"href":"https:\/\/www.meydan.tv\/az\/wp-json\/wp\/v2\/posts\/189648\/revisions"}],"wp:featuredmedia":[{"embeddable":true,"href":"https:\/\/www.meydan.tv\/az\/wp-json\/wp\/v2\/media\/102607"}],"wp:attachment":[{"href":"https:\/\/www.meydan.tv\/az\/wp-json\/wp\/v2\/media?parent=189648"}],"wp:term":[{"taxonomy":"category","embeddable":true,"href":"https:\/\/www.meydan.tv\/az\/wp-json\/wp\/v2\/categories?post=189648"},{"taxonomy":"post_tag","embeddable":true,"href":"https:\/\/www.meydan.tv\/az\/wp-json\/wp\/v2\/tags?post=189648"}],"curies":[{"name":"wp","href":"https:\/\/api.w.org\/{rel}","templated":true}]}}