{"id":189608,"date":"2018-04-19T00:17:26","date_gmt":"2018-04-19T00:17:26","guid":{"rendered":"https:\/\/www.meydan.tv\/article\/ilham-eliyev-niye-telesir\/"},"modified":"2018-04-19T00:17:26","modified_gmt":"2018-04-19T00:17:26","slug":"ilham-eliyev-niye-telesir","status":"publish","type":"post","link":"https:\/\/www.meydan.tv\/az\/article\/ilham-eliyev-niye-telesir\/","title":{"rendered":"\u0130lham \u018fliyev niy\u0259 t\u0259l\u0259sir?"},"content":{"rendered":"<figure class=\"wp-block-image size-large\">\n  <img decoding=\"async\" src=\"https:\/\/www.meydan.tv\/az\/foto-azertac-18\/\" alt=\"foto Az\u0259rtac\" class=\"wp-image-102468\"\/><figcaption>\n    foto Az\u0259rtac<br \/>\n  <\/figcaption><\/figure>\n<p>\n  \u018fliyev sosial-iqtisadi inki\u015faf\u0131, institusional v\u0259 kadr d\u0259yi\u015fiklikl\u0259rini s\u00fcr\u0259tl\u0259ndirm\u0259yi planla\u015fd\u0131r\u0131r, amma\u2026\n<\/p>\n<p>\n  Az\u0259rbaycanda prosesl\u0259r getdikc\u0259 s\u00fcr\u0259tl\u0259nir v\u0259 geni\u015fl\u0259nir. S\u0259sverm\u0259 &#8211; 11 aprel v\u0259 inauqurasiya g\u00fcn\u00fc &#8211; 18 aprel aras\u0131ndak\u0131 m\u00fcdd\u0259t prezident \u0130lham \u018fliyev administrasiyas\u0131n\u0131n t\u0259l\u0259sik add\u0131mlar atd\u0131\u011f\u0131n\u0131 g\u00f6st\u0259rir.\n<\/p>\n<p>\n  \u018fliyevin 2003-c\u00fc ild\u0259n etibar\u0259n qalib g\u0259ldiyi d\u00f6rd se\u00e7kinin tarixin\u0259 baxsaq, bel\u0259 bir m\u0259nz\u0259r\u0259 ortaya \u00e7\u0131x\u0131r: 2003-c\u00fc il se\u00e7kil\u0259ri il\u0259 inauqurasiya aras\u0131nda m\u0259saf\u0259 17 g\u00fcn (15-31 oktyabr), 2008-ci ild\u0259 9 g\u00fcn (15-21 oktyabr), 2013-c\u00fc ild\u0259 10 g\u00fcn (9-19 oktyabr), 2018-ci ild\u0259 7 g\u00fcn (11-18 aprel) t\u0259\u015fkil edib.\n<\/p>\n<p>\n  Son inauqurasiya prosesinin s\u00fcr\u0259tl\u0259ndirilm\u0259sind\u0259n \u0259vv\u0259l Konstitusiyaya d\u0259yi\u015fiklikl\u0259r haqq\u0131nda referendum ke\u00e7irilib. H\u0259min d\u0259yi\u015fiklikl\u0259r se\u00e7kil\u0259r haqq\u0131nda q\u0259rarlar\u0131n q\u0259bulu v\u0259 h\u0259yata ke\u00e7irilm\u0259si \u00fc\u00e7\u00fcn qanunvericilik \u00e7\u0259r\u00e7iv\u0259l\u0259rini m\u00fc\u0259yy\u0259n edib. Habel\u0259 ali hakimiyy\u0259t sistemin\u0259 struktur d\u0259yi\u015fiklikl\u0259ri, vitse-prezidentlik institutunu t\u0259tbiq edib, bu, hakimiyy\u0259tin \u018fliyevl\u0259r ail\u0259sinin \u0259lind\u0259 daha \u00e7ox c\u0259ml\u0259\u015fm\u0259sin\u0259 g\u0259tirib \u00e7\u0131xar\u0131b.<br \/>\n  <br \/>\n  V\u0259 n\u0259hay\u0259t, oktyabrdan aprel\u0259 ke\u00e7iril\u0259n prezident se\u00e7kil\u0259ri s\u00fcr\u0259tl\u0259nm\u0259 prosesinin m\u0259ntiqi n\u0259tic\u0259si oldu. Se\u00e7kil\u0259rin t\u0259\u015fviqat m\u00fcdd\u0259ti d\u0259 q\u0131sa olub v\u0259 formal olaraq 15 il \u0259vv\u0259l m\u00fc\u0259yy\u0259n edilmi\u015f status-kvo aprelin 11-d\u0259 m\u0259ntiqi olaraq r\u0259smil\u0259\u015fdirilib.\n<\/p>\n<p>\n  \u018fliyev inauqurasiya nitqind\u0259 onun fikrinc\u0259, u\u011furlu olan 15 illik idar\u0259etm\u0259 d\u00f6vr\u00fcnd\u0259n dan\u0131\u015fsa da, nitqin kadr arxas\u0131nda qalan \u00f6lk\u0259nin probleml\u0259rini, o c\u00fcml\u0259d\u0259n iqtisadi b\u00f6hran\u0131 v\u0259 sistem b\u00f6hran\u0131n\u0131 prezidentin add\u0131mlar\u0131n\u0131n s\u00fcr\u0259tl\u0259ndirilm\u0259si prosesinin \u0259sas s\u0259b\u0259bl\u0259ri kimi qiym\u0259tl\u0259ndirm\u0259k olar.\n<\/p>\n<p>\n  \u018fliyevin ehtimal olunan islahat add\u0131mlar\u0131 m\u00f6vzusu onun r\u0259qibl\u0259rind\u0259 \u015f\u00fcbh\u0259 do\u011fursa da v\u0259 sistemd\u0259 islahatlar\u0131n m\u00fcmk\u00fcnl\u00fcy\u00fcn\u0259 onlar\u0131n \u00e7ox az\u0131 inansa da, diqq\u0259t\u0259 almaq laz\u0131md\u0131r ki, 2015-ci ild\u0259 Az\u0259rbaycanda a\u00e7\u0131q b\u00f6hran\u0131n ba\u015flad\u0131\u011f\u0131 andan etibar\u0259n bu \u00f6lk\u0259d\u0259 \u00e7ox \u015fey d\u0259yi\u015fib. Bu g\u00fcn islahatlar haqq\u0131nda hakimiyy\u0259t r\u0259qibl\u0259rind\u0259n daha \u00e7ox dan\u0131\u015f\u0131r. \u0130slahatlar m\u00f6vzusu inauqurasiya nitqind\u0259 d\u0259 sezilirdi v\u0259 xalq-hakimiyy\u0259t birliyi, \u00dcDM-in artmas\u0131 v\u0259 yoxsullu\u011fun azalmas\u0131, v\u0259t\u0259np\u0259rv\u0259rl\u0259r v\u0259 xarici d\u00f6vl\u0259tl\u0259rin satq\u0131n qullar\u0131 v\u0259 s. haqq\u0131nda m\u00f6vzular\u0131nda kli\u015feler siyah\u0131s\u0131n\u0131 tamamlay\u0131rd\u0131.\n<\/p>\n<p>\n  Kli\u015feler informasiya n\u00f6qteyi-n\u0259z\u0259rd\u0259n bilikli \u015f\u0259xsl\u0259r\u0259 v\u0259 sakinl\u0259r\u0259 \u00e7ox az \u015fey verir. Onlar yaln\u0131z haz\u0131rda v\u0259 orta g\u0259l\u0259c\u0259k m\u00fcdd\u0259td\u0259 hakimiyy\u0259tin davran\u0131\u015f x\u0259ttini g\u00f6st\u0259rir. Ondan ayd\u0131n olur ki, \u018fliyev sosial-iqtisadi inki\u015faf\u0131, institusional v\u0259 kadr d\u0259yi\u015fiklikl\u0259rini s\u00fcr\u0259tl\u0259ndirm\u0259yi planla\u015fd\u0131r\u0131r, amma, onun s\u00f6zl\u0259ri il\u0259 des\u0259k, yerl\u0259rini &#8220;tarixin zibilxanas\u0131&#8221; olaraq m\u00fc\u0259yy\u0259n etdiyi r\u0259qibl\u0259ri il\u0259 dialoq qurma\u011fa haz\u0131r deyil.\n<\/p>\n<p>\n  \u018fliyevin Az\u0259rbaycan c\u0259miyy\u0259tinin bir hiss\u0259sin\u0259 informasiya m\u0259kan\u0131nda getdikc\u0259 g\u00fccl\u0259n\u0259n bu qeyri-konstruktiv yana\u015fmas\u0131n\u0131 t\u0259dbirli v\u0259 \u00f6z\u00fcn\u00fc do\u011frultmu\u015f passaj kimi qiym\u0259tl\u0259ndirm\u0259k olmaz. Tez v\u0259 ya \u00e7ox da gec olmadan s\u00fcr\u0259tl\u0259nmi\u015f iqtisadi v\u0259 inzibati islahatlarla paralel olaraq r\u0259qibl\u0259rl\u0259 qar\u015f\u0131l\u0131ql\u0131 f\u0259aliyy\u0259t m\u0259s\u0259l\u0259si qa\u00e7\u0131lmaz olacaq. \u00c7\u00fcnki \u00fc\u00e7 il \u0259vv\u0259l ba\u015flam\u0131\u015f q\u0259rarlar\u0131n q\u0259bulunun s\u00fcr\u0259tl\u0259ndirilm\u0259si prosesi \u00f6z\u00fc qar\u015f\u0131l\u0131ql\u0131 hakimiyy\u0259t v\u0259 h\u0259l\u0259lik susan xalq h\u0259r\u0259kat\u0131 prosesini s\u00fcr\u0259tl\u0259ndir\u0259c\u0259k.<\/p>\n","protected":false},"excerpt":{"rendered":"<p>foto Az\u0259rtac \u018fliyev sosial-iqtisadi inki\u015faf\u0131, institusional v\u0259 kadr d\u0259yi\u015fiklikl\u0259rini s\u00fcr\u0259tl\u0259ndirm\u0259yi &#8230; <\/p>\n<p class=\"read-more-container\"><a title=\"\u0130lham \u018fliyev niy\u0259 t\u0259l\u0259sir?\" class=\"read-more button\" href=\"https:\/\/www.meydan.tv\/az\/article\/ilham-eliyev-niye-telesir\/#more-189608\" aria-label=\"Read more about \u0130lham \u018fliyev niy\u0259 t\u0259l\u0259sir?\">Davam\u0131<\/a><\/p>\n","protected":false},"author":11,"featured_media":102468,"comment_status":"closed","ping_status":"open","sticky":false,"template":"","format":"standard","meta":{"_acf_changed":false,"_sitemap_exclude":false,"_sitemap_priority":"","_sitemap_frequency":"","footnotes":""},"categories":[51],"tags":[],"class_list":["post-189608","post","type-post","status-publish","format-standard","has-post-thumbnail","hentry","category-analitika","infinite-scroll-item","generate-columns","tablet-grid-50","mobile-grid-100","grid-parent","grid-33","no-featured-image-padding"],"acf":[],"yoast_head":"<!-- This site is optimized with the Yoast SEO plugin v27.4 - https:\/\/yoast.com\/product\/yoast-seo-wordpress\/ -->\n<title>\u0130lham \u018fliyev niy\u0259 t\u0259l\u0259sir? - MEYDAN.TV<\/title>\n<meta name=\"robots\" content=\"index, follow, max-snippet:-1, max-image-preview:large, max-video-preview:-1\" \/>\n<link rel=\"canonical\" href=\"https:\/\/www.meydan.tv\/az\/article\/ilham-eliyev-niye-telesir\/\" \/>\n<meta property=\"og:locale\" content=\"az_AZ\" \/>\n<meta property=\"og:type\" content=\"article\" \/>\n<meta property=\"og:title\" content=\"\u0130lham \u018fliyev niy\u0259 t\u0259l\u0259sir? - MEYDAN.TV\" \/>\n<meta property=\"og:description\" content=\"foto Az\u0259rtac \u018fliyev sosial-iqtisadi inki\u015faf\u0131, institusional v\u0259 kadr d\u0259yi\u015fiklikl\u0259rini s\u00fcr\u0259tl\u0259ndirm\u0259yi ... Davam\u0131\" \/>\n<meta property=\"og:url\" content=\"https:\/\/www.meydan.tv\/az\/article\/ilham-eliyev-niye-telesir\/\" \/>\n<meta property=\"og:site_name\" content=\"MEYDAN.TV\" \/>\n<meta property=\"article:published_time\" content=\"2018-04-19T00:17:26+00:00\" \/>\n<meta property=\"og:image\" content=\"https:\/\/www.meydan.tv\/wp-content\/uploads\/40603.jpg\" \/>\n\t<meta property=\"og:image:width\" content=\"814\" \/>\n\t<meta property=\"og:image:height\" content=\"669\" \/>\n\t<meta property=\"og:image:type\" content=\"image\/jpeg\" \/>\n<meta name=\"author\" content=\"user-manager\" \/>\n<meta name=\"twitter:card\" content=\"summary_large_image\" \/>\n<script type=\"application\/ld+json\" class=\"yoast-schema-graph\">{\"@context\":\"https:\\\/\\\/schema.org\",\"@graph\":[{\"@type\":\"Article\",\"@id\":\"https:\\\/\\\/www.meydan.tv\\\/az\\\/article\\\/ilham-eliyev-niye-telesir\\\/#article\",\"isPartOf\":{\"@id\":\"https:\\\/\\\/www.meydan.tv\\\/az\\\/article\\\/ilham-eliyev-niye-telesir\\\/\"},\"author\":{\"name\":\"user-manager\",\"@id\":\"https:\\\/\\\/www.meydan.tv\\\/az\\\/#\\\/schema\\\/person\\\/10d11eccf6da3662cf5fdab9806ea91a\"},\"headline\":\"\u0130lham \u018fliyev niy\u0259 t\u0259l\u0259sir?\",\"datePublished\":\"2018-04-19T00:17:26+00:00\",\"mainEntityOfPage\":{\"@id\":\"https:\\\/\\\/www.meydan.tv\\\/az\\\/article\\\/ilham-eliyev-niye-telesir\\\/\"},\"wordCount\":659,\"publisher\":{\"@id\":\"https:\\\/\\\/www.meydan.tv\\\/az\\\/#organization\"},\"image\":{\"@id\":\"https:\\\/\\\/www.meydan.tv\\\/az\\\/article\\\/ilham-eliyev-niye-telesir\\\/#primaryimage\"},\"thumbnailUrl\":\"https:\\\/\\\/www.meydan.tv\\\/wp-content\\\/uploads\\\/40603.jpg\",\"articleSection\":[\"Analitika\"],\"inLanguage\":\"az\"},{\"@type\":\"WebPage\",\"@id\":\"https:\\\/\\\/www.meydan.tv\\\/az\\\/article\\\/ilham-eliyev-niye-telesir\\\/\",\"url\":\"https:\\\/\\\/www.meydan.tv\\\/az\\\/article\\\/ilham-eliyev-niye-telesir\\\/\",\"name\":\"\u0130lham \u018fliyev niy\u0259 t\u0259l\u0259sir? - MEYDAN.TV\",\"isPartOf\":{\"@id\":\"https:\\\/\\\/www.meydan.tv\\\/az\\\/#website\"},\"primaryImageOfPage\":{\"@id\":\"https:\\\/\\\/www.meydan.tv\\\/az\\\/article\\\/ilham-eliyev-niye-telesir\\\/#primaryimage\"},\"image\":{\"@id\":\"https:\\\/\\\/www.meydan.tv\\\/az\\\/article\\\/ilham-eliyev-niye-telesir\\\/#primaryimage\"},\"thumbnailUrl\":\"https:\\\/\\\/www.meydan.tv\\\/wp-content\\\/uploads\\\/40603.jpg\",\"datePublished\":\"2018-04-19T00:17:26+00:00\",\"breadcrumb\":{\"@id\":\"https:\\\/\\\/www.meydan.tv\\\/az\\\/article\\\/ilham-eliyev-niye-telesir\\\/#breadcrumb\"},\"inLanguage\":\"az\",\"potentialAction\":[{\"@type\":\"ReadAction\",\"target\":[\"https:\\\/\\\/www.meydan.tv\\\/az\\\/article\\\/ilham-eliyev-niye-telesir\\\/\"]}]},{\"@type\":\"ImageObject\",\"inLanguage\":\"az\",\"@id\":\"https:\\\/\\\/www.meydan.tv\\\/az\\\/article\\\/ilham-eliyev-niye-telesir\\\/#primaryimage\",\"url\":\"https:\\\/\\\/www.meydan.tv\\\/wp-content\\\/uploads\\\/40603.jpg\",\"contentUrl\":\"https:\\\/\\\/www.meydan.tv\\\/wp-content\\\/uploads\\\/40603.jpg\",\"width\":814,\"height\":669,\"caption\":\"Source:\"},{\"@type\":\"BreadcrumbList\",\"@id\":\"https:\\\/\\\/www.meydan.tv\\\/az\\\/article\\\/ilham-eliyev-niye-telesir\\\/#breadcrumb\",\"itemListElement\":[{\"@type\":\"ListItem\",\"position\":1,\"name\":\"Ana s\u0259hif\u0259\",\"item\":\"https:\\\/\\\/www.meydan.tv\\\/az\\\/\"},{\"@type\":\"ListItem\",\"position\":2,\"name\":\"Analitika\",\"item\":\"https:\\\/\\\/www.meydan.tv\\\/az\\\/section\\\/analitika\\\/\"},{\"@type\":\"ListItem\",\"position\":3,\"name\":\"\u0130lham \u018fliyev niy\u0259 t\u0259l\u0259sir?\"}]},{\"@type\":\"WebSite\",\"@id\":\"https:\\\/\\\/www.meydan.tv\\\/az\\\/#website\",\"url\":\"https:\\\/\\\/www.meydan.tv\\\/az\\\/\",\"name\":\"MEYDAN.TV\",\"description\":\"Meydan TV Az\u0259rbaycan\u0131n media m\u0259kan\u0131ndak\u0131 alternativ s\u0259sidir\",\"publisher\":{\"@id\":\"https:\\\/\\\/www.meydan.tv\\\/az\\\/#organization\"},\"potentialAction\":[{\"@type\":\"SearchAction\",\"target\":{\"@type\":\"EntryPoint\",\"urlTemplate\":\"https:\\\/\\\/www.meydan.tv\\\/az\\\/?s={search_term_string}\"},\"query-input\":{\"@type\":\"PropertyValueSpecification\",\"valueRequired\":true,\"valueName\":\"search_term_string\"}}],\"inLanguage\":\"az\"},{\"@type\":\"Organization\",\"@id\":\"https:\\\/\\\/www.meydan.tv\\\/az\\\/#organization\",\"name\":\"Meydan TV\",\"url\":\"https:\\\/\\\/www.meydan.tv\\\/az\\\/\",\"logo\":{\"@type\":\"ImageObject\",\"inLanguage\":\"az\",\"@id\":\"https:\\\/\\\/www.meydan.tv\\\/az\\\/#\\\/schema\\\/logo\\\/image\\\/\",\"url\":\"https:\\\/\\\/www.meydan.tv\\\/wp-content\\\/uploads\\\/2021\\\/07\\\/meydan-logo.svg\",\"contentUrl\":\"https:\\\/\\\/www.meydan.tv\\\/wp-content\\\/uploads\\\/2021\\\/07\\\/meydan-logo.svg\",\"width\":195,\"height\":46,\"caption\":\"Meydan TV\"},\"image\":{\"@id\":\"https:\\\/\\\/www.meydan.tv\\\/az\\\/#\\\/schema\\\/logo\\\/image\\\/\"}},{\"@type\":\"Person\",\"@id\":\"https:\\\/\\\/www.meydan.tv\\\/az\\\/#\\\/schema\\\/person\\\/10d11eccf6da3662cf5fdab9806ea91a\",\"name\":\"user-manager\"}]}<\/script>\n<!-- \/ Yoast SEO plugin. -->","yoast_head_json":{"title":"\u0130lham \u018fliyev niy\u0259 t\u0259l\u0259sir? - MEYDAN.TV","robots":{"index":"index","follow":"follow","max-snippet":"max-snippet:-1","max-image-preview":"max-image-preview:large","max-video-preview":"max-video-preview:-1"},"canonical":"https:\/\/www.meydan.tv\/az\/article\/ilham-eliyev-niye-telesir\/","og_locale":"az_AZ","og_type":"article","og_title":"\u0130lham \u018fliyev niy\u0259 t\u0259l\u0259sir? - MEYDAN.TV","og_description":"foto Az\u0259rtac \u018fliyev sosial-iqtisadi inki\u015faf\u0131, institusional v\u0259 kadr d\u0259yi\u015fiklikl\u0259rini s\u00fcr\u0259tl\u0259ndirm\u0259yi ... Davam\u0131","og_url":"https:\/\/www.meydan.tv\/az\/article\/ilham-eliyev-niye-telesir\/","og_site_name":"MEYDAN.TV","article_published_time":"2018-04-19T00:17:26+00:00","og_image":[{"width":814,"height":669,"url":"https:\/\/www.meydan.tv\/wp-content\/uploads\/40603.jpg","type":"image\/jpeg"}],"author":"user-manager","twitter_card":"summary_large_image","schema":{"@context":"https:\/\/schema.org","@graph":[{"@type":"Article","@id":"https:\/\/www.meydan.tv\/az\/article\/ilham-eliyev-niye-telesir\/#article","isPartOf":{"@id":"https:\/\/www.meydan.tv\/az\/article\/ilham-eliyev-niye-telesir\/"},"author":{"name":"user-manager","@id":"https:\/\/www.meydan.tv\/az\/#\/schema\/person\/10d11eccf6da3662cf5fdab9806ea91a"},"headline":"\u0130lham \u018fliyev niy\u0259 t\u0259l\u0259sir?","datePublished":"2018-04-19T00:17:26+00:00","mainEntityOfPage":{"@id":"https:\/\/www.meydan.tv\/az\/article\/ilham-eliyev-niye-telesir\/"},"wordCount":659,"publisher":{"@id":"https:\/\/www.meydan.tv\/az\/#organization"},"image":{"@id":"https:\/\/www.meydan.tv\/az\/article\/ilham-eliyev-niye-telesir\/#primaryimage"},"thumbnailUrl":"https:\/\/www.meydan.tv\/wp-content\/uploads\/40603.jpg","articleSection":["Analitika"],"inLanguage":"az"},{"@type":"WebPage","@id":"https:\/\/www.meydan.tv\/az\/article\/ilham-eliyev-niye-telesir\/","url":"https:\/\/www.meydan.tv\/az\/article\/ilham-eliyev-niye-telesir\/","name":"\u0130lham \u018fliyev niy\u0259 t\u0259l\u0259sir? - MEYDAN.TV","isPartOf":{"@id":"https:\/\/www.meydan.tv\/az\/#website"},"primaryImageOfPage":{"@id":"https:\/\/www.meydan.tv\/az\/article\/ilham-eliyev-niye-telesir\/#primaryimage"},"image":{"@id":"https:\/\/www.meydan.tv\/az\/article\/ilham-eliyev-niye-telesir\/#primaryimage"},"thumbnailUrl":"https:\/\/www.meydan.tv\/wp-content\/uploads\/40603.jpg","datePublished":"2018-04-19T00:17:26+00:00","breadcrumb":{"@id":"https:\/\/www.meydan.tv\/az\/article\/ilham-eliyev-niye-telesir\/#breadcrumb"},"inLanguage":"az","potentialAction":[{"@type":"ReadAction","target":["https:\/\/www.meydan.tv\/az\/article\/ilham-eliyev-niye-telesir\/"]}]},{"@type":"ImageObject","inLanguage":"az","@id":"https:\/\/www.meydan.tv\/az\/article\/ilham-eliyev-niye-telesir\/#primaryimage","url":"https:\/\/www.meydan.tv\/wp-content\/uploads\/40603.jpg","contentUrl":"https:\/\/www.meydan.tv\/wp-content\/uploads\/40603.jpg","width":814,"height":669,"caption":"Source:"},{"@type":"BreadcrumbList","@id":"https:\/\/www.meydan.tv\/az\/article\/ilham-eliyev-niye-telesir\/#breadcrumb","itemListElement":[{"@type":"ListItem","position":1,"name":"Ana s\u0259hif\u0259","item":"https:\/\/www.meydan.tv\/az\/"},{"@type":"ListItem","position":2,"name":"Analitika","item":"https:\/\/www.meydan.tv\/az\/section\/analitika\/"},{"@type":"ListItem","position":3,"name":"\u0130lham \u018fliyev niy\u0259 t\u0259l\u0259sir?"}]},{"@type":"WebSite","@id":"https:\/\/www.meydan.tv\/az\/#website","url":"https:\/\/www.meydan.tv\/az\/","name":"MEYDAN.TV","description":"Meydan TV Az\u0259rbaycan\u0131n media m\u0259kan\u0131ndak\u0131 alternativ s\u0259sidir","publisher":{"@id":"https:\/\/www.meydan.tv\/az\/#organization"},"potentialAction":[{"@type":"SearchAction","target":{"@type":"EntryPoint","urlTemplate":"https:\/\/www.meydan.tv\/az\/?s={search_term_string}"},"query-input":{"@type":"PropertyValueSpecification","valueRequired":true,"valueName":"search_term_string"}}],"inLanguage":"az"},{"@type":"Organization","@id":"https:\/\/www.meydan.tv\/az\/#organization","name":"Meydan TV","url":"https:\/\/www.meydan.tv\/az\/","logo":{"@type":"ImageObject","inLanguage":"az","@id":"https:\/\/www.meydan.tv\/az\/#\/schema\/logo\/image\/","url":"https:\/\/www.meydan.tv\/wp-content\/uploads\/2021\/07\/meydan-logo.svg","contentUrl":"https:\/\/www.meydan.tv\/wp-content\/uploads\/2021\/07\/meydan-logo.svg","width":195,"height":46,"caption":"Meydan TV"},"image":{"@id":"https:\/\/www.meydan.tv\/az\/#\/schema\/logo\/image\/"}},{"@type":"Person","@id":"https:\/\/www.meydan.tv\/az\/#\/schema\/person\/10d11eccf6da3662cf5fdab9806ea91a","name":"user-manager"}]}},"_links":{"self":[{"href":"https:\/\/www.meydan.tv\/az\/wp-json\/wp\/v2\/posts\/189608","targetHints":{"allow":["GET"]}}],"collection":[{"href":"https:\/\/www.meydan.tv\/az\/wp-json\/wp\/v2\/posts"}],"about":[{"href":"https:\/\/www.meydan.tv\/az\/wp-json\/wp\/v2\/types\/post"}],"author":[{"embeddable":true,"href":"https:\/\/www.meydan.tv\/az\/wp-json\/wp\/v2\/users\/11"}],"replies":[{"embeddable":true,"href":"https:\/\/www.meydan.tv\/az\/wp-json\/wp\/v2\/comments?post=189608"}],"version-history":[{"count":0,"href":"https:\/\/www.meydan.tv\/az\/wp-json\/wp\/v2\/posts\/189608\/revisions"}],"wp:featuredmedia":[{"embeddable":true,"href":"https:\/\/www.meydan.tv\/az\/wp-json\/wp\/v2\/media\/102468"}],"wp:attachment":[{"href":"https:\/\/www.meydan.tv\/az\/wp-json\/wp\/v2\/media?parent=189608"}],"wp:term":[{"taxonomy":"category","embeddable":true,"href":"https:\/\/www.meydan.tv\/az\/wp-json\/wp\/v2\/categories?post=189608"},{"taxonomy":"post_tag","embeddable":true,"href":"https:\/\/www.meydan.tv\/az\/wp-json\/wp\/v2\/tags?post=189608"}],"curies":[{"name":"wp","href":"https:\/\/api.w.org\/{rel}","templated":true}]}}