{"id":189550,"date":"2018-04-14T17:15:52","date_gmt":"2018-04-14T17:15:52","guid":{"rendered":"https:\/\/www.meydan.tv\/article\/kinq-menim-arzum-var\/"},"modified":"2018-04-14T17:15:52","modified_gmt":"2018-04-14T17:15:52","slug":"kinq-menim-arzum-var","status":"publish","type":"post","link":"https:\/\/www.meydan.tv\/az\/article\/kinq-menim-arzum-var\/","title":{"rendered":"Kinq: m\u0259nim arzum var"},"content":{"rendered":"<figure class=\"wp-block-image size-large\">\n  <img decoding=\"async\" src=\"https:\/\/www.meydan.tv\/az\/martin-luter-kinq\/\" alt=\"Martin L\u00fcter Kinq\" class=\"wp-image-102246\"\/><figcaption>\n    Martin L\u00fcter Kinq<br \/>\n  <\/figcaption><\/figure>\n<p>\n  Martin L\u00fcter Kinqin apard\u0131\u011f\u0131 m\u00fcbariz\u0259d\u0259 \u201cVa\u015finqtona mar\u015f\u201d aksiyas\u0131 x\u00fcsusi yer tutur. 1963-c\u00fc il avqustun 28-d\u0259 siyasi v\u0259 iqtisadi azadl\u0131qlar t\u0259l\u0259bi il\u0259 ba\u015f tutan aksiyada 250 mind\u0259n art\u0131q insan\u0131n i\u015ftirak etdiyi t\u0259xmin edilir. M\u0259hz bu aksiyada Kinq \u00f6z\u00fcn\u00fcn m\u0259\u015fhur \u201cM\u0259nim arzum var\u201d nitqini s\u00f6yl\u0259yir.\n<\/p>\n<p>\n  \u201cSizd\u0259n n\u0259 gizl\u0259dim, m\u0259hrumiyy\u0259t v\u0259 \u00e7\u0259tinlikl\u0259r\u0259 baxmayaraq, h\u0259l\u0259 d\u0259 m\u0259nim bir arzum var. Bu arzu \u00f6z k\u00f6k\u00fc il\u0259 amerikan arzusuna uzan\u0131r. M\u0259nim arzum var ki, \u00f6lk\u0259miz \u00f6z ideyas\u0131n\u0131n \u0259sl qay\u0259sini anlay\u0131b onun t\u0259zah\u00fcr\u00fcn\u0259 \u00e7evril\u0259c\u0259k. Biz q\u0259ti \u0259minik ki, \u00fcmumi b\u0259rab\u0259rlik ideyas\u0131 he\u00e7 bir s\u00fcbut t\u0259l\u0259b etmir. Bir arzum var ki, Corciyan\u0131n q\u0131zmar t\u0259p\u0259l\u0259rind\u0259 ke\u00e7mi\u015f qul balalar\u0131 il\u0259 quldar balalar\u0131 qarda\u015fl\u0131q s\u00fcfr\u0259sini b\u00f6l\u00fc\u015fs\u00fcnl\u0259r! Arzum budur ki, h\u0259tta Missisipi \u015ftat\u0131, bu g\u00fcn yand\u0131r\u0131c\u0131 \u0259dal\u0259tsizliyin v\u0259 istismar\u0131n h\u00f6km s\u00fcrd\u00fcy\u00fc \u015ftat, g\u00fcnl\u0259rin bir g\u00fcn\u00fc azadl\u0131q v\u0259 \u0259dal\u0259t vah\u0259sin\u0259 \u00e7evrilsin!\n<\/p>\n<p>\n  Arzum budur ki, m\u0259nim d\u00f6rd u\u015fa\u011f\u0131m g\u00fcnl\u0259rin bir g\u00fcn\u00fc el\u0259 bir \u00f6lk\u0259d\u0259 ya\u015fas\u0131nlar ki, orada insanlar haqq\u0131nda d\u0259risinin r\u0259ngin\u0259 g\u00f6r\u0259 yox, m\u0259n\u0259vi keyfiyy\u0259tl\u0259rin\u0259 g\u00f6r\u0259 fikir y\u00fcr\u00fcts\u00fcnl\u0259r! Bu g\u00fcn arzum var&#8230; Bir arzum var ki, bir g\u00fcn orada, qubernatoru \u015ftat\u0131n daxili i\u015fl\u0259rin\u0259 qar\u0131\u015fmamaq, konqressin qanunlar\u0131n\u0131 tan\u0131mamaq haqq\u0131nda gen-bol dan\u0131\u015fan, qat\u0131 irq\u00e7il\u0259rin \u015ftat\u0131 olan Alabamada a\u011fd\u0259rili, qarad\u0259rili o\u011flan v\u0259 q\u0131zlar bac\u0131-qarda\u015f kimi \u0259l-\u0259l\u0259 versinl\u0259r. Bu g\u00fcn bel\u0259 bir arzum var!&#8230;\u201d\n<\/p>\n<p>\n  Va\u015finqtona mar\u015f Amerika tarixind\u0259 \u0259n k\u00fctl\u0259vi siyasi aksiyalardan biri say\u0131l\u0131r. \u201cM\u0259nim arzum var\u201d nitqi is\u0259 b\u00fct\u00fcn d\u00fcnyada natiqliq incisi hesab edilir. M\u0259hz bu aksiya v\u0259 nitq say\u0259sind\u0259 \u201cTime\u201d jurnal\u0131 Martin L\u00fcter Kinqi 1963-c\u00fc il \u00fczr\u0259 \u201c\u0130lin adam\u0131\u201d elan etdi.\n<\/p>\n<p>\n  Ehtimal olunur ki, qarad\u0259rili \u0259halinin h\u00fcquq b\u0259rab\u0259rliyin\u0259 t\u0259r\u0259fdar olan prezident Kennedinin administrasiyas\u0131 da mar\u015f\u0131n u\u011furlu al\u0131nmas\u0131na gizlind\u0259 yard\u0131m etmi\u015fdi. \u00c7\u00fcnki h\u0259l\u0259 iyun ay\u0131nda \u201cV\u0259t\u0259nda\u015f azadl\u0131qlar\u0131 haqq\u0131nda\u201d qanun layih\u0259si konqres\u0259 g\u00f6nd\u0259rilmi\u015fdi. Aksiyan\u0131n u\u011furlu olmas\u0131 ictimai r\u0259yi layih\u0259nin xeyrin\u0259 y\u00f6n\u0259ld\u0259r, inteqrasiya \u0259leyhdar\u0131 olan siyas\u0259t\u00e7il\u0259rin m\u00fcqavim\u0259tini q\u0131rard\u0131. Mar\u015fdan 3 ay sonra Kennedi \u00f6ld\u00fcr\u00fcld\u00fc, lakin bu cinay\u0259t proses\u0259 \u00f6z m\u0259ntiqi sonlu\u011funa \u00e7atma\u011fa mane olmad\u0131.\n<\/p>\n<p>\n  1964-c\u00fc ilin yanvar ay\u0131nda AB\u015e Konstitusiyas\u0131na 24-c\u00fc d\u0259yi\u015fiklik q\u0259bul edildi. Bu d\u0259yi\u015fikliy\u0259 \u0259sas\u0259n, v\u0259t\u0259nda\u015flar\u0131n vergi borcuna g\u00f6r\u0259 onlar\u0131n se\u00e7ki h\u00fcququ m\u0259hdudla\u015fd\u0131r\u0131la bilm\u0259zdi. Bel\u0259 ki, 11 c\u0259nub \u015ftat\u0131nda se\u00e7ki vergisi deyil\u0259n x\u00fcsusi vergi m\u00f6vcud idi. Onu \u00f6d\u0259m\u0259d\u0259n se\u00e7kid\u0259 i\u015ftirak etm\u0259k olmazd\u0131. \u018fmlak senzi tipli bu m\u0259hdudiyy\u0259t daha \u00e7ox afroamerikal\u0131lar\u0131n m\u0259nafeyin\u0259 toxunurdu.\n<\/p>\n<p>\n  Yayda is\u0259 \u201cV\u0259t\u0259nda\u015f azadl\u0131qlar\u0131 haqq\u0131nda\u201d Qanun q\u0259bul edildi v\u0259 prezident t\u0259r\u0259find\u0259n imzaland\u0131. Qanuna g\u00f6r\u0259, t\u0259hsild\u0259, \u0259m\u0259k m\u0259\u015f\u011fuliyy\u0259tind\u0259, ictimai yerl\u0259rd\u0259 v\u0259 ya h\u0259r hans\u0131 bir sah\u0259d\u0259 seqreqasiya, diskriminasiya, b\u0259rab\u0259rsizlik federal qanunla qada\u011fan edilirdi. Art\u0131q \u015ftatlar bu sah\u0259d\u0259 muxtar qanunvericilikl\u0259 \u00e7\u0131x\u0131\u015f ed\u0259 bilm\u0259y\u0259c\u0259kdil\u0259r.\n<\/p>\n<p>\n  Konstitusiyaya 24-c\u00fc d\u0259yi\u015fiklik v\u0259 azadl\u0131qlar haqq\u0131nda qanunun q\u0259bulu v\u0259t\u0259nda\u015f h\u00fcquqlar\u0131 u\u011frunda h\u0259r\u0259kat\u0131n v\u0259 \u015f\u0259xs\u0259n Martin L\u00fcter Kinqin b\u00f6y\u00fck u\u011furu idi. Buna g\u00f6r\u0259 d\u0259 onun 1964-c\u00fc ild\u0259 Nobel s\u00fclh m\u00fckafat\u0131na layiq g\u00f6r\u00fclm\u0259si t\u0259sad\u00fcf\u00fc deyildi. 35 ya\u015fl\u0131 Kinq o d\u00f6vrd\u0259 bu m\u00fckafata layiq g\u00f6r\u00fcl\u0259n \u0259n g\u0259nc laureat idi. Nobel Komit\u0259sinin n\u00fcmay\u0259nd\u0259si Yan Gunnar yeni laureat\u0131 bel\u0259 t\u0259qdim etdi: \u201cMartin L\u00fcter Kinq beyn\u0259lxalq i\u015fl\u0259rl\u0259 m\u0259\u015f\u011ful olmasa da, onun m\u00fcbariz\u0259si b\u00fct\u00fcn d\u00fcnyaya xidm\u0259t edir&#8230; O, Q\u0259rbd\u0259 ilk insand\u0131r ki, m\u00fcbariz\u0259nin m\u00fctl\u0259q zorak\u0131l\u0131q olmad\u0131\u011f\u0131n\u0131 s\u00fcbut etdi\u201d.\n<\/p>\n<p>\n  Konstitusiyaya 24-c\u00fc d\u0259yi\u015fiklik s\u0259s h\u00fcququna g\u00f6r\u0259 vergi al\u0131nmas\u0131n\u0131 qada\u011fan ets\u0259 d\u0259, c\u0259nub \u015ftatlar\u0131nda qarad\u0259rili \u0259halinin se\u00e7ki h\u00fcququnu m\u0259hdudla\u015fd\u0131ran ba\u015fqa ciddi mane\u0259l\u0259r vard\u0131. Bu \u015ftatlarda se\u00e7ki h\u00fcququnu qazanmaq \u00fc\u00e7\u00fcn afroamerikal\u0131lar yaz\u0131b-oxumaq bacar\u0131\u011f\u0131n\u0131, ingilis dilini v\u0259 Konstitusiyan\u0131 bilm\u0259k s\u0259viyy\u0259sini m\u00fc\u0259yy\u0259n ed\u0259n s\u0131naqlardan ke\u00e7m\u0259li idil\u0259r.\n<\/p>\n<p>\n  Kinq v\u0259 r\u0259hb\u0259rlik etdiyi \u201cC\u0259nub xristianlar\u0131n\u0131n r\u0259hb\u0259rliyi konfrans\u0131\u201d (SCLC) t\u0259\u015fkilat\u0131 bu problemi diqq\u0259t m\u0259rk\u0259zin\u0259 g\u0259tirm\u0259k \u00fc\u00e7\u00fcn yen\u0259 Alabama \u015ftat\u0131n\u0131 se\u00e7di. O, Selma \u015f\u0259h\u0259rind\u0259n \u015ftat\u0131n paytaxt\u0131 Montqomeriy\u0259 y\u00fcr\u00fc\u015f ke\u00e7irm\u0259k q\u0259rar\u0131na g\u0259ldi. Lakin qubernator Corc Uolles bel\u0259 y\u00fcr\u00fc\u015f\u00fcn \u015fosed\u0259 n\u0259qliyyat\u0131n h\u0259r\u0259k\u0259tin\u0259 mane olaca\u011f\u0131 b\u0259han\u0259si il\u0259 aksiyan\u0131 qada\u011fan etdi.\n<\/p>\n<p>\n  Qada\u011faya r\u0259\u011fm\u0259n SCLC mart\u0131n 7-d\u0259 y\u00fcr\u00fc\u015f\u00fc ke\u00e7irm\u0259y\u0259 c\u0259hd g\u00f6st\u0259rdi. 525 n\u0259f\u0259rd\u0259n ibar\u0259t y\u00fcr\u00fc\u015f\u00e7\u00fcl\u0259r Selma \u015f\u0259h\u0259rind\u0259n \u00e7\u0131xark\u0259n Edmund Pettus k\u00f6rp\u00fcs\u00fc \u00fcz\u0259rind\u0259 polisin h\u00fccumuna m\u0259ruz qald\u0131. M\u00fcdaxil\u0259 o q\u0259d\u0259r amans\u0131z oldu ki, h\u0259min g\u00fcn AB\u015e-da \u201cQanl\u0131 bazar g\u00fcn\u00fc\u201d ad\u0131n\u0131 ald\u0131. Polis z\u0259rb\u0259l\u0259rind\u0259n hu\u015fsuz v\u0259ziyy\u0259t\u0259 d\u00fc\u015fm\u00fc\u015f v\u0259 qana boyanm\u0131\u015f dinc n\u00fcmayi\u015f\u00e7il\u0259rin g\u00f6r\u00fcnt\u00fcl\u0259ri Amerika ictimaiyy\u0259tini sars\u0131td\u0131.<br \/>\n  <br \/>\n  Telekameralar qar\u015f\u0131s\u0131nda m\u00fcsahib\u0259 ver\u0259n Martin L\u00fcter Kinq \u00f6lk\u0259nin b\u00fct\u00fcn vicdanl\u0131 adamlar\u0131n\u0131 bigan\u0259 qalmama\u011fa,\n<\/p>\n<p>\n  Selmaya g\u0259l\u0259r\u0259k 2 g\u00fcn sonra ke\u00e7iril\u0259c\u0259k n\u00f6vb\u0259ti y\u00fcr\u00fc\u015f\u0259 d\u0259st\u0259k verm\u0259y\u0259 \u00e7a\u011f\u0131rd\u0131. Bu \u00e7a\u011f\u0131r\u0131\u015fa cavab olaraq aralar\u0131nda a\u011flar da olan xeyli insan Alabamaya g\u0259ldi.\n<\/p>\n<p>\n  Mart\u0131n 9-da Kinq \u00f6z\u00fcn\u00fcn \u015f\u0259xs\u0259n i\u015ftirak etdiyi y\u00fcr\u00fc\u015f\u00fc Selma k\u0259nar\u0131ndak\u0131 k\u00f6rp\u00fcy\u0259 q\u0259d\u0259r apard\u0131, burada q\u0131sa nitqd\u0259n sonra da\u011f\u0131l\u0131\u015fmalar\u0131n\u0131 s\u00f6yl\u0259di. Onun bu add\u0131m\u0131 bir \u00e7oxu t\u0259r\u0259find\u0259n isti qar\u015f\u0131lanmad\u0131. Lakin m\u0259s\u0259l\u0259 onda idi ki, \u015ftat r\u0259hb\u0259rliyinin mar\u015fa t\u0259tbiq etdikl\u0259ri qada\u011fa m\u0259hk\u0259m\u0259 bax\u0131\u015f\u0131na g\u00f6t\u00fcr\u00fclm\u00fc\u015fd\u00fc, Kinq h\u00f6km\u00fc g\u00f6zl\u0259m\u0259k niyy\u0259tind\u0259 idi.\n<\/p>\n<p>\n  \u0130kinci mar\u015fdan sonra irq\u00e7il\u0259r n\u00fcmayi\u015f\u00e7il\u0259r\u0259 d\u0259st\u0259k verm\u0259k \u00fc\u00e7\u00fcn Selmaya g\u0259lmi\u015f 3 a\u011fd\u0259rili ke\u015fi\u015fi v\u0259h\u015fic\u0259sin\u0259 d\u00f6yd\u00fcl\u0259r. Onlardan biri, Bostondan g\u0259lmi\u015f 38 ya\u015fl\u0131 Ceyms Rib 2 g\u00fcn sonra d\u00fcnyas\u0131n\u0131 d\u0259yi\u015fdi. Qanl\u0131 bazar g\u00fcn\u00fc il\u0259 yana\u015f\u0131 Ribin \u00f6l\u00fcm\u00fc AB\u015e-da geni\u015f rezonans do\u011furdu. \u00d6lk\u0259nin m\u00fcxt\u0259lif yerl\u0259rind\u0259 Kinq v\u0259 t\u0259r\u0259fdarlar\u0131 il\u0259 h\u0259mr\u0259ylik aksiyalar\u0131 ke\u00e7irildi, m\u0259rk\u0259zi h\u00f6kum\u0259td\u0259n Alabamadak\u0131 hadis\u0259l\u0259r\u0259 t\u0259cili m\u00fcdaxil\u0259 t\u0259l\u0259b edildi.\n<\/p>\n<p>\n  Mart\u0131n 15-d\u0259 prezident Lindon Conson konqresin h\u0259r iki palatas\u0131n\u0131n birg\u0259 iclas\u0131n\u0131 ke\u00e7irdi. Milli telekanallar vasit\u0259sil\u0259 yay\u0131mlanan bu toplant\u0131da Conson deputatlardan yeni se\u00e7ki qanununun t\u0259cili haz\u0131rlanmas\u0131n\u0131n v\u0259 q\u0259bulunu xahi\u015f etdi. H\u0259min g\u00fcnl\u0259rd\u0259 m\u0259hk\u0259m\u0259 d\u0259 mar\u015fa qoyulan qada\u011fan\u0131 qanunsuz elan etdi.\n<\/p>\n<p>\n  Mart\u0131n 21-d\u0259 ba\u015flayan \u00fc\u00e7\u00fcnc\u00fc mar\u015f\u0131 t\u0259hl\u00fck\u0259sizlik m\u0259qs\u0259dil\u0259 Alabama \u015ftat\u0131n\u0131n 1900 milli qvardiya\u00e7\u0131s\u0131, \u00e7oxlu FTB agenti v\u0259 federal mar\u015fallar m\u00fc\u015faiy\u0259t edirdil\u0259r. Selmadan Montqomeriy\u0259 q\u0259d\u0259r 80 kilometrlik m\u0259saf\u0259ni y\u00fcr\u00fc\u015f\u00e7\u00fcl\u0259r 5 g\u00fcn\u0259 q\u0259t etdil\u0259r. Aksiya mart\u0131n 25-d\u0259 Montqomeri \u015f\u0259h\u0259rind\u0259ki Kapitoli binas\u0131n\u0131n \u00f6n\u00fcnd\u0259 ba\u015fa \u00e7atd\u0131.\n<\/p>\n<p>\n  G\u00f6r\u00fcl\u0259n t\u0259dbirl\u0259r\u0259 baxmayaraq, mar\u015f itkisiz \u00f6t\u00fc\u015fm\u0259di. Afroamerikal\u0131lara d\u0259st\u0259k ver\u0259n a\u011fd\u0259rili Viola Liuzzo adl\u0131 qad\u0131n \u00f6z avtomobili il\u0259 n\u00fcmayi\u015f\u00e7il\u0259ri geriy\u0259, Selmaya da\u015f\u0131yark\u0259n irq\u00e7il\u0259r t\u0259r\u0259find\u0259n g\u00fcll\u0259 il\u0259 vurularaq \u00f6ld\u00fcr\u00fcld\u00fc. Lakin n\u0259 Rib, n\u0259 Liuzza, n\u0259 d\u0259 dig\u0259rl\u0259rinin verdiyi qurbanlar h\u0259d\u0259r olmad\u0131.\n<\/p>\n<p>\n  Montqomeri mar\u015f\u0131ndan 5 ay sonra, avqustun 6-da prezident Conson Kinqin d\u0259 i\u015ftirak\u0131 il\u0259 t\u0259nt\u0259n\u0259li sur\u0259td\u0259 \u201cSe\u00e7ki h\u00fcquqlar\u0131 haqq\u0131nda\u201d Qanunu imzalad\u0131. Qanun se\u00e7ki h\u00fcquqlar\u0131 sah\u0259sind\u0259 \u015ftatlar\u0131n muxtariyy\u0259tini minimuma endirdi. Bundan sonra yaz\u0131b-oxumaq bacar\u0131\u011f\u0131, ingilis dilini v\u0259 Konstitusiyan\u0131 bilm\u0259m\u0259y\u0259 g\u00f6r\u0259 se\u00e7ki h\u00fcququnun m\u0259hdudla\u015fd\u0131r\u0131lmas\u0131 federal s\u0259viyy\u0259d\u0259 qada\u011fan edilirdi. Bununla da AB\u015e-\u0131n milyonlarla qarad\u0259rili v\u0259t\u0259nda\u015f\u0131 art\u0131q kims\u0259 t\u0259r\u0259find\u0259n m\u0259hdudla\u015fd\u0131r\u0131lmayacaq se\u00e7ki h\u00fcququ qazand\u0131.\n<\/p>\n<p>\n  Yeni se\u00e7ki qanunu il\u0259 Martin L\u00fcter Kinq v\u0259 SCLC t\u0259\u015fkilat\u0131 \u00f6z h\u0259d\u0259fl\u0259rin\u0259 b\u00f6y\u00fck \u00f6l\u00e7\u00fcd\u0259 \u00e7atd\u0131lar. Art\u0131q b\u00fct\u00fcn AB\u015e \u0259razisind\u0259 irqi ayr\u0131-se\u00e7kilik r\u0259sm\u0259n qada\u011fan olunmu\u015f, qarad\u0259rili \u0259halinin siyasi h\u00fcquqlar\u0131 tam tan\u0131nm\u0131\u015fd\u0131. H\u0259yat\u0131n\u0131n son 3 ili \u0259rzind\u0259 Martin L\u00fcter Kinq ayr\u0131-ayr\u0131 diskriminasiya hallar\u0131na qar\u015f\u0131, \u0259m\u0259k h\u00fcquqlar\u0131 u\u011frunda, yoxsulluqla m\u00fcbariz\u0259y\u0259 diqq\u0259t ay\u0131r\u0131r.\n<\/p>\n<p>\n  AB\u015e-\u0131n 1965-ci ild\u0259 Vyetnama qar\u015f\u0131 ba\u015flad\u0131\u011f\u0131 m\u00fcdaxil\u0259 d\u0259 Kinqin diqq\u0259t m\u0259rk\u0259zind\u0259 olan hadis\u0259l\u0259rd\u0259n idi. M\u00fcharib\u0259y\u0259 m\u0259nfi m\u00fcnasib\u0259t b\u0259sl\u0259y\u0259n Kinq ona \u00e7\u0259kil\u0259n x\u0259rcl\u0259ri yoxsulluqla m\u00fcbariz\u0259y\u0259 ay\u0131rma\u011f\u0131 daha do\u011fru say\u0131rd\u0131. Bu pasifist m\u00f6vqe Martin L\u00fcterin AB\u015e siyasi dair\u0259l\u0259ri, \u015f\u0259sx\u0259n prezident Consonla, el\u0259c\u0259 d\u0259 bir s\u0131ra m\u0259tbuat orqanlar\u0131 il\u0259 m\u00fcnasib\u0259tl\u0259rini korlad\u0131.\n<\/p>\n<p>\n  1968-ci ilin fevral\u0131nda Memfis \u015f\u0259h\u0259rinin (Tennessi \u015ftat\u0131) qarad\u0259rili zibilda\u015f\u0131yanlar\u0131 t\u0259til\u0259 ba\u015flad\u0131lar. Onlar i\u015f yerl\u0259rind\u0259ki diskriminasiya hallar\u0131na \u2013 a\u011flara nisb\u0259t\u0259n az maa\u015f almalar\u0131na, daha az sosial h\u00fcquqlara malik olmalar\u0131na v\u0259 s. \u2013 qar\u015f\u0131 etiraz edirdil\u0259r. Mart ay\u0131nda Martin L\u00fcter Kinq Memfis\u0259 g\u0259l\u0259r\u0259k t\u0259til\u00e7il\u0259rl\u0259 h\u0259mr\u0259y oldu\u011funu n\u00fcmayi\u015f etdirdi.\n<\/p>\n<p>\n  Aprel ay\u0131n\u0131n 3-d\u0259 Kinq yenid\u0259n Memfis\u0259 qay\u0131d\u0131r. H\u0259min g\u00fcn o, son nitqi il\u0259 \u00e7\u0131x\u0131\u015f edir. \u201cM\u0259n da\u011f\u0131n zirv\u0259sind\u0259 oldum\u201d adlanan bu nitqd\u0259 Kinq h\u0259mi\u015f\u0259 oldu\u011fu kimi dini frazeologiyadan xeyli istifad\u0259 edir.\n<\/p>\n<p>\n  \u201cH\u0259r k\u0259s kimi m\u0259n d\u0259 uzun \u00f6m\u00fcr ya\u015famaq ist\u0259rdim&#8230; Lakin indi bu haqda d\u00fc\u015f\u00fcnm\u00fcr\u0259m. Tanr\u0131n\u0131n irad\u0259sini yerin\u0259 yetirm\u0259k ist\u0259yir\u0259m. O, m\u0259n\u0259 da\u011fa qalxma\u011fa icaz\u0259 verdi. M\u0259n \u0259trafa baxd\u0131m. V\u0259d olunmu\u015f torpaqlar\u0131 g\u00f6rd\u00fcm. \u00c7ox ehtimal ki, m\u0259n sizinl\u0259 birlikd\u0259 oralara \u00e7atmay\u0131m. Lakin biz xalq olaraq v\u0259d olunmu\u015f torpaqlara yeti\u015f\u0259c\u0259yik. M\u0259n bu g\u00fcn \u00e7ox xo\u015fb\u0259xt\u0259m! M\u0259n he\u00e7 n\u0259d\u0259n narahat deyil\u0259m! M\u0259n he\u00e7 kimd\u0259n qorxmuram! M\u0259nim g\u00f6zl\u0259rim Tanr\u0131n\u0131n \u0259z\u0259m\u0259tini g\u00f6rd\u00fc\u201d.\n<\/p>\n<p>\n  Ert\u0259si g\u00fcn, 1968-ci il aprelin 4-d\u0259, saat 18.01-d\u0259 Martin L\u00fcter Kinq qald\u0131\u011f\u0131 \u201cLoreyn\u201d otelinin ikinci m\u0259rt\u0259b\u0259sind\u0259ki balkonda ik\u0259n qar\u015f\u0131 t\u0259r\u0259fd\u0259n a\u00e7\u0131lan at\u0259\u015fl\u0259 \u00f6l\u00fcmc\u00fcl yaraland\u0131. 1 saat sonra onun \u00f6l\u00fcm\u00fc r\u0259sm\u0259n elan edildi. Kinqin q\u0259tlind\u0259 \u015f\u00fcbh\u0259li bilin\u0259n, h\u0259bsxanadan qa\u00e7m\u0131\u015f dustaq olan Ceyms Erl Rey iki ay sonra h\u0259bs olundu v\u0259 m\u0259hk\u0259m\u0259nin h\u00f6km\u00fc il\u0259 99 illik h\u0259bs\u0259 m\u0259hkum edildi (1998-ci ild\u0259 v\u0259fat etdi). Lakin bir \u00e7oxu, o c\u00fcml\u0259d\u0259n Kinqin ail\u0259si qatilin Rey oldu\u011funa h\u0259mi\u015f\u0259 \u015f\u00fcbh\u0259 il\u0259 yana\u015fd\u0131lar.\n<\/p>\n<p>\n  Kinqin \u00f6l\u00fcm x\u0259b\u0259ri \u00f6lk\u0259d\u0259 i\u011fti\u015fa\u015flara s\u0259b\u0259b oldu. Va\u015finqton v\u0259 Baltimordak\u0131 i\u011fti\u015fa\u015flar x\u00fcsus\u0259n da\u011f\u0131d\u0131c\u0131 oldu. Paytaxtda 12 n\u0259f\u0259r h\u0259lak oldu, 6 mind\u0259n art\u0131q \u015f\u0259xs h\u0259bs edildi, Baltimorda is\u0259 bu r\u0259q\u0259m m\u00fcvafiq olaraq 6 v\u0259 4500 idi. Xeyli obyektl\u0259r yand\u0131r\u0131ld\u0131, ictimai v\u0259 \u015f\u0259xsi m\u00fclkiyy\u0259t\u0259 milyonlarla dollar z\u0259r\u0259r vuruldu. Va\u015finqtonda k\u00fctl\u0259nin A\u011f ev\u0259 h\u00fccumunun qar\u015f\u0131s\u0131n\u0131 almaq \u00fc\u00e7\u00fcn h\u0259tta pulemyotlar g\u0259tiril\u0131mi\u015fdi. Lakin xo\u015fb\u0259xtlikd\u0259n bu q\u0259d\u0259r k\u0259skin t\u0259dbir\u0259 ehtiyac olmad\u0131.\n<\/p>\n<p>\n  Kinqin Atlanta \u015f\u0259h\u0259rind\u0259 ke\u00e7iril\u0259n d\u0259fn m\u0259rasimind\u0259 300 min\u0259 q\u0259d\u0259r insan i\u015ftirak etdi. H\u00f6kum\u0259ti vitse-prezident Hubert Hamfri t\u0259msil edirdi.\n<\/p>\n<p>\n  Martin L\u00fcter Kinq c\u0259mi 39 il ya\u015fad\u0131 v\u0259 onun 13 ilini m\u00fcbariz\u0259y\u0259 h\u0259sr etdi. Bu q\u0131sa m\u00fcdd\u0259t t\u0259kc\u0259 AB\u015e deyil, d\u00fcnya tarixind\u0259 \u00f6n\u0259mli yer tutmas\u0131 \u00fc\u00e7\u00fcn kifay\u0259t etdi. O, he\u00e7 bir d\u00f6vl\u0259t v\u0259zif\u0259si da\u015f\u0131mad\u0131. Lakin \u00f6lk\u0259sind\u0259 ged\u0259n prosesl\u0259r\u0259 h\u0259tta \u00f6l\u00fcm\u00fcnd\u0259n sonra g\u00f6st\u0259rdiyi t\u0259sir\u0259 g\u00f6r\u0259 prezidentl\u0259rin \u0259ks\u0259riyy\u0259tini qabaqlay\u0131r.\n<\/p>\n<p>\n  Martin L\u00fcter Kinq malik oldu\u011fu arzular\u0131n ham\u0131s\u0131n\u0131n h\u0259yata ke\u00e7m\u0259sini g\u00f6rm\u0259di. Lakin \u00f6z \u00f6lk\u0259sinin tan\u0131nmaz d\u0259r\u0259c\u0259d\u0259 d\u0259yi\u015fm\u0259sin\u0259 r\u0259vac verdi. Onun \u00f6l\u00fcm\u00fcnd\u0259n c\u0259mi 15 il sonra, 1983-c\u00fc ild\u0259 AB\u015e Konqresinin h\u0259r iki palatas\u0131 \u201cMartin L\u00fcter Kinq g\u00fcn\u00fc\u201d adl\u0131 milli bayram\u0131n t\u0259sis olunmas\u0131 haqq\u0131nda qanun layih\u0259sini q\u0259bul etdi. Yeni qanuna g\u00f6r\u0259, bayram yanvar ay\u0131n\u0131n \u00fc\u00e7\u00fcnc\u00fc bazar ert\u0259si qeyd olunacaq v\u0259 qeyri-i\u015f g\u00fcn\u00fc say\u0131lacaqd\u0131.\n<\/p>\n<p>\n  H\u0259bsd\u0259 ke\u00e7irdiyi g\u00fcnl\u0259rin birind\u0259 Kinq \u201cBiz niy\u0259 g\u00f6zl\u0259y\u0259 bilmirik?\u201d m\u0259qal\u0259sini yaz\u0131r. Yaz\u0131 onu v\u0259 t\u0259\u015fkilat\u0131n\u0131 izafi t\u0259l\u0259sk\u0259nlikd\u0259 q\u0131nayan insanlara cavab idi. Kinq yaz\u0131rd\u0131: \u201c\u018fg\u0259r indic\u0259 televizorda reklam edilmi\u015f \u0259yl\u0259nc\u0259l\u0259r park\u0131na niy\u0259 ged\u0259 bilm\u0259diyinizi 6 ya\u015fl\u0131 q\u0131z\u0131n\u0131za izah ed\u0259rk\u0259n diliniz dola\u015f\u0131rsa, nitqiniz k\u0259silirs\u0259; o yerin r\u0259ngli u\u015faqlar \u00fc\u00e7\u00fcn ba\u011fl\u0131 oldu\u011funu s\u00f6yl\u0259y\u0259rk\u0259n onun g\u00f6zl\u0259rinin doldu\u011funu g\u00f6r\u00fcrs\u00fcn\u00fczs\u0259, \u0259g\u0259r sizin arvad\u0131n\u0131za v\u0259 anan\u0131za he\u00e7 zaman h\u00f6rm\u0259tl\u0259 \u201cmissis\u201d dey\u0259 m\u00fcraci\u0259t etmirl\u0259rs\u0259, z\u0259nci oldu\u011funuza g\u00f6r\u0259 n\u00f6vb\u0259ti anda n\u0259 ba\u015f ver\u0259c\u0259yini bilm\u0259d\u0259n gec\u0259 v\u0259 g\u00fcnd\u00fcz say\u0131ql\u0131\u011f\u0131n\u0131z\u0131 qorumaqdan yorulmusunuzsa&#8230; o zaman g\u00f6zl\u0259m\u0259yin bizim \u00fc\u00e7\u00fcn niy\u0259 bu q\u0259d\u0259r \u00e7\u0259tin oldu\u011funu anlars\u0131n\u0131z\u201d.\n<\/p>\n<p>\n  Bu g\u00fcn AB\u015e-da irqi ayr\u0131-se\u00e7kilik r\u0259sm\u0259n qada\u011fan olunsa da, d\u00fc\u015f\u00fcnc\u0259l\u0259rd\u0259n tam qalxd\u0131\u011f\u0131n\u0131 s\u00f6yl\u0259y\u0259 bilm\u0259rik. Bununla bel\u0259, son 50 ild\u0259 ba\u015f ver\u0259n d\u0259yi\u015fiklikl\u0259r s\u00fcr\u0259t v\u0259 keyfiyy\u0259t bax\u0131m\u0131ndan inan\u0131lmazd\u0131r. Kinqin \u00f6l\u00fcm\u00fcnd\u0259n c\u0259mi 40 il sonra, 2008-ci ild\u0259 AB\u015e \u00f6z\u00fcn\u00fcn ilk qarad\u0259rili prezidentini se\u00e7di. \u00d6lk\u0259d\u0259 afroamerikal\u0131lar\u0131n say\u0131n\u0131n 15%-d\u0259n \u00e7ox olmad\u0131\u011f\u0131n\u0131 n\u0259z\u0259r\u0259 alsaq, Barak Obaman\u0131n se\u00e7icil\u0259rinin b\u00f6y\u00fck \u0259ks\u0259riyy\u0259ti a\u011fd\u0259rilil\u0259r idi.\n<\/p>\n<p>\n  Amerika Birl\u0259\u015fmi\u015f \u015etatlar\u0131n\u0131n 40-c\u0131 prezidenti Ronald Reyqan Kinqin xatir\u0259sin\u0259 h\u0259sr olunmu\u015f t\u0259dbird\u0259 \u00e7\u0131x\u0131\u015f ed\u0259rk\u0259n deyirdi: \u201cAvraam Linkoln qaralar\u0131 azad etdi. Doktor Kinq is\u0259 b\u00f6y\u00fck \u00f6l\u00e7\u00fcd\u0259 a\u011flar\u0131 azad etdi\u201d. Do\u011frudan da ,Martin L\u00fcter Kinq \u00f6z\u00fcn\u00fcn qeyri-zorak\u0131 m\u00fcbariz\u0259si v\u0259 m\u00fcst\u0259sna natiqliyi il\u0259 Amerikan\u0131 seqreqasiya, nifr\u0259t, b\u0259rab\u0259rsizlik kimi yaralardan xilas etdi, \u0130stiqlal B\u0259yannam\u0259si v\u0259 Konstitusiyada g\u00f6st\u0259ril\u0259n h\u0259d\u0259fl\u0259r\u0259 daha da yax\u0131nla\u015fmas\u0131na nail oldu.\n<\/p>\n<p>\n  <i><br \/>\n    <b><br \/>\n      Yaz\u0131 m\u00fc\u0259llifin fikirl\u0259rini \u0259ks etdirir v\u0259 Meydan TV-nin m\u00f6vqeyi il\u0259 \u00fcst-\u00fcst\u0259 d\u00fc\u015fm\u0259y\u0259 bil\u0259r.<br \/>\n    <\/b><br \/>\n  <\/i><\/p>\n","protected":false},"excerpt":{"rendered":"<p>\u0130kinci hiss\u0259<\/p>\n","protected":false},"author":11,"featured_media":102246,"comment_status":"closed","ping_status":"open","sticky":false,"template":"","format":"standard","meta":{"_acf_changed":false,"_sitemap_exclude":false,"_sitemap_priority":"","_sitemap_frequency":"","footnotes":""},"categories":[57],"tags":[],"class_list":["post-189550","post","type-post","status-publish","format-standard","has-post-thumbnail","hentry","category-menim-fikrimce","infinite-scroll-item","generate-columns","tablet-grid-50","mobile-grid-100","grid-parent","grid-33","no-featured-image-padding"],"acf":[],"yoast_head":"<!-- This site is optimized with the Yoast SEO plugin v27.4 - https:\/\/yoast.com\/product\/yoast-seo-wordpress\/ -->\n<title>Kinq: m\u0259nim arzum var - MEYDAN.TV<\/title>\n<meta name=\"robots\" content=\"index, follow, max-snippet:-1, max-image-preview:large, max-video-preview:-1\" \/>\n<link rel=\"canonical\" href=\"https:\/\/www.meydan.tv\/az\/article\/kinq-menim-arzum-var\/\" \/>\n<meta property=\"og:locale\" content=\"az_AZ\" \/>\n<meta property=\"og:type\" content=\"article\" \/>\n<meta property=\"og:title\" content=\"Kinq: m\u0259nim arzum var - MEYDAN.TV\" \/>\n<meta property=\"og:description\" content=\"\u0130kinci hiss\u0259\" \/>\n<meta property=\"og:url\" content=\"https:\/\/www.meydan.tv\/az\/article\/kinq-menim-arzum-var\/\" \/>\n<meta property=\"og:site_name\" content=\"MEYDAN.TV\" \/>\n<meta property=\"article:published_time\" content=\"2018-04-14T17:15:52+00:00\" \/>\n<meta property=\"og:image\" content=\"https:\/\/www.meydan.tv\/wp-content\/uploads\/40499.jpg\" \/>\n\t<meta property=\"og:image:width\" content=\"960\" \/>\n\t<meta property=\"og:image:height\" content=\"540\" \/>\n\t<meta property=\"og:image:type\" content=\"image\/jpeg\" \/>\n<meta name=\"author\" content=\"user-manager\" \/>\n<meta name=\"twitter:card\" content=\"summary_large_image\" \/>\n<script type=\"application\/ld+json\" class=\"yoast-schema-graph\">{\"@context\":\"https:\\\/\\\/schema.org\",\"@graph\":[{\"@type\":\"Article\",\"@id\":\"https:\\\/\\\/www.meydan.tv\\\/az\\\/article\\\/kinq-menim-arzum-var\\\/#article\",\"isPartOf\":{\"@id\":\"https:\\\/\\\/www.meydan.tv\\\/az\\\/article\\\/kinq-menim-arzum-var\\\/\"},\"author\":{\"name\":\"user-manager\",\"@id\":\"https:\\\/\\\/www.meydan.tv\\\/az\\\/#\\\/schema\\\/person\\\/10d11eccf6da3662cf5fdab9806ea91a\"},\"headline\":\"Kinq: m\u0259nim arzum var\",\"datePublished\":\"2018-04-14T17:15:52+00:00\",\"mainEntityOfPage\":{\"@id\":\"https:\\\/\\\/www.meydan.tv\\\/az\\\/article\\\/kinq-menim-arzum-var\\\/\"},\"wordCount\":2795,\"publisher\":{\"@id\":\"https:\\\/\\\/www.meydan.tv\\\/az\\\/#organization\"},\"image\":{\"@id\":\"https:\\\/\\\/www.meydan.tv\\\/az\\\/article\\\/kinq-menim-arzum-var\\\/#primaryimage\"},\"thumbnailUrl\":\"https:\\\/\\\/www.meydan.tv\\\/wp-content\\\/uploads\\\/40499.jpg\",\"articleSection\":[\"M\u0259nim Fikrimc\u0259\"],\"inLanguage\":\"az\"},{\"@type\":\"WebPage\",\"@id\":\"https:\\\/\\\/www.meydan.tv\\\/az\\\/article\\\/kinq-menim-arzum-var\\\/\",\"url\":\"https:\\\/\\\/www.meydan.tv\\\/az\\\/article\\\/kinq-menim-arzum-var\\\/\",\"name\":\"Kinq: m\u0259nim arzum var - MEYDAN.TV\",\"isPartOf\":{\"@id\":\"https:\\\/\\\/www.meydan.tv\\\/az\\\/#website\"},\"primaryImageOfPage\":{\"@id\":\"https:\\\/\\\/www.meydan.tv\\\/az\\\/article\\\/kinq-menim-arzum-var\\\/#primaryimage\"},\"image\":{\"@id\":\"https:\\\/\\\/www.meydan.tv\\\/az\\\/article\\\/kinq-menim-arzum-var\\\/#primaryimage\"},\"thumbnailUrl\":\"https:\\\/\\\/www.meydan.tv\\\/wp-content\\\/uploads\\\/40499.jpg\",\"datePublished\":\"2018-04-14T17:15:52+00:00\",\"breadcrumb\":{\"@id\":\"https:\\\/\\\/www.meydan.tv\\\/az\\\/article\\\/kinq-menim-arzum-var\\\/#breadcrumb\"},\"inLanguage\":\"az\",\"potentialAction\":[{\"@type\":\"ReadAction\",\"target\":[\"https:\\\/\\\/www.meydan.tv\\\/az\\\/article\\\/kinq-menim-arzum-var\\\/\"]}]},{\"@type\":\"ImageObject\",\"inLanguage\":\"az\",\"@id\":\"https:\\\/\\\/www.meydan.tv\\\/az\\\/article\\\/kinq-menim-arzum-var\\\/#primaryimage\",\"url\":\"https:\\\/\\\/www.meydan.tv\\\/wp-content\\\/uploads\\\/40499.jpg\",\"contentUrl\":\"https:\\\/\\\/www.meydan.tv\\\/wp-content\\\/uploads\\\/40499.jpg\",\"width\":960,\"height\":540,\"caption\":\"Source:\"},{\"@type\":\"BreadcrumbList\",\"@id\":\"https:\\\/\\\/www.meydan.tv\\\/az\\\/article\\\/kinq-menim-arzum-var\\\/#breadcrumb\",\"itemListElement\":[{\"@type\":\"ListItem\",\"position\":1,\"name\":\"Ana s\u0259hif\u0259\",\"item\":\"https:\\\/\\\/www.meydan.tv\\\/az\\\/\"},{\"@type\":\"ListItem\",\"position\":2,\"name\":\"M\u0259nim Fikrimc\u0259\",\"item\":\"https:\\\/\\\/www.meydan.tv\\\/az\\\/section\\\/menim-fikrimce\\\/\"},{\"@type\":\"ListItem\",\"position\":3,\"name\":\"Kinq: m\u0259nim arzum var\"}]},{\"@type\":\"WebSite\",\"@id\":\"https:\\\/\\\/www.meydan.tv\\\/az\\\/#website\",\"url\":\"https:\\\/\\\/www.meydan.tv\\\/az\\\/\",\"name\":\"MEYDAN.TV\",\"description\":\"Meydan TV Az\u0259rbaycan\u0131n media m\u0259kan\u0131ndak\u0131 alternativ s\u0259sidir\",\"publisher\":{\"@id\":\"https:\\\/\\\/www.meydan.tv\\\/az\\\/#organization\"},\"potentialAction\":[{\"@type\":\"SearchAction\",\"target\":{\"@type\":\"EntryPoint\",\"urlTemplate\":\"https:\\\/\\\/www.meydan.tv\\\/az\\\/?s={search_term_string}\"},\"query-input\":{\"@type\":\"PropertyValueSpecification\",\"valueRequired\":true,\"valueName\":\"search_term_string\"}}],\"inLanguage\":\"az\"},{\"@type\":\"Organization\",\"@id\":\"https:\\\/\\\/www.meydan.tv\\\/az\\\/#organization\",\"name\":\"Meydan TV\",\"url\":\"https:\\\/\\\/www.meydan.tv\\\/az\\\/\",\"logo\":{\"@type\":\"ImageObject\",\"inLanguage\":\"az\",\"@id\":\"https:\\\/\\\/www.meydan.tv\\\/az\\\/#\\\/schema\\\/logo\\\/image\\\/\",\"url\":\"https:\\\/\\\/www.meydan.tv\\\/wp-content\\\/uploads\\\/2021\\\/07\\\/meydan-logo.svg\",\"contentUrl\":\"https:\\\/\\\/www.meydan.tv\\\/wp-content\\\/uploads\\\/2021\\\/07\\\/meydan-logo.svg\",\"width\":195,\"height\":46,\"caption\":\"Meydan TV\"},\"image\":{\"@id\":\"https:\\\/\\\/www.meydan.tv\\\/az\\\/#\\\/schema\\\/logo\\\/image\\\/\"}},{\"@type\":\"Person\",\"@id\":\"https:\\\/\\\/www.meydan.tv\\\/az\\\/#\\\/schema\\\/person\\\/10d11eccf6da3662cf5fdab9806ea91a\",\"name\":\"user-manager\"}]}<\/script>\n<!-- \/ Yoast SEO plugin. -->","yoast_head_json":{"title":"Kinq: m\u0259nim arzum var - MEYDAN.TV","robots":{"index":"index","follow":"follow","max-snippet":"max-snippet:-1","max-image-preview":"max-image-preview:large","max-video-preview":"max-video-preview:-1"},"canonical":"https:\/\/www.meydan.tv\/az\/article\/kinq-menim-arzum-var\/","og_locale":"az_AZ","og_type":"article","og_title":"Kinq: m\u0259nim arzum var - MEYDAN.TV","og_description":"\u0130kinci hiss\u0259","og_url":"https:\/\/www.meydan.tv\/az\/article\/kinq-menim-arzum-var\/","og_site_name":"MEYDAN.TV","article_published_time":"2018-04-14T17:15:52+00:00","og_image":[{"width":960,"height":540,"url":"https:\/\/www.meydan.tv\/wp-content\/uploads\/40499.jpg","type":"image\/jpeg"}],"author":"user-manager","twitter_card":"summary_large_image","schema":{"@context":"https:\/\/schema.org","@graph":[{"@type":"Article","@id":"https:\/\/www.meydan.tv\/az\/article\/kinq-menim-arzum-var\/#article","isPartOf":{"@id":"https:\/\/www.meydan.tv\/az\/article\/kinq-menim-arzum-var\/"},"author":{"name":"user-manager","@id":"https:\/\/www.meydan.tv\/az\/#\/schema\/person\/10d11eccf6da3662cf5fdab9806ea91a"},"headline":"Kinq: m\u0259nim arzum var","datePublished":"2018-04-14T17:15:52+00:00","mainEntityOfPage":{"@id":"https:\/\/www.meydan.tv\/az\/article\/kinq-menim-arzum-var\/"},"wordCount":2795,"publisher":{"@id":"https:\/\/www.meydan.tv\/az\/#organization"},"image":{"@id":"https:\/\/www.meydan.tv\/az\/article\/kinq-menim-arzum-var\/#primaryimage"},"thumbnailUrl":"https:\/\/www.meydan.tv\/wp-content\/uploads\/40499.jpg","articleSection":["M\u0259nim Fikrimc\u0259"],"inLanguage":"az"},{"@type":"WebPage","@id":"https:\/\/www.meydan.tv\/az\/article\/kinq-menim-arzum-var\/","url":"https:\/\/www.meydan.tv\/az\/article\/kinq-menim-arzum-var\/","name":"Kinq: m\u0259nim arzum var - MEYDAN.TV","isPartOf":{"@id":"https:\/\/www.meydan.tv\/az\/#website"},"primaryImageOfPage":{"@id":"https:\/\/www.meydan.tv\/az\/article\/kinq-menim-arzum-var\/#primaryimage"},"image":{"@id":"https:\/\/www.meydan.tv\/az\/article\/kinq-menim-arzum-var\/#primaryimage"},"thumbnailUrl":"https:\/\/www.meydan.tv\/wp-content\/uploads\/40499.jpg","datePublished":"2018-04-14T17:15:52+00:00","breadcrumb":{"@id":"https:\/\/www.meydan.tv\/az\/article\/kinq-menim-arzum-var\/#breadcrumb"},"inLanguage":"az","potentialAction":[{"@type":"ReadAction","target":["https:\/\/www.meydan.tv\/az\/article\/kinq-menim-arzum-var\/"]}]},{"@type":"ImageObject","inLanguage":"az","@id":"https:\/\/www.meydan.tv\/az\/article\/kinq-menim-arzum-var\/#primaryimage","url":"https:\/\/www.meydan.tv\/wp-content\/uploads\/40499.jpg","contentUrl":"https:\/\/www.meydan.tv\/wp-content\/uploads\/40499.jpg","width":960,"height":540,"caption":"Source:"},{"@type":"BreadcrumbList","@id":"https:\/\/www.meydan.tv\/az\/article\/kinq-menim-arzum-var\/#breadcrumb","itemListElement":[{"@type":"ListItem","position":1,"name":"Ana s\u0259hif\u0259","item":"https:\/\/www.meydan.tv\/az\/"},{"@type":"ListItem","position":2,"name":"M\u0259nim Fikrimc\u0259","item":"https:\/\/www.meydan.tv\/az\/section\/menim-fikrimce\/"},{"@type":"ListItem","position":3,"name":"Kinq: m\u0259nim arzum var"}]},{"@type":"WebSite","@id":"https:\/\/www.meydan.tv\/az\/#website","url":"https:\/\/www.meydan.tv\/az\/","name":"MEYDAN.TV","description":"Meydan TV Az\u0259rbaycan\u0131n media m\u0259kan\u0131ndak\u0131 alternativ s\u0259sidir","publisher":{"@id":"https:\/\/www.meydan.tv\/az\/#organization"},"potentialAction":[{"@type":"SearchAction","target":{"@type":"EntryPoint","urlTemplate":"https:\/\/www.meydan.tv\/az\/?s={search_term_string}"},"query-input":{"@type":"PropertyValueSpecification","valueRequired":true,"valueName":"search_term_string"}}],"inLanguage":"az"},{"@type":"Organization","@id":"https:\/\/www.meydan.tv\/az\/#organization","name":"Meydan TV","url":"https:\/\/www.meydan.tv\/az\/","logo":{"@type":"ImageObject","inLanguage":"az","@id":"https:\/\/www.meydan.tv\/az\/#\/schema\/logo\/image\/","url":"https:\/\/www.meydan.tv\/wp-content\/uploads\/2021\/07\/meydan-logo.svg","contentUrl":"https:\/\/www.meydan.tv\/wp-content\/uploads\/2021\/07\/meydan-logo.svg","width":195,"height":46,"caption":"Meydan TV"},"image":{"@id":"https:\/\/www.meydan.tv\/az\/#\/schema\/logo\/image\/"}},{"@type":"Person","@id":"https:\/\/www.meydan.tv\/az\/#\/schema\/person\/10d11eccf6da3662cf5fdab9806ea91a","name":"user-manager"}]}},"_links":{"self":[{"href":"https:\/\/www.meydan.tv\/az\/wp-json\/wp\/v2\/posts\/189550","targetHints":{"allow":["GET"]}}],"collection":[{"href":"https:\/\/www.meydan.tv\/az\/wp-json\/wp\/v2\/posts"}],"about":[{"href":"https:\/\/www.meydan.tv\/az\/wp-json\/wp\/v2\/types\/post"}],"author":[{"embeddable":true,"href":"https:\/\/www.meydan.tv\/az\/wp-json\/wp\/v2\/users\/11"}],"replies":[{"embeddable":true,"href":"https:\/\/www.meydan.tv\/az\/wp-json\/wp\/v2\/comments?post=189550"}],"version-history":[{"count":0,"href":"https:\/\/www.meydan.tv\/az\/wp-json\/wp\/v2\/posts\/189550\/revisions"}],"wp:featuredmedia":[{"embeddable":true,"href":"https:\/\/www.meydan.tv\/az\/wp-json\/wp\/v2\/media\/102246"}],"wp:attachment":[{"href":"https:\/\/www.meydan.tv\/az\/wp-json\/wp\/v2\/media?parent=189550"}],"wp:term":[{"taxonomy":"category","embeddable":true,"href":"https:\/\/www.meydan.tv\/az\/wp-json\/wp\/v2\/categories?post=189550"},{"taxonomy":"post_tag","embeddable":true,"href":"https:\/\/www.meydan.tv\/az\/wp-json\/wp\/v2\/tags?post=189550"}],"curies":[{"name":"wp","href":"https:\/\/api.w.org\/{rel}","templated":true}]}}