{"id":189549,"date":"2018-04-14T17:06:44","date_gmt":"2018-04-14T17:06:44","guid":{"rendered":"https:\/\/www.meydan.tv\/article\/demokratiyanin-bohrani\/"},"modified":"2018-04-14T17:06:44","modified_gmt":"2018-04-14T17:06:44","slug":"demokratiyanin-bohrani","status":"publish","type":"post","link":"https:\/\/www.meydan.tv\/az\/article\/demokratiyanin-bohrani\/","title":{"rendered":"Demokratiyan\u0131n b\u00f6hran\u0131"},"content":{"rendered":"<figure class=\"wp-block-image size-large\">\n  <img decoding=\"async\" src=\"https:\/\/www.meydan.tv\/az\/angry-protesters\/\" alt=\"Angry protesters\" class=\"wp-image-102237\"\/><figcaption>\n    Angry protesters<br \/>\n  <\/figcaption><\/figure>\n<p>\n  \u00c7in h\u00f6kum\u0259ti camaata ballar verm\u0259y\u0259 ba\u015flay\u0131b. &#8220;Yax\u015f\u0131 v\u0259t\u0259nda\u015f&#8221; olsan\u0131z, ballar\u0131n\u0131z qalx\u0131r, \u0259ks t\u0259qdird\u0259 azal\u0131r. Bu &#8220;yax\u015f\u0131 v\u0259t\u0259nda\u015f&#8221; anlay\u0131\u015f\u0131na da \u00e7ox \u015fey daxildir &#8211; vergil\u0259ri, kreditl\u0259ri, c\u0259rim\u0259l\u0259ri vaxt\u0131nda \u00f6d\u0259m\u0259k, h\u00f6kum\u0259t\u0259 qar\u015f\u0131 m\u00fcnasib\u0259td\u0259 qanun-qaydaya riay\u0259t etm\u0259k v\u0259 s. B\u0259s ballar n\u0259y\u0259 laz\u0131md\u0131r? Kimins\u0259 az bal\u0131 olsa, kredit, t\u0259yyar\u0259, avtobus biletl\u0259ri ala bilm\u0259y\u0259c\u0259k, d\u00f6vl\u0259tin xidm\u0259tl\u0259rind\u0259n istifad\u0259si \u00e7\u0259tinl\u0259\u015f\u0259c\u0259k, universitet\u0259 gir\u0259 bilm\u0259y\u0259c\u0259k, h\u0259tta u\u015faqlar\u0131 m\u0259kt\u0259b\u0259 g\u00f6t\u00fcr\u00fclm\u0259y\u0259c\u0259k v\u0259 s.<\/p>\n<p>  M\u0259s\u0259l\u0259 buras\u0131ndad\u0131r ki, bel\u0259 s\u0259lahiyy\u0259ti he\u00e7 demokratik h\u00f6kum\u0259t\u0259 verm\u0259k olmaz, h\u0259l\u0259 qald\u0131 \u00c7in kimi totalitar-kommunist rejim\u0259. Ayd\u0131n m\u0259s\u0259l\u0259dir ki, bu sistemd\u0259n \u00c7in 1,3 milyard adam\u0131n tabe etdirilm\u0259si \u00fc\u00e7\u00fcn istifad\u0259 ed\u0259c\u0259k. M\u0259s\u0259l\u0259n, Stalin d\u00f6vr\u00fcnd\u0259 insanlar qohumunu, qon\u015fusunu, dost-tan\u0131\u015f\u0131n\u0131 satmaq u\u011frunda m\u00fcbariz\u0259 apar\u0131rd\u0131lar.\n<\/p>\n<p>\n  V\u0259ziyy\u0259t bel\u0259 idi ki, s\u0259n kimis\u0259 satmasan, s\u0259ni satacaqd\u0131lar. \u00d6z\u00fcn sat\u0131landa is\u0259 m\u00fcdafi\u0259 olunma\u011fa bir vasit\u0259 tapmayacaqd\u0131n. He\u00e7 olmasa, bir-iki donosun olmal\u0131d\u0131r ki, NKVD s\u0259ni aparanda g\u00f6st\u0259r\u0259s\u0259n ki, &#8220;Qarda\u015f, m\u0259n sizin yaratmaq ist\u0259diyiniz robotam. Atam\u0131 10 illik KULAK-latd\u0131rm\u0131\u015fam ee&#8221;.<\/p>\n<p>  \u0130ndi bu sistem texnoloji yenilikl\u0259rl\u0259 t\u0259tbiq olunacaq \u00c7ind\u0259. M\u0259s\u0259l\u0259n, bir v\u0259zif\u0259ni tutmaq \u00fc\u00e7\u00fcn 2 n\u0259f\u0259r m\u00fcraci\u0259t edir. H\u0259r ikisinin g\u00f6st\u0259ricil\u0259ri d\u0259 uy\u011fundur. O zaman bu sosial ballara bax\u0131lacaq. Bal\u0131 qald\u0131rma\u011f\u0131n yollar\u0131ndan biri d\u00f6vl\u0259t\u0259 k\u00f6m\u0259k etm\u0259kdir. M\u0259s\u0259l\u0259n, namiz\u0259dl\u0259rd\u0259n biri 5 &#8220;xalq d\u00fc\u015fm\u0259ni&#8221;nin h\u0259bs olunmas\u0131na k\u00f6m\u0259k edib, dig\u0259ri is\u0259 c\u0259mi 2 &#8220;xalq d\u00fc\u015fm\u0259ni&#8221;ni sata bilib. \u0130kinci namiz\u0259d i\u015fsiz qalmal\u0131 olur bu d\u0259f\u0259, \u00e7\u00fcnki ondan daha yax\u015f\u0131 \u0259clafl\u0131q ed\u0259n, ondan daha k\u00f6l\u0259si var r\u0259qab\u0259td\u0259. Bu d\u0259h\u015f\u0259tli sistemi dig\u0259r avtoritar \u00f6lk\u0259l\u0259r d\u0259 asanl\u0131qla t\u0259tbiq ed\u0259 bil\u0259rl\u0259r. \u00c7\u00fcnki q\u0259rarlar\u0131n verilm\u0259sin\u0259 ictimai n\u0259zar\u0259t yox, etiraz yox, c\u0259miyy\u0259tin m\u00fcqavim\u0259t g\u00fcc\u00fc yox.\n<\/p>\n<p>\n  B\u0259s d\u00fcnya nec\u0259 oldu ki, bu hala g\u0259ldi? Problem texnologiyan\u0131n inki\u015faf\u0131n\u0131n demokratiyan\u0131n yay\u0131lma v\u0259 inki\u015faf s\u00fcr\u0259tini qabaqlamas\u0131ndad\u0131r. Bu, demokratiyan\u0131n b\u00f6hran\u0131d\u0131r. \u018fvv\u0259l bel\u0259 idi ki, demokratik idar\u0259\u00e7ilik, azad m\u0259hk\u0259m\u0259, azad m\u0259tbuat, r\u0259qab\u0259tli siyasi v\u0259 iqtisadi m\u00fchit olmayan c\u0259miyy\u0259tl\u0259rd\u0259 iqtisadi inki\u015faf olmurdu. \u00c7in, Sinqapur, Malayziya kimi b\u0259dnam n\u00fcmun\u0259l\u0259r v\u0259 Ukrayna, G\u00fcrc\u00fcstan, b\u0259zi \u015e\u0259rqi Avropa \u00f6lk\u0259l\u0259ri kimi siyasi c\u0259h\u0259td\u0259n demokratik, iqtisadi c\u0259h\u0259td\u0259n is\u0259 z\u0259if, korrupsiyas\u0131 g\u00fccl\u00fc olaraq qalan \u00f6lk\u0259l\u0259r is\u0259 bu stereotipi q\u0131rd\u0131. Art\u0131q ayd\u0131nd\u0131r ki, siyasi azadl\u0131qlar\u0131 verm\u0259d\u0259n d\u0259 iqtisadi inki\u015faf m\u00fcmk\u00fcnd\u00fcr, yaxud \u201cvice versa\u201d &#8211; siyasi azadl\u0131qlar\u0131 olan \u00f6lk\u0259l\u0259r iqtisadi c\u0259h\u0259td\u0259n z\u0259if inki\u015faf ed\u0259 bil\u0259rl\u0259r (Bunun hara q\u0259d\u0259r davam ed\u0259c\u0259yini bilmirik, amma h\u0259l\u0259 ki, gedir).<\/p>\n<p>  \u00c7in kimi n\u0259h\u0259ng iqtisadiyyat\u0131 olan \u00f6lk\u0259l\u0259r ist\u0259diyi texnologiyan\u0131 \u0259ld\u0259 ed\u0259 v\u0259 \u00f6z m\u0259nfi niyy\u0259tl\u0259ri namin\u0259 t\u0259tbiq ed\u0259 bilir. H\u0259m d\u0259 kifay\u0259t q\u0259d\u0259r s\u00fcr\u0259tl\u0259 &#8211; \u00c7in bu sistemi 2020-ci il\u0259 q\u0259d\u0259r b\u00fct\u00fcn v\u0259t\u0259nda\u015flar\u0131n t\u0259tbiq ed\u0259 bil\u0259c\u0259yini a\u00e7\u0131qlay\u0131b. N\u0259tic\u0259d\u0259 texnologiya, b\u0259\u015f\u0259riyy\u0259tin inki\u015faf\u0131 insanlar\u0131n daha asanl\u0131qla k\u00f6l\u0259y\u0259 \u00e7evrilm\u0259sin\u0259 k\u00f6m\u0259k edir. B\u00fct\u00fcn bunlarda demokratiyan\u0131n el\u0259 Q\u0259rbin \u00f6z\u00fcnd\u0259 d\u0259 b\u00f6hran ya\u015famas\u0131 az rol oynamad\u0131. \u015e\u0259rqin avtoritar d\u00f6vl\u0259tl\u0259ri il\u0259 Q\u0259rb demokratlar\u0131n\u0131n \u0259m\u0259kda\u015fl\u0131\u011f\u0131, merkantil maraqlar\u0131 namin\u0259 ali d\u0259y\u0259rl\u0259ri g\u00f6rm\u0259zd\u0259n g\u0259lm\u0259l\u0259ri, &#8220;se\u00e7ki&#8221; adland\u0131r\u0131lan multfilml\u0259r\u0259 &#8220;demokratiya yolunda ir\u0259li at\u0131lan add\u0131m&#8221; dem\u0259l\u0259ri, k\u00fcr\u00fc il\u0259 b\u0259rab\u0259r haqlar\u0131m\u0131z\u0131 yem\u0259l\u0259ri&#8230; bu n\u0259tic\u0259nin \u0259ld\u0259 olunmas\u0131nda h\u0259lledici oldu. Q\u0259rb \u00fcz\u0259rin\u0259 d\u00fc\u015f\u0259n y\u00fck\u00fc haz\u0131rda da\u015f\u0131maqda \u00e7ox \u00e7\u0259tinlik \u00e7\u0259kir.\n<\/p>\n<p>\n  Onlar\u0131n b\u0259\u015f\u0259ri missiyas\u0131 yaratd\u0131qlar\u0131 d\u0259y\u0259ri &#8211; demokratiyan\u0131, humanizmi, liberal d\u0259y\u0259rl\u0259ri d\u00fcnyan\u0131n h\u0259r yerind\u0259 b\u0259rq\u0259rar etm\u0259k, he\u00e7 olmasa, bu d\u0259y\u0259rl\u0259r\u0259 sadiq qalmayan idar\u0259edicil\u0259rl\u0259 \u0259laq\u0259, dostluq qurmamaqd\u0131r. Amma missiyan\u0131n bu h\u0259lledici hiss\u0259si \u00e7oxdan unudulub. D\u0259y\u0259rl\u0259ri qorumaqla v\u0259zif\u0259l\u0259ndirilmi\u015f Q\u0259rb d\u00f6vl\u0259tl\u0259ri transmilli \u015firk\u0259tl\u0259r\u0259, kapitalistl\u0259r\u0259 uduzurlar. Cilov get-ged\u0259 daha \u00e7ox \u0259ld\u0259n \u00e7\u0131x\u0131r.<\/p>\n<p>  Bir ne\u00e7\u0259 g\u00fcn \u0259vv\u0259l Mark Zuckerbergin Senatda dindirilm\u0259si zaman\u0131 senatorlar\u0131n texnoloji bilikl\u0259rd\u0259n yoxsun suallar\u0131 da g\u00f6st\u0259rdi ki, Q\u0259rbin transmilli kapitalizmi cilovlamaq \u00fc\u00e7\u00fcn n\u0259z\u0259rd\u0259 tutulan institutlar\u0131 texnoloji inki\u015fafdan \u00e7ox geri qal\u0131rlar, l\u0259ngdirl\u0259r. \u00dcst\u0259g\u0259l, demokratik yolla q\u0259rar verm\u0259k avtoritar yolla q\u0259rar verm\u0259kd\u0259n uzun \u00e7\u0259kir, \u00e7evik deyil. N\u0259tic\u0259d\u0259 t\u0259dric\u0259n ali d\u0259y\u0259rl\u0259ri tan\u0131mayan, \u00f6z \u015f\u0259xsi maraqlar\u0131, maddi qazanclar\u0131 namin\u0259 h\u0259r \u015feyi v\u0259 h\u0259r k\u0259si tapdalama\u011fa haz\u0131r olan insanlar daha \u00fcst\u00fcn m\u00f6vqey\u0259 \u00e7\u0131x\u0131rlar.<\/p>\n<p>  Proqnoz verm\u0259k \u00e7\u0259tindir. Yaln\u0131z \u00fcmid etm\u0259k olar ki, demokratiyan\u0131n Fransa, B\u00f6y\u00fck Britaniya v\u0259 AB\u015e-a s\u0131x\u0131\u015f\u0131b qald\u0131\u011f\u0131 1930-cu ill\u0259rin sonundak\u0131 v\u0259ziyy\u0259td\u0259n \u00e7\u0131xm\u0131\u015f v\u0259 d\u00fcnyan\u0131n \u0259ks\u0259r yerin\u0259 yay\u0131la bilmi\u015f Q\u0259rb d\u0259y\u0259rl\u0259ri bu v\u0259ziyy\u0259td\u0259n d\u0259 \u00e7\u0131xa bil\u0259c\u0259k.\n<\/p>\n<p>\n  <i><br \/>\n    <b><br \/>\n      Yaz\u0131 m\u00fc\u0259llifin fikirl\u0259rini \u0259ks etdirir v\u0259 Meydan TV-nin m\u00f6vqeyi il\u0259 \u00fcst-\u00fcst\u0259 d\u00fc\u015fm\u0259y\u0259 bil\u0259r.<br \/>\n    <\/b><br \/>\n  <\/i><\/p>\n","protected":false},"excerpt":{"rendered":"<p>\u00c7in h\u00f6kum\u0259ti camaata ballar verm\u0259y\u0259 ba\u015flay\u0131b<\/p>\n","protected":false},"author":11,"featured_media":102237,"comment_status":"closed","ping_status":"open","sticky":false,"template":"","format":"standard","meta":{"_acf_changed":false,"_sitemap_exclude":false,"_sitemap_priority":"","_sitemap_frequency":"","footnotes":""},"categories":[57],"tags":[],"class_list":["post-189549","post","type-post","status-publish","format-standard","has-post-thumbnail","hentry","category-menim-fikrimce","infinite-scroll-item","generate-columns","tablet-grid-50","mobile-grid-100","grid-parent","grid-33","no-featured-image-padding"],"acf":[],"yoast_head":"<!-- This site is optimized with the Yoast SEO plugin v27.4 - https:\/\/yoast.com\/product\/yoast-seo-wordpress\/ -->\n<title>Demokratiyan\u0131n b\u00f6hran\u0131 - MEYDAN.TV<\/title>\n<meta name=\"robots\" content=\"index, follow, max-snippet:-1, max-image-preview:large, max-video-preview:-1\" \/>\n<link rel=\"canonical\" href=\"https:\/\/www.meydan.tv\/az\/article\/demokratiyanin-bohrani\/\" \/>\n<meta property=\"og:locale\" content=\"az_AZ\" \/>\n<meta property=\"og:type\" content=\"article\" \/>\n<meta property=\"og:title\" content=\"Demokratiyan\u0131n b\u00f6hran\u0131 - MEYDAN.TV\" \/>\n<meta property=\"og:description\" content=\"\u00c7in h\u00f6kum\u0259ti camaata ballar verm\u0259y\u0259 ba\u015flay\u0131b\" \/>\n<meta property=\"og:url\" content=\"https:\/\/www.meydan.tv\/az\/article\/demokratiyanin-bohrani\/\" \/>\n<meta property=\"og:site_name\" content=\"MEYDAN.TV\" \/>\n<meta property=\"article:published_time\" content=\"2018-04-14T17:06:44+00:00\" \/>\n<meta property=\"og:image\" content=\"https:\/\/www.meydan.tv\/wp-content\/uploads\/40498.jpg\" \/>\n\t<meta property=\"og:image:width\" content=\"2000\" \/>\n\t<meta property=\"og:image:height\" content=\"1000\" \/>\n\t<meta property=\"og:image:type\" content=\"image\/jpeg\" \/>\n<meta name=\"author\" content=\"user-manager\" \/>\n<meta name=\"twitter:card\" content=\"summary_large_image\" \/>\n<script type=\"application\/ld+json\" class=\"yoast-schema-graph\">{\"@context\":\"https:\\\/\\\/schema.org\",\"@graph\":[{\"@type\":\"Article\",\"@id\":\"https:\\\/\\\/www.meydan.tv\\\/az\\\/article\\\/demokratiyanin-bohrani\\\/#article\",\"isPartOf\":{\"@id\":\"https:\\\/\\\/www.meydan.tv\\\/az\\\/article\\\/demokratiyanin-bohrani\\\/\"},\"author\":{\"name\":\"user-manager\",\"@id\":\"https:\\\/\\\/www.meydan.tv\\\/az\\\/#\\\/schema\\\/person\\\/10d11eccf6da3662cf5fdab9806ea91a\"},\"headline\":\"Demokratiyan\u0131n b\u00f6hran\u0131\",\"datePublished\":\"2018-04-14T17:06:44+00:00\",\"mainEntityOfPage\":{\"@id\":\"https:\\\/\\\/www.meydan.tv\\\/az\\\/article\\\/demokratiyanin-bohrani\\\/\"},\"wordCount\":1062,\"publisher\":{\"@id\":\"https:\\\/\\\/www.meydan.tv\\\/az\\\/#organization\"},\"image\":{\"@id\":\"https:\\\/\\\/www.meydan.tv\\\/az\\\/article\\\/demokratiyanin-bohrani\\\/#primaryimage\"},\"thumbnailUrl\":\"https:\\\/\\\/www.meydan.tv\\\/wp-content\\\/uploads\\\/40498.jpg\",\"articleSection\":[\"M\u0259nim Fikrimc\u0259\"],\"inLanguage\":\"az\"},{\"@type\":\"WebPage\",\"@id\":\"https:\\\/\\\/www.meydan.tv\\\/az\\\/article\\\/demokratiyanin-bohrani\\\/\",\"url\":\"https:\\\/\\\/www.meydan.tv\\\/az\\\/article\\\/demokratiyanin-bohrani\\\/\",\"name\":\"Demokratiyan\u0131n b\u00f6hran\u0131 - MEYDAN.TV\",\"isPartOf\":{\"@id\":\"https:\\\/\\\/www.meydan.tv\\\/az\\\/#website\"},\"primaryImageOfPage\":{\"@id\":\"https:\\\/\\\/www.meydan.tv\\\/az\\\/article\\\/demokratiyanin-bohrani\\\/#primaryimage\"},\"image\":{\"@id\":\"https:\\\/\\\/www.meydan.tv\\\/az\\\/article\\\/demokratiyanin-bohrani\\\/#primaryimage\"},\"thumbnailUrl\":\"https:\\\/\\\/www.meydan.tv\\\/wp-content\\\/uploads\\\/40498.jpg\",\"datePublished\":\"2018-04-14T17:06:44+00:00\",\"breadcrumb\":{\"@id\":\"https:\\\/\\\/www.meydan.tv\\\/az\\\/article\\\/demokratiyanin-bohrani\\\/#breadcrumb\"},\"inLanguage\":\"az\",\"potentialAction\":[{\"@type\":\"ReadAction\",\"target\":[\"https:\\\/\\\/www.meydan.tv\\\/az\\\/article\\\/demokratiyanin-bohrani\\\/\"]}]},{\"@type\":\"ImageObject\",\"inLanguage\":\"az\",\"@id\":\"https:\\\/\\\/www.meydan.tv\\\/az\\\/article\\\/demokratiyanin-bohrani\\\/#primaryimage\",\"url\":\"https:\\\/\\\/www.meydan.tv\\\/wp-content\\\/uploads\\\/40498.jpg\",\"contentUrl\":\"https:\\\/\\\/www.meydan.tv\\\/wp-content\\\/uploads\\\/40498.jpg\",\"width\":2000,\"height\":1000,\"caption\":\"Source:\"},{\"@type\":\"BreadcrumbList\",\"@id\":\"https:\\\/\\\/www.meydan.tv\\\/az\\\/article\\\/demokratiyanin-bohrani\\\/#breadcrumb\",\"itemListElement\":[{\"@type\":\"ListItem\",\"position\":1,\"name\":\"Ana s\u0259hif\u0259\",\"item\":\"https:\\\/\\\/www.meydan.tv\\\/az\\\/\"},{\"@type\":\"ListItem\",\"position\":2,\"name\":\"M\u0259nim Fikrimc\u0259\",\"item\":\"https:\\\/\\\/www.meydan.tv\\\/az\\\/section\\\/menim-fikrimce\\\/\"},{\"@type\":\"ListItem\",\"position\":3,\"name\":\"Demokratiyan\u0131n b\u00f6hran\u0131\"}]},{\"@type\":\"WebSite\",\"@id\":\"https:\\\/\\\/www.meydan.tv\\\/az\\\/#website\",\"url\":\"https:\\\/\\\/www.meydan.tv\\\/az\\\/\",\"name\":\"MEYDAN.TV\",\"description\":\"Meydan TV Az\u0259rbaycan\u0131n media m\u0259kan\u0131ndak\u0131 alternativ s\u0259sidir\",\"publisher\":{\"@id\":\"https:\\\/\\\/www.meydan.tv\\\/az\\\/#organization\"},\"potentialAction\":[{\"@type\":\"SearchAction\",\"target\":{\"@type\":\"EntryPoint\",\"urlTemplate\":\"https:\\\/\\\/www.meydan.tv\\\/az\\\/?s={search_term_string}\"},\"query-input\":{\"@type\":\"PropertyValueSpecification\",\"valueRequired\":true,\"valueName\":\"search_term_string\"}}],\"inLanguage\":\"az\"},{\"@type\":\"Organization\",\"@id\":\"https:\\\/\\\/www.meydan.tv\\\/az\\\/#organization\",\"name\":\"Meydan TV\",\"url\":\"https:\\\/\\\/www.meydan.tv\\\/az\\\/\",\"logo\":{\"@type\":\"ImageObject\",\"inLanguage\":\"az\",\"@id\":\"https:\\\/\\\/www.meydan.tv\\\/az\\\/#\\\/schema\\\/logo\\\/image\\\/\",\"url\":\"https:\\\/\\\/www.meydan.tv\\\/wp-content\\\/uploads\\\/2021\\\/07\\\/meydan-logo.svg\",\"contentUrl\":\"https:\\\/\\\/www.meydan.tv\\\/wp-content\\\/uploads\\\/2021\\\/07\\\/meydan-logo.svg\",\"width\":195,\"height\":46,\"caption\":\"Meydan TV\"},\"image\":{\"@id\":\"https:\\\/\\\/www.meydan.tv\\\/az\\\/#\\\/schema\\\/logo\\\/image\\\/\"}},{\"@type\":\"Person\",\"@id\":\"https:\\\/\\\/www.meydan.tv\\\/az\\\/#\\\/schema\\\/person\\\/10d11eccf6da3662cf5fdab9806ea91a\",\"name\":\"user-manager\"}]}<\/script>\n<!-- \/ Yoast SEO plugin. -->","yoast_head_json":{"title":"Demokratiyan\u0131n b\u00f6hran\u0131 - MEYDAN.TV","robots":{"index":"index","follow":"follow","max-snippet":"max-snippet:-1","max-image-preview":"max-image-preview:large","max-video-preview":"max-video-preview:-1"},"canonical":"https:\/\/www.meydan.tv\/az\/article\/demokratiyanin-bohrani\/","og_locale":"az_AZ","og_type":"article","og_title":"Demokratiyan\u0131n b\u00f6hran\u0131 - MEYDAN.TV","og_description":"\u00c7in h\u00f6kum\u0259ti camaata ballar verm\u0259y\u0259 ba\u015flay\u0131b","og_url":"https:\/\/www.meydan.tv\/az\/article\/demokratiyanin-bohrani\/","og_site_name":"MEYDAN.TV","article_published_time":"2018-04-14T17:06:44+00:00","og_image":[{"width":2000,"height":1000,"url":"https:\/\/www.meydan.tv\/wp-content\/uploads\/40498.jpg","type":"image\/jpeg"}],"author":"user-manager","twitter_card":"summary_large_image","schema":{"@context":"https:\/\/schema.org","@graph":[{"@type":"Article","@id":"https:\/\/www.meydan.tv\/az\/article\/demokratiyanin-bohrani\/#article","isPartOf":{"@id":"https:\/\/www.meydan.tv\/az\/article\/demokratiyanin-bohrani\/"},"author":{"name":"user-manager","@id":"https:\/\/www.meydan.tv\/az\/#\/schema\/person\/10d11eccf6da3662cf5fdab9806ea91a"},"headline":"Demokratiyan\u0131n b\u00f6hran\u0131","datePublished":"2018-04-14T17:06:44+00:00","mainEntityOfPage":{"@id":"https:\/\/www.meydan.tv\/az\/article\/demokratiyanin-bohrani\/"},"wordCount":1062,"publisher":{"@id":"https:\/\/www.meydan.tv\/az\/#organization"},"image":{"@id":"https:\/\/www.meydan.tv\/az\/article\/demokratiyanin-bohrani\/#primaryimage"},"thumbnailUrl":"https:\/\/www.meydan.tv\/wp-content\/uploads\/40498.jpg","articleSection":["M\u0259nim Fikrimc\u0259"],"inLanguage":"az"},{"@type":"WebPage","@id":"https:\/\/www.meydan.tv\/az\/article\/demokratiyanin-bohrani\/","url":"https:\/\/www.meydan.tv\/az\/article\/demokratiyanin-bohrani\/","name":"Demokratiyan\u0131n b\u00f6hran\u0131 - MEYDAN.TV","isPartOf":{"@id":"https:\/\/www.meydan.tv\/az\/#website"},"primaryImageOfPage":{"@id":"https:\/\/www.meydan.tv\/az\/article\/demokratiyanin-bohrani\/#primaryimage"},"image":{"@id":"https:\/\/www.meydan.tv\/az\/article\/demokratiyanin-bohrani\/#primaryimage"},"thumbnailUrl":"https:\/\/www.meydan.tv\/wp-content\/uploads\/40498.jpg","datePublished":"2018-04-14T17:06:44+00:00","breadcrumb":{"@id":"https:\/\/www.meydan.tv\/az\/article\/demokratiyanin-bohrani\/#breadcrumb"},"inLanguage":"az","potentialAction":[{"@type":"ReadAction","target":["https:\/\/www.meydan.tv\/az\/article\/demokratiyanin-bohrani\/"]}]},{"@type":"ImageObject","inLanguage":"az","@id":"https:\/\/www.meydan.tv\/az\/article\/demokratiyanin-bohrani\/#primaryimage","url":"https:\/\/www.meydan.tv\/wp-content\/uploads\/40498.jpg","contentUrl":"https:\/\/www.meydan.tv\/wp-content\/uploads\/40498.jpg","width":2000,"height":1000,"caption":"Source:"},{"@type":"BreadcrumbList","@id":"https:\/\/www.meydan.tv\/az\/article\/demokratiyanin-bohrani\/#breadcrumb","itemListElement":[{"@type":"ListItem","position":1,"name":"Ana s\u0259hif\u0259","item":"https:\/\/www.meydan.tv\/az\/"},{"@type":"ListItem","position":2,"name":"M\u0259nim Fikrimc\u0259","item":"https:\/\/www.meydan.tv\/az\/section\/menim-fikrimce\/"},{"@type":"ListItem","position":3,"name":"Demokratiyan\u0131n b\u00f6hran\u0131"}]},{"@type":"WebSite","@id":"https:\/\/www.meydan.tv\/az\/#website","url":"https:\/\/www.meydan.tv\/az\/","name":"MEYDAN.TV","description":"Meydan TV Az\u0259rbaycan\u0131n media m\u0259kan\u0131ndak\u0131 alternativ s\u0259sidir","publisher":{"@id":"https:\/\/www.meydan.tv\/az\/#organization"},"potentialAction":[{"@type":"SearchAction","target":{"@type":"EntryPoint","urlTemplate":"https:\/\/www.meydan.tv\/az\/?s={search_term_string}"},"query-input":{"@type":"PropertyValueSpecification","valueRequired":true,"valueName":"search_term_string"}}],"inLanguage":"az"},{"@type":"Organization","@id":"https:\/\/www.meydan.tv\/az\/#organization","name":"Meydan TV","url":"https:\/\/www.meydan.tv\/az\/","logo":{"@type":"ImageObject","inLanguage":"az","@id":"https:\/\/www.meydan.tv\/az\/#\/schema\/logo\/image\/","url":"https:\/\/www.meydan.tv\/wp-content\/uploads\/2021\/07\/meydan-logo.svg","contentUrl":"https:\/\/www.meydan.tv\/wp-content\/uploads\/2021\/07\/meydan-logo.svg","width":195,"height":46,"caption":"Meydan TV"},"image":{"@id":"https:\/\/www.meydan.tv\/az\/#\/schema\/logo\/image\/"}},{"@type":"Person","@id":"https:\/\/www.meydan.tv\/az\/#\/schema\/person\/10d11eccf6da3662cf5fdab9806ea91a","name":"user-manager"}]}},"_links":{"self":[{"href":"https:\/\/www.meydan.tv\/az\/wp-json\/wp\/v2\/posts\/189549","targetHints":{"allow":["GET"]}}],"collection":[{"href":"https:\/\/www.meydan.tv\/az\/wp-json\/wp\/v2\/posts"}],"about":[{"href":"https:\/\/www.meydan.tv\/az\/wp-json\/wp\/v2\/types\/post"}],"author":[{"embeddable":true,"href":"https:\/\/www.meydan.tv\/az\/wp-json\/wp\/v2\/users\/11"}],"replies":[{"embeddable":true,"href":"https:\/\/www.meydan.tv\/az\/wp-json\/wp\/v2\/comments?post=189549"}],"version-history":[{"count":0,"href":"https:\/\/www.meydan.tv\/az\/wp-json\/wp\/v2\/posts\/189549\/revisions"}],"wp:featuredmedia":[{"embeddable":true,"href":"https:\/\/www.meydan.tv\/az\/wp-json\/wp\/v2\/media\/102237"}],"wp:attachment":[{"href":"https:\/\/www.meydan.tv\/az\/wp-json\/wp\/v2\/media?parent=189549"}],"wp:term":[{"taxonomy":"category","embeddable":true,"href":"https:\/\/www.meydan.tv\/az\/wp-json\/wp\/v2\/categories?post=189549"},{"taxonomy":"post_tag","embeddable":true,"href":"https:\/\/www.meydan.tv\/az\/wp-json\/wp\/v2\/tags?post=189549"}],"curies":[{"name":"wp","href":"https:\/\/api.w.org\/{rel}","templated":true}]}}