{"id":189509,"date":"2018-04-12T15:57:11","date_gmt":"2018-04-12T15:57:11","guid":{"rendered":"https:\/\/www.meydan.tv\/article\/seckiler-kecirildi-ictimaiyyet-gozleyir\/"},"modified":"2018-04-12T15:57:11","modified_gmt":"2018-04-12T15:57:11","slug":"seckiler-kecirildi-ictimaiyyet-gozleyir","status":"publish","type":"post","link":"https:\/\/www.meydan.tv\/az\/article\/seckiler-kecirildi-ictimaiyyet-gozleyir\/","title":{"rendered":"Se\u00e7kil\u0259r ke\u00e7irildi, ictimaiyy\u0259t g\u00f6zl\u0259yir"},"content":{"rendered":"<figure class=\"wp-block-image size-large\">\n  <img decoding=\"async\" src=\"https:\/\/www.meydan.tv\/az\/foto-turan-ia-16\/\" alt=\"foto Turan \u0130A\" class=\"wp-image-102135\"\/><figcaption>\n    foto Turan \u0130A<br \/>\n  <\/figcaption><\/figure>\n<p>\n  Az\u0259rbaycanda prezident se\u00e7kil\u0259ri ke\u00e7irildi \u2013 n\u0259tic\u0259l\u0259r \u00f6nc\u0259d\u0259n b\u0259lli idi. \u0130lham \u018fliyev d\u00f6rd\u00fcnc\u00fc d\u0259f\u0259 prezident oldu. \u0130.\u018fliyevin ir\u0259lid\u0259ki add\u0131mlar\u0131n\u0131n nec\u0259 olaca\u011f\u0131 h\u0259l\u0259lik m\u0259lum deyil. \u0130.\u018fliyevin platformas\u0131 namiz\u0259dl\u0259rin debatlar\u0131nda onun n\u00fcmay\u0259nd\u0259si t\u0259r\u0259find\u0259n qism\u0259n t\u0259qdim edilmi\u015fdi. G\u0259l\u0259c\u0259k inki\u015faf yollar\u0131 bar\u0259d\u0259 onun \u00fcmumi t\u0259s\u0259vv\u00fcrl\u0259ri m\u00fc\u0259yy\u0259n d\u0259r\u0259c\u0259d\u0259 aprelin 5-d\u0259 TASS-a m\u00fcsahib\u0259sind\u0259 ifad\u0259 edilib.\n<\/p>\n<p>\n  Se\u00e7ki \u0259r\u0259f\u0259sind\u0259 d\u00f6vl\u0259tin birinci \u015f\u0259xsinin m\u00fcsahib\u0259si \u0259n\u0259n\u0259vi se\u00e7kiqaba\u011f\u0131 praktikad\u0131r, dem\u0259k olar ki, rituald\u0131r. Bir qayda olaraq, bu, \u00f6lk\u0259d\u0259 ba\u015f ver\u0259n m\u00fcsb\u0259t d\u0259yi\u015fiklikl\u0259rin ifad\u0259si, g\u0259l\u0259c\u0259y\u0259 m\u00fc\u0259yy\u0259n bax\u0131\u015f, ke\u00e7mi\u015fin s\u0259hvl\u0259rinin d\u0259qiq qiym\u0259tl\u0259ndirilm\u0259sidir.\n<\/p>\n<p>\n  Prezident \u0130lham \u018fliyevin Rusiyan\u0131n TASS agentliyinin r\u0259hb\u0259rliyin\u0259 sonuncu m\u00fcsahib\u0259si \u0259sas\u0259n xarici al\u0259m\u0259 m\u00fcraci\u0259tdir, baxmayaraq ki, \u00f6lk\u0259nin s\u0131ravi v\u0259t\u0259nda\u015f\u0131 da buradan n\u0259s\u0259 bir \u015fey g\u00f6t\u00fcr\u0259 bil\u0259r. M\u00fcsahib\u0259d\u0259 bir \u00e7ox m\u0259s\u0259l\u0259l\u0259r\u0259 toxunulub &#8211; prezidentin \u015f\u0259xsi h\u0259yat\u0131ndan ba\u015flam\u0131\u015f iqtisadiyyat\u0131n \u015fax\u0259l\u0259ndirilm\u0259sin\u0259, siyasi islahatlardan ba\u015flam\u0131\u015f \u00f6lk\u0259nin xarici siyas\u0259tin\u0259, demoqrafiya problemind\u0259n idman\u0131n inki\u015faf\u0131na q\u0259d\u0259r.\n<\/p>\n<p>\n  M\u00fcsahib\u0259nin se\u00e7kiqaba\u011f\u0131 xarakteri \u00f6z qaydalar\u0131n\u0131 diqt\u0259 edib v\u0259 bu, \u0259sas\u0259n m\u00fcsb\u0259t m\u0259qamlara y\u00f6n\u0259lib. \u0130st\u0259nil\u0259n v\u0259t\u0259nda\u015f prezidentin bu s\u00f6zl\u0259rinin alt\u0131na imza ata bil\u0259r ki, indi Az\u0259rbaycan\u0131 d\u00fcnyada daha \u00e7ox v\u0259 yax\u015f\u0131 tan\u0131y\u0131rlar, n\u0259inki on-on be\u015f il \u00f6nc\u0259. Prezident xarici al\u0259m\u0259 m\u00fcraci\u0259t ed\u0259r\u0259k mill\u0259tin nailiyy\u0259tl\u0259ri, onun yumor hissi, tolerantl\u0131\u011f\u0131, qonaqp\u0259rv\u0259rliyi bar\u0259d\u0259 dan\u0131\u015f\u0131r. O, \u00e7oxkonfessionall\u0131q v\u0259 \u00e7oxmill\u0259tliliyin f\u0259al m\u00fcdafi\u0259\u00e7isidir v\u0259 bunu \u00f6lk\u0259nin real s\u0259rv\u0259ti adland\u0131r\u0131b.\n<\/p>\n<p>\n  Praktiki olaraq h\u0259r bir v\u0259t\u0259nda\u015f prezidentin bu b\u0259yanat\u0131 il\u0259 raz\u0131la\u015fa bil\u0259r ki, d\u00f6vl\u0259tin f\u0259aliyy\u0259tinin \u0259sas istiqam\u0259ti &#8220;tam iqtisadi m\u00fcst\u0259qilliyin t\u0259minat\u0131d\u0131r ki, bu da siyasi m\u00fcst\u0259qilliyin \u0259sas\u0131d\u0131r&#8221;. Ancaq bu, m\u00fcst\u0259qil siyas\u0259tin y\u00fcr\u00fcd\u00fclm\u0259si \u00fc\u00e7\u00fcn b\u00fct\u00fcn probleml\u0259ri minimalla\u015fd\u0131rma\u011fa \u00e7al\u0131\u015fan \u0130lham \u018fliyevin \u015f\u0259xsi siyasi d\u0259sti-x\u0259ttidir.\n<\/p>\n<p>\n  Prezident \u00f6lk\u0259nin beyn\u0259lxalq n\u00fcfuzunu qald\u0131rmas\u0131ndan h\u0259v\u0259sl\u0259 dan\u0131\u015f\u0131r. Az\u0259rbaycan Q\u0259rb v\u0259 \u015e\u0259rq aras\u0131nda k\u00f6rp\u00fc olmaq \u00fc\u00e7\u00fcn b\u00f6y\u00fck s\u0259yl\u0259r g\u00f6st\u0259rir. Art\u0131q uzun ill\u0259rdir ki, Bak\u0131da ard-arda sivilizasiyalar aras\u0131nda dialoqun t\u0259minat\u0131na y\u00f6n\u0259l\u0259n miqyasl\u0131 beyn\u0259lxalq humanitar forumlar, b\u00f6y\u00fck idman t\u0259dbirl\u0259ri- birinci Avropa olimpiadas\u0131, birinci \u0130slam Oyunlar\u0131, D\u00fcnya \u00e7empionatlar\u0131 ke\u00e7irilir. \u00d6lk\u0259ni daha \u00e7ox tan\u0131y\u0131rlar.\n<\/p>\n<p>\n  BA\u015eQA \u00d6LK\u018fL\u018fR\u018f \u0130SMARICLAR. \u0130st\u0259nil\u0259n m\u00fcsahib\u0259 kim\u0259s\u0259 ismar\u0131cd\u0131r. \u0130smar\u0131c\u0131n birinci adresat\u0131 t\u0259yinat \u00fczr\u0259 Rusiyad\u0131r ki, prezident onu &#8220;strateji t\u0259r\u0259fda\u015f\u0131&#8221; adland\u0131r\u0131r. O, prezident Putinl\u0259 etibarl\u0131 m\u00fcnasib\u0259tl\u0259rd\u0259n dan\u0131\u015f\u0131r, he\u00e7 bir m\u00f6vzu il\u0259 ba\u011fl\u0131 tabunun olmad\u0131\u011f\u0131n\u0131 deyir, Az\u0259rbaycanda f\u0259aliyy\u0259t g\u00f6st\u0259r\u0259n 300 rus m\u0259kt\u0259bind\u0259n, h\u0259tta Rusiyan\u0131n b\u00f6y\u00fck ali m\u0259kt\u0259bl\u0259rind\u0259n ikisinin filiallar\u0131ndan, birg\u0259 regional layih\u0259l\u0259rd\u0259n b\u0259hs edir. Bu, \u015fimal qon\u015fumuzun g\u00fcc\u00fcn\u00fcn etiraf\u0131d\u0131r v\u0259 eyni zamanda onunla effektiv \u0259laq\u0259l\u0259rin axtar\u0131\u015f\u0131d\u0131r.\n<\/p>\n<p>\n  Cavablar\u0131n dig\u0259r qismi Q\u0259rb\u0259 \u00fcnvanlan\u0131b v\u0259 demokratiyaya aiddir. Prezident deyir: &#8220;M\u0259n d\u0259f\u0259l\u0259rl\u0259 a\u00e7\u0131q b\u0259yan etmi\u015f\u0259m ki, siyasi sistemd\u0259 islahatlar apar\u0131lmadan iqtisadi sah\u0259d\u0259 davaml\u0131 inki\u015fafa nail olmaq m\u00fcmk\u00fcn deyil. Son d\u00f6vrd\u0259 bu istiqam\u0259td\u0259 \u00e7ox i\u015f g\u00f6r\u00fcl\u00fcb. Az\u0259rbaycan d\u00fcnya \u00fc\u00e7\u00fcn a\u00e7\u0131q \u00f6lk\u0259dir. \u00d6lk\u0259mizd\u0259 b\u00fct\u00fcn demokratik t\u0259sisatlar m\u00f6vcuddur, m\u0259tbuat azadl\u0131\u011f\u0131 tam t\u0259min edilir. Az\u0259rbaycan \u0130nternetin azad oldu\u011fu \u00f6lk\u0259dir. \u0130nternet istifad\u0259\u00e7il\u0259rinin say\u0131 art\u0131r v\u0259 \u0259halinin t\u0259xmin\u0259n 80 faizin\u0259 yax\u0131nla\u015f\u0131r. Topla\u015fma azadl\u0131\u011f\u0131, siyasi f\u0259aliyy\u0259t azadl\u0131\u011f\u0131 da tam t\u0259min edilir&#8221;.\n<\/p>\n<p>\n  Q\u0259rb Az\u0259rbaycanda demokratiyan\u0131n s\u0259viyy\u0259si bar\u0259d\u0259 yax\u015f\u0131 x\u0259b\u0259rdard\u0131r, ancaq bu, ismar\u0131cd\u0131r &#8211; biz Q\u0259rb d\u0259y\u0259rl\u0259rind\u0259n imtina etmirik.\n<\/p>\n<p>\n  Az\u0259rbaycan\u0131n m\u00f6vqeyini a\u00e7\u0131qlayan prezident deyir ki, \u00f6lk\u0259nin milli maraqlar\u0131 ondan ibar\u0259tdir ki, b\u00fct\u00fcn \u00f6lk\u0259l\u0259rl\u0259 m\u00fcnasib\u0259tl\u0259ri yax\u015f\u0131 olsun.\n<\/p>\n<p>\n  &#8220;Lakin bu, hans\u0131sa birt\u0259r\u0259fli g\u00fcz\u0259\u015ftl\u0259r hesab\u0131na deyil, m\u0259hz konkret n\u0259tic\u0259l\u0259r\u0259 y\u00f6n\u0259lmi\u015f s\u0259m\u0259r\u0259li \u0259m\u0259kda\u015fl\u0131q siyas\u0259ti n\u0259tic\u0259sind\u0259 \u0259ld\u0259 edilm\u0259lidir. M\u0259nc\u0259, bunun n\u0259tic\u0259si ondan ibar\u0259tdir ki, Az\u0259rbaycan h\u0259m m\u00fcs\u0259lman d\u00fcnyas\u0131nda \u00e7ox g\u00fccl\u00fc m\u00f6vqey\u0259 malikdir, h\u0259m d\u0259 Avropa strukturlar\u0131nda f\u0259al i\u015ftirak edir v\u0259 \u00f6z m\u0259nafel\u0259rini qoruyur&#8221;, &#8211; d\u00f6vl\u0259t ba\u015f\u00e7\u0131s\u0131 qeyd edib.\n<\/p>\n<p>\n  Prezident Az\u0259rbaycan\u0131n xarici siyas\u0259tini qon\u015fularla praqmatik siyas\u0259tin n\u0259tic\u0259si hesab edir. Az\u0259rbaycan h\u0259qiq\u0259t\u0259n regional, n\u0259qliyyat infrastrukturuna b\u00f6y\u00fck yat\u0131r\u0131mlar qoyur. &#8220;Bu regionda ba\u015f ver\u0259n b\u00fct\u00fcn hadis\u0259l\u0259r ist\u0259r-ist\u0259m\u0259z biz\u0259 m\u00fc\u0259yy\u0259n d\u0259r\u0259c\u0259d\u0259 t\u0259sir edir. Buna g\u00f6r\u0259 d\u0259 biz \u00e7al\u0131\u015fmal\u0131y\u0131q ki, \u00f6z\u00fcm\u00fcz \u00fc\u00e7\u00fcn riskl\u0259ri beyn\u0259lxalq \u0259m\u0259kda\u015fl\u0131q vasit\u0259sil\u0259 minimuma endir\u0259k&#8221;, &#8211; o vur\u011fulay\u0131b.\n<\/p>\n<p>\n  Prezident, \u015f\u00fcbh\u0259siz ki, X\u0259z\u0259rin statusuna dair dan\u0131\u015f\u0131qlardan m\u0259lumatl\u0131d\u0131r. Ancaq bu m\u0259s\u0259l\u0259nin geosiyasi bax\u0131mdan k\u0259skinliyind\u0259n uzaq durur: &#8220;M\u0259nc\u0259, X\u0259z\u0259r d\u0259nizinin h\u00fcquqi statusunun q\u0259ti m\u00fc\u0259yy\u0259n edilm\u0259si m\u0259s\u0259l\u0259sind\u0259 \u0259h\u0259miyy\u0259tli fakt odur ki, biz d\u00fczg\u00fcn istiqam\u0259td\u0259 ir\u0259lil\u0259yirik. Bununla b\u0259rab\u0259r, qeyd etm\u0259liy\u0259m ki, X\u0259z\u0259r d\u0259nizinin statusunun t\u0259nziml\u0259nm\u0259mi\u015f qalmas\u0131 m\u0259s\u0259l\u0259si X\u0259z\u0259ryan\u0131 d\u00f6vl\u0259tl\u0259rin \u0259m\u0259kda\u015fl\u0131\u011f\u0131n\u0131n ist\u0259r \u00e7oxt\u0259r\u0259fli, ist\u0259rs\u0259 d\u0259 ikit\u0259r\u0259fli format\u0131na \u0259sla t\u0259sir g\u00f6st\u0259rmir&#8221;.\n<\/p>\n<p>\n  M\u00fcsahib\u0259nin m\u00fch\u00fcm hiss\u0259si Qaraba\u011f m\u00fcnaqi\u015f\u0259sin\u0259 aiddir. O, Erm\u0259nistan\u0131 m\u00f6vcud status-kvo \u0259traf\u0131ndak\u0131 dan\u0131\u015f\u0131qlar prosesini imitasiya etm\u0259kd\u0259 v\u0259 daima dair\u0259 boyunca h\u0259r\u0259k\u0259t etm\u0259kd\u0259 ittiham edib. O bildirib ki, Az\u0259rbaycan \u0259razil\u0259rinin i\u015f\u011faldan azad edilm\u0259si m\u00fcnaqi\u015f\u0259nin m\u0259rh\u0259l\u0259li t\u0259nziml\u0259nm\u0259sind\u0259 birinci add\u0131m olmal\u0131d\u0131r.\n<\/p>\n<p>\n  V\u0259 bu, beyn\u0259lxalq h\u00fcququn normalar\u0131 v\u0259 prinsipl\u0259ri \u0259sas\u0131nda h\u0259ll edilm\u0259lidir. Prezident yeni m\u00fcdafi\u0259 s\u0259nayesind\u0259n, Az\u0259rbaycan\u0131n h\u0259tta h\u0259rbi m\u0259hsullar\u0131n ixracat\u00e7\u0131s\u0131na \u00e7evrilm\u0259sind\u0259n, Az\u0259rbaycan ordusunun d\u00f6y\u00fc\u015f qabiliyy\u0259tind\u0259n dan\u0131\u015fark\u0259n ilk n\u00f6vb\u0259d\u0259 Erm\u0259nistan\u0131n \u00f6z\u00fcn\u0259, s\u00fclhm\u0259raml\u0131 prosesd\u0259 i\u015ftirak ed\u0259n \u00f6lk\u0259l\u0259r\u0259 m\u00fcraci\u0259t edir.\n<\/p>\n<p>\n  Prezident \u00f6lk\u0259d\u0259 iqtisadi v\u0259ziyy\u0259td\u0259n olduqca \u0259trafl\u0131 dan\u0131\u015f\u0131r: diversifikasiyadan, i\u015fsizliy\u0259 v\u0259 yoxsullu\u011fa qalib g\u0259lm\u0259kd\u0259n, \u00f6lk\u0259nin maliyy\u0259 dayan\u0131ql\u0131\u011f\u0131ndan. O, \u00f6lk\u0259nin reytinql\u0259rd\u0259 yax\u015f\u0131 yerl\u0259rd\u0259 oldu\u011funu qeyd edir. Az\u0259rbaycan global r\u0259qab\u0259t qabiliyy\u0259ti indeksi, iqtisadiyyat\u0131n inkl\u00fczivliyi indeksi \u00fczr\u0259 inki\u015faf etmi\u015f \u00f6lk\u0259l\u0259r aras\u0131nda \u00fc\u00e7\u00fcnc\u00fc yeri tutur. Burada maraql\u0131 ke\u00e7idl\u0259r d\u0259 var. \u0130.\u018fliyev deyir ki, son 15 ild\u0259 1,4 mln. i\u015f yeri a\u00e7\u0131l\u0131b, ancaq bu ill\u0259rd\u0259 Az\u0259rbaycan \u0259halisi 1,5 mln. n\u0259f\u0259r art\u0131b. Odur ki, o g\u00fcman edir ki, bizim iqtisadiyyat daim demoqrafiyan\u0131 qabaqlamal\u0131d\u0131r. Bu is\u0259 o dem\u0259kdir ki, iqtisadiyyatda daim art\u0131m olmal\u0131d\u0131r.\n<\/p>\n<p>\n  Qlobal r\u0259qab\u0259t \u015f\u0259raitind\u0259 investisiyalar\u0131n c\u0259lb edilm\u0259si \u00fc\u00e7\u00fcn d\u00f6vl\u0259tin birinci \u015f\u0259xsinin ist\u0259nil\u0259n m\u00fcsahib\u0259si \u00f6lk\u0259nin biznes \u00fc\u00e7\u00fcn c\u0259lbedici oldu\u011funu g\u00f6st\u0259rm\u0259k c\u0259hdidir. O c\u00fcml\u0259d\u0259n \u00f6lk\u0259nin tan\u0131nmas\u0131 yolu il\u0259. Ancaq ist\u0259nil\u0259n \u00f6lk\u0259d\u0259 investoru ilk n\u00f6vb\u0259d\u0259 biznesin t\u0259hl\u00fck\u0259sizliyinin d\u0259r\u0259c\u0259si, vergi m\u00fchiti, iqtisadiyyatda sa\u011flam r\u0259qab\u0259t maraqland\u0131r\u0131r.\n<\/p>\n<p>\n  <b><br \/>\n    <i><br \/>\n      \u00d6LK\u018f V\u018fT\u018fNDA\u015eLARI M\u00dcSAH\u0130B\u018fD\u018f N\u018fL\u018fR\u0130 &#8220;OXUYA&#8221; B\u0130L\u018fRD\u0130?<br \/>\n    <\/i><br \/>\n  <\/b>\n<\/p>\n<p>\n  \u00c7oxdan m\u0259lumdur ki, prezident yerli K\u0130V-l\u0259r\u0259 m\u00fcsahib\u0259 verm\u0259yi xo\u015flam\u0131r. Bu, \u00e7ox q\u0259rib\u0259dir. \u00c7\u00fcnki prezidentin siyas\u0259ti ilk n\u00f6vb\u0259d\u0259 onun \u00f6z xalq\u0131na a\u00e7\u0131q olmal\u0131d\u0131r. \u018flb\u0259tt\u0259, prezident \u00f6lk\u0259nin regionlar\u0131na \u00e7ox gedir. Ancaq bir qayda olaraq, bu \u00fcnsiyy\u0259t \u0130cra Hakimiyy\u0259tinin r\u0259hb\u0259ri il\u0259 konkret s\u0259b\u0259bl\u0259rl\u0259 ba\u011fl\u0131 olur. \u00c7ox zaman orada aqrar sektorda v\u0259 ya infrastrukturun yarad\u0131lmas\u0131 il\u0259 yaranan iqtisadi probleml\u0259r h\u0259ll olunur.\n<\/p>\n<p>\n  Prezident deyir ki, populizm v\u0259 xalqla dialoqu qar\u0131\u015fd\u0131rmaq olmaq. Ancaq biz ekspertl\u0259r bu g\u00fcn xalq il\u0259 fundamental v\u0259 a\u00e7\u0131q dialoqdan dan\u0131\u015f\u0131r\u0131q ki, burada yeni ideyalar ortaya \u00e7\u0131xa bil\u0259r. Putinin Federal M\u0259clis\u0259 illik m\u00fcraci\u0259tini, onun birba\u015fa televiziya efirind\u0259 xalq il\u0259 bir ne\u00e7\u0259 saat davam ed\u0259n \u00fcnsiyy\u0259tini yada salmaq olar. Orada da hakimiyy\u0259tin t\u0259nqid\u00e7il\u0259ri populizmd\u0259n dan\u0131\u015f\u0131rlar. B\u0259lk\u0259 d\u0259 c\u0259miyy\u0259tl\u0259 aktiv dialoqun n\u0259tic\u0259sind\u0259 \u00dcmumrusiya Xalq C\u0259bh\u0259si &#8211; hakim Yedinaya Rossiya Partiyas\u0131na alternativ kimi \u00e7\u0131x\u0131\u015f ed\u0259n v\u0259t\u0259nda\u015f t\u0259\u015fkilat\u0131 yarad\u0131l\u0131b.\n<\/p>\n<p>\n  Prezident hesab edir ki, &#8220;daxili inki\u015fafla ba\u011fl\u0131 m\u0259s\u0259l\u0259l\u0259rd\u0259 he\u00e7 bir \u00e7\u0259tinlik olmay\u0131b v\u0259 olmayacaq&#8221;. O g\u00fcman edir ki, \u00f6lk\u0259 v\u0259 v\u0259t\u0259nda\u015flar \u00fc\u00e7\u00fcn real riskl\u0259r yaln\u0131z regional v\u0259ziyy\u0259td\u0259n ir\u0259li g\u0259lir.\n<\/p>\n<p>\n  Bununla raz\u0131la\u015fmaq \u00e7\u0259tindir. \u018fvv\u0259lki be\u015f il \u0130lham \u018fliyev \u00fc\u00e7\u00fcn asan olmay\u0131b. \u00d6lk\u0259 v\u0259t\u0259nda\u015flar\u0131n\u0131n \u0259ks\u0259riyy\u0259tinin h\u0259yat\u0131 pisl\u0259\u015fib. M\u00fcsahib\u0259d\u0259 2015-ci ild\u0259 ba\u015flayan iqtisadi b\u00f6hran haqda he\u00e7 bir s\u00f6hb\u0259t getmir.\n<\/p>\n<p>\n  Bizd\u0259 \u00f6lk\u0259ni b\u00fcr\u00fcy\u0259n iqtisadi b\u00f6hrandan dan\u0131\u015fmaq xo\u015f deyil. Bunu xarici v\u0259ziyy\u0259tl\u0259 \u0259laq\u0259l\u0259ndirirl\u0259r. Ancaq bu, g\u00f6zl\u0259nil\u0259n idi. B\u00f6hran t\u0259dric\u0259n iqtisadiyyat\u0131n \u00f6z i\u00e7ind\u0259 ba\u015flam\u0131\u015fd\u0131 &#8211; korrupsiyan\u0131n, inhisar\u0131n artmas\u0131, r\u0259qab\u0259tin s\u0131x\u0131\u015fd\u0131r\u0131lmas\u0131 il\u0259. \u00d6lk\u0259nin b\u00f6hrana qar\u015f\u0131 immuniteti \u00f6ld\u00fcr\u00fcl\u00fcb. Dem\u0259k olmaz ki, h\u00f6kum\u0259t bununla m\u00fcbariz\u0259 aparmay\u0131b, ancaq bel\u0259 hallar \u00f6lk\u0259d\u0259 dem\u0259k olar ki, b\u00fct\u00fcn m\u00fcnasib\u0259tl\u0259r sistemini \u0259hat\u0259 edir.\n<\/p>\n<p>\n  Prezident hesab edir ki, Az\u0259rbaycanda sosial-iqtisadi y\u00f6nd\u0259, infrastrukturun inki\u015faf\u0131 bax\u0131m\u0131ndan \u00e7ox i\u015fl\u0259r g\u00f6r\u00fcl\u00fcr. V\u0259 h\u0259r \u015fey d\u00f6vl\u0259t proqramlar\u0131nda \u0259ksini tapm\u0131\u015f plan \u00fczr\u0259 h\u0259yata ke\u00e7irilir. Ancaq \u00f6z\u00fc d\u0259 etiraf edir ki, &#8220;ictimai n\u0259zar\u0259t yet\u0259rinc\u0259 olmayanda pozuntulara yol a\u00e7\u0131l\u0131r v\u0259 n\u0259z\u0259rd\u0259 tutulan planlar\u0131n gecikm\u0259sin\u0259 s\u0259b\u0259b olur&#8221;.\n<\/p>\n<p>\n  B\u0259z\u0259n s\u00f6yl\u0259nm\u0259y\u0259nl\u0259r ucadan s\u00f6yl\u0259n\u0259nl\u0259rd\u0259n daha vacibdir. G\u0259lin, bel\u0259 m\u0259qamlara toxunaq. Demokratik sah\u0259 \u00e7ox daral\u0131b. M\u00fcxalif\u0259tin f\u0259aliyy\u0259ti &#8220;M\u0259hsul&#8221; stadionunun tutumu q\u0259d\u0259rdir. \u00d6lk\u0259d\u0259 ancaq bir partiya var &#8211; hakim Yeni Az\u0259rbaycan Partiyas\u0131. Hakimiyy\u0259t\u0259 loyal olmamaqda \u015f\u00fcbh\u0259li bilin\u0259n QHT-l\u0259r v\u0259 K\u0130V-l\u0259r\u0259 t\u0259zyiq g\u00f6st\u0259rilir.\n<\/p>\n<p>\n  M\u00fcxalif\u0259t h\u0259r yerd\u0259 hakimiyy\u0259td\u0259 q\u0131c\u0131q yarad\u0131r. Ancaq he\u00e7 bir yerd\u0259 onu m\u00f6vcud kimi t\u0259qdim etmirl\u0259r. M\u00fcsahib\u0259d\u0259 m\u00fcxalif\u0259tl\u0259 ba\u011fl\u0131 bir k\u0259lm\u0259 d\u0259 yoxdur. Sanki m\u00fcxalif\u0259t, \u00fcmumiyy\u0259tl\u0259, yoxdur: n\u0259 liberal, n\u0259 radikal, n\u0259 kort\u0259bii. \u0130st\u0259nil\u0259n hakimiyy\u0259t m\u00fcxalif\u0259tin t\u0259zyiqi olmadan dur\u011funlu\u011fa d\u00fc\u00e7ar olur. B\u0259z\u0259n o, ist\u0259y\u0259r\u0259k v\u0259 ya ist\u0259m\u0259y\u0259r\u0259k sabitliyi poza bil\u0259r. Ancaq m\u0259hz sa\u011flam m\u00fcxalif\u0259t siyasi sistemi b\u00f6y\u00fck s\u0259hvl\u0259r riskind\u0259n &#8211; siyasi v\u0259 iqtisadi s\u0259hvl\u0259rd\u0259n s\u0131\u011fortlay\u0131r.\n<\/p>\n<p>\n  Prezident xaric\u0259 ged\u0259n m\u00fcxalif\u0259t\u00e7il\u0259rin uzaq v\u0259 yax\u0131n qohumlar\u0131n\u0131n h\u0259bsind\u0259n x\u0259b\u0259rdar olmal\u0131d\u0131r. \u018fn az\u0131 m\u00fcsahib\u0259d\u0259 haqq\u0131nda dan\u0131\u015f\u0131lan m\u0259n\u0259vi k\u00f6kl\u0259r s\u0259b\u0259bind\u0259n bu, yolverilm\u0259z praktikad\u0131r.\n<\/p>\n<p>\n  \u018fg\u0259r az\u0259rbaycanl\u0131lar ger\u00e7\u0259kd\u0259n tolerant xalq is\u0259 \u00f6z siyasi opponentl\u0259rin\u0259 n\u0259d\u0259n bel\u0259 tolerantl\u0131q g\u00f6st\u0259rilm\u0259sin? Tolerant olan g\u00fccl\u00fc olmal\u0131d\u0131r. Bu, bizim xalq\u0131n dini \u0259n\u0259n\u0259l\u0259rind\u0259 \u0259ksini tap\u0131b. Opponentl\u0259rind\u0259n qisas almaq ondan imtina etm\u0259k dem\u0259kdir. Top hakimiyy\u0259tin t\u0259r\u0259find\u0259dir.\n<\/p>\n<p>\n  2018-ci ild\u0259 Az\u0259rbaycan Xalq C\u00fcmhuriyy\u0259tinin 100 illiyi qeyd olunur.\n<\/p>\n<p>\n  &#8220;Demokratik respublikan\u0131n \u0259n\u0259n\u0259l\u0259ri bu g\u00fcn d\u0259 ya\u015fay\u0131r v\u0259 m\u00fcasir Az\u0259rbaycan onun h\u00fcquqi varisidir. Siyasi islahatlar \u00fc\u00e7\u00fcn q\u0131sa m\u00fcdd\u0259td\u0259 \u00e7ox b\u00f6y\u00fck i\u015fl\u0259r g\u00f6r\u00fcl\u00fcb. T\u0259kc\u0259 bunu qeyd etm\u0259k kifay\u0259tdir ki, qad\u0131nlara s\u0259sverm\u0259 h\u00fcququ Avropa \u00f6lk\u0259l\u0259rinin \u00e7oxundan xeyli \u0259vv\u0259l verilib&#8221;, &#8211; m\u00fcsahib\u0259d\u0259 deyilir.<br \/>\n  <br \/>\n  Qeyd etm\u0259k laz\u0131md\u0131r ki, bu respublikan\u0131n m\u0259nb\u0259yi xalqd\u0131r. Prezident \u015e\u0259rqd\u0259 demokratiyan\u0131n \u0259sas\u0131n\u0131 qoyan m\u0259hz Az\u0259rbaycan xalq\u0131n\u0131n olmas\u0131ndan q\u00fcrur hissi duydu\u011funu bildirib. Bu m\u00fcsahib\u0259d\u0259 deyil, ancaq bundan \u00f6nc\u0259ki nitqind\u0259 prezident c\u00fcmhuriyy\u0259tin banil\u0259rini Az\u0259rbaycan\u0131n m\u00fcst\u0259qilliyini qoruyub saxlaya bilm\u0259m\u0259kd\u0259 q\u0131nay\u0131b. Halbuki, o ill\u0259rd\u0259 Rusiyan\u0131n imperiyas\u0131na d\u00fc\u015f\u0259n \u00f6lk\u0259l\u0259rin he\u00e7 biri \u00f6z m\u00fcst\u0259qilliyini qoruya bilm\u0259mi\u015fdi. Az\u0259rbaycan da respublika olaraq SSR\u0130-y\u0259 daxil edilmi\u015fdi v\u0259 oradan m\u00fcst\u0259qil \u00f6lk\u0259 kimi ona g\u00f6r\u0259 \u00e7\u0131xa bildi ki, n\u0259 zamansa m\u00fcst\u0259qil olmu\u015fdu.\n<\/p>\n<p>\n  &#8220;D\u00fc\u015f\u00fcn\u00fcr\u0259m ki, \u0259g\u0259r birinci demokratik respublikan\u0131n \u0259sas\u0131n\u0131 qoyanlar bug\u00fcnk\u00fc Az\u0259rbaycan\u0131 g\u00f6r\u0259 bils\u0259ydil\u0259r, onlar bizim \u00f6lk\u0259mizl\u0259 f\u0259xr ed\u0259rdil\u0259r&#8221;, &#8211; prezident vur\u011fulay\u0131b. \u00d6lk\u0259 il\u0259 b\u0259lk\u0259 d\u0259, ancaq demokratiyan\u0131n s\u0259viyy\u0259si il\u0259 \u00e7\u0259tin ki.\n<\/p>\n<p>\n  M\u0259lumdur ki, iqtisadi r\u0259qab\u0259ti siyasi r\u0259qab\u0259t olmadan geni\u015fl\u0259ndirm\u0259k m\u00fcmk\u00fcn deyil. Siyasi monopoliya is\u0259 iqtisadi monopoliyadan da t\u0259hl\u00fck\u0259lidir. M\u0259murlar\u0131n \u00f6zba\u015f\u0131nal\u0131\u011f\u0131 il\u0259 m\u00fcbariz\u0259nin u\u011fursuz olmas\u0131n\u0131n etiraf\u0131 ictimai n\u0259zar\u0259t ideyas\u0131n\u0131n ir\u0259li s\u00fcr\u00fclm\u0259sin\u0259 s\u0259b\u0259b oldu. \u00d6lk\u0259d\u0259 idar\u0259l\u0259rin v\u0259 strukturlar\u0131n \u0259ks\u0259riyy\u0259tind\u0259 Apellyasiya \u015furalar\u0131 yarad\u0131l\u0131b.\n<\/p>\n<p>\n  &#8220;D\u00fc\u015f\u00fcn\u00fcr\u0259m ki, qar\u015f\u0131dak\u0131 d\u00f6vrd\u0259 \u0259sas m\u0259s\u0259l\u0259l\u0259r idar\u0259etm\u0259 il\u0259, sosial \u0259dal\u0259tl\u0259, pozuntularla, b\u0259z\u0259n rast g\u0259lin\u0259n m\u0259mur \u00f6zba\u015f\u0131nal\u0131\u011f\u0131 il\u0259 ba\u011fl\u0131 olacaq. \u0130ctimai n\u0259zar\u0259t m\u0259hz bundan \u00f6tr\u00fc laz\u0131md\u0131r&#8221;, &#8211; \u0130.\u018fliyev vur\u011fulay\u0131b.\n<\/p>\n<p>\n  \u018fg\u0259r m\u0259hk\u0259m\u0259l\u0259rin f\u0259aliyy\u0259ti nizama sal\u0131narsa, onlar\u0131n hakimiyy\u0259tin ist\u0259nil\u0259n qolundan as\u0131l\u0131 olmamas\u0131 t\u0259min edil\u0259rs\u0259, o c\u00fcml\u0259d\u0259n e-h\u00f6kum\u0259t kimi novasiyalar i\u015fl\u0259k olarsa ictimai n\u0259zar\u0259t n\u0259y\u0259 laz\u0131md\u0131r?\n<\/p>\n<p>\n  <b><br \/>\n    <i><br \/>\n      R\u018fY \u018fV\u018fZ\u0130N\u018f<br \/>\n    <\/i><br \/>\n  <\/b><br \/>\n  . Prezidentd\u0259n hobbisi haqda soru\u015fanda bel\u0259 deyib: &#8220;\u0130nan\u0131n, bu s\u00f6zl\u0259ri el\u0259-bel\u0259, kamera \u00fc\u00e7\u00fcn demir\u0259m, bu, h\u0259qiq\u0259t\u0259n bel\u0259dir. \u018flb\u0259tt\u0259, g\u00f6r\u0259nd\u0259 ki, n\u0259z\u0259rd\u0259 tutulan i\u015fl\u0259r yerin\u0259 yetirilib, g\u00f6r\u0259nd\u0259 ki, Az\u0259rbaycan\u0131n inki\u015faf\u0131n\u0131n bu v\u0259 ya dig\u0259r sah\u0259sind\u0259 ir\u0259lil\u0259yi\u015f var, bu, m\u0259n\u0259 b\u00f6y\u00fck m\u0259n\u0259vi z\u00f6vq verir. Bu, h\u0259r bir hobbid\u0259n yax\u015f\u0131d\u0131r&#8221;.\n<\/p>\n<p>\n  O, yeni m\u00fcdd\u0259t\u0259 se\u00e7ilmi\u015f prezident olmaq ist\u0259yir v\u0259 olacaq. Buna dem\u0259k olar ki, ham\u0131 \u0259mindir. Se\u00e7kil\u0259ri boykota \u00e7a\u011f\u0131r\u0131\u015flar is\u0259 siyasi jestd\u0259n ba\u015fqa bir \u015fey deyil. Bu, Az\u0259rbaycan reall\u0131\u011f\u0131d\u0131r. Sabah is\u0259 s\u00fckut g\u00fcn\u00fcd\u00fcr.\n<\/p>\n<p>\n  Bel\u0259 olan \u015f\u0259raitd\u0259 onun g\u0259l\u0259c\u0259kl\u0259 ba\u011fl\u0131 v\u0259dl\u0259ri daha vacibdir. Prezidentd\u0259n mill\u0259tin g\u0259l\u0259c\u0259yi olan g\u0259ncl\u0259r haqda soru\u015fanda o, g\u0259ncl\u0259rin m\u0259n\u0259vi k\u00f6kl\u0259r\u0259 ba\u011fl\u0131 olmas\u0131n\u0131n vacibliyini qeyd edib: &#8220;G\u0259nclik m\u00fcdafi\u0259 olunmal\u0131d\u0131r. Lakin o, \u00f6z\u00fc k\u0259nar t\u0259sirl\u0259rd\u0259n m\u00fcdafi\u0259 olunmal\u0131d\u0131r&#8221;. &#8220;G\u0259ncliyi k\u0259nar m\u0259nfi t\u0259sird\u0259n qorumaq, m\u0259nim fikrimc\u0259, bizim ideoloji i\u015fimizin ba\u015fl\u0131ca istiqam\u0259tl\u0259rind\u0259n biridir&#8221;, &#8211; o vur\u011fulay\u0131b.\n<\/p>\n<p>\n  Bu, radikal islam qrupla\u015fmalar\u0131na qar\u015f\u0131 m\u00fcbariz\u0259 kontekstind\u0259 deyilib. G\u0259ncl\u0259rin dig\u0259r funksiyas\u0131 -enerjili v\u0259 yenilik\u00e7i olmaq &#8211; daha vacibdir. Onu m\u00fcdafi\u0259 etm\u0259k yox, ona yeni perspektivl\u0259r a\u00e7maq, kreativliyinin r\u0259hni olan azadl\u0131\u011f\u0131n\u0131 qorumaq laz\u0131md\u0131r.\n<\/p>\n<p>\n  &#8220;Biz siyasi islahatlar\u0131n s\u0259viyy\u0259sini v\u0259 nailiyy\u0259tl\u0259ri \u00e7ox ciddi qiym\u0259tl\u0259ndiririk. Hesab edirik ki, m\u00fcst\u0259qilliyin 26 ilind\u0259 m\u00fcmk\u00fcn olan h\u0259r \u015fey edilib. Bizim tarix, Az\u0259rbaycan\u0131n g\u0259nc, m\u00fcst\u0259qil d\u00f6vl\u0259t olaraq yarad\u0131lmas\u0131, co\u011ftafi m\u00f6vqe, bizim regionda m\u00f6vcud v\u0259 m\u00fcmk\u00fcn riskl\u0259r n\u0259z\u0259r\u0259 al\u0131nmaqla&#8221;. Bu, yaln\u0131z art\u0131q ba\u015f ver\u0259nl\u0259rin natamam izah\u0131d\u0131r. \u00d6lk\u0259y\u0259 b\u00f6y\u00fck pullar\u0131n daxil oldu\u011fu vaxtda korrupsiyan\u0131n t\u00fc\u011fyan etm\u0259sinin \u015fahidi olan s\u0131ravi v\u0259t\u0259nda\u015flar \u00e7\u0259tin ki bununla raz\u0131la\u015fs\u0131nlar. 15 il \u0259rzind\u0259 \u00f6lk\u0259y\u0259 qoyulan 230 mlrd. dollar s\u0259rmay\u0259 daha b\u00f6y\u00fck effekt ver\u0259 bil\u0259rdi.\n<\/p>\n<p>\n  Buna g\u00f6r\u0259 d\u0259 prezident siyasi islahatlardan tez-tez dan\u0131\u015f\u0131r. Ancaq bunun alt\u0131nda n\u0259yin n\u0259z\u0259rd\u0259 tutuldu\u011funu s\u00f6yl\u0259m\u0259k \u00e7\u0259tindir. Ancaq bu islahatlar d\u0259rin olmal\u0131d\u0131r, n\u00f6vb\u0259ti d\u0259f\u0259 s\u0259thi yox. Biz\u0259 is\u0259 s\u0259brimizi toplay\u0131b inauqurasiyadan sonrak\u0131 g\u00fcn\u00fc g\u00f6zl\u0259m\u0259k qal\u0131r.<\/p>\n","protected":false},"excerpt":{"rendered":"<p>foto Turan \u0130A Az\u0259rbaycanda prezident se\u00e7kil\u0259ri ke\u00e7irildi \u2013 n\u0259tic\u0259l\u0259r \u00f6nc\u0259d\u0259n &#8230; <\/p>\n<p class=\"read-more-container\"><a title=\"Se\u00e7kil\u0259r ke\u00e7irildi, ictimaiyy\u0259t g\u00f6zl\u0259yir\" class=\"read-more button\" href=\"https:\/\/www.meydan.tv\/az\/article\/seckiler-kecirildi-ictimaiyyet-gozleyir\/#more-189509\" aria-label=\"Read more about Se\u00e7kil\u0259r ke\u00e7irildi, ictimaiyy\u0259t g\u00f6zl\u0259yir\">Davam\u0131<\/a><\/p>\n","protected":false},"author":11,"featured_media":102135,"comment_status":"closed","ping_status":"open","sticky":false,"template":"","format":"standard","meta":{"_acf_changed":false,"_sitemap_exclude":false,"_sitemap_priority":"","_sitemap_frequency":"","footnotes":""},"categories":[51],"tags":[],"class_list":["post-189509","post","type-post","status-publish","format-standard","has-post-thumbnail","hentry","category-analitika","infinite-scroll-item","generate-columns","tablet-grid-50","mobile-grid-100","grid-parent","grid-33","no-featured-image-padding"],"acf":[],"yoast_head":"<!-- This site is optimized with the Yoast SEO plugin v27.4 - https:\/\/yoast.com\/product\/yoast-seo-wordpress\/ -->\n<title>Se\u00e7kil\u0259r ke\u00e7irildi, ictimaiyy\u0259t g\u00f6zl\u0259yir - MEYDAN.TV<\/title>\n<meta name=\"robots\" content=\"index, follow, max-snippet:-1, max-image-preview:large, max-video-preview:-1\" \/>\n<link rel=\"canonical\" href=\"https:\/\/www.meydan.tv\/az\/article\/seckiler-kecirildi-ictimaiyyet-gozleyir\/\" \/>\n<meta property=\"og:locale\" content=\"az_AZ\" \/>\n<meta property=\"og:type\" content=\"article\" \/>\n<meta property=\"og:title\" content=\"Se\u00e7kil\u0259r ke\u00e7irildi, ictimaiyy\u0259t g\u00f6zl\u0259yir - MEYDAN.TV\" \/>\n<meta property=\"og:description\" content=\"foto Turan \u0130A Az\u0259rbaycanda prezident se\u00e7kil\u0259ri ke\u00e7irildi \u2013 n\u0259tic\u0259l\u0259r \u00f6nc\u0259d\u0259n ... Davam\u0131\" \/>\n<meta property=\"og:url\" content=\"https:\/\/www.meydan.tv\/az\/article\/seckiler-kecirildi-ictimaiyyet-gozleyir\/\" \/>\n<meta property=\"og:site_name\" content=\"MEYDAN.TV\" \/>\n<meta property=\"article:published_time\" content=\"2018-04-12T15:57:11+00:00\" \/>\n<meta property=\"og:image\" content=\"https:\/\/www.meydan.tv\/wp-content\/uploads\/40458.jpg\" \/>\n\t<meta property=\"og:image:width\" content=\"800\" \/>\n\t<meta property=\"og:image:height\" content=\"400\" \/>\n\t<meta property=\"og:image:type\" content=\"image\/jpeg\" \/>\n<meta name=\"author\" content=\"user-manager\" \/>\n<meta name=\"twitter:card\" content=\"summary_large_image\" \/>\n<script type=\"application\/ld+json\" class=\"yoast-schema-graph\">{\"@context\":\"https:\\\/\\\/schema.org\",\"@graph\":[{\"@type\":\"Article\",\"@id\":\"https:\\\/\\\/www.meydan.tv\\\/az\\\/article\\\/seckiler-kecirildi-ictimaiyyet-gozleyir\\\/#article\",\"isPartOf\":{\"@id\":\"https:\\\/\\\/www.meydan.tv\\\/az\\\/article\\\/seckiler-kecirildi-ictimaiyyet-gozleyir\\\/\"},\"author\":{\"name\":\"user-manager\",\"@id\":\"https:\\\/\\\/www.meydan.tv\\\/az\\\/#\\\/schema\\\/person\\\/10d11eccf6da3662cf5fdab9806ea91a\"},\"headline\":\"Se\u00e7kil\u0259r ke\u00e7irildi, ictimaiyy\u0259t g\u00f6zl\u0259yir\",\"datePublished\":\"2018-04-12T15:57:11+00:00\",\"mainEntityOfPage\":{\"@id\":\"https:\\\/\\\/www.meydan.tv\\\/az\\\/article\\\/seckiler-kecirildi-ictimaiyyet-gozleyir\\\/\"},\"wordCount\":3164,\"publisher\":{\"@id\":\"https:\\\/\\\/www.meydan.tv\\\/az\\\/#organization\"},\"image\":{\"@id\":\"https:\\\/\\\/www.meydan.tv\\\/az\\\/article\\\/seckiler-kecirildi-ictimaiyyet-gozleyir\\\/#primaryimage\"},\"thumbnailUrl\":\"https:\\\/\\\/www.meydan.tv\\\/wp-content\\\/uploads\\\/40458.jpg\",\"articleSection\":[\"Analitika\"],\"inLanguage\":\"az\"},{\"@type\":\"WebPage\",\"@id\":\"https:\\\/\\\/www.meydan.tv\\\/az\\\/article\\\/seckiler-kecirildi-ictimaiyyet-gozleyir\\\/\",\"url\":\"https:\\\/\\\/www.meydan.tv\\\/az\\\/article\\\/seckiler-kecirildi-ictimaiyyet-gozleyir\\\/\",\"name\":\"Se\u00e7kil\u0259r ke\u00e7irildi, ictimaiyy\u0259t g\u00f6zl\u0259yir - MEYDAN.TV\",\"isPartOf\":{\"@id\":\"https:\\\/\\\/www.meydan.tv\\\/az\\\/#website\"},\"primaryImageOfPage\":{\"@id\":\"https:\\\/\\\/www.meydan.tv\\\/az\\\/article\\\/seckiler-kecirildi-ictimaiyyet-gozleyir\\\/#primaryimage\"},\"image\":{\"@id\":\"https:\\\/\\\/www.meydan.tv\\\/az\\\/article\\\/seckiler-kecirildi-ictimaiyyet-gozleyir\\\/#primaryimage\"},\"thumbnailUrl\":\"https:\\\/\\\/www.meydan.tv\\\/wp-content\\\/uploads\\\/40458.jpg\",\"datePublished\":\"2018-04-12T15:57:11+00:00\",\"breadcrumb\":{\"@id\":\"https:\\\/\\\/www.meydan.tv\\\/az\\\/article\\\/seckiler-kecirildi-ictimaiyyet-gozleyir\\\/#breadcrumb\"},\"inLanguage\":\"az\",\"potentialAction\":[{\"@type\":\"ReadAction\",\"target\":[\"https:\\\/\\\/www.meydan.tv\\\/az\\\/article\\\/seckiler-kecirildi-ictimaiyyet-gozleyir\\\/\"]}]},{\"@type\":\"ImageObject\",\"inLanguage\":\"az\",\"@id\":\"https:\\\/\\\/www.meydan.tv\\\/az\\\/article\\\/seckiler-kecirildi-ictimaiyyet-gozleyir\\\/#primaryimage\",\"url\":\"https:\\\/\\\/www.meydan.tv\\\/wp-content\\\/uploads\\\/40458.jpg\",\"contentUrl\":\"https:\\\/\\\/www.meydan.tv\\\/wp-content\\\/uploads\\\/40458.jpg\",\"width\":800,\"height\":400,\"caption\":\"Source:\"},{\"@type\":\"BreadcrumbList\",\"@id\":\"https:\\\/\\\/www.meydan.tv\\\/az\\\/article\\\/seckiler-kecirildi-ictimaiyyet-gozleyir\\\/#breadcrumb\",\"itemListElement\":[{\"@type\":\"ListItem\",\"position\":1,\"name\":\"Ana s\u0259hif\u0259\",\"item\":\"https:\\\/\\\/www.meydan.tv\\\/az\\\/\"},{\"@type\":\"ListItem\",\"position\":2,\"name\":\"Analitika\",\"item\":\"https:\\\/\\\/www.meydan.tv\\\/az\\\/section\\\/analitika\\\/\"},{\"@type\":\"ListItem\",\"position\":3,\"name\":\"Se\u00e7kil\u0259r ke\u00e7irildi, ictimaiyy\u0259t g\u00f6zl\u0259yir\"}]},{\"@type\":\"WebSite\",\"@id\":\"https:\\\/\\\/www.meydan.tv\\\/az\\\/#website\",\"url\":\"https:\\\/\\\/www.meydan.tv\\\/az\\\/\",\"name\":\"MEYDAN.TV\",\"description\":\"Meydan TV Az\u0259rbaycan\u0131n media m\u0259kan\u0131ndak\u0131 alternativ s\u0259sidir\",\"publisher\":{\"@id\":\"https:\\\/\\\/www.meydan.tv\\\/az\\\/#organization\"},\"potentialAction\":[{\"@type\":\"SearchAction\",\"target\":{\"@type\":\"EntryPoint\",\"urlTemplate\":\"https:\\\/\\\/www.meydan.tv\\\/az\\\/?s={search_term_string}\"},\"query-input\":{\"@type\":\"PropertyValueSpecification\",\"valueRequired\":true,\"valueName\":\"search_term_string\"}}],\"inLanguage\":\"az\"},{\"@type\":\"Organization\",\"@id\":\"https:\\\/\\\/www.meydan.tv\\\/az\\\/#organization\",\"name\":\"Meydan TV\",\"url\":\"https:\\\/\\\/www.meydan.tv\\\/az\\\/\",\"logo\":{\"@type\":\"ImageObject\",\"inLanguage\":\"az\",\"@id\":\"https:\\\/\\\/www.meydan.tv\\\/az\\\/#\\\/schema\\\/logo\\\/image\\\/\",\"url\":\"https:\\\/\\\/www.meydan.tv\\\/wp-content\\\/uploads\\\/2021\\\/07\\\/meydan-logo.svg\",\"contentUrl\":\"https:\\\/\\\/www.meydan.tv\\\/wp-content\\\/uploads\\\/2021\\\/07\\\/meydan-logo.svg\",\"width\":195,\"height\":46,\"caption\":\"Meydan TV\"},\"image\":{\"@id\":\"https:\\\/\\\/www.meydan.tv\\\/az\\\/#\\\/schema\\\/logo\\\/image\\\/\"}},{\"@type\":\"Person\",\"@id\":\"https:\\\/\\\/www.meydan.tv\\\/az\\\/#\\\/schema\\\/person\\\/10d11eccf6da3662cf5fdab9806ea91a\",\"name\":\"user-manager\"}]}<\/script>\n<!-- \/ Yoast SEO plugin. -->","yoast_head_json":{"title":"Se\u00e7kil\u0259r ke\u00e7irildi, ictimaiyy\u0259t g\u00f6zl\u0259yir - MEYDAN.TV","robots":{"index":"index","follow":"follow","max-snippet":"max-snippet:-1","max-image-preview":"max-image-preview:large","max-video-preview":"max-video-preview:-1"},"canonical":"https:\/\/www.meydan.tv\/az\/article\/seckiler-kecirildi-ictimaiyyet-gozleyir\/","og_locale":"az_AZ","og_type":"article","og_title":"Se\u00e7kil\u0259r ke\u00e7irildi, ictimaiyy\u0259t g\u00f6zl\u0259yir - MEYDAN.TV","og_description":"foto Turan \u0130A Az\u0259rbaycanda prezident se\u00e7kil\u0259ri ke\u00e7irildi \u2013 n\u0259tic\u0259l\u0259r \u00f6nc\u0259d\u0259n ... Davam\u0131","og_url":"https:\/\/www.meydan.tv\/az\/article\/seckiler-kecirildi-ictimaiyyet-gozleyir\/","og_site_name":"MEYDAN.TV","article_published_time":"2018-04-12T15:57:11+00:00","og_image":[{"width":800,"height":400,"url":"https:\/\/www.meydan.tv\/wp-content\/uploads\/40458.jpg","type":"image\/jpeg"}],"author":"user-manager","twitter_card":"summary_large_image","schema":{"@context":"https:\/\/schema.org","@graph":[{"@type":"Article","@id":"https:\/\/www.meydan.tv\/az\/article\/seckiler-kecirildi-ictimaiyyet-gozleyir\/#article","isPartOf":{"@id":"https:\/\/www.meydan.tv\/az\/article\/seckiler-kecirildi-ictimaiyyet-gozleyir\/"},"author":{"name":"user-manager","@id":"https:\/\/www.meydan.tv\/az\/#\/schema\/person\/10d11eccf6da3662cf5fdab9806ea91a"},"headline":"Se\u00e7kil\u0259r ke\u00e7irildi, ictimaiyy\u0259t g\u00f6zl\u0259yir","datePublished":"2018-04-12T15:57:11+00:00","mainEntityOfPage":{"@id":"https:\/\/www.meydan.tv\/az\/article\/seckiler-kecirildi-ictimaiyyet-gozleyir\/"},"wordCount":3164,"publisher":{"@id":"https:\/\/www.meydan.tv\/az\/#organization"},"image":{"@id":"https:\/\/www.meydan.tv\/az\/article\/seckiler-kecirildi-ictimaiyyet-gozleyir\/#primaryimage"},"thumbnailUrl":"https:\/\/www.meydan.tv\/wp-content\/uploads\/40458.jpg","articleSection":["Analitika"],"inLanguage":"az"},{"@type":"WebPage","@id":"https:\/\/www.meydan.tv\/az\/article\/seckiler-kecirildi-ictimaiyyet-gozleyir\/","url":"https:\/\/www.meydan.tv\/az\/article\/seckiler-kecirildi-ictimaiyyet-gozleyir\/","name":"Se\u00e7kil\u0259r ke\u00e7irildi, ictimaiyy\u0259t g\u00f6zl\u0259yir - MEYDAN.TV","isPartOf":{"@id":"https:\/\/www.meydan.tv\/az\/#website"},"primaryImageOfPage":{"@id":"https:\/\/www.meydan.tv\/az\/article\/seckiler-kecirildi-ictimaiyyet-gozleyir\/#primaryimage"},"image":{"@id":"https:\/\/www.meydan.tv\/az\/article\/seckiler-kecirildi-ictimaiyyet-gozleyir\/#primaryimage"},"thumbnailUrl":"https:\/\/www.meydan.tv\/wp-content\/uploads\/40458.jpg","datePublished":"2018-04-12T15:57:11+00:00","breadcrumb":{"@id":"https:\/\/www.meydan.tv\/az\/article\/seckiler-kecirildi-ictimaiyyet-gozleyir\/#breadcrumb"},"inLanguage":"az","potentialAction":[{"@type":"ReadAction","target":["https:\/\/www.meydan.tv\/az\/article\/seckiler-kecirildi-ictimaiyyet-gozleyir\/"]}]},{"@type":"ImageObject","inLanguage":"az","@id":"https:\/\/www.meydan.tv\/az\/article\/seckiler-kecirildi-ictimaiyyet-gozleyir\/#primaryimage","url":"https:\/\/www.meydan.tv\/wp-content\/uploads\/40458.jpg","contentUrl":"https:\/\/www.meydan.tv\/wp-content\/uploads\/40458.jpg","width":800,"height":400,"caption":"Source:"},{"@type":"BreadcrumbList","@id":"https:\/\/www.meydan.tv\/az\/article\/seckiler-kecirildi-ictimaiyyet-gozleyir\/#breadcrumb","itemListElement":[{"@type":"ListItem","position":1,"name":"Ana s\u0259hif\u0259","item":"https:\/\/www.meydan.tv\/az\/"},{"@type":"ListItem","position":2,"name":"Analitika","item":"https:\/\/www.meydan.tv\/az\/section\/analitika\/"},{"@type":"ListItem","position":3,"name":"Se\u00e7kil\u0259r ke\u00e7irildi, ictimaiyy\u0259t g\u00f6zl\u0259yir"}]},{"@type":"WebSite","@id":"https:\/\/www.meydan.tv\/az\/#website","url":"https:\/\/www.meydan.tv\/az\/","name":"MEYDAN.TV","description":"Meydan TV Az\u0259rbaycan\u0131n media m\u0259kan\u0131ndak\u0131 alternativ s\u0259sidir","publisher":{"@id":"https:\/\/www.meydan.tv\/az\/#organization"},"potentialAction":[{"@type":"SearchAction","target":{"@type":"EntryPoint","urlTemplate":"https:\/\/www.meydan.tv\/az\/?s={search_term_string}"},"query-input":{"@type":"PropertyValueSpecification","valueRequired":true,"valueName":"search_term_string"}}],"inLanguage":"az"},{"@type":"Organization","@id":"https:\/\/www.meydan.tv\/az\/#organization","name":"Meydan TV","url":"https:\/\/www.meydan.tv\/az\/","logo":{"@type":"ImageObject","inLanguage":"az","@id":"https:\/\/www.meydan.tv\/az\/#\/schema\/logo\/image\/","url":"https:\/\/www.meydan.tv\/wp-content\/uploads\/2021\/07\/meydan-logo.svg","contentUrl":"https:\/\/www.meydan.tv\/wp-content\/uploads\/2021\/07\/meydan-logo.svg","width":195,"height":46,"caption":"Meydan TV"},"image":{"@id":"https:\/\/www.meydan.tv\/az\/#\/schema\/logo\/image\/"}},{"@type":"Person","@id":"https:\/\/www.meydan.tv\/az\/#\/schema\/person\/10d11eccf6da3662cf5fdab9806ea91a","name":"user-manager"}]}},"_links":{"self":[{"href":"https:\/\/www.meydan.tv\/az\/wp-json\/wp\/v2\/posts\/189509","targetHints":{"allow":["GET"]}}],"collection":[{"href":"https:\/\/www.meydan.tv\/az\/wp-json\/wp\/v2\/posts"}],"about":[{"href":"https:\/\/www.meydan.tv\/az\/wp-json\/wp\/v2\/types\/post"}],"author":[{"embeddable":true,"href":"https:\/\/www.meydan.tv\/az\/wp-json\/wp\/v2\/users\/11"}],"replies":[{"embeddable":true,"href":"https:\/\/www.meydan.tv\/az\/wp-json\/wp\/v2\/comments?post=189509"}],"version-history":[{"count":0,"href":"https:\/\/www.meydan.tv\/az\/wp-json\/wp\/v2\/posts\/189509\/revisions"}],"wp:featuredmedia":[{"embeddable":true,"href":"https:\/\/www.meydan.tv\/az\/wp-json\/wp\/v2\/media\/102135"}],"wp:attachment":[{"href":"https:\/\/www.meydan.tv\/az\/wp-json\/wp\/v2\/media?parent=189509"}],"wp:term":[{"taxonomy":"category","embeddable":true,"href":"https:\/\/www.meydan.tv\/az\/wp-json\/wp\/v2\/categories?post=189509"},{"taxonomy":"post_tag","embeddable":true,"href":"https:\/\/www.meydan.tv\/az\/wp-json\/wp\/v2\/tags?post=189509"}],"curies":[{"name":"wp","href":"https:\/\/api.w.org\/{rel}","templated":true}]}}