{"id":189479,"date":"2018-04-11T17:10:59","date_gmt":"2018-04-11T17:10:59","guid":{"rendered":"https:\/\/www.meydan.tv\/article\/musahideciler-qaydalarin-pozuldugunu-deyir\/"},"modified":"2018-04-11T17:10:59","modified_gmt":"2018-04-11T17:10:59","slug":"musahideciler-qaydalarin-pozuldugunu-deyir","status":"publish","type":"post","link":"https:\/\/www.meydan.tv\/az\/article\/musahideciler-qaydalarin-pozuldugunu-deyir\/","title":{"rendered":"M\u00fc\u015fahid\u0259\u00e7il\u0259r qaydalar\u0131n pozuldu\u011funu deyir"},"content":{"rendered":"<figure class=\"wp-block-embed is-type-video is-provider-youtube wp-block-embed-youtube wp-embed-aspect-16-9 wp-has-aspect-ratio\">\n<div class=\"wp-block-embed__wrapper\">\n    <iframe\ttitle=\"\" width=\"1200\" height=\"675\" data-src=\"https:\/\/www.youtube.com\/embed\/Rm1MJ_gJ2rM\"\tframeborder=\"0\"\tallow=\"accelerometer; autoplay; clipboard-write; encrypted-media; gyroscope; picture-in-picture\" allowfullscreen src=\"data:image\/svg+xml;base64,PHN2ZyB3aWR0aD0iMSIgaGVpZ2h0PSIxIiB4bWxucz0iaHR0cDovL3d3dy53My5vcmcvMjAwMC9zdmciPjwvc3ZnPg==\" class=\"lazyload\" data-load-mode=\"1\"><\/iframe>\n  <\/div><figcaption><\/figcaption><\/figure>\n<p>\n  25 sayl\u0131 Nizami 2-ci se\u00e7ki dair\u0259sinin m\u00fc\u015fahid\u0259\u00e7isi V\u00fcsal V\u0259liyev m\u0259nt\u0259q\u0259d\u0259 m\u00fc\u015fahid\u0259\u00e7il\u0259rin telefonlar\u0131n\u0131n \u0259lind\u0259n al\u0131nd\u0131\u011f\u0131n\u0131 deyir:\n<\/p>\n<p>\n  \u201cY\u0259qin g\u00f6rd\u00fcy\u00fcm\u00fcz qayda pozuntular\u0131n\u0131 lent\u0259 alma\u011f\u0131m\u0131zdan \u00e7\u0259kinirl\u0259r. D\u00fczd\u00fcr, ba\u015f ver\u0259n b\u00fct\u00fcn qayda pozuntular\u0131na n\u0259zar\u0259t etm\u0259k olmur. Onlar \u00e7ox, biz t\u0259kik. \u00dcst\u0259lik, m\u0259n buna cavabdeh deyil\u0259m. M\u00fc\u015fahid\u0259 vaxt\u0131 m\u0259nt\u0259q\u0259 s\u0259dri telefondan istifad\u0259 etm\u0259y\u0259 qada\u011fa qoyur. Deyir, telefondan istifad\u0259 etm\u0259k olmaz. T\u0259bii, m\u0259n istifad\u0259 etm\u0259y\u0259 \u00e7al\u0131\u015f\u0131rd\u0131m. H\u0259tta b\u0259zi m\u00fc\u015fahid\u0259\u00e7il\u0259r se\u00e7ki ba\u015flamam\u0131\u015f telefonlar\u0131n\u0131n topland\u0131\u011f\u0131n\u0131 da deyirdil\u0259r. M\u0259n telefonumun \u0259limd\u0259n al\u0131nmas\u0131na etiraz ed\u0259nd\u0259 t\u0259k m\u0259nt\u0259q\u0259 s\u0259dri yox, dig\u0259r m\u00fc\u015fahid\u0259\u00e7il\u0259r d\u0259 etiraz edirdi. Maraql\u0131s\u0131 budur. Deyirl\u0259r, niy\u0259 provakasiya yaratma\u011fa \u00e7al\u0131\u015f\u0131rsan? Telefonu ver v\u0259 he\u00e7 kim\u0259 m\u00fcsahib\u0259 verm\u0259. T\u0259bii ki, bu, psixoloji basq\u0131d\u0131r, narahat\u00e7\u0131l\u0131q yaratmaq \u00fc\u00e7\u00fcn edirl\u0259r. H\u0259tta m\u0259nt\u0259q\u0259d\u0259n getm\u0259yimizi ist\u0259yirl\u0259r\u201d.\n<\/p>\n<p>\n  Se\u00e7ki komissiyas\u0131n\u0131n xan\u0131m \u00fczv\u00fc d\u0259 m\u00fc\u015fahid\u0259\u00e7iy\u0259 bildirir ki, telefondan istifad\u0259 etm\u0259k ist\u0259yirsinizs\u0259, \u00e7\u00f6l\u0259 \u00e7\u0131x\u0131n: \u201cM\u0259nt\u0259q\u0259 daxilind\u0259 telefonla m\u0259\u015f\u011ful olmay\u0131n\u201d.\n<\/p>\n<p>\n  M\u00fc\u015fahid\u0259\u00e7i bu qada\u011fan\u0131n haradan g\u0259ldiyini, varsa s\u0259n\u0259d g\u00f6st\u0259rm\u0259sini xahi\u015f ets\u0259 d\u0259, xan\u0131m ona fikir verm\u0259d\u0259n, i\u015fini g\u00f6r\u00fcr.\n<\/p>\n<p>\n  28 sayl\u0131 Sabun\u00e7u \u00fc\u00e7\u00fcnc\u00fc se\u00e7ki dair\u0259sinin 25 sayl\u0131 m\u0259nt\u0259q\u0259sind\u0259 m\u00fc\u015fahid\u0259 aparan Az\u0259r H\u00fcmb\u0259tov is\u0259 m\u0259nt\u0259q\u0259 s\u0259drin\u0259 g\u00f6rd\u00fcy\u00fc qanun, se\u00e7ki pozuntusu bar\u0259d\u0259 m\u0259lumat verir. A\u00e7\u0131q-a\u015fkar pozuntuya yol verildiyini s\u00f6yl\u0259yir. M\u0259nt\u0259q\u0259 s\u0259dri onu dinl\u0259m\u0259d\u0259n \u00fcz\u00fcn\u00fc \u00e7evirib gedir. Jurnalist\u0259 is\u0259 \u00e7\u0259kili\u015f aparmamas\u0131n\u0131 tap\u015f\u0131r\u0131r.\n<\/p>\n<p>\n  \u201cBurada 3 se\u00e7ki m\u0259nt\u0259q\u0259si var. Eyni adamlar h\u0259r m\u0259nt\u0259q\u0259d\u0259 ayr\u0131-ayr\u0131l\u0131qda girib s\u0259s verirl\u0259r. Bu, qayda pozuntusudur. Bir \u015feyin d\u0259 \u015fahidi oldum. Qap\u0131n\u0131n a\u011fz\u0131nda bir n\u0259f\u0259r oturub. Se\u00e7icil\u0259r m\u0259nt\u0259q\u0259y\u0259 gir\u0259nd\u0259 h\u0259min \u015f\u0259xs onlara t\u0259limat verir: \u201cFilan yer\u0259 gedin, yuxar\u0131 qalx\u0131n, sa\u011fa d\u00f6n\u00fcn\u201d v\u0259 s. G\u00f6rd\u00fcy\u00fcm pozuntularla ba\u011fl\u0131 s\u0259dr\u0259 m\u00fcraci\u0259t etdim. M\u0259n\u0259 \u201cqar\u0131\u015fma, bo\u015f ver\u201d dedi. S\u0259h\u0259r saat 7-d\u0259n buradayam. Xeyli qayda pozuntusuna \u015fahidlik etmi\u015f\u0259m\u201d \u2013 dey\u0259, Az\u0259r H\u00fcmb\u0259tov bildirir.<\/p>\n","protected":false},"excerpt":{"rendered":"<p>25 sayl\u0131 Nizami 2-ci se\u00e7ki dair\u0259sinin m\u00fc\u015fahid\u0259\u00e7isi V\u00fcsal V\u0259liyev m\u0259nt\u0259q\u0259d\u0259 m\u00fc\u015fahid\u0259\u00e7il\u0259rin telefonlar\u0131n\u0131n \u0259lind\u0259n al\u0131nd\u0131\u011f\u0131n\u0131 deyir<\/p>\n","protected":false},"author":11,"featured_media":102057,"comment_status":"closed","ping_status":"open","sticky":false,"template":"","format":"standard","meta":{"_acf_changed":false,"_sitemap_exclude":false,"_sitemap_priority":"","_sitemap_frequency":"","footnotes":""},"categories":[51],"tags":[],"class_list":["post-189479","post","type-post","status-publish","format-standard","has-post-thumbnail","hentry","category-analitika","infinite-scroll-item","generate-columns","tablet-grid-50","mobile-grid-100","grid-parent","grid-33","no-featured-image-padding"],"acf":[],"yoast_head":"<!-- This site is optimized with the Yoast SEO plugin v27.4 - https:\/\/yoast.com\/product\/yoast-seo-wordpress\/ -->\n<title>M\u00fc\u015fahid\u0259\u00e7il\u0259r qaydalar\u0131n pozuldu\u011funu deyir - MEYDAN.TV<\/title>\n<meta name=\"robots\" content=\"index, follow, max-snippet:-1, max-image-preview:large, max-video-preview:-1\" \/>\n<link rel=\"canonical\" href=\"https:\/\/www.meydan.tv\/az\/article\/musahideciler-qaydalarin-pozuldugunu-deyir\/\" \/>\n<meta property=\"og:locale\" content=\"az_AZ\" \/>\n<meta property=\"og:type\" content=\"article\" \/>\n<meta property=\"og:title\" content=\"M\u00fc\u015fahid\u0259\u00e7il\u0259r qaydalar\u0131n pozuldu\u011funu deyir - MEYDAN.TV\" \/>\n<meta property=\"og:description\" content=\"25 sayl\u0131 Nizami 2-ci se\u00e7ki dair\u0259sinin m\u00fc\u015fahid\u0259\u00e7isi V\u00fcsal V\u0259liyev m\u0259nt\u0259q\u0259d\u0259 m\u00fc\u015fahid\u0259\u00e7il\u0259rin telefonlar\u0131n\u0131n \u0259lind\u0259n al\u0131nd\u0131\u011f\u0131n\u0131 deyir\" \/>\n<meta property=\"og:url\" content=\"https:\/\/www.meydan.tv\/az\/article\/musahideciler-qaydalarin-pozuldugunu-deyir\/\" \/>\n<meta property=\"og:site_name\" content=\"MEYDAN.TV\" \/>\n<meta property=\"article:published_time\" content=\"2018-04-11T17:10:59+00:00\" \/>\n<meta property=\"og:image\" content=\"https:\/\/www.meydan.tv\/wp-content\/uploads\/40428.png\" \/>\n\t<meta property=\"og:image:width\" content=\"1334\" \/>\n\t<meta property=\"og:image:height\" content=\"748\" \/>\n\t<meta property=\"og:image:type\" content=\"image\/png\" \/>\n<meta name=\"author\" content=\"user-manager\" \/>\n<meta name=\"twitter:card\" content=\"summary_large_image\" \/>\n<script type=\"application\/ld+json\" class=\"yoast-schema-graph\">{\"@context\":\"https:\\\/\\\/schema.org\",\"@graph\":[{\"@type\":\"Article\",\"@id\":\"https:\\\/\\\/www.meydan.tv\\\/az\\\/article\\\/musahideciler-qaydalarin-pozuldugunu-deyir\\\/#article\",\"isPartOf\":{\"@id\":\"https:\\\/\\\/www.meydan.tv\\\/az\\\/article\\\/musahideciler-qaydalarin-pozuldugunu-deyir\\\/\"},\"author\":{\"name\":\"user-manager\",\"@id\":\"https:\\\/\\\/www.meydan.tv\\\/az\\\/#\\\/schema\\\/person\\\/10d11eccf6da3662cf5fdab9806ea91a\"},\"headline\":\"M\u00fc\u015fahid\u0259\u00e7il\u0259r qaydalar\u0131n pozuldu\u011funu deyir\",\"datePublished\":\"2018-04-11T17:10:59+00:00\",\"mainEntityOfPage\":{\"@id\":\"https:\\\/\\\/www.meydan.tv\\\/az\\\/article\\\/musahideciler-qaydalarin-pozuldugunu-deyir\\\/\"},\"wordCount\":460,\"publisher\":{\"@id\":\"https:\\\/\\\/www.meydan.tv\\\/az\\\/#organization\"},\"image\":{\"@id\":\"https:\\\/\\\/www.meydan.tv\\\/az\\\/article\\\/musahideciler-qaydalarin-pozuldugunu-deyir\\\/#primaryimage\"},\"thumbnailUrl\":\"https:\\\/\\\/www.meydan.tv\\\/wp-content\\\/uploads\\\/40428.png\",\"articleSection\":[\"Analitika\"],\"inLanguage\":\"az\"},{\"@type\":\"WebPage\",\"@id\":\"https:\\\/\\\/www.meydan.tv\\\/az\\\/article\\\/musahideciler-qaydalarin-pozuldugunu-deyir\\\/\",\"url\":\"https:\\\/\\\/www.meydan.tv\\\/az\\\/article\\\/musahideciler-qaydalarin-pozuldugunu-deyir\\\/\",\"name\":\"M\u00fc\u015fahid\u0259\u00e7il\u0259r qaydalar\u0131n pozuldu\u011funu deyir - MEYDAN.TV\",\"isPartOf\":{\"@id\":\"https:\\\/\\\/www.meydan.tv\\\/az\\\/#website\"},\"primaryImageOfPage\":{\"@id\":\"https:\\\/\\\/www.meydan.tv\\\/az\\\/article\\\/musahideciler-qaydalarin-pozuldugunu-deyir\\\/#primaryimage\"},\"image\":{\"@id\":\"https:\\\/\\\/www.meydan.tv\\\/az\\\/article\\\/musahideciler-qaydalarin-pozuldugunu-deyir\\\/#primaryimage\"},\"thumbnailUrl\":\"https:\\\/\\\/www.meydan.tv\\\/wp-content\\\/uploads\\\/40428.png\",\"datePublished\":\"2018-04-11T17:10:59+00:00\",\"breadcrumb\":{\"@id\":\"https:\\\/\\\/www.meydan.tv\\\/az\\\/article\\\/musahideciler-qaydalarin-pozuldugunu-deyir\\\/#breadcrumb\"},\"inLanguage\":\"az\",\"potentialAction\":[{\"@type\":\"ReadAction\",\"target\":[\"https:\\\/\\\/www.meydan.tv\\\/az\\\/article\\\/musahideciler-qaydalarin-pozuldugunu-deyir\\\/\"]}]},{\"@type\":\"ImageObject\",\"inLanguage\":\"az\",\"@id\":\"https:\\\/\\\/www.meydan.tv\\\/az\\\/article\\\/musahideciler-qaydalarin-pozuldugunu-deyir\\\/#primaryimage\",\"url\":\"https:\\\/\\\/www.meydan.tv\\\/wp-content\\\/uploads\\\/40428.png\",\"contentUrl\":\"https:\\\/\\\/www.meydan.tv\\\/wp-content\\\/uploads\\\/40428.png\",\"width\":1334,\"height\":748,\"caption\":\"Source:\"},{\"@type\":\"BreadcrumbList\",\"@id\":\"https:\\\/\\\/www.meydan.tv\\\/az\\\/article\\\/musahideciler-qaydalarin-pozuldugunu-deyir\\\/#breadcrumb\",\"itemListElement\":[{\"@type\":\"ListItem\",\"position\":1,\"name\":\"Ana s\u0259hif\u0259\",\"item\":\"https:\\\/\\\/www.meydan.tv\\\/az\\\/\"},{\"@type\":\"ListItem\",\"position\":2,\"name\":\"Analitika\",\"item\":\"https:\\\/\\\/www.meydan.tv\\\/az\\\/section\\\/analitika\\\/\"},{\"@type\":\"ListItem\",\"position\":3,\"name\":\"M\u00fc\u015fahid\u0259\u00e7il\u0259r qaydalar\u0131n pozuldu\u011funu deyir\"}]},{\"@type\":\"WebSite\",\"@id\":\"https:\\\/\\\/www.meydan.tv\\\/az\\\/#website\",\"url\":\"https:\\\/\\\/www.meydan.tv\\\/az\\\/\",\"name\":\"MEYDAN.TV\",\"description\":\"Meydan TV Az\u0259rbaycan\u0131n media m\u0259kan\u0131ndak\u0131 alternativ s\u0259sidir\",\"publisher\":{\"@id\":\"https:\\\/\\\/www.meydan.tv\\\/az\\\/#organization\"},\"potentialAction\":[{\"@type\":\"SearchAction\",\"target\":{\"@type\":\"EntryPoint\",\"urlTemplate\":\"https:\\\/\\\/www.meydan.tv\\\/az\\\/?s={search_term_string}\"},\"query-input\":{\"@type\":\"PropertyValueSpecification\",\"valueRequired\":true,\"valueName\":\"search_term_string\"}}],\"inLanguage\":\"az\"},{\"@type\":\"Organization\",\"@id\":\"https:\\\/\\\/www.meydan.tv\\\/az\\\/#organization\",\"name\":\"Meydan TV\",\"url\":\"https:\\\/\\\/www.meydan.tv\\\/az\\\/\",\"logo\":{\"@type\":\"ImageObject\",\"inLanguage\":\"az\",\"@id\":\"https:\\\/\\\/www.meydan.tv\\\/az\\\/#\\\/schema\\\/logo\\\/image\\\/\",\"url\":\"https:\\\/\\\/www.meydan.tv\\\/wp-content\\\/uploads\\\/2021\\\/07\\\/meydan-logo.svg\",\"contentUrl\":\"https:\\\/\\\/www.meydan.tv\\\/wp-content\\\/uploads\\\/2021\\\/07\\\/meydan-logo.svg\",\"width\":195,\"height\":46,\"caption\":\"Meydan TV\"},\"image\":{\"@id\":\"https:\\\/\\\/www.meydan.tv\\\/az\\\/#\\\/schema\\\/logo\\\/image\\\/\"}},{\"@type\":\"Person\",\"@id\":\"https:\\\/\\\/www.meydan.tv\\\/az\\\/#\\\/schema\\\/person\\\/10d11eccf6da3662cf5fdab9806ea91a\",\"name\":\"user-manager\"}]}<\/script>\n<!-- \/ Yoast SEO plugin. -->","yoast_head_json":{"title":"M\u00fc\u015fahid\u0259\u00e7il\u0259r qaydalar\u0131n pozuldu\u011funu deyir - MEYDAN.TV","robots":{"index":"index","follow":"follow","max-snippet":"max-snippet:-1","max-image-preview":"max-image-preview:large","max-video-preview":"max-video-preview:-1"},"canonical":"https:\/\/www.meydan.tv\/az\/article\/musahideciler-qaydalarin-pozuldugunu-deyir\/","og_locale":"az_AZ","og_type":"article","og_title":"M\u00fc\u015fahid\u0259\u00e7il\u0259r qaydalar\u0131n pozuldu\u011funu deyir - MEYDAN.TV","og_description":"25 sayl\u0131 Nizami 2-ci se\u00e7ki dair\u0259sinin m\u00fc\u015fahid\u0259\u00e7isi V\u00fcsal V\u0259liyev m\u0259nt\u0259q\u0259d\u0259 m\u00fc\u015fahid\u0259\u00e7il\u0259rin telefonlar\u0131n\u0131n \u0259lind\u0259n al\u0131nd\u0131\u011f\u0131n\u0131 deyir","og_url":"https:\/\/www.meydan.tv\/az\/article\/musahideciler-qaydalarin-pozuldugunu-deyir\/","og_site_name":"MEYDAN.TV","article_published_time":"2018-04-11T17:10:59+00:00","og_image":[{"width":1334,"height":748,"url":"https:\/\/www.meydan.tv\/wp-content\/uploads\/40428.png","type":"image\/png"}],"author":"user-manager","twitter_card":"summary_large_image","schema":{"@context":"https:\/\/schema.org","@graph":[{"@type":"Article","@id":"https:\/\/www.meydan.tv\/az\/article\/musahideciler-qaydalarin-pozuldugunu-deyir\/#article","isPartOf":{"@id":"https:\/\/www.meydan.tv\/az\/article\/musahideciler-qaydalarin-pozuldugunu-deyir\/"},"author":{"name":"user-manager","@id":"https:\/\/www.meydan.tv\/az\/#\/schema\/person\/10d11eccf6da3662cf5fdab9806ea91a"},"headline":"M\u00fc\u015fahid\u0259\u00e7il\u0259r qaydalar\u0131n pozuldu\u011funu deyir","datePublished":"2018-04-11T17:10:59+00:00","mainEntityOfPage":{"@id":"https:\/\/www.meydan.tv\/az\/article\/musahideciler-qaydalarin-pozuldugunu-deyir\/"},"wordCount":460,"publisher":{"@id":"https:\/\/www.meydan.tv\/az\/#organization"},"image":{"@id":"https:\/\/www.meydan.tv\/az\/article\/musahideciler-qaydalarin-pozuldugunu-deyir\/#primaryimage"},"thumbnailUrl":"https:\/\/www.meydan.tv\/wp-content\/uploads\/40428.png","articleSection":["Analitika"],"inLanguage":"az"},{"@type":"WebPage","@id":"https:\/\/www.meydan.tv\/az\/article\/musahideciler-qaydalarin-pozuldugunu-deyir\/","url":"https:\/\/www.meydan.tv\/az\/article\/musahideciler-qaydalarin-pozuldugunu-deyir\/","name":"M\u00fc\u015fahid\u0259\u00e7il\u0259r qaydalar\u0131n pozuldu\u011funu deyir - MEYDAN.TV","isPartOf":{"@id":"https:\/\/www.meydan.tv\/az\/#website"},"primaryImageOfPage":{"@id":"https:\/\/www.meydan.tv\/az\/article\/musahideciler-qaydalarin-pozuldugunu-deyir\/#primaryimage"},"image":{"@id":"https:\/\/www.meydan.tv\/az\/article\/musahideciler-qaydalarin-pozuldugunu-deyir\/#primaryimage"},"thumbnailUrl":"https:\/\/www.meydan.tv\/wp-content\/uploads\/40428.png","datePublished":"2018-04-11T17:10:59+00:00","breadcrumb":{"@id":"https:\/\/www.meydan.tv\/az\/article\/musahideciler-qaydalarin-pozuldugunu-deyir\/#breadcrumb"},"inLanguage":"az","potentialAction":[{"@type":"ReadAction","target":["https:\/\/www.meydan.tv\/az\/article\/musahideciler-qaydalarin-pozuldugunu-deyir\/"]}]},{"@type":"ImageObject","inLanguage":"az","@id":"https:\/\/www.meydan.tv\/az\/article\/musahideciler-qaydalarin-pozuldugunu-deyir\/#primaryimage","url":"https:\/\/www.meydan.tv\/wp-content\/uploads\/40428.png","contentUrl":"https:\/\/www.meydan.tv\/wp-content\/uploads\/40428.png","width":1334,"height":748,"caption":"Source:"},{"@type":"BreadcrumbList","@id":"https:\/\/www.meydan.tv\/az\/article\/musahideciler-qaydalarin-pozuldugunu-deyir\/#breadcrumb","itemListElement":[{"@type":"ListItem","position":1,"name":"Ana s\u0259hif\u0259","item":"https:\/\/www.meydan.tv\/az\/"},{"@type":"ListItem","position":2,"name":"Analitika","item":"https:\/\/www.meydan.tv\/az\/section\/analitika\/"},{"@type":"ListItem","position":3,"name":"M\u00fc\u015fahid\u0259\u00e7il\u0259r qaydalar\u0131n pozuldu\u011funu deyir"}]},{"@type":"WebSite","@id":"https:\/\/www.meydan.tv\/az\/#website","url":"https:\/\/www.meydan.tv\/az\/","name":"MEYDAN.TV","description":"Meydan TV Az\u0259rbaycan\u0131n media m\u0259kan\u0131ndak\u0131 alternativ s\u0259sidir","publisher":{"@id":"https:\/\/www.meydan.tv\/az\/#organization"},"potentialAction":[{"@type":"SearchAction","target":{"@type":"EntryPoint","urlTemplate":"https:\/\/www.meydan.tv\/az\/?s={search_term_string}"},"query-input":{"@type":"PropertyValueSpecification","valueRequired":true,"valueName":"search_term_string"}}],"inLanguage":"az"},{"@type":"Organization","@id":"https:\/\/www.meydan.tv\/az\/#organization","name":"Meydan TV","url":"https:\/\/www.meydan.tv\/az\/","logo":{"@type":"ImageObject","inLanguage":"az","@id":"https:\/\/www.meydan.tv\/az\/#\/schema\/logo\/image\/","url":"https:\/\/www.meydan.tv\/wp-content\/uploads\/2021\/07\/meydan-logo.svg","contentUrl":"https:\/\/www.meydan.tv\/wp-content\/uploads\/2021\/07\/meydan-logo.svg","width":195,"height":46,"caption":"Meydan TV"},"image":{"@id":"https:\/\/www.meydan.tv\/az\/#\/schema\/logo\/image\/"}},{"@type":"Person","@id":"https:\/\/www.meydan.tv\/az\/#\/schema\/person\/10d11eccf6da3662cf5fdab9806ea91a","name":"user-manager"}]}},"_links":{"self":[{"href":"https:\/\/www.meydan.tv\/az\/wp-json\/wp\/v2\/posts\/189479","targetHints":{"allow":["GET"]}}],"collection":[{"href":"https:\/\/www.meydan.tv\/az\/wp-json\/wp\/v2\/posts"}],"about":[{"href":"https:\/\/www.meydan.tv\/az\/wp-json\/wp\/v2\/types\/post"}],"author":[{"embeddable":true,"href":"https:\/\/www.meydan.tv\/az\/wp-json\/wp\/v2\/users\/11"}],"replies":[{"embeddable":true,"href":"https:\/\/www.meydan.tv\/az\/wp-json\/wp\/v2\/comments?post=189479"}],"version-history":[{"count":0,"href":"https:\/\/www.meydan.tv\/az\/wp-json\/wp\/v2\/posts\/189479\/revisions"}],"wp:featuredmedia":[{"embeddable":true,"href":"https:\/\/www.meydan.tv\/az\/wp-json\/wp\/v2\/media\/102057"}],"wp:attachment":[{"href":"https:\/\/www.meydan.tv\/az\/wp-json\/wp\/v2\/media?parent=189479"}],"wp:term":[{"taxonomy":"category","embeddable":true,"href":"https:\/\/www.meydan.tv\/az\/wp-json\/wp\/v2\/categories?post=189479"},{"taxonomy":"post_tag","embeddable":true,"href":"https:\/\/www.meydan.tv\/az\/wp-json\/wp\/v2\/tags?post=189479"}],"curies":[{"name":"wp","href":"https:\/\/api.w.org\/{rel}","templated":true}]}}