{"id":189416,"date":"2018-04-08T22:54:10","date_gmt":"2018-04-08T22:54:10","guid":{"rendered":"https:\/\/www.meydan.tv\/article\/neye-ve-kime-ses-verecekler\/"},"modified":"2018-04-08T22:54:10","modified_gmt":"2018-04-08T22:54:10","slug":"neye-ve-kime-ses-verecekler","status":"publish","type":"post","link":"https:\/\/www.meydan.tv\/az\/article\/neye-ve-kime-ses-verecekler\/","title":{"rendered":"N\u0259y\u0259 v\u0259 kim\u0259 s\u0259s ver\u0259c\u0259kl\u0259r?"},"content":{"rendered":"<figure class=\"wp-block-image size-large\">\n  <img decoding=\"async\" src=\"https:\/\/www.meydan.tv\/az\/seckiler\/\" alt=\"Se\u00e7kil\u0259r\" class=\"wp-image-101829\"\/><figcaption>\n    Se\u00e7kil\u0259r<br \/>\n  <\/figcaption><\/figure>\n<p>\n  17 il bundan \u0259vv\u0259l Ulu \u00f6nd\u0259rin \u00f6z isti v\u0259 sevimli yerini o\u011fluna v\u0259siyy\u0259t etm\u0259k niyy\u0259ti bar\u0259d\u0259 s\u00f6z-s\u00f6hb\u0259t dola\u015fma\u011fa ba\u015flad\u0131.\n<\/p>\n<p>\n  M\u0259n Az\u0259rbaycan siyas\u0259tinin v\u0259 \u0259halisinin ger\u00e7\u0259klikl\u0259 uzla\u015fmayan \u0259ndr\u0259badi yar\u0131k\u00f6n\u00fcll\u00fc, yar\u0131zorak\u0131 se\u00e7im mayallaqlar\u0131na art\u0131q b\u0259l\u0259d idim, \u00f6lk\u0259nin \u0259n ali m\u0259qam\u0131nda V\u0259zirov, M\u00fct\u0259llibov v\u0259 El\u00e7ib\u0259y kimi bu v\u0259zif\u0259y\u0259 \u0259sla yaramayan insanlar\u0131n nec\u0259 \u0259yl\u0259\u015fdirildikl\u0259rini v\u0259 xalq\u0131m\u0131n ba\u015f\u0131na hans\u0131 m\u00fcsib\u0259tl\u0259ri g\u0259tirdikl\u0259rini g\u00f6rm\u00fc\u015fd\u00fcm. Lakin \u00f6mr\u00fcboyu ata himay\u0259sind\u0259n savay\u0131 he\u00e7 n\u0259 g\u00f6rm\u0259mi\u015f bir insan\u0131n amans\u0131z v\u0259 m\u00fcr\u0259kk\u0259b bir siyas\u0259t meydan\u0131nda \u0259zil\u0259n v\u0259 vurulan bir mill\u0259t\u0259 r\u0259hb\u0259rlik ed\u0259 bil\u0259c\u0259yin\u0259 he\u00e7 c\u00fcr inanma\u011f\u0131m g\u0259lmirdi v\u0259 inadla \u201c\u0130lham\u0131 prezident ed\u0259c\u0259kl\u0259r\u201d dey\u0259nl\u0259r\u0259 m\u00fcraci\u0259tl\u0259 bir t\u0259hlili m\u0259qal\u0259 d\u0259 yaz\u0131b d\u0259rc etdim. Bu m\u0259qal\u0259d\u0259 \u0130lham \u018fliyevin n\u0259 vaxtsa Az\u0259rbaycan prezidenti olaca\u011f\u0131na d\u0259rin \u015f\u00fcbh\u0259mi \u0259sasland\u0131rd\u0131m.\n<\/p>\n<p>\n  Q\u0259hr\u0259man xalq\u0131m tezlikl\u0259 m\u0259n\u0259 s\u00fcbut etdi ki, n\u00f6vb\u0259ti d\u0259f\u0259 yan\u0131lm\u0131\u015fam v\u0259 onun m\u00fcdrikliyi bar\u0259d\u0259 t\u0259s\u0259vv\u00fcrl\u0259rim h\u0259dd\u0259n ziyad\u0259 nikbin imi\u015f.\n<\/p>\n<p>\n  \u0130lham \u018fliyev ham\u0131ya m\u0259lum, lakin he\u00e7 k\u0259sin dilin\u0259 g\u0259tirm\u0259k ist\u0259m\u0259diyi siyasi mayallaqlar say\u0259sind\u0259 prezident elan olundu v\u0259 Ramiz Mehdiyev m\u0259lum tayfan\u0131n ba\u015f\u0131nda bu v\u00fccudu sip\u0259r ed\u0259r\u0259k Az\u0259rbaycan\u0131n total qar\u0259t \u0259m\u0259liyyat\u0131n\u0131 davam etdirdi.\n<\/p>\n<p>\n  Mill\u0259t yen\u0259 yar\u0131k\u00f6n\u00fcll\u00fc-yar\u0131zorak\u0131 girov d\u00fc\u015fd\u00fc v\u0259 \u00e7ar\u0259sizlikd\u0259n bu al\u00e7ald\u0131c\u0131 \u015f\u0259rait\u0259 uy\u011funla\u015fma\u011fa ba\u015flad\u0131.\n<\/p>\n<p>\n  \u0130nsaf\u0259n, V\u0259zirov, M\u00fct\u0259llibov, El\u00e7ib\u0259y v\u0259 ata \u018fliyevd\u0259n sonra bu yeni fiqura \u00f6yr\u0259\u015fm\u0259k v\u0259 uy\u011funla\u015fmaq \u0259sla \u00e7\u0259tin olmad\u0131, zira q\u0259rib\u0259likl\u0259r d\u0259, yalanlar da, m\u0259\u011flubiyy\u0259tl\u0259rin q\u0259l\u0259b\u0259 kimi t\u0259qdim edilm\u0259si d\u0259 art\u0131q i\u015fl\u0259k v\u0259 m\u0259qbul texnologiyaya \u00e7evrilmi\u015fdi. Y\u0259ni \u0259hali \u00e7ox asanl\u0131qla Dir\u00e7\u0259li\u015f, H\u0259mr\u0259ylik, 20 Yanvar v\u0259 Qurtulu\u015f g\u00fcnl\u0259rini qeyd etm\u0259kd\u0259 bulundu.\n<\/p>\n<p>\n  \u0130lham \u018fliyev 15 ildir prezidentdir v\u0259 haz\u0131rla\u015f\u0131r ki, d\u00fcbar\u0259 bir m\u00f6hl\u0259t yen\u0259 \u201cs\u0259h\u0259r-s\u0259h\u0259r i\u015f\u0259 sevincl\u0259 gedib, ax\u015fam ev\u0259 f\u0259r\u0259hl\u0259 qay\u0131ts\u0131n\u201d.\n<\/p>\n<p>\n  M\u0259n bunu d\u00fcbar\u0259 bir m\u00f6hl\u0259t zill\u0259t adland\u0131rard\u0131m, lakin xalqdan s\u0259s-s\u0259da \u00e7\u0131xm\u0131r dey\u0259 d\u00fc\u015f\u00fcn\u00fcr\u0259m ki, \u201cb\u0259lk\u0259 m\u0259n yan\u0131lm\u0131\u015fam, \u0259z\u0259ld\u0259n yoxmu\u015f o\u011flum\u201d?\n<\/p>\n<p>\n  H\u0259r halda art\u0131q yekununa yax\u0131nla\u015fan prezident se\u00e7kil\u0259ri v\u0259 onun gedi\u015fi, i\u015ftirak\u00e7\u0131lar\u0131n xudmani tozana\u011f\u0131 m\u0259n\u0259 ayd\u0131n deyir ki, se\u00e7kid\u0259 yen\u0259 \u0130lham \u018fliyev qalib \u00e7\u0131xacaq.\n<\/p>\n<p>\n  M\u0259nc\u0259, 11 aprel prezident se\u00e7kisind\u0259 \u0130lham \u018fliyev daha \u00e7ox s\u0259s toplayacaq.\n<\/p>\n<p>\n  S\u0259sverm\u0259 t\u0259miz v\u0259 \u015f\u0259ffaf, \u0259dal\u0259tli v\u0259 vicdanl\u0131 ke\u00e7s\u0259 bel\u0259, yen\u0259 \u0259n \u00e7ox s\u0259si \u0130lham \u018fliyev toplayacaq.\n<\/p>\n<p>\n  Se\u00e7ki d\u00f6vr\u00fcn\u00fcn v\u0259 ondan \u0259vv\u0259lki d\u00f6vr\u00fcn siyasi-texnoloji f\u0131r\u0131ldaqlar\u0131n\u0131 n\u0259z\u0259r\u0259 alsaq da, almasaq da, \u0130lham \u018fliyev daha \u00e7ox s\u0259s toplayacaq.\n<\/p>\n<p>\n  N\u0259 \u00fc\u00e7\u00fcn? \u00c7\u00fcnki Az\u0259rbaycan se\u00e7icil\u0259ri m\u0259hz onun v\u0259 ondan \u0259vv\u0259lki prezidentin, y\u0259ni m\u0259rhum Ulu \u00f6nd\u0259rin siyas\u0259tini d\u0259st\u0259kl\u0259yirl\u0259r. Se\u00e7icil\u0259rimiz se\u00e7ki m\u0259nt\u0259q\u0259sin\u0259 g\u0259lib ona s\u0259s ver\u0259c\u0259kl\u0259r. Yax\u0131n ke\u00e7mi\u015fl\u0259rin\u0259, g\u00fcn-g\u00fcz\u0259ranlar\u0131na bax\u0131b, \u00f6l\u00e7\u00fcb-bi\u00e7ib m\u0259hz \u0130lham \u018fliyev\u0259 s\u0259s ver\u0259c\u0259kl\u0259r.\n<\/p>\n<p>\n  Az\u0259rbaycan\u0131n iqtisadi g\u00f6st\u0259ricil\u0259ri ba\u015f\u0131 iqtisadiyyatdan \u00e7\u0131xan b\u00fct\u00fcn m\u00fct\u0259x\u0259ssisl\u0259ri d\u0259h\u015f\u0259t\u0259 g\u0259tirir. Niy\u0259? Onlar yax\u0131nla\u015fan iqtisadi f\u0259lak\u0259ti, \u00e7\u0131x\u0131lmaz borc u\u00e7urumunu , amans\u0131zl\u0131qla tar-mar edil\u0259n potensial\u0131, geni\u015f k\u00fctl\u0259l\u0259rin insani faci\u0259l\u0259rinin qa\u00e7\u0131lmazl\u0131\u011f\u0131n\u0131, Az\u0259rbaycan Respublikas\u0131 adlanan qurumun lab\u00fcd s\u00fcqutunu g\u00f6r\u00fcb d\u0259h\u015f\u0259t\u0259 g\u0259lirl\u0259r. Bizim se\u00e7icil\u0259r is\u0259 onlar\u0131n qab\u0131na x\u0259sislikl\u0259 t\u00f6k\u00fcl\u0259n c\u00fczi pay\u0131 \u00f6z g\u00f6zl\u0259ri il\u0259 g\u00f6r\u00fcb n\u0259\u015f\u0259l\u0259nirl\u0259r v\u0259 sevincl\u0259 gedib s\u0259s verirl\u0259r.\n<\/p>\n<p>\n  Az\u0259rbaycan ziyal\u0131lar\u0131 v\u0259 m\u00fcxalif\u0259tin r\u0259smil\u0259\u015fdirilmi\u015f hiss\u0259si tarixin \u00f6lk\u0259miz\u0259 \u00e7a\u011f\u0131rd\u0131\u011f\u0131 qonaqlar\u0131 &#8211; Azadl\u0131q, \u015e\u0259r\u0259f v\u0259 M\u0259suliyy\u0259ti \u2013 g\u00f6rc\u0259k, lap el\u0259 Qurban\u0259li b\u0259y kimi, qa\u00e7\u0131b girirl\u0259r axura v\u0259 orada gizl\u0259nirl\u0259r. Onlar \u0130lham \u018fliyev\u0259 s\u0259s ver\u0259c\u0259kl\u0259r ki, ha\u015fa, kims\u0259 onlar\u0131 dart\u0131b sevimli axurdan \u00e7\u0131xarmas\u0131n.\n<\/p>\n<p>\n  Se\u00e7icil\u0259r h\u0259r \u015feyi g\u00f6r\u00fcr v\u0259 anlay\u0131r. Onlar neft m\u0259d\u0259nl\u0259rind\u0259 v\u0259 platformalar\u0131nda ba\u015f vermi\u015f q\u0259za v\u0259 yan\u011f\u0131nlar\u0131, bu q\u0259zalar\u0131n c\u0259s\u0259dl\u0259ri tap\u0131lm\u0131\u015f v\u0259 tap\u0131lmam\u0131\u015f qurbanlar\u0131n\u0131n say\u0131n\u0131 g\u00f6r\u00fcbl\u0259r, xat\u0131rlay\u0131rlar v\u0259 anlay\u0131rlar ki, bu m\u00fcsib\u0259tl\u0259rin g\u00fcnahkar\u0131 \u0130lham \u018fliyevin ciddi-c\u0259hdl\u0259 se\u00e7ib y\u00fcks\u0259k v\u0259zif\u0259l\u0259r\u0259 t\u0259yin etdiyi m\u0259suliyy\u0259tsiz v\u0259 bivec kadrlard\u0131r. Anlay\u0131rlar v\u0259 se\u00e7ki g\u00fcn\u00fc g\u0259lib \u0130lham \u018fliyev\u0259 s\u0259s ver\u0259c\u0259kl\u0259r.\n<\/p>\n<p>\n  Az\u0259rbaycan t\u0259hsilinin v\u0259 s\u0259hiyy\u0259sinin \u00fcmumi yar\u0131tmazl\u0131\u011f\u0131, bahal\u0131\u011f\u0131, insafs\u0131zl\u0131\u011f\u0131 v\u0259 q\u0259ddarl\u0131\u011f\u0131 c\u0259mi \u0259haliy\u0259 m\u0259lumdur. Ya\u015famaq ist\u0259y\u0259n, m\u00fcasir savad sahibi olmaq ist\u0259y\u0259n, imkan\u0131 olan \u00fcz tutur xarici \u00f6lk\u0259l\u0259r\u0259, imkan\u0131 olmayan bi\u00e7ar\u0259 qal\u0131r qurulu\u015fun \u0259lind\u0259 girov. Se\u00e7ici anlay\u0131r ki, g\u00fcnah t\u0259hsil v\u0259 s\u0259hiyy\u0259 sistemind\u0259 deyil, g\u00fcnah bu sistem\u0259 z\u0259man\u0259y\u0259 layiq ixtisasl\u0131 kadrlar yeti\u015fdirm\u0259yi v\u0259 insanlar\u0131n pulsuz v\u0259 keyfiyy\u0259tli m\u00fcalic\u0259sini sifari\u015f etm\u0259y\u0259n qurulu\u015fdad\u0131r. Bilir ki, bel\u0259 zal\u0131m qurulu\u015fun ba\u015f\u0131nda \u0130lham \u018fliyev oturdulub v\u0259 gedib ona s\u0259s ver\u0259c\u0259k.\n<\/p>\n<p>\n  \u018fhali \u00e7ox g\u00f6z\u0259l bilir ki, \u00f6lk\u0259y\u0259 pul sel kimi g\u0259lir v\u0259 x\u0259z\u0259l kimi sovrulur. Bilir ki, m\u00fcxt\u0259lif beyn\u0259lxalq t\u0259dbirl\u0259r\u0259 x\u0259rcl\u0259n\u0259n pullar\u0131n \u00f6lk\u0259 v\u0259t\u0259nda\u015flar\u0131na z\u0259rr\u0259 q\u0259d\u0259r xeyri yoxdur, onlar\u0131n ke\u00e7irilm\u0259sinin m\u0259qs\u0259di beyn\u0259lxalq b\u00fcrokratiyaya xo\u015f g\u0259lm\u0259k, onlar\u0131 \u0130lham \u018fliyevi \u00f6z\u00fcnk\u00fc saymaq v\u0259 ona d\u0259st\u0259k verm\u0259y\u0259 s\u00f6vq etm\u0259kdir. Bilir ki, Avrovijn mahn\u0131 m\u00fcsabiq\u0259si, Panavropa v\u0259 \u0130slamiada idman oyunlar\u0131, \u00f6lk\u0259mizd\u0259 arams\u0131z ke\u00e7iril\u0259n qit\u0259 v\u0259 d\u00fcnya birincilikl\u0259ri yaln\u0131z b\u00fcdc\u0259d\u0259n pulqa\u00e7\u0131rma f\u0259ndl\u0259ridir. Bilir ki, \u00f6lk\u0259d\u0259 bir qara q\u0259pik qalana q\u0259d\u0259r m\u00f6ht\u0259r\u0259m prezident bu pulu israr v\u0259 inadla x\u0259rcl\u0259m\u0259y\u0259, g\u00f6y\u0259 sovurma\u011fa \u00e7al\u0131\u015facaq. Bilir ki, \u00fcz\u00fcm\u00fcz\u0259 d\u00fcnya s\u0259rgisi \u2013 Ekspo \u2013 v\u0259 n\u00f6vb\u0259ti lab\u00fcd n\u0259h\u0259ng x\u0259rcl\u0259r g\u0259lir. Bilir v\u0259 gedib \u0130lham \u018fliyev\u0259 s\u0259s ver\u0259c\u0259k.\n<\/p>\n<p>\n  Az\u0259rbaycan\u0131n \u0259rzaq t\u0259hl\u00fck\u0259sizliyi yaln\u0131z ri\u015fx\u0259nd do\u011fura bil\u0259r, \u0259sas qida m\u0259hsullar\u0131 xaricd\u0259n g\u0259tirilir, aqrar m\u00f6vzuda m\u00fcnt\u0259z\u0259m ke\u00e7iril\u0259n m\u00fc\u015favir\u0259l\u0259r v\u0259 orada s\u0259sl\u0259n\u0259n pamb\u0131q v\u0259 barama s\u00f6hb\u0259tl\u0259ri n\u00f6vb\u0259ti irimiqyasl\u0131 pul m\u0259sr\u0259fi \u00fc\u00e7\u00fcn b\u0259han\u0259dir, g\u00f6z\u0259 pul \u00fcf\u00fcrm\u0259kdir. Se\u00e7ici bunu bilir, lakin sevincl\u0259 gedib \u0130lham \u018fliyev\u0259 s\u0259s ver\u0259c\u0259k.\n<\/p>\n<p>\n  Az\u0259rbaycan insan\u0131 d\u00f6vl\u0259t cihaz\u0131n\u0131n s\u00fclm\u00fc v\u0259 z\u0259hmi qar\u015f\u0131s\u0131nda tam acizdir, m\u0259mur tamahkarl\u0131\u011f\u0131, d\u0259r\u0259b\u0259yliyi v\u0259 h\u0259yas\u0131zl\u0131\u011f\u0131 qar\u015f\u0131s\u0131nda \u00f6z qanuni h\u00fcquqlar\u0131n\u0131 m\u00fcdafi\u0259 etm\u0259k iqtidar\u0131\u0131nda deyil. Bilir ki, xalqa yaban\u00e7\u0131 bu m\u0259mur k\u00fctl\u0259si \u0130lham \u018fliyevin siyasi daya\u011f\u0131 v\u0259 m\u00fcs\u0259ll\u0259h ordusudur, onlar\u0131n indiy\u0259d\u0259k m\u0259\u011flub etdikl\u0259ri t\u0259k Az\u0259rbaycan xalq\u0131 v\u0259 onun g\u0259l\u0259c\u0259yidir. Bilir v\u0259 bununla yana\u015f\u0131, buna r\u0259\u011fm\u0259n, se\u00e7ki g\u00fcn\u00fc g\u0259lib \u0130lham \u018fliyev\u0259 s\u0259s ver\u0259c\u0259k.\n<\/p>\n<p>\n  Bir insan n\u0259slinin h\u0259yat\u0131n\u0131n f\u0259al hiss\u0259si d\u00f6vr\u00fcnd\u0259, son 30 il \u0259rzind\u0259, bir ail\u0259nin h\u00f6kmranl\u0131\u011f\u0131 say\u0259sind\u0259 Az\u0259rbaycan Respublikas\u0131n\u0131n 70 ild\u0259 tikib-qurdu\u011fu s\u0259nayesi, elmi v\u0259 texnoloji potensial\u0131 tam m\u0259hv edilib. Bir milyondan \u00e7ox f\u0259hl\u0259 v\u0259 m\u00fch\u0259ndis, alim v\u0259 idar\u0259\u00e7i \u00f6z i\u015f yerini, h\u0259yat\u0131n\u0131n m\u0259nas\u0131n\u0131 v\u0259 qay\u0259sini itirib. \u00d6lk\u0259 sivilizasiya p\u0131ll\u0259kan\u0131nda bir ne\u00e7\u0259 pill\u0259 a\u015fa\u011f\u0131 d\u0131\u011f\u0131rlan\u0131b, tropik Afrika \u00f6lk\u0259l\u0259ri s\u0259viyy\u0259sin\u0259 \u00e7at\u0131b. Se\u00e7ici bunu \u00f6z g\u00f6z\u00fc il\u0259 g\u00f6r\u00fcb, bilir v\u0259 se\u00e7ki g\u00fcn\u00fc gedib \u0130lham \u018fliyev\u0259 s\u0259s ver\u0259c\u0259k.\n<\/p>\n<p>\n  D\u00f6vl\u0259t d\u00fcnya x\u0259rit\u0259sind\u0259 m\u00fcc\u0259rr\u0259d m\u0259fhum deyil, onun qanunlar\u0131n\u0131n i\u015fl\u0259diyi \u0259razidir. Az\u0259rbaycan Respublikas\u0131n\u0131n qanunlar\u0131 n\u0259 bu \u0259razid\u0259, n\u0259 d\u0259 ba\u015fqa \u0259razid\u0259 i\u015fl\u0259yir, onun m\u0259hk\u0259m\u0259l\u0259ri sifar\u0131\u015fli h\u00f6kml\u0259r \u00e7\u0131xaran insafs\u0131z bir ma\u015f\u0131nd\u0131r, ist\u0259nil\u0259n y\u00fcks\u0259k v\u0259zif\u0259li v\u0259 paqonlu \u015f\u0259xs ist\u0259nil\u0259n s\u0131ravi v\u0259t\u0259nda\u015f\u0131 \u0259z\u0259, qova, tuta, m\u00fclk\u00fcn\u00fc v\u0259 pulunu ala bilir. V\u0259t\u0259nda\u015f\u0131n \u00fcz tutub qanunun aliliyini v\u0259 \u0259dal\u0259ti axtara bil\u0259c\u0259yi yer v\u0259 \u015f\u0259xs yoxdur. Se\u00e7ici b\u00fct\u00fcn bunlar\u0131 g\u00f6r\u00fcr, bilir v\u0259 11 apreld\u0259 g\u0259lib \u0130lham \u018fliyev\u0259 s\u0259s ver\u0259c\u0259k.\n<\/p>\n<p>\n  Se\u00e7ici kor deyil, kar deyil, g\u00f6z\u00fc d\u0259 g\u00f6r\u00fcr, qula\u011f\u0131 da e\u015fidir. Bir ovuc \u0259zil\u0259n v\u0259 t\u0259qib edil\u0259n v\u0259t\u0259np\u0259rv\u0259r insan\u0131n \u00f6lk\u0259nin inki\u015faf deyil, t\u0259n\u0259zz\u00fcl etdiyini dediyini v\u0259 s\u00fcbuta yetirdiyini g\u00f6r\u00fcr v\u0259 e\u015fidir. Lakin buna r\u0259\u011fm\u0259n aprelin 11-d\u0259 g\u0259lib \u0130lham \u018fliyev\u0259 s\u0259s ver\u0259c\u0259k.\n<\/p>\n<p>\n  Girin \u0130nternet\u0259, bax\u0131n g\u00f6r\u00fcn t\u0259cav\u00fczkar nec\u0259 t\u0259cav\u00fcz qurban\u0131n\u0131 yenib, informasiya m\u00fcharib\u0259sind\u0259 m\u0259\u011flub edib v\u0259 a\u011fz\u0131n\u0131 qapay\u0131b. S\u0259b\u0259b \u00e7ox ayd\u0131nd\u0131r: b\u00fct\u00fcn sah\u0259l\u0259rd\u0259 oldu\u011fu kimi, diplomatiya v\u0259 informasiya sah\u0259l\u0259rind\u0259 d\u0259 i\u015fi pe\u015f\u0259karlara deyil, na\u015f\u0131 qohumlara v\u0259 yerlil\u0259r\u0259 tap\u015f\u0131r\u0131blar, onlar da z\u0259man\u0259d\u0259n az\u0131 iki \u0259sr geri qal\u0131blar dey\u0259 he\u00e7 bir s\u0259m\u0259r\u0259li i\u015f g\u00f6rm\u0259y\u0259 qadir deyill\u0259r. Sonuncu g\u00fcl\u00fc is\u0259 \u015f\u0259xs\u0259n prezident vurub, elan edib ki, \u201cYerevan q\u0259dim Az\u0259rbaycan torpa\u011f\u0131d\u0131r\u201d. Bu yaln\u0131z utanc g\u0259tir\u0259n b\u0259yanatdan sonra Az\u0259rbaycan\u0131n \u0259l\u0259 sal\u0131nmas\u0131 \u00f6z \u0259n ali zirv\u0259sin\u0259 \u00e7atd\u0131. Qaraba\u011f dan\u0131\u015f\u0131qlar\u0131nda Az\u0259rbaycan\u0131n z\u0259if t\u0259r\u0259f oldu\u011fu tam s\u00fcbuta yet\u0259nd\u0259n sonra se\u00e7ici g\u0259lib yen\u0259 \u0130lham \u018fliyev\u0259 s\u0259s ver\u0259c\u0259k.\n<\/p>\n<p>\n  Oxucum soru\u015fa bil\u0259r ki, bu m\u0259lum h\u0259qiq\u0259tl\u0259ri sadalayandan sonra m\u00fc\u0259llif b\u00fct\u00fcn bu r\u0259zal\u0259tin s\u0259b\u0259bini dey\u0259 bil\u0259c\u0259kmi?\n<\/p>\n<p>\n  B\u0259li, dey\u0259 bil\u0259c\u0259y\u0259m. Ancaq he\u00e7 bir yeni h\u0259qiq\u0259ti a\u00e7mayacam. Bu h\u0259qiq\u0259ti bu yax\u0131nlarda h\u0259bsd\u0259n t\u0259z\u0259c\u0259 \u00e7\u0131xm\u0131\u015f Mehman \u018fliyev dilin\u0259 g\u0259tirdi. Mehman b\u0259y onu m\u0259hb\u0259sd\u0259n \u00e7\u0131xmas\u0131 m\u00fcnasib\u0259til\u0259 t\u0259brik ed\u0259nl\u0259r\u0259 cavab olaraq q\u0131saca dedi: \u201cKi\u00e7ik m\u0259hb\u0259sd\u0259n b\u00f6y\u00fck m\u0259hb\u0259s\u0259 \u00e7\u0131xm\u0131\u015fam\u201d.\n<\/p>\n<p>\n  \u0130ndi \u00f6z\u00fcn\u00fcz deyin, m\u0259hb\u0259s sakinl\u0259rinin, b\u00f6y\u00fck m\u0259hb\u0259sin m\u0259hbuslar\u0131n\u0131n azad se\u00e7im h\u00fcququ varm\u0131?\n<\/p>\n<p>\n  T\u0259bii ki, Az\u0259rbaycan se\u00e7icil\u0259ri g\u0259lib \u0130lham \u018fliyev\u0259 s\u0259s ver\u0259c\u0259kl\u0259r.\n<\/p>\n<p>\n  <i><br \/>\n    <b><br \/>\n      Yaz\u0131 m\u00fc\u0259llifin fikirl\u0259rini \u0259ks etdirir v\u0259 Meydan TV-nin m\u00f6vqeyi il\u0259 \u00fcst-\u00fcst\u0259 d\u00fc\u015fm\u0259y\u0259 bil\u0259r.<br \/>\n    <\/b><br \/>\n  <\/i><\/p>\n","protected":false},"excerpt":{"rendered":"<p>17 il bundan \u0259vv\u0259l Ulu \u00f6nd\u0259rin \u00f6z isti v\u0259 sevimli yerini o\u011fluna v\u0259siyy\u0259t etm\u0259k niyy\u0259ti bar\u0259d\u0259 s\u00f6z-s\u00f6hb\u0259t dola\u015fma\u011fa ba\u015flad\u0131<\/p>\n","protected":false},"author":11,"featured_media":101829,"comment_status":"closed","ping_status":"open","sticky":false,"template":"","format":"standard","meta":{"_acf_changed":false,"_sitemap_exclude":false,"_sitemap_priority":"","_sitemap_frequency":"","footnotes":""},"categories":[57],"tags":[],"class_list":["post-189416","post","type-post","status-publish","format-standard","has-post-thumbnail","hentry","category-menim-fikrimce","infinite-scroll-item","generate-columns","tablet-grid-50","mobile-grid-100","grid-parent","grid-33","no-featured-image-padding"],"acf":[],"yoast_head":"<!-- This site is optimized with the Yoast SEO plugin v27.4 - https:\/\/yoast.com\/product\/yoast-seo-wordpress\/ -->\n<title>N\u0259y\u0259 v\u0259 kim\u0259 s\u0259s ver\u0259c\u0259kl\u0259r? - MEYDAN.TV<\/title>\n<meta name=\"robots\" content=\"index, follow, max-snippet:-1, max-image-preview:large, max-video-preview:-1\" \/>\n<link rel=\"canonical\" href=\"https:\/\/www.meydan.tv\/az\/article\/neye-ve-kime-ses-verecekler\/\" \/>\n<meta property=\"og:locale\" content=\"az_AZ\" \/>\n<meta property=\"og:type\" content=\"article\" \/>\n<meta property=\"og:title\" content=\"N\u0259y\u0259 v\u0259 kim\u0259 s\u0259s ver\u0259c\u0259kl\u0259r? - MEYDAN.TV\" \/>\n<meta property=\"og:description\" content=\"17 il bundan \u0259vv\u0259l Ulu \u00f6nd\u0259rin \u00f6z isti v\u0259 sevimli yerini o\u011fluna v\u0259siyy\u0259t etm\u0259k niyy\u0259ti bar\u0259d\u0259 s\u00f6z-s\u00f6hb\u0259t dola\u015fma\u011fa ba\u015flad\u0131\" \/>\n<meta property=\"og:url\" content=\"https:\/\/www.meydan.tv\/az\/article\/neye-ve-kime-ses-verecekler\/\" \/>\n<meta property=\"og:site_name\" content=\"MEYDAN.TV\" \/>\n<meta property=\"article:published_time\" content=\"2018-04-08T22:54:10+00:00\" \/>\n<meta property=\"og:image\" content=\"https:\/\/www.meydan.tv\/wp-content\/uploads\/39324.jpg\" \/>\n\t<meta property=\"og:image:width\" content=\"800\" \/>\n\t<meta property=\"og:image:height\" content=\"600\" \/>\n\t<meta property=\"og:image:type\" content=\"image\/jpeg\" \/>\n<meta name=\"author\" content=\"user-manager\" \/>\n<meta name=\"twitter:card\" content=\"summary_large_image\" \/>\n<script type=\"application\/ld+json\" class=\"yoast-schema-graph\">{\"@context\":\"https:\\\/\\\/schema.org\",\"@graph\":[{\"@type\":\"Article\",\"@id\":\"https:\\\/\\\/www.meydan.tv\\\/az\\\/article\\\/neye-ve-kime-ses-verecekler\\\/#article\",\"isPartOf\":{\"@id\":\"https:\\\/\\\/www.meydan.tv\\\/az\\\/article\\\/neye-ve-kime-ses-verecekler\\\/\"},\"author\":{\"name\":\"user-manager\",\"@id\":\"https:\\\/\\\/www.meydan.tv\\\/az\\\/#\\\/schema\\\/person\\\/10d11eccf6da3662cf5fdab9806ea91a\"},\"headline\":\"N\u0259y\u0259 v\u0259 kim\u0259 s\u0259s ver\u0259c\u0259kl\u0259r?\",\"datePublished\":\"2018-04-08T22:54:10+00:00\",\"mainEntityOfPage\":{\"@id\":\"https:\\\/\\\/www.meydan.tv\\\/az\\\/article\\\/neye-ve-kime-ses-verecekler\\\/\"},\"wordCount\":2085,\"publisher\":{\"@id\":\"https:\\\/\\\/www.meydan.tv\\\/az\\\/#organization\"},\"image\":{\"@id\":\"https:\\\/\\\/www.meydan.tv\\\/az\\\/article\\\/neye-ve-kime-ses-verecekler\\\/#primaryimage\"},\"thumbnailUrl\":\"https:\\\/\\\/www.meydan.tv\\\/wp-content\\\/uploads\\\/39324.jpg\",\"articleSection\":[\"M\u0259nim Fikrimc\u0259\"],\"inLanguage\":\"az\"},{\"@type\":\"WebPage\",\"@id\":\"https:\\\/\\\/www.meydan.tv\\\/az\\\/article\\\/neye-ve-kime-ses-verecekler\\\/\",\"url\":\"https:\\\/\\\/www.meydan.tv\\\/az\\\/article\\\/neye-ve-kime-ses-verecekler\\\/\",\"name\":\"N\u0259y\u0259 v\u0259 kim\u0259 s\u0259s ver\u0259c\u0259kl\u0259r? - MEYDAN.TV\",\"isPartOf\":{\"@id\":\"https:\\\/\\\/www.meydan.tv\\\/az\\\/#website\"},\"primaryImageOfPage\":{\"@id\":\"https:\\\/\\\/www.meydan.tv\\\/az\\\/article\\\/neye-ve-kime-ses-verecekler\\\/#primaryimage\"},\"image\":{\"@id\":\"https:\\\/\\\/www.meydan.tv\\\/az\\\/article\\\/neye-ve-kime-ses-verecekler\\\/#primaryimage\"},\"thumbnailUrl\":\"https:\\\/\\\/www.meydan.tv\\\/wp-content\\\/uploads\\\/39324.jpg\",\"datePublished\":\"2018-04-08T22:54:10+00:00\",\"breadcrumb\":{\"@id\":\"https:\\\/\\\/www.meydan.tv\\\/az\\\/article\\\/neye-ve-kime-ses-verecekler\\\/#breadcrumb\"},\"inLanguage\":\"az\",\"potentialAction\":[{\"@type\":\"ReadAction\",\"target\":[\"https:\\\/\\\/www.meydan.tv\\\/az\\\/article\\\/neye-ve-kime-ses-verecekler\\\/\"]}]},{\"@type\":\"ImageObject\",\"inLanguage\":\"az\",\"@id\":\"https:\\\/\\\/www.meydan.tv\\\/az\\\/article\\\/neye-ve-kime-ses-verecekler\\\/#primaryimage\",\"url\":\"https:\\\/\\\/www.meydan.tv\\\/wp-content\\\/uploads\\\/39324.jpg\",\"contentUrl\":\"https:\\\/\\\/www.meydan.tv\\\/wp-content\\\/uploads\\\/39324.jpg\",\"width\":800,\"height\":600,\"caption\":\"Source:\"},{\"@type\":\"BreadcrumbList\",\"@id\":\"https:\\\/\\\/www.meydan.tv\\\/az\\\/article\\\/neye-ve-kime-ses-verecekler\\\/#breadcrumb\",\"itemListElement\":[{\"@type\":\"ListItem\",\"position\":1,\"name\":\"Ana s\u0259hif\u0259\",\"item\":\"https:\\\/\\\/www.meydan.tv\\\/az\\\/\"},{\"@type\":\"ListItem\",\"position\":2,\"name\":\"M\u0259nim Fikrimc\u0259\",\"item\":\"https:\\\/\\\/www.meydan.tv\\\/az\\\/section\\\/menim-fikrimce\\\/\"},{\"@type\":\"ListItem\",\"position\":3,\"name\":\"N\u0259y\u0259 v\u0259 kim\u0259 s\u0259s ver\u0259c\u0259kl\u0259r?\"}]},{\"@type\":\"WebSite\",\"@id\":\"https:\\\/\\\/www.meydan.tv\\\/az\\\/#website\",\"url\":\"https:\\\/\\\/www.meydan.tv\\\/az\\\/\",\"name\":\"MEYDAN.TV\",\"description\":\"Meydan TV Az\u0259rbaycan\u0131n media m\u0259kan\u0131ndak\u0131 alternativ s\u0259sidir\",\"publisher\":{\"@id\":\"https:\\\/\\\/www.meydan.tv\\\/az\\\/#organization\"},\"potentialAction\":[{\"@type\":\"SearchAction\",\"target\":{\"@type\":\"EntryPoint\",\"urlTemplate\":\"https:\\\/\\\/www.meydan.tv\\\/az\\\/?s={search_term_string}\"},\"query-input\":{\"@type\":\"PropertyValueSpecification\",\"valueRequired\":true,\"valueName\":\"search_term_string\"}}],\"inLanguage\":\"az\"},{\"@type\":\"Organization\",\"@id\":\"https:\\\/\\\/www.meydan.tv\\\/az\\\/#organization\",\"name\":\"Meydan TV\",\"url\":\"https:\\\/\\\/www.meydan.tv\\\/az\\\/\",\"logo\":{\"@type\":\"ImageObject\",\"inLanguage\":\"az\",\"@id\":\"https:\\\/\\\/www.meydan.tv\\\/az\\\/#\\\/schema\\\/logo\\\/image\\\/\",\"url\":\"https:\\\/\\\/www.meydan.tv\\\/wp-content\\\/uploads\\\/2021\\\/07\\\/meydan-logo.svg\",\"contentUrl\":\"https:\\\/\\\/www.meydan.tv\\\/wp-content\\\/uploads\\\/2021\\\/07\\\/meydan-logo.svg\",\"width\":195,\"height\":46,\"caption\":\"Meydan TV\"},\"image\":{\"@id\":\"https:\\\/\\\/www.meydan.tv\\\/az\\\/#\\\/schema\\\/logo\\\/image\\\/\"}},{\"@type\":\"Person\",\"@id\":\"https:\\\/\\\/www.meydan.tv\\\/az\\\/#\\\/schema\\\/person\\\/10d11eccf6da3662cf5fdab9806ea91a\",\"name\":\"user-manager\"}]}<\/script>\n<!-- \/ Yoast SEO plugin. -->","yoast_head_json":{"title":"N\u0259y\u0259 v\u0259 kim\u0259 s\u0259s ver\u0259c\u0259kl\u0259r? - MEYDAN.TV","robots":{"index":"index","follow":"follow","max-snippet":"max-snippet:-1","max-image-preview":"max-image-preview:large","max-video-preview":"max-video-preview:-1"},"canonical":"https:\/\/www.meydan.tv\/az\/article\/neye-ve-kime-ses-verecekler\/","og_locale":"az_AZ","og_type":"article","og_title":"N\u0259y\u0259 v\u0259 kim\u0259 s\u0259s ver\u0259c\u0259kl\u0259r? - MEYDAN.TV","og_description":"17 il bundan \u0259vv\u0259l Ulu \u00f6nd\u0259rin \u00f6z isti v\u0259 sevimli yerini o\u011fluna v\u0259siyy\u0259t etm\u0259k niyy\u0259ti bar\u0259d\u0259 s\u00f6z-s\u00f6hb\u0259t dola\u015fma\u011fa ba\u015flad\u0131","og_url":"https:\/\/www.meydan.tv\/az\/article\/neye-ve-kime-ses-verecekler\/","og_site_name":"MEYDAN.TV","article_published_time":"2018-04-08T22:54:10+00:00","og_image":[{"width":800,"height":600,"url":"https:\/\/www.meydan.tv\/wp-content\/uploads\/39324.jpg","type":"image\/jpeg"}],"author":"user-manager","twitter_card":"summary_large_image","schema":{"@context":"https:\/\/schema.org","@graph":[{"@type":"Article","@id":"https:\/\/www.meydan.tv\/az\/article\/neye-ve-kime-ses-verecekler\/#article","isPartOf":{"@id":"https:\/\/www.meydan.tv\/az\/article\/neye-ve-kime-ses-verecekler\/"},"author":{"name":"user-manager","@id":"https:\/\/www.meydan.tv\/az\/#\/schema\/person\/10d11eccf6da3662cf5fdab9806ea91a"},"headline":"N\u0259y\u0259 v\u0259 kim\u0259 s\u0259s ver\u0259c\u0259kl\u0259r?","datePublished":"2018-04-08T22:54:10+00:00","mainEntityOfPage":{"@id":"https:\/\/www.meydan.tv\/az\/article\/neye-ve-kime-ses-verecekler\/"},"wordCount":2085,"publisher":{"@id":"https:\/\/www.meydan.tv\/az\/#organization"},"image":{"@id":"https:\/\/www.meydan.tv\/az\/article\/neye-ve-kime-ses-verecekler\/#primaryimage"},"thumbnailUrl":"https:\/\/www.meydan.tv\/wp-content\/uploads\/39324.jpg","articleSection":["M\u0259nim Fikrimc\u0259"],"inLanguage":"az"},{"@type":"WebPage","@id":"https:\/\/www.meydan.tv\/az\/article\/neye-ve-kime-ses-verecekler\/","url":"https:\/\/www.meydan.tv\/az\/article\/neye-ve-kime-ses-verecekler\/","name":"N\u0259y\u0259 v\u0259 kim\u0259 s\u0259s ver\u0259c\u0259kl\u0259r? - MEYDAN.TV","isPartOf":{"@id":"https:\/\/www.meydan.tv\/az\/#website"},"primaryImageOfPage":{"@id":"https:\/\/www.meydan.tv\/az\/article\/neye-ve-kime-ses-verecekler\/#primaryimage"},"image":{"@id":"https:\/\/www.meydan.tv\/az\/article\/neye-ve-kime-ses-verecekler\/#primaryimage"},"thumbnailUrl":"https:\/\/www.meydan.tv\/wp-content\/uploads\/39324.jpg","datePublished":"2018-04-08T22:54:10+00:00","breadcrumb":{"@id":"https:\/\/www.meydan.tv\/az\/article\/neye-ve-kime-ses-verecekler\/#breadcrumb"},"inLanguage":"az","potentialAction":[{"@type":"ReadAction","target":["https:\/\/www.meydan.tv\/az\/article\/neye-ve-kime-ses-verecekler\/"]}]},{"@type":"ImageObject","inLanguage":"az","@id":"https:\/\/www.meydan.tv\/az\/article\/neye-ve-kime-ses-verecekler\/#primaryimage","url":"https:\/\/www.meydan.tv\/wp-content\/uploads\/39324.jpg","contentUrl":"https:\/\/www.meydan.tv\/wp-content\/uploads\/39324.jpg","width":800,"height":600,"caption":"Source:"},{"@type":"BreadcrumbList","@id":"https:\/\/www.meydan.tv\/az\/article\/neye-ve-kime-ses-verecekler\/#breadcrumb","itemListElement":[{"@type":"ListItem","position":1,"name":"Ana s\u0259hif\u0259","item":"https:\/\/www.meydan.tv\/az\/"},{"@type":"ListItem","position":2,"name":"M\u0259nim Fikrimc\u0259","item":"https:\/\/www.meydan.tv\/az\/section\/menim-fikrimce\/"},{"@type":"ListItem","position":3,"name":"N\u0259y\u0259 v\u0259 kim\u0259 s\u0259s ver\u0259c\u0259kl\u0259r?"}]},{"@type":"WebSite","@id":"https:\/\/www.meydan.tv\/az\/#website","url":"https:\/\/www.meydan.tv\/az\/","name":"MEYDAN.TV","description":"Meydan TV Az\u0259rbaycan\u0131n media m\u0259kan\u0131ndak\u0131 alternativ s\u0259sidir","publisher":{"@id":"https:\/\/www.meydan.tv\/az\/#organization"},"potentialAction":[{"@type":"SearchAction","target":{"@type":"EntryPoint","urlTemplate":"https:\/\/www.meydan.tv\/az\/?s={search_term_string}"},"query-input":{"@type":"PropertyValueSpecification","valueRequired":true,"valueName":"search_term_string"}}],"inLanguage":"az"},{"@type":"Organization","@id":"https:\/\/www.meydan.tv\/az\/#organization","name":"Meydan TV","url":"https:\/\/www.meydan.tv\/az\/","logo":{"@type":"ImageObject","inLanguage":"az","@id":"https:\/\/www.meydan.tv\/az\/#\/schema\/logo\/image\/","url":"https:\/\/www.meydan.tv\/wp-content\/uploads\/2021\/07\/meydan-logo.svg","contentUrl":"https:\/\/www.meydan.tv\/wp-content\/uploads\/2021\/07\/meydan-logo.svg","width":195,"height":46,"caption":"Meydan TV"},"image":{"@id":"https:\/\/www.meydan.tv\/az\/#\/schema\/logo\/image\/"}},{"@type":"Person","@id":"https:\/\/www.meydan.tv\/az\/#\/schema\/person\/10d11eccf6da3662cf5fdab9806ea91a","name":"user-manager"}]}},"_links":{"self":[{"href":"https:\/\/www.meydan.tv\/az\/wp-json\/wp\/v2\/posts\/189416","targetHints":{"allow":["GET"]}}],"collection":[{"href":"https:\/\/www.meydan.tv\/az\/wp-json\/wp\/v2\/posts"}],"about":[{"href":"https:\/\/www.meydan.tv\/az\/wp-json\/wp\/v2\/types\/post"}],"author":[{"embeddable":true,"href":"https:\/\/www.meydan.tv\/az\/wp-json\/wp\/v2\/users\/11"}],"replies":[{"embeddable":true,"href":"https:\/\/www.meydan.tv\/az\/wp-json\/wp\/v2\/comments?post=189416"}],"version-history":[{"count":0,"href":"https:\/\/www.meydan.tv\/az\/wp-json\/wp\/v2\/posts\/189416\/revisions"}],"wp:featuredmedia":[{"embeddable":true,"href":"https:\/\/www.meydan.tv\/az\/wp-json\/wp\/v2\/media\/101829"}],"wp:attachment":[{"href":"https:\/\/www.meydan.tv\/az\/wp-json\/wp\/v2\/media?parent=189416"}],"wp:term":[{"taxonomy":"category","embeddable":true,"href":"https:\/\/www.meydan.tv\/az\/wp-json\/wp\/v2\/categories?post=189416"},{"taxonomy":"post_tag","embeddable":true,"href":"https:\/\/www.meydan.tv\/az\/wp-json\/wp\/v2\/tags?post=189416"}],"curies":[{"name":"wp","href":"https:\/\/api.w.org\/{rel}","templated":true}]}}