{"id":189393,"date":"2018-04-06T15:35:05","date_gmt":"2018-04-06T15:35:05","guid":{"rendered":"https:\/\/www.meydan.tv\/article\/ucluyun-danisiqlar-masasinda-ne-var\/"},"modified":"2018-04-06T15:35:05","modified_gmt":"2018-04-06T15:35:05","slug":"ucluyun-danisiqlar-masasinda-ne-var","status":"publish","type":"post","link":"https:\/\/www.meydan.tv\/az\/article\/ucluyun-danisiqlar-masasinda-ne-var\/","title":{"rendered":"\u00dc\u00e7l\u00fcy\u00fcn dan\u0131\u015f\u0131qlar masas\u0131nda n\u0259 var?"},"content":{"rendered":"<figure class=\"wp-block-image size-large\">\n  <img decoding=\"async\" src=\"https:\/\/www.meydan.tv\/az\/101769\/\" alt=\"\" class=\"wp-image-101769\"\/><figcaption><\/figcaption><\/figure>\n<p>\n  Art\u0131q uzun m\u00fcdd\u0259tdir ki, d\u00fcnya \u0130ran, Rusiya v\u0259 T\u00fcrkiy\u0259nin birm\u0259nal\u0131 olmayan h\u0259rbi-siyasi yax\u0131nla\u015fmas\u0131n\u0131n \u015fahidi olur. Formal olaraq bu yax\u0131nla\u015fma Yax\u0131n \u015e\u0259rqd\u0259 h\u0259yata ke\u00e7irilir, amma g\u0259l\u0259c\u0259kd\u0259 bu regionun h\u00fcdudlar\u0131ndan k\u0259nara \u00e7\u0131xmaq potensial\u0131 var.\n<\/p>\n<p>\n  Bu yax\u0131nla\u015fman\u0131n, Rusiya diplomatiyas\u0131n\u0131n ifad\u0259si il\u0259 des\u0259k, Q\u0259rbd\u0259ki &#8220;h\u0259mkarlar\u0131n&#8221; narahatl\u0131\u011f\u0131na s\u0259b\u0259b oldu\u011funu dem\u0259k he\u00e7 n\u0259 dem\u0259m\u0259y\u0259 b\u0259rab\u0259rdir. AB\u015e son d\u00f6vrd\u0259 \u0259sas geosiyasi d\u00fc\u015fm\u0259ninin (Rusiya), Yax\u0131n \u015e\u0259rqd\u0259 Va\u015finqtonun strateji maraqlar\u0131na \u0259sasl\u0131 \u015f\u0259kild\u0259 mane olan d\u00f6vl\u0259tin (\u0130ran) v\u0259 NATO-nun bu yax\u0131nlara q\u0259d\u0259r regionda bu qurumun maraqlar\u0131n\u0131n b\u0259l\u0259d\u00e7\u0259si olan \u00fczv\u00fcn\u00fcn (T\u00fcrkiy\u0259) simbiozunun yaranmas\u0131n\u0131 m\u00fc\u015fahid\u0259 ed\u0259 v\u0259 eyni zamanda f\u0259aliyy\u0259tsiz qala bil\u0259r?\n<\/p>\n<p>\n  Vladimir Putinin T\u00fcrkiy\u0259y\u0259 s\u0259f\u0259ri Rusiya \u00fc\u00e7\u00fcn misli g\u00f6r\u00fcnm\u0259mi\u015f sanksiya t\u0259zyiqini v\u0259 &#8220;Skripal i\u015fi&#8221; il\u0259 \u0259laq\u0259dar Q\u0259rbin h\u0259mr\u0259yliyini z\u0259ifl\u0259tm\u0259k m\u0259qs\u0259di da\u015f\u0131yan, h\u0259l\u0259lik \u0259sas\u0259n virtual olan ittifaq\u0131n formala\u015fmas\u0131 yolunda \u0259lam\u0259tdar hadis\u0259dir.\n<\/p>\n<p>\n  T\u00fcrkiy\u0259nin \u00f6z s\u0259b\u0259bl\u0259ri var: A\u0130-y\u0259 daxil olmaq haqq\u0131nda sonsuz hekay\u0259l\u0259r, Va\u015finqtonun q\u0131z\u0131\u015fd\u0131rd\u0131\u011f\u0131 k\u00fcrd m\u0259s\u0259l\u0259si, AB\u015e-da s\u0131\u011f\u0131nacaq tapm\u0131\u015f F\u0259tullah G\u00fcl\u0259nin ittiham olundu\u011fu d\u00f6vl\u0259t \u00e7evrili\u015fi c\u0259hdi.\n<\/p>\n<p>\n  \u0130ran sanksiyalar\u0131n l\u0259\u011fvind\u0259n sonra bird\u0259n-bir\u0259 bir ne\u00e7\u0259 layih\u0259 h\u0259yata ke\u00e7irm\u0259y\u0259 \u00e7al\u0131\u015f\u0131r, onlardan h\u0259tta iqtisadi (Avropaya karbohidrogen n\u0259qli) layih\u0259l\u0259r siyas\u0259tl\u0259 s\u0131x \u015f\u0259kild\u0259 \u0259laq\u0259lidir, bunun n\u0259tic\u0259sind\u0259 Tehran regionun tamh\u00fcquqlu d\u00f6vl\u0259ti olma\u011f\u0131 n\u0259z\u0259rd\u0259 tutur.\n<\/p>\n<p>\n  Beyn\u0259lxalq siyas\u0259t n\u00f6qteyi-n\u0259z\u0259rd\u0259n Yax\u0131n \u015e\u0259rq regionu \u0130kinci D\u00fcnya M\u00fcharib\u0259sind\u0259n sonra, dem\u0259k olar ki, h\u0259mi\u015f\u0259 \u0259sas g\u0259rginlik m\u0259nb\u0259l\u0259rind\u0259n biri olub, bu g\u0259rginliyin d\u0259r\u0259c\u0259sini AB\u015e v\u0259 SSR\u0130 y\u00fcks\u0259ldirdi. V\u0259 indi el\u0259 h\u0259min region Birinci D\u00fcnya M\u00fcharib\u0259si d\u00f6vr\u00fcn\u00fcn Balkan\u0131 rolunu oynamaq t\u0259hl\u00fck\u0259si da\u015f\u0131y\u0131r. T\u00fcrkiy\u0259nin silahl\u0131 q\u00fcvv\u0259l\u0259ri, h\u0259tta m\u00fcv\u0259qq\u0259ti m\u00fctt\u0259fiql\u0259rinin susqun, beyn\u0259lxalq koalisiyas\u0131n\u0131nis\u0259 a\u00e7\u0131q etirazlar\u0131na baxm\u0131yaraq, bu il yanvar\u0131n 20-d\u0259 Suriyan\u0131n Afrin b\u00f6lg\u0259sind\u0259 k\u00fcrd silahl\u0131 d\u0259st\u0259l\u0259rini s\u0131x\u0131\u015fd\u0131r\u0131b \u00e7\u0131xarmaq m\u0259qs\u0259dil\u0259 &#8220;Zeytun buda\u011f\u0131&#8221; h\u0259rbi \u0259m\u0259liyyat\u0131na ba\u015flay\u0131b&#8230;\n<\/p>\n<p>\n  Suriyada m\u00fcharib\u0259 bir s\u0131ra s\u0259b\u0259bl\u0259rd\u0259n T\u00fcrkiy\u0259ni d\u00fcnya siyas\u0259tinin m\u0259rk\u0259zin\u0259 qoyub. Birincisi, Avropa d\u00f6vl\u0259tl\u0259rinin Ankaran\u0131n k\u00f6m\u0259yi il\u0259 qurtulma\u011fa \u00e7al\u0131\u015fd\u0131\u011f\u0131 y\u00fcz minl\u0259rl\u0259 qa\u00e7q\u0131na g\u00f6r\u0259, ikincisi, T\u00fcrkiy\u0259nin m\u00f6vqeyinin m\u00fch\u00fcm rol oynad\u0131\u011f\u0131 \u0130\u015e\u0130D-l\u0259 beyn\u0259lxalq m\u00fcbariz\u0259 s\u0259b\u0259bind\u0259n v\u0259 n\u0259hay\u0259t, \u00fc\u00e7\u00fcnc\u00fcs\u00fc, \u0130raqda m\u00fcharib\u0259 d\u00f6vr\u00fcnd\u0259n ba\u015flam\u0131\u015f, yeni d\u00f6vl\u0259tl\u0259rin elan olunmas\u0131na y\u00f6n\u0259lmi\u015f &#8220;s\u0259rh\u0259dl\u0259rin d\u0259yi\u015fdirilm\u0259si&#8221; siyas\u0259ti s\u0259b\u0259bind\u0259n. Ankara \u00fc\u00e7\u00fcn b\u00fct\u00fcn bunlar milli t\u0259hl\u00fck\u0259sizlik m\u0259s\u0259l\u0259l\u0259ridir v\u0259 NATO \u00fczr\u0259 t\u0259r\u0259fda\u015flar\u0131 onlara \u00e7ox vaxt laqeyd yana\u015fd\u0131qlar\u0131na g\u00f6r\u0259 Ankara bunun m\u00fcqabilind\u0259 tarazla\u015fd\u0131r\u0131c\u0131 t\u0259dbirl\u0259r g\u00f6rm\u0259k m\u0259cburiyy\u0259tind\u0259dir.\n<\/p>\n<p>\n  Vaxtil\u0259, \u00f6t\u0259n \u0259srin uzaq iyirminci ill\u0259rind\u0259 de-fakto (Moskva) v\u0259 de-yure (Ankara) m\u0259\u011flubiyy\u0259t\u0259 u\u011frayanlar d\u00fcnyada \u00f6z rollar\u0131n\u0131n b\u0259rpas\u0131na y\u00f6n\u0259lmi\u015f n\u00fcfuzlu alyans yaratd\u0131. Bu g\u00fcn, Birinci D\u00fcnya M\u00fcharib\u0259sinin ba\u015fa \u00e7atmas\u0131ndan bir \u0259sr sonra, Rusiya v\u0259 T\u00fcrkiy\u0259nin yeni ittifaq\u0131n\u0131n \u015fahidi olmaq olarm\u0131?<br \/>\n  <br \/>\n  Dan\u0131\u015f\u0131qlar masas\u0131nda n\u0259 var? \u0130ki \u00f6lk\u0259 lideri hans\u0131 m\u0259s\u0259l\u0259l\u0259ri m\u00fczakir\u0259 ed\u0259 bil\u0259r? Onlar a\u00e7\u0131lm\u0131\u015f iqtisadi \u0259m\u0259kda\u015f\u0131q perspektivl\u0259rini (&#8220;C\u0259nub d\u0259hlizi&#8221;) nec\u0259 siyasi dividend\u0259 \u00e7evirm\u0259y\u0259 haz\u0131rla\u015f\u0131rlar? A\u0130 v\u0259 \u0259n \u0259sas\u0131, AB\u015e konturlar\u0131 m\u00fc\u0259yy\u0259n edil\u0259n alyansa mane olacaqm\u0131, nec\u0259?\n<\/p>\n<p>\n  Bizim d\u00f6vr\u00fcm\u00fczd\u0259 ehtimal olunan alyans\u0131n AB\u015e \u00fc\u00e7\u00fcn ba\u015f a\u011fr\u0131s\u0131 hesab olunan \u00fc\u00e7\u00fcnc\u00fc \u00fczv\u00fcn\u00fcn d\u0259 ortaya \u00e7\u0131xa bil\u0259c\u0259yini \u0259lav\u0259 ed\u0259k. S\u00f6hb\u0259t, \u0259lb\u0259tt\u0259 ki, \u0130randan gedir. Bu \u00f6lk\u0259nin prezidenti Suriya \u00fczr\u0259 \u0259vv\u0259lc\u0259d\u0259n elan edilmi\u015f sammit\u0259 bir q\u0259d\u0259r sonra qat\u0131laraq, h\u0259mkarlar\u0131na yaln\u0131z onlara aid probleml\u0259rin h\u0259lli \u00fc\u00e7\u00fcn vaxt verib (3 aprel). Bir g\u00fcn sonra, aprelin 4-d\u0259 prezident Putinin Ruhani il\u0259, daha sonra is\u0259 \u00fc\u00e7t\u0259r\u0259fli g\u00f6r\u00fc\u015f ke\u00e7irilib.\n<\/p>\n<p>\n  Bel\u0259likl\u0259, formal olaraq T\u00fcrkiy\u0259d\u0259 g\u00f6r\u00fc\u015f\u00fc Suriyadak\u0131 v\u0259ziyy\u0259t\u0259 qiym\u0259t verm\u0259li v\u0259 b\u00f6hran\u0131n bundan sonra nizamlanmas\u0131 yollar\u0131n\u0131 m\u00fc\u0259yy\u0259n etm\u0259li, m\u00fcnaqi\u015f\u0259 t\u0259r\u0259fl\u0259rinin dan\u0131\u015f\u0131qlar prosesi \u00fc\u00e7\u00fcn \u015f\u0259rait yaratmal\u0131d\u0131r.\n<\/p>\n<p>\n  Suriya il\u0259 ba\u011fl\u0131 sammitl\u0259r, g\u00f6r\u00fcn\u00fcr, \u0259n\u0259n\u0259y\u0259 \u00e7evrilir. Onlardan birincisi Moskvan\u0131n t\u0259\u015f\u0259bb\u00fcs\u00fc il\u0259 So\u00e7id\u0259 ke\u00e7irilib, Astanada g\u00f6r\u00fc\u015fl\u0259r ke\u00e7irilib, burada &#8220;\u00fc\u00e7l\u00fck&#8221; Suriya Milli Dialoq Konqresi t\u0259\u015fkil etm\u0259y\u0259 \u00e7al\u0131\u015f\u0131b. V\u0259 Ankarada Suriyan\u0131n t\u0259hl\u00fck\u0259sizliyi v\u0259 sabitliyi, qa\u00e7q\u0131nlar\u0131n qay\u0131tmas\u0131, bu \u00f6lk\u0259nin g\u0259l\u0259c\u0259yi haqq\u0131nda m\u00fclki dialoq m\u0259s\u0259l\u0259l\u0259rini h\u0259ll ed\u0259n g\u00f6r\u00fc\u015f. Tezlikl\u0259 \u0130randa da bel\u0259 bir sammit ke\u00e7iril\u0259c\u0259yi ehtimal olunur.\n<\/p>\n<p>\n  Bu m\u00fcdd\u0259t \u0259rzind\u0259 dig\u0259r t\u0259r\u0259fd\u0259n is\u0259 ehtiyat add\u0131mlar\u0131 at\u0131l\u0131r. M\u0259tbuat\u0131n versiyas\u0131na g\u00f6r\u0259, k\u00fcrdl\u0259rin s\u0131x\u0131\u015fd\u0131r\u0131lmas\u0131 \u00fczr\u0259 h\u0259rbi \u0259m\u0259liyyatlar Ankara hakimiyy\u0259tinin ba\u015fda AB\u015e olmaqla, bir m\u00fcdd\u0259t \u0259vv\u0259l Suriya \u0259razisind\u0259 &#8220;s\u0259rh\u0259dl\u0259rin t\u0259hl\u00fck\u0259sizliyi q\u00fcvv\u0259l\u0259ri&#8221; yaratmaq plan\u0131n\u0131 elan ed\u0259n beyn\u0259lxalq koalisiyan\u0131n f\u0259aliyy\u0259tin\u0259 cavab oldu. Va\u015finqtonun plan\u0131na \u0259sas\u0259n, bu &#8220;t\u0259hl\u00fck\u0259sizlik q\u00fcvv\u0259l\u0259ri&#8221; \u0130ran-T\u00fcrkiy\u0259 s\u0259rh\u0259dind\u0259 v\u0259 Suriya \u0259razisind\u0259 F\u0259rat \u00e7ay\u0131 boyunca yerl\u0259\u015fm\u0259lidir. H\u0259m\u00e7inin bildirilirdi ki, T\u00fcrkiy\u0259 hakimiyy\u0259ti Va\u015finqtonun terror ordusu yaratd\u0131\u011f\u0131n\u0131 hesab edir, Ankara ona qar\u015f\u0131 m\u00fcbariz\u0259 aparacaq&#8230;\n<\/p>\n<p>\n  M\u00f6vzuya qay\u0131daraq, T\u00fcrkiy\u0259nin &#8220;Daily Sabah&#8221; q\u0259zetind\u0259 d\u0259rc olunmu\u015f &#8220;T\u00fcrkiy\u0259, \u0130ran v\u0259 Rusiya nec\u0259 Suriyada s\u00fclh ke\u015fik\u00e7isin\u0259 \u00e7evrildi&#8221; s\u0259rl\u00f6vh\u0259li yaz\u0131ya diqq\u0259t \u00e7\u0259k\u0259k. M\u0259qal\u0259d\u0259 deyilir: &#8220;Onlar\u0131n ba\u015flad\u0131\u011f\u0131 xeyriyy\u0259 prosesi art\u0131q m\u00fch\u00fcm n\u0259tic\u0259l\u0259r verib. \u0130ndi bu \u00f6lk\u0259l\u0259r d\u00fcnya ictimaiyy\u0259tin\u0259 g\u00f6st\u0259rm\u0259lidirl\u0259r ki, onlar s\u00fclh\u0259 v\u0259 siyasi h\u0259ll\u0259 nail ola bilirl\u0259r. \u015e\u00fcbh\u0259siz, b\u00fct\u00fcn probleml\u0259r h\u0259ll olunmay\u0131b: \u00f6lk\u0259nin b\u0259zi hiss\u0259l\u0259rind\u0259 Suriya h\u00f6kum\u0259tinin yenilm\u0259zliyi v\u0259 bir s\u0131ra m\u00fcxalif qrupla\u015fmalar\u0131n dan\u0131\u015f\u0131qlar masas\u0131 arxas\u0131na oturmazdan \u0259vv\u0259l m\u00f6vqel\u0259rini m\u00f6hk\u0259ml\u0259ndirm\u0259k ist\u0259yi il\u0259 \u0259laq\u0259dar d\u00f6y\u00fc\u015fl\u0259r davam edir. Bununla bel\u0259, \u00fcmumilikd\u0259 bel\u0259 bir t\u0259\u0259ss\u00fcrat yaran\u0131r ki, Suriya m\u00fcnaqi\u015f\u0259sinin sonu yax\u0131nd\u0131r&#8221;, dey\u0259 \u0130lknur \u00c7elik m\u0259qal\u0259d\u0259 yaz\u0131r.\n<\/p>\n<p>\n  Bu m\u0259qal\u0259 &#8220;\u00fc\u00e7l\u00fcy\u00fcn&#8221; regionda h\u0259ll etdiyi b\u0259zi v\u0259zif\u0259l\u0259r\u0259 i\u015f\u0131q sal\u0131r. Bel\u0259 ki, Tehran v\u0259 Moskva B\u0259\u015f\u0259r \u018fs\u0259d rejiminin m\u00f6hk\u0259ml\u0259ndirilm\u0259sind\u0259 maraql\u0131d\u0131rlarsa, Ankara Suriyada \u00e7oxlu\u011fun idar\u0259etm\u0259sin\u0259 y\u00f6n\u0259lmi\u015f bu v\u0259 ya dig\u0259r demokratik nizam-intizam formas\u0131 yaratmaq v\u0259 g\u0259l\u0259c\u0259kd\u0259 m\u00fcv\u0259qq\u0259ti koalisiya qo\u015funlar\u0131 \u00e7\u0131xar\u0131ld\u0131qdan sonra \u00f6lk\u0259ni Suriya xalq\u0131na verm\u0259k u\u011frunda m\u00fcbariz\u0259 apar\u0131r. T\u0259r\u0259fl\u0259r \u0259mindirl\u0259r ki, Suriya \u00f6z \u0259razi b\u00fct\u00f6vl\u00fcy\u00fcn\u00fc qoruyub saxlamal\u0131d\u0131r, bu is\u0259 &#8220;AB\u015e-\u0131n d\u0259st\u0259yi il\u0259 Suriyan\u0131n \u015fimal\u0131nda &#8220;K\u00fcrd\u00fcstan F\u0259hl\u0259 Partiyas\u0131n\u0131n (PKK) n\u0259zar\u0259ti alt\u0131nda olan&#8221; kvazi d\u00f6vl\u0259t yaratmaq ist\u0259y\u0259n K\u00fcrd Xalq \u00d6z\u00fcn\u00fcm\u00fcdafi\u0259 D\u0259st\u0259l\u0259rinin (YPG)&#8221; planlar\u0131n\u0131 pozur.\n<\/p>\n<p>\n  H\u0259rbi \u0259m\u0259liyyat b\u00f6lg\u0259l\u0259rind\u0259 inzibati infrastrukturun b\u0259rpas\u0131na d\u0259st\u0259k verm\u0259k, daha sonra onlar\u0131 dinc k\u00fcrd v\u0259 \u0259r\u0259b sakinl\u0259r\u0259 verm\u0259k planlar\u0131 Ankaran\u0131n yaln\u0131z silahl\u0131 d\u0259st\u0259l\u0259ri qovdu\u011funu t\u0259sdiq edir. Maraql\u0131d\u0131r ki, T\u00fcrkiy\u0259 r\u0259smi olaraq m\u00fcnaqi\u015f\u0259y\u0259 c\u0259lb edilmi\u015f b\u00fct\u00fcn dig\u0259r t\u0259r\u0259fl\u0259rin d\u0259 bel\u0259 ed\u0259c\u0259yini g\u00f6zl\u0259yir.\n<\/p>\n<p>\n  Ola bil\u0259r ki, bu, t\u0259kc\u0259 NATO q\u00fcvv\u0259l\u0259rin\u0259 deyil, h\u0259m d\u0259 &#8220;\u00fc\u00e7l\u00fck&#8221; \u00fczvl\u0259rin\u0259 eyhamd\u0131r. Ax\u0131 Rusiya B\u0259\u015f\u0259r \u018fs\u0259dl\u0259 x\u00fcsusi raz\u0131la\u015fma say\u0259sind\u0259 Aral\u0131q D\u0259nizind\u0259 iki baza yaratmaq h\u00fcququ \u0259ld\u0259 edib. M\u0259qal\u0259 m\u00fc\u0259llifinin fikrinc\u0259, g\u0259l\u0259c\u0259k Suriya hakimiyy\u0259tinin m\u00fcqavil\u0259ni t\u0259sdiq etm\u0259si \u015f\u0259rti il\u0259 bazalar saxlan\u0131la bil\u0259r. AB\u015e-a g\u0259linc\u0259, onlar gec ya tez Suriyan\u0131 t\u0259rk etm\u0259li olacaqlar.<\/p>\n","protected":false},"excerpt":{"rendered":"<p>Art\u0131q uzun m\u00fcdd\u0259tdir ki, d\u00fcnya \u0130ran, Rusiya v\u0259 T\u00fcrkiy\u0259nin birm\u0259nal\u0131 &#8230; <\/p>\n<p class=\"read-more-container\"><a title=\"\u00dc\u00e7l\u00fcy\u00fcn dan\u0131\u015f\u0131qlar masas\u0131nda n\u0259 var?\" class=\"read-more button\" href=\"https:\/\/www.meydan.tv\/az\/article\/ucluyun-danisiqlar-masasinda-ne-var\/#more-189393\" aria-label=\"Read more about \u00dc\u00e7l\u00fcy\u00fcn dan\u0131\u015f\u0131qlar masas\u0131nda n\u0259 var?\">Davam\u0131<\/a><\/p>\n","protected":false},"author":11,"featured_media":101769,"comment_status":"closed","ping_status":"open","sticky":false,"template":"","format":"standard","meta":{"_acf_changed":false,"_sitemap_exclude":false,"_sitemap_priority":"","_sitemap_frequency":"","footnotes":""},"categories":[51],"tags":[],"class_list":["post-189393","post","type-post","status-publish","format-standard","has-post-thumbnail","hentry","category-analitika","infinite-scroll-item","generate-columns","tablet-grid-50","mobile-grid-100","grid-parent","grid-33","no-featured-image-padding"],"acf":[],"yoast_head":"<!-- This site is optimized with the Yoast SEO plugin v27.4 - https:\/\/yoast.com\/product\/yoast-seo-wordpress\/ -->\n<title>\u00dc\u00e7l\u00fcy\u00fcn dan\u0131\u015f\u0131qlar masas\u0131nda n\u0259 var? - MEYDAN.TV<\/title>\n<meta name=\"robots\" content=\"index, follow, max-snippet:-1, max-image-preview:large, max-video-preview:-1\" \/>\n<link rel=\"canonical\" href=\"https:\/\/www.meydan.tv\/az\/article\/ucluyun-danisiqlar-masasinda-ne-var\/\" \/>\n<meta property=\"og:locale\" content=\"az_AZ\" \/>\n<meta property=\"og:type\" content=\"article\" \/>\n<meta property=\"og:title\" content=\"\u00dc\u00e7l\u00fcy\u00fcn dan\u0131\u015f\u0131qlar masas\u0131nda n\u0259 var? - MEYDAN.TV\" \/>\n<meta property=\"og:description\" content=\"Art\u0131q uzun m\u00fcdd\u0259tdir ki, d\u00fcnya \u0130ran, Rusiya v\u0259 T\u00fcrkiy\u0259nin birm\u0259nal\u0131 ... Davam\u0131\" \/>\n<meta property=\"og:url\" content=\"https:\/\/www.meydan.tv\/az\/article\/ucluyun-danisiqlar-masasinda-ne-var\/\" \/>\n<meta property=\"og:site_name\" content=\"MEYDAN.TV\" \/>\n<meta property=\"article:published_time\" content=\"2018-04-06T15:35:05+00:00\" \/>\n<meta property=\"og:image\" content=\"https:\/\/www.meydan.tv\/wp-content\/uploads\/40314.png\" \/>\n\t<meta property=\"og:image:width\" content=\"810\" \/>\n\t<meta property=\"og:image:height\" content=\"450\" \/>\n\t<meta property=\"og:image:type\" content=\"image\/png\" \/>\n<meta name=\"author\" content=\"user-manager\" \/>\n<meta name=\"twitter:card\" content=\"summary_large_image\" \/>\n<script type=\"application\/ld+json\" class=\"yoast-schema-graph\">{\"@context\":\"https:\\\/\\\/schema.org\",\"@graph\":[{\"@type\":\"Article\",\"@id\":\"https:\\\/\\\/www.meydan.tv\\\/az\\\/article\\\/ucluyun-danisiqlar-masasinda-ne-var\\\/#article\",\"isPartOf\":{\"@id\":\"https:\\\/\\\/www.meydan.tv\\\/az\\\/article\\\/ucluyun-danisiqlar-masasinda-ne-var\\\/\"},\"author\":{\"name\":\"user-manager\",\"@id\":\"https:\\\/\\\/www.meydan.tv\\\/az\\\/#\\\/schema\\\/person\\\/10d11eccf6da3662cf5fdab9806ea91a\"},\"headline\":\"\u00dc\u00e7l\u00fcy\u00fcn dan\u0131\u015f\u0131qlar masas\u0131nda n\u0259 var?\",\"datePublished\":\"2018-04-06T15:35:05+00:00\",\"mainEntityOfPage\":{\"@id\":\"https:\\\/\\\/www.meydan.tv\\\/az\\\/article\\\/ucluyun-danisiqlar-masasinda-ne-var\\\/\"},\"wordCount\":1602,\"publisher\":{\"@id\":\"https:\\\/\\\/www.meydan.tv\\\/az\\\/#organization\"},\"image\":{\"@id\":\"https:\\\/\\\/www.meydan.tv\\\/az\\\/article\\\/ucluyun-danisiqlar-masasinda-ne-var\\\/#primaryimage\"},\"thumbnailUrl\":\"https:\\\/\\\/www.meydan.tv\\\/wp-content\\\/uploads\\\/40314.png\",\"articleSection\":[\"Analitika\"],\"inLanguage\":\"az\"},{\"@type\":\"WebPage\",\"@id\":\"https:\\\/\\\/www.meydan.tv\\\/az\\\/article\\\/ucluyun-danisiqlar-masasinda-ne-var\\\/\",\"url\":\"https:\\\/\\\/www.meydan.tv\\\/az\\\/article\\\/ucluyun-danisiqlar-masasinda-ne-var\\\/\",\"name\":\"\u00dc\u00e7l\u00fcy\u00fcn dan\u0131\u015f\u0131qlar masas\u0131nda n\u0259 var? - MEYDAN.TV\",\"isPartOf\":{\"@id\":\"https:\\\/\\\/www.meydan.tv\\\/az\\\/#website\"},\"primaryImageOfPage\":{\"@id\":\"https:\\\/\\\/www.meydan.tv\\\/az\\\/article\\\/ucluyun-danisiqlar-masasinda-ne-var\\\/#primaryimage\"},\"image\":{\"@id\":\"https:\\\/\\\/www.meydan.tv\\\/az\\\/article\\\/ucluyun-danisiqlar-masasinda-ne-var\\\/#primaryimage\"},\"thumbnailUrl\":\"https:\\\/\\\/www.meydan.tv\\\/wp-content\\\/uploads\\\/40314.png\",\"datePublished\":\"2018-04-06T15:35:05+00:00\",\"breadcrumb\":{\"@id\":\"https:\\\/\\\/www.meydan.tv\\\/az\\\/article\\\/ucluyun-danisiqlar-masasinda-ne-var\\\/#breadcrumb\"},\"inLanguage\":\"az\",\"potentialAction\":[{\"@type\":\"ReadAction\",\"target\":[\"https:\\\/\\\/www.meydan.tv\\\/az\\\/article\\\/ucluyun-danisiqlar-masasinda-ne-var\\\/\"]}]},{\"@type\":\"ImageObject\",\"inLanguage\":\"az\",\"@id\":\"https:\\\/\\\/www.meydan.tv\\\/az\\\/article\\\/ucluyun-danisiqlar-masasinda-ne-var\\\/#primaryimage\",\"url\":\"https:\\\/\\\/www.meydan.tv\\\/wp-content\\\/uploads\\\/40314.png\",\"contentUrl\":\"https:\\\/\\\/www.meydan.tv\\\/wp-content\\\/uploads\\\/40314.png\",\"width\":810,\"height\":450,\"caption\":\"Source:\"},{\"@type\":\"BreadcrumbList\",\"@id\":\"https:\\\/\\\/www.meydan.tv\\\/az\\\/article\\\/ucluyun-danisiqlar-masasinda-ne-var\\\/#breadcrumb\",\"itemListElement\":[{\"@type\":\"ListItem\",\"position\":1,\"name\":\"Ana s\u0259hif\u0259\",\"item\":\"https:\\\/\\\/www.meydan.tv\\\/az\\\/\"},{\"@type\":\"ListItem\",\"position\":2,\"name\":\"Analitika\",\"item\":\"https:\\\/\\\/www.meydan.tv\\\/az\\\/section\\\/analitika\\\/\"},{\"@type\":\"ListItem\",\"position\":3,\"name\":\"\u00dc\u00e7l\u00fcy\u00fcn dan\u0131\u015f\u0131qlar masas\u0131nda n\u0259 var?\"}]},{\"@type\":\"WebSite\",\"@id\":\"https:\\\/\\\/www.meydan.tv\\\/az\\\/#website\",\"url\":\"https:\\\/\\\/www.meydan.tv\\\/az\\\/\",\"name\":\"MEYDAN.TV\",\"description\":\"Meydan TV Az\u0259rbaycan\u0131n media m\u0259kan\u0131ndak\u0131 alternativ s\u0259sidir\",\"publisher\":{\"@id\":\"https:\\\/\\\/www.meydan.tv\\\/az\\\/#organization\"},\"potentialAction\":[{\"@type\":\"SearchAction\",\"target\":{\"@type\":\"EntryPoint\",\"urlTemplate\":\"https:\\\/\\\/www.meydan.tv\\\/az\\\/?s={search_term_string}\"},\"query-input\":{\"@type\":\"PropertyValueSpecification\",\"valueRequired\":true,\"valueName\":\"search_term_string\"}}],\"inLanguage\":\"az\"},{\"@type\":\"Organization\",\"@id\":\"https:\\\/\\\/www.meydan.tv\\\/az\\\/#organization\",\"name\":\"Meydan TV\",\"url\":\"https:\\\/\\\/www.meydan.tv\\\/az\\\/\",\"logo\":{\"@type\":\"ImageObject\",\"inLanguage\":\"az\",\"@id\":\"https:\\\/\\\/www.meydan.tv\\\/az\\\/#\\\/schema\\\/logo\\\/image\\\/\",\"url\":\"https:\\\/\\\/www.meydan.tv\\\/wp-content\\\/uploads\\\/2021\\\/07\\\/meydan-logo.svg\",\"contentUrl\":\"https:\\\/\\\/www.meydan.tv\\\/wp-content\\\/uploads\\\/2021\\\/07\\\/meydan-logo.svg\",\"width\":195,\"height\":46,\"caption\":\"Meydan TV\"},\"image\":{\"@id\":\"https:\\\/\\\/www.meydan.tv\\\/az\\\/#\\\/schema\\\/logo\\\/image\\\/\"}},{\"@type\":\"Person\",\"@id\":\"https:\\\/\\\/www.meydan.tv\\\/az\\\/#\\\/schema\\\/person\\\/10d11eccf6da3662cf5fdab9806ea91a\",\"name\":\"user-manager\"}]}<\/script>\n<!-- \/ Yoast SEO plugin. -->","yoast_head_json":{"title":"\u00dc\u00e7l\u00fcy\u00fcn dan\u0131\u015f\u0131qlar masas\u0131nda n\u0259 var? - MEYDAN.TV","robots":{"index":"index","follow":"follow","max-snippet":"max-snippet:-1","max-image-preview":"max-image-preview:large","max-video-preview":"max-video-preview:-1"},"canonical":"https:\/\/www.meydan.tv\/az\/article\/ucluyun-danisiqlar-masasinda-ne-var\/","og_locale":"az_AZ","og_type":"article","og_title":"\u00dc\u00e7l\u00fcy\u00fcn dan\u0131\u015f\u0131qlar masas\u0131nda n\u0259 var? - MEYDAN.TV","og_description":"Art\u0131q uzun m\u00fcdd\u0259tdir ki, d\u00fcnya \u0130ran, Rusiya v\u0259 T\u00fcrkiy\u0259nin birm\u0259nal\u0131 ... Davam\u0131","og_url":"https:\/\/www.meydan.tv\/az\/article\/ucluyun-danisiqlar-masasinda-ne-var\/","og_site_name":"MEYDAN.TV","article_published_time":"2018-04-06T15:35:05+00:00","og_image":[{"width":810,"height":450,"url":"https:\/\/www.meydan.tv\/wp-content\/uploads\/40314.png","type":"image\/png"}],"author":"user-manager","twitter_card":"summary_large_image","schema":{"@context":"https:\/\/schema.org","@graph":[{"@type":"Article","@id":"https:\/\/www.meydan.tv\/az\/article\/ucluyun-danisiqlar-masasinda-ne-var\/#article","isPartOf":{"@id":"https:\/\/www.meydan.tv\/az\/article\/ucluyun-danisiqlar-masasinda-ne-var\/"},"author":{"name":"user-manager","@id":"https:\/\/www.meydan.tv\/az\/#\/schema\/person\/10d11eccf6da3662cf5fdab9806ea91a"},"headline":"\u00dc\u00e7l\u00fcy\u00fcn dan\u0131\u015f\u0131qlar masas\u0131nda n\u0259 var?","datePublished":"2018-04-06T15:35:05+00:00","mainEntityOfPage":{"@id":"https:\/\/www.meydan.tv\/az\/article\/ucluyun-danisiqlar-masasinda-ne-var\/"},"wordCount":1602,"publisher":{"@id":"https:\/\/www.meydan.tv\/az\/#organization"},"image":{"@id":"https:\/\/www.meydan.tv\/az\/article\/ucluyun-danisiqlar-masasinda-ne-var\/#primaryimage"},"thumbnailUrl":"https:\/\/www.meydan.tv\/wp-content\/uploads\/40314.png","articleSection":["Analitika"],"inLanguage":"az"},{"@type":"WebPage","@id":"https:\/\/www.meydan.tv\/az\/article\/ucluyun-danisiqlar-masasinda-ne-var\/","url":"https:\/\/www.meydan.tv\/az\/article\/ucluyun-danisiqlar-masasinda-ne-var\/","name":"\u00dc\u00e7l\u00fcy\u00fcn dan\u0131\u015f\u0131qlar masas\u0131nda n\u0259 var? - MEYDAN.TV","isPartOf":{"@id":"https:\/\/www.meydan.tv\/az\/#website"},"primaryImageOfPage":{"@id":"https:\/\/www.meydan.tv\/az\/article\/ucluyun-danisiqlar-masasinda-ne-var\/#primaryimage"},"image":{"@id":"https:\/\/www.meydan.tv\/az\/article\/ucluyun-danisiqlar-masasinda-ne-var\/#primaryimage"},"thumbnailUrl":"https:\/\/www.meydan.tv\/wp-content\/uploads\/40314.png","datePublished":"2018-04-06T15:35:05+00:00","breadcrumb":{"@id":"https:\/\/www.meydan.tv\/az\/article\/ucluyun-danisiqlar-masasinda-ne-var\/#breadcrumb"},"inLanguage":"az","potentialAction":[{"@type":"ReadAction","target":["https:\/\/www.meydan.tv\/az\/article\/ucluyun-danisiqlar-masasinda-ne-var\/"]}]},{"@type":"ImageObject","inLanguage":"az","@id":"https:\/\/www.meydan.tv\/az\/article\/ucluyun-danisiqlar-masasinda-ne-var\/#primaryimage","url":"https:\/\/www.meydan.tv\/wp-content\/uploads\/40314.png","contentUrl":"https:\/\/www.meydan.tv\/wp-content\/uploads\/40314.png","width":810,"height":450,"caption":"Source:"},{"@type":"BreadcrumbList","@id":"https:\/\/www.meydan.tv\/az\/article\/ucluyun-danisiqlar-masasinda-ne-var\/#breadcrumb","itemListElement":[{"@type":"ListItem","position":1,"name":"Ana s\u0259hif\u0259","item":"https:\/\/www.meydan.tv\/az\/"},{"@type":"ListItem","position":2,"name":"Analitika","item":"https:\/\/www.meydan.tv\/az\/section\/analitika\/"},{"@type":"ListItem","position":3,"name":"\u00dc\u00e7l\u00fcy\u00fcn dan\u0131\u015f\u0131qlar masas\u0131nda n\u0259 var?"}]},{"@type":"WebSite","@id":"https:\/\/www.meydan.tv\/az\/#website","url":"https:\/\/www.meydan.tv\/az\/","name":"MEYDAN.TV","description":"Meydan TV Az\u0259rbaycan\u0131n media m\u0259kan\u0131ndak\u0131 alternativ s\u0259sidir","publisher":{"@id":"https:\/\/www.meydan.tv\/az\/#organization"},"potentialAction":[{"@type":"SearchAction","target":{"@type":"EntryPoint","urlTemplate":"https:\/\/www.meydan.tv\/az\/?s={search_term_string}"},"query-input":{"@type":"PropertyValueSpecification","valueRequired":true,"valueName":"search_term_string"}}],"inLanguage":"az"},{"@type":"Organization","@id":"https:\/\/www.meydan.tv\/az\/#organization","name":"Meydan TV","url":"https:\/\/www.meydan.tv\/az\/","logo":{"@type":"ImageObject","inLanguage":"az","@id":"https:\/\/www.meydan.tv\/az\/#\/schema\/logo\/image\/","url":"https:\/\/www.meydan.tv\/wp-content\/uploads\/2021\/07\/meydan-logo.svg","contentUrl":"https:\/\/www.meydan.tv\/wp-content\/uploads\/2021\/07\/meydan-logo.svg","width":195,"height":46,"caption":"Meydan TV"},"image":{"@id":"https:\/\/www.meydan.tv\/az\/#\/schema\/logo\/image\/"}},{"@type":"Person","@id":"https:\/\/www.meydan.tv\/az\/#\/schema\/person\/10d11eccf6da3662cf5fdab9806ea91a","name":"user-manager"}]}},"_links":{"self":[{"href":"https:\/\/www.meydan.tv\/az\/wp-json\/wp\/v2\/posts\/189393","targetHints":{"allow":["GET"]}}],"collection":[{"href":"https:\/\/www.meydan.tv\/az\/wp-json\/wp\/v2\/posts"}],"about":[{"href":"https:\/\/www.meydan.tv\/az\/wp-json\/wp\/v2\/types\/post"}],"author":[{"embeddable":true,"href":"https:\/\/www.meydan.tv\/az\/wp-json\/wp\/v2\/users\/11"}],"replies":[{"embeddable":true,"href":"https:\/\/www.meydan.tv\/az\/wp-json\/wp\/v2\/comments?post=189393"}],"version-history":[{"count":0,"href":"https:\/\/www.meydan.tv\/az\/wp-json\/wp\/v2\/posts\/189393\/revisions"}],"wp:featuredmedia":[{"embeddable":true,"href":"https:\/\/www.meydan.tv\/az\/wp-json\/wp\/v2\/media\/101769"}],"wp:attachment":[{"href":"https:\/\/www.meydan.tv\/az\/wp-json\/wp\/v2\/media?parent=189393"}],"wp:term":[{"taxonomy":"category","embeddable":true,"href":"https:\/\/www.meydan.tv\/az\/wp-json\/wp\/v2\/categories?post=189393"},{"taxonomy":"post_tag","embeddable":true,"href":"https:\/\/www.meydan.tv\/az\/wp-json\/wp\/v2\/tags?post=189393"}],"curies":[{"name":"wp","href":"https:\/\/api.w.org\/{rel}","templated":true}]}}