{"id":189390,"date":"2018-04-05T22:32:09","date_gmt":"2018-04-05T22:32:09","guid":{"rendered":"https:\/\/www.meydan.tv\/article\/iqtisadcilar-oliqarxlarin-eliyeve-tesirinin-bitdiyini-iddia-etdiler\/"},"modified":"2018-04-05T22:32:09","modified_gmt":"2018-04-05T22:32:09","slug":"iqtisadcilar-oliqarxlarin-eliyeve-tesirinin-bitdiyini-iddia-etdiler","status":"publish","type":"post","link":"https:\/\/www.meydan.tv\/az\/article\/iqtisadcilar-oliqarxlarin-eliyeve-tesirinin-bitdiyini-iddia-etdiler\/","title":{"rendered":"\u0130qtisad\u00e7\u0131lar oliqarxlar\u0131n \u018fliyev\u0259 t\u0259sirinin bitdiyini iddia etdil\u0259r"},"content":{"rendered":"<figure class=\"wp-block-image size-large\">\n  <img decoding=\"async\" src=\"https:\/\/www.meydan.tv\/az\/ilham-eliyev-55\/\" alt=\"\u0130lham \u018fliyev\" class=\"wp-image-101753\"\/><figcaption>\n    \u0130lham \u018fliyev<br \/>\n  <\/figcaption><\/figure>\n<p>\n  \u201c<br \/>\n  <a href=\"http:\/\/www.kavkaz-uzel.eu\/articles\/318061\/\" target=\"_blank\" rel=\"noopener\"><br \/>\n    Kavkazskiy Uzel<br \/>\n  <\/a><br \/>\n  \u201d-in m\u00fcsahib\u0259 ald\u0131\u011f\u0131 iqtisad\u00e7\u0131lar hesab edir ki, Az\u0259rbaycan prezidentliyin\u0259 namiz\u0259d v\u0259 indiki d\u00f6vl\u0259t ba\u015f\u00e7\u0131s\u0131 \u0130lham \u018fliyev se\u00e7ki kampaniyas\u0131nda inzibati resurslardan istifad\u0259 edir v\u0259 biznesmen v\u0259 oliqarxlardan d\u0259st\u0259k alma\u011fa ehtiyac duymur. \u201cSon ill\u0259rd\u0259 \u018fliyev \u00f6lk\u0259d\u0259 oliqarx qruplar\u0131n t\u0259sirini azaldaraq, f\u0259rdi g\u00fcc\u00fcn\u00fc \u0259h\u0259miyy\u0259tli d\u0259r\u0259c\u0259d\u0259 g\u00fccl\u0259ndirib\u201d, &#8211; dey\u0259 ekspertl\u0259r bildirib.\n<\/p>\n<p>\n  <b><br \/>\n    Ba\u015flan\u011f\u0131cda Az\u0259rbaycanda prezident se\u00e7kil\u0259ri oktyabr\u0131n 17-d\u0259 olmal\u0131 idi, lakin fevral\u0131n 5-d\u0259 d\u00f6vl\u0259t ba\u015f\u00e7\u0131s\u0131 \u0130lham \u018fliyev se\u00e7kil\u0259ri aprelin 11-\u0259 t\u0259yin etdi. Demokratik Q\u00fcvv\u0259l\u0259rin Milli \u015euras\u0131 (DQM\u015e), M\u00fcsavat v\u0259 \u00dcmid partiyalar\u0131 erk\u0259n se\u00e7kil\u0259r\u0259 qat\u0131lmaqdan imtina etdil\u0259r v\u0259 Respublika\u00e7\u0131 Alternativ (ReAl) v\u0259 Nida h\u0259r\u0259kat\u0131 s\u0259sverm\u0259nin n\u0259tic\u0259l\u0259rini tan\u0131mad\u0131qlar\u0131 il\u0259 ba\u011fl\u0131 x\u0259b\u0259rdarl\u0131q etdil\u0259r. &#8220;Demokratiya v\u0259 rifah&#8221; h\u0259r\u0259kat\u0131 (ADR) Az\u0259rbaycan hakimiyy\u0259tini erk\u0259n prezident se\u00e7kil\u0259rini l\u0259\u011fv etm\u0259y\u0259 \u00e7a\u011f\u0131rd\u0131.<br \/>\n  <\/b>\n<\/p>\n<p>\n  \u201cKavkazskiy Uzel\u201din bildidirdiyi kimi, \u018fliyevd\u0259n ba\u015fqa prezident se\u00e7kisi \u00fc\u00e7\u00fcn namiz\u0259d olaraq Milli M\u0259clisin partiyas\u0131z deputat\u0131 Zahid Oruc, Az\u0259rbaycan Sosial Demokrat Partiyas\u0131n\u0131n lideri Araz \u018flizad\u0259, B\u00fct\u00f6v Az\u0259rbaycan Xalq C\u0259bh\u0259si Partiyas\u0131n\u0131n r\u0259hb\u0259ri Q\u00fcdr\u0259t H\u0259s\u0259nquliyev, Milli Dir\u00e7\u0259li\u015f Partiyas\u0131ndan F\u0259r\u0259c Quliyev, Muasir M\u00fcsavat Partiyas\u0131ndan Hafiz Hac\u0131yev, Xalq Partiyas\u0131n\u0131n T\u0259\u015f\u0259bb\u00fcs Qrupundan Razi Nurullayev, Az\u0259rbaycan Demokrat Partiyas\u0131n\u0131n s\u0259dri S\u0259rdar M\u0259mm\u0259dov (C\u0259lalo\u011flu) da qeydiyyatdan ke\u00e7ibl\u0259r. 19 martda Az\u0259rbaycanda se\u00e7kiqaba\u011f\u0131 t\u0259\u015fviqat ba\u015flay\u0131b. \u201cKavkazskiy Uzel\u201d\u0259 dan\u0131\u015fan QHT n\u00fcmay\u0259nd\u0259l\u0259ri prezident namiz\u0259dl\u0259ri \u00fc\u00e7\u00fcn televiziya reklamlar\u0131n\u0131n \u00e7ox baha olmas\u0131ndan \u015fikay\u0259tl\u0259nibl\u0259r.\n<\/p>\n<p>\n  <b><br \/>\n    Sosial m\u00fcdafi\u0259 \u00fc\u00e7\u00fcn g\u00f6r\u00fcl\u0259n t\u0259dbirl\u0259r t\u0259bli\u011fat vasit\u0259si kimi istifad\u0259 olunur<br \/>\n  <\/b>\n<\/p>\n<p>\n  Az\u0259rbaycan Demokratiya v\u0259 Rifah H\u0259r\u0259kat\u0131n\u0131n lideri, iqtisad\u00e7\u0131 Qubad \u0130bado\u011flu hesab edir ki, prezidentliy\u0259 namiz\u0259d, haz\u0131rk\u0131 d\u00f6vl\u0259t ba\u015f\u00e7\u0131s\u0131 \u0130lham \u018fliyevin se\u00e7ki kampaniyas\u0131 \u0259sas\u0259n inzibati resurslar\u0131n hesab\u0131na h\u0259yata ke\u00e7irilir.\n<\/p>\n<figure class=\"wp-block-image size-large\">\n  <img decoding=\"async\" src=\"https:\/\/www.meydan.tv\/az\/qubad-ibadoglu-3\/\" alt=\"Qubad \u0130bado\u011flu\" class=\"wp-image-62858\"\/><figcaption>\n    Qubad \u0130bado\u011flu<br \/>\n  <\/figcaption><\/figure>\n<p>\n  \u201cSe\u00e7kil\u0259rin elan edildiyi g\u00fcnd\u0259n b\u0259ri \u0130lham \u018fliyev d\u00f6vl\u0259t sektorunda \u00e7al\u0131\u015fanlar\u0131n v\u0259 h\u00fcquq-m\u00fchafiz\u0259 orqanlar\u0131n\u0131n \u0259m\u0259k haqlar\u0131na, t\u0259l\u0259b\u0259 t\u0259qa\u00fcdl\u0259rin\u0259, pensiya v\u0259 \u0259halinin m\u00fcxt\u0259lif kateqoriyalar\u0131n\u0131n sosial m\u00fcdafi\u0259 x\u0259rcl\u0259rin\u0259 10 faizlik art\u0131mla ba\u011fl\u0131 20-d\u0259n \u00e7ox s\u0259r\u0259ncam imzalay\u0131b. Bu m\u0259qs\u0259dl\u0259 d\u00f6vl\u0259t b\u00fcdc\u0259sind\u0259n 400 milyon manat (240 milyon dollar) ayr\u0131lmas\u0131 planla\u015fd\u0131r\u0131l\u0131r. Bu, art\u0131q 2 milyona yax\u0131n se\u00e7icini \u0259hat\u0259 edir, y\u0259ni se\u00e7icil\u0259rin 40 faizini\u201d, &#8211; dey\u0259 \u0130bado\u011flu bildirib.\n<\/p>\n<p>\n  O hesab edir ki, bu t\u0259dbirl\u0259r \u00f6lk\u0259nin televiziya kanallar\u0131nda v\u0259 dig\u0259r h\u00f6kum\u0259t medias\u0131nda geni\u015f reklam olunur v\u0259 bu, faktiki olaraq, d\u00f6vl\u0259t ba\u015f\u00e7\u0131s\u0131n\u0131n t\u0259bli\u011fat\u0131d\u0131r v\u0259 se\u00e7ki \u015f\u0259raitinin b\u0259rab\u0259r v\u0259 \u0259dal\u0259tli olmas\u0131 prinsipini pozur. \u201c\u018flb\u0259tt\u0259 ki, \u0259halinin sosial m\u00fcdafi\u0259sini g\u00fccl\u0259ndirm\u0259k \u00fc\u00e7\u00fcn t\u0259dbirl\u0259r g\u00f6r\u00fclm\u0259lidir. Ancaq bunu prezidentliy\u0259 namiz\u0259din lehin\u0259 t\u0259bli\u011fat vasit\u0259si olaraq istifad\u0259 etm\u0259k yolverilm\u0259zdir\u201d, &#8211; \u0130bado\u011flu qeyd edib.\n<\/p>\n<p>\n  <b><br \/>\n    \u0130qtisadi islahatlar\u0131n z\u0259ruriliyi fonunda \u018fliyev \u00f6z iqtidar\u0131n\u0131 g\u00fccl\u0259ndirir<br \/>\n  <\/b>\n<\/p>\n<p>\n  \u201cHaz\u0131rk\u0131 prezident se\u00e7kil\u0259ri \u00e7ox \u015feyin b\u00f6y\u00fck biznesd\u0259n, oliqarx qruplar\u0131n maliyy\u0259 investisiyalar\u0131ndan as\u0131l\u0131 oldu\u011fu klassik se\u00e7ki kampaniyalar\u0131 kimi qiym\u0259tl\u0259ndiril\u0259 bilm\u0259z\u201d, &#8211; \u201cTuran\u201d informasiya agentliyinin r\u0259hb\u0259ri Mehman \u018fliyev bel\u0259 hesab edir.\n<\/p>\n<p>\n  \u201cBu, \u0259slind\u0259 texniki se\u00e7kidir &#8211; \u0130lham \u018fliyevin prezident s\u0259lahiyy\u0259tl\u0259rini uzatmaq \u00fc\u00e7\u00fcn formal bir prosedurdur. B\u00fct\u00fcn dig\u0259r namiz\u0259dl\u0259r b\u0259db\u0259xt uduzmu\u015flard\u0131r. M\u00fcxalif\u0259t \u00f6lk\u0259d\u0259 demokratik \u015f\u0259raitin olmamas\u0131 v\u0259 m\u00f6vcud olan resurslar\u0131 s\u0259b\u0259bind\u0259n se\u00e7kil\u0259rd\u0259 i\u015ftirak etm\u0259kd\u0259n imtina edib\u201d, &#8211; \u018fliyev deyib.\n<\/p>\n<p>\n  \u0130nformasiya agentliyinin r\u0259hb\u0259rinin s\u00f6zl\u0259rin\u0259 g\u00f6r\u0259, son ill\u0259rd\u0259 \u0130lham \u018fliyev \u015f\u0259xsi iqtidar\u0131n\u0131 \u0259h\u0259miyy\u0259tli d\u0259r\u0259c\u0259d\u0259 g\u00fccl\u0259ndirib v\u0259 buna g\u00f6r\u0259 d\u0259 oliqarx nazirl\u0259rin d\u0259st\u0259yin\u0259 ehtiyac g\u00f6rm\u00fcr. \u00d6lk\u0259d\u0259 b\u00f6y\u00fck biznes el\u0259 onlarla ba\u011fl\u0131d\u0131r.\n<\/p>\n<p>\n  \u201cM\u00f6vcud prezidentin yenid\u0259n se\u00e7ilm\u0259si \u00fc\u00e7\u00fcn x\u00fcsusi x\u0259rcl\u0259r\u0259 ehtiyac yoxdur. Onun xeyrin\u0259 inzibati resurslardan istifad\u0259 olunur, x\u00fcsusil\u0259 d\u0259 se\u00e7ki \u0259r\u0259f\u0259sind\u0259 d\u00f6vl\u0259t sektorunda i\u015fl\u0259y\u0259nl\u0259rin, h\u00fcquq-m\u00fchafiz\u0259 orqanlar\u0131n\u0131n maa\u015flar\u0131, pensiya v\u0259 sosial m\u00fcavin\u0259tl\u0259ri art\u0131r\u0131l\u0131r\u201d, &#8211; dey\u0259 Mehman \u018fliyev qeyd edib.\n<\/p>\n<p>\n  Onun s\u00f6zl\u0259rin\u0259 g\u00f6r\u0259, \u0130lham \u018fliyev bir t\u0259r\u0259fd\u0259n d\u0259 demokratik qurumlar\u0131n son ill\u0259rd\u0259 s\u0131x\u0131\u015fd\u0131r\u0131lmas\u0131 v\u0259 m\u00fcxalif\u0259tin z\u0259ifl\u0259m\u0259si s\u0259b\u0259bind\u0259n se\u00e7ki kampaniyas\u0131n\u0131 asanl\u0131qla aparacaq. \u201cH\u0259qiqi r\u0259qab\u0259t olmad\u0131\u011f\u0131 t\u0259qdird\u0259, se\u00e7kiqaba\u011f\u0131 t\u0259\u015fviqat kampaniyas\u0131na pul s\u0259rf etm\u0259k, mitinq ke\u00e7irm\u0259k z\u0259rur\u0259ti ortadan qalx\u0131r\u201d, &#8211; o hesab edir.\n<\/p>\n<p>\n  <b><br \/>\n    2018-ci ild\u0259 &#8220;S\u0259rh\u0259dsiz reportyorlar&#8221;\u0131n m\u0259tbuat azadl\u0131\u011f\u0131 reytinqind\u0259 Az\u0259rbaycan 180 \u00f6lk\u0259 aras\u0131nda 162-ci yeri tutub. T\u0259\u015fkilat \u00f6lk\u0259d\u0259 m\u0259tbuat azadl\u0131\u011f\u0131 il\u0259 ba\u011fl\u0131 v\u0259ziyy\u0259ti &#8220;\u00e7ox pis&#8221; adland\u0131r\u0131b<br \/>\n  <\/b>\n<\/p>\n<p>\n  Dig\u0259r t\u0259r\u0259fd\u0259n, ekspertin s\u00f6zl\u0259rin\u0259 g\u00f6r\u0259, haz\u0131rk\u0131 prezident AB\u015e, Avropa Birliyi v\u0259 Rusiya kimi beyn\u0259lxalq g\u00fcc m\u0259rk\u0259zl\u0259ril\u0259 raz\u0131la\u015fma\u011fa nail olub.\n<\/p>\n<p>\n  \u201cG\u00f6r\u00fcn\u0259n odur ki, AB\u015e-la m\u00fcnasib\u0259tl\u0259rd\u0259 iqtisadi islahatlar v\u0259 beyn\u0259lxalq investisiyalar\u0131 da \u0259hat\u0259 ed\u0259c\u0259k \u015f\u0259kild\u0259 biznes \u015f\u0259raitinin yax\u015f\u0131la\u015fd\u0131r\u0131lmas\u0131 v\u0259di verilib\u2026 Avropa Birliyi d\u0259 yeni, b\u00f6y\u00fck t\u0259r\u0259fda\u015fl\u0131q m\u00fcqavil\u0259sinin imzalanmas\u0131n\u0131 g\u00f6zl\u0259diyi \u00fc\u00e7\u00fcn se\u00e7kil\u0259r\u0259 x\u00fcsusi olaraq m\u00fcdaxil\u0259 etm\u0259k fikrind\u0259 deyil. AB \u00fc\u00e7\u00fcn &#8220;\u015e\u0259rq T\u0259r\u0259fda\u015fl\u0131\u011f\u0131&#8221; proqram\u0131n\u0131n qorunmas\u0131 daha vacibdir. Dig\u0259r t\u0259r\u0259fd\u0259n, AB \u00fc\u00e7\u00fcn Az\u0259rbaycan enerji t\u0259chizat\u0131n\u0131n diversifikasiya m\u0259nb\u0259yi kimi laz\u0131md\u0131r. Buna g\u00f6r\u0259 d\u0259, Avropa diplomatiyas\u0131 \u00f6z maraqlar\u0131 v\u0259 d\u0259y\u0259rl\u0259ri aras\u0131nda manevr edir. Rusiya il\u0259 dan\u0131\u015f\u0131qlar is\u0259 se\u00e7kil\u0259rd\u0259n sonra ticari-iqtisadi v\u0259 h\u0259rbi-texniki \u0259m\u0259kda\u015fl\u0131\u011f\u0131 geni\u015fl\u0259ndirm\u0259kd\u0259n ibar\u0259tdir\u201d, &#8211; Mehman \u018fliyev deyib.\n<\/p>\n<figure class=\"wp-block-image size-large\">\n  <img decoding=\"async\" src=\"https:\/\/www.meydan.tv\/az\/mehman-eliyev\/\" alt=\"Mehman \u018fliyev\" class=\"wp-image-91016\"\/><figcaption>\n    Mehman \u018fliyev<br \/>\n  <\/figcaption><\/figure>\n<p>\n  O hesab edir ki, q\u0259rb diplomatlar\u0131na v\u0259 siyas\u0259t\u00e7il\u0259rin\u0259 &#8220;d\u0259rin iqtisadi islahatlar aparmaq, arxas\u0131nda oliqarx m\u0259murlar\u0131n dayand\u0131\u011f\u0131 iqtisadiyyatda monopoliyan\u0131 aradan qald\u0131rmaq \u00fc\u00e7\u00fcn m\u0259cburi z\u0259rur\u0259t&#8221; kimi t\u0259qdim olunan \u0130lham \u018fliyevin se\u00e7kil\u0259rd\u0259n sonra g\u00fcc\u00fcn\u00fc daha da art\u0131raca\u011f\u0131n\u0131 g\u00f6zl\u0259m\u0259k olar. \u201c\u0130qtisadi islahatlar\u0131n apar\u0131lmas\u0131 oliqarx-m\u0259mur qruplardan xilas olmaq v\u0259 komandan\u0131n menecer-texnokratlarla \u0259v\u0259zl\u0259nm\u0259sini t\u0259l\u0259b edir\u201d,- dey\u0259 o bildirib.\n<\/p>\n<p>\n  Bel\u0259 olan halda nazir-oliqarxlar\u0131n m\u00fcqavim\u0259t g\u00f6st\u0259rib-g\u00f6st\u0259rm\u0259y\u0259c\u0259yi il\u0259 ba\u011fl\u0131 suala g\u0259ldikd\u0259 Mehman \u018fliyev deyib ki, gizli m\u00fcqavim\u0259tin ba\u015f verdiyi ehtimal\u0131 var, amma d\u00f6vl\u0259t ba\u015f\u00e7\u0131s\u0131 \u00f6z iqtidar\u0131n\u0131 el\u0259 g\u00fccl\u0259ndirib ki, h\u0259r hans\u0131 a\u00e7\u0131q ita\u0259tsizlik v\u0259 ya t\u0259xribat\u0131n qar\u015f\u0131s\u0131n\u0131 asanl\u0131qla ala bil\u0259r.\n<\/p>\n<p>\n  Onun s\u00f6zl\u0259rin\u0259 g\u00f6r\u0259, \u0130lham \u018fliyev 2015-ci ild\u0259 Milli T\u0259hl\u00fck\u0259sizlik Nazirliyinin ke\u00e7mi\u015f r\u0259hb\u0259ri Eldar Mahmudovun v\u0259zif\u0259d\u0259n azad edilm\u0259si il\u0259 bunu n\u00fcmayi\u015f etdirdi. Ekspertin qeyd etdiyi kimi, Eldar Mahmudov \u00e7ox g\u00fccl\u0259nmi\u015fdi v\u0259 art\u0131q \u00f6z\u00fc bir ne\u00e7\u0259 nazirliyi idar\u0259 edirdi. Bundan \u0259lav\u0259, son ill\u0259rd\u0259 n\u0259qliyyat naziri Ziya M\u0259mm\u0259dov, vergil\u0259r naziri Fazil M\u0259mm\u0259dov da v\u0259zif\u0259l\u0259rind\u0259n m\u0259hrum edilib. \u201cF\u00f6vq\u0259lad\u0259 Hallar Nazirliyinin r\u0259hb\u0259ri K\u0259mal\u0259ddin Heyd\u0259rovun v\u0259 bir s\u0131ra dig\u0259r nazirl\u0259rin d\u0259 m\u00f6vqel\u0259ri \u0259h\u0259miyy\u0259tli d\u0259r\u0259c\u0259d\u0259 z\u0259ifl\u0259yib\u201d, &#8211; dey\u0259 o \u0259lav\u0259 edib.\n<\/p>\n<p>\n  <b><br \/>\n    Ekspertl\u0259r hesab edirl\u0259r ki, alternativsiz se\u00e7ki kampaniyas\u0131 ciddi x\u0259rcl\u0259r t\u0259l\u0259b etmir<br \/>\n  <\/b>\n<\/p>\n<p>\n  Az\u0259rbaycanda se\u00e7kiqaba\u011f\u0131 t\u0259\u015fviqat prosesi biznesin m\u00fcdaxil\u0259si olmadan ke\u00e7irilir, Avropaya \u0130nteqrasiya Milli \u0130ctimai Komit\u0259sinin \u00fczv\u00fc To\u011frul Cuvarl\u0131 bel\u0259 hesab edir.\n<\/p>\n<p>\n  \u201cBel\u0259 bir texniki kampaniya \u00fc\u00e7\u00fcn el\u0259 bir v\u0259sait d\u0259 laz\u0131m deyil. Onsuz da televiziya kanallar\u0131 \u0130lham \u018fliyevin g\u00fcnd\u0259lik i\u015fl\u0259rini t\u0259bli\u011f edir. K\u00fc\u00e7\u0259d\u0259 reklama is\u0259 ehtiyac duymur, onsuz da \u00a0dig\u0259r namiz\u0259dl\u0259rin plakatlar\u0131 da maliyy\u0259 x\u0259rcl\u0259ril\u0259 ba\u011fl\u0131 olaraq k\u00fc\u00e7\u0259l\u0259rd\u0259 \u00e7ox g\u00f6r\u00fcnm\u0259y\u0259c\u0259k. Se\u00e7icil\u0259rl\u0259 formal g\u00f6r\u00fc\u015fl\u0259r yerli icra orqanlar\u0131 t\u0259r\u0259find\u0259n t\u0259\u015fkil olunacaq, onlar\u0131n da \u0259ks\u0259riyy\u0259ti hakim Yeni Az\u0259rbaycan Partiyas\u0131n\u0131n \u00fczvl\u0259ridir\u201d, &#8211; dey\u0259 To\u011frul Cuvarl\u0131 bildirib.\n<\/p>\n<\/p>\n<figure class=\"wp-block-image size-large\">\n  <img decoding=\"async\" src=\"https:\/\/www.meydan.tv\/az\/togrul-cuvarli-2\/\" alt=\"To\u011frul Cuvarl\u0131\" class=\"wp-image-101748\"\/><figcaption>\n    To\u011frul Cuvarl\u0131<br \/>\n  <\/figcaption><\/figure>\n<p>\n  \u00dcmumiyy\u0259tl\u0259, onun s\u00f6zl\u0259rin\u0259 g\u00f6r\u0259, Az\u0259rbaycanda biznes hakimiyy\u0259tin hans\u0131sa layih\u0259l\u0259rini maliyy\u0259l\u0259\u015fdirm\u0259y\u0259 m\u0259cbur edilm\u0259diyi t\u0259qdird\u0259 siyas\u0259t\u0259 m\u00fcdaxil\u0259 etmir. \u201cAncaq son ill\u0259r b\u00f6hran s\u0259b\u0259bil\u0259 bu c\u00fcr v\u0259ziyy\u0259tl\u0259r azd\u0131r. Biznes strukturlar\u0131 m\u00fcxalif f\u0259aliyy\u0259t\u0259 d\u0259st\u0259k verm\u0259kd\u0259n \u00e7\u0259kinir, m\u00fcxalif mediaya reklam vermirl\u0259r. B\u00fct\u00fcn bunlar i\u015f d\u00fcnyas\u0131nda itkil\u0259r\u0259 s\u0259b\u0259b ola bil\u0259r.\n<\/p>\n<p>\n  Cuvarl\u0131 bildirib ki, son zamanlar Az\u0259rbaycanda oliqarxiyan\u0131 m\u0259hdudla\u015fd\u0131rmaq \u00fc\u00e7\u00fcn add\u0131mlar at\u0131l\u0131b. \u201cN\u0259qliyyat naziri Ziya M\u0259mm\u0259dov, vergil\u0259r naziri Fazil M\u0259mm\u0259dov, ona q\u0259d\u0259r rabit\u0259 naziri \u018fli Abbasov, milli t\u0259hl\u00fck\u0259sizlik naziri Eldar Mahmudovun v\u0259zif\u0259l\u0259rind\u0259n azad edilib. Onlar\u0131n yerin\u0259 korrupsiyaya bula\u015fmam\u0131\u015f g\u0259nc n\u0259slin n\u00fcmay\u0259nd\u0259l\u0259ri, menecer-texnokratlar i\u015f\u0259 c\u0259lb olunur\u201d, &#8211; o deyib.\n<\/p>\n<p>\n  ReAl H\u0259r\u0259kat\u0131n\u0131n icra\u00e7\u0131 katibi Natiq C\u0259f\u0259rli bildirib ki, \u018fliyev prezident se\u00e7kisind\u0259 oliqarx qruplar\u0131n d\u0259st\u0259yin\u0259 ehtiyac duymur.\n<\/p>\n<p>\n  \u201cBu g\u00fcn Az\u0259rbaycanda he\u00e7 bir se\u00e7ki prosesi yoxdur v\u0259 buna g\u00f6r\u0259 ciddi siyasi v\u0259ziyy\u0259t bar\u0259d\u0259 dan\u0131\u015fmaq olmur. \u015e\u0259ffaf siyasi m\u00fcbariz\u0259 yoxdur. \u018flb\u0259tt\u0259, m\u0259mur-oliqarx qruplar var, ancaq proses\u0259 t\u0259sirl\u0259ri bar\u0259d\u0259 ancaq se\u00e7kil\u0259rd\u0259n sonra, Konstitusiya \u00e7\u0259r\u00e7iv\u0259sind\u0259 yeni Nazirl\u0259r Kabineti yarad\u0131landa dan\u0131\u015fmaq m\u00fcmk\u00fcn olacaq\u201d, &#8211; dey\u0259 o bildirib.\n<\/p>\n<p>\n  O, hesab edir ki, se\u00e7ki praktiki olaraq alternativsiz ke\u00e7irilir v\u0259 m\u00f6vcud prezidentin dig\u0259r qeyd\u0259 al\u0131nm\u0131\u015f namiz\u0259dl\u0259r \u00fcz\u0259rind\u0259 q\u0259l\u0259b\u0259 qazanmas\u0131 \u00fc\u00e7\u00fcn x\u00fcsusi s\u0259y v\u0259 resurs laz\u0131m deyil.\n<\/p>\n<p>\n  \u201cKlan prinsipin\u0259 uy\u011fun olaraq yarad\u0131lan m\u0259mur-oliqarx qruplar\u0131n t\u0259siri parlament se\u00e7kil\u0259ri zaman\u0131 \u00f6z x\u00fcsusi qruplar\u0131n\u0131 yaratd\u0131qlar\u0131 zaman daha \u00e7ox hiss olunur\u201d, -dey\u0259 aktivist bildirib. H\u0259min qruplar\u0131n x\u0259b\u0259r agentlikl\u0259ri v\u0259 internet saytlar\u0131 \u015f\u0259klind\u0259 m\u00fc\u0259yy\u0259n media resurslar\u0131 var.\n<\/p>\n<p>\n  \u201cAncaq son ill\u0259rd\u0259 \u0130lham \u018fliyevin \u015f\u0259xsi iqtidar\u0131 \u0259h\u0259miyy\u0259tli d\u0259r\u0259c\u0259d\u0259 art\u0131b. \u018fg\u0259r \u0259vv\u0259ll\u0259r o, m\u00fcxt\u0259lif klan-oliqarx qruplar\u0131n aras\u0131nda moderator idis\u0259, indi onun m\u00fctl\u0259q liderliyi haqda dan\u0131\u015fa bil\u0259rik. \u018flb\u0259tt\u0259, klanlar\u0131n buna gizli m\u00fcqavim\u0259ti var idi. Lakin \u018fliyev h\u0259lledici v\u0259 c\u0259ld h\u0259r\u0259k\u0259t etdi. 2016-c\u0131 ild\u0259 Konstitusiya d\u0259yi\u015fiklikl\u0259rin\u0259 dair referendumun elan edilm\u0259si s\u0259sverm\u0259 g\u00fcn\u00fcnd\u0259n iki ay \u0259vv\u0259l ba\u015f tutdu v\u0259 bu, prezident komandas\u0131n\u0131n bir \u00e7ox \u00fczv\u00fc \u00fc\u00e7\u00fcn d\u0259 s\u00fcrpriz idi. Zaman m\u0259fhumu prezident\u0259 qar\u015f\u0131 gizli h\u0259mr\u0259ylik riskl\u0259rini minimuma endirir\u201d, &#8211; C\u0259f\u0259rli qeyd edib.\n<\/p>\n<p>\n  <b><br \/>\n    \u201cKavkazskiy Uzel\u201din verdiyi m\u0259lumata g\u00f6r\u0259, 26 sentyabr 2016-c\u0131 il tarixind\u0259 Az\u0259rbaycanda referendum ke\u00e7irilib. Referendumun n\u0259tic\u0259l\u0259rin\u0259 \u0259sas\u0259n, se\u00e7icil\u0259rin \u0259ks\u0259riyy\u0259ti Konstitusiyaya d\u0259yi\u015fiklikl\u0259rin lehin\u0259 s\u0259s verib. Bel\u0259likl\u0259, se\u00e7icil\u0259rin 84,2%-i prezidentlik m\u00fcdd\u0259tinin be\u015f ild\u0259n yeddi il\u0259d\u0259k art\u0131rma\u011f\u0131n, 87,9% is\u0259 prezident\u0259 parlamenti l\u0259\u011fv etm\u0259k h\u00fcququ verilm\u0259si lehin\u0259 s\u0259s verib. M\u0259rk\u0259zi Se\u00e7ki Komissiyas\u0131n\u0131n m\u0259lumat\u0131na g\u00f6r\u0259, dig\u0259r 27 d\u00fcz\u0259li\u015f is\u0259 83,25%-d\u0259n 91,15%-\u0259 q\u0259d\u0259r s\u0259s toplay\u0131b. M\u00fcxalif\u0259t d\u00fcz\u0259li\u015fl\u0259r\u0259 qar\u015f\u0131 \u00e7\u0131xaraq referendumun n\u0259tic\u0259l\u0259rini l\u0259\u011fv etm\u0259yi t\u0259l\u0259b edib.<br \/>\n  <\/b>\n<\/p>\n<p>\n  Prezidentin \u0259lind\u0259 geni\u015f s\u0259lahiyy\u0259tl\u0259rin toplanmas\u0131 \u00f6lk\u0259d\u0259 ciddi islahatlara ehtiyac oldu\u011fundan x\u0259b\u0259r verir, aktivist hesab edir. \u201cNeft qiym\u0259tl\u0259rinin d\u00fc\u015fm\u0259sind\u0259n yaranan b\u00f6hran \u00f6lk\u0259nin iqtisadiyyat\u0131n\u0131n qeyri-sabitliyini ortaya qoydu. \u0130slahatlara ehtiyac var v\u0259 onlar qa\u00e7\u0131lmaz olaraq oliqarx-nazirl\u0259rin arxas\u0131nda durdu\u011fu monopoliyaya qar\u015f\u0131 y\u00f6n\u0259ldilm\u0259lidir. Son iki ild\u0259 bu istiqam\u0259td\u0259 m\u00fc\u0259yy\u0259n add\u0131mlar at\u0131l\u0131b. M\u0259s\u0259l\u0259n, g\u00f6mr\u00fckd\u0259 faktiki olaraq r\u00fc\u015fv\u0259t aradan qalx\u0131b. \u018fvv\u0259l t\u0259kc\u0259 monopolistl\u0259rin mallar\u0131 idxal olunurdu, \u00f6z\u00fc d\u0259 he\u00e7 bir r\u0259smil\u0259\u015fdirm\u0259 olmadan, dig\u0259r i\u015f adamlar\u0131ndan is\u0259 r\u00fc\u015fv\u0259t al\u0131rd\u0131lar. Do\u011frudur, bu add\u0131m indiy\u0259 q\u0259d\u0259r yar\u0131m\u00e7\u0131q qal\u0131b &#8211; r\u00fc\u015fv\u0259tin miqdar\u0131 d\u00f6vl\u0259t r\u00fcsumundan az idi\u201d, &#8211; C\u0259f\u0259rli dan\u0131\u015f\u0131b.\n<\/p>\n<p>\n  Onun s\u00f6zl\u0259rin\u0259 g\u00f6r\u0259, vergi sistemind\u0259 d\u0259 d\u0259yi\u015fiklikl\u0259r var. \u201c2017-ci ilin sonlar\u0131nda nazir-oliqarx Fazil M\u0259mm\u0259dov v\u0259zif\u0259d\u0259n azad edildi, onun yerin\u0259 q\u0259rb t\u0259hsili alm\u0131\u015f, yeni n\u0259sil m\u0259murlardan Mikail Cabbarov t\u0259yin edildi. \u0130ndi h\u0259qiq\u0259t\u0259n \u0259sass\u0131z vergi yoxlamalar\u0131, qeyri-r\u0259smi ittihamlarla biznesin vergiy\u0259 c\u0259lb edilm\u0259si aradan qald\u0131r\u0131l\u0131r\u201d, &#8211; o qeyd edib.\n<\/p>\n<figure class=\"wp-block-image size-large\">\n  <img decoding=\"async\" src=\"https:\/\/www.meydan.tv\/az\/natiq-ceferli-5\/\" alt=\"Natiq C\u0259f\u0259rli\" class=\"wp-image-100819\"\/><figcaption>\n    Natiq C\u0259f\u0259rli<br \/>\n  <\/figcaption><\/figure>\n<p>\n  C\u0259f\u0259rli h\u00f6kum\u0259tin se\u00e7kil\u0259rd\u0259n sonra yenil\u0259nm\u0259sini g\u00f6zl\u0259yir. \u201c\u0130lham \u018fliyevin m\u00fcv\u0259ff\u0259qiyy\u0259tli olub- olmayaca\u011f\u0131n\u0131 bilmir\u0259m, amma ba\u015f ver\u0259nl\u0259r\u0259 \u00a0baxd\u0131qda g\u00f6r\u00fcn\u0259n odur ki, o, nazir oliqarxlar\u0131 yeni n\u0259sil m\u0259murlarla &#8211; Q\u0259rbd\u0259 t\u0259hsil alm\u0131\u015f, korrupsiya skandallar\u0131na bula\u015fmam\u0131\u015f menecerl\u0259rl\u0259 \u0259v\u0259zl\u0259m\u0259k niyy\u0259tind\u0259dir. Y\u0259ni, iqtidar siyasi sistemi d\u0259yi\u015fdirm\u0259d\u0259n, iqtisadi islahatlar etm\u0259k niyy\u0259tini n\u00fcmayi\u015f etdirir. Bu, iqtisadiyyat \u00fc\u00e7\u00fcn art\u0131q h\u0259yati \u0259h\u0259miyy\u0259t k\u0259sb edir. Y\u0259ni, Pino\u00e7etin \u00c7ilid\u0259 istifad\u0259 etdiyi v\u0259 ya C\u0259nubi Koreyada, Sinqapurda t\u0259tbiq olunan modell\u0259ri istifad\u0259 etm\u0259y\u0259 \u00e7al\u0131\u015f\u0131r\u201d, &#8211; dey\u0259 o, \u0259lav\u0259 edib.\n<\/p>\n<p>\n  Onun s\u00f6zl\u0259rin\u0259 g\u00f6r\u0259, bir s\u0131ra oliqarx-nazirl\u0259r \u00f6z v\u0259zif\u0259l\u0259rini itirib, bundan sonra onlar\u0131n biznesi himay\u0259darlar\u0131 olmad\u0131\u011f\u0131 \u00fc\u00e7\u00fcn \u0259h\u0259miyy\u0259tli d\u0259r\u0259c\u0259d\u0259 azal\u0131b. X\u00fcsusil\u0259, o, ke\u00e7mi\u015f milli t\u0259hl\u00fck\u0259sizlik naziri Eldar Mahmudovun, n\u0259qliyyat naziri &#8211; Ziya M\u0259mm\u0259dovun, vergil\u0259r naziri &#8211; Fazil M\u0259mm\u0259dovun, rabit\u0259 v\u0259 y\u00fcks\u0259k texnologiyalar naziri &#8211; \u018fli Abbasovun r\u00fcsvay\u00e7\u0131l\u0131qlar\u0131na toxunub.\n<\/p>\n<p>\n  F\u00f6vq\u0259lad\u0259 Hallar Nazirliyinin n\u00fcfuzlu r\u0259hb\u0259ri Kamal\u0259ddin Heyd\u0259rovun da v\u0259zif\u0259sind\u0259n getm\u0259y\u0259 m\u0259cbur qalaca\u011f\u0131na inan\u0131r, amma rejim\u0259 verdiyi t\u00f6hf\u0259l\u0259r\u0259 g\u00f6r\u0259 \u00f6lk\u0259l\u0259rd\u0259n birin\u0259 s\u0259fir olaraq g\u00f6nd\u0259ril\u0259 bil\u0259c\u0259yini d\u00fc\u015f\u00fcn\u00fcr. H\u0259m\u00e7inin onun o\u011flu, Britaniyada t\u0259hsil alm\u0131\u015f, art\u0131q \u00f6z\u00fcn\u00fc bir s\u0131ra kommersiya v\u0259 ictimai layih\u0259l\u0259rin h\u0259yata ke\u00e7irilm\u0259sind\u0259 effektiv menecer kimi g\u00f6st\u0259r\u0259 bilmi\u015f Taleh Heyd\u0259rov y\u00fcks\u0259k v\u0259zif\u0259y\u0259 t\u0259yin oluna bil\u0259r.\n<\/p>\n<p>\n  \u201cH\u0259r halda, m\u0259nim fikrimc\u0259, yeni h\u00f6kum\u0259tin nazirl\u0259ri bu \u015f\u00f6b\u0259l\u0259ri \u00f6z xeyirl\u0259rin\u0259 almayacaqlar. Onlar yax\u015f\u0131 maa\u015f alan v\u0259 m\u00fct\u0259madi olaraq \u0259v\u0259z olunacaq adi menecerler olacaqlar. Nazirl\u0259rin 15-20 il v\u0259zif\u0259 tutub h\u0259r yer\u0259 \u00f6z adamlar\u0131n\u0131 yerl\u0259\u015fdirm\u0259si t\u0259cr\u00fcb\u0259si sona \u00e7atmal\u0131d\u0131r. \u018fvv\u0259ll\u0259r ancaq klan v\u0259 regional m\u0259nsubiyy\u0259t\u0259 g\u00f6r\u0259 i\u015f\u0259 g\u00f6t\u00fcr\u00fcrd\u00fcl\u0259r, indi is\u0259 art\u0131q bacar\u0131\u011fa g\u00f6r\u0259 kadr t\u0259yini prosesi m\u00fc\u015fahid\u0259 olunur\u201d, &#8211; C\u0259f\u0259rli deyib.\n<\/p>\n<p>\n  <i><br \/>\n    Bu material &#8221;<br \/>\n    <a href=\"http:\/\/www.kavkaz-uzel.eu\/articles\/318061\/\" target=\"_blank\" rel=\"noopener\"><br \/>\n      Kavkazskiy Uzel<br \/>\n    <\/a><br \/>\n    &#8221; sayt\u0131ndan g\u00f6t\u00fcr\u00fcl\u00fcb, Meydan TV t\u0259r\u0259find\u0259n t\u0259rc\u00fcm\u0259 olunub.<br \/>\n  <\/i><\/p>\n","protected":false},"excerpt":{"rendered":"<p>\u201cBu, \u0259slind\u0259 texniki se\u00e7kidir &#8211; \u0130lham \u018fliyevin prezident s\u0259lahiyy\u0259tl\u0259rini uzatmaq \u00fc\u00e7\u00fcn formal bir prosedurdur\u201d<\/p>\n","protected":false},"author":11,"featured_media":101753,"comment_status":"closed","ping_status":"open","sticky":false,"template":"","format":"standard","meta":{"_acf_changed":false,"_sitemap_exclude":false,"_sitemap_priority":"","_sitemap_frequency":"","footnotes":""},"categories":[51],"tags":[],"class_list":["post-189390","post","type-post","status-publish","format-standard","has-post-thumbnail","hentry","category-analitika","infinite-scroll-item","generate-columns","tablet-grid-50","mobile-grid-100","grid-parent","grid-33","no-featured-image-padding"],"acf":[],"yoast_head":"<!-- This site is optimized with the Yoast SEO plugin v27.4 - https:\/\/yoast.com\/product\/yoast-seo-wordpress\/ -->\n<title>\u0130qtisad\u00e7\u0131lar oliqarxlar\u0131n \u018fliyev\u0259 t\u0259sirinin bitdiyini iddia etdil\u0259r - MEYDAN.TV<\/title>\n<meta name=\"robots\" content=\"index, follow, max-snippet:-1, max-image-preview:large, max-video-preview:-1\" \/>\n<link rel=\"canonical\" href=\"https:\/\/www.meydan.tv\/az\/article\/iqtisadcilar-oliqarxlarin-eliyeve-tesirinin-bitdiyini-iddia-etdiler\/\" \/>\n<meta property=\"og:locale\" content=\"az_AZ\" \/>\n<meta property=\"og:type\" content=\"article\" \/>\n<meta property=\"og:title\" content=\"\u0130qtisad\u00e7\u0131lar oliqarxlar\u0131n \u018fliyev\u0259 t\u0259sirinin bitdiyini iddia etdil\u0259r - MEYDAN.TV\" \/>\n<meta property=\"og:description\" content=\"\u201cBu, \u0259slind\u0259 texniki se\u00e7kidir - \u0130lham \u018fliyevin prezident s\u0259lahiyy\u0259tl\u0259rini uzatmaq \u00fc\u00e7\u00fcn formal bir prosedurdur\u201d\" \/>\n<meta property=\"og:url\" content=\"https:\/\/www.meydan.tv\/az\/article\/iqtisadcilar-oliqarxlarin-eliyeve-tesirinin-bitdiyini-iddia-etdiler\/\" \/>\n<meta property=\"og:site_name\" content=\"MEYDAN.TV\" \/>\n<meta property=\"article:published_time\" content=\"2018-04-05T22:32:09+00:00\" \/>\n<meta property=\"og:image\" content=\"https:\/\/www.meydan.tv\/wp-content\/uploads\/40309.jpg\" \/>\n\t<meta property=\"og:image:width\" content=\"1000\" \/>\n\t<meta property=\"og:image:height\" content=\"541\" \/>\n\t<meta property=\"og:image:type\" content=\"image\/jpeg\" \/>\n<meta name=\"author\" content=\"user-manager\" \/>\n<meta name=\"twitter:card\" content=\"summary_large_image\" \/>\n<script type=\"application\/ld+json\" class=\"yoast-schema-graph\">{\"@context\":\"https:\\\/\\\/schema.org\",\"@graph\":[{\"@type\":\"Article\",\"@id\":\"https:\\\/\\\/www.meydan.tv\\\/az\\\/article\\\/iqtisadcilar-oliqarxlarin-eliyeve-tesirinin-bitdiyini-iddia-etdiler\\\/#article\",\"isPartOf\":{\"@id\":\"https:\\\/\\\/www.meydan.tv\\\/az\\\/article\\\/iqtisadcilar-oliqarxlarin-eliyeve-tesirinin-bitdiyini-iddia-etdiler\\\/\"},\"author\":{\"name\":\"user-manager\",\"@id\":\"https:\\\/\\\/www.meydan.tv\\\/az\\\/#\\\/schema\\\/person\\\/10d11eccf6da3662cf5fdab9806ea91a\"},\"headline\":\"\u0130qtisad\u00e7\u0131lar oliqarxlar\u0131n \u018fliyev\u0259 t\u0259sirinin bitdiyini iddia etdil\u0259r\",\"datePublished\":\"2018-04-05T22:32:09+00:00\",\"mainEntityOfPage\":{\"@id\":\"https:\\\/\\\/www.meydan.tv\\\/az\\\/article\\\/iqtisadcilar-oliqarxlarin-eliyeve-tesirinin-bitdiyini-iddia-etdiler\\\/\"},\"wordCount\":2827,\"publisher\":{\"@id\":\"https:\\\/\\\/www.meydan.tv\\\/az\\\/#organization\"},\"image\":{\"@id\":\"https:\\\/\\\/www.meydan.tv\\\/az\\\/article\\\/iqtisadcilar-oliqarxlarin-eliyeve-tesirinin-bitdiyini-iddia-etdiler\\\/#primaryimage\"},\"thumbnailUrl\":\"https:\\\/\\\/www.meydan.tv\\\/wp-content\\\/uploads\\\/40309.jpg\",\"articleSection\":[\"Analitika\"],\"inLanguage\":\"az\"},{\"@type\":\"WebPage\",\"@id\":\"https:\\\/\\\/www.meydan.tv\\\/az\\\/article\\\/iqtisadcilar-oliqarxlarin-eliyeve-tesirinin-bitdiyini-iddia-etdiler\\\/\",\"url\":\"https:\\\/\\\/www.meydan.tv\\\/az\\\/article\\\/iqtisadcilar-oliqarxlarin-eliyeve-tesirinin-bitdiyini-iddia-etdiler\\\/\",\"name\":\"\u0130qtisad\u00e7\u0131lar oliqarxlar\u0131n \u018fliyev\u0259 t\u0259sirinin bitdiyini iddia etdil\u0259r - MEYDAN.TV\",\"isPartOf\":{\"@id\":\"https:\\\/\\\/www.meydan.tv\\\/az\\\/#website\"},\"primaryImageOfPage\":{\"@id\":\"https:\\\/\\\/www.meydan.tv\\\/az\\\/article\\\/iqtisadcilar-oliqarxlarin-eliyeve-tesirinin-bitdiyini-iddia-etdiler\\\/#primaryimage\"},\"image\":{\"@id\":\"https:\\\/\\\/www.meydan.tv\\\/az\\\/article\\\/iqtisadcilar-oliqarxlarin-eliyeve-tesirinin-bitdiyini-iddia-etdiler\\\/#primaryimage\"},\"thumbnailUrl\":\"https:\\\/\\\/www.meydan.tv\\\/wp-content\\\/uploads\\\/40309.jpg\",\"datePublished\":\"2018-04-05T22:32:09+00:00\",\"breadcrumb\":{\"@id\":\"https:\\\/\\\/www.meydan.tv\\\/az\\\/article\\\/iqtisadcilar-oliqarxlarin-eliyeve-tesirinin-bitdiyini-iddia-etdiler\\\/#breadcrumb\"},\"inLanguage\":\"az\",\"potentialAction\":[{\"@type\":\"ReadAction\",\"target\":[\"https:\\\/\\\/www.meydan.tv\\\/az\\\/article\\\/iqtisadcilar-oliqarxlarin-eliyeve-tesirinin-bitdiyini-iddia-etdiler\\\/\"]}]},{\"@type\":\"ImageObject\",\"inLanguage\":\"az\",\"@id\":\"https:\\\/\\\/www.meydan.tv\\\/az\\\/article\\\/iqtisadcilar-oliqarxlarin-eliyeve-tesirinin-bitdiyini-iddia-etdiler\\\/#primaryimage\",\"url\":\"https:\\\/\\\/www.meydan.tv\\\/wp-content\\\/uploads\\\/40309.jpg\",\"contentUrl\":\"https:\\\/\\\/www.meydan.tv\\\/wp-content\\\/uploads\\\/40309.jpg\",\"width\":1000,\"height\":541,\"caption\":\"Source:\"},{\"@type\":\"BreadcrumbList\",\"@id\":\"https:\\\/\\\/www.meydan.tv\\\/az\\\/article\\\/iqtisadcilar-oliqarxlarin-eliyeve-tesirinin-bitdiyini-iddia-etdiler\\\/#breadcrumb\",\"itemListElement\":[{\"@type\":\"ListItem\",\"position\":1,\"name\":\"Ana s\u0259hif\u0259\",\"item\":\"https:\\\/\\\/www.meydan.tv\\\/az\\\/\"},{\"@type\":\"ListItem\",\"position\":2,\"name\":\"Analitika\",\"item\":\"https:\\\/\\\/www.meydan.tv\\\/az\\\/section\\\/analitika\\\/\"},{\"@type\":\"ListItem\",\"position\":3,\"name\":\"\u0130qtisad\u00e7\u0131lar oliqarxlar\u0131n \u018fliyev\u0259 t\u0259sirinin bitdiyini iddia etdil\u0259r\"}]},{\"@type\":\"WebSite\",\"@id\":\"https:\\\/\\\/www.meydan.tv\\\/az\\\/#website\",\"url\":\"https:\\\/\\\/www.meydan.tv\\\/az\\\/\",\"name\":\"MEYDAN.TV\",\"description\":\"Meydan TV Az\u0259rbaycan\u0131n media m\u0259kan\u0131ndak\u0131 alternativ s\u0259sidir\",\"publisher\":{\"@id\":\"https:\\\/\\\/www.meydan.tv\\\/az\\\/#organization\"},\"potentialAction\":[{\"@type\":\"SearchAction\",\"target\":{\"@type\":\"EntryPoint\",\"urlTemplate\":\"https:\\\/\\\/www.meydan.tv\\\/az\\\/?s={search_term_string}\"},\"query-input\":{\"@type\":\"PropertyValueSpecification\",\"valueRequired\":true,\"valueName\":\"search_term_string\"}}],\"inLanguage\":\"az\"},{\"@type\":\"Organization\",\"@id\":\"https:\\\/\\\/www.meydan.tv\\\/az\\\/#organization\",\"name\":\"Meydan TV\",\"url\":\"https:\\\/\\\/www.meydan.tv\\\/az\\\/\",\"logo\":{\"@type\":\"ImageObject\",\"inLanguage\":\"az\",\"@id\":\"https:\\\/\\\/www.meydan.tv\\\/az\\\/#\\\/schema\\\/logo\\\/image\\\/\",\"url\":\"https:\\\/\\\/www.meydan.tv\\\/wp-content\\\/uploads\\\/2021\\\/07\\\/meydan-logo.svg\",\"contentUrl\":\"https:\\\/\\\/www.meydan.tv\\\/wp-content\\\/uploads\\\/2021\\\/07\\\/meydan-logo.svg\",\"width\":195,\"height\":46,\"caption\":\"Meydan TV\"},\"image\":{\"@id\":\"https:\\\/\\\/www.meydan.tv\\\/az\\\/#\\\/schema\\\/logo\\\/image\\\/\"}},{\"@type\":\"Person\",\"@id\":\"https:\\\/\\\/www.meydan.tv\\\/az\\\/#\\\/schema\\\/person\\\/10d11eccf6da3662cf5fdab9806ea91a\",\"name\":\"user-manager\"}]}<\/script>\n<!-- \/ Yoast SEO plugin. -->","yoast_head_json":{"title":"\u0130qtisad\u00e7\u0131lar oliqarxlar\u0131n \u018fliyev\u0259 t\u0259sirinin bitdiyini iddia etdil\u0259r - MEYDAN.TV","robots":{"index":"index","follow":"follow","max-snippet":"max-snippet:-1","max-image-preview":"max-image-preview:large","max-video-preview":"max-video-preview:-1"},"canonical":"https:\/\/www.meydan.tv\/az\/article\/iqtisadcilar-oliqarxlarin-eliyeve-tesirinin-bitdiyini-iddia-etdiler\/","og_locale":"az_AZ","og_type":"article","og_title":"\u0130qtisad\u00e7\u0131lar oliqarxlar\u0131n \u018fliyev\u0259 t\u0259sirinin bitdiyini iddia etdil\u0259r - MEYDAN.TV","og_description":"\u201cBu, \u0259slind\u0259 texniki se\u00e7kidir - \u0130lham \u018fliyevin prezident s\u0259lahiyy\u0259tl\u0259rini uzatmaq \u00fc\u00e7\u00fcn formal bir prosedurdur\u201d","og_url":"https:\/\/www.meydan.tv\/az\/article\/iqtisadcilar-oliqarxlarin-eliyeve-tesirinin-bitdiyini-iddia-etdiler\/","og_site_name":"MEYDAN.TV","article_published_time":"2018-04-05T22:32:09+00:00","og_image":[{"width":1000,"height":541,"url":"https:\/\/www.meydan.tv\/wp-content\/uploads\/40309.jpg","type":"image\/jpeg"}],"author":"user-manager","twitter_card":"summary_large_image","schema":{"@context":"https:\/\/schema.org","@graph":[{"@type":"Article","@id":"https:\/\/www.meydan.tv\/az\/article\/iqtisadcilar-oliqarxlarin-eliyeve-tesirinin-bitdiyini-iddia-etdiler\/#article","isPartOf":{"@id":"https:\/\/www.meydan.tv\/az\/article\/iqtisadcilar-oliqarxlarin-eliyeve-tesirinin-bitdiyini-iddia-etdiler\/"},"author":{"name":"user-manager","@id":"https:\/\/www.meydan.tv\/az\/#\/schema\/person\/10d11eccf6da3662cf5fdab9806ea91a"},"headline":"\u0130qtisad\u00e7\u0131lar oliqarxlar\u0131n \u018fliyev\u0259 t\u0259sirinin bitdiyini iddia etdil\u0259r","datePublished":"2018-04-05T22:32:09+00:00","mainEntityOfPage":{"@id":"https:\/\/www.meydan.tv\/az\/article\/iqtisadcilar-oliqarxlarin-eliyeve-tesirinin-bitdiyini-iddia-etdiler\/"},"wordCount":2827,"publisher":{"@id":"https:\/\/www.meydan.tv\/az\/#organization"},"image":{"@id":"https:\/\/www.meydan.tv\/az\/article\/iqtisadcilar-oliqarxlarin-eliyeve-tesirinin-bitdiyini-iddia-etdiler\/#primaryimage"},"thumbnailUrl":"https:\/\/www.meydan.tv\/wp-content\/uploads\/40309.jpg","articleSection":["Analitika"],"inLanguage":"az"},{"@type":"WebPage","@id":"https:\/\/www.meydan.tv\/az\/article\/iqtisadcilar-oliqarxlarin-eliyeve-tesirinin-bitdiyini-iddia-etdiler\/","url":"https:\/\/www.meydan.tv\/az\/article\/iqtisadcilar-oliqarxlarin-eliyeve-tesirinin-bitdiyini-iddia-etdiler\/","name":"\u0130qtisad\u00e7\u0131lar oliqarxlar\u0131n \u018fliyev\u0259 t\u0259sirinin bitdiyini iddia etdil\u0259r - MEYDAN.TV","isPartOf":{"@id":"https:\/\/www.meydan.tv\/az\/#website"},"primaryImageOfPage":{"@id":"https:\/\/www.meydan.tv\/az\/article\/iqtisadcilar-oliqarxlarin-eliyeve-tesirinin-bitdiyini-iddia-etdiler\/#primaryimage"},"image":{"@id":"https:\/\/www.meydan.tv\/az\/article\/iqtisadcilar-oliqarxlarin-eliyeve-tesirinin-bitdiyini-iddia-etdiler\/#primaryimage"},"thumbnailUrl":"https:\/\/www.meydan.tv\/wp-content\/uploads\/40309.jpg","datePublished":"2018-04-05T22:32:09+00:00","breadcrumb":{"@id":"https:\/\/www.meydan.tv\/az\/article\/iqtisadcilar-oliqarxlarin-eliyeve-tesirinin-bitdiyini-iddia-etdiler\/#breadcrumb"},"inLanguage":"az","potentialAction":[{"@type":"ReadAction","target":["https:\/\/www.meydan.tv\/az\/article\/iqtisadcilar-oliqarxlarin-eliyeve-tesirinin-bitdiyini-iddia-etdiler\/"]}]},{"@type":"ImageObject","inLanguage":"az","@id":"https:\/\/www.meydan.tv\/az\/article\/iqtisadcilar-oliqarxlarin-eliyeve-tesirinin-bitdiyini-iddia-etdiler\/#primaryimage","url":"https:\/\/www.meydan.tv\/wp-content\/uploads\/40309.jpg","contentUrl":"https:\/\/www.meydan.tv\/wp-content\/uploads\/40309.jpg","width":1000,"height":541,"caption":"Source:"},{"@type":"BreadcrumbList","@id":"https:\/\/www.meydan.tv\/az\/article\/iqtisadcilar-oliqarxlarin-eliyeve-tesirinin-bitdiyini-iddia-etdiler\/#breadcrumb","itemListElement":[{"@type":"ListItem","position":1,"name":"Ana s\u0259hif\u0259","item":"https:\/\/www.meydan.tv\/az\/"},{"@type":"ListItem","position":2,"name":"Analitika","item":"https:\/\/www.meydan.tv\/az\/section\/analitika\/"},{"@type":"ListItem","position":3,"name":"\u0130qtisad\u00e7\u0131lar oliqarxlar\u0131n \u018fliyev\u0259 t\u0259sirinin bitdiyini iddia etdil\u0259r"}]},{"@type":"WebSite","@id":"https:\/\/www.meydan.tv\/az\/#website","url":"https:\/\/www.meydan.tv\/az\/","name":"MEYDAN.TV","description":"Meydan TV Az\u0259rbaycan\u0131n media m\u0259kan\u0131ndak\u0131 alternativ s\u0259sidir","publisher":{"@id":"https:\/\/www.meydan.tv\/az\/#organization"},"potentialAction":[{"@type":"SearchAction","target":{"@type":"EntryPoint","urlTemplate":"https:\/\/www.meydan.tv\/az\/?s={search_term_string}"},"query-input":{"@type":"PropertyValueSpecification","valueRequired":true,"valueName":"search_term_string"}}],"inLanguage":"az"},{"@type":"Organization","@id":"https:\/\/www.meydan.tv\/az\/#organization","name":"Meydan TV","url":"https:\/\/www.meydan.tv\/az\/","logo":{"@type":"ImageObject","inLanguage":"az","@id":"https:\/\/www.meydan.tv\/az\/#\/schema\/logo\/image\/","url":"https:\/\/www.meydan.tv\/wp-content\/uploads\/2021\/07\/meydan-logo.svg","contentUrl":"https:\/\/www.meydan.tv\/wp-content\/uploads\/2021\/07\/meydan-logo.svg","width":195,"height":46,"caption":"Meydan TV"},"image":{"@id":"https:\/\/www.meydan.tv\/az\/#\/schema\/logo\/image\/"}},{"@type":"Person","@id":"https:\/\/www.meydan.tv\/az\/#\/schema\/person\/10d11eccf6da3662cf5fdab9806ea91a","name":"user-manager"}]}},"_links":{"self":[{"href":"https:\/\/www.meydan.tv\/az\/wp-json\/wp\/v2\/posts\/189390","targetHints":{"allow":["GET"]}}],"collection":[{"href":"https:\/\/www.meydan.tv\/az\/wp-json\/wp\/v2\/posts"}],"about":[{"href":"https:\/\/www.meydan.tv\/az\/wp-json\/wp\/v2\/types\/post"}],"author":[{"embeddable":true,"href":"https:\/\/www.meydan.tv\/az\/wp-json\/wp\/v2\/users\/11"}],"replies":[{"embeddable":true,"href":"https:\/\/www.meydan.tv\/az\/wp-json\/wp\/v2\/comments?post=189390"}],"version-history":[{"count":0,"href":"https:\/\/www.meydan.tv\/az\/wp-json\/wp\/v2\/posts\/189390\/revisions"}],"wp:featuredmedia":[{"embeddable":true,"href":"https:\/\/www.meydan.tv\/az\/wp-json\/wp\/v2\/media\/101753"}],"wp:attachment":[{"href":"https:\/\/www.meydan.tv\/az\/wp-json\/wp\/v2\/media?parent=189390"}],"wp:term":[{"taxonomy":"category","embeddable":true,"href":"https:\/\/www.meydan.tv\/az\/wp-json\/wp\/v2\/categories?post=189390"},{"taxonomy":"post_tag","embeddable":true,"href":"https:\/\/www.meydan.tv\/az\/wp-json\/wp\/v2\/tags?post=189390"}],"curies":[{"name":"wp","href":"https:\/\/api.w.org\/{rel}","templated":true}]}}