{"id":189387,"date":"2018-04-05T22:14:19","date_gmt":"2018-04-05T22:14:19","guid":{"rendered":"https:\/\/www.meydan.tv\/article\/expo-xronikasi-milan-2015-tecrubesi\/"},"modified":"2018-04-05T22:14:19","modified_gmt":"2018-04-05T22:14:19","slug":"expo-xronikasi-milan-2015-tecrubesi","status":"publish","type":"post","link":"https:\/\/www.meydan.tv\/az\/article\/expo-xronikasi-milan-2015-tecrubesi\/","title":{"rendered":"Expo xronikas\u0131: Milan-2015 t\u0259cr\u00fcb\u0259si"},"content":{"rendered":"<p>\n  <i><br \/>\n    Az\u0259rbaycan\u0131n vitse-prezidenti Mehriban \u018fliyeva 2025-ci ild\u0259 ba\u015f tutacaq \u201c\u00dcmumd\u00fcnya S\u0259rgisi\u201d-nin Bak\u0131da ke\u00e7irilm\u0259si \u00fc\u00e7\u00fcn kampaniya t\u0259\u015fkil edib. \u018fg\u0259r Bak\u0131 r\u0259qibl\u0259ri Osaka (Yaponiya) v\u0259 Yekaterinburqa (Rusiya) qalib g\u0259ls\u0259, Az\u0259rbaycan alt\u0131 ay davam ed\u0259c\u0259k s\u0259rginin ke\u00e7irilm\u0259si \u00fc\u00e7\u00fcn milyardlarla dollar x\u0259rcl\u0259y\u0259r\u0259k, b\u00f6y\u00fck bir m\u0259kan in\u015fa etm\u0259lidir. Park v\u0259 k\u00f6\u015fkl\u0259ri da \u00f6z\u00fcnd\u0259 ehtiva ed\u0259c\u0259k m\u0259kan\u0131n Ab\u015feron yar\u0131madas\u0131nda in\u015fas\u0131 h\u0259m d\u0259, paytaxt\u0131n \u0259h\u0259miyy\u0259tli d\u0259r\u0259c\u0259d\u0259 geni\u015fl\u0259ndirilm\u0259si dem\u0259kdir. Az\u0259rbaycan\u0131n diplomatik hey\u0259ti vitse-prezidentin plan\u0131na d\u0259st\u0259k almaq \u00fc\u00e7\u00fcn haz\u0131rda d\u00fcnyan\u0131n h\u0259r yerind\u0259 lobbi\u00e7ilikl\u0259 m\u0259\u015f\u011fuldur. R\u0259qibl\u0259rin g\u00fccl\u00fc olmas\u0131na baxmayaraq, h\u0259r \u015fey ba\u015f ver\u0259 bil\u0259r. T\u0259\u015fkilat\u00e7\u0131lar\u0131n imkanlar\u0131 d\u0259y\u0259rl\u0259ndirm\u0259k \u00fc\u00e7\u00fcn aprelin 17-19-da<br \/>\n    <a href=\"http:\/\/bie-paris.org\/site\/en\/news-announcements\/expo-2025-en\/bie-to-carry-out-world-expo-2025-enquiry-missions-in-march-and-april\" target=\"_blank\" rel=\"noopener\"><br \/>\n      ba\u015f tutacaq<br \/>\n    <\/a><br \/>\n    Bak\u0131 s\u0259f\u0259rind\u0259n sonra, noyabr\u0131n 15-d\u0259 Parisd\u0259 ke\u00e7iril\u0259c\u0259k 170 \u00f6lk\u0259 aras\u0131ndak\u0131 s\u0259sverm\u0259d\u0259 Az\u0259rbaycan\u0131n s\u0259rgid\u0259ki taleyi h\u0259ll olunacaq.<br \/>\n  <\/i>\n<\/p>\n<p>\n  <i><br \/>\n    Az\u0259rbaycan bu t\u0259dbiri ke\u00e7irm\u0259k niyy\u0259tind\u0259 oldu\u011funu ilk d\u0259f\u0259 2015-ci ild\u0259, Milanda ke\u00e7iril\u0259n \u00dcmumd\u00fcnya S\u0259rgisind\u0259 b\u0259yan edib. EXPO ke\u00e7irm\u0259yin inc\u0259likl\u0259rini anlamaq \u00fc\u00e7\u00fcn Meydan TV Milan t\u0259cr\u00fcb\u0259si haqq\u0131nda yaz\u0131lm\u0131\u015f kitab\u0131n h\u0259mm\u00fc\u0259llifl\u0259ri, eyni zamanda ara\u015fd\u0131rma\u00e7\u0131 jurnalistl\u0259r Lorenzo Banyoli (Lorenzo Bagnoli) v\u0259 Luka Rinaldiy\u0259 (Luca Rinaldi) \u00fcz tutub. Ke\u00e7iril\u0259n kampaniya \u0259rzind\u0259 \u0130taliya \u00f6z t\u0259klifl\u0259rin\u0259 g\u00f6r\u0259 inki\u015faf etm\u0259kd\u0259 olan \u00f6lk\u0259l\u0259rin s\u0259sini almaq \u00fc\u00e7\u00fcn milyonlar x\u0259rcl\u0259yib. Mafiyan\u0131n da i\u00e7ind\u0259 oldu\u011fu korrupsiya qalmaqallar\u0131 t\u0259dbirin haz\u0131rl\u0131qlar\u0131na t\u0259sir edib, \u00fcst\u0259lik, s\u00f6z\u00fc verilmi\u015f, lakin tamamlanmam\u0131\u015f infrastruktur layih\u0259l\u0259rinin faydalar\u0131 h\u0259l\u0259 d\u0259 g\u00f6z\u0259\u00e7arpm\u0131r v\u0259 o c\u00fcml\u0259d\u0259n, bu layih\u0259l\u0259rin yar\u0131m\u00e7\u0131q qalma ehtimal\u0131 da var.<br \/>\n  <\/i>\n<\/p>\n<p>\n  <i><br \/>\n    \u018fg\u0259r Bak\u0131 \u201cEXPO-2025\u201d-\u0259 evsahibliyi etm\u0259li olsa, Mehriban \u018fliyeva v\u0259 onun komandas\u0131 Milan t\u0259\u015fkilat\u00e7\u0131lar\u0131ndan daha u\u011furlu ola bil\u0259c\u0259kmi?<br \/>\n  <\/i><br \/>\n  <i><br \/>\n    Az\u0259rbaycan\u0131n indiy\u0259 q\u0259d\u0259rki g\u00f6st\u0259ricil\u0259ri bunun \u0259ksini deyir&#8230;<br \/>\n  <\/i>\n<\/p>\n<h4>\n  M\u0130LAN-2015<br \/>\n<\/h4>\n<p>\n  Milan 2006-c\u0131 ild\u0259 kampaniyaya ba\u015flayanda EXPO sad\u0259c\u0259 bir x\u0259yal idi. \u015e\u0259h\u0259rin 2015-ci ild\u0259ki v\u0259ziyy\u0259tini t\u0259s\u0259vv\u00fcr etm\u0259k o zaman \u00fc\u00e7\u00fcn m\u00fcmk\u00fcns\u00fcz g\u00f6r\u00fcn\u00fcrd\u00fc. Siyas\u0259t\u00e7il\u0259r \u00f6z \u00e7\u0131x\u0131\u015flar\u0131nda deyirdil\u0259r ki, EXPO n\u0259inki Milan\u0131, h\u0259tta b\u0259lk\u0259 \u0130taliyan\u0131 bel\u0259 d\u0259yi\u015f\u0259 bil\u0259r. \u015e\u00fcbh\u0259siz, s\u0259rgi Milana daha \u00e7ox turist c\u0259lb etm\u0259k imkan\u0131 ver\u0259c\u0259kdi. Lakin v\u0259d etdiyi m\u0259nf\u0259\u0259tl\u0259 yana\u015f\u0131, s\u0259rginin m\u0259nfi n\u0259tic\u0259l\u0259r do\u011furma ehtimal\u0131 da vard\u0131.\n<\/p>\n<p>\n  Beyn\u0259lxalq s\u0259rgini t\u0259\u015fkil ed\u0259n \u0130taliya \u015firk\u0259ti \u201cEXPO 2015\u201d SpA-n\u0131n \u00fcmumi b\u00fcdc\u0259si h\u0259l\u0259 d\u0259 a\u00e7\u0131qlanmay\u0131b. H\u0259min b\u00fcdc\u0259nin bir hiss\u0259si milyonlarla avro d\u0259y\u0259rind\u0259 tenderl\u0259r vasit\u0259sil\u0259 beyn\u0259lxalq m\u00fct\u0259\u015f\u0259kkil cinay\u0259tkar qruplara verilib. T\u0259dbir t\u0259\u015fkilat\u00e7\u0131lar\u0131n siyasi t\u0259sir g\u00fcc\u00fcn\u00fc art\u0131rmaq \u00fc\u00e7\u00fcn istifad\u0259 olunub.\n<\/p>\n<p>\n  \u201cEXPO 2015\u201d SpA-n\u0131n icra\u00e7\u0131 direktoru C\u00fczeppe (Beppe) Sala (Giuseppe Sala) Milan\u0131n haz\u0131rk\u0131 meridir.\u00a0Yerli r\u0259hb\u0259rlik h\u0259l\u0259 d\u0259 milyonlar s\u0259rf olunaraq \u0259rs\u0259y\u0259 g\u0259tirilmi\u015f m\u0259kan\u0131 nec\u0259 istifad\u0259 ed\u0259c\u0259yini bilmir. Yeni \u015f\u0259h\u0259r olmaq arzusundan 11 il ke\u00e7m\u0259sin\u0259 baxmayaraq, o zaman ger\u00e7\u0259kl\u0259\u015fdirilm\u0259si planla\u015fd\u0131r\u0131lan bir \u00e7ox i\u015f h\u0259l\u0259 d\u0259 ka\u011f\u0131z \u00fcz\u0259rind\u0259 qal\u0131b. Lakin bug\u00fcn\u0259 q\u0259d\u0259r ba\u015f vermi\u015f b\u0259zi m\u0259s\u0259l\u0259l\u0259rin n\u0259tic\u0259si ayd\u0131nd\u0131r v\u0259 Milan s\u0259rgisind\u0259n \u00e7\u0131xar\u0131lmal\u0131 d\u0259rsl\u0259r var.\n<\/p>\n<h4>\n  ARZU<br \/>\n<\/h4>\n<p>\n  Letizia Moratti \u00f6z\u00fcn\u00fcn ilk t\u0259\u015f\u0259bb\u00fcs\u00fcn\u00fc 2006-c\u0131 ild\u0259 g\u00f6st\u0259rib. H\u0259min vaxt, o, Milan\u0131n meri, h\u0259m d\u0259 Silvia Berluskoninin Forza \u0130taliya adl\u0131 apar\u0131c\u0131 siyasi partiyas\u0131n\u0131n \u00fczv\u00fc olub.\n<\/p>\n<p>\n  Letiziya o zaman Milan\u0131n yeni beyn\u0259lxalq n\u00fcfuzunu formala\u015fd\u0131rma\u011f\u0131 arzulay\u0131rd\u0131 v\u0259 o, D\u00fcnya S\u0259rgisin\u0259 evsahibliyi etm\u0259kl\u0259 bu arzusunu realla\u015fd\u0131racaqd\u0131.\n<\/p>\n<p>\n  \u00dcmumd\u00fcnya S\u0259rgisi bir n\u00f6v beyn\u0259lxalq festivald\u0131r. T\u0259dbir Parisd\u0259 yerl\u0259\u015f\u0259n Beyn\u0259lxalq S\u0259rgil\u0259r B\u00fcrosu (BSB) adl\u0131 beyn\u0259lxalq qurum t\u0259r\u0259find\u0259n t\u0259\u015fkil olunur. S\u0259rgi b\u0259lli m\u00fcdd\u0259t aral\u0131\u011f\u0131nda m\u00fcxt\u0259lif \u015f\u0259h\u0259rl\u0259rd\u0259 ke\u00e7irilir v\u0259 h\u0259r t\u0259dbir \u00f6n\u0259mli siyasi v\u0259 ya iqtisadi m\u0259s\u0259l\u0259l\u0259r\u0259 h\u0259sr olunur.<br \/>\n  <br \/>\n  S\u0259rgi zaman\u0131 \u00fcmumi say\u0131 170 olan h\u0259r bir BSB \u00fczv\u00fc \u00f6lk\u0259y\u0259, h\u0259min t\u0259dbird\u0259 prioritet olan m\u00f6vzuda \u00f6z maraqlar\u0131n\u0131 n\u00fcmayi\u015f etdirm\u0259k \u00fc\u00e7\u00fcn yer ayr\u0131l\u0131r.\n<\/p>\n<p>\n  2006-c\u0131 ilin oktyabr ay\u0131n\u0131n 30-da \u0130taliya h\u00f6kum\u0259ti Beyn\u0259lxalq S\u0259rgil\u0259r B\u00fcrosuna Milan\u0131n namiz\u0259dliyini t\u0259klif edib.<br \/>\n  <br \/>\n  Milan\u0131n t\u0259klifi yenil\u0259nmi\u015f bir \u015f\u0259h\u0259rin m\u00f6ht\u0259\u015f\u0259m g\u00f6r\u00fcnt\u00fcs\u00fc olub. T\u0259klifd\u0259 \u015f\u0259h\u0259ri k\u0259\u015ff etm\u0259k \u00fc\u00e7\u00fcn yeni kanallar, yeni ya\u015fay\u0131\u015f m\u0259nt\u0259q\u0259l\u0259ri v\u0259 yeni turist mar\u015frutlar\u0131 v\u0259d olunub.\n<\/p>\n<p>\n  T\u0259klif olunan 14 milyard avroluq b\u00fcdc\u0259 bir milyon kvadratmetr tikinti v\u0259 infrastruktur \u00fc\u00e7\u00fcn n\u0259z\u0259rd\u0259 tutulub. S\u0259rgiy\u0259 29 milyon biletin sat\u0131laca\u011f\u0131 da proqnozla\u015fd\u0131r\u0131l\u0131b.\n<\/p>\n<p>\n  H\u0259r bir s\u0259rgiy\u0259 ev sahibliyi ed\u0259c\u0259k \u015f\u0259h\u0259r BSB-nin Parisd\u0259 ke\u00e7iril\u0259n \u00fcmumi y\u0131\u011f\u0131nca\u011f\u0131nda 170 \u00f6lk\u0259nin gizli s\u0259sverm\u0259sil\u0259 se\u00e7ilir.<br \/>\n  <br \/>\n  \u201cEXPO-2015\u201d \u00fc\u00e7\u00fcn r\u0259qab\u0259t aparan daha bir \u015f\u0259h\u0259r \u0130zmir (T\u00fcrkiy\u0259) idi. Ba\u015flan\u011f\u0131cda m\u0259hz \u0130zmir favorit hesab olundu\u011fu \u00fc\u00e7\u00fcn q\u0259l\u0259b\u0259nin Milan \u00fc\u00e7\u00fcn \u00e7\u0259tin olaca\u011f\u0131 g\u00f6zl\u0259nilirdi.\n<\/p>\n<h4>\n  Diplomatiya s\u0259n\u0259ti<br \/>\n<\/h4>\n<p>\n  BSB-d\u0259n almal\u0131 oldu\u011fu s\u0259s say\u0131n\u0131 t\u0259min etm\u0259k \u00fc\u00e7\u00fcn Moratti ke\u00e7mi\u015f s\u0259firl\u0259r, ictimai m\u00fcnasib\u0259tl\u0259r \u00fczr\u0259 ekspertl\u0259r, kommunikasiya \u00fczr\u0259 menecerl\u0259r v\u0259 lobbi\u00e7il\u0259rd\u0259n ibar\u0259t komanda yaradaraq, onlar\u0131 s\u0259s v\u0259 d\u0259st\u0259k ver\u0259c\u0259k \u015f\u0259xsl\u0259ri \u201ctapmaq\u201d \u00fc\u00e7\u00fcn 80 \u00f6lk\u0259y\u0259 g\u00f6nd\u0259rib.\n<\/p>\n<p>\n  Ba\u015flan\u011f\u0131cda Morattinin s\u00f6z\u00e7\u00fcs\u00fc, onun m\u0259sl\u0259h\u0259t\u00e7isi Paula Qlisenti (Paolo Glisenti) oldu. Morattinin \u00fcz\u0259rind\u0259ki t\u0259sirin\u0259 g\u00f6r\u0259, \u201cMilan\u0131n Rasputini\u201d adland\u0131r\u0131lan Qlisenti g\u00fcnl\u00fck 900 avro maa\u015fla EXPO komit\u0259sinin s\u0259dri kimi t\u0259\u015fviqat i\u015fl\u0259rin\u0259 ba\u015flay\u0131b.\n<\/p>\n<p>\n  S\u0259rgi \u00fc\u00e7\u00fcn Milan ekoloji m\u00f6vzuda \u201cPlanet \u00fc\u00e7\u00fcn yem\u0259k, h\u0259yat \u00fc\u00e7\u00fcn enerji\u201d \u015f\u00fcar\u0131n\u0131 se\u00e7ib. M\u0259hz bu \u015f\u00fcar\u0131n se\u00e7ilm\u0259si<br \/>\n  <a href=\"https:\/\/www.slideshare.net\/dronzoni\/021411-brochure-ita\" target=\"_blank\" rel=\"noopener\"><br \/>\n    birg\u0259 layih\u0259l\u0259rd\u0259<br \/>\n  <\/a><br \/>\n  \u0259m\u0259kda\u015fl\u0131q v\u0259di il\u0259 \u00dc\u00e7\u00fcnc\u00fc D\u00fcnya \u00f6lk\u0259l\u0259rin\u0259 xitab ed\u0259r\u0259k, s\u0259s qazanmaq m\u0259qs\u0259di g\u00fcd\u00fcb. Milan\u0131n lobbi\u00e7il\u0259rind\u0259n biri Qayetano Kastellini-Kuriel (Gaetano Castellini-Curiel) \u00f6z \u201cNamiz\u0259dlik\u201d kitab\u0131nda h\u0259r bir s\u0259sin \u201cqiym\u0259tli mal oldu\u011funu v\u0259 onun qiym\u0259tinin yaln\u0131z \u0259m\u0259kda\u015fl\u0131q layih\u0259l\u0259ril\u0259 \u00f6d\u0259n\u0259 bil\u0259c\u0259yini yaz\u0131rd\u0131. S\u0259sl\u0259ri \u0259ld\u0259 etm\u0259k sad\u0259c\u0259 m\u00f6ht\u0259\u015f\u0259m diplomatik f\u0259aliyy\u0259t\u0259 deyil, h\u0259m\u00e7inin real bazarl\u0131\u011fa \u2013 bundan sonra h\u0259yata ke\u00e7iril\u0259c\u0259k birg\u0259 \u0259m\u0259kda\u015fl\u0131q layih\u0259l\u0259rin\u0259, ortaql\u0131q v\u0259 \u201cg\u0259l\u0259c\u0259k \u00fc\u00e7\u00fcn v\u0259d olunan s\u0259s\u201dl\u0259r\u0259 \u0259saslan\u0131rd\u0131.\n<\/p>\n<p>\n  Bel\u0259likl\u0259, Milan\u0131n t\u0259qdim etdiyi t\u0259kc\u0259 4 milyon avroluq b\u00fcdc\u0259 \u0259sas\u0259n, C\u0259nubi Amerika v\u0259 Afrikadak\u0131 kas\u0131bl\u0131q v\u0259 acl\u0131qla m\u00fcbariz\u0259y\u0259 hesablanm\u0131\u015f davaml\u0131 inki\u015faf layih\u0259l\u0259ri \u00fc\u00e7\u00fcn n\u0259z\u0259rd\u0259 tutulub. (Hans\u0131 ki, h\u0259min layih\u0259l\u0259rin n\u0259tic\u0259l\u0259ri h\u0259l\u0259 d\u0259 ictimaiyy\u0259t\u0259 a\u00e7\u0131qlanmay\u0131b). Aralar\u0131nda y\u00fcks\u0259k texnologiya istehsal\u00e7\u0131s\u0131 \u201cFinmexanika\u201d (Finmeccanica, indiki ad\u0131 Leonardo), beyn\u0259lxalq in\u015faat \u015firk\u0259ti \u201c\u0130mpregilo\u201d, bundan ba\u015fqa, enerji n\u0259h\u0259ngl\u0259ri \u201cEni\u201d, \u201cEdison\u201d v\u0259 \u201cEnel\u201d-in d\u0259 oldu\u011fu, \u0130taliyada \u00f6z\u0259l sektorda f\u0259aliyy\u0259t g\u00f6st\u0259r\u0259n \u015firk\u0259tl\u0259r Milan\u0131n lobbi\u00e7ilik f\u0259aliyy\u0259tin\u0259 d\u0259st\u0259k verib.<br \/>\n  <br \/>\n  Milan laz\u0131mi s\u0259sl\u0259ri \u0259ld\u0259 etm\u0259k \u00fc\u00e7\u00fcn iqtisadi lobbi\u00e7ilikl\u0259 yana\u015f\u0131, geosiyas\u0259td\u0259n d\u0259 m\u0259har\u0259tl\u0259 istifad\u0259 etdi.\n<\/p>\n<p>\n  Bel\u0259 ki, \u0130slam \u018fm\u0259kda\u015fl\u0131q T\u0259\u015fkilat\u0131 (\u0130\u018fT) 57 \u00fczv d\u00f6vl\u0259tl\u0259 d\u00fcnyan\u0131n \u0259n b\u00f6y\u00fck beyn\u0259lxalq t\u0259\u015fkilatlar\u0131ndan biridir. T\u00fcrkiy\u0259 bu t\u0259\u015fkilat\u0131n \u00fczv\u00fcd\u00fcr v\u0259 \u0130zmir bu t\u0259\u015fkilat\u0131n \u00fczvl\u0259rinin b\u00f6y\u00fck \u00e7oxlu\u011funun s\u0259sl\u0259rini s\u0131\u011fortalam\u0131\u015f kimi g\u00f6r\u00fcn\u00fcrd\u00fc. Bunu n\u0259z\u0259r\u0259 alan \u0130taliya \u0130\u018fT-i y\u00f6nl\u0259ndirm\u0259yi bacard\u0131.\n<\/p>\n<p>\n  2006-c\u0131 ild\u0259 Hamas\u0131n F\u0259l\u0259stind\u0259ki se\u00e7kil\u0259rind\u0259n sonra \u0130taliyan\u0131n xarici i\u015fl\u0259ri naziri \u0130srail-F\u0259l\u0259stin dialoqunu a\u00e7ma\u011f\u0131n vaxt\u0131 oldu\u011funu dedi. \u018fv\u0259zind\u0259, \u0130srailin xarici i\u015fl\u0259r naziri \u201cEXPO-2015\u201d \u00fc\u00e7\u00fcn ke\u00e7iril\u0259c\u0259k BSB se\u00e7kil\u0259ri zaman\u0131 \u0130zmiri d\u0259st\u0259kl\u0259y\u0259c\u0259kl\u0259rini elan etdi. M\u0259hz \u0130srailin d\u0259st\u0259yi \u0259ks reaksiya yaratd\u0131 v\u0259 57 \u00f6lk\u0259nin \u0259ks\u0259riyy\u0259tinin se\u00e7iminin Milan olmas\u0131na v\u0259 \u0130zmirin m\u0259\u011flubiyy\u0259tin\u0259 s\u0259b\u0259b oldu. Noyabr\u0131n 15-i, g\u00fcn\u00fcn sonunda, Milan BSB \u00fczl\u0259rinin 65-i \u0130zmir \u0259leyhin\u0259 olmaqla, 85 s\u0259sini qazand\u0131.\n<\/p>\n<p>\n  \u0130taliya 485 \u0259m\u0259kda\u015fl\u0131q layih\u0259sinin \u0259sas\u0131n\u0131 qoyacaq kampaniyaya \u00fcmumilikd\u0259 9 milyon avro x\u0259rcl\u0259di.\n<\/p>\n<p>\n  \u201cBiz inand\u0131ra bildik, \u00e7\u00fcnki ilk d\u0259f\u0259 idi ki, \u0130taliyan\u0131n ictimai v\u0259 \u00f6z\u0259l sektoru olaraq birl\u0259\u015fib, \u00f6z namiz\u0259dliyimiz \u00fc\u00e7\u00fcn lobbi\u00e7iliyi bacard\u0131q\u201d, &#8211; bu fikri lobbi\u00e7i Qayetano Kastellini-Kuriel Meydan TV-y\u0259 m\u00fcsahib\u0259sind\u0259 s\u0259sl\u0259ndirib. \u201cMilli h\u00f6kum\u0259tin g\u00fccl\u00fc d\u0259st\u0259yi olmadan bunlar\u0131n he\u00e7 biri ba\u015f ver\u0259 bilm\u0259zdi. Bizim r\u0259qibimiz olan \u0130zmirin \u015f\u0259h\u0259r r\u0259hb\u0259rliyi il\u0259 \u018frdo\u011fan h\u00f6kum\u0259ti aras\u0131ndak\u0131 birliyin olmamas\u0131 bu \u015f\u0259h\u0259rin m\u0259\u011flubiyy\u0259til\u0259 n\u0259tic\u0259l\u0259ndi\u201d.\n<\/p>\n<h4>\n  \u201cG\u00fcmb\u0259z\u201d<br \/>\n<\/h4>\n<p>\n  \u201cEXPO-2015\u201d ilk d\u0259f\u0259 m\u0259hz bu s\u0259rgi \u00fc\u00e7\u00fcn tikilmi\u015f yeni m\u0259kanda ke\u00e7irilm\u0259li idi. EXPO \u0259n\u0259n\u0259l\u0259rin\u0259 \u0259sas\u0259n, bu beyn\u0259lxalq s\u0259rginin m\u0259qs\u0259dl\u0259rind\u0259n biri sad\u0259c\u0259 yeni kompleks yaratmaq deyil, ev sahibi olan \u015f\u0259h\u0259rin bir hiss\u0259sini tamamil\u0259 yenil\u0259m\u0259kdir.\n<\/p>\n<p>\n  BSB-nin se\u00e7iml\u0259rind\u0259 n\u0259z\u0259r\u0259 al\u0131nan \u0259n m\u00fch\u00fcm m\u0259qamlardan biri ekspozisiya \u0259razisind\u0259n geriy\u0259 qalanlar\u0131n \u015f\u0259h\u0259rin yenid\u0259n canland\u0131r\u0131lmas\u0131ndak\u0131 roludur. \u00d6z\u00fcnd\u0259n sonra \u0259traf m\u00fchit v\u0259 memarl\u0131q sar\u0131dan probleml\u0259r qoymaq BSB-nin n\u00fcfuzuna x\u0259l\u0259l g\u0259tir\u0259 bil\u0259r.\n<\/p>\n<p>\n  B\u00fct\u00fcn bunlara baxmayaraq, BSB Milan yax\u0131nl\u0131\u011f\u0131ndak\u0131 periferik \u0259razi olan Rhoda apar\u0131lacaq tikinti t\u0259klifini t\u0259sdiql\u0259di.\n<\/p>\n<p>\n  A\u00e7\u0131q tenderl\u0259rin maliyy\u0259l\u0259\u015fdirilm\u0259si prosesind\u0259n \u0259vv\u0259l yerli idar\u0259\u00e7il\u0259r \u201cmafia \u0259leyhin\u0259 sertifikat\u201d\u0131 olan, bir s\u00f6zl\u0259, mafia il\u0259 he\u00e7 bir \u0259laq\u0259sinin olmad\u0131\u011f\u0131n\u0131 s\u00fcbut etmi\u015f \u015firk\u0259tl\u0259rin siyah\u0131s\u0131n\u0131 a\u00e7\u0131qlamal\u0131 idil\u0259r. Bu, mafiyan\u0131n geni\u015f yay\u0131ld\u0131\u011f\u0131 v\u0259 \u00e7ox g\u00fccl\u00fc oldu\u011fu \u0130taliyada standart prosedurdur. Lakin tikinti prosesi i\u015fi vaxt\u0131nda tamamlamaq \u00fc\u00e7\u00fcn s\u00fcr\u0259tl\u0259ndirilm\u0259li idi v\u0259 el\u0259 buna g\u00f6r\u0259 d\u0259 a\u00e7\u0131q tenderl\u0259r \u00fc\u00e7\u00fcn olan \u201cm\u0259sum siyah\u0131\u201dn\u0131n da i\u00e7ind\u0259 oldu\u011fu qaydalar bir k\u0259nara qoyuldu.\n<\/p>\n<p>\n  2014-c\u00fc ilin may\u0131n 8-d\u0259 tenderl\u0259rl\u0259 ba\u011fl\u0131 probleml\u0259r a\u015fkarland\u0131. H\u0259min g\u00fcn \u0130taliya h\u00fcquq-m\u00fchafiz\u0259 orqanlar\u0131 \u201cEXPO-2015\u201d-in icra\u00e7\u0131 direktoru, ke\u00e7mi\u015f senator, iki yerli, ke\u00e7mi\u015f siyas\u0259t\u00e7i v\u0259 bir \u00f6n\u0259mli i\u015f adam\u0131n\u0131 h\u0259bs etdi. H\u0259min \u015f\u0259xsl\u0259r m\u00fct\u0259\u015f\u0259kkil cinay\u0259tkarl\u0131q, korrupsiya, t\u0259klifl\u0259rin saxtala\u015fd\u0131r\u0131lmas\u0131 v\u0259 biznes sirl\u0259rinin a\u00e7\u0131qlanmas\u0131nda ittiham olunurdular.\n<\/p>\n<p>\n  \u0130taliyada G\u00fcmb\u0259z (Kupola) \u0259n y\u00fcks\u0259k mafiya iyerarxiyas\u0131na veril\u0259n add\u0131r. Milan prokurorlar\u0131 hesab edir ki, bu iyerarxiya siyas\u0259t\u00e7il\u0259ri, i\u015f adamlar\u0131n\u0131 v\u0259 kriminallar\u0131 bir araya g\u0259tirir. S\u0259rginin bir ne\u00e7\u0259 \u0259n b\u00f6y\u00fck tenderin\u0259 &#8211; \u00fcmumilikd\u0259 t\u0259xmin\u0259n 1,2 mln avro maliyy\u0259sin\u0259 n\u0259zar\u0259t ed\u0259n G\u00fcmb\u0259z, daha bir 323 mln maliyy\u0259si olan tenderi \u0259ld\u0259 etm\u0259y\u0259 \u00e7al\u0131\u015f\u0131b.\n<\/p>\n<p>\n  \u0130yerarxiyan\u0131n \u00fczvl\u0259rind\u0259n biri s\u0259rginin \u0259n bahal\u0131 tenderi olan Piastran\u0131, y\u0259ni b\u00fct\u00fcn m\u0259kan\u0131n t\u0259m\u0259lini qoyma\u011f\u0131 h\u0259d\u0259fl\u0259y\u0259n layih\u0259ni d\u0259 alma\u011fa c\u0259hd edib.\n<\/p>\n<p>\n  Sonralar b\u0259lli oldu ki, bir s\u0131ra tenderl\u0259r \u0130taliyan\u0131n \u0259n g\u00fccl\u00fc v\u0259 t\u0259hl\u00fck\u0259li cinay\u0259tkar birliyi olan<br \/>\n  <a href=\"https:\/\/irpi.eu\/en\/police-raids-uncover-ndrangheta-links-to-milan-expo\/\" target=\"_blank\" rel=\"noopener\"><br \/>\n    Ndrangetaya<br \/>\n  <\/a><br \/>\n  verilib.\n<\/p>\n<h4>\n  Etirazlar<br \/>\n<\/h4>\n<p>\n  A\u00e7\u0131l\u0131\u015f m\u0259rasiminin t\u0259sad\u00fcf etdiyi 1 may 2015-ci ild\u0259 hava tutqun olsa da, bayram \u0259hval-ruhiyy\u0259si vard\u0131. A\u00e7\u0131l\u0131\u015fa c\u0259mi 50 g\u00fcn qalm\u0131\u015f, pavilyonlar\u0131n 80 faizi h\u0259l\u0259 d\u0259<br \/>\n  <a href=\"https:\/\/www.wired.it\/attualita\/politica\/2015\/03\/13\/ritardi-consistenti-cantieri-expo-2015-alcuni-recuperabili-meno-sala-ce-faremo\/\" target=\"_blank\" rel=\"noopener\"><br \/>\n    tikilm\u0259kd\u0259<br \/>\n  <\/a><br \/>\n  oldu\u011fu \u00fc\u00e7\u00fcn, s\u0259rginin vaxt\u0131nda ger\u00e7\u0259kl\u0259\u015f\u0259c\u0259yi \u015f\u00fcbh\u0259 alt\u0131nda idi. S\u0259rgiy\u0259 az qalm\u0131\u015f b\u0259zi hiss\u0259l\u0259r haz\u0131r olmasa da, a\u00e7\u0131l\u0131\u015f g\u00fcn\u00fc m\u0259rasim, dem\u0259k olar ki, tamamlanm\u0131\u015f m\u0259kanla realla\u015fd\u0131r\u0131l\u0131b. T\u0259\u015fkilat\u00e7\u0131lar t\u0259dbir\u0259 200,000 n\u0259f\u0259rin qat\u0131ld\u0131\u011f\u0131n\u0131 bildiribl\u0259r.\n<\/p>\n<p>\n  A\u00e7\u0131l\u0131\u015f m\u0259rasimi 1 may \u0259n\u0259n\u0259vi \u018fm\u0259k\u00e7il\u0259r G\u00fcn\u00fcn\u0259 t\u0259sad\u00fcf etdi. EXPO-dan bir az aral\u0131, Milan\u0131n m\u0259rk\u0259zind\u0259 20 min\u0259 yax\u0131n adam h\u0259r il oldu\u011fu kimi sakit n\u00fcmayi\u015f ke\u00e7irirdi. Bu d\u0259f\u0259 is\u0259 v\u0259ziyy\u0259t f\u0259rqli idi: n\u00fcmayi\u015f\u00e7il\u0259r aras\u0131nda etiraz\u00e7\u0131lar vard\u0131.\n<\/p>\n<p>\n  Etiraz\u00e7\u0131lar m\u00fct\u0259\u015f\u0259kkil cinay\u0259tkarl\u0131\u011f\u0131n EXPO-nun milyon avroluq tenderl\u0259ri il\u0259 daha da z\u0259nginl\u0259\u015fm\u0259sin\u0259 ac\u0131ql\u0131 idil\u0259r. Ancaq bu, onlar\u0131n \u015fikay\u0259tl\u0259rind\u0259n yaln\u0131z biri idi. Onlar h\u0259m\u00e7inin, t\u0259\u015fkilat\u00e7\u0131lar\u0131n yalan\u00e7\u0131 \u201cyax\u015f\u0131 i\u015f yerl\u0259ri\u201d v\u0259dl\u0259rin\u0259 (yeni a\u00e7\u0131lm\u0131\u015f i\u015f yerl\u0259ri m\u00fcv\u0259qq\u0259ti idi v\u0259 h\u0259min i\u015fl\u0259r\u0259 g\u00f6r\u0259 \u00f6d\u0259nil\u0259n \u0259m\u0259khaqq\u0131 \u00e7ox a\u015fa\u011f\u0131 idi) etiraz edirdil\u0259r. \u201cNestle\u201d kimi \u00e7oxmill\u0259tli korporasiyan\u0131n s\u0259rgid\u0259 i\u015ftirak\u0131 lobbi\u00e7il\u0259r \u00fc\u00e7\u00fcn \u00e7ox \u00f6n\u0259mli idi, \u00e7\u00fcnki bu, k\u0259nd t\u0259s\u0259rr\u00fcfat\u0131n\u0131n davaml\u0131 inki\u015faf\u0131n\u0131n g\u00f6st\u0259ricisiydi.\n<\/p>\n<p>\n  Q\u0259fild\u0259n, n\u00fcmayi\u015fin ortas\u0131nda m\u00fcxt\u0259lif \u00f6lk\u0259l\u0259rd\u0259n (\u0259sas\u0259n, Yunan\u0131stan) olan 500 n\u0259f\u0259r\u0259 yax\u0131n etiraz\u00e7\u0131 k\u00fc\u00e7\u0259l\u0259ri da\u011f\u0131tma\u011fa ba\u015flad\u0131lar. Sonda 10 n\u0259f\u0259r h\u0259bs olundu. \u00d6nc\u0259 etiraz\u00e7\u0131lara d\u0259st\u0259k g\u00f6st\u0259r\u0259n ictimaiyy\u0259t, onlar\u0131n k\u00fc\u00e7\u0259l\u0259ri da\u011f\u0131td\u0131\u011f\u0131n\u0131 g\u00f6rd\u00fckd\u0259n sonra etiraz\u00e7\u0131lara qar\u015f\u0131 \u00e7\u0131xd\u0131.\n<\/p>\n<p>\n  S\u0259rgini izl\u0259m\u0259y\u0259 g\u0259l\u0259nl\u0259rin \u0259ks\u0259riyy\u0259ti \u00fc\u00e7\u00fcn \u201cEXPO-2015\u201d xo\u015f t\u0259cr\u00fcb\u0259 olub. Rhoda 6 ay davaml\u0131 \u0259yl\u0259nc\u0259 ruhu hakim olub. Ziyar\u0259t\u00e7il\u0259r kilometrl\u0259rl\u0259 yolu add\u0131mlayaraq, pavilyonlar\u0131n arxitekturas\u0131na v\u0259 s\u0259rgid\u0259 i\u015ftirak ed\u0259n 109 \u00f6lk\u0259y\u0259 aid yerli yem\u0259kl\u0259rin dad\u0131na baxa bilibl\u0259r.\n<\/p>\n<p>\n  Zat\u0259n dadl\u0131 qida v\u0259 g\u00f6z\u0259l arxitektura ziyar\u0259t\u00e7il\u0259r \u00fc\u00e7\u00fcn EXPO-nun \u0259sas m\u0259\u011fzi idi. T\u0259dbir davaml\u0131 \u015f\u0259kild\u0259 x\u0259b\u0259rl\u0259rd\u0259 reklam olunub v\u0259<br \/>\n  <a href=\"http:\/\/www.italy24.ilsole24ore.com\/art\/business-and-economy\/2015-12-14\/post-expo-161226.php?uuid=ACcWm9sB\" target=\"_blank\" rel=\"noopener\"><br \/>\n    bir hesabla<br \/>\n  <\/a><br \/>\n  \u00a0EXPO daha bir milyon turisti Milana c\u0259lb ed\u0259 bilib. T\u0259\u015fkilat\u00e7\u0131l\u0131\u011fa mafiyan\u0131n s\u0131zmas\u0131 ziyar\u0259t\u00e7il\u0259r\u0259 b\u0259lli olmay\u0131b.\n<\/p>\n<h4>\n  N\u0259tic\u0259<br \/>\n<\/h4>\n<p>\n  EXPO-nun qap\u0131lar\u0131n\u0131 ziyar\u0259t\u00e7il\u0259rin \u00fcz\u00fcn\u0259 qapatmas\u0131ndan iki il ke\u00e7m\u0259sin\u0259 baxmayaraq, s\u0259rgi \u0259razisinin taleyi il\u0259 ba\u011fl\u0131 h\u0259l\u0259 d\u0259 \u015f\u00fcbh\u0259l\u0259r var. \u018frazinin s\u0259rgi bitdikd\u0259n sonra inki\u015faf etdirilm\u0259si \u00fc\u00e7\u00fcn 2 mlrd avroluq layih\u0259 haz\u0131rlan\u0131b. Son layih\u0259y\u0259 \u0259sas\u0259n, \u0259razinin b\u00f6y\u00fck hiss\u0259si ictimai maraqlara cavab ver\u0259n binalar &#8211; yerli universitet \u00fc\u00e7\u00fcn kampus, ara\u015fd\u0131rma v\u0259 sa\u011fl\u0131q m\u0259rk\u0259zl\u0259ri \u00fc\u00e7\u00fcn ayr\u0131lacaq.\n<\/p>\n<p>\n  B\u00f6y\u00fck \u2013 460,000 kv metrlik bir \u0259razi park \u00fc\u00e7\u00fcn n\u0259z\u0259rd\u0259 tutulub. C\u0259dv\u0259l\u0259 \u0259sas\u0259n, m\u0259kan 2021-ci il\u0259 kimi tikilib ba\u015fa \u00e7atd\u0131r\u0131lmal\u0131d\u0131r, lakin indiy\u0259 q\u0259d\u0259rki prosesl\u0259r bunun \u00e7\u0259tin olaca\u011f\u0131n\u0131 g\u00f6st\u0259rir.\n<\/p>\n<p>\n  \u018frazinin 200,000 kv metri \u00f6z\u0259l sektor \u00fc\u00e7\u00fcn ayr\u0131l\u0131b. \u018frazil\u0259ri maliyy\u0259l\u0259\u015fdir\u0259n v\u0259 idar\u0259 ed\u0259n \u201cArexpo\u201d \u015firk\u0259ti 96 milyon avroluq kredit g\u00f6t\u00fcrs\u0259 d\u0259, \u00f6z \u0259sas m\u0259qs\u0259dind\u0259 &#8211; \u0259razil\u0259rin ayr\u0131-ayr\u0131 \u015firk\u0259tl\u0259r\u0259 sat\u0131lmas\u0131n\u0131n m\u0259kan\u0131n inki\u015faf\u0131na m\u00fcsb\u0259t t\u0259sir ed\u0259c\u0259yi ehtimal\u0131nda yan\u0131ld\u0131. 2014-c\u00fc ilin ilk sat\u0131\u015f t\u0259klifi u\u011fursuzluqla n\u0259tic\u0259l\u0259ndi, \u00e7\u00fcnki al\u0131c\u0131 yox idi.\n<\/p>\n<p>\n  \u0130taliyan\u0131n \u0130qtisadiyyat Nazirliyi v\u0259ziyy\u0259ti d\u00fcz\u0259ltm\u0259k \u00fc\u00e7\u00fcn \u201cArexpo\u201d-nun pay\u00e7\u0131s\u0131 olma\u011fa m\u0259cbur oldu, \u00e7\u00fcnki nazirliyin i\u015ftirak\u0131 olmadan he\u00e7 bir s\u0259rmay\u0259dar \u015firk\u0259t h\u0259min \u0259raziy\u0259 pul ay\u0131rmazd\u0131. Bel\u0259 bir n\u0259h\u0259ng \u0259razinin iqtisadi c\u0259h\u0259td\u0259n inki\u015faf\u0131 ehtimal\u0131 \u015f\u00fcbh\u0259lidir v\u0259 ora s\u0259rmay\u0259 yat\u0131rmaq \u00e7ox risklidir.\n<\/p>\n<p>\n  \u0130qtisadiyyat Nazirliyi proqnozla\u015fd\u0131r\u0131r ki, bu layih\u0259 n\u00f6vb\u0259ti 10 ild\u0259 \u201cArexpo\u201d t\u0259r\u0259find\u0259n hesablanm\u0131\u015f daha 200 mln avroluq borc alacaq v\u0259 bel\u0259likl\u0259 d\u0259, bu x\u0259rcl\u0259ri ictimaiyy\u0259t\u0259 \u00f6t\u00fcr\u0259c\u0259k.\n<\/p>\n<h4>\n  S\u0259rgid\u0259n faydalananlar<br \/>\n<\/h4>\n<p>\n  Baxmayaraq ki, EXPO-nun b\u00fct\u00fcn \u00f6lk\u0259 \u00fc\u00e7\u00fcn faydal\u0131 olmas\u0131 g\u00f6zl\u0259nilirdi, Milan faktiki olaraq, milli b\u00fcdc\u0259d\u0259n faydaland\u0131. \u015e\u0259h\u0259r iqtisadi krizis\u0259 baxmayaraq, ictimai i\u015fl\u0259r v\u0259 infrastruktur layih\u0259l\u0259ri \u00fc\u00e7\u00fcn 12 mlrd avro maliyy\u0259 \u0259ld\u0259 etdi. Orijinal namiz\u0259dlik t\u0259klifin\u0259 g\u00f6r\u0259 is\u0259 bu m\u0259bl\u0259\u011f b\u00fct\u00fcn \u00f6lk\u0259y\u0259 yat\u0131r\u0131lmal\u0131 idi.\n<\/p>\n<p>\n  S\u0259rginin n\u0259tic\u0259l\u0259rind\u0259n biri d\u0259 Milan\u0131n yeni metro x\u0259tti \u0259ld\u0259 etm\u0259si olub, daha bir x\u0259tt is\u0259 tikilm\u0259k \u00fczr\u0259dir. T\u0259\u015fkilat\u00e7\u0131lar\u0131n Leonardo Da Vin\u00e7inin vaxt\u0131ndak\u0131 kimi mar\u015frut kanallar\u0131 arzusu is\u0259 prokurorluq i\u015f\u00e7il\u0259rinin 2014-15-ci ill\u0259rd\u0259 tikinti i\u015fl\u0259rini a\u00e7\u0131q tenderl\u0259rd\u0259ki qanunauy\u011funsuzluqlar s\u0259b\u0259bil\u0259 dayand\u0131rmas\u0131na g\u00f6r\u0259 realla\u015fmay\u0131b.\n<\/p>\n<p>\n  Dig\u0259r infrastruktur layih\u0259l\u0259rind\u0259n olan Milan\u0131 \u015eimali \u0130taliya il\u0259 birl\u0259\u015fdir\u0259c\u0259k y\u00fcks\u0259k s\u00fcr\u0259tli avtomobil yolu b\u00f6y\u00fck maddi itki il\u0259 h\u0259yata ke\u00e7irilir. Bu infrastruktur layih\u0259si yaln\u0131z EXPO pullar\u0131 il\u0259 m\u00fcmk\u00fcn idi. EXPO pullar\u0131 olmadan, s\u0259rgi \u00e7\u0259r\u00e7iv\u0259sind\u0259 h\u0259r bir layih\u0259 \u00fc\u00e7\u00fcn g\u00f6t\u00fcr\u00fcl\u0259n kredit yerli h\u00f6kum\u0259t \u00fc\u00e7\u00fcn davaml\u0131 borcdur.\n<\/p>\n<p>\n  N\u0259tic\u0259 olaraq, EXPO-nu \u0259hat\u0259l\u0259y\u0259n b\u00f6y\u00fck m\u00fc\u0259mmadan sad\u0259 bir sual do\u011fur: Bu s\u0259rgi h\u0259r hans\u0131 bir m\u0259nf\u0259\u0259t yaratd\u0131m\u0131?\n<\/p>\n<p>\n  Bu layih\u0259 \u0259traf\u0131nda \u00e7ox m\u00fcxt\u0259lif iqtisadi analizl\u0259r var, lakin sonuc olaraq, EXPO \u0130taliyaya g\u00f6zl\u0259nildiyind\u0259n daha baha ba\u015fa g\u0259ldi. EXPO-nun \u00f6z\u00fcn\u0259 x\u0259rcl\u0259nmi\u015f 3 milyard yat\u0131r\u0131m v\u0259 s\u0259rgi il\u0259 \u0259laq\u0259li layih\u0259l\u0259r\u0259 x\u0259rcl\u0259n\u0259n 11 milyarddan savay\u0131, icra\u00e7\u0131 \u015firk\u0259t \u00f6z kassas\u0131nda sad\u0259c\u0259 14 mln avroya q\u0259na\u0259t ed\u0259 bildi, \u00fcmumi b\u00fcdc\u0259nin c\u0259mi 0,1 faizin\u0259.\n<\/p>\n<p>\n  Ka Foskari Universitetinin (Ca\u2019 Foscari University) t\u0259dqiqat\u00e7\u0131s\u0131 Jerome Massianiy\u0259 g\u00f6r\u0259, iqtisadi bax\u0131mdan t\u0259hlil etdikd\u0259, s\u0259rgid\u0259n he\u00e7 bir qazanc g\u00f6t\u00fcr\u00fclm\u0259yib, halbuki, bu c\u00fcr b\u00f6y\u00fck m\u0259bl\u0259\u011fli yat\u0131r\u0131m\u0131n t\u0259siri m\u00fcqayis\u0259olunacaq d\u0259r\u0259c\u0259d\u0259 y\u00fcks\u0259k olmal\u0131 idi.\n<\/p>\n<p>\n  H\u0259tta \u201cEXPO-2015\u201d SpA-n\u0131n icra\u00e7\u0131 direktoru C\u00fczeppe Sala bel\u0259 bunun b\u00f6y\u00fck u\u011fur olmad\u0131\u011f\u0131n\u0131 etiraf etdi.\n<\/p>\n<p>\n  2016-c ild\u0259 EXPO bitdikd\u0259n sonra, \u201cC\u0259nab EXPO\u201d kimi m\u0259\u015fhurla\u015fan C\u00fczeppe Sala el\u0259 bu m\u0259\u015fhurlu\u011fu hesab\u0131na da Milan\u0131n meri se\u00e7ilib. Haz\u0131rda onun haqq\u0131nda \u201cv\u0259zif\u0259 s\u0259lahiyy\u0259tl\u0259rind\u0259n sui-istifad\u0259 etm\u0259k\u201d madd\u0259sil\u0259 t\u0259hqiqat apar\u0131l\u0131r. 2018-ci ilin yay\u0131nda Milan M\u0259hk\u0259m\u0259si onun h\u0259bs olunub-olunmayaca\u011f\u0131na dair q\u0259rar ver\u0259c\u0259k.<\/p>\n","protected":false},"excerpt":{"rendered":"<p>\u018fg\u0259r Bak\u0131 \u201cEXPO-2025\u201d-\u0259 evsahibliyi etm\u0259li olsa, Mehriban \u018fliyeva v\u0259 onun komandas\u0131 Milan t\u0259\u015fkilat\u00e7\u0131lar\u0131ndan daha u\u011furlu ola bil\u0259c\u0259kmi?<\/p>\n","protected":false},"author":11,"featured_media":101712,"comment_status":"closed","ping_status":"open","sticky":false,"template":"","format":"standard","meta":{"_acf_changed":false,"_sitemap_exclude":false,"_sitemap_priority":"","_sitemap_frequency":"","footnotes":""},"categories":[51],"tags":[],"class_list":["post-189387","post","type-post","status-publish","format-standard","has-post-thumbnail","hentry","category-analitika","infinite-scroll-item","generate-columns","tablet-grid-50","mobile-grid-100","grid-parent","grid-33","no-featured-image-padding"],"acf":[],"yoast_head":"<!-- This site is optimized with the Yoast SEO plugin v27.4 - https:\/\/yoast.com\/product\/yoast-seo-wordpress\/ -->\n<title>Expo xronikas\u0131: Milan-2015 t\u0259cr\u00fcb\u0259si - MEYDAN.TV<\/title>\n<meta name=\"robots\" content=\"index, follow, max-snippet:-1, max-image-preview:large, max-video-preview:-1\" \/>\n<link rel=\"canonical\" href=\"https:\/\/www.meydan.tv\/az\/article\/expo-xronikasi-milan-2015-tecrubesi\/\" \/>\n<meta property=\"og:locale\" content=\"az_AZ\" \/>\n<meta property=\"og:type\" content=\"article\" \/>\n<meta property=\"og:title\" content=\"Expo xronikas\u0131: Milan-2015 t\u0259cr\u00fcb\u0259si - MEYDAN.TV\" \/>\n<meta property=\"og:description\" content=\"\u018fg\u0259r Bak\u0131 \u201cEXPO-2025\u201d-\u0259 evsahibliyi etm\u0259li olsa, Mehriban \u018fliyeva v\u0259 onun komandas\u0131 Milan t\u0259\u015fkilat\u00e7\u0131lar\u0131ndan daha u\u011furlu ola bil\u0259c\u0259kmi?\" \/>\n<meta property=\"og:url\" content=\"https:\/\/www.meydan.tv\/az\/article\/expo-xronikasi-milan-2015-tecrubesi\/\" \/>\n<meta property=\"og:site_name\" content=\"MEYDAN.TV\" \/>\n<meta property=\"article:published_time\" content=\"2018-04-05T22:14:19+00:00\" \/>\n<meta property=\"og:image\" content=\"https:\/\/www.meydan.tv\/wp-content\/uploads\/40283-scaled.jpg\" \/>\n\t<meta property=\"og:image:width\" content=\"2560\" \/>\n\t<meta property=\"og:image:height\" content=\"1728\" \/>\n\t<meta property=\"og:image:type\" content=\"image\/jpeg\" \/>\n<meta name=\"author\" content=\"user-manager\" \/>\n<meta name=\"twitter:card\" content=\"summary_large_image\" \/>\n<script type=\"application\/ld+json\" class=\"yoast-schema-graph\">{\"@context\":\"https:\\\/\\\/schema.org\",\"@graph\":[{\"@type\":\"Article\",\"@id\":\"https:\\\/\\\/www.meydan.tv\\\/az\\\/article\\\/expo-xronikasi-milan-2015-tecrubesi\\\/#article\",\"isPartOf\":{\"@id\":\"https:\\\/\\\/www.meydan.tv\\\/az\\\/article\\\/expo-xronikasi-milan-2015-tecrubesi\\\/\"},\"author\":{\"name\":\"user-manager\",\"@id\":\"https:\\\/\\\/www.meydan.tv\\\/az\\\/#\\\/schema\\\/person\\\/10d11eccf6da3662cf5fdab9806ea91a\"},\"headline\":\"Expo xronikas\u0131: Milan-2015 t\u0259cr\u00fcb\u0259si\",\"datePublished\":\"2018-04-05T22:14:19+00:00\",\"mainEntityOfPage\":{\"@id\":\"https:\\\/\\\/www.meydan.tv\\\/az\\\/article\\\/expo-xronikasi-milan-2015-tecrubesi\\\/\"},\"wordCount\":3404,\"publisher\":{\"@id\":\"https:\\\/\\\/www.meydan.tv\\\/az\\\/#organization\"},\"image\":{\"@id\":\"https:\\\/\\\/www.meydan.tv\\\/az\\\/article\\\/expo-xronikasi-milan-2015-tecrubesi\\\/#primaryimage\"},\"thumbnailUrl\":\"https:\\\/\\\/www.meydan.tv\\\/wp-content\\\/uploads\\\/40283-scaled.jpg\",\"articleSection\":[\"Analitika\"],\"inLanguage\":\"az\"},{\"@type\":\"WebPage\",\"@id\":\"https:\\\/\\\/www.meydan.tv\\\/az\\\/article\\\/expo-xronikasi-milan-2015-tecrubesi\\\/\",\"url\":\"https:\\\/\\\/www.meydan.tv\\\/az\\\/article\\\/expo-xronikasi-milan-2015-tecrubesi\\\/\",\"name\":\"Expo xronikas\u0131: Milan-2015 t\u0259cr\u00fcb\u0259si - MEYDAN.TV\",\"isPartOf\":{\"@id\":\"https:\\\/\\\/www.meydan.tv\\\/az\\\/#website\"},\"primaryImageOfPage\":{\"@id\":\"https:\\\/\\\/www.meydan.tv\\\/az\\\/article\\\/expo-xronikasi-milan-2015-tecrubesi\\\/#primaryimage\"},\"image\":{\"@id\":\"https:\\\/\\\/www.meydan.tv\\\/az\\\/article\\\/expo-xronikasi-milan-2015-tecrubesi\\\/#primaryimage\"},\"thumbnailUrl\":\"https:\\\/\\\/www.meydan.tv\\\/wp-content\\\/uploads\\\/40283-scaled.jpg\",\"datePublished\":\"2018-04-05T22:14:19+00:00\",\"breadcrumb\":{\"@id\":\"https:\\\/\\\/www.meydan.tv\\\/az\\\/article\\\/expo-xronikasi-milan-2015-tecrubesi\\\/#breadcrumb\"},\"inLanguage\":\"az\",\"potentialAction\":[{\"@type\":\"ReadAction\",\"target\":[\"https:\\\/\\\/www.meydan.tv\\\/az\\\/article\\\/expo-xronikasi-milan-2015-tecrubesi\\\/\"]}]},{\"@type\":\"ImageObject\",\"inLanguage\":\"az\",\"@id\":\"https:\\\/\\\/www.meydan.tv\\\/az\\\/article\\\/expo-xronikasi-milan-2015-tecrubesi\\\/#primaryimage\",\"url\":\"https:\\\/\\\/www.meydan.tv\\\/wp-content\\\/uploads\\\/40283-scaled.jpg\",\"contentUrl\":\"https:\\\/\\\/www.meydan.tv\\\/wp-content\\\/uploads\\\/40283-scaled.jpg\",\"width\":2560,\"height\":1728,\"caption\":\"Source:\"},{\"@type\":\"BreadcrumbList\",\"@id\":\"https:\\\/\\\/www.meydan.tv\\\/az\\\/article\\\/expo-xronikasi-milan-2015-tecrubesi\\\/#breadcrumb\",\"itemListElement\":[{\"@type\":\"ListItem\",\"position\":1,\"name\":\"Ana s\u0259hif\u0259\",\"item\":\"https:\\\/\\\/www.meydan.tv\\\/az\\\/\"},{\"@type\":\"ListItem\",\"position\":2,\"name\":\"Analitika\",\"item\":\"https:\\\/\\\/www.meydan.tv\\\/az\\\/section\\\/analitika\\\/\"},{\"@type\":\"ListItem\",\"position\":3,\"name\":\"Expo xronikas\u0131: Milan-2015 t\u0259cr\u00fcb\u0259si\"}]},{\"@type\":\"WebSite\",\"@id\":\"https:\\\/\\\/www.meydan.tv\\\/az\\\/#website\",\"url\":\"https:\\\/\\\/www.meydan.tv\\\/az\\\/\",\"name\":\"MEYDAN.TV\",\"description\":\"Meydan TV Az\u0259rbaycan\u0131n media m\u0259kan\u0131ndak\u0131 alternativ s\u0259sidir\",\"publisher\":{\"@id\":\"https:\\\/\\\/www.meydan.tv\\\/az\\\/#organization\"},\"potentialAction\":[{\"@type\":\"SearchAction\",\"target\":{\"@type\":\"EntryPoint\",\"urlTemplate\":\"https:\\\/\\\/www.meydan.tv\\\/az\\\/?s={search_term_string}\"},\"query-input\":{\"@type\":\"PropertyValueSpecification\",\"valueRequired\":true,\"valueName\":\"search_term_string\"}}],\"inLanguage\":\"az\"},{\"@type\":\"Organization\",\"@id\":\"https:\\\/\\\/www.meydan.tv\\\/az\\\/#organization\",\"name\":\"Meydan TV\",\"url\":\"https:\\\/\\\/www.meydan.tv\\\/az\\\/\",\"logo\":{\"@type\":\"ImageObject\",\"inLanguage\":\"az\",\"@id\":\"https:\\\/\\\/www.meydan.tv\\\/az\\\/#\\\/schema\\\/logo\\\/image\\\/\",\"url\":\"https:\\\/\\\/www.meydan.tv\\\/wp-content\\\/uploads\\\/2021\\\/07\\\/meydan-logo.svg\",\"contentUrl\":\"https:\\\/\\\/www.meydan.tv\\\/wp-content\\\/uploads\\\/2021\\\/07\\\/meydan-logo.svg\",\"width\":195,\"height\":46,\"caption\":\"Meydan TV\"},\"image\":{\"@id\":\"https:\\\/\\\/www.meydan.tv\\\/az\\\/#\\\/schema\\\/logo\\\/image\\\/\"}},{\"@type\":\"Person\",\"@id\":\"https:\\\/\\\/www.meydan.tv\\\/az\\\/#\\\/schema\\\/person\\\/10d11eccf6da3662cf5fdab9806ea91a\",\"name\":\"user-manager\"}]}<\/script>\n<!-- \/ Yoast SEO plugin. -->","yoast_head_json":{"title":"Expo xronikas\u0131: Milan-2015 t\u0259cr\u00fcb\u0259si - MEYDAN.TV","robots":{"index":"index","follow":"follow","max-snippet":"max-snippet:-1","max-image-preview":"max-image-preview:large","max-video-preview":"max-video-preview:-1"},"canonical":"https:\/\/www.meydan.tv\/az\/article\/expo-xronikasi-milan-2015-tecrubesi\/","og_locale":"az_AZ","og_type":"article","og_title":"Expo xronikas\u0131: Milan-2015 t\u0259cr\u00fcb\u0259si - MEYDAN.TV","og_description":"\u018fg\u0259r Bak\u0131 \u201cEXPO-2025\u201d-\u0259 evsahibliyi etm\u0259li olsa, Mehriban \u018fliyeva v\u0259 onun komandas\u0131 Milan t\u0259\u015fkilat\u00e7\u0131lar\u0131ndan daha u\u011furlu ola bil\u0259c\u0259kmi?","og_url":"https:\/\/www.meydan.tv\/az\/article\/expo-xronikasi-milan-2015-tecrubesi\/","og_site_name":"MEYDAN.TV","article_published_time":"2018-04-05T22:14:19+00:00","og_image":[{"width":2560,"height":1728,"url":"https:\/\/www.meydan.tv\/wp-content\/uploads\/40283-scaled.jpg","type":"image\/jpeg"}],"author":"user-manager","twitter_card":"summary_large_image","schema":{"@context":"https:\/\/schema.org","@graph":[{"@type":"Article","@id":"https:\/\/www.meydan.tv\/az\/article\/expo-xronikasi-milan-2015-tecrubesi\/#article","isPartOf":{"@id":"https:\/\/www.meydan.tv\/az\/article\/expo-xronikasi-milan-2015-tecrubesi\/"},"author":{"name":"user-manager","@id":"https:\/\/www.meydan.tv\/az\/#\/schema\/person\/10d11eccf6da3662cf5fdab9806ea91a"},"headline":"Expo xronikas\u0131: Milan-2015 t\u0259cr\u00fcb\u0259si","datePublished":"2018-04-05T22:14:19+00:00","mainEntityOfPage":{"@id":"https:\/\/www.meydan.tv\/az\/article\/expo-xronikasi-milan-2015-tecrubesi\/"},"wordCount":3404,"publisher":{"@id":"https:\/\/www.meydan.tv\/az\/#organization"},"image":{"@id":"https:\/\/www.meydan.tv\/az\/article\/expo-xronikasi-milan-2015-tecrubesi\/#primaryimage"},"thumbnailUrl":"https:\/\/www.meydan.tv\/wp-content\/uploads\/40283-scaled.jpg","articleSection":["Analitika"],"inLanguage":"az"},{"@type":"WebPage","@id":"https:\/\/www.meydan.tv\/az\/article\/expo-xronikasi-milan-2015-tecrubesi\/","url":"https:\/\/www.meydan.tv\/az\/article\/expo-xronikasi-milan-2015-tecrubesi\/","name":"Expo xronikas\u0131: Milan-2015 t\u0259cr\u00fcb\u0259si - MEYDAN.TV","isPartOf":{"@id":"https:\/\/www.meydan.tv\/az\/#website"},"primaryImageOfPage":{"@id":"https:\/\/www.meydan.tv\/az\/article\/expo-xronikasi-milan-2015-tecrubesi\/#primaryimage"},"image":{"@id":"https:\/\/www.meydan.tv\/az\/article\/expo-xronikasi-milan-2015-tecrubesi\/#primaryimage"},"thumbnailUrl":"https:\/\/www.meydan.tv\/wp-content\/uploads\/40283-scaled.jpg","datePublished":"2018-04-05T22:14:19+00:00","breadcrumb":{"@id":"https:\/\/www.meydan.tv\/az\/article\/expo-xronikasi-milan-2015-tecrubesi\/#breadcrumb"},"inLanguage":"az","potentialAction":[{"@type":"ReadAction","target":["https:\/\/www.meydan.tv\/az\/article\/expo-xronikasi-milan-2015-tecrubesi\/"]}]},{"@type":"ImageObject","inLanguage":"az","@id":"https:\/\/www.meydan.tv\/az\/article\/expo-xronikasi-milan-2015-tecrubesi\/#primaryimage","url":"https:\/\/www.meydan.tv\/wp-content\/uploads\/40283-scaled.jpg","contentUrl":"https:\/\/www.meydan.tv\/wp-content\/uploads\/40283-scaled.jpg","width":2560,"height":1728,"caption":"Source:"},{"@type":"BreadcrumbList","@id":"https:\/\/www.meydan.tv\/az\/article\/expo-xronikasi-milan-2015-tecrubesi\/#breadcrumb","itemListElement":[{"@type":"ListItem","position":1,"name":"Ana s\u0259hif\u0259","item":"https:\/\/www.meydan.tv\/az\/"},{"@type":"ListItem","position":2,"name":"Analitika","item":"https:\/\/www.meydan.tv\/az\/section\/analitika\/"},{"@type":"ListItem","position":3,"name":"Expo xronikas\u0131: Milan-2015 t\u0259cr\u00fcb\u0259si"}]},{"@type":"WebSite","@id":"https:\/\/www.meydan.tv\/az\/#website","url":"https:\/\/www.meydan.tv\/az\/","name":"MEYDAN.TV","description":"Meydan TV Az\u0259rbaycan\u0131n media m\u0259kan\u0131ndak\u0131 alternativ s\u0259sidir","publisher":{"@id":"https:\/\/www.meydan.tv\/az\/#organization"},"potentialAction":[{"@type":"SearchAction","target":{"@type":"EntryPoint","urlTemplate":"https:\/\/www.meydan.tv\/az\/?s={search_term_string}"},"query-input":{"@type":"PropertyValueSpecification","valueRequired":true,"valueName":"search_term_string"}}],"inLanguage":"az"},{"@type":"Organization","@id":"https:\/\/www.meydan.tv\/az\/#organization","name":"Meydan TV","url":"https:\/\/www.meydan.tv\/az\/","logo":{"@type":"ImageObject","inLanguage":"az","@id":"https:\/\/www.meydan.tv\/az\/#\/schema\/logo\/image\/","url":"https:\/\/www.meydan.tv\/wp-content\/uploads\/2021\/07\/meydan-logo.svg","contentUrl":"https:\/\/www.meydan.tv\/wp-content\/uploads\/2021\/07\/meydan-logo.svg","width":195,"height":46,"caption":"Meydan TV"},"image":{"@id":"https:\/\/www.meydan.tv\/az\/#\/schema\/logo\/image\/"}},{"@type":"Person","@id":"https:\/\/www.meydan.tv\/az\/#\/schema\/person\/10d11eccf6da3662cf5fdab9806ea91a","name":"user-manager"}]}},"_links":{"self":[{"href":"https:\/\/www.meydan.tv\/az\/wp-json\/wp\/v2\/posts\/189387","targetHints":{"allow":["GET"]}}],"collection":[{"href":"https:\/\/www.meydan.tv\/az\/wp-json\/wp\/v2\/posts"}],"about":[{"href":"https:\/\/www.meydan.tv\/az\/wp-json\/wp\/v2\/types\/post"}],"author":[{"embeddable":true,"href":"https:\/\/www.meydan.tv\/az\/wp-json\/wp\/v2\/users\/11"}],"replies":[{"embeddable":true,"href":"https:\/\/www.meydan.tv\/az\/wp-json\/wp\/v2\/comments?post=189387"}],"version-history":[{"count":0,"href":"https:\/\/www.meydan.tv\/az\/wp-json\/wp\/v2\/posts\/189387\/revisions"}],"wp:featuredmedia":[{"embeddable":true,"href":"https:\/\/www.meydan.tv\/az\/wp-json\/wp\/v2\/media\/101712"}],"wp:attachment":[{"href":"https:\/\/www.meydan.tv\/az\/wp-json\/wp\/v2\/media?parent=189387"}],"wp:term":[{"taxonomy":"category","embeddable":true,"href":"https:\/\/www.meydan.tv\/az\/wp-json\/wp\/v2\/categories?post=189387"},{"taxonomy":"post_tag","embeddable":true,"href":"https:\/\/www.meydan.tv\/az\/wp-json\/wp\/v2\/tags?post=189387"}],"curies":[{"name":"wp","href":"https:\/\/api.w.org\/{rel}","templated":true}]}}