{"id":189381,"date":"2018-04-05T18:36:51","date_gmt":"2018-04-05T18:36:51","guid":{"rendered":"https:\/\/www.meydan.tv\/article\/heyat\/"},"modified":"2018-04-05T18:36:51","modified_gmt":"2018-04-05T18:36:51","slug":"heyat","status":"publish","type":"post","link":"https:\/\/www.meydan.tv\/az\/article\/heyat\/","title":{"rendered":"&#8221;H\u0259yat&#8221;"},"content":{"rendered":"<figure class=\"wp-block-image size-large\">\n  <img decoding=\"async\" src=\"https:\/\/www.meydan.tv\/az\/orxan-adigozel-3\/\" alt=\"Orxan Ad\u0131g\u00f6z\u0259l\" class=\"wp-image-95247\"\/><figcaption>\n    Orxan Ad\u0131g\u00f6z\u0259l<br \/>\n  <\/figcaption><\/figure>\n<p>\n  \u201cG\u00f6r\u00fcrs\u00fcn\u00fczm\u00fc, h\u0259yat n\u0259 biz d\u00fc\u015f\u00fcn\u0259n q\u0259d\u0259r yax\u015f\u0131, n\u0259 d\u0259 pisdir&#8230;\u201d Bu c\u00fcml\u0259 fransal\u0131 yaz\u0131\u00e7\u0131 Gi de Mopassan\u0131n ilk roman\u0131 olan \u201cH\u0259yat\u201d(\u2018Une Vie\u2019) \u0259s\u0259rind\u0259 yaz\u0131l\u0131b. Roman h\u0259min c\u00fcml\u0259 il\u0259 sonlan\u0131r.\n<\/p>\n<p>\n  Mopassan \u0259n sevdiyim yaz\u0131\u00e7\u0131d\u0131r. Onun kitab\u0131 daim yata\u011f\u0131m\u0131n yan\u0131nda olur v\u0259 ara-s\u0131ra, t\u0259krar-t\u0259krar Mopassan\u0131n novellalar\u0131n\u0131 oxuyur v\u0259 xo\u015fb\u0259xt oluram. Dilimizd\u0259 1989-cu ild\u0259 \u00e7ap olunmu\u015f &#8216;H\u0259yat\u2019 roman\u0131n\u0131 b\u00f6y\u00fck h\u0259v\u0259s v\u0259 h\u0259rislikl\u0259 oxumu\u015fdum. 1883-c\u00fc ild\u0259 yaz\u0131lm\u0131\u015f h\u0259min \u0259s\u0259r m\u00f6ht\u0259\u015f\u0259mdir v\u0259 onu oxuma\u011f\u0131 ham\u0131ya m\u0259sl\u0259h\u0259t g\u00f6r\u00fcr\u0259m.\n<\/p>\n<p>\n  H\u0259min \u015fedevr roman\u0131 bu yax\u0131nda Bak\u0131 kitab klubu c\u0259mi 50 tirajla yenid\u0259n \u00e7ap edib. Y\u0259qin ki, n\u0259\u015friyyat bunu maddi v\u0259ziyy\u0259t\u0259 g\u00f6r\u0259 el\u0259 az \u00e7\u0131xar\u0131b. \u0130st\u0259nil\u0259n halda bu, m\u0259nim \u00fc\u00e7\u00fcn a\u011f\u0131r v\u0259 d\u0259h\u015f\u0259tdir.\n<\/p>\n<p>\n  \u201cH\u0259yat\u201d 50 tirajla n\u0259\u015fr olunacaq kitab deyil. Vallah, buna g\u00f6r\u0259 n\u0259inki pis oluram, h\u0259m d\u0259 utan\u0131ram. Dostumuz Bilal H\u0259s\u0259n d\u0259 ke\u00e7\u0259n d\u0259f\u0259 o kitab\u0131 bizd\u0259 g\u00f6r\u0259nd\u0259 arxas\u0131na bax\u0131b b\u0259rkd\u0259n g\u00fclm\u0259y\u0259 ba\u015flad\u0131: \u201cMopassan\u0131n kitab\u0131 Az\u0259rbaycan dilind\u0259 50 tirajla n\u0259\u015fr olunur, Mopassan v\u0259 50 tiraj e, a ki\u015fi\u201d.\n<\/p>\n<p>\n  \u018flb\u0259tt\u0259, Bilal m\u0259hz istehza il\u0259, ac\u0131 reall\u0131\u011f\u0131n tam\u0131n\u0131 ayd\u0131n hiss etdiyi \u00fc\u00e7\u00fcn el\u0259 g\u00fcl\u00fcrd\u00fc. \u00c7ox pis oldum. Nitqim qurudu v\u0259 he\u00e7 bir r\u0259y ver\u0259 bilm\u0259dim. N\u0259 dem\u0259li idim?! Bu, Az\u0259rbaycandak\u0131 h\u0259yat\u0131n a\u00e7\u0131q-a\u015fkar qara, yekn\u0259s\u0259k \u00e7alar\u0131d\u0131r. \u015ei\u015firdib el\u0259mir\u0259m. Bu s\u0259tirl\u0259ri yazark\u0259n bel\u0259 h\u0259min k\u0259d\u0259ri hiss edir\u0259m.\n<\/p>\n<p>\n  Niy\u0259 k\u0259d\u0259rl\u0259nir v\u0259 d\u0259h\u015f\u0259t\u0259 g\u0259lir\u0259m?\n<\/p>\n<p>\n  \u00c7\u00fcnki dilimiz\u0259 t\u0259rc\u00fcm\u0259 olunmayan sonsuz sayda kitab var. G\u00fcn\u0259\u015f \u015f\u00fcas\u0131n\u0131n canl\u0131 t\u0259bi\u0259t\u0259 n\u0259 q\u0259d\u0259r ehtiyac\u0131 varsa, az\u0259rbaycanl\u0131lar\u0131n da kitablara o q\u0259d\u0259r ehtiyac\u0131 var. G\u00fcn\u0259\u015fsiz s\u0259h\u0259r a\u00e7\u0131lmad\u0131\u011f\u0131 kimi, bizim c\u0259miyy\u0259t d\u0259 kitabs\u0131z dir\u00e7\u0259l\u0259 v\u0259 inki\u015faf ed\u0259 bilm\u0259y\u0259c\u0259k.\n<\/p>\n<p>\n  Statistika da g\u00f6st\u0259rir ki, kitab az oxuyan \u00f6lk\u0259l\u0259rd\u0259 cinay\u0259t hadis\u0259l\u0259rin\u0259 daha \u00e7ox rast g\u0259linir. Bu, \u00e7ox t\u0259biidir. Kitab inki\u015faf \u00fc\u00e7\u00fcn \u0259sas lokomotiv g\u00fcc say\u0131l\u0131r. \u201cB\u0259d\u0259nin vitaminl\u0259r\u0259 ehtiyac\u0131 oldu\u011fu kimi, ruhun da vitaminl\u0259r\u0259 ehtiyac\u0131 var\u201d. Bu c\u00fcml\u0259nin m\u00fc\u0259llifinin ad\u0131n\u0131 unutmu\u015fam, ancaq onun s\u00f6zl\u0259rini he\u00e7 unutmuram. Ruhun \u0259n vacib vitaminl\u0259ri is\u0259 he\u00e7 \u015f\u00fcbh\u0259siz, kitablar aras\u0131nda olur.\n<\/p>\n<p>\n  M\u0259s\u0259l\u0259y\u0259 bel\u0259 h\u0259ssas yana\u015fma\u011f\u0131ma s\u0259b\u0259b h\u0259m d\u0259 odur ki, \u0259trafda m\u0259d\u0259ni v\u0259 a\u011f\u0131ll\u0131 adamlar\u0131n say\u0131 k\u0259skin \u015f\u0259kild\u0259 azal\u0131b. A\u011f\u0131ll\u0131 adamlar\u0131n \u00e7oxu \u00f6lk\u0259ni t\u0259rk edib. Ayd\u0131nlar\u0131n say\u0131 azald\u0131qca, \u00f6lk\u0259 daha da qaranl\u0131\u011fa d\u00f6n\u00fcr. Qaranl\u0131qda is\u0259 h\u0259yat daha da \u00e7\u0259tin v\u0259 a\u011f\u0131r olur. Ya\u015famaq \u00e7\u0259tinl\u0259\u015fir.\n<\/p>\n<p>\n  Onsuz da h\u0259yat \u00e7\u0259tindir. Kitabdan, filmd\u0259n, teatrdan uzaq olanlarla h\u0259yat daha da \u00e7\u0259tinl\u0259\u015fir. Bu, do\u011furdan da, bel\u0259dir.\n<\/p>\n<p>\n  Mopassan\u0131n \u201cH\u0259yat\u201d roman\u0131 18-ci \u0259srd\u0259 ya\u015fayan baronun t\u0259miz, q\u0259\u015f\u0259ng v\u0259 g\u00fcnahs\u0131z q\u0131z\u0131 Jannan\u0131n h\u0259yat\u0131ndan b\u0259hs edir. 17 ya\u015fl\u0131 q\u0131z\u0131n t\u0259bi\u0259t\u0259 olan ehtirasl\u0131 sevgisi, xo\u015fb\u0259xtlik arzusu roman\u0131n ilk ba\u015flar\u0131ndan ayd\u0131n t\u0259svir olunur. Qapal\u0131 kils\u0259 t\u0259hsili al\u0131b evin\u0259 d\u00f6nm\u00fc\u015f Janna h\u0259yatdan \u201cbayram\u201d g\u00f6zl\u0259yir. O, sevgi ist\u0259yir, h\u0259m d\u0259 diqq\u0259tli v\u0259 qay\u011f\u0131ke\u015f o\u011flanla rastla\u015f\u0131b onunla evl\u0259nm\u0259yi arzulay\u0131r. Evl\u0259nd\u0259n sonra is\u0259 Janna x\u0259yallar\u0131nda yaratd\u0131\u011f\u0131 illuziya il\u0259 vidala\u015fmal\u0131 olur. \u00c7\u00fcnki sevib \u0259r\u0259 getdiyi \u0259ri J\u00fclyen x\u0259sis, kobud v\u0259 Jannan\u0131n \u00f6z\u00fcn\u0259 qar\u015f\u0131 diqq\u0259tsiz biri olur. J\u00fclyeni qulluq\u00e7u qad\u0131nla bir yataqda g\u00f6r\u0259nd\u0259 d\u00fcnya Jannan\u0131n ba\u015f\u0131na y\u0131x\u0131l\u0131r sanki. Bundan sonra m\u0259lum olur ki, h\u0259yat \u201cbayram\u201ddan ibar\u0259t deyil. N\u00f6vb\u0259ti \u2018z\u0259rb\u0259ni\u2019 Janna anas\u0131 \u00f6l\u0259nd\u0259n sonra onun m\u0259ktublar\u0131n\u0131 oxuyark\u0259n al\u0131r. T\u0259sad\u00fcf\u0259n x\u0259b\u0259r tutur ki, anas\u0131 g\u0259nc ya\u015flar\u0131nda olanda atas\u0131 il\u0259 evli ola-ola ba\u015fqa yad bir ki\u015fi il\u0259 g\u00f6r\u00fc\u015f\u00fcrm\u00fc\u015f.<br \/>\n  <br \/>\n  Roman \u0259sas etibar\u0131 il\u0259 h\u0259m d\u0259 personajlar\u0131n daxili iztirablar\u0131n\u0131n t\u0259svirind\u0259n ibar\u0259tdir. \u018fn \u0259sas\u0131 da Jannan\u0131n sevincl\u0259ri, x\u0259yal d\u00fcnyas\u0131n\u0131n h\u0259y\u0259canl\u0131 v\u0259 s\u0259mimi illuziyalar\u0131, k\u00f6vr\u0259k ruh d\u00fcnyas\u0131 v\u0259 getdikc\u0259 artan x\u0259tl\u0259 inki\u015faf ed\u0259n narahatl\u0131qlar\u0131 \u0259s\u0259rd\u0259 \u00e7ox detall\u0131 \u015f\u0259kild\u0259 qeyd olunub. Romanda o q\u0259d\u0259r emosiya var ki, h\u0259min emosiyalar\u0131n dal\u011fas\u0131 m\u0259ni ba\u015fdan sona q\u0259d\u0259r \u00e7ul\u011fad\u0131 v\u0259 t\u0259sir alt\u0131nda saxlaya bildi. Ona g\u00f6r\u0259 \u0259s\u0259rd\u0259n b\u00f6y\u00fck h\u0259zz ald\u0131m.\n<\/p>\n<p>\n  \u018fslind\u0259 romanda b\u00f6y\u00fck hadis\u0259l\u0259r x\u0259tti v\u0259 a\u011fr\u0131l\u0131 faci\u0259 yoxdur. Jannan\u0131n h\u0259yat\u0131n\u0131n b\u00fct\u00fcn tarixi \u0259sas\u0259n x\u0259yal v\u0259 \u00fcmidl\u0259rd\u0259n ibar\u0259t olur v\u0259 o, bu illuziyaya uzun m\u00fcdd\u0259t inam b\u0259sl\u0259yir. \u018fr\u0259 ged\u0259nd\u0259n sonra, o, anlama\u011fa ba\u015flay\u0131r ki, evli c\u00fctl\u00fckl\u0259r aras\u0131ndak\u0131 xo\u015fb\u0259xtlik utopiya v\u0259 fantaziya imi\u015f. Q\u00fcsursuz c\u00fctl\u00fck sayd\u0131\u011f\u0131 validenynl\u0259rinin d\u0259 xo\u015fb\u0259xt tablosu, anas\u0131 il\u0259 m\u0259\u015fuqu aras\u0131nda olan isti, s\u0259mimi ba\u011flar\u0131 t\u0259r\u0259nn\u00fcm ed\u0259n m\u0259ktublar\u0131 oxuyandan sonra pu\u00e7 olur.\n<\/p>\n<p>\n  O\u011flu Pol anadan olandan sonra Janna b\u00fct\u00fcn \u00fcmidl\u0259rini onun \u00fcz\u0259rind\u0259 qurma\u011fa ba\u015flay\u0131r. O, fikirl\u0259\u015fir ki, Pol \u201cb\u00f6y\u00fck insan\u201d olacaq. Pol b\u00f6y\u00fcd\u00fckc\u0259 is\u0259 Jannan\u0131n \u00fcmid binas\u0131 yenid\u0259n da\u011f\u0131lma\u011fa ba\u015flay\u0131r.\n<\/p>\n<p>\n  Bir \u00e7ox \u0259d\u0259biyyat ara\u015fd\u0131rma\u00e7\u0131s\u0131 hesab edir ki, daxilind\u0259 \u201clirik faci\u0259\u201d da\u015f\u0131y\u0131c\u0131s\u0131 olan Janna, Mopassan\u0131n \u00f6z daxili d\u00fcnyas\u0131 il\u0259 b\u00f6y\u00fck yax\u0131nl\u0131\u011fa malik olub. Onun da h\u0259yat tarix\u00e7\u0259si bel\u0259 qabarma v\u0259 \u00e7\u0259kilm\u0259l\u0259rl\u0259 z\u0259ngindir. B\u0259li, burda avtobioqrafik motivl\u0259r sezilir. Mopassan\u0131n \u00f6z valideynl\u0259rinin evliliyi u\u011furlu v\u0259 xo\u015fb\u0259xt olmay\u0131b. Bundan \u0259lav\u0259, hadis\u0259l\u0259rin ba\u015f verdiyi Normandiya, onun t\u0259bi\u0259tinin t\u0259svirind\u0259ki r\u0259van n\u00fcanslar, u\u015faql\u0131q xatir\u0259l\u0259ri, Miromenil qalas\u0131 \u0259traf\u0131nda ke\u00e7\u0259n g\u00fcnl\u0259r, d\u0259nizin \u00f6z\u00fc v\u0259 onun g\u0259tirdiyi k\u00fcl\u0259k \u2013 b\u00fct\u00fcn bunlarla ba\u011fl\u0131 ayd\u0131n t\u0259svirl\u0259r onu s\u00fcbut edir ki, m\u00fc\u0259llif Normandiyaya n\u0259 q\u0259d\u0259r s\u0131x ba\u011fl\u0131 olub.\n<\/p>\n<p>\n  D\u0259rin pessimizmd\u0259n ibar\u0259t \u201cH\u0259yat\u201d roman\u0131nda insan\u0131n \u0259sas h\u0259yat motivi olan xo\u015fb\u0259xtlik t\u0259\u015fn\u0259si v\u0259 ehtiras\u0131, m\u0259rh\u0259m\u0259t\u0259 v\u0259 g\u00f6z\u0259lliy\u0259 t\u0259bii meyili Jannan\u0131n daxili d\u00fcnyas\u0131n\u0131n t\u0259svirl\u0259ri il\u0259 birg\u0259 t\u0259\u015fkil olunub. Mopassan\u0131n b\u0259\u015f\u0259riyy\u0259td\u0259 daimi g\u00f6rm\u0259k ist\u0259diyi \u015feyl\u0259r m\u0259hz b\u00fct\u00fcn bu xo\u015f motivl\u0259r idi.\n<\/p>\n<p>\n  Mopassan 43 ya\u015f\u0131nda v\u0259fat edib. Seymur Baycan demi\u015fk\u0259n, bu q\u0259d\u0259r q\u0131sa \u00f6m\u00fcr s\u00fcr\u0259n birinin h\u0259yat\u0131 bu q\u0259d\u0259r d\u0259rin anlama\u011f\u0131 heyr\u0259t do\u011furur. Dahi rus yaz\u0131\u00e7\u0131s\u0131 Tolstoy da \u201cH\u0259yat\u201d roman\u0131n\u0131 \u00e7ox b\u0259y\u0259nib. H\u0259tta o, hesab edib ki, \u201cH\u0259yat\u201d H\u00fcqonun \u201cS\u0259fill\u0259r\u201dd\u0259n sonra Frans\u0131z \u0259d\u0259biyyat\u0131ndak\u0131 \u0259n yax\u015f\u0131 ikinci roman say\u0131l\u0131r.\n<\/p>\n<p>\n  Bu roman\u0131 oxuduqdan sonra yenid\u0259n h\u0259yat bar\u0259d\u0259 t\u0259s\u0259vv\u00fcrl\u0259rim \u00fcz\u0259rind\u0259 bir daha t\u0259hlill\u0259r apard\u0131m v\u0259 fikirl\u0259\u015fdim: H\u0259yat\u0131n m\u0259nas\u0131 n\u0259dir?\n<\/p>\n<p>\n  Bel\u0259 q\u0259na\u0259t\u0259 g\u0259ldim ki, \u0259slind\u0259 h\u0259yat o q\u0259d\u0259r d\u0259 m\u0259nal\u0131 v\u0259 g\u00f6z\u0259l deyil. \u00d6n\u0259mli olan bizim h\u0259yata m\u00fcsb\u0259t olan yana\u015fma\u011f\u0131m\u0131zd\u0131r. Onda h\u0259yat m\u0259nal\u0131 v\u0259 g\u00f6z\u0259l olur.\n<\/p>\n<p>\n  H\u0259yat\u0131 doya-doya, \u00e7\u0259tinlikl\u0259ri v\u0259 g\u00f6z\u0259llikl\u0259ri il\u0259 birg\u0259 xo\u015f v\u0259 m\u0259hsuldar ya\u015fama\u011f\u0131 arzu edir\u0259m siz\u0259&#8230;\n<\/p>\n<p>\n  <i><br \/>\n    <b><br \/>\n      Yaz\u0131 m\u00fc\u0259llifin fikirl\u0259rini \u0259ks etdirir v\u0259 Meydan TV-nin m\u00f6vqeyi il\u0259 \u00fcst-\u00fcst\u0259 d\u00fc\u015fm\u0259y\u0259 bil\u0259r.<br \/>\n    <\/b><br \/>\n  <\/i><\/p>\n","protected":false},"excerpt":{"rendered":"<p>\u201cG\u00f6r\u00fcrs\u00fcn\u00fczm\u00fc, h\u0259yat n\u0259 biz d\u00fc\u015f\u00fcn\u0259n q\u0259d\u0259r yax\u015f\u0131, n\u0259 d\u0259 pisdir&#8230;\u201d<\/p>\n","protected":false},"author":11,"featured_media":95247,"comment_status":"closed","ping_status":"open","sticky":false,"template":"","format":"standard","meta":{"_acf_changed":false,"_sitemap_exclude":false,"_sitemap_priority":"","_sitemap_frequency":"","footnotes":""},"categories":[57],"tags":[],"class_list":["post-189381","post","type-post","status-publish","format-standard","has-post-thumbnail","hentry","category-menim-fikrimce","infinite-scroll-item","generate-columns","tablet-grid-50","mobile-grid-100","grid-parent","grid-33","no-featured-image-padding"],"acf":[],"yoast_head":"<!-- This site is optimized with the Yoast SEO plugin v27.5 - https:\/\/yoast.com\/product\/yoast-seo-wordpress\/ -->\n<title>&#039;&#039;H\u0259yat&#039;&#039; - MEYDAN.TV<\/title>\n<meta name=\"robots\" content=\"index, follow, max-snippet:-1, max-image-preview:large, max-video-preview:-1\" \/>\n<link rel=\"canonical\" href=\"https:\/\/www.meydan.tv\/az\/article\/heyat\/\" \/>\n<meta property=\"og:locale\" content=\"az_AZ\" \/>\n<meta property=\"og:type\" content=\"article\" \/>\n<meta property=\"og:title\" content=\"&#039;&#039;H\u0259yat&#039;&#039; - MEYDAN.TV\" \/>\n<meta property=\"og:description\" content=\"\u201cG\u00f6r\u00fcrs\u00fcn\u00fczm\u00fc, h\u0259yat n\u0259 biz d\u00fc\u015f\u00fcn\u0259n q\u0259d\u0259r yax\u015f\u0131, n\u0259 d\u0259 pisdir...\u201d\" \/>\n<meta property=\"og:url\" content=\"https:\/\/www.meydan.tv\/az\/article\/heyat\/\" \/>\n<meta property=\"og:site_name\" content=\"MEYDAN.TV\" \/>\n<meta property=\"article:published_time\" content=\"2018-04-05T18:36:51+00:00\" \/>\n<meta property=\"og:image\" content=\"https:\/\/www.meydan.tv\/wp-content\/uploads\/37636.jpg\" \/>\n\t<meta property=\"og:image:width\" content=\"2048\" \/>\n\t<meta property=\"og:image:height\" content=\"1365\" \/>\n\t<meta property=\"og:image:type\" content=\"image\/jpeg\" \/>\n<meta name=\"author\" content=\"user-manager\" \/>\n<meta name=\"twitter:card\" content=\"summary_large_image\" \/>\n<script type=\"application\/ld+json\" class=\"yoast-schema-graph\">{\"@context\":\"https:\\\/\\\/schema.org\",\"@graph\":[{\"@type\":\"Article\",\"@id\":\"https:\\\/\\\/www.meydan.tv\\\/az\\\/article\\\/heyat\\\/#article\",\"isPartOf\":{\"@id\":\"https:\\\/\\\/www.meydan.tv\\\/az\\\/article\\\/heyat\\\/\"},\"author\":{\"name\":\"user-manager\",\"@id\":\"https:\\\/\\\/www.meydan.tv\\\/az\\\/#\\\/schema\\\/person\\\/10d11eccf6da3662cf5fdab9806ea91a\"},\"headline\":\"&#8221;H\u0259yat&#8221;\",\"datePublished\":\"2018-04-05T18:36:51+00:00\",\"mainEntityOfPage\":{\"@id\":\"https:\\\/\\\/www.meydan.tv\\\/az\\\/article\\\/heyat\\\/\"},\"wordCount\":1465,\"publisher\":{\"@id\":\"https:\\\/\\\/www.meydan.tv\\\/az\\\/#organization\"},\"image\":{\"@id\":\"https:\\\/\\\/www.meydan.tv\\\/az\\\/article\\\/heyat\\\/#primaryimage\"},\"thumbnailUrl\":\"https:\\\/\\\/www.meydan.tv\\\/wp-content\\\/uploads\\\/37636.jpg\",\"articleSection\":[\"M\u0259nim Fikrimc\u0259\"],\"inLanguage\":\"az\"},{\"@type\":\"WebPage\",\"@id\":\"https:\\\/\\\/www.meydan.tv\\\/az\\\/article\\\/heyat\\\/\",\"url\":\"https:\\\/\\\/www.meydan.tv\\\/az\\\/article\\\/heyat\\\/\",\"name\":\"''H\u0259yat'' - MEYDAN.TV\",\"isPartOf\":{\"@id\":\"https:\\\/\\\/www.meydan.tv\\\/az\\\/#website\"},\"primaryImageOfPage\":{\"@id\":\"https:\\\/\\\/www.meydan.tv\\\/az\\\/article\\\/heyat\\\/#primaryimage\"},\"image\":{\"@id\":\"https:\\\/\\\/www.meydan.tv\\\/az\\\/article\\\/heyat\\\/#primaryimage\"},\"thumbnailUrl\":\"https:\\\/\\\/www.meydan.tv\\\/wp-content\\\/uploads\\\/37636.jpg\",\"datePublished\":\"2018-04-05T18:36:51+00:00\",\"breadcrumb\":{\"@id\":\"https:\\\/\\\/www.meydan.tv\\\/az\\\/article\\\/heyat\\\/#breadcrumb\"},\"inLanguage\":\"az\",\"potentialAction\":[{\"@type\":\"ReadAction\",\"target\":[\"https:\\\/\\\/www.meydan.tv\\\/az\\\/article\\\/heyat\\\/\"]}]},{\"@type\":\"ImageObject\",\"inLanguage\":\"az\",\"@id\":\"https:\\\/\\\/www.meydan.tv\\\/az\\\/article\\\/heyat\\\/#primaryimage\",\"url\":\"https:\\\/\\\/www.meydan.tv\\\/wp-content\\\/uploads\\\/37636.jpg\",\"contentUrl\":\"https:\\\/\\\/www.meydan.tv\\\/wp-content\\\/uploads\\\/37636.jpg\",\"width\":2048,\"height\":1365,\"caption\":\"Source:\"},{\"@type\":\"BreadcrumbList\",\"@id\":\"https:\\\/\\\/www.meydan.tv\\\/az\\\/article\\\/heyat\\\/#breadcrumb\",\"itemListElement\":[{\"@type\":\"ListItem\",\"position\":1,\"name\":\"Ana s\u0259hif\u0259\",\"item\":\"https:\\\/\\\/www.meydan.tv\\\/az\\\/\"},{\"@type\":\"ListItem\",\"position\":2,\"name\":\"M\u0259nim Fikrimc\u0259\",\"item\":\"https:\\\/\\\/www.meydan.tv\\\/az\\\/section\\\/menim-fikrimce\\\/\"},{\"@type\":\"ListItem\",\"position\":3,\"name\":\"&#8221;H\u0259yat&#8221;\"}]},{\"@type\":\"WebSite\",\"@id\":\"https:\\\/\\\/www.meydan.tv\\\/az\\\/#website\",\"url\":\"https:\\\/\\\/www.meydan.tv\\\/az\\\/\",\"name\":\"MEYDAN.TV\",\"description\":\"Meydan TV Az\u0259rbaycan\u0131n media m\u0259kan\u0131ndak\u0131 alternativ s\u0259sidir\",\"publisher\":{\"@id\":\"https:\\\/\\\/www.meydan.tv\\\/az\\\/#organization\"},\"potentialAction\":[{\"@type\":\"SearchAction\",\"target\":{\"@type\":\"EntryPoint\",\"urlTemplate\":\"https:\\\/\\\/www.meydan.tv\\\/az\\\/?s={search_term_string}\"},\"query-input\":{\"@type\":\"PropertyValueSpecification\",\"valueRequired\":true,\"valueName\":\"search_term_string\"}}],\"inLanguage\":\"az\"},{\"@type\":\"Organization\",\"@id\":\"https:\\\/\\\/www.meydan.tv\\\/az\\\/#organization\",\"name\":\"Meydan TV\",\"url\":\"https:\\\/\\\/www.meydan.tv\\\/az\\\/\",\"logo\":{\"@type\":\"ImageObject\",\"inLanguage\":\"az\",\"@id\":\"https:\\\/\\\/www.meydan.tv\\\/az\\\/#\\\/schema\\\/logo\\\/image\\\/\",\"url\":\"https:\\\/\\\/www.meydan.tv\\\/wp-content\\\/uploads\\\/2021\\\/07\\\/meydan-logo.svg\",\"contentUrl\":\"https:\\\/\\\/www.meydan.tv\\\/wp-content\\\/uploads\\\/2021\\\/07\\\/meydan-logo.svg\",\"width\":195,\"height\":46,\"caption\":\"Meydan TV\"},\"image\":{\"@id\":\"https:\\\/\\\/www.meydan.tv\\\/az\\\/#\\\/schema\\\/logo\\\/image\\\/\"}},{\"@type\":\"Person\",\"@id\":\"https:\\\/\\\/www.meydan.tv\\\/az\\\/#\\\/schema\\\/person\\\/10d11eccf6da3662cf5fdab9806ea91a\",\"name\":\"user-manager\"}]}<\/script>\n<!-- \/ Yoast SEO plugin. -->","yoast_head_json":{"title":"''H\u0259yat'' - MEYDAN.TV","robots":{"index":"index","follow":"follow","max-snippet":"max-snippet:-1","max-image-preview":"max-image-preview:large","max-video-preview":"max-video-preview:-1"},"canonical":"https:\/\/www.meydan.tv\/az\/article\/heyat\/","og_locale":"az_AZ","og_type":"article","og_title":"''H\u0259yat'' - MEYDAN.TV","og_description":"\u201cG\u00f6r\u00fcrs\u00fcn\u00fczm\u00fc, h\u0259yat n\u0259 biz d\u00fc\u015f\u00fcn\u0259n q\u0259d\u0259r yax\u015f\u0131, n\u0259 d\u0259 pisdir...\u201d","og_url":"https:\/\/www.meydan.tv\/az\/article\/heyat\/","og_site_name":"MEYDAN.TV","article_published_time":"2018-04-05T18:36:51+00:00","og_image":[{"width":2048,"height":1365,"url":"https:\/\/www.meydan.tv\/wp-content\/uploads\/37636.jpg","type":"image\/jpeg"}],"author":"user-manager","twitter_card":"summary_large_image","schema":{"@context":"https:\/\/schema.org","@graph":[{"@type":"Article","@id":"https:\/\/www.meydan.tv\/az\/article\/heyat\/#article","isPartOf":{"@id":"https:\/\/www.meydan.tv\/az\/article\/heyat\/"},"author":{"name":"user-manager","@id":"https:\/\/www.meydan.tv\/az\/#\/schema\/person\/10d11eccf6da3662cf5fdab9806ea91a"},"headline":"&#8221;H\u0259yat&#8221;","datePublished":"2018-04-05T18:36:51+00:00","mainEntityOfPage":{"@id":"https:\/\/www.meydan.tv\/az\/article\/heyat\/"},"wordCount":1465,"publisher":{"@id":"https:\/\/www.meydan.tv\/az\/#organization"},"image":{"@id":"https:\/\/www.meydan.tv\/az\/article\/heyat\/#primaryimage"},"thumbnailUrl":"https:\/\/www.meydan.tv\/wp-content\/uploads\/37636.jpg","articleSection":["M\u0259nim Fikrimc\u0259"],"inLanguage":"az"},{"@type":"WebPage","@id":"https:\/\/www.meydan.tv\/az\/article\/heyat\/","url":"https:\/\/www.meydan.tv\/az\/article\/heyat\/","name":"''H\u0259yat'' - MEYDAN.TV","isPartOf":{"@id":"https:\/\/www.meydan.tv\/az\/#website"},"primaryImageOfPage":{"@id":"https:\/\/www.meydan.tv\/az\/article\/heyat\/#primaryimage"},"image":{"@id":"https:\/\/www.meydan.tv\/az\/article\/heyat\/#primaryimage"},"thumbnailUrl":"https:\/\/www.meydan.tv\/wp-content\/uploads\/37636.jpg","datePublished":"2018-04-05T18:36:51+00:00","breadcrumb":{"@id":"https:\/\/www.meydan.tv\/az\/article\/heyat\/#breadcrumb"},"inLanguage":"az","potentialAction":[{"@type":"ReadAction","target":["https:\/\/www.meydan.tv\/az\/article\/heyat\/"]}]},{"@type":"ImageObject","inLanguage":"az","@id":"https:\/\/www.meydan.tv\/az\/article\/heyat\/#primaryimage","url":"https:\/\/www.meydan.tv\/wp-content\/uploads\/37636.jpg","contentUrl":"https:\/\/www.meydan.tv\/wp-content\/uploads\/37636.jpg","width":2048,"height":1365,"caption":"Source:"},{"@type":"BreadcrumbList","@id":"https:\/\/www.meydan.tv\/az\/article\/heyat\/#breadcrumb","itemListElement":[{"@type":"ListItem","position":1,"name":"Ana s\u0259hif\u0259","item":"https:\/\/www.meydan.tv\/az\/"},{"@type":"ListItem","position":2,"name":"M\u0259nim Fikrimc\u0259","item":"https:\/\/www.meydan.tv\/az\/section\/menim-fikrimce\/"},{"@type":"ListItem","position":3,"name":"&#8221;H\u0259yat&#8221;"}]},{"@type":"WebSite","@id":"https:\/\/www.meydan.tv\/az\/#website","url":"https:\/\/www.meydan.tv\/az\/","name":"MEYDAN.TV","description":"Meydan TV Az\u0259rbaycan\u0131n media m\u0259kan\u0131ndak\u0131 alternativ s\u0259sidir","publisher":{"@id":"https:\/\/www.meydan.tv\/az\/#organization"},"potentialAction":[{"@type":"SearchAction","target":{"@type":"EntryPoint","urlTemplate":"https:\/\/www.meydan.tv\/az\/?s={search_term_string}"},"query-input":{"@type":"PropertyValueSpecification","valueRequired":true,"valueName":"search_term_string"}}],"inLanguage":"az"},{"@type":"Organization","@id":"https:\/\/www.meydan.tv\/az\/#organization","name":"Meydan TV","url":"https:\/\/www.meydan.tv\/az\/","logo":{"@type":"ImageObject","inLanguage":"az","@id":"https:\/\/www.meydan.tv\/az\/#\/schema\/logo\/image\/","url":"https:\/\/www.meydan.tv\/wp-content\/uploads\/2021\/07\/meydan-logo.svg","contentUrl":"https:\/\/www.meydan.tv\/wp-content\/uploads\/2021\/07\/meydan-logo.svg","width":195,"height":46,"caption":"Meydan TV"},"image":{"@id":"https:\/\/www.meydan.tv\/az\/#\/schema\/logo\/image\/"}},{"@type":"Person","@id":"https:\/\/www.meydan.tv\/az\/#\/schema\/person\/10d11eccf6da3662cf5fdab9806ea91a","name":"user-manager"}]}},"_links":{"self":[{"href":"https:\/\/www.meydan.tv\/az\/wp-json\/wp\/v2\/posts\/189381","targetHints":{"allow":["GET"]}}],"collection":[{"href":"https:\/\/www.meydan.tv\/az\/wp-json\/wp\/v2\/posts"}],"about":[{"href":"https:\/\/www.meydan.tv\/az\/wp-json\/wp\/v2\/types\/post"}],"author":[{"embeddable":true,"href":"https:\/\/www.meydan.tv\/az\/wp-json\/wp\/v2\/users\/11"}],"replies":[{"embeddable":true,"href":"https:\/\/www.meydan.tv\/az\/wp-json\/wp\/v2\/comments?post=189381"}],"version-history":[{"count":0,"href":"https:\/\/www.meydan.tv\/az\/wp-json\/wp\/v2\/posts\/189381\/revisions"}],"wp:featuredmedia":[{"embeddable":true,"href":"https:\/\/www.meydan.tv\/az\/wp-json\/wp\/v2\/media\/95247"}],"wp:attachment":[{"href":"https:\/\/www.meydan.tv\/az\/wp-json\/wp\/v2\/media?parent=189381"}],"wp:term":[{"taxonomy":"category","embeddable":true,"href":"https:\/\/www.meydan.tv\/az\/wp-json\/wp\/v2\/categories?post=189381"},{"taxonomy":"post_tag","embeddable":true,"href":"https:\/\/www.meydan.tv\/az\/wp-json\/wp\/v2\/tags?post=189381"}],"curies":[{"name":"wp","href":"https:\/\/api.w.org\/{rel}","templated":true}]}}