{"id":189378,"date":"2018-04-05T17:56:00","date_gmt":"2018-04-05T17:56:00","guid":{"rendered":"https:\/\/www.meydan.tv\/article\/rusiya-amerika-munasibetlerinde-azerbaycan\/"},"modified":"2018-04-05T17:56:00","modified_gmt":"2018-04-05T17:56:00","slug":"rusiya-amerika-munasibetlerinde-azerbaycan","status":"publish","type":"post","link":"https:\/\/www.meydan.tv\/az\/article\/rusiya-amerika-munasibetlerinde-azerbaycan\/","title":{"rendered":"Rusiya-Amerika m\u00fcnasib\u0259tl\u0259rind\u0259 Az\u0259rbaycan"},"content":{"rendered":"<figure class=\"wp-block-image size-large\">\n  <img decoding=\"async\" src=\"https:\/\/www.meydan.tv\/az\/101718\/\" alt=\"\" class=\"wp-image-101718\"\/><figcaption><\/figcaption><\/figure>\n<p>\n  Az\u0259rbaycan m\u00fcst\u0259qillik \u0259ld\u0259 etdiyi d\u00f6vrd\u0259n etibar\u0259n \u00f6z xarici siyas\u0259tind\u0259 AB\u015e v\u0259 Rusiya aras\u0131nda daim tarazl\u0131q qurma\u011fa \u00e7al\u0131\u015f\u0131r. O, bu siyas\u0259tind\u0259 \u00e7ox da orijinal say\u0131lmaz &#8211; dem\u0259k olar ki, b\u00fct\u00fcn postsovet \u00f6lk\u0259l\u0259ri b\u0259nz\u0259r h\u0259r\u0259k\u0259t edir. Amma yen\u0259 d\u0259 h\u0259r birinin \u00f6z x\u00fcsusiyy\u0259tl\u0259ri var. Bel\u0259 ki, Az\u0259rbaycan \u00fc\u00e7\u00fcn bu x\u00fcsusiyy\u0259tl\u0259r neft siyas\u0259ti v\u0259 demokratiyan\u0131n m\u00f6vcud s\u0259viyy\u0259si il\u0259 ba\u011fl\u0131d\u0131r ki, bu da \u00fcmumilikd\u0259 AB\u015e v\u0259 Rusiyan\u0131n Bak\u0131n\u0131n \u0259n z\u0259if n\u00f6qt\u0259si olan, h\u0259yati \u0259h\u0259miyy\u0259t da\u015f\u0131yan problem\u0259 &#8211; Da\u011fl\u0131q Qaraba\u011f m\u00fcnaqi\u015f\u0259sin\u0259 m\u00fcnasib\u0259tind\u0259 \u00f6z\u00fcn\u00fc g\u00f6st\u0259rir.\n<\/p>\n<p>\n  Amerika-Rusiya m\u00fcnasib\u0259tl\u0259rinin bug\u00fcnki v\u0259ziyy\u0259ti bir t\u0259r\u0259fd\u0259n Rusiyan\u0131n birq\u00fctbl\u00fc d\u00fcnyaya qar\u015f\u0131 m\u00fcbariz\u0259si, dig\u0259r t\u0259r\u0259fd\u0259n demokratlar\u0131n g\u00fccl\u00fc basq\u0131s\u0131 alt\u0131nda olan respublika\u00e7\u0131 administrasiyan\u0131n m\u0259cburi d\u00fc\u015fm\u0259n\u00e7iliyi il\u0259 formala\u015fan h\u0259ddind\u0259n art\u0131q g\u0259rginlikl\u0259 s\u0259ciyy\u0259l\u0259nir. Donald Tramp\u0131n Vladimir Putinl\u0259 m\u00fcnasib\u0259t qurmaq c\u0259hdl\u0259ri \u0259sas d\u00fc\u015fm\u0259n\u0259 f\u00fcrs\u0259t verm\u0259k, az qala onunla \u0259lbir olmaqla ba\u011fl\u0131 k\u00fctl\u0259vi \u0259sass\u0131z ittihamlarla pozulur.\n<\/p>\n<p>\n  Yen\u0259 d\u0259 d\u00fcnyan\u0131n \u0259sas n\u00fcv\u0259 r\u0259qibl\u0259ri bir s\u0131ra siyasi probleml\u0259r \u00fczr\u0259 birg\u0259 f\u0259aliyy\u0259t g\u00f6st\u0259rir. Qloballa\u015fma d\u0259rinl\u0259\u015fdikc\u0259 bu probleml\u0259rin say\u0131 da art\u0131r. Bu, h\u0259m artan terror h\u0259d\u0259l\u0259ri, h\u0259m d\u00fcnyan\u0131n h\u0259r iki \u00f6lk\u0259nin maraqlar\u0131n\u0131n toqqu\u015fdu\u011fu v\u0259 ya k\u0259si\u015fdiyi bu v\u0259 ya dig\u0259r regionlar\u0131nda v\u0259ziyy\u0259t, h\u0259m \u00c7ini \u00f6z t\u0259r\u0259fl\u0259rin\u0259 \u00e7\u0259km\u0259k u\u011frunda yar\u0131gizli m\u00fcbariz\u0259dir&#8230;\n<\/p>\n<p>\n  Rusiya he\u00e7 bir iqtisadi resursu olmadan SSR\u0130-nin imicini qaytarma\u011fa \u00e7al\u0131\u015f\u0131r, AB\u015e siyasi resurs defisiti ya\u015fayaraq, b\u00fct\u00fcn m\u00fcmk\u00fcn vasit\u0259l\u0259rl\u0259 buna qar\u015f\u0131 m\u00fcbariz\u0259 apar\u0131r. Haqq\u0131nda ucadan dan\u0131\u015fmama\u011fa \u00fcst\u00fcnl\u00fck veril\u0259n m\u0259s\u0259l\u0259d\u0259n g\u00f6r\u00fcnd\u00fcy\u00fc q\u0259d\u0259r, h\u0259r iki \u00f6lk\u0259 Suriyada m\u00fcharib\u0259 apar\u0131r.\n<\/p>\n<p>\n  \u0130ki d\u00f6vl\u0259tin m\u00fcnasib\u0259tl\u0259rind\u0259 yax\u015f\u0131 d\u00f6vrl\u0259r d\u0259 olub, h\u0259min d\u00f6vrl\u0259r haqq\u0131nda bir t\u0259r\u0259f qar\u015f\u0131 t\u0259r\u0259fin d\u0259y\u0259rl\u0259ndirm\u0259diyi g\u00fcz\u0259\u015ftl\u0259r, dig\u0259r t\u0259r\u0259f beyn\u0259lxalq m\u00fcnasib\u0259tl\u0259r normas\u0131 (bu normaya qay\u0131tmaq yax\u015f\u0131 olard\u0131) kimi dan\u0131\u015f\u0131r. Barak Obaman\u0131n elan etdiyi v\u0259 Hillari Klintonun t\u0259\u015ffiq etdiyi m\u00fcnasib\u0259tl\u0259rin &#8220;yenid\u0259n qurulmas\u0131&#8221; \u00fczr\u0259 q\u0131sa d\u00f6vr x\u0259cal\u0259tl\u0259 n\u0259tic\u0259l\u0259ndi v\u0259 t\u0259r\u0259fl\u0259r b\u00fct\u00fcn t\u0259mas x\u0259tti boyunca qar\u015f\u0131l\u0131ql\u0131 t\u0259mkinlilik siyas\u0259tin\u0259 qay\u0131td\u0131lar.<br \/>\n  <br \/>\n  Amma m\u00fcasir d\u00fcnya partlay\u0131\u015f t\u0259hl\u00fck\u0259li probleml\u0259rl\u0259 o q\u0259d\u0259r y\u00fckl\u0259nib ki, AB\u015e v\u0259 Rusiyan\u0131n daha uzun qar\u015f\u0131durmas\u0131 \u015f\u0259raitind\u0259 &#8220;isinmi\u015f&#8221; d\u00fcnya partlaya bil\u0259r. Buna g\u00f6r\u0259 \u0259n yax\u0131n g\u0259l\u0259c\u0259kd\u0259 iki \u00f6lk\u0259nin k\u00f6rp\u00fc qurma\u011fa ba\u015flayaca\u011f\u0131n\u0131 g\u00f6zl\u0259m\u0259k olar. Bu \u015f\u0259raitd\u0259 d\u00fcnyan\u0131n, dem\u0259k olar ki, b\u00fct\u00fcn qalan \u00f6lk\u0259l\u0259ri \u00f6z xarici siyas\u0259tl\u0259rinin d\u0259yi\u015fdirilm\u0259si formalar\u0131 haqq\u0131nda d\u0259rind\u0259n d\u00fc\u015f\u00fcnm\u0259lidirl\u0259r. \u0130lk n\u00f6vb\u0259d\u0259, bu, Az\u0259rbaycan\u0131n da aralar\u0131nda oldu\u011fu &#8220;ki\u00e7ik&#8221; \u00f6lk\u0259l\u0259r\u0259 aiddir.\n<\/p>\n<p>\n  M\u00fcasir Az\u0259rbaycan\u0131n xarici siyas\u0259t istiqam\u0259tl\u0259rini m\u00fczakir\u0259 ets\u0259k, &#8220;Rusiya&#8221; istiqam\u0259tinin &#8220;Amerika&#8221; istiqam\u0259ti \u00fcz\u0259rind\u0259 a\u00e7\u0131q-a\u015fkar \u00fcst\u00fcnl\u00fcy\u00fcn\u00fc g\u00f6rm\u0259k olar. Bak\u0131 Rusiya il\u0259 daha da yax\u0131nla\u015fma variant\u0131n\u0131 ciddi \u015f\u0259kild\u0259 n\u0259z\u0259rd\u0259n ke\u00e7irir, q\u0259tiyy\u0259tli add\u0131mlar atma\u011fa yaln\u0131z ke\u00e7mi\u015fin ac\u0131 t\u0259cr\u00fcb\u0259si mane olur. Moskva il\u0259 &#8220;strateji, dostluq&#8221; m\u00fcnasib\u0259tl\u0259ri fonunda Va\u015finqtonla &#8220;insan h\u00fcquqlar\u0131n\u0131n&#8221; pozulmas\u0131 ittihamlar\u0131 il\u0259 tez-tez pozulan m\u00fcnasib\u0259tl\u0259r qeyri-m\u00fc\u0259yy\u0259nlikl\u0259rl\u0259 doludur.\n<\/p>\n<p>\n  \u00dcmumilikd\u0259 \u0259n\u0259n\u0259vi balans pozulub, amma xarici m\u00fc\u015fahid\u0259\u00e7il\u0259r \u00fc\u00e7\u00fcn v\u0259ziyy\u0259t f\u0259rqli g\u00f6r\u00fcn\u00fcr. Az\u0259rbaycan siyasi elitas\u0131n\u0131n m\u0259hz xarici siyas\u0259t prioritetl\u0259ri m\u0259s\u0259l\u0259sin\u0259 g\u00f6r\u0259 par\u00e7alanm\u0131\u015f olmas\u0131 da sirr deyil. Siyasi elita daxilind\u0259 Q\u0259rb v\u0259 \u015e\u0259rqin g\u00fcc\u00fc haqq\u0131nda t\u0259s\u0259vv\u00fcr\u0259 malik olmaq \u00fc\u00e7\u00fcn birba\u015fa Rusiya v\u0259 AB\u015e-\u0131n &#8220;lehin\u0259&#8221; v\u0259 ya &#8220;\u0259leyhin\u0259&#8221; \u00e7\u0131xan K\u0130V-l\u0259rin m\u00f6vqeyi il\u0259 tan\u0131\u015f olmaq kifay\u0259tdir. Bel\u0259 ki, onlar\u0131n bir hiss\u0259si n\u0259inki amerikal\u0131lar\u0131n Az\u0259rbaycan\u0131n daxili i\u015fl\u0259rin\u0259 &#8220;kobud \u015f\u0259kild\u0259&#8221; m\u00fcdaxil\u0259 etdiyini d\u00fc\u015f\u00fcn\u00fcr, h\u0259m d\u0259 hesab edirl\u0259r ki, bu siyas\u0259t\u0259 qar\u015f\u0131 b\u00fct\u00fcn m\u00f6vcud resurslarla m\u00fcbariz\u0259 aparmaq laz\u0131md\u0131r. Dig\u0259r qisim y\u00fcks\u0259k s\u0259sl\u0259 Erm\u0259nistan\u0131n d\u0259st\u0259kl\u0259nm\u0259sind\u0259 v\u0259 Kremlin Az\u0259rbaycan\u0131n maddi resurslar\u0131n\u0131 \u00f6z \u0259lin\u0259 almaq ist\u0259yind\u0259 \u00f6z\u00fcn\u00fc g\u00f6st\u0259r\u0259n Rusiya t\u0259hl\u00fck\u0259sind\u0259n dan\u0131\u015f\u0131r.\n<\/p>\n<p>\n  \u018flb\u0259tt\u0259, r\u0259smi Bak\u0131n\u0131n AB\u015e v\u0259 ya Rusiyaya qar\u015f\u0131 birba\u015fa m\u00fcbariz\u0259si haqq\u0131nda dan\u0131\u015fmaq olmaz. Bak\u0131 \u00f6z b\u0259yanatlar\u0131n\u0131 konspirologiya janr\u0131 \u00e7\u0259r\u00e7iv\u0259sind\u0259 tarazla\u015fd\u0131r\u0131r, h\u0259m d\u0259 k\u0259skin h\u0259r\u0259k\u0259tl\u0259r \u00fc\u00e7\u00fcn &#8220;m\u00fcst\u0259qil&#8221; m\u0259tbuat var, onun fikirl\u0259rin\u0259 g\u00f6r\u0259 hakimiyy\u0259t strukturundan he\u00e7 kim formal olaraq m\u0259suliyy\u0259t da\u015f\u0131m\u0131r. \u0130ndi Az\u0259rbaycanl\u0131 siyasi m\u00fchacirl\u0259rin antih\u00f6kum\u0259t aksiyalar\u0131n\u0131n d\u0259st\u0259kl\u0259nm\u0259sinin arxas\u0131nda ke\u00e7mi\u015f d\u0259mir p\u0259rd\u0259nin h\u0259r iki t\u0259r\u0259find\u0259 yerl\u0259\u015f\u0259n xarici q\u00fcvv\u0259l\u0259rin durdu\u011funu qeyd etm\u0259k d\u0259bd\u0259dir. Kifay\u0259t q\u0259d\u0259r \u015f\u0259ffaf v\u0259 qeyri-m\u00fc\u0259yy\u0259ndir!\n<\/p>\n<p>\n  Ayd\u0131nd\u0131r ki, \u00e7oxdan &#8220;dondurulmu\u015f&#8221; m\u00fcnaqi\u015f\u0259 \u015f\u0259raitind\u0259 Az\u0259rbaycan r\u0259smi olaraq AB\u015e v\u0259 ya Rusiyaya qar\u015f\u0131durma siyas\u0259ti y\u00fcr\u00fcd\u0259 bilm\u0259z. Amma d\u00f6vl\u0259tl\u0259r\u0259 \u00fcst\u00fc\u00f6rt\u00fcl\u00fc h\u00fccumlar, Az\u0259rbaycanda sabitliyi pozmaq c\u0259hdind\u0259 t\u0259sdiqini tapmayan ittihamlar bel\u0259 h\u0259l\u0259lik qar\u015f\u0131l\u0131ql\u0131 iradlara diqq\u0259t yetir\u0259n Q\u0259rbd\u0259 v\u0259 Rusiyada n\u0259z\u0259rl\u0259rd\u0259n k\u0259narda qala bilm\u0259z.\n<\/p>\n<p>\n  Amma AB\u015e v\u0259 Rusiya m\u00fcnasib\u0259tl\u0259rinin n\u00f6vb\u0259ti d\u0259f\u0259 yenid\u0259n qurulmas\u0131 ehtimal\u0131 (proqnozla\u015fd\u0131r\u0131lmas\u0131 m\u00fcmk\u00fcn olmayan n\u0259tic\u0259l\u0259rl\u0259) v\u0259 t\u0259r\u0259fl\u0259rin konseptual m\u0259s\u0259l\u0259l\u0259r \u00fczr\u0259 g\u00fcz\u0259\u015ft v\u0259 qar\u015f\u0131l\u0131ql\u0131 anla\u015fma \u0259ld\u0259 etdikl\u0259ri halda Az\u0259rbaycan\u0131n d\u00f6vl\u0259tl\u0259r\u0259 qar\u015f\u0131 iradlar\u0131 problem\u0259 \u00e7evril\u0259 bil\u0259r. Bu n\u0259tic\u0259 raz\u0131l\u0131q v\u0259 g\u00fcz\u0259\u015ft \u0259ld\u0259 olunmas\u0131n\u0131n Rusiya v\u0259 AB\u015e-\u0131n \u00f6z milli maraqlar\u0131 zonas\u0131 kimi g\u00f6rd\u00fcy\u00fc (Rusiya co\u011frafi v\u0259 tarixi aspektd\u0259, AB\u015e is\u0259 geosiyas\u0131) postsovet regionuna da toxunaca\u011f\u0131ndan ir\u0259li g\u0259lir. Postsovet m\u0259kan\u0131n\u0131n inki\u015faf\u0131n\u0131n tarixi t\u0259may\u00fcl\u00fcnd\u0259n ir\u0259li g\u0259l\u0259r\u0259k, AB\u015e-\u0131n postsovet Avrasiyas\u0131nda \u00f6z maraqlar\u0131n\u0131 daha da t\u0259\u015fviq etm\u0259k \u00fc\u00e7\u00fcn daha \u00e7ox \u015fans \u0259ld\u0259 ed\u0259c\u0259yini g\u00f6zl\u0259m\u0259k olar. AB\u015e v\u0259 Rusiya g\u00fcnd\u0259likd\u0259ki \u0259sas m\u0259s\u0259l\u0259l\u0259r \u00fczr\u0259 raz\u0131l\u0131q \u0259ld\u0259 ed\u0259 bils\u0259l\u0259r, Az\u0259rbaycanla ba\u011fl\u0131 da raz\u0131l\u0131\u011fa g\u0259l\u0259 bil\u0259rl\u0259r. Bel\u0259 bir raz\u0131l\u0131q \u015f\u0259raitind\u0259 r\u0259smi Bak\u0131n\u0131n manevr imkanlar\u0131 xeyli m\u0259hduddur v\u0259 rejimin as\u0131l\u0131l\u0131\u011f\u0131 artacaq. Haz\u0131rki v\u0259ziyy\u0259td\u0259 \u015e\u0259rq-Q\u0259rb istiqam\u0259ti il\u0259 ba\u011fl\u0131 konspiroloji \u00e7\u0131x\u0131\u015flar\u0131 m\u0259hdudla\u015fd\u0131rmaq v\u0259 regional siyas\u0259td\u0259 \u00f6lk\u0259nin yeri v\u0259 rolu haqq\u0131nda daxild\u0259 yenid\u0259n d\u00fc\u015f\u00fcnm\u0259k laz\u0131md\u0131r.<\/p>\n","protected":false},"excerpt":{"rendered":"<p>Az\u0259rbaycan m\u00fcst\u0259qillik \u0259ld\u0259 etdiyi d\u00f6vrd\u0259n etibar\u0259n \u00f6z xarici siyas\u0259tind\u0259 AB\u015e &#8230; <\/p>\n<p class=\"read-more-container\"><a title=\"Rusiya-Amerika m\u00fcnasib\u0259tl\u0259rind\u0259 Az\u0259rbaycan\" class=\"read-more button\" href=\"https:\/\/www.meydan.tv\/az\/article\/rusiya-amerika-munasibetlerinde-azerbaycan\/#more-189378\" aria-label=\"Read more about Rusiya-Amerika m\u00fcnasib\u0259tl\u0259rind\u0259 Az\u0259rbaycan\">Davam\u0131<\/a><\/p>\n","protected":false},"author":11,"featured_media":101718,"comment_status":"closed","ping_status":"open","sticky":false,"template":"","format":"standard","meta":{"_acf_changed":false,"_sitemap_exclude":false,"_sitemap_priority":"","_sitemap_frequency":"","footnotes":""},"categories":[51],"tags":[],"class_list":["post-189378","post","type-post","status-publish","format-standard","has-post-thumbnail","hentry","category-analitika","infinite-scroll-item","generate-columns","tablet-grid-50","mobile-grid-100","grid-parent","grid-33","no-featured-image-padding"],"acf":[],"yoast_head":"<!-- This site is optimized with the Yoast SEO plugin v27.4 - https:\/\/yoast.com\/product\/yoast-seo-wordpress\/ -->\n<title>Rusiya-Amerika m\u00fcnasib\u0259tl\u0259rind\u0259 Az\u0259rbaycan - MEYDAN.TV<\/title>\n<meta name=\"robots\" content=\"index, follow, max-snippet:-1, max-image-preview:large, max-video-preview:-1\" \/>\n<link rel=\"canonical\" href=\"https:\/\/www.meydan.tv\/az\/article\/rusiya-amerika-munasibetlerinde-azerbaycan\/\" \/>\n<meta property=\"og:locale\" content=\"az_AZ\" \/>\n<meta property=\"og:type\" content=\"article\" \/>\n<meta property=\"og:title\" content=\"Rusiya-Amerika m\u00fcnasib\u0259tl\u0259rind\u0259 Az\u0259rbaycan - MEYDAN.TV\" \/>\n<meta property=\"og:description\" content=\"Az\u0259rbaycan m\u00fcst\u0259qillik \u0259ld\u0259 etdiyi d\u00f6vrd\u0259n etibar\u0259n \u00f6z xarici siyas\u0259tind\u0259 AB\u015e ... Davam\u0131\" \/>\n<meta property=\"og:url\" content=\"https:\/\/www.meydan.tv\/az\/article\/rusiya-amerika-munasibetlerinde-azerbaycan\/\" \/>\n<meta property=\"og:site_name\" content=\"MEYDAN.TV\" \/>\n<meta property=\"article:published_time\" content=\"2018-04-05T17:56:00+00:00\" \/>\n<meta property=\"og:image\" content=\"https:\/\/www.meydan.tv\/wp-content\/uploads\/40292.jpg\" \/>\n\t<meta property=\"og:image:width\" content=\"800\" \/>\n\t<meta property=\"og:image:height\" content=\"505\" \/>\n\t<meta property=\"og:image:type\" content=\"image\/jpeg\" \/>\n<meta name=\"author\" content=\"user-manager\" \/>\n<meta name=\"twitter:card\" content=\"summary_large_image\" \/>\n<script type=\"application\/ld+json\" class=\"yoast-schema-graph\">{\"@context\":\"https:\\\/\\\/schema.org\",\"@graph\":[{\"@type\":\"Article\",\"@id\":\"https:\\\/\\\/www.meydan.tv\\\/az\\\/article\\\/rusiya-amerika-munasibetlerinde-azerbaycan\\\/#article\",\"isPartOf\":{\"@id\":\"https:\\\/\\\/www.meydan.tv\\\/az\\\/article\\\/rusiya-amerika-munasibetlerinde-azerbaycan\\\/\"},\"author\":{\"name\":\"user-manager\",\"@id\":\"https:\\\/\\\/www.meydan.tv\\\/az\\\/#\\\/schema\\\/person\\\/10d11eccf6da3662cf5fdab9806ea91a\"},\"headline\":\"Rusiya-Amerika m\u00fcnasib\u0259tl\u0259rind\u0259 Az\u0259rbaycan\",\"datePublished\":\"2018-04-05T17:56:00+00:00\",\"mainEntityOfPage\":{\"@id\":\"https:\\\/\\\/www.meydan.tv\\\/az\\\/article\\\/rusiya-amerika-munasibetlerinde-azerbaycan\\\/\"},\"wordCount\":1368,\"publisher\":{\"@id\":\"https:\\\/\\\/www.meydan.tv\\\/az\\\/#organization\"},\"image\":{\"@id\":\"https:\\\/\\\/www.meydan.tv\\\/az\\\/article\\\/rusiya-amerika-munasibetlerinde-azerbaycan\\\/#primaryimage\"},\"thumbnailUrl\":\"https:\\\/\\\/www.meydan.tv\\\/wp-content\\\/uploads\\\/40292.jpg\",\"articleSection\":[\"Analitika\"],\"inLanguage\":\"az\"},{\"@type\":\"WebPage\",\"@id\":\"https:\\\/\\\/www.meydan.tv\\\/az\\\/article\\\/rusiya-amerika-munasibetlerinde-azerbaycan\\\/\",\"url\":\"https:\\\/\\\/www.meydan.tv\\\/az\\\/article\\\/rusiya-amerika-munasibetlerinde-azerbaycan\\\/\",\"name\":\"Rusiya-Amerika m\u00fcnasib\u0259tl\u0259rind\u0259 Az\u0259rbaycan - MEYDAN.TV\",\"isPartOf\":{\"@id\":\"https:\\\/\\\/www.meydan.tv\\\/az\\\/#website\"},\"primaryImageOfPage\":{\"@id\":\"https:\\\/\\\/www.meydan.tv\\\/az\\\/article\\\/rusiya-amerika-munasibetlerinde-azerbaycan\\\/#primaryimage\"},\"image\":{\"@id\":\"https:\\\/\\\/www.meydan.tv\\\/az\\\/article\\\/rusiya-amerika-munasibetlerinde-azerbaycan\\\/#primaryimage\"},\"thumbnailUrl\":\"https:\\\/\\\/www.meydan.tv\\\/wp-content\\\/uploads\\\/40292.jpg\",\"datePublished\":\"2018-04-05T17:56:00+00:00\",\"breadcrumb\":{\"@id\":\"https:\\\/\\\/www.meydan.tv\\\/az\\\/article\\\/rusiya-amerika-munasibetlerinde-azerbaycan\\\/#breadcrumb\"},\"inLanguage\":\"az\",\"potentialAction\":[{\"@type\":\"ReadAction\",\"target\":[\"https:\\\/\\\/www.meydan.tv\\\/az\\\/article\\\/rusiya-amerika-munasibetlerinde-azerbaycan\\\/\"]}]},{\"@type\":\"ImageObject\",\"inLanguage\":\"az\",\"@id\":\"https:\\\/\\\/www.meydan.tv\\\/az\\\/article\\\/rusiya-amerika-munasibetlerinde-azerbaycan\\\/#primaryimage\",\"url\":\"https:\\\/\\\/www.meydan.tv\\\/wp-content\\\/uploads\\\/40292.jpg\",\"contentUrl\":\"https:\\\/\\\/www.meydan.tv\\\/wp-content\\\/uploads\\\/40292.jpg\",\"width\":800,\"height\":505,\"caption\":\"Source:\"},{\"@type\":\"BreadcrumbList\",\"@id\":\"https:\\\/\\\/www.meydan.tv\\\/az\\\/article\\\/rusiya-amerika-munasibetlerinde-azerbaycan\\\/#breadcrumb\",\"itemListElement\":[{\"@type\":\"ListItem\",\"position\":1,\"name\":\"Ana s\u0259hif\u0259\",\"item\":\"https:\\\/\\\/www.meydan.tv\\\/az\\\/\"},{\"@type\":\"ListItem\",\"position\":2,\"name\":\"Analitika\",\"item\":\"https:\\\/\\\/www.meydan.tv\\\/az\\\/section\\\/analitika\\\/\"},{\"@type\":\"ListItem\",\"position\":3,\"name\":\"Rusiya-Amerika m\u00fcnasib\u0259tl\u0259rind\u0259 Az\u0259rbaycan\"}]},{\"@type\":\"WebSite\",\"@id\":\"https:\\\/\\\/www.meydan.tv\\\/az\\\/#website\",\"url\":\"https:\\\/\\\/www.meydan.tv\\\/az\\\/\",\"name\":\"MEYDAN.TV\",\"description\":\"Meydan TV Az\u0259rbaycan\u0131n media m\u0259kan\u0131ndak\u0131 alternativ s\u0259sidir\",\"publisher\":{\"@id\":\"https:\\\/\\\/www.meydan.tv\\\/az\\\/#organization\"},\"potentialAction\":[{\"@type\":\"SearchAction\",\"target\":{\"@type\":\"EntryPoint\",\"urlTemplate\":\"https:\\\/\\\/www.meydan.tv\\\/az\\\/?s={search_term_string}\"},\"query-input\":{\"@type\":\"PropertyValueSpecification\",\"valueRequired\":true,\"valueName\":\"search_term_string\"}}],\"inLanguage\":\"az\"},{\"@type\":\"Organization\",\"@id\":\"https:\\\/\\\/www.meydan.tv\\\/az\\\/#organization\",\"name\":\"Meydan TV\",\"url\":\"https:\\\/\\\/www.meydan.tv\\\/az\\\/\",\"logo\":{\"@type\":\"ImageObject\",\"inLanguage\":\"az\",\"@id\":\"https:\\\/\\\/www.meydan.tv\\\/az\\\/#\\\/schema\\\/logo\\\/image\\\/\",\"url\":\"https:\\\/\\\/www.meydan.tv\\\/wp-content\\\/uploads\\\/2021\\\/07\\\/meydan-logo.svg\",\"contentUrl\":\"https:\\\/\\\/www.meydan.tv\\\/wp-content\\\/uploads\\\/2021\\\/07\\\/meydan-logo.svg\",\"width\":195,\"height\":46,\"caption\":\"Meydan TV\"},\"image\":{\"@id\":\"https:\\\/\\\/www.meydan.tv\\\/az\\\/#\\\/schema\\\/logo\\\/image\\\/\"}},{\"@type\":\"Person\",\"@id\":\"https:\\\/\\\/www.meydan.tv\\\/az\\\/#\\\/schema\\\/person\\\/10d11eccf6da3662cf5fdab9806ea91a\",\"name\":\"user-manager\"}]}<\/script>\n<!-- \/ Yoast SEO plugin. -->","yoast_head_json":{"title":"Rusiya-Amerika m\u00fcnasib\u0259tl\u0259rind\u0259 Az\u0259rbaycan - MEYDAN.TV","robots":{"index":"index","follow":"follow","max-snippet":"max-snippet:-1","max-image-preview":"max-image-preview:large","max-video-preview":"max-video-preview:-1"},"canonical":"https:\/\/www.meydan.tv\/az\/article\/rusiya-amerika-munasibetlerinde-azerbaycan\/","og_locale":"az_AZ","og_type":"article","og_title":"Rusiya-Amerika m\u00fcnasib\u0259tl\u0259rind\u0259 Az\u0259rbaycan - MEYDAN.TV","og_description":"Az\u0259rbaycan m\u00fcst\u0259qillik \u0259ld\u0259 etdiyi d\u00f6vrd\u0259n etibar\u0259n \u00f6z xarici siyas\u0259tind\u0259 AB\u015e ... Davam\u0131","og_url":"https:\/\/www.meydan.tv\/az\/article\/rusiya-amerika-munasibetlerinde-azerbaycan\/","og_site_name":"MEYDAN.TV","article_published_time":"2018-04-05T17:56:00+00:00","og_image":[{"width":800,"height":505,"url":"https:\/\/www.meydan.tv\/wp-content\/uploads\/40292.jpg","type":"image\/jpeg"}],"author":"user-manager","twitter_card":"summary_large_image","schema":{"@context":"https:\/\/schema.org","@graph":[{"@type":"Article","@id":"https:\/\/www.meydan.tv\/az\/article\/rusiya-amerika-munasibetlerinde-azerbaycan\/#article","isPartOf":{"@id":"https:\/\/www.meydan.tv\/az\/article\/rusiya-amerika-munasibetlerinde-azerbaycan\/"},"author":{"name":"user-manager","@id":"https:\/\/www.meydan.tv\/az\/#\/schema\/person\/10d11eccf6da3662cf5fdab9806ea91a"},"headline":"Rusiya-Amerika m\u00fcnasib\u0259tl\u0259rind\u0259 Az\u0259rbaycan","datePublished":"2018-04-05T17:56:00+00:00","mainEntityOfPage":{"@id":"https:\/\/www.meydan.tv\/az\/article\/rusiya-amerika-munasibetlerinde-azerbaycan\/"},"wordCount":1368,"publisher":{"@id":"https:\/\/www.meydan.tv\/az\/#organization"},"image":{"@id":"https:\/\/www.meydan.tv\/az\/article\/rusiya-amerika-munasibetlerinde-azerbaycan\/#primaryimage"},"thumbnailUrl":"https:\/\/www.meydan.tv\/wp-content\/uploads\/40292.jpg","articleSection":["Analitika"],"inLanguage":"az"},{"@type":"WebPage","@id":"https:\/\/www.meydan.tv\/az\/article\/rusiya-amerika-munasibetlerinde-azerbaycan\/","url":"https:\/\/www.meydan.tv\/az\/article\/rusiya-amerika-munasibetlerinde-azerbaycan\/","name":"Rusiya-Amerika m\u00fcnasib\u0259tl\u0259rind\u0259 Az\u0259rbaycan - MEYDAN.TV","isPartOf":{"@id":"https:\/\/www.meydan.tv\/az\/#website"},"primaryImageOfPage":{"@id":"https:\/\/www.meydan.tv\/az\/article\/rusiya-amerika-munasibetlerinde-azerbaycan\/#primaryimage"},"image":{"@id":"https:\/\/www.meydan.tv\/az\/article\/rusiya-amerika-munasibetlerinde-azerbaycan\/#primaryimage"},"thumbnailUrl":"https:\/\/www.meydan.tv\/wp-content\/uploads\/40292.jpg","datePublished":"2018-04-05T17:56:00+00:00","breadcrumb":{"@id":"https:\/\/www.meydan.tv\/az\/article\/rusiya-amerika-munasibetlerinde-azerbaycan\/#breadcrumb"},"inLanguage":"az","potentialAction":[{"@type":"ReadAction","target":["https:\/\/www.meydan.tv\/az\/article\/rusiya-amerika-munasibetlerinde-azerbaycan\/"]}]},{"@type":"ImageObject","inLanguage":"az","@id":"https:\/\/www.meydan.tv\/az\/article\/rusiya-amerika-munasibetlerinde-azerbaycan\/#primaryimage","url":"https:\/\/www.meydan.tv\/wp-content\/uploads\/40292.jpg","contentUrl":"https:\/\/www.meydan.tv\/wp-content\/uploads\/40292.jpg","width":800,"height":505,"caption":"Source:"},{"@type":"BreadcrumbList","@id":"https:\/\/www.meydan.tv\/az\/article\/rusiya-amerika-munasibetlerinde-azerbaycan\/#breadcrumb","itemListElement":[{"@type":"ListItem","position":1,"name":"Ana s\u0259hif\u0259","item":"https:\/\/www.meydan.tv\/az\/"},{"@type":"ListItem","position":2,"name":"Analitika","item":"https:\/\/www.meydan.tv\/az\/section\/analitika\/"},{"@type":"ListItem","position":3,"name":"Rusiya-Amerika m\u00fcnasib\u0259tl\u0259rind\u0259 Az\u0259rbaycan"}]},{"@type":"WebSite","@id":"https:\/\/www.meydan.tv\/az\/#website","url":"https:\/\/www.meydan.tv\/az\/","name":"MEYDAN.TV","description":"Meydan TV Az\u0259rbaycan\u0131n media m\u0259kan\u0131ndak\u0131 alternativ s\u0259sidir","publisher":{"@id":"https:\/\/www.meydan.tv\/az\/#organization"},"potentialAction":[{"@type":"SearchAction","target":{"@type":"EntryPoint","urlTemplate":"https:\/\/www.meydan.tv\/az\/?s={search_term_string}"},"query-input":{"@type":"PropertyValueSpecification","valueRequired":true,"valueName":"search_term_string"}}],"inLanguage":"az"},{"@type":"Organization","@id":"https:\/\/www.meydan.tv\/az\/#organization","name":"Meydan TV","url":"https:\/\/www.meydan.tv\/az\/","logo":{"@type":"ImageObject","inLanguage":"az","@id":"https:\/\/www.meydan.tv\/az\/#\/schema\/logo\/image\/","url":"https:\/\/www.meydan.tv\/wp-content\/uploads\/2021\/07\/meydan-logo.svg","contentUrl":"https:\/\/www.meydan.tv\/wp-content\/uploads\/2021\/07\/meydan-logo.svg","width":195,"height":46,"caption":"Meydan TV"},"image":{"@id":"https:\/\/www.meydan.tv\/az\/#\/schema\/logo\/image\/"}},{"@type":"Person","@id":"https:\/\/www.meydan.tv\/az\/#\/schema\/person\/10d11eccf6da3662cf5fdab9806ea91a","name":"user-manager"}]}},"_links":{"self":[{"href":"https:\/\/www.meydan.tv\/az\/wp-json\/wp\/v2\/posts\/189378","targetHints":{"allow":["GET"]}}],"collection":[{"href":"https:\/\/www.meydan.tv\/az\/wp-json\/wp\/v2\/posts"}],"about":[{"href":"https:\/\/www.meydan.tv\/az\/wp-json\/wp\/v2\/types\/post"}],"author":[{"embeddable":true,"href":"https:\/\/www.meydan.tv\/az\/wp-json\/wp\/v2\/users\/11"}],"replies":[{"embeddable":true,"href":"https:\/\/www.meydan.tv\/az\/wp-json\/wp\/v2\/comments?post=189378"}],"version-history":[{"count":0,"href":"https:\/\/www.meydan.tv\/az\/wp-json\/wp\/v2\/posts\/189378\/revisions"}],"wp:featuredmedia":[{"embeddable":true,"href":"https:\/\/www.meydan.tv\/az\/wp-json\/wp\/v2\/media\/101718"}],"wp:attachment":[{"href":"https:\/\/www.meydan.tv\/az\/wp-json\/wp\/v2\/media?parent=189378"}],"wp:term":[{"taxonomy":"category","embeddable":true,"href":"https:\/\/www.meydan.tv\/az\/wp-json\/wp\/v2\/categories?post=189378"},{"taxonomy":"post_tag","embeddable":true,"href":"https:\/\/www.meydan.tv\/az\/wp-json\/wp\/v2\/tags?post=189378"}],"curies":[{"name":"wp","href":"https:\/\/api.w.org\/{rel}","templated":true}]}}