{"id":189362,"date":"2018-04-04T19:52:41","date_gmt":"2018-04-04T19:52:41","guid":{"rendered":"https:\/\/www.meydan.tv\/article\/vekilliyin-yeni-esasnamesi-cekindirici-effekt-ve-ifade-azadligina-qarsi\/"},"modified":"2018-04-04T19:52:41","modified_gmt":"2018-04-04T19:52:41","slug":"vekilliyin-yeni-esasnamesi-cekindirici-effekt-ve-ifade-azadligina-qarsi","status":"publish","type":"post","link":"https:\/\/www.meydan.tv\/az\/article\/vekilliyin-yeni-esasnamesi-cekindirici-effekt-ve-ifade-azadligina-qarsi\/","title":{"rendered":"V\u0259killiyin yeni \u018fsasnam\u0259si: \u00e7\u0259kindirici effekt v\u0259 ifad\u0259 azadl\u0131\u011f\u0131na qar\u015f\u0131"},"content":{"rendered":"<figure class=\"wp-block-image size-large\">\n  <img decoding=\"async\" src=\"https:\/\/www.meydan.tv\/az\/yalcin-imanov-4\/\" alt=\"Yal\u00e7\u0131n \u0130manov\" class=\"wp-image-100928\"\/><figcaption>\n    Yal\u00e7\u0131n \u0130manov<br \/>\n  <\/figcaption><\/figure>\n<p>\n  \u00d6t\u0259n ilin dekabr ay\u0131n\u0131n 7-d\u0259 Az\u0259rbaycan Respublikas\u0131 V\u0259kill\u0259r Kollegiyas\u0131 \u00fczvl\u0259rinin Konfrans\u0131 t\u0259r\u0259find\u0259n \u201cV\u0259kill\u0259rin davran\u0131\u015f qaydalar\u0131 haqq\u0131nda\u201d yeni \u018fsasnam\u0259 q\u0259bul edildi.\n<\/p>\n<p>\n  \u018fsasnam\u0259nin giri\u015find\u0259 qeyd edilir: \u201cQanunun aliliyin\u0259 h\u00f6rm\u0259tin a\u015f\u0131lanmas\u0131 v\u0259 h\u00fcquqi yard\u0131m\u0131n keyfiyy\u0259tinin y\u00fcks\u0259ldilm\u0259si bax\u0131m\u0131ndan v\u0259kilin davran\u0131\u015f\u0131 x\u00fcsusi \u0259h\u0259miyy\u0259t k\u0259sb etdiyind\u0259n v\u0259kill\u0259rin pe\u015f\u0259 davran\u0131\u015f\u0131 standartlar\u0131 \u0259n y\u00fcks\u0259k t\u0259l\u0259bl\u0259r\u0259 cavab verm\u0259lidir\u201d.\n<\/p>\n<p>\n  B\u0259s g\u00f6r\u0259k, \u018fsasnam\u0259 bu standartlar\u0131 nec\u0259 m\u00fc\u0259yy\u0259n edir?\n<\/p>\n<p>\n  \u018fsasnam\u0259nin 1.3-c\u00fc (\u00dcmumi m\u00fcdd\u0259alar) b\u0259ndind\u0259 h\u00fcquqi prel\u00fcdiya bel\u0259 verilir:\n<\/p>\n<p>\n  \u201cH\u0259r bir v\u0259kil, v\u0259kil and\u0131na sadiq qalmal\u0131, pe\u015f\u0259 f\u0259aliyy\u0259tind\u0259 v\u0259 pe\u015f\u0259 f\u0259aliyy\u0259tind\u0259n k\u0259nar davran\u0131\u015f\u0131nda bu \u018fsasnam\u0259nin m\u00fcdd\u0259alar\u0131n\u0131 r\u0259hb\u0259r tutmal\u0131d\u0131r. V\u0259kilin pe\u015f\u0259 f\u0259aliyy\u0259tind\u0259n k\u0259nar f\u0259aliyy\u0259ti v\u0259killiyin n\u00fcfuzuna x\u0259l\u0259l g\u0259tirm\u0259m\u0259lidir\u201d.\n<\/p>\n<p>\n  B\u0259nz\u0259r norma \u018fsasnam\u0259nin 2.4-c\u00fc (Loyall\u0131q) b\u0259ndind\u0259 d\u0259 elan edilir: \u201cV\u0259kil pe\u015f\u0259 f\u0259aliyy\u0259tini h\u0259yata ke\u00e7ir\u0259rk\u0259n v\u0259 ya pe\u015f\u0259 f\u0259aliyy\u0259tind\u0259n k\u0259nar davran\u0131\u015f\u0131nda v\u0259killiyin n\u00fcfuzunu a\u015fa\u011f\u0131 sala bil\u0259c\u0259k h\u0259r\u0259k\u0259tl\u0259r\u0259 yol verm\u0259m\u0259lidir\u201d.\n<\/p>\n<p>\n  Ox\u015far norma 2.8-ci b\u0259ndd\u0259 d\u0259 n\u0259z\u0259rd\u0259 tutulub:\n<\/p>\n<p>\n  \u201c(M\u0259d\u0259ni davran\u0131\u015f) V\u0259kil pe\u015f\u0259 f\u0259aliyy\u0259tini h\u0259yata ke\u00e7ir\u0259rk\u0259n v\u0259 pe\u015f\u0259 f\u0259aliyy\u0259tind\u0259n k\u0259nar b\u00fct\u00fcn \u015f\u0259xsl\u0259rl\u0259 m\u00fcnasib\u0259td\u0259 m\u0259d\u0259ni, n\u0259zak\u0259tli, diqq\u0259tli v\u0259 s\u0259birli olmal\u0131d\u0131r\u201d.\n<\/p>\n<p>\n  \u018fsasnam\u0259nin v\u0259kilin \u201cpe\u015f\u0259 f\u0259aliyy\u0259tind\u0259n k\u0259nar h\u0259yat\u0131n\u0131\u201d \u201cx\u00fcsusi qay\u011f\u0131yla\u201d diqq\u0259td\u0259 saxlamas\u0131n\u0131n hans\u0131 uzaqg\u00f6r\u0259n m\u0259qs\u0259d g\u00fcdd\u00fcy\u00fc, \u201cpe\u015f\u0259 f\u0259aliyy\u0259tind\u0259n k\u0259nar h\u0259yat\u0131n\u201d pe\u015f\u0259 f\u0259aliyy\u0259tini t\u0259nziml\u0259y\u0259n kodeksd\u0259 bel\u0259 gen-bol xat\u0131rlad\u0131lmas\u0131n\u0131n v\u0259 parafraz edilm\u0259sinin v\u0259 bu uzla\u015fman\u0131n \u0259lah\u0259zr\u0259t s\u0259b\u0259bl\u0259ri b\u0259lli deyil. Ancaq b\u0259lli olan odur ki, \u018fsasnam\u0259nin sadalanan bu b\u0259ndl\u0259ri ist\u0259nil\u0259n vaxt \u201cpe\u015f\u0259 f\u0259aliyy\u0259tind\u0259n k\u0259nar\u201d pozuntu arqumenti il\u0259 t\u0259qib\u0259 \u00e7evril\u0259 bil\u0259r.\n<\/p>\n<p>\n  \u018fsasnam\u0259nin 2.2-ci b\u0259ndind\u0259 deyilir: \u201cV\u0259kil \u00f6z pe\u015f\u0259 borcunu yerin\u0259 yetir\u0259rk\u0259n d\u00fcr\u00fcstl\u00fck v\u0259 l\u0259yaq\u0259tlilik n\u00fcmayi\u015f etdirm\u0259li, yalan dan\u0131\u015fmamal\u0131&#8230; \u015e\u0259xsin, c\u0259miyy\u0259tin v\u0259 d\u00f6vl\u0259tin maraqlar\u0131 namin\u0259 v\u0259kil \u00f6z v\u0259zif\u0259l\u0259rini s\u0259m\u0259r\u0259li yerin\u0259 yetirm\u0259y\u0259 borcludur. V\u0259kil pe\u015f\u0259 f\u0259aliyy\u0259tini h\u0259yata ke\u00e7irm\u0259kl\u0259 ba\u011fl\u0131 h\u0259r bir \u015f\u0259xs \u00fc\u00e7\u00fcn vicdanl\u0131l\u0131q n\u00fcmun\u0259si olmal\u0131d\u0131r\u201d.\n<\/p>\n<p>\n  \u018fsasnam\u0259nin 2.13-c\u00fc b\u0259ndin\u0259 (\u0130ctimailik) n\u0259z\u0259r yetir\u0259k: \u201cV\u0259kil z\u0259rur\u0259t yarand\u0131qda konfidensiall\u0131q v\u0259 dig\u0259r \u0259sas pe\u015f\u0259 prinsipl\u0259rin\u0259 zidd olmayaraq g\u00f6st\u0259rdiyi h\u00fcquqi yard\u0131mlarla \u0259laq\u0259dar ictimaiyy\u0259ti d\u00fczg\u00fcn m\u0259lumatland\u0131rmaq \u00f6hd\u0259liyi da\u015f\u0131y\u0131r\u201d.\n<\/p>\n<p>\n  \u018fsasnam\u0259nin bu b\u0259ndl\u0259ri, V\u0259kill\u0259r Kollegiyas\u0131n\u0131n v\u0259killik anlay\u0131\u015f\u0131na yeni, \u00f6z\u00fcn\u0259m\u0259xsus yana\u015fmas\u0131n\u0131n t\u0259sdiqi hesab olunmal\u0131d\u0131r. Ayd\u0131nd\u0131r ki, v\u0259killik pe\u015f\u0259si mahiyy\u0259tc\u0259 t\u0259r\u0259fli pe\u015f\u0259dir v\u0259 v\u0259kilin \u0259sas v\u0259zif\u0259si h\u00fcquqi yard\u0131m \u00fc\u00e7\u00fcn ona m\u00fcraci\u0259t etmi\u015f fiziki v\u0259 h\u00fcquqi \u015f\u0259xsl\u0259rin h\u00fcquqlar\u0131n\u0131n, azadl\u0131qlar\u0131n\u0131n v\u0259 qanunla qorunan m\u0259nafel\u0259rinin m\u00fcdafi\u0259 edilm\u0259sind\u0259n v\u0259 onlara y\u00fcks\u0259k keyfiyy\u0259tli h\u00fcquqi yard\u0131m\u0131n g\u00f6st\u0259rilm\u0259sind\u0259n ibar\u0259tdir. B\u00fc m\u00fcdd\u0259a \u201cV\u0259kill\u0259r v\u0259 v\u0259killik f\u0259aliyy\u0259ti haqq\u0131nda\u201d Qanunun 3-c\u00fc madd\u0259sind\u0259 n\u0259z\u0259rd\u0259 tutulub.\n<\/p>\n<p>\n  Yeni \u018fsasnam\u0259nin v\u0259killikd\u0259n t\u0259l\u0259b etdiyi \u201cd\u00fcr\u00fcstl\u00fck v\u0259 l\u0259yaq\u0259tlilik\u201d, \u201cictimaiyy\u0259ti d\u00fczg\u00fcn m\u0259lumatland\u0131rmaq \u00f6hd\u0259liyi\u201d is\u0259 v\u0259killiyin \u0259sas v\u0259zif\u0259l\u0259ri il\u0259 bir araya s\u0131\u011fm\u0131r, \u201cV\u0259kill\u0259r v\u0259 v\u0259killik f\u0259aliyy\u0259ti haqq\u0131nda\u201d Qanunun 3-c\u00fc madd\u0259sin\u0259 ziddir v\u0259 bu, b\u00fct\u00f6vl\u00fckd\u0259 v\u0259killik institutunun mahiyy\u0259tinin birm\u0259nal\u0131 \u015f\u0259kild\u0259 inkar\u0131 dem\u0259kdir.\n<\/p>\n<p>\n  Ax\u0131 n\u0259 dem\u0259kdir \u201cd\u00fcr\u00fcstl\u00fck v\u0259 l\u0259yaq\u0259tlilik\u201d v\u0259 yaxud \u201cictimaiyy\u0259ti d\u00fczg\u00fcn m\u0259lumatland\u0131rmaq \u00f6hd\u0259liyi\u201d? V\u0259kil h\u0259qiq\u0259ti \u00fcz\u0259 \u00e7\u0131xarmaq i\u015fi il\u0259 m\u0259\u015f\u011fuldur, yoxsa m\u00fcdafi\u0259yl\u0259? Tutaq ki, v\u0259kilin h\u0259qiq\u0259t\u0259n d\u0259 hans\u0131sa cinay\u0259t \u0259m\u0259lini t\u00f6r\u0259tmi\u015f m\u00fc\u015ft\u0259rinin ist\u0259yin\u0259 uy\u011fun olaraq onun ittiham\u0131 t\u0259kzib etm\u0259si \u018fsasnam\u0259 il\u0259 ondan t\u0259l\u0259b olunan \u201cd\u00fcr\u00fcstl\u00fck v\u0259 l\u0259yaq\u0259tlilik\u201d, yaxud \u201cictimaiyy\u0259ti d\u00fczg\u00fcn m\u0259lumatland\u0131rmaq \u00f6hd\u0259liyi\u201d il\u0259 nec\u0259 uzla\u015facaq? Bu, \u201cv\u0259kilin m\u00fcdafi\u0259 etdiyi \u015f\u0259xsin qanuni m\u0259nafeyin\u0259 zidd h\u0259r hans\u0131 h\u0259r\u0259k\u0259ti etm\u0259k\u201d t\u0259l\u0259bin\u0259 n\u0259 d\u0259r\u0259c\u0259d\u0259 uy\u011fundur? Yoxsa, sovetl\u0259r\u0259 qay\u0131d\u0131r\u0131q? Ax\u0131 orda v\u0259kilin h\u0259tta \u00f6z m\u00fc\u015ft\u0259risin\u0259 elan olunan ittihamla \u0259laq\u0259sini etiraf etm\u0259k \u00f6hd\u0259liyi d\u0259 vard\u0131.\n<\/p>\n<p>\n  \u018fsasnam\u0259nin 2.4-c\u00fc (Loyall\u0131q) b\u0259ndind\u0259 yaz\u0131l\u0131r: \u201cV\u0259kil &#8230;ba\u015fqa v\u0259kill\u0259rin f\u0259aliyy\u0259ti il\u0259 \u0259laq\u0259dar (qanunsuz f\u0259aliyy\u0259t istisna olmaqla) t\u0259nqidi ictimai m\u00fclahiz\u0259l\u0259rd\u0259n, \u00e7\u0131x\u0131\u015flardan v\u0259 onlar\u0131n f\u0259aliyy\u0259tin\u0259 ictimai qiym\u0259t verilm\u0259sind\u0259n \u00e7\u0259kinm\u0259lidir\u201d.\n<\/p>\n<p>\n  Bu, o dem\u0259kdir ki, m\u0259s\u0259l\u0259n, hans\u0131sa bir v\u0259kil n\u00fcfuzlu bir h\u00fcquq m\u00fchafiz\u0259 orqan\u0131n\u0131n (m\u0259s\u0259l\u0259n, BMCM\u0130) t\u0259hqiq etdiyi b\u00fct\u00fcn i\u015fl\u0259rd\u0259 d\u00f6vl\u0259t hesab\u0131na v\u0259kil kimi t\u0259msil olunursa, bunda \u015f\u00fcbh\u0259li \u0259lbirlik v\u0259 pe\u015f\u0259 \u0259xlaq\u0131n\u0131n p\u00f6zulmas\u0131 ehtimallar\u0131n\u0131 dil\u0259 g\u0259tirm\u0259k olmaz! \u00dcmumiyy\u0259tl\u0259 is\u0259, t\u0259nqidi m\u00fclahiz\u0259, h\u0259tta bu m\u00fclahiz\u0259l\u0259r ictimai xarakter da\u015f\u0131y\u0131rsa, niy\u0259 pis v\u0259 b\u0259y\u0259nilm\u0259y\u0259n \u0259m\u0259l hesab edilm\u0259lidir? \u201c\u0130ctimaiyy\u0259ti d\u00fczg\u00fcn m\u0259lumatland\u0131rmaq \u00f6hd\u0259liyi\u201d is\u0259 v\u0259killiyin \u0259sas v\u0259zif\u0259l\u0259ri il\u0259 bir araya s\u0131\u011fm\u0131r. \u201cV\u0259kill\u0259r v\u0259 v\u0259killik f\u0259aliyy\u0259ti haqq\u0131nda\u201d Qanunun 1-ci madd\u0259sin\u0259 \u0259sas\u0259n v\u0259killik h\u0259m\u00e7inin &#8230; demokratizm, a\u015fkarl\u0131q prinsipl\u0259ri \u0259sas\u0131nda f\u0259aliyy\u0259t g\u00f6st\u0259rir.<br \/>\n  <br \/>\n  \u018fsasnam\u0259nin 2.5-ci b\u0259ndin\u0259 (\u0130ctimai etimad) \u0259sas\u0259n \u201c&#8230;V\u0259kil \u00e7\u0131x\u0131\u015flar\u0131nda v\u0259 yaz\u0131\u015fmalar\u0131nda obyektivliyi qorumal\u0131d\u0131r\u201d.\n<\/p>\n<p>\n  2.11 (\u0130ctimai v\u0259 siyasi f\u0259aliyy\u0259t) \u201cV\u0259kilin ictimai v\u0259 ya siyasi f\u0259aliyy\u0259ti, yaxud ictimai v\u0259 ya siyasi birliy\u0259 m\u0259nsubiyy\u0259ti, onun \u00f6z v\u0259zif\u0259l\u0259rini q\u0259r\u0259zsiz v\u0259 obyektiv yerin\u0259 yetirdiyin\u0259 \u015f\u00fcbh\u0259 do\u011furmamal\u0131d\u0131r\u201d.<br \/>\n  <br \/>\n  4.4-c\u00fc b\u0259nd: \u201cV\u0259kil he\u00e7 vaxt m\u0259hk\u0259m\u0259y\u0259, ibtidai istintaq v\u0259 t\u0259hqiqat orqan\u0131na bil\u0259r\u0259kd\u0259n yanl\u0131\u015f v\u0259 ya \u00e7a\u015fd\u0131r\u0131c\u0131 m\u0259lumat verm\u0259m\u0259lidir\u201d.\n<\/p>\n<p>\n  Bu, n\u0259 obyektivlik v\u0259 q\u0259r\u0259zsizlik m\u0259r\u0259zidir, anlamaq olmur. Ax\u0131, v\u0259kil mahiyy\u0259tc\u0259 obyektivlikl\u0259 m\u0259\u015f\u011ful olmur, obyektivlik onun i\u015fi, v\u0259zif\u0259si, s\u0259n\u0259ti deyil, v\u0259killik anlay\u0131\u015f\u0131n\u0131n mahiyy\u0259ti el\u0259 subyektivlikdir, m\u00fcdafi\u0259 etdiyi \u015f\u0259xsin tap\u015f\u0131r\u0131\u011f\u0131 il\u0259 i\u015fl\u0259m\u0259kdir, q\u0259r\u0259zlilikdir, birt\u0259r\u0259flilikdir, t\u0259r\u0259fgirlikdir.\n<\/p>\n<p>\n  \u00dcst\u0259lik, \u201c\u00e7\u0131x\u0131\u015flar\u0131nda v\u0259 yaz\u0131\u015fmalar\u0131nda obyektivliyi qorumal\u0131d\u0131r\u201d dedikd\u0259, bu \u00e7ox geni\u015f v\u0259 \u00fcmumi anlay\u0131\u015f\u0131n alt\u0131nda n\u0259l\u0259r ehtiva olunur, anla\u015f\u0131lm\u0131r. M\u0259s\u0259l\u0259n, ayd\u0131n olmur ki, v\u0259kil, m\u0259hk\u0259m\u0259d\u0259 m\u00fcdafi\u0259 \u00e7\u0131x\u0131\u015f\u0131 ed\u0259rk\u0259n, yaxud v\u0259sat\u0259t yazark\u0259n obyektiliyi qorumasa, onu hans\u0131 c\u0259za g\u00f6zl\u0259y\u0259c\u0259k?!\n<\/p>\n<p>\n  \u018fsasnam\u0259nin 2.10-cu b\u0259ndin\u0259 g\u00f6r\u0259, \u201cPe\u015f\u0259 f\u0259aliyy\u0259tini h\u0259yata ke\u00e7irm\u0259kl\u0259 ba\u011fl\u0131 v\u0259kill\u0259rin, qanuna zidd olaraq, maddi v\u0259 qeyri-maddi nem\u0259tl\u0259r, imtiyazlar v\u0259 ya g\u00fcz\u0259\u015ftl\u0259r \u0259ld\u0259 etm\u0259y\u0259 y\u00f6n\u0259lmi\u015f h\u0259r\u0259k\u0259t (h\u0259r\u0259k\u0259tsizlik) etm\u0259si qada\u011fand\u0131r\u201d.\n<\/p>\n<p>\n  Dey\u0259k ki, hans\u0131sa s\u0259xav\u0259tli m\u00fc\u015ft\u0259rinin \u00f6z v\u0259kilin\u0259 avtomobil, m\u0259nzil h\u0259diyy\u0259 etm\u0259si, nisb\u0259t\u0259n s\u0259xav\u0259tsizinin mobil telefon, ya hans\u0131sa qiym\u0259tli \u0259\u015fya ba\u011f\u0131\u015flamas\u0131 v\u0259 s. h\u0259min b\u0259ndin pozuntusu alt\u0131nda qavran\u0131lmayacaq ki?<br \/>\n  <br \/>\n  2.13-c\u00fc b\u0259nd\u0259 \u0259sas\u0259n \u201c&#8230;V\u0259kil cinay\u0259t i\u015fl\u0259ri \u00fczr\u0259 istintaq sirri t\u0259\u015fkil ed\u0259n v\u0259 ya qapal\u0131 ke\u00e7iril\u0259n m\u0259hk\u0259m\u0259 prosesl\u0259ri bar\u0259d\u0259 m\u0259lumatlar\u0131 ictimail\u0259\u015fdirm\u0259m\u0259lidir\u201d. \u018fsasnam\u0259nin bu b\u0259ndi c\u0259miyy\u0259tin x\u00fcsus\u0259n s\u0259s-k\u00fcyl\u00fc, ictimai-siyasi m\u0259zmunlu i\u015fl\u0259r \u00fczr\u0259 m\u0259hk\u0259m\u0259 prosesl\u0259rind\u0259n x\u0259b\u0259rsiz saxlanmas\u0131 niyy\u0259tini g\u00fcd\u00fcr. M\u0259s\u0259l\u0259n, m\u0259hk\u0259m\u0259 n\u0259zar\u0259ti qaydas\u0131nda bax\u0131lan b\u00fct\u00fcn i\u015fl\u0259r (h\u0259bs q\u0259timkan t\u0259dbirinin se\u00e7ilm\u0259si, ev dustaql\u0131\u011f\u0131 v\u0259 yaxud da girov q\u0259timkan t\u0259dbirl\u0259rin\u0259 dair v\u0259sat\u0259tl\u0259r\u0259 bax\u0131lmas\u0131 v\u0259 s. v\u0259 i.a.) qanunvericiliyin t\u0259l\u0259bin\u0259 g\u00f6r\u0259 qapal\u0131 ke\u00e7irilir. \u0130ctimaiyy\u0259tin diqq\u0259tind\u0259 olan h\u0259r hans\u0131 bir i\u015fl\u0259 ba\u011fl\u0131 t\u0259qsirl\u0259ndiril\u0259n \u015f\u0259xsin bar\u0259sind\u0259 h\u0259bs q\u0259timkan t\u0259dbiri se\u00e7ilibs\u0259 v\u0259 v\u0259kil d\u0259 bu bar\u0259d\u0259 m\u0259lumat\u0131 ictimail\u0259\u015fdiribs\u0259, bu, art\u0131q onun s\u00f6z\u00fcged\u0259n b\u0259ndi pozmas\u0131 hesab edil\u0259c\u0259k v\u0259 haqq\u0131nda intizam icraat\u0131 a\u00e7\u0131lacaq.\n<\/p>\n<p>\n  2.13-c\u00fc b\u0259ndin daha bir \u201cm\u00f6c\u00fcz\u0259si\u201d: \u201cV\u0259kil k\u00fctl\u0259vi informasiya vasit\u0259l\u0259rind\u0259, sosial \u015f\u0259b\u0259k\u0259l\u0259rd\u0259 v\u0259 ictimai yerl\u0259rd\u0259 v\u0259killiyin n\u00fcfuzunu l\u0259k\u0259l\u0259y\u0259n, V\u0259kill\u0259r Kollegiyas\u0131n\u0131n orqanlar\u0131n\u0131n q\u0259rarlar\u0131 bar\u0259d\u0259 c\u0259miyy\u0259td\u0259 yanl\u0131\u015f t\u0259s\u0259vv\u00fcrl\u0259r yarada bil\u0259n h\u0259r\u0259k\u0259tl\u0259rd\u0259n v\u0259 ictimai \u00e7\u0131x\u0131\u015flardan, t\u0259hqir v\u0259 b\u00f6htan xarakterli m\u0259lumatlar\u0131n yay\u0131lmas\u0131ndan \u00e7\u0259kinm\u0259lidir\u201d.\n<\/p>\n<p>\n  Bu b\u0259nd Kollegiyan\u0131n orqanlar\u0131n\u0131n ist\u0259nil\u0259n q\u0259rar\u0131 bar\u0259d\u0259 t\u0259nqidi r\u0259y v\u0259 qiym\u0259tl\u0259dirici m\u00fclahiz\u0259l\u0259ri dolay\u0131s\u0131 il\u0259 qada\u011fan edir, Kollegiya \u00fczvl\u0259rini m\u0259nafe v\u0259 qanuni maraqlar\u0131 il\u0259 ba\u011fl\u0131 q\u0259rarlar\u0131 a\u00e7\u0131q m\u00fczakir\u0259 etm\u0259k imkan\u0131ndan \u00e7\u0259kindirir. \u018fks halda, nec\u0259 dey\u0259rl\u0259r, autodafe!\n<\/p>\n<p>\n  Yen\u0259 eyni b\u0259ndd\u0259 yaz\u0131l\u0131r: \u201cV\u0259kil k\u00fctl\u0259vi informasiya vasit\u0259l\u0259rind\u0259, sosial \u015f\u0259b\u0259k\u0259l\u0259rd\u0259 v\u0259 k\u00fctl\u0259vi \u00e7\u0131x\u0131\u015flarda d\u00f6vl\u0259t, qeyri-d\u00f6vl\u0259t v\u0259 onlar\u0131n v\u0259zif\u0259li \u015f\u0259xsl\u0259ri bar\u0259sind\u0259 \u0259sass\u0131z, b\u00f6htan xarakterli m\u0259lumatlar\u0131n yay\u0131lmas\u0131na yol verm\u0259m\u0259li v\u0259 h\u0259min \u015f\u0259xsl\u0259r\u0259 qar\u015f\u0131 qeyri-etik ifad\u0259l\u0259r i\u015fl\u0259tm\u0259m\u0259li v\u0259 davran\u0131\u015flara yol verm\u0259m\u0259lidir\u201d.\n<\/p>\n<p>\n  B\u00f6htan\u0131 ba\u015fa d\u00fc\u015fd\u00fck, b\u0259s \u201c\u0259sass\u0131z\u201d n\u0259 dem\u0259kdir? \u201c\u018fsass\u0131z\u201dl\u0131q anlay\u0131\u015f\u0131 subyektiv olmaqla ist\u0259nil\u0259n t\u0259nqidi m\u00fclahiz\u0259ni ehtiva etmirmi? Bu b\u0259nd v\u0259kill\u0259rin ifad\u0259 azadl\u0131\u011f\u0131na qoyulan qada\u011fan\u0131n s\u0259rh\u0259dl\u0259rini geni\u015fl\u0259ndirm\u0259kl\u0259, v\u0259kill\u0259rin mediada, sosial \u015f\u0259b\u0259k\u0259l\u0259rd\u0259 v\u0259 ictimai \u00e7\u0131x\u0131\u015flarda \u00f6z\u00fcn\u00fcsenzuras\u0131n\u0131 g\u00fccl\u0259ndirir, \u00e7\u0259kindirici effekt yaratmaqla onlar\u0131 t\u0259nqidi \u00e7\u0131x\u0131\u015flardan m\u0259hrum edir. Ba\u015fqa s\u00f6zl\u0259, ifad\u0259 azadl\u0131\u011f\u0131 h\u00fcququnun qada\u011fan olunmas\u0131 v\u0259 total senzura!\n<\/p>\n<p>\n  Halbuki, \u201cV\u0259kill\u0259r v\u0259 v\u0259killik f\u0259aliyy\u0259ti haqq\u0131nda\u201d Qanunun 1-ci madd\u0259sin\u0259 \u0259sas\u0259n v\u0259killik h\u0259m d\u0259 m\u00fcst\u0259qillik &#8230;prinsipi \u0259sas\u0131nda f\u0259aliyy\u0259t g\u00f6st\u0259rir v\u0259 v\u0259kill\u0259rin v\u0259 onlar\u0131n birliyinin pe\u015f\u0259kar f\u0259aliyy\u0259tin\u0259 prokurorluq, m\u0259hk\u0259m\u0259, dig\u0259r d\u00f6vl\u0259t orqanlar\u0131, ictimai birlikl\u0259r, h\u0259r hans\u0131 m\u00fc\u0259ssis\u0259, idar\u0259, t\u0259\u015fkilat v\u0259 v\u0259zif\u0259li \u015f\u0259xs t\u0259r\u0259find\u0259n m\u00fcdaxil\u0259y\u0259, t\u0259zyiq\u0259 yol verilm\u0259m\u0259lidir&#8230;\n<\/p>\n<p>\n  \u018fsasnam\u0259nin 2.14-c\u00fc b\u0259ndin\u0259 \u0259sas\u0259n \u201cV\u0259kil \u00f6z pe\u015f\u0259 borcunun m\u00fcst\u0259qil sur\u0259td\u0259 yerin\u0259 yetirilm\u0259sin\u0259, h\u0259m\u00e7inin \u0259dal\u0259t m\u00fchakim\u0259sinin laz\u0131mi qaydada h\u0259yata ke\u00e7irilm\u0259sinin t\u0259min edilm\u0259sin\u0259 mane olan f\u0259aliyy\u0259td\u0259n \u00e7\u0259kinm\u0259lidir\u201d.\n<\/p>\n<p>\n  N\u0259dir bu f\u0259aliyy\u0259t? Hans\u0131 n\u00f6v h\u0259r\u0259k\u0259tl\u0259r bu f\u0259aliyy\u0259t\u0259 aid hesab edilir v\u0259 ya edil\u0259 bil\u0259r, yaxud edilm\u0259lidir? Bu c\u00fcr \u00fcmumi v\u0259 qeyri-m\u00fc\u0259yy\u0259n anlay\u0131\u015f\u0131n alt\u0131nda konkret n\u0259l\u0259r ehtiva edilir? Ayd\u0131nd\u0131r ki, bu, v\u0259kilin t\u0259qib edilm\u0259si i\u015find\u0259 geni\u015f sui-istifad\u0259l\u0259r \u00fc\u00e7\u00fcn imkan v\u0259 \u015f\u0259rait yarad\u0131r.\n<\/p>\n<p>\n  \u018fsasnam\u0259nin 3.3-c\u00fc b\u0259ndind\u0259 deyilir ki, \u201cV\u0259kil ona tap\u015f\u0131r\u0131q ver\u0259n, m\u00fcraci\u0259t ed\u0259n \u015f\u0259xsin kimliyini, h\u00fcquqi \u015f\u0259xsin ad\u0131ndan \u00e7\u0131x\u0131\u015f ed\u0259n \u015f\u0259xsin s\u0259lahiyy\u0259tl\u0259rini ayd\u0131nla\u015fd\u0131rmal\u0131d\u0131r\u201d.\n<\/p>\n<p>\n  Bu b\u0259ndin, izafi vaxt itkisin\u0259 \u0259sas olaca\u011f\u0131 ehtimal\u0131 real olmaqla, h\u00fcquqi yard\u0131m \u00fc\u00e7\u00fcn m\u00fcraci\u0259t ed\u0259n fiziki v\u0259 h\u00fcquqi \u015f\u0259xsl\u0259rin m\u00fcdafi\u0259\u00e7isinin s\u0259m\u0259r\u0259liliyin\u0259 m\u0259nfi t\u0259sir ed\u0259c\u0259yi \u015f\u00fcbh\u0259sizdir.\n<\/p>\n<p>\n  \u0130nsaf namin\u0259 \u018fsasnam\u0259d\u0259 bir ne\u00e7\u0259 yax\u015f\u0131 b\u0259nd d\u0259 var. M\u0259s\u0259l\u0259n, 2.6-c\u0131 b\u0259nd\u0259 (Konfidensiall\u0131q) \u0259sas\u0259n \u201cV\u0259kil h\u00fcquqi yard\u0131m g\u00f6st\u0259rilm\u0259si il\u0259 \u0259laq\u0259dar \u0259ld\u0259 etdiyi m\u0259lumatlar\u0131n konfidensiall\u0131\u011f\u0131n\u0131 t\u0259min etm\u0259lidir. M\u0259lumatlar\u0131n konfidensiall\u0131\u011f\u0131n\u0131n t\u0259min edilm\u0259si m\u00fcdd\u0259tl\u0259 m\u0259hdudla\u015fd\u0131r\u0131lm\u0131r\u201d. Y\u0259ni, konfidensiall\u0131q \u0259b\u0259didir. Ancaq, q\u0259lizlik ondad\u0131r ki, bu \u018fsasnam\u0259 il\u0259 eyni g\u00fcnd\u0259 &#8211; 7 dekabr 2017-ci ild\u0259 \u00f6z m\u00fc\u015ft\u0259risinin ona etibar edib verdiyi m\u0259ktublar \u0259sas\u0131nda kitab yazan bir v\u0259kilin Kollegiyan\u0131n R\u0259yas\u0259t Hey\u0259tin\u0259 \u00fczv se\u00e7ilm\u0259si bu normaya nec\u0259 riay\u0259t edil\u0259c\u0259yinin anonsu oldu.\n<\/p>\n<p>\n  Bel\u0259likl\u0259, h\u0259tta \u00f6t\u0259ri tan\u0131\u015fl\u0131q bel\u0259 \u0259minlikl\u0259 dem\u0259y\u0259 \u0259sas verir. B\u00fct\u00f6vl\u00fckd\u0259 bu \u018fsasnam\u0259:\n<\/p>\n<p>\n  a) \u201cV\u0259kill\u0259r v\u0259 v\u0259killik f\u0259aliyy\u0259ti haqq\u0131nda\u201d Qanuna v\u0259 v\u0259killikl\u0259 ba\u011fl\u0131 dig\u0259r qanun normalar\u0131na ziddir;<br \/>\n  <br \/>\n  b) \u0130st\u0259nil\u0259n v\u0259kili ist\u0259nil\u0259n an Kollegiya \u00fczvl\u00fcy\u00fcnd\u0259n k\u0259narla\u015fd\u0131rmaq, \u0259n yax\u015f\u0131 halda is\u0259 ba\u015fqa c\u00fcr c\u0259zaland\u0131rmaq imkan\u0131 verir;<br \/>\n  <br \/>\n  c) V\u0259kill\u0259rin m\u00fcst\u0259qilliyi v\u0259 ifad\u0259 azadl\u0131\u011f\u0131 h\u00fcququnun s\u0259rh\u0259dl\u0259rini \u0259h\u0259miyy\u0259tli \u015f\u0259kild\u0259 darald\u0131l\u0131r v\u0259 \u00e7\u0259kindirici effekt xarakteri da\u015f\u0131y\u0131r;<br \/>\n  <br \/>\n  d) \u0130ta\u0259tkar v\u0259kil korpusunun yarad\u0131lmas\u0131na, \u201cqar\u015f\u0131l\u0131ql\u0131 \u0259m\u0259kda\u015fl\u0131q \u015f\u0259raitind\u0259 i\u015fl\u0259y\u0259n problemsiz vahid komandan\u0131n &#8211; \u201cistintaq-v\u0259killik-m\u0259hk\u0259m\u0259 komandas\u0131\u201dn\u0131n yarad\u0131lmas\u0131na xidm\u0259t edir.<\/p>\n","protected":false},"excerpt":{"rendered":"<p>\u00d6t\u0259n ilin dekabr ay\u0131n\u0131n 7-d\u0259 Az\u0259rbaycan Respublikas\u0131 V\u0259kill\u0259r Kollegiyas\u0131 \u00fczvl\u0259rinin Konfrans\u0131 t\u0259r\u0259find\u0259n \u201cV\u0259kill\u0259rin davran\u0131\u015f qaydalar\u0131 haqq\u0131nda\u201d yeni \u018fsasnam\u0259 q\u0259bul edildi<\/p>\n","protected":false},"author":11,"featured_media":100928,"comment_status":"closed","ping_status":"open","sticky":false,"template":"","format":"standard","meta":{"_acf_changed":false,"_sitemap_exclude":false,"_sitemap_priority":"","_sitemap_frequency":"","footnotes":""},"categories":[51],"tags":[],"class_list":["post-189362","post","type-post","status-publish","format-standard","has-post-thumbnail","hentry","category-analitika","infinite-scroll-item","generate-columns","tablet-grid-50","mobile-grid-100","grid-parent","grid-33","no-featured-image-padding"],"acf":[],"yoast_head":"<!-- This site is optimized with the Yoast SEO plugin v27.4 - https:\/\/yoast.com\/product\/yoast-seo-wordpress\/ -->\n<title>V\u0259killiyin yeni \u018fsasnam\u0259si: \u00e7\u0259kindirici effekt v\u0259 ifad\u0259 azadl\u0131\u011f\u0131na qar\u015f\u0131 - MEYDAN.TV<\/title>\n<meta name=\"robots\" content=\"index, follow, max-snippet:-1, max-image-preview:large, max-video-preview:-1\" \/>\n<link rel=\"canonical\" href=\"https:\/\/www.meydan.tv\/az\/article\/vekilliyin-yeni-esasnamesi-cekindirici-effekt-ve-ifade-azadligina-qarsi\/\" \/>\n<meta property=\"og:locale\" content=\"az_AZ\" \/>\n<meta property=\"og:type\" content=\"article\" \/>\n<meta property=\"og:title\" content=\"V\u0259killiyin yeni \u018fsasnam\u0259si: \u00e7\u0259kindirici effekt v\u0259 ifad\u0259 azadl\u0131\u011f\u0131na qar\u015f\u0131 - MEYDAN.TV\" \/>\n<meta property=\"og:description\" content=\"\u00d6t\u0259n ilin dekabr ay\u0131n\u0131n 7-d\u0259 Az\u0259rbaycan Respublikas\u0131 V\u0259kill\u0259r Kollegiyas\u0131 \u00fczvl\u0259rinin Konfrans\u0131 t\u0259r\u0259find\u0259n \u201cV\u0259kill\u0259rin davran\u0131\u015f qaydalar\u0131 haqq\u0131nda\u201d yeni \u018fsasnam\u0259 q\u0259bul edildi\" \/>\n<meta property=\"og:url\" content=\"https:\/\/www.meydan.tv\/az\/article\/vekilliyin-yeni-esasnamesi-cekindirici-effekt-ve-ifade-azadligina-qarsi\/\" \/>\n<meta property=\"og:site_name\" content=\"MEYDAN.TV\" \/>\n<meta property=\"article:published_time\" content=\"2018-04-04T19:52:41+00:00\" \/>\n<meta property=\"og:image\" content=\"https:\/\/www.meydan.tv\/wp-content\/uploads\/39925.jpg\" \/>\n\t<meta property=\"og:image:width\" content=\"1023\" \/>\n\t<meta property=\"og:image:height\" content=\"575\" \/>\n\t<meta property=\"og:image:type\" content=\"image\/jpeg\" \/>\n<meta name=\"author\" content=\"user-manager\" \/>\n<meta name=\"twitter:card\" content=\"summary_large_image\" \/>\n<script type=\"application\/ld+json\" class=\"yoast-schema-graph\">{\"@context\":\"https:\\\/\\\/schema.org\",\"@graph\":[{\"@type\":\"Article\",\"@id\":\"https:\\\/\\\/www.meydan.tv\\\/az\\\/article\\\/vekilliyin-yeni-esasnamesi-cekindirici-effekt-ve-ifade-azadligina-qarsi\\\/#article\",\"isPartOf\":{\"@id\":\"https:\\\/\\\/www.meydan.tv\\\/az\\\/article\\\/vekilliyin-yeni-esasnamesi-cekindirici-effekt-ve-ifade-azadligina-qarsi\\\/\"},\"author\":{\"name\":\"user-manager\",\"@id\":\"https:\\\/\\\/www.meydan.tv\\\/az\\\/#\\\/schema\\\/person\\\/10d11eccf6da3662cf5fdab9806ea91a\"},\"headline\":\"V\u0259killiyin yeni \u018fsasnam\u0259si: \u00e7\u0259kindirici effekt v\u0259 ifad\u0259 azadl\u0131\u011f\u0131na qar\u015f\u0131\",\"datePublished\":\"2018-04-04T19:52:41+00:00\",\"mainEntityOfPage\":{\"@id\":\"https:\\\/\\\/www.meydan.tv\\\/az\\\/article\\\/vekilliyin-yeni-esasnamesi-cekindirici-effekt-ve-ifade-azadligina-qarsi\\\/\"},\"wordCount\":2541,\"publisher\":{\"@id\":\"https:\\\/\\\/www.meydan.tv\\\/az\\\/#organization\"},\"image\":{\"@id\":\"https:\\\/\\\/www.meydan.tv\\\/az\\\/article\\\/vekilliyin-yeni-esasnamesi-cekindirici-effekt-ve-ifade-azadligina-qarsi\\\/#primaryimage\"},\"thumbnailUrl\":\"https:\\\/\\\/www.meydan.tv\\\/wp-content\\\/uploads\\\/39925.jpg\",\"articleSection\":[\"Analitika\"],\"inLanguage\":\"az\"},{\"@type\":\"WebPage\",\"@id\":\"https:\\\/\\\/www.meydan.tv\\\/az\\\/article\\\/vekilliyin-yeni-esasnamesi-cekindirici-effekt-ve-ifade-azadligina-qarsi\\\/\",\"url\":\"https:\\\/\\\/www.meydan.tv\\\/az\\\/article\\\/vekilliyin-yeni-esasnamesi-cekindirici-effekt-ve-ifade-azadligina-qarsi\\\/\",\"name\":\"V\u0259killiyin yeni \u018fsasnam\u0259si: \u00e7\u0259kindirici effekt v\u0259 ifad\u0259 azadl\u0131\u011f\u0131na qar\u015f\u0131 - MEYDAN.TV\",\"isPartOf\":{\"@id\":\"https:\\\/\\\/www.meydan.tv\\\/az\\\/#website\"},\"primaryImageOfPage\":{\"@id\":\"https:\\\/\\\/www.meydan.tv\\\/az\\\/article\\\/vekilliyin-yeni-esasnamesi-cekindirici-effekt-ve-ifade-azadligina-qarsi\\\/#primaryimage\"},\"image\":{\"@id\":\"https:\\\/\\\/www.meydan.tv\\\/az\\\/article\\\/vekilliyin-yeni-esasnamesi-cekindirici-effekt-ve-ifade-azadligina-qarsi\\\/#primaryimage\"},\"thumbnailUrl\":\"https:\\\/\\\/www.meydan.tv\\\/wp-content\\\/uploads\\\/39925.jpg\",\"datePublished\":\"2018-04-04T19:52:41+00:00\",\"breadcrumb\":{\"@id\":\"https:\\\/\\\/www.meydan.tv\\\/az\\\/article\\\/vekilliyin-yeni-esasnamesi-cekindirici-effekt-ve-ifade-azadligina-qarsi\\\/#breadcrumb\"},\"inLanguage\":\"az\",\"potentialAction\":[{\"@type\":\"ReadAction\",\"target\":[\"https:\\\/\\\/www.meydan.tv\\\/az\\\/article\\\/vekilliyin-yeni-esasnamesi-cekindirici-effekt-ve-ifade-azadligina-qarsi\\\/\"]}]},{\"@type\":\"ImageObject\",\"inLanguage\":\"az\",\"@id\":\"https:\\\/\\\/www.meydan.tv\\\/az\\\/article\\\/vekilliyin-yeni-esasnamesi-cekindirici-effekt-ve-ifade-azadligina-qarsi\\\/#primaryimage\",\"url\":\"https:\\\/\\\/www.meydan.tv\\\/wp-content\\\/uploads\\\/39925.jpg\",\"contentUrl\":\"https:\\\/\\\/www.meydan.tv\\\/wp-content\\\/uploads\\\/39925.jpg\",\"width\":1023,\"height\":575,\"caption\":\"Source:\"},{\"@type\":\"BreadcrumbList\",\"@id\":\"https:\\\/\\\/www.meydan.tv\\\/az\\\/article\\\/vekilliyin-yeni-esasnamesi-cekindirici-effekt-ve-ifade-azadligina-qarsi\\\/#breadcrumb\",\"itemListElement\":[{\"@type\":\"ListItem\",\"position\":1,\"name\":\"Ana s\u0259hif\u0259\",\"item\":\"https:\\\/\\\/www.meydan.tv\\\/az\\\/\"},{\"@type\":\"ListItem\",\"position\":2,\"name\":\"Analitika\",\"item\":\"https:\\\/\\\/www.meydan.tv\\\/az\\\/section\\\/analitika\\\/\"},{\"@type\":\"ListItem\",\"position\":3,\"name\":\"V\u0259killiyin yeni \u018fsasnam\u0259si: \u00e7\u0259kindirici effekt v\u0259 ifad\u0259 azadl\u0131\u011f\u0131na qar\u015f\u0131\"}]},{\"@type\":\"WebSite\",\"@id\":\"https:\\\/\\\/www.meydan.tv\\\/az\\\/#website\",\"url\":\"https:\\\/\\\/www.meydan.tv\\\/az\\\/\",\"name\":\"MEYDAN.TV\",\"description\":\"Meydan TV Az\u0259rbaycan\u0131n media m\u0259kan\u0131ndak\u0131 alternativ s\u0259sidir\",\"publisher\":{\"@id\":\"https:\\\/\\\/www.meydan.tv\\\/az\\\/#organization\"},\"potentialAction\":[{\"@type\":\"SearchAction\",\"target\":{\"@type\":\"EntryPoint\",\"urlTemplate\":\"https:\\\/\\\/www.meydan.tv\\\/az\\\/?s={search_term_string}\"},\"query-input\":{\"@type\":\"PropertyValueSpecification\",\"valueRequired\":true,\"valueName\":\"search_term_string\"}}],\"inLanguage\":\"az\"},{\"@type\":\"Organization\",\"@id\":\"https:\\\/\\\/www.meydan.tv\\\/az\\\/#organization\",\"name\":\"Meydan TV\",\"url\":\"https:\\\/\\\/www.meydan.tv\\\/az\\\/\",\"logo\":{\"@type\":\"ImageObject\",\"inLanguage\":\"az\",\"@id\":\"https:\\\/\\\/www.meydan.tv\\\/az\\\/#\\\/schema\\\/logo\\\/image\\\/\",\"url\":\"https:\\\/\\\/www.meydan.tv\\\/wp-content\\\/uploads\\\/2021\\\/07\\\/meydan-logo.svg\",\"contentUrl\":\"https:\\\/\\\/www.meydan.tv\\\/wp-content\\\/uploads\\\/2021\\\/07\\\/meydan-logo.svg\",\"width\":195,\"height\":46,\"caption\":\"Meydan TV\"},\"image\":{\"@id\":\"https:\\\/\\\/www.meydan.tv\\\/az\\\/#\\\/schema\\\/logo\\\/image\\\/\"}},{\"@type\":\"Person\",\"@id\":\"https:\\\/\\\/www.meydan.tv\\\/az\\\/#\\\/schema\\\/person\\\/10d11eccf6da3662cf5fdab9806ea91a\",\"name\":\"user-manager\"}]}<\/script>\n<!-- \/ Yoast SEO plugin. -->","yoast_head_json":{"title":"V\u0259killiyin yeni \u018fsasnam\u0259si: \u00e7\u0259kindirici effekt v\u0259 ifad\u0259 azadl\u0131\u011f\u0131na qar\u015f\u0131 - MEYDAN.TV","robots":{"index":"index","follow":"follow","max-snippet":"max-snippet:-1","max-image-preview":"max-image-preview:large","max-video-preview":"max-video-preview:-1"},"canonical":"https:\/\/www.meydan.tv\/az\/article\/vekilliyin-yeni-esasnamesi-cekindirici-effekt-ve-ifade-azadligina-qarsi\/","og_locale":"az_AZ","og_type":"article","og_title":"V\u0259killiyin yeni \u018fsasnam\u0259si: \u00e7\u0259kindirici effekt v\u0259 ifad\u0259 azadl\u0131\u011f\u0131na qar\u015f\u0131 - MEYDAN.TV","og_description":"\u00d6t\u0259n ilin dekabr ay\u0131n\u0131n 7-d\u0259 Az\u0259rbaycan Respublikas\u0131 V\u0259kill\u0259r Kollegiyas\u0131 \u00fczvl\u0259rinin Konfrans\u0131 t\u0259r\u0259find\u0259n \u201cV\u0259kill\u0259rin davran\u0131\u015f qaydalar\u0131 haqq\u0131nda\u201d yeni \u018fsasnam\u0259 q\u0259bul edildi","og_url":"https:\/\/www.meydan.tv\/az\/article\/vekilliyin-yeni-esasnamesi-cekindirici-effekt-ve-ifade-azadligina-qarsi\/","og_site_name":"MEYDAN.TV","article_published_time":"2018-04-04T19:52:41+00:00","og_image":[{"width":1023,"height":575,"url":"https:\/\/www.meydan.tv\/wp-content\/uploads\/39925.jpg","type":"image\/jpeg"}],"author":"user-manager","twitter_card":"summary_large_image","schema":{"@context":"https:\/\/schema.org","@graph":[{"@type":"Article","@id":"https:\/\/www.meydan.tv\/az\/article\/vekilliyin-yeni-esasnamesi-cekindirici-effekt-ve-ifade-azadligina-qarsi\/#article","isPartOf":{"@id":"https:\/\/www.meydan.tv\/az\/article\/vekilliyin-yeni-esasnamesi-cekindirici-effekt-ve-ifade-azadligina-qarsi\/"},"author":{"name":"user-manager","@id":"https:\/\/www.meydan.tv\/az\/#\/schema\/person\/10d11eccf6da3662cf5fdab9806ea91a"},"headline":"V\u0259killiyin yeni \u018fsasnam\u0259si: \u00e7\u0259kindirici effekt v\u0259 ifad\u0259 azadl\u0131\u011f\u0131na qar\u015f\u0131","datePublished":"2018-04-04T19:52:41+00:00","mainEntityOfPage":{"@id":"https:\/\/www.meydan.tv\/az\/article\/vekilliyin-yeni-esasnamesi-cekindirici-effekt-ve-ifade-azadligina-qarsi\/"},"wordCount":2541,"publisher":{"@id":"https:\/\/www.meydan.tv\/az\/#organization"},"image":{"@id":"https:\/\/www.meydan.tv\/az\/article\/vekilliyin-yeni-esasnamesi-cekindirici-effekt-ve-ifade-azadligina-qarsi\/#primaryimage"},"thumbnailUrl":"https:\/\/www.meydan.tv\/wp-content\/uploads\/39925.jpg","articleSection":["Analitika"],"inLanguage":"az"},{"@type":"WebPage","@id":"https:\/\/www.meydan.tv\/az\/article\/vekilliyin-yeni-esasnamesi-cekindirici-effekt-ve-ifade-azadligina-qarsi\/","url":"https:\/\/www.meydan.tv\/az\/article\/vekilliyin-yeni-esasnamesi-cekindirici-effekt-ve-ifade-azadligina-qarsi\/","name":"V\u0259killiyin yeni \u018fsasnam\u0259si: \u00e7\u0259kindirici effekt v\u0259 ifad\u0259 azadl\u0131\u011f\u0131na qar\u015f\u0131 - MEYDAN.TV","isPartOf":{"@id":"https:\/\/www.meydan.tv\/az\/#website"},"primaryImageOfPage":{"@id":"https:\/\/www.meydan.tv\/az\/article\/vekilliyin-yeni-esasnamesi-cekindirici-effekt-ve-ifade-azadligina-qarsi\/#primaryimage"},"image":{"@id":"https:\/\/www.meydan.tv\/az\/article\/vekilliyin-yeni-esasnamesi-cekindirici-effekt-ve-ifade-azadligina-qarsi\/#primaryimage"},"thumbnailUrl":"https:\/\/www.meydan.tv\/wp-content\/uploads\/39925.jpg","datePublished":"2018-04-04T19:52:41+00:00","breadcrumb":{"@id":"https:\/\/www.meydan.tv\/az\/article\/vekilliyin-yeni-esasnamesi-cekindirici-effekt-ve-ifade-azadligina-qarsi\/#breadcrumb"},"inLanguage":"az","potentialAction":[{"@type":"ReadAction","target":["https:\/\/www.meydan.tv\/az\/article\/vekilliyin-yeni-esasnamesi-cekindirici-effekt-ve-ifade-azadligina-qarsi\/"]}]},{"@type":"ImageObject","inLanguage":"az","@id":"https:\/\/www.meydan.tv\/az\/article\/vekilliyin-yeni-esasnamesi-cekindirici-effekt-ve-ifade-azadligina-qarsi\/#primaryimage","url":"https:\/\/www.meydan.tv\/wp-content\/uploads\/39925.jpg","contentUrl":"https:\/\/www.meydan.tv\/wp-content\/uploads\/39925.jpg","width":1023,"height":575,"caption":"Source:"},{"@type":"BreadcrumbList","@id":"https:\/\/www.meydan.tv\/az\/article\/vekilliyin-yeni-esasnamesi-cekindirici-effekt-ve-ifade-azadligina-qarsi\/#breadcrumb","itemListElement":[{"@type":"ListItem","position":1,"name":"Ana s\u0259hif\u0259","item":"https:\/\/www.meydan.tv\/az\/"},{"@type":"ListItem","position":2,"name":"Analitika","item":"https:\/\/www.meydan.tv\/az\/section\/analitika\/"},{"@type":"ListItem","position":3,"name":"V\u0259killiyin yeni \u018fsasnam\u0259si: \u00e7\u0259kindirici effekt v\u0259 ifad\u0259 azadl\u0131\u011f\u0131na qar\u015f\u0131"}]},{"@type":"WebSite","@id":"https:\/\/www.meydan.tv\/az\/#website","url":"https:\/\/www.meydan.tv\/az\/","name":"MEYDAN.TV","description":"Meydan TV Az\u0259rbaycan\u0131n media m\u0259kan\u0131ndak\u0131 alternativ s\u0259sidir","publisher":{"@id":"https:\/\/www.meydan.tv\/az\/#organization"},"potentialAction":[{"@type":"SearchAction","target":{"@type":"EntryPoint","urlTemplate":"https:\/\/www.meydan.tv\/az\/?s={search_term_string}"},"query-input":{"@type":"PropertyValueSpecification","valueRequired":true,"valueName":"search_term_string"}}],"inLanguage":"az"},{"@type":"Organization","@id":"https:\/\/www.meydan.tv\/az\/#organization","name":"Meydan TV","url":"https:\/\/www.meydan.tv\/az\/","logo":{"@type":"ImageObject","inLanguage":"az","@id":"https:\/\/www.meydan.tv\/az\/#\/schema\/logo\/image\/","url":"https:\/\/www.meydan.tv\/wp-content\/uploads\/2021\/07\/meydan-logo.svg","contentUrl":"https:\/\/www.meydan.tv\/wp-content\/uploads\/2021\/07\/meydan-logo.svg","width":195,"height":46,"caption":"Meydan TV"},"image":{"@id":"https:\/\/www.meydan.tv\/az\/#\/schema\/logo\/image\/"}},{"@type":"Person","@id":"https:\/\/www.meydan.tv\/az\/#\/schema\/person\/10d11eccf6da3662cf5fdab9806ea91a","name":"user-manager"}]}},"_links":{"self":[{"href":"https:\/\/www.meydan.tv\/az\/wp-json\/wp\/v2\/posts\/189362","targetHints":{"allow":["GET"]}}],"collection":[{"href":"https:\/\/www.meydan.tv\/az\/wp-json\/wp\/v2\/posts"}],"about":[{"href":"https:\/\/www.meydan.tv\/az\/wp-json\/wp\/v2\/types\/post"}],"author":[{"embeddable":true,"href":"https:\/\/www.meydan.tv\/az\/wp-json\/wp\/v2\/users\/11"}],"replies":[{"embeddable":true,"href":"https:\/\/www.meydan.tv\/az\/wp-json\/wp\/v2\/comments?post=189362"}],"version-history":[{"count":0,"href":"https:\/\/www.meydan.tv\/az\/wp-json\/wp\/v2\/posts\/189362\/revisions"}],"wp:featuredmedia":[{"embeddable":true,"href":"https:\/\/www.meydan.tv\/az\/wp-json\/wp\/v2\/media\/100928"}],"wp:attachment":[{"href":"https:\/\/www.meydan.tv\/az\/wp-json\/wp\/v2\/media?parent=189362"}],"wp:term":[{"taxonomy":"category","embeddable":true,"href":"https:\/\/www.meydan.tv\/az\/wp-json\/wp\/v2\/categories?post=189362"},{"taxonomy":"post_tag","embeddable":true,"href":"https:\/\/www.meydan.tv\/az\/wp-json\/wp\/v2\/tags?post=189362"}],"curies":[{"name":"wp","href":"https:\/\/api.w.org\/{rel}","templated":true}]}}